{"id":31224,"date":"2022-08-15T17:50:50","date_gmt":"2022-08-15T20:50:50","guid":{"rendered":"https:\/\/newsinfoco.com.br\/inicio\/?p=31224"},"modified":"2022-08-15T17:50:50","modified_gmt":"2022-08-15T20:50:50","slug":"transporte-escolar-ganha-reforco-com-a-aquisicao-de-quatro-novos-onibus-pela-prefeitura-de-alagoinhas","status":"publish","type":"post","link":"https:\/\/newsinfoco.com.br\/inicio\/transporte-escolar-ganha-reforco-com-a-aquisicao-de-quatro-novos-onibus-pela-prefeitura-de-alagoinhas\/","title":{"rendered":"Transporte escolar ganha refor\u00e7o com a aquisi\u00e7\u00e3o de quatro novos \u00f4nibus pela Prefeitura de Alagoinhas"},"content":{"rendered":"<p>J\u00e1 est\u00e3o dispon\u00edveis, no estacionamento da prefeitura, dois dos quatro novos \u00f4nibus rec\u00e9m-adquiridos pela Secretaria Municipal da Educa\u00e7\u00e3o (SEDUC) para refor\u00e7ar o transporte escolar da Rede Municipal de Ensino de Alagoinhas. A aquisi\u00e7\u00e3o foi feita com recursos pr\u00f3prios.<\/p>\n<p>Os ve\u00edculos que ir\u00e3o compor a frota de \u201camarelinhos\u201d s\u00e3o Volkswagen Modelo 15-190, com 59 lugares, ao custo de 317 mil e 900 reais cada. De acordo com o secret\u00e1rio Gustavo Carmo, n\u00e3o houve investimentos de emendas ou recursos do Governo Federal na compra da nova frota. \u201cDos \u00f4nibus que j\u00e1 chegaram ao munic\u00edpio, um ir\u00e1 atender a rota da Pastoral do Menor e o outro ir\u00e1 refor\u00e7ar o transporte dos estudantes com defici\u00eancia. Agora ser\u00e3o dois amarelinhos e um terceirizado prestando este servi\u00e7o\u201d.<\/p>\n<p>As novas aquisi\u00e7\u00f5es tamb\u00e9m ir\u00e3o possibilitar uma nova rota do Transporte Escolar, que ir\u00e1 atender a regi\u00e3o de Nova Bras\u00edlia e o Residencial Alagoinhas, mais conhecidos como FM e Kubo.<\/p>\n<p>Segundo o prefeito Joaquim Neto, \u201co transporte escolar garante o translado dos estudantes \u00e0s escolas da rede p\u00fablica, tranquilizando as fam\u00edlias e possibilitando o acesso de todos \u00e0 Educa\u00e7\u00e3o. Essa \u00e9 mais uma vit\u00f3ria da nossa gest\u00e3o e em breve os dois outros \u00f4nibus tamb\u00e9m j\u00e1 estar\u00e3o circulando para atender as crian\u00e7as e jovens matriculados na nossa rede\u201d.<\/p>\n<div id=\"attachment_59227\" class=\"wp-caption aligncenter\"><a class=\"group1 cboxElement\" href=\"https:\/\/www.alagoinhas.ba.gov.br\/wp-content\/uploads\/2022\/08\/WhatsApp-Image-2022-08-15-at-11.28.15.jpeg\"><img loading=\"lazy\" decoding=\"async\" class=\"wp-image-59227 size-large\" src=\"https:\/\/www.alagoinhas.ba.gov.br\/wp-content\/uploads\/2022\/08\/WhatsApp-Image-2022-08-15-at-11.28.15-1024x682.jpeg\" sizes=\"auto, (max-width: 800px) 100vw, 800px\" srcset=\"https:\/\/www.alagoinhas.ba.gov.br\/wp-content\/uploads\/2022\/08\/WhatsApp-Image-2022-08-15-at-11.28.15-1024x682.jpeg 1024w, https:\/\/www.alagoinhas.ba.gov.br\/wp-content\/uploads\/2022\/08\/WhatsApp-Image-2022-08-15-at-11.28.15-300x200.jpeg 300w, https:\/\/www.alagoinhas.ba.gov.br\/wp-content\/uploads\/2022\/08\/WhatsApp-Image-2022-08-15-at-11.28.15-768x512.jpeg 768w, https:\/\/www.alagoinhas.ba.gov.br\/wp-content\/uploads\/2022\/08\/WhatsApp-Image-2022-08-15-at-11.28.15-126x84.jpeg 126w, https:\/\/www.alagoinhas.ba.gov.br\/wp-content\/uploads\/2022\/08\/WhatsApp-Image-2022-08-15-at-11.28.15.jpeg 1280w\" alt=\"\" width=\"800\" height=\"533\" \/><\/a><\/p>\n<p class=\"wp-caption-text\">Foto: Roberto Fonseca<\/p>\n<\/div>\n<div align=\"right\"><\/div>\n<div class='share-to-whatsapp-wrapper'><div class='share-on-whsp'>Share on: <\/div><a data-text='Transporte escolar ganha refor\u00e7o com a aquisi\u00e7\u00e3o de quatro novos \u00f4nibus pela Prefeitura de Alagoinhas' data-link='https:\/\/newsinfoco.com.br\/inicio\/transporte-escolar-ganha-reforco-com-a-aquisicao-de-quatro-novos-onibus-pela-prefeitura-de-alagoinhas\/' class='whatsapp-button whatsapp-share'>WhatsApp<\/a><div class='clear '><\/div><\/div>","protected":false},"excerpt":{"rendered":"<p>J\u00e1 est\u00e3o dispon\u00edveis, no estacionamento da prefeitura, dois dos quatro novos \u00f4nibus rec\u00e9m-adquiridos pela Secretaria Municipal da Educa\u00e7\u00e3o (SEDUC) para refor\u00e7ar o transporte escolar da Rede Municipal de Ensino de Alagoinhas. A aquisi\u00e7\u00e3o foi feita com recursos pr\u00f3prios. Os ve\u00edculos que ir\u00e3o compor a frota de \u201camarelinhos\u201d s\u00e3o Volkswagen Modelo 15-190, com 59 lugares, ao [&hellip;]<\/p>\n","protected":false},"author":1,"featured_media":31225,"comment_status":"closed","ping_status":"closed","sticky":false,"template":"","format":"standard","meta":{"om_disable_all_campaigns":false,"rop_custom_images_group":[],"rop_custom_messages_group":[],"rop_publish_now":"initial","rop_publish_now_accounts":[],"rop_publish_now_history":[],"rop_publish_now_status":"pending","_exactmetrics_skip_tracking":false,"footnotes":""},"categories":[38,167],"tags":[],"class_list":["post-31224","post","type-post","status-publish","format-standard","has-post-thumbnail","hentry","category-alagoinhas-e-regiao","category-exclusivas"],"aioseo_notices":[],"aioseo_head":"\n\t\t<!-- All in One SEO 4.9.10 - aioseo.com -->\n\t<meta name=\"description\" content=\"J\u00e1 est\u00e3o dispon\u00edveis, no estacionamento da prefeitura, dois dos quatro novos \u00f4nibus rec\u00e9m-adquiridos pela Secretaria Municipal da Educa\u00e7\u00e3o (SEDUC) para refor\u00e7ar o transporte escolar da Rede Municipal de Ensino de Alagoinhas. A aquisi\u00e7\u00e3o foi feita com recursos pr\u00f3prios. Os ve\u00edculos que ir\u00e3o compor a frota de \u201camarelinhos\u201d s\u00e3o Volkswagen Modelo 15-190, com 59 lugares, ao\" \/>\n\t<meta name=\"robots\" content=\"max-image-preview:large\" \/>\n\t<meta name=\"author\" content=\"administrador\"\/>\n\t<link rel=\"canonical\" href=\"https:\/\/newsinfoco.com.br\/inicio\/transporte-escolar-ganha-reforco-com-a-aquisicao-de-quatro-novos-onibus-pela-prefeitura-de-alagoinhas\/\" \/>\n\t<meta name=\"generator\" content=\"All in One SEO (AIOSEO) 4.9.10\" \/>\n\t\t<meta property=\"og:locale\" content=\"pt_BR\" \/>\n\t\t<meta property=\"og:site_name\" content=\"News In Foco - Editado por Caio Pimenta - O principal site de noticias de Alagoinhas e regi\u00e3o\" \/>\n\t\t<meta property=\"og:type\" content=\"article\" \/>\n\t\t<meta property=\"og:title\" content=\"Transporte escolar ganha refor\u00e7o com a aquisi\u00e7\u00e3o de quatro novos \u00f4nibus pela Prefeitura de Alagoinhas - News In Foco - Editado por Caio Pimenta\" \/>\n\t\t<meta property=\"og:description\" content=\"J\u00e1 est\u00e3o dispon\u00edveis, no estacionamento da prefeitura, dois dos quatro novos \u00f4nibus rec\u00e9m-adquiridos pela Secretaria Municipal da Educa\u00e7\u00e3o (SEDUC) para refor\u00e7ar o transporte escolar da Rede Municipal de Ensino de Alagoinhas. A aquisi\u00e7\u00e3o foi feita com recursos pr\u00f3prios. Os ve\u00edculos que ir\u00e3o compor a frota de \u201camarelinhos\u201d s\u00e3o Volkswagen Modelo 15-190, com 59 lugares, ao\" \/>\n\t\t<meta property=\"og:url\" content=\"https:\/\/newsinfoco.com.br\/inicio\/transporte-escolar-ganha-reforco-com-a-aquisicao-de-quatro-novos-onibus-pela-prefeitura-de-alagoinhas\/\" \/>\n\t\t<meta property=\"article:published_time\" content=\"2022-08-15T20:50:50+00:00\" \/>\n\t\t<meta property=\"article:modified_time\" content=\"2022-08-15T20:50:50+00:00\" \/>\n\t\t<meta name=\"twitter:card\" content=\"summary_large_image\" \/>\n\t\t<meta name=\"twitter:title\" content=\"Transporte escolar ganha refor\u00e7o com a aquisi\u00e7\u00e3o de quatro novos \u00f4nibus pela Prefeitura de Alagoinhas - News In Foco - Editado por Caio Pimenta\" \/>\n\t\t<meta name=\"twitter:description\" content=\"J\u00e1 est\u00e3o dispon\u00edveis, no estacionamento da prefeitura, dois dos quatro novos \u00f4nibus rec\u00e9m-adquiridos pela Secretaria Municipal da Educa\u00e7\u00e3o (SEDUC) para refor\u00e7ar o transporte escolar da Rede Municipal de Ensino de Alagoinhas. A aquisi\u00e7\u00e3o foi feita com recursos pr\u00f3prios. Os ve\u00edculos que ir\u00e3o compor a frota de \u201camarelinhos\u201d s\u00e3o Volkswagen Modelo 15-190, com 59 lugares, ao\" \/>\n\t\t<script type=\"application\/ld+json\" class=\"aioseo-schema\">\n\t\t\t{\"@context\":\"https:\\\/\\\/schema.org\",\"@graph\":[{\"@type\":\"BlogPosting\",\"@id\":\"https:\\\/\\\/newsinfoco.com.br\\\/inicio\\\/transporte-escolar-ganha-reforco-com-a-aquisicao-de-quatro-novos-onibus-pela-prefeitura-de-alagoinhas\\\/#blogposting\",\"name\":\"Transporte escolar ganha refor\\u00e7o com a aquisi\\u00e7\\u00e3o de quatro novos \\u00f4nibus pela Prefeitura de Alagoinhas - News In Foco - Editado por Caio Pimenta\",\"headline\":\"Transporte escolar ganha refor\\u00e7o com a aquisi\\u00e7\\u00e3o de quatro novos \\u00f4nibus pela Prefeitura de Alagoinhas\",\"author\":{\"@id\":\"https:\\\/\\\/newsinfoco.com.br\\\/inicio\\\/author\\\/administrador\\\/#author\"},\"publisher\":{\"@id\":\"https:\\\/\\\/newsinfoco.com.br\\\/inicio\\\/#organization\"},\"image\":{\"@type\":\"ImageObject\",\"url\":\"https:\\\/\\\/newsinfoco.com.br\\\/inicio\\\/wp-content\\\/uploads\\\/2022\\\/08\\\/WhatsApp-Image-2022-08-15-at-13.27.11-550x368-1.jpeg\",\"width\":550,\"height\":368},\"datePublished\":\"2022-08-15T17:50:50-03:00\",\"dateModified\":\"2022-08-15T17:50:50-03:00\",\"inLanguage\":\"pt-BR\",\"mainEntityOfPage\":{\"@id\":\"https:\\\/\\\/newsinfoco.com.br\\\/inicio\\\/transporte-escolar-ganha-reforco-com-a-aquisicao-de-quatro-novos-onibus-pela-prefeitura-de-alagoinhas\\\/#webpage\"},\"isPartOf\":{\"@id\":\"https:\\\/\\\/newsinfoco.com.br\\\/inicio\\\/transporte-escolar-ganha-reforco-com-a-aquisicao-de-quatro-novos-onibus-pela-prefeitura-de-alagoinhas\\\/#webpage\"},\"articleSection\":\"Alagoinhas e Regi\\u00e3o, Manchete\"},{\"@type\":\"BreadcrumbList\",\"@id\":\"https:\\\/\\\/newsinfoco.com.br\\\/inicio\\\/transporte-escolar-ganha-reforco-com-a-aquisicao-de-quatro-novos-onibus-pela-prefeitura-de-alagoinhas\\\/#breadcrumblist\",\"itemListElement\":[{\"@type\":\"ListItem\",\"@id\":\"https:\\\/\\\/newsinfoco.com.br\\\/inicio#listItem\",\"position\":1,\"name\":\"In\\u00edcio\",\"item\":\"https:\\\/\\\/newsinfoco.com.br\\\/inicio\",\"nextItem\":{\"@type\":\"ListItem\",\"@id\":\"https:\\\/\\\/newsinfoco.com.br\\\/inicio\\\/category\\\/alagoinhas-e-regiao\\\/#listItem\",\"name\":\"Alagoinhas e Regi\\u00e3o\"}},{\"@type\":\"ListItem\",\"@id\":\"https:\\\/\\\/newsinfoco.com.br\\\/inicio\\\/category\\\/alagoinhas-e-regiao\\\/#listItem\",\"position\":2,\"name\":\"Alagoinhas e Regi\\u00e3o\",\"item\":\"https:\\\/\\\/newsinfoco.com.br\\\/inicio\\\/category\\\/alagoinhas-e-regiao\\\/\",\"nextItem\":{\"@type\":\"ListItem\",\"@id\":\"https:\\\/\\\/newsinfoco.com.br\\\/inicio\\\/transporte-escolar-ganha-reforco-com-a-aquisicao-de-quatro-novos-onibus-pela-prefeitura-de-alagoinhas\\\/#listItem\",\"name\":\"Transporte escolar ganha refor\\u00e7o com a aquisi\\u00e7\\u00e3o de quatro novos \\u00f4nibus pela Prefeitura de Alagoinhas\"},\"previousItem\":{\"@type\":\"ListItem\",\"@id\":\"https:\\\/\\\/newsinfoco.com.br\\\/inicio#listItem\",\"name\":\"In\\u00edcio\"}},{\"@type\":\"ListItem\",\"@id\":\"https:\\\/\\\/newsinfoco.com.br\\\/inicio\\\/transporte-escolar-ganha-reforco-com-a-aquisicao-de-quatro-novos-onibus-pela-prefeitura-de-alagoinhas\\\/#listItem\",\"position\":3,\"name\":\"Transporte escolar ganha refor\\u00e7o com a aquisi\\u00e7\\u00e3o de quatro novos \\u00f4nibus pela Prefeitura de Alagoinhas\",\"previousItem\":{\"@type\":\"ListItem\",\"@id\":\"https:\\\/\\\/newsinfoco.com.br\\\/inicio\\\/category\\\/alagoinhas-e-regiao\\\/#listItem\",\"name\":\"Alagoinhas e Regi\\u00e3o\"}}]},{\"@type\":\"Organization\",\"@id\":\"https:\\\/\\\/newsinfoco.com.br\\\/inicio\\\/#organization\",\"name\":\"News In Foco - Editado por Caio Pimenta\",\"description\":\"O principal site de noticias de Alagoinhas e regi\\u00e3o\",\"url\":\"https:\\\/\\\/newsinfoco.com.br\\\/inicio\\\/\"},{\"@type\":\"Person\",\"@id\":\"https:\\\/\\\/newsinfoco.com.br\\\/inicio\\\/author\\\/administrador\\\/#author\",\"url\":\"https:\\\/\\\/newsinfoco.com.br\\\/inicio\\\/author\\\/administrador\\\/\",\"name\":\"administrador\",\"image\":{\"@type\":\"ImageObject\",\"@id\":\"https:\\\/\\\/newsinfoco.com.br\\\/inicio\\\/transporte-escolar-ganha-reforco-com-a-aquisicao-de-quatro-novos-onibus-pela-prefeitura-de-alagoinhas\\\/#authorImage\",\"url\":\"https:\\\/\\\/secure.gravatar.com\\\/avatar\\\/c17a617433de8c1dc9584bb79aab7563b46f5bb7e1728c9b17d9cc3ce6a08e49?s=96&d=mm&r=g\",\"width\":96,\"height\":96,\"caption\":\"administrador\"}},{\"@type\":\"WebPage\",\"@id\":\"https:\\\/\\\/newsinfoco.com.br\\\/inicio\\\/transporte-escolar-ganha-reforco-com-a-aquisicao-de-quatro-novos-onibus-pela-prefeitura-de-alagoinhas\\\/#webpage\",\"url\":\"https:\\\/\\\/newsinfoco.com.br\\\/inicio\\\/transporte-escolar-ganha-reforco-com-a-aquisicao-de-quatro-novos-onibus-pela-prefeitura-de-alagoinhas\\\/\",\"name\":\"Transporte escolar ganha refor\\u00e7o com a aquisi\\u00e7\\u00e3o de quatro novos \\u00f4nibus pela Prefeitura de Alagoinhas - News In Foco - Editado por Caio Pimenta\",\"description\":\"J\\u00e1 est\\u00e3o dispon\\u00edveis, no estacionamento da prefeitura, dois dos quatro novos \\u00f4nibus rec\\u00e9m-adquiridos pela Secretaria Municipal da Educa\\u00e7\\u00e3o (SEDUC) para refor\\u00e7ar o transporte escolar da Rede Municipal de Ensino de Alagoinhas. A aquisi\\u00e7\\u00e3o foi feita com recursos pr\\u00f3prios. Os ve\\u00edculos que ir\\u00e3o compor a frota de \\u201camarelinhos\\u201d s\\u00e3o Volkswagen Modelo 15-190, com 59 lugares, ao\",\"inLanguage\":\"pt-BR\",\"isPartOf\":{\"@id\":\"https:\\\/\\\/newsinfoco.com.br\\\/inicio\\\/#website\"},\"breadcrumb\":{\"@id\":\"https:\\\/\\\/newsinfoco.com.br\\\/inicio\\\/transporte-escolar-ganha-reforco-com-a-aquisicao-de-quatro-novos-onibus-pela-prefeitura-de-alagoinhas\\\/#breadcrumblist\"},\"author\":{\"@id\":\"https:\\\/\\\/newsinfoco.com.br\\\/inicio\\\/author\\\/administrador\\\/#author\"},\"creator\":{\"@id\":\"https:\\\/\\\/newsinfoco.com.br\\\/inicio\\\/author\\\/administrador\\\/#author\"},\"image\":{\"@type\":\"ImageObject\",\"url\":\"https:\\\/\\\/newsinfoco.com.br\\\/inicio\\\/wp-content\\\/uploads\\\/2022\\\/08\\\/WhatsApp-Image-2022-08-15-at-13.27.11-550x368-1.jpeg\",\"@id\":\"https:\\\/\\\/newsinfoco.com.br\\\/inicio\\\/transporte-escolar-ganha-reforco-com-a-aquisicao-de-quatro-novos-onibus-pela-prefeitura-de-alagoinhas\\\/#mainImage\",\"width\":550,\"height\":368},\"primaryImageOfPage\":{\"@id\":\"https:\\\/\\\/newsinfoco.com.br\\\/inicio\\\/transporte-escolar-ganha-reforco-com-a-aquisicao-de-quatro-novos-onibus-pela-prefeitura-de-alagoinhas\\\/#mainImage\"},\"datePublished\":\"2022-08-15T17:50:50-03:00\",\"dateModified\":\"2022-08-15T17:50:50-03:00\"},{\"@type\":\"WebSite\",\"@id\":\"https:\\\/\\\/newsinfoco.com.br\\\/inicio\\\/#website\",\"url\":\"https:\\\/\\\/newsinfoco.com.br\\\/inicio\\\/\",\"name\":\"News In Foco - Editado por Caio Pimenta\",\"description\":\"O principal site de noticias de Alagoinhas e regi\\u00e3o\",\"inLanguage\":\"pt-BR\",\"publisher\":{\"@id\":\"https:\\\/\\\/newsinfoco.com.br\\\/inicio\\\/#organization\"}}]}\n\t\t<\/script>\n\t\t<!-- All in One SEO -->\n\n","aioseo_head_json":{"title":"Transporte escolar ganha refor\u00e7o com a aquisi\u00e7\u00e3o de quatro novos \u00f4nibus pela Prefeitura de Alagoinhas - News In Foco - Editado por Caio Pimenta","description":"J\u00e1 est\u00e3o dispon\u00edveis, no estacionamento da prefeitura, dois dos quatro novos \u00f4nibus rec\u00e9m-adquiridos pela Secretaria Municipal da Educa\u00e7\u00e3o (SEDUC) para refor\u00e7ar o transporte escolar da Rede Municipal de Ensino de Alagoinhas. A aquisi\u00e7\u00e3o foi feita com recursos pr\u00f3prios. Os ve\u00edculos que ir\u00e3o compor a frota de \u201camarelinhos\u201d s\u00e3o Volkswagen Modelo 15-190, com 59 lugares, ao","canonical_url":"https:\/\/newsinfoco.com.br\/inicio\/transporte-escolar-ganha-reforco-com-a-aquisicao-de-quatro-novos-onibus-pela-prefeitura-de-alagoinhas\/","robots":"max-image-preview:large","keywords":"","webmasterTools":{"miscellaneous":""},"schema":{"@context":"https:\/\/schema.org","@graph":[{"@type":"BlogPosting","@id":"https:\/\/newsinfoco.com.br\/inicio\/transporte-escolar-ganha-reforco-com-a-aquisicao-de-quatro-novos-onibus-pela-prefeitura-de-alagoinhas\/#blogposting","name":"Transporte escolar ganha refor\u00e7o com a aquisi\u00e7\u00e3o de quatro novos \u00f4nibus pela Prefeitura de Alagoinhas - News In Foco - Editado por Caio Pimenta","headline":"Transporte escolar ganha refor\u00e7o com a aquisi\u00e7\u00e3o de quatro novos \u00f4nibus pela Prefeitura de Alagoinhas","author":{"@id":"https:\/\/newsinfoco.com.br\/inicio\/author\/administrador\/#author"},"publisher":{"@id":"https:\/\/newsinfoco.com.br\/inicio\/#organization"},"image":{"@type":"ImageObject","url":"https:\/\/newsinfoco.com.br\/inicio\/wp-content\/uploads\/2022\/08\/WhatsApp-Image-2022-08-15-at-13.27.11-550x368-1.jpeg","width":550,"height":368},"datePublished":"2022-08-15T17:50:50-03:00","dateModified":"2022-08-15T17:50:50-03:00","inLanguage":"pt-BR","mainEntityOfPage":{"@id":"https:\/\/newsinfoco.com.br\/inicio\/transporte-escolar-ganha-reforco-com-a-aquisicao-de-quatro-novos-onibus-pela-prefeitura-de-alagoinhas\/#webpage"},"isPartOf":{"@id":"https:\/\/newsinfoco.com.br\/inicio\/transporte-escolar-ganha-reforco-com-a-aquisicao-de-quatro-novos-onibus-pela-prefeitura-de-alagoinhas\/#webpage"},"articleSection":"Alagoinhas e Regi\u00e3o, Manchete"},{"@type":"BreadcrumbList","@id":"https:\/\/newsinfoco.com.br\/inicio\/transporte-escolar-ganha-reforco-com-a-aquisicao-de-quatro-novos-onibus-pela-prefeitura-de-alagoinhas\/#breadcrumblist","itemListElement":[{"@type":"ListItem","@id":"https:\/\/newsinfoco.com.br\/inicio#listItem","position":1,"name":"In\u00edcio","item":"https:\/\/newsinfoco.com.br\/inicio","nextItem":{"@type":"ListItem","@id":"https:\/\/newsinfoco.com.br\/inicio\/category\/alagoinhas-e-regiao\/#listItem","name":"Alagoinhas e Regi\u00e3o"}},{"@type":"ListItem","@id":"https:\/\/newsinfoco.com.br\/inicio\/category\/alagoinhas-e-regiao\/#listItem","position":2,"name":"Alagoinhas e Regi\u00e3o","item":"https:\/\/newsinfoco.com.br\/inicio\/category\/alagoinhas-e-regiao\/","nextItem":{"@type":"ListItem","@id":"https:\/\/newsinfoco.com.br\/inicio\/transporte-escolar-ganha-reforco-com-a-aquisicao-de-quatro-novos-onibus-pela-prefeitura-de-alagoinhas\/#listItem","name":"Transporte escolar ganha refor\u00e7o com a aquisi\u00e7\u00e3o de quatro novos \u00f4nibus pela Prefeitura de Alagoinhas"},"previousItem":{"@type":"ListItem","@id":"https:\/\/newsinfoco.com.br\/inicio#listItem","name":"In\u00edcio"}},{"@type":"ListItem","@id":"https:\/\/newsinfoco.com.br\/inicio\/transporte-escolar-ganha-reforco-com-a-aquisicao-de-quatro-novos-onibus-pela-prefeitura-de-alagoinhas\/#listItem","position":3,"name":"Transporte escolar ganha refor\u00e7o com a aquisi\u00e7\u00e3o de quatro novos \u00f4nibus pela Prefeitura de Alagoinhas","previousItem":{"@type":"ListItem","@id":"https:\/\/newsinfoco.com.br\/inicio\/category\/alagoinhas-e-regiao\/#listItem","name":"Alagoinhas e Regi\u00e3o"}}]},{"@type":"Organization","@id":"https:\/\/newsinfoco.com.br\/inicio\/#organization","name":"News In Foco - Editado por Caio Pimenta","description":"O principal site de noticias de Alagoinhas e regi\u00e3o","url":"https:\/\/newsinfoco.com.br\/inicio\/"},{"@type":"Person","@id":"https:\/\/newsinfoco.com.br\/inicio\/author\/administrador\/#author","url":"https:\/\/newsinfoco.com.br\/inicio\/author\/administrador\/","name":"administrador","image":{"@type":"ImageObject","@id":"https:\/\/newsinfoco.com.br\/inicio\/transporte-escolar-ganha-reforco-com-a-aquisicao-de-quatro-novos-onibus-pela-prefeitura-de-alagoinhas\/#authorImage","url":"https:\/\/secure.gravatar.com\/avatar\/c17a617433de8c1dc9584bb79aab7563b46f5bb7e1728c9b17d9cc3ce6a08e49?s=96&d=mm&r=g","width":96,"height":96,"caption":"administrador"}},{"@type":"WebPage","@id":"https:\/\/newsinfoco.com.br\/inicio\/transporte-escolar-ganha-reforco-com-a-aquisicao-de-quatro-novos-onibus-pela-prefeitura-de-alagoinhas\/#webpage","url":"https:\/\/newsinfoco.com.br\/inicio\/transporte-escolar-ganha-reforco-com-a-aquisicao-de-quatro-novos-onibus-pela-prefeitura-de-alagoinhas\/","name":"Transporte escolar ganha refor\u00e7o com a aquisi\u00e7\u00e3o de quatro novos \u00f4nibus pela Prefeitura de Alagoinhas - News In Foco - Editado por Caio Pimenta","description":"J\u00e1 est\u00e3o dispon\u00edveis, no estacionamento da prefeitura, dois dos quatro novos \u00f4nibus rec\u00e9m-adquiridos pela Secretaria Municipal da Educa\u00e7\u00e3o (SEDUC) para refor\u00e7ar o transporte escolar da Rede Municipal de Ensino de Alagoinhas. A aquisi\u00e7\u00e3o foi feita com recursos pr\u00f3prios. Os ve\u00edculos que ir\u00e3o compor a frota de \u201camarelinhos\u201d s\u00e3o Volkswagen Modelo 15-190, com 59 lugares, ao","inLanguage":"pt-BR","isPartOf":{"@id":"https:\/\/newsinfoco.com.br\/inicio\/#website"},"breadcrumb":{"@id":"https:\/\/newsinfoco.com.br\/inicio\/transporte-escolar-ganha-reforco-com-a-aquisicao-de-quatro-novos-onibus-pela-prefeitura-de-alagoinhas\/#breadcrumblist"},"author":{"@id":"https:\/\/newsinfoco.com.br\/inicio\/author\/administrador\/#author"},"creator":{"@id":"https:\/\/newsinfoco.com.br\/inicio\/author\/administrador\/#author"},"image":{"@type":"ImageObject","url":"https:\/\/newsinfoco.com.br\/inicio\/wp-content\/uploads\/2022\/08\/WhatsApp-Image-2022-08-15-at-13.27.11-550x368-1.jpeg","@id":"https:\/\/newsinfoco.com.br\/inicio\/transporte-escolar-ganha-reforco-com-a-aquisicao-de-quatro-novos-onibus-pela-prefeitura-de-alagoinhas\/#mainImage","width":550,"height":368},"primaryImageOfPage":{"@id":"https:\/\/newsinfoco.com.br\/inicio\/transporte-escolar-ganha-reforco-com-a-aquisicao-de-quatro-novos-onibus-pela-prefeitura-de-alagoinhas\/#mainImage"},"datePublished":"2022-08-15T17:50:50-03:00","dateModified":"2022-08-15T17:50:50-03:00"},{"@type":"WebSite","@id":"https:\/\/newsinfoco.com.br\/inicio\/#website","url":"https:\/\/newsinfoco.com.br\/inicio\/","name":"News In Foco - Editado por Caio Pimenta","description":"O principal site de noticias de Alagoinhas e regi\u00e3o","inLanguage":"pt-BR","publisher":{"@id":"https:\/\/newsinfoco.com.br\/inicio\/#organization"}}]},"og:locale":"pt_BR","og:site_name":"News In Foco - Editado por Caio Pimenta - O principal site de noticias de Alagoinhas e regi\u00e3o","og:type":"article","og:title":"Transporte escolar ganha refor\u00e7o com a aquisi\u00e7\u00e3o de quatro novos \u00f4nibus pela Prefeitura de Alagoinhas - News In Foco - Editado por Caio Pimenta","og:description":"J\u00e1 est\u00e3o dispon\u00edveis, no estacionamento da prefeitura, dois dos quatro novos \u00f4nibus rec\u00e9m-adquiridos pela Secretaria Municipal da Educa\u00e7\u00e3o (SEDUC) para refor\u00e7ar o transporte escolar da Rede Municipal de Ensino de Alagoinhas. A aquisi\u00e7\u00e3o foi feita com recursos pr\u00f3prios. Os ve\u00edculos que ir\u00e3o compor a frota de \u201camarelinhos\u201d s\u00e3o Volkswagen Modelo 15-190, com 59 lugares, ao","og:url":"https:\/\/newsinfoco.com.br\/inicio\/transporte-escolar-ganha-reforco-com-a-aquisicao-de-quatro-novos-onibus-pela-prefeitura-de-alagoinhas\/","article:published_time":"2022-08-15T20:50:50+00:00","article:modified_time":"2022-08-15T20:50:50+00:00","twitter:card":"summary_large_image","twitter:title":"Transporte escolar ganha refor\u00e7o com a aquisi\u00e7\u00e3o de quatro novos \u00f4nibus pela Prefeitura de Alagoinhas - News In Foco - Editado por Caio Pimenta","twitter:description":"J\u00e1 est\u00e3o dispon\u00edveis, no estacionamento da prefeitura, dois dos quatro novos \u00f4nibus rec\u00e9m-adquiridos pela Secretaria Municipal da Educa\u00e7\u00e3o (SEDUC) para refor\u00e7ar o transporte escolar da Rede Municipal de Ensino de Alagoinhas. A aquisi\u00e7\u00e3o foi feita com recursos pr\u00f3prios. Os ve\u00edculos que ir\u00e3o compor a frota de \u201camarelinhos\u201d s\u00e3o Volkswagen Modelo 15-190, com 59 lugares, ao"},"aioseo_meta_data":{"post_id":"31224","title":null,"description":null,"keywords":null,"keyphrases":null,"primary_term":null,"canonical_url":null,"og_title":null,"og_description":null,"og_object_type":"default","og_image_type":"default","og_image_url":null,"og_image_width":null,"og_image_height":null,"og_image_custom_url":null,"og_image_custom_fields":null,"og_video":null,"og_custom_url":null,"og_article_section":null,"og_article_tags":null,"twitter_use_og":false,"twitter_card":"default","twitter_image_type":"default","twitter_image_url":null,"twitter_image_custom_url":null,"twitter_image_custom_fields":null,"twitter_title":null,"twitter_description":null,"schema":{"blockGraphs":[],"customGraphs":[],"default":{"data":{"Article":[],"Course":[],"Dataset":[],"FAQPage":[],"Movie":[],"Person":[],"Product":[],"ProductReview":[],"Car":[],"Recipe":[],"Service":[],"SoftwareApplication":[],"WebPage":[]},"graphName":"","isEnabled":true},"graphs":[]},"schema_type":"default","schema_type_options":null,"pillar_content":false,"robots_default":true,"robots_noindex":false,"robots_noarchive":false,"robots_nosnippet":false,"robots_nofollow":false,"robots_noimageindex":false,"robots_noodp":false,"robots_notranslate":false,"robots_max_snippet":null,"robots_max_videopreview":null,"robots_max_imagepreview":"large","priority":null,"frequency":null,"local_seo":null,"breadcrumb_settings":null,"limit_modified_date":false,"ai":null,"created":"2023-06-12 22:00:45","updated":"2025-07-11 08:15:03","seo_analyzer_scan_date":null},"aioseo_breadcrumb":"<div class=\"aioseo-breadcrumbs\"><span class=\"aioseo-breadcrumb\">\n\t\t\t<a href=\"https:\/\/newsinfoco.com.br\/inicio\" title=\"In\u00edcio\">In\u00edcio<\/a>\n\t\t<\/span><span class=\"aioseo-breadcrumb-separator\">&raquo;<\/span><span class=\"aioseo-breadcrumb\">\n\t\t\t<a href=\"https:\/\/newsinfoco.com.br\/inicio\/category\/alagoinhas-e-regiao\/\" title=\"Alagoinhas e Regi\u00e3o\">Alagoinhas e Regi\u00e3o<\/a>\n\t\t<\/span><span class=\"aioseo-breadcrumb-separator\">&raquo;<\/span><span class=\"aioseo-breadcrumb\">\n\t\t\tTransporte escolar ganha refor\u00e7o com a aquisi\u00e7\u00e3o de quatro novos \u00f4nibus pela Prefeitura de Alagoinhas\n\t\t<\/span><\/div>","aioseo_breadcrumb_json":[{"label":"In\u00edcio","link":"https:\/\/newsinfoco.com.br\/inicio"},{"label":"Alagoinhas e Regi\u00e3o","link":"https:\/\/newsinfoco.com.br\/inicio\/category\/alagoinhas-e-regiao\/"},{"label":"Transporte escolar ganha refor\u00e7o com a aquisi\u00e7\u00e3o de quatro novos \u00f4nibus pela Prefeitura de Alagoinhas","link":"https:\/\/newsinfoco.com.br\/inicio\/transporte-escolar-ganha-reforco-com-a-aquisicao-de-quatro-novos-onibus-pela-prefeitura-de-alagoinhas\/"}],"_links":{"self":[{"href":"https:\/\/newsinfoco.com.br\/inicio\/wp-json\/wp\/v2\/posts\/31224","targetHints":{"allow":["GET"]}}],"collection":[{"href":"https:\/\/newsinfoco.com.br\/inicio\/wp-json\/wp\/v2\/posts"}],"about":[{"href":"https:\/\/newsinfoco.com.br\/inicio\/wp-json\/wp\/v2\/types\/post"}],"author":[{"embeddable":true,"href":"https:\/\/newsinfoco.com.br\/inicio\/wp-json\/wp\/v2\/users\/1"}],"replies":[{"embeddable":true,"href":"https:\/\/newsinfoco.com.br\/inicio\/wp-json\/wp\/v2\/comments?post=31224"}],"version-history":[{"count":1,"href":"https:\/\/newsinfoco.com.br\/inicio\/wp-json\/wp\/v2\/posts\/31224\/revisions"}],"predecessor-version":[{"id":31226,"href":"https:\/\/newsinfoco.com.br\/inicio\/wp-json\/wp\/v2\/posts\/31224\/revisions\/31226"}],"wp:featuredmedia":[{"embeddable":true,"href":"https:\/\/newsinfoco.com.br\/inicio\/wp-json\/wp\/v2\/media\/31225"}],"wp:attachment":[{"href":"https:\/\/newsinfoco.com.br\/inicio\/wp-json\/wp\/v2\/media?parent=31224"}],"wp:term":[{"taxonomy":"category","embeddable":true,"href":"https:\/\/newsinfoco.com.br\/inicio\/wp-json\/wp\/v2\/categories?post=31224"},{"taxonomy":"post_tag","embeddable":true,"href":"https:\/\/newsinfoco.com.br\/inicio\/wp-json\/wp\/v2\/tags?post=31224"}],"curies":[{"name":"wp","href":"https:\/\/api.w.org\/{rel}","templated":true}]}}