{"id":31233,"date":"2022-08-16T11:41:18","date_gmt":"2022-08-16T14:41:18","guid":{"rendered":"https:\/\/newsinfoco.com.br\/inicio\/?p=31233"},"modified":"2022-08-16T11:42:10","modified_gmt":"2022-08-16T14:42:10","slug":"audiencia-publica-discutira-regularizacao-fundiaria-em-alagoinhas","status":"publish","type":"post","link":"https:\/\/newsinfoco.com.br\/inicio\/audiencia-publica-discutira-regularizacao-fundiaria-em-alagoinhas\/","title":{"rendered":"Audi\u00eancia P\u00fablica discutir\u00e1 regulariza\u00e7\u00e3o fundi\u00e1ria em Alagoinhas"},"content":{"rendered":"<p>Amanh\u00e3, quarta-feira(17), \u00e0s 9h, acontecer\u00e1 na C\u00e2mara de Vereadores de Alagoinhas, a Audi\u00eancia P\u00fablica que discutir\u00e1 a Regulariza\u00e7\u00e3o Fundi\u00e1ria urbana e rural no munic\u00edpio de Alagoinhas.<\/p>\n<p>Solicitada pelo vereador do PT, Thor de Ninha, o objetivo do encontro \u00e9 informar e orientar a popula\u00e7\u00e3o acerca dos tr\u00e2mites necess\u00e1rios para o acesso \u00e0s escrituras p\u00fablicas, t\u00edtulos de terra, principalmente ap\u00f3s a implementa\u00e7\u00e3o do programa de Regulariza\u00e7\u00e3o Fundi\u00e1ria Urbana (<em>REURB<\/em>) no munic\u00edpio realizada pela prefeitura.<\/p>\n<p>Conduzida com o apoio da procuradoria municipal(PROJU), o REURB Alagoinhas, j\u00e1 est\u00e1 finalizando o processo de escritura\u00e7\u00e3o de im\u00f3veis de cerca de 53 fam\u00edlias residentes na Avenida Leste.<\/p>\n<p>Na \u00faltima sexta-feira(12), a prefeitura de Alagoinhas protocolou, no Cart\u00f3rio 2\u00ba Of\u00edcio de Registro de Im\u00f3veis, a Certid\u00e3o de Regulariza\u00e7\u00e3o Fundi\u00e1ria desses im\u00f3veis, concluindo, assim, a \u00faltima etapa de responsabilidade da gest\u00e3o municipal, para a entrega das escrituras \u00e0s fam\u00edlias contempladas. Comunidade centen\u00e1ria, com forma\u00e7\u00e3o ligada \u00e0 hist\u00f3ria do transporte ferrovi\u00e1rio na cidade, a escolha da Avenida da Leste como a primeira de Alagoinhas a receber as a\u00e7\u00f5es da REURB se deu pelo fato da \u00e1rea estar inserida em terreno de propriedade da Prefeitura, e da gest\u00e3o j\u00e1 possuir grande parte das informa\u00e7\u00f5es necess\u00e1rias sobre a infraestrutura do localidade.<\/p>\n<p>Regulamentada pela \u00a0Lei Federal 13.465\/2017, a REURB \u00e9 um conjunto de procedimentos administrativos que visam a emiss\u00e3o de t\u00edtulos definitivos, para concretizar a propriedade em \u00e1reas urbanas ocupadas irregularmente. O t\u00edtulo melhora a qualidade de vida do morador, pois garante seguran\u00e7a jur\u00eddica, possibilita deixar para herdeiros, valoriza de imediato o im\u00f3vel, no caso de uma venda, e d\u00e1 a ele a oportunidade de obter o financiamento habitacional e oferecer o im\u00f3vel como garantia.<\/p>\n<p>A Prefeitura trabalha com duas formas de regulariza\u00e7\u00e3o: a de Interesse Social (Reurb-S), voltada para terrenos ocupados por fam\u00edlias com renda familiar de at\u00e9 tr\u00eas sal\u00e1rios m\u00ednimos, e cujos custos dos procedimentos s\u00e3o de recursos do munic\u00edpio, e a de Interesse Espec\u00edfico (Reurb-E), para as fam\u00edlias que ultrapassam a renda de tr\u00eas sal\u00e1rios m\u00ednimos. Com este processo, os custos s\u00e3o de responsabilidade do morador.<\/p>\n<p>As a\u00e7\u00f5es da REURB na cidade s\u00e3o executadas pela Procuradoria \u2013 Geral do Munic\u00edpio (PROJU), com frentes de trabalho organizadas junto \u00e0s secretarias municipais de Infraestrutura (SECIN), e Fazenda (SEFAZ) e suporte jur\u00eddico fornecido por meio de um\u00a0conv\u00eanio firmado com a Corregedoria do Tribunal de Justi\u00e7a da Bahia (TJ- BA).<\/p>\n<p>Por Caio Pimenta para o News Infoco<\/p>\n<div class='share-to-whatsapp-wrapper'><div class='share-on-whsp'>Share on: <\/div><a data-text='Audi\u00eancia P\u00fablica discutir\u00e1 regulariza\u00e7\u00e3o fundi\u00e1ria em Alagoinhas' data-link='https:\/\/newsinfoco.com.br\/inicio\/audiencia-publica-discutira-regularizacao-fundiaria-em-alagoinhas\/' class='whatsapp-button whatsapp-share'>WhatsApp<\/a><div class='clear '><\/div><\/div>","protected":false},"excerpt":{"rendered":"<p>Amanh\u00e3, quarta-feira(17), \u00e0s 9h, acontecer\u00e1 na C\u00e2mara de Vereadores de Alagoinhas, a Audi\u00eancia P\u00fablica que discutir\u00e1 a Regulariza\u00e7\u00e3o Fundi\u00e1ria urbana e rural no munic\u00edpio de Alagoinhas. Solicitada pelo vereador do PT, Thor de Ninha, o objetivo do encontro \u00e9 informar e orientar a popula\u00e7\u00e3o acerca dos tr\u00e2mites necess\u00e1rios para o acesso \u00e0s escrituras p\u00fablicas, t\u00edtulos [&hellip;]<\/p>\n","protected":false},"author":1,"featured_media":31234,"comment_status":"closed","ping_status":"closed","sticky":false,"template":"","format":"standard","meta":{"om_disable_all_campaigns":false,"rop_custom_images_group":[],"rop_custom_messages_group":[],"rop_publish_now":"initial","rop_publish_now_accounts":[],"rop_publish_now_history":[],"rop_publish_now_status":"pending","_exactmetrics_skip_tracking":false,"footnotes":""},"categories":[38,167],"tags":[],"class_list":["post-31233","post","type-post","status-publish","format-standard","has-post-thumbnail","hentry","category-alagoinhas-e-regiao","category-exclusivas"],"aioseo_notices":[],"aioseo_head":"\n\t\t<!-- All in One SEO 4.9.10 - aioseo.com -->\n\t<meta name=\"description\" content=\"Amanh\u00e3, quarta-feira(17), \u00e0s 9h, acontecer\u00e1 na C\u00e2mara de Vereadores de Alagoinhas, a Audi\u00eancia P\u00fablica que discutir\u00e1 a Regulariza\u00e7\u00e3o Fundi\u00e1ria urbana e rural no munic\u00edpio de Alagoinhas. Solicitada pelo vereador do PT, Thor de Ninha, o objetivo do encontro \u00e9 informar e orientar a popula\u00e7\u00e3o acerca dos tr\u00e2mites necess\u00e1rios para o acesso \u00e0s escrituras p\u00fablicas, t\u00edtulos\" \/>\n\t<meta name=\"robots\" content=\"max-image-preview:large\" \/>\n\t<meta name=\"author\" content=\"administrador\"\/>\n\t<link rel=\"canonical\" href=\"https:\/\/newsinfoco.com.br\/inicio\/audiencia-publica-discutira-regularizacao-fundiaria-em-alagoinhas\/\" \/>\n\t<meta name=\"generator\" content=\"All in One SEO (AIOSEO) 4.9.10\" \/>\n\t\t<meta property=\"og:locale\" content=\"pt_BR\" \/>\n\t\t<meta property=\"og:site_name\" content=\"News In Foco - Editado por Caio Pimenta - O principal site de noticias de Alagoinhas e regi\u00e3o\" \/>\n\t\t<meta property=\"og:type\" content=\"article\" \/>\n\t\t<meta property=\"og:title\" content=\"Audi\u00eancia P\u00fablica discutir\u00e1 regulariza\u00e7\u00e3o fundi\u00e1ria em Alagoinhas - News In Foco - Editado por Caio Pimenta\" \/>\n\t\t<meta property=\"og:description\" content=\"Amanh\u00e3, quarta-feira(17), \u00e0s 9h, acontecer\u00e1 na C\u00e2mara de Vereadores de Alagoinhas, a Audi\u00eancia P\u00fablica que discutir\u00e1 a Regulariza\u00e7\u00e3o Fundi\u00e1ria urbana e rural no munic\u00edpio de Alagoinhas. Solicitada pelo vereador do PT, Thor de Ninha, o objetivo do encontro \u00e9 informar e orientar a popula\u00e7\u00e3o acerca dos tr\u00e2mites necess\u00e1rios para o acesso \u00e0s escrituras p\u00fablicas, t\u00edtulos\" \/>\n\t\t<meta property=\"og:url\" content=\"https:\/\/newsinfoco.com.br\/inicio\/audiencia-publica-discutira-regularizacao-fundiaria-em-alagoinhas\/\" \/>\n\t\t<meta property=\"article:published_time\" content=\"2022-08-16T14:41:18+00:00\" \/>\n\t\t<meta property=\"article:modified_time\" content=\"2022-08-16T14:42:10+00:00\" \/>\n\t\t<meta name=\"twitter:card\" content=\"summary_large_image\" \/>\n\t\t<meta name=\"twitter:title\" content=\"Audi\u00eancia P\u00fablica discutir\u00e1 regulariza\u00e7\u00e3o fundi\u00e1ria em Alagoinhas - News In Foco - Editado por Caio Pimenta\" \/>\n\t\t<meta name=\"twitter:description\" content=\"Amanh\u00e3, quarta-feira(17), \u00e0s 9h, acontecer\u00e1 na C\u00e2mara de Vereadores de Alagoinhas, a Audi\u00eancia P\u00fablica que discutir\u00e1 a Regulariza\u00e7\u00e3o Fundi\u00e1ria urbana e rural no munic\u00edpio de Alagoinhas. Solicitada pelo vereador do PT, Thor de Ninha, o objetivo do encontro \u00e9 informar e orientar a popula\u00e7\u00e3o acerca dos tr\u00e2mites necess\u00e1rios para o acesso \u00e0s escrituras p\u00fablicas, t\u00edtulos\" \/>\n\t\t<script type=\"application\/ld+json\" class=\"aioseo-schema\">\n\t\t\t{\"@context\":\"https:\\\/\\\/schema.org\",\"@graph\":[{\"@type\":\"BlogPosting\",\"@id\":\"https:\\\/\\\/newsinfoco.com.br\\\/inicio\\\/audiencia-publica-discutira-regularizacao-fundiaria-em-alagoinhas\\\/#blogposting\",\"name\":\"Audi\\u00eancia P\\u00fablica discutir\\u00e1 regulariza\\u00e7\\u00e3o fundi\\u00e1ria em Alagoinhas - News In Foco - Editado por Caio Pimenta\",\"headline\":\"Audi\\u00eancia P\\u00fablica discutir\\u00e1 regulariza\\u00e7\\u00e3o fundi\\u00e1ria em Alagoinhas\",\"author\":{\"@id\":\"https:\\\/\\\/newsinfoco.com.br\\\/inicio\\\/author\\\/administrador\\\/#author\"},\"publisher\":{\"@id\":\"https:\\\/\\\/newsinfoco.com.br\\\/inicio\\\/#organization\"},\"image\":{\"@type\":\"ImageObject\",\"url\":\"https:\\\/\\\/newsinfoco.com.br\\\/inicio\\\/wp-content\\\/uploads\\\/2022\\\/08\\\/reurb-e.jpg\",\"width\":650,\"height\":450},\"datePublished\":\"2022-08-16T11:41:18-03:00\",\"dateModified\":\"2022-08-16T11:42:10-03:00\",\"inLanguage\":\"pt-BR\",\"mainEntityOfPage\":{\"@id\":\"https:\\\/\\\/newsinfoco.com.br\\\/inicio\\\/audiencia-publica-discutira-regularizacao-fundiaria-em-alagoinhas\\\/#webpage\"},\"isPartOf\":{\"@id\":\"https:\\\/\\\/newsinfoco.com.br\\\/inicio\\\/audiencia-publica-discutira-regularizacao-fundiaria-em-alagoinhas\\\/#webpage\"},\"articleSection\":\"Alagoinhas e Regi\\u00e3o, Manchete\"},{\"@type\":\"BreadcrumbList\",\"@id\":\"https:\\\/\\\/newsinfoco.com.br\\\/inicio\\\/audiencia-publica-discutira-regularizacao-fundiaria-em-alagoinhas\\\/#breadcrumblist\",\"itemListElement\":[{\"@type\":\"ListItem\",\"@id\":\"https:\\\/\\\/newsinfoco.com.br\\\/inicio#listItem\",\"position\":1,\"name\":\"In\\u00edcio\",\"item\":\"https:\\\/\\\/newsinfoco.com.br\\\/inicio\",\"nextItem\":{\"@type\":\"ListItem\",\"@id\":\"https:\\\/\\\/newsinfoco.com.br\\\/inicio\\\/category\\\/alagoinhas-e-regiao\\\/#listItem\",\"name\":\"Alagoinhas e Regi\\u00e3o\"}},{\"@type\":\"ListItem\",\"@id\":\"https:\\\/\\\/newsinfoco.com.br\\\/inicio\\\/category\\\/alagoinhas-e-regiao\\\/#listItem\",\"position\":2,\"name\":\"Alagoinhas e Regi\\u00e3o\",\"item\":\"https:\\\/\\\/newsinfoco.com.br\\\/inicio\\\/category\\\/alagoinhas-e-regiao\\\/\",\"nextItem\":{\"@type\":\"ListItem\",\"@id\":\"https:\\\/\\\/newsinfoco.com.br\\\/inicio\\\/audiencia-publica-discutira-regularizacao-fundiaria-em-alagoinhas\\\/#listItem\",\"name\":\"Audi\\u00eancia P\\u00fablica discutir\\u00e1 regulariza\\u00e7\\u00e3o fundi\\u00e1ria em Alagoinhas\"},\"previousItem\":{\"@type\":\"ListItem\",\"@id\":\"https:\\\/\\\/newsinfoco.com.br\\\/inicio#listItem\",\"name\":\"In\\u00edcio\"}},{\"@type\":\"ListItem\",\"@id\":\"https:\\\/\\\/newsinfoco.com.br\\\/inicio\\\/audiencia-publica-discutira-regularizacao-fundiaria-em-alagoinhas\\\/#listItem\",\"position\":3,\"name\":\"Audi\\u00eancia P\\u00fablica discutir\\u00e1 regulariza\\u00e7\\u00e3o fundi\\u00e1ria em Alagoinhas\",\"previousItem\":{\"@type\":\"ListItem\",\"@id\":\"https:\\\/\\\/newsinfoco.com.br\\\/inicio\\\/category\\\/alagoinhas-e-regiao\\\/#listItem\",\"name\":\"Alagoinhas e Regi\\u00e3o\"}}]},{\"@type\":\"Organization\",\"@id\":\"https:\\\/\\\/newsinfoco.com.br\\\/inicio\\\/#organization\",\"name\":\"News In Foco - Editado por Caio Pimenta\",\"description\":\"O principal site de noticias de Alagoinhas e regi\\u00e3o\",\"url\":\"https:\\\/\\\/newsinfoco.com.br\\\/inicio\\\/\"},{\"@type\":\"Person\",\"@id\":\"https:\\\/\\\/newsinfoco.com.br\\\/inicio\\\/author\\\/administrador\\\/#author\",\"url\":\"https:\\\/\\\/newsinfoco.com.br\\\/inicio\\\/author\\\/administrador\\\/\",\"name\":\"administrador\",\"image\":{\"@type\":\"ImageObject\",\"@id\":\"https:\\\/\\\/newsinfoco.com.br\\\/inicio\\\/audiencia-publica-discutira-regularizacao-fundiaria-em-alagoinhas\\\/#authorImage\",\"url\":\"https:\\\/\\\/secure.gravatar.com\\\/avatar\\\/c17a617433de8c1dc9584bb79aab7563b46f5bb7e1728c9b17d9cc3ce6a08e49?s=96&d=mm&r=g\",\"width\":96,\"height\":96,\"caption\":\"administrador\"}},{\"@type\":\"WebPage\",\"@id\":\"https:\\\/\\\/newsinfoco.com.br\\\/inicio\\\/audiencia-publica-discutira-regularizacao-fundiaria-em-alagoinhas\\\/#webpage\",\"url\":\"https:\\\/\\\/newsinfoco.com.br\\\/inicio\\\/audiencia-publica-discutira-regularizacao-fundiaria-em-alagoinhas\\\/\",\"name\":\"Audi\\u00eancia P\\u00fablica discutir\\u00e1 regulariza\\u00e7\\u00e3o fundi\\u00e1ria em Alagoinhas - News In Foco - Editado por Caio Pimenta\",\"description\":\"Amanh\\u00e3, quarta-feira(17), \\u00e0s 9h, acontecer\\u00e1 na C\\u00e2mara de Vereadores de Alagoinhas, a Audi\\u00eancia P\\u00fablica que discutir\\u00e1 a Regulariza\\u00e7\\u00e3o Fundi\\u00e1ria urbana e rural no munic\\u00edpio de Alagoinhas. Solicitada pelo vereador do PT, Thor de Ninha, o objetivo do encontro \\u00e9 informar e orientar a popula\\u00e7\\u00e3o acerca dos tr\\u00e2mites necess\\u00e1rios para o acesso \\u00e0s escrituras p\\u00fablicas, t\\u00edtulos\",\"inLanguage\":\"pt-BR\",\"isPartOf\":{\"@id\":\"https:\\\/\\\/newsinfoco.com.br\\\/inicio\\\/#website\"},\"breadcrumb\":{\"@id\":\"https:\\\/\\\/newsinfoco.com.br\\\/inicio\\\/audiencia-publica-discutira-regularizacao-fundiaria-em-alagoinhas\\\/#breadcrumblist\"},\"author\":{\"@id\":\"https:\\\/\\\/newsinfoco.com.br\\\/inicio\\\/author\\\/administrador\\\/#author\"},\"creator\":{\"@id\":\"https:\\\/\\\/newsinfoco.com.br\\\/inicio\\\/author\\\/administrador\\\/#author\"},\"image\":{\"@type\":\"ImageObject\",\"url\":\"https:\\\/\\\/newsinfoco.com.br\\\/inicio\\\/wp-content\\\/uploads\\\/2022\\\/08\\\/reurb-e.jpg\",\"@id\":\"https:\\\/\\\/newsinfoco.com.br\\\/inicio\\\/audiencia-publica-discutira-regularizacao-fundiaria-em-alagoinhas\\\/#mainImage\",\"width\":650,\"height\":450},\"primaryImageOfPage\":{\"@id\":\"https:\\\/\\\/newsinfoco.com.br\\\/inicio\\\/audiencia-publica-discutira-regularizacao-fundiaria-em-alagoinhas\\\/#mainImage\"},\"datePublished\":\"2022-08-16T11:41:18-03:00\",\"dateModified\":\"2022-08-16T11:42:10-03:00\"},{\"@type\":\"WebSite\",\"@id\":\"https:\\\/\\\/newsinfoco.com.br\\\/inicio\\\/#website\",\"url\":\"https:\\\/\\\/newsinfoco.com.br\\\/inicio\\\/\",\"name\":\"News In Foco - Editado por Caio Pimenta\",\"description\":\"O principal site de noticias de Alagoinhas e regi\\u00e3o\",\"inLanguage\":\"pt-BR\",\"publisher\":{\"@id\":\"https:\\\/\\\/newsinfoco.com.br\\\/inicio\\\/#organization\"}}]}\n\t\t<\/script>\n\t\t<!-- All in One SEO -->\n\n","aioseo_head_json":{"title":"Audi\u00eancia P\u00fablica discutir\u00e1 regulariza\u00e7\u00e3o fundi\u00e1ria em Alagoinhas - News In Foco - Editado por Caio Pimenta","description":"Amanh\u00e3, quarta-feira(17), \u00e0s 9h, acontecer\u00e1 na C\u00e2mara de Vereadores de Alagoinhas, a Audi\u00eancia P\u00fablica que discutir\u00e1 a Regulariza\u00e7\u00e3o Fundi\u00e1ria urbana e rural no munic\u00edpio de Alagoinhas. Solicitada pelo vereador do PT, Thor de Ninha, o objetivo do encontro \u00e9 informar e orientar a popula\u00e7\u00e3o acerca dos tr\u00e2mites necess\u00e1rios para o acesso \u00e0s escrituras p\u00fablicas, t\u00edtulos","canonical_url":"https:\/\/newsinfoco.com.br\/inicio\/audiencia-publica-discutira-regularizacao-fundiaria-em-alagoinhas\/","robots":"max-image-preview:large","keywords":"","webmasterTools":{"miscellaneous":""},"schema":{"@context":"https:\/\/schema.org","@graph":[{"@type":"BlogPosting","@id":"https:\/\/newsinfoco.com.br\/inicio\/audiencia-publica-discutira-regularizacao-fundiaria-em-alagoinhas\/#blogposting","name":"Audi\u00eancia P\u00fablica discutir\u00e1 regulariza\u00e7\u00e3o fundi\u00e1ria em Alagoinhas - News In Foco - Editado por Caio Pimenta","headline":"Audi\u00eancia P\u00fablica discutir\u00e1 regulariza\u00e7\u00e3o fundi\u00e1ria em Alagoinhas","author":{"@id":"https:\/\/newsinfoco.com.br\/inicio\/author\/administrador\/#author"},"publisher":{"@id":"https:\/\/newsinfoco.com.br\/inicio\/#organization"},"image":{"@type":"ImageObject","url":"https:\/\/newsinfoco.com.br\/inicio\/wp-content\/uploads\/2022\/08\/reurb-e.jpg","width":650,"height":450},"datePublished":"2022-08-16T11:41:18-03:00","dateModified":"2022-08-16T11:42:10-03:00","inLanguage":"pt-BR","mainEntityOfPage":{"@id":"https:\/\/newsinfoco.com.br\/inicio\/audiencia-publica-discutira-regularizacao-fundiaria-em-alagoinhas\/#webpage"},"isPartOf":{"@id":"https:\/\/newsinfoco.com.br\/inicio\/audiencia-publica-discutira-regularizacao-fundiaria-em-alagoinhas\/#webpage"},"articleSection":"Alagoinhas e Regi\u00e3o, Manchete"},{"@type":"BreadcrumbList","@id":"https:\/\/newsinfoco.com.br\/inicio\/audiencia-publica-discutira-regularizacao-fundiaria-em-alagoinhas\/#breadcrumblist","itemListElement":[{"@type":"ListItem","@id":"https:\/\/newsinfoco.com.br\/inicio#listItem","position":1,"name":"In\u00edcio","item":"https:\/\/newsinfoco.com.br\/inicio","nextItem":{"@type":"ListItem","@id":"https:\/\/newsinfoco.com.br\/inicio\/category\/alagoinhas-e-regiao\/#listItem","name":"Alagoinhas e Regi\u00e3o"}},{"@type":"ListItem","@id":"https:\/\/newsinfoco.com.br\/inicio\/category\/alagoinhas-e-regiao\/#listItem","position":2,"name":"Alagoinhas e Regi\u00e3o","item":"https:\/\/newsinfoco.com.br\/inicio\/category\/alagoinhas-e-regiao\/","nextItem":{"@type":"ListItem","@id":"https:\/\/newsinfoco.com.br\/inicio\/audiencia-publica-discutira-regularizacao-fundiaria-em-alagoinhas\/#listItem","name":"Audi\u00eancia P\u00fablica discutir\u00e1 regulariza\u00e7\u00e3o fundi\u00e1ria em Alagoinhas"},"previousItem":{"@type":"ListItem","@id":"https:\/\/newsinfoco.com.br\/inicio#listItem","name":"In\u00edcio"}},{"@type":"ListItem","@id":"https:\/\/newsinfoco.com.br\/inicio\/audiencia-publica-discutira-regularizacao-fundiaria-em-alagoinhas\/#listItem","position":3,"name":"Audi\u00eancia P\u00fablica discutir\u00e1 regulariza\u00e7\u00e3o fundi\u00e1ria em Alagoinhas","previousItem":{"@type":"ListItem","@id":"https:\/\/newsinfoco.com.br\/inicio\/category\/alagoinhas-e-regiao\/#listItem","name":"Alagoinhas e Regi\u00e3o"}}]},{"@type":"Organization","@id":"https:\/\/newsinfoco.com.br\/inicio\/#organization","name":"News In Foco - Editado por Caio Pimenta","description":"O principal site de noticias de Alagoinhas e regi\u00e3o","url":"https:\/\/newsinfoco.com.br\/inicio\/"},{"@type":"Person","@id":"https:\/\/newsinfoco.com.br\/inicio\/author\/administrador\/#author","url":"https:\/\/newsinfoco.com.br\/inicio\/author\/administrador\/","name":"administrador","image":{"@type":"ImageObject","@id":"https:\/\/newsinfoco.com.br\/inicio\/audiencia-publica-discutira-regularizacao-fundiaria-em-alagoinhas\/#authorImage","url":"https:\/\/secure.gravatar.com\/avatar\/c17a617433de8c1dc9584bb79aab7563b46f5bb7e1728c9b17d9cc3ce6a08e49?s=96&d=mm&r=g","width":96,"height":96,"caption":"administrador"}},{"@type":"WebPage","@id":"https:\/\/newsinfoco.com.br\/inicio\/audiencia-publica-discutira-regularizacao-fundiaria-em-alagoinhas\/#webpage","url":"https:\/\/newsinfoco.com.br\/inicio\/audiencia-publica-discutira-regularizacao-fundiaria-em-alagoinhas\/","name":"Audi\u00eancia P\u00fablica discutir\u00e1 regulariza\u00e7\u00e3o fundi\u00e1ria em Alagoinhas - News In Foco - Editado por Caio Pimenta","description":"Amanh\u00e3, quarta-feira(17), \u00e0s 9h, acontecer\u00e1 na C\u00e2mara de Vereadores de Alagoinhas, a Audi\u00eancia P\u00fablica que discutir\u00e1 a Regulariza\u00e7\u00e3o Fundi\u00e1ria urbana e rural no munic\u00edpio de Alagoinhas. Solicitada pelo vereador do PT, Thor de Ninha, o objetivo do encontro \u00e9 informar e orientar a popula\u00e7\u00e3o acerca dos tr\u00e2mites necess\u00e1rios para o acesso \u00e0s escrituras p\u00fablicas, t\u00edtulos","inLanguage":"pt-BR","isPartOf":{"@id":"https:\/\/newsinfoco.com.br\/inicio\/#website"},"breadcrumb":{"@id":"https:\/\/newsinfoco.com.br\/inicio\/audiencia-publica-discutira-regularizacao-fundiaria-em-alagoinhas\/#breadcrumblist"},"author":{"@id":"https:\/\/newsinfoco.com.br\/inicio\/author\/administrador\/#author"},"creator":{"@id":"https:\/\/newsinfoco.com.br\/inicio\/author\/administrador\/#author"},"image":{"@type":"ImageObject","url":"https:\/\/newsinfoco.com.br\/inicio\/wp-content\/uploads\/2022\/08\/reurb-e.jpg","@id":"https:\/\/newsinfoco.com.br\/inicio\/audiencia-publica-discutira-regularizacao-fundiaria-em-alagoinhas\/#mainImage","width":650,"height":450},"primaryImageOfPage":{"@id":"https:\/\/newsinfoco.com.br\/inicio\/audiencia-publica-discutira-regularizacao-fundiaria-em-alagoinhas\/#mainImage"},"datePublished":"2022-08-16T11:41:18-03:00","dateModified":"2022-08-16T11:42:10-03:00"},{"@type":"WebSite","@id":"https:\/\/newsinfoco.com.br\/inicio\/#website","url":"https:\/\/newsinfoco.com.br\/inicio\/","name":"News In Foco - Editado por Caio Pimenta","description":"O principal site de noticias de Alagoinhas e regi\u00e3o","inLanguage":"pt-BR","publisher":{"@id":"https:\/\/newsinfoco.com.br\/inicio\/#organization"}}]},"og:locale":"pt_BR","og:site_name":"News In Foco - Editado por Caio Pimenta - O principal site de noticias de Alagoinhas e regi\u00e3o","og:type":"article","og:title":"Audi\u00eancia P\u00fablica discutir\u00e1 regulariza\u00e7\u00e3o fundi\u00e1ria em Alagoinhas - News In Foco - Editado por Caio Pimenta","og:description":"Amanh\u00e3, quarta-feira(17), \u00e0s 9h, acontecer\u00e1 na C\u00e2mara de Vereadores de Alagoinhas, a Audi\u00eancia P\u00fablica que discutir\u00e1 a Regulariza\u00e7\u00e3o Fundi\u00e1ria urbana e rural no munic\u00edpio de Alagoinhas. Solicitada pelo vereador do PT, Thor de Ninha, o objetivo do encontro \u00e9 informar e orientar a popula\u00e7\u00e3o acerca dos tr\u00e2mites necess\u00e1rios para o acesso \u00e0s escrituras p\u00fablicas, t\u00edtulos","og:url":"https:\/\/newsinfoco.com.br\/inicio\/audiencia-publica-discutira-regularizacao-fundiaria-em-alagoinhas\/","article:published_time":"2022-08-16T14:41:18+00:00","article:modified_time":"2022-08-16T14:42:10+00:00","twitter:card":"summary_large_image","twitter:title":"Audi\u00eancia P\u00fablica discutir\u00e1 regulariza\u00e7\u00e3o fundi\u00e1ria em Alagoinhas - News In Foco - Editado por Caio Pimenta","twitter:description":"Amanh\u00e3, quarta-feira(17), \u00e0s 9h, acontecer\u00e1 na C\u00e2mara de Vereadores de Alagoinhas, a Audi\u00eancia P\u00fablica que discutir\u00e1 a Regulariza\u00e7\u00e3o Fundi\u00e1ria urbana e rural no munic\u00edpio de Alagoinhas. Solicitada pelo vereador do PT, Thor de Ninha, o objetivo do encontro \u00e9 informar e orientar a popula\u00e7\u00e3o acerca dos tr\u00e2mites necess\u00e1rios para o acesso \u00e0s escrituras p\u00fablicas, t\u00edtulos"},"aioseo_meta_data":{"post_id":"31233","title":null,"description":null,"keywords":null,"keyphrases":null,"primary_term":null,"canonical_url":null,"og_title":null,"og_description":null,"og_object_type":"default","og_image_type":"default","og_image_url":null,"og_image_width":null,"og_image_height":null,"og_image_custom_url":null,"og_image_custom_fields":null,"og_video":null,"og_custom_url":null,"og_article_section":null,"og_article_tags":null,"twitter_use_og":false,"twitter_card":"default","twitter_image_type":"default","twitter_image_url":null,"twitter_image_custom_url":null,"twitter_image_custom_fields":null,"twitter_title":null,"twitter_description":null,"schema":{"blockGraphs":[],"customGraphs":[],"default":{"data":{"Article":[],"Course":[],"Dataset":[],"FAQPage":[],"Movie":[],"Person":[],"Product":[],"ProductReview":[],"Car":[],"Recipe":[],"Service":[],"SoftwareApplication":[],"WebPage":[]},"graphName":"","isEnabled":true},"graphs":[]},"schema_type":"default","schema_type_options":null,"pillar_content":false,"robots_default":true,"robots_noindex":false,"robots_noarchive":false,"robots_nosnippet":false,"robots_nofollow":false,"robots_noimageindex":false,"robots_noodp":false,"robots_notranslate":false,"robots_max_snippet":null,"robots_max_videopreview":null,"robots_max_imagepreview":"large","priority":null,"frequency":null,"local_seo":null,"breadcrumb_settings":null,"limit_modified_date":false,"ai":null,"created":"2023-06-12 22:01:46","updated":"2025-07-11 08:15:57","seo_analyzer_scan_date":null},"aioseo_breadcrumb":"<div class=\"aioseo-breadcrumbs\"><span class=\"aioseo-breadcrumb\">\n\t\t\t<a href=\"https:\/\/newsinfoco.com.br\/inicio\" title=\"In\u00edcio\">In\u00edcio<\/a>\n\t\t<\/span><span class=\"aioseo-breadcrumb-separator\">&raquo;<\/span><span class=\"aioseo-breadcrumb\">\n\t\t\t<a href=\"https:\/\/newsinfoco.com.br\/inicio\/category\/alagoinhas-e-regiao\/\" title=\"Alagoinhas e Regi\u00e3o\">Alagoinhas e Regi\u00e3o<\/a>\n\t\t<\/span><span class=\"aioseo-breadcrumb-separator\">&raquo;<\/span><span class=\"aioseo-breadcrumb\">\n\t\t\tAudi\u00eancia P\u00fablica discutir\u00e1 regulariza\u00e7\u00e3o fundi\u00e1ria em Alagoinhas\n\t\t<\/span><\/div>","aioseo_breadcrumb_json":[{"label":"In\u00edcio","link":"https:\/\/newsinfoco.com.br\/inicio"},{"label":"Alagoinhas e Regi\u00e3o","link":"https:\/\/newsinfoco.com.br\/inicio\/category\/alagoinhas-e-regiao\/"},{"label":"Audi\u00eancia P\u00fablica discutir\u00e1 regulariza\u00e7\u00e3o fundi\u00e1ria em Alagoinhas","link":"https:\/\/newsinfoco.com.br\/inicio\/audiencia-publica-discutira-regularizacao-fundiaria-em-alagoinhas\/"}],"_links":{"self":[{"href":"https:\/\/newsinfoco.com.br\/inicio\/wp-json\/wp\/v2\/posts\/31233","targetHints":{"allow":["GET"]}}],"collection":[{"href":"https:\/\/newsinfoco.com.br\/inicio\/wp-json\/wp\/v2\/posts"}],"about":[{"href":"https:\/\/newsinfoco.com.br\/inicio\/wp-json\/wp\/v2\/types\/post"}],"author":[{"embeddable":true,"href":"https:\/\/newsinfoco.com.br\/inicio\/wp-json\/wp\/v2\/users\/1"}],"replies":[{"embeddable":true,"href":"https:\/\/newsinfoco.com.br\/inicio\/wp-json\/wp\/v2\/comments?post=31233"}],"version-history":[{"count":1,"href":"https:\/\/newsinfoco.com.br\/inicio\/wp-json\/wp\/v2\/posts\/31233\/revisions"}],"predecessor-version":[{"id":31235,"href":"https:\/\/newsinfoco.com.br\/inicio\/wp-json\/wp\/v2\/posts\/31233\/revisions\/31235"}],"wp:featuredmedia":[{"embeddable":true,"href":"https:\/\/newsinfoco.com.br\/inicio\/wp-json\/wp\/v2\/media\/31234"}],"wp:attachment":[{"href":"https:\/\/newsinfoco.com.br\/inicio\/wp-json\/wp\/v2\/media?parent=31233"}],"wp:term":[{"taxonomy":"category","embeddable":true,"href":"https:\/\/newsinfoco.com.br\/inicio\/wp-json\/wp\/v2\/categories?post=31233"},{"taxonomy":"post_tag","embeddable":true,"href":"https:\/\/newsinfoco.com.br\/inicio\/wp-json\/wp\/v2\/tags?post=31233"}],"curies":[{"name":"wp","href":"https:\/\/api.w.org\/{rel}","templated":true}]}}