{"id":31239,"date":"2022-08-16T18:34:00","date_gmt":"2022-08-16T21:34:00","guid":{"rendered":"https:\/\/newsinfoco.com.br\/inicio\/?p=31239"},"modified":"2022-08-16T18:34:00","modified_gmt":"2022-08-16T21:34:00","slug":"5-dias-apos-sessao-esvaziada-painel-da-camara-municipal-de-alagoinhas-registra-apenas-1-vereador-ausente","status":"publish","type":"post","link":"https:\/\/newsinfoco.com.br\/inicio\/5-dias-apos-sessao-esvaziada-painel-da-camara-municipal-de-alagoinhas-registra-apenas-1-vereador-ausente\/","title":{"rendered":"5 dias ap\u00f3s &#8220;sess\u00e3o esvaziada&#8221;, painel da C\u00e2mara Municipal de Alagoinhas registra apenas 1 vereador ausente"},"content":{"rendered":"<p>Nada como um dia ap\u00f3s o outro. Neste caso, nada como 5 dias ap\u00f3s uma sess\u00e3o. Na tarde desta ter\u00e7a-feira, a C\u00e2mara Municipal de Alagoinhas registrou a presen\u00e7a de 16 dos 17 vereadores. Cen\u00e1rio bem diferente da registrada na \u00faltima quinta-feira(11), quando apenas 5 dos 17 marcaram presen\u00e7a, fazendo com que a vereadora Raimunda Flor\u00eancio, que exercia a presid\u00eancia da Casa na oportunidade, colocasse fim na sess\u00e3o, ap\u00f3s 2 minutos de iniciada.<\/p>\n<p>Compareceram na \u00faltima sess\u00e3o, al\u00e9m da vereadora Raimunda Flor\u00eancio(PSD), os vereadores Anderson Baqueiro(UB), Raimundo Gode(UB), Professor Ar\u00e3o(PL) e Luciano Almeida(UB). J\u00e1 os vereadores Cleto da Banana(PSD), Luma Menezes(PDT), Jaldice Nunes(UB), Juci Cardoso(PC do B), Thor de Ninha(PT), Jorge da Farinha(PL), Edy da Sa\u00fade(Republicanos), Anselmo Bal(Republicanos), Codoro(MDB), M\u00e1rcio da Cavada(PP), Djalma Santos(Republicanos) e Juraci Nascimento(PROS) n\u00e3o se encontravam no plen\u00e1rio, no momento da sess\u00e3o. Na sess\u00e3o de hoje, apenas o vereador Codoro(MDB) repetiu a falta.<\/p>\n<p>Ap\u00f3s a sess\u00e3o rel\u00e2mpago da \u00faltima quinta-feira, uma enxurrada de cr\u00edticas se abateu sobre os vereadores. O advogado Caio Pimenta, editor-chefe deste site News Infoco, em seu artigo classificou a atual legislatura como &#8220;o pior custo-beneficio da hist\u00f3ria de Alagoinhas&#8221;, por ser sustentada pelo er\u00e1rio e n\u00e3o devolver um bom servi\u00e7o. Nas redes sociais, cidad\u00e3os questionavam o fato dos vereadores faltosos n\u00e3o terem o seu subsidio descontados, como ocorre com o trabalhador comum quando falta ao trabalho.<\/p>\n<p>A C\u00e2mara Municipal de Alagoinhas realiza sess\u00f5es em apenas 2 dias na semana, ter\u00e7as e quintas, que duram em m\u00e9dia 2 horas.<\/p>\n<div id=\"newsi-434443347\" class=\"newsi-conteudo_14\"><\/div>\n<div class='share-to-whatsapp-wrapper'><div class='share-on-whsp'>Share on: <\/div><a data-text='5 dias ap\u00f3s \"sess\u00e3o esvaziada\", painel da C\u00e2mara Municipal de Alagoinhas registra apenas 1 vereador ausente' data-link='https:\/\/newsinfoco.com.br\/inicio\/5-dias-apos-sessao-esvaziada-painel-da-camara-municipal-de-alagoinhas-registra-apenas-1-vereador-ausente\/' class='whatsapp-button whatsapp-share'>WhatsApp<\/a><div class='clear '><\/div><\/div>","protected":false},"excerpt":{"rendered":"<p>Nada como um dia ap\u00f3s o outro. Neste caso, nada como 5 dias ap\u00f3s uma sess\u00e3o. Na tarde desta ter\u00e7a-feira, a C\u00e2mara Municipal de Alagoinhas registrou a presen\u00e7a de 16 dos 17 vereadores. Cen\u00e1rio bem diferente da registrada na \u00faltima quinta-feira(11), quando apenas 5 dos 17 marcaram presen\u00e7a, fazendo com que a vereadora Raimunda Flor\u00eancio, [&hellip;]<\/p>\n","protected":false},"author":1,"featured_media":31240,"comment_status":"closed","ping_status":"closed","sticky":false,"template":"","format":"standard","meta":{"om_disable_all_campaigns":false,"rop_custom_images_group":[],"rop_custom_messages_group":[],"rop_publish_now":"initial","rop_publish_now_accounts":[],"rop_publish_now_history":[],"rop_publish_now_status":"pending","_exactmetrics_skip_tracking":false,"footnotes":""},"categories":[38,167],"tags":[],"class_list":["post-31239","post","type-post","status-publish","format-standard","has-post-thumbnail","hentry","category-alagoinhas-e-regiao","category-exclusivas"],"aioseo_notices":[],"aioseo_head":"\n\t\t<!-- All in One SEO 4.9.10 - aioseo.com -->\n\t<meta name=\"description\" content=\"Nada como um dia ap\u00f3s o outro. Neste caso, nada como 5 dias ap\u00f3s uma sess\u00e3o. Na tarde desta ter\u00e7a-feira, a C\u00e2mara Municipal de Alagoinhas registrou a presen\u00e7a de 16 dos 17 vereadores. Cen\u00e1rio bem diferente da registrada na \u00faltima quinta-feira(11), quando apenas 5 dos 17 marcaram presen\u00e7a, fazendo com que a vereadora Raimunda Flor\u00eancio,\" \/>\n\t<meta name=\"robots\" content=\"max-image-preview:large\" \/>\n\t<meta name=\"author\" content=\"administrador\"\/>\n\t<link rel=\"canonical\" href=\"https:\/\/newsinfoco.com.br\/inicio\/5-dias-apos-sessao-esvaziada-painel-da-camara-municipal-de-alagoinhas-registra-apenas-1-vereador-ausente\/\" \/>\n\t<meta name=\"generator\" content=\"All in One SEO (AIOSEO) 4.9.10\" \/>\n\t\t<meta property=\"og:locale\" content=\"pt_BR\" \/>\n\t\t<meta property=\"og:site_name\" content=\"News In Foco - Editado por Caio Pimenta - O principal site de noticias de Alagoinhas e regi\u00e3o\" \/>\n\t\t<meta property=\"og:type\" content=\"article\" \/>\n\t\t<meta property=\"og:title\" content=\"5 dias ap\u00f3s \u201csess\u00e3o esvaziada\u201d, painel da C\u00e2mara Municipal de Alagoinhas registra apenas 1 vereador ausente - News In Foco - Editado por Caio Pimenta\" \/>\n\t\t<meta property=\"og:description\" content=\"Nada como um dia ap\u00f3s o outro. Neste caso, nada como 5 dias ap\u00f3s uma sess\u00e3o. Na tarde desta ter\u00e7a-feira, a C\u00e2mara Municipal de Alagoinhas registrou a presen\u00e7a de 16 dos 17 vereadores. Cen\u00e1rio bem diferente da registrada na \u00faltima quinta-feira(11), quando apenas 5 dos 17 marcaram presen\u00e7a, fazendo com que a vereadora Raimunda Flor\u00eancio,\" \/>\n\t\t<meta property=\"og:url\" content=\"https:\/\/newsinfoco.com.br\/inicio\/5-dias-apos-sessao-esvaziada-painel-da-camara-municipal-de-alagoinhas-registra-apenas-1-vereador-ausente\/\" \/>\n\t\t<meta property=\"article:published_time\" content=\"2022-08-16T21:34:00+00:00\" \/>\n\t\t<meta property=\"article:modified_time\" content=\"2022-08-16T21:34:00+00:00\" \/>\n\t\t<meta name=\"twitter:card\" content=\"summary_large_image\" \/>\n\t\t<meta name=\"twitter:title\" content=\"5 dias ap\u00f3s \u201csess\u00e3o esvaziada\u201d, painel da C\u00e2mara Municipal de Alagoinhas registra apenas 1 vereador ausente - News In Foco - Editado por Caio Pimenta\" \/>\n\t\t<meta name=\"twitter:description\" content=\"Nada como um dia ap\u00f3s o outro. Neste caso, nada como 5 dias ap\u00f3s uma sess\u00e3o. Na tarde desta ter\u00e7a-feira, a C\u00e2mara Municipal de Alagoinhas registrou a presen\u00e7a de 16 dos 17 vereadores. Cen\u00e1rio bem diferente da registrada na \u00faltima quinta-feira(11), quando apenas 5 dos 17 marcaram presen\u00e7a, fazendo com que a vereadora Raimunda Flor\u00eancio,\" \/>\n\t\t<script type=\"application\/ld+json\" class=\"aioseo-schema\">\n\t\t\t{\"@context\":\"https:\\\/\\\/schema.org\",\"@graph\":[{\"@type\":\"BlogPosting\",\"@id\":\"https:\\\/\\\/newsinfoco.com.br\\\/inicio\\\/5-dias-apos-sessao-esvaziada-painel-da-camara-municipal-de-alagoinhas-registra-apenas-1-vereador-ausente\\\/#blogposting\",\"name\":\"5 dias ap\\u00f3s \\u201csess\\u00e3o esvaziada\\u201d, painel da C\\u00e2mara Municipal de Alagoinhas registra apenas 1 vereador ausente - News In Foco - Editado por Caio Pimenta\",\"headline\":\"5 dias ap\\u00f3s &#8220;sess\\u00e3o esvaziada&#8221;, painel da C\\u00e2mara Municipal de Alagoinhas registra apenas 1 vereador ausente\",\"author\":{\"@id\":\"https:\\\/\\\/newsinfoco.com.br\\\/inicio\\\/author\\\/administrador\\\/#author\"},\"publisher\":{\"@id\":\"https:\\\/\\\/newsinfoco.com.br\\\/inicio\\\/#organization\"},\"image\":{\"@type\":\"ImageObject\",\"url\":\"https:\\\/\\\/newsinfoco.com.br\\\/inicio\\\/wp-content\\\/uploads\\\/2022\\\/08\\\/sessao.png\",\"width\":1004,\"height\":498},\"datePublished\":\"2022-08-16T18:34:00-03:00\",\"dateModified\":\"2022-08-16T18:34:00-03:00\",\"inLanguage\":\"pt-BR\",\"mainEntityOfPage\":{\"@id\":\"https:\\\/\\\/newsinfoco.com.br\\\/inicio\\\/5-dias-apos-sessao-esvaziada-painel-da-camara-municipal-de-alagoinhas-registra-apenas-1-vereador-ausente\\\/#webpage\"},\"isPartOf\":{\"@id\":\"https:\\\/\\\/newsinfoco.com.br\\\/inicio\\\/5-dias-apos-sessao-esvaziada-painel-da-camara-municipal-de-alagoinhas-registra-apenas-1-vereador-ausente\\\/#webpage\"},\"articleSection\":\"Alagoinhas e Regi\\u00e3o, Manchete\"},{\"@type\":\"BreadcrumbList\",\"@id\":\"https:\\\/\\\/newsinfoco.com.br\\\/inicio\\\/5-dias-apos-sessao-esvaziada-painel-da-camara-municipal-de-alagoinhas-registra-apenas-1-vereador-ausente\\\/#breadcrumblist\",\"itemListElement\":[{\"@type\":\"ListItem\",\"@id\":\"https:\\\/\\\/newsinfoco.com.br\\\/inicio#listItem\",\"position\":1,\"name\":\"In\\u00edcio\",\"item\":\"https:\\\/\\\/newsinfoco.com.br\\\/inicio\",\"nextItem\":{\"@type\":\"ListItem\",\"@id\":\"https:\\\/\\\/newsinfoco.com.br\\\/inicio\\\/category\\\/alagoinhas-e-regiao\\\/#listItem\",\"name\":\"Alagoinhas e Regi\\u00e3o\"}},{\"@type\":\"ListItem\",\"@id\":\"https:\\\/\\\/newsinfoco.com.br\\\/inicio\\\/category\\\/alagoinhas-e-regiao\\\/#listItem\",\"position\":2,\"name\":\"Alagoinhas e Regi\\u00e3o\",\"item\":\"https:\\\/\\\/newsinfoco.com.br\\\/inicio\\\/category\\\/alagoinhas-e-regiao\\\/\",\"nextItem\":{\"@type\":\"ListItem\",\"@id\":\"https:\\\/\\\/newsinfoco.com.br\\\/inicio\\\/5-dias-apos-sessao-esvaziada-painel-da-camara-municipal-de-alagoinhas-registra-apenas-1-vereador-ausente\\\/#listItem\",\"name\":\"5 dias ap\\u00f3s &#8220;sess\\u00e3o esvaziada&#8221;, painel da C\\u00e2mara Municipal de Alagoinhas registra apenas 1 vereador ausente\"},\"previousItem\":{\"@type\":\"ListItem\",\"@id\":\"https:\\\/\\\/newsinfoco.com.br\\\/inicio#listItem\",\"name\":\"In\\u00edcio\"}},{\"@type\":\"ListItem\",\"@id\":\"https:\\\/\\\/newsinfoco.com.br\\\/inicio\\\/5-dias-apos-sessao-esvaziada-painel-da-camara-municipal-de-alagoinhas-registra-apenas-1-vereador-ausente\\\/#listItem\",\"position\":3,\"name\":\"5 dias ap\\u00f3s &#8220;sess\\u00e3o esvaziada&#8221;, painel da C\\u00e2mara Municipal de Alagoinhas registra apenas 1 vereador ausente\",\"previousItem\":{\"@type\":\"ListItem\",\"@id\":\"https:\\\/\\\/newsinfoco.com.br\\\/inicio\\\/category\\\/alagoinhas-e-regiao\\\/#listItem\",\"name\":\"Alagoinhas e Regi\\u00e3o\"}}]},{\"@type\":\"Organization\",\"@id\":\"https:\\\/\\\/newsinfoco.com.br\\\/inicio\\\/#organization\",\"name\":\"News In Foco - Editado por Caio Pimenta\",\"description\":\"O principal site de noticias de Alagoinhas e regi\\u00e3o\",\"url\":\"https:\\\/\\\/newsinfoco.com.br\\\/inicio\\\/\"},{\"@type\":\"Person\",\"@id\":\"https:\\\/\\\/newsinfoco.com.br\\\/inicio\\\/author\\\/administrador\\\/#author\",\"url\":\"https:\\\/\\\/newsinfoco.com.br\\\/inicio\\\/author\\\/administrador\\\/\",\"name\":\"administrador\",\"image\":{\"@type\":\"ImageObject\",\"@id\":\"https:\\\/\\\/newsinfoco.com.br\\\/inicio\\\/5-dias-apos-sessao-esvaziada-painel-da-camara-municipal-de-alagoinhas-registra-apenas-1-vereador-ausente\\\/#authorImage\",\"url\":\"https:\\\/\\\/secure.gravatar.com\\\/avatar\\\/c17a617433de8c1dc9584bb79aab7563b46f5bb7e1728c9b17d9cc3ce6a08e49?s=96&d=mm&r=g\",\"width\":96,\"height\":96,\"caption\":\"administrador\"}},{\"@type\":\"WebPage\",\"@id\":\"https:\\\/\\\/newsinfoco.com.br\\\/inicio\\\/5-dias-apos-sessao-esvaziada-painel-da-camara-municipal-de-alagoinhas-registra-apenas-1-vereador-ausente\\\/#webpage\",\"url\":\"https:\\\/\\\/newsinfoco.com.br\\\/inicio\\\/5-dias-apos-sessao-esvaziada-painel-da-camara-municipal-de-alagoinhas-registra-apenas-1-vereador-ausente\\\/\",\"name\":\"5 dias ap\\u00f3s \\u201csess\\u00e3o esvaziada\\u201d, painel da C\\u00e2mara Municipal de Alagoinhas registra apenas 1 vereador ausente - News In Foco - Editado por Caio Pimenta\",\"description\":\"Nada como um dia ap\\u00f3s o outro. Neste caso, nada como 5 dias ap\\u00f3s uma sess\\u00e3o. Na tarde desta ter\\u00e7a-feira, a C\\u00e2mara Municipal de Alagoinhas registrou a presen\\u00e7a de 16 dos 17 vereadores. Cen\\u00e1rio bem diferente da registrada na \\u00faltima quinta-feira(11), quando apenas 5 dos 17 marcaram presen\\u00e7a, fazendo com que a vereadora Raimunda Flor\\u00eancio,\",\"inLanguage\":\"pt-BR\",\"isPartOf\":{\"@id\":\"https:\\\/\\\/newsinfoco.com.br\\\/inicio\\\/#website\"},\"breadcrumb\":{\"@id\":\"https:\\\/\\\/newsinfoco.com.br\\\/inicio\\\/5-dias-apos-sessao-esvaziada-painel-da-camara-municipal-de-alagoinhas-registra-apenas-1-vereador-ausente\\\/#breadcrumblist\"},\"author\":{\"@id\":\"https:\\\/\\\/newsinfoco.com.br\\\/inicio\\\/author\\\/administrador\\\/#author\"},\"creator\":{\"@id\":\"https:\\\/\\\/newsinfoco.com.br\\\/inicio\\\/author\\\/administrador\\\/#author\"},\"image\":{\"@type\":\"ImageObject\",\"url\":\"https:\\\/\\\/newsinfoco.com.br\\\/inicio\\\/wp-content\\\/uploads\\\/2022\\\/08\\\/sessao.png\",\"@id\":\"https:\\\/\\\/newsinfoco.com.br\\\/inicio\\\/5-dias-apos-sessao-esvaziada-painel-da-camara-municipal-de-alagoinhas-registra-apenas-1-vereador-ausente\\\/#mainImage\",\"width\":1004,\"height\":498},\"primaryImageOfPage\":{\"@id\":\"https:\\\/\\\/newsinfoco.com.br\\\/inicio\\\/5-dias-apos-sessao-esvaziada-painel-da-camara-municipal-de-alagoinhas-registra-apenas-1-vereador-ausente\\\/#mainImage\"},\"datePublished\":\"2022-08-16T18:34:00-03:00\",\"dateModified\":\"2022-08-16T18:34:00-03:00\"},{\"@type\":\"WebSite\",\"@id\":\"https:\\\/\\\/newsinfoco.com.br\\\/inicio\\\/#website\",\"url\":\"https:\\\/\\\/newsinfoco.com.br\\\/inicio\\\/\",\"name\":\"News In Foco - Editado por Caio Pimenta\",\"description\":\"O principal site de noticias de Alagoinhas e regi\\u00e3o\",\"inLanguage\":\"pt-BR\",\"publisher\":{\"@id\":\"https:\\\/\\\/newsinfoco.com.br\\\/inicio\\\/#organization\"}}]}\n\t\t<\/script>\n\t\t<!-- All in One SEO -->\n\n","aioseo_head_json":{"title":"5 dias ap\u00f3s \u201csess\u00e3o esvaziada\u201d, painel da C\u00e2mara Municipal de Alagoinhas registra apenas 1 vereador ausente - News In Foco - Editado por Caio Pimenta","description":"Nada como um dia ap\u00f3s o outro. Neste caso, nada como 5 dias ap\u00f3s uma sess\u00e3o. Na tarde desta ter\u00e7a-feira, a C\u00e2mara Municipal de Alagoinhas registrou a presen\u00e7a de 16 dos 17 vereadores. Cen\u00e1rio bem diferente da registrada na \u00faltima quinta-feira(11), quando apenas 5 dos 17 marcaram presen\u00e7a, fazendo com que a vereadora Raimunda Flor\u00eancio,","canonical_url":"https:\/\/newsinfoco.com.br\/inicio\/5-dias-apos-sessao-esvaziada-painel-da-camara-municipal-de-alagoinhas-registra-apenas-1-vereador-ausente\/","robots":"max-image-preview:large","keywords":"","webmasterTools":{"miscellaneous":""},"schema":{"@context":"https:\/\/schema.org","@graph":[{"@type":"BlogPosting","@id":"https:\/\/newsinfoco.com.br\/inicio\/5-dias-apos-sessao-esvaziada-painel-da-camara-municipal-de-alagoinhas-registra-apenas-1-vereador-ausente\/#blogposting","name":"5 dias ap\u00f3s \u201csess\u00e3o esvaziada\u201d, painel da C\u00e2mara Municipal de Alagoinhas registra apenas 1 vereador ausente - News In Foco - Editado por Caio Pimenta","headline":"5 dias ap\u00f3s &#8220;sess\u00e3o esvaziada&#8221;, painel da C\u00e2mara Municipal de Alagoinhas registra apenas 1 vereador ausente","author":{"@id":"https:\/\/newsinfoco.com.br\/inicio\/author\/administrador\/#author"},"publisher":{"@id":"https:\/\/newsinfoco.com.br\/inicio\/#organization"},"image":{"@type":"ImageObject","url":"https:\/\/newsinfoco.com.br\/inicio\/wp-content\/uploads\/2022\/08\/sessao.png","width":1004,"height":498},"datePublished":"2022-08-16T18:34:00-03:00","dateModified":"2022-08-16T18:34:00-03:00","inLanguage":"pt-BR","mainEntityOfPage":{"@id":"https:\/\/newsinfoco.com.br\/inicio\/5-dias-apos-sessao-esvaziada-painel-da-camara-municipal-de-alagoinhas-registra-apenas-1-vereador-ausente\/#webpage"},"isPartOf":{"@id":"https:\/\/newsinfoco.com.br\/inicio\/5-dias-apos-sessao-esvaziada-painel-da-camara-municipal-de-alagoinhas-registra-apenas-1-vereador-ausente\/#webpage"},"articleSection":"Alagoinhas e Regi\u00e3o, Manchete"},{"@type":"BreadcrumbList","@id":"https:\/\/newsinfoco.com.br\/inicio\/5-dias-apos-sessao-esvaziada-painel-da-camara-municipal-de-alagoinhas-registra-apenas-1-vereador-ausente\/#breadcrumblist","itemListElement":[{"@type":"ListItem","@id":"https:\/\/newsinfoco.com.br\/inicio#listItem","position":1,"name":"In\u00edcio","item":"https:\/\/newsinfoco.com.br\/inicio","nextItem":{"@type":"ListItem","@id":"https:\/\/newsinfoco.com.br\/inicio\/category\/alagoinhas-e-regiao\/#listItem","name":"Alagoinhas e Regi\u00e3o"}},{"@type":"ListItem","@id":"https:\/\/newsinfoco.com.br\/inicio\/category\/alagoinhas-e-regiao\/#listItem","position":2,"name":"Alagoinhas e Regi\u00e3o","item":"https:\/\/newsinfoco.com.br\/inicio\/category\/alagoinhas-e-regiao\/","nextItem":{"@type":"ListItem","@id":"https:\/\/newsinfoco.com.br\/inicio\/5-dias-apos-sessao-esvaziada-painel-da-camara-municipal-de-alagoinhas-registra-apenas-1-vereador-ausente\/#listItem","name":"5 dias ap\u00f3s &#8220;sess\u00e3o esvaziada&#8221;, painel da C\u00e2mara Municipal de Alagoinhas registra apenas 1 vereador ausente"},"previousItem":{"@type":"ListItem","@id":"https:\/\/newsinfoco.com.br\/inicio#listItem","name":"In\u00edcio"}},{"@type":"ListItem","@id":"https:\/\/newsinfoco.com.br\/inicio\/5-dias-apos-sessao-esvaziada-painel-da-camara-municipal-de-alagoinhas-registra-apenas-1-vereador-ausente\/#listItem","position":3,"name":"5 dias ap\u00f3s &#8220;sess\u00e3o esvaziada&#8221;, painel da C\u00e2mara Municipal de Alagoinhas registra apenas 1 vereador ausente","previousItem":{"@type":"ListItem","@id":"https:\/\/newsinfoco.com.br\/inicio\/category\/alagoinhas-e-regiao\/#listItem","name":"Alagoinhas e Regi\u00e3o"}}]},{"@type":"Organization","@id":"https:\/\/newsinfoco.com.br\/inicio\/#organization","name":"News In Foco - Editado por Caio Pimenta","description":"O principal site de noticias de Alagoinhas e regi\u00e3o","url":"https:\/\/newsinfoco.com.br\/inicio\/"},{"@type":"Person","@id":"https:\/\/newsinfoco.com.br\/inicio\/author\/administrador\/#author","url":"https:\/\/newsinfoco.com.br\/inicio\/author\/administrador\/","name":"administrador","image":{"@type":"ImageObject","@id":"https:\/\/newsinfoco.com.br\/inicio\/5-dias-apos-sessao-esvaziada-painel-da-camara-municipal-de-alagoinhas-registra-apenas-1-vereador-ausente\/#authorImage","url":"https:\/\/secure.gravatar.com\/avatar\/c17a617433de8c1dc9584bb79aab7563b46f5bb7e1728c9b17d9cc3ce6a08e49?s=96&d=mm&r=g","width":96,"height":96,"caption":"administrador"}},{"@type":"WebPage","@id":"https:\/\/newsinfoco.com.br\/inicio\/5-dias-apos-sessao-esvaziada-painel-da-camara-municipal-de-alagoinhas-registra-apenas-1-vereador-ausente\/#webpage","url":"https:\/\/newsinfoco.com.br\/inicio\/5-dias-apos-sessao-esvaziada-painel-da-camara-municipal-de-alagoinhas-registra-apenas-1-vereador-ausente\/","name":"5 dias ap\u00f3s \u201csess\u00e3o esvaziada\u201d, painel da C\u00e2mara Municipal de Alagoinhas registra apenas 1 vereador ausente - News In Foco - Editado por Caio Pimenta","description":"Nada como um dia ap\u00f3s o outro. Neste caso, nada como 5 dias ap\u00f3s uma sess\u00e3o. Na tarde desta ter\u00e7a-feira, a C\u00e2mara Municipal de Alagoinhas registrou a presen\u00e7a de 16 dos 17 vereadores. Cen\u00e1rio bem diferente da registrada na \u00faltima quinta-feira(11), quando apenas 5 dos 17 marcaram presen\u00e7a, fazendo com que a vereadora Raimunda Flor\u00eancio,","inLanguage":"pt-BR","isPartOf":{"@id":"https:\/\/newsinfoco.com.br\/inicio\/#website"},"breadcrumb":{"@id":"https:\/\/newsinfoco.com.br\/inicio\/5-dias-apos-sessao-esvaziada-painel-da-camara-municipal-de-alagoinhas-registra-apenas-1-vereador-ausente\/#breadcrumblist"},"author":{"@id":"https:\/\/newsinfoco.com.br\/inicio\/author\/administrador\/#author"},"creator":{"@id":"https:\/\/newsinfoco.com.br\/inicio\/author\/administrador\/#author"},"image":{"@type":"ImageObject","url":"https:\/\/newsinfoco.com.br\/inicio\/wp-content\/uploads\/2022\/08\/sessao.png","@id":"https:\/\/newsinfoco.com.br\/inicio\/5-dias-apos-sessao-esvaziada-painel-da-camara-municipal-de-alagoinhas-registra-apenas-1-vereador-ausente\/#mainImage","width":1004,"height":498},"primaryImageOfPage":{"@id":"https:\/\/newsinfoco.com.br\/inicio\/5-dias-apos-sessao-esvaziada-painel-da-camara-municipal-de-alagoinhas-registra-apenas-1-vereador-ausente\/#mainImage"},"datePublished":"2022-08-16T18:34:00-03:00","dateModified":"2022-08-16T18:34:00-03:00"},{"@type":"WebSite","@id":"https:\/\/newsinfoco.com.br\/inicio\/#website","url":"https:\/\/newsinfoco.com.br\/inicio\/","name":"News In Foco - Editado por Caio Pimenta","description":"O principal site de noticias de Alagoinhas e regi\u00e3o","inLanguage":"pt-BR","publisher":{"@id":"https:\/\/newsinfoco.com.br\/inicio\/#organization"}}]},"og:locale":"pt_BR","og:site_name":"News In Foco - Editado por Caio Pimenta - O principal site de noticias de Alagoinhas e regi\u00e3o","og:type":"article","og:title":"5 dias ap\u00f3s \u201csess\u00e3o esvaziada\u201d, painel da C\u00e2mara Municipal de Alagoinhas registra apenas 1 vereador ausente - News In Foco - Editado por Caio Pimenta","og:description":"Nada como um dia ap\u00f3s o outro. Neste caso, nada como 5 dias ap\u00f3s uma sess\u00e3o. Na tarde desta ter\u00e7a-feira, a C\u00e2mara Municipal de Alagoinhas registrou a presen\u00e7a de 16 dos 17 vereadores. Cen\u00e1rio bem diferente da registrada na \u00faltima quinta-feira(11), quando apenas 5 dos 17 marcaram presen\u00e7a, fazendo com que a vereadora Raimunda Flor\u00eancio,","og:url":"https:\/\/newsinfoco.com.br\/inicio\/5-dias-apos-sessao-esvaziada-painel-da-camara-municipal-de-alagoinhas-registra-apenas-1-vereador-ausente\/","article:published_time":"2022-08-16T21:34:00+00:00","article:modified_time":"2022-08-16T21:34:00+00:00","twitter:card":"summary_large_image","twitter:title":"5 dias ap\u00f3s \u201csess\u00e3o esvaziada\u201d, painel da C\u00e2mara Municipal de Alagoinhas registra apenas 1 vereador ausente - News In Foco - Editado por Caio Pimenta","twitter:description":"Nada como um dia ap\u00f3s o outro. Neste caso, nada como 5 dias ap\u00f3s uma sess\u00e3o. Na tarde desta ter\u00e7a-feira, a C\u00e2mara Municipal de Alagoinhas registrou a presen\u00e7a de 16 dos 17 vereadores. Cen\u00e1rio bem diferente da registrada na \u00faltima quinta-feira(11), quando apenas 5 dos 17 marcaram presen\u00e7a, fazendo com que a vereadora Raimunda Flor\u00eancio,"},"aioseo_meta_data":{"post_id":"31239","title":null,"description":null,"keywords":null,"keyphrases":null,"primary_term":null,"canonical_url":null,"og_title":null,"og_description":null,"og_object_type":"default","og_image_type":"default","og_image_url":null,"og_image_width":null,"og_image_height":null,"og_image_custom_url":null,"og_image_custom_fields":null,"og_video":null,"og_custom_url":null,"og_article_section":null,"og_article_tags":null,"twitter_use_og":false,"twitter_card":"default","twitter_image_type":"default","twitter_image_url":null,"twitter_image_custom_url":null,"twitter_image_custom_fields":null,"twitter_title":null,"twitter_description":null,"schema":{"blockGraphs":[],"customGraphs":[],"default":{"data":{"Article":[],"Course":[],"Dataset":[],"FAQPage":[],"Movie":[],"Person":[],"Product":[],"ProductReview":[],"Car":[],"Recipe":[],"Service":[],"SoftwareApplication":[],"WebPage":[]},"graphName":"","isEnabled":true},"graphs":[]},"schema_type":"default","schema_type_options":null,"pillar_content":false,"robots_default":true,"robots_noindex":false,"robots_noarchive":false,"robots_nosnippet":false,"robots_nofollow":false,"robots_noimageindex":false,"robots_noodp":false,"robots_notranslate":false,"robots_max_snippet":null,"robots_max_videopreview":null,"robots_max_imagepreview":"large","priority":null,"frequency":null,"local_seo":null,"breadcrumb_settings":null,"limit_modified_date":false,"ai":null,"created":"2023-06-12 22:01:46","updated":"2025-07-11 08:15:57","seo_analyzer_scan_date":null},"aioseo_breadcrumb":"<div class=\"aioseo-breadcrumbs\"><span class=\"aioseo-breadcrumb\">\n\t\t\t<a href=\"https:\/\/newsinfoco.com.br\/inicio\" title=\"In\u00edcio\">In\u00edcio<\/a>\n\t\t<\/span><span class=\"aioseo-breadcrumb-separator\">&raquo;<\/span><span class=\"aioseo-breadcrumb\">\n\t\t\t<a href=\"https:\/\/newsinfoco.com.br\/inicio\/category\/alagoinhas-e-regiao\/\" title=\"Alagoinhas e Regi\u00e3o\">Alagoinhas e Regi\u00e3o<\/a>\n\t\t<\/span><span class=\"aioseo-breadcrumb-separator\">&raquo;<\/span><span class=\"aioseo-breadcrumb\">\n\t\t\t5 dias ap\u00f3s \u201csess\u00e3o esvaziada\u201d, painel da C\u00e2mara Municipal de Alagoinhas registra apenas 1 vereador ausente\n\t\t<\/span><\/div>","aioseo_breadcrumb_json":[{"label":"In\u00edcio","link":"https:\/\/newsinfoco.com.br\/inicio"},{"label":"Alagoinhas e Regi\u00e3o","link":"https:\/\/newsinfoco.com.br\/inicio\/category\/alagoinhas-e-regiao\/"},{"label":"5 dias ap\u00f3s &#8220;sess\u00e3o esvaziada&#8221;, painel da C\u00e2mara Municipal de Alagoinhas registra apenas 1 vereador ausente","link":"https:\/\/newsinfoco.com.br\/inicio\/5-dias-apos-sessao-esvaziada-painel-da-camara-municipal-de-alagoinhas-registra-apenas-1-vereador-ausente\/"}],"_links":{"self":[{"href":"https:\/\/newsinfoco.com.br\/inicio\/wp-json\/wp\/v2\/posts\/31239","targetHints":{"allow":["GET"]}}],"collection":[{"href":"https:\/\/newsinfoco.com.br\/inicio\/wp-json\/wp\/v2\/posts"}],"about":[{"href":"https:\/\/newsinfoco.com.br\/inicio\/wp-json\/wp\/v2\/types\/post"}],"author":[{"embeddable":true,"href":"https:\/\/newsinfoco.com.br\/inicio\/wp-json\/wp\/v2\/users\/1"}],"replies":[{"embeddable":true,"href":"https:\/\/newsinfoco.com.br\/inicio\/wp-json\/wp\/v2\/comments?post=31239"}],"version-history":[{"count":1,"href":"https:\/\/newsinfoco.com.br\/inicio\/wp-json\/wp\/v2\/posts\/31239\/revisions"}],"predecessor-version":[{"id":31241,"href":"https:\/\/newsinfoco.com.br\/inicio\/wp-json\/wp\/v2\/posts\/31239\/revisions\/31241"}],"wp:featuredmedia":[{"embeddable":true,"href":"https:\/\/newsinfoco.com.br\/inicio\/wp-json\/wp\/v2\/media\/31240"}],"wp:attachment":[{"href":"https:\/\/newsinfoco.com.br\/inicio\/wp-json\/wp\/v2\/media?parent=31239"}],"wp:term":[{"taxonomy":"category","embeddable":true,"href":"https:\/\/newsinfoco.com.br\/inicio\/wp-json\/wp\/v2\/categories?post=31239"},{"taxonomy":"post_tag","embeddable":true,"href":"https:\/\/newsinfoco.com.br\/inicio\/wp-json\/wp\/v2\/tags?post=31239"}],"curies":[{"name":"wp","href":"https:\/\/api.w.org\/{rel}","templated":true}]}}