{"id":31248,"date":"2022-08-17T12:55:53","date_gmt":"2022-08-17T15:55:53","guid":{"rendered":"https:\/\/newsinfoco.com.br\/inicio\/?p=31248"},"modified":"2022-08-17T12:56:46","modified_gmt":"2022-08-17T15:56:46","slug":"pacientes-que-desejam-tratar-varizes-sintomaticas-devem-procurar-as-unidades-de-saude-da-familia-de-alagoinhas-ate-esta-quinta-feira-18","status":"publish","type":"post","link":"https:\/\/newsinfoco.com.br\/inicio\/pacientes-que-desejam-tratar-varizes-sintomaticas-devem-procurar-as-unidades-de-saude-da-familia-de-alagoinhas-ate-esta-quinta-feira-18\/","title":{"rendered":"Pacientes que desejam tratar varizes sintom\u00e1ticas devem procurar as Unidades de Sa\u00fade da Fam\u00edlia de Alagoinhas at\u00e9 esta quinta-feira (18)"},"content":{"rendered":"<p>Come\u00e7ou, nesta ter\u00e7a-feira (16), nas Unidades de Sa\u00fade da Fam\u00edlia, o cadastramento de pacientes para tratamento de varizes, feito pela Prefeitura de Alagoinhas, por meio da Secretaria de Sa\u00fade (SESAU). As pessoas interessadas devem realizar a inscri\u00e7\u00e3o at\u00e9 quinta-feira (18), das 13h as 16h.<\/p>\n<p>Os procedimentos m\u00e9dicos, ap\u00f3s triagem, ser\u00e3o realizados de 29 a 31 de agosto na UPA da Santa Terezinha. Ser\u00e3o beneficiados os pacientes que possuam varizes calibrosas e sintom\u00e1ticas (com sensa\u00e7\u00e3o de peso nas pernas ou incha\u00e7o). Vale ressaltar que os pequenos vasos que incomodam pela quest\u00e3o est\u00e9tica n\u00e3o ser\u00e3o submetidas ao tratamento.<\/p>\n<p>\u201cO objetivo \u00e9 cuidar da doen\u00e7a. Para isso, o angiologista far\u00e1 uma avalia\u00e7\u00e3o com Doppler (ultrassonografia dos vasos) e, no mesmo ato, far\u00e1 a inje\u00e7\u00e3o da espuma densa para a esclerose das varizes\u201d, explicou a Secret\u00e1ria de Sa\u00fade Laina Passos.<\/p>\n<p>\u201cEm 2022, a Prefeitura de Alagoinhas est\u00e1 revolucionando a Sa\u00fade, trazendo melhorias para a qualidade de vida da popula\u00e7\u00e3o, com enormes benef\u00edcios. In\u00fameras consultas, exames diagn\u00f3sticos e cirurgias em diversas \u00e1reas j\u00e1 foram feitas\u201d, lembrou o prefeito Joaquim Neto. \u201cCadastre-se j\u00e1 no posto de sa\u00fade\u201d, recomendou o gestor municipal.<\/p>\n<p>A Prefeitura tamb\u00e9m far\u00e1 a doa\u00e7\u00e3o das meias el\u00e1sticas utilizadas para auxiliar no tratamento.<\/p>\n<p>SERVI\u00c7O: Cadastro para tratamento de varizes<\/p>\n<p>LOCAL: Unidades de Sa\u00fade da Fam\u00edlia<\/p>\n<p>DATA: 16 a 18\/08<\/p>\n<p><a class=\"group1 cboxElement\" href=\"https:\/\/www.alagoinhas.ba.gov.br\/wp-content\/uploads\/2022\/08\/DEE1B482-EF88-4B52-99A3-205D973FD243.jpeg\"><img loading=\"lazy\" decoding=\"async\" class=\"aligncenter size-large wp-image-59198\" src=\"https:\/\/www.alagoinhas.ba.gov.br\/wp-content\/uploads\/2022\/08\/DEE1B482-EF88-4B52-99A3-205D973FD243-1024x1024.jpeg\" sizes=\"auto, (max-width: 800px) 100vw, 800px\" srcset=\"https:\/\/www.alagoinhas.ba.gov.br\/wp-content\/uploads\/2022\/08\/DEE1B482-EF88-4B52-99A3-205D973FD243-1024x1024.jpeg 1024w, https:\/\/www.alagoinhas.ba.gov.br\/wp-content\/uploads\/2022\/08\/DEE1B482-EF88-4B52-99A3-205D973FD243-300x300.jpeg 300w, https:\/\/www.alagoinhas.ba.gov.br\/wp-content\/uploads\/2022\/08\/DEE1B482-EF88-4B52-99A3-205D973FD243-768x768.jpeg 768w, https:\/\/www.alagoinhas.ba.gov.br\/wp-content\/uploads\/2022\/08\/DEE1B482-EF88-4B52-99A3-205D973FD243-84x84.jpeg 84w, https:\/\/www.alagoinhas.ba.gov.br\/wp-content\/uploads\/2022\/08\/DEE1B482-EF88-4B52-99A3-205D973FD243.jpeg 1242w\" alt=\"\" width=\"800\" height=\"800\" \/><\/a><\/p>\n<p>&nbsp;<\/p>\n<div align=\"right\"><\/div>\n<div class='share-to-whatsapp-wrapper'><div class='share-on-whsp'>Share on: <\/div><a data-text='Pacientes que desejam tratar varizes sintom\u00e1ticas devem procurar as Unidades de Sa\u00fade da Fam\u00edlia de Alagoinhas at\u00e9 esta quinta-feira (18)' data-link='https:\/\/newsinfoco.com.br\/inicio\/pacientes-que-desejam-tratar-varizes-sintomaticas-devem-procurar-as-unidades-de-saude-da-familia-de-alagoinhas-ate-esta-quinta-feira-18\/' class='whatsapp-button whatsapp-share'>WhatsApp<\/a><div class='clear '><\/div><\/div>","protected":false},"excerpt":{"rendered":"<p>Come\u00e7ou, nesta ter\u00e7a-feira (16), nas Unidades de Sa\u00fade da Fam\u00edlia, o cadastramento de pacientes para tratamento de varizes, feito pela Prefeitura de Alagoinhas, por meio da Secretaria de Sa\u00fade (SESAU). As pessoas interessadas devem realizar a inscri\u00e7\u00e3o at\u00e9 quinta-feira (18), das 13h as 16h. Os procedimentos m\u00e9dicos, ap\u00f3s triagem, ser\u00e3o realizados de 29 a 31 [&hellip;]<\/p>\n","protected":false},"author":1,"featured_media":31249,"comment_status":"closed","ping_status":"closed","sticky":false,"template":"","format":"standard","meta":{"om_disable_all_campaigns":false,"rop_custom_images_group":[],"rop_custom_messages_group":[],"rop_publish_now":"initial","rop_publish_now_accounts":[],"rop_publish_now_history":[],"rop_publish_now_status":"pending","_exactmetrics_skip_tracking":false,"footnotes":""},"categories":[38,167],"tags":[],"class_list":["post-31248","post","type-post","status-publish","format-standard","has-post-thumbnail","hentry","category-alagoinhas-e-regiao","category-exclusivas"],"aioseo_notices":[],"aioseo_head":"\n\t\t<!-- All in One SEO 4.9.10 - aioseo.com -->\n\t<meta name=\"description\" content=\"Come\u00e7ou, nesta ter\u00e7a-feira (16), nas Unidades de Sa\u00fade da Fam\u00edlia, o cadastramento de pacientes para tratamento de varizes, feito pela Prefeitura de Alagoinhas, por meio da Secretaria de Sa\u00fade (SESAU). As pessoas interessadas devem realizar a inscri\u00e7\u00e3o at\u00e9 quinta-feira (18), das 13h as 16h. Os procedimentos m\u00e9dicos, ap\u00f3s triagem, ser\u00e3o realizados de 29 a 31\" \/>\n\t<meta name=\"robots\" content=\"max-image-preview:large\" \/>\n\t<meta name=\"author\" content=\"administrador\"\/>\n\t<link rel=\"canonical\" href=\"https:\/\/newsinfoco.com.br\/inicio\/pacientes-que-desejam-tratar-varizes-sintomaticas-devem-procurar-as-unidades-de-saude-da-familia-de-alagoinhas-ate-esta-quinta-feira-18\/\" \/>\n\t<meta name=\"generator\" content=\"All in One SEO (AIOSEO) 4.9.10\" \/>\n\t\t<meta property=\"og:locale\" content=\"pt_BR\" \/>\n\t\t<meta property=\"og:site_name\" content=\"News In Foco - Editado por Caio Pimenta - O principal site de noticias de Alagoinhas e regi\u00e3o\" \/>\n\t\t<meta property=\"og:type\" content=\"article\" \/>\n\t\t<meta property=\"og:title\" content=\"Pacientes que desejam tratar varizes sintom\u00e1ticas devem procurar as Unidades de Sa\u00fade da Fam\u00edlia de Alagoinhas at\u00e9 esta quinta-feira (18) - News In Foco - Editado por Caio Pimenta\" \/>\n\t\t<meta property=\"og:description\" content=\"Come\u00e7ou, nesta ter\u00e7a-feira (16), nas Unidades de Sa\u00fade da Fam\u00edlia, o cadastramento de pacientes para tratamento de varizes, feito pela Prefeitura de Alagoinhas, por meio da Secretaria de Sa\u00fade (SESAU). As pessoas interessadas devem realizar a inscri\u00e7\u00e3o at\u00e9 quinta-feira (18), das 13h as 16h. Os procedimentos m\u00e9dicos, ap\u00f3s triagem, ser\u00e3o realizados de 29 a 31\" \/>\n\t\t<meta property=\"og:url\" content=\"https:\/\/newsinfoco.com.br\/inicio\/pacientes-que-desejam-tratar-varizes-sintomaticas-devem-procurar-as-unidades-de-saude-da-familia-de-alagoinhas-ate-esta-quinta-feira-18\/\" \/>\n\t\t<meta property=\"article:published_time\" content=\"2022-08-17T15:55:53+00:00\" \/>\n\t\t<meta property=\"article:modified_time\" content=\"2022-08-17T15:56:46+00:00\" \/>\n\t\t<meta name=\"twitter:card\" content=\"summary_large_image\" \/>\n\t\t<meta name=\"twitter:title\" content=\"Pacientes que desejam tratar varizes sintom\u00e1ticas devem procurar as Unidades de Sa\u00fade da Fam\u00edlia de Alagoinhas at\u00e9 esta quinta-feira (18) - News In Foco - Editado por Caio Pimenta\" \/>\n\t\t<meta name=\"twitter:description\" content=\"Come\u00e7ou, nesta ter\u00e7a-feira (16), nas Unidades de Sa\u00fade da Fam\u00edlia, o cadastramento de pacientes para tratamento de varizes, feito pela Prefeitura de Alagoinhas, por meio da Secretaria de Sa\u00fade (SESAU). As pessoas interessadas devem realizar a inscri\u00e7\u00e3o at\u00e9 quinta-feira (18), das 13h as 16h. Os procedimentos m\u00e9dicos, ap\u00f3s triagem, ser\u00e3o realizados de 29 a 31\" \/>\n\t\t<script type=\"application\/ld+json\" class=\"aioseo-schema\">\n\t\t\t{\"@context\":\"https:\\\/\\\/schema.org\",\"@graph\":[{\"@type\":\"BlogPosting\",\"@id\":\"https:\\\/\\\/newsinfoco.com.br\\\/inicio\\\/pacientes-que-desejam-tratar-varizes-sintomaticas-devem-procurar-as-unidades-de-saude-da-familia-de-alagoinhas-ate-esta-quinta-feira-18\\\/#blogposting\",\"name\":\"Pacientes que desejam tratar varizes sintom\\u00e1ticas devem procurar as Unidades de Sa\\u00fade da Fam\\u00edlia de Alagoinhas at\\u00e9 esta quinta-feira (18) - News In Foco - Editado por Caio Pimenta\",\"headline\":\"Pacientes que desejam tratar varizes sintom\\u00e1ticas devem procurar as Unidades de Sa\\u00fade da Fam\\u00edlia de Alagoinhas at\\u00e9 esta quinta-feira (18)\",\"author\":{\"@id\":\"https:\\\/\\\/newsinfoco.com.br\\\/inicio\\\/author\\\/administrador\\\/#author\"},\"publisher\":{\"@id\":\"https:\\\/\\\/newsinfoco.com.br\\\/inicio\\\/#organization\"},\"image\":{\"@type\":\"ImageObject\",\"url\":\"https:\\\/\\\/newsinfoco.com.br\\\/inicio\\\/wp-content\\\/uploads\\\/2022\\\/08\\\/DEE1B482-EF88-4B52-99A3-205D973FD243-550x368-1.jpeg\",\"width\":550,\"height\":368},\"datePublished\":\"2022-08-17T12:55:53-03:00\",\"dateModified\":\"2022-08-17T12:56:46-03:00\",\"inLanguage\":\"pt-BR\",\"mainEntityOfPage\":{\"@id\":\"https:\\\/\\\/newsinfoco.com.br\\\/inicio\\\/pacientes-que-desejam-tratar-varizes-sintomaticas-devem-procurar-as-unidades-de-saude-da-familia-de-alagoinhas-ate-esta-quinta-feira-18\\\/#webpage\"},\"isPartOf\":{\"@id\":\"https:\\\/\\\/newsinfoco.com.br\\\/inicio\\\/pacientes-que-desejam-tratar-varizes-sintomaticas-devem-procurar-as-unidades-de-saude-da-familia-de-alagoinhas-ate-esta-quinta-feira-18\\\/#webpage\"},\"articleSection\":\"Alagoinhas e Regi\\u00e3o, Manchete\"},{\"@type\":\"BreadcrumbList\",\"@id\":\"https:\\\/\\\/newsinfoco.com.br\\\/inicio\\\/pacientes-que-desejam-tratar-varizes-sintomaticas-devem-procurar-as-unidades-de-saude-da-familia-de-alagoinhas-ate-esta-quinta-feira-18\\\/#breadcrumblist\",\"itemListElement\":[{\"@type\":\"ListItem\",\"@id\":\"https:\\\/\\\/newsinfoco.com.br\\\/inicio#listItem\",\"position\":1,\"name\":\"In\\u00edcio\",\"item\":\"https:\\\/\\\/newsinfoco.com.br\\\/inicio\",\"nextItem\":{\"@type\":\"ListItem\",\"@id\":\"https:\\\/\\\/newsinfoco.com.br\\\/inicio\\\/category\\\/alagoinhas-e-regiao\\\/#listItem\",\"name\":\"Alagoinhas e Regi\\u00e3o\"}},{\"@type\":\"ListItem\",\"@id\":\"https:\\\/\\\/newsinfoco.com.br\\\/inicio\\\/category\\\/alagoinhas-e-regiao\\\/#listItem\",\"position\":2,\"name\":\"Alagoinhas e Regi\\u00e3o\",\"item\":\"https:\\\/\\\/newsinfoco.com.br\\\/inicio\\\/category\\\/alagoinhas-e-regiao\\\/\",\"nextItem\":{\"@type\":\"ListItem\",\"@id\":\"https:\\\/\\\/newsinfoco.com.br\\\/inicio\\\/pacientes-que-desejam-tratar-varizes-sintomaticas-devem-procurar-as-unidades-de-saude-da-familia-de-alagoinhas-ate-esta-quinta-feira-18\\\/#listItem\",\"name\":\"Pacientes que desejam tratar varizes sintom\\u00e1ticas devem procurar as Unidades de Sa\\u00fade da Fam\\u00edlia de Alagoinhas at\\u00e9 esta quinta-feira (18)\"},\"previousItem\":{\"@type\":\"ListItem\",\"@id\":\"https:\\\/\\\/newsinfoco.com.br\\\/inicio#listItem\",\"name\":\"In\\u00edcio\"}},{\"@type\":\"ListItem\",\"@id\":\"https:\\\/\\\/newsinfoco.com.br\\\/inicio\\\/pacientes-que-desejam-tratar-varizes-sintomaticas-devem-procurar-as-unidades-de-saude-da-familia-de-alagoinhas-ate-esta-quinta-feira-18\\\/#listItem\",\"position\":3,\"name\":\"Pacientes que desejam tratar varizes sintom\\u00e1ticas devem procurar as Unidades de Sa\\u00fade da Fam\\u00edlia de Alagoinhas at\\u00e9 esta quinta-feira (18)\",\"previousItem\":{\"@type\":\"ListItem\",\"@id\":\"https:\\\/\\\/newsinfoco.com.br\\\/inicio\\\/category\\\/alagoinhas-e-regiao\\\/#listItem\",\"name\":\"Alagoinhas e Regi\\u00e3o\"}}]},{\"@type\":\"Organization\",\"@id\":\"https:\\\/\\\/newsinfoco.com.br\\\/inicio\\\/#organization\",\"name\":\"News In Foco - Editado por Caio Pimenta\",\"description\":\"O principal site de noticias de Alagoinhas e regi\\u00e3o\",\"url\":\"https:\\\/\\\/newsinfoco.com.br\\\/inicio\\\/\"},{\"@type\":\"Person\",\"@id\":\"https:\\\/\\\/newsinfoco.com.br\\\/inicio\\\/author\\\/administrador\\\/#author\",\"url\":\"https:\\\/\\\/newsinfoco.com.br\\\/inicio\\\/author\\\/administrador\\\/\",\"name\":\"administrador\",\"image\":{\"@type\":\"ImageObject\",\"@id\":\"https:\\\/\\\/newsinfoco.com.br\\\/inicio\\\/pacientes-que-desejam-tratar-varizes-sintomaticas-devem-procurar-as-unidades-de-saude-da-familia-de-alagoinhas-ate-esta-quinta-feira-18\\\/#authorImage\",\"url\":\"https:\\\/\\\/secure.gravatar.com\\\/avatar\\\/c17a617433de8c1dc9584bb79aab7563b46f5bb7e1728c9b17d9cc3ce6a08e49?s=96&d=mm&r=g\",\"width\":96,\"height\":96,\"caption\":\"administrador\"}},{\"@type\":\"WebPage\",\"@id\":\"https:\\\/\\\/newsinfoco.com.br\\\/inicio\\\/pacientes-que-desejam-tratar-varizes-sintomaticas-devem-procurar-as-unidades-de-saude-da-familia-de-alagoinhas-ate-esta-quinta-feira-18\\\/#webpage\",\"url\":\"https:\\\/\\\/newsinfoco.com.br\\\/inicio\\\/pacientes-que-desejam-tratar-varizes-sintomaticas-devem-procurar-as-unidades-de-saude-da-familia-de-alagoinhas-ate-esta-quinta-feira-18\\\/\",\"name\":\"Pacientes que desejam tratar varizes sintom\\u00e1ticas devem procurar as Unidades de Sa\\u00fade da Fam\\u00edlia de Alagoinhas at\\u00e9 esta quinta-feira (18) - News In Foco - Editado por Caio Pimenta\",\"description\":\"Come\\u00e7ou, nesta ter\\u00e7a-feira (16), nas Unidades de Sa\\u00fade da Fam\\u00edlia, o cadastramento de pacientes para tratamento de varizes, feito pela Prefeitura de Alagoinhas, por meio da Secretaria de Sa\\u00fade (SESAU). As pessoas interessadas devem realizar a inscri\\u00e7\\u00e3o at\\u00e9 quinta-feira (18), das 13h as 16h. Os procedimentos m\\u00e9dicos, ap\\u00f3s triagem, ser\\u00e3o realizados de 29 a 31\",\"inLanguage\":\"pt-BR\",\"isPartOf\":{\"@id\":\"https:\\\/\\\/newsinfoco.com.br\\\/inicio\\\/#website\"},\"breadcrumb\":{\"@id\":\"https:\\\/\\\/newsinfoco.com.br\\\/inicio\\\/pacientes-que-desejam-tratar-varizes-sintomaticas-devem-procurar-as-unidades-de-saude-da-familia-de-alagoinhas-ate-esta-quinta-feira-18\\\/#breadcrumblist\"},\"author\":{\"@id\":\"https:\\\/\\\/newsinfoco.com.br\\\/inicio\\\/author\\\/administrador\\\/#author\"},\"creator\":{\"@id\":\"https:\\\/\\\/newsinfoco.com.br\\\/inicio\\\/author\\\/administrador\\\/#author\"},\"image\":{\"@type\":\"ImageObject\",\"url\":\"https:\\\/\\\/newsinfoco.com.br\\\/inicio\\\/wp-content\\\/uploads\\\/2022\\\/08\\\/DEE1B482-EF88-4B52-99A3-205D973FD243-550x368-1.jpeg\",\"@id\":\"https:\\\/\\\/newsinfoco.com.br\\\/inicio\\\/pacientes-que-desejam-tratar-varizes-sintomaticas-devem-procurar-as-unidades-de-saude-da-familia-de-alagoinhas-ate-esta-quinta-feira-18\\\/#mainImage\",\"width\":550,\"height\":368},\"primaryImageOfPage\":{\"@id\":\"https:\\\/\\\/newsinfoco.com.br\\\/inicio\\\/pacientes-que-desejam-tratar-varizes-sintomaticas-devem-procurar-as-unidades-de-saude-da-familia-de-alagoinhas-ate-esta-quinta-feira-18\\\/#mainImage\"},\"datePublished\":\"2022-08-17T12:55:53-03:00\",\"dateModified\":\"2022-08-17T12:56:46-03:00\"},{\"@type\":\"WebSite\",\"@id\":\"https:\\\/\\\/newsinfoco.com.br\\\/inicio\\\/#website\",\"url\":\"https:\\\/\\\/newsinfoco.com.br\\\/inicio\\\/\",\"name\":\"News In Foco - Editado por Caio Pimenta\",\"description\":\"O principal site de noticias de Alagoinhas e regi\\u00e3o\",\"inLanguage\":\"pt-BR\",\"publisher\":{\"@id\":\"https:\\\/\\\/newsinfoco.com.br\\\/inicio\\\/#organization\"}}]}\n\t\t<\/script>\n\t\t<!-- All in One SEO -->\n\n","aioseo_head_json":{"title":"Pacientes que desejam tratar varizes sintom\u00e1ticas devem procurar as Unidades de Sa\u00fade da Fam\u00edlia de Alagoinhas at\u00e9 esta quinta-feira (18) - News In Foco - Editado por Caio Pimenta","description":"Come\u00e7ou, nesta ter\u00e7a-feira (16), nas Unidades de Sa\u00fade da Fam\u00edlia, o cadastramento de pacientes para tratamento de varizes, feito pela Prefeitura de Alagoinhas, por meio da Secretaria de Sa\u00fade (SESAU). As pessoas interessadas devem realizar a inscri\u00e7\u00e3o at\u00e9 quinta-feira (18), das 13h as 16h. Os procedimentos m\u00e9dicos, ap\u00f3s triagem, ser\u00e3o realizados de 29 a 31","canonical_url":"https:\/\/newsinfoco.com.br\/inicio\/pacientes-que-desejam-tratar-varizes-sintomaticas-devem-procurar-as-unidades-de-saude-da-familia-de-alagoinhas-ate-esta-quinta-feira-18\/","robots":"max-image-preview:large","keywords":"","webmasterTools":{"miscellaneous":""},"schema":{"@context":"https:\/\/schema.org","@graph":[{"@type":"BlogPosting","@id":"https:\/\/newsinfoco.com.br\/inicio\/pacientes-que-desejam-tratar-varizes-sintomaticas-devem-procurar-as-unidades-de-saude-da-familia-de-alagoinhas-ate-esta-quinta-feira-18\/#blogposting","name":"Pacientes que desejam tratar varizes sintom\u00e1ticas devem procurar as Unidades de Sa\u00fade da Fam\u00edlia de Alagoinhas at\u00e9 esta quinta-feira (18) - News In Foco - Editado por Caio Pimenta","headline":"Pacientes que desejam tratar varizes sintom\u00e1ticas devem procurar as Unidades de Sa\u00fade da Fam\u00edlia de Alagoinhas at\u00e9 esta quinta-feira (18)","author":{"@id":"https:\/\/newsinfoco.com.br\/inicio\/author\/administrador\/#author"},"publisher":{"@id":"https:\/\/newsinfoco.com.br\/inicio\/#organization"},"image":{"@type":"ImageObject","url":"https:\/\/newsinfoco.com.br\/inicio\/wp-content\/uploads\/2022\/08\/DEE1B482-EF88-4B52-99A3-205D973FD243-550x368-1.jpeg","width":550,"height":368},"datePublished":"2022-08-17T12:55:53-03:00","dateModified":"2022-08-17T12:56:46-03:00","inLanguage":"pt-BR","mainEntityOfPage":{"@id":"https:\/\/newsinfoco.com.br\/inicio\/pacientes-que-desejam-tratar-varizes-sintomaticas-devem-procurar-as-unidades-de-saude-da-familia-de-alagoinhas-ate-esta-quinta-feira-18\/#webpage"},"isPartOf":{"@id":"https:\/\/newsinfoco.com.br\/inicio\/pacientes-que-desejam-tratar-varizes-sintomaticas-devem-procurar-as-unidades-de-saude-da-familia-de-alagoinhas-ate-esta-quinta-feira-18\/#webpage"},"articleSection":"Alagoinhas e Regi\u00e3o, Manchete"},{"@type":"BreadcrumbList","@id":"https:\/\/newsinfoco.com.br\/inicio\/pacientes-que-desejam-tratar-varizes-sintomaticas-devem-procurar-as-unidades-de-saude-da-familia-de-alagoinhas-ate-esta-quinta-feira-18\/#breadcrumblist","itemListElement":[{"@type":"ListItem","@id":"https:\/\/newsinfoco.com.br\/inicio#listItem","position":1,"name":"In\u00edcio","item":"https:\/\/newsinfoco.com.br\/inicio","nextItem":{"@type":"ListItem","@id":"https:\/\/newsinfoco.com.br\/inicio\/category\/alagoinhas-e-regiao\/#listItem","name":"Alagoinhas e Regi\u00e3o"}},{"@type":"ListItem","@id":"https:\/\/newsinfoco.com.br\/inicio\/category\/alagoinhas-e-regiao\/#listItem","position":2,"name":"Alagoinhas e Regi\u00e3o","item":"https:\/\/newsinfoco.com.br\/inicio\/category\/alagoinhas-e-regiao\/","nextItem":{"@type":"ListItem","@id":"https:\/\/newsinfoco.com.br\/inicio\/pacientes-que-desejam-tratar-varizes-sintomaticas-devem-procurar-as-unidades-de-saude-da-familia-de-alagoinhas-ate-esta-quinta-feira-18\/#listItem","name":"Pacientes que desejam tratar varizes sintom\u00e1ticas devem procurar as Unidades de Sa\u00fade da Fam\u00edlia de Alagoinhas at\u00e9 esta quinta-feira (18)"},"previousItem":{"@type":"ListItem","@id":"https:\/\/newsinfoco.com.br\/inicio#listItem","name":"In\u00edcio"}},{"@type":"ListItem","@id":"https:\/\/newsinfoco.com.br\/inicio\/pacientes-que-desejam-tratar-varizes-sintomaticas-devem-procurar-as-unidades-de-saude-da-familia-de-alagoinhas-ate-esta-quinta-feira-18\/#listItem","position":3,"name":"Pacientes que desejam tratar varizes sintom\u00e1ticas devem procurar as Unidades de Sa\u00fade da Fam\u00edlia de Alagoinhas at\u00e9 esta quinta-feira (18)","previousItem":{"@type":"ListItem","@id":"https:\/\/newsinfoco.com.br\/inicio\/category\/alagoinhas-e-regiao\/#listItem","name":"Alagoinhas e Regi\u00e3o"}}]},{"@type":"Organization","@id":"https:\/\/newsinfoco.com.br\/inicio\/#organization","name":"News In Foco - Editado por Caio Pimenta","description":"O principal site de noticias de Alagoinhas e regi\u00e3o","url":"https:\/\/newsinfoco.com.br\/inicio\/"},{"@type":"Person","@id":"https:\/\/newsinfoco.com.br\/inicio\/author\/administrador\/#author","url":"https:\/\/newsinfoco.com.br\/inicio\/author\/administrador\/","name":"administrador","image":{"@type":"ImageObject","@id":"https:\/\/newsinfoco.com.br\/inicio\/pacientes-que-desejam-tratar-varizes-sintomaticas-devem-procurar-as-unidades-de-saude-da-familia-de-alagoinhas-ate-esta-quinta-feira-18\/#authorImage","url":"https:\/\/secure.gravatar.com\/avatar\/c17a617433de8c1dc9584bb79aab7563b46f5bb7e1728c9b17d9cc3ce6a08e49?s=96&d=mm&r=g","width":96,"height":96,"caption":"administrador"}},{"@type":"WebPage","@id":"https:\/\/newsinfoco.com.br\/inicio\/pacientes-que-desejam-tratar-varizes-sintomaticas-devem-procurar-as-unidades-de-saude-da-familia-de-alagoinhas-ate-esta-quinta-feira-18\/#webpage","url":"https:\/\/newsinfoco.com.br\/inicio\/pacientes-que-desejam-tratar-varizes-sintomaticas-devem-procurar-as-unidades-de-saude-da-familia-de-alagoinhas-ate-esta-quinta-feira-18\/","name":"Pacientes que desejam tratar varizes sintom\u00e1ticas devem procurar as Unidades de Sa\u00fade da Fam\u00edlia de Alagoinhas at\u00e9 esta quinta-feira (18) - News In Foco - Editado por Caio Pimenta","description":"Come\u00e7ou, nesta ter\u00e7a-feira (16), nas Unidades de Sa\u00fade da Fam\u00edlia, o cadastramento de pacientes para tratamento de varizes, feito pela Prefeitura de Alagoinhas, por meio da Secretaria de Sa\u00fade (SESAU). As pessoas interessadas devem realizar a inscri\u00e7\u00e3o at\u00e9 quinta-feira (18), das 13h as 16h. Os procedimentos m\u00e9dicos, ap\u00f3s triagem, ser\u00e3o realizados de 29 a 31","inLanguage":"pt-BR","isPartOf":{"@id":"https:\/\/newsinfoco.com.br\/inicio\/#website"},"breadcrumb":{"@id":"https:\/\/newsinfoco.com.br\/inicio\/pacientes-que-desejam-tratar-varizes-sintomaticas-devem-procurar-as-unidades-de-saude-da-familia-de-alagoinhas-ate-esta-quinta-feira-18\/#breadcrumblist"},"author":{"@id":"https:\/\/newsinfoco.com.br\/inicio\/author\/administrador\/#author"},"creator":{"@id":"https:\/\/newsinfoco.com.br\/inicio\/author\/administrador\/#author"},"image":{"@type":"ImageObject","url":"https:\/\/newsinfoco.com.br\/inicio\/wp-content\/uploads\/2022\/08\/DEE1B482-EF88-4B52-99A3-205D973FD243-550x368-1.jpeg","@id":"https:\/\/newsinfoco.com.br\/inicio\/pacientes-que-desejam-tratar-varizes-sintomaticas-devem-procurar-as-unidades-de-saude-da-familia-de-alagoinhas-ate-esta-quinta-feira-18\/#mainImage","width":550,"height":368},"primaryImageOfPage":{"@id":"https:\/\/newsinfoco.com.br\/inicio\/pacientes-que-desejam-tratar-varizes-sintomaticas-devem-procurar-as-unidades-de-saude-da-familia-de-alagoinhas-ate-esta-quinta-feira-18\/#mainImage"},"datePublished":"2022-08-17T12:55:53-03:00","dateModified":"2022-08-17T12:56:46-03:00"},{"@type":"WebSite","@id":"https:\/\/newsinfoco.com.br\/inicio\/#website","url":"https:\/\/newsinfoco.com.br\/inicio\/","name":"News In Foco - Editado por Caio Pimenta","description":"O principal site de noticias de Alagoinhas e regi\u00e3o","inLanguage":"pt-BR","publisher":{"@id":"https:\/\/newsinfoco.com.br\/inicio\/#organization"}}]},"og:locale":"pt_BR","og:site_name":"News In Foco - Editado por Caio Pimenta - O principal site de noticias de Alagoinhas e regi\u00e3o","og:type":"article","og:title":"Pacientes que desejam tratar varizes sintom\u00e1ticas devem procurar as Unidades de Sa\u00fade da Fam\u00edlia de Alagoinhas at\u00e9 esta quinta-feira (18) - News In Foco - Editado por Caio Pimenta","og:description":"Come\u00e7ou, nesta ter\u00e7a-feira (16), nas Unidades de Sa\u00fade da Fam\u00edlia, o cadastramento de pacientes para tratamento de varizes, feito pela Prefeitura de Alagoinhas, por meio da Secretaria de Sa\u00fade (SESAU). As pessoas interessadas devem realizar a inscri\u00e7\u00e3o at\u00e9 quinta-feira (18), das 13h as 16h. Os procedimentos m\u00e9dicos, ap\u00f3s triagem, ser\u00e3o realizados de 29 a 31","og:url":"https:\/\/newsinfoco.com.br\/inicio\/pacientes-que-desejam-tratar-varizes-sintomaticas-devem-procurar-as-unidades-de-saude-da-familia-de-alagoinhas-ate-esta-quinta-feira-18\/","article:published_time":"2022-08-17T15:55:53+00:00","article:modified_time":"2022-08-17T15:56:46+00:00","twitter:card":"summary_large_image","twitter:title":"Pacientes que desejam tratar varizes sintom\u00e1ticas devem procurar as Unidades de Sa\u00fade da Fam\u00edlia de Alagoinhas at\u00e9 esta quinta-feira (18) - News In Foco - Editado por Caio Pimenta","twitter:description":"Come\u00e7ou, nesta ter\u00e7a-feira (16), nas Unidades de Sa\u00fade da Fam\u00edlia, o cadastramento de pacientes para tratamento de varizes, feito pela Prefeitura de Alagoinhas, por meio da Secretaria de Sa\u00fade (SESAU). As pessoas interessadas devem realizar a inscri\u00e7\u00e3o at\u00e9 quinta-feira (18), das 13h as 16h. Os procedimentos m\u00e9dicos, ap\u00f3s triagem, ser\u00e3o realizados de 29 a 31"},"aioseo_meta_data":{"post_id":"31248","title":null,"description":null,"keywords":null,"keyphrases":null,"primary_term":null,"canonical_url":null,"og_title":null,"og_description":null,"og_object_type":"default","og_image_type":"default","og_image_url":null,"og_image_width":null,"og_image_height":null,"og_image_custom_url":null,"og_image_custom_fields":null,"og_video":null,"og_custom_url":null,"og_article_section":null,"og_article_tags":null,"twitter_use_og":false,"twitter_card":"default","twitter_image_type":"default","twitter_image_url":null,"twitter_image_custom_url":null,"twitter_image_custom_fields":null,"twitter_title":null,"twitter_description":null,"schema":{"blockGraphs":[],"customGraphs":[],"default":{"data":{"Article":[],"Course":[],"Dataset":[],"FAQPage":[],"Movie":[],"Person":[],"Product":[],"ProductReview":[],"Car":[],"Recipe":[],"Service":[],"SoftwareApplication":[],"WebPage":[]},"graphName":"","isEnabled":true},"graphs":[]},"schema_type":"default","schema_type_options":null,"pillar_content":false,"robots_default":true,"robots_noindex":false,"robots_noarchive":false,"robots_nosnippet":false,"robots_nofollow":false,"robots_noimageindex":false,"robots_noodp":false,"robots_notranslate":false,"robots_max_snippet":null,"robots_max_videopreview":null,"robots_max_imagepreview":"large","priority":null,"frequency":null,"local_seo":null,"breadcrumb_settings":null,"limit_modified_date":false,"ai":null,"created":"2023-06-12 22:01:46","updated":"2025-07-11 08:15:57","seo_analyzer_scan_date":null},"aioseo_breadcrumb":"<div class=\"aioseo-breadcrumbs\"><span class=\"aioseo-breadcrumb\">\n\t\t\t<a href=\"https:\/\/newsinfoco.com.br\/inicio\" title=\"In\u00edcio\">In\u00edcio<\/a>\n\t\t<\/span><span class=\"aioseo-breadcrumb-separator\">&raquo;<\/span><span class=\"aioseo-breadcrumb\">\n\t\t\t<a href=\"https:\/\/newsinfoco.com.br\/inicio\/category\/alagoinhas-e-regiao\/\" title=\"Alagoinhas e Regi\u00e3o\">Alagoinhas e Regi\u00e3o<\/a>\n\t\t<\/span><span class=\"aioseo-breadcrumb-separator\">&raquo;<\/span><span class=\"aioseo-breadcrumb\">\n\t\t\tPacientes que desejam tratar varizes sintom\u00e1ticas devem procurar as Unidades de Sa\u00fade da Fam\u00edlia de Alagoinhas at\u00e9 esta quinta-feira (18)\n\t\t<\/span><\/div>","aioseo_breadcrumb_json":[{"label":"In\u00edcio","link":"https:\/\/newsinfoco.com.br\/inicio"},{"label":"Alagoinhas e Regi\u00e3o","link":"https:\/\/newsinfoco.com.br\/inicio\/category\/alagoinhas-e-regiao\/"},{"label":"Pacientes que desejam tratar varizes sintom\u00e1ticas devem procurar as Unidades de Sa\u00fade da Fam\u00edlia de Alagoinhas at\u00e9 esta quinta-feira (18)","link":"https:\/\/newsinfoco.com.br\/inicio\/pacientes-que-desejam-tratar-varizes-sintomaticas-devem-procurar-as-unidades-de-saude-da-familia-de-alagoinhas-ate-esta-quinta-feira-18\/"}],"_links":{"self":[{"href":"https:\/\/newsinfoco.com.br\/inicio\/wp-json\/wp\/v2\/posts\/31248","targetHints":{"allow":["GET"]}}],"collection":[{"href":"https:\/\/newsinfoco.com.br\/inicio\/wp-json\/wp\/v2\/posts"}],"about":[{"href":"https:\/\/newsinfoco.com.br\/inicio\/wp-json\/wp\/v2\/types\/post"}],"author":[{"embeddable":true,"href":"https:\/\/newsinfoco.com.br\/inicio\/wp-json\/wp\/v2\/users\/1"}],"replies":[{"embeddable":true,"href":"https:\/\/newsinfoco.com.br\/inicio\/wp-json\/wp\/v2\/comments?post=31248"}],"version-history":[{"count":2,"href":"https:\/\/newsinfoco.com.br\/inicio\/wp-json\/wp\/v2\/posts\/31248\/revisions"}],"predecessor-version":[{"id":31251,"href":"https:\/\/newsinfoco.com.br\/inicio\/wp-json\/wp\/v2\/posts\/31248\/revisions\/31251"}],"wp:featuredmedia":[{"embeddable":true,"href":"https:\/\/newsinfoco.com.br\/inicio\/wp-json\/wp\/v2\/media\/31249"}],"wp:attachment":[{"href":"https:\/\/newsinfoco.com.br\/inicio\/wp-json\/wp\/v2\/media?parent=31248"}],"wp:term":[{"taxonomy":"category","embeddable":true,"href":"https:\/\/newsinfoco.com.br\/inicio\/wp-json\/wp\/v2\/categories?post=31248"},{"taxonomy":"post_tag","embeddable":true,"href":"https:\/\/newsinfoco.com.br\/inicio\/wp-json\/wp\/v2\/tags?post=31248"}],"curies":[{"name":"wp","href":"https:\/\/api.w.org\/{rel}","templated":true}]}}