{"id":31850,"date":"2022-11-09T15:13:10","date_gmt":"2022-11-09T18:13:10","guid":{"rendered":"https:\/\/newsinfoco.com.br\/inicio\/?p=31850"},"modified":"2022-11-09T15:16:20","modified_gmt":"2022-11-09T18:16:20","slug":"camara-de-vereadores-de-alagoinhas-quer-ouvir-smtt-sobre-a-nao-habilitacao-do-municipio-em-programa-federal-que-destinaria-r-3-milhoes-para-o-transporte-publico","status":"publish","type":"post","link":"https:\/\/newsinfoco.com.br\/inicio\/camara-de-vereadores-de-alagoinhas-quer-ouvir-smtt-sobre-a-nao-habilitacao-do-municipio-em-programa-federal-que-destinaria-r-3-milhoes-para-o-transporte-publico\/","title":{"rendered":"C\u00e2mara de Vereadores de Alagoinhas quer ouvir SMTT sobre a n\u00e3o habilita\u00e7\u00e3o do munic\u00edpio em programa federal que destinaria R$ 3 milh\u00f5es para o transporte p\u00fablico"},"content":{"rendered":"<p>Os vereadores de Alagoinhas, em sess\u00e3o parlamentar realizada no dia de ontem(08), aprovaram requerimento convidando o superintendente de transporte e tr\u00e2nsito de Alagoinhas(SMTT), Andr\u00e9 Barros, para prestar esclarecimentos sobre o motivo pelo qual o munic\u00edpio n\u00e3o se habilitou no programa federal que destina recursos para financiamento do sistema de transporte p\u00fablico.<\/p>\n<p>O site News Infoco, em mat\u00e9ria publicada no dia 23 de setembro deste ano, revelou que o munic\u00edpio n\u00e3o constava na lista de cidades divulgada pelo Minist\u00e9rio do Desenvolvimento Regional(MDR) que receberiam recursos federais destinadas \u00e0 manuten\u00e7\u00e3o do servi\u00e7o de transporte p\u00fablico urbano.<\/p>\n<p>Estados e munic\u00edpios partilharam cerca de R$ R$ 2,5 bilh\u00f5es entre os Entes federados com sistemas p\u00fablicos de transporte operando regularmente em seus territ\u00f3rios. De acordo com a regulamenta\u00e7\u00e3o, o valor transferido levou em conta a classifica\u00e7\u00e3o de cada munic\u00edpio. Assim, as cidades habilitadas receberiam entre 70% ou 100% do Valor por Idoso, multiplicado pela sua popula\u00e7\u00e3o maior que 65 anos. Seguindo essa m\u00e9trica, Alagoinhas, caso estivesse habilitada, teria direito a receber cerca de R$ 3 milh\u00f5es que obrigatoriamente deveriam ser utilizados no sistema de transporte p\u00fablico, podendo ser revertido em diminui\u00e7\u00e3o no valor da passagem para o usu\u00e1rio pagamento ou mesmo na renova\u00e7\u00e3o de frota existente no munic\u00edpio.<\/p>\n<p>At\u00e9 o momento a SMTT, \u00f3rg\u00e3o respons\u00e1vel pela gest\u00e3o do transporte e tr\u00e2nsito da cidade, n\u00e3o emitiu nenhuma nota p\u00fablica sobre o fato.<\/p>\n<p>Por Caio Pimenta para o News Infoco<\/p>\n<div class='share-to-whatsapp-wrapper'><div class='share-on-whsp'>Share on: <\/div><a data-text='C\u00e2mara de Vereadores de Alagoinhas quer ouvir SMTT sobre a n\u00e3o habilita\u00e7\u00e3o do munic\u00edpio em programa federal que destinaria R$ 3 milh\u00f5es para o transporte p\u00fablico' data-link='https:\/\/newsinfoco.com.br\/inicio\/camara-de-vereadores-de-alagoinhas-quer-ouvir-smtt-sobre-a-nao-habilitacao-do-municipio-em-programa-federal-que-destinaria-r-3-milhoes-para-o-transporte-publico\/' class='whatsapp-button whatsapp-share'>WhatsApp<\/a><div class='clear '><\/div><\/div>","protected":false},"excerpt":{"rendered":"<p>Os vereadores de Alagoinhas, em sess\u00e3o parlamentar realizada no dia de ontem(08), aprovaram requerimento convidando o superintendente de transporte e tr\u00e2nsito de Alagoinhas(SMTT), Andr\u00e9 Barros, para prestar esclarecimentos sobre o motivo pelo qual o munic\u00edpio n\u00e3o se habilitou no programa federal que destina recursos para financiamento do sistema de transporte p\u00fablico. O site News Infoco, [&hellip;]<\/p>\n","protected":false},"author":1,"featured_media":29476,"comment_status":"closed","ping_status":"closed","sticky":false,"template":"","format":"standard","meta":{"om_disable_all_campaigns":false,"rop_custom_images_group":[],"rop_custom_messages_group":[],"rop_publish_now":"initial","rop_publish_now_accounts":[],"rop_publish_now_history":[],"rop_publish_now_status":"pending","_exactmetrics_skip_tracking":false,"footnotes":""},"categories":[38,167],"tags":[],"class_list":["post-31850","post","type-post","status-publish","format-standard","has-post-thumbnail","hentry","category-alagoinhas-e-regiao","category-exclusivas"],"aioseo_notices":[],"aioseo_head":"\n\t\t<!-- All in One SEO 4.9.10 - aioseo.com -->\n\t<meta name=\"description\" content=\"Os vereadores de Alagoinhas, em sess\u00e3o parlamentar realizada no dia de ontem(08), aprovaram requerimento convidando o superintendente de transporte e tr\u00e2nsito de Alagoinhas(SMTT), Andr\u00e9 Barros, para prestar esclarecimentos sobre o motivo pelo qual o munic\u00edpio n\u00e3o se habilitou no programa federal que destina recursos para financiamento do sistema de transporte p\u00fablico. O site News Infoco,\" \/>\n\t<meta name=\"robots\" content=\"max-image-preview:large\" \/>\n\t<meta name=\"author\" content=\"administrador\"\/>\n\t<link rel=\"canonical\" href=\"https:\/\/newsinfoco.com.br\/inicio\/camara-de-vereadores-de-alagoinhas-quer-ouvir-smtt-sobre-a-nao-habilitacao-do-municipio-em-programa-federal-que-destinaria-r-3-milhoes-para-o-transporte-publico\/\" \/>\n\t<meta name=\"generator\" content=\"All in One SEO (AIOSEO) 4.9.10\" \/>\n\t\t<meta property=\"og:locale\" content=\"pt_BR\" \/>\n\t\t<meta property=\"og:site_name\" content=\"News In Foco - Editado por Caio Pimenta - O principal site de noticias de Alagoinhas e regi\u00e3o\" \/>\n\t\t<meta property=\"og:type\" content=\"article\" \/>\n\t\t<meta property=\"og:title\" content=\"C\u00e2mara de Vereadores de Alagoinhas quer ouvir SMTT sobre a n\u00e3o habilita\u00e7\u00e3o do munic\u00edpio em programa federal que destinaria R$ 3 milh\u00f5es para o transporte p\u00fablico - News In Foco - Editado por Caio Pimenta\" \/>\n\t\t<meta property=\"og:description\" content=\"Os vereadores de Alagoinhas, em sess\u00e3o parlamentar realizada no dia de ontem(08), aprovaram requerimento convidando o superintendente de transporte e tr\u00e2nsito de Alagoinhas(SMTT), Andr\u00e9 Barros, para prestar esclarecimentos sobre o motivo pelo qual o munic\u00edpio n\u00e3o se habilitou no programa federal que destina recursos para financiamento do sistema de transporte p\u00fablico. O site News Infoco,\" \/>\n\t\t<meta property=\"og:url\" content=\"https:\/\/newsinfoco.com.br\/inicio\/camara-de-vereadores-de-alagoinhas-quer-ouvir-smtt-sobre-a-nao-habilitacao-do-municipio-em-programa-federal-que-destinaria-r-3-milhoes-para-o-transporte-publico\/\" \/>\n\t\t<meta property=\"article:published_time\" content=\"2022-11-09T18:13:10+00:00\" \/>\n\t\t<meta property=\"article:modified_time\" content=\"2022-11-09T18:16:20+00:00\" \/>\n\t\t<meta name=\"twitter:card\" content=\"summary_large_image\" \/>\n\t\t<meta name=\"twitter:title\" content=\"C\u00e2mara de Vereadores de Alagoinhas quer ouvir SMTT sobre a n\u00e3o habilita\u00e7\u00e3o do munic\u00edpio em programa federal que destinaria R$ 3 milh\u00f5es para o transporte p\u00fablico - News In Foco - Editado por Caio Pimenta\" \/>\n\t\t<meta name=\"twitter:description\" content=\"Os vereadores de Alagoinhas, em sess\u00e3o parlamentar realizada no dia de ontem(08), aprovaram requerimento convidando o superintendente de transporte e tr\u00e2nsito de Alagoinhas(SMTT), Andr\u00e9 Barros, para prestar esclarecimentos sobre o motivo pelo qual o munic\u00edpio n\u00e3o se habilitou no programa federal que destina recursos para financiamento do sistema de transporte p\u00fablico. O site News Infoco,\" \/>\n\t\t<script type=\"application\/ld+json\" class=\"aioseo-schema\">\n\t\t\t{\"@context\":\"https:\\\/\\\/schema.org\",\"@graph\":[{\"@type\":\"BlogPosting\",\"@id\":\"https:\\\/\\\/newsinfoco.com.br\\\/inicio\\\/camara-de-vereadores-de-alagoinhas-quer-ouvir-smtt-sobre-a-nao-habilitacao-do-municipio-em-programa-federal-que-destinaria-r-3-milhoes-para-o-transporte-publico\\\/#blogposting\",\"name\":\"C\\u00e2mara de Vereadores de Alagoinhas quer ouvir SMTT sobre a n\\u00e3o habilita\\u00e7\\u00e3o do munic\\u00edpio em programa federal que destinaria R$ 3 milh\\u00f5es para o transporte p\\u00fablico - News In Foco - Editado por Caio Pimenta\",\"headline\":\"C\\u00e2mara de Vereadores de Alagoinhas quer ouvir SMTT sobre a n\\u00e3o habilita\\u00e7\\u00e3o do munic\\u00edpio em programa federal que destinaria R$ 3 milh\\u00f5es para o transporte p\\u00fablico\",\"author\":{\"@id\":\"https:\\\/\\\/newsinfoco.com.br\\\/inicio\\\/author\\\/administrador\\\/#author\"},\"publisher\":{\"@id\":\"https:\\\/\\\/newsinfoco.com.br\\\/inicio\\\/#organization\"},\"image\":{\"@type\":\"ImageObject\",\"url\":\"https:\\\/\\\/newsinfoco.com.br\\\/inicio\\\/wp-content\\\/uploads\\\/2022\\\/03\\\/andre.jpg\",\"width\":640,\"height\":640},\"datePublished\":\"2022-11-09T15:13:10-03:00\",\"dateModified\":\"2022-11-09T15:16:20-03:00\",\"inLanguage\":\"pt-BR\",\"mainEntityOfPage\":{\"@id\":\"https:\\\/\\\/newsinfoco.com.br\\\/inicio\\\/camara-de-vereadores-de-alagoinhas-quer-ouvir-smtt-sobre-a-nao-habilitacao-do-municipio-em-programa-federal-que-destinaria-r-3-milhoes-para-o-transporte-publico\\\/#webpage\"},\"isPartOf\":{\"@id\":\"https:\\\/\\\/newsinfoco.com.br\\\/inicio\\\/camara-de-vereadores-de-alagoinhas-quer-ouvir-smtt-sobre-a-nao-habilitacao-do-municipio-em-programa-federal-que-destinaria-r-3-milhoes-para-o-transporte-publico\\\/#webpage\"},\"articleSection\":\"Alagoinhas e Regi\\u00e3o, Manchete\"},{\"@type\":\"BreadcrumbList\",\"@id\":\"https:\\\/\\\/newsinfoco.com.br\\\/inicio\\\/camara-de-vereadores-de-alagoinhas-quer-ouvir-smtt-sobre-a-nao-habilitacao-do-municipio-em-programa-federal-que-destinaria-r-3-milhoes-para-o-transporte-publico\\\/#breadcrumblist\",\"itemListElement\":[{\"@type\":\"ListItem\",\"@id\":\"https:\\\/\\\/newsinfoco.com.br\\\/inicio#listItem\",\"position\":1,\"name\":\"In\\u00edcio\",\"item\":\"https:\\\/\\\/newsinfoco.com.br\\\/inicio\",\"nextItem\":{\"@type\":\"ListItem\",\"@id\":\"https:\\\/\\\/newsinfoco.com.br\\\/inicio\\\/category\\\/alagoinhas-e-regiao\\\/#listItem\",\"name\":\"Alagoinhas e Regi\\u00e3o\"}},{\"@type\":\"ListItem\",\"@id\":\"https:\\\/\\\/newsinfoco.com.br\\\/inicio\\\/category\\\/alagoinhas-e-regiao\\\/#listItem\",\"position\":2,\"name\":\"Alagoinhas e Regi\\u00e3o\",\"item\":\"https:\\\/\\\/newsinfoco.com.br\\\/inicio\\\/category\\\/alagoinhas-e-regiao\\\/\",\"nextItem\":{\"@type\":\"ListItem\",\"@id\":\"https:\\\/\\\/newsinfoco.com.br\\\/inicio\\\/camara-de-vereadores-de-alagoinhas-quer-ouvir-smtt-sobre-a-nao-habilitacao-do-municipio-em-programa-federal-que-destinaria-r-3-milhoes-para-o-transporte-publico\\\/#listItem\",\"name\":\"C\\u00e2mara de Vereadores de Alagoinhas quer ouvir SMTT sobre a n\\u00e3o habilita\\u00e7\\u00e3o do munic\\u00edpio em programa federal que destinaria R$ 3 milh\\u00f5es para o transporte p\\u00fablico\"},\"previousItem\":{\"@type\":\"ListItem\",\"@id\":\"https:\\\/\\\/newsinfoco.com.br\\\/inicio#listItem\",\"name\":\"In\\u00edcio\"}},{\"@type\":\"ListItem\",\"@id\":\"https:\\\/\\\/newsinfoco.com.br\\\/inicio\\\/camara-de-vereadores-de-alagoinhas-quer-ouvir-smtt-sobre-a-nao-habilitacao-do-municipio-em-programa-federal-que-destinaria-r-3-milhoes-para-o-transporte-publico\\\/#listItem\",\"position\":3,\"name\":\"C\\u00e2mara de Vereadores de Alagoinhas quer ouvir SMTT sobre a n\\u00e3o habilita\\u00e7\\u00e3o do munic\\u00edpio em programa federal que destinaria R$ 3 milh\\u00f5es para o transporte p\\u00fablico\",\"previousItem\":{\"@type\":\"ListItem\",\"@id\":\"https:\\\/\\\/newsinfoco.com.br\\\/inicio\\\/category\\\/alagoinhas-e-regiao\\\/#listItem\",\"name\":\"Alagoinhas e Regi\\u00e3o\"}}]},{\"@type\":\"Organization\",\"@id\":\"https:\\\/\\\/newsinfoco.com.br\\\/inicio\\\/#organization\",\"name\":\"News In Foco - Editado por Caio Pimenta\",\"description\":\"O principal site de noticias de Alagoinhas e regi\\u00e3o\",\"url\":\"https:\\\/\\\/newsinfoco.com.br\\\/inicio\\\/\"},{\"@type\":\"Person\",\"@id\":\"https:\\\/\\\/newsinfoco.com.br\\\/inicio\\\/author\\\/administrador\\\/#author\",\"url\":\"https:\\\/\\\/newsinfoco.com.br\\\/inicio\\\/author\\\/administrador\\\/\",\"name\":\"administrador\",\"image\":{\"@type\":\"ImageObject\",\"@id\":\"https:\\\/\\\/newsinfoco.com.br\\\/inicio\\\/camara-de-vereadores-de-alagoinhas-quer-ouvir-smtt-sobre-a-nao-habilitacao-do-municipio-em-programa-federal-que-destinaria-r-3-milhoes-para-o-transporte-publico\\\/#authorImage\",\"url\":\"https:\\\/\\\/secure.gravatar.com\\\/avatar\\\/c17a617433de8c1dc9584bb79aab7563b46f5bb7e1728c9b17d9cc3ce6a08e49?s=96&d=mm&r=g\",\"width\":96,\"height\":96,\"caption\":\"administrador\"}},{\"@type\":\"WebPage\",\"@id\":\"https:\\\/\\\/newsinfoco.com.br\\\/inicio\\\/camara-de-vereadores-de-alagoinhas-quer-ouvir-smtt-sobre-a-nao-habilitacao-do-municipio-em-programa-federal-que-destinaria-r-3-milhoes-para-o-transporte-publico\\\/#webpage\",\"url\":\"https:\\\/\\\/newsinfoco.com.br\\\/inicio\\\/camara-de-vereadores-de-alagoinhas-quer-ouvir-smtt-sobre-a-nao-habilitacao-do-municipio-em-programa-federal-que-destinaria-r-3-milhoes-para-o-transporte-publico\\\/\",\"name\":\"C\\u00e2mara de Vereadores de Alagoinhas quer ouvir SMTT sobre a n\\u00e3o habilita\\u00e7\\u00e3o do munic\\u00edpio em programa federal que destinaria R$ 3 milh\\u00f5es para o transporte p\\u00fablico - News In Foco - Editado por Caio Pimenta\",\"description\":\"Os vereadores de Alagoinhas, em sess\\u00e3o parlamentar realizada no dia de ontem(08), aprovaram requerimento convidando o superintendente de transporte e tr\\u00e2nsito de Alagoinhas(SMTT), Andr\\u00e9 Barros, para prestar esclarecimentos sobre o motivo pelo qual o munic\\u00edpio n\\u00e3o se habilitou no programa federal que destina recursos para financiamento do sistema de transporte p\\u00fablico. O site News Infoco,\",\"inLanguage\":\"pt-BR\",\"isPartOf\":{\"@id\":\"https:\\\/\\\/newsinfoco.com.br\\\/inicio\\\/#website\"},\"breadcrumb\":{\"@id\":\"https:\\\/\\\/newsinfoco.com.br\\\/inicio\\\/camara-de-vereadores-de-alagoinhas-quer-ouvir-smtt-sobre-a-nao-habilitacao-do-municipio-em-programa-federal-que-destinaria-r-3-milhoes-para-o-transporte-publico\\\/#breadcrumblist\"},\"author\":{\"@id\":\"https:\\\/\\\/newsinfoco.com.br\\\/inicio\\\/author\\\/administrador\\\/#author\"},\"creator\":{\"@id\":\"https:\\\/\\\/newsinfoco.com.br\\\/inicio\\\/author\\\/administrador\\\/#author\"},\"image\":{\"@type\":\"ImageObject\",\"url\":\"https:\\\/\\\/newsinfoco.com.br\\\/inicio\\\/wp-content\\\/uploads\\\/2022\\\/03\\\/andre.jpg\",\"@id\":\"https:\\\/\\\/newsinfoco.com.br\\\/inicio\\\/camara-de-vereadores-de-alagoinhas-quer-ouvir-smtt-sobre-a-nao-habilitacao-do-municipio-em-programa-federal-que-destinaria-r-3-milhoes-para-o-transporte-publico\\\/#mainImage\",\"width\":640,\"height\":640},\"primaryImageOfPage\":{\"@id\":\"https:\\\/\\\/newsinfoco.com.br\\\/inicio\\\/camara-de-vereadores-de-alagoinhas-quer-ouvir-smtt-sobre-a-nao-habilitacao-do-municipio-em-programa-federal-que-destinaria-r-3-milhoes-para-o-transporte-publico\\\/#mainImage\"},\"datePublished\":\"2022-11-09T15:13:10-03:00\",\"dateModified\":\"2022-11-09T15:16:20-03:00\"},{\"@type\":\"WebSite\",\"@id\":\"https:\\\/\\\/newsinfoco.com.br\\\/inicio\\\/#website\",\"url\":\"https:\\\/\\\/newsinfoco.com.br\\\/inicio\\\/\",\"name\":\"News In Foco - Editado por Caio Pimenta\",\"description\":\"O principal site de noticias de Alagoinhas e regi\\u00e3o\",\"inLanguage\":\"pt-BR\",\"publisher\":{\"@id\":\"https:\\\/\\\/newsinfoco.com.br\\\/inicio\\\/#organization\"}}]}\n\t\t<\/script>\n\t\t<!-- All in One SEO -->\n\n","aioseo_head_json":{"title":"C\u00e2mara de Vereadores de Alagoinhas quer ouvir SMTT sobre a n\u00e3o habilita\u00e7\u00e3o do munic\u00edpio em programa federal que destinaria R$ 3 milh\u00f5es para o transporte p\u00fablico - News In Foco - Editado por Caio Pimenta","description":"Os vereadores de Alagoinhas, em sess\u00e3o parlamentar realizada no dia de ontem(08), aprovaram requerimento convidando o superintendente de transporte e tr\u00e2nsito de Alagoinhas(SMTT), Andr\u00e9 Barros, para prestar esclarecimentos sobre o motivo pelo qual o munic\u00edpio n\u00e3o se habilitou no programa federal que destina recursos para financiamento do sistema de transporte p\u00fablico. O site News Infoco,","canonical_url":"https:\/\/newsinfoco.com.br\/inicio\/camara-de-vereadores-de-alagoinhas-quer-ouvir-smtt-sobre-a-nao-habilitacao-do-municipio-em-programa-federal-que-destinaria-r-3-milhoes-para-o-transporte-publico\/","robots":"max-image-preview:large","keywords":"","webmasterTools":{"miscellaneous":""},"schema":{"@context":"https:\/\/schema.org","@graph":[{"@type":"BlogPosting","@id":"https:\/\/newsinfoco.com.br\/inicio\/camara-de-vereadores-de-alagoinhas-quer-ouvir-smtt-sobre-a-nao-habilitacao-do-municipio-em-programa-federal-que-destinaria-r-3-milhoes-para-o-transporte-publico\/#blogposting","name":"C\u00e2mara de Vereadores de Alagoinhas quer ouvir SMTT sobre a n\u00e3o habilita\u00e7\u00e3o do munic\u00edpio em programa federal que destinaria R$ 3 milh\u00f5es para o transporte p\u00fablico - News In Foco - Editado por Caio Pimenta","headline":"C\u00e2mara de Vereadores de Alagoinhas quer ouvir SMTT sobre a n\u00e3o habilita\u00e7\u00e3o do munic\u00edpio em programa federal que destinaria R$ 3 milh\u00f5es para o transporte p\u00fablico","author":{"@id":"https:\/\/newsinfoco.com.br\/inicio\/author\/administrador\/#author"},"publisher":{"@id":"https:\/\/newsinfoco.com.br\/inicio\/#organization"},"image":{"@type":"ImageObject","url":"https:\/\/newsinfoco.com.br\/inicio\/wp-content\/uploads\/2022\/03\/andre.jpg","width":640,"height":640},"datePublished":"2022-11-09T15:13:10-03:00","dateModified":"2022-11-09T15:16:20-03:00","inLanguage":"pt-BR","mainEntityOfPage":{"@id":"https:\/\/newsinfoco.com.br\/inicio\/camara-de-vereadores-de-alagoinhas-quer-ouvir-smtt-sobre-a-nao-habilitacao-do-municipio-em-programa-federal-que-destinaria-r-3-milhoes-para-o-transporte-publico\/#webpage"},"isPartOf":{"@id":"https:\/\/newsinfoco.com.br\/inicio\/camara-de-vereadores-de-alagoinhas-quer-ouvir-smtt-sobre-a-nao-habilitacao-do-municipio-em-programa-federal-que-destinaria-r-3-milhoes-para-o-transporte-publico\/#webpage"},"articleSection":"Alagoinhas e Regi\u00e3o, Manchete"},{"@type":"BreadcrumbList","@id":"https:\/\/newsinfoco.com.br\/inicio\/camara-de-vereadores-de-alagoinhas-quer-ouvir-smtt-sobre-a-nao-habilitacao-do-municipio-em-programa-federal-que-destinaria-r-3-milhoes-para-o-transporte-publico\/#breadcrumblist","itemListElement":[{"@type":"ListItem","@id":"https:\/\/newsinfoco.com.br\/inicio#listItem","position":1,"name":"In\u00edcio","item":"https:\/\/newsinfoco.com.br\/inicio","nextItem":{"@type":"ListItem","@id":"https:\/\/newsinfoco.com.br\/inicio\/category\/alagoinhas-e-regiao\/#listItem","name":"Alagoinhas e Regi\u00e3o"}},{"@type":"ListItem","@id":"https:\/\/newsinfoco.com.br\/inicio\/category\/alagoinhas-e-regiao\/#listItem","position":2,"name":"Alagoinhas e Regi\u00e3o","item":"https:\/\/newsinfoco.com.br\/inicio\/category\/alagoinhas-e-regiao\/","nextItem":{"@type":"ListItem","@id":"https:\/\/newsinfoco.com.br\/inicio\/camara-de-vereadores-de-alagoinhas-quer-ouvir-smtt-sobre-a-nao-habilitacao-do-municipio-em-programa-federal-que-destinaria-r-3-milhoes-para-o-transporte-publico\/#listItem","name":"C\u00e2mara de Vereadores de Alagoinhas quer ouvir SMTT sobre a n\u00e3o habilita\u00e7\u00e3o do munic\u00edpio em programa federal que destinaria R$ 3 milh\u00f5es para o transporte p\u00fablico"},"previousItem":{"@type":"ListItem","@id":"https:\/\/newsinfoco.com.br\/inicio#listItem","name":"In\u00edcio"}},{"@type":"ListItem","@id":"https:\/\/newsinfoco.com.br\/inicio\/camara-de-vereadores-de-alagoinhas-quer-ouvir-smtt-sobre-a-nao-habilitacao-do-municipio-em-programa-federal-que-destinaria-r-3-milhoes-para-o-transporte-publico\/#listItem","position":3,"name":"C\u00e2mara de Vereadores de Alagoinhas quer ouvir SMTT sobre a n\u00e3o habilita\u00e7\u00e3o do munic\u00edpio em programa federal que destinaria R$ 3 milh\u00f5es para o transporte p\u00fablico","previousItem":{"@type":"ListItem","@id":"https:\/\/newsinfoco.com.br\/inicio\/category\/alagoinhas-e-regiao\/#listItem","name":"Alagoinhas e Regi\u00e3o"}}]},{"@type":"Organization","@id":"https:\/\/newsinfoco.com.br\/inicio\/#organization","name":"News In Foco - Editado por Caio Pimenta","description":"O principal site de noticias de Alagoinhas e regi\u00e3o","url":"https:\/\/newsinfoco.com.br\/inicio\/"},{"@type":"Person","@id":"https:\/\/newsinfoco.com.br\/inicio\/author\/administrador\/#author","url":"https:\/\/newsinfoco.com.br\/inicio\/author\/administrador\/","name":"administrador","image":{"@type":"ImageObject","@id":"https:\/\/newsinfoco.com.br\/inicio\/camara-de-vereadores-de-alagoinhas-quer-ouvir-smtt-sobre-a-nao-habilitacao-do-municipio-em-programa-federal-que-destinaria-r-3-milhoes-para-o-transporte-publico\/#authorImage","url":"https:\/\/secure.gravatar.com\/avatar\/c17a617433de8c1dc9584bb79aab7563b46f5bb7e1728c9b17d9cc3ce6a08e49?s=96&d=mm&r=g","width":96,"height":96,"caption":"administrador"}},{"@type":"WebPage","@id":"https:\/\/newsinfoco.com.br\/inicio\/camara-de-vereadores-de-alagoinhas-quer-ouvir-smtt-sobre-a-nao-habilitacao-do-municipio-em-programa-federal-que-destinaria-r-3-milhoes-para-o-transporte-publico\/#webpage","url":"https:\/\/newsinfoco.com.br\/inicio\/camara-de-vereadores-de-alagoinhas-quer-ouvir-smtt-sobre-a-nao-habilitacao-do-municipio-em-programa-federal-que-destinaria-r-3-milhoes-para-o-transporte-publico\/","name":"C\u00e2mara de Vereadores de Alagoinhas quer ouvir SMTT sobre a n\u00e3o habilita\u00e7\u00e3o do munic\u00edpio em programa federal que destinaria R$ 3 milh\u00f5es para o transporte p\u00fablico - News In Foco - Editado por Caio Pimenta","description":"Os vereadores de Alagoinhas, em sess\u00e3o parlamentar realizada no dia de ontem(08), aprovaram requerimento convidando o superintendente de transporte e tr\u00e2nsito de Alagoinhas(SMTT), Andr\u00e9 Barros, para prestar esclarecimentos sobre o motivo pelo qual o munic\u00edpio n\u00e3o se habilitou no programa federal que destina recursos para financiamento do sistema de transporte p\u00fablico. O site News Infoco,","inLanguage":"pt-BR","isPartOf":{"@id":"https:\/\/newsinfoco.com.br\/inicio\/#website"},"breadcrumb":{"@id":"https:\/\/newsinfoco.com.br\/inicio\/camara-de-vereadores-de-alagoinhas-quer-ouvir-smtt-sobre-a-nao-habilitacao-do-municipio-em-programa-federal-que-destinaria-r-3-milhoes-para-o-transporte-publico\/#breadcrumblist"},"author":{"@id":"https:\/\/newsinfoco.com.br\/inicio\/author\/administrador\/#author"},"creator":{"@id":"https:\/\/newsinfoco.com.br\/inicio\/author\/administrador\/#author"},"image":{"@type":"ImageObject","url":"https:\/\/newsinfoco.com.br\/inicio\/wp-content\/uploads\/2022\/03\/andre.jpg","@id":"https:\/\/newsinfoco.com.br\/inicio\/camara-de-vereadores-de-alagoinhas-quer-ouvir-smtt-sobre-a-nao-habilitacao-do-municipio-em-programa-federal-que-destinaria-r-3-milhoes-para-o-transporte-publico\/#mainImage","width":640,"height":640},"primaryImageOfPage":{"@id":"https:\/\/newsinfoco.com.br\/inicio\/camara-de-vereadores-de-alagoinhas-quer-ouvir-smtt-sobre-a-nao-habilitacao-do-municipio-em-programa-federal-que-destinaria-r-3-milhoes-para-o-transporte-publico\/#mainImage"},"datePublished":"2022-11-09T15:13:10-03:00","dateModified":"2022-11-09T15:16:20-03:00"},{"@type":"WebSite","@id":"https:\/\/newsinfoco.com.br\/inicio\/#website","url":"https:\/\/newsinfoco.com.br\/inicio\/","name":"News In Foco - Editado por Caio Pimenta","description":"O principal site de noticias de Alagoinhas e regi\u00e3o","inLanguage":"pt-BR","publisher":{"@id":"https:\/\/newsinfoco.com.br\/inicio\/#organization"}}]},"og:locale":"pt_BR","og:site_name":"News In Foco - Editado por Caio Pimenta - O principal site de noticias de Alagoinhas e regi\u00e3o","og:type":"article","og:title":"C\u00e2mara de Vereadores de Alagoinhas quer ouvir SMTT sobre a n\u00e3o habilita\u00e7\u00e3o do munic\u00edpio em programa federal que destinaria R$ 3 milh\u00f5es para o transporte p\u00fablico - News In Foco - Editado por Caio Pimenta","og:description":"Os vereadores de Alagoinhas, em sess\u00e3o parlamentar realizada no dia de ontem(08), aprovaram requerimento convidando o superintendente de transporte e tr\u00e2nsito de Alagoinhas(SMTT), Andr\u00e9 Barros, para prestar esclarecimentos sobre o motivo pelo qual o munic\u00edpio n\u00e3o se habilitou no programa federal que destina recursos para financiamento do sistema de transporte p\u00fablico. O site News Infoco,","og:url":"https:\/\/newsinfoco.com.br\/inicio\/camara-de-vereadores-de-alagoinhas-quer-ouvir-smtt-sobre-a-nao-habilitacao-do-municipio-em-programa-federal-que-destinaria-r-3-milhoes-para-o-transporte-publico\/","article:published_time":"2022-11-09T18:13:10+00:00","article:modified_time":"2022-11-09T18:16:20+00:00","twitter:card":"summary_large_image","twitter:title":"C\u00e2mara de Vereadores de Alagoinhas quer ouvir SMTT sobre a n\u00e3o habilita\u00e7\u00e3o do munic\u00edpio em programa federal que destinaria R$ 3 milh\u00f5es para o transporte p\u00fablico - News In Foco - Editado por Caio Pimenta","twitter:description":"Os vereadores de Alagoinhas, em sess\u00e3o parlamentar realizada no dia de ontem(08), aprovaram requerimento convidando o superintendente de transporte e tr\u00e2nsito de Alagoinhas(SMTT), Andr\u00e9 Barros, para prestar esclarecimentos sobre o motivo pelo qual o munic\u00edpio n\u00e3o se habilitou no programa federal que destina recursos para financiamento do sistema de transporte p\u00fablico. O site News Infoco,"},"aioseo_meta_data":{"post_id":"31850","title":null,"description":null,"keywords":null,"keyphrases":null,"primary_term":null,"canonical_url":null,"og_title":null,"og_description":null,"og_object_type":"default","og_image_type":"default","og_image_url":null,"og_image_width":null,"og_image_height":null,"og_image_custom_url":null,"og_image_custom_fields":null,"og_video":null,"og_custom_url":null,"og_article_section":null,"og_article_tags":null,"twitter_use_og":false,"twitter_card":"default","twitter_image_type":"default","twitter_image_url":null,"twitter_image_custom_url":null,"twitter_image_custom_fields":null,"twitter_title":null,"twitter_description":null,"schema":{"blockGraphs":[],"customGraphs":[],"default":{"data":{"Article":[],"Course":[],"Dataset":[],"FAQPage":[],"Movie":[],"Person":[],"Product":[],"ProductReview":[],"Car":[],"Recipe":[],"Service":[],"SoftwareApplication":[],"WebPage":[]},"graphName":"","isEnabled":true},"graphs":[]},"schema_type":"default","schema_type_options":null,"pillar_content":false,"robots_default":true,"robots_noindex":false,"robots_noarchive":false,"robots_nosnippet":false,"robots_nofollow":false,"robots_noimageindex":false,"robots_noodp":false,"robots_notranslate":false,"robots_max_snippet":null,"robots_max_videopreview":null,"robots_max_imagepreview":"large","priority":null,"frequency":null,"local_seo":null,"breadcrumb_settings":null,"limit_modified_date":false,"ai":null,"created":"2023-06-12 22:19:36","updated":"2025-07-11 08:33:55","seo_analyzer_scan_date":null},"aioseo_breadcrumb":"<div class=\"aioseo-breadcrumbs\"><span class=\"aioseo-breadcrumb\">\n\t\t\t<a href=\"https:\/\/newsinfoco.com.br\/inicio\" title=\"In\u00edcio\">In\u00edcio<\/a>\n\t\t<\/span><span class=\"aioseo-breadcrumb-separator\">&raquo;<\/span><span class=\"aioseo-breadcrumb\">\n\t\t\t<a href=\"https:\/\/newsinfoco.com.br\/inicio\/category\/alagoinhas-e-regiao\/\" title=\"Alagoinhas e Regi\u00e3o\">Alagoinhas e Regi\u00e3o<\/a>\n\t\t<\/span><span class=\"aioseo-breadcrumb-separator\">&raquo;<\/span><span class=\"aioseo-breadcrumb\">\n\t\t\tC\u00e2mara de Vereadores de Alagoinhas quer ouvir SMTT sobre a n\u00e3o habilita\u00e7\u00e3o do munic\u00edpio em programa federal que destinaria R$ 3 milh\u00f5es para o transporte p\u00fablico\n\t\t<\/span><\/div>","aioseo_breadcrumb_json":[{"label":"In\u00edcio","link":"https:\/\/newsinfoco.com.br\/inicio"},{"label":"Alagoinhas e Regi\u00e3o","link":"https:\/\/newsinfoco.com.br\/inicio\/category\/alagoinhas-e-regiao\/"},{"label":"C\u00e2mara de Vereadores de Alagoinhas quer ouvir SMTT sobre a n\u00e3o habilita\u00e7\u00e3o do munic\u00edpio em programa federal que destinaria R$ 3 milh\u00f5es para o transporte p\u00fablico","link":"https:\/\/newsinfoco.com.br\/inicio\/camara-de-vereadores-de-alagoinhas-quer-ouvir-smtt-sobre-a-nao-habilitacao-do-municipio-em-programa-federal-que-destinaria-r-3-milhoes-para-o-transporte-publico\/"}],"_links":{"self":[{"href":"https:\/\/newsinfoco.com.br\/inicio\/wp-json\/wp\/v2\/posts\/31850","targetHints":{"allow":["GET"]}}],"collection":[{"href":"https:\/\/newsinfoco.com.br\/inicio\/wp-json\/wp\/v2\/posts"}],"about":[{"href":"https:\/\/newsinfoco.com.br\/inicio\/wp-json\/wp\/v2\/types\/post"}],"author":[{"embeddable":true,"href":"https:\/\/newsinfoco.com.br\/inicio\/wp-json\/wp\/v2\/users\/1"}],"replies":[{"embeddable":true,"href":"https:\/\/newsinfoco.com.br\/inicio\/wp-json\/wp\/v2\/comments?post=31850"}],"version-history":[{"count":3,"href":"https:\/\/newsinfoco.com.br\/inicio\/wp-json\/wp\/v2\/posts\/31850\/revisions"}],"predecessor-version":[{"id":31853,"href":"https:\/\/newsinfoco.com.br\/inicio\/wp-json\/wp\/v2\/posts\/31850\/revisions\/31853"}],"wp:featuredmedia":[{"embeddable":true,"href":"https:\/\/newsinfoco.com.br\/inicio\/wp-json\/wp\/v2\/media\/29476"}],"wp:attachment":[{"href":"https:\/\/newsinfoco.com.br\/inicio\/wp-json\/wp\/v2\/media?parent=31850"}],"wp:term":[{"taxonomy":"category","embeddable":true,"href":"https:\/\/newsinfoco.com.br\/inicio\/wp-json\/wp\/v2\/categories?post=31850"},{"taxonomy":"post_tag","embeddable":true,"href":"https:\/\/newsinfoco.com.br\/inicio\/wp-json\/wp\/v2\/tags?post=31850"}],"curies":[{"name":"wp","href":"https:\/\/api.w.org\/{rel}","templated":true}]}}