{"id":31863,"date":"2022-11-14T13:57:17","date_gmt":"2022-11-14T16:57:17","guid":{"rendered":"https:\/\/newsinfoco.com.br\/inicio\/?p=31863"},"modified":"2022-11-14T14:00:27","modified_gmt":"2022-11-14T17:00:27","slug":"a-preocupacao-da-prefeitura-de-alagoinhas-com-o-censo-2022-do-ibge","status":"publish","type":"post","link":"https:\/\/newsinfoco.com.br\/inicio\/a-preocupacao-da-prefeitura-de-alagoinhas-com-o-censo-2022-do-ibge\/","title":{"rendered":"A preocupa\u00e7\u00e3o da prefeitura de Alagoinhas com o censo 2022 do IBGE"},"content":{"rendered":"<p>A prefeitura de Alagoinhas est\u00e1 preocupada com as dificuldades que os recenseadores do Instituto Brasileiro de Geografia e Estatistica(IBGE) est\u00e3o encontrando para realizar as entrevistas com os moradores da cidade. A preocupa\u00e7\u00e3o n\u00e3o \u00e9 para menos, o censo do IBGE, que estima a popula\u00e7\u00e3o e a renda per capita de cada munic\u00edpio, \u00e9 um dos fatores que define a reparti\u00e7\u00e3o do Fundo de Participa\u00e7\u00e3o dos Munic\u00edpios(FPM), uma das principais fontes de renda da prefeitura, que financia servi\u00e7os de sa\u00fade, educa\u00e7\u00e3o e seguran\u00e7a, por exemplo.<\/p>\n<p>Os recenseadores t\u00eam se queixado da resist\u00eancia de moradores em fornecer informa\u00e7\u00f5es. Com um volume de informa\u00e7\u00f5es bem abaixo do esperado, o IBGE prorrogou at\u00e9 o in\u00edcio de dezembro as visitas nos domic\u00edlios. Para ajudar nos esfor\u00e7os do instituto, a prefeitura de Alagoinhas tem intensificado as a\u00e7\u00f5es de conscientiza\u00e7\u00e3o da popula\u00e7\u00e3o sobre o censo, solicitando, inclusive, o apoio dos ve\u00edculos de comunica\u00e7\u00e3o da cidade.<\/p>\n<p>Hoje(14) pela manh\u00e3 a secretaria municipal de comunica\u00e7\u00e3o publicou uma nota solicitando a colabora\u00e7\u00e3o da popula\u00e7\u00e3o. Veja na integra a nota:<\/p>\n<p dir=\"auto\"><strong>ATEN\u00c7\u00c3O, O CENSO DEMOGR\u00c1FICO DO IBGE 2022 FOI PRORROGADO AT\u00c9 O IN\u00cdCIO DE DEZEMBRO.<\/strong><\/p>\n<p dir=\"auto\"><strong>ESSE \u00c9 UM INSTRUMENTO DE GRANDE IMPORT\u00c2NCIA PARA QUE OS GOVERNOS POSSAM PLANEJAR AS A\u00c7\u00d5ES DE SA\u00daDE, SEGURAN\u00c7A E EDUCA\u00c7\u00c3O, DENTRE OUTRAS.\u00a0<\/strong><\/p>\n<p dir=\"auto\"><strong>NO ENTANTO, OS RECENSEADORES EST\u00c3O ENCONTRANDO DIFICULDADES PARA SEREM ATENDIDOS NOS CONDOM\u00cdNIOS E RESID\u00caNCIAS, POR ISSO, A PREFEITURA DE ALAGOINHAS FAZ UM APELO PARA QUE A POPULA\u00c7\u00c3O RECEBA O RECENSEADOR E RESPONDA AO QUESTION\u00c1RIO.\u00a0<\/strong><\/p>\n<p dir=\"auto\"><strong>AS INFORMA\u00c7\u00d5ES PRESTADAS S\u00c3O SIGILOSAS E N\u00c3O EXISTE NENHUM RISCO DE SE PERDER O AUX\u00cdLIO BRASIL OU QUALQUER OUTRO BENEF\u00cdCIO.<\/strong><\/p>\n<p dir=\"auto\"><strong>TODOS OS RECENSEADORES USAM COLETE, BON\u00c9, CRACH\u00c1 E O DISPOSITIVO M\u00d3VEL DE COLETA DO IBGE. CASO O MORADOR N\u00c3O ESTEJA EM CASA NO MOMENTO, O PROFISSIONAL DEIXAR\u00c1 UMA FOLHA DE RECADO COM TELEFONE DE CONTATO PARA QUE SE POSSA REAGENDAR A VISITA.<\/strong><\/p>\n<p dir=\"auto\"><strong>SEJA CIDAD\u00c3O, CONTRIBUA COM O CENSO DO IBGE. O MAIOR BENEFICIADO \u00c9 VOC\u00ca E A SUA FAM\u00cdLIA!<\/strong><\/p>\n<p dir=\"auto\">Por Caio Pimenta para o News Infoco<\/p>\n<div dir=\"auto\"><\/div>\n<p>&nbsp;<\/p>\n<p>&nbsp;<\/p>\n<div class='share-to-whatsapp-wrapper'><div class='share-on-whsp'>Share on: <\/div><a data-text='A preocupa\u00e7\u00e3o da prefeitura de Alagoinhas com o censo 2022 do IBGE' data-link='https:\/\/newsinfoco.com.br\/inicio\/a-preocupacao-da-prefeitura-de-alagoinhas-com-o-censo-2022-do-ibge\/' class='whatsapp-button whatsapp-share'>WhatsApp<\/a><div class='clear '><\/div><\/div>","protected":false},"excerpt":{"rendered":"<p>A prefeitura de Alagoinhas est\u00e1 preocupada com as dificuldades que os recenseadores do Instituto Brasileiro de Geografia e Estatistica(IBGE) est\u00e3o encontrando para realizar as entrevistas com os moradores da cidade. A preocupa\u00e7\u00e3o n\u00e3o \u00e9 para menos, o censo do IBGE, que estima a popula\u00e7\u00e3o e a renda per capita de cada munic\u00edpio, \u00e9 um dos [&hellip;]<\/p>\n","protected":false},"author":1,"featured_media":10249,"comment_status":"closed","ping_status":"closed","sticky":false,"template":"","format":"standard","meta":{"om_disable_all_campaigns":false,"rop_custom_images_group":[],"rop_custom_messages_group":[],"rop_publish_now":"initial","rop_publish_now_accounts":[],"rop_publish_now_history":[],"rop_publish_now_status":"pending","_exactmetrics_skip_tracking":false,"footnotes":""},"categories":[38,167],"tags":[],"class_list":["post-31863","post","type-post","status-publish","format-standard","has-post-thumbnail","hentry","category-alagoinhas-e-regiao","category-exclusivas"],"aioseo_notices":[],"aioseo_head":"\n\t\t<!-- All in One SEO 4.9.10 - aioseo.com -->\n\t<meta name=\"description\" content=\"A prefeitura de Alagoinhas est\u00e1 preocupada com as dificuldades que os recenseadores do Instituto Brasileiro de Geografia e Estatistica(IBGE) est\u00e3o encontrando para realizar as entrevistas com os moradores da cidade. A preocupa\u00e7\u00e3o n\u00e3o \u00e9 para menos, o censo do IBGE, que estima a popula\u00e7\u00e3o e a renda per capita de cada munic\u00edpio, \u00e9 um dos\" \/>\n\t<meta name=\"robots\" content=\"max-image-preview:large\" \/>\n\t<meta name=\"author\" content=\"administrador\"\/>\n\t<link rel=\"canonical\" href=\"https:\/\/newsinfoco.com.br\/inicio\/a-preocupacao-da-prefeitura-de-alagoinhas-com-o-censo-2022-do-ibge\/\" \/>\n\t<meta name=\"generator\" content=\"All in One SEO (AIOSEO) 4.9.10\" \/>\n\t\t<meta property=\"og:locale\" content=\"pt_BR\" \/>\n\t\t<meta property=\"og:site_name\" content=\"News In Foco - Editado por Caio Pimenta - O principal site de noticias de Alagoinhas e regi\u00e3o\" \/>\n\t\t<meta property=\"og:type\" content=\"article\" \/>\n\t\t<meta property=\"og:title\" content=\"A preocupa\u00e7\u00e3o da prefeitura de Alagoinhas com o censo 2022 do IBGE - News In Foco - Editado por Caio Pimenta\" \/>\n\t\t<meta property=\"og:description\" content=\"A prefeitura de Alagoinhas est\u00e1 preocupada com as dificuldades que os recenseadores do Instituto Brasileiro de Geografia e Estatistica(IBGE) est\u00e3o encontrando para realizar as entrevistas com os moradores da cidade. A preocupa\u00e7\u00e3o n\u00e3o \u00e9 para menos, o censo do IBGE, que estima a popula\u00e7\u00e3o e a renda per capita de cada munic\u00edpio, \u00e9 um dos\" \/>\n\t\t<meta property=\"og:url\" content=\"https:\/\/newsinfoco.com.br\/inicio\/a-preocupacao-da-prefeitura-de-alagoinhas-com-o-censo-2022-do-ibge\/\" \/>\n\t\t<meta property=\"article:published_time\" content=\"2022-11-14T16:57:17+00:00\" \/>\n\t\t<meta property=\"article:modified_time\" content=\"2022-11-14T17:00:27+00:00\" \/>\n\t\t<meta name=\"twitter:card\" content=\"summary_large_image\" \/>\n\t\t<meta name=\"twitter:title\" content=\"A preocupa\u00e7\u00e3o da prefeitura de Alagoinhas com o censo 2022 do IBGE - News In Foco - Editado por Caio Pimenta\" \/>\n\t\t<meta name=\"twitter:description\" content=\"A prefeitura de Alagoinhas est\u00e1 preocupada com as dificuldades que os recenseadores do Instituto Brasileiro de Geografia e Estatistica(IBGE) est\u00e3o encontrando para realizar as entrevistas com os moradores da cidade. A preocupa\u00e7\u00e3o n\u00e3o \u00e9 para menos, o censo do IBGE, que estima a popula\u00e7\u00e3o e a renda per capita de cada munic\u00edpio, \u00e9 um dos\" \/>\n\t\t<script type=\"application\/ld+json\" class=\"aioseo-schema\">\n\t\t\t{\"@context\":\"https:\\\/\\\/schema.org\",\"@graph\":[{\"@type\":\"BlogPosting\",\"@id\":\"https:\\\/\\\/newsinfoco.com.br\\\/inicio\\\/a-preocupacao-da-prefeitura-de-alagoinhas-com-o-censo-2022-do-ibge\\\/#blogposting\",\"name\":\"A preocupa\\u00e7\\u00e3o da prefeitura de Alagoinhas com o censo 2022 do IBGE - News In Foco - Editado por Caio Pimenta\",\"headline\":\"A preocupa\\u00e7\\u00e3o da prefeitura de Alagoinhas com o censo 2022 do IBGE\",\"author\":{\"@id\":\"https:\\\/\\\/newsinfoco.com.br\\\/inicio\\\/author\\\/administrador\\\/#author\"},\"publisher\":{\"@id\":\"https:\\\/\\\/newsinfoco.com.br\\\/inicio\\\/#organization\"},\"image\":{\"@type\":\"ImageObject\",\"url\":\"https:\\\/\\\/newsinfoco.com.br\\\/inicio\\\/wp-content\\\/uploads\\\/2018\\\/10\\\/Prefeitura-de-Alagoinhas-Divulga\\u00e7\\u00e3o-web-1132x670.jpg\",\"width\":519,\"height\":346},\"datePublished\":\"2022-11-14T13:57:17-03:00\",\"dateModified\":\"2022-11-14T14:00:27-03:00\",\"inLanguage\":\"pt-BR\",\"mainEntityOfPage\":{\"@id\":\"https:\\\/\\\/newsinfoco.com.br\\\/inicio\\\/a-preocupacao-da-prefeitura-de-alagoinhas-com-o-censo-2022-do-ibge\\\/#webpage\"},\"isPartOf\":{\"@id\":\"https:\\\/\\\/newsinfoco.com.br\\\/inicio\\\/a-preocupacao-da-prefeitura-de-alagoinhas-com-o-censo-2022-do-ibge\\\/#webpage\"},\"articleSection\":\"Alagoinhas e Regi\\u00e3o, Manchete\"},{\"@type\":\"BreadcrumbList\",\"@id\":\"https:\\\/\\\/newsinfoco.com.br\\\/inicio\\\/a-preocupacao-da-prefeitura-de-alagoinhas-com-o-censo-2022-do-ibge\\\/#breadcrumblist\",\"itemListElement\":[{\"@type\":\"ListItem\",\"@id\":\"https:\\\/\\\/newsinfoco.com.br\\\/inicio#listItem\",\"position\":1,\"name\":\"In\\u00edcio\",\"item\":\"https:\\\/\\\/newsinfoco.com.br\\\/inicio\",\"nextItem\":{\"@type\":\"ListItem\",\"@id\":\"https:\\\/\\\/newsinfoco.com.br\\\/inicio\\\/category\\\/alagoinhas-e-regiao\\\/#listItem\",\"name\":\"Alagoinhas e Regi\\u00e3o\"}},{\"@type\":\"ListItem\",\"@id\":\"https:\\\/\\\/newsinfoco.com.br\\\/inicio\\\/category\\\/alagoinhas-e-regiao\\\/#listItem\",\"position\":2,\"name\":\"Alagoinhas e Regi\\u00e3o\",\"item\":\"https:\\\/\\\/newsinfoco.com.br\\\/inicio\\\/category\\\/alagoinhas-e-regiao\\\/\",\"nextItem\":{\"@type\":\"ListItem\",\"@id\":\"https:\\\/\\\/newsinfoco.com.br\\\/inicio\\\/a-preocupacao-da-prefeitura-de-alagoinhas-com-o-censo-2022-do-ibge\\\/#listItem\",\"name\":\"A preocupa\\u00e7\\u00e3o da prefeitura de Alagoinhas com o censo 2022 do IBGE\"},\"previousItem\":{\"@type\":\"ListItem\",\"@id\":\"https:\\\/\\\/newsinfoco.com.br\\\/inicio#listItem\",\"name\":\"In\\u00edcio\"}},{\"@type\":\"ListItem\",\"@id\":\"https:\\\/\\\/newsinfoco.com.br\\\/inicio\\\/a-preocupacao-da-prefeitura-de-alagoinhas-com-o-censo-2022-do-ibge\\\/#listItem\",\"position\":3,\"name\":\"A preocupa\\u00e7\\u00e3o da prefeitura de Alagoinhas com o censo 2022 do IBGE\",\"previousItem\":{\"@type\":\"ListItem\",\"@id\":\"https:\\\/\\\/newsinfoco.com.br\\\/inicio\\\/category\\\/alagoinhas-e-regiao\\\/#listItem\",\"name\":\"Alagoinhas e Regi\\u00e3o\"}}]},{\"@type\":\"Organization\",\"@id\":\"https:\\\/\\\/newsinfoco.com.br\\\/inicio\\\/#organization\",\"name\":\"News In Foco - Editado por Caio Pimenta\",\"description\":\"O principal site de noticias de Alagoinhas e regi\\u00e3o\",\"url\":\"https:\\\/\\\/newsinfoco.com.br\\\/inicio\\\/\"},{\"@type\":\"Person\",\"@id\":\"https:\\\/\\\/newsinfoco.com.br\\\/inicio\\\/author\\\/administrador\\\/#author\",\"url\":\"https:\\\/\\\/newsinfoco.com.br\\\/inicio\\\/author\\\/administrador\\\/\",\"name\":\"administrador\",\"image\":{\"@type\":\"ImageObject\",\"@id\":\"https:\\\/\\\/newsinfoco.com.br\\\/inicio\\\/a-preocupacao-da-prefeitura-de-alagoinhas-com-o-censo-2022-do-ibge\\\/#authorImage\",\"url\":\"https:\\\/\\\/secure.gravatar.com\\\/avatar\\\/c17a617433de8c1dc9584bb79aab7563b46f5bb7e1728c9b17d9cc3ce6a08e49?s=96&d=mm&r=g\",\"width\":96,\"height\":96,\"caption\":\"administrador\"}},{\"@type\":\"WebPage\",\"@id\":\"https:\\\/\\\/newsinfoco.com.br\\\/inicio\\\/a-preocupacao-da-prefeitura-de-alagoinhas-com-o-censo-2022-do-ibge\\\/#webpage\",\"url\":\"https:\\\/\\\/newsinfoco.com.br\\\/inicio\\\/a-preocupacao-da-prefeitura-de-alagoinhas-com-o-censo-2022-do-ibge\\\/\",\"name\":\"A preocupa\\u00e7\\u00e3o da prefeitura de Alagoinhas com o censo 2022 do IBGE - News In Foco - Editado por Caio Pimenta\",\"description\":\"A prefeitura de Alagoinhas est\\u00e1 preocupada com as dificuldades que os recenseadores do Instituto Brasileiro de Geografia e Estatistica(IBGE) est\\u00e3o encontrando para realizar as entrevistas com os moradores da cidade. A preocupa\\u00e7\\u00e3o n\\u00e3o \\u00e9 para menos, o censo do IBGE, que estima a popula\\u00e7\\u00e3o e a renda per capita de cada munic\\u00edpio, \\u00e9 um dos\",\"inLanguage\":\"pt-BR\",\"isPartOf\":{\"@id\":\"https:\\\/\\\/newsinfoco.com.br\\\/inicio\\\/#website\"},\"breadcrumb\":{\"@id\":\"https:\\\/\\\/newsinfoco.com.br\\\/inicio\\\/a-preocupacao-da-prefeitura-de-alagoinhas-com-o-censo-2022-do-ibge\\\/#breadcrumblist\"},\"author\":{\"@id\":\"https:\\\/\\\/newsinfoco.com.br\\\/inicio\\\/author\\\/administrador\\\/#author\"},\"creator\":{\"@id\":\"https:\\\/\\\/newsinfoco.com.br\\\/inicio\\\/author\\\/administrador\\\/#author\"},\"image\":{\"@type\":\"ImageObject\",\"url\":\"https:\\\/\\\/newsinfoco.com.br\\\/inicio\\\/wp-content\\\/uploads\\\/2018\\\/10\\\/Prefeitura-de-Alagoinhas-Divulga\\u00e7\\u00e3o-web-1132x670.jpg\",\"@id\":\"https:\\\/\\\/newsinfoco.com.br\\\/inicio\\\/a-preocupacao-da-prefeitura-de-alagoinhas-com-o-censo-2022-do-ibge\\\/#mainImage\",\"width\":519,\"height\":346},\"primaryImageOfPage\":{\"@id\":\"https:\\\/\\\/newsinfoco.com.br\\\/inicio\\\/a-preocupacao-da-prefeitura-de-alagoinhas-com-o-censo-2022-do-ibge\\\/#mainImage\"},\"datePublished\":\"2022-11-14T13:57:17-03:00\",\"dateModified\":\"2022-11-14T14:00:27-03:00\"},{\"@type\":\"WebSite\",\"@id\":\"https:\\\/\\\/newsinfoco.com.br\\\/inicio\\\/#website\",\"url\":\"https:\\\/\\\/newsinfoco.com.br\\\/inicio\\\/\",\"name\":\"News In Foco - Editado por Caio Pimenta\",\"description\":\"O principal site de noticias de Alagoinhas e regi\\u00e3o\",\"inLanguage\":\"pt-BR\",\"publisher\":{\"@id\":\"https:\\\/\\\/newsinfoco.com.br\\\/inicio\\\/#organization\"}}]}\n\t\t<\/script>\n\t\t<!-- All in One SEO -->\n\n","aioseo_head_json":{"title":"A preocupa\u00e7\u00e3o da prefeitura de Alagoinhas com o censo 2022 do IBGE - News In Foco - Editado por Caio Pimenta","description":"A prefeitura de Alagoinhas est\u00e1 preocupada com as dificuldades que os recenseadores do Instituto Brasileiro de Geografia e Estatistica(IBGE) est\u00e3o encontrando para realizar as entrevistas com os moradores da cidade. A preocupa\u00e7\u00e3o n\u00e3o \u00e9 para menos, o censo do IBGE, que estima a popula\u00e7\u00e3o e a renda per capita de cada munic\u00edpio, \u00e9 um dos","canonical_url":"https:\/\/newsinfoco.com.br\/inicio\/a-preocupacao-da-prefeitura-de-alagoinhas-com-o-censo-2022-do-ibge\/","robots":"max-image-preview:large","keywords":"","webmasterTools":{"miscellaneous":""},"schema":{"@context":"https:\/\/schema.org","@graph":[{"@type":"BlogPosting","@id":"https:\/\/newsinfoco.com.br\/inicio\/a-preocupacao-da-prefeitura-de-alagoinhas-com-o-censo-2022-do-ibge\/#blogposting","name":"A preocupa\u00e7\u00e3o da prefeitura de Alagoinhas com o censo 2022 do IBGE - News In Foco - Editado por Caio Pimenta","headline":"A preocupa\u00e7\u00e3o da prefeitura de Alagoinhas com o censo 2022 do IBGE","author":{"@id":"https:\/\/newsinfoco.com.br\/inicio\/author\/administrador\/#author"},"publisher":{"@id":"https:\/\/newsinfoco.com.br\/inicio\/#organization"},"image":{"@type":"ImageObject","url":"https:\/\/newsinfoco.com.br\/inicio\/wp-content\/uploads\/2018\/10\/Prefeitura-de-Alagoinhas-Divulga\u00e7\u00e3o-web-1132x670.jpg","width":519,"height":346},"datePublished":"2022-11-14T13:57:17-03:00","dateModified":"2022-11-14T14:00:27-03:00","inLanguage":"pt-BR","mainEntityOfPage":{"@id":"https:\/\/newsinfoco.com.br\/inicio\/a-preocupacao-da-prefeitura-de-alagoinhas-com-o-censo-2022-do-ibge\/#webpage"},"isPartOf":{"@id":"https:\/\/newsinfoco.com.br\/inicio\/a-preocupacao-da-prefeitura-de-alagoinhas-com-o-censo-2022-do-ibge\/#webpage"},"articleSection":"Alagoinhas e Regi\u00e3o, Manchete"},{"@type":"BreadcrumbList","@id":"https:\/\/newsinfoco.com.br\/inicio\/a-preocupacao-da-prefeitura-de-alagoinhas-com-o-censo-2022-do-ibge\/#breadcrumblist","itemListElement":[{"@type":"ListItem","@id":"https:\/\/newsinfoco.com.br\/inicio#listItem","position":1,"name":"In\u00edcio","item":"https:\/\/newsinfoco.com.br\/inicio","nextItem":{"@type":"ListItem","@id":"https:\/\/newsinfoco.com.br\/inicio\/category\/alagoinhas-e-regiao\/#listItem","name":"Alagoinhas e Regi\u00e3o"}},{"@type":"ListItem","@id":"https:\/\/newsinfoco.com.br\/inicio\/category\/alagoinhas-e-regiao\/#listItem","position":2,"name":"Alagoinhas e Regi\u00e3o","item":"https:\/\/newsinfoco.com.br\/inicio\/category\/alagoinhas-e-regiao\/","nextItem":{"@type":"ListItem","@id":"https:\/\/newsinfoco.com.br\/inicio\/a-preocupacao-da-prefeitura-de-alagoinhas-com-o-censo-2022-do-ibge\/#listItem","name":"A preocupa\u00e7\u00e3o da prefeitura de Alagoinhas com o censo 2022 do IBGE"},"previousItem":{"@type":"ListItem","@id":"https:\/\/newsinfoco.com.br\/inicio#listItem","name":"In\u00edcio"}},{"@type":"ListItem","@id":"https:\/\/newsinfoco.com.br\/inicio\/a-preocupacao-da-prefeitura-de-alagoinhas-com-o-censo-2022-do-ibge\/#listItem","position":3,"name":"A preocupa\u00e7\u00e3o da prefeitura de Alagoinhas com o censo 2022 do IBGE","previousItem":{"@type":"ListItem","@id":"https:\/\/newsinfoco.com.br\/inicio\/category\/alagoinhas-e-regiao\/#listItem","name":"Alagoinhas e Regi\u00e3o"}}]},{"@type":"Organization","@id":"https:\/\/newsinfoco.com.br\/inicio\/#organization","name":"News In Foco - Editado por Caio Pimenta","description":"O principal site de noticias de Alagoinhas e regi\u00e3o","url":"https:\/\/newsinfoco.com.br\/inicio\/"},{"@type":"Person","@id":"https:\/\/newsinfoco.com.br\/inicio\/author\/administrador\/#author","url":"https:\/\/newsinfoco.com.br\/inicio\/author\/administrador\/","name":"administrador","image":{"@type":"ImageObject","@id":"https:\/\/newsinfoco.com.br\/inicio\/a-preocupacao-da-prefeitura-de-alagoinhas-com-o-censo-2022-do-ibge\/#authorImage","url":"https:\/\/secure.gravatar.com\/avatar\/c17a617433de8c1dc9584bb79aab7563b46f5bb7e1728c9b17d9cc3ce6a08e49?s=96&d=mm&r=g","width":96,"height":96,"caption":"administrador"}},{"@type":"WebPage","@id":"https:\/\/newsinfoco.com.br\/inicio\/a-preocupacao-da-prefeitura-de-alagoinhas-com-o-censo-2022-do-ibge\/#webpage","url":"https:\/\/newsinfoco.com.br\/inicio\/a-preocupacao-da-prefeitura-de-alagoinhas-com-o-censo-2022-do-ibge\/","name":"A preocupa\u00e7\u00e3o da prefeitura de Alagoinhas com o censo 2022 do IBGE - News In Foco - Editado por Caio Pimenta","description":"A prefeitura de Alagoinhas est\u00e1 preocupada com as dificuldades que os recenseadores do Instituto Brasileiro de Geografia e Estatistica(IBGE) est\u00e3o encontrando para realizar as entrevistas com os moradores da cidade. A preocupa\u00e7\u00e3o n\u00e3o \u00e9 para menos, o censo do IBGE, que estima a popula\u00e7\u00e3o e a renda per capita de cada munic\u00edpio, \u00e9 um dos","inLanguage":"pt-BR","isPartOf":{"@id":"https:\/\/newsinfoco.com.br\/inicio\/#website"},"breadcrumb":{"@id":"https:\/\/newsinfoco.com.br\/inicio\/a-preocupacao-da-prefeitura-de-alagoinhas-com-o-censo-2022-do-ibge\/#breadcrumblist"},"author":{"@id":"https:\/\/newsinfoco.com.br\/inicio\/author\/administrador\/#author"},"creator":{"@id":"https:\/\/newsinfoco.com.br\/inicio\/author\/administrador\/#author"},"image":{"@type":"ImageObject","url":"https:\/\/newsinfoco.com.br\/inicio\/wp-content\/uploads\/2018\/10\/Prefeitura-de-Alagoinhas-Divulga\u00e7\u00e3o-web-1132x670.jpg","@id":"https:\/\/newsinfoco.com.br\/inicio\/a-preocupacao-da-prefeitura-de-alagoinhas-com-o-censo-2022-do-ibge\/#mainImage","width":519,"height":346},"primaryImageOfPage":{"@id":"https:\/\/newsinfoco.com.br\/inicio\/a-preocupacao-da-prefeitura-de-alagoinhas-com-o-censo-2022-do-ibge\/#mainImage"},"datePublished":"2022-11-14T13:57:17-03:00","dateModified":"2022-11-14T14:00:27-03:00"},{"@type":"WebSite","@id":"https:\/\/newsinfoco.com.br\/inicio\/#website","url":"https:\/\/newsinfoco.com.br\/inicio\/","name":"News In Foco - Editado por Caio Pimenta","description":"O principal site de noticias de Alagoinhas e regi\u00e3o","inLanguage":"pt-BR","publisher":{"@id":"https:\/\/newsinfoco.com.br\/inicio\/#organization"}}]},"og:locale":"pt_BR","og:site_name":"News In Foco - Editado por Caio Pimenta - O principal site de noticias de Alagoinhas e regi\u00e3o","og:type":"article","og:title":"A preocupa\u00e7\u00e3o da prefeitura de Alagoinhas com o censo 2022 do IBGE - News In Foco - Editado por Caio Pimenta","og:description":"A prefeitura de Alagoinhas est\u00e1 preocupada com as dificuldades que os recenseadores do Instituto Brasileiro de Geografia e Estatistica(IBGE) est\u00e3o encontrando para realizar as entrevistas com os moradores da cidade. A preocupa\u00e7\u00e3o n\u00e3o \u00e9 para menos, o censo do IBGE, que estima a popula\u00e7\u00e3o e a renda per capita de cada munic\u00edpio, \u00e9 um dos","og:url":"https:\/\/newsinfoco.com.br\/inicio\/a-preocupacao-da-prefeitura-de-alagoinhas-com-o-censo-2022-do-ibge\/","article:published_time":"2022-11-14T16:57:17+00:00","article:modified_time":"2022-11-14T17:00:27+00:00","twitter:card":"summary_large_image","twitter:title":"A preocupa\u00e7\u00e3o da prefeitura de Alagoinhas com o censo 2022 do IBGE - News In Foco - Editado por Caio Pimenta","twitter:description":"A prefeitura de Alagoinhas est\u00e1 preocupada com as dificuldades que os recenseadores do Instituto Brasileiro de Geografia e Estatistica(IBGE) est\u00e3o encontrando para realizar as entrevistas com os moradores da cidade. A preocupa\u00e7\u00e3o n\u00e3o \u00e9 para menos, o censo do IBGE, que estima a popula\u00e7\u00e3o e a renda per capita de cada munic\u00edpio, \u00e9 um dos"},"aioseo_meta_data":{"post_id":"31863","title":null,"description":null,"keywords":null,"keyphrases":null,"primary_term":null,"canonical_url":null,"og_title":null,"og_description":null,"og_object_type":"default","og_image_type":"default","og_image_url":null,"og_image_width":null,"og_image_height":null,"og_image_custom_url":null,"og_image_custom_fields":null,"og_video":null,"og_custom_url":null,"og_article_section":null,"og_article_tags":null,"twitter_use_og":false,"twitter_card":"default","twitter_image_type":"default","twitter_image_url":null,"twitter_image_custom_url":null,"twitter_image_custom_fields":null,"twitter_title":null,"twitter_description":null,"schema":{"blockGraphs":[],"customGraphs":[],"default":{"data":{"Article":[],"Course":[],"Dataset":[],"FAQPage":[],"Movie":[],"Person":[],"Product":[],"ProductReview":[],"Car":[],"Recipe":[],"Service":[],"SoftwareApplication":[],"WebPage":[]},"graphName":"","isEnabled":true},"graphs":[]},"schema_type":"default","schema_type_options":null,"pillar_content":false,"robots_default":true,"robots_noindex":false,"robots_noarchive":false,"robots_nosnippet":false,"robots_nofollow":false,"robots_noimageindex":false,"robots_noodp":false,"robots_notranslate":false,"robots_max_snippet":null,"robots_max_videopreview":null,"robots_max_imagepreview":"large","priority":null,"frequency":null,"local_seo":null,"breadcrumb_settings":null,"limit_modified_date":false,"ai":null,"created":"2023-06-12 22:19:36","updated":"2025-07-11 08:35:02","seo_analyzer_scan_date":null},"aioseo_breadcrumb":"<div class=\"aioseo-breadcrumbs\"><span class=\"aioseo-breadcrumb\">\n\t\t\t<a href=\"https:\/\/newsinfoco.com.br\/inicio\" title=\"In\u00edcio\">In\u00edcio<\/a>\n\t\t<\/span><span class=\"aioseo-breadcrumb-separator\">&raquo;<\/span><span class=\"aioseo-breadcrumb\">\n\t\t\t<a href=\"https:\/\/newsinfoco.com.br\/inicio\/category\/alagoinhas-e-regiao\/\" title=\"Alagoinhas e Regi\u00e3o\">Alagoinhas e Regi\u00e3o<\/a>\n\t\t<\/span><span class=\"aioseo-breadcrumb-separator\">&raquo;<\/span><span class=\"aioseo-breadcrumb\">\n\t\t\tA preocupa\u00e7\u00e3o da prefeitura de Alagoinhas com o censo 2022 do IBGE\n\t\t<\/span><\/div>","aioseo_breadcrumb_json":[{"label":"In\u00edcio","link":"https:\/\/newsinfoco.com.br\/inicio"},{"label":"Alagoinhas e Regi\u00e3o","link":"https:\/\/newsinfoco.com.br\/inicio\/category\/alagoinhas-e-regiao\/"},{"label":"A preocupa\u00e7\u00e3o da prefeitura de Alagoinhas com o censo 2022 do IBGE","link":"https:\/\/newsinfoco.com.br\/inicio\/a-preocupacao-da-prefeitura-de-alagoinhas-com-o-censo-2022-do-ibge\/"}],"_links":{"self":[{"href":"https:\/\/newsinfoco.com.br\/inicio\/wp-json\/wp\/v2\/posts\/31863","targetHints":{"allow":["GET"]}}],"collection":[{"href":"https:\/\/newsinfoco.com.br\/inicio\/wp-json\/wp\/v2\/posts"}],"about":[{"href":"https:\/\/newsinfoco.com.br\/inicio\/wp-json\/wp\/v2\/types\/post"}],"author":[{"embeddable":true,"href":"https:\/\/newsinfoco.com.br\/inicio\/wp-json\/wp\/v2\/users\/1"}],"replies":[{"embeddable":true,"href":"https:\/\/newsinfoco.com.br\/inicio\/wp-json\/wp\/v2\/comments?post=31863"}],"version-history":[{"count":2,"href":"https:\/\/newsinfoco.com.br\/inicio\/wp-json\/wp\/v2\/posts\/31863\/revisions"}],"predecessor-version":[{"id":31865,"href":"https:\/\/newsinfoco.com.br\/inicio\/wp-json\/wp\/v2\/posts\/31863\/revisions\/31865"}],"wp:featuredmedia":[{"embeddable":true,"href":"https:\/\/newsinfoco.com.br\/inicio\/wp-json\/wp\/v2\/media\/10249"}],"wp:attachment":[{"href":"https:\/\/newsinfoco.com.br\/inicio\/wp-json\/wp\/v2\/media?parent=31863"}],"wp:term":[{"taxonomy":"category","embeddable":true,"href":"https:\/\/newsinfoco.com.br\/inicio\/wp-json\/wp\/v2\/categories?post=31863"},{"taxonomy":"post_tag","embeddable":true,"href":"https:\/\/newsinfoco.com.br\/inicio\/wp-json\/wp\/v2\/tags?post=31863"}],"curies":[{"name":"wp","href":"https:\/\/api.w.org\/{rel}","templated":true}]}}