{"id":31872,"date":"2022-11-15T15:24:42","date_gmt":"2022-11-15T18:24:42","guid":{"rendered":"https:\/\/newsinfoco.com.br\/inicio\/?p=31872"},"modified":"2022-11-15T15:24:42","modified_gmt":"2022-11-15T18:24:42","slug":"procurador-geral-da-republica-diz-que-emprestimo-consignado-do-auxilio-brasil-e-inconstitucional","status":"publish","type":"post","link":"https:\/\/newsinfoco.com.br\/inicio\/procurador-geral-da-republica-diz-que-emprestimo-consignado-do-auxilio-brasil-e-inconstitucional\/","title":{"rendered":"Procurador Geral da Rep\u00fablica diz que empr\u00e9stimo consignado do Aux\u00edlio Brasil \u00e9 inconstitucional"},"content":{"rendered":"<p>O procurador-geral da Rep\u00fablica, Augusto Aras (foto), entende que o empr\u00e9stimo consignado do Aux\u00edlio Brasil \u00e9 inconstitucional. A manifesta\u00e7\u00e3o do PGR ocorreu em resposta a uma a\u00e7\u00e3o no STF que questiona trechos da lei que permite a modalidade de cr\u00e9dito aos benefici\u00e1rios do programa.<\/p>\n<p>Para Aras, h\u00e1 trechos da lei que violam o princ\u00edpio constitucional da dignidade humana ao retirar uma camada de prote\u00e7\u00e3o da popula\u00e7\u00e3o mais vulner\u00e1vel, podendo resultar no superendividamento das fam\u00edlias pobres.<\/p>\n<p><em>\u201cO que fez a lei impugnada, ao aumentar os limites para (ou possibilitar) a contrata\u00e7\u00e3o de empr\u00e9stimos com pagamento descontado em folha pelo INSS ou pela Uni\u00e3o (cr\u00e9dito consignado), foi retirar uma camada de prote\u00e7\u00e3o a direitos da popula\u00e7\u00e3o hipossuficiente\u201d<\/em>, afirmou o PGR no despacho.<\/p>\n<p>No documento, ele tamb\u00e9m alegou que, no cen\u00e1rio de crise, essa parcela da popula\u00e7\u00e3o fica ainda mais vulner\u00e1vel por causa do<em>\u00a0\u201cestado de necessidade\u201d<\/em>\u00a0e que a medida pode\u00a0<em>\u201ccomprometer um percentual significativo de sua renda mensal, os tomadores de empr\u00e9stimos consignados estar\u00e3o no caminho do superendividamento\u201d<\/em>.<\/p>\n<p><em>\u201cTratando-se dos benefici\u00e1rios dos programas de transfer\u00eancia de renda, esse cen\u00e1rio mostra-se ainda mais preocupante, pois potencialmente comprometedor da dignidade humana\u201d<\/em>, acrescentou Aras.<\/p>\n<p>A a\u00e7\u00e3o foi apresentada pelo PDT e est\u00e1 sob relatoria do ministro Nunes Marques. A legenda alega que a regra oferece potenciais danos \u00e0 popula\u00e7\u00e3o menos favorecida, citando idosos, pessoas com defici\u00eancia e fam\u00edlias em situa\u00e7\u00e3o de mis\u00e9ria.<\/p>\n<p>O Antagonista<\/p>\n<div class='share-to-whatsapp-wrapper'><div class='share-on-whsp'>Share on: <\/div><a data-text='Procurador Geral da Rep\u00fablica diz que empr\u00e9stimo consignado do Aux\u00edlio Brasil \u00e9 inconstitucional' data-link='https:\/\/newsinfoco.com.br\/inicio\/procurador-geral-da-republica-diz-que-emprestimo-consignado-do-auxilio-brasil-e-inconstitucional\/' class='whatsapp-button whatsapp-share'>WhatsApp<\/a><div class='clear '><\/div><\/div>","protected":false},"excerpt":{"rendered":"<p>O procurador-geral da Rep\u00fablica, Augusto Aras (foto), entende que o empr\u00e9stimo consignado do Aux\u00edlio Brasil \u00e9 inconstitucional. A manifesta\u00e7\u00e3o do PGR ocorreu em resposta a uma a\u00e7\u00e3o no STF que questiona trechos da lei que permite a modalidade de cr\u00e9dito aos benefici\u00e1rios do programa. Para Aras, h\u00e1 trechos da lei que violam o princ\u00edpio constitucional [&hellip;]<\/p>\n","protected":false},"author":1,"featured_media":18299,"comment_status":"closed","ping_status":"closed","sticky":false,"template":"","format":"standard","meta":{"om_disable_all_campaigns":false,"rop_custom_images_group":[],"rop_custom_messages_group":[],"rop_publish_now":"initial","rop_publish_now_accounts":[],"rop_publish_now_history":[],"rop_publish_now_status":"pending","_exactmetrics_skip_tracking":false,"footnotes":""},"categories":[21],"tags":[],"class_list":["post-31872","post","type-post","status-publish","format-standard","has-post-thumbnail","hentry","category-brasil"],"aioseo_notices":[],"aioseo_head":"\n\t\t<!-- All in One SEO 4.9.10 - aioseo.com -->\n\t<meta name=\"description\" content=\"O procurador-geral da Rep\u00fablica, Augusto Aras (foto), entende que o empr\u00e9stimo consignado do Aux\u00edlio Brasil \u00e9 inconstitucional. A manifesta\u00e7\u00e3o do PGR ocorreu em resposta a uma a\u00e7\u00e3o no STF que questiona trechos da lei que permite a modalidade de cr\u00e9dito aos benefici\u00e1rios do programa. Para Aras, h\u00e1 trechos da lei que violam o princ\u00edpio constitucional\" \/>\n\t<meta name=\"robots\" content=\"max-image-preview:large\" \/>\n\t<meta name=\"author\" content=\"administrador\"\/>\n\t<link rel=\"canonical\" href=\"https:\/\/newsinfoco.com.br\/inicio\/procurador-geral-da-republica-diz-que-emprestimo-consignado-do-auxilio-brasil-e-inconstitucional\/\" \/>\n\t<meta name=\"generator\" content=\"All in One SEO (AIOSEO) 4.9.10\" \/>\n\t\t<meta property=\"og:locale\" content=\"pt_BR\" \/>\n\t\t<meta property=\"og:site_name\" content=\"News In Foco - Editado por Caio Pimenta - O principal site de noticias de Alagoinhas e regi\u00e3o\" \/>\n\t\t<meta property=\"og:type\" content=\"article\" \/>\n\t\t<meta property=\"og:title\" content=\"Procurador Geral da Rep\u00fablica diz que empr\u00e9stimo consignado do Aux\u00edlio Brasil \u00e9 inconstitucional - News In Foco - Editado por Caio Pimenta\" \/>\n\t\t<meta property=\"og:description\" content=\"O procurador-geral da Rep\u00fablica, Augusto Aras (foto), entende que o empr\u00e9stimo consignado do Aux\u00edlio Brasil \u00e9 inconstitucional. A manifesta\u00e7\u00e3o do PGR ocorreu em resposta a uma a\u00e7\u00e3o no STF que questiona trechos da lei que permite a modalidade de cr\u00e9dito aos benefici\u00e1rios do programa. Para Aras, h\u00e1 trechos da lei que violam o princ\u00edpio constitucional\" \/>\n\t\t<meta property=\"og:url\" content=\"https:\/\/newsinfoco.com.br\/inicio\/procurador-geral-da-republica-diz-que-emprestimo-consignado-do-auxilio-brasil-e-inconstitucional\/\" \/>\n\t\t<meta property=\"article:published_time\" content=\"2022-11-15T18:24:42+00:00\" \/>\n\t\t<meta property=\"article:modified_time\" content=\"2022-11-15T18:24:42+00:00\" \/>\n\t\t<meta name=\"twitter:card\" content=\"summary_large_image\" \/>\n\t\t<meta name=\"twitter:title\" content=\"Procurador Geral da Rep\u00fablica diz que empr\u00e9stimo consignado do Aux\u00edlio Brasil \u00e9 inconstitucional - News In Foco - Editado por Caio Pimenta\" \/>\n\t\t<meta name=\"twitter:description\" content=\"O procurador-geral da Rep\u00fablica, Augusto Aras (foto), entende que o empr\u00e9stimo consignado do Aux\u00edlio Brasil \u00e9 inconstitucional. A manifesta\u00e7\u00e3o do PGR ocorreu em resposta a uma a\u00e7\u00e3o no STF que questiona trechos da lei que permite a modalidade de cr\u00e9dito aos benefici\u00e1rios do programa. Para Aras, h\u00e1 trechos da lei que violam o princ\u00edpio constitucional\" \/>\n\t\t<script type=\"application\/ld+json\" class=\"aioseo-schema\">\n\t\t\t{\"@context\":\"https:\\\/\\\/schema.org\",\"@graph\":[{\"@type\":\"BlogPosting\",\"@id\":\"https:\\\/\\\/newsinfoco.com.br\\\/inicio\\\/procurador-geral-da-republica-diz-que-emprestimo-consignado-do-auxilio-brasil-e-inconstitucional\\\/#blogposting\",\"name\":\"Procurador Geral da Rep\\u00fablica diz que empr\\u00e9stimo consignado do Aux\\u00edlio Brasil \\u00e9 inconstitucional - News In Foco - Editado por Caio Pimenta\",\"headline\":\"Procurador Geral da Rep\\u00fablica diz que empr\\u00e9stimo consignado do Aux\\u00edlio Brasil \\u00e9 inconstitucional\",\"author\":{\"@id\":\"https:\\\/\\\/newsinfoco.com.br\\\/inicio\\\/author\\\/administrador\\\/#author\"},\"publisher\":{\"@id\":\"https:\\\/\\\/newsinfoco.com.br\\\/inicio\\\/#organization\"},\"image\":{\"@type\":\"ImageObject\",\"url\":\"https:\\\/\\\/newsinfoco.com.br\\\/inicio\\\/wp-content\\\/uploads\\\/2019\\\/10\\\/augusto-aras-stf-1.jpg\"},\"datePublished\":\"2022-11-15T15:24:42-03:00\",\"dateModified\":\"2022-11-15T15:24:42-03:00\",\"inLanguage\":\"pt-BR\",\"mainEntityOfPage\":{\"@id\":\"https:\\\/\\\/newsinfoco.com.br\\\/inicio\\\/procurador-geral-da-republica-diz-que-emprestimo-consignado-do-auxilio-brasil-e-inconstitucional\\\/#webpage\"},\"isPartOf\":{\"@id\":\"https:\\\/\\\/newsinfoco.com.br\\\/inicio\\\/procurador-geral-da-republica-diz-que-emprestimo-consignado-do-auxilio-brasil-e-inconstitucional\\\/#webpage\"},\"articleSection\":\"Brasil\"},{\"@type\":\"BreadcrumbList\",\"@id\":\"https:\\\/\\\/newsinfoco.com.br\\\/inicio\\\/procurador-geral-da-republica-diz-que-emprestimo-consignado-do-auxilio-brasil-e-inconstitucional\\\/#breadcrumblist\",\"itemListElement\":[{\"@type\":\"ListItem\",\"@id\":\"https:\\\/\\\/newsinfoco.com.br\\\/inicio#listItem\",\"position\":1,\"name\":\"In\\u00edcio\",\"item\":\"https:\\\/\\\/newsinfoco.com.br\\\/inicio\",\"nextItem\":{\"@type\":\"ListItem\",\"@id\":\"https:\\\/\\\/newsinfoco.com.br\\\/inicio\\\/category\\\/brasil\\\/#listItem\",\"name\":\"Brasil\"}},{\"@type\":\"ListItem\",\"@id\":\"https:\\\/\\\/newsinfoco.com.br\\\/inicio\\\/category\\\/brasil\\\/#listItem\",\"position\":2,\"name\":\"Brasil\",\"item\":\"https:\\\/\\\/newsinfoco.com.br\\\/inicio\\\/category\\\/brasil\\\/\",\"nextItem\":{\"@type\":\"ListItem\",\"@id\":\"https:\\\/\\\/newsinfoco.com.br\\\/inicio\\\/procurador-geral-da-republica-diz-que-emprestimo-consignado-do-auxilio-brasil-e-inconstitucional\\\/#listItem\",\"name\":\"Procurador Geral da Rep\\u00fablica diz que empr\\u00e9stimo consignado do Aux\\u00edlio Brasil \\u00e9 inconstitucional\"},\"previousItem\":{\"@type\":\"ListItem\",\"@id\":\"https:\\\/\\\/newsinfoco.com.br\\\/inicio#listItem\",\"name\":\"In\\u00edcio\"}},{\"@type\":\"ListItem\",\"@id\":\"https:\\\/\\\/newsinfoco.com.br\\\/inicio\\\/procurador-geral-da-republica-diz-que-emprestimo-consignado-do-auxilio-brasil-e-inconstitucional\\\/#listItem\",\"position\":3,\"name\":\"Procurador Geral da Rep\\u00fablica diz que empr\\u00e9stimo consignado do Aux\\u00edlio Brasil \\u00e9 inconstitucional\",\"previousItem\":{\"@type\":\"ListItem\",\"@id\":\"https:\\\/\\\/newsinfoco.com.br\\\/inicio\\\/category\\\/brasil\\\/#listItem\",\"name\":\"Brasil\"}}]},{\"@type\":\"Organization\",\"@id\":\"https:\\\/\\\/newsinfoco.com.br\\\/inicio\\\/#organization\",\"name\":\"News In Foco - Editado por Caio Pimenta\",\"description\":\"O principal site de noticias de Alagoinhas e regi\\u00e3o\",\"url\":\"https:\\\/\\\/newsinfoco.com.br\\\/inicio\\\/\"},{\"@type\":\"Person\",\"@id\":\"https:\\\/\\\/newsinfoco.com.br\\\/inicio\\\/author\\\/administrador\\\/#author\",\"url\":\"https:\\\/\\\/newsinfoco.com.br\\\/inicio\\\/author\\\/administrador\\\/\",\"name\":\"administrador\",\"image\":{\"@type\":\"ImageObject\",\"@id\":\"https:\\\/\\\/newsinfoco.com.br\\\/inicio\\\/procurador-geral-da-republica-diz-que-emprestimo-consignado-do-auxilio-brasil-e-inconstitucional\\\/#authorImage\",\"url\":\"https:\\\/\\\/secure.gravatar.com\\\/avatar\\\/c17a617433de8c1dc9584bb79aab7563b46f5bb7e1728c9b17d9cc3ce6a08e49?s=96&d=mm&r=g\",\"width\":96,\"height\":96,\"caption\":\"administrador\"}},{\"@type\":\"WebPage\",\"@id\":\"https:\\\/\\\/newsinfoco.com.br\\\/inicio\\\/procurador-geral-da-republica-diz-que-emprestimo-consignado-do-auxilio-brasil-e-inconstitucional\\\/#webpage\",\"url\":\"https:\\\/\\\/newsinfoco.com.br\\\/inicio\\\/procurador-geral-da-republica-diz-que-emprestimo-consignado-do-auxilio-brasil-e-inconstitucional\\\/\",\"name\":\"Procurador Geral da Rep\\u00fablica diz que empr\\u00e9stimo consignado do Aux\\u00edlio Brasil \\u00e9 inconstitucional - News In Foco - Editado por Caio Pimenta\",\"description\":\"O procurador-geral da Rep\\u00fablica, Augusto Aras (foto), entende que o empr\\u00e9stimo consignado do Aux\\u00edlio Brasil \\u00e9 inconstitucional. A manifesta\\u00e7\\u00e3o do PGR ocorreu em resposta a uma a\\u00e7\\u00e3o no STF que questiona trechos da lei que permite a modalidade de cr\\u00e9dito aos benefici\\u00e1rios do programa. Para Aras, h\\u00e1 trechos da lei que violam o princ\\u00edpio constitucional\",\"inLanguage\":\"pt-BR\",\"isPartOf\":{\"@id\":\"https:\\\/\\\/newsinfoco.com.br\\\/inicio\\\/#website\"},\"breadcrumb\":{\"@id\":\"https:\\\/\\\/newsinfoco.com.br\\\/inicio\\\/procurador-geral-da-republica-diz-que-emprestimo-consignado-do-auxilio-brasil-e-inconstitucional\\\/#breadcrumblist\"},\"author\":{\"@id\":\"https:\\\/\\\/newsinfoco.com.br\\\/inicio\\\/author\\\/administrador\\\/#author\"},\"creator\":{\"@id\":\"https:\\\/\\\/newsinfoco.com.br\\\/inicio\\\/author\\\/administrador\\\/#author\"},\"image\":{\"@type\":\"ImageObject\",\"url\":\"https:\\\/\\\/newsinfoco.com.br\\\/inicio\\\/wp-content\\\/uploads\\\/2019\\\/10\\\/augusto-aras-stf-1.jpg\",\"@id\":\"https:\\\/\\\/newsinfoco.com.br\\\/inicio\\\/procurador-geral-da-republica-diz-que-emprestimo-consignado-do-auxilio-brasil-e-inconstitucional\\\/#mainImage\"},\"primaryImageOfPage\":{\"@id\":\"https:\\\/\\\/newsinfoco.com.br\\\/inicio\\\/procurador-geral-da-republica-diz-que-emprestimo-consignado-do-auxilio-brasil-e-inconstitucional\\\/#mainImage\"},\"datePublished\":\"2022-11-15T15:24:42-03:00\",\"dateModified\":\"2022-11-15T15:24:42-03:00\"},{\"@type\":\"WebSite\",\"@id\":\"https:\\\/\\\/newsinfoco.com.br\\\/inicio\\\/#website\",\"url\":\"https:\\\/\\\/newsinfoco.com.br\\\/inicio\\\/\",\"name\":\"News In Foco - Editado por Caio Pimenta\",\"description\":\"O principal site de noticias de Alagoinhas e regi\\u00e3o\",\"inLanguage\":\"pt-BR\",\"publisher\":{\"@id\":\"https:\\\/\\\/newsinfoco.com.br\\\/inicio\\\/#organization\"}}]}\n\t\t<\/script>\n\t\t<!-- All in One SEO -->\n\n","aioseo_head_json":{"title":"Procurador Geral da Rep\u00fablica diz que empr\u00e9stimo consignado do Aux\u00edlio Brasil \u00e9 inconstitucional - News In Foco - Editado por Caio Pimenta","description":"O procurador-geral da Rep\u00fablica, Augusto Aras (foto), entende que o empr\u00e9stimo consignado do Aux\u00edlio Brasil \u00e9 inconstitucional. A manifesta\u00e7\u00e3o do PGR ocorreu em resposta a uma a\u00e7\u00e3o no STF que questiona trechos da lei que permite a modalidade de cr\u00e9dito aos benefici\u00e1rios do programa. Para Aras, h\u00e1 trechos da lei que violam o princ\u00edpio constitucional","canonical_url":"https:\/\/newsinfoco.com.br\/inicio\/procurador-geral-da-republica-diz-que-emprestimo-consignado-do-auxilio-brasil-e-inconstitucional\/","robots":"max-image-preview:large","keywords":"","webmasterTools":{"miscellaneous":""},"schema":{"@context":"https:\/\/schema.org","@graph":[{"@type":"BlogPosting","@id":"https:\/\/newsinfoco.com.br\/inicio\/procurador-geral-da-republica-diz-que-emprestimo-consignado-do-auxilio-brasil-e-inconstitucional\/#blogposting","name":"Procurador Geral da Rep\u00fablica diz que empr\u00e9stimo consignado do Aux\u00edlio Brasil \u00e9 inconstitucional - News In Foco - Editado por Caio Pimenta","headline":"Procurador Geral da Rep\u00fablica diz que empr\u00e9stimo consignado do Aux\u00edlio Brasil \u00e9 inconstitucional","author":{"@id":"https:\/\/newsinfoco.com.br\/inicio\/author\/administrador\/#author"},"publisher":{"@id":"https:\/\/newsinfoco.com.br\/inicio\/#organization"},"image":{"@type":"ImageObject","url":"https:\/\/newsinfoco.com.br\/inicio\/wp-content\/uploads\/2019\/10\/augusto-aras-stf-1.jpg"},"datePublished":"2022-11-15T15:24:42-03:00","dateModified":"2022-11-15T15:24:42-03:00","inLanguage":"pt-BR","mainEntityOfPage":{"@id":"https:\/\/newsinfoco.com.br\/inicio\/procurador-geral-da-republica-diz-que-emprestimo-consignado-do-auxilio-brasil-e-inconstitucional\/#webpage"},"isPartOf":{"@id":"https:\/\/newsinfoco.com.br\/inicio\/procurador-geral-da-republica-diz-que-emprestimo-consignado-do-auxilio-brasil-e-inconstitucional\/#webpage"},"articleSection":"Brasil"},{"@type":"BreadcrumbList","@id":"https:\/\/newsinfoco.com.br\/inicio\/procurador-geral-da-republica-diz-que-emprestimo-consignado-do-auxilio-brasil-e-inconstitucional\/#breadcrumblist","itemListElement":[{"@type":"ListItem","@id":"https:\/\/newsinfoco.com.br\/inicio#listItem","position":1,"name":"In\u00edcio","item":"https:\/\/newsinfoco.com.br\/inicio","nextItem":{"@type":"ListItem","@id":"https:\/\/newsinfoco.com.br\/inicio\/category\/brasil\/#listItem","name":"Brasil"}},{"@type":"ListItem","@id":"https:\/\/newsinfoco.com.br\/inicio\/category\/brasil\/#listItem","position":2,"name":"Brasil","item":"https:\/\/newsinfoco.com.br\/inicio\/category\/brasil\/","nextItem":{"@type":"ListItem","@id":"https:\/\/newsinfoco.com.br\/inicio\/procurador-geral-da-republica-diz-que-emprestimo-consignado-do-auxilio-brasil-e-inconstitucional\/#listItem","name":"Procurador Geral da Rep\u00fablica diz que empr\u00e9stimo consignado do Aux\u00edlio Brasil \u00e9 inconstitucional"},"previousItem":{"@type":"ListItem","@id":"https:\/\/newsinfoco.com.br\/inicio#listItem","name":"In\u00edcio"}},{"@type":"ListItem","@id":"https:\/\/newsinfoco.com.br\/inicio\/procurador-geral-da-republica-diz-que-emprestimo-consignado-do-auxilio-brasil-e-inconstitucional\/#listItem","position":3,"name":"Procurador Geral da Rep\u00fablica diz que empr\u00e9stimo consignado do Aux\u00edlio Brasil \u00e9 inconstitucional","previousItem":{"@type":"ListItem","@id":"https:\/\/newsinfoco.com.br\/inicio\/category\/brasil\/#listItem","name":"Brasil"}}]},{"@type":"Organization","@id":"https:\/\/newsinfoco.com.br\/inicio\/#organization","name":"News In Foco - Editado por Caio Pimenta","description":"O principal site de noticias de Alagoinhas e regi\u00e3o","url":"https:\/\/newsinfoco.com.br\/inicio\/"},{"@type":"Person","@id":"https:\/\/newsinfoco.com.br\/inicio\/author\/administrador\/#author","url":"https:\/\/newsinfoco.com.br\/inicio\/author\/administrador\/","name":"administrador","image":{"@type":"ImageObject","@id":"https:\/\/newsinfoco.com.br\/inicio\/procurador-geral-da-republica-diz-que-emprestimo-consignado-do-auxilio-brasil-e-inconstitucional\/#authorImage","url":"https:\/\/secure.gravatar.com\/avatar\/c17a617433de8c1dc9584bb79aab7563b46f5bb7e1728c9b17d9cc3ce6a08e49?s=96&d=mm&r=g","width":96,"height":96,"caption":"administrador"}},{"@type":"WebPage","@id":"https:\/\/newsinfoco.com.br\/inicio\/procurador-geral-da-republica-diz-que-emprestimo-consignado-do-auxilio-brasil-e-inconstitucional\/#webpage","url":"https:\/\/newsinfoco.com.br\/inicio\/procurador-geral-da-republica-diz-que-emprestimo-consignado-do-auxilio-brasil-e-inconstitucional\/","name":"Procurador Geral da Rep\u00fablica diz que empr\u00e9stimo consignado do Aux\u00edlio Brasil \u00e9 inconstitucional - News In Foco - Editado por Caio Pimenta","description":"O procurador-geral da Rep\u00fablica, Augusto Aras (foto), entende que o empr\u00e9stimo consignado do Aux\u00edlio Brasil \u00e9 inconstitucional. A manifesta\u00e7\u00e3o do PGR ocorreu em resposta a uma a\u00e7\u00e3o no STF que questiona trechos da lei que permite a modalidade de cr\u00e9dito aos benefici\u00e1rios do programa. Para Aras, h\u00e1 trechos da lei que violam o princ\u00edpio constitucional","inLanguage":"pt-BR","isPartOf":{"@id":"https:\/\/newsinfoco.com.br\/inicio\/#website"},"breadcrumb":{"@id":"https:\/\/newsinfoco.com.br\/inicio\/procurador-geral-da-republica-diz-que-emprestimo-consignado-do-auxilio-brasil-e-inconstitucional\/#breadcrumblist"},"author":{"@id":"https:\/\/newsinfoco.com.br\/inicio\/author\/administrador\/#author"},"creator":{"@id":"https:\/\/newsinfoco.com.br\/inicio\/author\/administrador\/#author"},"image":{"@type":"ImageObject","url":"https:\/\/newsinfoco.com.br\/inicio\/wp-content\/uploads\/2019\/10\/augusto-aras-stf-1.jpg","@id":"https:\/\/newsinfoco.com.br\/inicio\/procurador-geral-da-republica-diz-que-emprestimo-consignado-do-auxilio-brasil-e-inconstitucional\/#mainImage"},"primaryImageOfPage":{"@id":"https:\/\/newsinfoco.com.br\/inicio\/procurador-geral-da-republica-diz-que-emprestimo-consignado-do-auxilio-brasil-e-inconstitucional\/#mainImage"},"datePublished":"2022-11-15T15:24:42-03:00","dateModified":"2022-11-15T15:24:42-03:00"},{"@type":"WebSite","@id":"https:\/\/newsinfoco.com.br\/inicio\/#website","url":"https:\/\/newsinfoco.com.br\/inicio\/","name":"News In Foco - Editado por Caio Pimenta","description":"O principal site de noticias de Alagoinhas e regi\u00e3o","inLanguage":"pt-BR","publisher":{"@id":"https:\/\/newsinfoco.com.br\/inicio\/#organization"}}]},"og:locale":"pt_BR","og:site_name":"News In Foco - Editado por Caio Pimenta - O principal site de noticias de Alagoinhas e regi\u00e3o","og:type":"article","og:title":"Procurador Geral da Rep\u00fablica diz que empr\u00e9stimo consignado do Aux\u00edlio Brasil \u00e9 inconstitucional - News In Foco - Editado por Caio Pimenta","og:description":"O procurador-geral da Rep\u00fablica, Augusto Aras (foto), entende que o empr\u00e9stimo consignado do Aux\u00edlio Brasil \u00e9 inconstitucional. A manifesta\u00e7\u00e3o do PGR ocorreu em resposta a uma a\u00e7\u00e3o no STF que questiona trechos da lei que permite a modalidade de cr\u00e9dito aos benefici\u00e1rios do programa. Para Aras, h\u00e1 trechos da lei que violam o princ\u00edpio constitucional","og:url":"https:\/\/newsinfoco.com.br\/inicio\/procurador-geral-da-republica-diz-que-emprestimo-consignado-do-auxilio-brasil-e-inconstitucional\/","article:published_time":"2022-11-15T18:24:42+00:00","article:modified_time":"2022-11-15T18:24:42+00:00","twitter:card":"summary_large_image","twitter:title":"Procurador Geral da Rep\u00fablica diz que empr\u00e9stimo consignado do Aux\u00edlio Brasil \u00e9 inconstitucional - News In Foco - Editado por Caio Pimenta","twitter:description":"O procurador-geral da Rep\u00fablica, Augusto Aras (foto), entende que o empr\u00e9stimo consignado do Aux\u00edlio Brasil \u00e9 inconstitucional. A manifesta\u00e7\u00e3o do PGR ocorreu em resposta a uma a\u00e7\u00e3o no STF que questiona trechos da lei que permite a modalidade de cr\u00e9dito aos benefici\u00e1rios do programa. Para Aras, h\u00e1 trechos da lei que violam o princ\u00edpio constitucional"},"aioseo_meta_data":{"post_id":"31872","title":null,"description":null,"keywords":null,"keyphrases":null,"primary_term":null,"canonical_url":null,"og_title":null,"og_description":null,"og_object_type":"default","og_image_type":"default","og_image_url":null,"og_image_width":null,"og_image_height":null,"og_image_custom_url":null,"og_image_custom_fields":null,"og_video":null,"og_custom_url":null,"og_article_section":null,"og_article_tags":null,"twitter_use_og":false,"twitter_card":"default","twitter_image_type":"default","twitter_image_url":null,"twitter_image_custom_url":null,"twitter_image_custom_fields":null,"twitter_title":null,"twitter_description":null,"schema":{"blockGraphs":[],"customGraphs":[],"default":{"data":{"Article":[],"Course":[],"Dataset":[],"FAQPage":[],"Movie":[],"Person":[],"Product":[],"ProductReview":[],"Car":[],"Recipe":[],"Service":[],"SoftwareApplication":[],"WebPage":[]},"graphName":"","isEnabled":true},"graphs":[]},"schema_type":"default","schema_type_options":null,"pillar_content":false,"robots_default":true,"robots_noindex":false,"robots_noarchive":false,"robots_nosnippet":false,"robots_nofollow":false,"robots_noimageindex":false,"robots_noodp":false,"robots_notranslate":false,"robots_max_snippet":null,"robots_max_videopreview":null,"robots_max_imagepreview":"large","priority":null,"frequency":null,"local_seo":null,"breadcrumb_settings":null,"limit_modified_date":false,"ai":null,"created":"2023-06-12 22:19:36","updated":"2025-07-11 08:35:02","seo_analyzer_scan_date":null},"aioseo_breadcrumb":"<div class=\"aioseo-breadcrumbs\"><span class=\"aioseo-breadcrumb\">\n\t\t\t<a href=\"https:\/\/newsinfoco.com.br\/inicio\" title=\"In\u00edcio\">In\u00edcio<\/a>\n\t\t<\/span><span class=\"aioseo-breadcrumb-separator\">&raquo;<\/span><span class=\"aioseo-breadcrumb\">\n\t\t\t<a href=\"https:\/\/newsinfoco.com.br\/inicio\/category\/brasil\/\" title=\"Brasil\">Brasil<\/a>\n\t\t<\/span><span class=\"aioseo-breadcrumb-separator\">&raquo;<\/span><span class=\"aioseo-breadcrumb\">\n\t\t\tProcurador Geral da Rep\u00fablica diz que empr\u00e9stimo consignado do Aux\u00edlio Brasil \u00e9 inconstitucional\n\t\t<\/span><\/div>","aioseo_breadcrumb_json":[{"label":"In\u00edcio","link":"https:\/\/newsinfoco.com.br\/inicio"},{"label":"Brasil","link":"https:\/\/newsinfoco.com.br\/inicio\/category\/brasil\/"},{"label":"Procurador Geral da Rep\u00fablica diz que empr\u00e9stimo consignado do Aux\u00edlio Brasil \u00e9 inconstitucional","link":"https:\/\/newsinfoco.com.br\/inicio\/procurador-geral-da-republica-diz-que-emprestimo-consignado-do-auxilio-brasil-e-inconstitucional\/"}],"_links":{"self":[{"href":"https:\/\/newsinfoco.com.br\/inicio\/wp-json\/wp\/v2\/posts\/31872","targetHints":{"allow":["GET"]}}],"collection":[{"href":"https:\/\/newsinfoco.com.br\/inicio\/wp-json\/wp\/v2\/posts"}],"about":[{"href":"https:\/\/newsinfoco.com.br\/inicio\/wp-json\/wp\/v2\/types\/post"}],"author":[{"embeddable":true,"href":"https:\/\/newsinfoco.com.br\/inicio\/wp-json\/wp\/v2\/users\/1"}],"replies":[{"embeddable":true,"href":"https:\/\/newsinfoco.com.br\/inicio\/wp-json\/wp\/v2\/comments?post=31872"}],"version-history":[{"count":1,"href":"https:\/\/newsinfoco.com.br\/inicio\/wp-json\/wp\/v2\/posts\/31872\/revisions"}],"predecessor-version":[{"id":31873,"href":"https:\/\/newsinfoco.com.br\/inicio\/wp-json\/wp\/v2\/posts\/31872\/revisions\/31873"}],"wp:featuredmedia":[{"embeddable":true,"href":"https:\/\/newsinfoco.com.br\/inicio\/wp-json\/wp\/v2\/media\/18299"}],"wp:attachment":[{"href":"https:\/\/newsinfoco.com.br\/inicio\/wp-json\/wp\/v2\/media?parent=31872"}],"wp:term":[{"taxonomy":"category","embeddable":true,"href":"https:\/\/newsinfoco.com.br\/inicio\/wp-json\/wp\/v2\/categories?post=31872"},{"taxonomy":"post_tag","embeddable":true,"href":"https:\/\/newsinfoco.com.br\/inicio\/wp-json\/wp\/v2\/tags?post=31872"}],"curies":[{"name":"wp","href":"https:\/\/api.w.org\/{rel}","templated":true}]}}