{"id":31874,"date":"2022-11-15T15:29:49","date_gmt":"2022-11-15T18:29:49","guid":{"rendered":"https:\/\/newsinfoco.com.br\/inicio\/?p=31874"},"modified":"2022-11-15T15:29:49","modified_gmt":"2022-11-15T18:29:49","slug":"os-baianos-marcus-cavalcanti-juca-ferreira-e-margareth-menezes-sao-chamados-para-integrar-equipe-transicao-de-lula","status":"publish","type":"post","link":"https:\/\/newsinfoco.com.br\/inicio\/os-baianos-marcus-cavalcanti-juca-ferreira-e-margareth-menezes-sao-chamados-para-integrar-equipe-transicao-de-lula\/","title":{"rendered":"Os baianos Marcus Cavalcanti, Juca Ferreira e Margareth Menezes s\u00e3o chamados para integrar equipe transi\u00e7\u00e3o de Lula"},"content":{"rendered":"<p>O vice-presidente eleito Geraldo Alckmin (PSB) anunciou ontem o nome de tr\u00eas baianos para integrar a equipe de transi\u00e7\u00e3o para o novo governo Lula (PT).<\/p>\n<p>O secret\u00e1rio estadual da Infraestrutura na Bahia, Marcus Cavalcanti (PSD), \u00e9 um dos integrantes do grupo que vai atuar no setor de Infraestrutura. Ele tamb\u00e9m faz parte da coordena\u00e7\u00e3o a equipe de transi\u00e7\u00e3o para o futuro governo de Jer\u00f4nimo Rodrigues (PT) na Bahia.<\/p>\n<p>Na \u00e1rea da cultural, foram anunciados os nomes do ex-ministro Juca Ferreira (PT) e a cantora Margareth Menezes. O ex-ministro assumiu a pasta no segundo mandato de Lula, quando substituiu o cantor e compositor Gilberto Gil.<\/p>\n<p>J\u00e1 Margareth Menezes se aproximou do campo da esquerda e apoiou as candidaturas do PT em algumas ocasi\u00f5es.\u00a0Em 2012, ela gravou a m\u00fasica \u201cCidad\u00e3o\u201d, de Moraes Moreira,\u00a0que foi usada na campanha de\u00a0Nelson Pelegrino, ent\u00e3o filiado ao PT, para a prefeitura de Salvador.<\/p>\n<p>Politicaaovivo<\/p>\n<div class='share-to-whatsapp-wrapper'><div class='share-on-whsp'>Share on: <\/div><a data-text='Os baianos Marcus Cavalcanti, Juca Ferreira e Margareth Menezes s\u00e3o chamados para integrar equipe transi\u00e7\u00e3o de Lula' data-link='https:\/\/newsinfoco.com.br\/inicio\/os-baianos-marcus-cavalcanti-juca-ferreira-e-margareth-menezes-sao-chamados-para-integrar-equipe-transicao-de-lula\/' class='whatsapp-button whatsapp-share'>WhatsApp<\/a><div class='clear '><\/div><\/div>","protected":false},"excerpt":{"rendered":"<p>O vice-presidente eleito Geraldo Alckmin (PSB) anunciou ontem o nome de tr\u00eas baianos para integrar a equipe de transi\u00e7\u00e3o para o novo governo Lula (PT). O secret\u00e1rio estadual da Infraestrutura na Bahia, Marcus Cavalcanti (PSD), \u00e9 um dos integrantes do grupo que vai atuar no setor de Infraestrutura. Ele tamb\u00e9m faz parte da coordena\u00e7\u00e3o a [&hellip;]<\/p>\n","protected":false},"author":1,"featured_media":31875,"comment_status":"closed","ping_status":"closed","sticky":false,"template":"","format":"standard","meta":{"om_disable_all_campaigns":false,"rop_custom_images_group":[],"rop_custom_messages_group":[],"rop_publish_now":"initial","rop_publish_now_accounts":[],"rop_publish_now_history":[],"rop_publish_now_status":"pending","_exactmetrics_skip_tracking":false,"footnotes":""},"categories":[19],"tags":[],"class_list":["post-31874","post","type-post","status-publish","format-standard","has-post-thumbnail","hentry","category-bahia"],"aioseo_notices":[],"aioseo_head":"\n\t\t<!-- All in One SEO 4.9.10 - aioseo.com -->\n\t<meta name=\"description\" content=\"O vice-presidente eleito Geraldo Alckmin (PSB) anunciou ontem o nome de tr\u00eas baianos para integrar a equipe de transi\u00e7\u00e3o para o novo governo Lula (PT). O secret\u00e1rio estadual da Infraestrutura na Bahia, Marcus Cavalcanti (PSD), \u00e9 um dos integrantes do grupo que vai atuar no setor de Infraestrutura. Ele tamb\u00e9m faz parte da coordena\u00e7\u00e3o a\" \/>\n\t<meta name=\"robots\" content=\"max-image-preview:large\" \/>\n\t<meta name=\"author\" content=\"administrador\"\/>\n\t<link rel=\"canonical\" href=\"https:\/\/newsinfoco.com.br\/inicio\/os-baianos-marcus-cavalcanti-juca-ferreira-e-margareth-menezes-sao-chamados-para-integrar-equipe-transicao-de-lula\/\" \/>\n\t<meta name=\"generator\" content=\"All in One SEO (AIOSEO) 4.9.10\" \/>\n\t\t<meta property=\"og:locale\" content=\"pt_BR\" \/>\n\t\t<meta property=\"og:site_name\" content=\"News In Foco - Editado por Caio Pimenta - O principal site de noticias de Alagoinhas e regi\u00e3o\" \/>\n\t\t<meta property=\"og:type\" content=\"article\" \/>\n\t\t<meta property=\"og:title\" content=\"Os baianos Marcus Cavalcanti, Juca Ferreira e Margareth Menezes s\u00e3o chamados para integrar equipe transi\u00e7\u00e3o de Lula - News In Foco - Editado por Caio Pimenta\" \/>\n\t\t<meta property=\"og:description\" content=\"O vice-presidente eleito Geraldo Alckmin (PSB) anunciou ontem o nome de tr\u00eas baianos para integrar a equipe de transi\u00e7\u00e3o para o novo governo Lula (PT). O secret\u00e1rio estadual da Infraestrutura na Bahia, Marcus Cavalcanti (PSD), \u00e9 um dos integrantes do grupo que vai atuar no setor de Infraestrutura. Ele tamb\u00e9m faz parte da coordena\u00e7\u00e3o a\" \/>\n\t\t<meta property=\"og:url\" content=\"https:\/\/newsinfoco.com.br\/inicio\/os-baianos-marcus-cavalcanti-juca-ferreira-e-margareth-menezes-sao-chamados-para-integrar-equipe-transicao-de-lula\/\" \/>\n\t\t<meta property=\"article:published_time\" content=\"2022-11-15T18:29:49+00:00\" \/>\n\t\t<meta property=\"article:modified_time\" content=\"2022-11-15T18:29:49+00:00\" \/>\n\t\t<meta name=\"twitter:card\" content=\"summary_large_image\" \/>\n\t\t<meta name=\"twitter:title\" content=\"Os baianos Marcus Cavalcanti, Juca Ferreira e Margareth Menezes s\u00e3o chamados para integrar equipe transi\u00e7\u00e3o de Lula - News In Foco - Editado por Caio Pimenta\" \/>\n\t\t<meta name=\"twitter:description\" content=\"O vice-presidente eleito Geraldo Alckmin (PSB) anunciou ontem o nome de tr\u00eas baianos para integrar a equipe de transi\u00e7\u00e3o para o novo governo Lula (PT). O secret\u00e1rio estadual da Infraestrutura na Bahia, Marcus Cavalcanti (PSD), \u00e9 um dos integrantes do grupo que vai atuar no setor de Infraestrutura. Ele tamb\u00e9m faz parte da coordena\u00e7\u00e3o a\" \/>\n\t\t<script type=\"application\/ld+json\" class=\"aioseo-schema\">\n\t\t\t{\"@context\":\"https:\\\/\\\/schema.org\",\"@graph\":[{\"@type\":\"BlogPosting\",\"@id\":\"https:\\\/\\\/newsinfoco.com.br\\\/inicio\\\/os-baianos-marcus-cavalcanti-juca-ferreira-e-margareth-menezes-sao-chamados-para-integrar-equipe-transicao-de-lula\\\/#blogposting\",\"name\":\"Os baianos Marcus Cavalcanti, Juca Ferreira e Margareth Menezes s\\u00e3o chamados para integrar equipe transi\\u00e7\\u00e3o de Lula - News In Foco - Editado por Caio Pimenta\",\"headline\":\"Os baianos Marcus Cavalcanti, Juca Ferreira e Margareth Menezes s\\u00e3o chamados para integrar equipe transi\\u00e7\\u00e3o de Lula\",\"author\":{\"@id\":\"https:\\\/\\\/newsinfoco.com.br\\\/inicio\\\/author\\\/administrador\\\/#author\"},\"publisher\":{\"@id\":\"https:\\\/\\\/newsinfoco.com.br\\\/inicio\\\/#organization\"},\"image\":{\"@type\":\"ImageObject\",\"url\":\"https:\\\/\\\/newsinfoco.com.br\\\/inicio\\\/wp-content\\\/uploads\\\/2022\\\/11\\\/maecus.jpg\",\"width\":380,\"height\":280},\"datePublished\":\"2022-11-15T15:29:49-03:00\",\"dateModified\":\"2022-11-15T15:29:49-03:00\",\"inLanguage\":\"pt-BR\",\"mainEntityOfPage\":{\"@id\":\"https:\\\/\\\/newsinfoco.com.br\\\/inicio\\\/os-baianos-marcus-cavalcanti-juca-ferreira-e-margareth-menezes-sao-chamados-para-integrar-equipe-transicao-de-lula\\\/#webpage\"},\"isPartOf\":{\"@id\":\"https:\\\/\\\/newsinfoco.com.br\\\/inicio\\\/os-baianos-marcus-cavalcanti-juca-ferreira-e-margareth-menezes-sao-chamados-para-integrar-equipe-transicao-de-lula\\\/#webpage\"},\"articleSection\":\"Bahia\"},{\"@type\":\"BreadcrumbList\",\"@id\":\"https:\\\/\\\/newsinfoco.com.br\\\/inicio\\\/os-baianos-marcus-cavalcanti-juca-ferreira-e-margareth-menezes-sao-chamados-para-integrar-equipe-transicao-de-lula\\\/#breadcrumblist\",\"itemListElement\":[{\"@type\":\"ListItem\",\"@id\":\"https:\\\/\\\/newsinfoco.com.br\\\/inicio#listItem\",\"position\":1,\"name\":\"In\\u00edcio\",\"item\":\"https:\\\/\\\/newsinfoco.com.br\\\/inicio\",\"nextItem\":{\"@type\":\"ListItem\",\"@id\":\"https:\\\/\\\/newsinfoco.com.br\\\/inicio\\\/category\\\/bahia\\\/#listItem\",\"name\":\"Bahia\"}},{\"@type\":\"ListItem\",\"@id\":\"https:\\\/\\\/newsinfoco.com.br\\\/inicio\\\/category\\\/bahia\\\/#listItem\",\"position\":2,\"name\":\"Bahia\",\"item\":\"https:\\\/\\\/newsinfoco.com.br\\\/inicio\\\/category\\\/bahia\\\/\",\"nextItem\":{\"@type\":\"ListItem\",\"@id\":\"https:\\\/\\\/newsinfoco.com.br\\\/inicio\\\/os-baianos-marcus-cavalcanti-juca-ferreira-e-margareth-menezes-sao-chamados-para-integrar-equipe-transicao-de-lula\\\/#listItem\",\"name\":\"Os baianos Marcus Cavalcanti, Juca Ferreira e Margareth Menezes s\\u00e3o chamados para integrar equipe transi\\u00e7\\u00e3o de Lula\"},\"previousItem\":{\"@type\":\"ListItem\",\"@id\":\"https:\\\/\\\/newsinfoco.com.br\\\/inicio#listItem\",\"name\":\"In\\u00edcio\"}},{\"@type\":\"ListItem\",\"@id\":\"https:\\\/\\\/newsinfoco.com.br\\\/inicio\\\/os-baianos-marcus-cavalcanti-juca-ferreira-e-margareth-menezes-sao-chamados-para-integrar-equipe-transicao-de-lula\\\/#listItem\",\"position\":3,\"name\":\"Os baianos Marcus Cavalcanti, Juca Ferreira e Margareth Menezes s\\u00e3o chamados para integrar equipe transi\\u00e7\\u00e3o de Lula\",\"previousItem\":{\"@type\":\"ListItem\",\"@id\":\"https:\\\/\\\/newsinfoco.com.br\\\/inicio\\\/category\\\/bahia\\\/#listItem\",\"name\":\"Bahia\"}}]},{\"@type\":\"Organization\",\"@id\":\"https:\\\/\\\/newsinfoco.com.br\\\/inicio\\\/#organization\",\"name\":\"News In Foco - Editado por Caio Pimenta\",\"description\":\"O principal site de noticias de Alagoinhas e regi\\u00e3o\",\"url\":\"https:\\\/\\\/newsinfoco.com.br\\\/inicio\\\/\"},{\"@type\":\"Person\",\"@id\":\"https:\\\/\\\/newsinfoco.com.br\\\/inicio\\\/author\\\/administrador\\\/#author\",\"url\":\"https:\\\/\\\/newsinfoco.com.br\\\/inicio\\\/author\\\/administrador\\\/\",\"name\":\"administrador\",\"image\":{\"@type\":\"ImageObject\",\"@id\":\"https:\\\/\\\/newsinfoco.com.br\\\/inicio\\\/os-baianos-marcus-cavalcanti-juca-ferreira-e-margareth-menezes-sao-chamados-para-integrar-equipe-transicao-de-lula\\\/#authorImage\",\"url\":\"https:\\\/\\\/secure.gravatar.com\\\/avatar\\\/c17a617433de8c1dc9584bb79aab7563b46f5bb7e1728c9b17d9cc3ce6a08e49?s=96&d=mm&r=g\",\"width\":96,\"height\":96,\"caption\":\"administrador\"}},{\"@type\":\"WebPage\",\"@id\":\"https:\\\/\\\/newsinfoco.com.br\\\/inicio\\\/os-baianos-marcus-cavalcanti-juca-ferreira-e-margareth-menezes-sao-chamados-para-integrar-equipe-transicao-de-lula\\\/#webpage\",\"url\":\"https:\\\/\\\/newsinfoco.com.br\\\/inicio\\\/os-baianos-marcus-cavalcanti-juca-ferreira-e-margareth-menezes-sao-chamados-para-integrar-equipe-transicao-de-lula\\\/\",\"name\":\"Os baianos Marcus Cavalcanti, Juca Ferreira e Margareth Menezes s\\u00e3o chamados para integrar equipe transi\\u00e7\\u00e3o de Lula - News In Foco - Editado por Caio Pimenta\",\"description\":\"O vice-presidente eleito Geraldo Alckmin (PSB) anunciou ontem o nome de tr\\u00eas baianos para integrar a equipe de transi\\u00e7\\u00e3o para o novo governo Lula (PT). O secret\\u00e1rio estadual da Infraestrutura na Bahia, Marcus Cavalcanti (PSD), \\u00e9 um dos integrantes do grupo que vai atuar no setor de Infraestrutura. Ele tamb\\u00e9m faz parte da coordena\\u00e7\\u00e3o a\",\"inLanguage\":\"pt-BR\",\"isPartOf\":{\"@id\":\"https:\\\/\\\/newsinfoco.com.br\\\/inicio\\\/#website\"},\"breadcrumb\":{\"@id\":\"https:\\\/\\\/newsinfoco.com.br\\\/inicio\\\/os-baianos-marcus-cavalcanti-juca-ferreira-e-margareth-menezes-sao-chamados-para-integrar-equipe-transicao-de-lula\\\/#breadcrumblist\"},\"author\":{\"@id\":\"https:\\\/\\\/newsinfoco.com.br\\\/inicio\\\/author\\\/administrador\\\/#author\"},\"creator\":{\"@id\":\"https:\\\/\\\/newsinfoco.com.br\\\/inicio\\\/author\\\/administrador\\\/#author\"},\"image\":{\"@type\":\"ImageObject\",\"url\":\"https:\\\/\\\/newsinfoco.com.br\\\/inicio\\\/wp-content\\\/uploads\\\/2022\\\/11\\\/maecus.jpg\",\"@id\":\"https:\\\/\\\/newsinfoco.com.br\\\/inicio\\\/os-baianos-marcus-cavalcanti-juca-ferreira-e-margareth-menezes-sao-chamados-para-integrar-equipe-transicao-de-lula\\\/#mainImage\",\"width\":380,\"height\":280},\"primaryImageOfPage\":{\"@id\":\"https:\\\/\\\/newsinfoco.com.br\\\/inicio\\\/os-baianos-marcus-cavalcanti-juca-ferreira-e-margareth-menezes-sao-chamados-para-integrar-equipe-transicao-de-lula\\\/#mainImage\"},\"datePublished\":\"2022-11-15T15:29:49-03:00\",\"dateModified\":\"2022-11-15T15:29:49-03:00\"},{\"@type\":\"WebSite\",\"@id\":\"https:\\\/\\\/newsinfoco.com.br\\\/inicio\\\/#website\",\"url\":\"https:\\\/\\\/newsinfoco.com.br\\\/inicio\\\/\",\"name\":\"News In Foco - Editado por Caio Pimenta\",\"description\":\"O principal site de noticias de Alagoinhas e regi\\u00e3o\",\"inLanguage\":\"pt-BR\",\"publisher\":{\"@id\":\"https:\\\/\\\/newsinfoco.com.br\\\/inicio\\\/#organization\"}}]}\n\t\t<\/script>\n\t\t<!-- All in One SEO -->\n\n","aioseo_head_json":{"title":"Os baianos Marcus Cavalcanti, Juca Ferreira e Margareth Menezes s\u00e3o chamados para integrar equipe transi\u00e7\u00e3o de Lula - News In Foco - Editado por Caio Pimenta","description":"O vice-presidente eleito Geraldo Alckmin (PSB) anunciou ontem o nome de tr\u00eas baianos para integrar a equipe de transi\u00e7\u00e3o para o novo governo Lula (PT). O secret\u00e1rio estadual da Infraestrutura na Bahia, Marcus Cavalcanti (PSD), \u00e9 um dos integrantes do grupo que vai atuar no setor de Infraestrutura. Ele tamb\u00e9m faz parte da coordena\u00e7\u00e3o a","canonical_url":"https:\/\/newsinfoco.com.br\/inicio\/os-baianos-marcus-cavalcanti-juca-ferreira-e-margareth-menezes-sao-chamados-para-integrar-equipe-transicao-de-lula\/","robots":"max-image-preview:large","keywords":"","webmasterTools":{"miscellaneous":""},"schema":{"@context":"https:\/\/schema.org","@graph":[{"@type":"BlogPosting","@id":"https:\/\/newsinfoco.com.br\/inicio\/os-baianos-marcus-cavalcanti-juca-ferreira-e-margareth-menezes-sao-chamados-para-integrar-equipe-transicao-de-lula\/#blogposting","name":"Os baianos Marcus Cavalcanti, Juca Ferreira e Margareth Menezes s\u00e3o chamados para integrar equipe transi\u00e7\u00e3o de Lula - News In Foco - Editado por Caio Pimenta","headline":"Os baianos Marcus Cavalcanti, Juca Ferreira e Margareth Menezes s\u00e3o chamados para integrar equipe transi\u00e7\u00e3o de Lula","author":{"@id":"https:\/\/newsinfoco.com.br\/inicio\/author\/administrador\/#author"},"publisher":{"@id":"https:\/\/newsinfoco.com.br\/inicio\/#organization"},"image":{"@type":"ImageObject","url":"https:\/\/newsinfoco.com.br\/inicio\/wp-content\/uploads\/2022\/11\/maecus.jpg","width":380,"height":280},"datePublished":"2022-11-15T15:29:49-03:00","dateModified":"2022-11-15T15:29:49-03:00","inLanguage":"pt-BR","mainEntityOfPage":{"@id":"https:\/\/newsinfoco.com.br\/inicio\/os-baianos-marcus-cavalcanti-juca-ferreira-e-margareth-menezes-sao-chamados-para-integrar-equipe-transicao-de-lula\/#webpage"},"isPartOf":{"@id":"https:\/\/newsinfoco.com.br\/inicio\/os-baianos-marcus-cavalcanti-juca-ferreira-e-margareth-menezes-sao-chamados-para-integrar-equipe-transicao-de-lula\/#webpage"},"articleSection":"Bahia"},{"@type":"BreadcrumbList","@id":"https:\/\/newsinfoco.com.br\/inicio\/os-baianos-marcus-cavalcanti-juca-ferreira-e-margareth-menezes-sao-chamados-para-integrar-equipe-transicao-de-lula\/#breadcrumblist","itemListElement":[{"@type":"ListItem","@id":"https:\/\/newsinfoco.com.br\/inicio#listItem","position":1,"name":"In\u00edcio","item":"https:\/\/newsinfoco.com.br\/inicio","nextItem":{"@type":"ListItem","@id":"https:\/\/newsinfoco.com.br\/inicio\/category\/bahia\/#listItem","name":"Bahia"}},{"@type":"ListItem","@id":"https:\/\/newsinfoco.com.br\/inicio\/category\/bahia\/#listItem","position":2,"name":"Bahia","item":"https:\/\/newsinfoco.com.br\/inicio\/category\/bahia\/","nextItem":{"@type":"ListItem","@id":"https:\/\/newsinfoco.com.br\/inicio\/os-baianos-marcus-cavalcanti-juca-ferreira-e-margareth-menezes-sao-chamados-para-integrar-equipe-transicao-de-lula\/#listItem","name":"Os baianos Marcus Cavalcanti, Juca Ferreira e Margareth Menezes s\u00e3o chamados para integrar equipe transi\u00e7\u00e3o de Lula"},"previousItem":{"@type":"ListItem","@id":"https:\/\/newsinfoco.com.br\/inicio#listItem","name":"In\u00edcio"}},{"@type":"ListItem","@id":"https:\/\/newsinfoco.com.br\/inicio\/os-baianos-marcus-cavalcanti-juca-ferreira-e-margareth-menezes-sao-chamados-para-integrar-equipe-transicao-de-lula\/#listItem","position":3,"name":"Os baianos Marcus Cavalcanti, Juca Ferreira e Margareth Menezes s\u00e3o chamados para integrar equipe transi\u00e7\u00e3o de Lula","previousItem":{"@type":"ListItem","@id":"https:\/\/newsinfoco.com.br\/inicio\/category\/bahia\/#listItem","name":"Bahia"}}]},{"@type":"Organization","@id":"https:\/\/newsinfoco.com.br\/inicio\/#organization","name":"News In Foco - Editado por Caio Pimenta","description":"O principal site de noticias de Alagoinhas e regi\u00e3o","url":"https:\/\/newsinfoco.com.br\/inicio\/"},{"@type":"Person","@id":"https:\/\/newsinfoco.com.br\/inicio\/author\/administrador\/#author","url":"https:\/\/newsinfoco.com.br\/inicio\/author\/administrador\/","name":"administrador","image":{"@type":"ImageObject","@id":"https:\/\/newsinfoco.com.br\/inicio\/os-baianos-marcus-cavalcanti-juca-ferreira-e-margareth-menezes-sao-chamados-para-integrar-equipe-transicao-de-lula\/#authorImage","url":"https:\/\/secure.gravatar.com\/avatar\/c17a617433de8c1dc9584bb79aab7563b46f5bb7e1728c9b17d9cc3ce6a08e49?s=96&d=mm&r=g","width":96,"height":96,"caption":"administrador"}},{"@type":"WebPage","@id":"https:\/\/newsinfoco.com.br\/inicio\/os-baianos-marcus-cavalcanti-juca-ferreira-e-margareth-menezes-sao-chamados-para-integrar-equipe-transicao-de-lula\/#webpage","url":"https:\/\/newsinfoco.com.br\/inicio\/os-baianos-marcus-cavalcanti-juca-ferreira-e-margareth-menezes-sao-chamados-para-integrar-equipe-transicao-de-lula\/","name":"Os baianos Marcus Cavalcanti, Juca Ferreira e Margareth Menezes s\u00e3o chamados para integrar equipe transi\u00e7\u00e3o de Lula - News In Foco - Editado por Caio Pimenta","description":"O vice-presidente eleito Geraldo Alckmin (PSB) anunciou ontem o nome de tr\u00eas baianos para integrar a equipe de transi\u00e7\u00e3o para o novo governo Lula (PT). O secret\u00e1rio estadual da Infraestrutura na Bahia, Marcus Cavalcanti (PSD), \u00e9 um dos integrantes do grupo que vai atuar no setor de Infraestrutura. Ele tamb\u00e9m faz parte da coordena\u00e7\u00e3o a","inLanguage":"pt-BR","isPartOf":{"@id":"https:\/\/newsinfoco.com.br\/inicio\/#website"},"breadcrumb":{"@id":"https:\/\/newsinfoco.com.br\/inicio\/os-baianos-marcus-cavalcanti-juca-ferreira-e-margareth-menezes-sao-chamados-para-integrar-equipe-transicao-de-lula\/#breadcrumblist"},"author":{"@id":"https:\/\/newsinfoco.com.br\/inicio\/author\/administrador\/#author"},"creator":{"@id":"https:\/\/newsinfoco.com.br\/inicio\/author\/administrador\/#author"},"image":{"@type":"ImageObject","url":"https:\/\/newsinfoco.com.br\/inicio\/wp-content\/uploads\/2022\/11\/maecus.jpg","@id":"https:\/\/newsinfoco.com.br\/inicio\/os-baianos-marcus-cavalcanti-juca-ferreira-e-margareth-menezes-sao-chamados-para-integrar-equipe-transicao-de-lula\/#mainImage","width":380,"height":280},"primaryImageOfPage":{"@id":"https:\/\/newsinfoco.com.br\/inicio\/os-baianos-marcus-cavalcanti-juca-ferreira-e-margareth-menezes-sao-chamados-para-integrar-equipe-transicao-de-lula\/#mainImage"},"datePublished":"2022-11-15T15:29:49-03:00","dateModified":"2022-11-15T15:29:49-03:00"},{"@type":"WebSite","@id":"https:\/\/newsinfoco.com.br\/inicio\/#website","url":"https:\/\/newsinfoco.com.br\/inicio\/","name":"News In Foco - Editado por Caio Pimenta","description":"O principal site de noticias de Alagoinhas e regi\u00e3o","inLanguage":"pt-BR","publisher":{"@id":"https:\/\/newsinfoco.com.br\/inicio\/#organization"}}]},"og:locale":"pt_BR","og:site_name":"News In Foco - Editado por Caio Pimenta - O principal site de noticias de Alagoinhas e regi\u00e3o","og:type":"article","og:title":"Os baianos Marcus Cavalcanti, Juca Ferreira e Margareth Menezes s\u00e3o chamados para integrar equipe transi\u00e7\u00e3o de Lula - News In Foco - Editado por Caio Pimenta","og:description":"O vice-presidente eleito Geraldo Alckmin (PSB) anunciou ontem o nome de tr\u00eas baianos para integrar a equipe de transi\u00e7\u00e3o para o novo governo Lula (PT). O secret\u00e1rio estadual da Infraestrutura na Bahia, Marcus Cavalcanti (PSD), \u00e9 um dos integrantes do grupo que vai atuar no setor de Infraestrutura. Ele tamb\u00e9m faz parte da coordena\u00e7\u00e3o a","og:url":"https:\/\/newsinfoco.com.br\/inicio\/os-baianos-marcus-cavalcanti-juca-ferreira-e-margareth-menezes-sao-chamados-para-integrar-equipe-transicao-de-lula\/","article:published_time":"2022-11-15T18:29:49+00:00","article:modified_time":"2022-11-15T18:29:49+00:00","twitter:card":"summary_large_image","twitter:title":"Os baianos Marcus Cavalcanti, Juca Ferreira e Margareth Menezes s\u00e3o chamados para integrar equipe transi\u00e7\u00e3o de Lula - News In Foco - Editado por Caio Pimenta","twitter:description":"O vice-presidente eleito Geraldo Alckmin (PSB) anunciou ontem o nome de tr\u00eas baianos para integrar a equipe de transi\u00e7\u00e3o para o novo governo Lula (PT). O secret\u00e1rio estadual da Infraestrutura na Bahia, Marcus Cavalcanti (PSD), \u00e9 um dos integrantes do grupo que vai atuar no setor de Infraestrutura. Ele tamb\u00e9m faz parte da coordena\u00e7\u00e3o a"},"aioseo_meta_data":{"post_id":"31874","title":null,"description":null,"keywords":null,"keyphrases":null,"primary_term":null,"canonical_url":null,"og_title":null,"og_description":null,"og_object_type":"default","og_image_type":"default","og_image_url":null,"og_image_width":null,"og_image_height":null,"og_image_custom_url":null,"og_image_custom_fields":null,"og_video":null,"og_custom_url":null,"og_article_section":null,"og_article_tags":null,"twitter_use_og":false,"twitter_card":"default","twitter_image_type":"default","twitter_image_url":null,"twitter_image_custom_url":null,"twitter_image_custom_fields":null,"twitter_title":null,"twitter_description":null,"schema":{"blockGraphs":[],"customGraphs":[],"default":{"data":{"Article":[],"Course":[],"Dataset":[],"FAQPage":[],"Movie":[],"Person":[],"Product":[],"ProductReview":[],"Car":[],"Recipe":[],"Service":[],"SoftwareApplication":[],"WebPage":[]},"graphName":"","isEnabled":true},"graphs":[]},"schema_type":"default","schema_type_options":null,"pillar_content":false,"robots_default":true,"robots_noindex":false,"robots_noarchive":false,"robots_nosnippet":false,"robots_nofollow":false,"robots_noimageindex":false,"robots_noodp":false,"robots_notranslate":false,"robots_max_snippet":null,"robots_max_videopreview":null,"robots_max_imagepreview":"large","priority":null,"frequency":null,"local_seo":null,"breadcrumb_settings":null,"limit_modified_date":false,"ai":null,"created":"2023-06-12 22:19:36","updated":"2025-07-11 08:35:02","seo_analyzer_scan_date":null},"aioseo_breadcrumb":"<div class=\"aioseo-breadcrumbs\"><span class=\"aioseo-breadcrumb\">\n\t\t\t<a href=\"https:\/\/newsinfoco.com.br\/inicio\" title=\"In\u00edcio\">In\u00edcio<\/a>\n\t\t<\/span><span class=\"aioseo-breadcrumb-separator\">&raquo;<\/span><span class=\"aioseo-breadcrumb\">\n\t\t\t<a href=\"https:\/\/newsinfoco.com.br\/inicio\/category\/bahia\/\" title=\"Bahia\">Bahia<\/a>\n\t\t<\/span><span class=\"aioseo-breadcrumb-separator\">&raquo;<\/span><span class=\"aioseo-breadcrumb\">\n\t\t\tOs baianos Marcus Cavalcanti, Juca Ferreira e Margareth Menezes s\u00e3o chamados para integrar equipe transi\u00e7\u00e3o de Lula\n\t\t<\/span><\/div>","aioseo_breadcrumb_json":[{"label":"In\u00edcio","link":"https:\/\/newsinfoco.com.br\/inicio"},{"label":"Bahia","link":"https:\/\/newsinfoco.com.br\/inicio\/category\/bahia\/"},{"label":"Os baianos Marcus Cavalcanti, Juca Ferreira e Margareth Menezes s\u00e3o chamados para integrar equipe transi\u00e7\u00e3o de Lula","link":"https:\/\/newsinfoco.com.br\/inicio\/os-baianos-marcus-cavalcanti-juca-ferreira-e-margareth-menezes-sao-chamados-para-integrar-equipe-transicao-de-lula\/"}],"_links":{"self":[{"href":"https:\/\/newsinfoco.com.br\/inicio\/wp-json\/wp\/v2\/posts\/31874","targetHints":{"allow":["GET"]}}],"collection":[{"href":"https:\/\/newsinfoco.com.br\/inicio\/wp-json\/wp\/v2\/posts"}],"about":[{"href":"https:\/\/newsinfoco.com.br\/inicio\/wp-json\/wp\/v2\/types\/post"}],"author":[{"embeddable":true,"href":"https:\/\/newsinfoco.com.br\/inicio\/wp-json\/wp\/v2\/users\/1"}],"replies":[{"embeddable":true,"href":"https:\/\/newsinfoco.com.br\/inicio\/wp-json\/wp\/v2\/comments?post=31874"}],"version-history":[{"count":1,"href":"https:\/\/newsinfoco.com.br\/inicio\/wp-json\/wp\/v2\/posts\/31874\/revisions"}],"predecessor-version":[{"id":31876,"href":"https:\/\/newsinfoco.com.br\/inicio\/wp-json\/wp\/v2\/posts\/31874\/revisions\/31876"}],"wp:featuredmedia":[{"embeddable":true,"href":"https:\/\/newsinfoco.com.br\/inicio\/wp-json\/wp\/v2\/media\/31875"}],"wp:attachment":[{"href":"https:\/\/newsinfoco.com.br\/inicio\/wp-json\/wp\/v2\/media?parent=31874"}],"wp:term":[{"taxonomy":"category","embeddable":true,"href":"https:\/\/newsinfoco.com.br\/inicio\/wp-json\/wp\/v2\/categories?post=31874"},{"taxonomy":"post_tag","embeddable":true,"href":"https:\/\/newsinfoco.com.br\/inicio\/wp-json\/wp\/v2\/tags?post=31874"}],"curies":[{"name":"wp","href":"https:\/\/api.w.org\/{rel}","templated":true}]}}