{"id":31877,"date":"2022-11-15T15:32:43","date_gmt":"2022-11-15T18:32:43","guid":{"rendered":"https:\/\/newsinfoco.com.br\/inicio\/?p=31877"},"modified":"2022-11-15T15:32:43","modified_gmt":"2022-11-15T18:32:43","slug":"henrique-meirelles-defende-reforma-administrativa-para-custear-auxilio-brasil","status":"publish","type":"post","link":"https:\/\/newsinfoco.com.br\/inicio\/henrique-meirelles-defende-reforma-administrativa-para-custear-auxilio-brasil\/","title":{"rendered":"Henrique Meirelles defende reforma administrativa para custear Aux\u00edlio Brasil"},"content":{"rendered":"<p>Henrique Meirelles defendeu uma\u00a0reforma administrativa para bancar o Aux\u00edlio Brasil de R$ 600 reais de maneira permanente.\u00a0Citou como exemplos a revis\u00e3o de benef\u00edcios fiscais e fechamentos de estatais sem fun\u00e7\u00f5es estrat\u00e9gicas.<\/p>\n<p><em>\u201c\u00c9 o que se precisa fazer no governo federal agora, mesmo que n\u00e3o se chame reforma administrativa, para n\u00e3o criar problema pol\u00edtico no futuro\u201d,<\/em>\u00a0disse. Ele acrescentou que a mudan\u00e7a nas regras seria necess\u00e1ria para um Or\u00e7amento\u00a0<em>\u201cque nos d\u00ea condi\u00e7\u00f5es de crescer de uma forma sustent\u00e1vel.\u201d<\/em><\/p>\n<p>Meirelles participa do Lide Brazil Conference, em Nova York, nos Estados Unidos. Est\u00e3o presentes autoridades do sistema monet\u00e1rio mundial, ex-presidentes do Banco Central brasileiro e mais de 260 empres\u00e1rios.<\/p>\n<p>Para 2023, no entanto, o ex-ministro da Fazenda concordou ser necess\u00e1ria uma permiss\u00e3o do Congresso para um\u00a0gasto extra teto.<\/p>\n<p>O PT trabalha com a constru\u00e7\u00e3o de uma Proposta de Emenda \u00e0 Constitui\u00e7\u00e3o que autorizaria o gasto de cerca de R$ 175 bilh\u00f5es fora do limite or\u00e7ament\u00e1rio. Inicialmente o texto restringia essa autoriza\u00e7\u00e3o ao ano de 2023, mas\u00a0lideran\u00e7as\u00a0petistas\u00a0passaram a defender que a PEC estenda a permiss\u00e3o por quatro anos.<\/p>\n<p>O Antagonista<\/p>\n<div class='share-to-whatsapp-wrapper'><div class='share-on-whsp'>Share on: <\/div><a data-text='Henrique Meirelles defende reforma administrativa para custear Aux\u00edlio Brasil' data-link='https:\/\/newsinfoco.com.br\/inicio\/henrique-meirelles-defende-reforma-administrativa-para-custear-auxilio-brasil\/' class='whatsapp-button whatsapp-share'>WhatsApp<\/a><div class='clear '><\/div><\/div>","protected":false},"excerpt":{"rendered":"<p>Henrique Meirelles defendeu uma\u00a0reforma administrativa para bancar o Aux\u00edlio Brasil de R$ 600 reais de maneira permanente.\u00a0Citou como exemplos a revis\u00e3o de benef\u00edcios fiscais e fechamentos de estatais sem fun\u00e7\u00f5es estrat\u00e9gicas. \u201c\u00c9 o que se precisa fazer no governo federal agora, mesmo que n\u00e3o se chame reforma administrativa, para n\u00e3o criar problema pol\u00edtico no futuro\u201d,\u00a0disse. [&hellip;]<\/p>\n","protected":false},"author":1,"featured_media":9935,"comment_status":"closed","ping_status":"closed","sticky":false,"template":"","format":"standard","meta":{"om_disable_all_campaigns":false,"rop_custom_images_group":[],"rop_custom_messages_group":[],"rop_publish_now":"initial","rop_publish_now_accounts":[],"rop_publish_now_history":[],"rop_publish_now_status":"pending","_exactmetrics_skip_tracking":false,"footnotes":""},"categories":[21],"tags":[],"class_list":["post-31877","post","type-post","status-publish","format-standard","has-post-thumbnail","hentry","category-brasil"],"aioseo_notices":[],"aioseo_head":"\n\t\t<!-- All in One SEO 4.9.10 - aioseo.com -->\n\t<meta name=\"description\" content=\"Henrique Meirelles defendeu uma reforma administrativa para bancar o Aux\u00edlio Brasil de R$ 600 reais de maneira permanente. Citou como exemplos a revis\u00e3o de benef\u00edcios fiscais e fechamentos de estatais sem fun\u00e7\u00f5es estrat\u00e9gicas. \u201c\u00c9 o que se precisa fazer no governo federal agora, mesmo que n\u00e3o se chame reforma administrativa, para n\u00e3o criar problema pol\u00edtico no futuro\u201d, disse.\" \/>\n\t<meta name=\"robots\" content=\"max-image-preview:large\" \/>\n\t<meta name=\"author\" content=\"administrador\"\/>\n\t<link rel=\"canonical\" href=\"https:\/\/newsinfoco.com.br\/inicio\/henrique-meirelles-defende-reforma-administrativa-para-custear-auxilio-brasil\/\" \/>\n\t<meta name=\"generator\" content=\"All in One SEO (AIOSEO) 4.9.10\" \/>\n\t\t<meta property=\"og:locale\" content=\"pt_BR\" \/>\n\t\t<meta property=\"og:site_name\" content=\"News In Foco - Editado por Caio Pimenta - O principal site de noticias de Alagoinhas e regi\u00e3o\" \/>\n\t\t<meta property=\"og:type\" content=\"article\" \/>\n\t\t<meta property=\"og:title\" content=\"Henrique Meirelles defende reforma administrativa para custear Aux\u00edlio Brasil - News In Foco - Editado por Caio Pimenta\" \/>\n\t\t<meta property=\"og:description\" content=\"Henrique Meirelles defendeu uma reforma administrativa para bancar o Aux\u00edlio Brasil de R$ 600 reais de maneira permanente. Citou como exemplos a revis\u00e3o de benef\u00edcios fiscais e fechamentos de estatais sem fun\u00e7\u00f5es estrat\u00e9gicas. \u201c\u00c9 o que se precisa fazer no governo federal agora, mesmo que n\u00e3o se chame reforma administrativa, para n\u00e3o criar problema pol\u00edtico no futuro\u201d, disse.\" \/>\n\t\t<meta property=\"og:url\" content=\"https:\/\/newsinfoco.com.br\/inicio\/henrique-meirelles-defende-reforma-administrativa-para-custear-auxilio-brasil\/\" \/>\n\t\t<meta property=\"article:published_time\" content=\"2022-11-15T18:32:43+00:00\" \/>\n\t\t<meta property=\"article:modified_time\" content=\"2022-11-15T18:32:43+00:00\" \/>\n\t\t<meta name=\"twitter:card\" content=\"summary_large_image\" \/>\n\t\t<meta name=\"twitter:title\" content=\"Henrique Meirelles defende reforma administrativa para custear Aux\u00edlio Brasil - News In Foco - Editado por Caio Pimenta\" \/>\n\t\t<meta name=\"twitter:description\" content=\"Henrique Meirelles defendeu uma reforma administrativa para bancar o Aux\u00edlio Brasil de R$ 600 reais de maneira permanente. Citou como exemplos a revis\u00e3o de benef\u00edcios fiscais e fechamentos de estatais sem fun\u00e7\u00f5es estrat\u00e9gicas. \u201c\u00c9 o que se precisa fazer no governo federal agora, mesmo que n\u00e3o se chame reforma administrativa, para n\u00e3o criar problema pol\u00edtico no futuro\u201d, disse.\" \/>\n\t\t<script type=\"application\/ld+json\" class=\"aioseo-schema\">\n\t\t\t{\"@context\":\"https:\\\/\\\/schema.org\",\"@graph\":[{\"@type\":\"BlogPosting\",\"@id\":\"https:\\\/\\\/newsinfoco.com.br\\\/inicio\\\/henrique-meirelles-defende-reforma-administrativa-para-custear-auxilio-brasil\\\/#blogposting\",\"name\":\"Henrique Meirelles defende reforma administrativa para custear Aux\\u00edlio Brasil - News In Foco - Editado por Caio Pimenta\",\"headline\":\"Henrique Meirelles defende reforma administrativa para custear Aux\\u00edlio Brasil\",\"author\":{\"@id\":\"https:\\\/\\\/newsinfoco.com.br\\\/inicio\\\/author\\\/administrador\\\/#author\"},\"publisher\":{\"@id\":\"https:\\\/\\\/newsinfoco.com.br\\\/inicio\\\/#organization\"},\"image\":{\"@type\":\"ImageObject\",\"url\":\"https:\\\/\\\/newsinfoco.com.br\\\/inicio\\\/wp-content\\\/uploads\\\/2018\\\/09\\\/meirelles-1.jpg\",\"width\":590,\"height\":320},\"datePublished\":\"2022-11-15T15:32:43-03:00\",\"dateModified\":\"2022-11-15T15:32:43-03:00\",\"inLanguage\":\"pt-BR\",\"mainEntityOfPage\":{\"@id\":\"https:\\\/\\\/newsinfoco.com.br\\\/inicio\\\/henrique-meirelles-defende-reforma-administrativa-para-custear-auxilio-brasil\\\/#webpage\"},\"isPartOf\":{\"@id\":\"https:\\\/\\\/newsinfoco.com.br\\\/inicio\\\/henrique-meirelles-defende-reforma-administrativa-para-custear-auxilio-brasil\\\/#webpage\"},\"articleSection\":\"Brasil\"},{\"@type\":\"BreadcrumbList\",\"@id\":\"https:\\\/\\\/newsinfoco.com.br\\\/inicio\\\/henrique-meirelles-defende-reforma-administrativa-para-custear-auxilio-brasil\\\/#breadcrumblist\",\"itemListElement\":[{\"@type\":\"ListItem\",\"@id\":\"https:\\\/\\\/newsinfoco.com.br\\\/inicio#listItem\",\"position\":1,\"name\":\"In\\u00edcio\",\"item\":\"https:\\\/\\\/newsinfoco.com.br\\\/inicio\",\"nextItem\":{\"@type\":\"ListItem\",\"@id\":\"https:\\\/\\\/newsinfoco.com.br\\\/inicio\\\/category\\\/brasil\\\/#listItem\",\"name\":\"Brasil\"}},{\"@type\":\"ListItem\",\"@id\":\"https:\\\/\\\/newsinfoco.com.br\\\/inicio\\\/category\\\/brasil\\\/#listItem\",\"position\":2,\"name\":\"Brasil\",\"item\":\"https:\\\/\\\/newsinfoco.com.br\\\/inicio\\\/category\\\/brasil\\\/\",\"nextItem\":{\"@type\":\"ListItem\",\"@id\":\"https:\\\/\\\/newsinfoco.com.br\\\/inicio\\\/henrique-meirelles-defende-reforma-administrativa-para-custear-auxilio-brasil\\\/#listItem\",\"name\":\"Henrique Meirelles defende reforma administrativa para custear Aux\\u00edlio Brasil\"},\"previousItem\":{\"@type\":\"ListItem\",\"@id\":\"https:\\\/\\\/newsinfoco.com.br\\\/inicio#listItem\",\"name\":\"In\\u00edcio\"}},{\"@type\":\"ListItem\",\"@id\":\"https:\\\/\\\/newsinfoco.com.br\\\/inicio\\\/henrique-meirelles-defende-reforma-administrativa-para-custear-auxilio-brasil\\\/#listItem\",\"position\":3,\"name\":\"Henrique Meirelles defende reforma administrativa para custear Aux\\u00edlio Brasil\",\"previousItem\":{\"@type\":\"ListItem\",\"@id\":\"https:\\\/\\\/newsinfoco.com.br\\\/inicio\\\/category\\\/brasil\\\/#listItem\",\"name\":\"Brasil\"}}]},{\"@type\":\"Organization\",\"@id\":\"https:\\\/\\\/newsinfoco.com.br\\\/inicio\\\/#organization\",\"name\":\"News In Foco - Editado por Caio Pimenta\",\"description\":\"O principal site de noticias de Alagoinhas e regi\\u00e3o\",\"url\":\"https:\\\/\\\/newsinfoco.com.br\\\/inicio\\\/\"},{\"@type\":\"Person\",\"@id\":\"https:\\\/\\\/newsinfoco.com.br\\\/inicio\\\/author\\\/administrador\\\/#author\",\"url\":\"https:\\\/\\\/newsinfoco.com.br\\\/inicio\\\/author\\\/administrador\\\/\",\"name\":\"administrador\",\"image\":{\"@type\":\"ImageObject\",\"@id\":\"https:\\\/\\\/newsinfoco.com.br\\\/inicio\\\/henrique-meirelles-defende-reforma-administrativa-para-custear-auxilio-brasil\\\/#authorImage\",\"url\":\"https:\\\/\\\/secure.gravatar.com\\\/avatar\\\/c17a617433de8c1dc9584bb79aab7563b46f5bb7e1728c9b17d9cc3ce6a08e49?s=96&d=mm&r=g\",\"width\":96,\"height\":96,\"caption\":\"administrador\"}},{\"@type\":\"WebPage\",\"@id\":\"https:\\\/\\\/newsinfoco.com.br\\\/inicio\\\/henrique-meirelles-defende-reforma-administrativa-para-custear-auxilio-brasil\\\/#webpage\",\"url\":\"https:\\\/\\\/newsinfoco.com.br\\\/inicio\\\/henrique-meirelles-defende-reforma-administrativa-para-custear-auxilio-brasil\\\/\",\"name\":\"Henrique Meirelles defende reforma administrativa para custear Aux\\u00edlio Brasil - News In Foco - Editado por Caio Pimenta\",\"description\":\"Henrique Meirelles defendeu uma reforma administrativa para bancar o Aux\\u00edlio Brasil de R$ 600 reais de maneira permanente. Citou como exemplos a revis\\u00e3o de benef\\u00edcios fiscais e fechamentos de estatais sem fun\\u00e7\\u00f5es estrat\\u00e9gicas. \\u201c\\u00c9 o que se precisa fazer no governo federal agora, mesmo que n\\u00e3o se chame reforma administrativa, para n\\u00e3o criar problema pol\\u00edtico no futuro\\u201d, disse.\",\"inLanguage\":\"pt-BR\",\"isPartOf\":{\"@id\":\"https:\\\/\\\/newsinfoco.com.br\\\/inicio\\\/#website\"},\"breadcrumb\":{\"@id\":\"https:\\\/\\\/newsinfoco.com.br\\\/inicio\\\/henrique-meirelles-defende-reforma-administrativa-para-custear-auxilio-brasil\\\/#breadcrumblist\"},\"author\":{\"@id\":\"https:\\\/\\\/newsinfoco.com.br\\\/inicio\\\/author\\\/administrador\\\/#author\"},\"creator\":{\"@id\":\"https:\\\/\\\/newsinfoco.com.br\\\/inicio\\\/author\\\/administrador\\\/#author\"},\"image\":{\"@type\":\"ImageObject\",\"url\":\"https:\\\/\\\/newsinfoco.com.br\\\/inicio\\\/wp-content\\\/uploads\\\/2018\\\/09\\\/meirelles-1.jpg\",\"@id\":\"https:\\\/\\\/newsinfoco.com.br\\\/inicio\\\/henrique-meirelles-defende-reforma-administrativa-para-custear-auxilio-brasil\\\/#mainImage\",\"width\":590,\"height\":320},\"primaryImageOfPage\":{\"@id\":\"https:\\\/\\\/newsinfoco.com.br\\\/inicio\\\/henrique-meirelles-defende-reforma-administrativa-para-custear-auxilio-brasil\\\/#mainImage\"},\"datePublished\":\"2022-11-15T15:32:43-03:00\",\"dateModified\":\"2022-11-15T15:32:43-03:00\"},{\"@type\":\"WebSite\",\"@id\":\"https:\\\/\\\/newsinfoco.com.br\\\/inicio\\\/#website\",\"url\":\"https:\\\/\\\/newsinfoco.com.br\\\/inicio\\\/\",\"name\":\"News In Foco - Editado por Caio Pimenta\",\"description\":\"O principal site de noticias de Alagoinhas e regi\\u00e3o\",\"inLanguage\":\"pt-BR\",\"publisher\":{\"@id\":\"https:\\\/\\\/newsinfoco.com.br\\\/inicio\\\/#organization\"}}]}\n\t\t<\/script>\n\t\t<!-- All in One SEO -->\n\n","aioseo_head_json":{"title":"Henrique Meirelles defende reforma administrativa para custear Aux\u00edlio Brasil - News In Foco - Editado por Caio Pimenta","description":"Henrique Meirelles defendeu uma reforma administrativa para bancar o Aux\u00edlio Brasil de R$ 600 reais de maneira permanente. Citou como exemplos a revis\u00e3o de benef\u00edcios fiscais e fechamentos de estatais sem fun\u00e7\u00f5es estrat\u00e9gicas. \u201c\u00c9 o que se precisa fazer no governo federal agora, mesmo que n\u00e3o se chame reforma administrativa, para n\u00e3o criar problema pol\u00edtico no futuro\u201d, disse.","canonical_url":"https:\/\/newsinfoco.com.br\/inicio\/henrique-meirelles-defende-reforma-administrativa-para-custear-auxilio-brasil\/","robots":"max-image-preview:large","keywords":"","webmasterTools":{"miscellaneous":""},"schema":{"@context":"https:\/\/schema.org","@graph":[{"@type":"BlogPosting","@id":"https:\/\/newsinfoco.com.br\/inicio\/henrique-meirelles-defende-reforma-administrativa-para-custear-auxilio-brasil\/#blogposting","name":"Henrique Meirelles defende reforma administrativa para custear Aux\u00edlio Brasil - News In Foco - Editado por Caio Pimenta","headline":"Henrique Meirelles defende reforma administrativa para custear Aux\u00edlio Brasil","author":{"@id":"https:\/\/newsinfoco.com.br\/inicio\/author\/administrador\/#author"},"publisher":{"@id":"https:\/\/newsinfoco.com.br\/inicio\/#organization"},"image":{"@type":"ImageObject","url":"https:\/\/newsinfoco.com.br\/inicio\/wp-content\/uploads\/2018\/09\/meirelles-1.jpg","width":590,"height":320},"datePublished":"2022-11-15T15:32:43-03:00","dateModified":"2022-11-15T15:32:43-03:00","inLanguage":"pt-BR","mainEntityOfPage":{"@id":"https:\/\/newsinfoco.com.br\/inicio\/henrique-meirelles-defende-reforma-administrativa-para-custear-auxilio-brasil\/#webpage"},"isPartOf":{"@id":"https:\/\/newsinfoco.com.br\/inicio\/henrique-meirelles-defende-reforma-administrativa-para-custear-auxilio-brasil\/#webpage"},"articleSection":"Brasil"},{"@type":"BreadcrumbList","@id":"https:\/\/newsinfoco.com.br\/inicio\/henrique-meirelles-defende-reforma-administrativa-para-custear-auxilio-brasil\/#breadcrumblist","itemListElement":[{"@type":"ListItem","@id":"https:\/\/newsinfoco.com.br\/inicio#listItem","position":1,"name":"In\u00edcio","item":"https:\/\/newsinfoco.com.br\/inicio","nextItem":{"@type":"ListItem","@id":"https:\/\/newsinfoco.com.br\/inicio\/category\/brasil\/#listItem","name":"Brasil"}},{"@type":"ListItem","@id":"https:\/\/newsinfoco.com.br\/inicio\/category\/brasil\/#listItem","position":2,"name":"Brasil","item":"https:\/\/newsinfoco.com.br\/inicio\/category\/brasil\/","nextItem":{"@type":"ListItem","@id":"https:\/\/newsinfoco.com.br\/inicio\/henrique-meirelles-defende-reforma-administrativa-para-custear-auxilio-brasil\/#listItem","name":"Henrique Meirelles defende reforma administrativa para custear Aux\u00edlio Brasil"},"previousItem":{"@type":"ListItem","@id":"https:\/\/newsinfoco.com.br\/inicio#listItem","name":"In\u00edcio"}},{"@type":"ListItem","@id":"https:\/\/newsinfoco.com.br\/inicio\/henrique-meirelles-defende-reforma-administrativa-para-custear-auxilio-brasil\/#listItem","position":3,"name":"Henrique Meirelles defende reforma administrativa para custear Aux\u00edlio Brasil","previousItem":{"@type":"ListItem","@id":"https:\/\/newsinfoco.com.br\/inicio\/category\/brasil\/#listItem","name":"Brasil"}}]},{"@type":"Organization","@id":"https:\/\/newsinfoco.com.br\/inicio\/#organization","name":"News In Foco - Editado por Caio Pimenta","description":"O principal site de noticias de Alagoinhas e regi\u00e3o","url":"https:\/\/newsinfoco.com.br\/inicio\/"},{"@type":"Person","@id":"https:\/\/newsinfoco.com.br\/inicio\/author\/administrador\/#author","url":"https:\/\/newsinfoco.com.br\/inicio\/author\/administrador\/","name":"administrador","image":{"@type":"ImageObject","@id":"https:\/\/newsinfoco.com.br\/inicio\/henrique-meirelles-defende-reforma-administrativa-para-custear-auxilio-brasil\/#authorImage","url":"https:\/\/secure.gravatar.com\/avatar\/c17a617433de8c1dc9584bb79aab7563b46f5bb7e1728c9b17d9cc3ce6a08e49?s=96&d=mm&r=g","width":96,"height":96,"caption":"administrador"}},{"@type":"WebPage","@id":"https:\/\/newsinfoco.com.br\/inicio\/henrique-meirelles-defende-reforma-administrativa-para-custear-auxilio-brasil\/#webpage","url":"https:\/\/newsinfoco.com.br\/inicio\/henrique-meirelles-defende-reforma-administrativa-para-custear-auxilio-brasil\/","name":"Henrique Meirelles defende reforma administrativa para custear Aux\u00edlio Brasil - News In Foco - Editado por Caio Pimenta","description":"Henrique Meirelles defendeu uma reforma administrativa para bancar o Aux\u00edlio Brasil de R$ 600 reais de maneira permanente. Citou como exemplos a revis\u00e3o de benef\u00edcios fiscais e fechamentos de estatais sem fun\u00e7\u00f5es estrat\u00e9gicas. \u201c\u00c9 o que se precisa fazer no governo federal agora, mesmo que n\u00e3o se chame reforma administrativa, para n\u00e3o criar problema pol\u00edtico no futuro\u201d, disse.","inLanguage":"pt-BR","isPartOf":{"@id":"https:\/\/newsinfoco.com.br\/inicio\/#website"},"breadcrumb":{"@id":"https:\/\/newsinfoco.com.br\/inicio\/henrique-meirelles-defende-reforma-administrativa-para-custear-auxilio-brasil\/#breadcrumblist"},"author":{"@id":"https:\/\/newsinfoco.com.br\/inicio\/author\/administrador\/#author"},"creator":{"@id":"https:\/\/newsinfoco.com.br\/inicio\/author\/administrador\/#author"},"image":{"@type":"ImageObject","url":"https:\/\/newsinfoco.com.br\/inicio\/wp-content\/uploads\/2018\/09\/meirelles-1.jpg","@id":"https:\/\/newsinfoco.com.br\/inicio\/henrique-meirelles-defende-reforma-administrativa-para-custear-auxilio-brasil\/#mainImage","width":590,"height":320},"primaryImageOfPage":{"@id":"https:\/\/newsinfoco.com.br\/inicio\/henrique-meirelles-defende-reforma-administrativa-para-custear-auxilio-brasil\/#mainImage"},"datePublished":"2022-11-15T15:32:43-03:00","dateModified":"2022-11-15T15:32:43-03:00"},{"@type":"WebSite","@id":"https:\/\/newsinfoco.com.br\/inicio\/#website","url":"https:\/\/newsinfoco.com.br\/inicio\/","name":"News In Foco - Editado por Caio Pimenta","description":"O principal site de noticias de Alagoinhas e regi\u00e3o","inLanguage":"pt-BR","publisher":{"@id":"https:\/\/newsinfoco.com.br\/inicio\/#organization"}}]},"og:locale":"pt_BR","og:site_name":"News In Foco - Editado por Caio Pimenta - O principal site de noticias de Alagoinhas e regi\u00e3o","og:type":"article","og:title":"Henrique Meirelles defende reforma administrativa para custear Aux\u00edlio Brasil - News In Foco - Editado por Caio Pimenta","og:description":"Henrique Meirelles defendeu uma reforma administrativa para bancar o Aux\u00edlio Brasil de R$ 600 reais de maneira permanente. Citou como exemplos a revis\u00e3o de benef\u00edcios fiscais e fechamentos de estatais sem fun\u00e7\u00f5es estrat\u00e9gicas. \u201c\u00c9 o que se precisa fazer no governo federal agora, mesmo que n\u00e3o se chame reforma administrativa, para n\u00e3o criar problema pol\u00edtico no futuro\u201d, disse.","og:url":"https:\/\/newsinfoco.com.br\/inicio\/henrique-meirelles-defende-reforma-administrativa-para-custear-auxilio-brasil\/","article:published_time":"2022-11-15T18:32:43+00:00","article:modified_time":"2022-11-15T18:32:43+00:00","twitter:card":"summary_large_image","twitter:title":"Henrique Meirelles defende reforma administrativa para custear Aux\u00edlio Brasil - News In Foco - Editado por Caio Pimenta","twitter:description":"Henrique Meirelles defendeu uma reforma administrativa para bancar o Aux\u00edlio Brasil de R$ 600 reais de maneira permanente. Citou como exemplos a revis\u00e3o de benef\u00edcios fiscais e fechamentos de estatais sem fun\u00e7\u00f5es estrat\u00e9gicas. \u201c\u00c9 o que se precisa fazer no governo federal agora, mesmo que n\u00e3o se chame reforma administrativa, para n\u00e3o criar problema pol\u00edtico no futuro\u201d, disse."},"aioseo_meta_data":{"post_id":"31877","title":null,"description":null,"keywords":null,"keyphrases":null,"primary_term":null,"canonical_url":null,"og_title":null,"og_description":null,"og_object_type":"default","og_image_type":"default","og_image_url":null,"og_image_width":null,"og_image_height":null,"og_image_custom_url":null,"og_image_custom_fields":null,"og_video":null,"og_custom_url":null,"og_article_section":null,"og_article_tags":null,"twitter_use_og":false,"twitter_card":"default","twitter_image_type":"default","twitter_image_url":null,"twitter_image_custom_url":null,"twitter_image_custom_fields":null,"twitter_title":null,"twitter_description":null,"schema":{"blockGraphs":[],"customGraphs":[],"default":{"data":{"Article":[],"Course":[],"Dataset":[],"FAQPage":[],"Movie":[],"Person":[],"Product":[],"ProductReview":[],"Car":[],"Recipe":[],"Service":[],"SoftwareApplication":[],"WebPage":[]},"graphName":"","isEnabled":true},"graphs":[]},"schema_type":"default","schema_type_options":null,"pillar_content":false,"robots_default":true,"robots_noindex":false,"robots_noarchive":false,"robots_nosnippet":false,"robots_nofollow":false,"robots_noimageindex":false,"robots_noodp":false,"robots_notranslate":false,"robots_max_snippet":null,"robots_max_videopreview":null,"robots_max_imagepreview":"large","priority":null,"frequency":null,"local_seo":null,"breadcrumb_settings":null,"limit_modified_date":false,"ai":null,"created":"2023-06-12 22:19:36","updated":"2025-07-11 08:35:02","seo_analyzer_scan_date":null},"aioseo_breadcrumb":"<div class=\"aioseo-breadcrumbs\"><span class=\"aioseo-breadcrumb\">\n\t\t\t<a href=\"https:\/\/newsinfoco.com.br\/inicio\" title=\"In\u00edcio\">In\u00edcio<\/a>\n\t\t<\/span><span class=\"aioseo-breadcrumb-separator\">&raquo;<\/span><span class=\"aioseo-breadcrumb\">\n\t\t\t<a href=\"https:\/\/newsinfoco.com.br\/inicio\/category\/brasil\/\" title=\"Brasil\">Brasil<\/a>\n\t\t<\/span><span class=\"aioseo-breadcrumb-separator\">&raquo;<\/span><span class=\"aioseo-breadcrumb\">\n\t\t\tHenrique Meirelles defende reforma administrativa para custear Aux\u00edlio Brasil\n\t\t<\/span><\/div>","aioseo_breadcrumb_json":[{"label":"In\u00edcio","link":"https:\/\/newsinfoco.com.br\/inicio"},{"label":"Brasil","link":"https:\/\/newsinfoco.com.br\/inicio\/category\/brasil\/"},{"label":"Henrique Meirelles defende reforma administrativa para custear Aux\u00edlio Brasil","link":"https:\/\/newsinfoco.com.br\/inicio\/henrique-meirelles-defende-reforma-administrativa-para-custear-auxilio-brasil\/"}],"_links":{"self":[{"href":"https:\/\/newsinfoco.com.br\/inicio\/wp-json\/wp\/v2\/posts\/31877","targetHints":{"allow":["GET"]}}],"collection":[{"href":"https:\/\/newsinfoco.com.br\/inicio\/wp-json\/wp\/v2\/posts"}],"about":[{"href":"https:\/\/newsinfoco.com.br\/inicio\/wp-json\/wp\/v2\/types\/post"}],"author":[{"embeddable":true,"href":"https:\/\/newsinfoco.com.br\/inicio\/wp-json\/wp\/v2\/users\/1"}],"replies":[{"embeddable":true,"href":"https:\/\/newsinfoco.com.br\/inicio\/wp-json\/wp\/v2\/comments?post=31877"}],"version-history":[{"count":1,"href":"https:\/\/newsinfoco.com.br\/inicio\/wp-json\/wp\/v2\/posts\/31877\/revisions"}],"predecessor-version":[{"id":31878,"href":"https:\/\/newsinfoco.com.br\/inicio\/wp-json\/wp\/v2\/posts\/31877\/revisions\/31878"}],"wp:featuredmedia":[{"embeddable":true,"href":"https:\/\/newsinfoco.com.br\/inicio\/wp-json\/wp\/v2\/media\/9935"}],"wp:attachment":[{"href":"https:\/\/newsinfoco.com.br\/inicio\/wp-json\/wp\/v2\/media?parent=31877"}],"wp:term":[{"taxonomy":"category","embeddable":true,"href":"https:\/\/newsinfoco.com.br\/inicio\/wp-json\/wp\/v2\/categories?post=31877"},{"taxonomy":"post_tag","embeddable":true,"href":"https:\/\/newsinfoco.com.br\/inicio\/wp-json\/wp\/v2\/tags?post=31877"}],"curies":[{"name":"wp","href":"https:\/\/api.w.org\/{rel}","templated":true}]}}