{"id":3188,"date":"2018-04-27T20:47:45","date_gmt":"2018-04-27T23:47:45","guid":{"rendered":"http:\/\/newsinfoco.com.br\/?p=3188"},"modified":"2018-04-27T20:47:45","modified_gmt":"2018-04-27T23:47:45","slug":"sonhos-que-transformam-prefeitura-de-alagoinhas-entrega-ultimas-unidades-habitacionais-do-conjunto-linha-verde","status":"publish","type":"post","link":"https:\/\/newsinfoco.com.br\/inicio\/sonhos-que-transformam-prefeitura-de-alagoinhas-entrega-ultimas-unidades-habitacionais-do-conjunto-linha-verde\/","title":{"rendered":"SONHOS QUE TRANSFORMAM: Prefeitura de Alagoinhas entrega \u00faltimas unidades habitacionais do Conjunto Linha Verde"},"content":{"rendered":"<div class=\"prl-span-9 prl-span-flip\" style=\"text-align: justify;\">\n<div class=\"prl-entry-content clearfix\">\n<div id=\"attachment_18824\" class=\"wp-caption aligncenter\"><a class=\"group1 cboxElement\" href=\"https:\/\/www.alagoinhas.ba.gov.br\/wp-content\/uploads\/2018\/04\/WhatsApp-Image-2018-04-27-at-18.46.14.jpeg\"><img loading=\"lazy\" decoding=\"async\" class=\"size-large wp-image-18824\" src=\"https:\/\/www.alagoinhas.ba.gov.br\/wp-content\/uploads\/2018\/04\/WhatsApp-Image-2018-04-27-at-18.46.14-1024x678.jpeg\" sizes=\"auto, (max-width: 800px) 100vw, 800px\" srcset=\"https:\/\/www.alagoinhas.ba.gov.br\/wp-content\/uploads\/2018\/04\/WhatsApp-Image-2018-04-27-at-18.46.14-1024x678.jpeg 1024w, https:\/\/www.alagoinhas.ba.gov.br\/wp-content\/uploads\/2018\/04\/WhatsApp-Image-2018-04-27-at-18.46.14-300x199.jpeg 300w, https:\/\/www.alagoinhas.ba.gov.br\/wp-content\/uploads\/2018\/04\/WhatsApp-Image-2018-04-27-at-18.46.14-768x508.jpeg 768w, https:\/\/www.alagoinhas.ba.gov.br\/wp-content\/uploads\/2018\/04\/WhatsApp-Image-2018-04-27-at-18.46.14.jpeg 1280w\" alt=\"\" width=\"800\" height=\"530\" \/><\/a><\/p>\n<p class=\"wp-caption-text\"><span style=\"color: #000000;\">Foto: Roberto Fonseca \/ SECOM<\/span><\/p>\n<\/div>\n<p><span style=\"color: #000000;\">\u201cEu morava l\u00e1 na ro\u00e7a e depois que meu av\u00f4 morreu a gente ficava na rua. N\u00e3o d\u00e1 para ficar indo morar na casa de um e outro,\u00a0<em>n\u00e9?<\/em>\u00a0Agora eu vou morar perto do parque, da quadra e o \u00f4nibus passa bem aqui na minha porta. Sorte,\u00a0<em>n\u00e9?<\/em>\u201d. Enquanto os olhos brilhavam de alegria, Lara, 8 anos, puxava a equipe de reportagem pelo bra\u00e7o docemente para apresentar o seu novo lar. A crian\u00e7a que veio da zona rural, agora conta com um im\u00f3vel completo: dois quartos, sala, cozinha, banheiro e \u00e1rea de servi\u00e7o, al\u00e9m do sistema de aquecimento de \u00e1gua para os dias frios, com utiliza\u00e7\u00e3o do sistema de energia solar \u2013 promovendo economia e sustentabilidade.<\/span><\/p><div class=\"newsi-conteudo_19\" id=\"newsi-2546006724\"><a href=\"https:\/\/www.instagram.com\/prefeituraalagoinhas?igsh=YzgzdDJ1bWR3aWI4\" aria-label=\"SAVE_20251006_221555\"><img loading=\"lazy\" decoding=\"async\" src=\"https:\/\/newsinfoco.com.br\/inicio\/wp-content\/uploads\/2025\/10\/SAVE_20251006_221555-rotated.jpg\" alt=\"\"  srcset=\"https:\/\/newsinfoco.com.br\/inicio\/wp-content\/uploads\/2025\/10\/SAVE_20251006_221555-rotated.jpg 1140w, https:\/\/newsinfoco.com.br\/inicio\/wp-content\/uploads\/2025\/10\/SAVE_20251006_221555-300x52.jpg 300w, https:\/\/newsinfoco.com.br\/inicio\/wp-content\/uploads\/2025\/10\/SAVE_20251006_221555-1024x177.jpg 1024w, https:\/\/newsinfoco.com.br\/inicio\/wp-content\/uploads\/2025\/10\/SAVE_20251006_221555-768x133.jpg 768w, https:\/\/newsinfoco.com.br\/inicio\/wp-content\/uploads\/2025\/10\/SAVE_20251006_221555-600x104.jpg 600w, https:\/\/newsinfoco.com.br\/inicio\/wp-content\/uploads\/2025\/10\/SAVE_20251006_221555-696x120.jpg 696w, https:\/\/newsinfoco.com.br\/inicio\/wp-content\/uploads\/2025\/10\/SAVE_20251006_221555-1068x185.jpg 1068w\" sizes=\"(max-width: 1140px) 100vw, 1140px\" width=\"1140\" height=\"197\"   \/><\/a><\/div>\n<p><span style=\"color: #000000;\">O sonho da casa pr\u00f3pria virou realidade para as 500 fam\u00edlias beneficiadas pelo programa Minha Casa, Minha Vida, intermediado no munic\u00edpio pela Secretaria Municipal de Assist\u00eancia Social (SEMAS). Na manh\u00e3 desta sexta-feira (27), os 80 contemplados remanescentes receberam as chaves dos im\u00f3veis das m\u00e3os do prefeito Joaquim Neto e do secret\u00e1rio de assist\u00eancia social, Alfredo Menezes.<\/span><\/p>\n<div id=\"attachment_18821\" class=\"wp-caption aligncenter\"><span style=\"color: #000000;\"><a class=\"group1 cboxElement\" style=\"color: #000000;\" href=\"https:\/\/www.alagoinhas.ba.gov.br\/wp-content\/uploads\/2018\/04\/41699128962_2b49713854_z.jpg\"><img loading=\"lazy\" decoding=\"async\" class=\"size-full wp-image-18821\" src=\"https:\/\/www.alagoinhas.ba.gov.br\/wp-content\/uploads\/2018\/04\/41699128962_2b49713854_z.jpg\" sizes=\"auto, (max-width: 640px) 100vw, 640px\" srcset=\"https:\/\/www.alagoinhas.ba.gov.br\/wp-content\/uploads\/2018\/04\/41699128962_2b49713854_z.jpg 640w, https:\/\/www.alagoinhas.ba.gov.br\/wp-content\/uploads\/2018\/04\/41699128962_2b49713854_z-300x199.jpg 300w\" alt=\"\" width=\"640\" height=\"424\" \/><\/a><\/span><\/p>\n<p class=\"wp-caption-text\"><span style=\"color: #000000;\">Foto: Roberto Fonseca \/ SECOM<\/span><\/p>\n<\/div>\n<p><span style=\"color: #000000;\">\u201cFico muito feliz de finalizar este ciclo hoje realizando a entrega das \u00faltimas unidades do Conjunto Linha Verde. Vamos fazer daqui o melhor lugar para se morar em Alagoinhas. Temos o desejo de construir o hospital municipal e j\u00e1 temos a faculdade de medicina. Vamos aumentar as linhas de \u00f4nibus e estender os hor\u00e1rios para dar melhor mobilidade aos moradores, investimos na ilumina\u00e7\u00e3o instalando mais de 50 bra\u00e7os de luz nas ruas, contribuindo tamb\u00e9m para a seguran\u00e7a, para al\u00e9m da ronda da Guarda Municipal que ser\u00e1 intensificada\u201d, garante Joaquim Neto.<\/span><\/p>\n<p><span style=\"color: #000000;\">No conjunto centenas de hist\u00f3rias se misturam, assim como da Tainara, 8 anos e Aila de apenas dois. As garotas acabaram de se conhecer durante a entrega das chaves e j\u00e1 desenvolveram uma grande amizade. \u201cEu amei tudo aqui. O parquinho \u00e9 \u00f3timo e eu j\u00e1 fiz v\u00e1rias amigas hoje, brinquei no balan\u00e7o, na gangorra e ainda tem pracinha e quadra. Eu moro l\u00e1 no fundo, mas vou brincar todo dia aqui com minhas amigas Aila e Lara\u201d, conta a menina.<\/span><\/p>\n<div id=\"attachment_18822\" class=\"wp-caption aligncenter\"><span style=\"color: #000000;\"><a class=\"group1 cboxElement\" style=\"color: #000000;\" href=\"https:\/\/www.alagoinhas.ba.gov.br\/wp-content\/uploads\/2018\/04\/41699966402_1f2efa0a46_z.jpg\"><img loading=\"lazy\" decoding=\"async\" class=\"size-full wp-image-18822\" src=\"https:\/\/www.alagoinhas.ba.gov.br\/wp-content\/uploads\/2018\/04\/41699966402_1f2efa0a46_z.jpg\" sizes=\"auto, (max-width: 640px) 100vw, 640px\" srcset=\"https:\/\/www.alagoinhas.ba.gov.br\/wp-content\/uploads\/2018\/04\/41699966402_1f2efa0a46_z.jpg 640w, https:\/\/www.alagoinhas.ba.gov.br\/wp-content\/uploads\/2018\/04\/41699966402_1f2efa0a46_z-300x199.jpg 300w\" alt=\"\" width=\"640\" height=\"424\" \/><\/a><\/span><\/p>\n<p class=\"wp-caption-text\"><span style=\"color: #000000;\">Foto: Roberto Fonseca \/ SECOM<\/span><\/p>\n<\/div>\n<p><span style=\"color: #000000;\">Este conjunto habitacional \u00e9 o primeiro de Alagoinhas a contar com um sistema sustent\u00e1vel de consumo de energia com a utiliza\u00e7\u00e3o do sistema de energia solar para o aquecimento da \u00e1gua dos chuveiros das casas. \u201c\u00c9 uma inova\u00e7\u00e3o importante e necess\u00e1ria. Tudo foi feito com muito cuidado e respeito com as pessoas porque essa constru\u00e7\u00e3o significa o sonho de cada um deles, a transforma\u00e7\u00e3o de vida para 500 fam\u00edlias e isso \u00e9 muito significativo\u201d, conta Alfredo Menezes.<\/span><\/p>\n<p><span style=\"color: #000000;\">Morador h\u00e1 um m\u00eas, Aldair Ant\u00f4nio fala da felicidade de ter a casa pr\u00f3pria ap\u00f3s o casamento. \u201cTodo mundo quando casa quer ter um lugar para descansar e foi uma maravilha conseguir essa casa aqui. Esperamos muito tempo e gra\u00e7as a Deus realizamos nosso desejo\u201d, diz. J\u00e1 Ad\u00edlio Andrade recebeu hoje a chave do seu im\u00f3vel e revela a expectativa pela casa pr\u00f3pria. \u201c\u00c9 um sonho antigo ter a minha casa e agora sim eu tenho meu lugar. Quando eu vi que fui contemplado foi uma alegria, uma emo\u00e7\u00e3o t\u00e3o grande que eu nem sei falar. Gostei muito do lugar, achei tranquilo e organizado\u201d, conta.<\/span><\/p>\n<div id=\"attachment_18823\" class=\"wp-caption aligncenter\"><span style=\"color: #000000;\"><a class=\"group1 cboxElement\" style=\"color: #000000;\" href=\"https:\/\/www.alagoinhas.ba.gov.br\/wp-content\/uploads\/2018\/04\/40840988735_28bd114b67_z.jpg\"><img loading=\"lazy\" decoding=\"async\" class=\"size-full wp-image-18823\" src=\"https:\/\/www.alagoinhas.ba.gov.br\/wp-content\/uploads\/2018\/04\/40840988735_28bd114b67_z.jpg\" sizes=\"auto, (max-width: 640px) 100vw, 640px\" srcset=\"https:\/\/www.alagoinhas.ba.gov.br\/wp-content\/uploads\/2018\/04\/40840988735_28bd114b67_z.jpg 640w, https:\/\/www.alagoinhas.ba.gov.br\/wp-content\/uploads\/2018\/04\/40840988735_28bd114b67_z-300x199.jpg 300w\" alt=\"\" width=\"640\" height=\"424\" \/><\/a><\/span><\/p>\n<p class=\"wp-caption-text\"><span style=\"color: #000000;\">Foto: Roberto Fonseca \/ SECOM<\/span><\/p>\n<\/div>\n<p><span style=\"color: #000000;\">Durante a entrega das unidades o prefeito aproveitou para anunciar os atendimentos de sa\u00fade que ser\u00e3o oferecidos no conjunto, atrav\u00e9s do \u00d4nibus da Sa\u00fade, iniciativa da Secretaria Municipal de Sa\u00fade (SESAU), que visitar\u00e1 os moradores no dia 18 de maio. Al\u00e9m disto, a partir do dia 2 de maio come\u00e7a a circular os \u00f4nibus escolares que far\u00e3o o transporte dos estudantes que moram no empreendimento e est\u00e3o matriculados nas escolas do centro da cidade.<\/span><\/p>\n<h6 style=\"text-align: right;\"><span style=\"color: #999999;\">fonte:SECOM,SEMAS,SESAU,Prefeitura\u00a0<\/span><\/h6>\n<\/div>\n<\/div>\n<div class=\"prl-span-3 prl-entry-meta\" style=\"text-align: justify;\">\n<p>&nbsp;<\/p>\n<\/div>\n<div class='share-to-whatsapp-wrapper'><div class='share-on-whsp'>Share on: <\/div><a data-text='SONHOS QUE TRANSFORMAM: Prefeitura de Alagoinhas entrega \u00faltimas unidades habitacionais do Conjunto Linha Verde' data-link='https:\/\/newsinfoco.com.br\/inicio\/sonhos-que-transformam-prefeitura-de-alagoinhas-entrega-ultimas-unidades-habitacionais-do-conjunto-linha-verde\/' class='whatsapp-button whatsapp-share'>WhatsApp<\/a><div class='clear '><\/div><\/div>","protected":false},"excerpt":{"rendered":"<p>Foto: Roberto Fonseca \/ SECOM \u201cEu morava l\u00e1 na ro\u00e7a e depois que meu av\u00f4 morreu a gente ficava na rua. N\u00e3o d\u00e1 para ficar indo morar na casa de um e outro,\u00a0n\u00e9?\u00a0Agora eu vou morar perto do parque, da quadra e o \u00f4nibus passa bem aqui na minha porta. Sorte,\u00a0n\u00e9?\u201d. Enquanto os olhos brilhavam [&hellip;]<\/p>\n","protected":false},"author":1,"featured_media":3192,"comment_status":"open","ping_status":"open","sticky":false,"template":"","format":"standard","meta":{"om_disable_all_campaigns":false,"_exactmetrics_skip_tracking":false,"_exactmetrics_sitenote_active":false,"_exactmetrics_sitenote_note":"","_exactmetrics_sitenote_category":0,"footnotes":""},"categories":[38,30],"tags":[53,54,59,58],"class_list":["post-3188","post","type-post","status-publish","format-standard","has-post-thumbnail","hentry","category-alagoinhas-e-regiao","category-destaque","tag-alagoinhas","tag-prefeitura","tag-semas","tag-sesau"],"aioseo_notices":[],"_links":{"self":[{"href":"https:\/\/newsinfoco.com.br\/inicio\/wp-json\/wp\/v2\/posts\/3188","targetHints":{"allow":["GET"]}}],"collection":[{"href":"https:\/\/newsinfoco.com.br\/inicio\/wp-json\/wp\/v2\/posts"}],"about":[{"href":"https:\/\/newsinfoco.com.br\/inicio\/wp-json\/wp\/v2\/types\/post"}],"author":[{"embeddable":true,"href":"https:\/\/newsinfoco.com.br\/inicio\/wp-json\/wp\/v2\/users\/1"}],"replies":[{"embeddable":true,"href":"https:\/\/newsinfoco.com.br\/inicio\/wp-json\/wp\/v2\/comments?post=3188"}],"version-history":[{"count":0,"href":"https:\/\/newsinfoco.com.br\/inicio\/wp-json\/wp\/v2\/posts\/3188\/revisions"}],"wp:featuredmedia":[{"embeddable":true,"href":"https:\/\/newsinfoco.com.br\/inicio\/wp-json\/wp\/v2\/media\/3192"}],"wp:attachment":[{"href":"https:\/\/newsinfoco.com.br\/inicio\/wp-json\/wp\/v2\/media?parent=3188"}],"wp:term":[{"taxonomy":"category","embeddable":true,"href":"https:\/\/newsinfoco.com.br\/inicio\/wp-json\/wp\/v2\/categories?post=3188"},{"taxonomy":"post_tag","embeddable":true,"href":"https:\/\/newsinfoco.com.br\/inicio\/wp-json\/wp\/v2\/tags?post=3188"}],"curies":[{"name":"wp","href":"https:\/\/api.w.org\/{rel}","templated":true}]}}