{"id":32041,"date":"2022-11-29T15:08:02","date_gmt":"2022-11-29T18:08:02","guid":{"rendered":"https:\/\/newsinfoco.com.br\/inicio\/?p=32041"},"modified":"2022-11-29T15:08:02","modified_gmt":"2022-11-29T18:08:02","slug":"prefeitura-de-alagoinhas-presta-assistencia-social-as-familias-afetadas-pelas-fortes-chuvas","status":"publish","type":"post","link":"https:\/\/newsinfoco.com.br\/inicio\/prefeitura-de-alagoinhas-presta-assistencia-social-as-familias-afetadas-pelas-fortes-chuvas\/","title":{"rendered":"Prefeitura de Alagoinhas presta assist\u00eancia social \u00e0s fam\u00edlias afetadas pelas fortes chuvas"},"content":{"rendered":"<p>Al\u00e9m das interven\u00e7\u00f5es na infraestrutura e refor\u00e7o da limpeza de bocas de lobo, manilhas e bueiras, a Prefeitura de Alagoinhas vem prestando aux\u00edlio \u00e0s fam\u00edlias que tiveram preju\u00edzos com as chuvas torrenciais do \u00faltimo final de semana.<\/p>\n<p>No balan\u00e7o feito pela Secretaria de Assist\u00eancia Social (SEMAS), na noite de segunda-feira (28), foram entregues 28 colch\u00f5es e cobertores, concedidas 52 cestas b\u00e1sicas e 13 alugueis sociais foram autorizados.<\/p>\n<div id=\"attachment_62096\" class=\"wp-caption aligncenter\"><a class=\"group1 cboxElement\" href=\"https:\/\/www.alagoinhas.ba.gov.br\/wp-content\/uploads\/2022\/11\/IMG-20221129-WA0058.jpg\"><img loading=\"lazy\" decoding=\"async\" class=\"size-large wp-image-62096\" src=\"https:\/\/www.alagoinhas.ba.gov.br\/wp-content\/uploads\/2022\/11\/IMG-20221129-WA0058-1024x768.jpg\" sizes=\"auto, (max-width: 800px) 100vw, 800px\" srcset=\"https:\/\/www.alagoinhas.ba.gov.br\/wp-content\/uploads\/2022\/11\/IMG-20221129-WA0058.jpg 1024w, https:\/\/www.alagoinhas.ba.gov.br\/wp-content\/uploads\/2022\/11\/IMG-20221129-WA0058-300x225.jpg 300w, https:\/\/www.alagoinhas.ba.gov.br\/wp-content\/uploads\/2022\/11\/IMG-20221129-WA0058-768x576.jpg 768w, https:\/\/www.alagoinhas.ba.gov.br\/wp-content\/uploads\/2022\/11\/IMG-20221129-WA0058-112x84.jpg 112w\" alt=\"\" width=\"800\" height=\"600\" \/><\/a><\/p>\n<p class=\"wp-caption-text\">Divulga\u00e7\u00e3o SEMAS<\/p>\n<\/div>\n<p>\u201cA situa\u00e7\u00e3o de quem perdeu o pouco que tinha \u00e9 muito triste, mas estaremos a postos para amparar e reparar, da forma poss\u00edvel. Somente quem vivencia essa realidade pode dizer o quanto essas pessoas est\u00e3o sofrendo\u201d, disse o secret\u00e1rio da pasta Rui Costa Brito. \u2018Seguiremos firmes, cuidando de quem mais precisa!\u201d, concluiu.<\/p>\n<p>De acordo com a Defesa Civil, de domingo (27) para segunda (28) foram realizadas 38 ocorr\u00eancias, mas as resid\u00eancias com comprometimento na estrutura s\u00e3o de 3 a 5 casas.<\/p>\n<p>A Secretaria de Sa\u00fade tamb\u00e9m atualizou seu plano de conten\u00e7\u00e3o de enchentes e , a partir desta ter\u00e7a-feira (29), ser\u00e3o disponibilizados hipoclorito \u00e0s fam\u00edlias, desenvolvendo a\u00e7\u00f5es de vigil\u00e2ncia e preven\u00e7\u00e3o de doen\u00e7as como leptospirose, hepatites, febre amarela e outras.<\/p>\n<div class='share-to-whatsapp-wrapper'><div class='share-on-whsp'>Share on: <\/div><a data-text='Prefeitura de Alagoinhas presta assist\u00eancia social \u00e0s fam\u00edlias afetadas pelas fortes chuvas' data-link='https:\/\/newsinfoco.com.br\/inicio\/prefeitura-de-alagoinhas-presta-assistencia-social-as-familias-afetadas-pelas-fortes-chuvas\/' class='whatsapp-button whatsapp-share'>WhatsApp<\/a><div class='clear '><\/div><\/div>","protected":false},"excerpt":{"rendered":"<p>Al\u00e9m das interven\u00e7\u00f5es na infraestrutura e refor\u00e7o da limpeza de bocas de lobo, manilhas e bueiras, a Prefeitura de Alagoinhas vem prestando aux\u00edlio \u00e0s fam\u00edlias que tiveram preju\u00edzos com as chuvas torrenciais do \u00faltimo final de semana. No balan\u00e7o feito pela Secretaria de Assist\u00eancia Social (SEMAS), na noite de segunda-feira (28), foram entregues 28 colch\u00f5es [&hellip;]<\/p>\n","protected":false},"author":1,"featured_media":32042,"comment_status":"closed","ping_status":"closed","sticky":false,"template":"","format":"standard","meta":{"om_disable_all_campaigns":false,"rop_custom_images_group":[],"rop_custom_messages_group":[],"rop_publish_now":"initial","rop_publish_now_accounts":[],"rop_publish_now_history":[],"rop_publish_now_status":"pending","_exactmetrics_skip_tracking":false,"footnotes":""},"categories":[38,167],"tags":[],"class_list":["post-32041","post","type-post","status-publish","format-standard","has-post-thumbnail","hentry","category-alagoinhas-e-regiao","category-exclusivas"],"aioseo_notices":[],"aioseo_head":"\n\t\t<!-- All in One SEO 4.9.10 - aioseo.com -->\n\t<meta name=\"description\" content=\"Al\u00e9m das interven\u00e7\u00f5es na infraestrutura e refor\u00e7o da limpeza de bocas de lobo, manilhas e bueiras, a Prefeitura de Alagoinhas vem prestando aux\u00edlio \u00e0s fam\u00edlias que tiveram preju\u00edzos com as chuvas torrenciais do \u00faltimo final de semana. No balan\u00e7o feito pela Secretaria de Assist\u00eancia Social (SEMAS), na noite de segunda-feira (28), foram entregues 28 colch\u00f5es\" \/>\n\t<meta name=\"robots\" content=\"max-image-preview:large\" \/>\n\t<meta name=\"author\" content=\"administrador\"\/>\n\t<link rel=\"canonical\" href=\"https:\/\/newsinfoco.com.br\/inicio\/prefeitura-de-alagoinhas-presta-assistencia-social-as-familias-afetadas-pelas-fortes-chuvas\/\" \/>\n\t<meta name=\"generator\" content=\"All in One SEO (AIOSEO) 4.9.10\" \/>\n\t\t<meta property=\"og:locale\" content=\"pt_BR\" \/>\n\t\t<meta property=\"og:site_name\" content=\"News In Foco - Editado por Caio Pimenta - O principal site de noticias de Alagoinhas e regi\u00e3o\" \/>\n\t\t<meta property=\"og:type\" content=\"article\" \/>\n\t\t<meta property=\"og:title\" content=\"Prefeitura de Alagoinhas presta assist\u00eancia social \u00e0s fam\u00edlias afetadas pelas fortes chuvas - News In Foco - Editado por Caio Pimenta\" \/>\n\t\t<meta property=\"og:description\" content=\"Al\u00e9m das interven\u00e7\u00f5es na infraestrutura e refor\u00e7o da limpeza de bocas de lobo, manilhas e bueiras, a Prefeitura de Alagoinhas vem prestando aux\u00edlio \u00e0s fam\u00edlias que tiveram preju\u00edzos com as chuvas torrenciais do \u00faltimo final de semana. No balan\u00e7o feito pela Secretaria de Assist\u00eancia Social (SEMAS), na noite de segunda-feira (28), foram entregues 28 colch\u00f5es\" \/>\n\t\t<meta property=\"og:url\" content=\"https:\/\/newsinfoco.com.br\/inicio\/prefeitura-de-alagoinhas-presta-assistencia-social-as-familias-afetadas-pelas-fortes-chuvas\/\" \/>\n\t\t<meta property=\"article:published_time\" content=\"2022-11-29T18:08:02+00:00\" \/>\n\t\t<meta property=\"article:modified_time\" content=\"2022-11-29T18:08:02+00:00\" \/>\n\t\t<meta name=\"twitter:card\" content=\"summary_large_image\" \/>\n\t\t<meta name=\"twitter:title\" content=\"Prefeitura de Alagoinhas presta assist\u00eancia social \u00e0s fam\u00edlias afetadas pelas fortes chuvas - News In Foco - Editado por Caio Pimenta\" \/>\n\t\t<meta name=\"twitter:description\" content=\"Al\u00e9m das interven\u00e7\u00f5es na infraestrutura e refor\u00e7o da limpeza de bocas de lobo, manilhas e bueiras, a Prefeitura de Alagoinhas vem prestando aux\u00edlio \u00e0s fam\u00edlias que tiveram preju\u00edzos com as chuvas torrenciais do \u00faltimo final de semana. No balan\u00e7o feito pela Secretaria de Assist\u00eancia Social (SEMAS), na noite de segunda-feira (28), foram entregues 28 colch\u00f5es\" \/>\n\t\t<script type=\"application\/ld+json\" class=\"aioseo-schema\">\n\t\t\t{\"@context\":\"https:\\\/\\\/schema.org\",\"@graph\":[{\"@type\":\"BlogPosting\",\"@id\":\"https:\\\/\\\/newsinfoco.com.br\\\/inicio\\\/prefeitura-de-alagoinhas-presta-assistencia-social-as-familias-afetadas-pelas-fortes-chuvas\\\/#blogposting\",\"name\":\"Prefeitura de Alagoinhas presta assist\\u00eancia social \\u00e0s fam\\u00edlias afetadas pelas fortes chuvas - News In Foco - Editado por Caio Pimenta\",\"headline\":\"Prefeitura de Alagoinhas presta assist\\u00eancia social \\u00e0s fam\\u00edlias afetadas pelas fortes chuvas\",\"author\":{\"@id\":\"https:\\\/\\\/newsinfoco.com.br\\\/inicio\\\/author\\\/administrador\\\/#author\"},\"publisher\":{\"@id\":\"https:\\\/\\\/newsinfoco.com.br\\\/inicio\\\/#organization\"},\"image\":{\"@type\":\"ImageObject\",\"url\":\"https:\\\/\\\/newsinfoco.com.br\\\/inicio\\\/wp-content\\\/uploads\\\/2022\\\/11\\\/IMG-20221129-WA0059-550x368-1.jpg\",\"width\":550,\"height\":368},\"datePublished\":\"2022-11-29T15:08:02-03:00\",\"dateModified\":\"2022-11-29T15:08:02-03:00\",\"inLanguage\":\"pt-BR\",\"mainEntityOfPage\":{\"@id\":\"https:\\\/\\\/newsinfoco.com.br\\\/inicio\\\/prefeitura-de-alagoinhas-presta-assistencia-social-as-familias-afetadas-pelas-fortes-chuvas\\\/#webpage\"},\"isPartOf\":{\"@id\":\"https:\\\/\\\/newsinfoco.com.br\\\/inicio\\\/prefeitura-de-alagoinhas-presta-assistencia-social-as-familias-afetadas-pelas-fortes-chuvas\\\/#webpage\"},\"articleSection\":\"Alagoinhas e Regi\\u00e3o, Manchete\"},{\"@type\":\"BreadcrumbList\",\"@id\":\"https:\\\/\\\/newsinfoco.com.br\\\/inicio\\\/prefeitura-de-alagoinhas-presta-assistencia-social-as-familias-afetadas-pelas-fortes-chuvas\\\/#breadcrumblist\",\"itemListElement\":[{\"@type\":\"ListItem\",\"@id\":\"https:\\\/\\\/newsinfoco.com.br\\\/inicio#listItem\",\"position\":1,\"name\":\"In\\u00edcio\",\"item\":\"https:\\\/\\\/newsinfoco.com.br\\\/inicio\",\"nextItem\":{\"@type\":\"ListItem\",\"@id\":\"https:\\\/\\\/newsinfoco.com.br\\\/inicio\\\/category\\\/alagoinhas-e-regiao\\\/#listItem\",\"name\":\"Alagoinhas e Regi\\u00e3o\"}},{\"@type\":\"ListItem\",\"@id\":\"https:\\\/\\\/newsinfoco.com.br\\\/inicio\\\/category\\\/alagoinhas-e-regiao\\\/#listItem\",\"position\":2,\"name\":\"Alagoinhas e Regi\\u00e3o\",\"item\":\"https:\\\/\\\/newsinfoco.com.br\\\/inicio\\\/category\\\/alagoinhas-e-regiao\\\/\",\"nextItem\":{\"@type\":\"ListItem\",\"@id\":\"https:\\\/\\\/newsinfoco.com.br\\\/inicio\\\/prefeitura-de-alagoinhas-presta-assistencia-social-as-familias-afetadas-pelas-fortes-chuvas\\\/#listItem\",\"name\":\"Prefeitura de Alagoinhas presta assist\\u00eancia social \\u00e0s fam\\u00edlias afetadas pelas fortes chuvas\"},\"previousItem\":{\"@type\":\"ListItem\",\"@id\":\"https:\\\/\\\/newsinfoco.com.br\\\/inicio#listItem\",\"name\":\"In\\u00edcio\"}},{\"@type\":\"ListItem\",\"@id\":\"https:\\\/\\\/newsinfoco.com.br\\\/inicio\\\/prefeitura-de-alagoinhas-presta-assistencia-social-as-familias-afetadas-pelas-fortes-chuvas\\\/#listItem\",\"position\":3,\"name\":\"Prefeitura de Alagoinhas presta assist\\u00eancia social \\u00e0s fam\\u00edlias afetadas pelas fortes chuvas\",\"previousItem\":{\"@type\":\"ListItem\",\"@id\":\"https:\\\/\\\/newsinfoco.com.br\\\/inicio\\\/category\\\/alagoinhas-e-regiao\\\/#listItem\",\"name\":\"Alagoinhas e Regi\\u00e3o\"}}]},{\"@type\":\"Organization\",\"@id\":\"https:\\\/\\\/newsinfoco.com.br\\\/inicio\\\/#organization\",\"name\":\"News In Foco - Editado por Caio Pimenta\",\"description\":\"O principal site de noticias de Alagoinhas e regi\\u00e3o\",\"url\":\"https:\\\/\\\/newsinfoco.com.br\\\/inicio\\\/\"},{\"@type\":\"Person\",\"@id\":\"https:\\\/\\\/newsinfoco.com.br\\\/inicio\\\/author\\\/administrador\\\/#author\",\"url\":\"https:\\\/\\\/newsinfoco.com.br\\\/inicio\\\/author\\\/administrador\\\/\",\"name\":\"administrador\",\"image\":{\"@type\":\"ImageObject\",\"@id\":\"https:\\\/\\\/newsinfoco.com.br\\\/inicio\\\/prefeitura-de-alagoinhas-presta-assistencia-social-as-familias-afetadas-pelas-fortes-chuvas\\\/#authorImage\",\"url\":\"https:\\\/\\\/secure.gravatar.com\\\/avatar\\\/c17a617433de8c1dc9584bb79aab7563b46f5bb7e1728c9b17d9cc3ce6a08e49?s=96&d=mm&r=g\",\"width\":96,\"height\":96,\"caption\":\"administrador\"}},{\"@type\":\"WebPage\",\"@id\":\"https:\\\/\\\/newsinfoco.com.br\\\/inicio\\\/prefeitura-de-alagoinhas-presta-assistencia-social-as-familias-afetadas-pelas-fortes-chuvas\\\/#webpage\",\"url\":\"https:\\\/\\\/newsinfoco.com.br\\\/inicio\\\/prefeitura-de-alagoinhas-presta-assistencia-social-as-familias-afetadas-pelas-fortes-chuvas\\\/\",\"name\":\"Prefeitura de Alagoinhas presta assist\\u00eancia social \\u00e0s fam\\u00edlias afetadas pelas fortes chuvas - News In Foco - Editado por Caio Pimenta\",\"description\":\"Al\\u00e9m das interven\\u00e7\\u00f5es na infraestrutura e refor\\u00e7o da limpeza de bocas de lobo, manilhas e bueiras, a Prefeitura de Alagoinhas vem prestando aux\\u00edlio \\u00e0s fam\\u00edlias que tiveram preju\\u00edzos com as chuvas torrenciais do \\u00faltimo final de semana. No balan\\u00e7o feito pela Secretaria de Assist\\u00eancia Social (SEMAS), na noite de segunda-feira (28), foram entregues 28 colch\\u00f5es\",\"inLanguage\":\"pt-BR\",\"isPartOf\":{\"@id\":\"https:\\\/\\\/newsinfoco.com.br\\\/inicio\\\/#website\"},\"breadcrumb\":{\"@id\":\"https:\\\/\\\/newsinfoco.com.br\\\/inicio\\\/prefeitura-de-alagoinhas-presta-assistencia-social-as-familias-afetadas-pelas-fortes-chuvas\\\/#breadcrumblist\"},\"author\":{\"@id\":\"https:\\\/\\\/newsinfoco.com.br\\\/inicio\\\/author\\\/administrador\\\/#author\"},\"creator\":{\"@id\":\"https:\\\/\\\/newsinfoco.com.br\\\/inicio\\\/author\\\/administrador\\\/#author\"},\"image\":{\"@type\":\"ImageObject\",\"url\":\"https:\\\/\\\/newsinfoco.com.br\\\/inicio\\\/wp-content\\\/uploads\\\/2022\\\/11\\\/IMG-20221129-WA0059-550x368-1.jpg\",\"@id\":\"https:\\\/\\\/newsinfoco.com.br\\\/inicio\\\/prefeitura-de-alagoinhas-presta-assistencia-social-as-familias-afetadas-pelas-fortes-chuvas\\\/#mainImage\",\"width\":550,\"height\":368},\"primaryImageOfPage\":{\"@id\":\"https:\\\/\\\/newsinfoco.com.br\\\/inicio\\\/prefeitura-de-alagoinhas-presta-assistencia-social-as-familias-afetadas-pelas-fortes-chuvas\\\/#mainImage\"},\"datePublished\":\"2022-11-29T15:08:02-03:00\",\"dateModified\":\"2022-11-29T15:08:02-03:00\"},{\"@type\":\"WebSite\",\"@id\":\"https:\\\/\\\/newsinfoco.com.br\\\/inicio\\\/#website\",\"url\":\"https:\\\/\\\/newsinfoco.com.br\\\/inicio\\\/\",\"name\":\"News In Foco - Editado por Caio Pimenta\",\"description\":\"O principal site de noticias de Alagoinhas e regi\\u00e3o\",\"inLanguage\":\"pt-BR\",\"publisher\":{\"@id\":\"https:\\\/\\\/newsinfoco.com.br\\\/inicio\\\/#organization\"}}]}\n\t\t<\/script>\n\t\t<!-- All in One SEO -->\n\n","aioseo_head_json":{"title":"Prefeitura de Alagoinhas presta assist\u00eancia social \u00e0s fam\u00edlias afetadas pelas fortes chuvas - News In Foco - Editado por Caio Pimenta","description":"Al\u00e9m das interven\u00e7\u00f5es na infraestrutura e refor\u00e7o da limpeza de bocas de lobo, manilhas e bueiras, a Prefeitura de Alagoinhas vem prestando aux\u00edlio \u00e0s fam\u00edlias que tiveram preju\u00edzos com as chuvas torrenciais do \u00faltimo final de semana. No balan\u00e7o feito pela Secretaria de Assist\u00eancia Social (SEMAS), na noite de segunda-feira (28), foram entregues 28 colch\u00f5es","canonical_url":"https:\/\/newsinfoco.com.br\/inicio\/prefeitura-de-alagoinhas-presta-assistencia-social-as-familias-afetadas-pelas-fortes-chuvas\/","robots":"max-image-preview:large","keywords":"","webmasterTools":{"miscellaneous":""},"schema":{"@context":"https:\/\/schema.org","@graph":[{"@type":"BlogPosting","@id":"https:\/\/newsinfoco.com.br\/inicio\/prefeitura-de-alagoinhas-presta-assistencia-social-as-familias-afetadas-pelas-fortes-chuvas\/#blogposting","name":"Prefeitura de Alagoinhas presta assist\u00eancia social \u00e0s fam\u00edlias afetadas pelas fortes chuvas - News In Foco - Editado por Caio Pimenta","headline":"Prefeitura de Alagoinhas presta assist\u00eancia social \u00e0s fam\u00edlias afetadas pelas fortes chuvas","author":{"@id":"https:\/\/newsinfoco.com.br\/inicio\/author\/administrador\/#author"},"publisher":{"@id":"https:\/\/newsinfoco.com.br\/inicio\/#organization"},"image":{"@type":"ImageObject","url":"https:\/\/newsinfoco.com.br\/inicio\/wp-content\/uploads\/2022\/11\/IMG-20221129-WA0059-550x368-1.jpg","width":550,"height":368},"datePublished":"2022-11-29T15:08:02-03:00","dateModified":"2022-11-29T15:08:02-03:00","inLanguage":"pt-BR","mainEntityOfPage":{"@id":"https:\/\/newsinfoco.com.br\/inicio\/prefeitura-de-alagoinhas-presta-assistencia-social-as-familias-afetadas-pelas-fortes-chuvas\/#webpage"},"isPartOf":{"@id":"https:\/\/newsinfoco.com.br\/inicio\/prefeitura-de-alagoinhas-presta-assistencia-social-as-familias-afetadas-pelas-fortes-chuvas\/#webpage"},"articleSection":"Alagoinhas e Regi\u00e3o, Manchete"},{"@type":"BreadcrumbList","@id":"https:\/\/newsinfoco.com.br\/inicio\/prefeitura-de-alagoinhas-presta-assistencia-social-as-familias-afetadas-pelas-fortes-chuvas\/#breadcrumblist","itemListElement":[{"@type":"ListItem","@id":"https:\/\/newsinfoco.com.br\/inicio#listItem","position":1,"name":"In\u00edcio","item":"https:\/\/newsinfoco.com.br\/inicio","nextItem":{"@type":"ListItem","@id":"https:\/\/newsinfoco.com.br\/inicio\/category\/alagoinhas-e-regiao\/#listItem","name":"Alagoinhas e Regi\u00e3o"}},{"@type":"ListItem","@id":"https:\/\/newsinfoco.com.br\/inicio\/category\/alagoinhas-e-regiao\/#listItem","position":2,"name":"Alagoinhas e Regi\u00e3o","item":"https:\/\/newsinfoco.com.br\/inicio\/category\/alagoinhas-e-regiao\/","nextItem":{"@type":"ListItem","@id":"https:\/\/newsinfoco.com.br\/inicio\/prefeitura-de-alagoinhas-presta-assistencia-social-as-familias-afetadas-pelas-fortes-chuvas\/#listItem","name":"Prefeitura de Alagoinhas presta assist\u00eancia social \u00e0s fam\u00edlias afetadas pelas fortes chuvas"},"previousItem":{"@type":"ListItem","@id":"https:\/\/newsinfoco.com.br\/inicio#listItem","name":"In\u00edcio"}},{"@type":"ListItem","@id":"https:\/\/newsinfoco.com.br\/inicio\/prefeitura-de-alagoinhas-presta-assistencia-social-as-familias-afetadas-pelas-fortes-chuvas\/#listItem","position":3,"name":"Prefeitura de Alagoinhas presta assist\u00eancia social \u00e0s fam\u00edlias afetadas pelas fortes chuvas","previousItem":{"@type":"ListItem","@id":"https:\/\/newsinfoco.com.br\/inicio\/category\/alagoinhas-e-regiao\/#listItem","name":"Alagoinhas e Regi\u00e3o"}}]},{"@type":"Organization","@id":"https:\/\/newsinfoco.com.br\/inicio\/#organization","name":"News In Foco - Editado por Caio Pimenta","description":"O principal site de noticias de Alagoinhas e regi\u00e3o","url":"https:\/\/newsinfoco.com.br\/inicio\/"},{"@type":"Person","@id":"https:\/\/newsinfoco.com.br\/inicio\/author\/administrador\/#author","url":"https:\/\/newsinfoco.com.br\/inicio\/author\/administrador\/","name":"administrador","image":{"@type":"ImageObject","@id":"https:\/\/newsinfoco.com.br\/inicio\/prefeitura-de-alagoinhas-presta-assistencia-social-as-familias-afetadas-pelas-fortes-chuvas\/#authorImage","url":"https:\/\/secure.gravatar.com\/avatar\/c17a617433de8c1dc9584bb79aab7563b46f5bb7e1728c9b17d9cc3ce6a08e49?s=96&d=mm&r=g","width":96,"height":96,"caption":"administrador"}},{"@type":"WebPage","@id":"https:\/\/newsinfoco.com.br\/inicio\/prefeitura-de-alagoinhas-presta-assistencia-social-as-familias-afetadas-pelas-fortes-chuvas\/#webpage","url":"https:\/\/newsinfoco.com.br\/inicio\/prefeitura-de-alagoinhas-presta-assistencia-social-as-familias-afetadas-pelas-fortes-chuvas\/","name":"Prefeitura de Alagoinhas presta assist\u00eancia social \u00e0s fam\u00edlias afetadas pelas fortes chuvas - News In Foco - Editado por Caio Pimenta","description":"Al\u00e9m das interven\u00e7\u00f5es na infraestrutura e refor\u00e7o da limpeza de bocas de lobo, manilhas e bueiras, a Prefeitura de Alagoinhas vem prestando aux\u00edlio \u00e0s fam\u00edlias que tiveram preju\u00edzos com as chuvas torrenciais do \u00faltimo final de semana. No balan\u00e7o feito pela Secretaria de Assist\u00eancia Social (SEMAS), na noite de segunda-feira (28), foram entregues 28 colch\u00f5es","inLanguage":"pt-BR","isPartOf":{"@id":"https:\/\/newsinfoco.com.br\/inicio\/#website"},"breadcrumb":{"@id":"https:\/\/newsinfoco.com.br\/inicio\/prefeitura-de-alagoinhas-presta-assistencia-social-as-familias-afetadas-pelas-fortes-chuvas\/#breadcrumblist"},"author":{"@id":"https:\/\/newsinfoco.com.br\/inicio\/author\/administrador\/#author"},"creator":{"@id":"https:\/\/newsinfoco.com.br\/inicio\/author\/administrador\/#author"},"image":{"@type":"ImageObject","url":"https:\/\/newsinfoco.com.br\/inicio\/wp-content\/uploads\/2022\/11\/IMG-20221129-WA0059-550x368-1.jpg","@id":"https:\/\/newsinfoco.com.br\/inicio\/prefeitura-de-alagoinhas-presta-assistencia-social-as-familias-afetadas-pelas-fortes-chuvas\/#mainImage","width":550,"height":368},"primaryImageOfPage":{"@id":"https:\/\/newsinfoco.com.br\/inicio\/prefeitura-de-alagoinhas-presta-assistencia-social-as-familias-afetadas-pelas-fortes-chuvas\/#mainImage"},"datePublished":"2022-11-29T15:08:02-03:00","dateModified":"2022-11-29T15:08:02-03:00"},{"@type":"WebSite","@id":"https:\/\/newsinfoco.com.br\/inicio\/#website","url":"https:\/\/newsinfoco.com.br\/inicio\/","name":"News In Foco - Editado por Caio Pimenta","description":"O principal site de noticias de Alagoinhas e regi\u00e3o","inLanguage":"pt-BR","publisher":{"@id":"https:\/\/newsinfoco.com.br\/inicio\/#organization"}}]},"og:locale":"pt_BR","og:site_name":"News In Foco - Editado por Caio Pimenta - O principal site de noticias de Alagoinhas e regi\u00e3o","og:type":"article","og:title":"Prefeitura de Alagoinhas presta assist\u00eancia social \u00e0s fam\u00edlias afetadas pelas fortes chuvas - News In Foco - Editado por Caio Pimenta","og:description":"Al\u00e9m das interven\u00e7\u00f5es na infraestrutura e refor\u00e7o da limpeza de bocas de lobo, manilhas e bueiras, a Prefeitura de Alagoinhas vem prestando aux\u00edlio \u00e0s fam\u00edlias que tiveram preju\u00edzos com as chuvas torrenciais do \u00faltimo final de semana. No balan\u00e7o feito pela Secretaria de Assist\u00eancia Social (SEMAS), na noite de segunda-feira (28), foram entregues 28 colch\u00f5es","og:url":"https:\/\/newsinfoco.com.br\/inicio\/prefeitura-de-alagoinhas-presta-assistencia-social-as-familias-afetadas-pelas-fortes-chuvas\/","article:published_time":"2022-11-29T18:08:02+00:00","article:modified_time":"2022-11-29T18:08:02+00:00","twitter:card":"summary_large_image","twitter:title":"Prefeitura de Alagoinhas presta assist\u00eancia social \u00e0s fam\u00edlias afetadas pelas fortes chuvas - News In Foco - Editado por Caio Pimenta","twitter:description":"Al\u00e9m das interven\u00e7\u00f5es na infraestrutura e refor\u00e7o da limpeza de bocas de lobo, manilhas e bueiras, a Prefeitura de Alagoinhas vem prestando aux\u00edlio \u00e0s fam\u00edlias que tiveram preju\u00edzos com as chuvas torrenciais do \u00faltimo final de semana. No balan\u00e7o feito pela Secretaria de Assist\u00eancia Social (SEMAS), na noite de segunda-feira (28), foram entregues 28 colch\u00f5es"},"aioseo_meta_data":{"post_id":"32041","title":null,"description":null,"keywords":null,"keyphrases":null,"primary_term":null,"canonical_url":null,"og_title":null,"og_description":null,"og_object_type":"default","og_image_type":"default","og_image_url":null,"og_image_width":null,"og_image_height":null,"og_image_custom_url":null,"og_image_custom_fields":null,"og_video":null,"og_custom_url":null,"og_article_section":null,"og_article_tags":null,"twitter_use_og":false,"twitter_card":"default","twitter_image_type":"default","twitter_image_url":null,"twitter_image_custom_url":null,"twitter_image_custom_fields":null,"twitter_title":null,"twitter_description":null,"schema":{"blockGraphs":[],"customGraphs":[],"default":{"data":{"Article":[],"Course":[],"Dataset":[],"FAQPage":[],"Movie":[],"Person":[],"Product":[],"ProductReview":[],"Car":[],"Recipe":[],"Service":[],"SoftwareApplication":[],"WebPage":[]},"graphName":"","isEnabled":true},"graphs":[]},"schema_type":"default","schema_type_options":null,"pillar_content":false,"robots_default":true,"robots_noindex":false,"robots_noarchive":false,"robots_nosnippet":false,"robots_nofollow":false,"robots_noimageindex":false,"robots_noodp":false,"robots_notranslate":false,"robots_max_snippet":null,"robots_max_videopreview":null,"robots_max_imagepreview":"large","priority":null,"frequency":null,"local_seo":null,"breadcrumb_settings":null,"limit_modified_date":false,"ai":null,"created":"2023-06-12 22:25:44","updated":"2025-07-11 08:39:56","seo_analyzer_scan_date":null},"aioseo_breadcrumb":"<div class=\"aioseo-breadcrumbs\"><span class=\"aioseo-breadcrumb\">\n\t\t\t<a href=\"https:\/\/newsinfoco.com.br\/inicio\" title=\"In\u00edcio\">In\u00edcio<\/a>\n\t\t<\/span><span class=\"aioseo-breadcrumb-separator\">&raquo;<\/span><span class=\"aioseo-breadcrumb\">\n\t\t\t<a href=\"https:\/\/newsinfoco.com.br\/inicio\/category\/alagoinhas-e-regiao\/\" title=\"Alagoinhas e Regi\u00e3o\">Alagoinhas e Regi\u00e3o<\/a>\n\t\t<\/span><span class=\"aioseo-breadcrumb-separator\">&raquo;<\/span><span class=\"aioseo-breadcrumb\">\n\t\t\tPrefeitura de Alagoinhas presta assist\u00eancia social \u00e0s fam\u00edlias afetadas pelas fortes chuvas\n\t\t<\/span><\/div>","aioseo_breadcrumb_json":[{"label":"In\u00edcio","link":"https:\/\/newsinfoco.com.br\/inicio"},{"label":"Alagoinhas e Regi\u00e3o","link":"https:\/\/newsinfoco.com.br\/inicio\/category\/alagoinhas-e-regiao\/"},{"label":"Prefeitura de Alagoinhas presta assist\u00eancia social \u00e0s fam\u00edlias afetadas pelas fortes chuvas","link":"https:\/\/newsinfoco.com.br\/inicio\/prefeitura-de-alagoinhas-presta-assistencia-social-as-familias-afetadas-pelas-fortes-chuvas\/"}],"_links":{"self":[{"href":"https:\/\/newsinfoco.com.br\/inicio\/wp-json\/wp\/v2\/posts\/32041","targetHints":{"allow":["GET"]}}],"collection":[{"href":"https:\/\/newsinfoco.com.br\/inicio\/wp-json\/wp\/v2\/posts"}],"about":[{"href":"https:\/\/newsinfoco.com.br\/inicio\/wp-json\/wp\/v2\/types\/post"}],"author":[{"embeddable":true,"href":"https:\/\/newsinfoco.com.br\/inicio\/wp-json\/wp\/v2\/users\/1"}],"replies":[{"embeddable":true,"href":"https:\/\/newsinfoco.com.br\/inicio\/wp-json\/wp\/v2\/comments?post=32041"}],"version-history":[{"count":1,"href":"https:\/\/newsinfoco.com.br\/inicio\/wp-json\/wp\/v2\/posts\/32041\/revisions"}],"predecessor-version":[{"id":32043,"href":"https:\/\/newsinfoco.com.br\/inicio\/wp-json\/wp\/v2\/posts\/32041\/revisions\/32043"}],"wp:featuredmedia":[{"embeddable":true,"href":"https:\/\/newsinfoco.com.br\/inicio\/wp-json\/wp\/v2\/media\/32042"}],"wp:attachment":[{"href":"https:\/\/newsinfoco.com.br\/inicio\/wp-json\/wp\/v2\/media?parent=32041"}],"wp:term":[{"taxonomy":"category","embeddable":true,"href":"https:\/\/newsinfoco.com.br\/inicio\/wp-json\/wp\/v2\/categories?post=32041"},{"taxonomy":"post_tag","embeddable":true,"href":"https:\/\/newsinfoco.com.br\/inicio\/wp-json\/wp\/v2\/tags?post=32041"}],"curies":[{"name":"wp","href":"https:\/\/api.w.org\/{rel}","templated":true}]}}