{"id":32044,"date":"2022-11-29T20:00:28","date_gmt":"2022-11-29T23:00:28","guid":{"rendered":"https:\/\/newsinfoco.com.br\/inicio\/?p=32044"},"modified":"2022-11-29T20:00:55","modified_gmt":"2022-11-29T23:00:55","slug":"prefeitura-de-alagoinhas-decreta-situacao-de-emergencia-devido-as-fortes-chuvas","status":"publish","type":"post","link":"https:\/\/newsinfoco.com.br\/inicio\/prefeitura-de-alagoinhas-decreta-situacao-de-emergencia-devido-as-fortes-chuvas\/","title":{"rendered":"Prefeitura de Alagoinhas decreta Situa\u00e7\u00e3o de Emerg\u00eancia devido \u00e0s fortes chuvas"},"content":{"rendered":"<p>Em raz\u00e3o das fortes chuvas que atingiram o munic\u00edpio de Alagoinhas nos \u00faltimos dias, com \u00edndice pluviom\u00e9trico superior a 50 mm\/h, a Prefeitura determinou, por meio do Decreto 5.876\/2022, Situa\u00e7\u00e3o de Emerg\u00eancia, com o objetivo de agilizar e ampliar as a\u00e7\u00f5es municipais, considerando os alagamentos ocorridos em v\u00e1rias regi\u00f5es e risco de desabamento de im\u00f3veis em v\u00e1rias localidades.<\/p>\n<p>A fim de atenuar os preju\u00edzos causados pelas chuvas, equipes de uma for\u00e7a-tarefa composta pela Defesa Civil, e as secretarias de Infraestrutura (SECIN), de Servi\u00e7os P\u00fablicos (SESEP) e de Assist\u00eancia Social (SEMAS) vem atuando nas regi\u00f5es problem\u00e1ticas, contudo, as medidas at\u00e9 ent\u00e3o adotadas, com utiliza\u00e7\u00e3o de sua capacidade normal de atua\u00e7\u00e3o, recursos humanos, materiais e institucionais n\u00e3o s\u00e3o suficientes para o restabelecimento da situa\u00e7\u00e3o de normalidade no munic\u00edpio.<\/p>\n<p>Assim, levando em conta a previs\u00e3o de mais chuvas fortes na cidade, com possibilidade de novos incidentes com risco \u00e0 popula\u00e7\u00e3o, entre outras medidas, o decreto, que tem validade de 20 dias, autoriza a mobiliza\u00e7\u00e3o de todos os \u00f3rg\u00e3os e entidades da Administra\u00e7\u00e3o Municipal, bem como a atua\u00e7\u00e3o conjunta com \u00f3rg\u00e3os e entidades estaduais e municipais, e a agentes municipais diretamente respons\u00e1veis pelas a\u00e7\u00f5es de resposta aos desastres, em caso de risco iminente, a entrarem nas casas, para prestar socorro ou para determinar a pronta evacua\u00e7\u00e3o. A medida autoriza ainda dispensa de licita\u00e7\u00e3o para aquisi\u00e7\u00e3o de bens necess\u00e1rios e de presta\u00e7\u00e3o de servi\u00e7os relacionados com a reabilita\u00e7\u00e3o dos cen\u00e1rios dos desastres, desde que possam ser conclu\u00eddas no prazo deste decreto, vedada a prorroga\u00e7\u00e3o dos contratos.<\/p>\n<div class='share-to-whatsapp-wrapper'><div class='share-on-whsp'>Share on: <\/div><a data-text='Prefeitura de Alagoinhas decreta Situa\u00e7\u00e3o de Emerg\u00eancia devido \u00e0s fortes chuvas' data-link='https:\/\/newsinfoco.com.br\/inicio\/prefeitura-de-alagoinhas-decreta-situacao-de-emergencia-devido-as-fortes-chuvas\/' class='whatsapp-button whatsapp-share'>WhatsApp<\/a><div class='clear '><\/div><\/div>","protected":false},"excerpt":{"rendered":"<p>Em raz\u00e3o das fortes chuvas que atingiram o munic\u00edpio de Alagoinhas nos \u00faltimos dias, com \u00edndice pluviom\u00e9trico superior a 50 mm\/h, a Prefeitura determinou, por meio do Decreto 5.876\/2022, Situa\u00e7\u00e3o de Emerg\u00eancia, com o objetivo de agilizar e ampliar as a\u00e7\u00f5es municipais, considerando os alagamentos ocorridos em v\u00e1rias regi\u00f5es e risco de desabamento de im\u00f3veis [&hellip;]<\/p>\n","protected":false},"author":1,"featured_media":10659,"comment_status":"closed","ping_status":"closed","sticky":false,"template":"","format":"standard","meta":{"om_disable_all_campaigns":false,"rop_custom_images_group":[],"rop_custom_messages_group":[],"rop_publish_now":"initial","rop_publish_now_accounts":[],"rop_publish_now_history":[],"rop_publish_now_status":"pending","_exactmetrics_skip_tracking":false,"footnotes":""},"categories":[38,167],"tags":[],"class_list":["post-32044","post","type-post","status-publish","format-standard","has-post-thumbnail","hentry","category-alagoinhas-e-regiao","category-exclusivas"],"aioseo_notices":[],"aioseo_head":"\n\t\t<!-- All in One SEO 4.9.10 - aioseo.com -->\n\t<meta name=\"description\" content=\"Em raz\u00e3o das fortes chuvas que atingiram o munic\u00edpio de Alagoinhas nos \u00faltimos dias, com \u00edndice pluviom\u00e9trico superior a 50 mm\/h, a Prefeitura determinou, por meio do Decreto 5.876\/2022, Situa\u00e7\u00e3o de Emerg\u00eancia, com o objetivo de agilizar e ampliar as a\u00e7\u00f5es municipais, considerando os alagamentos ocorridos em v\u00e1rias regi\u00f5es e risco de desabamento de im\u00f3veis\" \/>\n\t<meta name=\"robots\" content=\"max-image-preview:large\" \/>\n\t<meta name=\"author\" content=\"administrador\"\/>\n\t<link rel=\"canonical\" href=\"https:\/\/newsinfoco.com.br\/inicio\/prefeitura-de-alagoinhas-decreta-situacao-de-emergencia-devido-as-fortes-chuvas\/\" \/>\n\t<meta name=\"generator\" content=\"All in One SEO (AIOSEO) 4.9.10\" \/>\n\t\t<meta property=\"og:locale\" content=\"pt_BR\" \/>\n\t\t<meta property=\"og:site_name\" content=\"News In Foco - Editado por Caio Pimenta - O principal site de noticias de Alagoinhas e regi\u00e3o\" \/>\n\t\t<meta property=\"og:type\" content=\"article\" \/>\n\t\t<meta property=\"og:title\" content=\"Prefeitura de Alagoinhas decreta Situa\u00e7\u00e3o de Emerg\u00eancia devido \u00e0s fortes chuvas - News In Foco - Editado por Caio Pimenta\" \/>\n\t\t<meta property=\"og:description\" content=\"Em raz\u00e3o das fortes chuvas que atingiram o munic\u00edpio de Alagoinhas nos \u00faltimos dias, com \u00edndice pluviom\u00e9trico superior a 50 mm\/h, a Prefeitura determinou, por meio do Decreto 5.876\/2022, Situa\u00e7\u00e3o de Emerg\u00eancia, com o objetivo de agilizar e ampliar as a\u00e7\u00f5es municipais, considerando os alagamentos ocorridos em v\u00e1rias regi\u00f5es e risco de desabamento de im\u00f3veis\" \/>\n\t\t<meta property=\"og:url\" content=\"https:\/\/newsinfoco.com.br\/inicio\/prefeitura-de-alagoinhas-decreta-situacao-de-emergencia-devido-as-fortes-chuvas\/\" \/>\n\t\t<meta property=\"article:published_time\" content=\"2022-11-29T23:00:28+00:00\" \/>\n\t\t<meta property=\"article:modified_time\" content=\"2022-11-29T23:00:55+00:00\" \/>\n\t\t<meta name=\"twitter:card\" content=\"summary_large_image\" \/>\n\t\t<meta name=\"twitter:title\" content=\"Prefeitura de Alagoinhas decreta Situa\u00e7\u00e3o de Emerg\u00eancia devido \u00e0s fortes chuvas - News In Foco - Editado por Caio Pimenta\" \/>\n\t\t<meta name=\"twitter:description\" content=\"Em raz\u00e3o das fortes chuvas que atingiram o munic\u00edpio de Alagoinhas nos \u00faltimos dias, com \u00edndice pluviom\u00e9trico superior a 50 mm\/h, a Prefeitura determinou, por meio do Decreto 5.876\/2022, Situa\u00e7\u00e3o de Emerg\u00eancia, com o objetivo de agilizar e ampliar as a\u00e7\u00f5es municipais, considerando os alagamentos ocorridos em v\u00e1rias regi\u00f5es e risco de desabamento de im\u00f3veis\" \/>\n\t\t<script type=\"application\/ld+json\" class=\"aioseo-schema\">\n\t\t\t{\"@context\":\"https:\\\/\\\/schema.org\",\"@graph\":[{\"@type\":\"BlogPosting\",\"@id\":\"https:\\\/\\\/newsinfoco.com.br\\\/inicio\\\/prefeitura-de-alagoinhas-decreta-situacao-de-emergencia-devido-as-fortes-chuvas\\\/#blogposting\",\"name\":\"Prefeitura de Alagoinhas decreta Situa\\u00e7\\u00e3o de Emerg\\u00eancia devido \\u00e0s fortes chuvas - News In Foco - Editado por Caio Pimenta\",\"headline\":\"Prefeitura de Alagoinhas decreta Situa\\u00e7\\u00e3o de Emerg\\u00eancia devido \\u00e0s fortes chuvas\",\"author\":{\"@id\":\"https:\\\/\\\/newsinfoco.com.br\\\/inicio\\\/author\\\/administrador\\\/#author\"},\"publisher\":{\"@id\":\"https:\\\/\\\/newsinfoco.com.br\\\/inicio\\\/#organization\"},\"image\":{\"@type\":\"ImageObject\",\"url\":\"https:\\\/\\\/newsinfoco.com.br\\\/inicio\\\/wp-content\\\/uploads\\\/2018\\\/10\\\/Prefeitura-de-Alagoinhas-Divulga\\u00e7\\u00e3o-web-1132x670-1.jpg\",\"width\":519,\"height\":346},\"datePublished\":\"2022-11-29T20:00:28-03:00\",\"dateModified\":\"2022-11-29T20:00:55-03:00\",\"inLanguage\":\"pt-BR\",\"mainEntityOfPage\":{\"@id\":\"https:\\\/\\\/newsinfoco.com.br\\\/inicio\\\/prefeitura-de-alagoinhas-decreta-situacao-de-emergencia-devido-as-fortes-chuvas\\\/#webpage\"},\"isPartOf\":{\"@id\":\"https:\\\/\\\/newsinfoco.com.br\\\/inicio\\\/prefeitura-de-alagoinhas-decreta-situacao-de-emergencia-devido-as-fortes-chuvas\\\/#webpage\"},\"articleSection\":\"Alagoinhas e Regi\\u00e3o, Manchete\"},{\"@type\":\"BreadcrumbList\",\"@id\":\"https:\\\/\\\/newsinfoco.com.br\\\/inicio\\\/prefeitura-de-alagoinhas-decreta-situacao-de-emergencia-devido-as-fortes-chuvas\\\/#breadcrumblist\",\"itemListElement\":[{\"@type\":\"ListItem\",\"@id\":\"https:\\\/\\\/newsinfoco.com.br\\\/inicio#listItem\",\"position\":1,\"name\":\"In\\u00edcio\",\"item\":\"https:\\\/\\\/newsinfoco.com.br\\\/inicio\",\"nextItem\":{\"@type\":\"ListItem\",\"@id\":\"https:\\\/\\\/newsinfoco.com.br\\\/inicio\\\/category\\\/alagoinhas-e-regiao\\\/#listItem\",\"name\":\"Alagoinhas e Regi\\u00e3o\"}},{\"@type\":\"ListItem\",\"@id\":\"https:\\\/\\\/newsinfoco.com.br\\\/inicio\\\/category\\\/alagoinhas-e-regiao\\\/#listItem\",\"position\":2,\"name\":\"Alagoinhas e Regi\\u00e3o\",\"item\":\"https:\\\/\\\/newsinfoco.com.br\\\/inicio\\\/category\\\/alagoinhas-e-regiao\\\/\",\"nextItem\":{\"@type\":\"ListItem\",\"@id\":\"https:\\\/\\\/newsinfoco.com.br\\\/inicio\\\/prefeitura-de-alagoinhas-decreta-situacao-de-emergencia-devido-as-fortes-chuvas\\\/#listItem\",\"name\":\"Prefeitura de Alagoinhas decreta Situa\\u00e7\\u00e3o de Emerg\\u00eancia devido \\u00e0s fortes chuvas\"},\"previousItem\":{\"@type\":\"ListItem\",\"@id\":\"https:\\\/\\\/newsinfoco.com.br\\\/inicio#listItem\",\"name\":\"In\\u00edcio\"}},{\"@type\":\"ListItem\",\"@id\":\"https:\\\/\\\/newsinfoco.com.br\\\/inicio\\\/prefeitura-de-alagoinhas-decreta-situacao-de-emergencia-devido-as-fortes-chuvas\\\/#listItem\",\"position\":3,\"name\":\"Prefeitura de Alagoinhas decreta Situa\\u00e7\\u00e3o de Emerg\\u00eancia devido \\u00e0s fortes chuvas\",\"previousItem\":{\"@type\":\"ListItem\",\"@id\":\"https:\\\/\\\/newsinfoco.com.br\\\/inicio\\\/category\\\/alagoinhas-e-regiao\\\/#listItem\",\"name\":\"Alagoinhas e Regi\\u00e3o\"}}]},{\"@type\":\"Organization\",\"@id\":\"https:\\\/\\\/newsinfoco.com.br\\\/inicio\\\/#organization\",\"name\":\"News In Foco - Editado por Caio Pimenta\",\"description\":\"O principal site de noticias de Alagoinhas e regi\\u00e3o\",\"url\":\"https:\\\/\\\/newsinfoco.com.br\\\/inicio\\\/\"},{\"@type\":\"Person\",\"@id\":\"https:\\\/\\\/newsinfoco.com.br\\\/inicio\\\/author\\\/administrador\\\/#author\",\"url\":\"https:\\\/\\\/newsinfoco.com.br\\\/inicio\\\/author\\\/administrador\\\/\",\"name\":\"administrador\",\"image\":{\"@type\":\"ImageObject\",\"@id\":\"https:\\\/\\\/newsinfoco.com.br\\\/inicio\\\/prefeitura-de-alagoinhas-decreta-situacao-de-emergencia-devido-as-fortes-chuvas\\\/#authorImage\",\"url\":\"https:\\\/\\\/secure.gravatar.com\\\/avatar\\\/c17a617433de8c1dc9584bb79aab7563b46f5bb7e1728c9b17d9cc3ce6a08e49?s=96&d=mm&r=g\",\"width\":96,\"height\":96,\"caption\":\"administrador\"}},{\"@type\":\"WebPage\",\"@id\":\"https:\\\/\\\/newsinfoco.com.br\\\/inicio\\\/prefeitura-de-alagoinhas-decreta-situacao-de-emergencia-devido-as-fortes-chuvas\\\/#webpage\",\"url\":\"https:\\\/\\\/newsinfoco.com.br\\\/inicio\\\/prefeitura-de-alagoinhas-decreta-situacao-de-emergencia-devido-as-fortes-chuvas\\\/\",\"name\":\"Prefeitura de Alagoinhas decreta Situa\\u00e7\\u00e3o de Emerg\\u00eancia devido \\u00e0s fortes chuvas - News In Foco - Editado por Caio Pimenta\",\"description\":\"Em raz\\u00e3o das fortes chuvas que atingiram o munic\\u00edpio de Alagoinhas nos \\u00faltimos dias, com \\u00edndice pluviom\\u00e9trico superior a 50 mm\\\/h, a Prefeitura determinou, por meio do Decreto 5.876\\\/2022, Situa\\u00e7\\u00e3o de Emerg\\u00eancia, com o objetivo de agilizar e ampliar as a\\u00e7\\u00f5es municipais, considerando os alagamentos ocorridos em v\\u00e1rias regi\\u00f5es e risco de desabamento de im\\u00f3veis\",\"inLanguage\":\"pt-BR\",\"isPartOf\":{\"@id\":\"https:\\\/\\\/newsinfoco.com.br\\\/inicio\\\/#website\"},\"breadcrumb\":{\"@id\":\"https:\\\/\\\/newsinfoco.com.br\\\/inicio\\\/prefeitura-de-alagoinhas-decreta-situacao-de-emergencia-devido-as-fortes-chuvas\\\/#breadcrumblist\"},\"author\":{\"@id\":\"https:\\\/\\\/newsinfoco.com.br\\\/inicio\\\/author\\\/administrador\\\/#author\"},\"creator\":{\"@id\":\"https:\\\/\\\/newsinfoco.com.br\\\/inicio\\\/author\\\/administrador\\\/#author\"},\"image\":{\"@type\":\"ImageObject\",\"url\":\"https:\\\/\\\/newsinfoco.com.br\\\/inicio\\\/wp-content\\\/uploads\\\/2018\\\/10\\\/Prefeitura-de-Alagoinhas-Divulga\\u00e7\\u00e3o-web-1132x670-1.jpg\",\"@id\":\"https:\\\/\\\/newsinfoco.com.br\\\/inicio\\\/prefeitura-de-alagoinhas-decreta-situacao-de-emergencia-devido-as-fortes-chuvas\\\/#mainImage\",\"width\":519,\"height\":346},\"primaryImageOfPage\":{\"@id\":\"https:\\\/\\\/newsinfoco.com.br\\\/inicio\\\/prefeitura-de-alagoinhas-decreta-situacao-de-emergencia-devido-as-fortes-chuvas\\\/#mainImage\"},\"datePublished\":\"2022-11-29T20:00:28-03:00\",\"dateModified\":\"2022-11-29T20:00:55-03:00\"},{\"@type\":\"WebSite\",\"@id\":\"https:\\\/\\\/newsinfoco.com.br\\\/inicio\\\/#website\",\"url\":\"https:\\\/\\\/newsinfoco.com.br\\\/inicio\\\/\",\"name\":\"News In Foco - Editado por Caio Pimenta\",\"description\":\"O principal site de noticias de Alagoinhas e regi\\u00e3o\",\"inLanguage\":\"pt-BR\",\"publisher\":{\"@id\":\"https:\\\/\\\/newsinfoco.com.br\\\/inicio\\\/#organization\"}}]}\n\t\t<\/script>\n\t\t<!-- All in One SEO -->\n\n","aioseo_head_json":{"title":"Prefeitura de Alagoinhas decreta Situa\u00e7\u00e3o de Emerg\u00eancia devido \u00e0s fortes chuvas - News In Foco - Editado por Caio Pimenta","description":"Em raz\u00e3o das fortes chuvas que atingiram o munic\u00edpio de Alagoinhas nos \u00faltimos dias, com \u00edndice pluviom\u00e9trico superior a 50 mm\/h, a Prefeitura determinou, por meio do Decreto 5.876\/2022, Situa\u00e7\u00e3o de Emerg\u00eancia, com o objetivo de agilizar e ampliar as a\u00e7\u00f5es municipais, considerando os alagamentos ocorridos em v\u00e1rias regi\u00f5es e risco de desabamento de im\u00f3veis","canonical_url":"https:\/\/newsinfoco.com.br\/inicio\/prefeitura-de-alagoinhas-decreta-situacao-de-emergencia-devido-as-fortes-chuvas\/","robots":"max-image-preview:large","keywords":"","webmasterTools":{"miscellaneous":""},"schema":{"@context":"https:\/\/schema.org","@graph":[{"@type":"BlogPosting","@id":"https:\/\/newsinfoco.com.br\/inicio\/prefeitura-de-alagoinhas-decreta-situacao-de-emergencia-devido-as-fortes-chuvas\/#blogposting","name":"Prefeitura de Alagoinhas decreta Situa\u00e7\u00e3o de Emerg\u00eancia devido \u00e0s fortes chuvas - News In Foco - Editado por Caio Pimenta","headline":"Prefeitura de Alagoinhas decreta Situa\u00e7\u00e3o de Emerg\u00eancia devido \u00e0s fortes chuvas","author":{"@id":"https:\/\/newsinfoco.com.br\/inicio\/author\/administrador\/#author"},"publisher":{"@id":"https:\/\/newsinfoco.com.br\/inicio\/#organization"},"image":{"@type":"ImageObject","url":"https:\/\/newsinfoco.com.br\/inicio\/wp-content\/uploads\/2018\/10\/Prefeitura-de-Alagoinhas-Divulga\u00e7\u00e3o-web-1132x670-1.jpg","width":519,"height":346},"datePublished":"2022-11-29T20:00:28-03:00","dateModified":"2022-11-29T20:00:55-03:00","inLanguage":"pt-BR","mainEntityOfPage":{"@id":"https:\/\/newsinfoco.com.br\/inicio\/prefeitura-de-alagoinhas-decreta-situacao-de-emergencia-devido-as-fortes-chuvas\/#webpage"},"isPartOf":{"@id":"https:\/\/newsinfoco.com.br\/inicio\/prefeitura-de-alagoinhas-decreta-situacao-de-emergencia-devido-as-fortes-chuvas\/#webpage"},"articleSection":"Alagoinhas e Regi\u00e3o, Manchete"},{"@type":"BreadcrumbList","@id":"https:\/\/newsinfoco.com.br\/inicio\/prefeitura-de-alagoinhas-decreta-situacao-de-emergencia-devido-as-fortes-chuvas\/#breadcrumblist","itemListElement":[{"@type":"ListItem","@id":"https:\/\/newsinfoco.com.br\/inicio#listItem","position":1,"name":"In\u00edcio","item":"https:\/\/newsinfoco.com.br\/inicio","nextItem":{"@type":"ListItem","@id":"https:\/\/newsinfoco.com.br\/inicio\/category\/alagoinhas-e-regiao\/#listItem","name":"Alagoinhas e Regi\u00e3o"}},{"@type":"ListItem","@id":"https:\/\/newsinfoco.com.br\/inicio\/category\/alagoinhas-e-regiao\/#listItem","position":2,"name":"Alagoinhas e Regi\u00e3o","item":"https:\/\/newsinfoco.com.br\/inicio\/category\/alagoinhas-e-regiao\/","nextItem":{"@type":"ListItem","@id":"https:\/\/newsinfoco.com.br\/inicio\/prefeitura-de-alagoinhas-decreta-situacao-de-emergencia-devido-as-fortes-chuvas\/#listItem","name":"Prefeitura de Alagoinhas decreta Situa\u00e7\u00e3o de Emerg\u00eancia devido \u00e0s fortes chuvas"},"previousItem":{"@type":"ListItem","@id":"https:\/\/newsinfoco.com.br\/inicio#listItem","name":"In\u00edcio"}},{"@type":"ListItem","@id":"https:\/\/newsinfoco.com.br\/inicio\/prefeitura-de-alagoinhas-decreta-situacao-de-emergencia-devido-as-fortes-chuvas\/#listItem","position":3,"name":"Prefeitura de Alagoinhas decreta Situa\u00e7\u00e3o de Emerg\u00eancia devido \u00e0s fortes chuvas","previousItem":{"@type":"ListItem","@id":"https:\/\/newsinfoco.com.br\/inicio\/category\/alagoinhas-e-regiao\/#listItem","name":"Alagoinhas e Regi\u00e3o"}}]},{"@type":"Organization","@id":"https:\/\/newsinfoco.com.br\/inicio\/#organization","name":"News In Foco - Editado por Caio Pimenta","description":"O principal site de noticias de Alagoinhas e regi\u00e3o","url":"https:\/\/newsinfoco.com.br\/inicio\/"},{"@type":"Person","@id":"https:\/\/newsinfoco.com.br\/inicio\/author\/administrador\/#author","url":"https:\/\/newsinfoco.com.br\/inicio\/author\/administrador\/","name":"administrador","image":{"@type":"ImageObject","@id":"https:\/\/newsinfoco.com.br\/inicio\/prefeitura-de-alagoinhas-decreta-situacao-de-emergencia-devido-as-fortes-chuvas\/#authorImage","url":"https:\/\/secure.gravatar.com\/avatar\/c17a617433de8c1dc9584bb79aab7563b46f5bb7e1728c9b17d9cc3ce6a08e49?s=96&d=mm&r=g","width":96,"height":96,"caption":"administrador"}},{"@type":"WebPage","@id":"https:\/\/newsinfoco.com.br\/inicio\/prefeitura-de-alagoinhas-decreta-situacao-de-emergencia-devido-as-fortes-chuvas\/#webpage","url":"https:\/\/newsinfoco.com.br\/inicio\/prefeitura-de-alagoinhas-decreta-situacao-de-emergencia-devido-as-fortes-chuvas\/","name":"Prefeitura de Alagoinhas decreta Situa\u00e7\u00e3o de Emerg\u00eancia devido \u00e0s fortes chuvas - News In Foco - Editado por Caio Pimenta","description":"Em raz\u00e3o das fortes chuvas que atingiram o munic\u00edpio de Alagoinhas nos \u00faltimos dias, com \u00edndice pluviom\u00e9trico superior a 50 mm\/h, a Prefeitura determinou, por meio do Decreto 5.876\/2022, Situa\u00e7\u00e3o de Emerg\u00eancia, com o objetivo de agilizar e ampliar as a\u00e7\u00f5es municipais, considerando os alagamentos ocorridos em v\u00e1rias regi\u00f5es e risco de desabamento de im\u00f3veis","inLanguage":"pt-BR","isPartOf":{"@id":"https:\/\/newsinfoco.com.br\/inicio\/#website"},"breadcrumb":{"@id":"https:\/\/newsinfoco.com.br\/inicio\/prefeitura-de-alagoinhas-decreta-situacao-de-emergencia-devido-as-fortes-chuvas\/#breadcrumblist"},"author":{"@id":"https:\/\/newsinfoco.com.br\/inicio\/author\/administrador\/#author"},"creator":{"@id":"https:\/\/newsinfoco.com.br\/inicio\/author\/administrador\/#author"},"image":{"@type":"ImageObject","url":"https:\/\/newsinfoco.com.br\/inicio\/wp-content\/uploads\/2018\/10\/Prefeitura-de-Alagoinhas-Divulga\u00e7\u00e3o-web-1132x670-1.jpg","@id":"https:\/\/newsinfoco.com.br\/inicio\/prefeitura-de-alagoinhas-decreta-situacao-de-emergencia-devido-as-fortes-chuvas\/#mainImage","width":519,"height":346},"primaryImageOfPage":{"@id":"https:\/\/newsinfoco.com.br\/inicio\/prefeitura-de-alagoinhas-decreta-situacao-de-emergencia-devido-as-fortes-chuvas\/#mainImage"},"datePublished":"2022-11-29T20:00:28-03:00","dateModified":"2022-11-29T20:00:55-03:00"},{"@type":"WebSite","@id":"https:\/\/newsinfoco.com.br\/inicio\/#website","url":"https:\/\/newsinfoco.com.br\/inicio\/","name":"News In Foco - Editado por Caio Pimenta","description":"O principal site de noticias de Alagoinhas e regi\u00e3o","inLanguage":"pt-BR","publisher":{"@id":"https:\/\/newsinfoco.com.br\/inicio\/#organization"}}]},"og:locale":"pt_BR","og:site_name":"News In Foco - Editado por Caio Pimenta - O principal site de noticias de Alagoinhas e regi\u00e3o","og:type":"article","og:title":"Prefeitura de Alagoinhas decreta Situa\u00e7\u00e3o de Emerg\u00eancia devido \u00e0s fortes chuvas - News In Foco - Editado por Caio Pimenta","og:description":"Em raz\u00e3o das fortes chuvas que atingiram o munic\u00edpio de Alagoinhas nos \u00faltimos dias, com \u00edndice pluviom\u00e9trico superior a 50 mm\/h, a Prefeitura determinou, por meio do Decreto 5.876\/2022, Situa\u00e7\u00e3o de Emerg\u00eancia, com o objetivo de agilizar e ampliar as a\u00e7\u00f5es municipais, considerando os alagamentos ocorridos em v\u00e1rias regi\u00f5es e risco de desabamento de im\u00f3veis","og:url":"https:\/\/newsinfoco.com.br\/inicio\/prefeitura-de-alagoinhas-decreta-situacao-de-emergencia-devido-as-fortes-chuvas\/","article:published_time":"2022-11-29T23:00:28+00:00","article:modified_time":"2022-11-29T23:00:55+00:00","twitter:card":"summary_large_image","twitter:title":"Prefeitura de Alagoinhas decreta Situa\u00e7\u00e3o de Emerg\u00eancia devido \u00e0s fortes chuvas - News In Foco - Editado por Caio Pimenta","twitter:description":"Em raz\u00e3o das fortes chuvas que atingiram o munic\u00edpio de Alagoinhas nos \u00faltimos dias, com \u00edndice pluviom\u00e9trico superior a 50 mm\/h, a Prefeitura determinou, por meio do Decreto 5.876\/2022, Situa\u00e7\u00e3o de Emerg\u00eancia, com o objetivo de agilizar e ampliar as a\u00e7\u00f5es municipais, considerando os alagamentos ocorridos em v\u00e1rias regi\u00f5es e risco de desabamento de im\u00f3veis"},"aioseo_meta_data":{"post_id":"32044","title":null,"description":null,"keywords":null,"keyphrases":null,"primary_term":null,"canonical_url":null,"og_title":null,"og_description":null,"og_object_type":"default","og_image_type":"default","og_image_url":null,"og_image_width":null,"og_image_height":null,"og_image_custom_url":null,"og_image_custom_fields":null,"og_video":null,"og_custom_url":null,"og_article_section":null,"og_article_tags":null,"twitter_use_og":false,"twitter_card":"default","twitter_image_type":"default","twitter_image_url":null,"twitter_image_custom_url":null,"twitter_image_custom_fields":null,"twitter_title":null,"twitter_description":null,"schema":{"blockGraphs":[],"customGraphs":[],"default":{"data":{"Article":[],"Course":[],"Dataset":[],"FAQPage":[],"Movie":[],"Person":[],"Product":[],"ProductReview":[],"Car":[],"Recipe":[],"Service":[],"SoftwareApplication":[],"WebPage":[]},"graphName":"","isEnabled":true},"graphs":[]},"schema_type":"default","schema_type_options":null,"pillar_content":false,"robots_default":true,"robots_noindex":false,"robots_noarchive":false,"robots_nosnippet":false,"robots_nofollow":false,"robots_noimageindex":false,"robots_noodp":false,"robots_notranslate":false,"robots_max_snippet":null,"robots_max_videopreview":null,"robots_max_imagepreview":"large","priority":null,"frequency":null,"local_seo":null,"breadcrumb_settings":null,"limit_modified_date":false,"ai":null,"created":"2023-06-12 22:25:44","updated":"2025-07-11 08:41:01","seo_analyzer_scan_date":null},"aioseo_breadcrumb":"<div class=\"aioseo-breadcrumbs\"><span class=\"aioseo-breadcrumb\">\n\t\t\t<a href=\"https:\/\/newsinfoco.com.br\/inicio\" title=\"In\u00edcio\">In\u00edcio<\/a>\n\t\t<\/span><span class=\"aioseo-breadcrumb-separator\">&raquo;<\/span><span class=\"aioseo-breadcrumb\">\n\t\t\t<a href=\"https:\/\/newsinfoco.com.br\/inicio\/category\/alagoinhas-e-regiao\/\" title=\"Alagoinhas e Regi\u00e3o\">Alagoinhas e Regi\u00e3o<\/a>\n\t\t<\/span><span class=\"aioseo-breadcrumb-separator\">&raquo;<\/span><span class=\"aioseo-breadcrumb\">\n\t\t\tPrefeitura de Alagoinhas decreta Situa\u00e7\u00e3o de Emerg\u00eancia devido \u00e0s fortes chuvas\n\t\t<\/span><\/div>","aioseo_breadcrumb_json":[{"label":"In\u00edcio","link":"https:\/\/newsinfoco.com.br\/inicio"},{"label":"Alagoinhas e Regi\u00e3o","link":"https:\/\/newsinfoco.com.br\/inicio\/category\/alagoinhas-e-regiao\/"},{"label":"Prefeitura de Alagoinhas decreta Situa\u00e7\u00e3o de Emerg\u00eancia devido \u00e0s fortes chuvas","link":"https:\/\/newsinfoco.com.br\/inicio\/prefeitura-de-alagoinhas-decreta-situacao-de-emergencia-devido-as-fortes-chuvas\/"}],"_links":{"self":[{"href":"https:\/\/newsinfoco.com.br\/inicio\/wp-json\/wp\/v2\/posts\/32044","targetHints":{"allow":["GET"]}}],"collection":[{"href":"https:\/\/newsinfoco.com.br\/inicio\/wp-json\/wp\/v2\/posts"}],"about":[{"href":"https:\/\/newsinfoco.com.br\/inicio\/wp-json\/wp\/v2\/types\/post"}],"author":[{"embeddable":true,"href":"https:\/\/newsinfoco.com.br\/inicio\/wp-json\/wp\/v2\/users\/1"}],"replies":[{"embeddable":true,"href":"https:\/\/newsinfoco.com.br\/inicio\/wp-json\/wp\/v2\/comments?post=32044"}],"version-history":[{"count":1,"href":"https:\/\/newsinfoco.com.br\/inicio\/wp-json\/wp\/v2\/posts\/32044\/revisions"}],"predecessor-version":[{"id":32045,"href":"https:\/\/newsinfoco.com.br\/inicio\/wp-json\/wp\/v2\/posts\/32044\/revisions\/32045"}],"wp:featuredmedia":[{"embeddable":true,"href":"https:\/\/newsinfoco.com.br\/inicio\/wp-json\/wp\/v2\/media\/10659"}],"wp:attachment":[{"href":"https:\/\/newsinfoco.com.br\/inicio\/wp-json\/wp\/v2\/media?parent=32044"}],"wp:term":[{"taxonomy":"category","embeddable":true,"href":"https:\/\/newsinfoco.com.br\/inicio\/wp-json\/wp\/v2\/categories?post=32044"},{"taxonomy":"post_tag","embeddable":true,"href":"https:\/\/newsinfoco.com.br\/inicio\/wp-json\/wp\/v2\/tags?post=32044"}],"curies":[{"name":"wp","href":"https:\/\/api.w.org\/{rel}","templated":true}]}}