{"id":32046,"date":"2022-11-29T20:09:37","date_gmt":"2022-11-29T23:09:37","guid":{"rendered":"https:\/\/newsinfoco.com.br\/inicio\/?p=32046"},"modified":"2022-11-29T20:09:37","modified_gmt":"2022-11-29T23:09:37","slug":"boletim-covid-19-confira-a-atualizacao-desta-terca-feira-29","status":"publish","type":"post","link":"https:\/\/newsinfoco.com.br\/inicio\/boletim-covid-19-confira-a-atualizacao-desta-terca-feira-29\/","title":{"rendered":"Boletim Covid-19: confira a atualiza\u00e7\u00e3o desta ter\u00e7a-feira (29)"},"content":{"rendered":"<p class=\"p1\"><span class=\"s1\">O boletim epidemiol\u00f3gico divulgado pela Secretaria da Sa\u00fade de Alagoinhas (SESAU), desta ter\u00e7a-feira (29), mostra 100 novos casos foram registrados no munic\u00edpio, sendo eles 65 mulheres de 07 a 87 anos e 35 homens de 04 e 80 anos. 22.424 pessoas tiveram a recupera\u00e7\u00e3o constatada, ap\u00f3s infec\u00e7\u00e3o pelo coronav\u00edrus.<\/span><\/p>\n<p class=\"p1\"><span class=\"s1\">De acordo com a SESAU, 284 pessoas est\u00e3o em monitoramento, tanto pela equipe da Vigil\u00e2ncia Epidemiol\u00f3gica, para controle dos dados de sa\u00fade coletiva, como tamb\u00e9m pela assist\u00eancia da equipe de Aten\u00e7\u00e3o Prim\u00e1ria. As pessoas que realizam exames na rede de sa\u00fade privada tamb\u00e9m s\u00e3o monitoradas pela Vigil\u00e2ncia Epidemiol\u00f3gica e recebem liga\u00e7\u00e3o do setor.<\/span><\/p>\n<p class=\"p1\"><span class=\"s1\">O munic\u00edpio possui 200 casos ativos da doen\u00e7a, 84 moradores aguardam resultados de exames e nenhuma pessoa est\u00e1 hospitalizada. Desde o in\u00edcio da pandemia, 33.492 moradores testaram negativo para COVID-19 e 351 \u00f3bitos foram registrados pela Secretaria Municipal de Sa\u00fade.<\/span><\/p>\n<p class=\"p1\"><span class=\"s1\">Fonte: Secretaria Municipal de Sa\u00fade \u2013 Vigil\u00e2ncia Epidemiol\u00f3gica<\/span><\/p>\n<p class=\"p1\"><span class=\"s1\">Atualiza\u00e7\u00e3o: 29-11-2022<\/span><\/p>\n<p class=\"p1\"><span class=\"s1\">Confira os dados atualizados desta ter\u00e7a-feira (29):<\/span><\/p>\n<p><img decoding=\"async\" src=\"https:\/\/www.alagoinhas.ba.gov.br\/wp-content\/uploads\/2022\/11\/WhatsApp-Image-2022-11-29-at-11.34.29-818x1024.jpeg\" \/><\/p>\n<p><img decoding=\"async\" src=\"https:\/\/www.alagoinhas.ba.gov.br\/wp-content\/uploads\/2022\/11\/WhatsApp-Image-2022-11-29-at-11.34.29-1-576x1024.jpeg\" \/><\/p>\n<div class='share-to-whatsapp-wrapper'><div class='share-on-whsp'>Share on: <\/div><a data-text='Boletim Covid-19: confira a atualiza\u00e7\u00e3o desta ter\u00e7a-feira (29)' data-link='https:\/\/newsinfoco.com.br\/inicio\/boletim-covid-19-confira-a-atualizacao-desta-terca-feira-29\/' class='whatsapp-button whatsapp-share'>WhatsApp<\/a><div class='clear '><\/div><\/div>","protected":false},"excerpt":{"rendered":"<p>O boletim epidemiol\u00f3gico divulgado pela Secretaria da Sa\u00fade de Alagoinhas (SESAU), desta ter\u00e7a-feira (29), mostra 100 novos casos foram registrados no munic\u00edpio, sendo eles 65 mulheres de 07 a 87 anos e 35 homens de 04 e 80 anos. 22.424 pessoas tiveram a recupera\u00e7\u00e3o constatada, ap\u00f3s infec\u00e7\u00e3o pelo coronav\u00edrus. De acordo com a SESAU, 284 [&hellip;]<\/p>\n","protected":false},"author":1,"featured_media":32047,"comment_status":"closed","ping_status":"closed","sticky":false,"template":"","format":"standard","meta":{"om_disable_all_campaigns":false,"rop_custom_images_group":[],"rop_custom_messages_group":[],"rop_publish_now":"initial","rop_publish_now_accounts":[],"rop_publish_now_history":[],"rop_publish_now_status":"pending","_exactmetrics_skip_tracking":false,"footnotes":""},"categories":[38,167],"tags":[],"class_list":["post-32046","post","type-post","status-publish","format-standard","has-post-thumbnail","hentry","category-alagoinhas-e-regiao","category-exclusivas"],"aioseo_notices":[],"aioseo_head":"\n\t\t<!-- All in One SEO 4.9.10 - aioseo.com -->\n\t<meta name=\"description\" content=\"O boletim epidemiol\u00f3gico divulgado pela Secretaria da Sa\u00fade de Alagoinhas (SESAU), desta ter\u00e7a-feira (29), mostra 100 novos casos foram registrados no munic\u00edpio, sendo eles 65 mulheres de 07 a 87 anos e 35 homens de 04 e 80 anos. 22.424 pessoas tiveram a recupera\u00e7\u00e3o constatada, ap\u00f3s infec\u00e7\u00e3o pelo coronav\u00edrus. De acordo com a SESAU, 284\" \/>\n\t<meta name=\"robots\" content=\"max-image-preview:large\" \/>\n\t<meta name=\"author\" content=\"administrador\"\/>\n\t<link rel=\"canonical\" href=\"https:\/\/newsinfoco.com.br\/inicio\/boletim-covid-19-confira-a-atualizacao-desta-terca-feira-29\/\" \/>\n\t<meta name=\"generator\" content=\"All in One SEO (AIOSEO) 4.9.10\" \/>\n\t\t<meta property=\"og:locale\" content=\"pt_BR\" \/>\n\t\t<meta property=\"og:site_name\" content=\"News In Foco - Editado por Caio Pimenta - O principal site de noticias de Alagoinhas e regi\u00e3o\" \/>\n\t\t<meta property=\"og:type\" content=\"article\" \/>\n\t\t<meta property=\"og:title\" content=\"Boletim Covid-19: confira a atualiza\u00e7\u00e3o desta ter\u00e7a-feira (29) - News In Foco - Editado por Caio Pimenta\" \/>\n\t\t<meta property=\"og:description\" content=\"O boletim epidemiol\u00f3gico divulgado pela Secretaria da Sa\u00fade de Alagoinhas (SESAU), desta ter\u00e7a-feira (29), mostra 100 novos casos foram registrados no munic\u00edpio, sendo eles 65 mulheres de 07 a 87 anos e 35 homens de 04 e 80 anos. 22.424 pessoas tiveram a recupera\u00e7\u00e3o constatada, ap\u00f3s infec\u00e7\u00e3o pelo coronav\u00edrus. De acordo com a SESAU, 284\" \/>\n\t\t<meta property=\"og:url\" content=\"https:\/\/newsinfoco.com.br\/inicio\/boletim-covid-19-confira-a-atualizacao-desta-terca-feira-29\/\" \/>\n\t\t<meta property=\"article:published_time\" content=\"2022-11-29T23:09:37+00:00\" \/>\n\t\t<meta property=\"article:modified_time\" content=\"2022-11-29T23:09:37+00:00\" \/>\n\t\t<meta name=\"twitter:card\" content=\"summary_large_image\" \/>\n\t\t<meta name=\"twitter:title\" content=\"Boletim Covid-19: confira a atualiza\u00e7\u00e3o desta ter\u00e7a-feira (29) - News In Foco - Editado por Caio Pimenta\" \/>\n\t\t<meta name=\"twitter:description\" content=\"O boletim epidemiol\u00f3gico divulgado pela Secretaria da Sa\u00fade de Alagoinhas (SESAU), desta ter\u00e7a-feira (29), mostra 100 novos casos foram registrados no munic\u00edpio, sendo eles 65 mulheres de 07 a 87 anos e 35 homens de 04 e 80 anos. 22.424 pessoas tiveram a recupera\u00e7\u00e3o constatada, ap\u00f3s infec\u00e7\u00e3o pelo coronav\u00edrus. De acordo com a SESAU, 284\" \/>\n\t\t<script type=\"application\/ld+json\" class=\"aioseo-schema\">\n\t\t\t{\"@context\":\"https:\\\/\\\/schema.org\",\"@graph\":[{\"@type\":\"BlogPosting\",\"@id\":\"https:\\\/\\\/newsinfoco.com.br\\\/inicio\\\/boletim-covid-19-confira-a-atualizacao-desta-terca-feira-29\\\/#blogposting\",\"name\":\"Boletim Covid-19: confira a atualiza\\u00e7\\u00e3o desta ter\\u00e7a-feira (29) - News In Foco - Editado por Caio Pimenta\",\"headline\":\"Boletim Covid-19: confira a atualiza\\u00e7\\u00e3o desta ter\\u00e7a-feira (29)\",\"author\":{\"@id\":\"https:\\\/\\\/newsinfoco.com.br\\\/inicio\\\/author\\\/administrador\\\/#author\"},\"publisher\":{\"@id\":\"https:\\\/\\\/newsinfoco.com.br\\\/inicio\\\/#organization\"},\"image\":{\"@type\":\"ImageObject\",\"url\":\"https:\\\/\\\/newsinfoco.com.br\\\/inicio\\\/wp-content\\\/uploads\\\/2022\\\/11\\\/WhatsApp-Image-2022-11-29-at-11.34.29-550x368-1.jpeg\",\"width\":550,\"height\":368},\"datePublished\":\"2022-11-29T20:09:37-03:00\",\"dateModified\":\"2022-11-29T20:09:37-03:00\",\"inLanguage\":\"pt-BR\",\"mainEntityOfPage\":{\"@id\":\"https:\\\/\\\/newsinfoco.com.br\\\/inicio\\\/boletim-covid-19-confira-a-atualizacao-desta-terca-feira-29\\\/#webpage\"},\"isPartOf\":{\"@id\":\"https:\\\/\\\/newsinfoco.com.br\\\/inicio\\\/boletim-covid-19-confira-a-atualizacao-desta-terca-feira-29\\\/#webpage\"},\"articleSection\":\"Alagoinhas e Regi\\u00e3o, Manchete\"},{\"@type\":\"BreadcrumbList\",\"@id\":\"https:\\\/\\\/newsinfoco.com.br\\\/inicio\\\/boletim-covid-19-confira-a-atualizacao-desta-terca-feira-29\\\/#breadcrumblist\",\"itemListElement\":[{\"@type\":\"ListItem\",\"@id\":\"https:\\\/\\\/newsinfoco.com.br\\\/inicio#listItem\",\"position\":1,\"name\":\"In\\u00edcio\",\"item\":\"https:\\\/\\\/newsinfoco.com.br\\\/inicio\",\"nextItem\":{\"@type\":\"ListItem\",\"@id\":\"https:\\\/\\\/newsinfoco.com.br\\\/inicio\\\/category\\\/alagoinhas-e-regiao\\\/#listItem\",\"name\":\"Alagoinhas e Regi\\u00e3o\"}},{\"@type\":\"ListItem\",\"@id\":\"https:\\\/\\\/newsinfoco.com.br\\\/inicio\\\/category\\\/alagoinhas-e-regiao\\\/#listItem\",\"position\":2,\"name\":\"Alagoinhas e Regi\\u00e3o\",\"item\":\"https:\\\/\\\/newsinfoco.com.br\\\/inicio\\\/category\\\/alagoinhas-e-regiao\\\/\",\"nextItem\":{\"@type\":\"ListItem\",\"@id\":\"https:\\\/\\\/newsinfoco.com.br\\\/inicio\\\/boletim-covid-19-confira-a-atualizacao-desta-terca-feira-29\\\/#listItem\",\"name\":\"Boletim Covid-19: confira a atualiza\\u00e7\\u00e3o desta ter\\u00e7a-feira (29)\"},\"previousItem\":{\"@type\":\"ListItem\",\"@id\":\"https:\\\/\\\/newsinfoco.com.br\\\/inicio#listItem\",\"name\":\"In\\u00edcio\"}},{\"@type\":\"ListItem\",\"@id\":\"https:\\\/\\\/newsinfoco.com.br\\\/inicio\\\/boletim-covid-19-confira-a-atualizacao-desta-terca-feira-29\\\/#listItem\",\"position\":3,\"name\":\"Boletim Covid-19: confira a atualiza\\u00e7\\u00e3o desta ter\\u00e7a-feira (29)\",\"previousItem\":{\"@type\":\"ListItem\",\"@id\":\"https:\\\/\\\/newsinfoco.com.br\\\/inicio\\\/category\\\/alagoinhas-e-regiao\\\/#listItem\",\"name\":\"Alagoinhas e Regi\\u00e3o\"}}]},{\"@type\":\"Organization\",\"@id\":\"https:\\\/\\\/newsinfoco.com.br\\\/inicio\\\/#organization\",\"name\":\"News In Foco - Editado por Caio Pimenta\",\"description\":\"O principal site de noticias de Alagoinhas e regi\\u00e3o\",\"url\":\"https:\\\/\\\/newsinfoco.com.br\\\/inicio\\\/\"},{\"@type\":\"Person\",\"@id\":\"https:\\\/\\\/newsinfoco.com.br\\\/inicio\\\/author\\\/administrador\\\/#author\",\"url\":\"https:\\\/\\\/newsinfoco.com.br\\\/inicio\\\/author\\\/administrador\\\/\",\"name\":\"administrador\",\"image\":{\"@type\":\"ImageObject\",\"@id\":\"https:\\\/\\\/newsinfoco.com.br\\\/inicio\\\/boletim-covid-19-confira-a-atualizacao-desta-terca-feira-29\\\/#authorImage\",\"url\":\"https:\\\/\\\/secure.gravatar.com\\\/avatar\\\/c17a617433de8c1dc9584bb79aab7563b46f5bb7e1728c9b17d9cc3ce6a08e49?s=96&d=mm&r=g\",\"width\":96,\"height\":96,\"caption\":\"administrador\"}},{\"@type\":\"WebPage\",\"@id\":\"https:\\\/\\\/newsinfoco.com.br\\\/inicio\\\/boletim-covid-19-confira-a-atualizacao-desta-terca-feira-29\\\/#webpage\",\"url\":\"https:\\\/\\\/newsinfoco.com.br\\\/inicio\\\/boletim-covid-19-confira-a-atualizacao-desta-terca-feira-29\\\/\",\"name\":\"Boletim Covid-19: confira a atualiza\\u00e7\\u00e3o desta ter\\u00e7a-feira (29) - News In Foco - Editado por Caio Pimenta\",\"description\":\"O boletim epidemiol\\u00f3gico divulgado pela Secretaria da Sa\\u00fade de Alagoinhas (SESAU), desta ter\\u00e7a-feira (29), mostra 100 novos casos foram registrados no munic\\u00edpio, sendo eles 65 mulheres de 07 a 87 anos e 35 homens de 04 e 80 anos. 22.424 pessoas tiveram a recupera\\u00e7\\u00e3o constatada, ap\\u00f3s infec\\u00e7\\u00e3o pelo coronav\\u00edrus. De acordo com a SESAU, 284\",\"inLanguage\":\"pt-BR\",\"isPartOf\":{\"@id\":\"https:\\\/\\\/newsinfoco.com.br\\\/inicio\\\/#website\"},\"breadcrumb\":{\"@id\":\"https:\\\/\\\/newsinfoco.com.br\\\/inicio\\\/boletim-covid-19-confira-a-atualizacao-desta-terca-feira-29\\\/#breadcrumblist\"},\"author\":{\"@id\":\"https:\\\/\\\/newsinfoco.com.br\\\/inicio\\\/author\\\/administrador\\\/#author\"},\"creator\":{\"@id\":\"https:\\\/\\\/newsinfoco.com.br\\\/inicio\\\/author\\\/administrador\\\/#author\"},\"image\":{\"@type\":\"ImageObject\",\"url\":\"https:\\\/\\\/newsinfoco.com.br\\\/inicio\\\/wp-content\\\/uploads\\\/2022\\\/11\\\/WhatsApp-Image-2022-11-29-at-11.34.29-550x368-1.jpeg\",\"@id\":\"https:\\\/\\\/newsinfoco.com.br\\\/inicio\\\/boletim-covid-19-confira-a-atualizacao-desta-terca-feira-29\\\/#mainImage\",\"width\":550,\"height\":368},\"primaryImageOfPage\":{\"@id\":\"https:\\\/\\\/newsinfoco.com.br\\\/inicio\\\/boletim-covid-19-confira-a-atualizacao-desta-terca-feira-29\\\/#mainImage\"},\"datePublished\":\"2022-11-29T20:09:37-03:00\",\"dateModified\":\"2022-11-29T20:09:37-03:00\"},{\"@type\":\"WebSite\",\"@id\":\"https:\\\/\\\/newsinfoco.com.br\\\/inicio\\\/#website\",\"url\":\"https:\\\/\\\/newsinfoco.com.br\\\/inicio\\\/\",\"name\":\"News In Foco - Editado por Caio Pimenta\",\"description\":\"O principal site de noticias de Alagoinhas e regi\\u00e3o\",\"inLanguage\":\"pt-BR\",\"publisher\":{\"@id\":\"https:\\\/\\\/newsinfoco.com.br\\\/inicio\\\/#organization\"}}]}\n\t\t<\/script>\n\t\t<!-- All in One SEO -->\n\n","aioseo_head_json":{"title":"Boletim Covid-19: confira a atualiza\u00e7\u00e3o desta ter\u00e7a-feira (29) - News In Foco - Editado por Caio Pimenta","description":"O boletim epidemiol\u00f3gico divulgado pela Secretaria da Sa\u00fade de Alagoinhas (SESAU), desta ter\u00e7a-feira (29), mostra 100 novos casos foram registrados no munic\u00edpio, sendo eles 65 mulheres de 07 a 87 anos e 35 homens de 04 e 80 anos. 22.424 pessoas tiveram a recupera\u00e7\u00e3o constatada, ap\u00f3s infec\u00e7\u00e3o pelo coronav\u00edrus. De acordo com a SESAU, 284","canonical_url":"https:\/\/newsinfoco.com.br\/inicio\/boletim-covid-19-confira-a-atualizacao-desta-terca-feira-29\/","robots":"max-image-preview:large","keywords":"","webmasterTools":{"miscellaneous":""},"schema":{"@context":"https:\/\/schema.org","@graph":[{"@type":"BlogPosting","@id":"https:\/\/newsinfoco.com.br\/inicio\/boletim-covid-19-confira-a-atualizacao-desta-terca-feira-29\/#blogposting","name":"Boletim Covid-19: confira a atualiza\u00e7\u00e3o desta ter\u00e7a-feira (29) - News In Foco - Editado por Caio Pimenta","headline":"Boletim Covid-19: confira a atualiza\u00e7\u00e3o desta ter\u00e7a-feira (29)","author":{"@id":"https:\/\/newsinfoco.com.br\/inicio\/author\/administrador\/#author"},"publisher":{"@id":"https:\/\/newsinfoco.com.br\/inicio\/#organization"},"image":{"@type":"ImageObject","url":"https:\/\/newsinfoco.com.br\/inicio\/wp-content\/uploads\/2022\/11\/WhatsApp-Image-2022-11-29-at-11.34.29-550x368-1.jpeg","width":550,"height":368},"datePublished":"2022-11-29T20:09:37-03:00","dateModified":"2022-11-29T20:09:37-03:00","inLanguage":"pt-BR","mainEntityOfPage":{"@id":"https:\/\/newsinfoco.com.br\/inicio\/boletim-covid-19-confira-a-atualizacao-desta-terca-feira-29\/#webpage"},"isPartOf":{"@id":"https:\/\/newsinfoco.com.br\/inicio\/boletim-covid-19-confira-a-atualizacao-desta-terca-feira-29\/#webpage"},"articleSection":"Alagoinhas e Regi\u00e3o, Manchete"},{"@type":"BreadcrumbList","@id":"https:\/\/newsinfoco.com.br\/inicio\/boletim-covid-19-confira-a-atualizacao-desta-terca-feira-29\/#breadcrumblist","itemListElement":[{"@type":"ListItem","@id":"https:\/\/newsinfoco.com.br\/inicio#listItem","position":1,"name":"In\u00edcio","item":"https:\/\/newsinfoco.com.br\/inicio","nextItem":{"@type":"ListItem","@id":"https:\/\/newsinfoco.com.br\/inicio\/category\/alagoinhas-e-regiao\/#listItem","name":"Alagoinhas e Regi\u00e3o"}},{"@type":"ListItem","@id":"https:\/\/newsinfoco.com.br\/inicio\/category\/alagoinhas-e-regiao\/#listItem","position":2,"name":"Alagoinhas e Regi\u00e3o","item":"https:\/\/newsinfoco.com.br\/inicio\/category\/alagoinhas-e-regiao\/","nextItem":{"@type":"ListItem","@id":"https:\/\/newsinfoco.com.br\/inicio\/boletim-covid-19-confira-a-atualizacao-desta-terca-feira-29\/#listItem","name":"Boletim Covid-19: confira a atualiza\u00e7\u00e3o desta ter\u00e7a-feira (29)"},"previousItem":{"@type":"ListItem","@id":"https:\/\/newsinfoco.com.br\/inicio#listItem","name":"In\u00edcio"}},{"@type":"ListItem","@id":"https:\/\/newsinfoco.com.br\/inicio\/boletim-covid-19-confira-a-atualizacao-desta-terca-feira-29\/#listItem","position":3,"name":"Boletim Covid-19: confira a atualiza\u00e7\u00e3o desta ter\u00e7a-feira (29)","previousItem":{"@type":"ListItem","@id":"https:\/\/newsinfoco.com.br\/inicio\/category\/alagoinhas-e-regiao\/#listItem","name":"Alagoinhas e Regi\u00e3o"}}]},{"@type":"Organization","@id":"https:\/\/newsinfoco.com.br\/inicio\/#organization","name":"News In Foco - Editado por Caio Pimenta","description":"O principal site de noticias de Alagoinhas e regi\u00e3o","url":"https:\/\/newsinfoco.com.br\/inicio\/"},{"@type":"Person","@id":"https:\/\/newsinfoco.com.br\/inicio\/author\/administrador\/#author","url":"https:\/\/newsinfoco.com.br\/inicio\/author\/administrador\/","name":"administrador","image":{"@type":"ImageObject","@id":"https:\/\/newsinfoco.com.br\/inicio\/boletim-covid-19-confira-a-atualizacao-desta-terca-feira-29\/#authorImage","url":"https:\/\/secure.gravatar.com\/avatar\/c17a617433de8c1dc9584bb79aab7563b46f5bb7e1728c9b17d9cc3ce6a08e49?s=96&d=mm&r=g","width":96,"height":96,"caption":"administrador"}},{"@type":"WebPage","@id":"https:\/\/newsinfoco.com.br\/inicio\/boletim-covid-19-confira-a-atualizacao-desta-terca-feira-29\/#webpage","url":"https:\/\/newsinfoco.com.br\/inicio\/boletim-covid-19-confira-a-atualizacao-desta-terca-feira-29\/","name":"Boletim Covid-19: confira a atualiza\u00e7\u00e3o desta ter\u00e7a-feira (29) - News In Foco - Editado por Caio Pimenta","description":"O boletim epidemiol\u00f3gico divulgado pela Secretaria da Sa\u00fade de Alagoinhas (SESAU), desta ter\u00e7a-feira (29), mostra 100 novos casos foram registrados no munic\u00edpio, sendo eles 65 mulheres de 07 a 87 anos e 35 homens de 04 e 80 anos. 22.424 pessoas tiveram a recupera\u00e7\u00e3o constatada, ap\u00f3s infec\u00e7\u00e3o pelo coronav\u00edrus. De acordo com a SESAU, 284","inLanguage":"pt-BR","isPartOf":{"@id":"https:\/\/newsinfoco.com.br\/inicio\/#website"},"breadcrumb":{"@id":"https:\/\/newsinfoco.com.br\/inicio\/boletim-covid-19-confira-a-atualizacao-desta-terca-feira-29\/#breadcrumblist"},"author":{"@id":"https:\/\/newsinfoco.com.br\/inicio\/author\/administrador\/#author"},"creator":{"@id":"https:\/\/newsinfoco.com.br\/inicio\/author\/administrador\/#author"},"image":{"@type":"ImageObject","url":"https:\/\/newsinfoco.com.br\/inicio\/wp-content\/uploads\/2022\/11\/WhatsApp-Image-2022-11-29-at-11.34.29-550x368-1.jpeg","@id":"https:\/\/newsinfoco.com.br\/inicio\/boletim-covid-19-confira-a-atualizacao-desta-terca-feira-29\/#mainImage","width":550,"height":368},"primaryImageOfPage":{"@id":"https:\/\/newsinfoco.com.br\/inicio\/boletim-covid-19-confira-a-atualizacao-desta-terca-feira-29\/#mainImage"},"datePublished":"2022-11-29T20:09:37-03:00","dateModified":"2022-11-29T20:09:37-03:00"},{"@type":"WebSite","@id":"https:\/\/newsinfoco.com.br\/inicio\/#website","url":"https:\/\/newsinfoco.com.br\/inicio\/","name":"News In Foco - Editado por Caio Pimenta","description":"O principal site de noticias de Alagoinhas e regi\u00e3o","inLanguage":"pt-BR","publisher":{"@id":"https:\/\/newsinfoco.com.br\/inicio\/#organization"}}]},"og:locale":"pt_BR","og:site_name":"News In Foco - Editado por Caio Pimenta - O principal site de noticias de Alagoinhas e regi\u00e3o","og:type":"article","og:title":"Boletim Covid-19: confira a atualiza\u00e7\u00e3o desta ter\u00e7a-feira (29) - News In Foco - Editado por Caio Pimenta","og:description":"O boletim epidemiol\u00f3gico divulgado pela Secretaria da Sa\u00fade de Alagoinhas (SESAU), desta ter\u00e7a-feira (29), mostra 100 novos casos foram registrados no munic\u00edpio, sendo eles 65 mulheres de 07 a 87 anos e 35 homens de 04 e 80 anos. 22.424 pessoas tiveram a recupera\u00e7\u00e3o constatada, ap\u00f3s infec\u00e7\u00e3o pelo coronav\u00edrus. De acordo com a SESAU, 284","og:url":"https:\/\/newsinfoco.com.br\/inicio\/boletim-covid-19-confira-a-atualizacao-desta-terca-feira-29\/","article:published_time":"2022-11-29T23:09:37+00:00","article:modified_time":"2022-11-29T23:09:37+00:00","twitter:card":"summary_large_image","twitter:title":"Boletim Covid-19: confira a atualiza\u00e7\u00e3o desta ter\u00e7a-feira (29) - News In Foco - Editado por Caio Pimenta","twitter:description":"O boletim epidemiol\u00f3gico divulgado pela Secretaria da Sa\u00fade de Alagoinhas (SESAU), desta ter\u00e7a-feira (29), mostra 100 novos casos foram registrados no munic\u00edpio, sendo eles 65 mulheres de 07 a 87 anos e 35 homens de 04 e 80 anos. 22.424 pessoas tiveram a recupera\u00e7\u00e3o constatada, ap\u00f3s infec\u00e7\u00e3o pelo coronav\u00edrus. De acordo com a SESAU, 284"},"aioseo_meta_data":{"post_id":"32046","title":null,"description":null,"keywords":null,"keyphrases":null,"primary_term":null,"canonical_url":null,"og_title":null,"og_description":null,"og_object_type":"default","og_image_type":"default","og_image_url":null,"og_image_width":null,"og_image_height":null,"og_image_custom_url":null,"og_image_custom_fields":null,"og_video":null,"og_custom_url":null,"og_article_section":null,"og_article_tags":null,"twitter_use_og":false,"twitter_card":"default","twitter_image_type":"default","twitter_image_url":null,"twitter_image_custom_url":null,"twitter_image_custom_fields":null,"twitter_title":null,"twitter_description":null,"schema":{"blockGraphs":[],"customGraphs":[],"default":{"data":{"Article":[],"Course":[],"Dataset":[],"FAQPage":[],"Movie":[],"Person":[],"Product":[],"ProductReview":[],"Car":[],"Recipe":[],"Service":[],"SoftwareApplication":[],"WebPage":[]},"graphName":"","isEnabled":true},"graphs":[]},"schema_type":"default","schema_type_options":null,"pillar_content":false,"robots_default":true,"robots_noindex":false,"robots_noarchive":false,"robots_nosnippet":false,"robots_nofollow":false,"robots_noimageindex":false,"robots_noodp":false,"robots_notranslate":false,"robots_max_snippet":null,"robots_max_videopreview":null,"robots_max_imagepreview":"large","priority":null,"frequency":null,"local_seo":null,"breadcrumb_settings":null,"limit_modified_date":false,"ai":null,"created":"2023-06-12 22:25:44","updated":"2025-07-11 08:41:01","seo_analyzer_scan_date":null},"aioseo_breadcrumb":"<div class=\"aioseo-breadcrumbs\"><span class=\"aioseo-breadcrumb\">\n\t\t\t<a href=\"https:\/\/newsinfoco.com.br\/inicio\" title=\"In\u00edcio\">In\u00edcio<\/a>\n\t\t<\/span><span class=\"aioseo-breadcrumb-separator\">&raquo;<\/span><span class=\"aioseo-breadcrumb\">\n\t\t\t<a href=\"https:\/\/newsinfoco.com.br\/inicio\/category\/alagoinhas-e-regiao\/\" title=\"Alagoinhas e Regi\u00e3o\">Alagoinhas e Regi\u00e3o<\/a>\n\t\t<\/span><span class=\"aioseo-breadcrumb-separator\">&raquo;<\/span><span class=\"aioseo-breadcrumb\">\n\t\t\tBoletim Covid-19: confira a atualiza\u00e7\u00e3o desta ter\u00e7a-feira (29)\n\t\t<\/span><\/div>","aioseo_breadcrumb_json":[{"label":"In\u00edcio","link":"https:\/\/newsinfoco.com.br\/inicio"},{"label":"Alagoinhas e Regi\u00e3o","link":"https:\/\/newsinfoco.com.br\/inicio\/category\/alagoinhas-e-regiao\/"},{"label":"Boletim Covid-19: confira a atualiza\u00e7\u00e3o desta ter\u00e7a-feira (29)","link":"https:\/\/newsinfoco.com.br\/inicio\/boletim-covid-19-confira-a-atualizacao-desta-terca-feira-29\/"}],"_links":{"self":[{"href":"https:\/\/newsinfoco.com.br\/inicio\/wp-json\/wp\/v2\/posts\/32046","targetHints":{"allow":["GET"]}}],"collection":[{"href":"https:\/\/newsinfoco.com.br\/inicio\/wp-json\/wp\/v2\/posts"}],"about":[{"href":"https:\/\/newsinfoco.com.br\/inicio\/wp-json\/wp\/v2\/types\/post"}],"author":[{"embeddable":true,"href":"https:\/\/newsinfoco.com.br\/inicio\/wp-json\/wp\/v2\/users\/1"}],"replies":[{"embeddable":true,"href":"https:\/\/newsinfoco.com.br\/inicio\/wp-json\/wp\/v2\/comments?post=32046"}],"version-history":[{"count":1,"href":"https:\/\/newsinfoco.com.br\/inicio\/wp-json\/wp\/v2\/posts\/32046\/revisions"}],"predecessor-version":[{"id":32048,"href":"https:\/\/newsinfoco.com.br\/inicio\/wp-json\/wp\/v2\/posts\/32046\/revisions\/32048"}],"wp:featuredmedia":[{"embeddable":true,"href":"https:\/\/newsinfoco.com.br\/inicio\/wp-json\/wp\/v2\/media\/32047"}],"wp:attachment":[{"href":"https:\/\/newsinfoco.com.br\/inicio\/wp-json\/wp\/v2\/media?parent=32046"}],"wp:term":[{"taxonomy":"category","embeddable":true,"href":"https:\/\/newsinfoco.com.br\/inicio\/wp-json\/wp\/v2\/categories?post=32046"},{"taxonomy":"post_tag","embeddable":true,"href":"https:\/\/newsinfoco.com.br\/inicio\/wp-json\/wp\/v2\/tags?post=32046"}],"curies":[{"name":"wp","href":"https:\/\/api.w.org\/{rel}","templated":true}]}}