{"id":32049,"date":"2022-11-30T10:01:23","date_gmt":"2022-11-30T13:01:23","guid":{"rendered":"https:\/\/newsinfoco.com.br\/inicio\/?p=32049"},"modified":"2022-11-30T10:01:23","modified_gmt":"2022-11-30T13:01:23","slug":"prefeitura-publica-decreto-com-regras-sobre-a-retomada-da-obrigatoriedade-do-uso-de-mascara","status":"publish","type":"post","link":"https:\/\/newsinfoco.com.br\/inicio\/prefeitura-publica-decreto-com-regras-sobre-a-retomada-da-obrigatoriedade-do-uso-de-mascara\/","title":{"rendered":"Prefeitura publica decreto com regras sobre a retomada da obrigatoriedade do uso de m\u00e1scara"},"content":{"rendered":"<p>Considerando o atual cen\u00e1rio epidemiol\u00f3gico, com o r\u00e1pido aumento de novos casos ativos de Covid-19, na cidade, a Prefeitura de Alagoinhas, por meio do decreto n\u00ba 5.877\/2022, voltou a exigir m\u00e1scaras de prote\u00e7\u00e3o em algumas situa\u00e7\u00f5es, e instituiu novas medidas tempor\u00e1rias de enfrentamento \u00e0 pandemia.<\/p>\n<p>De acordo com o decreto, permanecem autorizados, mas com uso obrigat\u00f3rio de m\u00e1scara por todos os participantes, eventos com venda de ingresso e eventos e atividades com a presen\u00e7a de p\u00fablico, tais como: cerim\u00f4nias de casamento, eventos urbanos e rurais em logradouros p\u00fablicos ou privados, eventos exclusivamente cient\u00edficos e profissionais, circos, solenidades de formatura, feiras, passeatas, parques de divers\u00f5es, espa\u00e7os culturais, teatros, cinemas, museus, espa\u00e7os cong\u00eaneres e afins, templos para atos religiosos lit\u00fargicos e os eventos desportivos coletivos profissionais.<\/p>\n<p>Para entrada nos eventos, a vacina\u00e7\u00e3o dever\u00e1 ser comprovada, mediante apresenta\u00e7\u00e3o do documento fornecido no momento da imuniza\u00e7\u00e3o ou do Certificado COVID, obtido atrav\u00e9s do aplicativo \u201cCONECT SUS\u201d do Minist\u00e9rio da Sa\u00fade, que contenha a confirma\u00e7\u00e3o de: 02 (duas) doses da vacina ou dose \u00fanica, para o p\u00fablico geral; 01 (uma) dose da vacina para crian\u00e7as e adolescentes alcan\u00e7ados pela Campanha de Imuniza\u00e7\u00e3o contra a COVID-19, observado o prazo de agendamento para segunda dose; doses de refor\u00e7o subsequentes da vacina para o p\u00fablico alcan\u00e7ado por esta etapa da campanha.<\/p>\n<p><strong>Tamb\u00e9m fica obrigado o uso de m\u00e1scara:<\/strong><\/p>\n<p>-Em hospitais e demais unidades de sa\u00fade, tais como: cl\u00ednicas , Upa e farm\u00e1cias;<\/p>\n<p>-No sistema municipal de transporte p\u00fablico e em todas as modalidades de transporte alternativo como vans, bem como em seus respectivos locais de acesso como esta\u00e7\u00f5es de embarque;<\/p>\n<p>-Em sal\u00f5es de beleza e centros de est\u00e9tica;<\/p>\n<p>-Em bares, restaurantes, lanchonetes e demais estabelecimentos similares;<\/p>\n<p>-Em templos para atos religiosos lit\u00fargicos;<\/p>\n<p>-Em escolas e universidades;<\/p>\n<p>-Em ambientes fechados, tais como teatros, cinemas e espa\u00e7os cong\u00eaneres;<\/p>\n<p>-Para indiv\u00edduos que estejam apresentando sintomas gripais, tais como:tosse, espirro, dor de garganta ou outros sintomas respirat\u00f3rios, ou que tenham tido contato com pessoas sintom\u00e1ticas ou com confirma\u00e7\u00e3o da doen\u00e7a;<\/p>\n<p>\u2013 Para indiv\u00edduos com confirma\u00e7\u00e3o de COVID-19, mesmo que assintom\u00e1ticos;<\/p>\n<p>-Para indiv\u00edduos imunossuprimidos, ainda que em dia em rela\u00e7\u00e3o ao esquema vacinal contra COVID-19.<\/p>\n<p>&nbsp;<\/p>\n<p>Os atendimentos presenciais nas unidades administrativas da Prefeitura Municipal, bem como nas autarquias e demais prestadores de servi\u00e7os p\u00fablicos municipais, ficam condicionados \u00e0 comprova\u00e7\u00e3o da vacina\u00e7\u00e3o e \u00e0 obrigatoriedade do uso de m\u00e1scaras, e os protocolos sanit\u00e1rios estabelecidos, e o acesso a quaisquer pr\u00e9dios p\u00fablicos, nos quais se situem \u00f3rg\u00e3os, entidades e unidades administrativas, fica condicionado \u00e0 comprova\u00e7\u00e3o da vacina\u00e7\u00e3o.<\/p>\n<p>Ainda de acordo com as novas determina\u00e7\u00f5es, est\u00e1 suspensa a visita\u00e7\u00e3o social aos hospitais e demais unidades de sa\u00fade, sendo que o acompanhante de paciente em unidade de sa\u00fade ficar\u00e1 o acesso condicionado \u00e0 comprova\u00e7\u00e3o da vacina\u00e7\u00e3o e a utiliza\u00e7\u00e3o de m\u00e1scara de prote\u00e7\u00e3o, e os indiv\u00edduos que tiveram contato com pessoas com confirma\u00e7\u00e3o de COVID-19, mesmo que assintom\u00e1ticas, permanecer\u00e3o obrigadas ao uso de m\u00e1scara por 14 (quatorze) dias.<\/p>\n<p>O descumprimento das medidas previstas no decreto ser\u00e1 informado aos \u00f3rg\u00e3os especiais vinculados \u00e0 Secretaria de Seguran\u00e7a P\u00fablica, e ter\u00e1 consequ\u00eancia civil e penal.<\/p>\n<div class='share-to-whatsapp-wrapper'><div class='share-on-whsp'>Share on: <\/div><a data-text='Prefeitura publica decreto com regras sobre a retomada da obrigatoriedade do uso de m\u00e1scara' data-link='https:\/\/newsinfoco.com.br\/inicio\/prefeitura-publica-decreto-com-regras-sobre-a-retomada-da-obrigatoriedade-do-uso-de-mascara\/' class='whatsapp-button whatsapp-share'>WhatsApp<\/a><div class='clear '><\/div><\/div>","protected":false},"excerpt":{"rendered":"<p>Considerando o atual cen\u00e1rio epidemiol\u00f3gico, com o r\u00e1pido aumento de novos casos ativos de Covid-19, na cidade, a Prefeitura de Alagoinhas, por meio do decreto n\u00ba 5.877\/2022, voltou a exigir m\u00e1scaras de prote\u00e7\u00e3o em algumas situa\u00e7\u00f5es, e instituiu novas medidas tempor\u00e1rias de enfrentamento \u00e0 pandemia. De acordo com o decreto, permanecem autorizados, mas com uso [&hellip;]<\/p>\n","protected":false},"author":1,"featured_media":10659,"comment_status":"closed","ping_status":"closed","sticky":false,"template":"","format":"standard","meta":{"om_disable_all_campaigns":false,"rop_custom_images_group":[],"rop_custom_messages_group":[],"rop_publish_now":"initial","rop_publish_now_accounts":[],"rop_publish_now_history":[],"rop_publish_now_status":"pending","_exactmetrics_skip_tracking":false,"footnotes":""},"categories":[38,167],"tags":[],"class_list":["post-32049","post","type-post","status-publish","format-standard","has-post-thumbnail","hentry","category-alagoinhas-e-regiao","category-exclusivas"],"aioseo_notices":[],"aioseo_head":"\n\t\t<!-- All in One SEO 4.9.10 - aioseo.com -->\n\t<meta name=\"description\" content=\"Considerando o atual cen\u00e1rio epidemiol\u00f3gico, com o r\u00e1pido aumento de novos casos ativos de Covid-19, na cidade, a Prefeitura de Alagoinhas, por meio do decreto n\u00ba 5.877\/2022, voltou a exigir m\u00e1scaras de prote\u00e7\u00e3o em algumas situa\u00e7\u00f5es, e instituiu novas medidas tempor\u00e1rias de enfrentamento \u00e0 pandemia. De acordo com o decreto, permanecem autorizados, mas com uso\" \/>\n\t<meta name=\"robots\" content=\"max-image-preview:large\" \/>\n\t<meta name=\"author\" content=\"administrador\"\/>\n\t<link rel=\"canonical\" href=\"https:\/\/newsinfoco.com.br\/inicio\/prefeitura-publica-decreto-com-regras-sobre-a-retomada-da-obrigatoriedade-do-uso-de-mascara\/\" \/>\n\t<meta name=\"generator\" content=\"All in One SEO (AIOSEO) 4.9.10\" \/>\n\t\t<meta property=\"og:locale\" content=\"pt_BR\" \/>\n\t\t<meta property=\"og:site_name\" content=\"News In Foco - Editado por Caio Pimenta - O principal site de noticias de Alagoinhas e regi\u00e3o\" \/>\n\t\t<meta property=\"og:type\" content=\"article\" \/>\n\t\t<meta property=\"og:title\" content=\"Prefeitura publica decreto com regras sobre a retomada da obrigatoriedade do uso de m\u00e1scara - News In Foco - Editado por Caio Pimenta\" \/>\n\t\t<meta property=\"og:description\" content=\"Considerando o atual cen\u00e1rio epidemiol\u00f3gico, com o r\u00e1pido aumento de novos casos ativos de Covid-19, na cidade, a Prefeitura de Alagoinhas, por meio do decreto n\u00ba 5.877\/2022, voltou a exigir m\u00e1scaras de prote\u00e7\u00e3o em algumas situa\u00e7\u00f5es, e instituiu novas medidas tempor\u00e1rias de enfrentamento \u00e0 pandemia. De acordo com o decreto, permanecem autorizados, mas com uso\" \/>\n\t\t<meta property=\"og:url\" content=\"https:\/\/newsinfoco.com.br\/inicio\/prefeitura-publica-decreto-com-regras-sobre-a-retomada-da-obrigatoriedade-do-uso-de-mascara\/\" \/>\n\t\t<meta property=\"article:published_time\" content=\"2022-11-30T13:01:23+00:00\" \/>\n\t\t<meta property=\"article:modified_time\" content=\"2022-11-30T13:01:23+00:00\" \/>\n\t\t<meta name=\"twitter:card\" content=\"summary_large_image\" \/>\n\t\t<meta name=\"twitter:title\" content=\"Prefeitura publica decreto com regras sobre a retomada da obrigatoriedade do uso de m\u00e1scara - News In Foco - Editado por Caio Pimenta\" \/>\n\t\t<meta name=\"twitter:description\" content=\"Considerando o atual cen\u00e1rio epidemiol\u00f3gico, com o r\u00e1pido aumento de novos casos ativos de Covid-19, na cidade, a Prefeitura de Alagoinhas, por meio do decreto n\u00ba 5.877\/2022, voltou a exigir m\u00e1scaras de prote\u00e7\u00e3o em algumas situa\u00e7\u00f5es, e instituiu novas medidas tempor\u00e1rias de enfrentamento \u00e0 pandemia. De acordo com o decreto, permanecem autorizados, mas com uso\" \/>\n\t\t<script type=\"application\/ld+json\" class=\"aioseo-schema\">\n\t\t\t{\"@context\":\"https:\\\/\\\/schema.org\",\"@graph\":[{\"@type\":\"BlogPosting\",\"@id\":\"https:\\\/\\\/newsinfoco.com.br\\\/inicio\\\/prefeitura-publica-decreto-com-regras-sobre-a-retomada-da-obrigatoriedade-do-uso-de-mascara\\\/#blogposting\",\"name\":\"Prefeitura publica decreto com regras sobre a retomada da obrigatoriedade do uso de m\\u00e1scara - News In Foco - Editado por Caio Pimenta\",\"headline\":\"Prefeitura publica decreto com regras sobre a retomada da obrigatoriedade do uso de m\\u00e1scara\",\"author\":{\"@id\":\"https:\\\/\\\/newsinfoco.com.br\\\/inicio\\\/author\\\/administrador\\\/#author\"},\"publisher\":{\"@id\":\"https:\\\/\\\/newsinfoco.com.br\\\/inicio\\\/#organization\"},\"image\":{\"@type\":\"ImageObject\",\"url\":\"https:\\\/\\\/newsinfoco.com.br\\\/inicio\\\/wp-content\\\/uploads\\\/2018\\\/10\\\/Prefeitura-de-Alagoinhas-Divulga\\u00e7\\u00e3o-web-1132x670-1.jpg\",\"width\":519,\"height\":346},\"datePublished\":\"2022-11-30T10:01:23-03:00\",\"dateModified\":\"2022-11-30T10:01:23-03:00\",\"inLanguage\":\"pt-BR\",\"mainEntityOfPage\":{\"@id\":\"https:\\\/\\\/newsinfoco.com.br\\\/inicio\\\/prefeitura-publica-decreto-com-regras-sobre-a-retomada-da-obrigatoriedade-do-uso-de-mascara\\\/#webpage\"},\"isPartOf\":{\"@id\":\"https:\\\/\\\/newsinfoco.com.br\\\/inicio\\\/prefeitura-publica-decreto-com-regras-sobre-a-retomada-da-obrigatoriedade-do-uso-de-mascara\\\/#webpage\"},\"articleSection\":\"Alagoinhas e Regi\\u00e3o, Manchete\"},{\"@type\":\"BreadcrumbList\",\"@id\":\"https:\\\/\\\/newsinfoco.com.br\\\/inicio\\\/prefeitura-publica-decreto-com-regras-sobre-a-retomada-da-obrigatoriedade-do-uso-de-mascara\\\/#breadcrumblist\",\"itemListElement\":[{\"@type\":\"ListItem\",\"@id\":\"https:\\\/\\\/newsinfoco.com.br\\\/inicio#listItem\",\"position\":1,\"name\":\"In\\u00edcio\",\"item\":\"https:\\\/\\\/newsinfoco.com.br\\\/inicio\",\"nextItem\":{\"@type\":\"ListItem\",\"@id\":\"https:\\\/\\\/newsinfoco.com.br\\\/inicio\\\/category\\\/alagoinhas-e-regiao\\\/#listItem\",\"name\":\"Alagoinhas e Regi\\u00e3o\"}},{\"@type\":\"ListItem\",\"@id\":\"https:\\\/\\\/newsinfoco.com.br\\\/inicio\\\/category\\\/alagoinhas-e-regiao\\\/#listItem\",\"position\":2,\"name\":\"Alagoinhas e Regi\\u00e3o\",\"item\":\"https:\\\/\\\/newsinfoco.com.br\\\/inicio\\\/category\\\/alagoinhas-e-regiao\\\/\",\"nextItem\":{\"@type\":\"ListItem\",\"@id\":\"https:\\\/\\\/newsinfoco.com.br\\\/inicio\\\/prefeitura-publica-decreto-com-regras-sobre-a-retomada-da-obrigatoriedade-do-uso-de-mascara\\\/#listItem\",\"name\":\"Prefeitura publica decreto com regras sobre a retomada da obrigatoriedade do uso de m\\u00e1scara\"},\"previousItem\":{\"@type\":\"ListItem\",\"@id\":\"https:\\\/\\\/newsinfoco.com.br\\\/inicio#listItem\",\"name\":\"In\\u00edcio\"}},{\"@type\":\"ListItem\",\"@id\":\"https:\\\/\\\/newsinfoco.com.br\\\/inicio\\\/prefeitura-publica-decreto-com-regras-sobre-a-retomada-da-obrigatoriedade-do-uso-de-mascara\\\/#listItem\",\"position\":3,\"name\":\"Prefeitura publica decreto com regras sobre a retomada da obrigatoriedade do uso de m\\u00e1scara\",\"previousItem\":{\"@type\":\"ListItem\",\"@id\":\"https:\\\/\\\/newsinfoco.com.br\\\/inicio\\\/category\\\/alagoinhas-e-regiao\\\/#listItem\",\"name\":\"Alagoinhas e Regi\\u00e3o\"}}]},{\"@type\":\"Organization\",\"@id\":\"https:\\\/\\\/newsinfoco.com.br\\\/inicio\\\/#organization\",\"name\":\"News In Foco - Editado por Caio Pimenta\",\"description\":\"O principal site de noticias de Alagoinhas e regi\\u00e3o\",\"url\":\"https:\\\/\\\/newsinfoco.com.br\\\/inicio\\\/\"},{\"@type\":\"Person\",\"@id\":\"https:\\\/\\\/newsinfoco.com.br\\\/inicio\\\/author\\\/administrador\\\/#author\",\"url\":\"https:\\\/\\\/newsinfoco.com.br\\\/inicio\\\/author\\\/administrador\\\/\",\"name\":\"administrador\",\"image\":{\"@type\":\"ImageObject\",\"@id\":\"https:\\\/\\\/newsinfoco.com.br\\\/inicio\\\/prefeitura-publica-decreto-com-regras-sobre-a-retomada-da-obrigatoriedade-do-uso-de-mascara\\\/#authorImage\",\"url\":\"https:\\\/\\\/secure.gravatar.com\\\/avatar\\\/c17a617433de8c1dc9584bb79aab7563b46f5bb7e1728c9b17d9cc3ce6a08e49?s=96&d=mm&r=g\",\"width\":96,\"height\":96,\"caption\":\"administrador\"}},{\"@type\":\"WebPage\",\"@id\":\"https:\\\/\\\/newsinfoco.com.br\\\/inicio\\\/prefeitura-publica-decreto-com-regras-sobre-a-retomada-da-obrigatoriedade-do-uso-de-mascara\\\/#webpage\",\"url\":\"https:\\\/\\\/newsinfoco.com.br\\\/inicio\\\/prefeitura-publica-decreto-com-regras-sobre-a-retomada-da-obrigatoriedade-do-uso-de-mascara\\\/\",\"name\":\"Prefeitura publica decreto com regras sobre a retomada da obrigatoriedade do uso de m\\u00e1scara - News In Foco - Editado por Caio Pimenta\",\"description\":\"Considerando o atual cen\\u00e1rio epidemiol\\u00f3gico, com o r\\u00e1pido aumento de novos casos ativos de Covid-19, na cidade, a Prefeitura de Alagoinhas, por meio do decreto n\\u00ba 5.877\\\/2022, voltou a exigir m\\u00e1scaras de prote\\u00e7\\u00e3o em algumas situa\\u00e7\\u00f5es, e instituiu novas medidas tempor\\u00e1rias de enfrentamento \\u00e0 pandemia. De acordo com o decreto, permanecem autorizados, mas com uso\",\"inLanguage\":\"pt-BR\",\"isPartOf\":{\"@id\":\"https:\\\/\\\/newsinfoco.com.br\\\/inicio\\\/#website\"},\"breadcrumb\":{\"@id\":\"https:\\\/\\\/newsinfoco.com.br\\\/inicio\\\/prefeitura-publica-decreto-com-regras-sobre-a-retomada-da-obrigatoriedade-do-uso-de-mascara\\\/#breadcrumblist\"},\"author\":{\"@id\":\"https:\\\/\\\/newsinfoco.com.br\\\/inicio\\\/author\\\/administrador\\\/#author\"},\"creator\":{\"@id\":\"https:\\\/\\\/newsinfoco.com.br\\\/inicio\\\/author\\\/administrador\\\/#author\"},\"image\":{\"@type\":\"ImageObject\",\"url\":\"https:\\\/\\\/newsinfoco.com.br\\\/inicio\\\/wp-content\\\/uploads\\\/2018\\\/10\\\/Prefeitura-de-Alagoinhas-Divulga\\u00e7\\u00e3o-web-1132x670-1.jpg\",\"@id\":\"https:\\\/\\\/newsinfoco.com.br\\\/inicio\\\/prefeitura-publica-decreto-com-regras-sobre-a-retomada-da-obrigatoriedade-do-uso-de-mascara\\\/#mainImage\",\"width\":519,\"height\":346},\"primaryImageOfPage\":{\"@id\":\"https:\\\/\\\/newsinfoco.com.br\\\/inicio\\\/prefeitura-publica-decreto-com-regras-sobre-a-retomada-da-obrigatoriedade-do-uso-de-mascara\\\/#mainImage\"},\"datePublished\":\"2022-11-30T10:01:23-03:00\",\"dateModified\":\"2022-11-30T10:01:23-03:00\"},{\"@type\":\"WebSite\",\"@id\":\"https:\\\/\\\/newsinfoco.com.br\\\/inicio\\\/#website\",\"url\":\"https:\\\/\\\/newsinfoco.com.br\\\/inicio\\\/\",\"name\":\"News In Foco - Editado por Caio Pimenta\",\"description\":\"O principal site de noticias de Alagoinhas e regi\\u00e3o\",\"inLanguage\":\"pt-BR\",\"publisher\":{\"@id\":\"https:\\\/\\\/newsinfoco.com.br\\\/inicio\\\/#organization\"}}]}\n\t\t<\/script>\n\t\t<!-- All in One SEO -->\n\n","aioseo_head_json":{"title":"Prefeitura publica decreto com regras sobre a retomada da obrigatoriedade do uso de m\u00e1scara - News In Foco - Editado por Caio Pimenta","description":"Considerando o atual cen\u00e1rio epidemiol\u00f3gico, com o r\u00e1pido aumento de novos casos ativos de Covid-19, na cidade, a Prefeitura de Alagoinhas, por meio do decreto n\u00ba 5.877\/2022, voltou a exigir m\u00e1scaras de prote\u00e7\u00e3o em algumas situa\u00e7\u00f5es, e instituiu novas medidas tempor\u00e1rias de enfrentamento \u00e0 pandemia. De acordo com o decreto, permanecem autorizados, mas com uso","canonical_url":"https:\/\/newsinfoco.com.br\/inicio\/prefeitura-publica-decreto-com-regras-sobre-a-retomada-da-obrigatoriedade-do-uso-de-mascara\/","robots":"max-image-preview:large","keywords":"","webmasterTools":{"miscellaneous":""},"schema":{"@context":"https:\/\/schema.org","@graph":[{"@type":"BlogPosting","@id":"https:\/\/newsinfoco.com.br\/inicio\/prefeitura-publica-decreto-com-regras-sobre-a-retomada-da-obrigatoriedade-do-uso-de-mascara\/#blogposting","name":"Prefeitura publica decreto com regras sobre a retomada da obrigatoriedade do uso de m\u00e1scara - News In Foco - Editado por Caio Pimenta","headline":"Prefeitura publica decreto com regras sobre a retomada da obrigatoriedade do uso de m\u00e1scara","author":{"@id":"https:\/\/newsinfoco.com.br\/inicio\/author\/administrador\/#author"},"publisher":{"@id":"https:\/\/newsinfoco.com.br\/inicio\/#organization"},"image":{"@type":"ImageObject","url":"https:\/\/newsinfoco.com.br\/inicio\/wp-content\/uploads\/2018\/10\/Prefeitura-de-Alagoinhas-Divulga\u00e7\u00e3o-web-1132x670-1.jpg","width":519,"height":346},"datePublished":"2022-11-30T10:01:23-03:00","dateModified":"2022-11-30T10:01:23-03:00","inLanguage":"pt-BR","mainEntityOfPage":{"@id":"https:\/\/newsinfoco.com.br\/inicio\/prefeitura-publica-decreto-com-regras-sobre-a-retomada-da-obrigatoriedade-do-uso-de-mascara\/#webpage"},"isPartOf":{"@id":"https:\/\/newsinfoco.com.br\/inicio\/prefeitura-publica-decreto-com-regras-sobre-a-retomada-da-obrigatoriedade-do-uso-de-mascara\/#webpage"},"articleSection":"Alagoinhas e Regi\u00e3o, Manchete"},{"@type":"BreadcrumbList","@id":"https:\/\/newsinfoco.com.br\/inicio\/prefeitura-publica-decreto-com-regras-sobre-a-retomada-da-obrigatoriedade-do-uso-de-mascara\/#breadcrumblist","itemListElement":[{"@type":"ListItem","@id":"https:\/\/newsinfoco.com.br\/inicio#listItem","position":1,"name":"In\u00edcio","item":"https:\/\/newsinfoco.com.br\/inicio","nextItem":{"@type":"ListItem","@id":"https:\/\/newsinfoco.com.br\/inicio\/category\/alagoinhas-e-regiao\/#listItem","name":"Alagoinhas e Regi\u00e3o"}},{"@type":"ListItem","@id":"https:\/\/newsinfoco.com.br\/inicio\/category\/alagoinhas-e-regiao\/#listItem","position":2,"name":"Alagoinhas e Regi\u00e3o","item":"https:\/\/newsinfoco.com.br\/inicio\/category\/alagoinhas-e-regiao\/","nextItem":{"@type":"ListItem","@id":"https:\/\/newsinfoco.com.br\/inicio\/prefeitura-publica-decreto-com-regras-sobre-a-retomada-da-obrigatoriedade-do-uso-de-mascara\/#listItem","name":"Prefeitura publica decreto com regras sobre a retomada da obrigatoriedade do uso de m\u00e1scara"},"previousItem":{"@type":"ListItem","@id":"https:\/\/newsinfoco.com.br\/inicio#listItem","name":"In\u00edcio"}},{"@type":"ListItem","@id":"https:\/\/newsinfoco.com.br\/inicio\/prefeitura-publica-decreto-com-regras-sobre-a-retomada-da-obrigatoriedade-do-uso-de-mascara\/#listItem","position":3,"name":"Prefeitura publica decreto com regras sobre a retomada da obrigatoriedade do uso de m\u00e1scara","previousItem":{"@type":"ListItem","@id":"https:\/\/newsinfoco.com.br\/inicio\/category\/alagoinhas-e-regiao\/#listItem","name":"Alagoinhas e Regi\u00e3o"}}]},{"@type":"Organization","@id":"https:\/\/newsinfoco.com.br\/inicio\/#organization","name":"News In Foco - Editado por Caio Pimenta","description":"O principal site de noticias de Alagoinhas e regi\u00e3o","url":"https:\/\/newsinfoco.com.br\/inicio\/"},{"@type":"Person","@id":"https:\/\/newsinfoco.com.br\/inicio\/author\/administrador\/#author","url":"https:\/\/newsinfoco.com.br\/inicio\/author\/administrador\/","name":"administrador","image":{"@type":"ImageObject","@id":"https:\/\/newsinfoco.com.br\/inicio\/prefeitura-publica-decreto-com-regras-sobre-a-retomada-da-obrigatoriedade-do-uso-de-mascara\/#authorImage","url":"https:\/\/secure.gravatar.com\/avatar\/c17a617433de8c1dc9584bb79aab7563b46f5bb7e1728c9b17d9cc3ce6a08e49?s=96&d=mm&r=g","width":96,"height":96,"caption":"administrador"}},{"@type":"WebPage","@id":"https:\/\/newsinfoco.com.br\/inicio\/prefeitura-publica-decreto-com-regras-sobre-a-retomada-da-obrigatoriedade-do-uso-de-mascara\/#webpage","url":"https:\/\/newsinfoco.com.br\/inicio\/prefeitura-publica-decreto-com-regras-sobre-a-retomada-da-obrigatoriedade-do-uso-de-mascara\/","name":"Prefeitura publica decreto com regras sobre a retomada da obrigatoriedade do uso de m\u00e1scara - News In Foco - Editado por Caio Pimenta","description":"Considerando o atual cen\u00e1rio epidemiol\u00f3gico, com o r\u00e1pido aumento de novos casos ativos de Covid-19, na cidade, a Prefeitura de Alagoinhas, por meio do decreto n\u00ba 5.877\/2022, voltou a exigir m\u00e1scaras de prote\u00e7\u00e3o em algumas situa\u00e7\u00f5es, e instituiu novas medidas tempor\u00e1rias de enfrentamento \u00e0 pandemia. De acordo com o decreto, permanecem autorizados, mas com uso","inLanguage":"pt-BR","isPartOf":{"@id":"https:\/\/newsinfoco.com.br\/inicio\/#website"},"breadcrumb":{"@id":"https:\/\/newsinfoco.com.br\/inicio\/prefeitura-publica-decreto-com-regras-sobre-a-retomada-da-obrigatoriedade-do-uso-de-mascara\/#breadcrumblist"},"author":{"@id":"https:\/\/newsinfoco.com.br\/inicio\/author\/administrador\/#author"},"creator":{"@id":"https:\/\/newsinfoco.com.br\/inicio\/author\/administrador\/#author"},"image":{"@type":"ImageObject","url":"https:\/\/newsinfoco.com.br\/inicio\/wp-content\/uploads\/2018\/10\/Prefeitura-de-Alagoinhas-Divulga\u00e7\u00e3o-web-1132x670-1.jpg","@id":"https:\/\/newsinfoco.com.br\/inicio\/prefeitura-publica-decreto-com-regras-sobre-a-retomada-da-obrigatoriedade-do-uso-de-mascara\/#mainImage","width":519,"height":346},"primaryImageOfPage":{"@id":"https:\/\/newsinfoco.com.br\/inicio\/prefeitura-publica-decreto-com-regras-sobre-a-retomada-da-obrigatoriedade-do-uso-de-mascara\/#mainImage"},"datePublished":"2022-11-30T10:01:23-03:00","dateModified":"2022-11-30T10:01:23-03:00"},{"@type":"WebSite","@id":"https:\/\/newsinfoco.com.br\/inicio\/#website","url":"https:\/\/newsinfoco.com.br\/inicio\/","name":"News In Foco - Editado por Caio Pimenta","description":"O principal site de noticias de Alagoinhas e regi\u00e3o","inLanguage":"pt-BR","publisher":{"@id":"https:\/\/newsinfoco.com.br\/inicio\/#organization"}}]},"og:locale":"pt_BR","og:site_name":"News In Foco - Editado por Caio Pimenta - O principal site de noticias de Alagoinhas e regi\u00e3o","og:type":"article","og:title":"Prefeitura publica decreto com regras sobre a retomada da obrigatoriedade do uso de m\u00e1scara - News In Foco - Editado por Caio Pimenta","og:description":"Considerando o atual cen\u00e1rio epidemiol\u00f3gico, com o r\u00e1pido aumento de novos casos ativos de Covid-19, na cidade, a Prefeitura de Alagoinhas, por meio do decreto n\u00ba 5.877\/2022, voltou a exigir m\u00e1scaras de prote\u00e7\u00e3o em algumas situa\u00e7\u00f5es, e instituiu novas medidas tempor\u00e1rias de enfrentamento \u00e0 pandemia. De acordo com o decreto, permanecem autorizados, mas com uso","og:url":"https:\/\/newsinfoco.com.br\/inicio\/prefeitura-publica-decreto-com-regras-sobre-a-retomada-da-obrigatoriedade-do-uso-de-mascara\/","article:published_time":"2022-11-30T13:01:23+00:00","article:modified_time":"2022-11-30T13:01:23+00:00","twitter:card":"summary_large_image","twitter:title":"Prefeitura publica decreto com regras sobre a retomada da obrigatoriedade do uso de m\u00e1scara - News In Foco - Editado por Caio Pimenta","twitter:description":"Considerando o atual cen\u00e1rio epidemiol\u00f3gico, com o r\u00e1pido aumento de novos casos ativos de Covid-19, na cidade, a Prefeitura de Alagoinhas, por meio do decreto n\u00ba 5.877\/2022, voltou a exigir m\u00e1scaras de prote\u00e7\u00e3o em algumas situa\u00e7\u00f5es, e instituiu novas medidas tempor\u00e1rias de enfrentamento \u00e0 pandemia. De acordo com o decreto, permanecem autorizados, mas com uso"},"aioseo_meta_data":{"post_id":"32049","title":null,"description":null,"keywords":null,"keyphrases":null,"primary_term":null,"canonical_url":null,"og_title":null,"og_description":null,"og_object_type":"default","og_image_type":"default","og_image_url":null,"og_image_width":null,"og_image_height":null,"og_image_custom_url":null,"og_image_custom_fields":null,"og_video":null,"og_custom_url":null,"og_article_section":null,"og_article_tags":null,"twitter_use_og":false,"twitter_card":"default","twitter_image_type":"default","twitter_image_url":null,"twitter_image_custom_url":null,"twitter_image_custom_fields":null,"twitter_title":null,"twitter_description":null,"schema":{"blockGraphs":[],"customGraphs":[],"default":{"data":{"Article":[],"Course":[],"Dataset":[],"FAQPage":[],"Movie":[],"Person":[],"Product":[],"ProductReview":[],"Car":[],"Recipe":[],"Service":[],"SoftwareApplication":[],"WebPage":[]},"graphName":"","isEnabled":true},"graphs":[]},"schema_type":"default","schema_type_options":null,"pillar_content":false,"robots_default":true,"robots_noindex":false,"robots_noarchive":false,"robots_nosnippet":false,"robots_nofollow":false,"robots_noimageindex":false,"robots_noodp":false,"robots_notranslate":false,"robots_max_snippet":null,"robots_max_videopreview":null,"robots_max_imagepreview":"large","priority":null,"frequency":null,"local_seo":null,"breadcrumb_settings":null,"limit_modified_date":false,"ai":null,"created":"2023-06-12 22:25:44","updated":"2025-07-11 08:41:01","seo_analyzer_scan_date":null},"aioseo_breadcrumb":"<div class=\"aioseo-breadcrumbs\"><span class=\"aioseo-breadcrumb\">\n\t\t\t<a href=\"https:\/\/newsinfoco.com.br\/inicio\" title=\"In\u00edcio\">In\u00edcio<\/a>\n\t\t<\/span><span class=\"aioseo-breadcrumb-separator\">&raquo;<\/span><span class=\"aioseo-breadcrumb\">\n\t\t\t<a href=\"https:\/\/newsinfoco.com.br\/inicio\/category\/alagoinhas-e-regiao\/\" title=\"Alagoinhas e Regi\u00e3o\">Alagoinhas e Regi\u00e3o<\/a>\n\t\t<\/span><span class=\"aioseo-breadcrumb-separator\">&raquo;<\/span><span class=\"aioseo-breadcrumb\">\n\t\t\tPrefeitura publica decreto com regras sobre a retomada da obrigatoriedade do uso de m\u00e1scara\n\t\t<\/span><\/div>","aioseo_breadcrumb_json":[{"label":"In\u00edcio","link":"https:\/\/newsinfoco.com.br\/inicio"},{"label":"Alagoinhas e Regi\u00e3o","link":"https:\/\/newsinfoco.com.br\/inicio\/category\/alagoinhas-e-regiao\/"},{"label":"Prefeitura publica decreto com regras sobre a retomada da obrigatoriedade do uso de m\u00e1scara","link":"https:\/\/newsinfoco.com.br\/inicio\/prefeitura-publica-decreto-com-regras-sobre-a-retomada-da-obrigatoriedade-do-uso-de-mascara\/"}],"_links":{"self":[{"href":"https:\/\/newsinfoco.com.br\/inicio\/wp-json\/wp\/v2\/posts\/32049","targetHints":{"allow":["GET"]}}],"collection":[{"href":"https:\/\/newsinfoco.com.br\/inicio\/wp-json\/wp\/v2\/posts"}],"about":[{"href":"https:\/\/newsinfoco.com.br\/inicio\/wp-json\/wp\/v2\/types\/post"}],"author":[{"embeddable":true,"href":"https:\/\/newsinfoco.com.br\/inicio\/wp-json\/wp\/v2\/users\/1"}],"replies":[{"embeddable":true,"href":"https:\/\/newsinfoco.com.br\/inicio\/wp-json\/wp\/v2\/comments?post=32049"}],"version-history":[{"count":1,"href":"https:\/\/newsinfoco.com.br\/inicio\/wp-json\/wp\/v2\/posts\/32049\/revisions"}],"predecessor-version":[{"id":32050,"href":"https:\/\/newsinfoco.com.br\/inicio\/wp-json\/wp\/v2\/posts\/32049\/revisions\/32050"}],"wp:featuredmedia":[{"embeddable":true,"href":"https:\/\/newsinfoco.com.br\/inicio\/wp-json\/wp\/v2\/media\/10659"}],"wp:attachment":[{"href":"https:\/\/newsinfoco.com.br\/inicio\/wp-json\/wp\/v2\/media?parent=32049"}],"wp:term":[{"taxonomy":"category","embeddable":true,"href":"https:\/\/newsinfoco.com.br\/inicio\/wp-json\/wp\/v2\/categories?post=32049"},{"taxonomy":"post_tag","embeddable":true,"href":"https:\/\/newsinfoco.com.br\/inicio\/wp-json\/wp\/v2\/tags?post=32049"}],"curies":[{"name":"wp","href":"https:\/\/api.w.org\/{rel}","templated":true}]}}