{"id":32060,"date":"2022-11-30T19:59:49","date_gmt":"2022-11-30T22:59:49","guid":{"rendered":"https:\/\/newsinfoco.com.br\/inicio\/?p=32060"},"modified":"2022-11-30T19:59:49","modified_gmt":"2022-11-30T22:59:49","slug":"novembro-da-consciencia-negra-2022-slam-interescolar-municipal-e-realizado-na-camara-municipal-de-vereadores","status":"publish","type":"post","link":"https:\/\/newsinfoco.com.br\/inicio\/novembro-da-consciencia-negra-2022-slam-interescolar-municipal-e-realizado-na-camara-municipal-de-vereadores\/","title":{"rendered":"Novembro da Consci\u00eancia Negra 2022 \u2013 Slam Interescolar Municipal \u00e9 realizado na C\u00e2mara Municipal de Vereadores"},"content":{"rendered":"<p>\u201cMuito mais do que s\u00f3 palavras, literatura e reist\u00eancia\u201d foi o tema do Slam realizado pela Secretaria Municipal de Educa\u00e7\u00e3o (SEDUC), nesta quarta-feira (30), em parceria com o IV F\u00f3rum da Juventude Preta Baiana, em alus\u00e3o ao m\u00eas da Consci\u00eancia Negra. A atividade foi promovida pelo IFARAD\u00c1, N\u00facleo de Educa\u00e7\u00e3o Quilombola da SEDUC.<\/p>\n<p>\u201c\u00c9 mais um momento importante do nosso IFARAD\u00c1, em alus\u00e3o ao Novembro Negro. A gente trabalha com o combate \u00e0 discrimina\u00e7\u00e3o, ao racismo e com temas de ordem e din\u00e2mica positiva, com o reconhecimentos daquelas pessoas negras que, historicamente, contribuem com esse processo importante, que \u00e9 o da luta pela igualdade racial\u201d, disse o secret\u00e1rio da pasta, Gustavo Carmo.<\/p>\n<div id=\"attachment_62142\" class=\"wp-caption aligncenter\"><a class=\"group1 cboxElement\" href=\"https:\/\/www.alagoinhas.ba.gov.br\/wp-content\/uploads\/2022\/11\/WhatsApp-Image-2022-11-30-at-11.02.55.jpeg\"><img loading=\"lazy\" decoding=\"async\" class=\"size-large wp-image-62142\" src=\"https:\/\/www.alagoinhas.ba.gov.br\/wp-content\/uploads\/2022\/11\/WhatsApp-Image-2022-11-30-at-11.02.55-1024x682.jpeg\" sizes=\"auto, (max-width: 800px) 100vw, 800px\" srcset=\"https:\/\/www.alagoinhas.ba.gov.br\/wp-content\/uploads\/2022\/11\/WhatsApp-Image-2022-11-30-at-11.02.55-1024x682.jpeg 1024w, https:\/\/www.alagoinhas.ba.gov.br\/wp-content\/uploads\/2022\/11\/WhatsApp-Image-2022-11-30-at-11.02.55-300x200.jpeg 300w, https:\/\/www.alagoinhas.ba.gov.br\/wp-content\/uploads\/2022\/11\/WhatsApp-Image-2022-11-30-at-11.02.55-768x512.jpeg 768w, https:\/\/www.alagoinhas.ba.gov.br\/wp-content\/uploads\/2022\/11\/WhatsApp-Image-2022-11-30-at-11.02.55-126x84.jpeg 126w, https:\/\/www.alagoinhas.ba.gov.br\/wp-content\/uploads\/2022\/11\/WhatsApp-Image-2022-11-30-at-11.02.55.jpeg 1280w\" alt=\"\" width=\"800\" height=\"533\" \/><\/a><\/p>\n<p class=\"wp-caption-text\">Foto: Roberto Fonseca<\/p>\n<\/div>\n<p>Ainda segundo o secret\u00e1rio, o sentido das atividades \u00e9 imbuir nas crian\u00e7as e nos adolescentes conceitos como igualdade e respeito aos seres humanos. \u201cTrabalhar a Educa\u00e7\u00e3o sob essa \u00f3tima \u00e9, sem sombra de d\u00favidas, reconhecer a igualdade e trabalhar a autoestima, com a valoriza\u00e7\u00e3o da cultura e da arte negra\u201d.<\/p>\n<p>Slam \u00e9 um termo da l\u00edngua inglesa usado para nomear a competi\u00e7\u00e3o de poesia falada. Nas apresenta\u00e7\u00f5es, ou batalha das letras, temos um fen\u00f4meno de poesia oral, com temas como racismo, viol\u00eancia, respeito, despertando na plateia a reflex\u00e3o e atitude pol\u00edtica.<\/p>\n<div id=\"attachment_62140\" class=\"wp-caption aligncenter\"><a class=\"group1 cboxElement\" href=\"https:\/\/www.alagoinhas.ba.gov.br\/wp-content\/uploads\/2022\/11\/WhatsApp-Image-2022-11-30-at-11.01.38.jpeg\"><img loading=\"lazy\" decoding=\"async\" class=\"size-large wp-image-62140\" src=\"https:\/\/www.alagoinhas.ba.gov.br\/wp-content\/uploads\/2022\/11\/WhatsApp-Image-2022-11-30-at-11.01.38-1024x682.jpeg\" sizes=\"auto, (max-width: 800px) 100vw, 800px\" srcset=\"https:\/\/www.alagoinhas.ba.gov.br\/wp-content\/uploads\/2022\/11\/WhatsApp-Image-2022-11-30-at-11.01.38-1024x682.jpeg 1024w, https:\/\/www.alagoinhas.ba.gov.br\/wp-content\/uploads\/2022\/11\/WhatsApp-Image-2022-11-30-at-11.01.38-300x200.jpeg 300w, https:\/\/www.alagoinhas.ba.gov.br\/wp-content\/uploads\/2022\/11\/WhatsApp-Image-2022-11-30-at-11.01.38-768x512.jpeg 768w, https:\/\/www.alagoinhas.ba.gov.br\/wp-content\/uploads\/2022\/11\/WhatsApp-Image-2022-11-30-at-11.01.38-126x84.jpeg 126w, https:\/\/www.alagoinhas.ba.gov.br\/wp-content\/uploads\/2022\/11\/WhatsApp-Image-2022-11-30-at-11.01.38.jpeg 1280w\" alt=\"\" width=\"800\" height=\"533\" \/><\/a><\/p>\n<p class=\"wp-caption-text\">Foto: Roberto Fonseca<\/p>\n<\/div>\n<p>Segundo a Professora de L\u00edngua Portuguesa do Col\u00e9gio Municipal de Alagoinhas Ana Paula L\u00edrio, o evento faz uma valoriza\u00e7\u00e3o da literatura, de voz e resist\u00eancia negra. \u201cPela quest\u00e3o da identidade e do reconhecimento de si mesmo na pr\u00f3pria escrita, principalmente nesses eventos que est\u00e3o fora do ch\u00e3o da escola, mas que s\u00e3o fundamentais para a forma\u00e7\u00e3o deles\u201d.<\/p>\n<p>Como uma atitude de resist\u00eancia, o Slam forma estudantes leitores e escritores com consci\u00eancia cr\u00edtica, em que os alunos se tornam agentes de letramento de uma poesia como re-exist\u00eancia.<\/p>\n<div id=\"attachment_62135\" class=\"wp-caption aligncenter\"><a class=\"group1 cboxElement\" href=\"https:\/\/www.alagoinhas.ba.gov.br\/wp-content\/uploads\/2022\/11\/WhatsApp-Image-2022-11-30-at-11.01.36-2.jpeg\"><img loading=\"lazy\" decoding=\"async\" class=\"size-large wp-image-62135\" src=\"https:\/\/www.alagoinhas.ba.gov.br\/wp-content\/uploads\/2022\/11\/WhatsApp-Image-2022-11-30-at-11.01.36-2-1024x682.jpeg\" sizes=\"auto, (max-width: 800px) 100vw, 800px\" srcset=\"https:\/\/www.alagoinhas.ba.gov.br\/wp-content\/uploads\/2022\/11\/WhatsApp-Image-2022-11-30-at-11.01.36-2-1024x682.jpeg 1024w, https:\/\/www.alagoinhas.ba.gov.br\/wp-content\/uploads\/2022\/11\/WhatsApp-Image-2022-11-30-at-11.01.36-2-300x200.jpeg 300w, https:\/\/www.alagoinhas.ba.gov.br\/wp-content\/uploads\/2022\/11\/WhatsApp-Image-2022-11-30-at-11.01.36-2-768x512.jpeg 768w, https:\/\/www.alagoinhas.ba.gov.br\/wp-content\/uploads\/2022\/11\/WhatsApp-Image-2022-11-30-at-11.01.36-2-126x84.jpeg 126w, https:\/\/www.alagoinhas.ba.gov.br\/wp-content\/uploads\/2022\/11\/WhatsApp-Image-2022-11-30-at-11.01.36-2.jpeg 1280w\" alt=\"\" width=\"800\" height=\"533\" \/><\/a><\/p>\n<p class=\"wp-caption-text\">Foto: Roberto Fonseca<\/p>\n<\/div>\n<p>Participaram da a\u00e7\u00e3o estudantes do 9\u00ba ano do Col\u00e9gio Municipal de Alagoinhas, da Escola Municipal Murilo Coelho Cavalcanti, Irene Andrade de Assis e Miguel Santos Fontes.<\/p>\n<p>Estiveram presentes, al\u00e9m do secret\u00e1rio Gustavo Carmo, o presidente da C\u00e2mara Municipal de Vereadores Jos\u00e9 Cleto, as vereadoras Juci Cardoso e Jaldice Nunes, a Coordenadora do IFARAD\u00c1 Dulcineide Bispo, o representante do IV F\u00f3rum da Juventude Preta Ramon Carvalho, a professora Marism\u00f4nica Gomes; e a criadora do F\u00f3rum Ana Gon\u00e7alves.<\/p>\n<div id=\"attachment_62143\" class=\"wp-caption aligncenter\"><a class=\"group1 cboxElement\" href=\"https:\/\/www.alagoinhas.ba.gov.br\/wp-content\/uploads\/2022\/11\/WhatsApp-Image-2022-11-30-at-11.02.56.jpeg\"><img loading=\"lazy\" decoding=\"async\" class=\"size-large wp-image-62143\" src=\"https:\/\/www.alagoinhas.ba.gov.br\/wp-content\/uploads\/2022\/11\/WhatsApp-Image-2022-11-30-at-11.02.56-1024x682.jpeg\" sizes=\"auto, (max-width: 800px) 100vw, 800px\" srcset=\"https:\/\/www.alagoinhas.ba.gov.br\/wp-content\/uploads\/2022\/11\/WhatsApp-Image-2022-11-30-at-11.02.56-1024x682.jpeg 1024w, https:\/\/www.alagoinhas.ba.gov.br\/wp-content\/uploads\/2022\/11\/WhatsApp-Image-2022-11-30-at-11.02.56-300x200.jpeg 300w, https:\/\/www.alagoinhas.ba.gov.br\/wp-content\/uploads\/2022\/11\/WhatsApp-Image-2022-11-30-at-11.02.56-768x512.jpeg 768w, https:\/\/www.alagoinhas.ba.gov.br\/wp-content\/uploads\/2022\/11\/WhatsApp-Image-2022-11-30-at-11.02.56-126x84.jpeg 126w, https:\/\/www.alagoinhas.ba.gov.br\/wp-content\/uploads\/2022\/11\/WhatsApp-Image-2022-11-30-at-11.02.56.jpeg 1280w\" alt=\"\" width=\"800\" height=\"533\" \/><\/a><\/p>\n<p class=\"wp-caption-text\">Foto: Roberto Fonseca<\/p>\n<\/div>\n<p>Em paralelo ao Slam dos estudantes da Rede Municipal de Ensino, apresentaram-se o MC Snow, campe\u00e3o estadual da categoria e ganhador da Batalha da Gentalha de Alagoinhas e Karine Narciso, Vencedora do Slam das Minas.<\/p>\n<p>Fotos: Roberto Fonseca<\/p>\n<p><a class=\"group1 cboxElement\" href=\"https:\/\/www.alagoinhas.ba.gov.br\/wp-content\/uploads\/2022\/11\/WhatsApp-Image-2022-11-30-at-10.59.50.jpeg\"><img loading=\"lazy\" decoding=\"async\" class=\"aligncenter size-large wp-image-62129\" src=\"https:\/\/www.alagoinhas.ba.gov.br\/wp-content\/uploads\/2022\/11\/WhatsApp-Image-2022-11-30-at-10.59.50-1024x682.jpeg\" sizes=\"auto, (max-width: 800px) 100vw, 800px\" srcset=\"https:\/\/www.alagoinhas.ba.gov.br\/wp-content\/uploads\/2022\/11\/WhatsApp-Image-2022-11-30-at-10.59.50-1024x682.jpeg 1024w, https:\/\/www.alagoinhas.ba.gov.br\/wp-content\/uploads\/2022\/11\/WhatsApp-Image-2022-11-30-at-10.59.50-300x200.jpeg 300w, https:\/\/www.alagoinhas.ba.gov.br\/wp-content\/uploads\/2022\/11\/WhatsApp-Image-2022-11-30-at-10.59.50-768x512.jpeg 768w, https:\/\/www.alagoinhas.ba.gov.br\/wp-content\/uploads\/2022\/11\/WhatsApp-Image-2022-11-30-at-10.59.50-126x84.jpeg 126w, https:\/\/www.alagoinhas.ba.gov.br\/wp-content\/uploads\/2022\/11\/WhatsApp-Image-2022-11-30-at-10.59.50.jpeg 1280w\" alt=\"\" width=\"800\" height=\"533\" \/><\/a><a class=\"group1 cboxElement\" href=\"https:\/\/www.alagoinhas.ba.gov.br\/wp-content\/uploads\/2022\/11\/WhatsApp-Image-2022-11-30-at-10.59.52.jpeg\"><img loading=\"lazy\" decoding=\"async\" class=\"aligncenter size-large wp-image-62130\" src=\"https:\/\/www.alagoinhas.ba.gov.br\/wp-content\/uploads\/2022\/11\/WhatsApp-Image-2022-11-30-at-10.59.52-1024x682.jpeg\" sizes=\"auto, (max-width: 800px) 100vw, 800px\" srcset=\"https:\/\/www.alagoinhas.ba.gov.br\/wp-content\/uploads\/2022\/11\/WhatsApp-Image-2022-11-30-at-10.59.52-1024x682.jpeg 1024w, https:\/\/www.alagoinhas.ba.gov.br\/wp-content\/uploads\/2022\/11\/WhatsApp-Image-2022-11-30-at-10.59.52-300x200.jpeg 300w, https:\/\/www.alagoinhas.ba.gov.br\/wp-content\/uploads\/2022\/11\/WhatsApp-Image-2022-11-30-at-10.59.52-768x512.jpeg 768w, https:\/\/www.alagoinhas.ba.gov.br\/wp-content\/uploads\/2022\/11\/WhatsApp-Image-2022-11-30-at-10.59.52-126x84.jpeg 126w, https:\/\/www.alagoinhas.ba.gov.br\/wp-content\/uploads\/2022\/11\/WhatsApp-Image-2022-11-30-at-10.59.52.jpeg 1280w\" alt=\"\" width=\"800\" height=\"533\" \/><\/a><a class=\"group1 cboxElement\" href=\"https:\/\/www.alagoinhas.ba.gov.br\/wp-content\/uploads\/2022\/11\/WhatsApp-Image-2022-11-30-at-10.59.53.jpeg\"><img loading=\"lazy\" decoding=\"async\" class=\"aligncenter size-large wp-image-62131\" src=\"https:\/\/www.alagoinhas.ba.gov.br\/wp-content\/uploads\/2022\/11\/WhatsApp-Image-2022-11-30-at-10.59.53-1024x682.jpeg\" sizes=\"auto, (max-width: 800px) 100vw, 800px\" srcset=\"https:\/\/www.alagoinhas.ba.gov.br\/wp-content\/uploads\/2022\/11\/WhatsApp-Image-2022-11-30-at-10.59.53-1024x682.jpeg 1024w, https:\/\/www.alagoinhas.ba.gov.br\/wp-content\/uploads\/2022\/11\/WhatsApp-Image-2022-11-30-at-10.59.53-300x200.jpeg 300w, https:\/\/www.alagoinhas.ba.gov.br\/wp-content\/uploads\/2022\/11\/WhatsApp-Image-2022-11-30-at-10.59.53-768x512.jpeg 768w, https:\/\/www.alagoinhas.ba.gov.br\/wp-content\/uploads\/2022\/11\/WhatsApp-Image-2022-11-30-at-10.59.53-126x84.jpeg 126w, https:\/\/www.alagoinhas.ba.gov.br\/wp-content\/uploads\/2022\/11\/WhatsApp-Image-2022-11-30-at-10.59.53.jpeg 1280w\" alt=\"\" width=\"800\" height=\"533\" \/><\/a><a class=\"group1 cboxElement\" href=\"https:\/\/www.alagoinhas.ba.gov.br\/wp-content\/uploads\/2022\/11\/WhatsApp-Image-2022-11-30-at-10.59.54.jpeg\"><img loading=\"lazy\" decoding=\"async\" class=\"aligncenter size-large wp-image-62132\" src=\"https:\/\/www.alagoinhas.ba.gov.br\/wp-content\/uploads\/2022\/11\/WhatsApp-Image-2022-11-30-at-10.59.54-1024x682.jpeg\" sizes=\"auto, (max-width: 800px) 100vw, 800px\" srcset=\"https:\/\/www.alagoinhas.ba.gov.br\/wp-content\/uploads\/2022\/11\/WhatsApp-Image-2022-11-30-at-10.59.54-1024x682.jpeg 1024w, https:\/\/www.alagoinhas.ba.gov.br\/wp-content\/uploads\/2022\/11\/WhatsApp-Image-2022-11-30-at-10.59.54-300x200.jpeg 300w, https:\/\/www.alagoinhas.ba.gov.br\/wp-content\/uploads\/2022\/11\/WhatsApp-Image-2022-11-30-at-10.59.54-768x512.jpeg 768w, https:\/\/www.alagoinhas.ba.gov.br\/wp-content\/uploads\/2022\/11\/WhatsApp-Image-2022-11-30-at-10.59.54-126x84.jpeg 126w, https:\/\/www.alagoinhas.ba.gov.br\/wp-content\/uploads\/2022\/11\/WhatsApp-Image-2022-11-30-at-10.59.54.jpeg 1280w\" alt=\"\" width=\"800\" height=\"533\" \/><\/a><a class=\"group1 cboxElement\" href=\"https:\/\/www.alagoinhas.ba.gov.br\/wp-content\/uploads\/2022\/11\/WhatsApp-Image-2022-11-30-at-11.01.35.jpeg\"><img loading=\"lazy\" decoding=\"async\" class=\"aligncenter size-large wp-image-62133\" src=\"https:\/\/www.alagoinhas.ba.gov.br\/wp-content\/uploads\/2022\/11\/WhatsApp-Image-2022-11-30-at-11.01.35-1024x682.jpeg\" sizes=\"auto, (max-width: 800px) 100vw, 800px\" srcset=\"https:\/\/www.alagoinhas.ba.gov.br\/wp-content\/uploads\/2022\/11\/WhatsApp-Image-2022-11-30-at-11.01.35-1024x682.jpeg 1024w, https:\/\/www.alagoinhas.ba.gov.br\/wp-content\/uploads\/2022\/11\/WhatsApp-Image-2022-11-30-at-11.01.35-300x200.jpeg 300w, https:\/\/www.alagoinhas.ba.gov.br\/wp-content\/uploads\/2022\/11\/WhatsApp-Image-2022-11-30-at-11.01.35-768x512.jpeg 768w, https:\/\/www.alagoinhas.ba.gov.br\/wp-content\/uploads\/2022\/11\/WhatsApp-Image-2022-11-30-at-11.01.35-126x84.jpeg 126w, https:\/\/www.alagoinhas.ba.gov.br\/wp-content\/uploads\/2022\/11\/WhatsApp-Image-2022-11-30-at-11.01.35.jpeg 1280w\" alt=\"\" width=\"800\" height=\"533\" \/><\/a><a class=\"group1 cboxElement\" href=\"https:\/\/www.alagoinhas.ba.gov.br\/wp-content\/uploads\/2022\/11\/WhatsApp-Image-2022-11-30-at-11.01.36-1.jpeg\"><img loading=\"lazy\" decoding=\"async\" class=\"aligncenter size-large wp-image-62134\" src=\"https:\/\/www.alagoinhas.ba.gov.br\/wp-content\/uploads\/2022\/11\/WhatsApp-Image-2022-11-30-at-11.01.36-1-1024x682.jpeg\" sizes=\"auto, (max-width: 800px) 100vw, 800px\" srcset=\"https:\/\/www.alagoinhas.ba.gov.br\/wp-content\/uploads\/2022\/11\/WhatsApp-Image-2022-11-30-at-11.01.36-1-1024x682.jpeg 1024w, https:\/\/www.alagoinhas.ba.gov.br\/wp-content\/uploads\/2022\/11\/WhatsApp-Image-2022-11-30-at-11.01.36-1-300x200.jpeg 300w, https:\/\/www.alagoinhas.ba.gov.br\/wp-content\/uploads\/2022\/11\/WhatsApp-Image-2022-11-30-at-11.01.36-1-768x512.jpeg 768w, https:\/\/www.alagoinhas.ba.gov.br\/wp-content\/uploads\/2022\/11\/WhatsApp-Image-2022-11-30-at-11.01.36-1-126x84.jpeg 126w, https:\/\/www.alagoinhas.ba.gov.br\/wp-content\/uploads\/2022\/11\/WhatsApp-Image-2022-11-30-at-11.01.36-1.jpeg 1280w\" alt=\"\" width=\"800\" height=\"533\" \/><\/a><a class=\"group1 cboxElement\" href=\"https:\/\/www.alagoinhas.ba.gov.br\/wp-content\/uploads\/2022\/11\/WhatsApp-Image-2022-11-30-at-11.01.36.jpeg\"><img loading=\"lazy\" decoding=\"async\" class=\"aligncenter size-large wp-image-62136\" src=\"https:\/\/www.alagoinhas.ba.gov.br\/wp-content\/uploads\/2022\/11\/WhatsApp-Image-2022-11-30-at-11.01.36-1024x682.jpeg\" sizes=\"auto, (max-width: 800px) 100vw, 800px\" srcset=\"https:\/\/www.alagoinhas.ba.gov.br\/wp-content\/uploads\/2022\/11\/WhatsApp-Image-2022-11-30-at-11.01.36-1024x682.jpeg 1024w, https:\/\/www.alagoinhas.ba.gov.br\/wp-content\/uploads\/2022\/11\/WhatsApp-Image-2022-11-30-at-11.01.36-300x200.jpeg 300w, https:\/\/www.alagoinhas.ba.gov.br\/wp-content\/uploads\/2022\/11\/WhatsApp-Image-2022-11-30-at-11.01.36-768x512.jpeg 768w, https:\/\/www.alagoinhas.ba.gov.br\/wp-content\/uploads\/2022\/11\/WhatsApp-Image-2022-11-30-at-11.01.36-126x84.jpeg 126w, https:\/\/www.alagoinhas.ba.gov.br\/wp-content\/uploads\/2022\/11\/WhatsApp-Image-2022-11-30-at-11.01.36.jpeg 1280w\" alt=\"\" width=\"800\" height=\"533\" \/><\/a><a class=\"group1 cboxElement\" href=\"https:\/\/www.alagoinhas.ba.gov.br\/wp-content\/uploads\/2022\/11\/WhatsApp-Image-2022-11-30-at-11.01.37.jpeg\"><img loading=\"lazy\" decoding=\"async\" class=\"aligncenter size-large wp-image-62137\" src=\"https:\/\/www.alagoinhas.ba.gov.br\/wp-content\/uploads\/2022\/11\/WhatsApp-Image-2022-11-30-at-11.01.37-1024x682.jpeg\" sizes=\"auto, (max-width: 800px) 100vw, 800px\" srcset=\"https:\/\/www.alagoinhas.ba.gov.br\/wp-content\/uploads\/2022\/11\/WhatsApp-Image-2022-11-30-at-11.01.37-1024x682.jpeg 1024w, https:\/\/www.alagoinhas.ba.gov.br\/wp-content\/uploads\/2022\/11\/WhatsApp-Image-2022-11-30-at-11.01.37-300x200.jpeg 300w, https:\/\/www.alagoinhas.ba.gov.br\/wp-content\/uploads\/2022\/11\/WhatsApp-Image-2022-11-30-at-11.01.37-768x512.jpeg 768w, https:\/\/www.alagoinhas.ba.gov.br\/wp-content\/uploads\/2022\/11\/WhatsApp-Image-2022-11-30-at-11.01.37-126x84.jpeg 126w, https:\/\/www.alagoinhas.ba.gov.br\/wp-content\/uploads\/2022\/11\/WhatsApp-Image-2022-11-30-at-11.01.37.jpeg 1280w\" alt=\"\" width=\"800\" height=\"533\" \/><\/a><a class=\"group1 cboxElement\" href=\"https:\/\/www.alagoinhas.ba.gov.br\/wp-content\/uploads\/2022\/11\/WhatsApp-Image-2022-11-30-at-11.01.38-1.jpeg\"><img loading=\"lazy\" decoding=\"async\" class=\"aligncenter size-large wp-image-62138\" src=\"https:\/\/www.alagoinhas.ba.gov.br\/wp-content\/uploads\/2022\/11\/WhatsApp-Image-2022-11-30-at-11.01.38-1-1024x682.jpeg\" sizes=\"auto, (max-width: 800px) 100vw, 800px\" srcset=\"https:\/\/www.alagoinhas.ba.gov.br\/wp-content\/uploads\/2022\/11\/WhatsApp-Image-2022-11-30-at-11.01.38-1-1024x682.jpeg 1024w, https:\/\/www.alagoinhas.ba.gov.br\/wp-content\/uploads\/2022\/11\/WhatsApp-Image-2022-11-30-at-11.01.38-1-300x200.jpeg 300w, https:\/\/www.alagoinhas.ba.gov.br\/wp-content\/uploads\/2022\/11\/WhatsApp-Image-2022-11-30-at-11.01.38-1-768x512.jpeg 768w, https:\/\/www.alagoinhas.ba.gov.br\/wp-content\/uploads\/2022\/11\/WhatsApp-Image-2022-11-30-at-11.01.38-1-126x84.jpeg 126w, https:\/\/www.alagoinhas.ba.gov.br\/wp-content\/uploads\/2022\/11\/WhatsApp-Image-2022-11-30-at-11.01.38-1.jpeg 1280w\" alt=\"\" width=\"800\" height=\"533\" \/><\/a><a class=\"group1 cboxElement\" href=\"https:\/\/www.alagoinhas.ba.gov.br\/wp-content\/uploads\/2022\/11\/WhatsApp-Image-2022-11-30-at-11.01.38-2.jpeg\"><img loading=\"lazy\" decoding=\"async\" class=\"aligncenter size-large wp-image-62139\" src=\"https:\/\/www.alagoinhas.ba.gov.br\/wp-content\/uploads\/2022\/11\/WhatsApp-Image-2022-11-30-at-11.01.38-2-1024x682.jpeg\" sizes=\"auto, (max-width: 800px) 100vw, 800px\" srcset=\"https:\/\/www.alagoinhas.ba.gov.br\/wp-content\/uploads\/2022\/11\/WhatsApp-Image-2022-11-30-at-11.01.38-2-1024x682.jpeg 1024w, https:\/\/www.alagoinhas.ba.gov.br\/wp-content\/uploads\/2022\/11\/WhatsApp-Image-2022-11-30-at-11.01.38-2-300x200.jpeg 300w, https:\/\/www.alagoinhas.ba.gov.br\/wp-content\/uploads\/2022\/11\/WhatsApp-Image-2022-11-30-at-11.01.38-2-768x512.jpeg 768w, https:\/\/www.alagoinhas.ba.gov.br\/wp-content\/uploads\/2022\/11\/WhatsApp-Image-2022-11-30-at-11.01.38-2-126x84.jpeg 126w, https:\/\/www.alagoinhas.ba.gov.br\/wp-content\/uploads\/2022\/11\/WhatsApp-Image-2022-11-30-at-11.01.38-2.jpeg 1280w\" alt=\"\" width=\"800\" height=\"533\" \/><\/a><a class=\"group1 cboxElement\" href=\"https:\/\/www.alagoinhas.ba.gov.br\/wp-content\/uploads\/2022\/11\/WhatsApp-Image-2022-11-30-at-11.01.40.jpeg\"><img loading=\"lazy\" decoding=\"async\" class=\"aligncenter size-large wp-image-62141\" src=\"https:\/\/www.alagoinhas.ba.gov.br\/wp-content\/uploads\/2022\/11\/WhatsApp-Image-2022-11-30-at-11.01.40-1024x682.jpeg\" sizes=\"auto, (max-width: 800px) 100vw, 800px\" srcset=\"https:\/\/www.alagoinhas.ba.gov.br\/wp-content\/uploads\/2022\/11\/WhatsApp-Image-2022-11-30-at-11.01.40-1024x682.jpeg 1024w, https:\/\/www.alagoinhas.ba.gov.br\/wp-content\/uploads\/2022\/11\/WhatsApp-Image-2022-11-30-at-11.01.40-300x200.jpeg 300w, https:\/\/www.alagoinhas.ba.gov.br\/wp-content\/uploads\/2022\/11\/WhatsApp-Image-2022-11-30-at-11.01.40-768x512.jpeg 768w, https:\/\/www.alagoinhas.ba.gov.br\/wp-content\/uploads\/2022\/11\/WhatsApp-Image-2022-11-30-at-11.01.40-126x84.jpeg 126w, https:\/\/www.alagoinhas.ba.gov.br\/wp-content\/uploads\/2022\/11\/WhatsApp-Image-2022-11-30-at-11.01.40.jpeg 1280w\" alt=\"\" width=\"800\" height=\"533\" \/><\/a><\/p>\n<div align=\"right\">\n<p>&nbsp;<\/p>\n<p>&nbsp;<\/p>\n<\/div>\n<div class='share-to-whatsapp-wrapper'><div class='share-on-whsp'>Share on: <\/div><a data-text='Novembro da Consci\u00eancia Negra 2022 \u2013 Slam Interescolar Municipal \u00e9 realizado na C\u00e2mara Municipal de Vereadores' data-link='https:\/\/newsinfoco.com.br\/inicio\/novembro-da-consciencia-negra-2022-slam-interescolar-municipal-e-realizado-na-camara-municipal-de-vereadores\/' class='whatsapp-button whatsapp-share'>WhatsApp<\/a><div class='clear '><\/div><\/div>","protected":false},"excerpt":{"rendered":"<p>\u201cMuito mais do que s\u00f3 palavras, literatura e reist\u00eancia\u201d foi o tema do Slam realizado pela Secretaria Municipal de Educa\u00e7\u00e3o (SEDUC), nesta quarta-feira (30), em parceria com o IV F\u00f3rum da Juventude Preta Baiana, em alus\u00e3o ao m\u00eas da Consci\u00eancia Negra. A atividade foi promovida pelo IFARAD\u00c1, N\u00facleo de Educa\u00e7\u00e3o Quilombola da SEDUC. \u201c\u00c9 mais [&hellip;]<\/p>\n","protected":false},"author":1,"featured_media":32057,"comment_status":"closed","ping_status":"closed","sticky":false,"template":"","format":"standard","meta":{"om_disable_all_campaigns":false,"rop_custom_images_group":[],"rop_custom_messages_group":[],"rop_publish_now":"initial","rop_publish_now_accounts":[],"rop_publish_now_history":[],"rop_publish_now_status":"pending","_exactmetrics_skip_tracking":false,"footnotes":""},"categories":[38,167],"tags":[],"class_list":["post-32060","post","type-post","status-publish","format-standard","has-post-thumbnail","hentry","category-alagoinhas-e-regiao","category-exclusivas"],"aioseo_notices":[],"aioseo_head":"\n\t\t<!-- All in One SEO 4.9.10 - aioseo.com -->\n\t<meta name=\"description\" content=\"\u201cMuito mais do que s\u00f3 palavras, literatura e reist\u00eancia\u201d foi o tema do Slam realizado pela Secretaria Municipal de Educa\u00e7\u00e3o (SEDUC), nesta quarta-feira (30), em parceria com o IV F\u00f3rum da Juventude Preta Baiana, em alus\u00e3o ao m\u00eas da Consci\u00eancia Negra. A atividade foi promovida pelo IFARAD\u00c1, N\u00facleo de Educa\u00e7\u00e3o Quilombola da SEDUC. \u201c\u00c9 mais\" \/>\n\t<meta name=\"robots\" content=\"max-image-preview:large\" \/>\n\t<meta name=\"author\" content=\"administrador\"\/>\n\t<link rel=\"canonical\" href=\"https:\/\/newsinfoco.com.br\/inicio\/novembro-da-consciencia-negra-2022-slam-interescolar-municipal-e-realizado-na-camara-municipal-de-vereadores\/\" \/>\n\t<meta name=\"generator\" content=\"All in One SEO (AIOSEO) 4.9.10\" \/>\n\t\t<meta property=\"og:locale\" content=\"pt_BR\" \/>\n\t\t<meta property=\"og:site_name\" content=\"News In Foco - Editado por Caio Pimenta - O principal site de noticias de Alagoinhas e regi\u00e3o\" \/>\n\t\t<meta property=\"og:type\" content=\"article\" \/>\n\t\t<meta property=\"og:title\" content=\"Novembro da Consci\u00eancia Negra 2022 \u2013 Slam Interescolar Municipal \u00e9 realizado na C\u00e2mara Municipal de Vereadores - News In Foco - Editado por Caio Pimenta\" \/>\n\t\t<meta property=\"og:description\" content=\"\u201cMuito mais do que s\u00f3 palavras, literatura e reist\u00eancia\u201d foi o tema do Slam realizado pela Secretaria Municipal de Educa\u00e7\u00e3o (SEDUC), nesta quarta-feira (30), em parceria com o IV F\u00f3rum da Juventude Preta Baiana, em alus\u00e3o ao m\u00eas da Consci\u00eancia Negra. A atividade foi promovida pelo IFARAD\u00c1, N\u00facleo de Educa\u00e7\u00e3o Quilombola da SEDUC. \u201c\u00c9 mais\" \/>\n\t\t<meta property=\"og:url\" content=\"https:\/\/newsinfoco.com.br\/inicio\/novembro-da-consciencia-negra-2022-slam-interescolar-municipal-e-realizado-na-camara-municipal-de-vereadores\/\" \/>\n\t\t<meta property=\"article:published_time\" content=\"2022-11-30T22:59:49+00:00\" \/>\n\t\t<meta property=\"article:modified_time\" content=\"2022-11-30T22:59:49+00:00\" \/>\n\t\t<meta name=\"twitter:card\" content=\"summary_large_image\" \/>\n\t\t<meta name=\"twitter:title\" content=\"Novembro da Consci\u00eancia Negra 2022 \u2013 Slam Interescolar Municipal \u00e9 realizado na C\u00e2mara Municipal de Vereadores - News In Foco - Editado por Caio Pimenta\" \/>\n\t\t<meta name=\"twitter:description\" content=\"\u201cMuito mais do que s\u00f3 palavras, literatura e reist\u00eancia\u201d foi o tema do Slam realizado pela Secretaria Municipal de Educa\u00e7\u00e3o (SEDUC), nesta quarta-feira (30), em parceria com o IV F\u00f3rum da Juventude Preta Baiana, em alus\u00e3o ao m\u00eas da Consci\u00eancia Negra. A atividade foi promovida pelo IFARAD\u00c1, N\u00facleo de Educa\u00e7\u00e3o Quilombola da SEDUC. \u201c\u00c9 mais\" \/>\n\t\t<script type=\"application\/ld+json\" class=\"aioseo-schema\">\n\t\t\t{\"@context\":\"https:\\\/\\\/schema.org\",\"@graph\":[{\"@type\":\"BlogPosting\",\"@id\":\"https:\\\/\\\/newsinfoco.com.br\\\/inicio\\\/novembro-da-consciencia-negra-2022-slam-interescolar-municipal-e-realizado-na-camara-municipal-de-vereadores\\\/#blogposting\",\"name\":\"Novembro da Consci\\u00eancia Negra 2022 \\u2013 Slam Interescolar Municipal \\u00e9 realizado na C\\u00e2mara Municipal de Vereadores - News In Foco - Editado por Caio Pimenta\",\"headline\":\"Novembro da Consci\\u00eancia Negra 2022 \\u2013 Slam Interescolar Municipal \\u00e9 realizado na C\\u00e2mara Municipal de Vereadores\",\"author\":{\"@id\":\"https:\\\/\\\/newsinfoco.com.br\\\/inicio\\\/author\\\/administrador\\\/#author\"},\"publisher\":{\"@id\":\"https:\\\/\\\/newsinfoco.com.br\\\/inicio\\\/#organization\"},\"image\":{\"@type\":\"ImageObject\",\"url\":\"https:\\\/\\\/newsinfoco.com.br\\\/inicio\\\/wp-content\\\/uploads\\\/2022\\\/11\\\/WhatsApp-Image-2022-11-30-at-11.01.37-550x368-1.jpeg\",\"width\":550,\"height\":368},\"datePublished\":\"2022-11-30T19:59:49-03:00\",\"dateModified\":\"2022-11-30T19:59:49-03:00\",\"inLanguage\":\"pt-BR\",\"mainEntityOfPage\":{\"@id\":\"https:\\\/\\\/newsinfoco.com.br\\\/inicio\\\/novembro-da-consciencia-negra-2022-slam-interescolar-municipal-e-realizado-na-camara-municipal-de-vereadores\\\/#webpage\"},\"isPartOf\":{\"@id\":\"https:\\\/\\\/newsinfoco.com.br\\\/inicio\\\/novembro-da-consciencia-negra-2022-slam-interescolar-municipal-e-realizado-na-camara-municipal-de-vereadores\\\/#webpage\"},\"articleSection\":\"Alagoinhas e Regi\\u00e3o, Manchete\"},{\"@type\":\"BreadcrumbList\",\"@id\":\"https:\\\/\\\/newsinfoco.com.br\\\/inicio\\\/novembro-da-consciencia-negra-2022-slam-interescolar-municipal-e-realizado-na-camara-municipal-de-vereadores\\\/#breadcrumblist\",\"itemListElement\":[{\"@type\":\"ListItem\",\"@id\":\"https:\\\/\\\/newsinfoco.com.br\\\/inicio#listItem\",\"position\":1,\"name\":\"In\\u00edcio\",\"item\":\"https:\\\/\\\/newsinfoco.com.br\\\/inicio\",\"nextItem\":{\"@type\":\"ListItem\",\"@id\":\"https:\\\/\\\/newsinfoco.com.br\\\/inicio\\\/category\\\/alagoinhas-e-regiao\\\/#listItem\",\"name\":\"Alagoinhas e Regi\\u00e3o\"}},{\"@type\":\"ListItem\",\"@id\":\"https:\\\/\\\/newsinfoco.com.br\\\/inicio\\\/category\\\/alagoinhas-e-regiao\\\/#listItem\",\"position\":2,\"name\":\"Alagoinhas e Regi\\u00e3o\",\"item\":\"https:\\\/\\\/newsinfoco.com.br\\\/inicio\\\/category\\\/alagoinhas-e-regiao\\\/\",\"nextItem\":{\"@type\":\"ListItem\",\"@id\":\"https:\\\/\\\/newsinfoco.com.br\\\/inicio\\\/novembro-da-consciencia-negra-2022-slam-interescolar-municipal-e-realizado-na-camara-municipal-de-vereadores\\\/#listItem\",\"name\":\"Novembro da Consci\\u00eancia Negra 2022 \\u2013 Slam Interescolar Municipal \\u00e9 realizado na C\\u00e2mara Municipal de Vereadores\"},\"previousItem\":{\"@type\":\"ListItem\",\"@id\":\"https:\\\/\\\/newsinfoco.com.br\\\/inicio#listItem\",\"name\":\"In\\u00edcio\"}},{\"@type\":\"ListItem\",\"@id\":\"https:\\\/\\\/newsinfoco.com.br\\\/inicio\\\/novembro-da-consciencia-negra-2022-slam-interescolar-municipal-e-realizado-na-camara-municipal-de-vereadores\\\/#listItem\",\"position\":3,\"name\":\"Novembro da Consci\\u00eancia Negra 2022 \\u2013 Slam Interescolar Municipal \\u00e9 realizado na C\\u00e2mara Municipal de Vereadores\",\"previousItem\":{\"@type\":\"ListItem\",\"@id\":\"https:\\\/\\\/newsinfoco.com.br\\\/inicio\\\/category\\\/alagoinhas-e-regiao\\\/#listItem\",\"name\":\"Alagoinhas e Regi\\u00e3o\"}}]},{\"@type\":\"Organization\",\"@id\":\"https:\\\/\\\/newsinfoco.com.br\\\/inicio\\\/#organization\",\"name\":\"News In Foco - Editado por Caio Pimenta\",\"description\":\"O principal site de noticias de Alagoinhas e regi\\u00e3o\",\"url\":\"https:\\\/\\\/newsinfoco.com.br\\\/inicio\\\/\"},{\"@type\":\"Person\",\"@id\":\"https:\\\/\\\/newsinfoco.com.br\\\/inicio\\\/author\\\/administrador\\\/#author\",\"url\":\"https:\\\/\\\/newsinfoco.com.br\\\/inicio\\\/author\\\/administrador\\\/\",\"name\":\"administrador\",\"image\":{\"@type\":\"ImageObject\",\"@id\":\"https:\\\/\\\/newsinfoco.com.br\\\/inicio\\\/novembro-da-consciencia-negra-2022-slam-interescolar-municipal-e-realizado-na-camara-municipal-de-vereadores\\\/#authorImage\",\"url\":\"https:\\\/\\\/secure.gravatar.com\\\/avatar\\\/c17a617433de8c1dc9584bb79aab7563b46f5bb7e1728c9b17d9cc3ce6a08e49?s=96&d=mm&r=g\",\"width\":96,\"height\":96,\"caption\":\"administrador\"}},{\"@type\":\"WebPage\",\"@id\":\"https:\\\/\\\/newsinfoco.com.br\\\/inicio\\\/novembro-da-consciencia-negra-2022-slam-interescolar-municipal-e-realizado-na-camara-municipal-de-vereadores\\\/#webpage\",\"url\":\"https:\\\/\\\/newsinfoco.com.br\\\/inicio\\\/novembro-da-consciencia-negra-2022-slam-interescolar-municipal-e-realizado-na-camara-municipal-de-vereadores\\\/\",\"name\":\"Novembro da Consci\\u00eancia Negra 2022 \\u2013 Slam Interescolar Municipal \\u00e9 realizado na C\\u00e2mara Municipal de Vereadores - News In Foco - Editado por Caio Pimenta\",\"description\":\"\\u201cMuito mais do que s\\u00f3 palavras, literatura e reist\\u00eancia\\u201d foi o tema do Slam realizado pela Secretaria Municipal de Educa\\u00e7\\u00e3o (SEDUC), nesta quarta-feira (30), em parceria com o IV F\\u00f3rum da Juventude Preta Baiana, em alus\\u00e3o ao m\\u00eas da Consci\\u00eancia Negra. A atividade foi promovida pelo IFARAD\\u00c1, N\\u00facleo de Educa\\u00e7\\u00e3o Quilombola da SEDUC. \\u201c\\u00c9 mais\",\"inLanguage\":\"pt-BR\",\"isPartOf\":{\"@id\":\"https:\\\/\\\/newsinfoco.com.br\\\/inicio\\\/#website\"},\"breadcrumb\":{\"@id\":\"https:\\\/\\\/newsinfoco.com.br\\\/inicio\\\/novembro-da-consciencia-negra-2022-slam-interescolar-municipal-e-realizado-na-camara-municipal-de-vereadores\\\/#breadcrumblist\"},\"author\":{\"@id\":\"https:\\\/\\\/newsinfoco.com.br\\\/inicio\\\/author\\\/administrador\\\/#author\"},\"creator\":{\"@id\":\"https:\\\/\\\/newsinfoco.com.br\\\/inicio\\\/author\\\/administrador\\\/#author\"},\"image\":{\"@type\":\"ImageObject\",\"url\":\"https:\\\/\\\/newsinfoco.com.br\\\/inicio\\\/wp-content\\\/uploads\\\/2022\\\/11\\\/WhatsApp-Image-2022-11-30-at-11.01.37-550x368-1.jpeg\",\"@id\":\"https:\\\/\\\/newsinfoco.com.br\\\/inicio\\\/novembro-da-consciencia-negra-2022-slam-interescolar-municipal-e-realizado-na-camara-municipal-de-vereadores\\\/#mainImage\",\"width\":550,\"height\":368},\"primaryImageOfPage\":{\"@id\":\"https:\\\/\\\/newsinfoco.com.br\\\/inicio\\\/novembro-da-consciencia-negra-2022-slam-interescolar-municipal-e-realizado-na-camara-municipal-de-vereadores\\\/#mainImage\"},\"datePublished\":\"2022-11-30T19:59:49-03:00\",\"dateModified\":\"2022-11-30T19:59:49-03:00\"},{\"@type\":\"WebSite\",\"@id\":\"https:\\\/\\\/newsinfoco.com.br\\\/inicio\\\/#website\",\"url\":\"https:\\\/\\\/newsinfoco.com.br\\\/inicio\\\/\",\"name\":\"News In Foco - Editado por Caio Pimenta\",\"description\":\"O principal site de noticias de Alagoinhas e regi\\u00e3o\",\"inLanguage\":\"pt-BR\",\"publisher\":{\"@id\":\"https:\\\/\\\/newsinfoco.com.br\\\/inicio\\\/#organization\"}}]}\n\t\t<\/script>\n\t\t<!-- All in One SEO -->\n\n","aioseo_head_json":{"title":"Novembro da Consci\u00eancia Negra 2022 \u2013 Slam Interescolar Municipal \u00e9 realizado na C\u00e2mara Municipal de Vereadores - News In Foco - Editado por Caio Pimenta","description":"\u201cMuito mais do que s\u00f3 palavras, literatura e reist\u00eancia\u201d foi o tema do Slam realizado pela Secretaria Municipal de Educa\u00e7\u00e3o (SEDUC), nesta quarta-feira (30), em parceria com o IV F\u00f3rum da Juventude Preta Baiana, em alus\u00e3o ao m\u00eas da Consci\u00eancia Negra. A atividade foi promovida pelo IFARAD\u00c1, N\u00facleo de Educa\u00e7\u00e3o Quilombola da SEDUC. \u201c\u00c9 mais","canonical_url":"https:\/\/newsinfoco.com.br\/inicio\/novembro-da-consciencia-negra-2022-slam-interescolar-municipal-e-realizado-na-camara-municipal-de-vereadores\/","robots":"max-image-preview:large","keywords":"","webmasterTools":{"miscellaneous":""},"schema":{"@context":"https:\/\/schema.org","@graph":[{"@type":"BlogPosting","@id":"https:\/\/newsinfoco.com.br\/inicio\/novembro-da-consciencia-negra-2022-slam-interescolar-municipal-e-realizado-na-camara-municipal-de-vereadores\/#blogposting","name":"Novembro da Consci\u00eancia Negra 2022 \u2013 Slam Interescolar Municipal \u00e9 realizado na C\u00e2mara Municipal de Vereadores - News In Foco - Editado por Caio Pimenta","headline":"Novembro da Consci\u00eancia Negra 2022 \u2013 Slam Interescolar Municipal \u00e9 realizado na C\u00e2mara Municipal de Vereadores","author":{"@id":"https:\/\/newsinfoco.com.br\/inicio\/author\/administrador\/#author"},"publisher":{"@id":"https:\/\/newsinfoco.com.br\/inicio\/#organization"},"image":{"@type":"ImageObject","url":"https:\/\/newsinfoco.com.br\/inicio\/wp-content\/uploads\/2022\/11\/WhatsApp-Image-2022-11-30-at-11.01.37-550x368-1.jpeg","width":550,"height":368},"datePublished":"2022-11-30T19:59:49-03:00","dateModified":"2022-11-30T19:59:49-03:00","inLanguage":"pt-BR","mainEntityOfPage":{"@id":"https:\/\/newsinfoco.com.br\/inicio\/novembro-da-consciencia-negra-2022-slam-interescolar-municipal-e-realizado-na-camara-municipal-de-vereadores\/#webpage"},"isPartOf":{"@id":"https:\/\/newsinfoco.com.br\/inicio\/novembro-da-consciencia-negra-2022-slam-interescolar-municipal-e-realizado-na-camara-municipal-de-vereadores\/#webpage"},"articleSection":"Alagoinhas e Regi\u00e3o, Manchete"},{"@type":"BreadcrumbList","@id":"https:\/\/newsinfoco.com.br\/inicio\/novembro-da-consciencia-negra-2022-slam-interescolar-municipal-e-realizado-na-camara-municipal-de-vereadores\/#breadcrumblist","itemListElement":[{"@type":"ListItem","@id":"https:\/\/newsinfoco.com.br\/inicio#listItem","position":1,"name":"In\u00edcio","item":"https:\/\/newsinfoco.com.br\/inicio","nextItem":{"@type":"ListItem","@id":"https:\/\/newsinfoco.com.br\/inicio\/category\/alagoinhas-e-regiao\/#listItem","name":"Alagoinhas e Regi\u00e3o"}},{"@type":"ListItem","@id":"https:\/\/newsinfoco.com.br\/inicio\/category\/alagoinhas-e-regiao\/#listItem","position":2,"name":"Alagoinhas e Regi\u00e3o","item":"https:\/\/newsinfoco.com.br\/inicio\/category\/alagoinhas-e-regiao\/","nextItem":{"@type":"ListItem","@id":"https:\/\/newsinfoco.com.br\/inicio\/novembro-da-consciencia-negra-2022-slam-interescolar-municipal-e-realizado-na-camara-municipal-de-vereadores\/#listItem","name":"Novembro da Consci\u00eancia Negra 2022 \u2013 Slam Interescolar Municipal \u00e9 realizado na C\u00e2mara Municipal de Vereadores"},"previousItem":{"@type":"ListItem","@id":"https:\/\/newsinfoco.com.br\/inicio#listItem","name":"In\u00edcio"}},{"@type":"ListItem","@id":"https:\/\/newsinfoco.com.br\/inicio\/novembro-da-consciencia-negra-2022-slam-interescolar-municipal-e-realizado-na-camara-municipal-de-vereadores\/#listItem","position":3,"name":"Novembro da Consci\u00eancia Negra 2022 \u2013 Slam Interescolar Municipal \u00e9 realizado na C\u00e2mara Municipal de Vereadores","previousItem":{"@type":"ListItem","@id":"https:\/\/newsinfoco.com.br\/inicio\/category\/alagoinhas-e-regiao\/#listItem","name":"Alagoinhas e Regi\u00e3o"}}]},{"@type":"Organization","@id":"https:\/\/newsinfoco.com.br\/inicio\/#organization","name":"News In Foco - Editado por Caio Pimenta","description":"O principal site de noticias de Alagoinhas e regi\u00e3o","url":"https:\/\/newsinfoco.com.br\/inicio\/"},{"@type":"Person","@id":"https:\/\/newsinfoco.com.br\/inicio\/author\/administrador\/#author","url":"https:\/\/newsinfoco.com.br\/inicio\/author\/administrador\/","name":"administrador","image":{"@type":"ImageObject","@id":"https:\/\/newsinfoco.com.br\/inicio\/novembro-da-consciencia-negra-2022-slam-interescolar-municipal-e-realizado-na-camara-municipal-de-vereadores\/#authorImage","url":"https:\/\/secure.gravatar.com\/avatar\/c17a617433de8c1dc9584bb79aab7563b46f5bb7e1728c9b17d9cc3ce6a08e49?s=96&d=mm&r=g","width":96,"height":96,"caption":"administrador"}},{"@type":"WebPage","@id":"https:\/\/newsinfoco.com.br\/inicio\/novembro-da-consciencia-negra-2022-slam-interescolar-municipal-e-realizado-na-camara-municipal-de-vereadores\/#webpage","url":"https:\/\/newsinfoco.com.br\/inicio\/novembro-da-consciencia-negra-2022-slam-interescolar-municipal-e-realizado-na-camara-municipal-de-vereadores\/","name":"Novembro da Consci\u00eancia Negra 2022 \u2013 Slam Interescolar Municipal \u00e9 realizado na C\u00e2mara Municipal de Vereadores - News In Foco - Editado por Caio Pimenta","description":"\u201cMuito mais do que s\u00f3 palavras, literatura e reist\u00eancia\u201d foi o tema do Slam realizado pela Secretaria Municipal de Educa\u00e7\u00e3o (SEDUC), nesta quarta-feira (30), em parceria com o IV F\u00f3rum da Juventude Preta Baiana, em alus\u00e3o ao m\u00eas da Consci\u00eancia Negra. A atividade foi promovida pelo IFARAD\u00c1, N\u00facleo de Educa\u00e7\u00e3o Quilombola da SEDUC. \u201c\u00c9 mais","inLanguage":"pt-BR","isPartOf":{"@id":"https:\/\/newsinfoco.com.br\/inicio\/#website"},"breadcrumb":{"@id":"https:\/\/newsinfoco.com.br\/inicio\/novembro-da-consciencia-negra-2022-slam-interescolar-municipal-e-realizado-na-camara-municipal-de-vereadores\/#breadcrumblist"},"author":{"@id":"https:\/\/newsinfoco.com.br\/inicio\/author\/administrador\/#author"},"creator":{"@id":"https:\/\/newsinfoco.com.br\/inicio\/author\/administrador\/#author"},"image":{"@type":"ImageObject","url":"https:\/\/newsinfoco.com.br\/inicio\/wp-content\/uploads\/2022\/11\/WhatsApp-Image-2022-11-30-at-11.01.37-550x368-1.jpeg","@id":"https:\/\/newsinfoco.com.br\/inicio\/novembro-da-consciencia-negra-2022-slam-interescolar-municipal-e-realizado-na-camara-municipal-de-vereadores\/#mainImage","width":550,"height":368},"primaryImageOfPage":{"@id":"https:\/\/newsinfoco.com.br\/inicio\/novembro-da-consciencia-negra-2022-slam-interescolar-municipal-e-realizado-na-camara-municipal-de-vereadores\/#mainImage"},"datePublished":"2022-11-30T19:59:49-03:00","dateModified":"2022-11-30T19:59:49-03:00"},{"@type":"WebSite","@id":"https:\/\/newsinfoco.com.br\/inicio\/#website","url":"https:\/\/newsinfoco.com.br\/inicio\/","name":"News In Foco - Editado por Caio Pimenta","description":"O principal site de noticias de Alagoinhas e regi\u00e3o","inLanguage":"pt-BR","publisher":{"@id":"https:\/\/newsinfoco.com.br\/inicio\/#organization"}}]},"og:locale":"pt_BR","og:site_name":"News In Foco - Editado por Caio Pimenta - O principal site de noticias de Alagoinhas e regi\u00e3o","og:type":"article","og:title":"Novembro da Consci\u00eancia Negra 2022 \u2013 Slam Interescolar Municipal \u00e9 realizado na C\u00e2mara Municipal de Vereadores - News In Foco - Editado por Caio Pimenta","og:description":"\u201cMuito mais do que s\u00f3 palavras, literatura e reist\u00eancia\u201d foi o tema do Slam realizado pela Secretaria Municipal de Educa\u00e7\u00e3o (SEDUC), nesta quarta-feira (30), em parceria com o IV F\u00f3rum da Juventude Preta Baiana, em alus\u00e3o ao m\u00eas da Consci\u00eancia Negra. A atividade foi promovida pelo IFARAD\u00c1, N\u00facleo de Educa\u00e7\u00e3o Quilombola da SEDUC. \u201c\u00c9 mais","og:url":"https:\/\/newsinfoco.com.br\/inicio\/novembro-da-consciencia-negra-2022-slam-interescolar-municipal-e-realizado-na-camara-municipal-de-vereadores\/","article:published_time":"2022-11-30T22:59:49+00:00","article:modified_time":"2022-11-30T22:59:49+00:00","twitter:card":"summary_large_image","twitter:title":"Novembro da Consci\u00eancia Negra 2022 \u2013 Slam Interescolar Municipal \u00e9 realizado na C\u00e2mara Municipal de Vereadores - News In Foco - Editado por Caio Pimenta","twitter:description":"\u201cMuito mais do que s\u00f3 palavras, literatura e reist\u00eancia\u201d foi o tema do Slam realizado pela Secretaria Municipal de Educa\u00e7\u00e3o (SEDUC), nesta quarta-feira (30), em parceria com o IV F\u00f3rum da Juventude Preta Baiana, em alus\u00e3o ao m\u00eas da Consci\u00eancia Negra. A atividade foi promovida pelo IFARAD\u00c1, N\u00facleo de Educa\u00e7\u00e3o Quilombola da SEDUC. \u201c\u00c9 mais"},"aioseo_meta_data":{"post_id":"32060","title":null,"description":null,"keywords":null,"keyphrases":null,"primary_term":null,"canonical_url":null,"og_title":null,"og_description":null,"og_object_type":"default","og_image_type":"default","og_image_url":null,"og_image_width":null,"og_image_height":null,"og_image_custom_url":null,"og_image_custom_fields":null,"og_video":null,"og_custom_url":null,"og_article_section":null,"og_article_tags":null,"twitter_use_og":false,"twitter_card":"default","twitter_image_type":"default","twitter_image_url":null,"twitter_image_custom_url":null,"twitter_image_custom_fields":null,"twitter_title":null,"twitter_description":null,"schema":{"blockGraphs":[],"customGraphs":[],"default":{"data":{"Article":[],"Course":[],"Dataset":[],"FAQPage":[],"Movie":[],"Person":[],"Product":[],"ProductReview":[],"Car":[],"Recipe":[],"Service":[],"SoftwareApplication":[],"WebPage":[]},"graphName":"","isEnabled":true},"graphs":[]},"schema_type":"default","schema_type_options":null,"pillar_content":false,"robots_default":true,"robots_noindex":false,"robots_noarchive":false,"robots_nosnippet":false,"robots_nofollow":false,"robots_noimageindex":false,"robots_noodp":false,"robots_notranslate":false,"robots_max_snippet":null,"robots_max_videopreview":null,"robots_max_imagepreview":"large","priority":null,"frequency":null,"local_seo":null,"breadcrumb_settings":null,"limit_modified_date":false,"ai":null,"created":"2023-06-12 22:25:44","updated":"2025-07-11 08:41:01","seo_analyzer_scan_date":null},"aioseo_breadcrumb":"<div class=\"aioseo-breadcrumbs\"><span class=\"aioseo-breadcrumb\">\n\t\t\t<a href=\"https:\/\/newsinfoco.com.br\/inicio\" title=\"In\u00edcio\">In\u00edcio<\/a>\n\t\t<\/span><span class=\"aioseo-breadcrumb-separator\">&raquo;<\/span><span class=\"aioseo-breadcrumb\">\n\t\t\t<a href=\"https:\/\/newsinfoco.com.br\/inicio\/category\/alagoinhas-e-regiao\/\" title=\"Alagoinhas e Regi\u00e3o\">Alagoinhas e Regi\u00e3o<\/a>\n\t\t<\/span><span class=\"aioseo-breadcrumb-separator\">&raquo;<\/span><span class=\"aioseo-breadcrumb\">\n\t\t\tNovembro da Consci\u00eancia Negra 2022 \u2013 Slam Interescolar Municipal \u00e9 realizado na C\u00e2mara Municipal de Vereadores\n\t\t<\/span><\/div>","aioseo_breadcrumb_json":[{"label":"In\u00edcio","link":"https:\/\/newsinfoco.com.br\/inicio"},{"label":"Alagoinhas e Regi\u00e3o","link":"https:\/\/newsinfoco.com.br\/inicio\/category\/alagoinhas-e-regiao\/"},{"label":"Novembro da Consci\u00eancia Negra 2022 \u2013 Slam Interescolar Municipal \u00e9 realizado na C\u00e2mara Municipal de Vereadores","link":"https:\/\/newsinfoco.com.br\/inicio\/novembro-da-consciencia-negra-2022-slam-interescolar-municipal-e-realizado-na-camara-municipal-de-vereadores\/"}],"_links":{"self":[{"href":"https:\/\/newsinfoco.com.br\/inicio\/wp-json\/wp\/v2\/posts\/32060","targetHints":{"allow":["GET"]}}],"collection":[{"href":"https:\/\/newsinfoco.com.br\/inicio\/wp-json\/wp\/v2\/posts"}],"about":[{"href":"https:\/\/newsinfoco.com.br\/inicio\/wp-json\/wp\/v2\/types\/post"}],"author":[{"embeddable":true,"href":"https:\/\/newsinfoco.com.br\/inicio\/wp-json\/wp\/v2\/users\/1"}],"replies":[{"embeddable":true,"href":"https:\/\/newsinfoco.com.br\/inicio\/wp-json\/wp\/v2\/comments?post=32060"}],"version-history":[{"count":1,"href":"https:\/\/newsinfoco.com.br\/inicio\/wp-json\/wp\/v2\/posts\/32060\/revisions"}],"predecessor-version":[{"id":32061,"href":"https:\/\/newsinfoco.com.br\/inicio\/wp-json\/wp\/v2\/posts\/32060\/revisions\/32061"}],"wp:featuredmedia":[{"embeddable":true,"href":"https:\/\/newsinfoco.com.br\/inicio\/wp-json\/wp\/v2\/media\/32057"}],"wp:attachment":[{"href":"https:\/\/newsinfoco.com.br\/inicio\/wp-json\/wp\/v2\/media?parent=32060"}],"wp:term":[{"taxonomy":"category","embeddable":true,"href":"https:\/\/newsinfoco.com.br\/inicio\/wp-json\/wp\/v2\/categories?post=32060"},{"taxonomy":"post_tag","embeddable":true,"href":"https:\/\/newsinfoco.com.br\/inicio\/wp-json\/wp\/v2\/tags?post=32060"}],"curies":[{"name":"wp","href":"https:\/\/api.w.org\/{rel}","templated":true}]}}