{"id":32068,"date":"2022-12-02T09:34:37","date_gmt":"2022-12-02T12:34:37","guid":{"rendered":"https:\/\/newsinfoco.com.br\/inicio\/?p=32068"},"modified":"2022-12-02T09:34:37","modified_gmt":"2022-12-02T12:34:37","slug":"em-parceria-com-a-prefeitura-de-alagoinhas-programa-aabb-comunidade-leva-unidade-movel-de-saude-aos-estudantes-da-rede-publica","status":"publish","type":"post","link":"https:\/\/newsinfoco.com.br\/inicio\/em-parceria-com-a-prefeitura-de-alagoinhas-programa-aabb-comunidade-leva-unidade-movel-de-saude-aos-estudantes-da-rede-publica\/","title":{"rendered":"Em parceria com a Prefeitura de Alagoinhas, Programa AABB Comunidade leva unidade m\u00f3vel de sa\u00fade aos estudantes da rede p\u00fablica"},"content":{"rendered":"<p class=\"p1\"><span class=\"s1\">Na manh\u00e3 da \u00faltima quinta-feira (01), o Programa AABB Comunidade, parceiro da Prefeitura Municipal de Alagoinhas, por meio da Secretaria de Sa\u00fade (SESAU), levou a unidade m\u00f3vel para realizar servi\u00e7os de sa\u00fade aos estudantes matriculados no projeto, oriundos da rede estadual e municipal.<\/span><\/p>\n<p class=\"p1\"><a class=\"group1 cboxElement\" href=\"https:\/\/www.alagoinhas.ba.gov.br\/wp-content\/uploads\/2022\/12\/7EA77695-CAD5-4CB1-83F9-892F4A4EDDF8.jpeg\"><img loading=\"lazy\" decoding=\"async\" class=\"aligncenter size-large wp-image-62176\" src=\"https:\/\/www.alagoinhas.ba.gov.br\/wp-content\/uploads\/2022\/12\/7EA77695-CAD5-4CB1-83F9-892F4A4EDDF8-1024x682.jpeg\" sizes=\"auto, (max-width: 800px) 100vw, 800px\" srcset=\"https:\/\/www.alagoinhas.ba.gov.br\/wp-content\/uploads\/2022\/12\/7EA77695-CAD5-4CB1-83F9-892F4A4EDDF8-1024x682.jpeg 1024w, https:\/\/www.alagoinhas.ba.gov.br\/wp-content\/uploads\/2022\/12\/7EA77695-CAD5-4CB1-83F9-892F4A4EDDF8-300x200.jpeg 300w, https:\/\/www.alagoinhas.ba.gov.br\/wp-content\/uploads\/2022\/12\/7EA77695-CAD5-4CB1-83F9-892F4A4EDDF8-768x512.jpeg 768w, https:\/\/www.alagoinhas.ba.gov.br\/wp-content\/uploads\/2022\/12\/7EA77695-CAD5-4CB1-83F9-892F4A4EDDF8-126x84.jpeg 126w, https:\/\/www.alagoinhas.ba.gov.br\/wp-content\/uploads\/2022\/12\/7EA77695-CAD5-4CB1-83F9-892F4A4EDDF8.jpeg 1280w\" alt=\"\" width=\"800\" height=\"533\" \/><\/a><\/p>\n<p class=\"p1\"><span class=\"s1\">\u201cEssa \u00e9 uma das parcerias que a gente tem: a unidade m\u00f3vel de sa\u00fade atrav\u00e9s da Secretaria de Sa\u00fade. Todas as crian\u00e7as nossas tem direito, de forma obrigat\u00f3ria, a dois atendimentos m\u00e9dico e odontol\u00f3gico durante o ano. Como n\u00f3s iniciamos no segundo semestre esse atendimento est\u00e1 sendo realizado hoje\u201d, explicou Eliane Chagas Vila Flor, coordenadora do Programa Integra\u00e7\u00e3o AABB Comunidade.<\/span><\/p>\n<p class=\"p1\"><a class=\"group1 cboxElement\" href=\"https:\/\/www.alagoinhas.ba.gov.br\/wp-content\/uploads\/2022\/12\/EACC9179-86A2-4714-9DEC-45854AA9681F.jpeg\"><img loading=\"lazy\" decoding=\"async\" class=\"aligncenter size-large wp-image-62177\" src=\"https:\/\/www.alagoinhas.ba.gov.br\/wp-content\/uploads\/2022\/12\/EACC9179-86A2-4714-9DEC-45854AA9681F-1024x682.jpeg\" sizes=\"auto, (max-width: 800px) 100vw, 800px\" srcset=\"https:\/\/www.alagoinhas.ba.gov.br\/wp-content\/uploads\/2022\/12\/EACC9179-86A2-4714-9DEC-45854AA9681F-1024x682.jpeg 1024w, https:\/\/www.alagoinhas.ba.gov.br\/wp-content\/uploads\/2022\/12\/EACC9179-86A2-4714-9DEC-45854AA9681F-300x200.jpeg 300w, https:\/\/www.alagoinhas.ba.gov.br\/wp-content\/uploads\/2022\/12\/EACC9179-86A2-4714-9DEC-45854AA9681F-768x512.jpeg 768w, https:\/\/www.alagoinhas.ba.gov.br\/wp-content\/uploads\/2022\/12\/EACC9179-86A2-4714-9DEC-45854AA9681F-126x84.jpeg 126w, https:\/\/www.alagoinhas.ba.gov.br\/wp-content\/uploads\/2022\/12\/EACC9179-86A2-4714-9DEC-45854AA9681F.jpeg 1280w\" alt=\"\" width=\"800\" height=\"533\" \/><\/a><\/p>\n<p class=\"p1\"><span class=\"s1\">Durante a a\u00e7\u00e3o foram ofertados os servi\u00e7os de atendimento odontol\u00f3gico, m\u00e9dico, cl\u00ednico geral, vacina\u00e7\u00e3o COVID-19 e de rotina para as crian\u00e7as. Tamb\u00e9m houve atendimentos para familiares e amigos com preventivo, atendimento ginecol\u00f3gico e tamb\u00e9m a vacina\u00e7\u00e3o contra a COVID.<\/span><\/p>\n<p class=\"p1\"><a class=\"group1 cboxElement\" href=\"https:\/\/www.alagoinhas.ba.gov.br\/wp-content\/uploads\/2022\/12\/5F71D7A3-4C51-428C-BC7E-3AC4A122346A.jpeg\"><img loading=\"lazy\" decoding=\"async\" class=\"aligncenter size-large wp-image-62178\" src=\"https:\/\/www.alagoinhas.ba.gov.br\/wp-content\/uploads\/2022\/12\/5F71D7A3-4C51-428C-BC7E-3AC4A122346A-1024x682.jpeg\" sizes=\"auto, (max-width: 800px) 100vw, 800px\" srcset=\"https:\/\/www.alagoinhas.ba.gov.br\/wp-content\/uploads\/2022\/12\/5F71D7A3-4C51-428C-BC7E-3AC4A122346A-1024x682.jpeg 1024w, https:\/\/www.alagoinhas.ba.gov.br\/wp-content\/uploads\/2022\/12\/5F71D7A3-4C51-428C-BC7E-3AC4A122346A-300x200.jpeg 300w, https:\/\/www.alagoinhas.ba.gov.br\/wp-content\/uploads\/2022\/12\/5F71D7A3-4C51-428C-BC7E-3AC4A122346A-768x512.jpeg 768w, https:\/\/www.alagoinhas.ba.gov.br\/wp-content\/uploads\/2022\/12\/5F71D7A3-4C51-428C-BC7E-3AC4A122346A-126x84.jpeg 126w, https:\/\/www.alagoinhas.ba.gov.br\/wp-content\/uploads\/2022\/12\/5F71D7A3-4C51-428C-BC7E-3AC4A122346A.jpeg 1280w\" alt=\"\" width=\"800\" height=\"533\" \/><\/a><\/p>\n<p class=\"p1\"><span class=\"s1\">Para Nagila Nayara Silva Lima, 30 anos, m\u00e3e de aluno do projeto, a\u00e7\u00f5es como essas democratizam o acesso \u00e0 servi\u00e7os de sa\u00fade no munic\u00edpio. \u201cFicou muito melhor porque facilita mais o transporte, n\u00e3o precisando se locomover para outros lugares. Eu achei muito legal. Podia ter v\u00e1rias vezes mais vezes\u201d, afirmou.<\/span><\/p>\n<p class=\"p1\"><a class=\"group1 cboxElement\" href=\"https:\/\/www.alagoinhas.ba.gov.br\/wp-content\/uploads\/2022\/12\/785B707A-EC8E-42CC-81D6-E4A1271189D1.jpeg\"><img loading=\"lazy\" decoding=\"async\" class=\"aligncenter size-large wp-image-62179\" src=\"https:\/\/www.alagoinhas.ba.gov.br\/wp-content\/uploads\/2022\/12\/785B707A-EC8E-42CC-81D6-E4A1271189D1-1024x682.jpeg\" sizes=\"auto, (max-width: 800px) 100vw, 800px\" srcset=\"https:\/\/www.alagoinhas.ba.gov.br\/wp-content\/uploads\/2022\/12\/785B707A-EC8E-42CC-81D6-E4A1271189D1-1024x682.jpeg 1024w, https:\/\/www.alagoinhas.ba.gov.br\/wp-content\/uploads\/2022\/12\/785B707A-EC8E-42CC-81D6-E4A1271189D1-300x200.jpeg 300w, https:\/\/www.alagoinhas.ba.gov.br\/wp-content\/uploads\/2022\/12\/785B707A-EC8E-42CC-81D6-E4A1271189D1-768x512.jpeg 768w, https:\/\/www.alagoinhas.ba.gov.br\/wp-content\/uploads\/2022\/12\/785B707A-EC8E-42CC-81D6-E4A1271189D1-126x84.jpeg 126w, https:\/\/www.alagoinhas.ba.gov.br\/wp-content\/uploads\/2022\/12\/785B707A-EC8E-42CC-81D6-E4A1271189D1.jpeg 1280w\" alt=\"\" width=\"800\" height=\"533\" \/><\/a><\/p>\n<p class=\"p1\"><span class=\"s1\">A Prefeitura firma este conv\u00eanio a cada quatro anos com os seus instituidores: Federa\u00e7\u00e3o Nacional das AABB\u2019s (FENABB) e a Funda\u00e7\u00e3o Banco do Brasil (FBB), com parcerias locais estabelecidas com a Associa\u00e7\u00e3o Atl\u00e9tica do Banco do Brasil (AABB), o Conselho Estadual das AABB\u2019s, as fam\u00edlias, as escolas, os educadores, Conselho Municipal da Crian\u00e7a e do Adolescente e do Conselho Tutelar e lideran\u00e7as.<\/span><\/p>\n<p class=\"p1\"><a class=\"group1 cboxElement\" href=\"https:\/\/www.alagoinhas.ba.gov.br\/wp-content\/uploads\/2022\/12\/F9035F8D-86C4-4448-9D0F-75A9F77D73D8.jpeg\"><img loading=\"lazy\" decoding=\"async\" class=\"aligncenter size-large wp-image-62180\" src=\"https:\/\/www.alagoinhas.ba.gov.br\/wp-content\/uploads\/2022\/12\/F9035F8D-86C4-4448-9D0F-75A9F77D73D8-1024x682.jpeg\" sizes=\"auto, (max-width: 800px) 100vw, 800px\" srcset=\"https:\/\/www.alagoinhas.ba.gov.br\/wp-content\/uploads\/2022\/12\/F9035F8D-86C4-4448-9D0F-75A9F77D73D8-1024x682.jpeg 1024w, https:\/\/www.alagoinhas.ba.gov.br\/wp-content\/uploads\/2022\/12\/F9035F8D-86C4-4448-9D0F-75A9F77D73D8-300x200.jpeg 300w, https:\/\/www.alagoinhas.ba.gov.br\/wp-content\/uploads\/2022\/12\/F9035F8D-86C4-4448-9D0F-75A9F77D73D8-768x512.jpeg 768w, https:\/\/www.alagoinhas.ba.gov.br\/wp-content\/uploads\/2022\/12\/F9035F8D-86C4-4448-9D0F-75A9F77D73D8-126x84.jpeg 126w, https:\/\/www.alagoinhas.ba.gov.br\/wp-content\/uploads\/2022\/12\/F9035F8D-86C4-4448-9D0F-75A9F77D73D8.jpeg 1280w\" alt=\"\" width=\"800\" height=\"533\" \/><\/a><\/p>\n<p class=\"p1\">Fotos: Roberto Fonseca\/ SECOM<\/p>\n<div class='share-to-whatsapp-wrapper'><div class='share-on-whsp'>Share on: <\/div><a data-text='Em parceria com a Prefeitura de Alagoinhas, Programa AABB Comunidade leva unidade m\u00f3vel de sa\u00fade aos estudantes da rede p\u00fablica' data-link='https:\/\/newsinfoco.com.br\/inicio\/em-parceria-com-a-prefeitura-de-alagoinhas-programa-aabb-comunidade-leva-unidade-movel-de-saude-aos-estudantes-da-rede-publica\/' class='whatsapp-button whatsapp-share'>WhatsApp<\/a><div class='clear '><\/div><\/div>","protected":false},"excerpt":{"rendered":"<p>Na manh\u00e3 da \u00faltima quinta-feira (01), o Programa AABB Comunidade, parceiro da Prefeitura Municipal de Alagoinhas, por meio da Secretaria de Sa\u00fade (SESAU), levou a unidade m\u00f3vel para realizar servi\u00e7os de sa\u00fade aos estudantes matriculados no projeto, oriundos da rede estadual e municipal. \u201cEssa \u00e9 uma das parcerias que a gente tem: a unidade m\u00f3vel [&hellip;]<\/p>\n","protected":false},"author":1,"featured_media":32069,"comment_status":"closed","ping_status":"closed","sticky":false,"template":"","format":"standard","meta":{"om_disable_all_campaigns":false,"rop_custom_images_group":[],"rop_custom_messages_group":[],"rop_publish_now":"initial","rop_publish_now_accounts":[],"rop_publish_now_history":[],"rop_publish_now_status":"pending","_exactmetrics_skip_tracking":false,"footnotes":""},"categories":[38,167],"tags":[],"class_list":["post-32068","post","type-post","status-publish","format-standard","has-post-thumbnail","hentry","category-alagoinhas-e-regiao","category-exclusivas"],"aioseo_notices":[],"aioseo_head":"\n\t\t<!-- All in One SEO 4.9.10 - aioseo.com -->\n\t<meta name=\"description\" content=\"Na manh\u00e3 da \u00faltima quinta-feira (01), o Programa AABB Comunidade, parceiro da Prefeitura Municipal de Alagoinhas, por meio da Secretaria de Sa\u00fade (SESAU), levou a unidade m\u00f3vel para realizar servi\u00e7os de sa\u00fade aos estudantes matriculados no projeto, oriundos da rede estadual e municipal. \u201cEssa \u00e9 uma das parcerias que a gente tem: a unidade m\u00f3vel\" \/>\n\t<meta name=\"robots\" content=\"max-image-preview:large\" \/>\n\t<meta name=\"author\" content=\"administrador\"\/>\n\t<link rel=\"canonical\" href=\"https:\/\/newsinfoco.com.br\/inicio\/em-parceria-com-a-prefeitura-de-alagoinhas-programa-aabb-comunidade-leva-unidade-movel-de-saude-aos-estudantes-da-rede-publica\/\" \/>\n\t<meta name=\"generator\" content=\"All in One SEO (AIOSEO) 4.9.10\" \/>\n\t\t<meta property=\"og:locale\" content=\"pt_BR\" \/>\n\t\t<meta property=\"og:site_name\" content=\"News In Foco - Editado por Caio Pimenta - O principal site de noticias de Alagoinhas e regi\u00e3o\" \/>\n\t\t<meta property=\"og:type\" content=\"article\" \/>\n\t\t<meta property=\"og:title\" content=\"Em parceria com a Prefeitura de Alagoinhas, Programa AABB Comunidade leva unidade m\u00f3vel de sa\u00fade aos estudantes da rede p\u00fablica - News In Foco - Editado por Caio Pimenta\" \/>\n\t\t<meta property=\"og:description\" content=\"Na manh\u00e3 da \u00faltima quinta-feira (01), o Programa AABB Comunidade, parceiro da Prefeitura Municipal de Alagoinhas, por meio da Secretaria de Sa\u00fade (SESAU), levou a unidade m\u00f3vel para realizar servi\u00e7os de sa\u00fade aos estudantes matriculados no projeto, oriundos da rede estadual e municipal. \u201cEssa \u00e9 uma das parcerias que a gente tem: a unidade m\u00f3vel\" \/>\n\t\t<meta property=\"og:url\" content=\"https:\/\/newsinfoco.com.br\/inicio\/em-parceria-com-a-prefeitura-de-alagoinhas-programa-aabb-comunidade-leva-unidade-movel-de-saude-aos-estudantes-da-rede-publica\/\" \/>\n\t\t<meta property=\"article:published_time\" content=\"2022-12-02T12:34:37+00:00\" \/>\n\t\t<meta property=\"article:modified_time\" content=\"2022-12-02T12:34:37+00:00\" \/>\n\t\t<meta name=\"twitter:card\" content=\"summary_large_image\" \/>\n\t\t<meta name=\"twitter:title\" content=\"Em parceria com a Prefeitura de Alagoinhas, Programa AABB Comunidade leva unidade m\u00f3vel de sa\u00fade aos estudantes da rede p\u00fablica - News In Foco - Editado por Caio Pimenta\" \/>\n\t\t<meta name=\"twitter:description\" content=\"Na manh\u00e3 da \u00faltima quinta-feira (01), o Programa AABB Comunidade, parceiro da Prefeitura Municipal de Alagoinhas, por meio da Secretaria de Sa\u00fade (SESAU), levou a unidade m\u00f3vel para realizar servi\u00e7os de sa\u00fade aos estudantes matriculados no projeto, oriundos da rede estadual e municipal. \u201cEssa \u00e9 uma das parcerias que a gente tem: a unidade m\u00f3vel\" \/>\n\t\t<script type=\"application\/ld+json\" class=\"aioseo-schema\">\n\t\t\t{\"@context\":\"https:\\\/\\\/schema.org\",\"@graph\":[{\"@type\":\"BlogPosting\",\"@id\":\"https:\\\/\\\/newsinfoco.com.br\\\/inicio\\\/em-parceria-com-a-prefeitura-de-alagoinhas-programa-aabb-comunidade-leva-unidade-movel-de-saude-aos-estudantes-da-rede-publica\\\/#blogposting\",\"name\":\"Em parceria com a Prefeitura de Alagoinhas, Programa AABB Comunidade leva unidade m\\u00f3vel de sa\\u00fade aos estudantes da rede p\\u00fablica - News In Foco - Editado por Caio Pimenta\",\"headline\":\"Em parceria com a Prefeitura de Alagoinhas, Programa AABB Comunidade leva unidade m\\u00f3vel de sa\\u00fade aos estudantes da rede p\\u00fablica\",\"author\":{\"@id\":\"https:\\\/\\\/newsinfoco.com.br\\\/inicio\\\/author\\\/administrador\\\/#author\"},\"publisher\":{\"@id\":\"https:\\\/\\\/newsinfoco.com.br\\\/inicio\\\/#organization\"},\"image\":{\"@type\":\"ImageObject\",\"url\":\"https:\\\/\\\/newsinfoco.com.br\\\/inicio\\\/wp-content\\\/uploads\\\/2022\\\/12\\\/BC838A54-815E-4A48-88C2-7FEA2ABDA3CE-550x368-1.jpeg\",\"width\":550,\"height\":368},\"datePublished\":\"2022-12-02T09:34:37-03:00\",\"dateModified\":\"2022-12-02T09:34:37-03:00\",\"inLanguage\":\"pt-BR\",\"mainEntityOfPage\":{\"@id\":\"https:\\\/\\\/newsinfoco.com.br\\\/inicio\\\/em-parceria-com-a-prefeitura-de-alagoinhas-programa-aabb-comunidade-leva-unidade-movel-de-saude-aos-estudantes-da-rede-publica\\\/#webpage\"},\"isPartOf\":{\"@id\":\"https:\\\/\\\/newsinfoco.com.br\\\/inicio\\\/em-parceria-com-a-prefeitura-de-alagoinhas-programa-aabb-comunidade-leva-unidade-movel-de-saude-aos-estudantes-da-rede-publica\\\/#webpage\"},\"articleSection\":\"Alagoinhas e Regi\\u00e3o, Manchete\"},{\"@type\":\"BreadcrumbList\",\"@id\":\"https:\\\/\\\/newsinfoco.com.br\\\/inicio\\\/em-parceria-com-a-prefeitura-de-alagoinhas-programa-aabb-comunidade-leva-unidade-movel-de-saude-aos-estudantes-da-rede-publica\\\/#breadcrumblist\",\"itemListElement\":[{\"@type\":\"ListItem\",\"@id\":\"https:\\\/\\\/newsinfoco.com.br\\\/inicio#listItem\",\"position\":1,\"name\":\"In\\u00edcio\",\"item\":\"https:\\\/\\\/newsinfoco.com.br\\\/inicio\",\"nextItem\":{\"@type\":\"ListItem\",\"@id\":\"https:\\\/\\\/newsinfoco.com.br\\\/inicio\\\/category\\\/alagoinhas-e-regiao\\\/#listItem\",\"name\":\"Alagoinhas e Regi\\u00e3o\"}},{\"@type\":\"ListItem\",\"@id\":\"https:\\\/\\\/newsinfoco.com.br\\\/inicio\\\/category\\\/alagoinhas-e-regiao\\\/#listItem\",\"position\":2,\"name\":\"Alagoinhas e Regi\\u00e3o\",\"item\":\"https:\\\/\\\/newsinfoco.com.br\\\/inicio\\\/category\\\/alagoinhas-e-regiao\\\/\",\"nextItem\":{\"@type\":\"ListItem\",\"@id\":\"https:\\\/\\\/newsinfoco.com.br\\\/inicio\\\/em-parceria-com-a-prefeitura-de-alagoinhas-programa-aabb-comunidade-leva-unidade-movel-de-saude-aos-estudantes-da-rede-publica\\\/#listItem\",\"name\":\"Em parceria com a Prefeitura de Alagoinhas, Programa AABB Comunidade leva unidade m\\u00f3vel de sa\\u00fade aos estudantes da rede p\\u00fablica\"},\"previousItem\":{\"@type\":\"ListItem\",\"@id\":\"https:\\\/\\\/newsinfoco.com.br\\\/inicio#listItem\",\"name\":\"In\\u00edcio\"}},{\"@type\":\"ListItem\",\"@id\":\"https:\\\/\\\/newsinfoco.com.br\\\/inicio\\\/em-parceria-com-a-prefeitura-de-alagoinhas-programa-aabb-comunidade-leva-unidade-movel-de-saude-aos-estudantes-da-rede-publica\\\/#listItem\",\"position\":3,\"name\":\"Em parceria com a Prefeitura de Alagoinhas, Programa AABB Comunidade leva unidade m\\u00f3vel de sa\\u00fade aos estudantes da rede p\\u00fablica\",\"previousItem\":{\"@type\":\"ListItem\",\"@id\":\"https:\\\/\\\/newsinfoco.com.br\\\/inicio\\\/category\\\/alagoinhas-e-regiao\\\/#listItem\",\"name\":\"Alagoinhas e Regi\\u00e3o\"}}]},{\"@type\":\"Organization\",\"@id\":\"https:\\\/\\\/newsinfoco.com.br\\\/inicio\\\/#organization\",\"name\":\"News In Foco - Editado por Caio Pimenta\",\"description\":\"O principal site de noticias de Alagoinhas e regi\\u00e3o\",\"url\":\"https:\\\/\\\/newsinfoco.com.br\\\/inicio\\\/\"},{\"@type\":\"Person\",\"@id\":\"https:\\\/\\\/newsinfoco.com.br\\\/inicio\\\/author\\\/administrador\\\/#author\",\"url\":\"https:\\\/\\\/newsinfoco.com.br\\\/inicio\\\/author\\\/administrador\\\/\",\"name\":\"administrador\",\"image\":{\"@type\":\"ImageObject\",\"@id\":\"https:\\\/\\\/newsinfoco.com.br\\\/inicio\\\/em-parceria-com-a-prefeitura-de-alagoinhas-programa-aabb-comunidade-leva-unidade-movel-de-saude-aos-estudantes-da-rede-publica\\\/#authorImage\",\"url\":\"https:\\\/\\\/secure.gravatar.com\\\/avatar\\\/c17a617433de8c1dc9584bb79aab7563b46f5bb7e1728c9b17d9cc3ce6a08e49?s=96&d=mm&r=g\",\"width\":96,\"height\":96,\"caption\":\"administrador\"}},{\"@type\":\"WebPage\",\"@id\":\"https:\\\/\\\/newsinfoco.com.br\\\/inicio\\\/em-parceria-com-a-prefeitura-de-alagoinhas-programa-aabb-comunidade-leva-unidade-movel-de-saude-aos-estudantes-da-rede-publica\\\/#webpage\",\"url\":\"https:\\\/\\\/newsinfoco.com.br\\\/inicio\\\/em-parceria-com-a-prefeitura-de-alagoinhas-programa-aabb-comunidade-leva-unidade-movel-de-saude-aos-estudantes-da-rede-publica\\\/\",\"name\":\"Em parceria com a Prefeitura de Alagoinhas, Programa AABB Comunidade leva unidade m\\u00f3vel de sa\\u00fade aos estudantes da rede p\\u00fablica - News In Foco - Editado por Caio Pimenta\",\"description\":\"Na manh\\u00e3 da \\u00faltima quinta-feira (01), o Programa AABB Comunidade, parceiro da Prefeitura Municipal de Alagoinhas, por meio da Secretaria de Sa\\u00fade (SESAU), levou a unidade m\\u00f3vel para realizar servi\\u00e7os de sa\\u00fade aos estudantes matriculados no projeto, oriundos da rede estadual e municipal. \\u201cEssa \\u00e9 uma das parcerias que a gente tem: a unidade m\\u00f3vel\",\"inLanguage\":\"pt-BR\",\"isPartOf\":{\"@id\":\"https:\\\/\\\/newsinfoco.com.br\\\/inicio\\\/#website\"},\"breadcrumb\":{\"@id\":\"https:\\\/\\\/newsinfoco.com.br\\\/inicio\\\/em-parceria-com-a-prefeitura-de-alagoinhas-programa-aabb-comunidade-leva-unidade-movel-de-saude-aos-estudantes-da-rede-publica\\\/#breadcrumblist\"},\"author\":{\"@id\":\"https:\\\/\\\/newsinfoco.com.br\\\/inicio\\\/author\\\/administrador\\\/#author\"},\"creator\":{\"@id\":\"https:\\\/\\\/newsinfoco.com.br\\\/inicio\\\/author\\\/administrador\\\/#author\"},\"image\":{\"@type\":\"ImageObject\",\"url\":\"https:\\\/\\\/newsinfoco.com.br\\\/inicio\\\/wp-content\\\/uploads\\\/2022\\\/12\\\/BC838A54-815E-4A48-88C2-7FEA2ABDA3CE-550x368-1.jpeg\",\"@id\":\"https:\\\/\\\/newsinfoco.com.br\\\/inicio\\\/em-parceria-com-a-prefeitura-de-alagoinhas-programa-aabb-comunidade-leva-unidade-movel-de-saude-aos-estudantes-da-rede-publica\\\/#mainImage\",\"width\":550,\"height\":368},\"primaryImageOfPage\":{\"@id\":\"https:\\\/\\\/newsinfoco.com.br\\\/inicio\\\/em-parceria-com-a-prefeitura-de-alagoinhas-programa-aabb-comunidade-leva-unidade-movel-de-saude-aos-estudantes-da-rede-publica\\\/#mainImage\"},\"datePublished\":\"2022-12-02T09:34:37-03:00\",\"dateModified\":\"2022-12-02T09:34:37-03:00\"},{\"@type\":\"WebSite\",\"@id\":\"https:\\\/\\\/newsinfoco.com.br\\\/inicio\\\/#website\",\"url\":\"https:\\\/\\\/newsinfoco.com.br\\\/inicio\\\/\",\"name\":\"News In Foco - Editado por Caio Pimenta\",\"description\":\"O principal site de noticias de Alagoinhas e regi\\u00e3o\",\"inLanguage\":\"pt-BR\",\"publisher\":{\"@id\":\"https:\\\/\\\/newsinfoco.com.br\\\/inicio\\\/#organization\"}}]}\n\t\t<\/script>\n\t\t<!-- All in One SEO -->\n\n","aioseo_head_json":{"title":"Em parceria com a Prefeitura de Alagoinhas, Programa AABB Comunidade leva unidade m\u00f3vel de sa\u00fade aos estudantes da rede p\u00fablica - News In Foco - Editado por Caio Pimenta","description":"Na manh\u00e3 da \u00faltima quinta-feira (01), o Programa AABB Comunidade, parceiro da Prefeitura Municipal de Alagoinhas, por meio da Secretaria de Sa\u00fade (SESAU), levou a unidade m\u00f3vel para realizar servi\u00e7os de sa\u00fade aos estudantes matriculados no projeto, oriundos da rede estadual e municipal. \u201cEssa \u00e9 uma das parcerias que a gente tem: a unidade m\u00f3vel","canonical_url":"https:\/\/newsinfoco.com.br\/inicio\/em-parceria-com-a-prefeitura-de-alagoinhas-programa-aabb-comunidade-leva-unidade-movel-de-saude-aos-estudantes-da-rede-publica\/","robots":"max-image-preview:large","keywords":"","webmasterTools":{"miscellaneous":""},"schema":{"@context":"https:\/\/schema.org","@graph":[{"@type":"BlogPosting","@id":"https:\/\/newsinfoco.com.br\/inicio\/em-parceria-com-a-prefeitura-de-alagoinhas-programa-aabb-comunidade-leva-unidade-movel-de-saude-aos-estudantes-da-rede-publica\/#blogposting","name":"Em parceria com a Prefeitura de Alagoinhas, Programa AABB Comunidade leva unidade m\u00f3vel de sa\u00fade aos estudantes da rede p\u00fablica - News In Foco - Editado por Caio Pimenta","headline":"Em parceria com a Prefeitura de Alagoinhas, Programa AABB Comunidade leva unidade m\u00f3vel de sa\u00fade aos estudantes da rede p\u00fablica","author":{"@id":"https:\/\/newsinfoco.com.br\/inicio\/author\/administrador\/#author"},"publisher":{"@id":"https:\/\/newsinfoco.com.br\/inicio\/#organization"},"image":{"@type":"ImageObject","url":"https:\/\/newsinfoco.com.br\/inicio\/wp-content\/uploads\/2022\/12\/BC838A54-815E-4A48-88C2-7FEA2ABDA3CE-550x368-1.jpeg","width":550,"height":368},"datePublished":"2022-12-02T09:34:37-03:00","dateModified":"2022-12-02T09:34:37-03:00","inLanguage":"pt-BR","mainEntityOfPage":{"@id":"https:\/\/newsinfoco.com.br\/inicio\/em-parceria-com-a-prefeitura-de-alagoinhas-programa-aabb-comunidade-leva-unidade-movel-de-saude-aos-estudantes-da-rede-publica\/#webpage"},"isPartOf":{"@id":"https:\/\/newsinfoco.com.br\/inicio\/em-parceria-com-a-prefeitura-de-alagoinhas-programa-aabb-comunidade-leva-unidade-movel-de-saude-aos-estudantes-da-rede-publica\/#webpage"},"articleSection":"Alagoinhas e Regi\u00e3o, Manchete"},{"@type":"BreadcrumbList","@id":"https:\/\/newsinfoco.com.br\/inicio\/em-parceria-com-a-prefeitura-de-alagoinhas-programa-aabb-comunidade-leva-unidade-movel-de-saude-aos-estudantes-da-rede-publica\/#breadcrumblist","itemListElement":[{"@type":"ListItem","@id":"https:\/\/newsinfoco.com.br\/inicio#listItem","position":1,"name":"In\u00edcio","item":"https:\/\/newsinfoco.com.br\/inicio","nextItem":{"@type":"ListItem","@id":"https:\/\/newsinfoco.com.br\/inicio\/category\/alagoinhas-e-regiao\/#listItem","name":"Alagoinhas e Regi\u00e3o"}},{"@type":"ListItem","@id":"https:\/\/newsinfoco.com.br\/inicio\/category\/alagoinhas-e-regiao\/#listItem","position":2,"name":"Alagoinhas e Regi\u00e3o","item":"https:\/\/newsinfoco.com.br\/inicio\/category\/alagoinhas-e-regiao\/","nextItem":{"@type":"ListItem","@id":"https:\/\/newsinfoco.com.br\/inicio\/em-parceria-com-a-prefeitura-de-alagoinhas-programa-aabb-comunidade-leva-unidade-movel-de-saude-aos-estudantes-da-rede-publica\/#listItem","name":"Em parceria com a Prefeitura de Alagoinhas, Programa AABB Comunidade leva unidade m\u00f3vel de sa\u00fade aos estudantes da rede p\u00fablica"},"previousItem":{"@type":"ListItem","@id":"https:\/\/newsinfoco.com.br\/inicio#listItem","name":"In\u00edcio"}},{"@type":"ListItem","@id":"https:\/\/newsinfoco.com.br\/inicio\/em-parceria-com-a-prefeitura-de-alagoinhas-programa-aabb-comunidade-leva-unidade-movel-de-saude-aos-estudantes-da-rede-publica\/#listItem","position":3,"name":"Em parceria com a Prefeitura de Alagoinhas, Programa AABB Comunidade leva unidade m\u00f3vel de sa\u00fade aos estudantes da rede p\u00fablica","previousItem":{"@type":"ListItem","@id":"https:\/\/newsinfoco.com.br\/inicio\/category\/alagoinhas-e-regiao\/#listItem","name":"Alagoinhas e Regi\u00e3o"}}]},{"@type":"Organization","@id":"https:\/\/newsinfoco.com.br\/inicio\/#organization","name":"News In Foco - Editado por Caio Pimenta","description":"O principal site de noticias de Alagoinhas e regi\u00e3o","url":"https:\/\/newsinfoco.com.br\/inicio\/"},{"@type":"Person","@id":"https:\/\/newsinfoco.com.br\/inicio\/author\/administrador\/#author","url":"https:\/\/newsinfoco.com.br\/inicio\/author\/administrador\/","name":"administrador","image":{"@type":"ImageObject","@id":"https:\/\/newsinfoco.com.br\/inicio\/em-parceria-com-a-prefeitura-de-alagoinhas-programa-aabb-comunidade-leva-unidade-movel-de-saude-aos-estudantes-da-rede-publica\/#authorImage","url":"https:\/\/secure.gravatar.com\/avatar\/c17a617433de8c1dc9584bb79aab7563b46f5bb7e1728c9b17d9cc3ce6a08e49?s=96&d=mm&r=g","width":96,"height":96,"caption":"administrador"}},{"@type":"WebPage","@id":"https:\/\/newsinfoco.com.br\/inicio\/em-parceria-com-a-prefeitura-de-alagoinhas-programa-aabb-comunidade-leva-unidade-movel-de-saude-aos-estudantes-da-rede-publica\/#webpage","url":"https:\/\/newsinfoco.com.br\/inicio\/em-parceria-com-a-prefeitura-de-alagoinhas-programa-aabb-comunidade-leva-unidade-movel-de-saude-aos-estudantes-da-rede-publica\/","name":"Em parceria com a Prefeitura de Alagoinhas, Programa AABB Comunidade leva unidade m\u00f3vel de sa\u00fade aos estudantes da rede p\u00fablica - News In Foco - Editado por Caio Pimenta","description":"Na manh\u00e3 da \u00faltima quinta-feira (01), o Programa AABB Comunidade, parceiro da Prefeitura Municipal de Alagoinhas, por meio da Secretaria de Sa\u00fade (SESAU), levou a unidade m\u00f3vel para realizar servi\u00e7os de sa\u00fade aos estudantes matriculados no projeto, oriundos da rede estadual e municipal. \u201cEssa \u00e9 uma das parcerias que a gente tem: a unidade m\u00f3vel","inLanguage":"pt-BR","isPartOf":{"@id":"https:\/\/newsinfoco.com.br\/inicio\/#website"},"breadcrumb":{"@id":"https:\/\/newsinfoco.com.br\/inicio\/em-parceria-com-a-prefeitura-de-alagoinhas-programa-aabb-comunidade-leva-unidade-movel-de-saude-aos-estudantes-da-rede-publica\/#breadcrumblist"},"author":{"@id":"https:\/\/newsinfoco.com.br\/inicio\/author\/administrador\/#author"},"creator":{"@id":"https:\/\/newsinfoco.com.br\/inicio\/author\/administrador\/#author"},"image":{"@type":"ImageObject","url":"https:\/\/newsinfoco.com.br\/inicio\/wp-content\/uploads\/2022\/12\/BC838A54-815E-4A48-88C2-7FEA2ABDA3CE-550x368-1.jpeg","@id":"https:\/\/newsinfoco.com.br\/inicio\/em-parceria-com-a-prefeitura-de-alagoinhas-programa-aabb-comunidade-leva-unidade-movel-de-saude-aos-estudantes-da-rede-publica\/#mainImage","width":550,"height":368},"primaryImageOfPage":{"@id":"https:\/\/newsinfoco.com.br\/inicio\/em-parceria-com-a-prefeitura-de-alagoinhas-programa-aabb-comunidade-leva-unidade-movel-de-saude-aos-estudantes-da-rede-publica\/#mainImage"},"datePublished":"2022-12-02T09:34:37-03:00","dateModified":"2022-12-02T09:34:37-03:00"},{"@type":"WebSite","@id":"https:\/\/newsinfoco.com.br\/inicio\/#website","url":"https:\/\/newsinfoco.com.br\/inicio\/","name":"News In Foco - Editado por Caio Pimenta","description":"O principal site de noticias de Alagoinhas e regi\u00e3o","inLanguage":"pt-BR","publisher":{"@id":"https:\/\/newsinfoco.com.br\/inicio\/#organization"}}]},"og:locale":"pt_BR","og:site_name":"News In Foco - Editado por Caio Pimenta - O principal site de noticias de Alagoinhas e regi\u00e3o","og:type":"article","og:title":"Em parceria com a Prefeitura de Alagoinhas, Programa AABB Comunidade leva unidade m\u00f3vel de sa\u00fade aos estudantes da rede p\u00fablica - News In Foco - Editado por Caio Pimenta","og:description":"Na manh\u00e3 da \u00faltima quinta-feira (01), o Programa AABB Comunidade, parceiro da Prefeitura Municipal de Alagoinhas, por meio da Secretaria de Sa\u00fade (SESAU), levou a unidade m\u00f3vel para realizar servi\u00e7os de sa\u00fade aos estudantes matriculados no projeto, oriundos da rede estadual e municipal. \u201cEssa \u00e9 uma das parcerias que a gente tem: a unidade m\u00f3vel","og:url":"https:\/\/newsinfoco.com.br\/inicio\/em-parceria-com-a-prefeitura-de-alagoinhas-programa-aabb-comunidade-leva-unidade-movel-de-saude-aos-estudantes-da-rede-publica\/","article:published_time":"2022-12-02T12:34:37+00:00","article:modified_time":"2022-12-02T12:34:37+00:00","twitter:card":"summary_large_image","twitter:title":"Em parceria com a Prefeitura de Alagoinhas, Programa AABB Comunidade leva unidade m\u00f3vel de sa\u00fade aos estudantes da rede p\u00fablica - News In Foco - Editado por Caio Pimenta","twitter:description":"Na manh\u00e3 da \u00faltima quinta-feira (01), o Programa AABB Comunidade, parceiro da Prefeitura Municipal de Alagoinhas, por meio da Secretaria de Sa\u00fade (SESAU), levou a unidade m\u00f3vel para realizar servi\u00e7os de sa\u00fade aos estudantes matriculados no projeto, oriundos da rede estadual e municipal. \u201cEssa \u00e9 uma das parcerias que a gente tem: a unidade m\u00f3vel"},"aioseo_meta_data":{"post_id":"32068","title":null,"description":null,"keywords":null,"keyphrases":null,"primary_term":null,"canonical_url":null,"og_title":null,"og_description":null,"og_object_type":"default","og_image_type":"default","og_image_url":null,"og_image_width":null,"og_image_height":null,"og_image_custom_url":null,"og_image_custom_fields":null,"og_video":null,"og_custom_url":null,"og_article_section":null,"og_article_tags":null,"twitter_use_og":false,"twitter_card":"default","twitter_image_type":"default","twitter_image_url":null,"twitter_image_custom_url":null,"twitter_image_custom_fields":null,"twitter_title":null,"twitter_description":null,"schema":{"blockGraphs":[],"customGraphs":[],"default":{"data":{"Article":[],"Course":[],"Dataset":[],"FAQPage":[],"Movie":[],"Person":[],"Product":[],"ProductReview":[],"Car":[],"Recipe":[],"Service":[],"SoftwareApplication":[],"WebPage":[]},"graphName":"","isEnabled":true},"graphs":[]},"schema_type":"default","schema_type_options":null,"pillar_content":false,"robots_default":true,"robots_noindex":false,"robots_noarchive":false,"robots_nosnippet":false,"robots_nofollow":false,"robots_noimageindex":false,"robots_noodp":false,"robots_notranslate":false,"robots_max_snippet":null,"robots_max_videopreview":null,"robots_max_imagepreview":"large","priority":null,"frequency":null,"local_seo":null,"breadcrumb_settings":null,"limit_modified_date":false,"ai":null,"created":"2023-06-12 22:25:44","updated":"2025-07-11 08:41:01","seo_analyzer_scan_date":null},"aioseo_breadcrumb":"<div class=\"aioseo-breadcrumbs\"><span class=\"aioseo-breadcrumb\">\n\t\t\t<a href=\"https:\/\/newsinfoco.com.br\/inicio\" title=\"In\u00edcio\">In\u00edcio<\/a>\n\t\t<\/span><span class=\"aioseo-breadcrumb-separator\">&raquo;<\/span><span class=\"aioseo-breadcrumb\">\n\t\t\t<a href=\"https:\/\/newsinfoco.com.br\/inicio\/category\/alagoinhas-e-regiao\/\" title=\"Alagoinhas e Regi\u00e3o\">Alagoinhas e Regi\u00e3o<\/a>\n\t\t<\/span><span class=\"aioseo-breadcrumb-separator\">&raquo;<\/span><span class=\"aioseo-breadcrumb\">\n\t\t\tEm parceria com a Prefeitura de Alagoinhas, Programa AABB Comunidade leva unidade m\u00f3vel de sa\u00fade aos estudantes da rede p\u00fablica\n\t\t<\/span><\/div>","aioseo_breadcrumb_json":[{"label":"In\u00edcio","link":"https:\/\/newsinfoco.com.br\/inicio"},{"label":"Alagoinhas e Regi\u00e3o","link":"https:\/\/newsinfoco.com.br\/inicio\/category\/alagoinhas-e-regiao\/"},{"label":"Em parceria com a Prefeitura de Alagoinhas, Programa AABB Comunidade leva unidade m\u00f3vel de sa\u00fade aos estudantes da rede p\u00fablica","link":"https:\/\/newsinfoco.com.br\/inicio\/em-parceria-com-a-prefeitura-de-alagoinhas-programa-aabb-comunidade-leva-unidade-movel-de-saude-aos-estudantes-da-rede-publica\/"}],"_links":{"self":[{"href":"https:\/\/newsinfoco.com.br\/inicio\/wp-json\/wp\/v2\/posts\/32068","targetHints":{"allow":["GET"]}}],"collection":[{"href":"https:\/\/newsinfoco.com.br\/inicio\/wp-json\/wp\/v2\/posts"}],"about":[{"href":"https:\/\/newsinfoco.com.br\/inicio\/wp-json\/wp\/v2\/types\/post"}],"author":[{"embeddable":true,"href":"https:\/\/newsinfoco.com.br\/inicio\/wp-json\/wp\/v2\/users\/1"}],"replies":[{"embeddable":true,"href":"https:\/\/newsinfoco.com.br\/inicio\/wp-json\/wp\/v2\/comments?post=32068"}],"version-history":[{"count":1,"href":"https:\/\/newsinfoco.com.br\/inicio\/wp-json\/wp\/v2\/posts\/32068\/revisions"}],"predecessor-version":[{"id":32070,"href":"https:\/\/newsinfoco.com.br\/inicio\/wp-json\/wp\/v2\/posts\/32068\/revisions\/32070"}],"wp:featuredmedia":[{"embeddable":true,"href":"https:\/\/newsinfoco.com.br\/inicio\/wp-json\/wp\/v2\/media\/32069"}],"wp:attachment":[{"href":"https:\/\/newsinfoco.com.br\/inicio\/wp-json\/wp\/v2\/media?parent=32068"}],"wp:term":[{"taxonomy":"category","embeddable":true,"href":"https:\/\/newsinfoco.com.br\/inicio\/wp-json\/wp\/v2\/categories?post=32068"},{"taxonomy":"post_tag","embeddable":true,"href":"https:\/\/newsinfoco.com.br\/inicio\/wp-json\/wp\/v2\/tags?post=32068"}],"curies":[{"name":"wp","href":"https:\/\/api.w.org\/{rel}","templated":true}]}}