{"id":32071,"date":"2022-12-04T21:30:47","date_gmt":"2022-12-05T00:30:47","guid":{"rendered":"https:\/\/newsinfoco.com.br\/inicio\/?p=32071"},"modified":"2022-12-04T21:30:47","modified_gmt":"2022-12-05T00:30:47","slug":"sessao-especial-medalha-maria-feijo-homenageia-escritores-do-municipio-de-alagoinhas","status":"publish","type":"post","link":"https:\/\/newsinfoco.com.br\/inicio\/sessao-especial-medalha-maria-feijo-homenageia-escritores-do-municipio-de-alagoinhas\/","title":{"rendered":"Sess\u00e3o Especial Medalha Maria Feij\u00f3 homenageia escritores do munic\u00edpio de Alagoinhas"},"content":{"rendered":"<p>Um momento sublime para os amantes da literatura, em Alagoinhas, aconteceu na tarde de quinta-feira, 1\u00b0 de dezembro de 2022, com a Sess\u00e3o Especial Medalha Maria Feij\u00f3. Realizada na C\u00e2mara Municipal de Vereadores, por iniciativa da vereadora Jaldice Nunes, a Sess\u00e3o homenageou os escritores do munic\u00edpio, incluindo a secret\u00e1ria de Cultura, Esporte e Turismo Iraci Gama.<\/p>\n<p>A solenidade remete ao Dia Municipal do Escritor, 13 de outubro, institu\u00eddo pelo Poder Legislativo. Os trabalhos foram iniciados com a recita\u00e7\u00e3o do poema \u201cA menina de Alagoinhas\u201d, por Edna Almeida, seguida de apresenta\u00e7\u00e3o do grupo Seme Music.<\/p>\n<p>A mesa de abertura foi composta pelo secret\u00e1rio de Educa\u00e7\u00e3o Gustavo Carmo, a secret\u00e1ria de Cultura, Esporte e Turismo Iraci Gama, a Presidentes da Casa do Poeta Luana Cardoso, o vereador Thor de Ninha (presidente da Comiss\u00e3o de Educa\u00e7\u00e3o da C\u00e2mara) e o poeta e o presidente da Comiss\u00e3o da Associa\u00e7\u00e3o de Letras e Artes de Alagoinhas Jo\u00e3o Lopes.<\/p>\n<div id=\"attachment_62186\" class=\"wp-caption aligncenter\"><a class=\"group1 cboxElement\" href=\"https:\/\/www.alagoinhas.ba.gov.br\/wp-content\/uploads\/2022\/12\/IMG-20221202-WA0034.jpg\"><img loading=\"lazy\" decoding=\"async\" class=\"size-large wp-image-62186\" src=\"https:\/\/www.alagoinhas.ba.gov.br\/wp-content\/uploads\/2022\/12\/IMG-20221202-WA0034-1024x682.jpg\" sizes=\"auto, (max-width: 800px) 100vw, 800px\" srcset=\"https:\/\/www.alagoinhas.ba.gov.br\/wp-content\/uploads\/2022\/12\/IMG-20221202-WA0034-1024x682.jpg 1024w, https:\/\/www.alagoinhas.ba.gov.br\/wp-content\/uploads\/2022\/12\/IMG-20221202-WA0034-300x200.jpg 300w, https:\/\/www.alagoinhas.ba.gov.br\/wp-content\/uploads\/2022\/12\/IMG-20221202-WA0034-768x512.jpg 768w, https:\/\/www.alagoinhas.ba.gov.br\/wp-content\/uploads\/2022\/12\/IMG-20221202-WA0034-126x84.jpg 126w, https:\/\/www.alagoinhas.ba.gov.br\/wp-content\/uploads\/2022\/12\/IMG-20221202-WA0034.jpg 1280w\" alt=\"\" width=\"800\" height=\"533\" \/><\/a><\/p>\n<p class=\"wp-caption-text\">Foto: Roberto Fonseca<\/p>\n<\/div>\n<p>Luana Cardoso disse que a Medalha \u00e9 como a de realiza\u00e7\u00e3o de um sonho. Jo\u00e3o Lopes, por sua vez, declarou que a literatura \u00e9 mais importante do que os escritores \u201ce precisa de abertura de espa\u00e7os pol\u00edticos de discuss\u00e3o\u201d.<\/p>\n<p>A secret\u00e1ria Iraci Gama falou da alegria em homenagear \u201cos escritores da nossa terra\u201d e que a literatura permite um di\u00e1logo, mesmo que \u00e0 dist\u00e2ncia, entre leitores e autores. J\u00e1 o secret\u00e1rio Gustavo Carmo falou dos benef\u00edcios para a vida, para a mente e para a alma, lembrando que o projeto Giroteca, da SEDUC, adquiriu obras de escritores locais e que essa a\u00e7\u00e3o ser\u00e1 fortalecida.<\/p>\n<div id=\"attachment_62196\" class=\"wp-caption aligncenter\"><a class=\"group1 cboxElement\" href=\"https:\/\/www.alagoinhas.ba.gov.br\/wp-content\/uploads\/2022\/12\/IMG-20221202-WA0029.jpg\"><img loading=\"lazy\" decoding=\"async\" class=\"size-large wp-image-62196\" src=\"https:\/\/www.alagoinhas.ba.gov.br\/wp-content\/uploads\/2022\/12\/IMG-20221202-WA0029-1024x682.jpg\" sizes=\"auto, (max-width: 800px) 100vw, 800px\" srcset=\"https:\/\/www.alagoinhas.ba.gov.br\/wp-content\/uploads\/2022\/12\/IMG-20221202-WA0029-1024x682.jpg 1024w, https:\/\/www.alagoinhas.ba.gov.br\/wp-content\/uploads\/2022\/12\/IMG-20221202-WA0029-300x200.jpg 300w, https:\/\/www.alagoinhas.ba.gov.br\/wp-content\/uploads\/2022\/12\/IMG-20221202-WA0029-768x512.jpg 768w, https:\/\/www.alagoinhas.ba.gov.br\/wp-content\/uploads\/2022\/12\/IMG-20221202-WA0029-126x84.jpg 126w, https:\/\/www.alagoinhas.ba.gov.br\/wp-content\/uploads\/2022\/12\/IMG-20221202-WA0029.jpg 1280w\" alt=\"\" width=\"800\" height=\"533\" \/><\/a><\/p>\n<p class=\"wp-caption-text\">Foto: Roberto Fonseca<\/p>\n<\/div>\n<p>O vereador Thor de Ninha ressaltou que a Arte e a Cultura s\u00e3o a identidade e a mem\u00f3ria de um povo, enquanto Jaldice Nunes acentuou que a sua legislatura tem dado visibilidade aos autores e o quanto o empreendorismo dos escritores deve ser estimulado. \u201cCada poema, cada verso transformou minha vida e me tornou uma pessoa melhor\u201d.<\/p>\n<p>Al\u00e9m de Jaldice e Thor, marcaram presen\u00e7a na solenidade, os vereadores Anselmo Bal, Edy da Sa\u00fade, Gody, Raimunda Flor\u00eancio, Luma Menezes, Juci Cardoso, Juracy Nascimento, Luciano Almeida, Jorge da Farinha, Ar\u00e3o , Djalma Santos e M\u00e1rcio da Cavada.<\/p>\n<div id=\"attachment_62184\" class=\"wp-caption aligncenter\"><a class=\"group1 cboxElement\" href=\"https:\/\/www.alagoinhas.ba.gov.br\/wp-content\/uploads\/2022\/12\/IMG-20221202-WA0020.jpg\"><img loading=\"lazy\" decoding=\"async\" class=\"size-large wp-image-62184\" src=\"https:\/\/www.alagoinhas.ba.gov.br\/wp-content\/uploads\/2022\/12\/IMG-20221202-WA0020-1024x682.jpg\" sizes=\"auto, (max-width: 800px) 100vw, 800px\" srcset=\"https:\/\/www.alagoinhas.ba.gov.br\/wp-content\/uploads\/2022\/12\/IMG-20221202-WA0020-1024x682.jpg 1024w, https:\/\/www.alagoinhas.ba.gov.br\/wp-content\/uploads\/2022\/12\/IMG-20221202-WA0020-300x200.jpg 300w, https:\/\/www.alagoinhas.ba.gov.br\/wp-content\/uploads\/2022\/12\/IMG-20221202-WA0020-768x512.jpg 768w, https:\/\/www.alagoinhas.ba.gov.br\/wp-content\/uploads\/2022\/12\/IMG-20221202-WA0020-126x84.jpg 126w, https:\/\/www.alagoinhas.ba.gov.br\/wp-content\/uploads\/2022\/12\/IMG-20221202-WA0020.jpg 1280w\" alt=\"\" width=\"800\" height=\"533\" \/><\/a><\/p>\n<p class=\"wp-caption-text\">Foto: Roberto Fonseca<\/p>\n<\/div>\n<p>Para a homenageada, a escritora, professora e secret\u00e1ria Iraci Gama, a fun\u00e7\u00e3o de escrever \u00e9 valiosa para uma comunidade \u201cporque quando o autor se disp\u00f5e a colocar no papel seus pensamentos e sentimentos, leva-se em conta todo um contexto de vida, em que se retrata o ambiente onde se est\u00e1 inserido, imortalizando personagens\u201d.<\/p>\n<p>\u201cAmanh\u00e3, quando os anos se passarem, o que foi escrito vai servir de refer\u00eancia para a \u00e9poca em que o autor viveu, por isso \u00e9 t\u00e3o necess\u00e1rio que haja um reconhecimento do trabalho de quem escreve\u201d, continuou Iraci.<\/p>\n<div id=\"attachment_62185\" class=\"wp-caption aligncenter\"><a class=\"group1 cboxElement\" href=\"https:\/\/www.alagoinhas.ba.gov.br\/wp-content\/uploads\/2022\/12\/IMG-20221202-WA0017.jpg\"><img loading=\"lazy\" decoding=\"async\" class=\"wp-image-62185 size-large\" src=\"https:\/\/www.alagoinhas.ba.gov.br\/wp-content\/uploads\/2022\/12\/IMG-20221202-WA0017-1024x682.jpg\" sizes=\"auto, (max-width: 800px) 100vw, 800px\" srcset=\"https:\/\/www.alagoinhas.ba.gov.br\/wp-content\/uploads\/2022\/12\/IMG-20221202-WA0017-1024x682.jpg 1024w, https:\/\/www.alagoinhas.ba.gov.br\/wp-content\/uploads\/2022\/12\/IMG-20221202-WA0017-300x200.jpg 300w, https:\/\/www.alagoinhas.ba.gov.br\/wp-content\/uploads\/2022\/12\/IMG-20221202-WA0017-768x512.jpg 768w, https:\/\/www.alagoinhas.ba.gov.br\/wp-content\/uploads\/2022\/12\/IMG-20221202-WA0017-126x84.jpg 126w, https:\/\/www.alagoinhas.ba.gov.br\/wp-content\/uploads\/2022\/12\/IMG-20221202-WA0017.jpg 1280w\" alt=\"\" width=\"800\" height=\"533\" \/><\/a><\/p>\n<p class=\"wp-caption-text\">Foto: Roberto Fonseca<\/p>\n<\/div>\n<p>Junto com ela foram homenageados com a Medalha Maria Feij\u00f3 os seguintes autores: Carmessita, compositora, inventora, escritora, artes\u00e3 e contadora de hist\u00f3ria; Edna Santos Almeida, escritora e fot\u00f3grafa. Publicou o livro \u201cCaminhando entre as flores\u201d, adotado como livro did\u00e1tico pelo Col\u00e9gio Star; Ana Beatriz Pereira, poeta, que escreveu e ilustrou um livro escrito \u00e0 m\u00e3o aos 16 anos de idade; M\u00e1rcio Ricardo, mais conhecido como M\u00e1rcio poeta, que tamb\u00e9m \u00e9 m\u00fasico e compositor; Ana Gra\u00e7a Lima Mendes, que escreve desde os 8 anos e participou de 4 antologias po\u00e9ticas, com um livro autoral lan\u00e7ado; Jo\u00e3o Lopes Filho, escritor graduado em psicologia e hist\u00f3ria, com forma\u00e7\u00e3o em psican\u00e1lise lacaniana; Ant\u00f4nio Carlos D\u00f3rea, artista conceitual e ativista ambiental; Juci Lima (in memoriam), foi pastora e escritora do livro \u2018Duas \u00e1rvores, dois destinos\u2019; Benivaldo de Melo Santos, natural de Catu, vindo morar em Alagoinhas com 9 anos de idade; Heitor Rocha Gomes, que atua com Arte-Educa\u00e7\u00e3o e Teatro de Rua; Jorge Galdino (in memoriam), poeta, compositor e radialista com 9 livros de poesia publicados; a contadora de hist\u00f3rias e pedagoga Cristiane Mendes ; o escritor e compositor Jos\u00e9 Cirilo de Almeida, com 13 livros publicados; a professora e poeta Cristiane Sodr\u00e9, mestre em Letras pela UFBA; Isabel Cristina da Silva, autora de 8 livros de Literatura Infanto-Juvenil; o artista pl\u00e1stico e visual Edy Carlos Alves de Santana, criado na Fazenda Quizambu; a poeta, palestrante e pedagoga No\u00eamia Alves, criadora do programa de Mulher para Mulher e do jornal Folh\u00e3o News; a professora Maria de F\u00e1tima Berenice da Cruz, Doutora em Educa\u00e7\u00e3o pela UFBA e docente do Programa de P\u00f3s Gradua\u00e7\u00e3o em Cr\u00edtica Cultural; o ex-vereador Pedro Marcelino, graduado em Humanidades pela UFBA; a escritora e psic\u00f3loga Jane Ander de Santana, presidente da Pestalozzi de Alagoinhas; Hery Lorenzo Nery, conhecida como fada-poeta; Wanderley Soares, jornalista, radialista e escritor, com um romance publicado e mais 3 em vias de publica\u00e7\u00e3o, criador do jornal Gazeta dos Munic\u00edpios e do programa Pauta Livre; Jorge Amado dos Santos, que mora h\u00e1 67 anos em Alagoinhas, cujo primeiro poema escrito foi \u2018Mundo Capitalista; Madrilena Berguer de Figueiredo, palestrante, artista pl\u00e1stica e poeta; Jorge Ol\u00edvio, professor, arte-educador e poeta, autor de cr\u00f4nicas, poesias e cordel, estimulador de uma onda ecol\u00f3gica no pa\u00eds; Silvio Pereira, advogado, escritor, m\u00fasico e compositor, autor do livro \u2018O Cosmopolita\u2019, lan\u00e7ado na Bienal de S\u00e3o Paulo; Julia dos Anjos Costa, jornalista e Mestre em Cr\u00edtica Cultural; L\u00e1zaro Zachariades, historiador, poeta e dramaturgo; Luiz Eudes, escritor e ativista cultural; Ur\u00e2nia Bastos, autora do livro \u2018Cora\u00e7\u00f5es curados para servir\u2019; o jovem poeta Rudson Marley; Yorimar de Santana, bacharel em Direito e influenciadora digital, escritora e poetisa; Paula Ananias, historiadora, produtora e gestora cultural; Paulino Neto, escritor e poeta, recebeu mon\u00e7\u00e3o honrosa do Instituto da Poesia Internacional; Lia Ferreira, escritora e poeta, com livros autorais publicados e participante de v\u00e1rias antologias; Luana Cardoso, poeta, presidente da CASPAL, iniciou no universo liter\u00e1rio ainda na adolesc\u00eancia, com 11 livros publicados; Luzia Sena, cordelista, participou como caloura no programa de Ari Barroso na R\u00e1dio Nacional; Margot Lopes, poetisa e atriz; Maria Ednalva, poeta, participante de v\u00e1rias antologias po\u00e9ticas; Marluce Santana, tamb\u00e9m poeta com participa\u00e7\u00e3o em diversas antologias; e a escritora Milfia Val\u00e9rio (in memoriam).<\/p>\n<div id=\"attachment_62197\" class=\"wp-caption aligncenter\"><a class=\"group1 cboxElement\" href=\"https:\/\/www.alagoinhas.ba.gov.br\/wp-content\/uploads\/2022\/12\/IMG-20221202-WA0030.jpg\"><img loading=\"lazy\" decoding=\"async\" class=\"size-large wp-image-62197\" src=\"https:\/\/www.alagoinhas.ba.gov.br\/wp-content\/uploads\/2022\/12\/IMG-20221202-WA0030-1024x682.jpg\" sizes=\"auto, (max-width: 800px) 100vw, 800px\" srcset=\"https:\/\/www.alagoinhas.ba.gov.br\/wp-content\/uploads\/2022\/12\/IMG-20221202-WA0030-1024x682.jpg 1024w, https:\/\/www.alagoinhas.ba.gov.br\/wp-content\/uploads\/2022\/12\/IMG-20221202-WA0030-300x200.jpg 300w, https:\/\/www.alagoinhas.ba.gov.br\/wp-content\/uploads\/2022\/12\/IMG-20221202-WA0030-768x512.jpg 768w, https:\/\/www.alagoinhas.ba.gov.br\/wp-content\/uploads\/2022\/12\/IMG-20221202-WA0030-126x84.jpg 126w, https:\/\/www.alagoinhas.ba.gov.br\/wp-content\/uploads\/2022\/12\/IMG-20221202-WA0030.jpg 1280w\" alt=\"\" width=\"800\" height=\"533\" \/><\/a><\/p>\n<p class=\"wp-caption-text\">Foto: Roberto Fonseca<\/p>\n<\/div>\n<p>\u201cA Medalha Maria Feij\u00f3 homenageia todos aqueles desta terra que se disp\u00f5em a gastar suas boas energias produzindo textos, contando hist\u00f3rias, escrevendo sobre fatos, eventos e significa\u00e7\u00f5es do nosso cotidiano\u201d, concluiu a secret\u00e1ria e homenageada Iraci Gama, celebrando uma grande conquista para as Letras, a Literatura e as Artes, em geral, do munic\u00edpio.<\/p>\n<p>Fotos: Roberto Fonseca<\/p>\n<p><a class=\"group1 cboxElement\" href=\"https:\/\/www.alagoinhas.ba.gov.br\/wp-content\/uploads\/2022\/12\/IMG-20221202-WA0019.jpg\"><img loading=\"lazy\" decoding=\"async\" class=\"aligncenter size-large wp-image-62183\" src=\"https:\/\/www.alagoinhas.ba.gov.br\/wp-content\/uploads\/2022\/12\/IMG-20221202-WA0019-1024x682.jpg\" sizes=\"auto, (max-width: 800px) 100vw, 800px\" srcset=\"https:\/\/www.alagoinhas.ba.gov.br\/wp-content\/uploads\/2022\/12\/IMG-20221202-WA0019-1024x682.jpg 1024w, https:\/\/www.alagoinhas.ba.gov.br\/wp-content\/uploads\/2022\/12\/IMG-20221202-WA0019-300x200.jpg 300w, https:\/\/www.alagoinhas.ba.gov.br\/wp-content\/uploads\/2022\/12\/IMG-20221202-WA0019-768x512.jpg 768w, https:\/\/www.alagoinhas.ba.gov.br\/wp-content\/uploads\/2022\/12\/IMG-20221202-WA0019-126x84.jpg 126w, https:\/\/www.alagoinhas.ba.gov.br\/wp-content\/uploads\/2022\/12\/IMG-20221202-WA0019.jpg 1280w\" alt=\"\" width=\"800\" height=\"533\" \/><\/a><a class=\"group1 cboxElement\" href=\"https:\/\/www.alagoinhas.ba.gov.br\/wp-content\/uploads\/2022\/12\/IMG-20221202-WA0023.jpg\"><img loading=\"lazy\" decoding=\"async\" class=\"aligncenter size-large wp-image-62187\" src=\"https:\/\/www.alagoinhas.ba.gov.br\/wp-content\/uploads\/2022\/12\/IMG-20221202-WA0023-1024x682.jpg\" sizes=\"auto, (max-width: 800px) 100vw, 800px\" srcset=\"https:\/\/www.alagoinhas.ba.gov.br\/wp-content\/uploads\/2022\/12\/IMG-20221202-WA0023-1024x682.jpg 1024w, https:\/\/www.alagoinhas.ba.gov.br\/wp-content\/uploads\/2022\/12\/IMG-20221202-WA0023-300x200.jpg 300w, https:\/\/www.alagoinhas.ba.gov.br\/wp-content\/uploads\/2022\/12\/IMG-20221202-WA0023-768x512.jpg 768w, https:\/\/www.alagoinhas.ba.gov.br\/wp-content\/uploads\/2022\/12\/IMG-20221202-WA0023-126x84.jpg 126w, https:\/\/www.alagoinhas.ba.gov.br\/wp-content\/uploads\/2022\/12\/IMG-20221202-WA0023.jpg 1280w\" alt=\"\" width=\"800\" height=\"533\" \/><\/a><a class=\"group1 cboxElement\" href=\"https:\/\/www.alagoinhas.ba.gov.br\/wp-content\/uploads\/2022\/12\/IMG-20221202-WA0022.jpg\"><img loading=\"lazy\" decoding=\"async\" class=\"aligncenter size-large wp-image-62190\" src=\"https:\/\/www.alagoinhas.ba.gov.br\/wp-content\/uploads\/2022\/12\/IMG-20221202-WA0022-1024x682.jpg\" sizes=\"auto, (max-width: 800px) 100vw, 800px\" srcset=\"https:\/\/www.alagoinhas.ba.gov.br\/wp-content\/uploads\/2022\/12\/IMG-20221202-WA0022-1024x682.jpg 1024w, https:\/\/www.alagoinhas.ba.gov.br\/wp-content\/uploads\/2022\/12\/IMG-20221202-WA0022-300x200.jpg 300w, https:\/\/www.alagoinhas.ba.gov.br\/wp-content\/uploads\/2022\/12\/IMG-20221202-WA0022-768x512.jpg 768w, https:\/\/www.alagoinhas.ba.gov.br\/wp-content\/uploads\/2022\/12\/IMG-20221202-WA0022-126x84.jpg 126w, https:\/\/www.alagoinhas.ba.gov.br\/wp-content\/uploads\/2022\/12\/IMG-20221202-WA0022.jpg 1280w\" alt=\"\" width=\"800\" height=\"533\" \/><\/a><a class=\"group1 cboxElement\" href=\"https:\/\/www.alagoinhas.ba.gov.br\/wp-content\/uploads\/2022\/12\/IMG-20221202-WA0033.jpg\"><img loading=\"lazy\" decoding=\"async\" class=\"aligncenter size-large wp-image-62191\" src=\"https:\/\/www.alagoinhas.ba.gov.br\/wp-content\/uploads\/2022\/12\/IMG-20221202-WA0033-1024x682.jpg\" sizes=\"auto, (max-width: 800px) 100vw, 800px\" srcset=\"https:\/\/www.alagoinhas.ba.gov.br\/wp-content\/uploads\/2022\/12\/IMG-20221202-WA0033-1024x682.jpg 1024w, https:\/\/www.alagoinhas.ba.gov.br\/wp-content\/uploads\/2022\/12\/IMG-20221202-WA0033-300x200.jpg 300w, https:\/\/www.alagoinhas.ba.gov.br\/wp-content\/uploads\/2022\/12\/IMG-20221202-WA0033-768x512.jpg 768w, https:\/\/www.alagoinhas.ba.gov.br\/wp-content\/uploads\/2022\/12\/IMG-20221202-WA0033-126x84.jpg 126w, https:\/\/www.alagoinhas.ba.gov.br\/wp-content\/uploads\/2022\/12\/IMG-20221202-WA0033.jpg 1280w\" alt=\"\" width=\"800\" height=\"533\" \/><\/a><a class=\"group1 cboxElement\" href=\"https:\/\/www.alagoinhas.ba.gov.br\/wp-content\/uploads\/2022\/12\/IMG-20221202-WA0027.jpg\"><img loading=\"lazy\" decoding=\"async\" class=\"aligncenter size-large wp-image-62192\" src=\"https:\/\/www.alagoinhas.ba.gov.br\/wp-content\/uploads\/2022\/12\/IMG-20221202-WA0027-1024x682.jpg\" sizes=\"auto, (max-width: 800px) 100vw, 800px\" srcset=\"https:\/\/www.alagoinhas.ba.gov.br\/wp-content\/uploads\/2022\/12\/IMG-20221202-WA0027-1024x682.jpg 1024w, https:\/\/www.alagoinhas.ba.gov.br\/wp-content\/uploads\/2022\/12\/IMG-20221202-WA0027-300x200.jpg 300w, https:\/\/www.alagoinhas.ba.gov.br\/wp-content\/uploads\/2022\/12\/IMG-20221202-WA0027-768x512.jpg 768w, https:\/\/www.alagoinhas.ba.gov.br\/wp-content\/uploads\/2022\/12\/IMG-20221202-WA0027-126x84.jpg 126w, https:\/\/www.alagoinhas.ba.gov.br\/wp-content\/uploads\/2022\/12\/IMG-20221202-WA0027.jpg 1280w\" alt=\"\" width=\"800\" height=\"533\" \/><\/a><a class=\"group1 cboxElement\" href=\"https:\/\/www.alagoinhas.ba.gov.br\/wp-content\/uploads\/2022\/12\/IMG-20221202-WA0025.jpg\"><img loading=\"lazy\" decoding=\"async\" class=\"aligncenter size-large wp-image-62193\" src=\"https:\/\/www.alagoinhas.ba.gov.br\/wp-content\/uploads\/2022\/12\/IMG-20221202-WA0025-1024x682.jpg\" sizes=\"auto, (max-width: 800px) 100vw, 800px\" srcset=\"https:\/\/www.alagoinhas.ba.gov.br\/wp-content\/uploads\/2022\/12\/IMG-20221202-WA0025-1024x682.jpg 1024w, https:\/\/www.alagoinhas.ba.gov.br\/wp-content\/uploads\/2022\/12\/IMG-20221202-WA0025-300x200.jpg 300w, https:\/\/www.alagoinhas.ba.gov.br\/wp-content\/uploads\/2022\/12\/IMG-20221202-WA0025-768x512.jpg 768w, https:\/\/www.alagoinhas.ba.gov.br\/wp-content\/uploads\/2022\/12\/IMG-20221202-WA0025-126x84.jpg 126w, https:\/\/www.alagoinhas.ba.gov.br\/wp-content\/uploads\/2022\/12\/IMG-20221202-WA0025.jpg 1280w\" alt=\"\" width=\"800\" height=\"533\" \/><\/a><a class=\"group1 cboxElement\" href=\"https:\/\/www.alagoinhas.ba.gov.br\/wp-content\/uploads\/2022\/12\/IMG-20221202-WA0031.jpg\"><img loading=\"lazy\" decoding=\"async\" class=\"aligncenter size-large wp-image-62194\" src=\"https:\/\/www.alagoinhas.ba.gov.br\/wp-content\/uploads\/2022\/12\/IMG-20221202-WA0031-1024x682.jpg\" sizes=\"auto, (max-width: 800px) 100vw, 800px\" srcset=\"https:\/\/www.alagoinhas.ba.gov.br\/wp-content\/uploads\/2022\/12\/IMG-20221202-WA0031-1024x682.jpg 1024w, https:\/\/www.alagoinhas.ba.gov.br\/wp-content\/uploads\/2022\/12\/IMG-20221202-WA0031-300x200.jpg 300w, https:\/\/www.alagoinhas.ba.gov.br\/wp-content\/uploads\/2022\/12\/IMG-20221202-WA0031-768x512.jpg 768w, https:\/\/www.alagoinhas.ba.gov.br\/wp-content\/uploads\/2022\/12\/IMG-20221202-WA0031-126x84.jpg 126w, https:\/\/www.alagoinhas.ba.gov.br\/wp-content\/uploads\/2022\/12\/IMG-20221202-WA0031.jpg 1280w\" alt=\"\" width=\"800\" height=\"533\" \/><\/a><a class=\"group1 cboxElement\" href=\"https:\/\/www.alagoinhas.ba.gov.br\/wp-content\/uploads\/2022\/12\/IMG-20221202-WA0032.jpg\"><img loading=\"lazy\" decoding=\"async\" class=\"aligncenter size-large wp-image-62195\" src=\"https:\/\/www.alagoinhas.ba.gov.br\/wp-content\/uploads\/2022\/12\/IMG-20221202-WA0032-1024x682.jpg\" sizes=\"auto, (max-width: 800px) 100vw, 800px\" srcset=\"https:\/\/www.alagoinhas.ba.gov.br\/wp-content\/uploads\/2022\/12\/IMG-20221202-WA0032-1024x682.jpg 1024w, https:\/\/www.alagoinhas.ba.gov.br\/wp-content\/uploads\/2022\/12\/IMG-20221202-WA0032-300x200.jpg 300w, https:\/\/www.alagoinhas.ba.gov.br\/wp-content\/uploads\/2022\/12\/IMG-20221202-WA0032-768x512.jpg 768w, https:\/\/www.alagoinhas.ba.gov.br\/wp-content\/uploads\/2022\/12\/IMG-20221202-WA0032-126x84.jpg 126w, https:\/\/www.alagoinhas.ba.gov.br\/wp-content\/uploads\/2022\/12\/IMG-20221202-WA0032.jpg 1280w\" alt=\"\" width=\"800\" height=\"533\" \/><\/a><a class=\"group1 cboxElement\" href=\"https:\/\/www.alagoinhas.ba.gov.br\/wp-content\/uploads\/2022\/12\/IMG-20221202-WA0029.jpg\"><img loading=\"lazy\" decoding=\"async\" class=\"aligncenter size-large wp-image-62196\" src=\"https:\/\/www.alagoinhas.ba.gov.br\/wp-content\/uploads\/2022\/12\/IMG-20221202-WA0029-1024x682.jpg\" sizes=\"auto, (max-width: 800px) 100vw, 800px\" srcset=\"https:\/\/www.alagoinhas.ba.gov.br\/wp-content\/uploads\/2022\/12\/IMG-20221202-WA0029-1024x682.jpg 1024w, https:\/\/www.alagoinhas.ba.gov.br\/wp-content\/uploads\/2022\/12\/IMG-20221202-WA0029-300x200.jpg 300w, https:\/\/www.alagoinhas.ba.gov.br\/wp-content\/uploads\/2022\/12\/IMG-20221202-WA0029-768x512.jpg 768w, https:\/\/www.alagoinhas.ba.gov.br\/wp-content\/uploads\/2022\/12\/IMG-20221202-WA0029-126x84.jpg 126w, https:\/\/www.alagoinhas.ba.gov.br\/wp-content\/uploads\/2022\/12\/IMG-20221202-WA0029.jpg 1280w\" alt=\"\" width=\"800\" height=\"533\" \/><\/a><\/p>\n<div align=\"right\">\n<p>&nbsp;<\/p>\n<\/div>\n<div class='share-to-whatsapp-wrapper'><div class='share-on-whsp'>Share on: <\/div><a data-text='Sess\u00e3o Especial Medalha Maria Feij\u00f3 homenageia escritores do munic\u00edpio de Alagoinhas' data-link='https:\/\/newsinfoco.com.br\/inicio\/sessao-especial-medalha-maria-feijo-homenageia-escritores-do-municipio-de-alagoinhas\/' class='whatsapp-button whatsapp-share'>WhatsApp<\/a><div class='clear '><\/div><\/div>","protected":false},"excerpt":{"rendered":"<p>Um momento sublime para os amantes da literatura, em Alagoinhas, aconteceu na tarde de quinta-feira, 1\u00b0 de dezembro de 2022, com a Sess\u00e3o Especial Medalha Maria Feij\u00f3. Realizada na C\u00e2mara Municipal de Vereadores, por iniciativa da vereadora Jaldice Nunes, a Sess\u00e3o homenageou os escritores do munic\u00edpio, incluindo a secret\u00e1ria de Cultura, Esporte e Turismo Iraci [&hellip;]<\/p>\n","protected":false},"author":1,"featured_media":32072,"comment_status":"closed","ping_status":"closed","sticky":false,"template":"","format":"standard","meta":{"om_disable_all_campaigns":false,"rop_custom_images_group":[],"rop_custom_messages_group":[],"rop_publish_now":"initial","rop_publish_now_accounts":[],"rop_publish_now_history":[],"rop_publish_now_status":"pending","_exactmetrics_skip_tracking":false,"footnotes":""},"categories":[38,167],"tags":[],"class_list":["post-32071","post","type-post","status-publish","format-standard","has-post-thumbnail","hentry","category-alagoinhas-e-regiao","category-exclusivas"],"aioseo_notices":[],"aioseo_head":"\n\t\t<!-- All in One SEO 4.9.10 - aioseo.com -->\n\t<meta name=\"description\" content=\"Um momento sublime para os amantes da literatura, em Alagoinhas, aconteceu na tarde de quinta-feira, 1\u00b0 de dezembro de 2022, com a Sess\u00e3o Especial Medalha Maria Feij\u00f3. Realizada na C\u00e2mara Municipal de Vereadores, por iniciativa da vereadora Jaldice Nunes, a Sess\u00e3o homenageou os escritores do munic\u00edpio, incluindo a secret\u00e1ria de Cultura, Esporte e Turismo Iraci\" \/>\n\t<meta name=\"robots\" content=\"max-image-preview:large\" \/>\n\t<meta name=\"author\" content=\"administrador\"\/>\n\t<link rel=\"canonical\" href=\"https:\/\/newsinfoco.com.br\/inicio\/sessao-especial-medalha-maria-feijo-homenageia-escritores-do-municipio-de-alagoinhas\/\" \/>\n\t<meta name=\"generator\" content=\"All in One SEO (AIOSEO) 4.9.10\" \/>\n\t\t<meta property=\"og:locale\" content=\"pt_BR\" \/>\n\t\t<meta property=\"og:site_name\" content=\"News In Foco - Editado por Caio Pimenta - O principal site de noticias de Alagoinhas e regi\u00e3o\" \/>\n\t\t<meta property=\"og:type\" content=\"article\" \/>\n\t\t<meta property=\"og:title\" content=\"Sess\u00e3o Especial Medalha Maria Feij\u00f3 homenageia escritores do munic\u00edpio de Alagoinhas - News In Foco - Editado por Caio Pimenta\" \/>\n\t\t<meta property=\"og:description\" content=\"Um momento sublime para os amantes da literatura, em Alagoinhas, aconteceu na tarde de quinta-feira, 1\u00b0 de dezembro de 2022, com a Sess\u00e3o Especial Medalha Maria Feij\u00f3. Realizada na C\u00e2mara Municipal de Vereadores, por iniciativa da vereadora Jaldice Nunes, a Sess\u00e3o homenageou os escritores do munic\u00edpio, incluindo a secret\u00e1ria de Cultura, Esporte e Turismo Iraci\" \/>\n\t\t<meta property=\"og:url\" content=\"https:\/\/newsinfoco.com.br\/inicio\/sessao-especial-medalha-maria-feijo-homenageia-escritores-do-municipio-de-alagoinhas\/\" \/>\n\t\t<meta property=\"article:published_time\" content=\"2022-12-05T00:30:47+00:00\" \/>\n\t\t<meta property=\"article:modified_time\" content=\"2022-12-05T00:30:47+00:00\" \/>\n\t\t<meta name=\"twitter:card\" content=\"summary_large_image\" \/>\n\t\t<meta name=\"twitter:title\" content=\"Sess\u00e3o Especial Medalha Maria Feij\u00f3 homenageia escritores do munic\u00edpio de Alagoinhas - News In Foco - Editado por Caio Pimenta\" \/>\n\t\t<meta name=\"twitter:description\" content=\"Um momento sublime para os amantes da literatura, em Alagoinhas, aconteceu na tarde de quinta-feira, 1\u00b0 de dezembro de 2022, com a Sess\u00e3o Especial Medalha Maria Feij\u00f3. Realizada na C\u00e2mara Municipal de Vereadores, por iniciativa da vereadora Jaldice Nunes, a Sess\u00e3o homenageou os escritores do munic\u00edpio, incluindo a secret\u00e1ria de Cultura, Esporte e Turismo Iraci\" \/>\n\t\t<script type=\"application\/ld+json\" class=\"aioseo-schema\">\n\t\t\t{\"@context\":\"https:\\\/\\\/schema.org\",\"@graph\":[{\"@type\":\"BlogPosting\",\"@id\":\"https:\\\/\\\/newsinfoco.com.br\\\/inicio\\\/sessao-especial-medalha-maria-feijo-homenageia-escritores-do-municipio-de-alagoinhas\\\/#blogposting\",\"name\":\"Sess\\u00e3o Especial Medalha Maria Feij\\u00f3 homenageia escritores do munic\\u00edpio de Alagoinhas - News In Foco - Editado por Caio Pimenta\",\"headline\":\"Sess\\u00e3o Especial Medalha Maria Feij\\u00f3 homenageia escritores do munic\\u00edpio de Alagoinhas\",\"author\":{\"@id\":\"https:\\\/\\\/newsinfoco.com.br\\\/inicio\\\/author\\\/administrador\\\/#author\"},\"publisher\":{\"@id\":\"https:\\\/\\\/newsinfoco.com.br\\\/inicio\\\/#organization\"},\"image\":{\"@type\":\"ImageObject\",\"url\":\"https:\\\/\\\/newsinfoco.com.br\\\/inicio\\\/wp-content\\\/uploads\\\/2022\\\/12\\\/IMG-20221202-WA0031-520x360-1.jpg\",\"width\":520,\"height\":360},\"datePublished\":\"2022-12-04T21:30:47-03:00\",\"dateModified\":\"2022-12-04T21:30:47-03:00\",\"inLanguage\":\"pt-BR\",\"mainEntityOfPage\":{\"@id\":\"https:\\\/\\\/newsinfoco.com.br\\\/inicio\\\/sessao-especial-medalha-maria-feijo-homenageia-escritores-do-municipio-de-alagoinhas\\\/#webpage\"},\"isPartOf\":{\"@id\":\"https:\\\/\\\/newsinfoco.com.br\\\/inicio\\\/sessao-especial-medalha-maria-feijo-homenageia-escritores-do-municipio-de-alagoinhas\\\/#webpage\"},\"articleSection\":\"Alagoinhas e Regi\\u00e3o, Manchete\"},{\"@type\":\"BreadcrumbList\",\"@id\":\"https:\\\/\\\/newsinfoco.com.br\\\/inicio\\\/sessao-especial-medalha-maria-feijo-homenageia-escritores-do-municipio-de-alagoinhas\\\/#breadcrumblist\",\"itemListElement\":[{\"@type\":\"ListItem\",\"@id\":\"https:\\\/\\\/newsinfoco.com.br\\\/inicio#listItem\",\"position\":1,\"name\":\"In\\u00edcio\",\"item\":\"https:\\\/\\\/newsinfoco.com.br\\\/inicio\",\"nextItem\":{\"@type\":\"ListItem\",\"@id\":\"https:\\\/\\\/newsinfoco.com.br\\\/inicio\\\/category\\\/alagoinhas-e-regiao\\\/#listItem\",\"name\":\"Alagoinhas e Regi\\u00e3o\"}},{\"@type\":\"ListItem\",\"@id\":\"https:\\\/\\\/newsinfoco.com.br\\\/inicio\\\/category\\\/alagoinhas-e-regiao\\\/#listItem\",\"position\":2,\"name\":\"Alagoinhas e Regi\\u00e3o\",\"item\":\"https:\\\/\\\/newsinfoco.com.br\\\/inicio\\\/category\\\/alagoinhas-e-regiao\\\/\",\"nextItem\":{\"@type\":\"ListItem\",\"@id\":\"https:\\\/\\\/newsinfoco.com.br\\\/inicio\\\/sessao-especial-medalha-maria-feijo-homenageia-escritores-do-municipio-de-alagoinhas\\\/#listItem\",\"name\":\"Sess\\u00e3o Especial Medalha Maria Feij\\u00f3 homenageia escritores do munic\\u00edpio de Alagoinhas\"},\"previousItem\":{\"@type\":\"ListItem\",\"@id\":\"https:\\\/\\\/newsinfoco.com.br\\\/inicio#listItem\",\"name\":\"In\\u00edcio\"}},{\"@type\":\"ListItem\",\"@id\":\"https:\\\/\\\/newsinfoco.com.br\\\/inicio\\\/sessao-especial-medalha-maria-feijo-homenageia-escritores-do-municipio-de-alagoinhas\\\/#listItem\",\"position\":3,\"name\":\"Sess\\u00e3o Especial Medalha Maria Feij\\u00f3 homenageia escritores do munic\\u00edpio de Alagoinhas\",\"previousItem\":{\"@type\":\"ListItem\",\"@id\":\"https:\\\/\\\/newsinfoco.com.br\\\/inicio\\\/category\\\/alagoinhas-e-regiao\\\/#listItem\",\"name\":\"Alagoinhas e Regi\\u00e3o\"}}]},{\"@type\":\"Organization\",\"@id\":\"https:\\\/\\\/newsinfoco.com.br\\\/inicio\\\/#organization\",\"name\":\"News In Foco - Editado por Caio Pimenta\",\"description\":\"O principal site de noticias de Alagoinhas e regi\\u00e3o\",\"url\":\"https:\\\/\\\/newsinfoco.com.br\\\/inicio\\\/\"},{\"@type\":\"Person\",\"@id\":\"https:\\\/\\\/newsinfoco.com.br\\\/inicio\\\/author\\\/administrador\\\/#author\",\"url\":\"https:\\\/\\\/newsinfoco.com.br\\\/inicio\\\/author\\\/administrador\\\/\",\"name\":\"administrador\",\"image\":{\"@type\":\"ImageObject\",\"@id\":\"https:\\\/\\\/newsinfoco.com.br\\\/inicio\\\/sessao-especial-medalha-maria-feijo-homenageia-escritores-do-municipio-de-alagoinhas\\\/#authorImage\",\"url\":\"https:\\\/\\\/secure.gravatar.com\\\/avatar\\\/c17a617433de8c1dc9584bb79aab7563b46f5bb7e1728c9b17d9cc3ce6a08e49?s=96&d=mm&r=g\",\"width\":96,\"height\":96,\"caption\":\"administrador\"}},{\"@type\":\"WebPage\",\"@id\":\"https:\\\/\\\/newsinfoco.com.br\\\/inicio\\\/sessao-especial-medalha-maria-feijo-homenageia-escritores-do-municipio-de-alagoinhas\\\/#webpage\",\"url\":\"https:\\\/\\\/newsinfoco.com.br\\\/inicio\\\/sessao-especial-medalha-maria-feijo-homenageia-escritores-do-municipio-de-alagoinhas\\\/\",\"name\":\"Sess\\u00e3o Especial Medalha Maria Feij\\u00f3 homenageia escritores do munic\\u00edpio de Alagoinhas - News In Foco - Editado por Caio Pimenta\",\"description\":\"Um momento sublime para os amantes da literatura, em Alagoinhas, aconteceu na tarde de quinta-feira, 1\\u00b0 de dezembro de 2022, com a Sess\\u00e3o Especial Medalha Maria Feij\\u00f3. Realizada na C\\u00e2mara Municipal de Vereadores, por iniciativa da vereadora Jaldice Nunes, a Sess\\u00e3o homenageou os escritores do munic\\u00edpio, incluindo a secret\\u00e1ria de Cultura, Esporte e Turismo Iraci\",\"inLanguage\":\"pt-BR\",\"isPartOf\":{\"@id\":\"https:\\\/\\\/newsinfoco.com.br\\\/inicio\\\/#website\"},\"breadcrumb\":{\"@id\":\"https:\\\/\\\/newsinfoco.com.br\\\/inicio\\\/sessao-especial-medalha-maria-feijo-homenageia-escritores-do-municipio-de-alagoinhas\\\/#breadcrumblist\"},\"author\":{\"@id\":\"https:\\\/\\\/newsinfoco.com.br\\\/inicio\\\/author\\\/administrador\\\/#author\"},\"creator\":{\"@id\":\"https:\\\/\\\/newsinfoco.com.br\\\/inicio\\\/author\\\/administrador\\\/#author\"},\"image\":{\"@type\":\"ImageObject\",\"url\":\"https:\\\/\\\/newsinfoco.com.br\\\/inicio\\\/wp-content\\\/uploads\\\/2022\\\/12\\\/IMG-20221202-WA0031-520x360-1.jpg\",\"@id\":\"https:\\\/\\\/newsinfoco.com.br\\\/inicio\\\/sessao-especial-medalha-maria-feijo-homenageia-escritores-do-municipio-de-alagoinhas\\\/#mainImage\",\"width\":520,\"height\":360},\"primaryImageOfPage\":{\"@id\":\"https:\\\/\\\/newsinfoco.com.br\\\/inicio\\\/sessao-especial-medalha-maria-feijo-homenageia-escritores-do-municipio-de-alagoinhas\\\/#mainImage\"},\"datePublished\":\"2022-12-04T21:30:47-03:00\",\"dateModified\":\"2022-12-04T21:30:47-03:00\"},{\"@type\":\"WebSite\",\"@id\":\"https:\\\/\\\/newsinfoco.com.br\\\/inicio\\\/#website\",\"url\":\"https:\\\/\\\/newsinfoco.com.br\\\/inicio\\\/\",\"name\":\"News In Foco - Editado por Caio Pimenta\",\"description\":\"O principal site de noticias de Alagoinhas e regi\\u00e3o\",\"inLanguage\":\"pt-BR\",\"publisher\":{\"@id\":\"https:\\\/\\\/newsinfoco.com.br\\\/inicio\\\/#organization\"}}]}\n\t\t<\/script>\n\t\t<!-- All in One SEO -->\n\n","aioseo_head_json":{"title":"Sess\u00e3o Especial Medalha Maria Feij\u00f3 homenageia escritores do munic\u00edpio de Alagoinhas - News In Foco - Editado por Caio Pimenta","description":"Um momento sublime para os amantes da literatura, em Alagoinhas, aconteceu na tarde de quinta-feira, 1\u00b0 de dezembro de 2022, com a Sess\u00e3o Especial Medalha Maria Feij\u00f3. Realizada na C\u00e2mara Municipal de Vereadores, por iniciativa da vereadora Jaldice Nunes, a Sess\u00e3o homenageou os escritores do munic\u00edpio, incluindo a secret\u00e1ria de Cultura, Esporte e Turismo Iraci","canonical_url":"https:\/\/newsinfoco.com.br\/inicio\/sessao-especial-medalha-maria-feijo-homenageia-escritores-do-municipio-de-alagoinhas\/","robots":"max-image-preview:large","keywords":"","webmasterTools":{"miscellaneous":""},"schema":{"@context":"https:\/\/schema.org","@graph":[{"@type":"BlogPosting","@id":"https:\/\/newsinfoco.com.br\/inicio\/sessao-especial-medalha-maria-feijo-homenageia-escritores-do-municipio-de-alagoinhas\/#blogposting","name":"Sess\u00e3o Especial Medalha Maria Feij\u00f3 homenageia escritores do munic\u00edpio de Alagoinhas - News In Foco - Editado por Caio Pimenta","headline":"Sess\u00e3o Especial Medalha Maria Feij\u00f3 homenageia escritores do munic\u00edpio de Alagoinhas","author":{"@id":"https:\/\/newsinfoco.com.br\/inicio\/author\/administrador\/#author"},"publisher":{"@id":"https:\/\/newsinfoco.com.br\/inicio\/#organization"},"image":{"@type":"ImageObject","url":"https:\/\/newsinfoco.com.br\/inicio\/wp-content\/uploads\/2022\/12\/IMG-20221202-WA0031-520x360-1.jpg","width":520,"height":360},"datePublished":"2022-12-04T21:30:47-03:00","dateModified":"2022-12-04T21:30:47-03:00","inLanguage":"pt-BR","mainEntityOfPage":{"@id":"https:\/\/newsinfoco.com.br\/inicio\/sessao-especial-medalha-maria-feijo-homenageia-escritores-do-municipio-de-alagoinhas\/#webpage"},"isPartOf":{"@id":"https:\/\/newsinfoco.com.br\/inicio\/sessao-especial-medalha-maria-feijo-homenageia-escritores-do-municipio-de-alagoinhas\/#webpage"},"articleSection":"Alagoinhas e Regi\u00e3o, Manchete"},{"@type":"BreadcrumbList","@id":"https:\/\/newsinfoco.com.br\/inicio\/sessao-especial-medalha-maria-feijo-homenageia-escritores-do-municipio-de-alagoinhas\/#breadcrumblist","itemListElement":[{"@type":"ListItem","@id":"https:\/\/newsinfoco.com.br\/inicio#listItem","position":1,"name":"In\u00edcio","item":"https:\/\/newsinfoco.com.br\/inicio","nextItem":{"@type":"ListItem","@id":"https:\/\/newsinfoco.com.br\/inicio\/category\/alagoinhas-e-regiao\/#listItem","name":"Alagoinhas e Regi\u00e3o"}},{"@type":"ListItem","@id":"https:\/\/newsinfoco.com.br\/inicio\/category\/alagoinhas-e-regiao\/#listItem","position":2,"name":"Alagoinhas e Regi\u00e3o","item":"https:\/\/newsinfoco.com.br\/inicio\/category\/alagoinhas-e-regiao\/","nextItem":{"@type":"ListItem","@id":"https:\/\/newsinfoco.com.br\/inicio\/sessao-especial-medalha-maria-feijo-homenageia-escritores-do-municipio-de-alagoinhas\/#listItem","name":"Sess\u00e3o Especial Medalha Maria Feij\u00f3 homenageia escritores do munic\u00edpio de Alagoinhas"},"previousItem":{"@type":"ListItem","@id":"https:\/\/newsinfoco.com.br\/inicio#listItem","name":"In\u00edcio"}},{"@type":"ListItem","@id":"https:\/\/newsinfoco.com.br\/inicio\/sessao-especial-medalha-maria-feijo-homenageia-escritores-do-municipio-de-alagoinhas\/#listItem","position":3,"name":"Sess\u00e3o Especial Medalha Maria Feij\u00f3 homenageia escritores do munic\u00edpio de Alagoinhas","previousItem":{"@type":"ListItem","@id":"https:\/\/newsinfoco.com.br\/inicio\/category\/alagoinhas-e-regiao\/#listItem","name":"Alagoinhas e Regi\u00e3o"}}]},{"@type":"Organization","@id":"https:\/\/newsinfoco.com.br\/inicio\/#organization","name":"News In Foco - Editado por Caio Pimenta","description":"O principal site de noticias de Alagoinhas e regi\u00e3o","url":"https:\/\/newsinfoco.com.br\/inicio\/"},{"@type":"Person","@id":"https:\/\/newsinfoco.com.br\/inicio\/author\/administrador\/#author","url":"https:\/\/newsinfoco.com.br\/inicio\/author\/administrador\/","name":"administrador","image":{"@type":"ImageObject","@id":"https:\/\/newsinfoco.com.br\/inicio\/sessao-especial-medalha-maria-feijo-homenageia-escritores-do-municipio-de-alagoinhas\/#authorImage","url":"https:\/\/secure.gravatar.com\/avatar\/c17a617433de8c1dc9584bb79aab7563b46f5bb7e1728c9b17d9cc3ce6a08e49?s=96&d=mm&r=g","width":96,"height":96,"caption":"administrador"}},{"@type":"WebPage","@id":"https:\/\/newsinfoco.com.br\/inicio\/sessao-especial-medalha-maria-feijo-homenageia-escritores-do-municipio-de-alagoinhas\/#webpage","url":"https:\/\/newsinfoco.com.br\/inicio\/sessao-especial-medalha-maria-feijo-homenageia-escritores-do-municipio-de-alagoinhas\/","name":"Sess\u00e3o Especial Medalha Maria Feij\u00f3 homenageia escritores do munic\u00edpio de Alagoinhas - News In Foco - Editado por Caio Pimenta","description":"Um momento sublime para os amantes da literatura, em Alagoinhas, aconteceu na tarde de quinta-feira, 1\u00b0 de dezembro de 2022, com a Sess\u00e3o Especial Medalha Maria Feij\u00f3. Realizada na C\u00e2mara Municipal de Vereadores, por iniciativa da vereadora Jaldice Nunes, a Sess\u00e3o homenageou os escritores do munic\u00edpio, incluindo a secret\u00e1ria de Cultura, Esporte e Turismo Iraci","inLanguage":"pt-BR","isPartOf":{"@id":"https:\/\/newsinfoco.com.br\/inicio\/#website"},"breadcrumb":{"@id":"https:\/\/newsinfoco.com.br\/inicio\/sessao-especial-medalha-maria-feijo-homenageia-escritores-do-municipio-de-alagoinhas\/#breadcrumblist"},"author":{"@id":"https:\/\/newsinfoco.com.br\/inicio\/author\/administrador\/#author"},"creator":{"@id":"https:\/\/newsinfoco.com.br\/inicio\/author\/administrador\/#author"},"image":{"@type":"ImageObject","url":"https:\/\/newsinfoco.com.br\/inicio\/wp-content\/uploads\/2022\/12\/IMG-20221202-WA0031-520x360-1.jpg","@id":"https:\/\/newsinfoco.com.br\/inicio\/sessao-especial-medalha-maria-feijo-homenageia-escritores-do-municipio-de-alagoinhas\/#mainImage","width":520,"height":360},"primaryImageOfPage":{"@id":"https:\/\/newsinfoco.com.br\/inicio\/sessao-especial-medalha-maria-feijo-homenageia-escritores-do-municipio-de-alagoinhas\/#mainImage"},"datePublished":"2022-12-04T21:30:47-03:00","dateModified":"2022-12-04T21:30:47-03:00"},{"@type":"WebSite","@id":"https:\/\/newsinfoco.com.br\/inicio\/#website","url":"https:\/\/newsinfoco.com.br\/inicio\/","name":"News In Foco - Editado por Caio Pimenta","description":"O principal site de noticias de Alagoinhas e regi\u00e3o","inLanguage":"pt-BR","publisher":{"@id":"https:\/\/newsinfoco.com.br\/inicio\/#organization"}}]},"og:locale":"pt_BR","og:site_name":"News In Foco - Editado por Caio Pimenta - O principal site de noticias de Alagoinhas e regi\u00e3o","og:type":"article","og:title":"Sess\u00e3o Especial Medalha Maria Feij\u00f3 homenageia escritores do munic\u00edpio de Alagoinhas - News In Foco - Editado por Caio Pimenta","og:description":"Um momento sublime para os amantes da literatura, em Alagoinhas, aconteceu na tarde de quinta-feira, 1\u00b0 de dezembro de 2022, com a Sess\u00e3o Especial Medalha Maria Feij\u00f3. Realizada na C\u00e2mara Municipal de Vereadores, por iniciativa da vereadora Jaldice Nunes, a Sess\u00e3o homenageou os escritores do munic\u00edpio, incluindo a secret\u00e1ria de Cultura, Esporte e Turismo Iraci","og:url":"https:\/\/newsinfoco.com.br\/inicio\/sessao-especial-medalha-maria-feijo-homenageia-escritores-do-municipio-de-alagoinhas\/","article:published_time":"2022-12-05T00:30:47+00:00","article:modified_time":"2022-12-05T00:30:47+00:00","twitter:card":"summary_large_image","twitter:title":"Sess\u00e3o Especial Medalha Maria Feij\u00f3 homenageia escritores do munic\u00edpio de Alagoinhas - News In Foco - Editado por Caio Pimenta","twitter:description":"Um momento sublime para os amantes da literatura, em Alagoinhas, aconteceu na tarde de quinta-feira, 1\u00b0 de dezembro de 2022, com a Sess\u00e3o Especial Medalha Maria Feij\u00f3. Realizada na C\u00e2mara Municipal de Vereadores, por iniciativa da vereadora Jaldice Nunes, a Sess\u00e3o homenageou os escritores do munic\u00edpio, incluindo a secret\u00e1ria de Cultura, Esporte e Turismo Iraci"},"aioseo_meta_data":{"post_id":"32071","title":null,"description":null,"keywords":null,"keyphrases":null,"primary_term":null,"canonical_url":null,"og_title":null,"og_description":null,"og_object_type":"default","og_image_type":"default","og_image_url":null,"og_image_width":null,"og_image_height":null,"og_image_custom_url":null,"og_image_custom_fields":null,"og_video":null,"og_custom_url":null,"og_article_section":null,"og_article_tags":null,"twitter_use_og":false,"twitter_card":"default","twitter_image_type":"default","twitter_image_url":null,"twitter_image_custom_url":null,"twitter_image_custom_fields":null,"twitter_title":null,"twitter_description":null,"schema":{"blockGraphs":[],"customGraphs":[],"default":{"data":{"Article":[],"Course":[],"Dataset":[],"FAQPage":[],"Movie":[],"Person":[],"Product":[],"ProductReview":[],"Car":[],"Recipe":[],"Service":[],"SoftwareApplication":[],"WebPage":[]},"graphName":"","isEnabled":true},"graphs":[]},"schema_type":"default","schema_type_options":null,"pillar_content":false,"robots_default":true,"robots_noindex":false,"robots_noarchive":false,"robots_nosnippet":false,"robots_nofollow":false,"robots_noimageindex":false,"robots_noodp":false,"robots_notranslate":false,"robots_max_snippet":null,"robots_max_videopreview":null,"robots_max_imagepreview":"large","priority":null,"frequency":null,"local_seo":null,"breadcrumb_settings":null,"limit_modified_date":false,"ai":null,"created":"2023-06-12 22:26:47","updated":"2025-07-11 08:41:01","seo_analyzer_scan_date":null},"aioseo_breadcrumb":"<div class=\"aioseo-breadcrumbs\"><span class=\"aioseo-breadcrumb\">\n\t\t\t<a href=\"https:\/\/newsinfoco.com.br\/inicio\" title=\"In\u00edcio\">In\u00edcio<\/a>\n\t\t<\/span><span class=\"aioseo-breadcrumb-separator\">&raquo;<\/span><span class=\"aioseo-breadcrumb\">\n\t\t\t<a href=\"https:\/\/newsinfoco.com.br\/inicio\/category\/alagoinhas-e-regiao\/\" title=\"Alagoinhas e Regi\u00e3o\">Alagoinhas e Regi\u00e3o<\/a>\n\t\t<\/span><span class=\"aioseo-breadcrumb-separator\">&raquo;<\/span><span class=\"aioseo-breadcrumb\">\n\t\t\tSess\u00e3o Especial Medalha Maria Feij\u00f3 homenageia escritores do munic\u00edpio de Alagoinhas\n\t\t<\/span><\/div>","aioseo_breadcrumb_json":[{"label":"In\u00edcio","link":"https:\/\/newsinfoco.com.br\/inicio"},{"label":"Alagoinhas e Regi\u00e3o","link":"https:\/\/newsinfoco.com.br\/inicio\/category\/alagoinhas-e-regiao\/"},{"label":"Sess\u00e3o Especial Medalha Maria Feij\u00f3 homenageia escritores do munic\u00edpio de Alagoinhas","link":"https:\/\/newsinfoco.com.br\/inicio\/sessao-especial-medalha-maria-feijo-homenageia-escritores-do-municipio-de-alagoinhas\/"}],"_links":{"self":[{"href":"https:\/\/newsinfoco.com.br\/inicio\/wp-json\/wp\/v2\/posts\/32071","targetHints":{"allow":["GET"]}}],"collection":[{"href":"https:\/\/newsinfoco.com.br\/inicio\/wp-json\/wp\/v2\/posts"}],"about":[{"href":"https:\/\/newsinfoco.com.br\/inicio\/wp-json\/wp\/v2\/types\/post"}],"author":[{"embeddable":true,"href":"https:\/\/newsinfoco.com.br\/inicio\/wp-json\/wp\/v2\/users\/1"}],"replies":[{"embeddable":true,"href":"https:\/\/newsinfoco.com.br\/inicio\/wp-json\/wp\/v2\/comments?post=32071"}],"version-history":[{"count":1,"href":"https:\/\/newsinfoco.com.br\/inicio\/wp-json\/wp\/v2\/posts\/32071\/revisions"}],"predecessor-version":[{"id":32073,"href":"https:\/\/newsinfoco.com.br\/inicio\/wp-json\/wp\/v2\/posts\/32071\/revisions\/32073"}],"wp:featuredmedia":[{"embeddable":true,"href":"https:\/\/newsinfoco.com.br\/inicio\/wp-json\/wp\/v2\/media\/32072"}],"wp:attachment":[{"href":"https:\/\/newsinfoco.com.br\/inicio\/wp-json\/wp\/v2\/media?parent=32071"}],"wp:term":[{"taxonomy":"category","embeddable":true,"href":"https:\/\/newsinfoco.com.br\/inicio\/wp-json\/wp\/v2\/categories?post=32071"},{"taxonomy":"post_tag","embeddable":true,"href":"https:\/\/newsinfoco.com.br\/inicio\/wp-json\/wp\/v2\/tags?post=32071"}],"curies":[{"name":"wp","href":"https:\/\/api.w.org\/{rel}","templated":true}]}}