{"id":32074,"date":"2022-12-04T21:41:22","date_gmt":"2022-12-05T00:41:22","guid":{"rendered":"https:\/\/newsinfoco.com.br\/inicio\/?p=32074"},"modified":"2022-12-04T21:41:22","modified_gmt":"2022-12-05T00:41:22","slug":"secretaria-de-assistencia-social-divulga-relatorio-de-beneficios-concedidos-na-operacao-chuva","status":"publish","type":"post","link":"https:\/\/newsinfoco.com.br\/inicio\/secretaria-de-assistencia-social-divulga-relatorio-de-beneficios-concedidos-na-operacao-chuva\/","title":{"rendered":"Secretaria de Assist\u00eancia Social divulga relat\u00f3rio de benef\u00edcios concedidos na Opera\u00e7\u00e3o-chuva"},"content":{"rendered":"<p>Como forma de amenizar os danos causados pelas fortes chuvas que acometeram o munic\u00edpio de Alagoinhas nos \u00faltimos dias, a Secretaria Municipal de Assist\u00eancia Social (SEMAS) atuou incisivamente, prestando auxilio \u00e0s fam\u00edlias prejudicados. Um relat\u00f3rio foi emitido, na \u00faltima quinta-feira (01), com um balan\u00e7o das a\u00e7\u00f5es.<\/p>\n<p>Foram feitas 78 abordagens, com a distribui\u00e7\u00e3o de 67 cestas b\u00e1sicas, 18 alimenta\u00e7\u00f5es prontas e 28 gal\u00f5es de \u00e1gua mineral (20l). Al\u00e9m disso, foi feita a concess\u00e3o de 43 alugu\u00e9is sociais e realizada a distribui\u00e7\u00e3o de 72 unidades de colch\u00f5es, cobertores e travesseiros.<\/p>\n<p>\u201cMobilizamos grande parte da nossa equipe para que pud\u00e9ssemos atender, com o m\u00e1ximo de celeridade, os atingidos pelas chuvas, cumprindo o papel de auxiliar as fam\u00edlias em vulnerabilidade, v\u00edtimas dos danos causados pelo temporal que se abateu sobre Alagoinhas e em grande parte do estado\u201d, informou o secret\u00e1rio da pasta Rui Costa Brito.<\/p>\n<p>At\u00e9 o momento n\u00e3o houve acolhimento de pessoas em abrigos, visto que os alugu\u00e9is sociais est\u00e3o substituindo esta alternativa, \u201ccom muito mais dignidade e autonomia\u201d, complementou Rui.<\/p>\n<p>Ainda segundo o secret\u00e1rio de Assist\u00eancia Social,\u00a0a expectativa \u00e9 de que mais fam\u00edlias sejam atendidas, uma vez que algumas ainda est\u00e3o em processo de concess\u00e3o dos alugu\u00e9is sociais.<\/p>\n<p>Fotos: Divulga\u00e7\u00e3o SEMAS<\/p>\n<p><a class=\"group1 cboxElement\" href=\"https:\/\/www.alagoinhas.ba.gov.br\/wp-content\/uploads\/2022\/12\/IMG-20221202-WA0047.jpg\"><img loading=\"lazy\" decoding=\"async\" class=\"aligncenter size-large wp-image-62209\" src=\"https:\/\/www.alagoinhas.ba.gov.br\/wp-content\/uploads\/2022\/12\/IMG-20221202-WA0047-1024x768.jpg\" sizes=\"auto, (max-width: 800px) 100vw, 800px\" srcset=\"https:\/\/www.alagoinhas.ba.gov.br\/wp-content\/uploads\/2022\/12\/IMG-20221202-WA0047-1024x768.jpg 1024w, https:\/\/www.alagoinhas.ba.gov.br\/wp-content\/uploads\/2022\/12\/IMG-20221202-WA0047-300x225.jpg 300w, https:\/\/www.alagoinhas.ba.gov.br\/wp-content\/uploads\/2022\/12\/IMG-20221202-WA0047-768x576.jpg 768w, https:\/\/www.alagoinhas.ba.gov.br\/wp-content\/uploads\/2022\/12\/IMG-20221202-WA0047-112x84.jpg 112w, https:\/\/www.alagoinhas.ba.gov.br\/wp-content\/uploads\/2022\/12\/IMG-20221202-WA0047.jpg 1280w\" alt=\"\" width=\"800\" height=\"600\" \/><\/a><a class=\"group1 cboxElement\" href=\"https:\/\/www.alagoinhas.ba.gov.br\/wp-content\/uploads\/2022\/12\/IMG-20221202-WA0045.jpg\"><img loading=\"lazy\" decoding=\"async\" class=\"aligncenter size-large wp-image-62210\" src=\"https:\/\/www.alagoinhas.ba.gov.br\/wp-content\/uploads\/2022\/12\/IMG-20221202-WA0045-1024x461.jpg\" sizes=\"auto, (max-width: 800px) 100vw, 800px\" srcset=\"https:\/\/www.alagoinhas.ba.gov.br\/wp-content\/uploads\/2022\/12\/IMG-20221202-WA0045-1024x461.jpg 1024w, https:\/\/www.alagoinhas.ba.gov.br\/wp-content\/uploads\/2022\/12\/IMG-20221202-WA0045-300x135.jpg 300w, https:\/\/www.alagoinhas.ba.gov.br\/wp-content\/uploads\/2022\/12\/IMG-20221202-WA0045-768x346.jpg 768w, https:\/\/www.alagoinhas.ba.gov.br\/wp-content\/uploads\/2022\/12\/IMG-20221202-WA0045-187x84.jpg 187w, https:\/\/www.alagoinhas.ba.gov.br\/wp-content\/uploads\/2022\/12\/IMG-20221202-WA0045.jpg 1280w\" alt=\"\" width=\"800\" height=\"360\" \/><\/a><a class=\"group1 cboxElement\" href=\"https:\/\/www.alagoinhas.ba.gov.br\/wp-content\/uploads\/2022\/12\/IMG-20221202-WA0051.jpg\"><img loading=\"lazy\" decoding=\"async\" class=\"aligncenter size-large wp-image-62211\" src=\"https:\/\/www.alagoinhas.ba.gov.br\/wp-content\/uploads\/2022\/12\/IMG-20221202-WA0051-766x1024.jpg\" sizes=\"auto, (max-width: 766px) 100vw, 766px\" srcset=\"https:\/\/www.alagoinhas.ba.gov.br\/wp-content\/uploads\/2022\/12\/IMG-20221202-WA0051-766x1024.jpg 766w, https:\/\/www.alagoinhas.ba.gov.br\/wp-content\/uploads\/2022\/12\/IMG-20221202-WA0051-225x300.jpg 225w, https:\/\/www.alagoinhas.ba.gov.br\/wp-content\/uploads\/2022\/12\/IMG-20221202-WA0051-768x1026.jpg 768w, https:\/\/www.alagoinhas.ba.gov.br\/wp-content\/uploads\/2022\/12\/IMG-20221202-WA0051-63x84.jpg 63w, https:\/\/www.alagoinhas.ba.gov.br\/wp-content\/uploads\/2022\/12\/IMG-20221202-WA0051.jpg 970w\" alt=\"\" width=\"766\" height=\"1024\" \/><\/a><a class=\"group1 cboxElement\" href=\"https:\/\/www.alagoinhas.ba.gov.br\/wp-content\/uploads\/2022\/12\/IMG-20221202-WA0048.jpg\"><img loading=\"lazy\" decoding=\"async\" class=\"aligncenter size-large wp-image-62212\" src=\"https:\/\/www.alagoinhas.ba.gov.br\/wp-content\/uploads\/2022\/12\/IMG-20221202-WA0048-1024x768.jpg\" sizes=\"auto, (max-width: 800px) 100vw, 800px\" srcset=\"https:\/\/www.alagoinhas.ba.gov.br\/wp-content\/uploads\/2022\/12\/IMG-20221202-WA0048-1024x768.jpg 1024w, https:\/\/www.alagoinhas.ba.gov.br\/wp-content\/uploads\/2022\/12\/IMG-20221202-WA0048-300x225.jpg 300w, https:\/\/www.alagoinhas.ba.gov.br\/wp-content\/uploads\/2022\/12\/IMG-20221202-WA0048-768x576.jpg 768w, https:\/\/www.alagoinhas.ba.gov.br\/wp-content\/uploads\/2022\/12\/IMG-20221202-WA0048-112x84.jpg 112w, https:\/\/www.alagoinhas.ba.gov.br\/wp-content\/uploads\/2022\/12\/IMG-20221202-WA0048.jpg 1280w\" alt=\"\" width=\"800\" height=\"600\" \/><\/a><a class=\"group1 cboxElement\" href=\"https:\/\/www.alagoinhas.ba.gov.br\/wp-content\/uploads\/2022\/12\/IMG-20221202-WA0049.jpg\"><img loading=\"lazy\" decoding=\"async\" class=\"aligncenter size-large wp-image-62213\" src=\"https:\/\/www.alagoinhas.ba.gov.br\/wp-content\/uploads\/2022\/12\/IMG-20221202-WA0049-1024x768.jpg\" sizes=\"auto, (max-width: 800px) 100vw, 800px\" srcset=\"https:\/\/www.alagoinhas.ba.gov.br\/wp-content\/uploads\/2022\/12\/IMG-20221202-WA0049-1024x768.jpg 1024w, https:\/\/www.alagoinhas.ba.gov.br\/wp-content\/uploads\/2022\/12\/IMG-20221202-WA0049-300x225.jpg 300w, https:\/\/www.alagoinhas.ba.gov.br\/wp-content\/uploads\/2022\/12\/IMG-20221202-WA0049-768x576.jpg 768w, https:\/\/www.alagoinhas.ba.gov.br\/wp-content\/uploads\/2022\/12\/IMG-20221202-WA0049-112x84.jpg 112w, https:\/\/www.alagoinhas.ba.gov.br\/wp-content\/uploads\/2022\/12\/IMG-20221202-WA0049.jpg 1600w\" alt=\"\" width=\"800\" height=\"600\" \/><\/a><a class=\"group1 cboxElement\" href=\"https:\/\/www.alagoinhas.ba.gov.br\/wp-content\/uploads\/2022\/12\/IMG-20221202-WA0053.jpg\"><img loading=\"lazy\" decoding=\"async\" class=\"aligncenter size-large wp-image-62216\" src=\"https:\/\/www.alagoinhas.ba.gov.br\/wp-content\/uploads\/2022\/12\/IMG-20221202-WA0053-768x1024.jpg\" sizes=\"auto, (max-width: 768px) 100vw, 768px\" srcset=\"https:\/\/www.alagoinhas.ba.gov.br\/wp-content\/uploads\/2022\/12\/IMG-20221202-WA0053-768x1024.jpg 768w, https:\/\/www.alagoinhas.ba.gov.br\/wp-content\/uploads\/2022\/12\/IMG-20221202-WA0053-225x300.jpg 225w, https:\/\/www.alagoinhas.ba.gov.br\/wp-content\/uploads\/2022\/12\/IMG-20221202-WA0053-63x84.jpg 63w, https:\/\/www.alagoinhas.ba.gov.br\/wp-content\/uploads\/2022\/12\/IMG-20221202-WA0053.jpg 960w\" alt=\"\" width=\"768\" height=\"1024\" \/><\/a><a class=\"group1 cboxElement\" href=\"https:\/\/www.alagoinhas.ba.gov.br\/wp-content\/uploads\/2022\/12\/IMG-20221202-WA0064.jpg\"><img loading=\"lazy\" decoding=\"async\" class=\"aligncenter size-large wp-image-62220\" src=\"https:\/\/www.alagoinhas.ba.gov.br\/wp-content\/uploads\/2022\/12\/IMG-20221202-WA0064-1024x768.jpg\" sizes=\"auto, (max-width: 800px) 100vw, 800px\" srcset=\"https:\/\/www.alagoinhas.ba.gov.br\/wp-content\/uploads\/2022\/12\/IMG-20221202-WA0064-1024x768.jpg 1024w, https:\/\/www.alagoinhas.ba.gov.br\/wp-content\/uploads\/2022\/12\/IMG-20221202-WA0064-300x225.jpg 300w, https:\/\/www.alagoinhas.ba.gov.br\/wp-content\/uploads\/2022\/12\/IMG-20221202-WA0064-768x576.jpg 768w, https:\/\/www.alagoinhas.ba.gov.br\/wp-content\/uploads\/2022\/12\/IMG-20221202-WA0064-112x84.jpg 112w, https:\/\/www.alagoinhas.ba.gov.br\/wp-content\/uploads\/2022\/12\/IMG-20221202-WA0064.jpg 1600w\" alt=\"\" width=\"800\" height=\"600\" \/><\/a><a class=\"group1 cboxElement\" href=\"https:\/\/www.alagoinhas.ba.gov.br\/wp-content\/uploads\/2022\/12\/IMG-20221202-WA0063.jpg\"><img loading=\"lazy\" decoding=\"async\" class=\"aligncenter size-large wp-image-62221\" src=\"https:\/\/www.alagoinhas.ba.gov.br\/wp-content\/uploads\/2022\/12\/IMG-20221202-WA0063-1024x768.jpg\" sizes=\"auto, (max-width: 800px) 100vw, 800px\" srcset=\"https:\/\/www.alagoinhas.ba.gov.br\/wp-content\/uploads\/2022\/12\/IMG-20221202-WA0063-1024x768.jpg 1024w, https:\/\/www.alagoinhas.ba.gov.br\/wp-content\/uploads\/2022\/12\/IMG-20221202-WA0063-300x225.jpg 300w, https:\/\/www.alagoinhas.ba.gov.br\/wp-content\/uploads\/2022\/12\/IMG-20221202-WA0063-768x576.jpg 768w, https:\/\/www.alagoinhas.ba.gov.br\/wp-content\/uploads\/2022\/12\/IMG-20221202-WA0063-112x84.jpg 112w, https:\/\/www.alagoinhas.ba.gov.br\/wp-content\/uploads\/2022\/12\/IMG-20221202-WA0063.jpg 1600w\" alt=\"\" width=\"800\" height=\"600\" \/><\/a><a class=\"group1 cboxElement\" href=\"https:\/\/www.alagoinhas.ba.gov.br\/wp-content\/uploads\/2022\/12\/IMG-20221202-WA0061.jpg\"><img loading=\"lazy\" decoding=\"async\" class=\"aligncenter size-large wp-image-62222\" src=\"https:\/\/www.alagoinhas.ba.gov.br\/wp-content\/uploads\/2022\/12\/IMG-20221202-WA0061-1024x768.jpg\" sizes=\"auto, (max-width: 800px) 100vw, 800px\" srcset=\"https:\/\/www.alagoinhas.ba.gov.br\/wp-content\/uploads\/2022\/12\/IMG-20221202-WA0061-1024x768.jpg 1024w, https:\/\/www.alagoinhas.ba.gov.br\/wp-content\/uploads\/2022\/12\/IMG-20221202-WA0061-300x225.jpg 300w, https:\/\/www.alagoinhas.ba.gov.br\/wp-content\/uploads\/2022\/12\/IMG-20221202-WA0061-768x576.jpg 768w, https:\/\/www.alagoinhas.ba.gov.br\/wp-content\/uploads\/2022\/12\/IMG-20221202-WA0061-112x84.jpg 112w, https:\/\/www.alagoinhas.ba.gov.br\/wp-content\/uploads\/2022\/12\/IMG-20221202-WA0061.jpg 1600w\" alt=\"\" width=\"800\" height=\"600\" \/><\/a><\/p>\n<div align=\"right\">\n<p>&nbsp;<\/p>\n<\/div>\n<div class='share-to-whatsapp-wrapper'><div class='share-on-whsp'>Share on: <\/div><a data-text='Secretaria de Assist\u00eancia Social divulga relat\u00f3rio de benef\u00edcios concedidos na Opera\u00e7\u00e3o-chuva' data-link='https:\/\/newsinfoco.com.br\/inicio\/secretaria-de-assistencia-social-divulga-relatorio-de-beneficios-concedidos-na-operacao-chuva\/' class='whatsapp-button whatsapp-share'>WhatsApp<\/a><div class='clear '><\/div><\/div>","protected":false},"excerpt":{"rendered":"<p>Como forma de amenizar os danos causados pelas fortes chuvas que acometeram o munic\u00edpio de Alagoinhas nos \u00faltimos dias, a Secretaria Municipal de Assist\u00eancia Social (SEMAS) atuou incisivamente, prestando auxilio \u00e0s fam\u00edlias prejudicados. Um relat\u00f3rio foi emitido, na \u00faltima quinta-feira (01), com um balan\u00e7o das a\u00e7\u00f5es. Foram feitas 78 abordagens, com a distribui\u00e7\u00e3o de 67 [&hellip;]<\/p>\n","protected":false},"author":1,"featured_media":32075,"comment_status":"closed","ping_status":"closed","sticky":false,"template":"","format":"standard","meta":{"om_disable_all_campaigns":false,"rop_custom_images_group":[],"rop_custom_messages_group":[],"rop_publish_now":"initial","rop_publish_now_accounts":[],"rop_publish_now_history":[],"rop_publish_now_status":"pending","_exactmetrics_skip_tracking":false,"footnotes":""},"categories":[38,167],"tags":[],"class_list":["post-32074","post","type-post","status-publish","format-standard","has-post-thumbnail","hentry","category-alagoinhas-e-regiao","category-exclusivas"],"aioseo_notices":[],"aioseo_head":"\n\t\t<!-- All in One SEO 4.9.10 - aioseo.com -->\n\t<meta name=\"description\" content=\"Como forma de amenizar os danos causados pelas fortes chuvas que acometeram o munic\u00edpio de Alagoinhas nos \u00faltimos dias, a Secretaria Municipal de Assist\u00eancia Social (SEMAS) atuou incisivamente, prestando auxilio \u00e0s fam\u00edlias prejudicados. Um relat\u00f3rio foi emitido, na \u00faltima quinta-feira (01), com um balan\u00e7o das a\u00e7\u00f5es. Foram feitas 78 abordagens, com a distribui\u00e7\u00e3o de 67\" \/>\n\t<meta name=\"robots\" content=\"max-image-preview:large\" \/>\n\t<meta name=\"author\" content=\"administrador\"\/>\n\t<link rel=\"canonical\" href=\"https:\/\/newsinfoco.com.br\/inicio\/secretaria-de-assistencia-social-divulga-relatorio-de-beneficios-concedidos-na-operacao-chuva\/\" \/>\n\t<meta name=\"generator\" content=\"All in One SEO (AIOSEO) 4.9.10\" \/>\n\t\t<meta property=\"og:locale\" content=\"pt_BR\" \/>\n\t\t<meta property=\"og:site_name\" content=\"News In Foco - Editado por Caio Pimenta - O principal site de noticias de Alagoinhas e regi\u00e3o\" \/>\n\t\t<meta property=\"og:type\" content=\"article\" \/>\n\t\t<meta property=\"og:title\" content=\"Secretaria de Assist\u00eancia Social divulga relat\u00f3rio de benef\u00edcios concedidos na Opera\u00e7\u00e3o-chuva - News In Foco - Editado por Caio Pimenta\" \/>\n\t\t<meta property=\"og:description\" content=\"Como forma de amenizar os danos causados pelas fortes chuvas que acometeram o munic\u00edpio de Alagoinhas nos \u00faltimos dias, a Secretaria Municipal de Assist\u00eancia Social (SEMAS) atuou incisivamente, prestando auxilio \u00e0s fam\u00edlias prejudicados. Um relat\u00f3rio foi emitido, na \u00faltima quinta-feira (01), com um balan\u00e7o das a\u00e7\u00f5es. Foram feitas 78 abordagens, com a distribui\u00e7\u00e3o de 67\" \/>\n\t\t<meta property=\"og:url\" content=\"https:\/\/newsinfoco.com.br\/inicio\/secretaria-de-assistencia-social-divulga-relatorio-de-beneficios-concedidos-na-operacao-chuva\/\" \/>\n\t\t<meta property=\"article:published_time\" content=\"2022-12-05T00:41:22+00:00\" \/>\n\t\t<meta property=\"article:modified_time\" content=\"2022-12-05T00:41:22+00:00\" \/>\n\t\t<meta name=\"twitter:card\" content=\"summary_large_image\" \/>\n\t\t<meta name=\"twitter:title\" content=\"Secretaria de Assist\u00eancia Social divulga relat\u00f3rio de benef\u00edcios concedidos na Opera\u00e7\u00e3o-chuva - News In Foco - Editado por Caio Pimenta\" \/>\n\t\t<meta name=\"twitter:description\" content=\"Como forma de amenizar os danos causados pelas fortes chuvas que acometeram o munic\u00edpio de Alagoinhas nos \u00faltimos dias, a Secretaria Municipal de Assist\u00eancia Social (SEMAS) atuou incisivamente, prestando auxilio \u00e0s fam\u00edlias prejudicados. Um relat\u00f3rio foi emitido, na \u00faltima quinta-feira (01), com um balan\u00e7o das a\u00e7\u00f5es. Foram feitas 78 abordagens, com a distribui\u00e7\u00e3o de 67\" \/>\n\t\t<script type=\"application\/ld+json\" class=\"aioseo-schema\">\n\t\t\t{\"@context\":\"https:\\\/\\\/schema.org\",\"@graph\":[{\"@type\":\"BlogPosting\",\"@id\":\"https:\\\/\\\/newsinfoco.com.br\\\/inicio\\\/secretaria-de-assistencia-social-divulga-relatorio-de-beneficios-concedidos-na-operacao-chuva\\\/#blogposting\",\"name\":\"Secretaria de Assist\\u00eancia Social divulga relat\\u00f3rio de benef\\u00edcios concedidos na Opera\\u00e7\\u00e3o-chuva - News In Foco - Editado por Caio Pimenta\",\"headline\":\"Secretaria de Assist\\u00eancia Social divulga relat\\u00f3rio de benef\\u00edcios concedidos na Opera\\u00e7\\u00e3o-chuva\",\"author\":{\"@id\":\"https:\\\/\\\/newsinfoco.com.br\\\/inicio\\\/author\\\/administrador\\\/#author\"},\"publisher\":{\"@id\":\"https:\\\/\\\/newsinfoco.com.br\\\/inicio\\\/#organization\"},\"image\":{\"@type\":\"ImageObject\",\"url\":\"https:\\\/\\\/newsinfoco.com.br\\\/inicio\\\/wp-content\\\/uploads\\\/2022\\\/12\\\/IMG-20221202-WA0049-550x368-1.jpg\",\"width\":550,\"height\":368},\"datePublished\":\"2022-12-04T21:41:22-03:00\",\"dateModified\":\"2022-12-04T21:41:22-03:00\",\"inLanguage\":\"pt-BR\",\"mainEntityOfPage\":{\"@id\":\"https:\\\/\\\/newsinfoco.com.br\\\/inicio\\\/secretaria-de-assistencia-social-divulga-relatorio-de-beneficios-concedidos-na-operacao-chuva\\\/#webpage\"},\"isPartOf\":{\"@id\":\"https:\\\/\\\/newsinfoco.com.br\\\/inicio\\\/secretaria-de-assistencia-social-divulga-relatorio-de-beneficios-concedidos-na-operacao-chuva\\\/#webpage\"},\"articleSection\":\"Alagoinhas e Regi\\u00e3o, Manchete\"},{\"@type\":\"BreadcrumbList\",\"@id\":\"https:\\\/\\\/newsinfoco.com.br\\\/inicio\\\/secretaria-de-assistencia-social-divulga-relatorio-de-beneficios-concedidos-na-operacao-chuva\\\/#breadcrumblist\",\"itemListElement\":[{\"@type\":\"ListItem\",\"@id\":\"https:\\\/\\\/newsinfoco.com.br\\\/inicio#listItem\",\"position\":1,\"name\":\"In\\u00edcio\",\"item\":\"https:\\\/\\\/newsinfoco.com.br\\\/inicio\",\"nextItem\":{\"@type\":\"ListItem\",\"@id\":\"https:\\\/\\\/newsinfoco.com.br\\\/inicio\\\/category\\\/alagoinhas-e-regiao\\\/#listItem\",\"name\":\"Alagoinhas e Regi\\u00e3o\"}},{\"@type\":\"ListItem\",\"@id\":\"https:\\\/\\\/newsinfoco.com.br\\\/inicio\\\/category\\\/alagoinhas-e-regiao\\\/#listItem\",\"position\":2,\"name\":\"Alagoinhas e Regi\\u00e3o\",\"item\":\"https:\\\/\\\/newsinfoco.com.br\\\/inicio\\\/category\\\/alagoinhas-e-regiao\\\/\",\"nextItem\":{\"@type\":\"ListItem\",\"@id\":\"https:\\\/\\\/newsinfoco.com.br\\\/inicio\\\/secretaria-de-assistencia-social-divulga-relatorio-de-beneficios-concedidos-na-operacao-chuva\\\/#listItem\",\"name\":\"Secretaria de Assist\\u00eancia Social divulga relat\\u00f3rio de benef\\u00edcios concedidos na Opera\\u00e7\\u00e3o-chuva\"},\"previousItem\":{\"@type\":\"ListItem\",\"@id\":\"https:\\\/\\\/newsinfoco.com.br\\\/inicio#listItem\",\"name\":\"In\\u00edcio\"}},{\"@type\":\"ListItem\",\"@id\":\"https:\\\/\\\/newsinfoco.com.br\\\/inicio\\\/secretaria-de-assistencia-social-divulga-relatorio-de-beneficios-concedidos-na-operacao-chuva\\\/#listItem\",\"position\":3,\"name\":\"Secretaria de Assist\\u00eancia Social divulga relat\\u00f3rio de benef\\u00edcios concedidos na Opera\\u00e7\\u00e3o-chuva\",\"previousItem\":{\"@type\":\"ListItem\",\"@id\":\"https:\\\/\\\/newsinfoco.com.br\\\/inicio\\\/category\\\/alagoinhas-e-regiao\\\/#listItem\",\"name\":\"Alagoinhas e Regi\\u00e3o\"}}]},{\"@type\":\"Organization\",\"@id\":\"https:\\\/\\\/newsinfoco.com.br\\\/inicio\\\/#organization\",\"name\":\"News In Foco - Editado por Caio Pimenta\",\"description\":\"O principal site de noticias de Alagoinhas e regi\\u00e3o\",\"url\":\"https:\\\/\\\/newsinfoco.com.br\\\/inicio\\\/\"},{\"@type\":\"Person\",\"@id\":\"https:\\\/\\\/newsinfoco.com.br\\\/inicio\\\/author\\\/administrador\\\/#author\",\"url\":\"https:\\\/\\\/newsinfoco.com.br\\\/inicio\\\/author\\\/administrador\\\/\",\"name\":\"administrador\",\"image\":{\"@type\":\"ImageObject\",\"@id\":\"https:\\\/\\\/newsinfoco.com.br\\\/inicio\\\/secretaria-de-assistencia-social-divulga-relatorio-de-beneficios-concedidos-na-operacao-chuva\\\/#authorImage\",\"url\":\"https:\\\/\\\/secure.gravatar.com\\\/avatar\\\/c17a617433de8c1dc9584bb79aab7563b46f5bb7e1728c9b17d9cc3ce6a08e49?s=96&d=mm&r=g\",\"width\":96,\"height\":96,\"caption\":\"administrador\"}},{\"@type\":\"WebPage\",\"@id\":\"https:\\\/\\\/newsinfoco.com.br\\\/inicio\\\/secretaria-de-assistencia-social-divulga-relatorio-de-beneficios-concedidos-na-operacao-chuva\\\/#webpage\",\"url\":\"https:\\\/\\\/newsinfoco.com.br\\\/inicio\\\/secretaria-de-assistencia-social-divulga-relatorio-de-beneficios-concedidos-na-operacao-chuva\\\/\",\"name\":\"Secretaria de Assist\\u00eancia Social divulga relat\\u00f3rio de benef\\u00edcios concedidos na Opera\\u00e7\\u00e3o-chuva - News In Foco - Editado por Caio Pimenta\",\"description\":\"Como forma de amenizar os danos causados pelas fortes chuvas que acometeram o munic\\u00edpio de Alagoinhas nos \\u00faltimos dias, a Secretaria Municipal de Assist\\u00eancia Social (SEMAS) atuou incisivamente, prestando auxilio \\u00e0s fam\\u00edlias prejudicados. Um relat\\u00f3rio foi emitido, na \\u00faltima quinta-feira (01), com um balan\\u00e7o das a\\u00e7\\u00f5es. Foram feitas 78 abordagens, com a distribui\\u00e7\\u00e3o de 67\",\"inLanguage\":\"pt-BR\",\"isPartOf\":{\"@id\":\"https:\\\/\\\/newsinfoco.com.br\\\/inicio\\\/#website\"},\"breadcrumb\":{\"@id\":\"https:\\\/\\\/newsinfoco.com.br\\\/inicio\\\/secretaria-de-assistencia-social-divulga-relatorio-de-beneficios-concedidos-na-operacao-chuva\\\/#breadcrumblist\"},\"author\":{\"@id\":\"https:\\\/\\\/newsinfoco.com.br\\\/inicio\\\/author\\\/administrador\\\/#author\"},\"creator\":{\"@id\":\"https:\\\/\\\/newsinfoco.com.br\\\/inicio\\\/author\\\/administrador\\\/#author\"},\"image\":{\"@type\":\"ImageObject\",\"url\":\"https:\\\/\\\/newsinfoco.com.br\\\/inicio\\\/wp-content\\\/uploads\\\/2022\\\/12\\\/IMG-20221202-WA0049-550x368-1.jpg\",\"@id\":\"https:\\\/\\\/newsinfoco.com.br\\\/inicio\\\/secretaria-de-assistencia-social-divulga-relatorio-de-beneficios-concedidos-na-operacao-chuva\\\/#mainImage\",\"width\":550,\"height\":368},\"primaryImageOfPage\":{\"@id\":\"https:\\\/\\\/newsinfoco.com.br\\\/inicio\\\/secretaria-de-assistencia-social-divulga-relatorio-de-beneficios-concedidos-na-operacao-chuva\\\/#mainImage\"},\"datePublished\":\"2022-12-04T21:41:22-03:00\",\"dateModified\":\"2022-12-04T21:41:22-03:00\"},{\"@type\":\"WebSite\",\"@id\":\"https:\\\/\\\/newsinfoco.com.br\\\/inicio\\\/#website\",\"url\":\"https:\\\/\\\/newsinfoco.com.br\\\/inicio\\\/\",\"name\":\"News In Foco - Editado por Caio Pimenta\",\"description\":\"O principal site de noticias de Alagoinhas e regi\\u00e3o\",\"inLanguage\":\"pt-BR\",\"publisher\":{\"@id\":\"https:\\\/\\\/newsinfoco.com.br\\\/inicio\\\/#organization\"}}]}\n\t\t<\/script>\n\t\t<!-- All in One SEO -->\n\n","aioseo_head_json":{"title":"Secretaria de Assist\u00eancia Social divulga relat\u00f3rio de benef\u00edcios concedidos na Opera\u00e7\u00e3o-chuva - News In Foco - Editado por Caio Pimenta","description":"Como forma de amenizar os danos causados pelas fortes chuvas que acometeram o munic\u00edpio de Alagoinhas nos \u00faltimos dias, a Secretaria Municipal de Assist\u00eancia Social (SEMAS) atuou incisivamente, prestando auxilio \u00e0s fam\u00edlias prejudicados. Um relat\u00f3rio foi emitido, na \u00faltima quinta-feira (01), com um balan\u00e7o das a\u00e7\u00f5es. Foram feitas 78 abordagens, com a distribui\u00e7\u00e3o de 67","canonical_url":"https:\/\/newsinfoco.com.br\/inicio\/secretaria-de-assistencia-social-divulga-relatorio-de-beneficios-concedidos-na-operacao-chuva\/","robots":"max-image-preview:large","keywords":"","webmasterTools":{"miscellaneous":""},"schema":{"@context":"https:\/\/schema.org","@graph":[{"@type":"BlogPosting","@id":"https:\/\/newsinfoco.com.br\/inicio\/secretaria-de-assistencia-social-divulga-relatorio-de-beneficios-concedidos-na-operacao-chuva\/#blogposting","name":"Secretaria de Assist\u00eancia Social divulga relat\u00f3rio de benef\u00edcios concedidos na Opera\u00e7\u00e3o-chuva - News In Foco - Editado por Caio Pimenta","headline":"Secretaria de Assist\u00eancia Social divulga relat\u00f3rio de benef\u00edcios concedidos na Opera\u00e7\u00e3o-chuva","author":{"@id":"https:\/\/newsinfoco.com.br\/inicio\/author\/administrador\/#author"},"publisher":{"@id":"https:\/\/newsinfoco.com.br\/inicio\/#organization"},"image":{"@type":"ImageObject","url":"https:\/\/newsinfoco.com.br\/inicio\/wp-content\/uploads\/2022\/12\/IMG-20221202-WA0049-550x368-1.jpg","width":550,"height":368},"datePublished":"2022-12-04T21:41:22-03:00","dateModified":"2022-12-04T21:41:22-03:00","inLanguage":"pt-BR","mainEntityOfPage":{"@id":"https:\/\/newsinfoco.com.br\/inicio\/secretaria-de-assistencia-social-divulga-relatorio-de-beneficios-concedidos-na-operacao-chuva\/#webpage"},"isPartOf":{"@id":"https:\/\/newsinfoco.com.br\/inicio\/secretaria-de-assistencia-social-divulga-relatorio-de-beneficios-concedidos-na-operacao-chuva\/#webpage"},"articleSection":"Alagoinhas e Regi\u00e3o, Manchete"},{"@type":"BreadcrumbList","@id":"https:\/\/newsinfoco.com.br\/inicio\/secretaria-de-assistencia-social-divulga-relatorio-de-beneficios-concedidos-na-operacao-chuva\/#breadcrumblist","itemListElement":[{"@type":"ListItem","@id":"https:\/\/newsinfoco.com.br\/inicio#listItem","position":1,"name":"In\u00edcio","item":"https:\/\/newsinfoco.com.br\/inicio","nextItem":{"@type":"ListItem","@id":"https:\/\/newsinfoco.com.br\/inicio\/category\/alagoinhas-e-regiao\/#listItem","name":"Alagoinhas e Regi\u00e3o"}},{"@type":"ListItem","@id":"https:\/\/newsinfoco.com.br\/inicio\/category\/alagoinhas-e-regiao\/#listItem","position":2,"name":"Alagoinhas e Regi\u00e3o","item":"https:\/\/newsinfoco.com.br\/inicio\/category\/alagoinhas-e-regiao\/","nextItem":{"@type":"ListItem","@id":"https:\/\/newsinfoco.com.br\/inicio\/secretaria-de-assistencia-social-divulga-relatorio-de-beneficios-concedidos-na-operacao-chuva\/#listItem","name":"Secretaria de Assist\u00eancia Social divulga relat\u00f3rio de benef\u00edcios concedidos na Opera\u00e7\u00e3o-chuva"},"previousItem":{"@type":"ListItem","@id":"https:\/\/newsinfoco.com.br\/inicio#listItem","name":"In\u00edcio"}},{"@type":"ListItem","@id":"https:\/\/newsinfoco.com.br\/inicio\/secretaria-de-assistencia-social-divulga-relatorio-de-beneficios-concedidos-na-operacao-chuva\/#listItem","position":3,"name":"Secretaria de Assist\u00eancia Social divulga relat\u00f3rio de benef\u00edcios concedidos na Opera\u00e7\u00e3o-chuva","previousItem":{"@type":"ListItem","@id":"https:\/\/newsinfoco.com.br\/inicio\/category\/alagoinhas-e-regiao\/#listItem","name":"Alagoinhas e Regi\u00e3o"}}]},{"@type":"Organization","@id":"https:\/\/newsinfoco.com.br\/inicio\/#organization","name":"News In Foco - Editado por Caio Pimenta","description":"O principal site de noticias de Alagoinhas e regi\u00e3o","url":"https:\/\/newsinfoco.com.br\/inicio\/"},{"@type":"Person","@id":"https:\/\/newsinfoco.com.br\/inicio\/author\/administrador\/#author","url":"https:\/\/newsinfoco.com.br\/inicio\/author\/administrador\/","name":"administrador","image":{"@type":"ImageObject","@id":"https:\/\/newsinfoco.com.br\/inicio\/secretaria-de-assistencia-social-divulga-relatorio-de-beneficios-concedidos-na-operacao-chuva\/#authorImage","url":"https:\/\/secure.gravatar.com\/avatar\/c17a617433de8c1dc9584bb79aab7563b46f5bb7e1728c9b17d9cc3ce6a08e49?s=96&d=mm&r=g","width":96,"height":96,"caption":"administrador"}},{"@type":"WebPage","@id":"https:\/\/newsinfoco.com.br\/inicio\/secretaria-de-assistencia-social-divulga-relatorio-de-beneficios-concedidos-na-operacao-chuva\/#webpage","url":"https:\/\/newsinfoco.com.br\/inicio\/secretaria-de-assistencia-social-divulga-relatorio-de-beneficios-concedidos-na-operacao-chuva\/","name":"Secretaria de Assist\u00eancia Social divulga relat\u00f3rio de benef\u00edcios concedidos na Opera\u00e7\u00e3o-chuva - News In Foco - Editado por Caio Pimenta","description":"Como forma de amenizar os danos causados pelas fortes chuvas que acometeram o munic\u00edpio de Alagoinhas nos \u00faltimos dias, a Secretaria Municipal de Assist\u00eancia Social (SEMAS) atuou incisivamente, prestando auxilio \u00e0s fam\u00edlias prejudicados. Um relat\u00f3rio foi emitido, na \u00faltima quinta-feira (01), com um balan\u00e7o das a\u00e7\u00f5es. Foram feitas 78 abordagens, com a distribui\u00e7\u00e3o de 67","inLanguage":"pt-BR","isPartOf":{"@id":"https:\/\/newsinfoco.com.br\/inicio\/#website"},"breadcrumb":{"@id":"https:\/\/newsinfoco.com.br\/inicio\/secretaria-de-assistencia-social-divulga-relatorio-de-beneficios-concedidos-na-operacao-chuva\/#breadcrumblist"},"author":{"@id":"https:\/\/newsinfoco.com.br\/inicio\/author\/administrador\/#author"},"creator":{"@id":"https:\/\/newsinfoco.com.br\/inicio\/author\/administrador\/#author"},"image":{"@type":"ImageObject","url":"https:\/\/newsinfoco.com.br\/inicio\/wp-content\/uploads\/2022\/12\/IMG-20221202-WA0049-550x368-1.jpg","@id":"https:\/\/newsinfoco.com.br\/inicio\/secretaria-de-assistencia-social-divulga-relatorio-de-beneficios-concedidos-na-operacao-chuva\/#mainImage","width":550,"height":368},"primaryImageOfPage":{"@id":"https:\/\/newsinfoco.com.br\/inicio\/secretaria-de-assistencia-social-divulga-relatorio-de-beneficios-concedidos-na-operacao-chuva\/#mainImage"},"datePublished":"2022-12-04T21:41:22-03:00","dateModified":"2022-12-04T21:41:22-03:00"},{"@type":"WebSite","@id":"https:\/\/newsinfoco.com.br\/inicio\/#website","url":"https:\/\/newsinfoco.com.br\/inicio\/","name":"News In Foco - Editado por Caio Pimenta","description":"O principal site de noticias de Alagoinhas e regi\u00e3o","inLanguage":"pt-BR","publisher":{"@id":"https:\/\/newsinfoco.com.br\/inicio\/#organization"}}]},"og:locale":"pt_BR","og:site_name":"News In Foco - Editado por Caio Pimenta - O principal site de noticias de Alagoinhas e regi\u00e3o","og:type":"article","og:title":"Secretaria de Assist\u00eancia Social divulga relat\u00f3rio de benef\u00edcios concedidos na Opera\u00e7\u00e3o-chuva - News In Foco - Editado por Caio Pimenta","og:description":"Como forma de amenizar os danos causados pelas fortes chuvas que acometeram o munic\u00edpio de Alagoinhas nos \u00faltimos dias, a Secretaria Municipal de Assist\u00eancia Social (SEMAS) atuou incisivamente, prestando auxilio \u00e0s fam\u00edlias prejudicados. Um relat\u00f3rio foi emitido, na \u00faltima quinta-feira (01), com um balan\u00e7o das a\u00e7\u00f5es. Foram feitas 78 abordagens, com a distribui\u00e7\u00e3o de 67","og:url":"https:\/\/newsinfoco.com.br\/inicio\/secretaria-de-assistencia-social-divulga-relatorio-de-beneficios-concedidos-na-operacao-chuva\/","article:published_time":"2022-12-05T00:41:22+00:00","article:modified_time":"2022-12-05T00:41:22+00:00","twitter:card":"summary_large_image","twitter:title":"Secretaria de Assist\u00eancia Social divulga relat\u00f3rio de benef\u00edcios concedidos na Opera\u00e7\u00e3o-chuva - News In Foco - Editado por Caio Pimenta","twitter:description":"Como forma de amenizar os danos causados pelas fortes chuvas que acometeram o munic\u00edpio de Alagoinhas nos \u00faltimos dias, a Secretaria Municipal de Assist\u00eancia Social (SEMAS) atuou incisivamente, prestando auxilio \u00e0s fam\u00edlias prejudicados. Um relat\u00f3rio foi emitido, na \u00faltima quinta-feira (01), com um balan\u00e7o das a\u00e7\u00f5es. Foram feitas 78 abordagens, com a distribui\u00e7\u00e3o de 67"},"aioseo_meta_data":{"post_id":"32074","title":null,"description":null,"keywords":null,"keyphrases":null,"primary_term":null,"canonical_url":null,"og_title":null,"og_description":null,"og_object_type":"default","og_image_type":"default","og_image_url":null,"og_image_width":null,"og_image_height":null,"og_image_custom_url":null,"og_image_custom_fields":null,"og_video":null,"og_custom_url":null,"og_article_section":null,"og_article_tags":null,"twitter_use_og":false,"twitter_card":"default","twitter_image_type":"default","twitter_image_url":null,"twitter_image_custom_url":null,"twitter_image_custom_fields":null,"twitter_title":null,"twitter_description":null,"schema":{"blockGraphs":[],"customGraphs":[],"default":{"data":{"Article":[],"Course":[],"Dataset":[],"FAQPage":[],"Movie":[],"Person":[],"Product":[],"ProductReview":[],"Car":[],"Recipe":[],"Service":[],"SoftwareApplication":[],"WebPage":[]},"graphName":"","isEnabled":true},"graphs":[]},"schema_type":"default","schema_type_options":null,"pillar_content":false,"robots_default":true,"robots_noindex":false,"robots_noarchive":false,"robots_nosnippet":false,"robots_nofollow":false,"robots_noimageindex":false,"robots_noodp":false,"robots_notranslate":false,"robots_max_snippet":null,"robots_max_videopreview":null,"robots_max_imagepreview":"large","priority":null,"frequency":null,"local_seo":null,"breadcrumb_settings":null,"limit_modified_date":false,"ai":null,"created":"2023-06-12 22:26:47","updated":"2025-07-11 08:41:50","seo_analyzer_scan_date":null},"aioseo_breadcrumb":"<div class=\"aioseo-breadcrumbs\"><span class=\"aioseo-breadcrumb\">\n\t\t\t<a href=\"https:\/\/newsinfoco.com.br\/inicio\" title=\"In\u00edcio\">In\u00edcio<\/a>\n\t\t<\/span><span class=\"aioseo-breadcrumb-separator\">&raquo;<\/span><span class=\"aioseo-breadcrumb\">\n\t\t\t<a href=\"https:\/\/newsinfoco.com.br\/inicio\/category\/alagoinhas-e-regiao\/\" title=\"Alagoinhas e Regi\u00e3o\">Alagoinhas e Regi\u00e3o<\/a>\n\t\t<\/span><span class=\"aioseo-breadcrumb-separator\">&raquo;<\/span><span class=\"aioseo-breadcrumb\">\n\t\t\tSecretaria de Assist\u00eancia Social divulga relat\u00f3rio de benef\u00edcios concedidos na Opera\u00e7\u00e3o-chuva\n\t\t<\/span><\/div>","aioseo_breadcrumb_json":[{"label":"In\u00edcio","link":"https:\/\/newsinfoco.com.br\/inicio"},{"label":"Alagoinhas e Regi\u00e3o","link":"https:\/\/newsinfoco.com.br\/inicio\/category\/alagoinhas-e-regiao\/"},{"label":"Secretaria de Assist\u00eancia Social divulga relat\u00f3rio de benef\u00edcios concedidos na Opera\u00e7\u00e3o-chuva","link":"https:\/\/newsinfoco.com.br\/inicio\/secretaria-de-assistencia-social-divulga-relatorio-de-beneficios-concedidos-na-operacao-chuva\/"}],"_links":{"self":[{"href":"https:\/\/newsinfoco.com.br\/inicio\/wp-json\/wp\/v2\/posts\/32074","targetHints":{"allow":["GET"]}}],"collection":[{"href":"https:\/\/newsinfoco.com.br\/inicio\/wp-json\/wp\/v2\/posts"}],"about":[{"href":"https:\/\/newsinfoco.com.br\/inicio\/wp-json\/wp\/v2\/types\/post"}],"author":[{"embeddable":true,"href":"https:\/\/newsinfoco.com.br\/inicio\/wp-json\/wp\/v2\/users\/1"}],"replies":[{"embeddable":true,"href":"https:\/\/newsinfoco.com.br\/inicio\/wp-json\/wp\/v2\/comments?post=32074"}],"version-history":[{"count":1,"href":"https:\/\/newsinfoco.com.br\/inicio\/wp-json\/wp\/v2\/posts\/32074\/revisions"}],"predecessor-version":[{"id":32076,"href":"https:\/\/newsinfoco.com.br\/inicio\/wp-json\/wp\/v2\/posts\/32074\/revisions\/32076"}],"wp:featuredmedia":[{"embeddable":true,"href":"https:\/\/newsinfoco.com.br\/inicio\/wp-json\/wp\/v2\/media\/32075"}],"wp:attachment":[{"href":"https:\/\/newsinfoco.com.br\/inicio\/wp-json\/wp\/v2\/media?parent=32074"}],"wp:term":[{"taxonomy":"category","embeddable":true,"href":"https:\/\/newsinfoco.com.br\/inicio\/wp-json\/wp\/v2\/categories?post=32074"},{"taxonomy":"post_tag","embeddable":true,"href":"https:\/\/newsinfoco.com.br\/inicio\/wp-json\/wp\/v2\/tags?post=32074"}],"curies":[{"name":"wp","href":"https:\/\/api.w.org\/{rel}","templated":true}]}}