{"id":32080,"date":"2022-12-05T15:18:22","date_gmt":"2022-12-05T18:18:22","guid":{"rendered":"https:\/\/newsinfoco.com.br\/inicio\/?p=32080"},"modified":"2022-12-05T15:18:22","modified_gmt":"2022-12-05T18:18:22","slug":"semana-de-direitos-humanos-acontece-de-5-a-10-de-dezembro","status":"publish","type":"post","link":"https:\/\/newsinfoco.com.br\/inicio\/semana-de-direitos-humanos-acontece-de-5-a-10-de-dezembro\/","title":{"rendered":"Semana de Direitos Humanos acontece de 5 a 10 de dezembro"},"content":{"rendered":"<p>Debater os direitos humanos \u00e9 essencial para a constru\u00e7\u00e3o de uma sociedade mais justa e igualit\u00e1ria. Pensando nisso, a Prefeitura de Alagoinhas, por meio da Secretaria de Assist\u00eancia Social (SEMAS), realiza de 05 a 10 de dezembro a Semana Municipal de Direitos Humanos de Alagoinhas, com o tema \u201cA ess\u00eancia dos Direitos Humanos \u00e9 o direito a ter direitos\u201d (Hannah Arendt).<\/p>\n<p>O evento, que contar\u00e1 com diversas atividades durante toda semana, tem como objetivo levar as discuss\u00f5es sobre o tema a toda a cidade visam desenvolver a\u00e7\u00f5es nas \u00e1reas finalisticas de atua\u00e7\u00e3o dos Direitos Humanos. Ser\u00e3o contemplados a\u00e7\u00f5es nas perspectivas das pol\u00edticas para mulheres, Pessoas com Defici\u00eancia, Idoso, LGBTQIAP+, Crian\u00e7a e Adolescente e Racial.<\/p>\n<p>Com uma programa\u00e7\u00e3o extensa e espalhada por a cidade, a semana contar\u00e1 com diversas palestras, rodas de conversa, apresenta\u00e7\u00f5es de m\u00fasica e dan\u00e7a, pintura, entrega de kits e a\u00e7\u00f5es externas desenvolvidas por cada coordena\u00e7\u00e3o da Secretaria de Assist\u00eancia Social (SEMAS). A programa\u00e7\u00e3o contempla a\u00e7\u00f5es socio-educativas, formativas, de interven\u00e7\u00e3o e de sensibiliza\u00e7\u00e3o.<\/p>\n<p>Confira a programa\u00e7\u00e3o:<\/p>\n<p>05\/12<br \/>\n14H \u2013 CONFRATERNIZA\u00c7\u00c3O NATALINA \u2013 PROJETO DO IDOSO QUE PINTA, QUE CANTA E QUE DAN\u00c7A \u2013 PACERIA COM O BANCO SANTANDER \/ ENTREGA DE G\u00caNEROS \u2013 LAR NOVA ESPERAN\u00c7A . DIVERSIDADE SOCIAL \u2013 IDOSOS<\/p>\n<p>06\/12<br \/>\n8H30 \u2013 DIA NACIONAL DE MOBILIZA\u00c7\u00c3O DOS HOMENS PELO FIM DA VIOL\u00caNCIA CONTRA MULHER \u2013 CAMPANHA DO LA\u00c7O BRANCO \u2013 4\u00ba BPM \u2013 ALAGOINHAS . POL\u00cdTICAS PARA AS MULHERES<br \/>\n9H \u2013 REUNI\u00c3O AMPLIADA \u2013 CONSELHO MUNICIPAL DA PESSOA COM DEFICI\u00caNCIA COM PRESEN\u00c7A DE CONVIDADOS, DEFENSORIA SOBRE A TEM\u00c1RICA ACESSO A SA\u00daDE DA PESSOA COM DEFICI\u00caNCIA DIVERSIDADE SOCIAL \u2013 PDC\u00b4S<br \/>\n14H \u2013 CONFRATERNIZA\u00c7\u00c3O NATALINA \u2013 PROJETO DO IDOSO QUE PINTA, QUE CANTA E QUE DAN\u00c7A \u2013 PACERIA COM O BANCO SANTANDER \/ ENTREGA DE G\u00caNEROS \u2013 LAR KAIR\u00d3S . DIVERSIDADE SOCIAL \u2013 IDOSOS<\/p>\n<p>07\/12<br \/>\n8H \u2013 A\u00c7\u00c3O EDUCATIVA NA ESCOLA MUNICIPAL SANTA TEREZINHA \u2013 EDUCA\u00c7\u00c3O ANTIRACISTA PROMO\u00c7\u00c3O DA IGUALDADE RACIAL<br \/>\n14H \u2013 CONFRATERNIZA\u00c7\u00c3O NATALINA \u2013 PROJETO DO IDOSO QUE PINTA, QUE CANTA E QUE DAN\u00c7A \u2013 PACERIA COM O BANCO SANTANDER \/ ENTREGA DE G\u00caNEROS \u2013 BEZERRA DE MENEZES . DIVERSIDADE SOCIAL \u2013 IDOSOS<br \/>\n19H \u2013 DIAGN\u00d3STICO SOCIAL\/ENTREGA DOS G\u00caNEROS DIVERSIDADE SOCIAL \u2013 LGBTQIAP+<\/p>\n<p>08\/12<br \/>\n8H \u2013 A\u00c7\u00c3O EDUCATIVA NA ESCOLA MUNICIPAL SANTA TEREZINHA \u2013 EDUCA\u00c7\u00c3O ANTIRACISTA PROMO\u00c7\u00c3O DA IGUALDADE RACIAL<br \/>\n9H \u00c1S 10H30 \u2013 A ESS\u00caNCIA DOS DIREITOS HUMANOS \u00c9 O DIREITO A TER DIREITO \u2013 PAMA \u2013 PASTORAL DO MENOR, CONSELHO TUTELAR, CMDCA, CRIAN\u00c7A FELIZ . DIREITOS DA CRIAN\u00c7A E DO ADOLESCENTE<br \/>\n14H \u2013 CONFRATERNIZA\u00c7\u00c3O NATALINA \u2013 PROJETO DO IDOSO QUE PINTA, QUE CANTA E QUE DAN\u00c7A \u2013 PACERIA COM O BANCO SANTANDER \/ ENTREGA DE G\u00caNEROS \u2013 RECANTO DA PAZ . DIVERSIDADE SOCIAL \u2013 IDOSOS<\/p>\n<p>09\/12<br \/>\n8H \u2013 A\u00c7\u00c3O EDUCATIVA NA ESCOLA MUNICIPAL SANTA TEREZINHA \u2013 EDUCA\u00c7\u00c3O ANTIRACISTA PROMO\u00c7\u00c3O DA IGUALDADE RACIAL<\/p>\n<p>10\/12<br \/>\nDIA NACIONAL DOS DIREITOS HUMANOS<\/p>\n<div class='share-to-whatsapp-wrapper'><div class='share-on-whsp'>Share on: <\/div><a data-text='Semana de Direitos Humanos acontece de 5 a 10 de dezembro' data-link='https:\/\/newsinfoco.com.br\/inicio\/semana-de-direitos-humanos-acontece-de-5-a-10-de-dezembro\/' class='whatsapp-button whatsapp-share'>WhatsApp<\/a><div class='clear '><\/div><\/div>","protected":false},"excerpt":{"rendered":"<p>Debater os direitos humanos \u00e9 essencial para a constru\u00e7\u00e3o de uma sociedade mais justa e igualit\u00e1ria. Pensando nisso, a Prefeitura de Alagoinhas, por meio da Secretaria de Assist\u00eancia Social (SEMAS), realiza de 05 a 10 de dezembro a Semana Municipal de Direitos Humanos de Alagoinhas, com o tema \u201cA ess\u00eancia dos Direitos Humanos \u00e9 o [&hellip;]<\/p>\n","protected":false},"author":1,"featured_media":32081,"comment_status":"closed","ping_status":"closed","sticky":false,"template":"","format":"standard","meta":{"om_disable_all_campaigns":false,"rop_custom_images_group":[],"rop_custom_messages_group":[],"rop_publish_now":"initial","rop_publish_now_accounts":[],"rop_publish_now_history":[],"rop_publish_now_status":"pending","_exactmetrics_skip_tracking":false,"footnotes":""},"categories":[38,167],"tags":[],"class_list":["post-32080","post","type-post","status-publish","format-standard","has-post-thumbnail","hentry","category-alagoinhas-e-regiao","category-exclusivas"],"aioseo_notices":[],"aioseo_head":"\n\t\t<!-- All in One SEO 4.9.10 - aioseo.com -->\n\t<meta name=\"description\" content=\"Debater os direitos humanos \u00e9 essencial para a constru\u00e7\u00e3o de uma sociedade mais justa e igualit\u00e1ria. Pensando nisso, a Prefeitura de Alagoinhas, por meio da Secretaria de Assist\u00eancia Social (SEMAS), realiza de 05 a 10 de dezembro a Semana Municipal de Direitos Humanos de Alagoinhas, com o tema \u201cA ess\u00eancia dos Direitos Humanos \u00e9 o\" \/>\n\t<meta name=\"robots\" content=\"max-image-preview:large\" \/>\n\t<meta name=\"author\" content=\"administrador\"\/>\n\t<link rel=\"canonical\" href=\"https:\/\/newsinfoco.com.br\/inicio\/semana-de-direitos-humanos-acontece-de-5-a-10-de-dezembro\/\" \/>\n\t<meta name=\"generator\" content=\"All in One SEO (AIOSEO) 4.9.10\" \/>\n\t\t<meta property=\"og:locale\" content=\"pt_BR\" \/>\n\t\t<meta property=\"og:site_name\" content=\"News In Foco - Editado por Caio Pimenta - O principal site de noticias de Alagoinhas e regi\u00e3o\" \/>\n\t\t<meta property=\"og:type\" content=\"article\" \/>\n\t\t<meta property=\"og:title\" content=\"Semana de Direitos Humanos acontece de 5 a 10 de dezembro - News In Foco - Editado por Caio Pimenta\" \/>\n\t\t<meta property=\"og:description\" content=\"Debater os direitos humanos \u00e9 essencial para a constru\u00e7\u00e3o de uma sociedade mais justa e igualit\u00e1ria. Pensando nisso, a Prefeitura de Alagoinhas, por meio da Secretaria de Assist\u00eancia Social (SEMAS), realiza de 05 a 10 de dezembro a Semana Municipal de Direitos Humanos de Alagoinhas, com o tema \u201cA ess\u00eancia dos Direitos Humanos \u00e9 o\" \/>\n\t\t<meta property=\"og:url\" content=\"https:\/\/newsinfoco.com.br\/inicio\/semana-de-direitos-humanos-acontece-de-5-a-10-de-dezembro\/\" \/>\n\t\t<meta property=\"article:published_time\" content=\"2022-12-05T18:18:22+00:00\" \/>\n\t\t<meta property=\"article:modified_time\" content=\"2022-12-05T18:18:22+00:00\" \/>\n\t\t<meta name=\"twitter:card\" content=\"summary_large_image\" \/>\n\t\t<meta name=\"twitter:title\" content=\"Semana de Direitos Humanos acontece de 5 a 10 de dezembro - News In Foco - Editado por Caio Pimenta\" \/>\n\t\t<meta name=\"twitter:description\" content=\"Debater os direitos humanos \u00e9 essencial para a constru\u00e7\u00e3o de uma sociedade mais justa e igualit\u00e1ria. Pensando nisso, a Prefeitura de Alagoinhas, por meio da Secretaria de Assist\u00eancia Social (SEMAS), realiza de 05 a 10 de dezembro a Semana Municipal de Direitos Humanos de Alagoinhas, com o tema \u201cA ess\u00eancia dos Direitos Humanos \u00e9 o\" \/>\n\t\t<script type=\"application\/ld+json\" class=\"aioseo-schema\">\n\t\t\t{\"@context\":\"https:\\\/\\\/schema.org\",\"@graph\":[{\"@type\":\"BlogPosting\",\"@id\":\"https:\\\/\\\/newsinfoco.com.br\\\/inicio\\\/semana-de-direitos-humanos-acontece-de-5-a-10-de-dezembro\\\/#blogposting\",\"name\":\"Semana de Direitos Humanos acontece de 5 a 10 de dezembro - News In Foco - Editado por Caio Pimenta\",\"headline\":\"Semana de Direitos Humanos acontece de 5 a 10 de dezembro\",\"author\":{\"@id\":\"https:\\\/\\\/newsinfoco.com.br\\\/inicio\\\/author\\\/administrador\\\/#author\"},\"publisher\":{\"@id\":\"https:\\\/\\\/newsinfoco.com.br\\\/inicio\\\/#organization\"},\"image\":{\"@type\":\"ImageObject\",\"url\":\"https:\\\/\\\/newsinfoco.com.br\\\/inicio\\\/wp-content\\\/uploads\\\/2022\\\/12\\\/3FA32D9A-321D-4CA6-943C-70CB35A0293E.jpeg\",\"width\":731,\"height\":1024},\"datePublished\":\"2022-12-05T15:18:22-03:00\",\"dateModified\":\"2022-12-05T15:18:22-03:00\",\"inLanguage\":\"pt-BR\",\"mainEntityOfPage\":{\"@id\":\"https:\\\/\\\/newsinfoco.com.br\\\/inicio\\\/semana-de-direitos-humanos-acontece-de-5-a-10-de-dezembro\\\/#webpage\"},\"isPartOf\":{\"@id\":\"https:\\\/\\\/newsinfoco.com.br\\\/inicio\\\/semana-de-direitos-humanos-acontece-de-5-a-10-de-dezembro\\\/#webpage\"},\"articleSection\":\"Alagoinhas e Regi\\u00e3o, Manchete\"},{\"@type\":\"BreadcrumbList\",\"@id\":\"https:\\\/\\\/newsinfoco.com.br\\\/inicio\\\/semana-de-direitos-humanos-acontece-de-5-a-10-de-dezembro\\\/#breadcrumblist\",\"itemListElement\":[{\"@type\":\"ListItem\",\"@id\":\"https:\\\/\\\/newsinfoco.com.br\\\/inicio#listItem\",\"position\":1,\"name\":\"In\\u00edcio\",\"item\":\"https:\\\/\\\/newsinfoco.com.br\\\/inicio\",\"nextItem\":{\"@type\":\"ListItem\",\"@id\":\"https:\\\/\\\/newsinfoco.com.br\\\/inicio\\\/category\\\/alagoinhas-e-regiao\\\/#listItem\",\"name\":\"Alagoinhas e Regi\\u00e3o\"}},{\"@type\":\"ListItem\",\"@id\":\"https:\\\/\\\/newsinfoco.com.br\\\/inicio\\\/category\\\/alagoinhas-e-regiao\\\/#listItem\",\"position\":2,\"name\":\"Alagoinhas e Regi\\u00e3o\",\"item\":\"https:\\\/\\\/newsinfoco.com.br\\\/inicio\\\/category\\\/alagoinhas-e-regiao\\\/\",\"nextItem\":{\"@type\":\"ListItem\",\"@id\":\"https:\\\/\\\/newsinfoco.com.br\\\/inicio\\\/semana-de-direitos-humanos-acontece-de-5-a-10-de-dezembro\\\/#listItem\",\"name\":\"Semana de Direitos Humanos acontece de 5 a 10 de dezembro\"},\"previousItem\":{\"@type\":\"ListItem\",\"@id\":\"https:\\\/\\\/newsinfoco.com.br\\\/inicio#listItem\",\"name\":\"In\\u00edcio\"}},{\"@type\":\"ListItem\",\"@id\":\"https:\\\/\\\/newsinfoco.com.br\\\/inicio\\\/semana-de-direitos-humanos-acontece-de-5-a-10-de-dezembro\\\/#listItem\",\"position\":3,\"name\":\"Semana de Direitos Humanos acontece de 5 a 10 de dezembro\",\"previousItem\":{\"@type\":\"ListItem\",\"@id\":\"https:\\\/\\\/newsinfoco.com.br\\\/inicio\\\/category\\\/alagoinhas-e-regiao\\\/#listItem\",\"name\":\"Alagoinhas e Regi\\u00e3o\"}}]},{\"@type\":\"Organization\",\"@id\":\"https:\\\/\\\/newsinfoco.com.br\\\/inicio\\\/#organization\",\"name\":\"News In Foco - Editado por Caio Pimenta\",\"description\":\"O principal site de noticias de Alagoinhas e regi\\u00e3o\",\"url\":\"https:\\\/\\\/newsinfoco.com.br\\\/inicio\\\/\"},{\"@type\":\"Person\",\"@id\":\"https:\\\/\\\/newsinfoco.com.br\\\/inicio\\\/author\\\/administrador\\\/#author\",\"url\":\"https:\\\/\\\/newsinfoco.com.br\\\/inicio\\\/author\\\/administrador\\\/\",\"name\":\"administrador\",\"image\":{\"@type\":\"ImageObject\",\"@id\":\"https:\\\/\\\/newsinfoco.com.br\\\/inicio\\\/semana-de-direitos-humanos-acontece-de-5-a-10-de-dezembro\\\/#authorImage\",\"url\":\"https:\\\/\\\/secure.gravatar.com\\\/avatar\\\/c17a617433de8c1dc9584bb79aab7563b46f5bb7e1728c9b17d9cc3ce6a08e49?s=96&d=mm&r=g\",\"width\":96,\"height\":96,\"caption\":\"administrador\"}},{\"@type\":\"WebPage\",\"@id\":\"https:\\\/\\\/newsinfoco.com.br\\\/inicio\\\/semana-de-direitos-humanos-acontece-de-5-a-10-de-dezembro\\\/#webpage\",\"url\":\"https:\\\/\\\/newsinfoco.com.br\\\/inicio\\\/semana-de-direitos-humanos-acontece-de-5-a-10-de-dezembro\\\/\",\"name\":\"Semana de Direitos Humanos acontece de 5 a 10 de dezembro - News In Foco - Editado por Caio Pimenta\",\"description\":\"Debater os direitos humanos \\u00e9 essencial para a constru\\u00e7\\u00e3o de uma sociedade mais justa e igualit\\u00e1ria. Pensando nisso, a Prefeitura de Alagoinhas, por meio da Secretaria de Assist\\u00eancia Social (SEMAS), realiza de 05 a 10 de dezembro a Semana Municipal de Direitos Humanos de Alagoinhas, com o tema \\u201cA ess\\u00eancia dos Direitos Humanos \\u00e9 o\",\"inLanguage\":\"pt-BR\",\"isPartOf\":{\"@id\":\"https:\\\/\\\/newsinfoco.com.br\\\/inicio\\\/#website\"},\"breadcrumb\":{\"@id\":\"https:\\\/\\\/newsinfoco.com.br\\\/inicio\\\/semana-de-direitos-humanos-acontece-de-5-a-10-de-dezembro\\\/#breadcrumblist\"},\"author\":{\"@id\":\"https:\\\/\\\/newsinfoco.com.br\\\/inicio\\\/author\\\/administrador\\\/#author\"},\"creator\":{\"@id\":\"https:\\\/\\\/newsinfoco.com.br\\\/inicio\\\/author\\\/administrador\\\/#author\"},\"image\":{\"@type\":\"ImageObject\",\"url\":\"https:\\\/\\\/newsinfoco.com.br\\\/inicio\\\/wp-content\\\/uploads\\\/2022\\\/12\\\/3FA32D9A-321D-4CA6-943C-70CB35A0293E.jpeg\",\"@id\":\"https:\\\/\\\/newsinfoco.com.br\\\/inicio\\\/semana-de-direitos-humanos-acontece-de-5-a-10-de-dezembro\\\/#mainImage\",\"width\":731,\"height\":1024},\"primaryImageOfPage\":{\"@id\":\"https:\\\/\\\/newsinfoco.com.br\\\/inicio\\\/semana-de-direitos-humanos-acontece-de-5-a-10-de-dezembro\\\/#mainImage\"},\"datePublished\":\"2022-12-05T15:18:22-03:00\",\"dateModified\":\"2022-12-05T15:18:22-03:00\"},{\"@type\":\"WebSite\",\"@id\":\"https:\\\/\\\/newsinfoco.com.br\\\/inicio\\\/#website\",\"url\":\"https:\\\/\\\/newsinfoco.com.br\\\/inicio\\\/\",\"name\":\"News In Foco - Editado por Caio Pimenta\",\"description\":\"O principal site de noticias de Alagoinhas e regi\\u00e3o\",\"inLanguage\":\"pt-BR\",\"publisher\":{\"@id\":\"https:\\\/\\\/newsinfoco.com.br\\\/inicio\\\/#organization\"}}]}\n\t\t<\/script>\n\t\t<!-- All in One SEO -->\n\n","aioseo_head_json":{"title":"Semana de Direitos Humanos acontece de 5 a 10 de dezembro - News In Foco - Editado por Caio Pimenta","description":"Debater os direitos humanos \u00e9 essencial para a constru\u00e7\u00e3o de uma sociedade mais justa e igualit\u00e1ria. Pensando nisso, a Prefeitura de Alagoinhas, por meio da Secretaria de Assist\u00eancia Social (SEMAS), realiza de 05 a 10 de dezembro a Semana Municipal de Direitos Humanos de Alagoinhas, com o tema \u201cA ess\u00eancia dos Direitos Humanos \u00e9 o","canonical_url":"https:\/\/newsinfoco.com.br\/inicio\/semana-de-direitos-humanos-acontece-de-5-a-10-de-dezembro\/","robots":"max-image-preview:large","keywords":"","webmasterTools":{"miscellaneous":""},"schema":{"@context":"https:\/\/schema.org","@graph":[{"@type":"BlogPosting","@id":"https:\/\/newsinfoco.com.br\/inicio\/semana-de-direitos-humanos-acontece-de-5-a-10-de-dezembro\/#blogposting","name":"Semana de Direitos Humanos acontece de 5 a 10 de dezembro - News In Foco - Editado por Caio Pimenta","headline":"Semana de Direitos Humanos acontece de 5 a 10 de dezembro","author":{"@id":"https:\/\/newsinfoco.com.br\/inicio\/author\/administrador\/#author"},"publisher":{"@id":"https:\/\/newsinfoco.com.br\/inicio\/#organization"},"image":{"@type":"ImageObject","url":"https:\/\/newsinfoco.com.br\/inicio\/wp-content\/uploads\/2022\/12\/3FA32D9A-321D-4CA6-943C-70CB35A0293E.jpeg","width":731,"height":1024},"datePublished":"2022-12-05T15:18:22-03:00","dateModified":"2022-12-05T15:18:22-03:00","inLanguage":"pt-BR","mainEntityOfPage":{"@id":"https:\/\/newsinfoco.com.br\/inicio\/semana-de-direitos-humanos-acontece-de-5-a-10-de-dezembro\/#webpage"},"isPartOf":{"@id":"https:\/\/newsinfoco.com.br\/inicio\/semana-de-direitos-humanos-acontece-de-5-a-10-de-dezembro\/#webpage"},"articleSection":"Alagoinhas e Regi\u00e3o, Manchete"},{"@type":"BreadcrumbList","@id":"https:\/\/newsinfoco.com.br\/inicio\/semana-de-direitos-humanos-acontece-de-5-a-10-de-dezembro\/#breadcrumblist","itemListElement":[{"@type":"ListItem","@id":"https:\/\/newsinfoco.com.br\/inicio#listItem","position":1,"name":"In\u00edcio","item":"https:\/\/newsinfoco.com.br\/inicio","nextItem":{"@type":"ListItem","@id":"https:\/\/newsinfoco.com.br\/inicio\/category\/alagoinhas-e-regiao\/#listItem","name":"Alagoinhas e Regi\u00e3o"}},{"@type":"ListItem","@id":"https:\/\/newsinfoco.com.br\/inicio\/category\/alagoinhas-e-regiao\/#listItem","position":2,"name":"Alagoinhas e Regi\u00e3o","item":"https:\/\/newsinfoco.com.br\/inicio\/category\/alagoinhas-e-regiao\/","nextItem":{"@type":"ListItem","@id":"https:\/\/newsinfoco.com.br\/inicio\/semana-de-direitos-humanos-acontece-de-5-a-10-de-dezembro\/#listItem","name":"Semana de Direitos Humanos acontece de 5 a 10 de dezembro"},"previousItem":{"@type":"ListItem","@id":"https:\/\/newsinfoco.com.br\/inicio#listItem","name":"In\u00edcio"}},{"@type":"ListItem","@id":"https:\/\/newsinfoco.com.br\/inicio\/semana-de-direitos-humanos-acontece-de-5-a-10-de-dezembro\/#listItem","position":3,"name":"Semana de Direitos Humanos acontece de 5 a 10 de dezembro","previousItem":{"@type":"ListItem","@id":"https:\/\/newsinfoco.com.br\/inicio\/category\/alagoinhas-e-regiao\/#listItem","name":"Alagoinhas e Regi\u00e3o"}}]},{"@type":"Organization","@id":"https:\/\/newsinfoco.com.br\/inicio\/#organization","name":"News In Foco - Editado por Caio Pimenta","description":"O principal site de noticias de Alagoinhas e regi\u00e3o","url":"https:\/\/newsinfoco.com.br\/inicio\/"},{"@type":"Person","@id":"https:\/\/newsinfoco.com.br\/inicio\/author\/administrador\/#author","url":"https:\/\/newsinfoco.com.br\/inicio\/author\/administrador\/","name":"administrador","image":{"@type":"ImageObject","@id":"https:\/\/newsinfoco.com.br\/inicio\/semana-de-direitos-humanos-acontece-de-5-a-10-de-dezembro\/#authorImage","url":"https:\/\/secure.gravatar.com\/avatar\/c17a617433de8c1dc9584bb79aab7563b46f5bb7e1728c9b17d9cc3ce6a08e49?s=96&d=mm&r=g","width":96,"height":96,"caption":"administrador"}},{"@type":"WebPage","@id":"https:\/\/newsinfoco.com.br\/inicio\/semana-de-direitos-humanos-acontece-de-5-a-10-de-dezembro\/#webpage","url":"https:\/\/newsinfoco.com.br\/inicio\/semana-de-direitos-humanos-acontece-de-5-a-10-de-dezembro\/","name":"Semana de Direitos Humanos acontece de 5 a 10 de dezembro - News In Foco - Editado por Caio Pimenta","description":"Debater os direitos humanos \u00e9 essencial para a constru\u00e7\u00e3o de uma sociedade mais justa e igualit\u00e1ria. Pensando nisso, a Prefeitura de Alagoinhas, por meio da Secretaria de Assist\u00eancia Social (SEMAS), realiza de 05 a 10 de dezembro a Semana Municipal de Direitos Humanos de Alagoinhas, com o tema \u201cA ess\u00eancia dos Direitos Humanos \u00e9 o","inLanguage":"pt-BR","isPartOf":{"@id":"https:\/\/newsinfoco.com.br\/inicio\/#website"},"breadcrumb":{"@id":"https:\/\/newsinfoco.com.br\/inicio\/semana-de-direitos-humanos-acontece-de-5-a-10-de-dezembro\/#breadcrumblist"},"author":{"@id":"https:\/\/newsinfoco.com.br\/inicio\/author\/administrador\/#author"},"creator":{"@id":"https:\/\/newsinfoco.com.br\/inicio\/author\/administrador\/#author"},"image":{"@type":"ImageObject","url":"https:\/\/newsinfoco.com.br\/inicio\/wp-content\/uploads\/2022\/12\/3FA32D9A-321D-4CA6-943C-70CB35A0293E.jpeg","@id":"https:\/\/newsinfoco.com.br\/inicio\/semana-de-direitos-humanos-acontece-de-5-a-10-de-dezembro\/#mainImage","width":731,"height":1024},"primaryImageOfPage":{"@id":"https:\/\/newsinfoco.com.br\/inicio\/semana-de-direitos-humanos-acontece-de-5-a-10-de-dezembro\/#mainImage"},"datePublished":"2022-12-05T15:18:22-03:00","dateModified":"2022-12-05T15:18:22-03:00"},{"@type":"WebSite","@id":"https:\/\/newsinfoco.com.br\/inicio\/#website","url":"https:\/\/newsinfoco.com.br\/inicio\/","name":"News In Foco - Editado por Caio Pimenta","description":"O principal site de noticias de Alagoinhas e regi\u00e3o","inLanguage":"pt-BR","publisher":{"@id":"https:\/\/newsinfoco.com.br\/inicio\/#organization"}}]},"og:locale":"pt_BR","og:site_name":"News In Foco - Editado por Caio Pimenta - O principal site de noticias de Alagoinhas e regi\u00e3o","og:type":"article","og:title":"Semana de Direitos Humanos acontece de 5 a 10 de dezembro - News In Foco - Editado por Caio Pimenta","og:description":"Debater os direitos humanos \u00e9 essencial para a constru\u00e7\u00e3o de uma sociedade mais justa e igualit\u00e1ria. Pensando nisso, a Prefeitura de Alagoinhas, por meio da Secretaria de Assist\u00eancia Social (SEMAS), realiza de 05 a 10 de dezembro a Semana Municipal de Direitos Humanos de Alagoinhas, com o tema \u201cA ess\u00eancia dos Direitos Humanos \u00e9 o","og:url":"https:\/\/newsinfoco.com.br\/inicio\/semana-de-direitos-humanos-acontece-de-5-a-10-de-dezembro\/","article:published_time":"2022-12-05T18:18:22+00:00","article:modified_time":"2022-12-05T18:18:22+00:00","twitter:card":"summary_large_image","twitter:title":"Semana de Direitos Humanos acontece de 5 a 10 de dezembro - News In Foco - Editado por Caio Pimenta","twitter:description":"Debater os direitos humanos \u00e9 essencial para a constru\u00e7\u00e3o de uma sociedade mais justa e igualit\u00e1ria. Pensando nisso, a Prefeitura de Alagoinhas, por meio da Secretaria de Assist\u00eancia Social (SEMAS), realiza de 05 a 10 de dezembro a Semana Municipal de Direitos Humanos de Alagoinhas, com o tema \u201cA ess\u00eancia dos Direitos Humanos \u00e9 o"},"aioseo_meta_data":{"post_id":"32080","title":null,"description":null,"keywords":null,"keyphrases":null,"primary_term":null,"canonical_url":null,"og_title":null,"og_description":null,"og_object_type":"default","og_image_type":"default","og_image_url":null,"og_image_width":null,"og_image_height":null,"og_image_custom_url":null,"og_image_custom_fields":null,"og_video":null,"og_custom_url":null,"og_article_section":null,"og_article_tags":null,"twitter_use_og":false,"twitter_card":"default","twitter_image_type":"default","twitter_image_url":null,"twitter_image_custom_url":null,"twitter_image_custom_fields":null,"twitter_title":null,"twitter_description":null,"schema":{"blockGraphs":[],"customGraphs":[],"default":{"data":{"Article":[],"Course":[],"Dataset":[],"FAQPage":[],"Movie":[],"Person":[],"Product":[],"ProductReview":[],"Car":[],"Recipe":[],"Service":[],"SoftwareApplication":[],"WebPage":[]},"graphName":"","isEnabled":true},"graphs":[]},"schema_type":"default","schema_type_options":null,"pillar_content":false,"robots_default":true,"robots_noindex":false,"robots_noarchive":false,"robots_nosnippet":false,"robots_nofollow":false,"robots_noimageindex":false,"robots_noodp":false,"robots_notranslate":false,"robots_max_snippet":null,"robots_max_videopreview":null,"robots_max_imagepreview":"large","priority":null,"frequency":null,"local_seo":null,"breadcrumb_settings":null,"limit_modified_date":false,"ai":null,"created":"2023-06-12 22:26:47","updated":"2025-07-11 08:41:50","seo_analyzer_scan_date":null},"aioseo_breadcrumb":"<div class=\"aioseo-breadcrumbs\"><span class=\"aioseo-breadcrumb\">\n\t\t\t<a href=\"https:\/\/newsinfoco.com.br\/inicio\" title=\"In\u00edcio\">In\u00edcio<\/a>\n\t\t<\/span><span class=\"aioseo-breadcrumb-separator\">&raquo;<\/span><span class=\"aioseo-breadcrumb\">\n\t\t\t<a href=\"https:\/\/newsinfoco.com.br\/inicio\/category\/alagoinhas-e-regiao\/\" title=\"Alagoinhas e Regi\u00e3o\">Alagoinhas e Regi\u00e3o<\/a>\n\t\t<\/span><span class=\"aioseo-breadcrumb-separator\">&raquo;<\/span><span class=\"aioseo-breadcrumb\">\n\t\t\tSemana de Direitos Humanos acontece de 5 a 10 de dezembro\n\t\t<\/span><\/div>","aioseo_breadcrumb_json":[{"label":"In\u00edcio","link":"https:\/\/newsinfoco.com.br\/inicio"},{"label":"Alagoinhas e Regi\u00e3o","link":"https:\/\/newsinfoco.com.br\/inicio\/category\/alagoinhas-e-regiao\/"},{"label":"Semana de Direitos Humanos acontece de 5 a 10 de dezembro","link":"https:\/\/newsinfoco.com.br\/inicio\/semana-de-direitos-humanos-acontece-de-5-a-10-de-dezembro\/"}],"_links":{"self":[{"href":"https:\/\/newsinfoco.com.br\/inicio\/wp-json\/wp\/v2\/posts\/32080","targetHints":{"allow":["GET"]}}],"collection":[{"href":"https:\/\/newsinfoco.com.br\/inicio\/wp-json\/wp\/v2\/posts"}],"about":[{"href":"https:\/\/newsinfoco.com.br\/inicio\/wp-json\/wp\/v2\/types\/post"}],"author":[{"embeddable":true,"href":"https:\/\/newsinfoco.com.br\/inicio\/wp-json\/wp\/v2\/users\/1"}],"replies":[{"embeddable":true,"href":"https:\/\/newsinfoco.com.br\/inicio\/wp-json\/wp\/v2\/comments?post=32080"}],"version-history":[{"count":1,"href":"https:\/\/newsinfoco.com.br\/inicio\/wp-json\/wp\/v2\/posts\/32080\/revisions"}],"predecessor-version":[{"id":32082,"href":"https:\/\/newsinfoco.com.br\/inicio\/wp-json\/wp\/v2\/posts\/32080\/revisions\/32082"}],"wp:featuredmedia":[{"embeddable":true,"href":"https:\/\/newsinfoco.com.br\/inicio\/wp-json\/wp\/v2\/media\/32081"}],"wp:attachment":[{"href":"https:\/\/newsinfoco.com.br\/inicio\/wp-json\/wp\/v2\/media?parent=32080"}],"wp:term":[{"taxonomy":"category","embeddable":true,"href":"https:\/\/newsinfoco.com.br\/inicio\/wp-json\/wp\/v2\/categories?post=32080"},{"taxonomy":"post_tag","embeddable":true,"href":"https:\/\/newsinfoco.com.br\/inicio\/wp-json\/wp\/v2\/tags?post=32080"}],"curies":[{"name":"wp","href":"https:\/\/api.w.org\/{rel}","templated":true}]}}