{"id":32109,"date":"2022-12-08T19:17:34","date_gmt":"2022-12-08T22:17:34","guid":{"rendered":"https:\/\/newsinfoco.com.br\/inicio\/?p=32109"},"modified":"2022-12-08T19:17:34","modified_gmt":"2022-12-08T22:17:34","slug":"prefeitura-de-alagoinhas-realiza-audiencia-publica-para-discussao-da-loa-2023","status":"publish","type":"post","link":"https:\/\/newsinfoco.com.br\/inicio\/prefeitura-de-alagoinhas-realiza-audiencia-publica-para-discussao-da-loa-2023\/","title":{"rendered":"Prefeitura de Alagoinhas realiza audi\u00eancia p\u00fablica para discuss\u00e3o da LOA 2023"},"content":{"rendered":"<p>A Prefeitura Municipal de Alagoinhas realizou, nesta ter\u00e7a-feira (07), audi\u00eancia p\u00fablica para apresenta\u00e7\u00e3o e discuss\u00e3o da Lei Or\u00e7ament\u00e1ria Anual (LOA) para 2023. A audi\u00eancia foi realizada na C\u00e2mara de Vereadores, e contou com a participa\u00e7\u00e3o do prefeito Joaquim Neto, gestores municipais, vereadores e representantes da sociedade civil.<\/p>\n<p><img loading=\"lazy\" decoding=\"async\" class=\"aligncenter size-large wp-image-62280\" src=\"https:\/\/www.alagoinhas.ba.gov.br\/wp-content\/uploads\/2022\/12\/WhatsApp-Image-2022-12-07-at-20.52.25-1024x682.jpeg\" sizes=\"auto, (max-width: 800px) 100vw, 800px\" srcset=\"https:\/\/www.alagoinhas.ba.gov.br\/wp-content\/uploads\/2022\/12\/WhatsApp-Image-2022-12-07-at-20.52.25.jpeg 1024w, https:\/\/www.alagoinhas.ba.gov.br\/wp-content\/uploads\/2022\/12\/WhatsApp-Image-2022-12-07-at-20.52.25-300x200.jpeg 300w, https:\/\/www.alagoinhas.ba.gov.br\/wp-content\/uploads\/2022\/12\/WhatsApp-Image-2022-12-07-at-20.52.25-768x512.jpeg 768w, https:\/\/www.alagoinhas.ba.gov.br\/wp-content\/uploads\/2022\/12\/WhatsApp-Image-2022-12-07-at-20.52.25-126x84.jpeg 126w\" alt=\"\" width=\"800\" height=\"533\" \/><\/p>\n<p>Elaborada com base nas prioridades anteriormente apontadas pelo Plano Plurianual (PPA) e pela Lei de Diretrizes Or\u00e7ament\u00e1rias (LDO), ambos definidos pelo executivo, a partir da consulta p\u00fablica disponibilizada para a popula\u00e7\u00e3o durante 40 dias com a comunidade, a Loa \u00e9 um instrumento elaborado a partir da estimativa das receitas, a fim de promover a fixa\u00e7\u00e3o dos gastos do executivo para o pr\u00f3ximo ano, assim como os investimentos a serem entregues \u00e1 popula\u00e7\u00e3o.<\/p>\n<p><img loading=\"lazy\" decoding=\"async\" class=\"aligncenter size-large wp-image-62281\" src=\"https:\/\/www.alagoinhas.ba.gov.br\/wp-content\/uploads\/2022\/12\/WhatsApp-Image-2022-12-07-at-20.50.48-2-1024x682.jpeg\" sizes=\"auto, (max-width: 800px) 100vw, 800px\" srcset=\"https:\/\/www.alagoinhas.ba.gov.br\/wp-content\/uploads\/2022\/12\/WhatsApp-Image-2022-12-07-at-20.50.48-2.jpeg 1024w, https:\/\/www.alagoinhas.ba.gov.br\/wp-content\/uploads\/2022\/12\/WhatsApp-Image-2022-12-07-at-20.50.48-2-300x200.jpeg 300w, https:\/\/www.alagoinhas.ba.gov.br\/wp-content\/uploads\/2022\/12\/WhatsApp-Image-2022-12-07-at-20.50.48-2-768x512.jpeg 768w, https:\/\/www.alagoinhas.ba.gov.br\/wp-content\/uploads\/2022\/12\/WhatsApp-Image-2022-12-07-at-20.50.48-2-126x84.jpeg 126w\" alt=\"\" width=\"800\" height=\"533\" \/><\/p>\n<p>Visando a manutenc\u00e3o do processo de aprimoramento da transpar\u00eancia, de forma muito detalhada, as secret\u00e1rias municipais de Planejamento, V\u00edrg\u00ednia Porto e da Fazenda, Roseane Concei\u00e7\u00e3o , conduziram a apresenta\u00e7\u00e3o dos n\u00fameros, destacando o crescimento na expectativa de receita, manuten\u00e7\u00e3o de um volume relevante para as receitas de capital, entre outras receitas, o que refletira positivamente em investimentos em \u00e1reas como Sa\u00fade e Educa\u00e7\u00e3o, Assist\u00eancia Social e Infraestrutura, al\u00e9m do refor\u00e7o em servi\u00e7os p\u00fablicos.<\/p>\n<p>Conforme a secret\u00e1ria da SEPLA, Virg\u00ednia Porto, os projetos das pe\u00e7as or\u00e7ament\u00e1rias para 2023 est\u00e3o sendo elaborados considerando as metas estabelecidas pelo governo municipal, e o resultado das consultas p\u00fablicas. \u201cA participa\u00e7\u00e3o popular \u00e9 extremante importante para os instrumentos de planejamento, e associado a isso, n\u00f3s mostramos a expectativa de chegada de recursos que v\u00e3o respaldar essas a\u00e7\u00f5es, e a evolu\u00e7\u00e3o dos \u00f3rg\u00e3os a cada ano\u201d.<\/p>\n<p>Os debates acerca da LOA 2023 ter\u00e3o continuidade na C\u00e2mara de Vereadores, em um segundo encontro a ser realizado na pr\u00f3xima segunda feira (12), para depois entrar em vota\u00e7\u00e3o e seguir para a san\u00e7\u00e3o do prefeito Joaquim Neto.<\/p>\n<p><img loading=\"lazy\" decoding=\"async\" class=\"aligncenter size-large wp-image-62283\" src=\"https:\/\/www.alagoinhas.ba.gov.br\/wp-content\/uploads\/2022\/12\/WhatsApp-Image-2022-12-07-at-20.50.48-1024x682.jpeg\" sizes=\"auto, (max-width: 800px) 100vw, 800px\" srcset=\"https:\/\/www.alagoinhas.ba.gov.br\/wp-content\/uploads\/2022\/12\/WhatsApp-Image-2022-12-07-at-20.50.48.jpeg 1024w, https:\/\/www.alagoinhas.ba.gov.br\/wp-content\/uploads\/2022\/12\/WhatsApp-Image-2022-12-07-at-20.50.48-300x200.jpeg 300w, https:\/\/www.alagoinhas.ba.gov.br\/wp-content\/uploads\/2022\/12\/WhatsApp-Image-2022-12-07-at-20.50.48-768x512.jpeg 768w, https:\/\/www.alagoinhas.ba.gov.br\/wp-content\/uploads\/2022\/12\/WhatsApp-Image-2022-12-07-at-20.50.48-126x84.jpeg 126w\" alt=\"\" width=\"800\" height=\"533\" \/><\/p>\n<p>&nbsp;<\/p>\n<p>&nbsp;<\/p>\n<div class='share-to-whatsapp-wrapper'><div class='share-on-whsp'>Share on: <\/div><a data-text='Prefeitura de Alagoinhas realiza audi\u00eancia p\u00fablica para discuss\u00e3o da LOA 2023' data-link='https:\/\/newsinfoco.com.br\/inicio\/prefeitura-de-alagoinhas-realiza-audiencia-publica-para-discussao-da-loa-2023\/' class='whatsapp-button whatsapp-share'>WhatsApp<\/a><div class='clear '><\/div><\/div>","protected":false},"excerpt":{"rendered":"<p>A Prefeitura Municipal de Alagoinhas realizou, nesta ter\u00e7a-feira (07), audi\u00eancia p\u00fablica para apresenta\u00e7\u00e3o e discuss\u00e3o da Lei Or\u00e7ament\u00e1ria Anual (LOA) para 2023. A audi\u00eancia foi realizada na C\u00e2mara de Vereadores, e contou com a participa\u00e7\u00e3o do prefeito Joaquim Neto, gestores municipais, vereadores e representantes da sociedade civil. Elaborada com base nas prioridades anteriormente apontadas pelo [&hellip;]<\/p>\n","protected":false},"author":1,"featured_media":32110,"comment_status":"closed","ping_status":"closed","sticky":false,"template":"","format":"standard","meta":{"om_disable_all_campaigns":false,"rop_custom_images_group":[],"rop_custom_messages_group":[],"rop_publish_now":"initial","rop_publish_now_accounts":[],"rop_publish_now_history":[],"rop_publish_now_status":"pending","_exactmetrics_skip_tracking":false,"footnotes":""},"categories":[38,167],"tags":[],"class_list":["post-32109","post","type-post","status-publish","format-standard","has-post-thumbnail","hentry","category-alagoinhas-e-regiao","category-exclusivas"],"aioseo_notices":[],"aioseo_head":"\n\t\t<!-- All in One SEO 4.9.10 - aioseo.com -->\n\t<meta name=\"description\" content=\"A Prefeitura Municipal de Alagoinhas realizou, nesta ter\u00e7a-feira (07), audi\u00eancia p\u00fablica para apresenta\u00e7\u00e3o e discuss\u00e3o da Lei Or\u00e7ament\u00e1ria Anual (LOA) para 2023. A audi\u00eancia foi realizada na C\u00e2mara de Vereadores, e contou com a participa\u00e7\u00e3o do prefeito Joaquim Neto, gestores municipais, vereadores e representantes da sociedade civil. Elaborada com base nas prioridades anteriormente apontadas pelo\" \/>\n\t<meta name=\"robots\" content=\"max-image-preview:large\" \/>\n\t<meta name=\"author\" content=\"administrador\"\/>\n\t<link rel=\"canonical\" href=\"https:\/\/newsinfoco.com.br\/inicio\/prefeitura-de-alagoinhas-realiza-audiencia-publica-para-discussao-da-loa-2023\/\" \/>\n\t<meta name=\"generator\" content=\"All in One SEO (AIOSEO) 4.9.10\" \/>\n\t\t<meta property=\"og:locale\" content=\"pt_BR\" \/>\n\t\t<meta property=\"og:site_name\" content=\"News In Foco - Editado por Caio Pimenta - O principal site de noticias de Alagoinhas e regi\u00e3o\" \/>\n\t\t<meta property=\"og:type\" content=\"article\" \/>\n\t\t<meta property=\"og:title\" content=\"Prefeitura de Alagoinhas realiza audi\u00eancia p\u00fablica para discuss\u00e3o da LOA 2023 - News In Foco - Editado por Caio Pimenta\" \/>\n\t\t<meta property=\"og:description\" content=\"A Prefeitura Municipal de Alagoinhas realizou, nesta ter\u00e7a-feira (07), audi\u00eancia p\u00fablica para apresenta\u00e7\u00e3o e discuss\u00e3o da Lei Or\u00e7ament\u00e1ria Anual (LOA) para 2023. A audi\u00eancia foi realizada na C\u00e2mara de Vereadores, e contou com a participa\u00e7\u00e3o do prefeito Joaquim Neto, gestores municipais, vereadores e representantes da sociedade civil. Elaborada com base nas prioridades anteriormente apontadas pelo\" \/>\n\t\t<meta property=\"og:url\" content=\"https:\/\/newsinfoco.com.br\/inicio\/prefeitura-de-alagoinhas-realiza-audiencia-publica-para-discussao-da-loa-2023\/\" \/>\n\t\t<meta property=\"article:published_time\" content=\"2022-12-08T22:17:34+00:00\" \/>\n\t\t<meta property=\"article:modified_time\" content=\"2022-12-08T22:17:34+00:00\" \/>\n\t\t<meta name=\"twitter:card\" content=\"summary_large_image\" \/>\n\t\t<meta name=\"twitter:title\" content=\"Prefeitura de Alagoinhas realiza audi\u00eancia p\u00fablica para discuss\u00e3o da LOA 2023 - News In Foco - Editado por Caio Pimenta\" \/>\n\t\t<meta name=\"twitter:description\" content=\"A Prefeitura Municipal de Alagoinhas realizou, nesta ter\u00e7a-feira (07), audi\u00eancia p\u00fablica para apresenta\u00e7\u00e3o e discuss\u00e3o da Lei Or\u00e7ament\u00e1ria Anual (LOA) para 2023. A audi\u00eancia foi realizada na C\u00e2mara de Vereadores, e contou com a participa\u00e7\u00e3o do prefeito Joaquim Neto, gestores municipais, vereadores e representantes da sociedade civil. Elaborada com base nas prioridades anteriormente apontadas pelo\" \/>\n\t\t<script type=\"application\/ld+json\" class=\"aioseo-schema\">\n\t\t\t{\"@context\":\"https:\\\/\\\/schema.org\",\"@graph\":[{\"@type\":\"BlogPosting\",\"@id\":\"https:\\\/\\\/newsinfoco.com.br\\\/inicio\\\/prefeitura-de-alagoinhas-realiza-audiencia-publica-para-discussao-da-loa-2023\\\/#blogposting\",\"name\":\"Prefeitura de Alagoinhas realiza audi\\u00eancia p\\u00fablica para discuss\\u00e3o da LOA 2023 - News In Foco - Editado por Caio Pimenta\",\"headline\":\"Prefeitura de Alagoinhas realiza audi\\u00eancia p\\u00fablica para discuss\\u00e3o da LOA 2023\",\"author\":{\"@id\":\"https:\\\/\\\/newsinfoco.com.br\\\/inicio\\\/author\\\/administrador\\\/#author\"},\"publisher\":{\"@id\":\"https:\\\/\\\/newsinfoco.com.br\\\/inicio\\\/#organization\"},\"image\":{\"@type\":\"ImageObject\",\"url\":\"https:\\\/\\\/newsinfoco.com.br\\\/inicio\\\/wp-content\\\/uploads\\\/2022\\\/12\\\/WhatsApp-Image-2022-12-07-at-20.52.25-550x368-1.jpeg\",\"width\":550,\"height\":368},\"datePublished\":\"2022-12-08T19:17:34-03:00\",\"dateModified\":\"2022-12-08T19:17:34-03:00\",\"inLanguage\":\"pt-BR\",\"mainEntityOfPage\":{\"@id\":\"https:\\\/\\\/newsinfoco.com.br\\\/inicio\\\/prefeitura-de-alagoinhas-realiza-audiencia-publica-para-discussao-da-loa-2023\\\/#webpage\"},\"isPartOf\":{\"@id\":\"https:\\\/\\\/newsinfoco.com.br\\\/inicio\\\/prefeitura-de-alagoinhas-realiza-audiencia-publica-para-discussao-da-loa-2023\\\/#webpage\"},\"articleSection\":\"Alagoinhas e Regi\\u00e3o, Manchete\"},{\"@type\":\"BreadcrumbList\",\"@id\":\"https:\\\/\\\/newsinfoco.com.br\\\/inicio\\\/prefeitura-de-alagoinhas-realiza-audiencia-publica-para-discussao-da-loa-2023\\\/#breadcrumblist\",\"itemListElement\":[{\"@type\":\"ListItem\",\"@id\":\"https:\\\/\\\/newsinfoco.com.br\\\/inicio#listItem\",\"position\":1,\"name\":\"In\\u00edcio\",\"item\":\"https:\\\/\\\/newsinfoco.com.br\\\/inicio\",\"nextItem\":{\"@type\":\"ListItem\",\"@id\":\"https:\\\/\\\/newsinfoco.com.br\\\/inicio\\\/category\\\/alagoinhas-e-regiao\\\/#listItem\",\"name\":\"Alagoinhas e Regi\\u00e3o\"}},{\"@type\":\"ListItem\",\"@id\":\"https:\\\/\\\/newsinfoco.com.br\\\/inicio\\\/category\\\/alagoinhas-e-regiao\\\/#listItem\",\"position\":2,\"name\":\"Alagoinhas e Regi\\u00e3o\",\"item\":\"https:\\\/\\\/newsinfoco.com.br\\\/inicio\\\/category\\\/alagoinhas-e-regiao\\\/\",\"nextItem\":{\"@type\":\"ListItem\",\"@id\":\"https:\\\/\\\/newsinfoco.com.br\\\/inicio\\\/prefeitura-de-alagoinhas-realiza-audiencia-publica-para-discussao-da-loa-2023\\\/#listItem\",\"name\":\"Prefeitura de Alagoinhas realiza audi\\u00eancia p\\u00fablica para discuss\\u00e3o da LOA 2023\"},\"previousItem\":{\"@type\":\"ListItem\",\"@id\":\"https:\\\/\\\/newsinfoco.com.br\\\/inicio#listItem\",\"name\":\"In\\u00edcio\"}},{\"@type\":\"ListItem\",\"@id\":\"https:\\\/\\\/newsinfoco.com.br\\\/inicio\\\/prefeitura-de-alagoinhas-realiza-audiencia-publica-para-discussao-da-loa-2023\\\/#listItem\",\"position\":3,\"name\":\"Prefeitura de Alagoinhas realiza audi\\u00eancia p\\u00fablica para discuss\\u00e3o da LOA 2023\",\"previousItem\":{\"@type\":\"ListItem\",\"@id\":\"https:\\\/\\\/newsinfoco.com.br\\\/inicio\\\/category\\\/alagoinhas-e-regiao\\\/#listItem\",\"name\":\"Alagoinhas e Regi\\u00e3o\"}}]},{\"@type\":\"Organization\",\"@id\":\"https:\\\/\\\/newsinfoco.com.br\\\/inicio\\\/#organization\",\"name\":\"News In Foco - Editado por Caio Pimenta\",\"description\":\"O principal site de noticias de Alagoinhas e regi\\u00e3o\",\"url\":\"https:\\\/\\\/newsinfoco.com.br\\\/inicio\\\/\"},{\"@type\":\"Person\",\"@id\":\"https:\\\/\\\/newsinfoco.com.br\\\/inicio\\\/author\\\/administrador\\\/#author\",\"url\":\"https:\\\/\\\/newsinfoco.com.br\\\/inicio\\\/author\\\/administrador\\\/\",\"name\":\"administrador\",\"image\":{\"@type\":\"ImageObject\",\"@id\":\"https:\\\/\\\/newsinfoco.com.br\\\/inicio\\\/prefeitura-de-alagoinhas-realiza-audiencia-publica-para-discussao-da-loa-2023\\\/#authorImage\",\"url\":\"https:\\\/\\\/secure.gravatar.com\\\/avatar\\\/c17a617433de8c1dc9584bb79aab7563b46f5bb7e1728c9b17d9cc3ce6a08e49?s=96&d=mm&r=g\",\"width\":96,\"height\":96,\"caption\":\"administrador\"}},{\"@type\":\"WebPage\",\"@id\":\"https:\\\/\\\/newsinfoco.com.br\\\/inicio\\\/prefeitura-de-alagoinhas-realiza-audiencia-publica-para-discussao-da-loa-2023\\\/#webpage\",\"url\":\"https:\\\/\\\/newsinfoco.com.br\\\/inicio\\\/prefeitura-de-alagoinhas-realiza-audiencia-publica-para-discussao-da-loa-2023\\\/\",\"name\":\"Prefeitura de Alagoinhas realiza audi\\u00eancia p\\u00fablica para discuss\\u00e3o da LOA 2023 - News In Foco - Editado por Caio Pimenta\",\"description\":\"A Prefeitura Municipal de Alagoinhas realizou, nesta ter\\u00e7a-feira (07), audi\\u00eancia p\\u00fablica para apresenta\\u00e7\\u00e3o e discuss\\u00e3o da Lei Or\\u00e7ament\\u00e1ria Anual (LOA) para 2023. A audi\\u00eancia foi realizada na C\\u00e2mara de Vereadores, e contou com a participa\\u00e7\\u00e3o do prefeito Joaquim Neto, gestores municipais, vereadores e representantes da sociedade civil. Elaborada com base nas prioridades anteriormente apontadas pelo\",\"inLanguage\":\"pt-BR\",\"isPartOf\":{\"@id\":\"https:\\\/\\\/newsinfoco.com.br\\\/inicio\\\/#website\"},\"breadcrumb\":{\"@id\":\"https:\\\/\\\/newsinfoco.com.br\\\/inicio\\\/prefeitura-de-alagoinhas-realiza-audiencia-publica-para-discussao-da-loa-2023\\\/#breadcrumblist\"},\"author\":{\"@id\":\"https:\\\/\\\/newsinfoco.com.br\\\/inicio\\\/author\\\/administrador\\\/#author\"},\"creator\":{\"@id\":\"https:\\\/\\\/newsinfoco.com.br\\\/inicio\\\/author\\\/administrador\\\/#author\"},\"image\":{\"@type\":\"ImageObject\",\"url\":\"https:\\\/\\\/newsinfoco.com.br\\\/inicio\\\/wp-content\\\/uploads\\\/2022\\\/12\\\/WhatsApp-Image-2022-12-07-at-20.52.25-550x368-1.jpeg\",\"@id\":\"https:\\\/\\\/newsinfoco.com.br\\\/inicio\\\/prefeitura-de-alagoinhas-realiza-audiencia-publica-para-discussao-da-loa-2023\\\/#mainImage\",\"width\":550,\"height\":368},\"primaryImageOfPage\":{\"@id\":\"https:\\\/\\\/newsinfoco.com.br\\\/inicio\\\/prefeitura-de-alagoinhas-realiza-audiencia-publica-para-discussao-da-loa-2023\\\/#mainImage\"},\"datePublished\":\"2022-12-08T19:17:34-03:00\",\"dateModified\":\"2022-12-08T19:17:34-03:00\"},{\"@type\":\"WebSite\",\"@id\":\"https:\\\/\\\/newsinfoco.com.br\\\/inicio\\\/#website\",\"url\":\"https:\\\/\\\/newsinfoco.com.br\\\/inicio\\\/\",\"name\":\"News In Foco - Editado por Caio Pimenta\",\"description\":\"O principal site de noticias de Alagoinhas e regi\\u00e3o\",\"inLanguage\":\"pt-BR\",\"publisher\":{\"@id\":\"https:\\\/\\\/newsinfoco.com.br\\\/inicio\\\/#organization\"}}]}\n\t\t<\/script>\n\t\t<!-- All in One SEO -->\n\n","aioseo_head_json":{"title":"Prefeitura de Alagoinhas realiza audi\u00eancia p\u00fablica para discuss\u00e3o da LOA 2023 - News In Foco - Editado por Caio Pimenta","description":"A Prefeitura Municipal de Alagoinhas realizou, nesta ter\u00e7a-feira (07), audi\u00eancia p\u00fablica para apresenta\u00e7\u00e3o e discuss\u00e3o da Lei Or\u00e7ament\u00e1ria Anual (LOA) para 2023. A audi\u00eancia foi realizada na C\u00e2mara de Vereadores, e contou com a participa\u00e7\u00e3o do prefeito Joaquim Neto, gestores municipais, vereadores e representantes da sociedade civil. Elaborada com base nas prioridades anteriormente apontadas pelo","canonical_url":"https:\/\/newsinfoco.com.br\/inicio\/prefeitura-de-alagoinhas-realiza-audiencia-publica-para-discussao-da-loa-2023\/","robots":"max-image-preview:large","keywords":"","webmasterTools":{"miscellaneous":""},"schema":{"@context":"https:\/\/schema.org","@graph":[{"@type":"BlogPosting","@id":"https:\/\/newsinfoco.com.br\/inicio\/prefeitura-de-alagoinhas-realiza-audiencia-publica-para-discussao-da-loa-2023\/#blogposting","name":"Prefeitura de Alagoinhas realiza audi\u00eancia p\u00fablica para discuss\u00e3o da LOA 2023 - News In Foco - Editado por Caio Pimenta","headline":"Prefeitura de Alagoinhas realiza audi\u00eancia p\u00fablica para discuss\u00e3o da LOA 2023","author":{"@id":"https:\/\/newsinfoco.com.br\/inicio\/author\/administrador\/#author"},"publisher":{"@id":"https:\/\/newsinfoco.com.br\/inicio\/#organization"},"image":{"@type":"ImageObject","url":"https:\/\/newsinfoco.com.br\/inicio\/wp-content\/uploads\/2022\/12\/WhatsApp-Image-2022-12-07-at-20.52.25-550x368-1.jpeg","width":550,"height":368},"datePublished":"2022-12-08T19:17:34-03:00","dateModified":"2022-12-08T19:17:34-03:00","inLanguage":"pt-BR","mainEntityOfPage":{"@id":"https:\/\/newsinfoco.com.br\/inicio\/prefeitura-de-alagoinhas-realiza-audiencia-publica-para-discussao-da-loa-2023\/#webpage"},"isPartOf":{"@id":"https:\/\/newsinfoco.com.br\/inicio\/prefeitura-de-alagoinhas-realiza-audiencia-publica-para-discussao-da-loa-2023\/#webpage"},"articleSection":"Alagoinhas e Regi\u00e3o, Manchete"},{"@type":"BreadcrumbList","@id":"https:\/\/newsinfoco.com.br\/inicio\/prefeitura-de-alagoinhas-realiza-audiencia-publica-para-discussao-da-loa-2023\/#breadcrumblist","itemListElement":[{"@type":"ListItem","@id":"https:\/\/newsinfoco.com.br\/inicio#listItem","position":1,"name":"In\u00edcio","item":"https:\/\/newsinfoco.com.br\/inicio","nextItem":{"@type":"ListItem","@id":"https:\/\/newsinfoco.com.br\/inicio\/category\/alagoinhas-e-regiao\/#listItem","name":"Alagoinhas e Regi\u00e3o"}},{"@type":"ListItem","@id":"https:\/\/newsinfoco.com.br\/inicio\/category\/alagoinhas-e-regiao\/#listItem","position":2,"name":"Alagoinhas e Regi\u00e3o","item":"https:\/\/newsinfoco.com.br\/inicio\/category\/alagoinhas-e-regiao\/","nextItem":{"@type":"ListItem","@id":"https:\/\/newsinfoco.com.br\/inicio\/prefeitura-de-alagoinhas-realiza-audiencia-publica-para-discussao-da-loa-2023\/#listItem","name":"Prefeitura de Alagoinhas realiza audi\u00eancia p\u00fablica para discuss\u00e3o da LOA 2023"},"previousItem":{"@type":"ListItem","@id":"https:\/\/newsinfoco.com.br\/inicio#listItem","name":"In\u00edcio"}},{"@type":"ListItem","@id":"https:\/\/newsinfoco.com.br\/inicio\/prefeitura-de-alagoinhas-realiza-audiencia-publica-para-discussao-da-loa-2023\/#listItem","position":3,"name":"Prefeitura de Alagoinhas realiza audi\u00eancia p\u00fablica para discuss\u00e3o da LOA 2023","previousItem":{"@type":"ListItem","@id":"https:\/\/newsinfoco.com.br\/inicio\/category\/alagoinhas-e-regiao\/#listItem","name":"Alagoinhas e Regi\u00e3o"}}]},{"@type":"Organization","@id":"https:\/\/newsinfoco.com.br\/inicio\/#organization","name":"News In Foco - Editado por Caio Pimenta","description":"O principal site de noticias de Alagoinhas e regi\u00e3o","url":"https:\/\/newsinfoco.com.br\/inicio\/"},{"@type":"Person","@id":"https:\/\/newsinfoco.com.br\/inicio\/author\/administrador\/#author","url":"https:\/\/newsinfoco.com.br\/inicio\/author\/administrador\/","name":"administrador","image":{"@type":"ImageObject","@id":"https:\/\/newsinfoco.com.br\/inicio\/prefeitura-de-alagoinhas-realiza-audiencia-publica-para-discussao-da-loa-2023\/#authorImage","url":"https:\/\/secure.gravatar.com\/avatar\/c17a617433de8c1dc9584bb79aab7563b46f5bb7e1728c9b17d9cc3ce6a08e49?s=96&d=mm&r=g","width":96,"height":96,"caption":"administrador"}},{"@type":"WebPage","@id":"https:\/\/newsinfoco.com.br\/inicio\/prefeitura-de-alagoinhas-realiza-audiencia-publica-para-discussao-da-loa-2023\/#webpage","url":"https:\/\/newsinfoco.com.br\/inicio\/prefeitura-de-alagoinhas-realiza-audiencia-publica-para-discussao-da-loa-2023\/","name":"Prefeitura de Alagoinhas realiza audi\u00eancia p\u00fablica para discuss\u00e3o da LOA 2023 - News In Foco - Editado por Caio Pimenta","description":"A Prefeitura Municipal de Alagoinhas realizou, nesta ter\u00e7a-feira (07), audi\u00eancia p\u00fablica para apresenta\u00e7\u00e3o e discuss\u00e3o da Lei Or\u00e7ament\u00e1ria Anual (LOA) para 2023. A audi\u00eancia foi realizada na C\u00e2mara de Vereadores, e contou com a participa\u00e7\u00e3o do prefeito Joaquim Neto, gestores municipais, vereadores e representantes da sociedade civil. Elaborada com base nas prioridades anteriormente apontadas pelo","inLanguage":"pt-BR","isPartOf":{"@id":"https:\/\/newsinfoco.com.br\/inicio\/#website"},"breadcrumb":{"@id":"https:\/\/newsinfoco.com.br\/inicio\/prefeitura-de-alagoinhas-realiza-audiencia-publica-para-discussao-da-loa-2023\/#breadcrumblist"},"author":{"@id":"https:\/\/newsinfoco.com.br\/inicio\/author\/administrador\/#author"},"creator":{"@id":"https:\/\/newsinfoco.com.br\/inicio\/author\/administrador\/#author"},"image":{"@type":"ImageObject","url":"https:\/\/newsinfoco.com.br\/inicio\/wp-content\/uploads\/2022\/12\/WhatsApp-Image-2022-12-07-at-20.52.25-550x368-1.jpeg","@id":"https:\/\/newsinfoco.com.br\/inicio\/prefeitura-de-alagoinhas-realiza-audiencia-publica-para-discussao-da-loa-2023\/#mainImage","width":550,"height":368},"primaryImageOfPage":{"@id":"https:\/\/newsinfoco.com.br\/inicio\/prefeitura-de-alagoinhas-realiza-audiencia-publica-para-discussao-da-loa-2023\/#mainImage"},"datePublished":"2022-12-08T19:17:34-03:00","dateModified":"2022-12-08T19:17:34-03:00"},{"@type":"WebSite","@id":"https:\/\/newsinfoco.com.br\/inicio\/#website","url":"https:\/\/newsinfoco.com.br\/inicio\/","name":"News In Foco - Editado por Caio Pimenta","description":"O principal site de noticias de Alagoinhas e regi\u00e3o","inLanguage":"pt-BR","publisher":{"@id":"https:\/\/newsinfoco.com.br\/inicio\/#organization"}}]},"og:locale":"pt_BR","og:site_name":"News In Foco - Editado por Caio Pimenta - O principal site de noticias de Alagoinhas e regi\u00e3o","og:type":"article","og:title":"Prefeitura de Alagoinhas realiza audi\u00eancia p\u00fablica para discuss\u00e3o da LOA 2023 - News In Foco - Editado por Caio Pimenta","og:description":"A Prefeitura Municipal de Alagoinhas realizou, nesta ter\u00e7a-feira (07), audi\u00eancia p\u00fablica para apresenta\u00e7\u00e3o e discuss\u00e3o da Lei Or\u00e7ament\u00e1ria Anual (LOA) para 2023. A audi\u00eancia foi realizada na C\u00e2mara de Vereadores, e contou com a participa\u00e7\u00e3o do prefeito Joaquim Neto, gestores municipais, vereadores e representantes da sociedade civil. Elaborada com base nas prioridades anteriormente apontadas pelo","og:url":"https:\/\/newsinfoco.com.br\/inicio\/prefeitura-de-alagoinhas-realiza-audiencia-publica-para-discussao-da-loa-2023\/","article:published_time":"2022-12-08T22:17:34+00:00","article:modified_time":"2022-12-08T22:17:34+00:00","twitter:card":"summary_large_image","twitter:title":"Prefeitura de Alagoinhas realiza audi\u00eancia p\u00fablica para discuss\u00e3o da LOA 2023 - News In Foco - Editado por Caio Pimenta","twitter:description":"A Prefeitura Municipal de Alagoinhas realizou, nesta ter\u00e7a-feira (07), audi\u00eancia p\u00fablica para apresenta\u00e7\u00e3o e discuss\u00e3o da Lei Or\u00e7ament\u00e1ria Anual (LOA) para 2023. A audi\u00eancia foi realizada na C\u00e2mara de Vereadores, e contou com a participa\u00e7\u00e3o do prefeito Joaquim Neto, gestores municipais, vereadores e representantes da sociedade civil. Elaborada com base nas prioridades anteriormente apontadas pelo"},"aioseo_meta_data":{"post_id":"32109","title":null,"description":null,"keywords":null,"keyphrases":null,"primary_term":null,"canonical_url":null,"og_title":null,"og_description":null,"og_object_type":"default","og_image_type":"default","og_image_url":null,"og_image_width":null,"og_image_height":null,"og_image_custom_url":null,"og_image_custom_fields":null,"og_video":null,"og_custom_url":null,"og_article_section":null,"og_article_tags":null,"twitter_use_og":false,"twitter_card":"default","twitter_image_type":"default","twitter_image_url":null,"twitter_image_custom_url":null,"twitter_image_custom_fields":null,"twitter_title":null,"twitter_description":null,"schema":{"blockGraphs":[],"customGraphs":[],"default":{"data":{"Article":[],"Course":[],"Dataset":[],"FAQPage":[],"Movie":[],"Person":[],"Product":[],"ProductReview":[],"Car":[],"Recipe":[],"Service":[],"SoftwareApplication":[],"WebPage":[]},"graphName":"","isEnabled":true},"graphs":[]},"schema_type":"default","schema_type_options":null,"pillar_content":false,"robots_default":true,"robots_noindex":false,"robots_noarchive":false,"robots_nosnippet":false,"robots_nofollow":false,"robots_noimageindex":false,"robots_noodp":false,"robots_notranslate":false,"robots_max_snippet":null,"robots_max_videopreview":null,"robots_max_imagepreview":"large","priority":null,"frequency":null,"local_seo":null,"breadcrumb_settings":null,"limit_modified_date":false,"ai":null,"created":"2023-06-12 22:27:44","updated":"2025-07-11 08:42:55","seo_analyzer_scan_date":null},"aioseo_breadcrumb":"<div class=\"aioseo-breadcrumbs\"><span class=\"aioseo-breadcrumb\">\n\t\t\t<a href=\"https:\/\/newsinfoco.com.br\/inicio\" title=\"In\u00edcio\">In\u00edcio<\/a>\n\t\t<\/span><span class=\"aioseo-breadcrumb-separator\">&raquo;<\/span><span class=\"aioseo-breadcrumb\">\n\t\t\t<a href=\"https:\/\/newsinfoco.com.br\/inicio\/category\/alagoinhas-e-regiao\/\" title=\"Alagoinhas e Regi\u00e3o\">Alagoinhas e Regi\u00e3o<\/a>\n\t\t<\/span><span class=\"aioseo-breadcrumb-separator\">&raquo;<\/span><span class=\"aioseo-breadcrumb\">\n\t\t\tPrefeitura de Alagoinhas realiza audi\u00eancia p\u00fablica para discuss\u00e3o da LOA 2023\n\t\t<\/span><\/div>","aioseo_breadcrumb_json":[{"label":"In\u00edcio","link":"https:\/\/newsinfoco.com.br\/inicio"},{"label":"Alagoinhas e Regi\u00e3o","link":"https:\/\/newsinfoco.com.br\/inicio\/category\/alagoinhas-e-regiao\/"},{"label":"Prefeitura de Alagoinhas realiza audi\u00eancia p\u00fablica para discuss\u00e3o da LOA 2023","link":"https:\/\/newsinfoco.com.br\/inicio\/prefeitura-de-alagoinhas-realiza-audiencia-publica-para-discussao-da-loa-2023\/"}],"_links":{"self":[{"href":"https:\/\/newsinfoco.com.br\/inicio\/wp-json\/wp\/v2\/posts\/32109","targetHints":{"allow":["GET"]}}],"collection":[{"href":"https:\/\/newsinfoco.com.br\/inicio\/wp-json\/wp\/v2\/posts"}],"about":[{"href":"https:\/\/newsinfoco.com.br\/inicio\/wp-json\/wp\/v2\/types\/post"}],"author":[{"embeddable":true,"href":"https:\/\/newsinfoco.com.br\/inicio\/wp-json\/wp\/v2\/users\/1"}],"replies":[{"embeddable":true,"href":"https:\/\/newsinfoco.com.br\/inicio\/wp-json\/wp\/v2\/comments?post=32109"}],"version-history":[{"count":1,"href":"https:\/\/newsinfoco.com.br\/inicio\/wp-json\/wp\/v2\/posts\/32109\/revisions"}],"predecessor-version":[{"id":32111,"href":"https:\/\/newsinfoco.com.br\/inicio\/wp-json\/wp\/v2\/posts\/32109\/revisions\/32111"}],"wp:featuredmedia":[{"embeddable":true,"href":"https:\/\/newsinfoco.com.br\/inicio\/wp-json\/wp\/v2\/media\/32110"}],"wp:attachment":[{"href":"https:\/\/newsinfoco.com.br\/inicio\/wp-json\/wp\/v2\/media?parent=32109"}],"wp:term":[{"taxonomy":"category","embeddable":true,"href":"https:\/\/newsinfoco.com.br\/inicio\/wp-json\/wp\/v2\/categories?post=32109"},{"taxonomy":"post_tag","embeddable":true,"href":"https:\/\/newsinfoco.com.br\/inicio\/wp-json\/wp\/v2\/tags?post=32109"}],"curies":[{"name":"wp","href":"https:\/\/api.w.org\/{rel}","templated":true}]}}