{"id":32112,"date":"2022-12-08T19:19:28","date_gmt":"2022-12-08T22:19:28","guid":{"rendered":"https:\/\/newsinfoco.com.br\/inicio\/?p=32112"},"modified":"2022-12-08T19:19:28","modified_gmt":"2022-12-08T22:19:28","slug":"alagoinhas-recebe-nova-ambulancia-do-samu","status":"publish","type":"post","link":"https:\/\/newsinfoco.com.br\/inicio\/alagoinhas-recebe-nova-ambulancia-do-samu\/","title":{"rendered":"Alagoinhas recebe nova ambul\u00e2ncia do SAMU"},"content":{"rendered":"<p><a class=\"group1 cboxElement\" href=\"https:\/\/www.alagoinhas.ba.gov.br\/wp-content\/uploads\/2022\/12\/WhatsApp-Image-2022-12-08-at-15.12.09.jpeg\"><img loading=\"lazy\" decoding=\"async\" class=\"aligncenter size-large wp-image-62286\" src=\"https:\/\/www.alagoinhas.ba.gov.br\/wp-content\/uploads\/2022\/12\/WhatsApp-Image-2022-12-08-at-15.12.09-1024x768.jpeg\" sizes=\"auto, (max-width: 800px) 100vw, 800px\" srcset=\"https:\/\/www.alagoinhas.ba.gov.br\/wp-content\/uploads\/2022\/12\/WhatsApp-Image-2022-12-08-at-15.12.09-1024x768.jpeg 1024w, https:\/\/www.alagoinhas.ba.gov.br\/wp-content\/uploads\/2022\/12\/WhatsApp-Image-2022-12-08-at-15.12.09-300x225.jpeg 300w, https:\/\/www.alagoinhas.ba.gov.br\/wp-content\/uploads\/2022\/12\/WhatsApp-Image-2022-12-08-at-15.12.09-768x576.jpeg 768w, https:\/\/www.alagoinhas.ba.gov.br\/wp-content\/uploads\/2022\/12\/WhatsApp-Image-2022-12-08-at-15.12.09-112x84.jpeg 112w, https:\/\/www.alagoinhas.ba.gov.br\/wp-content\/uploads\/2022\/12\/WhatsApp-Image-2022-12-08-at-15.12.09.jpeg 1600w\" alt=\"\" width=\"800\" height=\"600\" \/><\/a><\/p>\n<p>A Prefeitura de Alagoinhas recebeu, nesta quarta-feira (07), uma nova ambul\u00e2ncia para o Servi\u00e7o de Atendimento M\u00f3vel de Urg\u00eancia \u2013 SAMU 192.<br \/>\nA entrega do ve\u00edculo foi realizada no Minist\u00e9rio da Economia, em Salvador, e contou com as presen\u00e7as do prefeito Joaquim Neto, da primeira-dama e deputada eleita Ludmilla Fiscina e da diretora da Superintend\u00eancia do Minist\u00e9rio da Sa\u00fade da Bahia, Ana Rebou\u00e7as.<br \/>\n<a class=\"group1 cboxElement\" href=\"https:\/\/www.alagoinhas.ba.gov.br\/wp-content\/uploads\/2022\/12\/WhatsApp-Image-2022-12-08-at-15.12.12.jpeg\"><img loading=\"lazy\" decoding=\"async\" class=\"aligncenter size-large wp-image-62288\" src=\"https:\/\/www.alagoinhas.ba.gov.br\/wp-content\/uploads\/2022\/12\/WhatsApp-Image-2022-12-08-at-15.12.12-1024x768.jpeg\" sizes=\"auto, (max-width: 800px) 100vw, 800px\" srcset=\"https:\/\/www.alagoinhas.ba.gov.br\/wp-content\/uploads\/2022\/12\/WhatsApp-Image-2022-12-08-at-15.12.12-1024x768.jpeg 1024w, https:\/\/www.alagoinhas.ba.gov.br\/wp-content\/uploads\/2022\/12\/WhatsApp-Image-2022-12-08-at-15.12.12-300x225.jpeg 300w, https:\/\/www.alagoinhas.ba.gov.br\/wp-content\/uploads\/2022\/12\/WhatsApp-Image-2022-12-08-at-15.12.12-768x576.jpeg 768w, https:\/\/www.alagoinhas.ba.gov.br\/wp-content\/uploads\/2022\/12\/WhatsApp-Image-2022-12-08-at-15.12.12-112x84.jpeg 112w, https:\/\/www.alagoinhas.ba.gov.br\/wp-content\/uploads\/2022\/12\/WhatsApp-Image-2022-12-08-at-15.12.12.jpeg 1600w\" alt=\"\" width=\"800\" height=\"600\" \/><\/a><br \/>\nA entrega da nova viatura vem com o intuito de refor\u00e7ar a assist\u00eancia \u00e0 sa\u00fade no munic\u00edpio e na regi\u00e3o. \u201cEssa \u00e9 mais uma boa not\u00edcia e mais um equipamento de sa\u00fade para a cidade. Essa nova ambul\u00e2ncia, totalmente equipada e nova, vai melhorar ainda mais a sa\u00fade, ajudando no t\u00e3o necess\u00e1rio transporte de pacientes\u201d, comemorou o prefeito.<br \/>\n<a class=\"group1 cboxElement\" href=\"https:\/\/www.alagoinhas.ba.gov.br\/wp-content\/uploads\/2022\/12\/WhatsApp-Image-2022-12-08-at-15.12.14.jpeg\"><img loading=\"lazy\" decoding=\"async\" class=\"aligncenter size-large wp-image-62287\" src=\"https:\/\/www.alagoinhas.ba.gov.br\/wp-content\/uploads\/2022\/12\/WhatsApp-Image-2022-12-08-at-15.12.14-1024x768.jpeg\" sizes=\"auto, (max-width: 800px) 100vw, 800px\" srcset=\"https:\/\/www.alagoinhas.ba.gov.br\/wp-content\/uploads\/2022\/12\/WhatsApp-Image-2022-12-08-at-15.12.14-1024x768.jpeg 1024w, https:\/\/www.alagoinhas.ba.gov.br\/wp-content\/uploads\/2022\/12\/WhatsApp-Image-2022-12-08-at-15.12.14-300x225.jpeg 300w, https:\/\/www.alagoinhas.ba.gov.br\/wp-content\/uploads\/2022\/12\/WhatsApp-Image-2022-12-08-at-15.12.14-768x576.jpeg 768w, https:\/\/www.alagoinhas.ba.gov.br\/wp-content\/uploads\/2022\/12\/WhatsApp-Image-2022-12-08-at-15.12.14-112x84.jpeg 112w, https:\/\/www.alagoinhas.ba.gov.br\/wp-content\/uploads\/2022\/12\/WhatsApp-Image-2022-12-08-at-15.12.14.jpeg 1600w\" alt=\"\" width=\"800\" height=\"600\" \/><\/a><br \/>\nO novo ve\u00edculo do SAMU \u00e9 do tipo Suporte B\u00e1sico de Vida (SBV) e \u00e9 utilizado no atendimento inicial das v\u00edtimas. A ambul\u00e2ncia \u00e9 equipada com tala de imobiliza\u00e7\u00e3o, colar cervical, prancha longa, bandagens, ataduras, gazes, entre outros acess\u00f3rios.<\/p>\n<div align=\"right\"><\/div>\n<div class='share-to-whatsapp-wrapper'><div class='share-on-whsp'>Share on: <\/div><a data-text='Alagoinhas recebe nova ambul\u00e2ncia do SAMU' data-link='https:\/\/newsinfoco.com.br\/inicio\/alagoinhas-recebe-nova-ambulancia-do-samu\/' class='whatsapp-button whatsapp-share'>WhatsApp<\/a><div class='clear '><\/div><\/div>","protected":false},"excerpt":{"rendered":"<p>A Prefeitura de Alagoinhas recebeu, nesta quarta-feira (07), uma nova ambul\u00e2ncia para o Servi\u00e7o de Atendimento M\u00f3vel de Urg\u00eancia \u2013 SAMU 192. A entrega do ve\u00edculo foi realizada no Minist\u00e9rio da Economia, em Salvador, e contou com as presen\u00e7as do prefeito Joaquim Neto, da primeira-dama e deputada eleita Ludmilla Fiscina e da diretora da Superintend\u00eancia [&hellip;]<\/p>\n","protected":false},"author":1,"featured_media":32113,"comment_status":"closed","ping_status":"closed","sticky":false,"template":"","format":"standard","meta":{"om_disable_all_campaigns":false,"rop_custom_images_group":[],"rop_custom_messages_group":[],"rop_publish_now":"initial","rop_publish_now_accounts":[],"rop_publish_now_history":[],"rop_publish_now_status":"pending","_exactmetrics_skip_tracking":false,"footnotes":""},"categories":[38,167],"tags":[],"class_list":["post-32112","post","type-post","status-publish","format-standard","has-post-thumbnail","hentry","category-alagoinhas-e-regiao","category-exclusivas"],"aioseo_notices":[],"aioseo_head":"\n\t\t<!-- All in One SEO 4.9.10 - aioseo.com -->\n\t<meta name=\"description\" content=\"A Prefeitura de Alagoinhas recebeu, nesta quarta-feira (07), uma nova ambul\u00e2ncia para o Servi\u00e7o de Atendimento M\u00f3vel de Urg\u00eancia \u2013 SAMU 192. A entrega do ve\u00edculo foi realizada no Minist\u00e9rio da Economia, em Salvador, e contou com as presen\u00e7as do prefeito Joaquim Neto, da primeira-dama e deputada eleita Ludmilla Fiscina e da diretora da Superintend\u00eancia\" \/>\n\t<meta name=\"robots\" content=\"max-image-preview:large\" \/>\n\t<meta name=\"author\" content=\"administrador\"\/>\n\t<link rel=\"canonical\" href=\"https:\/\/newsinfoco.com.br\/inicio\/alagoinhas-recebe-nova-ambulancia-do-samu\/\" \/>\n\t<meta name=\"generator\" content=\"All in One SEO (AIOSEO) 4.9.10\" \/>\n\t\t<meta property=\"og:locale\" content=\"pt_BR\" \/>\n\t\t<meta property=\"og:site_name\" content=\"News In Foco - Editado por Caio Pimenta - O principal site de noticias de Alagoinhas e regi\u00e3o\" \/>\n\t\t<meta property=\"og:type\" content=\"article\" \/>\n\t\t<meta property=\"og:title\" content=\"Alagoinhas recebe nova ambul\u00e2ncia do SAMU - News In Foco - Editado por Caio Pimenta\" \/>\n\t\t<meta property=\"og:description\" content=\"A Prefeitura de Alagoinhas recebeu, nesta quarta-feira (07), uma nova ambul\u00e2ncia para o Servi\u00e7o de Atendimento M\u00f3vel de Urg\u00eancia \u2013 SAMU 192. A entrega do ve\u00edculo foi realizada no Minist\u00e9rio da Economia, em Salvador, e contou com as presen\u00e7as do prefeito Joaquim Neto, da primeira-dama e deputada eleita Ludmilla Fiscina e da diretora da Superintend\u00eancia\" \/>\n\t\t<meta property=\"og:url\" content=\"https:\/\/newsinfoco.com.br\/inicio\/alagoinhas-recebe-nova-ambulancia-do-samu\/\" \/>\n\t\t<meta property=\"article:published_time\" content=\"2022-12-08T22:19:28+00:00\" \/>\n\t\t<meta property=\"article:modified_time\" content=\"2022-12-08T22:19:28+00:00\" \/>\n\t\t<meta name=\"twitter:card\" content=\"summary_large_image\" \/>\n\t\t<meta name=\"twitter:title\" content=\"Alagoinhas recebe nova ambul\u00e2ncia do SAMU - News In Foco - Editado por Caio Pimenta\" \/>\n\t\t<meta name=\"twitter:description\" content=\"A Prefeitura de Alagoinhas recebeu, nesta quarta-feira (07), uma nova ambul\u00e2ncia para o Servi\u00e7o de Atendimento M\u00f3vel de Urg\u00eancia \u2013 SAMU 192. A entrega do ve\u00edculo foi realizada no Minist\u00e9rio da Economia, em Salvador, e contou com as presen\u00e7as do prefeito Joaquim Neto, da primeira-dama e deputada eleita Ludmilla Fiscina e da diretora da Superintend\u00eancia\" \/>\n\t\t<script type=\"application\/ld+json\" class=\"aioseo-schema\">\n\t\t\t{\"@context\":\"https:\\\/\\\/schema.org\",\"@graph\":[{\"@type\":\"BlogPosting\",\"@id\":\"https:\\\/\\\/newsinfoco.com.br\\\/inicio\\\/alagoinhas-recebe-nova-ambulancia-do-samu\\\/#blogposting\",\"name\":\"Alagoinhas recebe nova ambul\\u00e2ncia do SAMU - News In Foco - Editado por Caio Pimenta\",\"headline\":\"Alagoinhas recebe nova ambul\\u00e2ncia do SAMU\",\"author\":{\"@id\":\"https:\\\/\\\/newsinfoco.com.br\\\/inicio\\\/author\\\/administrador\\\/#author\"},\"publisher\":{\"@id\":\"https:\\\/\\\/newsinfoco.com.br\\\/inicio\\\/#organization\"},\"image\":{\"@type\":\"ImageObject\",\"url\":\"https:\\\/\\\/newsinfoco.com.br\\\/inicio\\\/wp-content\\\/uploads\\\/2022\\\/12\\\/WhatsApp-Image-2022-12-08-at-15.12.14-550x368-1.jpeg\",\"width\":550,\"height\":368},\"datePublished\":\"2022-12-08T19:19:28-03:00\",\"dateModified\":\"2022-12-08T19:19:28-03:00\",\"inLanguage\":\"pt-BR\",\"mainEntityOfPage\":{\"@id\":\"https:\\\/\\\/newsinfoco.com.br\\\/inicio\\\/alagoinhas-recebe-nova-ambulancia-do-samu\\\/#webpage\"},\"isPartOf\":{\"@id\":\"https:\\\/\\\/newsinfoco.com.br\\\/inicio\\\/alagoinhas-recebe-nova-ambulancia-do-samu\\\/#webpage\"},\"articleSection\":\"Alagoinhas e Regi\\u00e3o, Manchete\"},{\"@type\":\"BreadcrumbList\",\"@id\":\"https:\\\/\\\/newsinfoco.com.br\\\/inicio\\\/alagoinhas-recebe-nova-ambulancia-do-samu\\\/#breadcrumblist\",\"itemListElement\":[{\"@type\":\"ListItem\",\"@id\":\"https:\\\/\\\/newsinfoco.com.br\\\/inicio#listItem\",\"position\":1,\"name\":\"In\\u00edcio\",\"item\":\"https:\\\/\\\/newsinfoco.com.br\\\/inicio\",\"nextItem\":{\"@type\":\"ListItem\",\"@id\":\"https:\\\/\\\/newsinfoco.com.br\\\/inicio\\\/category\\\/alagoinhas-e-regiao\\\/#listItem\",\"name\":\"Alagoinhas e Regi\\u00e3o\"}},{\"@type\":\"ListItem\",\"@id\":\"https:\\\/\\\/newsinfoco.com.br\\\/inicio\\\/category\\\/alagoinhas-e-regiao\\\/#listItem\",\"position\":2,\"name\":\"Alagoinhas e Regi\\u00e3o\",\"item\":\"https:\\\/\\\/newsinfoco.com.br\\\/inicio\\\/category\\\/alagoinhas-e-regiao\\\/\",\"nextItem\":{\"@type\":\"ListItem\",\"@id\":\"https:\\\/\\\/newsinfoco.com.br\\\/inicio\\\/alagoinhas-recebe-nova-ambulancia-do-samu\\\/#listItem\",\"name\":\"Alagoinhas recebe nova ambul\\u00e2ncia do SAMU\"},\"previousItem\":{\"@type\":\"ListItem\",\"@id\":\"https:\\\/\\\/newsinfoco.com.br\\\/inicio#listItem\",\"name\":\"In\\u00edcio\"}},{\"@type\":\"ListItem\",\"@id\":\"https:\\\/\\\/newsinfoco.com.br\\\/inicio\\\/alagoinhas-recebe-nova-ambulancia-do-samu\\\/#listItem\",\"position\":3,\"name\":\"Alagoinhas recebe nova ambul\\u00e2ncia do SAMU\",\"previousItem\":{\"@type\":\"ListItem\",\"@id\":\"https:\\\/\\\/newsinfoco.com.br\\\/inicio\\\/category\\\/alagoinhas-e-regiao\\\/#listItem\",\"name\":\"Alagoinhas e Regi\\u00e3o\"}}]},{\"@type\":\"Organization\",\"@id\":\"https:\\\/\\\/newsinfoco.com.br\\\/inicio\\\/#organization\",\"name\":\"News In Foco - Editado por Caio Pimenta\",\"description\":\"O principal site de noticias de Alagoinhas e regi\\u00e3o\",\"url\":\"https:\\\/\\\/newsinfoco.com.br\\\/inicio\\\/\"},{\"@type\":\"Person\",\"@id\":\"https:\\\/\\\/newsinfoco.com.br\\\/inicio\\\/author\\\/administrador\\\/#author\",\"url\":\"https:\\\/\\\/newsinfoco.com.br\\\/inicio\\\/author\\\/administrador\\\/\",\"name\":\"administrador\",\"image\":{\"@type\":\"ImageObject\",\"@id\":\"https:\\\/\\\/newsinfoco.com.br\\\/inicio\\\/alagoinhas-recebe-nova-ambulancia-do-samu\\\/#authorImage\",\"url\":\"https:\\\/\\\/secure.gravatar.com\\\/avatar\\\/c17a617433de8c1dc9584bb79aab7563b46f5bb7e1728c9b17d9cc3ce6a08e49?s=96&d=mm&r=g\",\"width\":96,\"height\":96,\"caption\":\"administrador\"}},{\"@type\":\"WebPage\",\"@id\":\"https:\\\/\\\/newsinfoco.com.br\\\/inicio\\\/alagoinhas-recebe-nova-ambulancia-do-samu\\\/#webpage\",\"url\":\"https:\\\/\\\/newsinfoco.com.br\\\/inicio\\\/alagoinhas-recebe-nova-ambulancia-do-samu\\\/\",\"name\":\"Alagoinhas recebe nova ambul\\u00e2ncia do SAMU - News In Foco - Editado por Caio Pimenta\",\"description\":\"A Prefeitura de Alagoinhas recebeu, nesta quarta-feira (07), uma nova ambul\\u00e2ncia para o Servi\\u00e7o de Atendimento M\\u00f3vel de Urg\\u00eancia \\u2013 SAMU 192. A entrega do ve\\u00edculo foi realizada no Minist\\u00e9rio da Economia, em Salvador, e contou com as presen\\u00e7as do prefeito Joaquim Neto, da primeira-dama e deputada eleita Ludmilla Fiscina e da diretora da Superintend\\u00eancia\",\"inLanguage\":\"pt-BR\",\"isPartOf\":{\"@id\":\"https:\\\/\\\/newsinfoco.com.br\\\/inicio\\\/#website\"},\"breadcrumb\":{\"@id\":\"https:\\\/\\\/newsinfoco.com.br\\\/inicio\\\/alagoinhas-recebe-nova-ambulancia-do-samu\\\/#breadcrumblist\"},\"author\":{\"@id\":\"https:\\\/\\\/newsinfoco.com.br\\\/inicio\\\/author\\\/administrador\\\/#author\"},\"creator\":{\"@id\":\"https:\\\/\\\/newsinfoco.com.br\\\/inicio\\\/author\\\/administrador\\\/#author\"},\"image\":{\"@type\":\"ImageObject\",\"url\":\"https:\\\/\\\/newsinfoco.com.br\\\/inicio\\\/wp-content\\\/uploads\\\/2022\\\/12\\\/WhatsApp-Image-2022-12-08-at-15.12.14-550x368-1.jpeg\",\"@id\":\"https:\\\/\\\/newsinfoco.com.br\\\/inicio\\\/alagoinhas-recebe-nova-ambulancia-do-samu\\\/#mainImage\",\"width\":550,\"height\":368},\"primaryImageOfPage\":{\"@id\":\"https:\\\/\\\/newsinfoco.com.br\\\/inicio\\\/alagoinhas-recebe-nova-ambulancia-do-samu\\\/#mainImage\"},\"datePublished\":\"2022-12-08T19:19:28-03:00\",\"dateModified\":\"2022-12-08T19:19:28-03:00\"},{\"@type\":\"WebSite\",\"@id\":\"https:\\\/\\\/newsinfoco.com.br\\\/inicio\\\/#website\",\"url\":\"https:\\\/\\\/newsinfoco.com.br\\\/inicio\\\/\",\"name\":\"News In Foco - Editado por Caio Pimenta\",\"description\":\"O principal site de noticias de Alagoinhas e regi\\u00e3o\",\"inLanguage\":\"pt-BR\",\"publisher\":{\"@id\":\"https:\\\/\\\/newsinfoco.com.br\\\/inicio\\\/#organization\"}}]}\n\t\t<\/script>\n\t\t<!-- All in One SEO -->\n\n","aioseo_head_json":{"title":"Alagoinhas recebe nova ambul\u00e2ncia do SAMU - News In Foco - Editado por Caio Pimenta","description":"A Prefeitura de Alagoinhas recebeu, nesta quarta-feira (07), uma nova ambul\u00e2ncia para o Servi\u00e7o de Atendimento M\u00f3vel de Urg\u00eancia \u2013 SAMU 192. A entrega do ve\u00edculo foi realizada no Minist\u00e9rio da Economia, em Salvador, e contou com as presen\u00e7as do prefeito Joaquim Neto, da primeira-dama e deputada eleita Ludmilla Fiscina e da diretora da Superintend\u00eancia","canonical_url":"https:\/\/newsinfoco.com.br\/inicio\/alagoinhas-recebe-nova-ambulancia-do-samu\/","robots":"max-image-preview:large","keywords":"","webmasterTools":{"miscellaneous":""},"schema":{"@context":"https:\/\/schema.org","@graph":[{"@type":"BlogPosting","@id":"https:\/\/newsinfoco.com.br\/inicio\/alagoinhas-recebe-nova-ambulancia-do-samu\/#blogposting","name":"Alagoinhas recebe nova ambul\u00e2ncia do SAMU - News In Foco - Editado por Caio Pimenta","headline":"Alagoinhas recebe nova ambul\u00e2ncia do SAMU","author":{"@id":"https:\/\/newsinfoco.com.br\/inicio\/author\/administrador\/#author"},"publisher":{"@id":"https:\/\/newsinfoco.com.br\/inicio\/#organization"},"image":{"@type":"ImageObject","url":"https:\/\/newsinfoco.com.br\/inicio\/wp-content\/uploads\/2022\/12\/WhatsApp-Image-2022-12-08-at-15.12.14-550x368-1.jpeg","width":550,"height":368},"datePublished":"2022-12-08T19:19:28-03:00","dateModified":"2022-12-08T19:19:28-03:00","inLanguage":"pt-BR","mainEntityOfPage":{"@id":"https:\/\/newsinfoco.com.br\/inicio\/alagoinhas-recebe-nova-ambulancia-do-samu\/#webpage"},"isPartOf":{"@id":"https:\/\/newsinfoco.com.br\/inicio\/alagoinhas-recebe-nova-ambulancia-do-samu\/#webpage"},"articleSection":"Alagoinhas e Regi\u00e3o, Manchete"},{"@type":"BreadcrumbList","@id":"https:\/\/newsinfoco.com.br\/inicio\/alagoinhas-recebe-nova-ambulancia-do-samu\/#breadcrumblist","itemListElement":[{"@type":"ListItem","@id":"https:\/\/newsinfoco.com.br\/inicio#listItem","position":1,"name":"In\u00edcio","item":"https:\/\/newsinfoco.com.br\/inicio","nextItem":{"@type":"ListItem","@id":"https:\/\/newsinfoco.com.br\/inicio\/category\/alagoinhas-e-regiao\/#listItem","name":"Alagoinhas e Regi\u00e3o"}},{"@type":"ListItem","@id":"https:\/\/newsinfoco.com.br\/inicio\/category\/alagoinhas-e-regiao\/#listItem","position":2,"name":"Alagoinhas e Regi\u00e3o","item":"https:\/\/newsinfoco.com.br\/inicio\/category\/alagoinhas-e-regiao\/","nextItem":{"@type":"ListItem","@id":"https:\/\/newsinfoco.com.br\/inicio\/alagoinhas-recebe-nova-ambulancia-do-samu\/#listItem","name":"Alagoinhas recebe nova ambul\u00e2ncia do SAMU"},"previousItem":{"@type":"ListItem","@id":"https:\/\/newsinfoco.com.br\/inicio#listItem","name":"In\u00edcio"}},{"@type":"ListItem","@id":"https:\/\/newsinfoco.com.br\/inicio\/alagoinhas-recebe-nova-ambulancia-do-samu\/#listItem","position":3,"name":"Alagoinhas recebe nova ambul\u00e2ncia do SAMU","previousItem":{"@type":"ListItem","@id":"https:\/\/newsinfoco.com.br\/inicio\/category\/alagoinhas-e-regiao\/#listItem","name":"Alagoinhas e Regi\u00e3o"}}]},{"@type":"Organization","@id":"https:\/\/newsinfoco.com.br\/inicio\/#organization","name":"News In Foco - Editado por Caio Pimenta","description":"O principal site de noticias de Alagoinhas e regi\u00e3o","url":"https:\/\/newsinfoco.com.br\/inicio\/"},{"@type":"Person","@id":"https:\/\/newsinfoco.com.br\/inicio\/author\/administrador\/#author","url":"https:\/\/newsinfoco.com.br\/inicio\/author\/administrador\/","name":"administrador","image":{"@type":"ImageObject","@id":"https:\/\/newsinfoco.com.br\/inicio\/alagoinhas-recebe-nova-ambulancia-do-samu\/#authorImage","url":"https:\/\/secure.gravatar.com\/avatar\/c17a617433de8c1dc9584bb79aab7563b46f5bb7e1728c9b17d9cc3ce6a08e49?s=96&d=mm&r=g","width":96,"height":96,"caption":"administrador"}},{"@type":"WebPage","@id":"https:\/\/newsinfoco.com.br\/inicio\/alagoinhas-recebe-nova-ambulancia-do-samu\/#webpage","url":"https:\/\/newsinfoco.com.br\/inicio\/alagoinhas-recebe-nova-ambulancia-do-samu\/","name":"Alagoinhas recebe nova ambul\u00e2ncia do SAMU - News In Foco - Editado por Caio Pimenta","description":"A Prefeitura de Alagoinhas recebeu, nesta quarta-feira (07), uma nova ambul\u00e2ncia para o Servi\u00e7o de Atendimento M\u00f3vel de Urg\u00eancia \u2013 SAMU 192. A entrega do ve\u00edculo foi realizada no Minist\u00e9rio da Economia, em Salvador, e contou com as presen\u00e7as do prefeito Joaquim Neto, da primeira-dama e deputada eleita Ludmilla Fiscina e da diretora da Superintend\u00eancia","inLanguage":"pt-BR","isPartOf":{"@id":"https:\/\/newsinfoco.com.br\/inicio\/#website"},"breadcrumb":{"@id":"https:\/\/newsinfoco.com.br\/inicio\/alagoinhas-recebe-nova-ambulancia-do-samu\/#breadcrumblist"},"author":{"@id":"https:\/\/newsinfoco.com.br\/inicio\/author\/administrador\/#author"},"creator":{"@id":"https:\/\/newsinfoco.com.br\/inicio\/author\/administrador\/#author"},"image":{"@type":"ImageObject","url":"https:\/\/newsinfoco.com.br\/inicio\/wp-content\/uploads\/2022\/12\/WhatsApp-Image-2022-12-08-at-15.12.14-550x368-1.jpeg","@id":"https:\/\/newsinfoco.com.br\/inicio\/alagoinhas-recebe-nova-ambulancia-do-samu\/#mainImage","width":550,"height":368},"primaryImageOfPage":{"@id":"https:\/\/newsinfoco.com.br\/inicio\/alagoinhas-recebe-nova-ambulancia-do-samu\/#mainImage"},"datePublished":"2022-12-08T19:19:28-03:00","dateModified":"2022-12-08T19:19:28-03:00"},{"@type":"WebSite","@id":"https:\/\/newsinfoco.com.br\/inicio\/#website","url":"https:\/\/newsinfoco.com.br\/inicio\/","name":"News In Foco - Editado por Caio Pimenta","description":"O principal site de noticias de Alagoinhas e regi\u00e3o","inLanguage":"pt-BR","publisher":{"@id":"https:\/\/newsinfoco.com.br\/inicio\/#organization"}}]},"og:locale":"pt_BR","og:site_name":"News In Foco - Editado por Caio Pimenta - O principal site de noticias de Alagoinhas e regi\u00e3o","og:type":"article","og:title":"Alagoinhas recebe nova ambul\u00e2ncia do SAMU - News In Foco - Editado por Caio Pimenta","og:description":"A Prefeitura de Alagoinhas recebeu, nesta quarta-feira (07), uma nova ambul\u00e2ncia para o Servi\u00e7o de Atendimento M\u00f3vel de Urg\u00eancia \u2013 SAMU 192. A entrega do ve\u00edculo foi realizada no Minist\u00e9rio da Economia, em Salvador, e contou com as presen\u00e7as do prefeito Joaquim Neto, da primeira-dama e deputada eleita Ludmilla Fiscina e da diretora da Superintend\u00eancia","og:url":"https:\/\/newsinfoco.com.br\/inicio\/alagoinhas-recebe-nova-ambulancia-do-samu\/","article:published_time":"2022-12-08T22:19:28+00:00","article:modified_time":"2022-12-08T22:19:28+00:00","twitter:card":"summary_large_image","twitter:title":"Alagoinhas recebe nova ambul\u00e2ncia do SAMU - News In Foco - Editado por Caio Pimenta","twitter:description":"A Prefeitura de Alagoinhas recebeu, nesta quarta-feira (07), uma nova ambul\u00e2ncia para o Servi\u00e7o de Atendimento M\u00f3vel de Urg\u00eancia \u2013 SAMU 192. A entrega do ve\u00edculo foi realizada no Minist\u00e9rio da Economia, em Salvador, e contou com as presen\u00e7as do prefeito Joaquim Neto, da primeira-dama e deputada eleita Ludmilla Fiscina e da diretora da Superintend\u00eancia"},"aioseo_meta_data":{"post_id":"32112","title":null,"description":null,"keywords":null,"keyphrases":null,"primary_term":null,"canonical_url":null,"og_title":null,"og_description":null,"og_object_type":"default","og_image_type":"default","og_image_url":null,"og_image_width":null,"og_image_height":null,"og_image_custom_url":null,"og_image_custom_fields":null,"og_video":null,"og_custom_url":null,"og_article_section":null,"og_article_tags":null,"twitter_use_og":false,"twitter_card":"default","twitter_image_type":"default","twitter_image_url":null,"twitter_image_custom_url":null,"twitter_image_custom_fields":null,"twitter_title":null,"twitter_description":null,"schema":{"blockGraphs":[],"customGraphs":[],"default":{"data":{"Article":[],"Course":[],"Dataset":[],"FAQPage":[],"Movie":[],"Person":[],"Product":[],"ProductReview":[],"Car":[],"Recipe":[],"Service":[],"SoftwareApplication":[],"WebPage":[]},"graphName":"","isEnabled":true},"graphs":[]},"schema_type":"default","schema_type_options":null,"pillar_content":false,"robots_default":true,"robots_noindex":false,"robots_noarchive":false,"robots_nosnippet":false,"robots_nofollow":false,"robots_noimageindex":false,"robots_noodp":false,"robots_notranslate":false,"robots_max_snippet":null,"robots_max_videopreview":null,"robots_max_imagepreview":"large","priority":null,"frequency":null,"local_seo":null,"breadcrumb_settings":null,"limit_modified_date":false,"ai":null,"created":"2023-06-12 22:27:44","updated":"2025-07-11 08:42:55","seo_analyzer_scan_date":null},"aioseo_breadcrumb":"<div class=\"aioseo-breadcrumbs\"><span class=\"aioseo-breadcrumb\">\n\t\t\t<a href=\"https:\/\/newsinfoco.com.br\/inicio\" title=\"In\u00edcio\">In\u00edcio<\/a>\n\t\t<\/span><span class=\"aioseo-breadcrumb-separator\">&raquo;<\/span><span class=\"aioseo-breadcrumb\">\n\t\t\t<a href=\"https:\/\/newsinfoco.com.br\/inicio\/category\/alagoinhas-e-regiao\/\" title=\"Alagoinhas e Regi\u00e3o\">Alagoinhas e Regi\u00e3o<\/a>\n\t\t<\/span><span class=\"aioseo-breadcrumb-separator\">&raquo;<\/span><span class=\"aioseo-breadcrumb\">\n\t\t\tAlagoinhas recebe nova ambul\u00e2ncia do SAMU\n\t\t<\/span><\/div>","aioseo_breadcrumb_json":[{"label":"In\u00edcio","link":"https:\/\/newsinfoco.com.br\/inicio"},{"label":"Alagoinhas e Regi\u00e3o","link":"https:\/\/newsinfoco.com.br\/inicio\/category\/alagoinhas-e-regiao\/"},{"label":"Alagoinhas recebe nova ambul\u00e2ncia do SAMU","link":"https:\/\/newsinfoco.com.br\/inicio\/alagoinhas-recebe-nova-ambulancia-do-samu\/"}],"_links":{"self":[{"href":"https:\/\/newsinfoco.com.br\/inicio\/wp-json\/wp\/v2\/posts\/32112","targetHints":{"allow":["GET"]}}],"collection":[{"href":"https:\/\/newsinfoco.com.br\/inicio\/wp-json\/wp\/v2\/posts"}],"about":[{"href":"https:\/\/newsinfoco.com.br\/inicio\/wp-json\/wp\/v2\/types\/post"}],"author":[{"embeddable":true,"href":"https:\/\/newsinfoco.com.br\/inicio\/wp-json\/wp\/v2\/users\/1"}],"replies":[{"embeddable":true,"href":"https:\/\/newsinfoco.com.br\/inicio\/wp-json\/wp\/v2\/comments?post=32112"}],"version-history":[{"count":1,"href":"https:\/\/newsinfoco.com.br\/inicio\/wp-json\/wp\/v2\/posts\/32112\/revisions"}],"predecessor-version":[{"id":32114,"href":"https:\/\/newsinfoco.com.br\/inicio\/wp-json\/wp\/v2\/posts\/32112\/revisions\/32114"}],"wp:featuredmedia":[{"embeddable":true,"href":"https:\/\/newsinfoco.com.br\/inicio\/wp-json\/wp\/v2\/media\/32113"}],"wp:attachment":[{"href":"https:\/\/newsinfoco.com.br\/inicio\/wp-json\/wp\/v2\/media?parent=32112"}],"wp:term":[{"taxonomy":"category","embeddable":true,"href":"https:\/\/newsinfoco.com.br\/inicio\/wp-json\/wp\/v2\/categories?post=32112"},{"taxonomy":"post_tag","embeddable":true,"href":"https:\/\/newsinfoco.com.br\/inicio\/wp-json\/wp\/v2\/tags?post=32112"}],"curies":[{"name":"wp","href":"https:\/\/api.w.org\/{rel}","templated":true}]}}