{"id":32125,"date":"2022-12-11T10:19:27","date_gmt":"2022-12-11T13:19:27","guid":{"rendered":"https:\/\/newsinfoco.com.br\/inicio\/?p=32125"},"modified":"2022-12-11T10:19:27","modified_gmt":"2022-12-11T13:19:27","slug":"em-parceria-com-a-prefeitura-acao-pelo-fim-da-violencia-contra-as-mulheres-e-realizada-em-alagoinhas","status":"publish","type":"post","link":"https:\/\/newsinfoco.com.br\/inicio\/em-parceria-com-a-prefeitura-acao-pelo-fim-da-violencia-contra-as-mulheres-e-realizada-em-alagoinhas\/","title":{"rendered":"Em parceria com a Prefeitura, a\u00e7\u00e3o pelo fim da viol\u00eancia contra as mulheres \u00e9 realizada em Alagoinhas"},"content":{"rendered":"<p>O fim da viol\u00eancia contra as mulheres e o engajamento dos homens na luta pela igualdade de g\u00eanero, esse foi o objetivo da a\u00e7\u00e3o realizada na tarde da ultima quarta-feira (07), no Espa\u00e7o Colaborar. O evento foi organizado pela vereadora Jucy Cardoso, em parceria com a Secretaria Municipal de Sa\u00fade (SESAU), a Comiss\u00e3o de Direito das Mulheres da C\u00e2mara de Vereadores e o Conselho Municipal de Defesa dos Direitos das Mulheres.<\/p>\n<p>Jucy Cardoso, vereadora e presidente da Comiss\u00e3o de Direito das Mulheres da C\u00e2mara de Vereadores, defende que o a\u00e7\u00f5es de mobiliza\u00e7\u00e3o \u00e9 fundamental para os homens refletirem e se somarem na luta das mulheres. \u201cN\u00e3o tem como a gente avan\u00e7ar no debate, no combate \u00e0 viol\u00eancia contra as mulheres sem ampliar o di\u00e1logo e o debate com os homens. Afinal de contas, os homens que s\u00e3o agressores. Ent\u00e3o eles precisam ser chamados para contribuir na luta de outra forma, em outra perspectiva\u201d, explicou a edil.<\/p>\n<p><a class=\"group1 cboxElement\" href=\"https:\/\/www.alagoinhas.ba.gov.br\/wp-content\/uploads\/2022\/12\/3766AEE1-DBA1-4998-AC21-693467126873.jpeg\"><img loading=\"lazy\" decoding=\"async\" class=\"aligncenter size-large wp-image-62316\" src=\"https:\/\/www.alagoinhas.ba.gov.br\/wp-content\/uploads\/2022\/12\/3766AEE1-DBA1-4998-AC21-693467126873-1024x768.jpeg\" sizes=\"auto, (max-width: 800px) 100vw, 800px\" srcset=\"https:\/\/www.alagoinhas.ba.gov.br\/wp-content\/uploads\/2022\/12\/3766AEE1-DBA1-4998-AC21-693467126873-1024x768.jpeg 1024w, https:\/\/www.alagoinhas.ba.gov.br\/wp-content\/uploads\/2022\/12\/3766AEE1-DBA1-4998-AC21-693467126873-300x225.jpeg 300w, https:\/\/www.alagoinhas.ba.gov.br\/wp-content\/uploads\/2022\/12\/3766AEE1-DBA1-4998-AC21-693467126873-768x576.jpeg 768w, https:\/\/www.alagoinhas.ba.gov.br\/wp-content\/uploads\/2022\/12\/3766AEE1-DBA1-4998-AC21-693467126873-112x84.jpeg 112w, https:\/\/www.alagoinhas.ba.gov.br\/wp-content\/uploads\/2022\/12\/3766AEE1-DBA1-4998-AC21-693467126873.jpeg 1280w\" alt=\"\" width=\"800\" height=\"600\" \/><\/a><br \/>\nA a\u00e7\u00e3o contou com a presen\u00e7a de homens de Nando Z\u00e2mbia, artista e entusiasta da cultura, e Tiago Azeveche, empres\u00e1rio, como palestrantes. \u201cTem muita formula\u00e7\u00e3o falando sobre feminismo, sobre n\u00e3o viol\u00eancia, sobre defesa da mulher, mas tem pouca formula\u00e7\u00e3o e poucos encontros falando sobre masculinidade. O homem est\u00e1 no banco dos r\u00e9us e a gente n\u00e3o quer que o homem esteja no banco dos r\u00e9us. Ent\u00e3o primeiro a gente quer que os homens sentem para discutir, refletir e fazer suas a\u00e7\u00f5es. Essa \u00e9 uma oportunidade de discutir o homens pelo fim da viol\u00eancia e dizer que a gente pode antecipar as discuss\u00f5es e problem\u00e1ticas sociais\u201d, explicam.<br \/>\nA data, que integra o calend\u00e1rio da campanha dos 21 dias de ativismo pelo fim da viol\u00eancia contra as mulheres, uma iniciativa que envolve mais de 50 pa\u00edses de todos os continentes. Considerado como um dos maiores movimentos mundiais em defesa da mulher, a data tamb\u00e9m \u00e9 para refletir o papel dos homens e como eles podem ajudar nesse processo de transforma\u00e7\u00e3o diante da triste estat\u00edstica que coloca as mulheres em condi\u00e7\u00f5es vulner\u00e1veis.<\/p>\n<p><a class=\"group1 cboxElement\" href=\"https:\/\/www.alagoinhas.ba.gov.br\/wp-content\/uploads\/2022\/12\/3BDC38B8-A89F-4265-AC3B-1B73A4A96EAF.jpeg\"><img loading=\"lazy\" decoding=\"async\" class=\"aligncenter size-large wp-image-62317\" src=\"https:\/\/www.alagoinhas.ba.gov.br\/wp-content\/uploads\/2022\/12\/3BDC38B8-A89F-4265-AC3B-1B73A4A96EAF-1024x768.jpeg\" sizes=\"auto, (max-width: 800px) 100vw, 800px\" srcset=\"https:\/\/www.alagoinhas.ba.gov.br\/wp-content\/uploads\/2022\/12\/3BDC38B8-A89F-4265-AC3B-1B73A4A96EAF-1024x768.jpeg 1024w, https:\/\/www.alagoinhas.ba.gov.br\/wp-content\/uploads\/2022\/12\/3BDC38B8-A89F-4265-AC3B-1B73A4A96EAF-300x225.jpeg 300w, https:\/\/www.alagoinhas.ba.gov.br\/wp-content\/uploads\/2022\/12\/3BDC38B8-A89F-4265-AC3B-1B73A4A96EAF-768x576.jpeg 768w, https:\/\/www.alagoinhas.ba.gov.br\/wp-content\/uploads\/2022\/12\/3BDC38B8-A89F-4265-AC3B-1B73A4A96EAF-112x84.jpeg 112w\" alt=\"\" width=\"800\" height=\"600\" \/><\/a><\/p>\n<div align=\"right\">\n<p>&nbsp;<\/p>\n<\/div>\n<div class='share-to-whatsapp-wrapper'><div class='share-on-whsp'>Share on: <\/div><a data-text='Em parceria com a Prefeitura, a\u00e7\u00e3o pelo fim da viol\u00eancia contra as mulheres \u00e9 realizada em Alagoinhas' data-link='https:\/\/newsinfoco.com.br\/inicio\/em-parceria-com-a-prefeitura-acao-pelo-fim-da-violencia-contra-as-mulheres-e-realizada-em-alagoinhas\/' class='whatsapp-button whatsapp-share'>WhatsApp<\/a><div class='clear '><\/div><\/div>","protected":false},"excerpt":{"rendered":"<p>O fim da viol\u00eancia contra as mulheres e o engajamento dos homens na luta pela igualdade de g\u00eanero, esse foi o objetivo da a\u00e7\u00e3o realizada na tarde da ultima quarta-feira (07), no Espa\u00e7o Colaborar. O evento foi organizado pela vereadora Jucy Cardoso, em parceria com a Secretaria Municipal de Sa\u00fade (SESAU), a Comiss\u00e3o de Direito [&hellip;]<\/p>\n","protected":false},"author":1,"featured_media":32126,"comment_status":"closed","ping_status":"closed","sticky":false,"template":"","format":"standard","meta":{"om_disable_all_campaigns":false,"rop_custom_images_group":[],"rop_custom_messages_group":[],"rop_publish_now":"initial","rop_publish_now_accounts":[],"rop_publish_now_history":[],"rop_publish_now_status":"pending","_exactmetrics_skip_tracking":false,"footnotes":""},"categories":[38,167],"tags":[],"class_list":["post-32125","post","type-post","status-publish","format-standard","has-post-thumbnail","hentry","category-alagoinhas-e-regiao","category-exclusivas"],"aioseo_notices":[],"aioseo_head":"\n\t\t<!-- All in One SEO 4.9.10 - aioseo.com -->\n\t<meta name=\"description\" content=\"O fim da viol\u00eancia contra as mulheres e o engajamento dos homens na luta pela igualdade de g\u00eanero, esse foi o objetivo da a\u00e7\u00e3o realizada na tarde da ultima quarta-feira (07), no Espa\u00e7o Colaborar. O evento foi organizado pela vereadora Jucy Cardoso, em parceria com a Secretaria Municipal de Sa\u00fade (SESAU), a Comiss\u00e3o de Direito\" \/>\n\t<meta name=\"robots\" content=\"max-image-preview:large\" \/>\n\t<meta name=\"author\" content=\"administrador\"\/>\n\t<link rel=\"canonical\" href=\"https:\/\/newsinfoco.com.br\/inicio\/em-parceria-com-a-prefeitura-acao-pelo-fim-da-violencia-contra-as-mulheres-e-realizada-em-alagoinhas\/\" \/>\n\t<meta name=\"generator\" content=\"All in One SEO (AIOSEO) 4.9.10\" \/>\n\t\t<meta property=\"og:locale\" content=\"pt_BR\" \/>\n\t\t<meta property=\"og:site_name\" content=\"News In Foco - Editado por Caio Pimenta - O principal site de noticias de Alagoinhas e regi\u00e3o\" \/>\n\t\t<meta property=\"og:type\" content=\"article\" \/>\n\t\t<meta property=\"og:title\" content=\"Em parceria com a Prefeitura, a\u00e7\u00e3o pelo fim da viol\u00eancia contra as mulheres \u00e9 realizada em Alagoinhas - News In Foco - Editado por Caio Pimenta\" \/>\n\t\t<meta property=\"og:description\" content=\"O fim da viol\u00eancia contra as mulheres e o engajamento dos homens na luta pela igualdade de g\u00eanero, esse foi o objetivo da a\u00e7\u00e3o realizada na tarde da ultima quarta-feira (07), no Espa\u00e7o Colaborar. O evento foi organizado pela vereadora Jucy Cardoso, em parceria com a Secretaria Municipal de Sa\u00fade (SESAU), a Comiss\u00e3o de Direito\" \/>\n\t\t<meta property=\"og:url\" content=\"https:\/\/newsinfoco.com.br\/inicio\/em-parceria-com-a-prefeitura-acao-pelo-fim-da-violencia-contra-as-mulheres-e-realizada-em-alagoinhas\/\" \/>\n\t\t<meta property=\"article:published_time\" content=\"2022-12-11T13:19:27+00:00\" \/>\n\t\t<meta property=\"article:modified_time\" content=\"2022-12-11T13:19:27+00:00\" \/>\n\t\t<meta name=\"twitter:card\" content=\"summary_large_image\" \/>\n\t\t<meta name=\"twitter:title\" content=\"Em parceria com a Prefeitura, a\u00e7\u00e3o pelo fim da viol\u00eancia contra as mulheres \u00e9 realizada em Alagoinhas - News In Foco - Editado por Caio Pimenta\" \/>\n\t\t<meta name=\"twitter:description\" content=\"O fim da viol\u00eancia contra as mulheres e o engajamento dos homens na luta pela igualdade de g\u00eanero, esse foi o objetivo da a\u00e7\u00e3o realizada na tarde da ultima quarta-feira (07), no Espa\u00e7o Colaborar. O evento foi organizado pela vereadora Jucy Cardoso, em parceria com a Secretaria Municipal de Sa\u00fade (SESAU), a Comiss\u00e3o de Direito\" \/>\n\t\t<script type=\"application\/ld+json\" class=\"aioseo-schema\">\n\t\t\t{\"@context\":\"https:\\\/\\\/schema.org\",\"@graph\":[{\"@type\":\"BlogPosting\",\"@id\":\"https:\\\/\\\/newsinfoco.com.br\\\/inicio\\\/em-parceria-com-a-prefeitura-acao-pelo-fim-da-violencia-contra-as-mulheres-e-realizada-em-alagoinhas\\\/#blogposting\",\"name\":\"Em parceria com a Prefeitura, a\\u00e7\\u00e3o pelo fim da viol\\u00eancia contra as mulheres \\u00e9 realizada em Alagoinhas - News In Foco - Editado por Caio Pimenta\",\"headline\":\"Em parceria com a Prefeitura, a\\u00e7\\u00e3o pelo fim da viol\\u00eancia contra as mulheres \\u00e9 realizada em Alagoinhas\",\"author\":{\"@id\":\"https:\\\/\\\/newsinfoco.com.br\\\/inicio\\\/author\\\/administrador\\\/#author\"},\"publisher\":{\"@id\":\"https:\\\/\\\/newsinfoco.com.br\\\/inicio\\\/#organization\"},\"image\":{\"@type\":\"ImageObject\",\"url\":\"https:\\\/\\\/newsinfoco.com.br\\\/inicio\\\/wp-content\\\/uploads\\\/2022\\\/12\\\/3BDC38B8-A89F-4265-AC3B-1B73A4A96EAF-550x368-1.jpeg\",\"width\":550,\"height\":368},\"datePublished\":\"2022-12-11T10:19:27-03:00\",\"dateModified\":\"2022-12-11T10:19:27-03:00\",\"inLanguage\":\"pt-BR\",\"mainEntityOfPage\":{\"@id\":\"https:\\\/\\\/newsinfoco.com.br\\\/inicio\\\/em-parceria-com-a-prefeitura-acao-pelo-fim-da-violencia-contra-as-mulheres-e-realizada-em-alagoinhas\\\/#webpage\"},\"isPartOf\":{\"@id\":\"https:\\\/\\\/newsinfoco.com.br\\\/inicio\\\/em-parceria-com-a-prefeitura-acao-pelo-fim-da-violencia-contra-as-mulheres-e-realizada-em-alagoinhas\\\/#webpage\"},\"articleSection\":\"Alagoinhas e Regi\\u00e3o, Manchete\"},{\"@type\":\"BreadcrumbList\",\"@id\":\"https:\\\/\\\/newsinfoco.com.br\\\/inicio\\\/em-parceria-com-a-prefeitura-acao-pelo-fim-da-violencia-contra-as-mulheres-e-realizada-em-alagoinhas\\\/#breadcrumblist\",\"itemListElement\":[{\"@type\":\"ListItem\",\"@id\":\"https:\\\/\\\/newsinfoco.com.br\\\/inicio#listItem\",\"position\":1,\"name\":\"In\\u00edcio\",\"item\":\"https:\\\/\\\/newsinfoco.com.br\\\/inicio\",\"nextItem\":{\"@type\":\"ListItem\",\"@id\":\"https:\\\/\\\/newsinfoco.com.br\\\/inicio\\\/category\\\/alagoinhas-e-regiao\\\/#listItem\",\"name\":\"Alagoinhas e Regi\\u00e3o\"}},{\"@type\":\"ListItem\",\"@id\":\"https:\\\/\\\/newsinfoco.com.br\\\/inicio\\\/category\\\/alagoinhas-e-regiao\\\/#listItem\",\"position\":2,\"name\":\"Alagoinhas e Regi\\u00e3o\",\"item\":\"https:\\\/\\\/newsinfoco.com.br\\\/inicio\\\/category\\\/alagoinhas-e-regiao\\\/\",\"nextItem\":{\"@type\":\"ListItem\",\"@id\":\"https:\\\/\\\/newsinfoco.com.br\\\/inicio\\\/em-parceria-com-a-prefeitura-acao-pelo-fim-da-violencia-contra-as-mulheres-e-realizada-em-alagoinhas\\\/#listItem\",\"name\":\"Em parceria com a Prefeitura, a\\u00e7\\u00e3o pelo fim da viol\\u00eancia contra as mulheres \\u00e9 realizada em Alagoinhas\"},\"previousItem\":{\"@type\":\"ListItem\",\"@id\":\"https:\\\/\\\/newsinfoco.com.br\\\/inicio#listItem\",\"name\":\"In\\u00edcio\"}},{\"@type\":\"ListItem\",\"@id\":\"https:\\\/\\\/newsinfoco.com.br\\\/inicio\\\/em-parceria-com-a-prefeitura-acao-pelo-fim-da-violencia-contra-as-mulheres-e-realizada-em-alagoinhas\\\/#listItem\",\"position\":3,\"name\":\"Em parceria com a Prefeitura, a\\u00e7\\u00e3o pelo fim da viol\\u00eancia contra as mulheres \\u00e9 realizada em Alagoinhas\",\"previousItem\":{\"@type\":\"ListItem\",\"@id\":\"https:\\\/\\\/newsinfoco.com.br\\\/inicio\\\/category\\\/alagoinhas-e-regiao\\\/#listItem\",\"name\":\"Alagoinhas e Regi\\u00e3o\"}}]},{\"@type\":\"Organization\",\"@id\":\"https:\\\/\\\/newsinfoco.com.br\\\/inicio\\\/#organization\",\"name\":\"News In Foco - Editado por Caio Pimenta\",\"description\":\"O principal site de noticias de Alagoinhas e regi\\u00e3o\",\"url\":\"https:\\\/\\\/newsinfoco.com.br\\\/inicio\\\/\"},{\"@type\":\"Person\",\"@id\":\"https:\\\/\\\/newsinfoco.com.br\\\/inicio\\\/author\\\/administrador\\\/#author\",\"url\":\"https:\\\/\\\/newsinfoco.com.br\\\/inicio\\\/author\\\/administrador\\\/\",\"name\":\"administrador\",\"image\":{\"@type\":\"ImageObject\",\"@id\":\"https:\\\/\\\/newsinfoco.com.br\\\/inicio\\\/em-parceria-com-a-prefeitura-acao-pelo-fim-da-violencia-contra-as-mulheres-e-realizada-em-alagoinhas\\\/#authorImage\",\"url\":\"https:\\\/\\\/secure.gravatar.com\\\/avatar\\\/c17a617433de8c1dc9584bb79aab7563b46f5bb7e1728c9b17d9cc3ce6a08e49?s=96&d=mm&r=g\",\"width\":96,\"height\":96,\"caption\":\"administrador\"}},{\"@type\":\"WebPage\",\"@id\":\"https:\\\/\\\/newsinfoco.com.br\\\/inicio\\\/em-parceria-com-a-prefeitura-acao-pelo-fim-da-violencia-contra-as-mulheres-e-realizada-em-alagoinhas\\\/#webpage\",\"url\":\"https:\\\/\\\/newsinfoco.com.br\\\/inicio\\\/em-parceria-com-a-prefeitura-acao-pelo-fim-da-violencia-contra-as-mulheres-e-realizada-em-alagoinhas\\\/\",\"name\":\"Em parceria com a Prefeitura, a\\u00e7\\u00e3o pelo fim da viol\\u00eancia contra as mulheres \\u00e9 realizada em Alagoinhas - News In Foco - Editado por Caio Pimenta\",\"description\":\"O fim da viol\\u00eancia contra as mulheres e o engajamento dos homens na luta pela igualdade de g\\u00eanero, esse foi o objetivo da a\\u00e7\\u00e3o realizada na tarde da ultima quarta-feira (07), no Espa\\u00e7o Colaborar. O evento foi organizado pela vereadora Jucy Cardoso, em parceria com a Secretaria Municipal de Sa\\u00fade (SESAU), a Comiss\\u00e3o de Direito\",\"inLanguage\":\"pt-BR\",\"isPartOf\":{\"@id\":\"https:\\\/\\\/newsinfoco.com.br\\\/inicio\\\/#website\"},\"breadcrumb\":{\"@id\":\"https:\\\/\\\/newsinfoco.com.br\\\/inicio\\\/em-parceria-com-a-prefeitura-acao-pelo-fim-da-violencia-contra-as-mulheres-e-realizada-em-alagoinhas\\\/#breadcrumblist\"},\"author\":{\"@id\":\"https:\\\/\\\/newsinfoco.com.br\\\/inicio\\\/author\\\/administrador\\\/#author\"},\"creator\":{\"@id\":\"https:\\\/\\\/newsinfoco.com.br\\\/inicio\\\/author\\\/administrador\\\/#author\"},\"image\":{\"@type\":\"ImageObject\",\"url\":\"https:\\\/\\\/newsinfoco.com.br\\\/inicio\\\/wp-content\\\/uploads\\\/2022\\\/12\\\/3BDC38B8-A89F-4265-AC3B-1B73A4A96EAF-550x368-1.jpeg\",\"@id\":\"https:\\\/\\\/newsinfoco.com.br\\\/inicio\\\/em-parceria-com-a-prefeitura-acao-pelo-fim-da-violencia-contra-as-mulheres-e-realizada-em-alagoinhas\\\/#mainImage\",\"width\":550,\"height\":368},\"primaryImageOfPage\":{\"@id\":\"https:\\\/\\\/newsinfoco.com.br\\\/inicio\\\/em-parceria-com-a-prefeitura-acao-pelo-fim-da-violencia-contra-as-mulheres-e-realizada-em-alagoinhas\\\/#mainImage\"},\"datePublished\":\"2022-12-11T10:19:27-03:00\",\"dateModified\":\"2022-12-11T10:19:27-03:00\"},{\"@type\":\"WebSite\",\"@id\":\"https:\\\/\\\/newsinfoco.com.br\\\/inicio\\\/#website\",\"url\":\"https:\\\/\\\/newsinfoco.com.br\\\/inicio\\\/\",\"name\":\"News In Foco - Editado por Caio Pimenta\",\"description\":\"O principal site de noticias de Alagoinhas e regi\\u00e3o\",\"inLanguage\":\"pt-BR\",\"publisher\":{\"@id\":\"https:\\\/\\\/newsinfoco.com.br\\\/inicio\\\/#organization\"}}]}\n\t\t<\/script>\n\t\t<!-- All in One SEO -->\n\n","aioseo_head_json":{"title":"Em parceria com a Prefeitura, a\u00e7\u00e3o pelo fim da viol\u00eancia contra as mulheres \u00e9 realizada em Alagoinhas - News In Foco - Editado por Caio Pimenta","description":"O fim da viol\u00eancia contra as mulheres e o engajamento dos homens na luta pela igualdade de g\u00eanero, esse foi o objetivo da a\u00e7\u00e3o realizada na tarde da ultima quarta-feira (07), no Espa\u00e7o Colaborar. O evento foi organizado pela vereadora Jucy Cardoso, em parceria com a Secretaria Municipal de Sa\u00fade (SESAU), a Comiss\u00e3o de Direito","canonical_url":"https:\/\/newsinfoco.com.br\/inicio\/em-parceria-com-a-prefeitura-acao-pelo-fim-da-violencia-contra-as-mulheres-e-realizada-em-alagoinhas\/","robots":"max-image-preview:large","keywords":"","webmasterTools":{"miscellaneous":""},"schema":{"@context":"https:\/\/schema.org","@graph":[{"@type":"BlogPosting","@id":"https:\/\/newsinfoco.com.br\/inicio\/em-parceria-com-a-prefeitura-acao-pelo-fim-da-violencia-contra-as-mulheres-e-realizada-em-alagoinhas\/#blogposting","name":"Em parceria com a Prefeitura, a\u00e7\u00e3o pelo fim da viol\u00eancia contra as mulheres \u00e9 realizada em Alagoinhas - News In Foco - Editado por Caio Pimenta","headline":"Em parceria com a Prefeitura, a\u00e7\u00e3o pelo fim da viol\u00eancia contra as mulheres \u00e9 realizada em Alagoinhas","author":{"@id":"https:\/\/newsinfoco.com.br\/inicio\/author\/administrador\/#author"},"publisher":{"@id":"https:\/\/newsinfoco.com.br\/inicio\/#organization"},"image":{"@type":"ImageObject","url":"https:\/\/newsinfoco.com.br\/inicio\/wp-content\/uploads\/2022\/12\/3BDC38B8-A89F-4265-AC3B-1B73A4A96EAF-550x368-1.jpeg","width":550,"height":368},"datePublished":"2022-12-11T10:19:27-03:00","dateModified":"2022-12-11T10:19:27-03:00","inLanguage":"pt-BR","mainEntityOfPage":{"@id":"https:\/\/newsinfoco.com.br\/inicio\/em-parceria-com-a-prefeitura-acao-pelo-fim-da-violencia-contra-as-mulheres-e-realizada-em-alagoinhas\/#webpage"},"isPartOf":{"@id":"https:\/\/newsinfoco.com.br\/inicio\/em-parceria-com-a-prefeitura-acao-pelo-fim-da-violencia-contra-as-mulheres-e-realizada-em-alagoinhas\/#webpage"},"articleSection":"Alagoinhas e Regi\u00e3o, Manchete"},{"@type":"BreadcrumbList","@id":"https:\/\/newsinfoco.com.br\/inicio\/em-parceria-com-a-prefeitura-acao-pelo-fim-da-violencia-contra-as-mulheres-e-realizada-em-alagoinhas\/#breadcrumblist","itemListElement":[{"@type":"ListItem","@id":"https:\/\/newsinfoco.com.br\/inicio#listItem","position":1,"name":"In\u00edcio","item":"https:\/\/newsinfoco.com.br\/inicio","nextItem":{"@type":"ListItem","@id":"https:\/\/newsinfoco.com.br\/inicio\/category\/alagoinhas-e-regiao\/#listItem","name":"Alagoinhas e Regi\u00e3o"}},{"@type":"ListItem","@id":"https:\/\/newsinfoco.com.br\/inicio\/category\/alagoinhas-e-regiao\/#listItem","position":2,"name":"Alagoinhas e Regi\u00e3o","item":"https:\/\/newsinfoco.com.br\/inicio\/category\/alagoinhas-e-regiao\/","nextItem":{"@type":"ListItem","@id":"https:\/\/newsinfoco.com.br\/inicio\/em-parceria-com-a-prefeitura-acao-pelo-fim-da-violencia-contra-as-mulheres-e-realizada-em-alagoinhas\/#listItem","name":"Em parceria com a Prefeitura, a\u00e7\u00e3o pelo fim da viol\u00eancia contra as mulheres \u00e9 realizada em Alagoinhas"},"previousItem":{"@type":"ListItem","@id":"https:\/\/newsinfoco.com.br\/inicio#listItem","name":"In\u00edcio"}},{"@type":"ListItem","@id":"https:\/\/newsinfoco.com.br\/inicio\/em-parceria-com-a-prefeitura-acao-pelo-fim-da-violencia-contra-as-mulheres-e-realizada-em-alagoinhas\/#listItem","position":3,"name":"Em parceria com a Prefeitura, a\u00e7\u00e3o pelo fim da viol\u00eancia contra as mulheres \u00e9 realizada em Alagoinhas","previousItem":{"@type":"ListItem","@id":"https:\/\/newsinfoco.com.br\/inicio\/category\/alagoinhas-e-regiao\/#listItem","name":"Alagoinhas e Regi\u00e3o"}}]},{"@type":"Organization","@id":"https:\/\/newsinfoco.com.br\/inicio\/#organization","name":"News In Foco - Editado por Caio Pimenta","description":"O principal site de noticias de Alagoinhas e regi\u00e3o","url":"https:\/\/newsinfoco.com.br\/inicio\/"},{"@type":"Person","@id":"https:\/\/newsinfoco.com.br\/inicio\/author\/administrador\/#author","url":"https:\/\/newsinfoco.com.br\/inicio\/author\/administrador\/","name":"administrador","image":{"@type":"ImageObject","@id":"https:\/\/newsinfoco.com.br\/inicio\/em-parceria-com-a-prefeitura-acao-pelo-fim-da-violencia-contra-as-mulheres-e-realizada-em-alagoinhas\/#authorImage","url":"https:\/\/secure.gravatar.com\/avatar\/c17a617433de8c1dc9584bb79aab7563b46f5bb7e1728c9b17d9cc3ce6a08e49?s=96&d=mm&r=g","width":96,"height":96,"caption":"administrador"}},{"@type":"WebPage","@id":"https:\/\/newsinfoco.com.br\/inicio\/em-parceria-com-a-prefeitura-acao-pelo-fim-da-violencia-contra-as-mulheres-e-realizada-em-alagoinhas\/#webpage","url":"https:\/\/newsinfoco.com.br\/inicio\/em-parceria-com-a-prefeitura-acao-pelo-fim-da-violencia-contra-as-mulheres-e-realizada-em-alagoinhas\/","name":"Em parceria com a Prefeitura, a\u00e7\u00e3o pelo fim da viol\u00eancia contra as mulheres \u00e9 realizada em Alagoinhas - News In Foco - Editado por Caio Pimenta","description":"O fim da viol\u00eancia contra as mulheres e o engajamento dos homens na luta pela igualdade de g\u00eanero, esse foi o objetivo da a\u00e7\u00e3o realizada na tarde da ultima quarta-feira (07), no Espa\u00e7o Colaborar. O evento foi organizado pela vereadora Jucy Cardoso, em parceria com a Secretaria Municipal de Sa\u00fade (SESAU), a Comiss\u00e3o de Direito","inLanguage":"pt-BR","isPartOf":{"@id":"https:\/\/newsinfoco.com.br\/inicio\/#website"},"breadcrumb":{"@id":"https:\/\/newsinfoco.com.br\/inicio\/em-parceria-com-a-prefeitura-acao-pelo-fim-da-violencia-contra-as-mulheres-e-realizada-em-alagoinhas\/#breadcrumblist"},"author":{"@id":"https:\/\/newsinfoco.com.br\/inicio\/author\/administrador\/#author"},"creator":{"@id":"https:\/\/newsinfoco.com.br\/inicio\/author\/administrador\/#author"},"image":{"@type":"ImageObject","url":"https:\/\/newsinfoco.com.br\/inicio\/wp-content\/uploads\/2022\/12\/3BDC38B8-A89F-4265-AC3B-1B73A4A96EAF-550x368-1.jpeg","@id":"https:\/\/newsinfoco.com.br\/inicio\/em-parceria-com-a-prefeitura-acao-pelo-fim-da-violencia-contra-as-mulheres-e-realizada-em-alagoinhas\/#mainImage","width":550,"height":368},"primaryImageOfPage":{"@id":"https:\/\/newsinfoco.com.br\/inicio\/em-parceria-com-a-prefeitura-acao-pelo-fim-da-violencia-contra-as-mulheres-e-realizada-em-alagoinhas\/#mainImage"},"datePublished":"2022-12-11T10:19:27-03:00","dateModified":"2022-12-11T10:19:27-03:00"},{"@type":"WebSite","@id":"https:\/\/newsinfoco.com.br\/inicio\/#website","url":"https:\/\/newsinfoco.com.br\/inicio\/","name":"News In Foco - Editado por Caio Pimenta","description":"O principal site de noticias de Alagoinhas e regi\u00e3o","inLanguage":"pt-BR","publisher":{"@id":"https:\/\/newsinfoco.com.br\/inicio\/#organization"}}]},"og:locale":"pt_BR","og:site_name":"News In Foco - Editado por Caio Pimenta - O principal site de noticias de Alagoinhas e regi\u00e3o","og:type":"article","og:title":"Em parceria com a Prefeitura, a\u00e7\u00e3o pelo fim da viol\u00eancia contra as mulheres \u00e9 realizada em Alagoinhas - News In Foco - Editado por Caio Pimenta","og:description":"O fim da viol\u00eancia contra as mulheres e o engajamento dos homens na luta pela igualdade de g\u00eanero, esse foi o objetivo da a\u00e7\u00e3o realizada na tarde da ultima quarta-feira (07), no Espa\u00e7o Colaborar. O evento foi organizado pela vereadora Jucy Cardoso, em parceria com a Secretaria Municipal de Sa\u00fade (SESAU), a Comiss\u00e3o de Direito","og:url":"https:\/\/newsinfoco.com.br\/inicio\/em-parceria-com-a-prefeitura-acao-pelo-fim-da-violencia-contra-as-mulheres-e-realizada-em-alagoinhas\/","article:published_time":"2022-12-11T13:19:27+00:00","article:modified_time":"2022-12-11T13:19:27+00:00","twitter:card":"summary_large_image","twitter:title":"Em parceria com a Prefeitura, a\u00e7\u00e3o pelo fim da viol\u00eancia contra as mulheres \u00e9 realizada em Alagoinhas - News In Foco - Editado por Caio Pimenta","twitter:description":"O fim da viol\u00eancia contra as mulheres e o engajamento dos homens na luta pela igualdade de g\u00eanero, esse foi o objetivo da a\u00e7\u00e3o realizada na tarde da ultima quarta-feira (07), no Espa\u00e7o Colaborar. O evento foi organizado pela vereadora Jucy Cardoso, em parceria com a Secretaria Municipal de Sa\u00fade (SESAU), a Comiss\u00e3o de Direito"},"aioseo_meta_data":{"post_id":"32125","title":null,"description":null,"keywords":null,"keyphrases":null,"primary_term":null,"canonical_url":null,"og_title":null,"og_description":null,"og_object_type":"default","og_image_type":"default","og_image_url":null,"og_image_width":null,"og_image_height":null,"og_image_custom_url":null,"og_image_custom_fields":null,"og_video":null,"og_custom_url":null,"og_article_section":null,"og_article_tags":null,"twitter_use_og":false,"twitter_card":"default","twitter_image_type":"default","twitter_image_url":null,"twitter_image_custom_url":null,"twitter_image_custom_fields":null,"twitter_title":null,"twitter_description":null,"schema":{"blockGraphs":[],"customGraphs":[],"default":{"data":{"Article":[],"Course":[],"Dataset":[],"FAQPage":[],"Movie":[],"Person":[],"Product":[],"ProductReview":[],"Car":[],"Recipe":[],"Service":[],"SoftwareApplication":[],"WebPage":[]},"graphName":"","isEnabled":true},"graphs":[]},"schema_type":"default","schema_type_options":null,"pillar_content":false,"robots_default":true,"robots_noindex":false,"robots_noarchive":false,"robots_nosnippet":false,"robots_nofollow":false,"robots_noimageindex":false,"robots_noodp":false,"robots_notranslate":false,"robots_max_snippet":null,"robots_max_videopreview":null,"robots_max_imagepreview":"large","priority":null,"frequency":null,"local_seo":null,"breadcrumb_settings":null,"limit_modified_date":false,"ai":null,"created":"2023-06-12 22:27:44","updated":"2025-07-11 08:42:55","seo_analyzer_scan_date":null},"aioseo_breadcrumb":"<div class=\"aioseo-breadcrumbs\"><span class=\"aioseo-breadcrumb\">\n\t\t\t<a href=\"https:\/\/newsinfoco.com.br\/inicio\" title=\"In\u00edcio\">In\u00edcio<\/a>\n\t\t<\/span><span class=\"aioseo-breadcrumb-separator\">&raquo;<\/span><span class=\"aioseo-breadcrumb\">\n\t\t\t<a href=\"https:\/\/newsinfoco.com.br\/inicio\/category\/alagoinhas-e-regiao\/\" title=\"Alagoinhas e Regi\u00e3o\">Alagoinhas e Regi\u00e3o<\/a>\n\t\t<\/span><span class=\"aioseo-breadcrumb-separator\">&raquo;<\/span><span class=\"aioseo-breadcrumb\">\n\t\t\tEm parceria com a Prefeitura, a\u00e7\u00e3o pelo fim da viol\u00eancia contra as mulheres \u00e9 realizada em Alagoinhas\n\t\t<\/span><\/div>","aioseo_breadcrumb_json":[{"label":"In\u00edcio","link":"https:\/\/newsinfoco.com.br\/inicio"},{"label":"Alagoinhas e Regi\u00e3o","link":"https:\/\/newsinfoco.com.br\/inicio\/category\/alagoinhas-e-regiao\/"},{"label":"Em parceria com a Prefeitura, a\u00e7\u00e3o pelo fim da viol\u00eancia contra as mulheres \u00e9 realizada em Alagoinhas","link":"https:\/\/newsinfoco.com.br\/inicio\/em-parceria-com-a-prefeitura-acao-pelo-fim-da-violencia-contra-as-mulheres-e-realizada-em-alagoinhas\/"}],"_links":{"self":[{"href":"https:\/\/newsinfoco.com.br\/inicio\/wp-json\/wp\/v2\/posts\/32125","targetHints":{"allow":["GET"]}}],"collection":[{"href":"https:\/\/newsinfoco.com.br\/inicio\/wp-json\/wp\/v2\/posts"}],"about":[{"href":"https:\/\/newsinfoco.com.br\/inicio\/wp-json\/wp\/v2\/types\/post"}],"author":[{"embeddable":true,"href":"https:\/\/newsinfoco.com.br\/inicio\/wp-json\/wp\/v2\/users\/1"}],"replies":[{"embeddable":true,"href":"https:\/\/newsinfoco.com.br\/inicio\/wp-json\/wp\/v2\/comments?post=32125"}],"version-history":[{"count":1,"href":"https:\/\/newsinfoco.com.br\/inicio\/wp-json\/wp\/v2\/posts\/32125\/revisions"}],"predecessor-version":[{"id":32127,"href":"https:\/\/newsinfoco.com.br\/inicio\/wp-json\/wp\/v2\/posts\/32125\/revisions\/32127"}],"wp:featuredmedia":[{"embeddable":true,"href":"https:\/\/newsinfoco.com.br\/inicio\/wp-json\/wp\/v2\/media\/32126"}],"wp:attachment":[{"href":"https:\/\/newsinfoco.com.br\/inicio\/wp-json\/wp\/v2\/media?parent=32125"}],"wp:term":[{"taxonomy":"category","embeddable":true,"href":"https:\/\/newsinfoco.com.br\/inicio\/wp-json\/wp\/v2\/categories?post=32125"},{"taxonomy":"post_tag","embeddable":true,"href":"https:\/\/newsinfoco.com.br\/inicio\/wp-json\/wp\/v2\/tags?post=32125"}],"curies":[{"name":"wp","href":"https:\/\/api.w.org\/{rel}","templated":true}]}}