{"id":32128,"date":"2022-12-11T10:24:09","date_gmt":"2022-12-11T13:24:09","guid":{"rendered":"https:\/\/newsinfoco.com.br\/inicio\/?p=32128"},"modified":"2022-12-11T13:19:54","modified_gmt":"2022-12-11T16:19:54","slug":"conscientizacao-educacao-e-gratidao-marcam-a-semana-de-direitos-humanos","status":"publish","type":"post","link":"https:\/\/newsinfoco.com.br\/inicio\/conscientizacao-educacao-e-gratidao-marcam-a-semana-de-direitos-humanos\/","title":{"rendered":"Conscientiza\u00e7\u00e3o, educa\u00e7\u00e3o e gratid\u00e3o marcam a Semana de Direitos Humanos"},"content":{"rendered":"<p>Resgatando e conscientizando a import\u00e2ncia do Dia Internacional dos Direitos Humanos, comemorado hoje, 10 de dezembro, a Prefeitura de Alagoinhas, por meio da Secretaria de Assist\u00eancia Social (SEMAS), realizou durante os dias 05 a 10 de dezembro, a Semana dos Direitos Humanos, que destacou as a\u00e7\u00f5es na \u00e1rea dos direitos humanos em todos os contextos, abordando o desenvolvimento do poder e da dignidade de categorias historicamente vulner\u00e1veis, a preserva\u00e7\u00e3o da mem\u00f3ria hist\u00f3rica e dos pactos que asseguram a preserva\u00e7\u00e3o de direitos.<\/p>\n<p>A semana contou com diversas a\u00e7\u00f5es desenvolvidas por cada coordena\u00e7\u00e3o, a programa\u00e7\u00e3o contempla a\u00e7\u00f5es s\u00f3cio-educativas, formativas, de interven\u00e7\u00e3o e de sensibiliza\u00e7\u00e3o sobre prote\u00e7\u00e3o \u00e0s mulheres; pol\u00edticas p\u00fablicas para popula\u00e7\u00e3o LGBTQIAP+; direito da crian\u00e7a e do adolescente; pol\u00edticas publicas para pessoas com defici\u00eancia f\u00edsica; entre outros. Para Rui Costa, secret\u00e1rio de Assist\u00eancia Social, essa \u00e9 uma semana muito importante. \u201cO tema direitos humanos \u00e9 amplamente estudado e discutido pela SEMAS diariamente. Colocamos em pr\u00e1tica as pol\u00edticas de acesso e executamos a\u00e7\u00f5es durante todo o ano para que todos esses direitos sejam garantidos. Essa semana \u00e9 importante porque ela \u00e9 a culmin\u00e2ncia de todo esse esfor\u00e7o e trabalho\u201d, afirmou o gestor.<\/p>\n<p>No que diz respeito a perspectiva racial, a Coordena\u00e7\u00e3o de Pol\u00edticas de Promo\u00e7\u00e3o da Igualdade Racial realizou, na Escola Municipal Santa Terezinha, palestra com o tema Educa\u00e7\u00e3o Antirracista, onde foram contempladas 427 crian\u00e7as do 1\u2070 ao 5\u2070 ano; j\u00e1 na perspectiva da crian\u00e7a e do adolescente, foi realizada a atividade da Coordena\u00e7\u00e3o de Pol\u00edticas de Prote\u00e7\u00e3o da Crian\u00e7a e Adolescente com a tem\u00e1tica \u201cA Ess\u00eancia dos Direitos Humanos e o Direito a ter Direitos\u201d, na Pastoral do Menor com a parceria da Comiss\u00e3o de Defesa e Prote\u00e7\u00e3o de Crian\u00e7a \u00e9 Adolescente \u2013 OAB\/ Alagoinhas, CMDCA, Pestalozzi, Casa de Passagem Bel\u00e9m, Samuel Costa \u2013 psic\u00f3logo, Escola Municipal Menino Jesus, Conselho Tutelar CT l e ll.<\/p>\n<p>Para PCD\u2019s foi realizada uma reuni\u00e3o ampliada com a Rede de Prote\u00e7\u00e3o que contou com a participa\u00e7\u00e3o de 30 pessoas e a parceria do Conselho Municipal da Pessoa com Defici\u00eancia, Associa\u00e7\u00e3o das Pessoas com Defici\u00eancia, Representantes da Semas, Seduc, IfBaiano, Defensoria P\u00fablica e convidados externos. O p\u00fablico LGBTQIAP+ participou da a\u00e7\u00e3o Diagn\u00f3stico Social atrav\u00e9s da Abordagem Social Noturna (CREAS), onde foram realizadas 40 abordagens, com concess\u00f5es de lanches e cesta b\u00e1sica. Houve tamb\u00e9m o projeto Confraterniza\u00e7\u00e3o Natalina (Projeto Parceiro do Idoso \u2013 Banco Santander) e Concess\u00f5es dos g\u00eaneros aliment\u00edcios e prote\u00edna do leite. Nessa a\u00e7\u00e3o foram contempladas as Institui\u00e7\u00f5es de Longa Perman\u00eancia \u2013 Lar Nova Esperan\u00e7a, Kayr\u00f3s e Bezerra de Menezes.<\/p>\n<p>A Coordena\u00e7\u00e3o de Pol\u00edticas de Prote\u00e7\u00e3o a Mulher realizou a Oficina formativa Campanha do La\u00e7o Branco \u2013 Contribui\u00e7\u00f5es dos homens no combate e enfrentamento a viol\u00eancia contra a mulher, que aconteceu no 4\u00b0 BPM, e contou com a presen\u00e7a do CRAM, Guarda Municipal, Patrulha Maria da Penha, SECOM, Mandato da Vereadora Luma, Pol\u00edcia Militar, Conselho da Pessoa com defici\u00eancia. Al\u00e9m adas a\u00e7\u00f5es efetivas, houve apresenta\u00e7\u00e3o cultural com o Grupos Tambores Aben\u00e7oado, apresenta\u00e7\u00e3o de Dan\u00e7a do Projeto Juvenil, apresenta\u00e7\u00e3o Musical \u2013 Kaua e Josu\u00e9, bailarina \u2013 Let\u00edcia.<\/p>\n<p>Confira as imagens:<\/p>\n<p><a class=\"group1 cboxElement\" href=\"https:\/\/www.alagoinhas.ba.gov.br\/wp-content\/uploads\/2022\/12\/22747AB2-ADC1-4894-BB0D-C69CDC0B7D7B.jpeg\"><img loading=\"lazy\" decoding=\"async\" class=\"aligncenter size-large wp-image-62321\" src=\"https:\/\/www.alagoinhas.ba.gov.br\/wp-content\/uploads\/2022\/12\/22747AB2-ADC1-4894-BB0D-C69CDC0B7D7B-1024x768.jpeg\" sizes=\"auto, (max-width: 800px) 100vw, 800px\" srcset=\"https:\/\/www.alagoinhas.ba.gov.br\/wp-content\/uploads\/2022\/12\/22747AB2-ADC1-4894-BB0D-C69CDC0B7D7B-1024x768.jpeg 1024w, https:\/\/www.alagoinhas.ba.gov.br\/wp-content\/uploads\/2022\/12\/22747AB2-ADC1-4894-BB0D-C69CDC0B7D7B-300x225.jpeg 300w, https:\/\/www.alagoinhas.ba.gov.br\/wp-content\/uploads\/2022\/12\/22747AB2-ADC1-4894-BB0D-C69CDC0B7D7B-768x576.jpeg 768w, https:\/\/www.alagoinhas.ba.gov.br\/wp-content\/uploads\/2022\/12\/22747AB2-ADC1-4894-BB0D-C69CDC0B7D7B-112x84.jpeg 112w, https:\/\/www.alagoinhas.ba.gov.br\/wp-content\/uploads\/2022\/12\/22747AB2-ADC1-4894-BB0D-C69CDC0B7D7B.jpeg 1280w\" alt=\"\" width=\"800\" height=\"600\" \/><\/a><a class=\"group1 cboxElement\" href=\"https:\/\/www.alagoinhas.ba.gov.br\/wp-content\/uploads\/2022\/12\/1AFFA665-F24A-416E-A7D5-D0235D7BFAF2.jpeg\"><img loading=\"lazy\" decoding=\"async\" class=\"aligncenter size-large wp-image-62322\" src=\"https:\/\/www.alagoinhas.ba.gov.br\/wp-content\/uploads\/2022\/12\/1AFFA665-F24A-416E-A7D5-D0235D7BFAF2-1024x768.jpeg\" sizes=\"auto, (max-width: 800px) 100vw, 800px\" srcset=\"https:\/\/www.alagoinhas.ba.gov.br\/wp-content\/uploads\/2022\/12\/1AFFA665-F24A-416E-A7D5-D0235D7BFAF2-1024x768.jpeg 1024w, https:\/\/www.alagoinhas.ba.gov.br\/wp-content\/uploads\/2022\/12\/1AFFA665-F24A-416E-A7D5-D0235D7BFAF2-300x225.jpeg 300w, https:\/\/www.alagoinhas.ba.gov.br\/wp-content\/uploads\/2022\/12\/1AFFA665-F24A-416E-A7D5-D0235D7BFAF2-768x576.jpeg 768w, https:\/\/www.alagoinhas.ba.gov.br\/wp-content\/uploads\/2022\/12\/1AFFA665-F24A-416E-A7D5-D0235D7BFAF2-112x84.jpeg 112w, https:\/\/www.alagoinhas.ba.gov.br\/wp-content\/uploads\/2022\/12\/1AFFA665-F24A-416E-A7D5-D0235D7BFAF2.jpeg 1280w\" alt=\"\" width=\"800\" height=\"600\" \/><\/a><a class=\"group1 cboxElement\" href=\"https:\/\/www.alagoinhas.ba.gov.br\/wp-content\/uploads\/2022\/12\/AF846EFF-8486-487E-B8CB-5DA5B3713265.jpeg\"><img loading=\"lazy\" decoding=\"async\" class=\"aligncenter size-large wp-image-62323\" src=\"https:\/\/www.alagoinhas.ba.gov.br\/wp-content\/uploads\/2022\/12\/AF846EFF-8486-487E-B8CB-5DA5B3713265-1024x768.jpeg\" sizes=\"auto, (max-width: 800px) 100vw, 800px\" srcset=\"https:\/\/www.alagoinhas.ba.gov.br\/wp-content\/uploads\/2022\/12\/AF846EFF-8486-487E-B8CB-5DA5B3713265-1024x768.jpeg 1024w, https:\/\/www.alagoinhas.ba.gov.br\/wp-content\/uploads\/2022\/12\/AF846EFF-8486-487E-B8CB-5DA5B3713265-300x225.jpeg 300w, https:\/\/www.alagoinhas.ba.gov.br\/wp-content\/uploads\/2022\/12\/AF846EFF-8486-487E-B8CB-5DA5B3713265-768x576.jpeg 768w, https:\/\/www.alagoinhas.ba.gov.br\/wp-content\/uploads\/2022\/12\/AF846EFF-8486-487E-B8CB-5DA5B3713265-112x84.jpeg 112w, https:\/\/www.alagoinhas.ba.gov.br\/wp-content\/uploads\/2022\/12\/AF846EFF-8486-487E-B8CB-5DA5B3713265.jpeg 1280w\" alt=\"\" width=\"800\" height=\"600\" \/><\/a><a class=\"group1 cboxElement\" href=\"https:\/\/www.alagoinhas.ba.gov.br\/wp-content\/uploads\/2022\/12\/DBE80781-C208-4025-B7C3-D03E37597F69.jpeg\"><img loading=\"lazy\" decoding=\"async\" class=\"aligncenter size-large wp-image-62324\" src=\"https:\/\/www.alagoinhas.ba.gov.br\/wp-content\/uploads\/2022\/12\/DBE80781-C208-4025-B7C3-D03E37597F69-1024x768.jpeg\" sizes=\"auto, (max-width: 800px) 100vw, 800px\" srcset=\"https:\/\/www.alagoinhas.ba.gov.br\/wp-content\/uploads\/2022\/12\/DBE80781-C208-4025-B7C3-D03E37597F69.jpeg 1024w, https:\/\/www.alagoinhas.ba.gov.br\/wp-content\/uploads\/2022\/12\/DBE80781-C208-4025-B7C3-D03E37597F69-300x225.jpeg 300w, https:\/\/www.alagoinhas.ba.gov.br\/wp-content\/uploads\/2022\/12\/DBE80781-C208-4025-B7C3-D03E37597F69-768x576.jpeg 768w, https:\/\/www.alagoinhas.ba.gov.br\/wp-content\/uploads\/2022\/12\/DBE80781-C208-4025-B7C3-D03E37597F69-112x84.jpeg 112w\" alt=\"\" width=\"800\" height=\"600\" \/><\/a><a class=\"group1 cboxElement\" href=\"https:\/\/www.alagoinhas.ba.gov.br\/wp-content\/uploads\/2022\/12\/74B105E5-AA86-4E70-A139-C8B9FA948F61.jpeg\"><img loading=\"lazy\" decoding=\"async\" class=\"aligncenter size-large wp-image-62325\" src=\"https:\/\/www.alagoinhas.ba.gov.br\/wp-content\/uploads\/2022\/12\/74B105E5-AA86-4E70-A139-C8B9FA948F61-1024x768.jpeg\" sizes=\"auto, (max-width: 800px) 100vw, 800px\" srcset=\"https:\/\/www.alagoinhas.ba.gov.br\/wp-content\/uploads\/2022\/12\/74B105E5-AA86-4E70-A139-C8B9FA948F61-1024x768.jpeg 1024w, https:\/\/www.alagoinhas.ba.gov.br\/wp-content\/uploads\/2022\/12\/74B105E5-AA86-4E70-A139-C8B9FA948F61-300x225.jpeg 300w, https:\/\/www.alagoinhas.ba.gov.br\/wp-content\/uploads\/2022\/12\/74B105E5-AA86-4E70-A139-C8B9FA948F61-768x576.jpeg 768w, https:\/\/www.alagoinhas.ba.gov.br\/wp-content\/uploads\/2022\/12\/74B105E5-AA86-4E70-A139-C8B9FA948F61-112x84.jpeg 112w, https:\/\/www.alagoinhas.ba.gov.br\/wp-content\/uploads\/2022\/12\/74B105E5-AA86-4E70-A139-C8B9FA948F61.jpeg 1280w\" alt=\"\" width=\"800\" height=\"600\" \/><\/a><a class=\"group1 cboxElement\" href=\"https:\/\/www.alagoinhas.ba.gov.br\/wp-content\/uploads\/2022\/12\/25FDCB12-0C00-40AF-922F-E3C5CA1E1039.jpeg\"><img loading=\"lazy\" decoding=\"async\" class=\"aligncenter size-large wp-image-62326\" src=\"https:\/\/www.alagoinhas.ba.gov.br\/wp-content\/uploads\/2022\/12\/25FDCB12-0C00-40AF-922F-E3C5CA1E1039-1024x768.jpeg\" sizes=\"auto, (max-width: 800px) 100vw, 800px\" srcset=\"https:\/\/www.alagoinhas.ba.gov.br\/wp-content\/uploads\/2022\/12\/25FDCB12-0C00-40AF-922F-E3C5CA1E1039-1024x768.jpeg 1024w, https:\/\/www.alagoinhas.ba.gov.br\/wp-content\/uploads\/2022\/12\/25FDCB12-0C00-40AF-922F-E3C5CA1E1039-300x225.jpeg 300w, https:\/\/www.alagoinhas.ba.gov.br\/wp-content\/uploads\/2022\/12\/25FDCB12-0C00-40AF-922F-E3C5CA1E1039-768x576.jpeg 768w, https:\/\/www.alagoinhas.ba.gov.br\/wp-content\/uploads\/2022\/12\/25FDCB12-0C00-40AF-922F-E3C5CA1E1039-112x84.jpeg 112w, https:\/\/www.alagoinhas.ba.gov.br\/wp-content\/uploads\/2022\/12\/25FDCB12-0C00-40AF-922F-E3C5CA1E1039.jpeg 1280w\" alt=\"\" width=\"800\" height=\"600\" \/><\/a><a class=\"group1 cboxElement\" href=\"https:\/\/www.alagoinhas.ba.gov.br\/wp-content\/uploads\/2022\/12\/60B2291F-EB4A-4FD8-89F7-1D75951059BC.jpeg\"><img loading=\"lazy\" decoding=\"async\" class=\"aligncenter size-large wp-image-62327\" src=\"https:\/\/www.alagoinhas.ba.gov.br\/wp-content\/uploads\/2022\/12\/60B2291F-EB4A-4FD8-89F7-1D75951059BC-1024x768.jpeg\" sizes=\"auto, (max-width: 800px) 100vw, 800px\" srcset=\"https:\/\/www.alagoinhas.ba.gov.br\/wp-content\/uploads\/2022\/12\/60B2291F-EB4A-4FD8-89F7-1D75951059BC-1024x768.jpeg 1024w, https:\/\/www.alagoinhas.ba.gov.br\/wp-content\/uploads\/2022\/12\/60B2291F-EB4A-4FD8-89F7-1D75951059BC-300x225.jpeg 300w, https:\/\/www.alagoinhas.ba.gov.br\/wp-content\/uploads\/2022\/12\/60B2291F-EB4A-4FD8-89F7-1D75951059BC-768x576.jpeg 768w, https:\/\/www.alagoinhas.ba.gov.br\/wp-content\/uploads\/2022\/12\/60B2291F-EB4A-4FD8-89F7-1D75951059BC-112x84.jpeg 112w, https:\/\/www.alagoinhas.ba.gov.br\/wp-content\/uploads\/2022\/12\/60B2291F-EB4A-4FD8-89F7-1D75951059BC.jpeg 1280w\" alt=\"\" width=\"800\" height=\"600\" \/><\/a><a class=\"group1 cboxElement\" href=\"https:\/\/www.alagoinhas.ba.gov.br\/wp-content\/uploads\/2022\/12\/CAB04795-CACB-4F51-B153-FC69E3680A46.jpeg\"><img loading=\"lazy\" decoding=\"async\" class=\"aligncenter size-large wp-image-62328\" src=\"https:\/\/www.alagoinhas.ba.gov.br\/wp-content\/uploads\/2022\/12\/CAB04795-CACB-4F51-B153-FC69E3680A46-1024x768.jpeg\" sizes=\"auto, (max-width: 800px) 100vw, 800px\" srcset=\"https:\/\/www.alagoinhas.ba.gov.br\/wp-content\/uploads\/2022\/12\/CAB04795-CACB-4F51-B153-FC69E3680A46-1024x768.jpeg 1024w, https:\/\/www.alagoinhas.ba.gov.br\/wp-content\/uploads\/2022\/12\/CAB04795-CACB-4F51-B153-FC69E3680A46-300x225.jpeg 300w, https:\/\/www.alagoinhas.ba.gov.br\/wp-content\/uploads\/2022\/12\/CAB04795-CACB-4F51-B153-FC69E3680A46-768x576.jpeg 768w, https:\/\/www.alagoinhas.ba.gov.br\/wp-content\/uploads\/2022\/12\/CAB04795-CACB-4F51-B153-FC69E3680A46-112x84.jpeg 112w, https:\/\/www.alagoinhas.ba.gov.br\/wp-content\/uploads\/2022\/12\/CAB04795-CACB-4F51-B153-FC69E3680A46.jpeg 1280w\" alt=\"\" width=\"800\" height=\"600\" \/><\/a><a class=\"group1 cboxElement\" href=\"https:\/\/www.alagoinhas.ba.gov.br\/wp-content\/uploads\/2022\/12\/7D1F760C-53C0-4F7B-9052-4964C6C76073.jpeg\"><img loading=\"lazy\" decoding=\"async\" class=\"aligncenter size-large wp-image-62329\" src=\"https:\/\/www.alagoinhas.ba.gov.br\/wp-content\/uploads\/2022\/12\/7D1F760C-53C0-4F7B-9052-4964C6C76073-1024x768.jpeg\" sizes=\"auto, (max-width: 800px) 100vw, 800px\" srcset=\"https:\/\/www.alagoinhas.ba.gov.br\/wp-content\/uploads\/2022\/12\/7D1F760C-53C0-4F7B-9052-4964C6C76073-1024x768.jpeg 1024w, https:\/\/www.alagoinhas.ba.gov.br\/wp-content\/uploads\/2022\/12\/7D1F760C-53C0-4F7B-9052-4964C6C76073-300x225.jpeg 300w, https:\/\/www.alagoinhas.ba.gov.br\/wp-content\/uploads\/2022\/12\/7D1F760C-53C0-4F7B-9052-4964C6C76073-768x576.jpeg 768w, https:\/\/www.alagoinhas.ba.gov.br\/wp-content\/uploads\/2022\/12\/7D1F760C-53C0-4F7B-9052-4964C6C76073-112x84.jpeg 112w, https:\/\/www.alagoinhas.ba.gov.br\/wp-content\/uploads\/2022\/12\/7D1F760C-53C0-4F7B-9052-4964C6C76073.jpeg 1280w\" alt=\"\" width=\"800\" height=\"600\" \/><\/a><a class=\"group1 cboxElement\" href=\"https:\/\/www.alagoinhas.ba.gov.br\/wp-content\/uploads\/2022\/12\/AFBB8D77-A65D-4F92-97D2-14B2242955C4.jpeg\"><img loading=\"lazy\" decoding=\"async\" class=\"aligncenter size-large wp-image-62330\" src=\"https:\/\/www.alagoinhas.ba.gov.br\/wp-content\/uploads\/2022\/12\/AFBB8D77-A65D-4F92-97D2-14B2242955C4-1024x768.jpeg\" sizes=\"auto, (max-width: 800px) 100vw, 800px\" srcset=\"https:\/\/www.alagoinhas.ba.gov.br\/wp-content\/uploads\/2022\/12\/AFBB8D77-A65D-4F92-97D2-14B2242955C4-1024x768.jpeg 1024w, https:\/\/www.alagoinhas.ba.gov.br\/wp-content\/uploads\/2022\/12\/AFBB8D77-A65D-4F92-97D2-14B2242955C4-300x225.jpeg 300w, https:\/\/www.alagoinhas.ba.gov.br\/wp-content\/uploads\/2022\/12\/AFBB8D77-A65D-4F92-97D2-14B2242955C4-768x576.jpeg 768w, https:\/\/www.alagoinhas.ba.gov.br\/wp-content\/uploads\/2022\/12\/AFBB8D77-A65D-4F92-97D2-14B2242955C4-112x84.jpeg 112w, https:\/\/www.alagoinhas.ba.gov.br\/wp-content\/uploads\/2022\/12\/AFBB8D77-A65D-4F92-97D2-14B2242955C4.jpeg 1280w\" alt=\"\" width=\"800\" height=\"600\" \/><\/a><a class=\"group1 cboxElement\" href=\"https:\/\/www.alagoinhas.ba.gov.br\/wp-content\/uploads\/2022\/12\/31D4AF6B-4FF6-43DE-8ADD-FB4B7DD4392C.jpeg\"><img loading=\"lazy\" decoding=\"async\" class=\"aligncenter size-large wp-image-62331\" src=\"https:\/\/www.alagoinhas.ba.gov.br\/wp-content\/uploads\/2022\/12\/31D4AF6B-4FF6-43DE-8ADD-FB4B7DD4392C-1024x768.jpeg\" sizes=\"auto, (max-width: 800px) 100vw, 800px\" srcset=\"https:\/\/www.alagoinhas.ba.gov.br\/wp-content\/uploads\/2022\/12\/31D4AF6B-4FF6-43DE-8ADD-FB4B7DD4392C-1024x768.jpeg 1024w, https:\/\/www.alagoinhas.ba.gov.br\/wp-content\/uploads\/2022\/12\/31D4AF6B-4FF6-43DE-8ADD-FB4B7DD4392C-300x225.jpeg 300w, https:\/\/www.alagoinhas.ba.gov.br\/wp-content\/uploads\/2022\/12\/31D4AF6B-4FF6-43DE-8ADD-FB4B7DD4392C-768x576.jpeg 768w, https:\/\/www.alagoinhas.ba.gov.br\/wp-content\/uploads\/2022\/12\/31D4AF6B-4FF6-43DE-8ADD-FB4B7DD4392C-112x84.jpeg 112w, https:\/\/www.alagoinhas.ba.gov.br\/wp-content\/uploads\/2022\/12\/31D4AF6B-4FF6-43DE-8ADD-FB4B7DD4392C.jpeg 1280w\" alt=\"\" width=\"800\" height=\"600\" \/><\/a><a class=\"group1 cboxElement\" href=\"https:\/\/www.alagoinhas.ba.gov.br\/wp-content\/uploads\/2022\/12\/857BE85D-453F-48C4-93EE-2FC5578A69E3.jpeg\"><img loading=\"lazy\" decoding=\"async\" class=\"aligncenter size-large wp-image-62332\" src=\"https:\/\/www.alagoinhas.ba.gov.br\/wp-content\/uploads\/2022\/12\/857BE85D-453F-48C4-93EE-2FC5578A69E3-1024x768.jpeg\" sizes=\"auto, (max-width: 800px) 100vw, 800px\" srcset=\"https:\/\/www.alagoinhas.ba.gov.br\/wp-content\/uploads\/2022\/12\/857BE85D-453F-48C4-93EE-2FC5578A69E3-1024x768.jpeg 1024w, https:\/\/www.alagoinhas.ba.gov.br\/wp-content\/uploads\/2022\/12\/857BE85D-453F-48C4-93EE-2FC5578A69E3-300x225.jpeg 300w, https:\/\/www.alagoinhas.ba.gov.br\/wp-content\/uploads\/2022\/12\/857BE85D-453F-48C4-93EE-2FC5578A69E3-768x576.jpeg 768w, https:\/\/www.alagoinhas.ba.gov.br\/wp-content\/uploads\/2022\/12\/857BE85D-453F-48C4-93EE-2FC5578A69E3-112x84.jpeg 112w, https:\/\/www.alagoinhas.ba.gov.br\/wp-content\/uploads\/2022\/12\/857BE85D-453F-48C4-93EE-2FC5578A69E3.jpeg 1600w\" alt=\"\" width=\"800\" height=\"600\" \/><\/a><a class=\"group1 cboxElement\" href=\"https:\/\/www.alagoinhas.ba.gov.br\/wp-content\/uploads\/2022\/12\/67EE637B-9844-4433-833B-4D6DE1845E4C.jpeg\"><img loading=\"lazy\" decoding=\"async\" class=\"aligncenter size-large wp-image-62333\" src=\"https:\/\/www.alagoinhas.ba.gov.br\/wp-content\/uploads\/2022\/12\/67EE637B-9844-4433-833B-4D6DE1845E4C-1024x768.jpeg\" sizes=\"auto, (max-width: 800px) 100vw, 800px\" srcset=\"https:\/\/www.alagoinhas.ba.gov.br\/wp-content\/uploads\/2022\/12\/67EE637B-9844-4433-833B-4D6DE1845E4C-1024x768.jpeg 1024w, https:\/\/www.alagoinhas.ba.gov.br\/wp-content\/uploads\/2022\/12\/67EE637B-9844-4433-833B-4D6DE1845E4C-300x225.jpeg 300w, https:\/\/www.alagoinhas.ba.gov.br\/wp-content\/uploads\/2022\/12\/67EE637B-9844-4433-833B-4D6DE1845E4C-768x576.jpeg 768w, https:\/\/www.alagoinhas.ba.gov.br\/wp-content\/uploads\/2022\/12\/67EE637B-9844-4433-833B-4D6DE1845E4C-112x84.jpeg 112w, https:\/\/www.alagoinhas.ba.gov.br\/wp-content\/uploads\/2022\/12\/67EE637B-9844-4433-833B-4D6DE1845E4C.jpeg 1600w\" alt=\"\" width=\"800\" height=\"600\" \/><\/a><a class=\"group1 cboxElement\" href=\"https:\/\/www.alagoinhas.ba.gov.br\/wp-content\/uploads\/2022\/12\/4CA9B186-65EA-4B6A-A67D-EEC860F231EF.jpeg\"><img loading=\"lazy\" decoding=\"async\" class=\"aligncenter size-large wp-image-62334\" src=\"https:\/\/www.alagoinhas.ba.gov.br\/wp-content\/uploads\/2022\/12\/4CA9B186-65EA-4B6A-A67D-EEC860F231EF-1024x768.jpeg\" sizes=\"auto, (max-width: 800px) 100vw, 800px\" srcset=\"https:\/\/www.alagoinhas.ba.gov.br\/wp-content\/uploads\/2022\/12\/4CA9B186-65EA-4B6A-A67D-EEC860F231EF-1024x768.jpeg 1024w, https:\/\/www.alagoinhas.ba.gov.br\/wp-content\/uploads\/2022\/12\/4CA9B186-65EA-4B6A-A67D-EEC860F231EF-300x225.jpeg 300w, https:\/\/www.alagoinhas.ba.gov.br\/wp-content\/uploads\/2022\/12\/4CA9B186-65EA-4B6A-A67D-EEC860F231EF-768x576.jpeg 768w, https:\/\/www.alagoinhas.ba.gov.br\/wp-content\/uploads\/2022\/12\/4CA9B186-65EA-4B6A-A67D-EEC860F231EF-112x84.jpeg 112w, https:\/\/www.alagoinhas.ba.gov.br\/wp-content\/uploads\/2022\/12\/4CA9B186-65EA-4B6A-A67D-EEC860F231EF.jpeg 1600w\" alt=\"\" width=\"800\" height=\"600\" \/><\/a><a class=\"group1 cboxElement\" href=\"https:\/\/www.alagoinhas.ba.gov.br\/wp-content\/uploads\/2022\/12\/FCE525D1-3506-4226-904C-163ABC00308E.jpeg\"><img loading=\"lazy\" decoding=\"async\" class=\"aligncenter size-large wp-image-62335\" src=\"https:\/\/www.alagoinhas.ba.gov.br\/wp-content\/uploads\/2022\/12\/FCE525D1-3506-4226-904C-163ABC00308E-1024x768.jpeg\" sizes=\"auto, (max-width: 800px) 100vw, 800px\" srcset=\"https:\/\/www.alagoinhas.ba.gov.br\/wp-content\/uploads\/2022\/12\/FCE525D1-3506-4226-904C-163ABC00308E-1024x768.jpeg 1024w, https:\/\/www.alagoinhas.ba.gov.br\/wp-content\/uploads\/2022\/12\/FCE525D1-3506-4226-904C-163ABC00308E-300x225.jpeg 300w, https:\/\/www.alagoinhas.ba.gov.br\/wp-content\/uploads\/2022\/12\/FCE525D1-3506-4226-904C-163ABC00308E-768x576.jpeg 768w, https:\/\/www.alagoinhas.ba.gov.br\/wp-content\/uploads\/2022\/12\/FCE525D1-3506-4226-904C-163ABC00308E-112x84.jpeg 112w, https:\/\/www.alagoinhas.ba.gov.br\/wp-content\/uploads\/2022\/12\/FCE525D1-3506-4226-904C-163ABC00308E.jpeg 1600w\" alt=\"\" width=\"800\" height=\"600\" \/><\/a><a class=\"group1 cboxElement\" href=\"https:\/\/www.alagoinhas.ba.gov.br\/wp-content\/uploads\/2022\/12\/CBC8D6F7-E90B-4FC1-A56B-2601F0FEFF68.jpeg\"><img loading=\"lazy\" decoding=\"async\" class=\"aligncenter size-large wp-image-62336\" src=\"https:\/\/www.alagoinhas.ba.gov.br\/wp-content\/uploads\/2022\/12\/CBC8D6F7-E90B-4FC1-A56B-2601F0FEFF68-1024x682.jpeg\" sizes=\"auto, (max-width: 800px) 100vw, 800px\" srcset=\"https:\/\/www.alagoinhas.ba.gov.br\/wp-content\/uploads\/2022\/12\/CBC8D6F7-E90B-4FC1-A56B-2601F0FEFF68-1024x682.jpeg 1024w, https:\/\/www.alagoinhas.ba.gov.br\/wp-content\/uploads\/2022\/12\/CBC8D6F7-E90B-4FC1-A56B-2601F0FEFF68-300x200.jpeg 300w, https:\/\/www.alagoinhas.ba.gov.br\/wp-content\/uploads\/2022\/12\/CBC8D6F7-E90B-4FC1-A56B-2601F0FEFF68-768x512.jpeg 768w, https:\/\/www.alagoinhas.ba.gov.br\/wp-content\/uploads\/2022\/12\/CBC8D6F7-E90B-4FC1-A56B-2601F0FEFF68-126x84.jpeg 126w, https:\/\/www.alagoinhas.ba.gov.br\/wp-content\/uploads\/2022\/12\/CBC8D6F7-E90B-4FC1-A56B-2601F0FEFF68.jpeg 1280w\" alt=\"\" width=\"800\" height=\"533\" \/><\/a><a class=\"group1 cboxElement\" href=\"https:\/\/www.alagoinhas.ba.gov.br\/wp-content\/uploads\/2022\/12\/4B175D2A-7ABF-419C-9575-4E66AE4FE9FF.jpeg\"><img loading=\"lazy\" decoding=\"async\" class=\"aligncenter size-large wp-image-62337\" src=\"https:\/\/www.alagoinhas.ba.gov.br\/wp-content\/uploads\/2022\/12\/4B175D2A-7ABF-419C-9575-4E66AE4FE9FF-1024x768.jpeg\" sizes=\"auto, (max-width: 800px) 100vw, 800px\" srcset=\"https:\/\/www.alagoinhas.ba.gov.br\/wp-content\/uploads\/2022\/12\/4B175D2A-7ABF-419C-9575-4E66AE4FE9FF-1024x768.jpeg 1024w, https:\/\/www.alagoinhas.ba.gov.br\/wp-content\/uploads\/2022\/12\/4B175D2A-7ABF-419C-9575-4E66AE4FE9FF-300x225.jpeg 300w, https:\/\/www.alagoinhas.ba.gov.br\/wp-content\/uploads\/2022\/12\/4B175D2A-7ABF-419C-9575-4E66AE4FE9FF-768x576.jpeg 768w, https:\/\/www.alagoinhas.ba.gov.br\/wp-content\/uploads\/2022\/12\/4B175D2A-7ABF-419C-9575-4E66AE4FE9FF-112x84.jpeg 112w, https:\/\/www.alagoinhas.ba.gov.br\/wp-content\/uploads\/2022\/12\/4B175D2A-7ABF-419C-9575-4E66AE4FE9FF.jpeg 1600w\" alt=\"\" width=\"800\" height=\"600\" \/><\/a><a class=\"group1 cboxElement\" href=\"https:\/\/www.alagoinhas.ba.gov.br\/wp-content\/uploads\/2022\/12\/C7561EBF-E4C1-46CB-ADDD-5D49E294C69D.jpeg\"><img loading=\"lazy\" decoding=\"async\" class=\"aligncenter size-large wp-image-62338\" src=\"https:\/\/www.alagoinhas.ba.gov.br\/wp-content\/uploads\/2022\/12\/C7561EBF-E4C1-46CB-ADDD-5D49E294C69D-1024x682.jpeg\" sizes=\"auto, (max-width: 800px) 100vw, 800px\" srcset=\"https:\/\/www.alagoinhas.ba.gov.br\/wp-content\/uploads\/2022\/12\/C7561EBF-E4C1-46CB-ADDD-5D49E294C69D-1024x682.jpeg 1024w, https:\/\/www.alagoinhas.ba.gov.br\/wp-content\/uploads\/2022\/12\/C7561EBF-E4C1-46CB-ADDD-5D49E294C69D-300x200.jpeg 300w, https:\/\/www.alagoinhas.ba.gov.br\/wp-content\/uploads\/2022\/12\/C7561EBF-E4C1-46CB-ADDD-5D49E294C69D-768x512.jpeg 768w, https:\/\/www.alagoinhas.ba.gov.br\/wp-content\/uploads\/2022\/12\/C7561EBF-E4C1-46CB-ADDD-5D49E294C69D-126x84.jpeg 126w, https:\/\/www.alagoinhas.ba.gov.br\/wp-content\/uploads\/2022\/12\/C7561EBF-E4C1-46CB-ADDD-5D49E294C69D.jpeg 1280w\" alt=\"\" width=\"800\" height=\"533\" \/><\/a><a class=\"group1 cboxElement\" href=\"https:\/\/www.alagoinhas.ba.gov.br\/wp-content\/uploads\/2022\/12\/AC8AE996-19E7-425E-9771-89756BF6E972.jpeg\"><img loading=\"lazy\" decoding=\"async\" class=\"aligncenter size-large wp-image-62339\" src=\"https:\/\/www.alagoinhas.ba.gov.br\/wp-content\/uploads\/2022\/12\/AC8AE996-19E7-425E-9771-89756BF6E972-1024x682.jpeg\" sizes=\"auto, (max-width: 800px) 100vw, 800px\" srcset=\"https:\/\/www.alagoinhas.ba.gov.br\/wp-content\/uploads\/2022\/12\/AC8AE996-19E7-425E-9771-89756BF6E972-1024x682.jpeg 1024w, https:\/\/www.alagoinhas.ba.gov.br\/wp-content\/uploads\/2022\/12\/AC8AE996-19E7-425E-9771-89756BF6E972-300x200.jpeg 300w, https:\/\/www.alagoinhas.ba.gov.br\/wp-content\/uploads\/2022\/12\/AC8AE996-19E7-425E-9771-89756BF6E972-768x512.jpeg 768w, https:\/\/www.alagoinhas.ba.gov.br\/wp-content\/uploads\/2022\/12\/AC8AE996-19E7-425E-9771-89756BF6E972-126x84.jpeg 126w, https:\/\/www.alagoinhas.ba.gov.br\/wp-content\/uploads\/2022\/12\/AC8AE996-19E7-425E-9771-89756BF6E972.jpeg 1280w\" alt=\"\" width=\"800\" height=\"533\" \/><\/a><a class=\"group1 cboxElement\" href=\"https:\/\/www.alagoinhas.ba.gov.br\/wp-content\/uploads\/2022\/12\/454594D3-1BC7-4833-A721-A2C9A32A3004.jpeg\"><img loading=\"lazy\" decoding=\"async\" class=\"aligncenter size-large wp-image-62340\" src=\"https:\/\/www.alagoinhas.ba.gov.br\/wp-content\/uploads\/2022\/12\/454594D3-1BC7-4833-A721-A2C9A32A3004-1024x682.jpeg\" sizes=\"auto, (max-width: 800px) 100vw, 800px\" srcset=\"https:\/\/www.alagoinhas.ba.gov.br\/wp-content\/uploads\/2022\/12\/454594D3-1BC7-4833-A721-A2C9A32A3004-1024x682.jpeg 1024w, https:\/\/www.alagoinhas.ba.gov.br\/wp-content\/uploads\/2022\/12\/454594D3-1BC7-4833-A721-A2C9A32A3004-300x200.jpeg 300w, https:\/\/www.alagoinhas.ba.gov.br\/wp-content\/uploads\/2022\/12\/454594D3-1BC7-4833-A721-A2C9A32A3004-768x512.jpeg 768w, https:\/\/www.alagoinhas.ba.gov.br\/wp-content\/uploads\/2022\/12\/454594D3-1BC7-4833-A721-A2C9A32A3004-126x84.jpeg 126w, https:\/\/www.alagoinhas.ba.gov.br\/wp-content\/uploads\/2022\/12\/454594D3-1BC7-4833-A721-A2C9A32A3004.jpeg 1280w\" alt=\"\" width=\"800\" height=\"533\" \/><\/a><a class=\"group1 cboxElement\" href=\"https:\/\/www.alagoinhas.ba.gov.br\/wp-content\/uploads\/2022\/12\/1D82DF7D-4C65-41EA-9F64-5CC01BC1B274.jpeg\"><img loading=\"lazy\" decoding=\"async\" class=\"aligncenter size-large wp-image-62341\" src=\"https:\/\/www.alagoinhas.ba.gov.br\/wp-content\/uploads\/2022\/12\/1D82DF7D-4C65-41EA-9F64-5CC01BC1B274-1024x682.jpeg\" sizes=\"auto, (max-width: 800px) 100vw, 800px\" srcset=\"https:\/\/www.alagoinhas.ba.gov.br\/wp-content\/uploads\/2022\/12\/1D82DF7D-4C65-41EA-9F64-5CC01BC1B274-1024x682.jpeg 1024w, https:\/\/www.alagoinhas.ba.gov.br\/wp-content\/uploads\/2022\/12\/1D82DF7D-4C65-41EA-9F64-5CC01BC1B274-300x200.jpeg 300w, https:\/\/www.alagoinhas.ba.gov.br\/wp-content\/uploads\/2022\/12\/1D82DF7D-4C65-41EA-9F64-5CC01BC1B274-768x512.jpeg 768w, https:\/\/www.alagoinhas.ba.gov.br\/wp-content\/uploads\/2022\/12\/1D82DF7D-4C65-41EA-9F64-5CC01BC1B274-126x84.jpeg 126w, https:\/\/www.alagoinhas.ba.gov.br\/wp-content\/uploads\/2022\/12\/1D82DF7D-4C65-41EA-9F64-5CC01BC1B274.jpeg 1280w\" alt=\"\" width=\"800\" height=\"533\" \/><\/a><\/p>\n<p>Foto: Roberto Fonseca\/ SECOM<\/p>\n<div class='share-to-whatsapp-wrapper'><div class='share-on-whsp'>Share on: <\/div><a data-text='Conscientiza\u00e7\u00e3o, educa\u00e7\u00e3o e gratid\u00e3o marcam a Semana de Direitos Humanos' data-link='https:\/\/newsinfoco.com.br\/inicio\/conscientizacao-educacao-e-gratidao-marcam-a-semana-de-direitos-humanos\/' class='whatsapp-button whatsapp-share'>WhatsApp<\/a><div class='clear '><\/div><\/div>","protected":false},"excerpt":{"rendered":"<p>Resgatando e conscientizando a import\u00e2ncia do Dia Internacional dos Direitos Humanos, comemorado hoje, 10 de dezembro, a Prefeitura de Alagoinhas, por meio da Secretaria de Assist\u00eancia Social (SEMAS), realizou durante os dias 05 a 10 de dezembro, a Semana dos Direitos Humanos, que destacou as a\u00e7\u00f5es na \u00e1rea dos direitos humanos em todos os contextos, [&hellip;]<\/p>\n","protected":false},"author":1,"featured_media":32139,"comment_status":"closed","ping_status":"closed","sticky":false,"template":"","format":"standard","meta":{"om_disable_all_campaigns":false,"rop_custom_images_group":[],"rop_custom_messages_group":[],"rop_publish_now":"initial","rop_publish_now_accounts":[],"rop_publish_now_history":[],"rop_publish_now_status":"pending","_exactmetrics_skip_tracking":false,"footnotes":""},"categories":[38,167],"tags":[],"class_list":["post-32128","post","type-post","status-publish","format-standard","has-post-thumbnail","hentry","category-alagoinhas-e-regiao","category-exclusivas"],"aioseo_notices":[],"aioseo_head":"\n\t\t<!-- All in One SEO 4.9.10 - aioseo.com -->\n\t<meta name=\"description\" content=\"Resgatando e conscientizando a import\u00e2ncia do Dia Internacional dos Direitos Humanos, comemorado hoje, 10 de dezembro, a Prefeitura de Alagoinhas, por meio da Secretaria de Assist\u00eancia Social (SEMAS), realizou durante os dias 05 a 10 de dezembro, a Semana dos Direitos Humanos, que destacou as a\u00e7\u00f5es na \u00e1rea dos direitos humanos em todos os contextos,\" \/>\n\t<meta name=\"robots\" content=\"max-image-preview:large\" \/>\n\t<meta name=\"author\" content=\"administrador\"\/>\n\t<link rel=\"canonical\" href=\"https:\/\/newsinfoco.com.br\/inicio\/conscientizacao-educacao-e-gratidao-marcam-a-semana-de-direitos-humanos\/\" \/>\n\t<meta name=\"generator\" content=\"All in One SEO (AIOSEO) 4.9.10\" \/>\n\t\t<meta property=\"og:locale\" content=\"pt_BR\" \/>\n\t\t<meta property=\"og:site_name\" content=\"News In Foco - Editado por Caio Pimenta - O principal site de noticias de Alagoinhas e regi\u00e3o\" \/>\n\t\t<meta property=\"og:type\" content=\"article\" \/>\n\t\t<meta property=\"og:title\" content=\"Conscientiza\u00e7\u00e3o, educa\u00e7\u00e3o e gratid\u00e3o marcam a Semana de Direitos Humanos - News In Foco - Editado por Caio Pimenta\" \/>\n\t\t<meta property=\"og:description\" content=\"Resgatando e conscientizando a import\u00e2ncia do Dia Internacional dos Direitos Humanos, comemorado hoje, 10 de dezembro, a Prefeitura de Alagoinhas, por meio da Secretaria de Assist\u00eancia Social (SEMAS), realizou durante os dias 05 a 10 de dezembro, a Semana dos Direitos Humanos, que destacou as a\u00e7\u00f5es na \u00e1rea dos direitos humanos em todos os contextos,\" \/>\n\t\t<meta property=\"og:url\" content=\"https:\/\/newsinfoco.com.br\/inicio\/conscientizacao-educacao-e-gratidao-marcam-a-semana-de-direitos-humanos\/\" \/>\n\t\t<meta property=\"article:published_time\" content=\"2022-12-11T13:24:09+00:00\" \/>\n\t\t<meta property=\"article:modified_time\" content=\"2022-12-11T16:19:54+00:00\" \/>\n\t\t<meta name=\"twitter:card\" content=\"summary_large_image\" \/>\n\t\t<meta name=\"twitter:title\" content=\"Conscientiza\u00e7\u00e3o, educa\u00e7\u00e3o e gratid\u00e3o marcam a Semana de Direitos Humanos - News In Foco - Editado por Caio Pimenta\" \/>\n\t\t<meta name=\"twitter:description\" content=\"Resgatando e conscientizando a import\u00e2ncia do Dia Internacional dos Direitos Humanos, comemorado hoje, 10 de dezembro, a Prefeitura de Alagoinhas, por meio da Secretaria de Assist\u00eancia Social (SEMAS), realizou durante os dias 05 a 10 de dezembro, a Semana dos Direitos Humanos, que destacou as a\u00e7\u00f5es na \u00e1rea dos direitos humanos em todos os contextos,\" \/>\n\t\t<script type=\"application\/ld+json\" class=\"aioseo-schema\">\n\t\t\t{\"@context\":\"https:\\\/\\\/schema.org\",\"@graph\":[{\"@type\":\"BlogPosting\",\"@id\":\"https:\\\/\\\/newsinfoco.com.br\\\/inicio\\\/conscientizacao-educacao-e-gratidao-marcam-a-semana-de-direitos-humanos\\\/#blogposting\",\"name\":\"Conscientiza\\u00e7\\u00e3o, educa\\u00e7\\u00e3o e gratid\\u00e3o marcam a Semana de Direitos Humanos - News In Foco - Editado por Caio Pimenta\",\"headline\":\"Conscientiza\\u00e7\\u00e3o, educa\\u00e7\\u00e3o e gratid\\u00e3o marcam a Semana de Direitos Humanos\",\"author\":{\"@id\":\"https:\\\/\\\/newsinfoco.com.br\\\/inicio\\\/author\\\/administrador\\\/#author\"},\"publisher\":{\"@id\":\"https:\\\/\\\/newsinfoco.com.br\\\/inicio\\\/#organization\"},\"image\":{\"@type\":\"ImageObject\",\"url\":\"https:\\\/\\\/newsinfoco.com.br\\\/inicio\\\/wp-content\\\/uploads\\\/2022\\\/12\\\/E7C27726-B231-4718-BB92-AF350E5ED603-550x368-1.jpeg\",\"width\":550,\"height\":368},\"datePublished\":\"2022-12-11T10:24:09-03:00\",\"dateModified\":\"2022-12-11T13:19:54-03:00\",\"inLanguage\":\"pt-BR\",\"mainEntityOfPage\":{\"@id\":\"https:\\\/\\\/newsinfoco.com.br\\\/inicio\\\/conscientizacao-educacao-e-gratidao-marcam-a-semana-de-direitos-humanos\\\/#webpage\"},\"isPartOf\":{\"@id\":\"https:\\\/\\\/newsinfoco.com.br\\\/inicio\\\/conscientizacao-educacao-e-gratidao-marcam-a-semana-de-direitos-humanos\\\/#webpage\"},\"articleSection\":\"Alagoinhas e Regi\\u00e3o, Manchete\"},{\"@type\":\"BreadcrumbList\",\"@id\":\"https:\\\/\\\/newsinfoco.com.br\\\/inicio\\\/conscientizacao-educacao-e-gratidao-marcam-a-semana-de-direitos-humanos\\\/#breadcrumblist\",\"itemListElement\":[{\"@type\":\"ListItem\",\"@id\":\"https:\\\/\\\/newsinfoco.com.br\\\/inicio#listItem\",\"position\":1,\"name\":\"In\\u00edcio\",\"item\":\"https:\\\/\\\/newsinfoco.com.br\\\/inicio\",\"nextItem\":{\"@type\":\"ListItem\",\"@id\":\"https:\\\/\\\/newsinfoco.com.br\\\/inicio\\\/category\\\/alagoinhas-e-regiao\\\/#listItem\",\"name\":\"Alagoinhas e Regi\\u00e3o\"}},{\"@type\":\"ListItem\",\"@id\":\"https:\\\/\\\/newsinfoco.com.br\\\/inicio\\\/category\\\/alagoinhas-e-regiao\\\/#listItem\",\"position\":2,\"name\":\"Alagoinhas e Regi\\u00e3o\",\"item\":\"https:\\\/\\\/newsinfoco.com.br\\\/inicio\\\/category\\\/alagoinhas-e-regiao\\\/\",\"nextItem\":{\"@type\":\"ListItem\",\"@id\":\"https:\\\/\\\/newsinfoco.com.br\\\/inicio\\\/conscientizacao-educacao-e-gratidao-marcam-a-semana-de-direitos-humanos\\\/#listItem\",\"name\":\"Conscientiza\\u00e7\\u00e3o, educa\\u00e7\\u00e3o e gratid\\u00e3o marcam a Semana de Direitos Humanos\"},\"previousItem\":{\"@type\":\"ListItem\",\"@id\":\"https:\\\/\\\/newsinfoco.com.br\\\/inicio#listItem\",\"name\":\"In\\u00edcio\"}},{\"@type\":\"ListItem\",\"@id\":\"https:\\\/\\\/newsinfoco.com.br\\\/inicio\\\/conscientizacao-educacao-e-gratidao-marcam-a-semana-de-direitos-humanos\\\/#listItem\",\"position\":3,\"name\":\"Conscientiza\\u00e7\\u00e3o, educa\\u00e7\\u00e3o e gratid\\u00e3o marcam a Semana de Direitos Humanos\",\"previousItem\":{\"@type\":\"ListItem\",\"@id\":\"https:\\\/\\\/newsinfoco.com.br\\\/inicio\\\/category\\\/alagoinhas-e-regiao\\\/#listItem\",\"name\":\"Alagoinhas e Regi\\u00e3o\"}}]},{\"@type\":\"Organization\",\"@id\":\"https:\\\/\\\/newsinfoco.com.br\\\/inicio\\\/#organization\",\"name\":\"News In Foco - Editado por Caio Pimenta\",\"description\":\"O principal site de noticias de Alagoinhas e regi\\u00e3o\",\"url\":\"https:\\\/\\\/newsinfoco.com.br\\\/inicio\\\/\"},{\"@type\":\"Person\",\"@id\":\"https:\\\/\\\/newsinfoco.com.br\\\/inicio\\\/author\\\/administrador\\\/#author\",\"url\":\"https:\\\/\\\/newsinfoco.com.br\\\/inicio\\\/author\\\/administrador\\\/\",\"name\":\"administrador\",\"image\":{\"@type\":\"ImageObject\",\"@id\":\"https:\\\/\\\/newsinfoco.com.br\\\/inicio\\\/conscientizacao-educacao-e-gratidao-marcam-a-semana-de-direitos-humanos\\\/#authorImage\",\"url\":\"https:\\\/\\\/secure.gravatar.com\\\/avatar\\\/c17a617433de8c1dc9584bb79aab7563b46f5bb7e1728c9b17d9cc3ce6a08e49?s=96&d=mm&r=g\",\"width\":96,\"height\":96,\"caption\":\"administrador\"}},{\"@type\":\"WebPage\",\"@id\":\"https:\\\/\\\/newsinfoco.com.br\\\/inicio\\\/conscientizacao-educacao-e-gratidao-marcam-a-semana-de-direitos-humanos\\\/#webpage\",\"url\":\"https:\\\/\\\/newsinfoco.com.br\\\/inicio\\\/conscientizacao-educacao-e-gratidao-marcam-a-semana-de-direitos-humanos\\\/\",\"name\":\"Conscientiza\\u00e7\\u00e3o, educa\\u00e7\\u00e3o e gratid\\u00e3o marcam a Semana de Direitos Humanos - News In Foco - Editado por Caio Pimenta\",\"description\":\"Resgatando e conscientizando a import\\u00e2ncia do Dia Internacional dos Direitos Humanos, comemorado hoje, 10 de dezembro, a Prefeitura de Alagoinhas, por meio da Secretaria de Assist\\u00eancia Social (SEMAS), realizou durante os dias 05 a 10 de dezembro, a Semana dos Direitos Humanos, que destacou as a\\u00e7\\u00f5es na \\u00e1rea dos direitos humanos em todos os contextos,\",\"inLanguage\":\"pt-BR\",\"isPartOf\":{\"@id\":\"https:\\\/\\\/newsinfoco.com.br\\\/inicio\\\/#website\"},\"breadcrumb\":{\"@id\":\"https:\\\/\\\/newsinfoco.com.br\\\/inicio\\\/conscientizacao-educacao-e-gratidao-marcam-a-semana-de-direitos-humanos\\\/#breadcrumblist\"},\"author\":{\"@id\":\"https:\\\/\\\/newsinfoco.com.br\\\/inicio\\\/author\\\/administrador\\\/#author\"},\"creator\":{\"@id\":\"https:\\\/\\\/newsinfoco.com.br\\\/inicio\\\/author\\\/administrador\\\/#author\"},\"image\":{\"@type\":\"ImageObject\",\"url\":\"https:\\\/\\\/newsinfoco.com.br\\\/inicio\\\/wp-content\\\/uploads\\\/2022\\\/12\\\/E7C27726-B231-4718-BB92-AF350E5ED603-550x368-1.jpeg\",\"@id\":\"https:\\\/\\\/newsinfoco.com.br\\\/inicio\\\/conscientizacao-educacao-e-gratidao-marcam-a-semana-de-direitos-humanos\\\/#mainImage\",\"width\":550,\"height\":368},\"primaryImageOfPage\":{\"@id\":\"https:\\\/\\\/newsinfoco.com.br\\\/inicio\\\/conscientizacao-educacao-e-gratidao-marcam-a-semana-de-direitos-humanos\\\/#mainImage\"},\"datePublished\":\"2022-12-11T10:24:09-03:00\",\"dateModified\":\"2022-12-11T13:19:54-03:00\"},{\"@type\":\"WebSite\",\"@id\":\"https:\\\/\\\/newsinfoco.com.br\\\/inicio\\\/#website\",\"url\":\"https:\\\/\\\/newsinfoco.com.br\\\/inicio\\\/\",\"name\":\"News In Foco - Editado por Caio Pimenta\",\"description\":\"O principal site de noticias de Alagoinhas e regi\\u00e3o\",\"inLanguage\":\"pt-BR\",\"publisher\":{\"@id\":\"https:\\\/\\\/newsinfoco.com.br\\\/inicio\\\/#organization\"}}]}\n\t\t<\/script>\n\t\t<!-- All in One SEO -->\n\n","aioseo_head_json":{"title":"Conscientiza\u00e7\u00e3o, educa\u00e7\u00e3o e gratid\u00e3o marcam a Semana de Direitos Humanos - News In Foco - Editado por Caio Pimenta","description":"Resgatando e conscientizando a import\u00e2ncia do Dia Internacional dos Direitos Humanos, comemorado hoje, 10 de dezembro, a Prefeitura de Alagoinhas, por meio da Secretaria de Assist\u00eancia Social (SEMAS), realizou durante os dias 05 a 10 de dezembro, a Semana dos Direitos Humanos, que destacou as a\u00e7\u00f5es na \u00e1rea dos direitos humanos em todos os contextos,","canonical_url":"https:\/\/newsinfoco.com.br\/inicio\/conscientizacao-educacao-e-gratidao-marcam-a-semana-de-direitos-humanos\/","robots":"max-image-preview:large","keywords":"","webmasterTools":{"miscellaneous":""},"schema":{"@context":"https:\/\/schema.org","@graph":[{"@type":"BlogPosting","@id":"https:\/\/newsinfoco.com.br\/inicio\/conscientizacao-educacao-e-gratidao-marcam-a-semana-de-direitos-humanos\/#blogposting","name":"Conscientiza\u00e7\u00e3o, educa\u00e7\u00e3o e gratid\u00e3o marcam a Semana de Direitos Humanos - News In Foco - Editado por Caio Pimenta","headline":"Conscientiza\u00e7\u00e3o, educa\u00e7\u00e3o e gratid\u00e3o marcam a Semana de Direitos Humanos","author":{"@id":"https:\/\/newsinfoco.com.br\/inicio\/author\/administrador\/#author"},"publisher":{"@id":"https:\/\/newsinfoco.com.br\/inicio\/#organization"},"image":{"@type":"ImageObject","url":"https:\/\/newsinfoco.com.br\/inicio\/wp-content\/uploads\/2022\/12\/E7C27726-B231-4718-BB92-AF350E5ED603-550x368-1.jpeg","width":550,"height":368},"datePublished":"2022-12-11T10:24:09-03:00","dateModified":"2022-12-11T13:19:54-03:00","inLanguage":"pt-BR","mainEntityOfPage":{"@id":"https:\/\/newsinfoco.com.br\/inicio\/conscientizacao-educacao-e-gratidao-marcam-a-semana-de-direitos-humanos\/#webpage"},"isPartOf":{"@id":"https:\/\/newsinfoco.com.br\/inicio\/conscientizacao-educacao-e-gratidao-marcam-a-semana-de-direitos-humanos\/#webpage"},"articleSection":"Alagoinhas e Regi\u00e3o, Manchete"},{"@type":"BreadcrumbList","@id":"https:\/\/newsinfoco.com.br\/inicio\/conscientizacao-educacao-e-gratidao-marcam-a-semana-de-direitos-humanos\/#breadcrumblist","itemListElement":[{"@type":"ListItem","@id":"https:\/\/newsinfoco.com.br\/inicio#listItem","position":1,"name":"In\u00edcio","item":"https:\/\/newsinfoco.com.br\/inicio","nextItem":{"@type":"ListItem","@id":"https:\/\/newsinfoco.com.br\/inicio\/category\/alagoinhas-e-regiao\/#listItem","name":"Alagoinhas e Regi\u00e3o"}},{"@type":"ListItem","@id":"https:\/\/newsinfoco.com.br\/inicio\/category\/alagoinhas-e-regiao\/#listItem","position":2,"name":"Alagoinhas e Regi\u00e3o","item":"https:\/\/newsinfoco.com.br\/inicio\/category\/alagoinhas-e-regiao\/","nextItem":{"@type":"ListItem","@id":"https:\/\/newsinfoco.com.br\/inicio\/conscientizacao-educacao-e-gratidao-marcam-a-semana-de-direitos-humanos\/#listItem","name":"Conscientiza\u00e7\u00e3o, educa\u00e7\u00e3o e gratid\u00e3o marcam a Semana de Direitos Humanos"},"previousItem":{"@type":"ListItem","@id":"https:\/\/newsinfoco.com.br\/inicio#listItem","name":"In\u00edcio"}},{"@type":"ListItem","@id":"https:\/\/newsinfoco.com.br\/inicio\/conscientizacao-educacao-e-gratidao-marcam-a-semana-de-direitos-humanos\/#listItem","position":3,"name":"Conscientiza\u00e7\u00e3o, educa\u00e7\u00e3o e gratid\u00e3o marcam a Semana de Direitos Humanos","previousItem":{"@type":"ListItem","@id":"https:\/\/newsinfoco.com.br\/inicio\/category\/alagoinhas-e-regiao\/#listItem","name":"Alagoinhas e Regi\u00e3o"}}]},{"@type":"Organization","@id":"https:\/\/newsinfoco.com.br\/inicio\/#organization","name":"News In Foco - Editado por Caio Pimenta","description":"O principal site de noticias de Alagoinhas e regi\u00e3o","url":"https:\/\/newsinfoco.com.br\/inicio\/"},{"@type":"Person","@id":"https:\/\/newsinfoco.com.br\/inicio\/author\/administrador\/#author","url":"https:\/\/newsinfoco.com.br\/inicio\/author\/administrador\/","name":"administrador","image":{"@type":"ImageObject","@id":"https:\/\/newsinfoco.com.br\/inicio\/conscientizacao-educacao-e-gratidao-marcam-a-semana-de-direitos-humanos\/#authorImage","url":"https:\/\/secure.gravatar.com\/avatar\/c17a617433de8c1dc9584bb79aab7563b46f5bb7e1728c9b17d9cc3ce6a08e49?s=96&d=mm&r=g","width":96,"height":96,"caption":"administrador"}},{"@type":"WebPage","@id":"https:\/\/newsinfoco.com.br\/inicio\/conscientizacao-educacao-e-gratidao-marcam-a-semana-de-direitos-humanos\/#webpage","url":"https:\/\/newsinfoco.com.br\/inicio\/conscientizacao-educacao-e-gratidao-marcam-a-semana-de-direitos-humanos\/","name":"Conscientiza\u00e7\u00e3o, educa\u00e7\u00e3o e gratid\u00e3o marcam a Semana de Direitos Humanos - News In Foco - Editado por Caio Pimenta","description":"Resgatando e conscientizando a import\u00e2ncia do Dia Internacional dos Direitos Humanos, comemorado hoje, 10 de dezembro, a Prefeitura de Alagoinhas, por meio da Secretaria de Assist\u00eancia Social (SEMAS), realizou durante os dias 05 a 10 de dezembro, a Semana dos Direitos Humanos, que destacou as a\u00e7\u00f5es na \u00e1rea dos direitos humanos em todos os contextos,","inLanguage":"pt-BR","isPartOf":{"@id":"https:\/\/newsinfoco.com.br\/inicio\/#website"},"breadcrumb":{"@id":"https:\/\/newsinfoco.com.br\/inicio\/conscientizacao-educacao-e-gratidao-marcam-a-semana-de-direitos-humanos\/#breadcrumblist"},"author":{"@id":"https:\/\/newsinfoco.com.br\/inicio\/author\/administrador\/#author"},"creator":{"@id":"https:\/\/newsinfoco.com.br\/inicio\/author\/administrador\/#author"},"image":{"@type":"ImageObject","url":"https:\/\/newsinfoco.com.br\/inicio\/wp-content\/uploads\/2022\/12\/E7C27726-B231-4718-BB92-AF350E5ED603-550x368-1.jpeg","@id":"https:\/\/newsinfoco.com.br\/inicio\/conscientizacao-educacao-e-gratidao-marcam-a-semana-de-direitos-humanos\/#mainImage","width":550,"height":368},"primaryImageOfPage":{"@id":"https:\/\/newsinfoco.com.br\/inicio\/conscientizacao-educacao-e-gratidao-marcam-a-semana-de-direitos-humanos\/#mainImage"},"datePublished":"2022-12-11T10:24:09-03:00","dateModified":"2022-12-11T13:19:54-03:00"},{"@type":"WebSite","@id":"https:\/\/newsinfoco.com.br\/inicio\/#website","url":"https:\/\/newsinfoco.com.br\/inicio\/","name":"News In Foco - Editado por Caio Pimenta","description":"O principal site de noticias de Alagoinhas e regi\u00e3o","inLanguage":"pt-BR","publisher":{"@id":"https:\/\/newsinfoco.com.br\/inicio\/#organization"}}]},"og:locale":"pt_BR","og:site_name":"News In Foco - Editado por Caio Pimenta - O principal site de noticias de Alagoinhas e regi\u00e3o","og:type":"article","og:title":"Conscientiza\u00e7\u00e3o, educa\u00e7\u00e3o e gratid\u00e3o marcam a Semana de Direitos Humanos - News In Foco - Editado por Caio Pimenta","og:description":"Resgatando e conscientizando a import\u00e2ncia do Dia Internacional dos Direitos Humanos, comemorado hoje, 10 de dezembro, a Prefeitura de Alagoinhas, por meio da Secretaria de Assist\u00eancia Social (SEMAS), realizou durante os dias 05 a 10 de dezembro, a Semana dos Direitos Humanos, que destacou as a\u00e7\u00f5es na \u00e1rea dos direitos humanos em todos os contextos,","og:url":"https:\/\/newsinfoco.com.br\/inicio\/conscientizacao-educacao-e-gratidao-marcam-a-semana-de-direitos-humanos\/","article:published_time":"2022-12-11T13:24:09+00:00","article:modified_time":"2022-12-11T16:19:54+00:00","twitter:card":"summary_large_image","twitter:title":"Conscientiza\u00e7\u00e3o, educa\u00e7\u00e3o e gratid\u00e3o marcam a Semana de Direitos Humanos - News In Foco - Editado por Caio Pimenta","twitter:description":"Resgatando e conscientizando a import\u00e2ncia do Dia Internacional dos Direitos Humanos, comemorado hoje, 10 de dezembro, a Prefeitura de Alagoinhas, por meio da Secretaria de Assist\u00eancia Social (SEMAS), realizou durante os dias 05 a 10 de dezembro, a Semana dos Direitos Humanos, que destacou as a\u00e7\u00f5es na \u00e1rea dos direitos humanos em todos os contextos,"},"aioseo_meta_data":{"post_id":"32128","title":null,"description":null,"keywords":null,"keyphrases":null,"primary_term":null,"canonical_url":null,"og_title":null,"og_description":null,"og_object_type":"default","og_image_type":"default","og_image_url":null,"og_image_width":null,"og_image_height":null,"og_image_custom_url":null,"og_image_custom_fields":null,"og_video":null,"og_custom_url":null,"og_article_section":null,"og_article_tags":null,"twitter_use_og":false,"twitter_card":"default","twitter_image_type":"default","twitter_image_url":null,"twitter_image_custom_url":null,"twitter_image_custom_fields":null,"twitter_title":null,"twitter_description":null,"schema":{"blockGraphs":[],"customGraphs":[],"default":{"data":{"Article":[],"Course":[],"Dataset":[],"FAQPage":[],"Movie":[],"Person":[],"Product":[],"ProductReview":[],"Car":[],"Recipe":[],"Service":[],"SoftwareApplication":[],"WebPage":[]},"graphName":"","isEnabled":true},"graphs":[]},"schema_type":"default","schema_type_options":null,"pillar_content":false,"robots_default":true,"robots_noindex":false,"robots_noarchive":false,"robots_nosnippet":false,"robots_nofollow":false,"robots_noimageindex":false,"robots_noodp":false,"robots_notranslate":false,"robots_max_snippet":null,"robots_max_videopreview":null,"robots_max_imagepreview":"large","priority":null,"frequency":null,"local_seo":null,"breadcrumb_settings":null,"limit_modified_date":false,"ai":null,"created":"2023-06-12 22:27:44","updated":"2025-07-11 08:42:55","seo_analyzer_scan_date":null},"aioseo_breadcrumb":"<div class=\"aioseo-breadcrumbs\"><span class=\"aioseo-breadcrumb\">\n\t\t\t<a href=\"https:\/\/newsinfoco.com.br\/inicio\" title=\"In\u00edcio\">In\u00edcio<\/a>\n\t\t<\/span><span class=\"aioseo-breadcrumb-separator\">&raquo;<\/span><span class=\"aioseo-breadcrumb\">\n\t\t\t<a href=\"https:\/\/newsinfoco.com.br\/inicio\/category\/alagoinhas-e-regiao\/\" title=\"Alagoinhas e Regi\u00e3o\">Alagoinhas e Regi\u00e3o<\/a>\n\t\t<\/span><span class=\"aioseo-breadcrumb-separator\">&raquo;<\/span><span class=\"aioseo-breadcrumb\">\n\t\t\tConscientiza\u00e7\u00e3o, educa\u00e7\u00e3o e gratid\u00e3o marcam a Semana de Direitos Humanos\n\t\t<\/span><\/div>","aioseo_breadcrumb_json":[{"label":"In\u00edcio","link":"https:\/\/newsinfoco.com.br\/inicio"},{"label":"Alagoinhas e Regi\u00e3o","link":"https:\/\/newsinfoco.com.br\/inicio\/category\/alagoinhas-e-regiao\/"},{"label":"Conscientiza\u00e7\u00e3o, educa\u00e7\u00e3o e gratid\u00e3o marcam a Semana de Direitos Humanos","link":"https:\/\/newsinfoco.com.br\/inicio\/conscientizacao-educacao-e-gratidao-marcam-a-semana-de-direitos-humanos\/"}],"_links":{"self":[{"href":"https:\/\/newsinfoco.com.br\/inicio\/wp-json\/wp\/v2\/posts\/32128","targetHints":{"allow":["GET"]}}],"collection":[{"href":"https:\/\/newsinfoco.com.br\/inicio\/wp-json\/wp\/v2\/posts"}],"about":[{"href":"https:\/\/newsinfoco.com.br\/inicio\/wp-json\/wp\/v2\/types\/post"}],"author":[{"embeddable":true,"href":"https:\/\/newsinfoco.com.br\/inicio\/wp-json\/wp\/v2\/users\/1"}],"replies":[{"embeddable":true,"href":"https:\/\/newsinfoco.com.br\/inicio\/wp-json\/wp\/v2\/comments?post=32128"}],"version-history":[{"count":1,"href":"https:\/\/newsinfoco.com.br\/inicio\/wp-json\/wp\/v2\/posts\/32128\/revisions"}],"predecessor-version":[{"id":32129,"href":"https:\/\/newsinfoco.com.br\/inicio\/wp-json\/wp\/v2\/posts\/32128\/revisions\/32129"}],"wp:featuredmedia":[{"embeddable":true,"href":"https:\/\/newsinfoco.com.br\/inicio\/wp-json\/wp\/v2\/media\/32139"}],"wp:attachment":[{"href":"https:\/\/newsinfoco.com.br\/inicio\/wp-json\/wp\/v2\/media?parent=32128"}],"wp:term":[{"taxonomy":"category","embeddable":true,"href":"https:\/\/newsinfoco.com.br\/inicio\/wp-json\/wp\/v2\/categories?post=32128"},{"taxonomy":"post_tag","embeddable":true,"href":"https:\/\/newsinfoco.com.br\/inicio\/wp-json\/wp\/v2\/tags?post=32128"}],"curies":[{"name":"wp","href":"https:\/\/api.w.org\/{rel}","templated":true}]}}