{"id":32145,"date":"2022-12-11T13:56:46","date_gmt":"2022-12-11T16:56:46","guid":{"rendered":"https:\/\/newsinfoco.com.br\/inicio\/?p=32145"},"modified":"2022-12-11T13:58:04","modified_gmt":"2022-12-11T16:58:04","slug":"a-minha-funcao-sera-ajudar-na-gestao-nao-farei-articulacao-politica-comenta-rui-costa-sobre-atuacao-na-casa-civil","status":"publish","type":"post","link":"https:\/\/newsinfoco.com.br\/inicio\/a-minha-funcao-sera-ajudar-na-gestao-nao-farei-articulacao-politica-comenta-rui-costa-sobre-atuacao-na-casa-civil\/","title":{"rendered":"\u201cA minha fun\u00e7\u00e3o ser\u00e1 ajudar na gest\u00e3o. N\u00e3o farei articula\u00e7\u00e3o pol\u00edtica&#8221;, comenta Rui Costa sobre atua\u00e7\u00e3o na Casa Civil"},"content":{"rendered":"<p>Escolhido para comandar a Casa Civil\u00a0do futuro governo Lula, Rui Costa (PT) comentou na \u00faltima sexta-feira (9) sobre o plano do futuro governo. Segundo o governador baiano, a pasta coordenar\u00e1 a gest\u00e3o do governo e n\u00e3o cuidar\u00e1 da articula\u00e7\u00e3o pol\u00edtica, que ser\u00e1 exercida por outra pessoa a ser anunciada na pr\u00f3xima semana por Lula.<\/p>\n<p>\u201cA minha fun\u00e7\u00e3o ser\u00e1 ajudar na gest\u00e3o. N\u00e3o farei articula\u00e7\u00e3o pol\u00edtica. A articula\u00e7\u00e3o pol\u00edtica, o presidente [eleito Lula] nomear\u00e1 quem far\u00e1. O presidente Lula voltar\u00e1 com o organograma do segundo mandato. Aquele \u00e9 o organograma b\u00e1sico que ele tem em mente. Os ajustes ser\u00e3o definidos numa reuni\u00e3o no domingo\u201d, esclareceu Costa.<\/p>\n<p>O petista revelou ainda ter pedido ao Tribunal de Contas da Uni\u00e3o (TCU) a rela\u00e7\u00e3o de obras paralisadas. \u201cO quadro \u00e9 grave. Voc\u00eas j\u00e1 ouviram o relato dos grupos de transi\u00e7\u00e3o. H\u00e1 muitas obras paralisadas. J\u00e1 fiz contato com o ministro do TCU para ter acesso ao levantamento deles, que eles dizem que n\u00e3o \u00e9 um levantamento preciso. S\u00f3 na Bahia, temos 500 obras na \u00e1rea de educa\u00e7\u00e3o paralisadas\u201d, comentou.<\/p>\n<p>Politicaaovivo<\/p>\n<div class='share-to-whatsapp-wrapper'><div class='share-on-whsp'>Share on: <\/div><a data-text='\u201cA minha fun\u00e7\u00e3o ser\u00e1 ajudar na gest\u00e3o. N\u00e3o farei articula\u00e7\u00e3o pol\u00edtica\", comenta Rui Costa sobre atua\u00e7\u00e3o na Casa Civil' data-link='https:\/\/newsinfoco.com.br\/inicio\/a-minha-funcao-sera-ajudar-na-gestao-nao-farei-articulacao-politica-comenta-rui-costa-sobre-atuacao-na-casa-civil\/' class='whatsapp-button whatsapp-share'>WhatsApp<\/a><div class='clear '><\/div><\/div>","protected":false},"excerpt":{"rendered":"<p>Escolhido para comandar a Casa Civil\u00a0do futuro governo Lula, Rui Costa (PT) comentou na \u00faltima sexta-feira (9) sobre o plano do futuro governo. Segundo o governador baiano, a pasta coordenar\u00e1 a gest\u00e3o do governo e n\u00e3o cuidar\u00e1 da articula\u00e7\u00e3o pol\u00edtica, que ser\u00e1 exercida por outra pessoa a ser anunciada na pr\u00f3xima semana por Lula. \u201cA [&hellip;]<\/p>\n","protected":false},"author":1,"featured_media":31821,"comment_status":"closed","ping_status":"closed","sticky":false,"template":"","format":"standard","meta":{"om_disable_all_campaigns":false,"rop_custom_images_group":[],"rop_custom_messages_group":[],"rop_publish_now":"initial","rop_publish_now_accounts":[],"rop_publish_now_history":[],"rop_publish_now_status":"pending","_exactmetrics_skip_tracking":false,"footnotes":""},"categories":[19],"tags":[],"class_list":["post-32145","post","type-post","status-publish","format-standard","has-post-thumbnail","hentry","category-bahia"],"aioseo_notices":[],"aioseo_head":"\n\t\t<!-- All in One SEO 4.9.10 - aioseo.com -->\n\t<meta name=\"description\" content=\"Escolhido para comandar a Casa Civil do futuro governo Lula, Rui Costa (PT) comentou na \u00faltima sexta-feira (9) sobre o plano do futuro governo. Segundo o governador baiano, a pasta coordenar\u00e1 a gest\u00e3o do governo e n\u00e3o cuidar\u00e1 da articula\u00e7\u00e3o pol\u00edtica, que ser\u00e1 exercida por outra pessoa a ser anunciada na pr\u00f3xima semana por Lula. \u201cA\" \/>\n\t<meta name=\"robots\" content=\"max-image-preview:large\" \/>\n\t<meta name=\"author\" content=\"administrador\"\/>\n\t<link rel=\"canonical\" href=\"https:\/\/newsinfoco.com.br\/inicio\/a-minha-funcao-sera-ajudar-na-gestao-nao-farei-articulacao-politica-comenta-rui-costa-sobre-atuacao-na-casa-civil\/\" \/>\n\t<meta name=\"generator\" content=\"All in One SEO (AIOSEO) 4.9.10\" \/>\n\t\t<meta property=\"og:locale\" content=\"pt_BR\" \/>\n\t\t<meta property=\"og:site_name\" content=\"News In Foco - Editado por Caio Pimenta - O principal site de noticias de Alagoinhas e regi\u00e3o\" \/>\n\t\t<meta property=\"og:type\" content=\"article\" \/>\n\t\t<meta property=\"og:title\" content=\"\u201cA minha fun\u00e7\u00e3o ser\u00e1 ajudar na gest\u00e3o. N\u00e3o farei articula\u00e7\u00e3o pol\u00edtica\u201d, comenta Rui Costa sobre atua\u00e7\u00e3o na Casa Civil - News In Foco - Editado por Caio Pimenta\" \/>\n\t\t<meta property=\"og:description\" content=\"Escolhido para comandar a Casa Civil do futuro governo Lula, Rui Costa (PT) comentou na \u00faltima sexta-feira (9) sobre o plano do futuro governo. Segundo o governador baiano, a pasta coordenar\u00e1 a gest\u00e3o do governo e n\u00e3o cuidar\u00e1 da articula\u00e7\u00e3o pol\u00edtica, que ser\u00e1 exercida por outra pessoa a ser anunciada na pr\u00f3xima semana por Lula. \u201cA\" \/>\n\t\t<meta property=\"og:url\" content=\"https:\/\/newsinfoco.com.br\/inicio\/a-minha-funcao-sera-ajudar-na-gestao-nao-farei-articulacao-politica-comenta-rui-costa-sobre-atuacao-na-casa-civil\/\" \/>\n\t\t<meta property=\"article:published_time\" content=\"2022-12-11T16:56:46+00:00\" \/>\n\t\t<meta property=\"article:modified_time\" content=\"2022-12-11T16:58:04+00:00\" \/>\n\t\t<meta name=\"twitter:card\" content=\"summary_large_image\" \/>\n\t\t<meta name=\"twitter:title\" content=\"\u201cA minha fun\u00e7\u00e3o ser\u00e1 ajudar na gest\u00e3o. N\u00e3o farei articula\u00e7\u00e3o pol\u00edtica\u201d, comenta Rui Costa sobre atua\u00e7\u00e3o na Casa Civil - News In Foco - Editado por Caio Pimenta\" \/>\n\t\t<meta name=\"twitter:description\" content=\"Escolhido para comandar a Casa Civil do futuro governo Lula, Rui Costa (PT) comentou na \u00faltima sexta-feira (9) sobre o plano do futuro governo. Segundo o governador baiano, a pasta coordenar\u00e1 a gest\u00e3o do governo e n\u00e3o cuidar\u00e1 da articula\u00e7\u00e3o pol\u00edtica, que ser\u00e1 exercida por outra pessoa a ser anunciada na pr\u00f3xima semana por Lula. \u201cA\" \/>\n\t\t<script type=\"application\/ld+json\" class=\"aioseo-schema\">\n\t\t\t{\"@context\":\"https:\\\/\\\/schema.org\",\"@graph\":[{\"@type\":\"BlogPosting\",\"@id\":\"https:\\\/\\\/newsinfoco.com.br\\\/inicio\\\/a-minha-funcao-sera-ajudar-na-gestao-nao-farei-articulacao-politica-comenta-rui-costa-sobre-atuacao-na-casa-civil\\\/#blogposting\",\"name\":\"\\u201cA minha fun\\u00e7\\u00e3o ser\\u00e1 ajudar na gest\\u00e3o. N\\u00e3o farei articula\\u00e7\\u00e3o pol\\u00edtica\\u201d, comenta Rui Costa sobre atua\\u00e7\\u00e3o na Casa Civil - News In Foco - Editado por Caio Pimenta\",\"headline\":\"\\u201cA minha fun\\u00e7\\u00e3o ser\\u00e1 ajudar na gest\\u00e3o. N\\u00e3o farei articula\\u00e7\\u00e3o pol\\u00edtica&#8221;, comenta Rui Costa sobre atua\\u00e7\\u00e3o na Casa Civil\",\"author\":{\"@id\":\"https:\\\/\\\/newsinfoco.com.br\\\/inicio\\\/author\\\/administrador\\\/#author\"},\"publisher\":{\"@id\":\"https:\\\/\\\/newsinfoco.com.br\\\/inicio\\\/#organization\"},\"image\":{\"@type\":\"ImageObject\",\"url\":\"https:\\\/\\\/newsinfoco.com.br\\\/inicio\\\/wp-content\\\/uploads\\\/2022\\\/11\\\/Lula-e-Rui1.jpg\",\"width\":600,\"height\":438},\"datePublished\":\"2022-12-11T13:56:46-03:00\",\"dateModified\":\"2022-12-11T13:58:04-03:00\",\"inLanguage\":\"pt-BR\",\"mainEntityOfPage\":{\"@id\":\"https:\\\/\\\/newsinfoco.com.br\\\/inicio\\\/a-minha-funcao-sera-ajudar-na-gestao-nao-farei-articulacao-politica-comenta-rui-costa-sobre-atuacao-na-casa-civil\\\/#webpage\"},\"isPartOf\":{\"@id\":\"https:\\\/\\\/newsinfoco.com.br\\\/inicio\\\/a-minha-funcao-sera-ajudar-na-gestao-nao-farei-articulacao-politica-comenta-rui-costa-sobre-atuacao-na-casa-civil\\\/#webpage\"},\"articleSection\":\"Bahia\"},{\"@type\":\"BreadcrumbList\",\"@id\":\"https:\\\/\\\/newsinfoco.com.br\\\/inicio\\\/a-minha-funcao-sera-ajudar-na-gestao-nao-farei-articulacao-politica-comenta-rui-costa-sobre-atuacao-na-casa-civil\\\/#breadcrumblist\",\"itemListElement\":[{\"@type\":\"ListItem\",\"@id\":\"https:\\\/\\\/newsinfoco.com.br\\\/inicio#listItem\",\"position\":1,\"name\":\"In\\u00edcio\",\"item\":\"https:\\\/\\\/newsinfoco.com.br\\\/inicio\",\"nextItem\":{\"@type\":\"ListItem\",\"@id\":\"https:\\\/\\\/newsinfoco.com.br\\\/inicio\\\/category\\\/bahia\\\/#listItem\",\"name\":\"Bahia\"}},{\"@type\":\"ListItem\",\"@id\":\"https:\\\/\\\/newsinfoco.com.br\\\/inicio\\\/category\\\/bahia\\\/#listItem\",\"position\":2,\"name\":\"Bahia\",\"item\":\"https:\\\/\\\/newsinfoco.com.br\\\/inicio\\\/category\\\/bahia\\\/\",\"nextItem\":{\"@type\":\"ListItem\",\"@id\":\"https:\\\/\\\/newsinfoco.com.br\\\/inicio\\\/a-minha-funcao-sera-ajudar-na-gestao-nao-farei-articulacao-politica-comenta-rui-costa-sobre-atuacao-na-casa-civil\\\/#listItem\",\"name\":\"\\u201cA minha fun\\u00e7\\u00e3o ser\\u00e1 ajudar na gest\\u00e3o. N\\u00e3o farei articula\\u00e7\\u00e3o pol\\u00edtica&#8221;, comenta Rui Costa sobre atua\\u00e7\\u00e3o na Casa Civil\"},\"previousItem\":{\"@type\":\"ListItem\",\"@id\":\"https:\\\/\\\/newsinfoco.com.br\\\/inicio#listItem\",\"name\":\"In\\u00edcio\"}},{\"@type\":\"ListItem\",\"@id\":\"https:\\\/\\\/newsinfoco.com.br\\\/inicio\\\/a-minha-funcao-sera-ajudar-na-gestao-nao-farei-articulacao-politica-comenta-rui-costa-sobre-atuacao-na-casa-civil\\\/#listItem\",\"position\":3,\"name\":\"\\u201cA minha fun\\u00e7\\u00e3o ser\\u00e1 ajudar na gest\\u00e3o. N\\u00e3o farei articula\\u00e7\\u00e3o pol\\u00edtica&#8221;, comenta Rui Costa sobre atua\\u00e7\\u00e3o na Casa Civil\",\"previousItem\":{\"@type\":\"ListItem\",\"@id\":\"https:\\\/\\\/newsinfoco.com.br\\\/inicio\\\/category\\\/bahia\\\/#listItem\",\"name\":\"Bahia\"}}]},{\"@type\":\"Organization\",\"@id\":\"https:\\\/\\\/newsinfoco.com.br\\\/inicio\\\/#organization\",\"name\":\"News In Foco - Editado por Caio Pimenta\",\"description\":\"O principal site de noticias de Alagoinhas e regi\\u00e3o\",\"url\":\"https:\\\/\\\/newsinfoco.com.br\\\/inicio\\\/\"},{\"@type\":\"Person\",\"@id\":\"https:\\\/\\\/newsinfoco.com.br\\\/inicio\\\/author\\\/administrador\\\/#author\",\"url\":\"https:\\\/\\\/newsinfoco.com.br\\\/inicio\\\/author\\\/administrador\\\/\",\"name\":\"administrador\",\"image\":{\"@type\":\"ImageObject\",\"@id\":\"https:\\\/\\\/newsinfoco.com.br\\\/inicio\\\/a-minha-funcao-sera-ajudar-na-gestao-nao-farei-articulacao-politica-comenta-rui-costa-sobre-atuacao-na-casa-civil\\\/#authorImage\",\"url\":\"https:\\\/\\\/secure.gravatar.com\\\/avatar\\\/c17a617433de8c1dc9584bb79aab7563b46f5bb7e1728c9b17d9cc3ce6a08e49?s=96&d=mm&r=g\",\"width\":96,\"height\":96,\"caption\":\"administrador\"}},{\"@type\":\"WebPage\",\"@id\":\"https:\\\/\\\/newsinfoco.com.br\\\/inicio\\\/a-minha-funcao-sera-ajudar-na-gestao-nao-farei-articulacao-politica-comenta-rui-costa-sobre-atuacao-na-casa-civil\\\/#webpage\",\"url\":\"https:\\\/\\\/newsinfoco.com.br\\\/inicio\\\/a-minha-funcao-sera-ajudar-na-gestao-nao-farei-articulacao-politica-comenta-rui-costa-sobre-atuacao-na-casa-civil\\\/\",\"name\":\"\\u201cA minha fun\\u00e7\\u00e3o ser\\u00e1 ajudar na gest\\u00e3o. N\\u00e3o farei articula\\u00e7\\u00e3o pol\\u00edtica\\u201d, comenta Rui Costa sobre atua\\u00e7\\u00e3o na Casa Civil - News In Foco - Editado por Caio Pimenta\",\"description\":\"Escolhido para comandar a Casa Civil do futuro governo Lula, Rui Costa (PT) comentou na \\u00faltima sexta-feira (9) sobre o plano do futuro governo. Segundo o governador baiano, a pasta coordenar\\u00e1 a gest\\u00e3o do governo e n\\u00e3o cuidar\\u00e1 da articula\\u00e7\\u00e3o pol\\u00edtica, que ser\\u00e1 exercida por outra pessoa a ser anunciada na pr\\u00f3xima semana por Lula. \\u201cA\",\"inLanguage\":\"pt-BR\",\"isPartOf\":{\"@id\":\"https:\\\/\\\/newsinfoco.com.br\\\/inicio\\\/#website\"},\"breadcrumb\":{\"@id\":\"https:\\\/\\\/newsinfoco.com.br\\\/inicio\\\/a-minha-funcao-sera-ajudar-na-gestao-nao-farei-articulacao-politica-comenta-rui-costa-sobre-atuacao-na-casa-civil\\\/#breadcrumblist\"},\"author\":{\"@id\":\"https:\\\/\\\/newsinfoco.com.br\\\/inicio\\\/author\\\/administrador\\\/#author\"},\"creator\":{\"@id\":\"https:\\\/\\\/newsinfoco.com.br\\\/inicio\\\/author\\\/administrador\\\/#author\"},\"image\":{\"@type\":\"ImageObject\",\"url\":\"https:\\\/\\\/newsinfoco.com.br\\\/inicio\\\/wp-content\\\/uploads\\\/2022\\\/11\\\/Lula-e-Rui1.jpg\",\"@id\":\"https:\\\/\\\/newsinfoco.com.br\\\/inicio\\\/a-minha-funcao-sera-ajudar-na-gestao-nao-farei-articulacao-politica-comenta-rui-costa-sobre-atuacao-na-casa-civil\\\/#mainImage\",\"width\":600,\"height\":438},\"primaryImageOfPage\":{\"@id\":\"https:\\\/\\\/newsinfoco.com.br\\\/inicio\\\/a-minha-funcao-sera-ajudar-na-gestao-nao-farei-articulacao-politica-comenta-rui-costa-sobre-atuacao-na-casa-civil\\\/#mainImage\"},\"datePublished\":\"2022-12-11T13:56:46-03:00\",\"dateModified\":\"2022-12-11T13:58:04-03:00\"},{\"@type\":\"WebSite\",\"@id\":\"https:\\\/\\\/newsinfoco.com.br\\\/inicio\\\/#website\",\"url\":\"https:\\\/\\\/newsinfoco.com.br\\\/inicio\\\/\",\"name\":\"News In Foco - Editado por Caio Pimenta\",\"description\":\"O principal site de noticias de Alagoinhas e regi\\u00e3o\",\"inLanguage\":\"pt-BR\",\"publisher\":{\"@id\":\"https:\\\/\\\/newsinfoco.com.br\\\/inicio\\\/#organization\"}}]}\n\t\t<\/script>\n\t\t<!-- All in One SEO -->\n\n","aioseo_head_json":{"title":"\u201cA minha fun\u00e7\u00e3o ser\u00e1 ajudar na gest\u00e3o. N\u00e3o farei articula\u00e7\u00e3o pol\u00edtica\u201d, comenta Rui Costa sobre atua\u00e7\u00e3o na Casa Civil - News In Foco - Editado por Caio Pimenta","description":"Escolhido para comandar a Casa Civil do futuro governo Lula, Rui Costa (PT) comentou na \u00faltima sexta-feira (9) sobre o plano do futuro governo. Segundo o governador baiano, a pasta coordenar\u00e1 a gest\u00e3o do governo e n\u00e3o cuidar\u00e1 da articula\u00e7\u00e3o pol\u00edtica, que ser\u00e1 exercida por outra pessoa a ser anunciada na pr\u00f3xima semana por Lula. \u201cA","canonical_url":"https:\/\/newsinfoco.com.br\/inicio\/a-minha-funcao-sera-ajudar-na-gestao-nao-farei-articulacao-politica-comenta-rui-costa-sobre-atuacao-na-casa-civil\/","robots":"max-image-preview:large","keywords":"","webmasterTools":{"miscellaneous":""},"schema":{"@context":"https:\/\/schema.org","@graph":[{"@type":"BlogPosting","@id":"https:\/\/newsinfoco.com.br\/inicio\/a-minha-funcao-sera-ajudar-na-gestao-nao-farei-articulacao-politica-comenta-rui-costa-sobre-atuacao-na-casa-civil\/#blogposting","name":"\u201cA minha fun\u00e7\u00e3o ser\u00e1 ajudar na gest\u00e3o. N\u00e3o farei articula\u00e7\u00e3o pol\u00edtica\u201d, comenta Rui Costa sobre atua\u00e7\u00e3o na Casa Civil - News In Foco - Editado por Caio Pimenta","headline":"\u201cA minha fun\u00e7\u00e3o ser\u00e1 ajudar na gest\u00e3o. N\u00e3o farei articula\u00e7\u00e3o pol\u00edtica&#8221;, comenta Rui Costa sobre atua\u00e7\u00e3o na Casa Civil","author":{"@id":"https:\/\/newsinfoco.com.br\/inicio\/author\/administrador\/#author"},"publisher":{"@id":"https:\/\/newsinfoco.com.br\/inicio\/#organization"},"image":{"@type":"ImageObject","url":"https:\/\/newsinfoco.com.br\/inicio\/wp-content\/uploads\/2022\/11\/Lula-e-Rui1.jpg","width":600,"height":438},"datePublished":"2022-12-11T13:56:46-03:00","dateModified":"2022-12-11T13:58:04-03:00","inLanguage":"pt-BR","mainEntityOfPage":{"@id":"https:\/\/newsinfoco.com.br\/inicio\/a-minha-funcao-sera-ajudar-na-gestao-nao-farei-articulacao-politica-comenta-rui-costa-sobre-atuacao-na-casa-civil\/#webpage"},"isPartOf":{"@id":"https:\/\/newsinfoco.com.br\/inicio\/a-minha-funcao-sera-ajudar-na-gestao-nao-farei-articulacao-politica-comenta-rui-costa-sobre-atuacao-na-casa-civil\/#webpage"},"articleSection":"Bahia"},{"@type":"BreadcrumbList","@id":"https:\/\/newsinfoco.com.br\/inicio\/a-minha-funcao-sera-ajudar-na-gestao-nao-farei-articulacao-politica-comenta-rui-costa-sobre-atuacao-na-casa-civil\/#breadcrumblist","itemListElement":[{"@type":"ListItem","@id":"https:\/\/newsinfoco.com.br\/inicio#listItem","position":1,"name":"In\u00edcio","item":"https:\/\/newsinfoco.com.br\/inicio","nextItem":{"@type":"ListItem","@id":"https:\/\/newsinfoco.com.br\/inicio\/category\/bahia\/#listItem","name":"Bahia"}},{"@type":"ListItem","@id":"https:\/\/newsinfoco.com.br\/inicio\/category\/bahia\/#listItem","position":2,"name":"Bahia","item":"https:\/\/newsinfoco.com.br\/inicio\/category\/bahia\/","nextItem":{"@type":"ListItem","@id":"https:\/\/newsinfoco.com.br\/inicio\/a-minha-funcao-sera-ajudar-na-gestao-nao-farei-articulacao-politica-comenta-rui-costa-sobre-atuacao-na-casa-civil\/#listItem","name":"\u201cA minha fun\u00e7\u00e3o ser\u00e1 ajudar na gest\u00e3o. N\u00e3o farei articula\u00e7\u00e3o pol\u00edtica&#8221;, comenta Rui Costa sobre atua\u00e7\u00e3o na Casa Civil"},"previousItem":{"@type":"ListItem","@id":"https:\/\/newsinfoco.com.br\/inicio#listItem","name":"In\u00edcio"}},{"@type":"ListItem","@id":"https:\/\/newsinfoco.com.br\/inicio\/a-minha-funcao-sera-ajudar-na-gestao-nao-farei-articulacao-politica-comenta-rui-costa-sobre-atuacao-na-casa-civil\/#listItem","position":3,"name":"\u201cA minha fun\u00e7\u00e3o ser\u00e1 ajudar na gest\u00e3o. N\u00e3o farei articula\u00e7\u00e3o pol\u00edtica&#8221;, comenta Rui Costa sobre atua\u00e7\u00e3o na Casa Civil","previousItem":{"@type":"ListItem","@id":"https:\/\/newsinfoco.com.br\/inicio\/category\/bahia\/#listItem","name":"Bahia"}}]},{"@type":"Organization","@id":"https:\/\/newsinfoco.com.br\/inicio\/#organization","name":"News In Foco - Editado por Caio Pimenta","description":"O principal site de noticias de Alagoinhas e regi\u00e3o","url":"https:\/\/newsinfoco.com.br\/inicio\/"},{"@type":"Person","@id":"https:\/\/newsinfoco.com.br\/inicio\/author\/administrador\/#author","url":"https:\/\/newsinfoco.com.br\/inicio\/author\/administrador\/","name":"administrador","image":{"@type":"ImageObject","@id":"https:\/\/newsinfoco.com.br\/inicio\/a-minha-funcao-sera-ajudar-na-gestao-nao-farei-articulacao-politica-comenta-rui-costa-sobre-atuacao-na-casa-civil\/#authorImage","url":"https:\/\/secure.gravatar.com\/avatar\/c17a617433de8c1dc9584bb79aab7563b46f5bb7e1728c9b17d9cc3ce6a08e49?s=96&d=mm&r=g","width":96,"height":96,"caption":"administrador"}},{"@type":"WebPage","@id":"https:\/\/newsinfoco.com.br\/inicio\/a-minha-funcao-sera-ajudar-na-gestao-nao-farei-articulacao-politica-comenta-rui-costa-sobre-atuacao-na-casa-civil\/#webpage","url":"https:\/\/newsinfoco.com.br\/inicio\/a-minha-funcao-sera-ajudar-na-gestao-nao-farei-articulacao-politica-comenta-rui-costa-sobre-atuacao-na-casa-civil\/","name":"\u201cA minha fun\u00e7\u00e3o ser\u00e1 ajudar na gest\u00e3o. N\u00e3o farei articula\u00e7\u00e3o pol\u00edtica\u201d, comenta Rui Costa sobre atua\u00e7\u00e3o na Casa Civil - News In Foco - Editado por Caio Pimenta","description":"Escolhido para comandar a Casa Civil do futuro governo Lula, Rui Costa (PT) comentou na \u00faltima sexta-feira (9) sobre o plano do futuro governo. Segundo o governador baiano, a pasta coordenar\u00e1 a gest\u00e3o do governo e n\u00e3o cuidar\u00e1 da articula\u00e7\u00e3o pol\u00edtica, que ser\u00e1 exercida por outra pessoa a ser anunciada na pr\u00f3xima semana por Lula. \u201cA","inLanguage":"pt-BR","isPartOf":{"@id":"https:\/\/newsinfoco.com.br\/inicio\/#website"},"breadcrumb":{"@id":"https:\/\/newsinfoco.com.br\/inicio\/a-minha-funcao-sera-ajudar-na-gestao-nao-farei-articulacao-politica-comenta-rui-costa-sobre-atuacao-na-casa-civil\/#breadcrumblist"},"author":{"@id":"https:\/\/newsinfoco.com.br\/inicio\/author\/administrador\/#author"},"creator":{"@id":"https:\/\/newsinfoco.com.br\/inicio\/author\/administrador\/#author"},"image":{"@type":"ImageObject","url":"https:\/\/newsinfoco.com.br\/inicio\/wp-content\/uploads\/2022\/11\/Lula-e-Rui1.jpg","@id":"https:\/\/newsinfoco.com.br\/inicio\/a-minha-funcao-sera-ajudar-na-gestao-nao-farei-articulacao-politica-comenta-rui-costa-sobre-atuacao-na-casa-civil\/#mainImage","width":600,"height":438},"primaryImageOfPage":{"@id":"https:\/\/newsinfoco.com.br\/inicio\/a-minha-funcao-sera-ajudar-na-gestao-nao-farei-articulacao-politica-comenta-rui-costa-sobre-atuacao-na-casa-civil\/#mainImage"},"datePublished":"2022-12-11T13:56:46-03:00","dateModified":"2022-12-11T13:58:04-03:00"},{"@type":"WebSite","@id":"https:\/\/newsinfoco.com.br\/inicio\/#website","url":"https:\/\/newsinfoco.com.br\/inicio\/","name":"News In Foco - Editado por Caio Pimenta","description":"O principal site de noticias de Alagoinhas e regi\u00e3o","inLanguage":"pt-BR","publisher":{"@id":"https:\/\/newsinfoco.com.br\/inicio\/#organization"}}]},"og:locale":"pt_BR","og:site_name":"News In Foco - Editado por Caio Pimenta - O principal site de noticias de Alagoinhas e regi\u00e3o","og:type":"article","og:title":"\u201cA minha fun\u00e7\u00e3o ser\u00e1 ajudar na gest\u00e3o. N\u00e3o farei articula\u00e7\u00e3o pol\u00edtica\u201d, comenta Rui Costa sobre atua\u00e7\u00e3o na Casa Civil - News In Foco - Editado por Caio Pimenta","og:description":"Escolhido para comandar a Casa Civil do futuro governo Lula, Rui Costa (PT) comentou na \u00faltima sexta-feira (9) sobre o plano do futuro governo. Segundo o governador baiano, a pasta coordenar\u00e1 a gest\u00e3o do governo e n\u00e3o cuidar\u00e1 da articula\u00e7\u00e3o pol\u00edtica, que ser\u00e1 exercida por outra pessoa a ser anunciada na pr\u00f3xima semana por Lula. \u201cA","og:url":"https:\/\/newsinfoco.com.br\/inicio\/a-minha-funcao-sera-ajudar-na-gestao-nao-farei-articulacao-politica-comenta-rui-costa-sobre-atuacao-na-casa-civil\/","article:published_time":"2022-12-11T16:56:46+00:00","article:modified_time":"2022-12-11T16:58:04+00:00","twitter:card":"summary_large_image","twitter:title":"\u201cA minha fun\u00e7\u00e3o ser\u00e1 ajudar na gest\u00e3o. N\u00e3o farei articula\u00e7\u00e3o pol\u00edtica\u201d, comenta Rui Costa sobre atua\u00e7\u00e3o na Casa Civil - News In Foco - Editado por Caio Pimenta","twitter:description":"Escolhido para comandar a Casa Civil do futuro governo Lula, Rui Costa (PT) comentou na \u00faltima sexta-feira (9) sobre o plano do futuro governo. Segundo o governador baiano, a pasta coordenar\u00e1 a gest\u00e3o do governo e n\u00e3o cuidar\u00e1 da articula\u00e7\u00e3o pol\u00edtica, que ser\u00e1 exercida por outra pessoa a ser anunciada na pr\u00f3xima semana por Lula. \u201cA"},"aioseo_meta_data":{"post_id":"32145","title":null,"description":null,"keywords":null,"keyphrases":null,"primary_term":null,"canonical_url":null,"og_title":null,"og_description":null,"og_object_type":"default","og_image_type":"default","og_image_url":null,"og_image_width":null,"og_image_height":null,"og_image_custom_url":null,"og_image_custom_fields":null,"og_video":null,"og_custom_url":null,"og_article_section":null,"og_article_tags":null,"twitter_use_og":false,"twitter_card":"default","twitter_image_type":"default","twitter_image_url":null,"twitter_image_custom_url":null,"twitter_image_custom_fields":null,"twitter_title":null,"twitter_description":null,"schema":{"blockGraphs":[],"customGraphs":[],"default":{"data":{"Article":[],"Course":[],"Dataset":[],"FAQPage":[],"Movie":[],"Person":[],"Product":[],"ProductReview":[],"Car":[],"Recipe":[],"Service":[],"SoftwareApplication":[],"WebPage":[]},"graphName":"","isEnabled":true},"graphs":[]},"schema_type":"default","schema_type_options":null,"pillar_content":false,"robots_default":true,"robots_noindex":false,"robots_noarchive":false,"robots_nosnippet":false,"robots_nofollow":false,"robots_noimageindex":false,"robots_noodp":false,"robots_notranslate":false,"robots_max_snippet":null,"robots_max_videopreview":null,"robots_max_imagepreview":"large","priority":null,"frequency":null,"local_seo":null,"breadcrumb_settings":null,"limit_modified_date":false,"ai":null,"created":"2023-06-12 22:29:05","updated":"2025-07-11 08:44:06","seo_analyzer_scan_date":null},"aioseo_breadcrumb":"<div class=\"aioseo-breadcrumbs\"><span class=\"aioseo-breadcrumb\">\n\t\t\t<a href=\"https:\/\/newsinfoco.com.br\/inicio\" title=\"In\u00edcio\">In\u00edcio<\/a>\n\t\t<\/span><span class=\"aioseo-breadcrumb-separator\">&raquo;<\/span><span class=\"aioseo-breadcrumb\">\n\t\t\t<a href=\"https:\/\/newsinfoco.com.br\/inicio\/category\/bahia\/\" title=\"Bahia\">Bahia<\/a>\n\t\t<\/span><span class=\"aioseo-breadcrumb-separator\">&raquo;<\/span><span class=\"aioseo-breadcrumb\">\n\t\t\t\u201cA minha fun\u00e7\u00e3o ser\u00e1 ajudar na gest\u00e3o. N\u00e3o farei articula\u00e7\u00e3o pol\u00edtica\u201d, comenta Rui Costa sobre atua\u00e7\u00e3o na Casa Civil\n\t\t<\/span><\/div>","aioseo_breadcrumb_json":[{"label":"In\u00edcio","link":"https:\/\/newsinfoco.com.br\/inicio"},{"label":"Bahia","link":"https:\/\/newsinfoco.com.br\/inicio\/category\/bahia\/"},{"label":"\u201cA minha fun\u00e7\u00e3o ser\u00e1 ajudar na gest\u00e3o. N\u00e3o farei articula\u00e7\u00e3o pol\u00edtica&#8221;, comenta Rui Costa sobre atua\u00e7\u00e3o na Casa Civil","link":"https:\/\/newsinfoco.com.br\/inicio\/a-minha-funcao-sera-ajudar-na-gestao-nao-farei-articulacao-politica-comenta-rui-costa-sobre-atuacao-na-casa-civil\/"}],"_links":{"self":[{"href":"https:\/\/newsinfoco.com.br\/inicio\/wp-json\/wp\/v2\/posts\/32145","targetHints":{"allow":["GET"]}}],"collection":[{"href":"https:\/\/newsinfoco.com.br\/inicio\/wp-json\/wp\/v2\/posts"}],"about":[{"href":"https:\/\/newsinfoco.com.br\/inicio\/wp-json\/wp\/v2\/types\/post"}],"author":[{"embeddable":true,"href":"https:\/\/newsinfoco.com.br\/inicio\/wp-json\/wp\/v2\/users\/1"}],"replies":[{"embeddable":true,"href":"https:\/\/newsinfoco.com.br\/inicio\/wp-json\/wp\/v2\/comments?post=32145"}],"version-history":[{"count":2,"href":"https:\/\/newsinfoco.com.br\/inicio\/wp-json\/wp\/v2\/posts\/32145\/revisions"}],"predecessor-version":[{"id":32147,"href":"https:\/\/newsinfoco.com.br\/inicio\/wp-json\/wp\/v2\/posts\/32145\/revisions\/32147"}],"wp:featuredmedia":[{"embeddable":true,"href":"https:\/\/newsinfoco.com.br\/inicio\/wp-json\/wp\/v2\/media\/31821"}],"wp:attachment":[{"href":"https:\/\/newsinfoco.com.br\/inicio\/wp-json\/wp\/v2\/media?parent=32145"}],"wp:term":[{"taxonomy":"category","embeddable":true,"href":"https:\/\/newsinfoco.com.br\/inicio\/wp-json\/wp\/v2\/categories?post=32145"},{"taxonomy":"post_tag","embeddable":true,"href":"https:\/\/newsinfoco.com.br\/inicio\/wp-json\/wp\/v2\/tags?post=32145"}],"curies":[{"name":"wp","href":"https:\/\/api.w.org\/{rel}","templated":true}]}}