{"id":32152,"date":"2022-12-11T15:33:28","date_gmt":"2022-12-11T18:33:28","guid":{"rendered":"https:\/\/newsinfoco.com.br\/inicio\/?p=32152"},"modified":"2022-12-11T15:33:28","modified_gmt":"2022-12-11T18:33:28","slug":"ex-juiz-pede-prisao-preventiva-de-moraes-no-superior-tribunal-militar","status":"publish","type":"post","link":"https:\/\/newsinfoco.com.br\/inicio\/ex-juiz-pede-prisao-preventiva-de-moraes-no-superior-tribunal-militar\/","title":{"rendered":"Ex-juiz pede pris\u00e3o preventiva de Moraes no Superior Tribunal Militar"},"content":{"rendered":"<p>O ex-juiz Wilson Issao Koressawa protocolou, na noite da \u00faltima quinta-feira, 8, no Superior Tribunal Militar (STM), uma a\u00e7\u00e3o criminal em que solicita a pris\u00e3o preventiva do ministro Alexandre de Moraes, presidente do Tribunal Superior Eleitoral (TSE). O relator que ir\u00e1 analisar a demanda \u00e9 o ministro Artur Vidigal de Oliveira. A peti\u00e7\u00e3o n\u00e3o est\u00e1 dispon\u00edvel para consulta.<\/p>\n<p>Koressawa foi juiz do Tribunal de Justi\u00e7a do Amap\u00e1 (TJ-AP). Atualmente, \u00e9 promotor de Justi\u00e7a aposentado do Minist\u00e9rio P\u00fablico do Distrito Federal e dos Territ\u00f3rios (MPDFT). O advogado passou em 7\u00ba lugar no concurso para juiz de direito substituto no TJ-AP. Em 5 de abril de 1994, teve sua nomea\u00e7\u00e3o para o cargo. Seis anos depois, acabou exonerado da fun\u00e7\u00e3o. Segundo a portaria publicada em 25 de junho de 2021, a exonera\u00e7\u00e3o ocorreu a pedido do servidor.<\/p>\n<p>Koressawa mudou-se para Bras\u00edlia e foi nomeado como promotor de Justi\u00e7a do MPDFT em agosto de 1996. Ele se aposentou do cargo em fevereiro de 2021, por invalidez permanente. Hoje, \u00e9 advogado ativo com inscri\u00e7\u00e3o na Subse\u00e7\u00e3o de Taguatinga, da Ordem dos Advogados do Brasil Seccional do DF.<\/p>\n<p>O ex-magistrado chegou a entrar com mandado de seguran\u00e7a c\u00edvel contra o jornalista\u00a0William Bonner, da TV Globo, sob o argumento de que o apresentador do\u00a0<em>Jornal Nacional<\/em>\u00a0incentivou a vacina\u00e7\u00e3o contra a covid-19.<\/p>\n<p>Revista Oeste<\/p>\n<div class='share-to-whatsapp-wrapper'><div class='share-on-whsp'>Share on: <\/div><a data-text='Ex-juiz pede pris\u00e3o preventiva de Moraes no Superior Tribunal Militar' data-link='https:\/\/newsinfoco.com.br\/inicio\/ex-juiz-pede-prisao-preventiva-de-moraes-no-superior-tribunal-militar\/' class='whatsapp-button whatsapp-share'>WhatsApp<\/a><div class='clear '><\/div><\/div>","protected":false},"excerpt":{"rendered":"<p>O ex-juiz Wilson Issao Koressawa protocolou, na noite da \u00faltima quinta-feira, 8, no Superior Tribunal Militar (STM), uma a\u00e7\u00e3o criminal em que solicita a pris\u00e3o preventiva do ministro Alexandre de Moraes, presidente do Tribunal Superior Eleitoral (TSE). O relator que ir\u00e1 analisar a demanda \u00e9 o ministro Artur Vidigal de Oliveira. A peti\u00e7\u00e3o n\u00e3o est\u00e1 [&hellip;]<\/p>\n","protected":false},"author":1,"featured_media":31740,"comment_status":"closed","ping_status":"closed","sticky":false,"template":"","format":"standard","meta":{"om_disable_all_campaigns":false,"rop_custom_images_group":[],"rop_custom_messages_group":[],"rop_publish_now":"initial","rop_publish_now_accounts":[],"rop_publish_now_history":[],"rop_publish_now_status":"pending","_exactmetrics_skip_tracking":false,"footnotes":""},"categories":[21],"tags":[],"class_list":["post-32152","post","type-post","status-publish","format-standard","has-post-thumbnail","hentry","category-brasil"],"aioseo_notices":[],"aioseo_head":"\n\t\t<!-- All in One SEO 4.9.10 - aioseo.com -->\n\t<meta name=\"description\" content=\"O ex-juiz Wilson Issao Koressawa protocolou, na noite da \u00faltima quinta-feira, 8, no Superior Tribunal Militar (STM), uma a\u00e7\u00e3o criminal em que solicita a pris\u00e3o preventiva do ministro Alexandre de Moraes, presidente do Tribunal Superior Eleitoral (TSE). O relator que ir\u00e1 analisar a demanda \u00e9 o ministro Artur Vidigal de Oliveira. A peti\u00e7\u00e3o n\u00e3o est\u00e1\" \/>\n\t<meta name=\"robots\" content=\"max-image-preview:large\" \/>\n\t<meta name=\"author\" content=\"administrador\"\/>\n\t<link rel=\"canonical\" href=\"https:\/\/newsinfoco.com.br\/inicio\/ex-juiz-pede-prisao-preventiva-de-moraes-no-superior-tribunal-militar\/\" \/>\n\t<meta name=\"generator\" content=\"All in One SEO (AIOSEO) 4.9.10\" \/>\n\t\t<meta property=\"og:locale\" content=\"pt_BR\" \/>\n\t\t<meta property=\"og:site_name\" content=\"News In Foco - Editado por Caio Pimenta - O principal site de noticias de Alagoinhas e regi\u00e3o\" \/>\n\t\t<meta property=\"og:type\" content=\"article\" \/>\n\t\t<meta property=\"og:title\" content=\"Ex-juiz pede pris\u00e3o preventiva de Moraes no Superior Tribunal Militar - News In Foco - Editado por Caio Pimenta\" \/>\n\t\t<meta property=\"og:description\" content=\"O ex-juiz Wilson Issao Koressawa protocolou, na noite da \u00faltima quinta-feira, 8, no Superior Tribunal Militar (STM), uma a\u00e7\u00e3o criminal em que solicita a pris\u00e3o preventiva do ministro Alexandre de Moraes, presidente do Tribunal Superior Eleitoral (TSE). O relator que ir\u00e1 analisar a demanda \u00e9 o ministro Artur Vidigal de Oliveira. A peti\u00e7\u00e3o n\u00e3o est\u00e1\" \/>\n\t\t<meta property=\"og:url\" content=\"https:\/\/newsinfoco.com.br\/inicio\/ex-juiz-pede-prisao-preventiva-de-moraes-no-superior-tribunal-militar\/\" \/>\n\t\t<meta property=\"article:published_time\" content=\"2022-12-11T18:33:28+00:00\" \/>\n\t\t<meta property=\"article:modified_time\" content=\"2022-12-11T18:33:28+00:00\" \/>\n\t\t<meta name=\"twitter:card\" content=\"summary_large_image\" \/>\n\t\t<meta name=\"twitter:title\" content=\"Ex-juiz pede pris\u00e3o preventiva de Moraes no Superior Tribunal Militar - News In Foco - Editado por Caio Pimenta\" \/>\n\t\t<meta name=\"twitter:description\" content=\"O ex-juiz Wilson Issao Koressawa protocolou, na noite da \u00faltima quinta-feira, 8, no Superior Tribunal Militar (STM), uma a\u00e7\u00e3o criminal em que solicita a pris\u00e3o preventiva do ministro Alexandre de Moraes, presidente do Tribunal Superior Eleitoral (TSE). O relator que ir\u00e1 analisar a demanda \u00e9 o ministro Artur Vidigal de Oliveira. A peti\u00e7\u00e3o n\u00e3o est\u00e1\" \/>\n\t\t<script type=\"application\/ld+json\" class=\"aioseo-schema\">\n\t\t\t{\"@context\":\"https:\\\/\\\/schema.org\",\"@graph\":[{\"@type\":\"BlogPosting\",\"@id\":\"https:\\\/\\\/newsinfoco.com.br\\\/inicio\\\/ex-juiz-pede-prisao-preventiva-de-moraes-no-superior-tribunal-militar\\\/#blogposting\",\"name\":\"Ex-juiz pede pris\\u00e3o preventiva de Moraes no Superior Tribunal Militar - News In Foco - Editado por Caio Pimenta\",\"headline\":\"Ex-juiz pede pris\\u00e3o preventiva de Moraes no Superior Tribunal Militar\",\"author\":{\"@id\":\"https:\\\/\\\/newsinfoco.com.br\\\/inicio\\\/author\\\/administrador\\\/#author\"},\"publisher\":{\"@id\":\"https:\\\/\\\/newsinfoco.com.br\\\/inicio\\\/#organization\"},\"image\":{\"@type\":\"ImageObject\",\"url\":\"https:\\\/\\\/newsinfoco.com.br\\\/inicio\\\/wp-content\\\/uploads\\\/2022\\\/10\\\/alexandre-de-moraes-foto-Nelson-Jr-SCO-STF-960x640-1.webp\",\"width\":960,\"height\":640},\"datePublished\":\"2022-12-11T15:33:28-03:00\",\"dateModified\":\"2022-12-11T15:33:28-03:00\",\"inLanguage\":\"pt-BR\",\"mainEntityOfPage\":{\"@id\":\"https:\\\/\\\/newsinfoco.com.br\\\/inicio\\\/ex-juiz-pede-prisao-preventiva-de-moraes-no-superior-tribunal-militar\\\/#webpage\"},\"isPartOf\":{\"@id\":\"https:\\\/\\\/newsinfoco.com.br\\\/inicio\\\/ex-juiz-pede-prisao-preventiva-de-moraes-no-superior-tribunal-militar\\\/#webpage\"},\"articleSection\":\"Brasil\"},{\"@type\":\"BreadcrumbList\",\"@id\":\"https:\\\/\\\/newsinfoco.com.br\\\/inicio\\\/ex-juiz-pede-prisao-preventiva-de-moraes-no-superior-tribunal-militar\\\/#breadcrumblist\",\"itemListElement\":[{\"@type\":\"ListItem\",\"@id\":\"https:\\\/\\\/newsinfoco.com.br\\\/inicio#listItem\",\"position\":1,\"name\":\"In\\u00edcio\",\"item\":\"https:\\\/\\\/newsinfoco.com.br\\\/inicio\",\"nextItem\":{\"@type\":\"ListItem\",\"@id\":\"https:\\\/\\\/newsinfoco.com.br\\\/inicio\\\/category\\\/brasil\\\/#listItem\",\"name\":\"Brasil\"}},{\"@type\":\"ListItem\",\"@id\":\"https:\\\/\\\/newsinfoco.com.br\\\/inicio\\\/category\\\/brasil\\\/#listItem\",\"position\":2,\"name\":\"Brasil\",\"item\":\"https:\\\/\\\/newsinfoco.com.br\\\/inicio\\\/category\\\/brasil\\\/\",\"nextItem\":{\"@type\":\"ListItem\",\"@id\":\"https:\\\/\\\/newsinfoco.com.br\\\/inicio\\\/ex-juiz-pede-prisao-preventiva-de-moraes-no-superior-tribunal-militar\\\/#listItem\",\"name\":\"Ex-juiz pede pris\\u00e3o preventiva de Moraes no Superior Tribunal Militar\"},\"previousItem\":{\"@type\":\"ListItem\",\"@id\":\"https:\\\/\\\/newsinfoco.com.br\\\/inicio#listItem\",\"name\":\"In\\u00edcio\"}},{\"@type\":\"ListItem\",\"@id\":\"https:\\\/\\\/newsinfoco.com.br\\\/inicio\\\/ex-juiz-pede-prisao-preventiva-de-moraes-no-superior-tribunal-militar\\\/#listItem\",\"position\":3,\"name\":\"Ex-juiz pede pris\\u00e3o preventiva de Moraes no Superior Tribunal Militar\",\"previousItem\":{\"@type\":\"ListItem\",\"@id\":\"https:\\\/\\\/newsinfoco.com.br\\\/inicio\\\/category\\\/brasil\\\/#listItem\",\"name\":\"Brasil\"}}]},{\"@type\":\"Organization\",\"@id\":\"https:\\\/\\\/newsinfoco.com.br\\\/inicio\\\/#organization\",\"name\":\"News In Foco - Editado por Caio Pimenta\",\"description\":\"O principal site de noticias de Alagoinhas e regi\\u00e3o\",\"url\":\"https:\\\/\\\/newsinfoco.com.br\\\/inicio\\\/\"},{\"@type\":\"Person\",\"@id\":\"https:\\\/\\\/newsinfoco.com.br\\\/inicio\\\/author\\\/administrador\\\/#author\",\"url\":\"https:\\\/\\\/newsinfoco.com.br\\\/inicio\\\/author\\\/administrador\\\/\",\"name\":\"administrador\",\"image\":{\"@type\":\"ImageObject\",\"@id\":\"https:\\\/\\\/newsinfoco.com.br\\\/inicio\\\/ex-juiz-pede-prisao-preventiva-de-moraes-no-superior-tribunal-militar\\\/#authorImage\",\"url\":\"https:\\\/\\\/secure.gravatar.com\\\/avatar\\\/c17a617433de8c1dc9584bb79aab7563b46f5bb7e1728c9b17d9cc3ce6a08e49?s=96&d=mm&r=g\",\"width\":96,\"height\":96,\"caption\":\"administrador\"}},{\"@type\":\"WebPage\",\"@id\":\"https:\\\/\\\/newsinfoco.com.br\\\/inicio\\\/ex-juiz-pede-prisao-preventiva-de-moraes-no-superior-tribunal-militar\\\/#webpage\",\"url\":\"https:\\\/\\\/newsinfoco.com.br\\\/inicio\\\/ex-juiz-pede-prisao-preventiva-de-moraes-no-superior-tribunal-militar\\\/\",\"name\":\"Ex-juiz pede pris\\u00e3o preventiva de Moraes no Superior Tribunal Militar - News In Foco - Editado por Caio Pimenta\",\"description\":\"O ex-juiz Wilson Issao Koressawa protocolou, na noite da \\u00faltima quinta-feira, 8, no Superior Tribunal Militar (STM), uma a\\u00e7\\u00e3o criminal em que solicita a pris\\u00e3o preventiva do ministro Alexandre de Moraes, presidente do Tribunal Superior Eleitoral (TSE). O relator que ir\\u00e1 analisar a demanda \\u00e9 o ministro Artur Vidigal de Oliveira. A peti\\u00e7\\u00e3o n\\u00e3o est\\u00e1\",\"inLanguage\":\"pt-BR\",\"isPartOf\":{\"@id\":\"https:\\\/\\\/newsinfoco.com.br\\\/inicio\\\/#website\"},\"breadcrumb\":{\"@id\":\"https:\\\/\\\/newsinfoco.com.br\\\/inicio\\\/ex-juiz-pede-prisao-preventiva-de-moraes-no-superior-tribunal-militar\\\/#breadcrumblist\"},\"author\":{\"@id\":\"https:\\\/\\\/newsinfoco.com.br\\\/inicio\\\/author\\\/administrador\\\/#author\"},\"creator\":{\"@id\":\"https:\\\/\\\/newsinfoco.com.br\\\/inicio\\\/author\\\/administrador\\\/#author\"},\"image\":{\"@type\":\"ImageObject\",\"url\":\"https:\\\/\\\/newsinfoco.com.br\\\/inicio\\\/wp-content\\\/uploads\\\/2022\\\/10\\\/alexandre-de-moraes-foto-Nelson-Jr-SCO-STF-960x640-1.webp\",\"@id\":\"https:\\\/\\\/newsinfoco.com.br\\\/inicio\\\/ex-juiz-pede-prisao-preventiva-de-moraes-no-superior-tribunal-militar\\\/#mainImage\",\"width\":960,\"height\":640},\"primaryImageOfPage\":{\"@id\":\"https:\\\/\\\/newsinfoco.com.br\\\/inicio\\\/ex-juiz-pede-prisao-preventiva-de-moraes-no-superior-tribunal-militar\\\/#mainImage\"},\"datePublished\":\"2022-12-11T15:33:28-03:00\",\"dateModified\":\"2022-12-11T15:33:28-03:00\"},{\"@type\":\"WebSite\",\"@id\":\"https:\\\/\\\/newsinfoco.com.br\\\/inicio\\\/#website\",\"url\":\"https:\\\/\\\/newsinfoco.com.br\\\/inicio\\\/\",\"name\":\"News In Foco - Editado por Caio Pimenta\",\"description\":\"O principal site de noticias de Alagoinhas e regi\\u00e3o\",\"inLanguage\":\"pt-BR\",\"publisher\":{\"@id\":\"https:\\\/\\\/newsinfoco.com.br\\\/inicio\\\/#organization\"}}]}\n\t\t<\/script>\n\t\t<!-- All in One SEO -->\n\n","aioseo_head_json":{"title":"Ex-juiz pede pris\u00e3o preventiva de Moraes no Superior Tribunal Militar - News In Foco - Editado por Caio Pimenta","description":"O ex-juiz Wilson Issao Koressawa protocolou, na noite da \u00faltima quinta-feira, 8, no Superior Tribunal Militar (STM), uma a\u00e7\u00e3o criminal em que solicita a pris\u00e3o preventiva do ministro Alexandre de Moraes, presidente do Tribunal Superior Eleitoral (TSE). O relator que ir\u00e1 analisar a demanda \u00e9 o ministro Artur Vidigal de Oliveira. A peti\u00e7\u00e3o n\u00e3o est\u00e1","canonical_url":"https:\/\/newsinfoco.com.br\/inicio\/ex-juiz-pede-prisao-preventiva-de-moraes-no-superior-tribunal-militar\/","robots":"max-image-preview:large","keywords":"","webmasterTools":{"miscellaneous":""},"schema":{"@context":"https:\/\/schema.org","@graph":[{"@type":"BlogPosting","@id":"https:\/\/newsinfoco.com.br\/inicio\/ex-juiz-pede-prisao-preventiva-de-moraes-no-superior-tribunal-militar\/#blogposting","name":"Ex-juiz pede pris\u00e3o preventiva de Moraes no Superior Tribunal Militar - News In Foco - Editado por Caio Pimenta","headline":"Ex-juiz pede pris\u00e3o preventiva de Moraes no Superior Tribunal Militar","author":{"@id":"https:\/\/newsinfoco.com.br\/inicio\/author\/administrador\/#author"},"publisher":{"@id":"https:\/\/newsinfoco.com.br\/inicio\/#organization"},"image":{"@type":"ImageObject","url":"https:\/\/newsinfoco.com.br\/inicio\/wp-content\/uploads\/2022\/10\/alexandre-de-moraes-foto-Nelson-Jr-SCO-STF-960x640-1.webp","width":960,"height":640},"datePublished":"2022-12-11T15:33:28-03:00","dateModified":"2022-12-11T15:33:28-03:00","inLanguage":"pt-BR","mainEntityOfPage":{"@id":"https:\/\/newsinfoco.com.br\/inicio\/ex-juiz-pede-prisao-preventiva-de-moraes-no-superior-tribunal-militar\/#webpage"},"isPartOf":{"@id":"https:\/\/newsinfoco.com.br\/inicio\/ex-juiz-pede-prisao-preventiva-de-moraes-no-superior-tribunal-militar\/#webpage"},"articleSection":"Brasil"},{"@type":"BreadcrumbList","@id":"https:\/\/newsinfoco.com.br\/inicio\/ex-juiz-pede-prisao-preventiva-de-moraes-no-superior-tribunal-militar\/#breadcrumblist","itemListElement":[{"@type":"ListItem","@id":"https:\/\/newsinfoco.com.br\/inicio#listItem","position":1,"name":"In\u00edcio","item":"https:\/\/newsinfoco.com.br\/inicio","nextItem":{"@type":"ListItem","@id":"https:\/\/newsinfoco.com.br\/inicio\/category\/brasil\/#listItem","name":"Brasil"}},{"@type":"ListItem","@id":"https:\/\/newsinfoco.com.br\/inicio\/category\/brasil\/#listItem","position":2,"name":"Brasil","item":"https:\/\/newsinfoco.com.br\/inicio\/category\/brasil\/","nextItem":{"@type":"ListItem","@id":"https:\/\/newsinfoco.com.br\/inicio\/ex-juiz-pede-prisao-preventiva-de-moraes-no-superior-tribunal-militar\/#listItem","name":"Ex-juiz pede pris\u00e3o preventiva de Moraes no Superior Tribunal Militar"},"previousItem":{"@type":"ListItem","@id":"https:\/\/newsinfoco.com.br\/inicio#listItem","name":"In\u00edcio"}},{"@type":"ListItem","@id":"https:\/\/newsinfoco.com.br\/inicio\/ex-juiz-pede-prisao-preventiva-de-moraes-no-superior-tribunal-militar\/#listItem","position":3,"name":"Ex-juiz pede pris\u00e3o preventiva de Moraes no Superior Tribunal Militar","previousItem":{"@type":"ListItem","@id":"https:\/\/newsinfoco.com.br\/inicio\/category\/brasil\/#listItem","name":"Brasil"}}]},{"@type":"Organization","@id":"https:\/\/newsinfoco.com.br\/inicio\/#organization","name":"News In Foco - Editado por Caio Pimenta","description":"O principal site de noticias de Alagoinhas e regi\u00e3o","url":"https:\/\/newsinfoco.com.br\/inicio\/"},{"@type":"Person","@id":"https:\/\/newsinfoco.com.br\/inicio\/author\/administrador\/#author","url":"https:\/\/newsinfoco.com.br\/inicio\/author\/administrador\/","name":"administrador","image":{"@type":"ImageObject","@id":"https:\/\/newsinfoco.com.br\/inicio\/ex-juiz-pede-prisao-preventiva-de-moraes-no-superior-tribunal-militar\/#authorImage","url":"https:\/\/secure.gravatar.com\/avatar\/c17a617433de8c1dc9584bb79aab7563b46f5bb7e1728c9b17d9cc3ce6a08e49?s=96&d=mm&r=g","width":96,"height":96,"caption":"administrador"}},{"@type":"WebPage","@id":"https:\/\/newsinfoco.com.br\/inicio\/ex-juiz-pede-prisao-preventiva-de-moraes-no-superior-tribunal-militar\/#webpage","url":"https:\/\/newsinfoco.com.br\/inicio\/ex-juiz-pede-prisao-preventiva-de-moraes-no-superior-tribunal-militar\/","name":"Ex-juiz pede pris\u00e3o preventiva de Moraes no Superior Tribunal Militar - News In Foco - Editado por Caio Pimenta","description":"O ex-juiz Wilson Issao Koressawa protocolou, na noite da \u00faltima quinta-feira, 8, no Superior Tribunal Militar (STM), uma a\u00e7\u00e3o criminal em que solicita a pris\u00e3o preventiva do ministro Alexandre de Moraes, presidente do Tribunal Superior Eleitoral (TSE). O relator que ir\u00e1 analisar a demanda \u00e9 o ministro Artur Vidigal de Oliveira. A peti\u00e7\u00e3o n\u00e3o est\u00e1","inLanguage":"pt-BR","isPartOf":{"@id":"https:\/\/newsinfoco.com.br\/inicio\/#website"},"breadcrumb":{"@id":"https:\/\/newsinfoco.com.br\/inicio\/ex-juiz-pede-prisao-preventiva-de-moraes-no-superior-tribunal-militar\/#breadcrumblist"},"author":{"@id":"https:\/\/newsinfoco.com.br\/inicio\/author\/administrador\/#author"},"creator":{"@id":"https:\/\/newsinfoco.com.br\/inicio\/author\/administrador\/#author"},"image":{"@type":"ImageObject","url":"https:\/\/newsinfoco.com.br\/inicio\/wp-content\/uploads\/2022\/10\/alexandre-de-moraes-foto-Nelson-Jr-SCO-STF-960x640-1.webp","@id":"https:\/\/newsinfoco.com.br\/inicio\/ex-juiz-pede-prisao-preventiva-de-moraes-no-superior-tribunal-militar\/#mainImage","width":960,"height":640},"primaryImageOfPage":{"@id":"https:\/\/newsinfoco.com.br\/inicio\/ex-juiz-pede-prisao-preventiva-de-moraes-no-superior-tribunal-militar\/#mainImage"},"datePublished":"2022-12-11T15:33:28-03:00","dateModified":"2022-12-11T15:33:28-03:00"},{"@type":"WebSite","@id":"https:\/\/newsinfoco.com.br\/inicio\/#website","url":"https:\/\/newsinfoco.com.br\/inicio\/","name":"News In Foco - Editado por Caio Pimenta","description":"O principal site de noticias de Alagoinhas e regi\u00e3o","inLanguage":"pt-BR","publisher":{"@id":"https:\/\/newsinfoco.com.br\/inicio\/#organization"}}]},"og:locale":"pt_BR","og:site_name":"News In Foco - Editado por Caio Pimenta - O principal site de noticias de Alagoinhas e regi\u00e3o","og:type":"article","og:title":"Ex-juiz pede pris\u00e3o preventiva de Moraes no Superior Tribunal Militar - News In Foco - Editado por Caio Pimenta","og:description":"O ex-juiz Wilson Issao Koressawa protocolou, na noite da \u00faltima quinta-feira, 8, no Superior Tribunal Militar (STM), uma a\u00e7\u00e3o criminal em que solicita a pris\u00e3o preventiva do ministro Alexandre de Moraes, presidente do Tribunal Superior Eleitoral (TSE). O relator que ir\u00e1 analisar a demanda \u00e9 o ministro Artur Vidigal de Oliveira. A peti\u00e7\u00e3o n\u00e3o est\u00e1","og:url":"https:\/\/newsinfoco.com.br\/inicio\/ex-juiz-pede-prisao-preventiva-de-moraes-no-superior-tribunal-militar\/","article:published_time":"2022-12-11T18:33:28+00:00","article:modified_time":"2022-12-11T18:33:28+00:00","twitter:card":"summary_large_image","twitter:title":"Ex-juiz pede pris\u00e3o preventiva de Moraes no Superior Tribunal Militar - News In Foco - Editado por Caio Pimenta","twitter:description":"O ex-juiz Wilson Issao Koressawa protocolou, na noite da \u00faltima quinta-feira, 8, no Superior Tribunal Militar (STM), uma a\u00e7\u00e3o criminal em que solicita a pris\u00e3o preventiva do ministro Alexandre de Moraes, presidente do Tribunal Superior Eleitoral (TSE). O relator que ir\u00e1 analisar a demanda \u00e9 o ministro Artur Vidigal de Oliveira. A peti\u00e7\u00e3o n\u00e3o est\u00e1"},"aioseo_meta_data":{"post_id":"32152","title":null,"description":null,"keywords":null,"keyphrases":null,"primary_term":null,"canonical_url":null,"og_title":null,"og_description":null,"og_object_type":"default","og_image_type":"default","og_image_url":null,"og_image_width":null,"og_image_height":null,"og_image_custom_url":null,"og_image_custom_fields":null,"og_video":null,"og_custom_url":null,"og_article_section":null,"og_article_tags":null,"twitter_use_og":false,"twitter_card":"default","twitter_image_type":"default","twitter_image_url":null,"twitter_image_custom_url":null,"twitter_image_custom_fields":null,"twitter_title":null,"twitter_description":null,"schema":{"blockGraphs":[],"customGraphs":[],"default":{"data":{"Article":[],"Course":[],"Dataset":[],"FAQPage":[],"Movie":[],"Person":[],"Product":[],"ProductReview":[],"Car":[],"Recipe":[],"Service":[],"SoftwareApplication":[],"WebPage":[]},"graphName":"","isEnabled":true},"graphs":[]},"schema_type":"default","schema_type_options":null,"pillar_content":false,"robots_default":true,"robots_noindex":false,"robots_noarchive":false,"robots_nosnippet":false,"robots_nofollow":false,"robots_noimageindex":false,"robots_noodp":false,"robots_notranslate":false,"robots_max_snippet":null,"robots_max_videopreview":null,"robots_max_imagepreview":"large","priority":null,"frequency":null,"local_seo":null,"breadcrumb_settings":null,"limit_modified_date":false,"ai":null,"created":"2023-06-12 22:29:05","updated":"2025-07-11 08:44:06","seo_analyzer_scan_date":null},"aioseo_breadcrumb":"<div class=\"aioseo-breadcrumbs\"><span class=\"aioseo-breadcrumb\">\n\t\t\t<a href=\"https:\/\/newsinfoco.com.br\/inicio\" title=\"In\u00edcio\">In\u00edcio<\/a>\n\t\t<\/span><span class=\"aioseo-breadcrumb-separator\">&raquo;<\/span><span class=\"aioseo-breadcrumb\">\n\t\t\t<a href=\"https:\/\/newsinfoco.com.br\/inicio\/category\/brasil\/\" title=\"Brasil\">Brasil<\/a>\n\t\t<\/span><span class=\"aioseo-breadcrumb-separator\">&raquo;<\/span><span class=\"aioseo-breadcrumb\">\n\t\t\tEx-juiz pede pris\u00e3o preventiva de Moraes no Superior Tribunal Militar\n\t\t<\/span><\/div>","aioseo_breadcrumb_json":[{"label":"In\u00edcio","link":"https:\/\/newsinfoco.com.br\/inicio"},{"label":"Brasil","link":"https:\/\/newsinfoco.com.br\/inicio\/category\/brasil\/"},{"label":"Ex-juiz pede pris\u00e3o preventiva de Moraes no Superior Tribunal Militar","link":"https:\/\/newsinfoco.com.br\/inicio\/ex-juiz-pede-prisao-preventiva-de-moraes-no-superior-tribunal-militar\/"}],"_links":{"self":[{"href":"https:\/\/newsinfoco.com.br\/inicio\/wp-json\/wp\/v2\/posts\/32152","targetHints":{"allow":["GET"]}}],"collection":[{"href":"https:\/\/newsinfoco.com.br\/inicio\/wp-json\/wp\/v2\/posts"}],"about":[{"href":"https:\/\/newsinfoco.com.br\/inicio\/wp-json\/wp\/v2\/types\/post"}],"author":[{"embeddable":true,"href":"https:\/\/newsinfoco.com.br\/inicio\/wp-json\/wp\/v2\/users\/1"}],"replies":[{"embeddable":true,"href":"https:\/\/newsinfoco.com.br\/inicio\/wp-json\/wp\/v2\/comments?post=32152"}],"version-history":[{"count":1,"href":"https:\/\/newsinfoco.com.br\/inicio\/wp-json\/wp\/v2\/posts\/32152\/revisions"}],"predecessor-version":[{"id":32153,"href":"https:\/\/newsinfoco.com.br\/inicio\/wp-json\/wp\/v2\/posts\/32152\/revisions\/32153"}],"wp:featuredmedia":[{"embeddable":true,"href":"https:\/\/newsinfoco.com.br\/inicio\/wp-json\/wp\/v2\/media\/31740"}],"wp:attachment":[{"href":"https:\/\/newsinfoco.com.br\/inicio\/wp-json\/wp\/v2\/media?parent=32152"}],"wp:term":[{"taxonomy":"category","embeddable":true,"href":"https:\/\/newsinfoco.com.br\/inicio\/wp-json\/wp\/v2\/categories?post=32152"},{"taxonomy":"post_tag","embeddable":true,"href":"https:\/\/newsinfoco.com.br\/inicio\/wp-json\/wp\/v2\/tags?post=32152"}],"curies":[{"name":"wp","href":"https:\/\/api.w.org\/{rel}","templated":true}]}}