{"id":32180,"date":"2022-12-13T10:00:23","date_gmt":"2022-12-13T13:00:23","guid":{"rendered":"https:\/\/newsinfoco.com.br\/inicio\/?p=32180"},"modified":"2022-12-13T10:00:23","modified_gmt":"2022-12-13T13:00:23","slug":"as-duas-pastas-que-o-psd-deve-levar-no-gabinete-de-lula","status":"publish","type":"post","link":"https:\/\/newsinfoco.com.br\/inicio\/as-duas-pastas-que-o-psd-deve-levar-no-gabinete-de-lula\/","title":{"rendered":"As duas pastas que o PSD deve levar no gabinete de Lula"},"content":{"rendered":"<p>O PSD, partido de Gilberto Kassab, j\u00e1 teria -na vis\u00e3o de integrantes do pr\u00f3prio partido- garantido duas cadeiras na futura Esplanada dos Minist\u00e9rios do governo Lula.\u00a0Uma delas, dada como certa por um parlamentar da legenda, seria o Minist\u00e9rio do Turismo, a ser ocupada pelo deputado Pedro Paulo (RJ).<\/p>\n<p>A segunda pasta do partido\u00a0seria a Infraestrutura, hoje ocupada por Marcelo Sampaio e que passaria ao colo de Alexandre Silveira, senador pela legenda em Minas Gerais.\u00a0No entanto, h\u00e1 menos certeza sobre este nome, uma vez que Lula precisa manter o Senado equilibrado, sem desidrat\u00e1-lo. At\u00e9 o momento, nenhum dos cinco ministros tem v\u00ednculo com o partido.<\/p>\n<p>Silveira, inclusive, fez um trabalho \u00fatil ao PT:\u00a0ele relatou a PEC do Lula, que ampliou o teto de gastos para que o governo que tomar\u00e1 posse mantenha o benef\u00edcio do Bolsa Fam\u00edlia em R$ 600.\u00a0O texto ainda ser\u00e1 analisado pela C\u00e2mara.<\/p>\n<p>Ele, no entanto, estaria na\u00a0<em>\u201ccota Kassab\u201d<\/em>\u00a0das negocia\u00e7\u00f5es -e, por isso, sua negocia\u00e7\u00e3o seria diretamente entre Lula e Gilberto Kassab, o mandachuva do partido. Um segundo nome diretamente ligado ao partido seria o de Carlos F\u00e1varo (PSD-MT) na Agricultura. O senador buscou articular a campanha petista junto ao setor do agroneg\u00f3cio, historicamente resistente a Lula.<\/p>\n<p>O Antagonista<\/p>\n<div class='share-to-whatsapp-wrapper'><div class='share-on-whsp'>Share on: <\/div><a data-text='As duas pastas que o PSD deve levar no gabinete de Lula' data-link='https:\/\/newsinfoco.com.br\/inicio\/as-duas-pastas-que-o-psd-deve-levar-no-gabinete-de-lula\/' class='whatsapp-button whatsapp-share'>WhatsApp<\/a><div class='clear '><\/div><\/div>","protected":false},"excerpt":{"rendered":"<p>O PSD, partido de Gilberto Kassab, j\u00e1 teria -na vis\u00e3o de integrantes do pr\u00f3prio partido- garantido duas cadeiras na futura Esplanada dos Minist\u00e9rios do governo Lula.\u00a0Uma delas, dada como certa por um parlamentar da legenda, seria o Minist\u00e9rio do Turismo, a ser ocupada pelo deputado Pedro Paulo (RJ). A segunda pasta do partido\u00a0seria a Infraestrutura, [&hellip;]<\/p>\n","protected":false},"author":1,"featured_media":28980,"comment_status":"closed","ping_status":"closed","sticky":false,"template":"","format":"standard","meta":{"om_disable_all_campaigns":false,"rop_custom_images_group":[],"rop_custom_messages_group":[],"rop_publish_now":"initial","rop_publish_now_accounts":[],"rop_publish_now_history":[],"rop_publish_now_status":"pending","_exactmetrics_skip_tracking":false,"footnotes":""},"categories":[21],"tags":[],"class_list":["post-32180","post","type-post","status-publish","format-standard","has-post-thumbnail","hentry","category-brasil"],"aioseo_notices":[],"aioseo_head":"\n\t\t<!-- All in One SEO 4.9.10 - aioseo.com -->\n\t<meta name=\"description\" content=\"O PSD, partido de Gilberto Kassab, j\u00e1 teria -na vis\u00e3o de integrantes do pr\u00f3prio partido- garantido duas cadeiras na futura Esplanada dos Minist\u00e9rios do governo Lula. Uma delas, dada como certa por um parlamentar da legenda, seria o Minist\u00e9rio do Turismo, a ser ocupada pelo deputado Pedro Paulo (RJ). A segunda pasta do partido seria a Infraestrutura,\" \/>\n\t<meta name=\"robots\" content=\"max-image-preview:large\" \/>\n\t<meta name=\"author\" content=\"administrador\"\/>\n\t<link rel=\"canonical\" href=\"https:\/\/newsinfoco.com.br\/inicio\/as-duas-pastas-que-o-psd-deve-levar-no-gabinete-de-lula\/\" \/>\n\t<meta name=\"generator\" content=\"All in One SEO (AIOSEO) 4.9.10\" \/>\n\t\t<meta property=\"og:locale\" content=\"pt_BR\" \/>\n\t\t<meta property=\"og:site_name\" content=\"News In Foco - Editado por Caio Pimenta - O principal site de noticias de Alagoinhas e regi\u00e3o\" \/>\n\t\t<meta property=\"og:type\" content=\"article\" \/>\n\t\t<meta property=\"og:title\" content=\"As duas pastas que o PSD deve levar no gabinete de Lula - News In Foco - Editado por Caio Pimenta\" \/>\n\t\t<meta property=\"og:description\" content=\"O PSD, partido de Gilberto Kassab, j\u00e1 teria -na vis\u00e3o de integrantes do pr\u00f3prio partido- garantido duas cadeiras na futura Esplanada dos Minist\u00e9rios do governo Lula. Uma delas, dada como certa por um parlamentar da legenda, seria o Minist\u00e9rio do Turismo, a ser ocupada pelo deputado Pedro Paulo (RJ). A segunda pasta do partido seria a Infraestrutura,\" \/>\n\t\t<meta property=\"og:url\" content=\"https:\/\/newsinfoco.com.br\/inicio\/as-duas-pastas-que-o-psd-deve-levar-no-gabinete-de-lula\/\" \/>\n\t\t<meta property=\"article:published_time\" content=\"2022-12-13T13:00:23+00:00\" \/>\n\t\t<meta property=\"article:modified_time\" content=\"2022-12-13T13:00:23+00:00\" \/>\n\t\t<meta name=\"twitter:card\" content=\"summary_large_image\" \/>\n\t\t<meta name=\"twitter:title\" content=\"As duas pastas que o PSD deve levar no gabinete de Lula - News In Foco - Editado por Caio Pimenta\" \/>\n\t\t<meta name=\"twitter:description\" content=\"O PSD, partido de Gilberto Kassab, j\u00e1 teria -na vis\u00e3o de integrantes do pr\u00f3prio partido- garantido duas cadeiras na futura Esplanada dos Minist\u00e9rios do governo Lula. Uma delas, dada como certa por um parlamentar da legenda, seria o Minist\u00e9rio do Turismo, a ser ocupada pelo deputado Pedro Paulo (RJ). A segunda pasta do partido seria a Infraestrutura,\" \/>\n\t\t<script type=\"application\/ld+json\" class=\"aioseo-schema\">\n\t\t\t{\"@context\":\"https:\\\/\\\/schema.org\",\"@graph\":[{\"@type\":\"BlogPosting\",\"@id\":\"https:\\\/\\\/newsinfoco.com.br\\\/inicio\\\/as-duas-pastas-que-o-psd-deve-levar-no-gabinete-de-lula\\\/#blogposting\",\"name\":\"As duas pastas que o PSD deve levar no gabinete de Lula - News In Foco - Editado por Caio Pimenta\",\"headline\":\"As duas pastas que o PSD deve levar no gabinete de Lula\",\"author\":{\"@id\":\"https:\\\/\\\/newsinfoco.com.br\\\/inicio\\\/author\\\/administrador\\\/#author\"},\"publisher\":{\"@id\":\"https:\\\/\\\/newsinfoco.com.br\\\/inicio\\\/#organization\"},\"image\":{\"@type\":\"ImageObject\",\"url\":\"https:\\\/\\\/newsinfoco.com.br\\\/inicio\\\/wp-content\\\/uploads\\\/2022\\\/02\\\/kassab-otto-1.jpg\",\"width\":600,\"height\":420},\"datePublished\":\"2022-12-13T10:00:23-03:00\",\"dateModified\":\"2022-12-13T10:00:23-03:00\",\"inLanguage\":\"pt-BR\",\"mainEntityOfPage\":{\"@id\":\"https:\\\/\\\/newsinfoco.com.br\\\/inicio\\\/as-duas-pastas-que-o-psd-deve-levar-no-gabinete-de-lula\\\/#webpage\"},\"isPartOf\":{\"@id\":\"https:\\\/\\\/newsinfoco.com.br\\\/inicio\\\/as-duas-pastas-que-o-psd-deve-levar-no-gabinete-de-lula\\\/#webpage\"},\"articleSection\":\"Brasil\"},{\"@type\":\"BreadcrumbList\",\"@id\":\"https:\\\/\\\/newsinfoco.com.br\\\/inicio\\\/as-duas-pastas-que-o-psd-deve-levar-no-gabinete-de-lula\\\/#breadcrumblist\",\"itemListElement\":[{\"@type\":\"ListItem\",\"@id\":\"https:\\\/\\\/newsinfoco.com.br\\\/inicio#listItem\",\"position\":1,\"name\":\"In\\u00edcio\",\"item\":\"https:\\\/\\\/newsinfoco.com.br\\\/inicio\",\"nextItem\":{\"@type\":\"ListItem\",\"@id\":\"https:\\\/\\\/newsinfoco.com.br\\\/inicio\\\/category\\\/brasil\\\/#listItem\",\"name\":\"Brasil\"}},{\"@type\":\"ListItem\",\"@id\":\"https:\\\/\\\/newsinfoco.com.br\\\/inicio\\\/category\\\/brasil\\\/#listItem\",\"position\":2,\"name\":\"Brasil\",\"item\":\"https:\\\/\\\/newsinfoco.com.br\\\/inicio\\\/category\\\/brasil\\\/\",\"nextItem\":{\"@type\":\"ListItem\",\"@id\":\"https:\\\/\\\/newsinfoco.com.br\\\/inicio\\\/as-duas-pastas-que-o-psd-deve-levar-no-gabinete-de-lula\\\/#listItem\",\"name\":\"As duas pastas que o PSD deve levar no gabinete de Lula\"},\"previousItem\":{\"@type\":\"ListItem\",\"@id\":\"https:\\\/\\\/newsinfoco.com.br\\\/inicio#listItem\",\"name\":\"In\\u00edcio\"}},{\"@type\":\"ListItem\",\"@id\":\"https:\\\/\\\/newsinfoco.com.br\\\/inicio\\\/as-duas-pastas-que-o-psd-deve-levar-no-gabinete-de-lula\\\/#listItem\",\"position\":3,\"name\":\"As duas pastas que o PSD deve levar no gabinete de Lula\",\"previousItem\":{\"@type\":\"ListItem\",\"@id\":\"https:\\\/\\\/newsinfoco.com.br\\\/inicio\\\/category\\\/brasil\\\/#listItem\",\"name\":\"Brasil\"}}]},{\"@type\":\"Organization\",\"@id\":\"https:\\\/\\\/newsinfoco.com.br\\\/inicio\\\/#organization\",\"name\":\"News In Foco - Editado por Caio Pimenta\",\"description\":\"O principal site de noticias de Alagoinhas e regi\\u00e3o\",\"url\":\"https:\\\/\\\/newsinfoco.com.br\\\/inicio\\\/\"},{\"@type\":\"Person\",\"@id\":\"https:\\\/\\\/newsinfoco.com.br\\\/inicio\\\/author\\\/administrador\\\/#author\",\"url\":\"https:\\\/\\\/newsinfoco.com.br\\\/inicio\\\/author\\\/administrador\\\/\",\"name\":\"administrador\",\"image\":{\"@type\":\"ImageObject\",\"@id\":\"https:\\\/\\\/newsinfoco.com.br\\\/inicio\\\/as-duas-pastas-que-o-psd-deve-levar-no-gabinete-de-lula\\\/#authorImage\",\"url\":\"https:\\\/\\\/secure.gravatar.com\\\/avatar\\\/c17a617433de8c1dc9584bb79aab7563b46f5bb7e1728c9b17d9cc3ce6a08e49?s=96&d=mm&r=g\",\"width\":96,\"height\":96,\"caption\":\"administrador\"}},{\"@type\":\"WebPage\",\"@id\":\"https:\\\/\\\/newsinfoco.com.br\\\/inicio\\\/as-duas-pastas-que-o-psd-deve-levar-no-gabinete-de-lula\\\/#webpage\",\"url\":\"https:\\\/\\\/newsinfoco.com.br\\\/inicio\\\/as-duas-pastas-que-o-psd-deve-levar-no-gabinete-de-lula\\\/\",\"name\":\"As duas pastas que o PSD deve levar no gabinete de Lula - News In Foco - Editado por Caio Pimenta\",\"description\":\"O PSD, partido de Gilberto Kassab, j\\u00e1 teria -na vis\\u00e3o de integrantes do pr\\u00f3prio partido- garantido duas cadeiras na futura Esplanada dos Minist\\u00e9rios do governo Lula. Uma delas, dada como certa por um parlamentar da legenda, seria o Minist\\u00e9rio do Turismo, a ser ocupada pelo deputado Pedro Paulo (RJ). A segunda pasta do partido seria a Infraestrutura,\",\"inLanguage\":\"pt-BR\",\"isPartOf\":{\"@id\":\"https:\\\/\\\/newsinfoco.com.br\\\/inicio\\\/#website\"},\"breadcrumb\":{\"@id\":\"https:\\\/\\\/newsinfoco.com.br\\\/inicio\\\/as-duas-pastas-que-o-psd-deve-levar-no-gabinete-de-lula\\\/#breadcrumblist\"},\"author\":{\"@id\":\"https:\\\/\\\/newsinfoco.com.br\\\/inicio\\\/author\\\/administrador\\\/#author\"},\"creator\":{\"@id\":\"https:\\\/\\\/newsinfoco.com.br\\\/inicio\\\/author\\\/administrador\\\/#author\"},\"image\":{\"@type\":\"ImageObject\",\"url\":\"https:\\\/\\\/newsinfoco.com.br\\\/inicio\\\/wp-content\\\/uploads\\\/2022\\\/02\\\/kassab-otto-1.jpg\",\"@id\":\"https:\\\/\\\/newsinfoco.com.br\\\/inicio\\\/as-duas-pastas-que-o-psd-deve-levar-no-gabinete-de-lula\\\/#mainImage\",\"width\":600,\"height\":420},\"primaryImageOfPage\":{\"@id\":\"https:\\\/\\\/newsinfoco.com.br\\\/inicio\\\/as-duas-pastas-que-o-psd-deve-levar-no-gabinete-de-lula\\\/#mainImage\"},\"datePublished\":\"2022-12-13T10:00:23-03:00\",\"dateModified\":\"2022-12-13T10:00:23-03:00\"},{\"@type\":\"WebSite\",\"@id\":\"https:\\\/\\\/newsinfoco.com.br\\\/inicio\\\/#website\",\"url\":\"https:\\\/\\\/newsinfoco.com.br\\\/inicio\\\/\",\"name\":\"News In Foco - Editado por Caio Pimenta\",\"description\":\"O principal site de noticias de Alagoinhas e regi\\u00e3o\",\"inLanguage\":\"pt-BR\",\"publisher\":{\"@id\":\"https:\\\/\\\/newsinfoco.com.br\\\/inicio\\\/#organization\"}}]}\n\t\t<\/script>\n\t\t<!-- All in One SEO -->\n\n","aioseo_head_json":{"title":"As duas pastas que o PSD deve levar no gabinete de Lula - News In Foco - Editado por Caio Pimenta","description":"O PSD, partido de Gilberto Kassab, j\u00e1 teria -na vis\u00e3o de integrantes do pr\u00f3prio partido- garantido duas cadeiras na futura Esplanada dos Minist\u00e9rios do governo Lula. Uma delas, dada como certa por um parlamentar da legenda, seria o Minist\u00e9rio do Turismo, a ser ocupada pelo deputado Pedro Paulo (RJ). A segunda pasta do partido seria a Infraestrutura,","canonical_url":"https:\/\/newsinfoco.com.br\/inicio\/as-duas-pastas-que-o-psd-deve-levar-no-gabinete-de-lula\/","robots":"max-image-preview:large","keywords":"","webmasterTools":{"miscellaneous":""},"schema":{"@context":"https:\/\/schema.org","@graph":[{"@type":"BlogPosting","@id":"https:\/\/newsinfoco.com.br\/inicio\/as-duas-pastas-que-o-psd-deve-levar-no-gabinete-de-lula\/#blogposting","name":"As duas pastas que o PSD deve levar no gabinete de Lula - News In Foco - Editado por Caio Pimenta","headline":"As duas pastas que o PSD deve levar no gabinete de Lula","author":{"@id":"https:\/\/newsinfoco.com.br\/inicio\/author\/administrador\/#author"},"publisher":{"@id":"https:\/\/newsinfoco.com.br\/inicio\/#organization"},"image":{"@type":"ImageObject","url":"https:\/\/newsinfoco.com.br\/inicio\/wp-content\/uploads\/2022\/02\/kassab-otto-1.jpg","width":600,"height":420},"datePublished":"2022-12-13T10:00:23-03:00","dateModified":"2022-12-13T10:00:23-03:00","inLanguage":"pt-BR","mainEntityOfPage":{"@id":"https:\/\/newsinfoco.com.br\/inicio\/as-duas-pastas-que-o-psd-deve-levar-no-gabinete-de-lula\/#webpage"},"isPartOf":{"@id":"https:\/\/newsinfoco.com.br\/inicio\/as-duas-pastas-que-o-psd-deve-levar-no-gabinete-de-lula\/#webpage"},"articleSection":"Brasil"},{"@type":"BreadcrumbList","@id":"https:\/\/newsinfoco.com.br\/inicio\/as-duas-pastas-que-o-psd-deve-levar-no-gabinete-de-lula\/#breadcrumblist","itemListElement":[{"@type":"ListItem","@id":"https:\/\/newsinfoco.com.br\/inicio#listItem","position":1,"name":"In\u00edcio","item":"https:\/\/newsinfoco.com.br\/inicio","nextItem":{"@type":"ListItem","@id":"https:\/\/newsinfoco.com.br\/inicio\/category\/brasil\/#listItem","name":"Brasil"}},{"@type":"ListItem","@id":"https:\/\/newsinfoco.com.br\/inicio\/category\/brasil\/#listItem","position":2,"name":"Brasil","item":"https:\/\/newsinfoco.com.br\/inicio\/category\/brasil\/","nextItem":{"@type":"ListItem","@id":"https:\/\/newsinfoco.com.br\/inicio\/as-duas-pastas-que-o-psd-deve-levar-no-gabinete-de-lula\/#listItem","name":"As duas pastas que o PSD deve levar no gabinete de Lula"},"previousItem":{"@type":"ListItem","@id":"https:\/\/newsinfoco.com.br\/inicio#listItem","name":"In\u00edcio"}},{"@type":"ListItem","@id":"https:\/\/newsinfoco.com.br\/inicio\/as-duas-pastas-que-o-psd-deve-levar-no-gabinete-de-lula\/#listItem","position":3,"name":"As duas pastas que o PSD deve levar no gabinete de Lula","previousItem":{"@type":"ListItem","@id":"https:\/\/newsinfoco.com.br\/inicio\/category\/brasil\/#listItem","name":"Brasil"}}]},{"@type":"Organization","@id":"https:\/\/newsinfoco.com.br\/inicio\/#organization","name":"News In Foco - Editado por Caio Pimenta","description":"O principal site de noticias de Alagoinhas e regi\u00e3o","url":"https:\/\/newsinfoco.com.br\/inicio\/"},{"@type":"Person","@id":"https:\/\/newsinfoco.com.br\/inicio\/author\/administrador\/#author","url":"https:\/\/newsinfoco.com.br\/inicio\/author\/administrador\/","name":"administrador","image":{"@type":"ImageObject","@id":"https:\/\/newsinfoco.com.br\/inicio\/as-duas-pastas-que-o-psd-deve-levar-no-gabinete-de-lula\/#authorImage","url":"https:\/\/secure.gravatar.com\/avatar\/c17a617433de8c1dc9584bb79aab7563b46f5bb7e1728c9b17d9cc3ce6a08e49?s=96&d=mm&r=g","width":96,"height":96,"caption":"administrador"}},{"@type":"WebPage","@id":"https:\/\/newsinfoco.com.br\/inicio\/as-duas-pastas-que-o-psd-deve-levar-no-gabinete-de-lula\/#webpage","url":"https:\/\/newsinfoco.com.br\/inicio\/as-duas-pastas-que-o-psd-deve-levar-no-gabinete-de-lula\/","name":"As duas pastas que o PSD deve levar no gabinete de Lula - News In Foco - Editado por Caio Pimenta","description":"O PSD, partido de Gilberto Kassab, j\u00e1 teria -na vis\u00e3o de integrantes do pr\u00f3prio partido- garantido duas cadeiras na futura Esplanada dos Minist\u00e9rios do governo Lula. Uma delas, dada como certa por um parlamentar da legenda, seria o Minist\u00e9rio do Turismo, a ser ocupada pelo deputado Pedro Paulo (RJ). A segunda pasta do partido seria a Infraestrutura,","inLanguage":"pt-BR","isPartOf":{"@id":"https:\/\/newsinfoco.com.br\/inicio\/#website"},"breadcrumb":{"@id":"https:\/\/newsinfoco.com.br\/inicio\/as-duas-pastas-que-o-psd-deve-levar-no-gabinete-de-lula\/#breadcrumblist"},"author":{"@id":"https:\/\/newsinfoco.com.br\/inicio\/author\/administrador\/#author"},"creator":{"@id":"https:\/\/newsinfoco.com.br\/inicio\/author\/administrador\/#author"},"image":{"@type":"ImageObject","url":"https:\/\/newsinfoco.com.br\/inicio\/wp-content\/uploads\/2022\/02\/kassab-otto-1.jpg","@id":"https:\/\/newsinfoco.com.br\/inicio\/as-duas-pastas-que-o-psd-deve-levar-no-gabinete-de-lula\/#mainImage","width":600,"height":420},"primaryImageOfPage":{"@id":"https:\/\/newsinfoco.com.br\/inicio\/as-duas-pastas-que-o-psd-deve-levar-no-gabinete-de-lula\/#mainImage"},"datePublished":"2022-12-13T10:00:23-03:00","dateModified":"2022-12-13T10:00:23-03:00"},{"@type":"WebSite","@id":"https:\/\/newsinfoco.com.br\/inicio\/#website","url":"https:\/\/newsinfoco.com.br\/inicio\/","name":"News In Foco - Editado por Caio Pimenta","description":"O principal site de noticias de Alagoinhas e regi\u00e3o","inLanguage":"pt-BR","publisher":{"@id":"https:\/\/newsinfoco.com.br\/inicio\/#organization"}}]},"og:locale":"pt_BR","og:site_name":"News In Foco - Editado por Caio Pimenta - O principal site de noticias de Alagoinhas e regi\u00e3o","og:type":"article","og:title":"As duas pastas que o PSD deve levar no gabinete de Lula - News In Foco - Editado por Caio Pimenta","og:description":"O PSD, partido de Gilberto Kassab, j\u00e1 teria -na vis\u00e3o de integrantes do pr\u00f3prio partido- garantido duas cadeiras na futura Esplanada dos Minist\u00e9rios do governo Lula. Uma delas, dada como certa por um parlamentar da legenda, seria o Minist\u00e9rio do Turismo, a ser ocupada pelo deputado Pedro Paulo (RJ). A segunda pasta do partido seria a Infraestrutura,","og:url":"https:\/\/newsinfoco.com.br\/inicio\/as-duas-pastas-que-o-psd-deve-levar-no-gabinete-de-lula\/","article:published_time":"2022-12-13T13:00:23+00:00","article:modified_time":"2022-12-13T13:00:23+00:00","twitter:card":"summary_large_image","twitter:title":"As duas pastas que o PSD deve levar no gabinete de Lula - News In Foco - Editado por Caio Pimenta","twitter:description":"O PSD, partido de Gilberto Kassab, j\u00e1 teria -na vis\u00e3o de integrantes do pr\u00f3prio partido- garantido duas cadeiras na futura Esplanada dos Minist\u00e9rios do governo Lula. Uma delas, dada como certa por um parlamentar da legenda, seria o Minist\u00e9rio do Turismo, a ser ocupada pelo deputado Pedro Paulo (RJ). A segunda pasta do partido seria a Infraestrutura,"},"aioseo_meta_data":{"post_id":"32180","title":null,"description":null,"keywords":null,"keyphrases":null,"primary_term":null,"canonical_url":null,"og_title":null,"og_description":null,"og_object_type":"default","og_image_type":"default","og_image_url":null,"og_image_width":null,"og_image_height":null,"og_image_custom_url":null,"og_image_custom_fields":null,"og_video":null,"og_custom_url":null,"og_article_section":null,"og_article_tags":null,"twitter_use_og":false,"twitter_card":"default","twitter_image_type":"default","twitter_image_url":null,"twitter_image_custom_url":null,"twitter_image_custom_fields":null,"twitter_title":null,"twitter_description":null,"schema":{"blockGraphs":[],"customGraphs":[],"default":{"data":{"Article":[],"Course":[],"Dataset":[],"FAQPage":[],"Movie":[],"Person":[],"Product":[],"ProductReview":[],"Car":[],"Recipe":[],"Service":[],"SoftwareApplication":[],"WebPage":[]},"graphName":"","isEnabled":true},"graphs":[]},"schema_type":"default","schema_type_options":null,"pillar_content":false,"robots_default":true,"robots_noindex":false,"robots_noarchive":false,"robots_nosnippet":false,"robots_nofollow":false,"robots_noimageindex":false,"robots_noodp":false,"robots_notranslate":false,"robots_max_snippet":null,"robots_max_videopreview":null,"robots_max_imagepreview":"large","priority":null,"frequency":null,"local_seo":null,"breadcrumb_settings":null,"limit_modified_date":false,"ai":null,"created":"2023-06-12 22:29:37","updated":"2025-07-11 08:44:54","seo_analyzer_scan_date":null},"aioseo_breadcrumb":"<div class=\"aioseo-breadcrumbs\"><span class=\"aioseo-breadcrumb\">\n\t\t\t<a href=\"https:\/\/newsinfoco.com.br\/inicio\" title=\"In\u00edcio\">In\u00edcio<\/a>\n\t\t<\/span><span class=\"aioseo-breadcrumb-separator\">&raquo;<\/span><span class=\"aioseo-breadcrumb\">\n\t\t\t<a href=\"https:\/\/newsinfoco.com.br\/inicio\/category\/brasil\/\" title=\"Brasil\">Brasil<\/a>\n\t\t<\/span><span class=\"aioseo-breadcrumb-separator\">&raquo;<\/span><span class=\"aioseo-breadcrumb\">\n\t\t\tAs duas pastas que o PSD deve levar no gabinete de Lula\n\t\t<\/span><\/div>","aioseo_breadcrumb_json":[{"label":"In\u00edcio","link":"https:\/\/newsinfoco.com.br\/inicio"},{"label":"Brasil","link":"https:\/\/newsinfoco.com.br\/inicio\/category\/brasil\/"},{"label":"As duas pastas que o PSD deve levar no gabinete de Lula","link":"https:\/\/newsinfoco.com.br\/inicio\/as-duas-pastas-que-o-psd-deve-levar-no-gabinete-de-lula\/"}],"_links":{"self":[{"href":"https:\/\/newsinfoco.com.br\/inicio\/wp-json\/wp\/v2\/posts\/32180","targetHints":{"allow":["GET"]}}],"collection":[{"href":"https:\/\/newsinfoco.com.br\/inicio\/wp-json\/wp\/v2\/posts"}],"about":[{"href":"https:\/\/newsinfoco.com.br\/inicio\/wp-json\/wp\/v2\/types\/post"}],"author":[{"embeddable":true,"href":"https:\/\/newsinfoco.com.br\/inicio\/wp-json\/wp\/v2\/users\/1"}],"replies":[{"embeddable":true,"href":"https:\/\/newsinfoco.com.br\/inicio\/wp-json\/wp\/v2\/comments?post=32180"}],"version-history":[{"count":1,"href":"https:\/\/newsinfoco.com.br\/inicio\/wp-json\/wp\/v2\/posts\/32180\/revisions"}],"predecessor-version":[{"id":32181,"href":"https:\/\/newsinfoco.com.br\/inicio\/wp-json\/wp\/v2\/posts\/32180\/revisions\/32181"}],"wp:featuredmedia":[{"embeddable":true,"href":"https:\/\/newsinfoco.com.br\/inicio\/wp-json\/wp\/v2\/media\/28980"}],"wp:attachment":[{"href":"https:\/\/newsinfoco.com.br\/inicio\/wp-json\/wp\/v2\/media?parent=32180"}],"wp:term":[{"taxonomy":"category","embeddable":true,"href":"https:\/\/newsinfoco.com.br\/inicio\/wp-json\/wp\/v2\/categories?post=32180"},{"taxonomy":"post_tag","embeddable":true,"href":"https:\/\/newsinfoco.com.br\/inicio\/wp-json\/wp\/v2\/tags?post=32180"}],"curies":[{"name":"wp","href":"https:\/\/api.w.org\/{rel}","templated":true}]}}