{"id":32182,"date":"2022-12-13T10:07:53","date_gmt":"2022-12-13T13:07:53","guid":{"rendered":"https:\/\/newsinfoco.com.br\/inicio\/?p=32182"},"modified":"2022-12-13T10:07:53","modified_gmt":"2022-12-13T13:07:53","slug":"lula-chama-opositores-de-inimigos-da-democracia-durante-diplomacao","status":"publish","type":"post","link":"https:\/\/newsinfoco.com.br\/inicio\/lula-chama-opositores-de-inimigos-da-democracia-durante-diplomacao\/","title":{"rendered":"Lula chama opositores de \u2018inimigos da democracia\u2019 durante diploma\u00e7\u00e3o"},"content":{"rendered":"<p>No\u00a0ato da diploma\u00e7\u00e3o, nesta segunda-feira,12, o presidente eleito, Lu\u00eds In\u00e1cio Lula da Silva, chamou de \u201cinimigos da democracia\u201d quem questiona o sistema eleitoral do pa\u00eds, especialmente quem colocou em xeque a transpar\u00eancia das urnas eletr\u00f4nicas no pleito deste ano.<\/p>\n<p>\u201cOs inimigos da democracia lan\u00e7aram d\u00favidas sobre as urnas, cuja confiabilidade \u00e9 reconhecida h\u00e1 muito\u00a0<span id=\"IL_AD7\" class=\"IL_AD\">tempo<\/span>\u00a0por todo o mundo\u201d, disse Lula. \u201cAmea\u00e7aram as institui\u00e7\u00f5es, criaram obst\u00e1culos de \u00faltima hora para que eleitores fossem impedidos de chegar a seus locais de vota\u00e7\u00e3o, tentaram comprar o voto dos eleitores com falsas promessas de\u00a0<span id=\"IL_AD11\" class=\"IL_AD\">dinheiro<\/span>\u00a0farto desviado do Or\u00e7amento p\u00fablico.\u201d acrescentou.<\/p>\n<p>Ele tamb\u00e9m destacou a \u201ccoragem\u201d do Supremo Tribunal Federal\u00a0<a href=\"https:\/\/portal.stf.jus.br\/\" target=\"_blank\" rel=\"noopener\"><strong>(STF)<\/strong><\/a>\u00a0para enfrentar \u201camea\u00e7as e agress\u00f5es\u201d a fim de defender o Estado Democr\u00e1tico de Direito.<\/p>\n<p>A cerim\u00f4nia foi presidida pelo ministro Alexandre de Moraes, na presen\u00e7a de diversas autoridades, governadores e de ex-presidentes, como Dilma Rousseff e Jos\u00e9 Sarney.<\/p>\n<div id=\"taboola-mid-article-thumbnails\" class=\" trc_related_container trc_spotlight_widget trc_elastic trc_elastic_alternating-thumbnails-a-mid \" data-placement-name=\"Mid Article Thumbnails\">\n<div class=\"trc_rbox_container\">\n<div id=\"trc_wrapper_15935\" class=\"trc_rbox alternating-thumbnails-a-mid trc-content-hybrid \">\n<div id=\"outer_15935\" class=\"trc_rbox_outer\">\n<div id=\"rbox-t2m\" class=\"trc_rbox_div trc_rbox_border_elm\">\n<div id=\"internal_trc_15935\">\n<div class=\"videoCube trc_spotlight_item origin-default thumbnail_start textItem videoCube_2_child trc_excludable \" data-item-id=\"-4526644647734893937\" data-item-title=\"Bolsonaro se encontra com apoiadores depois da diploma\u00e7\u00e3o de Lula\" data-item-thumb=\"https:\/\/medias.revistaoeste.com\/media-prod\/wp-content\/uploads\/2022\/12\/captura-de-tela-2022-12-12-191805.png\" data-item-syndicated=\"false\">\n<p class=\" trc_undo_btn \">Ainda durante a diploma\u00e7\u00e3o de Lula, Alexandre de Moraes disse que os bolsonaristas respons\u00e1veis pelos diversos protestos em todo o pa\u00eds e aqueles que tentaram tumultuar o processo eleitoral ser\u00e3o responsabilizados.<\/p>\n<p class=\" trc_undo_btn \">\u201cEssa diploma\u00e7\u00e3o atesta a vit\u00f3ria plena da democracia e do Estado Democr\u00e1tico Direito contra os ataques antidemocr\u00e1ticos, contra a desinforma\u00e7\u00e3o e contra o discurso de \u00f3dio proferidos por diversos grupos organizados, que, j\u00e1 identificados, ser\u00e3o integralmente responsabilizados para que isso n\u00e3o retorne nas pr\u00f3ximas elei\u00e7\u00f5es\u201d, disse Moraes.<\/p>\n<p>Revista Oeste<\/p>\n<\/div>\n<\/div>\n<\/div>\n<\/div>\n<\/div>\n<\/div>\n<\/div>\n<div class='share-to-whatsapp-wrapper'><div class='share-on-whsp'>Share on: <\/div><a data-text='Lula chama opositores de \u2018inimigos da democracia\u2019 durante diploma\u00e7\u00e3o' data-link='https:\/\/newsinfoco.com.br\/inicio\/lula-chama-opositores-de-inimigos-da-democracia-durante-diplomacao\/' class='whatsapp-button whatsapp-share'>WhatsApp<\/a><div class='clear '><\/div><\/div>","protected":false},"excerpt":{"rendered":"<p>No\u00a0ato da diploma\u00e7\u00e3o, nesta segunda-feira,12, o presidente eleito, Lu\u00eds In\u00e1cio Lula da Silva, chamou de \u201cinimigos da democracia\u201d quem questiona o sistema eleitoral do pa\u00eds, especialmente quem colocou em xeque a transpar\u00eancia das urnas eletr\u00f4nicas no pleito deste ano. \u201cOs inimigos da democracia lan\u00e7aram d\u00favidas sobre as urnas, cuja confiabilidade \u00e9 reconhecida h\u00e1 muito\u00a0tempo\u00a0por todo [&hellip;]<\/p>\n","protected":false},"author":1,"featured_media":32183,"comment_status":"closed","ping_status":"closed","sticky":false,"template":"","format":"standard","meta":{"om_disable_all_campaigns":false,"rop_custom_images_group":[],"rop_custom_messages_group":[],"rop_publish_now":"initial","rop_publish_now_accounts":[],"rop_publish_now_history":[],"rop_publish_now_status":"pending","_exactmetrics_skip_tracking":false,"footnotes":""},"categories":[21],"tags":[],"class_list":["post-32182","post","type-post","status-publish","format-standard","has-post-thumbnail","hentry","category-brasil"],"aioseo_notices":[],"aioseo_head":"\n\t\t<!-- All in One SEO 4.9.10 - aioseo.com -->\n\t<meta name=\"description\" content=\"No ato da diploma\u00e7\u00e3o, nesta segunda-feira,12, o presidente eleito, Lu\u00eds In\u00e1cio Lula da Silva, chamou de \u201cinimigos da democracia\u201d quem questiona o sistema eleitoral do pa\u00eds, especialmente quem colocou em xeque a transpar\u00eancia das urnas eletr\u00f4nicas no pleito deste ano. \u201cOs inimigos da democracia lan\u00e7aram d\u00favidas sobre as urnas, cuja confiabilidade \u00e9 reconhecida h\u00e1 muito tempo por todo\" \/>\n\t<meta name=\"robots\" content=\"max-image-preview:large\" \/>\n\t<meta name=\"author\" content=\"administrador\"\/>\n\t<link rel=\"canonical\" href=\"https:\/\/newsinfoco.com.br\/inicio\/lula-chama-opositores-de-inimigos-da-democracia-durante-diplomacao\/\" \/>\n\t<meta name=\"generator\" content=\"All in One SEO (AIOSEO) 4.9.10\" \/>\n\t\t<meta property=\"og:locale\" content=\"pt_BR\" \/>\n\t\t<meta property=\"og:site_name\" content=\"News In Foco - Editado por Caio Pimenta - O principal site de noticias de Alagoinhas e regi\u00e3o\" \/>\n\t\t<meta property=\"og:type\" content=\"article\" \/>\n\t\t<meta property=\"og:title\" content=\"Lula chama opositores de \u2018inimigos da democracia\u2019 durante diploma\u00e7\u00e3o - News In Foco - Editado por Caio Pimenta\" \/>\n\t\t<meta property=\"og:description\" content=\"No ato da diploma\u00e7\u00e3o, nesta segunda-feira,12, o presidente eleito, Lu\u00eds In\u00e1cio Lula da Silva, chamou de \u201cinimigos da democracia\u201d quem questiona o sistema eleitoral do pa\u00eds, especialmente quem colocou em xeque a transpar\u00eancia das urnas eletr\u00f4nicas no pleito deste ano. \u201cOs inimigos da democracia lan\u00e7aram d\u00favidas sobre as urnas, cuja confiabilidade \u00e9 reconhecida h\u00e1 muito tempo por todo\" \/>\n\t\t<meta property=\"og:url\" content=\"https:\/\/newsinfoco.com.br\/inicio\/lula-chama-opositores-de-inimigos-da-democracia-durante-diplomacao\/\" \/>\n\t\t<meta property=\"article:published_time\" content=\"2022-12-13T13:07:53+00:00\" \/>\n\t\t<meta property=\"article:modified_time\" content=\"2022-12-13T13:07:53+00:00\" \/>\n\t\t<meta name=\"twitter:card\" content=\"summary_large_image\" \/>\n\t\t<meta name=\"twitter:title\" content=\"Lula chama opositores de \u2018inimigos da democracia\u2019 durante diploma\u00e7\u00e3o - News In Foco - Editado por Caio Pimenta\" \/>\n\t\t<meta name=\"twitter:description\" content=\"No ato da diploma\u00e7\u00e3o, nesta segunda-feira,12, o presidente eleito, Lu\u00eds In\u00e1cio Lula da Silva, chamou de \u201cinimigos da democracia\u201d quem questiona o sistema eleitoral do pa\u00eds, especialmente quem colocou em xeque a transpar\u00eancia das urnas eletr\u00f4nicas no pleito deste ano. \u201cOs inimigos da democracia lan\u00e7aram d\u00favidas sobre as urnas, cuja confiabilidade \u00e9 reconhecida h\u00e1 muito tempo por todo\" \/>\n\t\t<script type=\"application\/ld+json\" class=\"aioseo-schema\">\n\t\t\t{\"@context\":\"https:\\\/\\\/schema.org\",\"@graph\":[{\"@type\":\"BlogPosting\",\"@id\":\"https:\\\/\\\/newsinfoco.com.br\\\/inicio\\\/lula-chama-opositores-de-inimigos-da-democracia-durante-diplomacao\\\/#blogposting\",\"name\":\"Lula chama opositores de \\u2018inimigos da democracia\\u2019 durante diploma\\u00e7\\u00e3o - News In Foco - Editado por Caio Pimenta\",\"headline\":\"Lula chama opositores de \\u2018inimigos da democracia\\u2019 durante diploma\\u00e7\\u00e3o\",\"author\":{\"@id\":\"https:\\\/\\\/newsinfoco.com.br\\\/inicio\\\/author\\\/administrador\\\/#author\"},\"publisher\":{\"@id\":\"https:\\\/\\\/newsinfoco.com.br\\\/inicio\\\/#organization\"},\"image\":{\"@type\":\"ImageObject\",\"url\":\"https:\\\/\\\/newsinfoco.com.br\\\/inicio\\\/wp-content\\\/uploads\\\/2022\\\/12\\\/moraes-768x459-1.jpg\",\"width\":768,\"height\":459},\"datePublished\":\"2022-12-13T10:07:53-03:00\",\"dateModified\":\"2022-12-13T10:07:53-03:00\",\"inLanguage\":\"pt-BR\",\"mainEntityOfPage\":{\"@id\":\"https:\\\/\\\/newsinfoco.com.br\\\/inicio\\\/lula-chama-opositores-de-inimigos-da-democracia-durante-diplomacao\\\/#webpage\"},\"isPartOf\":{\"@id\":\"https:\\\/\\\/newsinfoco.com.br\\\/inicio\\\/lula-chama-opositores-de-inimigos-da-democracia-durante-diplomacao\\\/#webpage\"},\"articleSection\":\"Brasil\"},{\"@type\":\"BreadcrumbList\",\"@id\":\"https:\\\/\\\/newsinfoco.com.br\\\/inicio\\\/lula-chama-opositores-de-inimigos-da-democracia-durante-diplomacao\\\/#breadcrumblist\",\"itemListElement\":[{\"@type\":\"ListItem\",\"@id\":\"https:\\\/\\\/newsinfoco.com.br\\\/inicio#listItem\",\"position\":1,\"name\":\"In\\u00edcio\",\"item\":\"https:\\\/\\\/newsinfoco.com.br\\\/inicio\",\"nextItem\":{\"@type\":\"ListItem\",\"@id\":\"https:\\\/\\\/newsinfoco.com.br\\\/inicio\\\/category\\\/brasil\\\/#listItem\",\"name\":\"Brasil\"}},{\"@type\":\"ListItem\",\"@id\":\"https:\\\/\\\/newsinfoco.com.br\\\/inicio\\\/category\\\/brasil\\\/#listItem\",\"position\":2,\"name\":\"Brasil\",\"item\":\"https:\\\/\\\/newsinfoco.com.br\\\/inicio\\\/category\\\/brasil\\\/\",\"nextItem\":{\"@type\":\"ListItem\",\"@id\":\"https:\\\/\\\/newsinfoco.com.br\\\/inicio\\\/lula-chama-opositores-de-inimigos-da-democracia-durante-diplomacao\\\/#listItem\",\"name\":\"Lula chama opositores de \\u2018inimigos da democracia\\u2019 durante diploma\\u00e7\\u00e3o\"},\"previousItem\":{\"@type\":\"ListItem\",\"@id\":\"https:\\\/\\\/newsinfoco.com.br\\\/inicio#listItem\",\"name\":\"In\\u00edcio\"}},{\"@type\":\"ListItem\",\"@id\":\"https:\\\/\\\/newsinfoco.com.br\\\/inicio\\\/lula-chama-opositores-de-inimigos-da-democracia-durante-diplomacao\\\/#listItem\",\"position\":3,\"name\":\"Lula chama opositores de \\u2018inimigos da democracia\\u2019 durante diploma\\u00e7\\u00e3o\",\"previousItem\":{\"@type\":\"ListItem\",\"@id\":\"https:\\\/\\\/newsinfoco.com.br\\\/inicio\\\/category\\\/brasil\\\/#listItem\",\"name\":\"Brasil\"}}]},{\"@type\":\"Organization\",\"@id\":\"https:\\\/\\\/newsinfoco.com.br\\\/inicio\\\/#organization\",\"name\":\"News In Foco - Editado por Caio Pimenta\",\"description\":\"O principal site de noticias de Alagoinhas e regi\\u00e3o\",\"url\":\"https:\\\/\\\/newsinfoco.com.br\\\/inicio\\\/\"},{\"@type\":\"Person\",\"@id\":\"https:\\\/\\\/newsinfoco.com.br\\\/inicio\\\/author\\\/administrador\\\/#author\",\"url\":\"https:\\\/\\\/newsinfoco.com.br\\\/inicio\\\/author\\\/administrador\\\/\",\"name\":\"administrador\",\"image\":{\"@type\":\"ImageObject\",\"@id\":\"https:\\\/\\\/newsinfoco.com.br\\\/inicio\\\/lula-chama-opositores-de-inimigos-da-democracia-durante-diplomacao\\\/#authorImage\",\"url\":\"https:\\\/\\\/secure.gravatar.com\\\/avatar\\\/c17a617433de8c1dc9584bb79aab7563b46f5bb7e1728c9b17d9cc3ce6a08e49?s=96&d=mm&r=g\",\"width\":96,\"height\":96,\"caption\":\"administrador\"}},{\"@type\":\"WebPage\",\"@id\":\"https:\\\/\\\/newsinfoco.com.br\\\/inicio\\\/lula-chama-opositores-de-inimigos-da-democracia-durante-diplomacao\\\/#webpage\",\"url\":\"https:\\\/\\\/newsinfoco.com.br\\\/inicio\\\/lula-chama-opositores-de-inimigos-da-democracia-durante-diplomacao\\\/\",\"name\":\"Lula chama opositores de \\u2018inimigos da democracia\\u2019 durante diploma\\u00e7\\u00e3o - News In Foco - Editado por Caio Pimenta\",\"description\":\"No ato da diploma\\u00e7\\u00e3o, nesta segunda-feira,12, o presidente eleito, Lu\\u00eds In\\u00e1cio Lula da Silva, chamou de \\u201cinimigos da democracia\\u201d quem questiona o sistema eleitoral do pa\\u00eds, especialmente quem colocou em xeque a transpar\\u00eancia das urnas eletr\\u00f4nicas no pleito deste ano. \\u201cOs inimigos da democracia lan\\u00e7aram d\\u00favidas sobre as urnas, cuja confiabilidade \\u00e9 reconhecida h\\u00e1 muito tempo por todo\",\"inLanguage\":\"pt-BR\",\"isPartOf\":{\"@id\":\"https:\\\/\\\/newsinfoco.com.br\\\/inicio\\\/#website\"},\"breadcrumb\":{\"@id\":\"https:\\\/\\\/newsinfoco.com.br\\\/inicio\\\/lula-chama-opositores-de-inimigos-da-democracia-durante-diplomacao\\\/#breadcrumblist\"},\"author\":{\"@id\":\"https:\\\/\\\/newsinfoco.com.br\\\/inicio\\\/author\\\/administrador\\\/#author\"},\"creator\":{\"@id\":\"https:\\\/\\\/newsinfoco.com.br\\\/inicio\\\/author\\\/administrador\\\/#author\"},\"image\":{\"@type\":\"ImageObject\",\"url\":\"https:\\\/\\\/newsinfoco.com.br\\\/inicio\\\/wp-content\\\/uploads\\\/2022\\\/12\\\/moraes-768x459-1.jpg\",\"@id\":\"https:\\\/\\\/newsinfoco.com.br\\\/inicio\\\/lula-chama-opositores-de-inimigos-da-democracia-durante-diplomacao\\\/#mainImage\",\"width\":768,\"height\":459},\"primaryImageOfPage\":{\"@id\":\"https:\\\/\\\/newsinfoco.com.br\\\/inicio\\\/lula-chama-opositores-de-inimigos-da-democracia-durante-diplomacao\\\/#mainImage\"},\"datePublished\":\"2022-12-13T10:07:53-03:00\",\"dateModified\":\"2022-12-13T10:07:53-03:00\"},{\"@type\":\"WebSite\",\"@id\":\"https:\\\/\\\/newsinfoco.com.br\\\/inicio\\\/#website\",\"url\":\"https:\\\/\\\/newsinfoco.com.br\\\/inicio\\\/\",\"name\":\"News In Foco - Editado por Caio Pimenta\",\"description\":\"O principal site de noticias de Alagoinhas e regi\\u00e3o\",\"inLanguage\":\"pt-BR\",\"publisher\":{\"@id\":\"https:\\\/\\\/newsinfoco.com.br\\\/inicio\\\/#organization\"}}]}\n\t\t<\/script>\n\t\t<!-- All in One SEO -->\n\n","aioseo_head_json":{"title":"Lula chama opositores de \u2018inimigos da democracia\u2019 durante diploma\u00e7\u00e3o - News In Foco - Editado por Caio Pimenta","description":"No ato da diploma\u00e7\u00e3o, nesta segunda-feira,12, o presidente eleito, Lu\u00eds In\u00e1cio Lula da Silva, chamou de \u201cinimigos da democracia\u201d quem questiona o sistema eleitoral do pa\u00eds, especialmente quem colocou em xeque a transpar\u00eancia das urnas eletr\u00f4nicas no pleito deste ano. \u201cOs inimigos da democracia lan\u00e7aram d\u00favidas sobre as urnas, cuja confiabilidade \u00e9 reconhecida h\u00e1 muito tempo por todo","canonical_url":"https:\/\/newsinfoco.com.br\/inicio\/lula-chama-opositores-de-inimigos-da-democracia-durante-diplomacao\/","robots":"max-image-preview:large","keywords":"","webmasterTools":{"miscellaneous":""},"schema":{"@context":"https:\/\/schema.org","@graph":[{"@type":"BlogPosting","@id":"https:\/\/newsinfoco.com.br\/inicio\/lula-chama-opositores-de-inimigos-da-democracia-durante-diplomacao\/#blogposting","name":"Lula chama opositores de \u2018inimigos da democracia\u2019 durante diploma\u00e7\u00e3o - News In Foco - Editado por Caio Pimenta","headline":"Lula chama opositores de \u2018inimigos da democracia\u2019 durante diploma\u00e7\u00e3o","author":{"@id":"https:\/\/newsinfoco.com.br\/inicio\/author\/administrador\/#author"},"publisher":{"@id":"https:\/\/newsinfoco.com.br\/inicio\/#organization"},"image":{"@type":"ImageObject","url":"https:\/\/newsinfoco.com.br\/inicio\/wp-content\/uploads\/2022\/12\/moraes-768x459-1.jpg","width":768,"height":459},"datePublished":"2022-12-13T10:07:53-03:00","dateModified":"2022-12-13T10:07:53-03:00","inLanguage":"pt-BR","mainEntityOfPage":{"@id":"https:\/\/newsinfoco.com.br\/inicio\/lula-chama-opositores-de-inimigos-da-democracia-durante-diplomacao\/#webpage"},"isPartOf":{"@id":"https:\/\/newsinfoco.com.br\/inicio\/lula-chama-opositores-de-inimigos-da-democracia-durante-diplomacao\/#webpage"},"articleSection":"Brasil"},{"@type":"BreadcrumbList","@id":"https:\/\/newsinfoco.com.br\/inicio\/lula-chama-opositores-de-inimigos-da-democracia-durante-diplomacao\/#breadcrumblist","itemListElement":[{"@type":"ListItem","@id":"https:\/\/newsinfoco.com.br\/inicio#listItem","position":1,"name":"In\u00edcio","item":"https:\/\/newsinfoco.com.br\/inicio","nextItem":{"@type":"ListItem","@id":"https:\/\/newsinfoco.com.br\/inicio\/category\/brasil\/#listItem","name":"Brasil"}},{"@type":"ListItem","@id":"https:\/\/newsinfoco.com.br\/inicio\/category\/brasil\/#listItem","position":2,"name":"Brasil","item":"https:\/\/newsinfoco.com.br\/inicio\/category\/brasil\/","nextItem":{"@type":"ListItem","@id":"https:\/\/newsinfoco.com.br\/inicio\/lula-chama-opositores-de-inimigos-da-democracia-durante-diplomacao\/#listItem","name":"Lula chama opositores de \u2018inimigos da democracia\u2019 durante diploma\u00e7\u00e3o"},"previousItem":{"@type":"ListItem","@id":"https:\/\/newsinfoco.com.br\/inicio#listItem","name":"In\u00edcio"}},{"@type":"ListItem","@id":"https:\/\/newsinfoco.com.br\/inicio\/lula-chama-opositores-de-inimigos-da-democracia-durante-diplomacao\/#listItem","position":3,"name":"Lula chama opositores de \u2018inimigos da democracia\u2019 durante diploma\u00e7\u00e3o","previousItem":{"@type":"ListItem","@id":"https:\/\/newsinfoco.com.br\/inicio\/category\/brasil\/#listItem","name":"Brasil"}}]},{"@type":"Organization","@id":"https:\/\/newsinfoco.com.br\/inicio\/#organization","name":"News In Foco - Editado por Caio Pimenta","description":"O principal site de noticias de Alagoinhas e regi\u00e3o","url":"https:\/\/newsinfoco.com.br\/inicio\/"},{"@type":"Person","@id":"https:\/\/newsinfoco.com.br\/inicio\/author\/administrador\/#author","url":"https:\/\/newsinfoco.com.br\/inicio\/author\/administrador\/","name":"administrador","image":{"@type":"ImageObject","@id":"https:\/\/newsinfoco.com.br\/inicio\/lula-chama-opositores-de-inimigos-da-democracia-durante-diplomacao\/#authorImage","url":"https:\/\/secure.gravatar.com\/avatar\/c17a617433de8c1dc9584bb79aab7563b46f5bb7e1728c9b17d9cc3ce6a08e49?s=96&d=mm&r=g","width":96,"height":96,"caption":"administrador"}},{"@type":"WebPage","@id":"https:\/\/newsinfoco.com.br\/inicio\/lula-chama-opositores-de-inimigos-da-democracia-durante-diplomacao\/#webpage","url":"https:\/\/newsinfoco.com.br\/inicio\/lula-chama-opositores-de-inimigos-da-democracia-durante-diplomacao\/","name":"Lula chama opositores de \u2018inimigos da democracia\u2019 durante diploma\u00e7\u00e3o - News In Foco - Editado por Caio Pimenta","description":"No ato da diploma\u00e7\u00e3o, nesta segunda-feira,12, o presidente eleito, Lu\u00eds In\u00e1cio Lula da Silva, chamou de \u201cinimigos da democracia\u201d quem questiona o sistema eleitoral do pa\u00eds, especialmente quem colocou em xeque a transpar\u00eancia das urnas eletr\u00f4nicas no pleito deste ano. \u201cOs inimigos da democracia lan\u00e7aram d\u00favidas sobre as urnas, cuja confiabilidade \u00e9 reconhecida h\u00e1 muito tempo por todo","inLanguage":"pt-BR","isPartOf":{"@id":"https:\/\/newsinfoco.com.br\/inicio\/#website"},"breadcrumb":{"@id":"https:\/\/newsinfoco.com.br\/inicio\/lula-chama-opositores-de-inimigos-da-democracia-durante-diplomacao\/#breadcrumblist"},"author":{"@id":"https:\/\/newsinfoco.com.br\/inicio\/author\/administrador\/#author"},"creator":{"@id":"https:\/\/newsinfoco.com.br\/inicio\/author\/administrador\/#author"},"image":{"@type":"ImageObject","url":"https:\/\/newsinfoco.com.br\/inicio\/wp-content\/uploads\/2022\/12\/moraes-768x459-1.jpg","@id":"https:\/\/newsinfoco.com.br\/inicio\/lula-chama-opositores-de-inimigos-da-democracia-durante-diplomacao\/#mainImage","width":768,"height":459},"primaryImageOfPage":{"@id":"https:\/\/newsinfoco.com.br\/inicio\/lula-chama-opositores-de-inimigos-da-democracia-durante-diplomacao\/#mainImage"},"datePublished":"2022-12-13T10:07:53-03:00","dateModified":"2022-12-13T10:07:53-03:00"},{"@type":"WebSite","@id":"https:\/\/newsinfoco.com.br\/inicio\/#website","url":"https:\/\/newsinfoco.com.br\/inicio\/","name":"News In Foco - Editado por Caio Pimenta","description":"O principal site de noticias de Alagoinhas e regi\u00e3o","inLanguage":"pt-BR","publisher":{"@id":"https:\/\/newsinfoco.com.br\/inicio\/#organization"}}]},"og:locale":"pt_BR","og:site_name":"News In Foco - Editado por Caio Pimenta - O principal site de noticias de Alagoinhas e regi\u00e3o","og:type":"article","og:title":"Lula chama opositores de \u2018inimigos da democracia\u2019 durante diploma\u00e7\u00e3o - News In Foco - Editado por Caio Pimenta","og:description":"No ato da diploma\u00e7\u00e3o, nesta segunda-feira,12, o presidente eleito, Lu\u00eds In\u00e1cio Lula da Silva, chamou de \u201cinimigos da democracia\u201d quem questiona o sistema eleitoral do pa\u00eds, especialmente quem colocou em xeque a transpar\u00eancia das urnas eletr\u00f4nicas no pleito deste ano. \u201cOs inimigos da democracia lan\u00e7aram d\u00favidas sobre as urnas, cuja confiabilidade \u00e9 reconhecida h\u00e1 muito tempo por todo","og:url":"https:\/\/newsinfoco.com.br\/inicio\/lula-chama-opositores-de-inimigos-da-democracia-durante-diplomacao\/","article:published_time":"2022-12-13T13:07:53+00:00","article:modified_time":"2022-12-13T13:07:53+00:00","twitter:card":"summary_large_image","twitter:title":"Lula chama opositores de \u2018inimigos da democracia\u2019 durante diploma\u00e7\u00e3o - News In Foco - Editado por Caio Pimenta","twitter:description":"No ato da diploma\u00e7\u00e3o, nesta segunda-feira,12, o presidente eleito, Lu\u00eds In\u00e1cio Lula da Silva, chamou de \u201cinimigos da democracia\u201d quem questiona o sistema eleitoral do pa\u00eds, especialmente quem colocou em xeque a transpar\u00eancia das urnas eletr\u00f4nicas no pleito deste ano. \u201cOs inimigos da democracia lan\u00e7aram d\u00favidas sobre as urnas, cuja confiabilidade \u00e9 reconhecida h\u00e1 muito tempo por todo"},"aioseo_meta_data":{"post_id":"32182","title":null,"description":null,"keywords":null,"keyphrases":null,"primary_term":null,"canonical_url":null,"og_title":null,"og_description":null,"og_object_type":"default","og_image_type":"default","og_image_url":null,"og_image_width":null,"og_image_height":null,"og_image_custom_url":null,"og_image_custom_fields":null,"og_video":null,"og_custom_url":null,"og_article_section":null,"og_article_tags":null,"twitter_use_og":false,"twitter_card":"default","twitter_image_type":"default","twitter_image_url":null,"twitter_image_custom_url":null,"twitter_image_custom_fields":null,"twitter_title":null,"twitter_description":null,"schema":{"blockGraphs":[],"customGraphs":[],"default":{"data":{"Article":[],"Course":[],"Dataset":[],"FAQPage":[],"Movie":[],"Person":[],"Product":[],"ProductReview":[],"Car":[],"Recipe":[],"Service":[],"SoftwareApplication":[],"WebPage":[]},"graphName":"","isEnabled":true},"graphs":[]},"schema_type":"default","schema_type_options":null,"pillar_content":false,"robots_default":true,"robots_noindex":false,"robots_noarchive":false,"robots_nosnippet":false,"robots_nofollow":false,"robots_noimageindex":false,"robots_noodp":false,"robots_notranslate":false,"robots_max_snippet":null,"robots_max_videopreview":null,"robots_max_imagepreview":"large","priority":null,"frequency":null,"local_seo":null,"breadcrumb_settings":null,"limit_modified_date":false,"ai":null,"created":"2023-06-12 22:29:37","updated":"2025-07-11 08:44:54","seo_analyzer_scan_date":null},"aioseo_breadcrumb":"<div class=\"aioseo-breadcrumbs\"><span class=\"aioseo-breadcrumb\">\n\t\t\t<a href=\"https:\/\/newsinfoco.com.br\/inicio\" title=\"In\u00edcio\">In\u00edcio<\/a>\n\t\t<\/span><span class=\"aioseo-breadcrumb-separator\">&raquo;<\/span><span class=\"aioseo-breadcrumb\">\n\t\t\t<a href=\"https:\/\/newsinfoco.com.br\/inicio\/category\/brasil\/\" title=\"Brasil\">Brasil<\/a>\n\t\t<\/span><span class=\"aioseo-breadcrumb-separator\">&raquo;<\/span><span class=\"aioseo-breadcrumb\">\n\t\t\tLula chama opositores de \u2018inimigos da democracia\u2019 durante diploma\u00e7\u00e3o\n\t\t<\/span><\/div>","aioseo_breadcrumb_json":[{"label":"In\u00edcio","link":"https:\/\/newsinfoco.com.br\/inicio"},{"label":"Brasil","link":"https:\/\/newsinfoco.com.br\/inicio\/category\/brasil\/"},{"label":"Lula chama opositores de \u2018inimigos da democracia\u2019 durante diploma\u00e7\u00e3o","link":"https:\/\/newsinfoco.com.br\/inicio\/lula-chama-opositores-de-inimigos-da-democracia-durante-diplomacao\/"}],"_links":{"self":[{"href":"https:\/\/newsinfoco.com.br\/inicio\/wp-json\/wp\/v2\/posts\/32182","targetHints":{"allow":["GET"]}}],"collection":[{"href":"https:\/\/newsinfoco.com.br\/inicio\/wp-json\/wp\/v2\/posts"}],"about":[{"href":"https:\/\/newsinfoco.com.br\/inicio\/wp-json\/wp\/v2\/types\/post"}],"author":[{"embeddable":true,"href":"https:\/\/newsinfoco.com.br\/inicio\/wp-json\/wp\/v2\/users\/1"}],"replies":[{"embeddable":true,"href":"https:\/\/newsinfoco.com.br\/inicio\/wp-json\/wp\/v2\/comments?post=32182"}],"version-history":[{"count":1,"href":"https:\/\/newsinfoco.com.br\/inicio\/wp-json\/wp\/v2\/posts\/32182\/revisions"}],"predecessor-version":[{"id":32184,"href":"https:\/\/newsinfoco.com.br\/inicio\/wp-json\/wp\/v2\/posts\/32182\/revisions\/32184"}],"wp:featuredmedia":[{"embeddable":true,"href":"https:\/\/newsinfoco.com.br\/inicio\/wp-json\/wp\/v2\/media\/32183"}],"wp:attachment":[{"href":"https:\/\/newsinfoco.com.br\/inicio\/wp-json\/wp\/v2\/media?parent=32182"}],"wp:term":[{"taxonomy":"category","embeddable":true,"href":"https:\/\/newsinfoco.com.br\/inicio\/wp-json\/wp\/v2\/categories?post=32182"},{"taxonomy":"post_tag","embeddable":true,"href":"https:\/\/newsinfoco.com.br\/inicio\/wp-json\/wp\/v2\/tags?post=32182"}],"curies":[{"name":"wp","href":"https:\/\/api.w.org\/{rel}","templated":true}]}}