{"id":32200,"date":"2022-12-13T19:58:58","date_gmt":"2022-12-13T22:58:58","guid":{"rendered":"https:\/\/newsinfoco.com.br\/inicio\/?p=32200"},"modified":"2022-12-13T19:58:58","modified_gmt":"2022-12-13T22:58:58","slug":"clima-de-guerra-a-20-dias-da-posse-de-lula-eleva-tensao-em-brasilia","status":"publish","type":"post","link":"https:\/\/newsinfoco.com.br\/inicio\/clima-de-guerra-a-20-dias-da-posse-de-lula-eleva-tensao-em-brasilia\/","title":{"rendered":"Clima de guerra a 20 dias da posse de Lula eleva tens\u00e3o em Bras\u00edlia"},"content":{"rendered":"<p>As ruas do centro de\u00a0Bras\u00edlia\u00a0se transformaram em um\u00a0cen\u00e1rio de guerra,\u00a0com carros e \u00f4nibus incendiados, explos\u00f5es, tiros, bombas e um rastro de destrui\u00e7\u00e3o por onde passaram manifestantes bolsonaristas na noite dessa segunda-feira (12\/12). Segundo os bombeiros do Distrito Federal, sete ve\u00edculos foram incendiados, o que inclui quatro \u00f4nibus totalmente consumidos pelas chamas e um parcialmente. Durante os atos de vandalismo, ningu\u00e9m foi preso pelas for\u00e7as de seguran\u00e7a.<\/p>\n<p>Os protestos ocorreram no mesmo dia da diploma\u00e7\u00e3o do presidente eleito Luiz In\u00e1cio Lula da Silva (PT) no Tribunal Superior Eleitoral e come\u00e7aram ap\u00f3s a\u00a0pris\u00e3o do cacique bolsonarista Jos\u00e9 Ac\u00e1cio Tserere Xavante. As manifesta\u00e7\u00f5es violentas acendem um alerta, a 20 dias da cerim\u00f4nia de posse do petista, marcada para 1\u00ba de janeiro.<\/p>\n<p>A confus\u00e3o come\u00e7ou quando bolsonaristas tentaram invadir a sede da Pol\u00edcia Federal, na Asa Norte, ap\u00f3s a pris\u00e3o do ind\u00edgena, determinada pelo presidente do Tribunal Superior Eleitoral (TSE), Alexandre de Moraes. Tserere Xavante \u00e9 suspeito de incitar protestos contra o resultado da elei\u00e7\u00e3o em diversos locais da capital federal, como no Congresso Nacional, no Aeroporto de Bras\u00edlia, nos shoppings e no hotel onde Lula e o vice-presidente eleito, Geraldo Alckmin (PSB), est\u00e3o hospedados.<\/p>\n<p>A Pol\u00edcia Militar do Distrito Federal (PMDF) refor\u00e7ou, inclusive, a seguran\u00e7a do local, que fica a poucos metros da sede da PF.<\/p>\n<p data-gtm-vis-recent-on-screen-8752935_866=\"177130\" data-gtm-vis-first-on-screen-8752935_866=\"177130\" data-gtm-vis-total-visible-time-8752935_866=\"100\" data-gtm-vis-has-fired-8752935_866=\"1\" data-gtm-vis-recent-on-screen-8752935_862=\"177135\" data-gtm-vis-first-on-screen-8752935_862=\"177135\" data-gtm-vis-total-visible-time-8752935_862=\"100\" data-gtm-vis-has-fired-8752935_862=\"1\">A tens\u00e3o fez o futuro ministro da Justi\u00e7a do governo Lula, Fl\u00e1vio Dino (PSB), convocar uma coletiva de imprensa para garantir que o presidente eleito est\u00e1 em \u201cabsoluta seguran\u00e7a\u201d e tomar\u00e1 posse em 1\u00ba de janeiro de 2023. Ap\u00f3s eclodir o protesto violento de bolsonaristas, as redes sociais foram tomadas por rumores de que Lula seria retirado do hotel em que est\u00e1 hospedado em Bras\u00edlia \u2013\u00a0informa\u00e7\u00e3o negada pela equipe do petista.<\/p>\n<p>Na noite de segunda-feira, o governador do Distrito Federal, Ibaneis Rocha (MDB),\u00a0prometeu refor\u00e7ar a seguran\u00e7a e prender os v\u00e2ndalos.<\/p>\n<h2><strong>Bolsonaristas inconformados<\/strong><\/h2>\n<p>Embora o confronto direto tenha emergido apenas nessa segunda-feira, o movimento de simpatizantes do atual presidente da Rep\u00fablica, Jair Bolsonaro (PL), vem ganhando for\u00e7a desde o segundo turno das elei\u00e7\u00f5es. Bolsonaristas fecharam rodovias pelo pa\u00eds contra o resultado das urnas e, posteriormente, passaram a acampar pr\u00f3ximos a quart\u00e9is-generais para pedir interven\u00e7\u00e3o militar.<\/p>\n<p>Em Bras\u00edlia, manifestantes est\u00e3o h\u00e1 mais de um m\u00eas em barracas montadas em frente ao Quartel-General do Ex\u00e9rcito para pedir interven\u00e7\u00e3o das For\u00e7as Armadas no resultado das elei\u00e7\u00f5es.<\/p>\n<p>Os mais extremistas t\u00eam defendido at\u00e9 o assassinato do presidente eleito, frequentemente repetindo a frase: \u201cLadr\u00e3o n\u00e3o vai subir a rampa\u201d. Um site do governo do Cear\u00e1 sofreu um ataque hacker, onde foram\u00a0veiculadas mensagens de tom golpista, pedidos de interven\u00e7\u00e3o militar e de \u201cmorte a Lula<a href=\"https:\/\/www.metropoles.com\/colunas\/igor-gadelha\/sites-do-governo-do-ceara-sofrem-ataque-hacker-pedindo-morte-a-lula\" target=\"_blank\" rel=\"noopener\">\u201d<\/a>.<\/p>\n<h2><strong>Sil\u00eancio de Bolsonaro<\/strong><\/h2>\n<p>Em meio \u00e0s cenas de viol\u00eancia e vandalismo na capital federal, o presidente Jair Bolsonaro (PL) tem feito poucas declara\u00e7\u00f5es p\u00fablicas desde o fim das elei\u00e7\u00f5es. Na semana passada, ap\u00f3s mais de um m\u00eas em sil\u00eancio, o\u00a0atual mandat\u00e1rio fez um discurso d\u00fabio a apoiadores. O chefe do Executivo ainda n\u00e3o reconheceu abertamente a derrota nas urnas.<\/p>\n<p>\u201cHoje, estamos vivendo um momento crucial, uma encruzilhada. Quem decide o meu futuro s\u00e3o voc\u00eas; quem decide para onde v\u00e3o as For\u00e7as Armadas s\u00e3o voc\u00eas; quem decide para onde vai a C\u00e2mara e o Senado s\u00e3o voc\u00eas\u201d, disse Bolsonaro a apoiadores no Pal\u00e1cio da Alvorada.<\/p>\n<p>Sem dar detalhes, o mandat\u00e1rio acrescentou que est\u00e1 assistindo a \u201cabsurdos acontecendo\u201d e assinalou: \u201cDiferente de outras pessoas, vamos vencer\u201d. Ele continuou: \u201cTudo dar\u00e1 certo no momento oportuno\u201d. Mais cedo, ap\u00f3s a diploma\u00e7\u00e3o de Lula e Alckmin, o\u00a0presidente se reuniu com milhares de apoiadores em frente ao Alvorada.<\/p>\n<h2><strong>Diploma\u00e7\u00e3o<\/strong><\/h2>\n<p>O presidente eleito pediu que a cerim\u00f4nia de diploma\u00e7\u00e3o, ato de reconhecimento oficial do resultado das elei\u00e7\u00f5es, fosse antecipada, justamente para arrefecer os protestos de bolsonaristas que questionam o pleito.<\/p>\n<p>Durante a solenidade,\u00a0Lula fez cr\u00edticas a Bolsonaro e declarou que \u201cinimigos da democracia lan\u00e7aram d\u00favidas sobre as urnas eletr\u00f4nicas, cuja confiabilidade \u00e9 reconhecida em todo o mundo. Criaram obst\u00e1culos de \u00faltima hora para que eleitores fossem impedidos de chegar a seus locais de vota\u00e7\u00e3o\u201d.<\/p>\n<p>O futuro presidente ainda acusou o governo Bolsonaro de \u201ccomprar o voto dos eleitores, com falsas promessas e dinheiro farto, desviado do or\u00e7amento p\u00fablico\u201d. De acordo com o petista, integrantes da gest\u00e3o bolsonarista \u201cintimidaram os mais vulner\u00e1veis com amea\u00e7as de suspens\u00e3o de benef\u00edcios, e trabalhadores com o risco de demiss\u00e3o sum\u00e1ria, caso contrariassem interesses de empregadores\u201d.<\/p>\n<p>A declara\u00e7\u00e3o do presidente do TSE, Alexandre de Moraes, tamb\u00e9m foi carregada de cr\u00edticas a grupos antidemocr\u00e1ticos, a quem o ministro classificou como \u201ccriminosos\u201d. Moraes tamb\u00e9m\u00a0prometeu \u201cresponsabilizar\u201d quem promove ataques \u00e0 democracia.<\/p>\n<p>\u201cEssa diploma\u00e7\u00e3o atesta a vit\u00f3ria plena e incontest\u00e1vel da democracia e do Estado de Direito contra os ataques antidemocr\u00e1ticos, contra a desinforma\u00e7\u00e3o e contra o discurso de \u00f3dio proferidos por diversos grupos organizados que, j\u00e1 identificados, garanto ser\u00e3o integralmente responsabilizados, para que isso n\u00e3o retorne nas pr\u00f3ximas elei\u00e7\u00f5es\u201d, frisou o ministro.<\/p>\n<h2><strong>Festa de posse<\/strong><\/h2>\n<p>H\u00e1 ainda temor de atos violentos no evento de posse do presidente eleito. Organizadores da cerim\u00f4nia de posse de\u00a0Lula\u00a0(PT) na Presid\u00eancia da Rep\u00fablica estimam que entre 100 mil e 150 mil pessoas devem ir a Bras\u00edlia para o evento. O p\u00fablico pode ser maior do que o da posse de\u00a0Jair Bolsonaro\u00a0(PL), em 2019, que contou com 115 mil espectadores.<\/p>\n<p>O\u00a0Sindicato de Hot\u00e9is, Restaurantes, Bares e Similares de Bras\u00edlia (Sindhobar)\u00a0prev\u00ea ocupa\u00e7\u00e3o entre 90% e 95% j\u00e1 em dezembro. Alguns hot\u00e9is da capital federal est\u00e3o sem vagas para o dia 1\u00ba de janeiro.<\/p>\n<p>O esquema de seguran\u00e7a da posse \u00e9 preparado pela Pol\u00edcia Federal em conjunto com GSI, Congresso, Supremo Tribunal Federal (STF), Itamaraty e Comando Militar do Planalto (CMP). A Secretaria de Seguran\u00e7a P\u00fablica do DF participa da coordena\u00e7\u00e3o da cerim\u00f4nia de posse com os \u00f3rg\u00e3os federais.<\/p>\n<p class=\"siema-item\">\n<p>Metropoles<\/p>\n<div class='share-to-whatsapp-wrapper'><div class='share-on-whsp'>Share on: <\/div><a data-text='Clima de guerra a 20 dias da posse de Lula eleva tens\u00e3o em Bras\u00edlia' data-link='https:\/\/newsinfoco.com.br\/inicio\/clima-de-guerra-a-20-dias-da-posse-de-lula-eleva-tensao-em-brasilia\/' class='whatsapp-button whatsapp-share'>WhatsApp<\/a><div class='clear '><\/div><\/div>","protected":false},"excerpt":{"rendered":"<p>As ruas do centro de\u00a0Bras\u00edlia\u00a0se transformaram em um\u00a0cen\u00e1rio de guerra,\u00a0com carros e \u00f4nibus incendiados, explos\u00f5es, tiros, bombas e um rastro de destrui\u00e7\u00e3o por onde passaram manifestantes bolsonaristas na noite dessa segunda-feira (12\/12). Segundo os bombeiros do Distrito Federal, sete ve\u00edculos foram incendiados, o que inclui quatro \u00f4nibus totalmente consumidos pelas chamas e um parcialmente. Durante [&hellip;]<\/p>\n","protected":false},"author":1,"featured_media":32201,"comment_status":"closed","ping_status":"closed","sticky":false,"template":"","format":"standard","meta":{"om_disable_all_campaigns":false,"rop_custom_images_group":[],"rop_custom_messages_group":[],"rop_publish_now":"initial","rop_publish_now_accounts":[],"rop_publish_now_history":[],"rop_publish_now_status":"pending","_exactmetrics_skip_tracking":false,"footnotes":""},"categories":[21],"tags":[],"class_list":["post-32200","post","type-post","status-publish","format-standard","has-post-thumbnail","hentry","category-brasil"],"aioseo_notices":[],"aioseo_head":"\n\t\t<!-- All in One SEO 4.9.10 - aioseo.com -->\n\t<meta name=\"description\" content=\"As ruas do centro de Bras\u00edlia se transformaram em um cen\u00e1rio de guerra, com carros e \u00f4nibus incendiados, explos\u00f5es, tiros, bombas e um rastro de destrui\u00e7\u00e3o por onde passaram manifestantes bolsonaristas na noite dessa segunda-feira (12\/12). Segundo os bombeiros do Distrito Federal, sete ve\u00edculos foram incendiados, o que inclui quatro \u00f4nibus totalmente consumidos pelas chamas e um parcialmente. Durante\" \/>\n\t<meta name=\"robots\" content=\"max-image-preview:large\" \/>\n\t<meta name=\"author\" content=\"administrador\"\/>\n\t<link rel=\"canonical\" href=\"https:\/\/newsinfoco.com.br\/inicio\/clima-de-guerra-a-20-dias-da-posse-de-lula-eleva-tensao-em-brasilia\/\" \/>\n\t<meta name=\"generator\" content=\"All in One SEO (AIOSEO) 4.9.10\" \/>\n\t\t<meta property=\"og:locale\" content=\"pt_BR\" \/>\n\t\t<meta property=\"og:site_name\" content=\"News In Foco - Editado por Caio Pimenta - O principal site de noticias de Alagoinhas e regi\u00e3o\" \/>\n\t\t<meta property=\"og:type\" content=\"article\" \/>\n\t\t<meta property=\"og:title\" content=\"Clima de guerra a 20 dias da posse de Lula eleva tens\u00e3o em Bras\u00edlia - News In Foco - Editado por Caio Pimenta\" \/>\n\t\t<meta property=\"og:description\" content=\"As ruas do centro de Bras\u00edlia se transformaram em um cen\u00e1rio de guerra, com carros e \u00f4nibus incendiados, explos\u00f5es, tiros, bombas e um rastro de destrui\u00e7\u00e3o por onde passaram manifestantes bolsonaristas na noite dessa segunda-feira (12\/12). Segundo os bombeiros do Distrito Federal, sete ve\u00edculos foram incendiados, o que inclui quatro \u00f4nibus totalmente consumidos pelas chamas e um parcialmente. Durante\" \/>\n\t\t<meta property=\"og:url\" content=\"https:\/\/newsinfoco.com.br\/inicio\/clima-de-guerra-a-20-dias-da-posse-de-lula-eleva-tensao-em-brasilia\/\" \/>\n\t\t<meta property=\"article:published_time\" content=\"2022-12-13T22:58:58+00:00\" \/>\n\t\t<meta property=\"article:modified_time\" content=\"2022-12-13T22:58:58+00:00\" \/>\n\t\t<meta name=\"twitter:card\" content=\"summary_large_image\" \/>\n\t\t<meta name=\"twitter:title\" content=\"Clima de guerra a 20 dias da posse de Lula eleva tens\u00e3o em Bras\u00edlia - News In Foco - Editado por Caio Pimenta\" \/>\n\t\t<meta name=\"twitter:description\" content=\"As ruas do centro de Bras\u00edlia se transformaram em um cen\u00e1rio de guerra, com carros e \u00f4nibus incendiados, explos\u00f5es, tiros, bombas e um rastro de destrui\u00e7\u00e3o por onde passaram manifestantes bolsonaristas na noite dessa segunda-feira (12\/12). Segundo os bombeiros do Distrito Federal, sete ve\u00edculos foram incendiados, o que inclui quatro \u00f4nibus totalmente consumidos pelas chamas e um parcialmente. Durante\" \/>\n\t\t<script type=\"application\/ld+json\" class=\"aioseo-schema\">\n\t\t\t{\"@context\":\"https:\\\/\\\/schema.org\",\"@graph\":[{\"@type\":\"BlogPosting\",\"@id\":\"https:\\\/\\\/newsinfoco.com.br\\\/inicio\\\/clima-de-guerra-a-20-dias-da-posse-de-lula-eleva-tensao-em-brasilia\\\/#blogposting\",\"name\":\"Clima de guerra a 20 dias da posse de Lula eleva tens\\u00e3o em Bras\\u00edlia - News In Foco - Editado por Caio Pimenta\",\"headline\":\"Clima de guerra a 20 dias da posse de Lula eleva tens\\u00e3o em Bras\\u00edlia\",\"author\":{\"@id\":\"https:\\\/\\\/newsinfoco.com.br\\\/inicio\\\/author\\\/administrador\\\/#author\"},\"publisher\":{\"@id\":\"https:\\\/\\\/newsinfoco.com.br\\\/inicio\\\/#organization\"},\"image\":{\"@type\":\"ImageObject\",\"url\":\"https:\\\/\\\/newsinfoco.com.br\\\/inicio\\\/wp-content\\\/uploads\\\/2022\\\/12\\\/Manifestantes-sentados-no-chao-exigem-que-Bolsonaro-seja-o-presidente-da-nacao-8-600x400-1.webp\",\"width\":600,\"height\":400},\"datePublished\":\"2022-12-13T19:58:58-03:00\",\"dateModified\":\"2022-12-13T19:58:58-03:00\",\"inLanguage\":\"pt-BR\",\"mainEntityOfPage\":{\"@id\":\"https:\\\/\\\/newsinfoco.com.br\\\/inicio\\\/clima-de-guerra-a-20-dias-da-posse-de-lula-eleva-tensao-em-brasilia\\\/#webpage\"},\"isPartOf\":{\"@id\":\"https:\\\/\\\/newsinfoco.com.br\\\/inicio\\\/clima-de-guerra-a-20-dias-da-posse-de-lula-eleva-tensao-em-brasilia\\\/#webpage\"},\"articleSection\":\"Brasil\"},{\"@type\":\"BreadcrumbList\",\"@id\":\"https:\\\/\\\/newsinfoco.com.br\\\/inicio\\\/clima-de-guerra-a-20-dias-da-posse-de-lula-eleva-tensao-em-brasilia\\\/#breadcrumblist\",\"itemListElement\":[{\"@type\":\"ListItem\",\"@id\":\"https:\\\/\\\/newsinfoco.com.br\\\/inicio#listItem\",\"position\":1,\"name\":\"In\\u00edcio\",\"item\":\"https:\\\/\\\/newsinfoco.com.br\\\/inicio\",\"nextItem\":{\"@type\":\"ListItem\",\"@id\":\"https:\\\/\\\/newsinfoco.com.br\\\/inicio\\\/category\\\/brasil\\\/#listItem\",\"name\":\"Brasil\"}},{\"@type\":\"ListItem\",\"@id\":\"https:\\\/\\\/newsinfoco.com.br\\\/inicio\\\/category\\\/brasil\\\/#listItem\",\"position\":2,\"name\":\"Brasil\",\"item\":\"https:\\\/\\\/newsinfoco.com.br\\\/inicio\\\/category\\\/brasil\\\/\",\"nextItem\":{\"@type\":\"ListItem\",\"@id\":\"https:\\\/\\\/newsinfoco.com.br\\\/inicio\\\/clima-de-guerra-a-20-dias-da-posse-de-lula-eleva-tensao-em-brasilia\\\/#listItem\",\"name\":\"Clima de guerra a 20 dias da posse de Lula eleva tens\\u00e3o em Bras\\u00edlia\"},\"previousItem\":{\"@type\":\"ListItem\",\"@id\":\"https:\\\/\\\/newsinfoco.com.br\\\/inicio#listItem\",\"name\":\"In\\u00edcio\"}},{\"@type\":\"ListItem\",\"@id\":\"https:\\\/\\\/newsinfoco.com.br\\\/inicio\\\/clima-de-guerra-a-20-dias-da-posse-de-lula-eleva-tensao-em-brasilia\\\/#listItem\",\"position\":3,\"name\":\"Clima de guerra a 20 dias da posse de Lula eleva tens\\u00e3o em Bras\\u00edlia\",\"previousItem\":{\"@type\":\"ListItem\",\"@id\":\"https:\\\/\\\/newsinfoco.com.br\\\/inicio\\\/category\\\/brasil\\\/#listItem\",\"name\":\"Brasil\"}}]},{\"@type\":\"Organization\",\"@id\":\"https:\\\/\\\/newsinfoco.com.br\\\/inicio\\\/#organization\",\"name\":\"News In Foco - Editado por Caio Pimenta\",\"description\":\"O principal site de noticias de Alagoinhas e regi\\u00e3o\",\"url\":\"https:\\\/\\\/newsinfoco.com.br\\\/inicio\\\/\"},{\"@type\":\"Person\",\"@id\":\"https:\\\/\\\/newsinfoco.com.br\\\/inicio\\\/author\\\/administrador\\\/#author\",\"url\":\"https:\\\/\\\/newsinfoco.com.br\\\/inicio\\\/author\\\/administrador\\\/\",\"name\":\"administrador\",\"image\":{\"@type\":\"ImageObject\",\"@id\":\"https:\\\/\\\/newsinfoco.com.br\\\/inicio\\\/clima-de-guerra-a-20-dias-da-posse-de-lula-eleva-tensao-em-brasilia\\\/#authorImage\",\"url\":\"https:\\\/\\\/secure.gravatar.com\\\/avatar\\\/c17a617433de8c1dc9584bb79aab7563b46f5bb7e1728c9b17d9cc3ce6a08e49?s=96&d=mm&r=g\",\"width\":96,\"height\":96,\"caption\":\"administrador\"}},{\"@type\":\"WebPage\",\"@id\":\"https:\\\/\\\/newsinfoco.com.br\\\/inicio\\\/clima-de-guerra-a-20-dias-da-posse-de-lula-eleva-tensao-em-brasilia\\\/#webpage\",\"url\":\"https:\\\/\\\/newsinfoco.com.br\\\/inicio\\\/clima-de-guerra-a-20-dias-da-posse-de-lula-eleva-tensao-em-brasilia\\\/\",\"name\":\"Clima de guerra a 20 dias da posse de Lula eleva tens\\u00e3o em Bras\\u00edlia - News In Foco - Editado por Caio Pimenta\",\"description\":\"As ruas do centro de Bras\\u00edlia se transformaram em um cen\\u00e1rio de guerra, com carros e \\u00f4nibus incendiados, explos\\u00f5es, tiros, bombas e um rastro de destrui\\u00e7\\u00e3o por onde passaram manifestantes bolsonaristas na noite dessa segunda-feira (12\\\/12). Segundo os bombeiros do Distrito Federal, sete ve\\u00edculos foram incendiados, o que inclui quatro \\u00f4nibus totalmente consumidos pelas chamas e um parcialmente. Durante\",\"inLanguage\":\"pt-BR\",\"isPartOf\":{\"@id\":\"https:\\\/\\\/newsinfoco.com.br\\\/inicio\\\/#website\"},\"breadcrumb\":{\"@id\":\"https:\\\/\\\/newsinfoco.com.br\\\/inicio\\\/clima-de-guerra-a-20-dias-da-posse-de-lula-eleva-tensao-em-brasilia\\\/#breadcrumblist\"},\"author\":{\"@id\":\"https:\\\/\\\/newsinfoco.com.br\\\/inicio\\\/author\\\/administrador\\\/#author\"},\"creator\":{\"@id\":\"https:\\\/\\\/newsinfoco.com.br\\\/inicio\\\/author\\\/administrador\\\/#author\"},\"image\":{\"@type\":\"ImageObject\",\"url\":\"https:\\\/\\\/newsinfoco.com.br\\\/inicio\\\/wp-content\\\/uploads\\\/2022\\\/12\\\/Manifestantes-sentados-no-chao-exigem-que-Bolsonaro-seja-o-presidente-da-nacao-8-600x400-1.webp\",\"@id\":\"https:\\\/\\\/newsinfoco.com.br\\\/inicio\\\/clima-de-guerra-a-20-dias-da-posse-de-lula-eleva-tensao-em-brasilia\\\/#mainImage\",\"width\":600,\"height\":400},\"primaryImageOfPage\":{\"@id\":\"https:\\\/\\\/newsinfoco.com.br\\\/inicio\\\/clima-de-guerra-a-20-dias-da-posse-de-lula-eleva-tensao-em-brasilia\\\/#mainImage\"},\"datePublished\":\"2022-12-13T19:58:58-03:00\",\"dateModified\":\"2022-12-13T19:58:58-03:00\"},{\"@type\":\"WebSite\",\"@id\":\"https:\\\/\\\/newsinfoco.com.br\\\/inicio\\\/#website\",\"url\":\"https:\\\/\\\/newsinfoco.com.br\\\/inicio\\\/\",\"name\":\"News In Foco - Editado por Caio Pimenta\",\"description\":\"O principal site de noticias de Alagoinhas e regi\\u00e3o\",\"inLanguage\":\"pt-BR\",\"publisher\":{\"@id\":\"https:\\\/\\\/newsinfoco.com.br\\\/inicio\\\/#organization\"}}]}\n\t\t<\/script>\n\t\t<!-- All in One SEO -->\n\n","aioseo_head_json":{"title":"Clima de guerra a 20 dias da posse de Lula eleva tens\u00e3o em Bras\u00edlia - News In Foco - Editado por Caio Pimenta","description":"As ruas do centro de Bras\u00edlia se transformaram em um cen\u00e1rio de guerra, com carros e \u00f4nibus incendiados, explos\u00f5es, tiros, bombas e um rastro de destrui\u00e7\u00e3o por onde passaram manifestantes bolsonaristas na noite dessa segunda-feira (12\/12). Segundo os bombeiros do Distrito Federal, sete ve\u00edculos foram incendiados, o que inclui quatro \u00f4nibus totalmente consumidos pelas chamas e um parcialmente. Durante","canonical_url":"https:\/\/newsinfoco.com.br\/inicio\/clima-de-guerra-a-20-dias-da-posse-de-lula-eleva-tensao-em-brasilia\/","robots":"max-image-preview:large","keywords":"","webmasterTools":{"miscellaneous":""},"schema":{"@context":"https:\/\/schema.org","@graph":[{"@type":"BlogPosting","@id":"https:\/\/newsinfoco.com.br\/inicio\/clima-de-guerra-a-20-dias-da-posse-de-lula-eleva-tensao-em-brasilia\/#blogposting","name":"Clima de guerra a 20 dias da posse de Lula eleva tens\u00e3o em Bras\u00edlia - News In Foco - Editado por Caio Pimenta","headline":"Clima de guerra a 20 dias da posse de Lula eleva tens\u00e3o em Bras\u00edlia","author":{"@id":"https:\/\/newsinfoco.com.br\/inicio\/author\/administrador\/#author"},"publisher":{"@id":"https:\/\/newsinfoco.com.br\/inicio\/#organization"},"image":{"@type":"ImageObject","url":"https:\/\/newsinfoco.com.br\/inicio\/wp-content\/uploads\/2022\/12\/Manifestantes-sentados-no-chao-exigem-que-Bolsonaro-seja-o-presidente-da-nacao-8-600x400-1.webp","width":600,"height":400},"datePublished":"2022-12-13T19:58:58-03:00","dateModified":"2022-12-13T19:58:58-03:00","inLanguage":"pt-BR","mainEntityOfPage":{"@id":"https:\/\/newsinfoco.com.br\/inicio\/clima-de-guerra-a-20-dias-da-posse-de-lula-eleva-tensao-em-brasilia\/#webpage"},"isPartOf":{"@id":"https:\/\/newsinfoco.com.br\/inicio\/clima-de-guerra-a-20-dias-da-posse-de-lula-eleva-tensao-em-brasilia\/#webpage"},"articleSection":"Brasil"},{"@type":"BreadcrumbList","@id":"https:\/\/newsinfoco.com.br\/inicio\/clima-de-guerra-a-20-dias-da-posse-de-lula-eleva-tensao-em-brasilia\/#breadcrumblist","itemListElement":[{"@type":"ListItem","@id":"https:\/\/newsinfoco.com.br\/inicio#listItem","position":1,"name":"In\u00edcio","item":"https:\/\/newsinfoco.com.br\/inicio","nextItem":{"@type":"ListItem","@id":"https:\/\/newsinfoco.com.br\/inicio\/category\/brasil\/#listItem","name":"Brasil"}},{"@type":"ListItem","@id":"https:\/\/newsinfoco.com.br\/inicio\/category\/brasil\/#listItem","position":2,"name":"Brasil","item":"https:\/\/newsinfoco.com.br\/inicio\/category\/brasil\/","nextItem":{"@type":"ListItem","@id":"https:\/\/newsinfoco.com.br\/inicio\/clima-de-guerra-a-20-dias-da-posse-de-lula-eleva-tensao-em-brasilia\/#listItem","name":"Clima de guerra a 20 dias da posse de Lula eleva tens\u00e3o em Bras\u00edlia"},"previousItem":{"@type":"ListItem","@id":"https:\/\/newsinfoco.com.br\/inicio#listItem","name":"In\u00edcio"}},{"@type":"ListItem","@id":"https:\/\/newsinfoco.com.br\/inicio\/clima-de-guerra-a-20-dias-da-posse-de-lula-eleva-tensao-em-brasilia\/#listItem","position":3,"name":"Clima de guerra a 20 dias da posse de Lula eleva tens\u00e3o em Bras\u00edlia","previousItem":{"@type":"ListItem","@id":"https:\/\/newsinfoco.com.br\/inicio\/category\/brasil\/#listItem","name":"Brasil"}}]},{"@type":"Organization","@id":"https:\/\/newsinfoco.com.br\/inicio\/#organization","name":"News In Foco - Editado por Caio Pimenta","description":"O principal site de noticias de Alagoinhas e regi\u00e3o","url":"https:\/\/newsinfoco.com.br\/inicio\/"},{"@type":"Person","@id":"https:\/\/newsinfoco.com.br\/inicio\/author\/administrador\/#author","url":"https:\/\/newsinfoco.com.br\/inicio\/author\/administrador\/","name":"administrador","image":{"@type":"ImageObject","@id":"https:\/\/newsinfoco.com.br\/inicio\/clima-de-guerra-a-20-dias-da-posse-de-lula-eleva-tensao-em-brasilia\/#authorImage","url":"https:\/\/secure.gravatar.com\/avatar\/c17a617433de8c1dc9584bb79aab7563b46f5bb7e1728c9b17d9cc3ce6a08e49?s=96&d=mm&r=g","width":96,"height":96,"caption":"administrador"}},{"@type":"WebPage","@id":"https:\/\/newsinfoco.com.br\/inicio\/clima-de-guerra-a-20-dias-da-posse-de-lula-eleva-tensao-em-brasilia\/#webpage","url":"https:\/\/newsinfoco.com.br\/inicio\/clima-de-guerra-a-20-dias-da-posse-de-lula-eleva-tensao-em-brasilia\/","name":"Clima de guerra a 20 dias da posse de Lula eleva tens\u00e3o em Bras\u00edlia - News In Foco - Editado por Caio Pimenta","description":"As ruas do centro de Bras\u00edlia se transformaram em um cen\u00e1rio de guerra, com carros e \u00f4nibus incendiados, explos\u00f5es, tiros, bombas e um rastro de destrui\u00e7\u00e3o por onde passaram manifestantes bolsonaristas na noite dessa segunda-feira (12\/12). Segundo os bombeiros do Distrito Federal, sete ve\u00edculos foram incendiados, o que inclui quatro \u00f4nibus totalmente consumidos pelas chamas e um parcialmente. Durante","inLanguage":"pt-BR","isPartOf":{"@id":"https:\/\/newsinfoco.com.br\/inicio\/#website"},"breadcrumb":{"@id":"https:\/\/newsinfoco.com.br\/inicio\/clima-de-guerra-a-20-dias-da-posse-de-lula-eleva-tensao-em-brasilia\/#breadcrumblist"},"author":{"@id":"https:\/\/newsinfoco.com.br\/inicio\/author\/administrador\/#author"},"creator":{"@id":"https:\/\/newsinfoco.com.br\/inicio\/author\/administrador\/#author"},"image":{"@type":"ImageObject","url":"https:\/\/newsinfoco.com.br\/inicio\/wp-content\/uploads\/2022\/12\/Manifestantes-sentados-no-chao-exigem-que-Bolsonaro-seja-o-presidente-da-nacao-8-600x400-1.webp","@id":"https:\/\/newsinfoco.com.br\/inicio\/clima-de-guerra-a-20-dias-da-posse-de-lula-eleva-tensao-em-brasilia\/#mainImage","width":600,"height":400},"primaryImageOfPage":{"@id":"https:\/\/newsinfoco.com.br\/inicio\/clima-de-guerra-a-20-dias-da-posse-de-lula-eleva-tensao-em-brasilia\/#mainImage"},"datePublished":"2022-12-13T19:58:58-03:00","dateModified":"2022-12-13T19:58:58-03:00"},{"@type":"WebSite","@id":"https:\/\/newsinfoco.com.br\/inicio\/#website","url":"https:\/\/newsinfoco.com.br\/inicio\/","name":"News In Foco - Editado por Caio Pimenta","description":"O principal site de noticias de Alagoinhas e regi\u00e3o","inLanguage":"pt-BR","publisher":{"@id":"https:\/\/newsinfoco.com.br\/inicio\/#organization"}}]},"og:locale":"pt_BR","og:site_name":"News In Foco - Editado por Caio Pimenta - O principal site de noticias de Alagoinhas e regi\u00e3o","og:type":"article","og:title":"Clima de guerra a 20 dias da posse de Lula eleva tens\u00e3o em Bras\u00edlia - News In Foco - Editado por Caio Pimenta","og:description":"As ruas do centro de Bras\u00edlia se transformaram em um cen\u00e1rio de guerra, com carros e \u00f4nibus incendiados, explos\u00f5es, tiros, bombas e um rastro de destrui\u00e7\u00e3o por onde passaram manifestantes bolsonaristas na noite dessa segunda-feira (12\/12). Segundo os bombeiros do Distrito Federal, sete ve\u00edculos foram incendiados, o que inclui quatro \u00f4nibus totalmente consumidos pelas chamas e um parcialmente. Durante","og:url":"https:\/\/newsinfoco.com.br\/inicio\/clima-de-guerra-a-20-dias-da-posse-de-lula-eleva-tensao-em-brasilia\/","article:published_time":"2022-12-13T22:58:58+00:00","article:modified_time":"2022-12-13T22:58:58+00:00","twitter:card":"summary_large_image","twitter:title":"Clima de guerra a 20 dias da posse de Lula eleva tens\u00e3o em Bras\u00edlia - News In Foco - Editado por Caio Pimenta","twitter:description":"As ruas do centro de Bras\u00edlia se transformaram em um cen\u00e1rio de guerra, com carros e \u00f4nibus incendiados, explos\u00f5es, tiros, bombas e um rastro de destrui\u00e7\u00e3o por onde passaram manifestantes bolsonaristas na noite dessa segunda-feira (12\/12). Segundo os bombeiros do Distrito Federal, sete ve\u00edculos foram incendiados, o que inclui quatro \u00f4nibus totalmente consumidos pelas chamas e um parcialmente. Durante"},"aioseo_meta_data":{"post_id":"32200","title":null,"description":null,"keywords":null,"keyphrases":null,"primary_term":null,"canonical_url":null,"og_title":null,"og_description":null,"og_object_type":"default","og_image_type":"default","og_image_url":null,"og_image_width":null,"og_image_height":null,"og_image_custom_url":null,"og_image_custom_fields":null,"og_video":null,"og_custom_url":null,"og_article_section":null,"og_article_tags":null,"twitter_use_og":false,"twitter_card":"default","twitter_image_type":"default","twitter_image_url":null,"twitter_image_custom_url":null,"twitter_image_custom_fields":null,"twitter_title":null,"twitter_description":null,"schema":{"blockGraphs":[],"customGraphs":[],"default":{"data":{"Article":[],"Course":[],"Dataset":[],"FAQPage":[],"Movie":[],"Person":[],"Product":[],"ProductReview":[],"Car":[],"Recipe":[],"Service":[],"SoftwareApplication":[],"WebPage":[]},"graphName":"","isEnabled":true},"graphs":[]},"schema_type":"default","schema_type_options":null,"pillar_content":false,"robots_default":true,"robots_noindex":false,"robots_noarchive":false,"robots_nosnippet":false,"robots_nofollow":false,"robots_noimageindex":false,"robots_noodp":false,"robots_notranslate":false,"robots_max_snippet":null,"robots_max_videopreview":null,"robots_max_imagepreview":"large","priority":null,"frequency":null,"local_seo":null,"breadcrumb_settings":null,"limit_modified_date":false,"ai":null,"created":"2023-06-12 22:30:15","updated":"2025-07-11 08:45:54","seo_analyzer_scan_date":null},"aioseo_breadcrumb":"<div class=\"aioseo-breadcrumbs\"><span class=\"aioseo-breadcrumb\">\n\t\t\t<a href=\"https:\/\/newsinfoco.com.br\/inicio\" title=\"In\u00edcio\">In\u00edcio<\/a>\n\t\t<\/span><span class=\"aioseo-breadcrumb-separator\">&raquo;<\/span><span class=\"aioseo-breadcrumb\">\n\t\t\t<a href=\"https:\/\/newsinfoco.com.br\/inicio\/category\/brasil\/\" title=\"Brasil\">Brasil<\/a>\n\t\t<\/span><span class=\"aioseo-breadcrumb-separator\">&raquo;<\/span><span class=\"aioseo-breadcrumb\">\n\t\t\tClima de guerra a 20 dias da posse de Lula eleva tens\u00e3o em Bras\u00edlia\n\t\t<\/span><\/div>","aioseo_breadcrumb_json":[{"label":"In\u00edcio","link":"https:\/\/newsinfoco.com.br\/inicio"},{"label":"Brasil","link":"https:\/\/newsinfoco.com.br\/inicio\/category\/brasil\/"},{"label":"Clima de guerra a 20 dias da posse de Lula eleva tens\u00e3o em Bras\u00edlia","link":"https:\/\/newsinfoco.com.br\/inicio\/clima-de-guerra-a-20-dias-da-posse-de-lula-eleva-tensao-em-brasilia\/"}],"_links":{"self":[{"href":"https:\/\/newsinfoco.com.br\/inicio\/wp-json\/wp\/v2\/posts\/32200","targetHints":{"allow":["GET"]}}],"collection":[{"href":"https:\/\/newsinfoco.com.br\/inicio\/wp-json\/wp\/v2\/posts"}],"about":[{"href":"https:\/\/newsinfoco.com.br\/inicio\/wp-json\/wp\/v2\/types\/post"}],"author":[{"embeddable":true,"href":"https:\/\/newsinfoco.com.br\/inicio\/wp-json\/wp\/v2\/users\/1"}],"replies":[{"embeddable":true,"href":"https:\/\/newsinfoco.com.br\/inicio\/wp-json\/wp\/v2\/comments?post=32200"}],"version-history":[{"count":1,"href":"https:\/\/newsinfoco.com.br\/inicio\/wp-json\/wp\/v2\/posts\/32200\/revisions"}],"predecessor-version":[{"id":32202,"href":"https:\/\/newsinfoco.com.br\/inicio\/wp-json\/wp\/v2\/posts\/32200\/revisions\/32202"}],"wp:featuredmedia":[{"embeddable":true,"href":"https:\/\/newsinfoco.com.br\/inicio\/wp-json\/wp\/v2\/media\/32201"}],"wp:attachment":[{"href":"https:\/\/newsinfoco.com.br\/inicio\/wp-json\/wp\/v2\/media?parent=32200"}],"wp:term":[{"taxonomy":"category","embeddable":true,"href":"https:\/\/newsinfoco.com.br\/inicio\/wp-json\/wp\/v2\/categories?post=32200"},{"taxonomy":"post_tag","embeddable":true,"href":"https:\/\/newsinfoco.com.br\/inicio\/wp-json\/wp\/v2\/tags?post=32200"}],"curies":[{"name":"wp","href":"https:\/\/api.w.org\/{rel}","templated":true}]}}