{"id":32219,"date":"2022-12-15T13:37:30","date_gmt":"2022-12-15T16:37:30","guid":{"rendered":"https:\/\/newsinfoco.com.br\/inicio\/?p=32219"},"modified":"2022-12-15T13:37:30","modified_gmt":"2022-12-15T16:37:30","slug":"programa-aabb-comunidade-encerra-atividades-de-2022-com-sarau-literario","status":"publish","type":"post","link":"https:\/\/newsinfoco.com.br\/inicio\/programa-aabb-comunidade-encerra-atividades-de-2022-com-sarau-literario\/","title":{"rendered":"Programa AABB Comunidade encerra atividades de 2022 com sarau liter\u00e1rio"},"content":{"rendered":"<p>O Programa Integra\u00e7\u00e3o AABB Comunidade de Alagoinhas marcou o encerramento das atividades de 2022 com o 1\u00ba Sarau Liter\u00e1rio, na manh\u00e3 desta quarta-feira (14), com participa\u00e7\u00e3o de estudantes, pais, educadores e pessoas da comunidade. O evento teve como tema \u201cCorpo e Versos\u201d.<\/p>\n<p>&nbsp;<\/p>\n<p>O evento contou com mais de 70 crian\u00e7as apresentando espet\u00e1culos de dan\u00e7a, m\u00fasica, coral da AABB Comunidade e recital de poesias. A coordenadora do Programa Integra\u00e7\u00e3o AABB Comunidade, Eliane Chagas Vila Flor, destacou a import\u00e2ncia de realizar esse momento. \u201cMuito feliz com essa culmin\u00e2ncia. Esse \u00e9 o resultado do trabalho da equipe excepcional de educadores sociais na \u00e1rea de artes, m\u00fasica, dan\u00e7a, esportes, complemento educacional que temos. Ent\u00e3o, fizemos tudo com muito cuidado, com muito amor\u201d, comemorou a gestora.<\/p>\n<p>&nbsp;<\/p>\n<p>O projeto \u00e9 desenvolvido atrav\u00e9s da parceria entre a Prefeitura de Alagoinhas, Funda\u00e7\u00e3o Banco do Brasil e Federa\u00e7\u00e3o Nacional das AABBs (FENABB). O AABB Comunidade tem como objetivo a complementaridade escolar de alunos da rede p\u00fablica e a inser\u00e7\u00e3o social, com a oferta de atividades nas \u00e1reas de artes pl\u00e1sticas, dan\u00e7a, pr\u00e1ticas musicais e esportes. O Programa tamb\u00e9m oferece Complemento Educacional, al\u00e9m de uma alimenta\u00e7\u00e3o balanceada e acompanhamento social e pedag\u00f3gico.<\/p>\n<p>&nbsp;<\/p>\n<p>Em Alagoinhas, o AABB Comunidade atende a 100 crian\u00e7as de 06 a 13 anos matriculadas em escolas da rede p\u00fablica de ensino, no turno vespertino. As atividades acontecem pela manh\u00e3, de ter\u00e7a a quinta-feira, das 7h30 \u00e0s 11h10.<\/p>\n<p>&nbsp;<\/p>\n<p>Confira as imagens:<\/p>\n<p><a class=\"group1 cboxElement\" href=\"https:\/\/www.alagoinhas.ba.gov.br\/wp-content\/uploads\/2022\/12\/B2A686C4-F529-4387-8BC4-439033E07222.jpeg\"><img loading=\"lazy\" decoding=\"async\" class=\"aligncenter size-large wp-image-62403\" src=\"https:\/\/www.alagoinhas.ba.gov.br\/wp-content\/uploads\/2022\/12\/B2A686C4-F529-4387-8BC4-439033E07222-1024x682.jpeg\" sizes=\"auto, (max-width: 800px) 100vw, 800px\" srcset=\"https:\/\/www.alagoinhas.ba.gov.br\/wp-content\/uploads\/2022\/12\/B2A686C4-F529-4387-8BC4-439033E07222-1024x682.jpeg 1024w, https:\/\/www.alagoinhas.ba.gov.br\/wp-content\/uploads\/2022\/12\/B2A686C4-F529-4387-8BC4-439033E07222-300x200.jpeg 300w, https:\/\/www.alagoinhas.ba.gov.br\/wp-content\/uploads\/2022\/12\/B2A686C4-F529-4387-8BC4-439033E07222-768x512.jpeg 768w, https:\/\/www.alagoinhas.ba.gov.br\/wp-content\/uploads\/2022\/12\/B2A686C4-F529-4387-8BC4-439033E07222-105x70.jpeg 105w, https:\/\/www.alagoinhas.ba.gov.br\/wp-content\/uploads\/2022\/12\/B2A686C4-F529-4387-8BC4-439033E07222.jpeg 1280w\" alt=\"\" width=\"800\" height=\"533\" \/><\/a><a class=\"group1 cboxElement\" href=\"https:\/\/www.alagoinhas.ba.gov.br\/wp-content\/uploads\/2022\/12\/9D524867-8FCE-4906-84CC-29D0A4FE1605.jpeg\"><img loading=\"lazy\" decoding=\"async\" class=\"aligncenter size-large wp-image-62404\" src=\"https:\/\/www.alagoinhas.ba.gov.br\/wp-content\/uploads\/2022\/12\/9D524867-8FCE-4906-84CC-29D0A4FE1605-1024x682.jpeg\" sizes=\"auto, (max-width: 800px) 100vw, 800px\" srcset=\"https:\/\/www.alagoinhas.ba.gov.br\/wp-content\/uploads\/2022\/12\/9D524867-8FCE-4906-84CC-29D0A4FE1605-1024x682.jpeg 1024w, https:\/\/www.alagoinhas.ba.gov.br\/wp-content\/uploads\/2022\/12\/9D524867-8FCE-4906-84CC-29D0A4FE1605-300x200.jpeg 300w, https:\/\/www.alagoinhas.ba.gov.br\/wp-content\/uploads\/2022\/12\/9D524867-8FCE-4906-84CC-29D0A4FE1605-768x512.jpeg 768w, https:\/\/www.alagoinhas.ba.gov.br\/wp-content\/uploads\/2022\/12\/9D524867-8FCE-4906-84CC-29D0A4FE1605-105x70.jpeg 105w, https:\/\/www.alagoinhas.ba.gov.br\/wp-content\/uploads\/2022\/12\/9D524867-8FCE-4906-84CC-29D0A4FE1605.jpeg 1280w\" alt=\"\" width=\"800\" height=\"533\" \/><\/a><a class=\"group1 cboxElement\" href=\"https:\/\/www.alagoinhas.ba.gov.br\/wp-content\/uploads\/2022\/12\/A796478E-E53F-45A8-A724-4D3A85421EB0.jpeg\"><img loading=\"lazy\" decoding=\"async\" class=\"aligncenter size-large wp-image-62405\" src=\"https:\/\/www.alagoinhas.ba.gov.br\/wp-content\/uploads\/2022\/12\/A796478E-E53F-45A8-A724-4D3A85421EB0-1024x682.jpeg\" sizes=\"auto, (max-width: 800px) 100vw, 800px\" srcset=\"https:\/\/www.alagoinhas.ba.gov.br\/wp-content\/uploads\/2022\/12\/A796478E-E53F-45A8-A724-4D3A85421EB0-1024x682.jpeg 1024w, https:\/\/www.alagoinhas.ba.gov.br\/wp-content\/uploads\/2022\/12\/A796478E-E53F-45A8-A724-4D3A85421EB0-300x200.jpeg 300w, https:\/\/www.alagoinhas.ba.gov.br\/wp-content\/uploads\/2022\/12\/A796478E-E53F-45A8-A724-4D3A85421EB0-768x512.jpeg 768w, https:\/\/www.alagoinhas.ba.gov.br\/wp-content\/uploads\/2022\/12\/A796478E-E53F-45A8-A724-4D3A85421EB0-105x70.jpeg 105w, https:\/\/www.alagoinhas.ba.gov.br\/wp-content\/uploads\/2022\/12\/A796478E-E53F-45A8-A724-4D3A85421EB0.jpeg 1280w\" alt=\"\" width=\"800\" height=\"533\" \/><\/a><a class=\"group1 cboxElement\" href=\"https:\/\/www.alagoinhas.ba.gov.br\/wp-content\/uploads\/2022\/12\/ED043F2E-C628-496B-9956-BB1E3B8963FB.jpeg\"><img loading=\"lazy\" decoding=\"async\" class=\"aligncenter size-large wp-image-62406\" src=\"https:\/\/www.alagoinhas.ba.gov.br\/wp-content\/uploads\/2022\/12\/ED043F2E-C628-496B-9956-BB1E3B8963FB-1024x682.jpeg\" sizes=\"auto, (max-width: 800px) 100vw, 800px\" srcset=\"https:\/\/www.alagoinhas.ba.gov.br\/wp-content\/uploads\/2022\/12\/ED043F2E-C628-496B-9956-BB1E3B8963FB-1024x682.jpeg 1024w, https:\/\/www.alagoinhas.ba.gov.br\/wp-content\/uploads\/2022\/12\/ED043F2E-C628-496B-9956-BB1E3B8963FB-300x200.jpeg 300w, https:\/\/www.alagoinhas.ba.gov.br\/wp-content\/uploads\/2022\/12\/ED043F2E-C628-496B-9956-BB1E3B8963FB-768x512.jpeg 768w, https:\/\/www.alagoinhas.ba.gov.br\/wp-content\/uploads\/2022\/12\/ED043F2E-C628-496B-9956-BB1E3B8963FB-105x70.jpeg 105w, https:\/\/www.alagoinhas.ba.gov.br\/wp-content\/uploads\/2022\/12\/ED043F2E-C628-496B-9956-BB1E3B8963FB.jpeg 1280w\" alt=\"\" width=\"800\" height=\"533\" \/><\/a><a class=\"group1 cboxElement\" href=\"https:\/\/www.alagoinhas.ba.gov.br\/wp-content\/uploads\/2022\/12\/4F4FCFA8-3287-4D79-A62C-3F7A9C797568.jpeg\"><img loading=\"lazy\" decoding=\"async\" class=\"aligncenter size-large wp-image-62407\" src=\"https:\/\/www.alagoinhas.ba.gov.br\/wp-content\/uploads\/2022\/12\/4F4FCFA8-3287-4D79-A62C-3F7A9C797568-1024x682.jpeg\" sizes=\"auto, (max-width: 800px) 100vw, 800px\" srcset=\"https:\/\/www.alagoinhas.ba.gov.br\/wp-content\/uploads\/2022\/12\/4F4FCFA8-3287-4D79-A62C-3F7A9C797568-1024x682.jpeg 1024w, https:\/\/www.alagoinhas.ba.gov.br\/wp-content\/uploads\/2022\/12\/4F4FCFA8-3287-4D79-A62C-3F7A9C797568-300x200.jpeg 300w, https:\/\/www.alagoinhas.ba.gov.br\/wp-content\/uploads\/2022\/12\/4F4FCFA8-3287-4D79-A62C-3F7A9C797568-768x512.jpeg 768w, https:\/\/www.alagoinhas.ba.gov.br\/wp-content\/uploads\/2022\/12\/4F4FCFA8-3287-4D79-A62C-3F7A9C797568-105x70.jpeg 105w, https:\/\/www.alagoinhas.ba.gov.br\/wp-content\/uploads\/2022\/12\/4F4FCFA8-3287-4D79-A62C-3F7A9C797568.jpeg 1280w\" alt=\"\" width=\"800\" height=\"533\" \/><\/a><a class=\"group1 cboxElement\" href=\"https:\/\/www.alagoinhas.ba.gov.br\/wp-content\/uploads\/2022\/12\/ECA67666-F614-46B1-948D-10288B1036C0.jpeg\"><img loading=\"lazy\" decoding=\"async\" class=\"aligncenter size-large wp-image-62408\" src=\"https:\/\/www.alagoinhas.ba.gov.br\/wp-content\/uploads\/2022\/12\/ECA67666-F614-46B1-948D-10288B1036C0-1024x682.jpeg\" sizes=\"auto, (max-width: 800px) 100vw, 800px\" srcset=\"https:\/\/www.alagoinhas.ba.gov.br\/wp-content\/uploads\/2022\/12\/ECA67666-F614-46B1-948D-10288B1036C0-1024x682.jpeg 1024w, https:\/\/www.alagoinhas.ba.gov.br\/wp-content\/uploads\/2022\/12\/ECA67666-F614-46B1-948D-10288B1036C0-300x200.jpeg 300w, https:\/\/www.alagoinhas.ba.gov.br\/wp-content\/uploads\/2022\/12\/ECA67666-F614-46B1-948D-10288B1036C0-768x512.jpeg 768w, https:\/\/www.alagoinhas.ba.gov.br\/wp-content\/uploads\/2022\/12\/ECA67666-F614-46B1-948D-10288B1036C0-105x70.jpeg 105w, https:\/\/www.alagoinhas.ba.gov.br\/wp-content\/uploads\/2022\/12\/ECA67666-F614-46B1-948D-10288B1036C0.jpeg 1280w\" alt=\"\" width=\"800\" height=\"533\" \/><\/a><a class=\"group1 cboxElement\" href=\"https:\/\/www.alagoinhas.ba.gov.br\/wp-content\/uploads\/2022\/12\/81E4DB9B-9FD9-4DBB-968B-A1F87B329976.jpeg\"><img loading=\"lazy\" decoding=\"async\" class=\"aligncenter size-large wp-image-62409\" src=\"https:\/\/www.alagoinhas.ba.gov.br\/wp-content\/uploads\/2022\/12\/81E4DB9B-9FD9-4DBB-968B-A1F87B329976-1024x682.jpeg\" sizes=\"auto, (max-width: 800px) 100vw, 800px\" srcset=\"https:\/\/www.alagoinhas.ba.gov.br\/wp-content\/uploads\/2022\/12\/81E4DB9B-9FD9-4DBB-968B-A1F87B329976-1024x682.jpeg 1024w, https:\/\/www.alagoinhas.ba.gov.br\/wp-content\/uploads\/2022\/12\/81E4DB9B-9FD9-4DBB-968B-A1F87B329976-300x200.jpeg 300w, https:\/\/www.alagoinhas.ba.gov.br\/wp-content\/uploads\/2022\/12\/81E4DB9B-9FD9-4DBB-968B-A1F87B329976-768x512.jpeg 768w, https:\/\/www.alagoinhas.ba.gov.br\/wp-content\/uploads\/2022\/12\/81E4DB9B-9FD9-4DBB-968B-A1F87B329976-105x70.jpeg 105w, https:\/\/www.alagoinhas.ba.gov.br\/wp-content\/uploads\/2022\/12\/81E4DB9B-9FD9-4DBB-968B-A1F87B329976.jpeg 1280w\" alt=\"\" width=\"800\" height=\"533\" \/><\/a><a class=\"group1 cboxElement\" href=\"https:\/\/www.alagoinhas.ba.gov.br\/wp-content\/uploads\/2022\/12\/9CFD1A68-5C99-47B2-AEC3-8BAB055C53F8.jpeg\"><img loading=\"lazy\" decoding=\"async\" class=\"aligncenter size-large wp-image-62410\" src=\"https:\/\/www.alagoinhas.ba.gov.br\/wp-content\/uploads\/2022\/12\/9CFD1A68-5C99-47B2-AEC3-8BAB055C53F8-1024x682.jpeg\" sizes=\"auto, (max-width: 800px) 100vw, 800px\" srcset=\"https:\/\/www.alagoinhas.ba.gov.br\/wp-content\/uploads\/2022\/12\/9CFD1A68-5C99-47B2-AEC3-8BAB055C53F8-1024x682.jpeg 1024w, https:\/\/www.alagoinhas.ba.gov.br\/wp-content\/uploads\/2022\/12\/9CFD1A68-5C99-47B2-AEC3-8BAB055C53F8-300x200.jpeg 300w, https:\/\/www.alagoinhas.ba.gov.br\/wp-content\/uploads\/2022\/12\/9CFD1A68-5C99-47B2-AEC3-8BAB055C53F8-768x512.jpeg 768w, https:\/\/www.alagoinhas.ba.gov.br\/wp-content\/uploads\/2022\/12\/9CFD1A68-5C99-47B2-AEC3-8BAB055C53F8-105x70.jpeg 105w, https:\/\/www.alagoinhas.ba.gov.br\/wp-content\/uploads\/2022\/12\/9CFD1A68-5C99-47B2-AEC3-8BAB055C53F8.jpeg 1280w\" alt=\"\" width=\"800\" height=\"533\" \/><\/a><a class=\"group1 cboxElement\" href=\"https:\/\/www.alagoinhas.ba.gov.br\/wp-content\/uploads\/2022\/12\/2C2983EF-451B-4DD7-AB0C-7D50B474CCED.jpeg\"><img loading=\"lazy\" decoding=\"async\" class=\"aligncenter size-large wp-image-62411\" src=\"https:\/\/www.alagoinhas.ba.gov.br\/wp-content\/uploads\/2022\/12\/2C2983EF-451B-4DD7-AB0C-7D50B474CCED-1024x682.jpeg\" sizes=\"auto, (max-width: 800px) 100vw, 800px\" srcset=\"https:\/\/www.alagoinhas.ba.gov.br\/wp-content\/uploads\/2022\/12\/2C2983EF-451B-4DD7-AB0C-7D50B474CCED-1024x682.jpeg 1024w, https:\/\/www.alagoinhas.ba.gov.br\/wp-content\/uploads\/2022\/12\/2C2983EF-451B-4DD7-AB0C-7D50B474CCED-300x200.jpeg 300w, https:\/\/www.alagoinhas.ba.gov.br\/wp-content\/uploads\/2022\/12\/2C2983EF-451B-4DD7-AB0C-7D50B474CCED-768x512.jpeg 768w, https:\/\/www.alagoinhas.ba.gov.br\/wp-content\/uploads\/2022\/12\/2C2983EF-451B-4DD7-AB0C-7D50B474CCED-105x70.jpeg 105w, https:\/\/www.alagoinhas.ba.gov.br\/wp-content\/uploads\/2022\/12\/2C2983EF-451B-4DD7-AB0C-7D50B474CCED.jpeg 1280w\" alt=\"\" width=\"800\" height=\"533\" \/><\/a><a class=\"group1 cboxElement\" href=\"https:\/\/www.alagoinhas.ba.gov.br\/wp-content\/uploads\/2022\/12\/45332886-34D7-4845-9A40-D4F68EBCDCA3.jpeg\"><img loading=\"lazy\" decoding=\"async\" class=\"aligncenter size-large wp-image-62412\" src=\"https:\/\/www.alagoinhas.ba.gov.br\/wp-content\/uploads\/2022\/12\/45332886-34D7-4845-9A40-D4F68EBCDCA3-1024x682.jpeg\" sizes=\"auto, (max-width: 800px) 100vw, 800px\" srcset=\"https:\/\/www.alagoinhas.ba.gov.br\/wp-content\/uploads\/2022\/12\/45332886-34D7-4845-9A40-D4F68EBCDCA3-1024x682.jpeg 1024w, https:\/\/www.alagoinhas.ba.gov.br\/wp-content\/uploads\/2022\/12\/45332886-34D7-4845-9A40-D4F68EBCDCA3-300x200.jpeg 300w, https:\/\/www.alagoinhas.ba.gov.br\/wp-content\/uploads\/2022\/12\/45332886-34D7-4845-9A40-D4F68EBCDCA3-768x512.jpeg 768w, https:\/\/www.alagoinhas.ba.gov.br\/wp-content\/uploads\/2022\/12\/45332886-34D7-4845-9A40-D4F68EBCDCA3-105x70.jpeg 105w, https:\/\/www.alagoinhas.ba.gov.br\/wp-content\/uploads\/2022\/12\/45332886-34D7-4845-9A40-D4F68EBCDCA3.jpeg 1280w\" alt=\"\" width=\"800\" height=\"533\" \/><\/a><\/p>\n<p>Fotos: Roberto Fonseca \u2013 SECOM<\/p>\n<div class='share-to-whatsapp-wrapper'><div class='share-on-whsp'>Share on: <\/div><a data-text='Programa AABB Comunidade encerra atividades de 2022 com sarau liter\u00e1rio' data-link='https:\/\/newsinfoco.com.br\/inicio\/programa-aabb-comunidade-encerra-atividades-de-2022-com-sarau-literario\/' class='whatsapp-button whatsapp-share'>WhatsApp<\/a><div class='clear '><\/div><\/div>","protected":false},"excerpt":{"rendered":"<p>O Programa Integra\u00e7\u00e3o AABB Comunidade de Alagoinhas marcou o encerramento das atividades de 2022 com o 1\u00ba Sarau Liter\u00e1rio, na manh\u00e3 desta quarta-feira (14), com participa\u00e7\u00e3o de estudantes, pais, educadores e pessoas da comunidade. O evento teve como tema \u201cCorpo e Versos\u201d. &nbsp; O evento contou com mais de 70 crian\u00e7as apresentando espet\u00e1culos de dan\u00e7a, [&hellip;]<\/p>\n","protected":false},"author":1,"featured_media":32220,"comment_status":"closed","ping_status":"closed","sticky":false,"template":"","format":"standard","meta":{"om_disable_all_campaigns":false,"rop_custom_images_group":[],"rop_custom_messages_group":[],"rop_publish_now":"initial","rop_publish_now_accounts":[],"rop_publish_now_history":[],"rop_publish_now_status":"pending","_exactmetrics_skip_tracking":false,"footnotes":""},"categories":[38,167],"tags":[],"class_list":["post-32219","post","type-post","status-publish","format-standard","has-post-thumbnail","hentry","category-alagoinhas-e-regiao","category-exclusivas"],"aioseo_notices":[],"aioseo_head":"\n\t\t<!-- All in One SEO 4.9.10 - aioseo.com -->\n\t<meta name=\"description\" content=\"O Programa Integra\u00e7\u00e3o AABB Comunidade de Alagoinhas marcou o encerramento das atividades de 2022 com o 1\u00ba Sarau Liter\u00e1rio, na manh\u00e3 desta quarta-feira (14), com participa\u00e7\u00e3o de estudantes, pais, educadores e pessoas da comunidade. O evento teve como tema \u201cCorpo e Versos\u201d. O evento contou com mais de 70 crian\u00e7as apresentando espet\u00e1culos de dan\u00e7a,\" \/>\n\t<meta name=\"robots\" content=\"max-image-preview:large\" \/>\n\t<meta name=\"author\" content=\"administrador\"\/>\n\t<link rel=\"canonical\" href=\"https:\/\/newsinfoco.com.br\/inicio\/programa-aabb-comunidade-encerra-atividades-de-2022-com-sarau-literario\/\" \/>\n\t<meta name=\"generator\" content=\"All in One SEO (AIOSEO) 4.9.10\" \/>\n\t\t<meta property=\"og:locale\" content=\"pt_BR\" \/>\n\t\t<meta property=\"og:site_name\" content=\"News In Foco - Editado por Caio Pimenta - O principal site de noticias de Alagoinhas e regi\u00e3o\" \/>\n\t\t<meta property=\"og:type\" content=\"article\" \/>\n\t\t<meta property=\"og:title\" content=\"Programa AABB Comunidade encerra atividades de 2022 com sarau liter\u00e1rio - News In Foco - Editado por Caio Pimenta\" \/>\n\t\t<meta property=\"og:description\" content=\"O Programa Integra\u00e7\u00e3o AABB Comunidade de Alagoinhas marcou o encerramento das atividades de 2022 com o 1\u00ba Sarau Liter\u00e1rio, na manh\u00e3 desta quarta-feira (14), com participa\u00e7\u00e3o de estudantes, pais, educadores e pessoas da comunidade. O evento teve como tema \u201cCorpo e Versos\u201d. O evento contou com mais de 70 crian\u00e7as apresentando espet\u00e1culos de dan\u00e7a,\" \/>\n\t\t<meta property=\"og:url\" content=\"https:\/\/newsinfoco.com.br\/inicio\/programa-aabb-comunidade-encerra-atividades-de-2022-com-sarau-literario\/\" \/>\n\t\t<meta property=\"article:published_time\" content=\"2022-12-15T16:37:30+00:00\" \/>\n\t\t<meta property=\"article:modified_time\" content=\"2022-12-15T16:37:30+00:00\" \/>\n\t\t<meta name=\"twitter:card\" content=\"summary_large_image\" \/>\n\t\t<meta name=\"twitter:title\" content=\"Programa AABB Comunidade encerra atividades de 2022 com sarau liter\u00e1rio - News In Foco - Editado por Caio Pimenta\" \/>\n\t\t<meta name=\"twitter:description\" content=\"O Programa Integra\u00e7\u00e3o AABB Comunidade de Alagoinhas marcou o encerramento das atividades de 2022 com o 1\u00ba Sarau Liter\u00e1rio, na manh\u00e3 desta quarta-feira (14), com participa\u00e7\u00e3o de estudantes, pais, educadores e pessoas da comunidade. O evento teve como tema \u201cCorpo e Versos\u201d. O evento contou com mais de 70 crian\u00e7as apresentando espet\u00e1culos de dan\u00e7a,\" \/>\n\t\t<script type=\"application\/ld+json\" class=\"aioseo-schema\">\n\t\t\t{\"@context\":\"https:\\\/\\\/schema.org\",\"@graph\":[{\"@type\":\"BlogPosting\",\"@id\":\"https:\\\/\\\/newsinfoco.com.br\\\/inicio\\\/programa-aabb-comunidade-encerra-atividades-de-2022-com-sarau-literario\\\/#blogposting\",\"name\":\"Programa AABB Comunidade encerra atividades de 2022 com sarau liter\\u00e1rio - News In Foco - Editado por Caio Pimenta\",\"headline\":\"Programa AABB Comunidade encerra atividades de 2022 com sarau liter\\u00e1rio\",\"author\":{\"@id\":\"https:\\\/\\\/newsinfoco.com.br\\\/inicio\\\/author\\\/administrador\\\/#author\"},\"publisher\":{\"@id\":\"https:\\\/\\\/newsinfoco.com.br\\\/inicio\\\/#organization\"},\"image\":{\"@type\":\"ImageObject\",\"url\":\"https:\\\/\\\/newsinfoco.com.br\\\/inicio\\\/wp-content\\\/uploads\\\/2022\\\/12\\\/7970A01C-CC29-4AAB-BBA4-22AAE666F7B5-550x368-1.jpeg\",\"width\":550,\"height\":368},\"datePublished\":\"2022-12-15T13:37:30-03:00\",\"dateModified\":\"2022-12-15T13:37:30-03:00\",\"inLanguage\":\"pt-BR\",\"mainEntityOfPage\":{\"@id\":\"https:\\\/\\\/newsinfoco.com.br\\\/inicio\\\/programa-aabb-comunidade-encerra-atividades-de-2022-com-sarau-literario\\\/#webpage\"},\"isPartOf\":{\"@id\":\"https:\\\/\\\/newsinfoco.com.br\\\/inicio\\\/programa-aabb-comunidade-encerra-atividades-de-2022-com-sarau-literario\\\/#webpage\"},\"articleSection\":\"Alagoinhas e Regi\\u00e3o, Manchete\"},{\"@type\":\"BreadcrumbList\",\"@id\":\"https:\\\/\\\/newsinfoco.com.br\\\/inicio\\\/programa-aabb-comunidade-encerra-atividades-de-2022-com-sarau-literario\\\/#breadcrumblist\",\"itemListElement\":[{\"@type\":\"ListItem\",\"@id\":\"https:\\\/\\\/newsinfoco.com.br\\\/inicio#listItem\",\"position\":1,\"name\":\"In\\u00edcio\",\"item\":\"https:\\\/\\\/newsinfoco.com.br\\\/inicio\",\"nextItem\":{\"@type\":\"ListItem\",\"@id\":\"https:\\\/\\\/newsinfoco.com.br\\\/inicio\\\/category\\\/alagoinhas-e-regiao\\\/#listItem\",\"name\":\"Alagoinhas e Regi\\u00e3o\"}},{\"@type\":\"ListItem\",\"@id\":\"https:\\\/\\\/newsinfoco.com.br\\\/inicio\\\/category\\\/alagoinhas-e-regiao\\\/#listItem\",\"position\":2,\"name\":\"Alagoinhas e Regi\\u00e3o\",\"item\":\"https:\\\/\\\/newsinfoco.com.br\\\/inicio\\\/category\\\/alagoinhas-e-regiao\\\/\",\"nextItem\":{\"@type\":\"ListItem\",\"@id\":\"https:\\\/\\\/newsinfoco.com.br\\\/inicio\\\/programa-aabb-comunidade-encerra-atividades-de-2022-com-sarau-literario\\\/#listItem\",\"name\":\"Programa AABB Comunidade encerra atividades de 2022 com sarau liter\\u00e1rio\"},\"previousItem\":{\"@type\":\"ListItem\",\"@id\":\"https:\\\/\\\/newsinfoco.com.br\\\/inicio#listItem\",\"name\":\"In\\u00edcio\"}},{\"@type\":\"ListItem\",\"@id\":\"https:\\\/\\\/newsinfoco.com.br\\\/inicio\\\/programa-aabb-comunidade-encerra-atividades-de-2022-com-sarau-literario\\\/#listItem\",\"position\":3,\"name\":\"Programa AABB Comunidade encerra atividades de 2022 com sarau liter\\u00e1rio\",\"previousItem\":{\"@type\":\"ListItem\",\"@id\":\"https:\\\/\\\/newsinfoco.com.br\\\/inicio\\\/category\\\/alagoinhas-e-regiao\\\/#listItem\",\"name\":\"Alagoinhas e Regi\\u00e3o\"}}]},{\"@type\":\"Organization\",\"@id\":\"https:\\\/\\\/newsinfoco.com.br\\\/inicio\\\/#organization\",\"name\":\"News In Foco - Editado por Caio Pimenta\",\"description\":\"O principal site de noticias de Alagoinhas e regi\\u00e3o\",\"url\":\"https:\\\/\\\/newsinfoco.com.br\\\/inicio\\\/\"},{\"@type\":\"Person\",\"@id\":\"https:\\\/\\\/newsinfoco.com.br\\\/inicio\\\/author\\\/administrador\\\/#author\",\"url\":\"https:\\\/\\\/newsinfoco.com.br\\\/inicio\\\/author\\\/administrador\\\/\",\"name\":\"administrador\",\"image\":{\"@type\":\"ImageObject\",\"@id\":\"https:\\\/\\\/newsinfoco.com.br\\\/inicio\\\/programa-aabb-comunidade-encerra-atividades-de-2022-com-sarau-literario\\\/#authorImage\",\"url\":\"https:\\\/\\\/secure.gravatar.com\\\/avatar\\\/c17a617433de8c1dc9584bb79aab7563b46f5bb7e1728c9b17d9cc3ce6a08e49?s=96&d=mm&r=g\",\"width\":96,\"height\":96,\"caption\":\"administrador\"}},{\"@type\":\"WebPage\",\"@id\":\"https:\\\/\\\/newsinfoco.com.br\\\/inicio\\\/programa-aabb-comunidade-encerra-atividades-de-2022-com-sarau-literario\\\/#webpage\",\"url\":\"https:\\\/\\\/newsinfoco.com.br\\\/inicio\\\/programa-aabb-comunidade-encerra-atividades-de-2022-com-sarau-literario\\\/\",\"name\":\"Programa AABB Comunidade encerra atividades de 2022 com sarau liter\\u00e1rio - News In Foco - Editado por Caio Pimenta\",\"description\":\"O Programa Integra\\u00e7\\u00e3o AABB Comunidade de Alagoinhas marcou o encerramento das atividades de 2022 com o 1\\u00ba Sarau Liter\\u00e1rio, na manh\\u00e3 desta quarta-feira (14), com participa\\u00e7\\u00e3o de estudantes, pais, educadores e pessoas da comunidade. O evento teve como tema \\u201cCorpo e Versos\\u201d. O evento contou com mais de 70 crian\\u00e7as apresentando espet\\u00e1culos de dan\\u00e7a,\",\"inLanguage\":\"pt-BR\",\"isPartOf\":{\"@id\":\"https:\\\/\\\/newsinfoco.com.br\\\/inicio\\\/#website\"},\"breadcrumb\":{\"@id\":\"https:\\\/\\\/newsinfoco.com.br\\\/inicio\\\/programa-aabb-comunidade-encerra-atividades-de-2022-com-sarau-literario\\\/#breadcrumblist\"},\"author\":{\"@id\":\"https:\\\/\\\/newsinfoco.com.br\\\/inicio\\\/author\\\/administrador\\\/#author\"},\"creator\":{\"@id\":\"https:\\\/\\\/newsinfoco.com.br\\\/inicio\\\/author\\\/administrador\\\/#author\"},\"image\":{\"@type\":\"ImageObject\",\"url\":\"https:\\\/\\\/newsinfoco.com.br\\\/inicio\\\/wp-content\\\/uploads\\\/2022\\\/12\\\/7970A01C-CC29-4AAB-BBA4-22AAE666F7B5-550x368-1.jpeg\",\"@id\":\"https:\\\/\\\/newsinfoco.com.br\\\/inicio\\\/programa-aabb-comunidade-encerra-atividades-de-2022-com-sarau-literario\\\/#mainImage\",\"width\":550,\"height\":368},\"primaryImageOfPage\":{\"@id\":\"https:\\\/\\\/newsinfoco.com.br\\\/inicio\\\/programa-aabb-comunidade-encerra-atividades-de-2022-com-sarau-literario\\\/#mainImage\"},\"datePublished\":\"2022-12-15T13:37:30-03:00\",\"dateModified\":\"2022-12-15T13:37:30-03:00\"},{\"@type\":\"WebSite\",\"@id\":\"https:\\\/\\\/newsinfoco.com.br\\\/inicio\\\/#website\",\"url\":\"https:\\\/\\\/newsinfoco.com.br\\\/inicio\\\/\",\"name\":\"News In Foco - Editado por Caio Pimenta\",\"description\":\"O principal site de noticias de Alagoinhas e regi\\u00e3o\",\"inLanguage\":\"pt-BR\",\"publisher\":{\"@id\":\"https:\\\/\\\/newsinfoco.com.br\\\/inicio\\\/#organization\"}}]}\n\t\t<\/script>\n\t\t<!-- All in One SEO -->\n\n","aioseo_head_json":{"title":"Programa AABB Comunidade encerra atividades de 2022 com sarau liter\u00e1rio - News In Foco - Editado por Caio Pimenta","description":"O Programa Integra\u00e7\u00e3o AABB Comunidade de Alagoinhas marcou o encerramento das atividades de 2022 com o 1\u00ba Sarau Liter\u00e1rio, na manh\u00e3 desta quarta-feira (14), com participa\u00e7\u00e3o de estudantes, pais, educadores e pessoas da comunidade. O evento teve como tema \u201cCorpo e Versos\u201d. O evento contou com mais de 70 crian\u00e7as apresentando espet\u00e1culos de dan\u00e7a,","canonical_url":"https:\/\/newsinfoco.com.br\/inicio\/programa-aabb-comunidade-encerra-atividades-de-2022-com-sarau-literario\/","robots":"max-image-preview:large","keywords":"","webmasterTools":{"miscellaneous":""},"schema":{"@context":"https:\/\/schema.org","@graph":[{"@type":"BlogPosting","@id":"https:\/\/newsinfoco.com.br\/inicio\/programa-aabb-comunidade-encerra-atividades-de-2022-com-sarau-literario\/#blogposting","name":"Programa AABB Comunidade encerra atividades de 2022 com sarau liter\u00e1rio - News In Foco - Editado por Caio Pimenta","headline":"Programa AABB Comunidade encerra atividades de 2022 com sarau liter\u00e1rio","author":{"@id":"https:\/\/newsinfoco.com.br\/inicio\/author\/administrador\/#author"},"publisher":{"@id":"https:\/\/newsinfoco.com.br\/inicio\/#organization"},"image":{"@type":"ImageObject","url":"https:\/\/newsinfoco.com.br\/inicio\/wp-content\/uploads\/2022\/12\/7970A01C-CC29-4AAB-BBA4-22AAE666F7B5-550x368-1.jpeg","width":550,"height":368},"datePublished":"2022-12-15T13:37:30-03:00","dateModified":"2022-12-15T13:37:30-03:00","inLanguage":"pt-BR","mainEntityOfPage":{"@id":"https:\/\/newsinfoco.com.br\/inicio\/programa-aabb-comunidade-encerra-atividades-de-2022-com-sarau-literario\/#webpage"},"isPartOf":{"@id":"https:\/\/newsinfoco.com.br\/inicio\/programa-aabb-comunidade-encerra-atividades-de-2022-com-sarau-literario\/#webpage"},"articleSection":"Alagoinhas e Regi\u00e3o, Manchete"},{"@type":"BreadcrumbList","@id":"https:\/\/newsinfoco.com.br\/inicio\/programa-aabb-comunidade-encerra-atividades-de-2022-com-sarau-literario\/#breadcrumblist","itemListElement":[{"@type":"ListItem","@id":"https:\/\/newsinfoco.com.br\/inicio#listItem","position":1,"name":"In\u00edcio","item":"https:\/\/newsinfoco.com.br\/inicio","nextItem":{"@type":"ListItem","@id":"https:\/\/newsinfoco.com.br\/inicio\/category\/alagoinhas-e-regiao\/#listItem","name":"Alagoinhas e Regi\u00e3o"}},{"@type":"ListItem","@id":"https:\/\/newsinfoco.com.br\/inicio\/category\/alagoinhas-e-regiao\/#listItem","position":2,"name":"Alagoinhas e Regi\u00e3o","item":"https:\/\/newsinfoco.com.br\/inicio\/category\/alagoinhas-e-regiao\/","nextItem":{"@type":"ListItem","@id":"https:\/\/newsinfoco.com.br\/inicio\/programa-aabb-comunidade-encerra-atividades-de-2022-com-sarau-literario\/#listItem","name":"Programa AABB Comunidade encerra atividades de 2022 com sarau liter\u00e1rio"},"previousItem":{"@type":"ListItem","@id":"https:\/\/newsinfoco.com.br\/inicio#listItem","name":"In\u00edcio"}},{"@type":"ListItem","@id":"https:\/\/newsinfoco.com.br\/inicio\/programa-aabb-comunidade-encerra-atividades-de-2022-com-sarau-literario\/#listItem","position":3,"name":"Programa AABB Comunidade encerra atividades de 2022 com sarau liter\u00e1rio","previousItem":{"@type":"ListItem","@id":"https:\/\/newsinfoco.com.br\/inicio\/category\/alagoinhas-e-regiao\/#listItem","name":"Alagoinhas e Regi\u00e3o"}}]},{"@type":"Organization","@id":"https:\/\/newsinfoco.com.br\/inicio\/#organization","name":"News In Foco - Editado por Caio Pimenta","description":"O principal site de noticias de Alagoinhas e regi\u00e3o","url":"https:\/\/newsinfoco.com.br\/inicio\/"},{"@type":"Person","@id":"https:\/\/newsinfoco.com.br\/inicio\/author\/administrador\/#author","url":"https:\/\/newsinfoco.com.br\/inicio\/author\/administrador\/","name":"administrador","image":{"@type":"ImageObject","@id":"https:\/\/newsinfoco.com.br\/inicio\/programa-aabb-comunidade-encerra-atividades-de-2022-com-sarau-literario\/#authorImage","url":"https:\/\/secure.gravatar.com\/avatar\/c17a617433de8c1dc9584bb79aab7563b46f5bb7e1728c9b17d9cc3ce6a08e49?s=96&d=mm&r=g","width":96,"height":96,"caption":"administrador"}},{"@type":"WebPage","@id":"https:\/\/newsinfoco.com.br\/inicio\/programa-aabb-comunidade-encerra-atividades-de-2022-com-sarau-literario\/#webpage","url":"https:\/\/newsinfoco.com.br\/inicio\/programa-aabb-comunidade-encerra-atividades-de-2022-com-sarau-literario\/","name":"Programa AABB Comunidade encerra atividades de 2022 com sarau liter\u00e1rio - News In Foco - Editado por Caio Pimenta","description":"O Programa Integra\u00e7\u00e3o AABB Comunidade de Alagoinhas marcou o encerramento das atividades de 2022 com o 1\u00ba Sarau Liter\u00e1rio, na manh\u00e3 desta quarta-feira (14), com participa\u00e7\u00e3o de estudantes, pais, educadores e pessoas da comunidade. O evento teve como tema \u201cCorpo e Versos\u201d. O evento contou com mais de 70 crian\u00e7as apresentando espet\u00e1culos de dan\u00e7a,","inLanguage":"pt-BR","isPartOf":{"@id":"https:\/\/newsinfoco.com.br\/inicio\/#website"},"breadcrumb":{"@id":"https:\/\/newsinfoco.com.br\/inicio\/programa-aabb-comunidade-encerra-atividades-de-2022-com-sarau-literario\/#breadcrumblist"},"author":{"@id":"https:\/\/newsinfoco.com.br\/inicio\/author\/administrador\/#author"},"creator":{"@id":"https:\/\/newsinfoco.com.br\/inicio\/author\/administrador\/#author"},"image":{"@type":"ImageObject","url":"https:\/\/newsinfoco.com.br\/inicio\/wp-content\/uploads\/2022\/12\/7970A01C-CC29-4AAB-BBA4-22AAE666F7B5-550x368-1.jpeg","@id":"https:\/\/newsinfoco.com.br\/inicio\/programa-aabb-comunidade-encerra-atividades-de-2022-com-sarau-literario\/#mainImage","width":550,"height":368},"primaryImageOfPage":{"@id":"https:\/\/newsinfoco.com.br\/inicio\/programa-aabb-comunidade-encerra-atividades-de-2022-com-sarau-literario\/#mainImage"},"datePublished":"2022-12-15T13:37:30-03:00","dateModified":"2022-12-15T13:37:30-03:00"},{"@type":"WebSite","@id":"https:\/\/newsinfoco.com.br\/inicio\/#website","url":"https:\/\/newsinfoco.com.br\/inicio\/","name":"News In Foco - Editado por Caio Pimenta","description":"O principal site de noticias de Alagoinhas e regi\u00e3o","inLanguage":"pt-BR","publisher":{"@id":"https:\/\/newsinfoco.com.br\/inicio\/#organization"}}]},"og:locale":"pt_BR","og:site_name":"News In Foco - Editado por Caio Pimenta - O principal site de noticias de Alagoinhas e regi\u00e3o","og:type":"article","og:title":"Programa AABB Comunidade encerra atividades de 2022 com sarau liter\u00e1rio - News In Foco - Editado por Caio Pimenta","og:description":"O Programa Integra\u00e7\u00e3o AABB Comunidade de Alagoinhas marcou o encerramento das atividades de 2022 com o 1\u00ba Sarau Liter\u00e1rio, na manh\u00e3 desta quarta-feira (14), com participa\u00e7\u00e3o de estudantes, pais, educadores e pessoas da comunidade. O evento teve como tema \u201cCorpo e Versos\u201d. O evento contou com mais de 70 crian\u00e7as apresentando espet\u00e1culos de dan\u00e7a,","og:url":"https:\/\/newsinfoco.com.br\/inicio\/programa-aabb-comunidade-encerra-atividades-de-2022-com-sarau-literario\/","article:published_time":"2022-12-15T16:37:30+00:00","article:modified_time":"2022-12-15T16:37:30+00:00","twitter:card":"summary_large_image","twitter:title":"Programa AABB Comunidade encerra atividades de 2022 com sarau liter\u00e1rio - News In Foco - Editado por Caio Pimenta","twitter:description":"O Programa Integra\u00e7\u00e3o AABB Comunidade de Alagoinhas marcou o encerramento das atividades de 2022 com o 1\u00ba Sarau Liter\u00e1rio, na manh\u00e3 desta quarta-feira (14), com participa\u00e7\u00e3o de estudantes, pais, educadores e pessoas da comunidade. O evento teve como tema \u201cCorpo e Versos\u201d. O evento contou com mais de 70 crian\u00e7as apresentando espet\u00e1culos de dan\u00e7a,"},"aioseo_meta_data":{"post_id":"32219","title":null,"description":null,"keywords":null,"keyphrases":null,"primary_term":null,"canonical_url":null,"og_title":null,"og_description":null,"og_object_type":"default","og_image_type":"default","og_image_url":null,"og_image_width":null,"og_image_height":null,"og_image_custom_url":null,"og_image_custom_fields":null,"og_video":null,"og_custom_url":null,"og_article_section":null,"og_article_tags":null,"twitter_use_og":false,"twitter_card":"default","twitter_image_type":"default","twitter_image_url":null,"twitter_image_custom_url":null,"twitter_image_custom_fields":null,"twitter_title":null,"twitter_description":null,"schema":{"blockGraphs":[],"customGraphs":[],"default":{"data":{"Article":[],"Course":[],"Dataset":[],"FAQPage":[],"Movie":[],"Person":[],"Product":[],"ProductReview":[],"Car":[],"Recipe":[],"Service":[],"SoftwareApplication":[],"WebPage":[]},"graphName":"","isEnabled":true},"graphs":[]},"schema_type":"default","schema_type_options":null,"pillar_content":false,"robots_default":true,"robots_noindex":false,"robots_noarchive":false,"robots_nosnippet":false,"robots_nofollow":false,"robots_noimageindex":false,"robots_noodp":false,"robots_notranslate":false,"robots_max_snippet":null,"robots_max_videopreview":null,"robots_max_imagepreview":"large","priority":null,"frequency":null,"local_seo":null,"breadcrumb_settings":null,"limit_modified_date":false,"ai":null,"created":"2023-06-12 22:30:16","updated":"2025-07-11 08:45:54","seo_analyzer_scan_date":null},"aioseo_breadcrumb":"<div class=\"aioseo-breadcrumbs\"><span class=\"aioseo-breadcrumb\">\n\t\t\t<a href=\"https:\/\/newsinfoco.com.br\/inicio\" title=\"In\u00edcio\">In\u00edcio<\/a>\n\t\t<\/span><span class=\"aioseo-breadcrumb-separator\">&raquo;<\/span><span class=\"aioseo-breadcrumb\">\n\t\t\t<a href=\"https:\/\/newsinfoco.com.br\/inicio\/category\/alagoinhas-e-regiao\/\" title=\"Alagoinhas e Regi\u00e3o\">Alagoinhas e Regi\u00e3o<\/a>\n\t\t<\/span><span class=\"aioseo-breadcrumb-separator\">&raquo;<\/span><span class=\"aioseo-breadcrumb\">\n\t\t\tPrograma AABB Comunidade encerra atividades de 2022 com sarau liter\u00e1rio\n\t\t<\/span><\/div>","aioseo_breadcrumb_json":[{"label":"In\u00edcio","link":"https:\/\/newsinfoco.com.br\/inicio"},{"label":"Alagoinhas e Regi\u00e3o","link":"https:\/\/newsinfoco.com.br\/inicio\/category\/alagoinhas-e-regiao\/"},{"label":"Programa AABB Comunidade encerra atividades de 2022 com sarau liter\u00e1rio","link":"https:\/\/newsinfoco.com.br\/inicio\/programa-aabb-comunidade-encerra-atividades-de-2022-com-sarau-literario\/"}],"_links":{"self":[{"href":"https:\/\/newsinfoco.com.br\/inicio\/wp-json\/wp\/v2\/posts\/32219","targetHints":{"allow":["GET"]}}],"collection":[{"href":"https:\/\/newsinfoco.com.br\/inicio\/wp-json\/wp\/v2\/posts"}],"about":[{"href":"https:\/\/newsinfoco.com.br\/inicio\/wp-json\/wp\/v2\/types\/post"}],"author":[{"embeddable":true,"href":"https:\/\/newsinfoco.com.br\/inicio\/wp-json\/wp\/v2\/users\/1"}],"replies":[{"embeddable":true,"href":"https:\/\/newsinfoco.com.br\/inicio\/wp-json\/wp\/v2\/comments?post=32219"}],"version-history":[{"count":1,"href":"https:\/\/newsinfoco.com.br\/inicio\/wp-json\/wp\/v2\/posts\/32219\/revisions"}],"predecessor-version":[{"id":32221,"href":"https:\/\/newsinfoco.com.br\/inicio\/wp-json\/wp\/v2\/posts\/32219\/revisions\/32221"}],"wp:featuredmedia":[{"embeddable":true,"href":"https:\/\/newsinfoco.com.br\/inicio\/wp-json\/wp\/v2\/media\/32220"}],"wp:attachment":[{"href":"https:\/\/newsinfoco.com.br\/inicio\/wp-json\/wp\/v2\/media?parent=32219"}],"wp:term":[{"taxonomy":"category","embeddable":true,"href":"https:\/\/newsinfoco.com.br\/inicio\/wp-json\/wp\/v2\/categories?post=32219"},{"taxonomy":"post_tag","embeddable":true,"href":"https:\/\/newsinfoco.com.br\/inicio\/wp-json\/wp\/v2\/tags?post=32219"}],"curies":[{"name":"wp","href":"https:\/\/api.w.org\/{rel}","templated":true}]}}