{"id":32269,"date":"2022-12-25T22:55:19","date_gmt":"2022-12-26T01:55:19","guid":{"rendered":"https:\/\/newsinfoco.com.br\/inicio\/?p=32269"},"modified":"2022-12-25T22:55:19","modified_gmt":"2022-12-26T01:55:19","slug":"prefeitura-de-alagoinhas-celebra-o-natal-com-almoco-solidario-no-restaurante-popular","status":"publish","type":"post","link":"https:\/\/newsinfoco.com.br\/inicio\/prefeitura-de-alagoinhas-celebra-o-natal-com-almoco-solidario-no-restaurante-popular\/","title":{"rendered":"Prefeitura de Alagoinhas celebra o natal com Almo\u00e7o Solid\u00e1rio no Restaurante Popular"},"content":{"rendered":"<p>Teve frango assado e estrogonofe de carne na 3a edi\u00e7\u00e3o do Almo\u00e7o Solid\u00e1rio, promovido pela Secretaria Municipal de Assist\u00eancia Social (SEMAS), nesta v\u00e9spera de natal, 24 de dezembro. A a\u00e7\u00e3o aconteceu no Restaurante Popular e todas as refei\u00e7\u00f5es foram servidas gratuitamente.<\/p>\n<p>Ao longo do ano, o\u00a0 Restaurante Popular abre as portas na hora do almo\u00e7o, cobrando o valor simb\u00f3lico de R$ 3,00 no almo\u00e7o com suco e fruta, proporcionando acesso da popula\u00e7\u00e3o a uma refei\u00e7\u00e3o completa e balanceada, bem no centro da cidade.<\/p>\n<p><a class=\"group1 cboxElement\" href=\"https:\/\/www.alagoinhas.ba.gov.br\/wp-content\/uploads\/2022\/12\/IMG-20221225-WA0007.jpg\"><img loading=\"lazy\" decoding=\"async\" class=\"aligncenter size-large wp-image-62684\" src=\"https:\/\/www.alagoinhas.ba.gov.br\/wp-content\/uploads\/2022\/12\/IMG-20221225-WA0007-1024x768.jpg\" sizes=\"auto, (max-width: 800px) 100vw, 800px\" srcset=\"https:\/\/www.alagoinhas.ba.gov.br\/wp-content\/uploads\/2022\/12\/IMG-20221225-WA0007-1024x768.jpg 1024w, https:\/\/www.alagoinhas.ba.gov.br\/wp-content\/uploads\/2022\/12\/IMG-20221225-WA0007-300x225.jpg 300w, https:\/\/www.alagoinhas.ba.gov.br\/wp-content\/uploads\/2022\/12\/IMG-20221225-WA0007-768x576.jpg 768w, https:\/\/www.alagoinhas.ba.gov.br\/wp-content\/uploads\/2022\/12\/IMG-20221225-WA0007-93x70.jpg 93w, https:\/\/www.alagoinhas.ba.gov.br\/wp-content\/uploads\/2022\/12\/IMG-20221225-WA0007.jpg 1600w\" alt=\"\" width=\"800\" height=\"600\" \/><\/a><br \/>\nFoi a primeira vez que a senhora Maria Trindade dos Santos esteve no equipamento p\u00fablico e aprovou o almo\u00e7o e o acolhimento. \u201cGra\u00e7as a Deus, est\u00e1 tudo delicioso. Quero voltar mais vezes!\u201d. Josevaldo dos Santos, que mora no 21 de Setembro, \u00e9 cliente ass\u00edduo. \u201cImportante essa a\u00e7\u00e3o da Prefeitura no dia de hoje, para nos lembrar, nesta data, o quanto a solidariedade \u00e9 necess\u00e1ria. Al\u00e9m disso, o almo\u00e7o est\u00e1 dez, como sempre!\u201d.<br \/>\nMais de 200 mil refei\u00e7\u00f5es s\u00e3o servidas por ano no Restaurante Popular de Alagoinhas, que funciona das 11h30 \u00e0s 14h, de ter\u00e7a a s\u00e1bado, na Rua 2 de Julho, s\/n, Bairro 2 de Julho.<\/p>\n<p>Fotos: SECOM<a class=\"group1 cboxElement\" href=\"https:\/\/www.alagoinhas.ba.gov.br\/wp-content\/uploads\/2022\/12\/IMG-20221225-WA0008.jpg\"><img loading=\"lazy\" decoding=\"async\" class=\"aligncenter size-large wp-image-62686\" src=\"https:\/\/www.alagoinhas.ba.gov.br\/wp-content\/uploads\/2022\/12\/IMG-20221225-WA0008-1024x768.jpg\" sizes=\"auto, (max-width: 800px) 100vw, 800px\" srcset=\"https:\/\/www.alagoinhas.ba.gov.br\/wp-content\/uploads\/2022\/12\/IMG-20221225-WA0008-1024x768.jpg 1024w, https:\/\/www.alagoinhas.ba.gov.br\/wp-content\/uploads\/2022\/12\/IMG-20221225-WA0008-300x225.jpg 300w, https:\/\/www.alagoinhas.ba.gov.br\/wp-content\/uploads\/2022\/12\/IMG-20221225-WA0008-768x576.jpg 768w, https:\/\/www.alagoinhas.ba.gov.br\/wp-content\/uploads\/2022\/12\/IMG-20221225-WA0008-93x70.jpg 93w, https:\/\/www.alagoinhas.ba.gov.br\/wp-content\/uploads\/2022\/12\/IMG-20221225-WA0008.jpg 1600w\" alt=\"\" width=\"800\" height=\"600\" \/><\/a><a class=\"group1 cboxElement\" href=\"https:\/\/www.alagoinhas.ba.gov.br\/wp-content\/uploads\/2022\/12\/IMG-20221225-WA0015.jpg\"><img loading=\"lazy\" decoding=\"async\" class=\"aligncenter size-large wp-image-62688\" src=\"https:\/\/www.alagoinhas.ba.gov.br\/wp-content\/uploads\/2022\/12\/IMG-20221225-WA0015-1024x768.jpg\" sizes=\"auto, (max-width: 800px) 100vw, 800px\" srcset=\"https:\/\/www.alagoinhas.ba.gov.br\/wp-content\/uploads\/2022\/12\/IMG-20221225-WA0015-1024x768.jpg 1024w, https:\/\/www.alagoinhas.ba.gov.br\/wp-content\/uploads\/2022\/12\/IMG-20221225-WA0015-300x225.jpg 300w, https:\/\/www.alagoinhas.ba.gov.br\/wp-content\/uploads\/2022\/12\/IMG-20221225-WA0015-768x576.jpg 768w, https:\/\/www.alagoinhas.ba.gov.br\/wp-content\/uploads\/2022\/12\/IMG-20221225-WA0015-93x70.jpg 93w, https:\/\/www.alagoinhas.ba.gov.br\/wp-content\/uploads\/2022\/12\/IMG-20221225-WA0015.jpg 1600w\" alt=\"\" width=\"800\" height=\"600\" \/><\/a><a class=\"group1 cboxElement\" href=\"https:\/\/www.alagoinhas.ba.gov.br\/wp-content\/uploads\/2022\/12\/IMG-20221225-WA0011.jpg\"><img loading=\"lazy\" decoding=\"async\" class=\"aligncenter size-large wp-image-62685\" src=\"https:\/\/www.alagoinhas.ba.gov.br\/wp-content\/uploads\/2022\/12\/IMG-20221225-WA0011-1024x768.jpg\" sizes=\"auto, (max-width: 800px) 100vw, 800px\" srcset=\"https:\/\/www.alagoinhas.ba.gov.br\/wp-content\/uploads\/2022\/12\/IMG-20221225-WA0011-1024x768.jpg 1024w, https:\/\/www.alagoinhas.ba.gov.br\/wp-content\/uploads\/2022\/12\/IMG-20221225-WA0011-300x225.jpg 300w, https:\/\/www.alagoinhas.ba.gov.br\/wp-content\/uploads\/2022\/12\/IMG-20221225-WA0011-768x576.jpg 768w, https:\/\/www.alagoinhas.ba.gov.br\/wp-content\/uploads\/2022\/12\/IMG-20221225-WA0011-93x70.jpg 93w, https:\/\/www.alagoinhas.ba.gov.br\/wp-content\/uploads\/2022\/12\/IMG-20221225-WA0011.jpg 1600w\" alt=\"\" width=\"800\" height=\"600\" \/><\/a><\/p>\n<p>&nbsp;<\/p>\n<p>&nbsp;<\/p>\n<div class='share-to-whatsapp-wrapper'><div class='share-on-whsp'>Share on: <\/div><a data-text='Prefeitura de Alagoinhas celebra o natal com Almo\u00e7o Solid\u00e1rio no Restaurante Popular' data-link='https:\/\/newsinfoco.com.br\/inicio\/prefeitura-de-alagoinhas-celebra-o-natal-com-almoco-solidario-no-restaurante-popular\/' class='whatsapp-button whatsapp-share'>WhatsApp<\/a><div class='clear '><\/div><\/div>","protected":false},"excerpt":{"rendered":"<p>Teve frango assado e estrogonofe de carne na 3a edi\u00e7\u00e3o do Almo\u00e7o Solid\u00e1rio, promovido pela Secretaria Municipal de Assist\u00eancia Social (SEMAS), nesta v\u00e9spera de natal, 24 de dezembro. A a\u00e7\u00e3o aconteceu no Restaurante Popular e todas as refei\u00e7\u00f5es foram servidas gratuitamente. Ao longo do ano, o\u00a0 Restaurante Popular abre as portas na hora do almo\u00e7o, [&hellip;]<\/p>\n","protected":false},"author":1,"featured_media":32270,"comment_status":"closed","ping_status":"closed","sticky":false,"template":"","format":"standard","meta":{"om_disable_all_campaigns":false,"rop_custom_images_group":[],"rop_custom_messages_group":[],"rop_publish_now":"initial","rop_publish_now_accounts":[],"rop_publish_now_history":[],"rop_publish_now_status":"pending","_exactmetrics_skip_tracking":false,"footnotes":""},"categories":[38,167],"tags":[],"class_list":["post-32269","post","type-post","status-publish","format-standard","has-post-thumbnail","hentry","category-alagoinhas-e-regiao","category-exclusivas"],"aioseo_notices":[],"aioseo_head":"\n\t\t<!-- All in One SEO 4.9.10 - aioseo.com -->\n\t<meta name=\"description\" content=\"Teve frango assado e estrogonofe de carne na 3a edi\u00e7\u00e3o do Almo\u00e7o Solid\u00e1rio, promovido pela Secretaria Municipal de Assist\u00eancia Social (SEMAS), nesta v\u00e9spera de natal, 24 de dezembro. A a\u00e7\u00e3o aconteceu no Restaurante Popular e todas as refei\u00e7\u00f5es foram servidas gratuitamente. Ao longo do ano, o Restaurante Popular abre as portas na hora do almo\u00e7o,\" \/>\n\t<meta name=\"robots\" content=\"max-image-preview:large\" \/>\n\t<meta name=\"author\" content=\"administrador\"\/>\n\t<link rel=\"canonical\" href=\"https:\/\/newsinfoco.com.br\/inicio\/prefeitura-de-alagoinhas-celebra-o-natal-com-almoco-solidario-no-restaurante-popular\/\" \/>\n\t<meta name=\"generator\" content=\"All in One SEO (AIOSEO) 4.9.10\" \/>\n\t\t<meta property=\"og:locale\" content=\"pt_BR\" \/>\n\t\t<meta property=\"og:site_name\" content=\"News In Foco - Editado por Caio Pimenta - O principal site de noticias de Alagoinhas e regi\u00e3o\" \/>\n\t\t<meta property=\"og:type\" content=\"article\" \/>\n\t\t<meta property=\"og:title\" content=\"Prefeitura de Alagoinhas celebra o natal com Almo\u00e7o Solid\u00e1rio no Restaurante Popular - News In Foco - Editado por Caio Pimenta\" \/>\n\t\t<meta property=\"og:description\" content=\"Teve frango assado e estrogonofe de carne na 3a edi\u00e7\u00e3o do Almo\u00e7o Solid\u00e1rio, promovido pela Secretaria Municipal de Assist\u00eancia Social (SEMAS), nesta v\u00e9spera de natal, 24 de dezembro. A a\u00e7\u00e3o aconteceu no Restaurante Popular e todas as refei\u00e7\u00f5es foram servidas gratuitamente. Ao longo do ano, o Restaurante Popular abre as portas na hora do almo\u00e7o,\" \/>\n\t\t<meta property=\"og:url\" content=\"https:\/\/newsinfoco.com.br\/inicio\/prefeitura-de-alagoinhas-celebra-o-natal-com-almoco-solidario-no-restaurante-popular\/\" \/>\n\t\t<meta property=\"article:published_time\" content=\"2022-12-26T01:55:19+00:00\" \/>\n\t\t<meta property=\"article:modified_time\" content=\"2022-12-26T01:55:19+00:00\" \/>\n\t\t<meta name=\"twitter:card\" content=\"summary_large_image\" \/>\n\t\t<meta name=\"twitter:title\" content=\"Prefeitura de Alagoinhas celebra o natal com Almo\u00e7o Solid\u00e1rio no Restaurante Popular - News In Foco - Editado por Caio Pimenta\" \/>\n\t\t<meta name=\"twitter:description\" content=\"Teve frango assado e estrogonofe de carne na 3a edi\u00e7\u00e3o do Almo\u00e7o Solid\u00e1rio, promovido pela Secretaria Municipal de Assist\u00eancia Social (SEMAS), nesta v\u00e9spera de natal, 24 de dezembro. A a\u00e7\u00e3o aconteceu no Restaurante Popular e todas as refei\u00e7\u00f5es foram servidas gratuitamente. Ao longo do ano, o Restaurante Popular abre as portas na hora do almo\u00e7o,\" \/>\n\t\t<script type=\"application\/ld+json\" class=\"aioseo-schema\">\n\t\t\t{\"@context\":\"https:\\\/\\\/schema.org\",\"@graph\":[{\"@type\":\"BlogPosting\",\"@id\":\"https:\\\/\\\/newsinfoco.com.br\\\/inicio\\\/prefeitura-de-alagoinhas-celebra-o-natal-com-almoco-solidario-no-restaurante-popular\\\/#blogposting\",\"name\":\"Prefeitura de Alagoinhas celebra o natal com Almo\\u00e7o Solid\\u00e1rio no Restaurante Popular - News In Foco - Editado por Caio Pimenta\",\"headline\":\"Prefeitura de Alagoinhas celebra o natal com Almo\\u00e7o Solid\\u00e1rio no Restaurante Popular\",\"author\":{\"@id\":\"https:\\\/\\\/newsinfoco.com.br\\\/inicio\\\/author\\\/administrador\\\/#author\"},\"publisher\":{\"@id\":\"https:\\\/\\\/newsinfoco.com.br\\\/inicio\\\/#organization\"},\"image\":{\"@type\":\"ImageObject\",\"url\":\"https:\\\/\\\/newsinfoco.com.br\\\/inicio\\\/wp-content\\\/uploads\\\/2022\\\/12\\\/IMG-20221225-WA0017-768x576-1.jpg\",\"width\":768,\"height\":576},\"datePublished\":\"2022-12-25T22:55:19-03:00\",\"dateModified\":\"2022-12-25T22:55:19-03:00\",\"inLanguage\":\"pt-BR\",\"mainEntityOfPage\":{\"@id\":\"https:\\\/\\\/newsinfoco.com.br\\\/inicio\\\/prefeitura-de-alagoinhas-celebra-o-natal-com-almoco-solidario-no-restaurante-popular\\\/#webpage\"},\"isPartOf\":{\"@id\":\"https:\\\/\\\/newsinfoco.com.br\\\/inicio\\\/prefeitura-de-alagoinhas-celebra-o-natal-com-almoco-solidario-no-restaurante-popular\\\/#webpage\"},\"articleSection\":\"Alagoinhas e Regi\\u00e3o, Manchete\"},{\"@type\":\"BreadcrumbList\",\"@id\":\"https:\\\/\\\/newsinfoco.com.br\\\/inicio\\\/prefeitura-de-alagoinhas-celebra-o-natal-com-almoco-solidario-no-restaurante-popular\\\/#breadcrumblist\",\"itemListElement\":[{\"@type\":\"ListItem\",\"@id\":\"https:\\\/\\\/newsinfoco.com.br\\\/inicio#listItem\",\"position\":1,\"name\":\"In\\u00edcio\",\"item\":\"https:\\\/\\\/newsinfoco.com.br\\\/inicio\",\"nextItem\":{\"@type\":\"ListItem\",\"@id\":\"https:\\\/\\\/newsinfoco.com.br\\\/inicio\\\/category\\\/alagoinhas-e-regiao\\\/#listItem\",\"name\":\"Alagoinhas e Regi\\u00e3o\"}},{\"@type\":\"ListItem\",\"@id\":\"https:\\\/\\\/newsinfoco.com.br\\\/inicio\\\/category\\\/alagoinhas-e-regiao\\\/#listItem\",\"position\":2,\"name\":\"Alagoinhas e Regi\\u00e3o\",\"item\":\"https:\\\/\\\/newsinfoco.com.br\\\/inicio\\\/category\\\/alagoinhas-e-regiao\\\/\",\"nextItem\":{\"@type\":\"ListItem\",\"@id\":\"https:\\\/\\\/newsinfoco.com.br\\\/inicio\\\/prefeitura-de-alagoinhas-celebra-o-natal-com-almoco-solidario-no-restaurante-popular\\\/#listItem\",\"name\":\"Prefeitura de Alagoinhas celebra o natal com Almo\\u00e7o Solid\\u00e1rio no Restaurante Popular\"},\"previousItem\":{\"@type\":\"ListItem\",\"@id\":\"https:\\\/\\\/newsinfoco.com.br\\\/inicio#listItem\",\"name\":\"In\\u00edcio\"}},{\"@type\":\"ListItem\",\"@id\":\"https:\\\/\\\/newsinfoco.com.br\\\/inicio\\\/prefeitura-de-alagoinhas-celebra-o-natal-com-almoco-solidario-no-restaurante-popular\\\/#listItem\",\"position\":3,\"name\":\"Prefeitura de Alagoinhas celebra o natal com Almo\\u00e7o Solid\\u00e1rio no Restaurante Popular\",\"previousItem\":{\"@type\":\"ListItem\",\"@id\":\"https:\\\/\\\/newsinfoco.com.br\\\/inicio\\\/category\\\/alagoinhas-e-regiao\\\/#listItem\",\"name\":\"Alagoinhas e Regi\\u00e3o\"}}]},{\"@type\":\"Organization\",\"@id\":\"https:\\\/\\\/newsinfoco.com.br\\\/inicio\\\/#organization\",\"name\":\"News In Foco - Editado por Caio Pimenta\",\"description\":\"O principal site de noticias de Alagoinhas e regi\\u00e3o\",\"url\":\"https:\\\/\\\/newsinfoco.com.br\\\/inicio\\\/\"},{\"@type\":\"Person\",\"@id\":\"https:\\\/\\\/newsinfoco.com.br\\\/inicio\\\/author\\\/administrador\\\/#author\",\"url\":\"https:\\\/\\\/newsinfoco.com.br\\\/inicio\\\/author\\\/administrador\\\/\",\"name\":\"administrador\",\"image\":{\"@type\":\"ImageObject\",\"@id\":\"https:\\\/\\\/newsinfoco.com.br\\\/inicio\\\/prefeitura-de-alagoinhas-celebra-o-natal-com-almoco-solidario-no-restaurante-popular\\\/#authorImage\",\"url\":\"https:\\\/\\\/secure.gravatar.com\\\/avatar\\\/c17a617433de8c1dc9584bb79aab7563b46f5bb7e1728c9b17d9cc3ce6a08e49?s=96&d=mm&r=g\",\"width\":96,\"height\":96,\"caption\":\"administrador\"}},{\"@type\":\"WebPage\",\"@id\":\"https:\\\/\\\/newsinfoco.com.br\\\/inicio\\\/prefeitura-de-alagoinhas-celebra-o-natal-com-almoco-solidario-no-restaurante-popular\\\/#webpage\",\"url\":\"https:\\\/\\\/newsinfoco.com.br\\\/inicio\\\/prefeitura-de-alagoinhas-celebra-o-natal-com-almoco-solidario-no-restaurante-popular\\\/\",\"name\":\"Prefeitura de Alagoinhas celebra o natal com Almo\\u00e7o Solid\\u00e1rio no Restaurante Popular - News In Foco - Editado por Caio Pimenta\",\"description\":\"Teve frango assado e estrogonofe de carne na 3a edi\\u00e7\\u00e3o do Almo\\u00e7o Solid\\u00e1rio, promovido pela Secretaria Municipal de Assist\\u00eancia Social (SEMAS), nesta v\\u00e9spera de natal, 24 de dezembro. A a\\u00e7\\u00e3o aconteceu no Restaurante Popular e todas as refei\\u00e7\\u00f5es foram servidas gratuitamente. Ao longo do ano, o Restaurante Popular abre as portas na hora do almo\\u00e7o,\",\"inLanguage\":\"pt-BR\",\"isPartOf\":{\"@id\":\"https:\\\/\\\/newsinfoco.com.br\\\/inicio\\\/#website\"},\"breadcrumb\":{\"@id\":\"https:\\\/\\\/newsinfoco.com.br\\\/inicio\\\/prefeitura-de-alagoinhas-celebra-o-natal-com-almoco-solidario-no-restaurante-popular\\\/#breadcrumblist\"},\"author\":{\"@id\":\"https:\\\/\\\/newsinfoco.com.br\\\/inicio\\\/author\\\/administrador\\\/#author\"},\"creator\":{\"@id\":\"https:\\\/\\\/newsinfoco.com.br\\\/inicio\\\/author\\\/administrador\\\/#author\"},\"image\":{\"@type\":\"ImageObject\",\"url\":\"https:\\\/\\\/newsinfoco.com.br\\\/inicio\\\/wp-content\\\/uploads\\\/2022\\\/12\\\/IMG-20221225-WA0017-768x576-1.jpg\",\"@id\":\"https:\\\/\\\/newsinfoco.com.br\\\/inicio\\\/prefeitura-de-alagoinhas-celebra-o-natal-com-almoco-solidario-no-restaurante-popular\\\/#mainImage\",\"width\":768,\"height\":576},\"primaryImageOfPage\":{\"@id\":\"https:\\\/\\\/newsinfoco.com.br\\\/inicio\\\/prefeitura-de-alagoinhas-celebra-o-natal-com-almoco-solidario-no-restaurante-popular\\\/#mainImage\"},\"datePublished\":\"2022-12-25T22:55:19-03:00\",\"dateModified\":\"2022-12-25T22:55:19-03:00\"},{\"@type\":\"WebSite\",\"@id\":\"https:\\\/\\\/newsinfoco.com.br\\\/inicio\\\/#website\",\"url\":\"https:\\\/\\\/newsinfoco.com.br\\\/inicio\\\/\",\"name\":\"News In Foco - Editado por Caio Pimenta\",\"description\":\"O principal site de noticias de Alagoinhas e regi\\u00e3o\",\"inLanguage\":\"pt-BR\",\"publisher\":{\"@id\":\"https:\\\/\\\/newsinfoco.com.br\\\/inicio\\\/#organization\"}}]}\n\t\t<\/script>\n\t\t<!-- All in One SEO -->\n\n","aioseo_head_json":{"title":"Prefeitura de Alagoinhas celebra o natal com Almo\u00e7o Solid\u00e1rio no Restaurante Popular - News In Foco - Editado por Caio Pimenta","description":"Teve frango assado e estrogonofe de carne na 3a edi\u00e7\u00e3o do Almo\u00e7o Solid\u00e1rio, promovido pela Secretaria Municipal de Assist\u00eancia Social (SEMAS), nesta v\u00e9spera de natal, 24 de dezembro. A a\u00e7\u00e3o aconteceu no Restaurante Popular e todas as refei\u00e7\u00f5es foram servidas gratuitamente. Ao longo do ano, o Restaurante Popular abre as portas na hora do almo\u00e7o,","canonical_url":"https:\/\/newsinfoco.com.br\/inicio\/prefeitura-de-alagoinhas-celebra-o-natal-com-almoco-solidario-no-restaurante-popular\/","robots":"max-image-preview:large","keywords":"","webmasterTools":{"miscellaneous":""},"schema":{"@context":"https:\/\/schema.org","@graph":[{"@type":"BlogPosting","@id":"https:\/\/newsinfoco.com.br\/inicio\/prefeitura-de-alagoinhas-celebra-o-natal-com-almoco-solidario-no-restaurante-popular\/#blogposting","name":"Prefeitura de Alagoinhas celebra o natal com Almo\u00e7o Solid\u00e1rio no Restaurante Popular - News In Foco - Editado por Caio Pimenta","headline":"Prefeitura de Alagoinhas celebra o natal com Almo\u00e7o Solid\u00e1rio no Restaurante Popular","author":{"@id":"https:\/\/newsinfoco.com.br\/inicio\/author\/administrador\/#author"},"publisher":{"@id":"https:\/\/newsinfoco.com.br\/inicio\/#organization"},"image":{"@type":"ImageObject","url":"https:\/\/newsinfoco.com.br\/inicio\/wp-content\/uploads\/2022\/12\/IMG-20221225-WA0017-768x576-1.jpg","width":768,"height":576},"datePublished":"2022-12-25T22:55:19-03:00","dateModified":"2022-12-25T22:55:19-03:00","inLanguage":"pt-BR","mainEntityOfPage":{"@id":"https:\/\/newsinfoco.com.br\/inicio\/prefeitura-de-alagoinhas-celebra-o-natal-com-almoco-solidario-no-restaurante-popular\/#webpage"},"isPartOf":{"@id":"https:\/\/newsinfoco.com.br\/inicio\/prefeitura-de-alagoinhas-celebra-o-natal-com-almoco-solidario-no-restaurante-popular\/#webpage"},"articleSection":"Alagoinhas e Regi\u00e3o, Manchete"},{"@type":"BreadcrumbList","@id":"https:\/\/newsinfoco.com.br\/inicio\/prefeitura-de-alagoinhas-celebra-o-natal-com-almoco-solidario-no-restaurante-popular\/#breadcrumblist","itemListElement":[{"@type":"ListItem","@id":"https:\/\/newsinfoco.com.br\/inicio#listItem","position":1,"name":"In\u00edcio","item":"https:\/\/newsinfoco.com.br\/inicio","nextItem":{"@type":"ListItem","@id":"https:\/\/newsinfoco.com.br\/inicio\/category\/alagoinhas-e-regiao\/#listItem","name":"Alagoinhas e Regi\u00e3o"}},{"@type":"ListItem","@id":"https:\/\/newsinfoco.com.br\/inicio\/category\/alagoinhas-e-regiao\/#listItem","position":2,"name":"Alagoinhas e Regi\u00e3o","item":"https:\/\/newsinfoco.com.br\/inicio\/category\/alagoinhas-e-regiao\/","nextItem":{"@type":"ListItem","@id":"https:\/\/newsinfoco.com.br\/inicio\/prefeitura-de-alagoinhas-celebra-o-natal-com-almoco-solidario-no-restaurante-popular\/#listItem","name":"Prefeitura de Alagoinhas celebra o natal com Almo\u00e7o Solid\u00e1rio no Restaurante Popular"},"previousItem":{"@type":"ListItem","@id":"https:\/\/newsinfoco.com.br\/inicio#listItem","name":"In\u00edcio"}},{"@type":"ListItem","@id":"https:\/\/newsinfoco.com.br\/inicio\/prefeitura-de-alagoinhas-celebra-o-natal-com-almoco-solidario-no-restaurante-popular\/#listItem","position":3,"name":"Prefeitura de Alagoinhas celebra o natal com Almo\u00e7o Solid\u00e1rio no Restaurante Popular","previousItem":{"@type":"ListItem","@id":"https:\/\/newsinfoco.com.br\/inicio\/category\/alagoinhas-e-regiao\/#listItem","name":"Alagoinhas e Regi\u00e3o"}}]},{"@type":"Organization","@id":"https:\/\/newsinfoco.com.br\/inicio\/#organization","name":"News In Foco - Editado por Caio Pimenta","description":"O principal site de noticias de Alagoinhas e regi\u00e3o","url":"https:\/\/newsinfoco.com.br\/inicio\/"},{"@type":"Person","@id":"https:\/\/newsinfoco.com.br\/inicio\/author\/administrador\/#author","url":"https:\/\/newsinfoco.com.br\/inicio\/author\/administrador\/","name":"administrador","image":{"@type":"ImageObject","@id":"https:\/\/newsinfoco.com.br\/inicio\/prefeitura-de-alagoinhas-celebra-o-natal-com-almoco-solidario-no-restaurante-popular\/#authorImage","url":"https:\/\/secure.gravatar.com\/avatar\/c17a617433de8c1dc9584bb79aab7563b46f5bb7e1728c9b17d9cc3ce6a08e49?s=96&d=mm&r=g","width":96,"height":96,"caption":"administrador"}},{"@type":"WebPage","@id":"https:\/\/newsinfoco.com.br\/inicio\/prefeitura-de-alagoinhas-celebra-o-natal-com-almoco-solidario-no-restaurante-popular\/#webpage","url":"https:\/\/newsinfoco.com.br\/inicio\/prefeitura-de-alagoinhas-celebra-o-natal-com-almoco-solidario-no-restaurante-popular\/","name":"Prefeitura de Alagoinhas celebra o natal com Almo\u00e7o Solid\u00e1rio no Restaurante Popular - News In Foco - Editado por Caio Pimenta","description":"Teve frango assado e estrogonofe de carne na 3a edi\u00e7\u00e3o do Almo\u00e7o Solid\u00e1rio, promovido pela Secretaria Municipal de Assist\u00eancia Social (SEMAS), nesta v\u00e9spera de natal, 24 de dezembro. A a\u00e7\u00e3o aconteceu no Restaurante Popular e todas as refei\u00e7\u00f5es foram servidas gratuitamente. Ao longo do ano, o Restaurante Popular abre as portas na hora do almo\u00e7o,","inLanguage":"pt-BR","isPartOf":{"@id":"https:\/\/newsinfoco.com.br\/inicio\/#website"},"breadcrumb":{"@id":"https:\/\/newsinfoco.com.br\/inicio\/prefeitura-de-alagoinhas-celebra-o-natal-com-almoco-solidario-no-restaurante-popular\/#breadcrumblist"},"author":{"@id":"https:\/\/newsinfoco.com.br\/inicio\/author\/administrador\/#author"},"creator":{"@id":"https:\/\/newsinfoco.com.br\/inicio\/author\/administrador\/#author"},"image":{"@type":"ImageObject","url":"https:\/\/newsinfoco.com.br\/inicio\/wp-content\/uploads\/2022\/12\/IMG-20221225-WA0017-768x576-1.jpg","@id":"https:\/\/newsinfoco.com.br\/inicio\/prefeitura-de-alagoinhas-celebra-o-natal-com-almoco-solidario-no-restaurante-popular\/#mainImage","width":768,"height":576},"primaryImageOfPage":{"@id":"https:\/\/newsinfoco.com.br\/inicio\/prefeitura-de-alagoinhas-celebra-o-natal-com-almoco-solidario-no-restaurante-popular\/#mainImage"},"datePublished":"2022-12-25T22:55:19-03:00","dateModified":"2022-12-25T22:55:19-03:00"},{"@type":"WebSite","@id":"https:\/\/newsinfoco.com.br\/inicio\/#website","url":"https:\/\/newsinfoco.com.br\/inicio\/","name":"News In Foco - Editado por Caio Pimenta","description":"O principal site de noticias de Alagoinhas e regi\u00e3o","inLanguage":"pt-BR","publisher":{"@id":"https:\/\/newsinfoco.com.br\/inicio\/#organization"}}]},"og:locale":"pt_BR","og:site_name":"News In Foco - Editado por Caio Pimenta - O principal site de noticias de Alagoinhas e regi\u00e3o","og:type":"article","og:title":"Prefeitura de Alagoinhas celebra o natal com Almo\u00e7o Solid\u00e1rio no Restaurante Popular - News In Foco - Editado por Caio Pimenta","og:description":"Teve frango assado e estrogonofe de carne na 3a edi\u00e7\u00e3o do Almo\u00e7o Solid\u00e1rio, promovido pela Secretaria Municipal de Assist\u00eancia Social (SEMAS), nesta v\u00e9spera de natal, 24 de dezembro. A a\u00e7\u00e3o aconteceu no Restaurante Popular e todas as refei\u00e7\u00f5es foram servidas gratuitamente. Ao longo do ano, o Restaurante Popular abre as portas na hora do almo\u00e7o,","og:url":"https:\/\/newsinfoco.com.br\/inicio\/prefeitura-de-alagoinhas-celebra-o-natal-com-almoco-solidario-no-restaurante-popular\/","article:published_time":"2022-12-26T01:55:19+00:00","article:modified_time":"2022-12-26T01:55:19+00:00","twitter:card":"summary_large_image","twitter:title":"Prefeitura de Alagoinhas celebra o natal com Almo\u00e7o Solid\u00e1rio no Restaurante Popular - News In Foco - Editado por Caio Pimenta","twitter:description":"Teve frango assado e estrogonofe de carne na 3a edi\u00e7\u00e3o do Almo\u00e7o Solid\u00e1rio, promovido pela Secretaria Municipal de Assist\u00eancia Social (SEMAS), nesta v\u00e9spera de natal, 24 de dezembro. A a\u00e7\u00e3o aconteceu no Restaurante Popular e todas as refei\u00e7\u00f5es foram servidas gratuitamente. Ao longo do ano, o Restaurante Popular abre as portas na hora do almo\u00e7o,"},"aioseo_meta_data":{"post_id":"32269","title":null,"description":null,"keywords":null,"keyphrases":null,"primary_term":null,"canonical_url":null,"og_title":null,"og_description":null,"og_object_type":"default","og_image_type":"default","og_image_url":null,"og_image_width":null,"og_image_height":null,"og_image_custom_url":null,"og_image_custom_fields":null,"og_video":null,"og_custom_url":null,"og_article_section":null,"og_article_tags":null,"twitter_use_og":false,"twitter_card":"default","twitter_image_type":"default","twitter_image_url":null,"twitter_image_custom_url":null,"twitter_image_custom_fields":null,"twitter_title":null,"twitter_description":null,"schema":{"blockGraphs":[],"customGraphs":[],"default":{"data":{"Article":[],"Course":[],"Dataset":[],"FAQPage":[],"Movie":[],"Person":[],"Product":[],"ProductReview":[],"Car":[],"Recipe":[],"Service":[],"SoftwareApplication":[],"WebPage":[]},"graphName":"","isEnabled":true},"graphs":[]},"schema_type":"default","schema_type_options":null,"pillar_content":false,"robots_default":true,"robots_noindex":false,"robots_noarchive":false,"robots_nosnippet":false,"robots_nofollow":false,"robots_noimageindex":false,"robots_noodp":false,"robots_notranslate":false,"robots_max_snippet":null,"robots_max_videopreview":null,"robots_max_imagepreview":"large","priority":null,"frequency":null,"local_seo":null,"breadcrumb_settings":null,"limit_modified_date":false,"ai":null,"created":"2023-06-12 22:31:32","updated":"2025-07-11 08:48:44","seo_analyzer_scan_date":null},"aioseo_breadcrumb":"<div class=\"aioseo-breadcrumbs\"><span class=\"aioseo-breadcrumb\">\n\t\t\t<a href=\"https:\/\/newsinfoco.com.br\/inicio\" title=\"In\u00edcio\">In\u00edcio<\/a>\n\t\t<\/span><span class=\"aioseo-breadcrumb-separator\">&raquo;<\/span><span class=\"aioseo-breadcrumb\">\n\t\t\t<a href=\"https:\/\/newsinfoco.com.br\/inicio\/category\/alagoinhas-e-regiao\/\" title=\"Alagoinhas e Regi\u00e3o\">Alagoinhas e Regi\u00e3o<\/a>\n\t\t<\/span><span class=\"aioseo-breadcrumb-separator\">&raquo;<\/span><span class=\"aioseo-breadcrumb\">\n\t\t\tPrefeitura de Alagoinhas celebra o natal com Almo\u00e7o Solid\u00e1rio no Restaurante Popular\n\t\t<\/span><\/div>","aioseo_breadcrumb_json":[{"label":"In\u00edcio","link":"https:\/\/newsinfoco.com.br\/inicio"},{"label":"Alagoinhas e Regi\u00e3o","link":"https:\/\/newsinfoco.com.br\/inicio\/category\/alagoinhas-e-regiao\/"},{"label":"Prefeitura de Alagoinhas celebra o natal com Almo\u00e7o Solid\u00e1rio no Restaurante Popular","link":"https:\/\/newsinfoco.com.br\/inicio\/prefeitura-de-alagoinhas-celebra-o-natal-com-almoco-solidario-no-restaurante-popular\/"}],"_links":{"self":[{"href":"https:\/\/newsinfoco.com.br\/inicio\/wp-json\/wp\/v2\/posts\/32269","targetHints":{"allow":["GET"]}}],"collection":[{"href":"https:\/\/newsinfoco.com.br\/inicio\/wp-json\/wp\/v2\/posts"}],"about":[{"href":"https:\/\/newsinfoco.com.br\/inicio\/wp-json\/wp\/v2\/types\/post"}],"author":[{"embeddable":true,"href":"https:\/\/newsinfoco.com.br\/inicio\/wp-json\/wp\/v2\/users\/1"}],"replies":[{"embeddable":true,"href":"https:\/\/newsinfoco.com.br\/inicio\/wp-json\/wp\/v2\/comments?post=32269"}],"version-history":[{"count":1,"href":"https:\/\/newsinfoco.com.br\/inicio\/wp-json\/wp\/v2\/posts\/32269\/revisions"}],"predecessor-version":[{"id":32271,"href":"https:\/\/newsinfoco.com.br\/inicio\/wp-json\/wp\/v2\/posts\/32269\/revisions\/32271"}],"wp:featuredmedia":[{"embeddable":true,"href":"https:\/\/newsinfoco.com.br\/inicio\/wp-json\/wp\/v2\/media\/32270"}],"wp:attachment":[{"href":"https:\/\/newsinfoco.com.br\/inicio\/wp-json\/wp\/v2\/media?parent=32269"}],"wp:term":[{"taxonomy":"category","embeddable":true,"href":"https:\/\/newsinfoco.com.br\/inicio\/wp-json\/wp\/v2\/categories?post=32269"},{"taxonomy":"post_tag","embeddable":true,"href":"https:\/\/newsinfoco.com.br\/inicio\/wp-json\/wp\/v2\/tags?post=32269"}],"curies":[{"name":"wp","href":"https:\/\/api.w.org\/{rel}","templated":true}]}}