{"id":32275,"date":"2022-12-26T10:45:16","date_gmt":"2022-12-26T13:45:16","guid":{"rendered":"https:\/\/newsinfoco.com.br\/inicio\/?p=32275"},"modified":"2022-12-26T11:04:35","modified_gmt":"2022-12-26T14:04:35","slug":"joseildo-ramos-radiovaldo-costa-e-thor-de-ninha-as-opcoes-do-pt-de-alagoinhas-para-2024","status":"publish","type":"post","link":"https:\/\/newsinfoco.com.br\/inicio\/joseildo-ramos-radiovaldo-costa-e-thor-de-ninha-as-opcoes-do-pt-de-alagoinhas-para-2024\/","title":{"rendered":"Joseildo Ramos, Radiovaldo Costa e Thor de Ninha: As op\u00e7\u00f5es do PT de Alagoinhas para 2024"},"content":{"rendered":"<p>No Brasil, com esse sistema politico que promove elei\u00e7\u00f5es a cada 2 anos, se termina um pleito e j\u00e1 se pensa no outro. E em Alagoinhas, n\u00e3o \u00e9 diferente. Faltando pouco mais de 1 ano e 8 meses para a escolha do sucessor do prefeito Joaquim Neto, os partidos e lideran\u00e7as politicas come\u00e7am a se movimentar.<\/p>\n<p>O PT, por exemplo, sigla que na Bahia pode ser considerada a grande vencedora desta \u00faltima elei\u00e7\u00e3o(elegeu Jer\u00f4nimo governador e foi importante na vit\u00f3ria de Lula \u00e0 presid\u00eancia), j\u00e1 se come\u00e7a a discutir nomes para concorrer \u00e0 prefeitura da cidade.<\/p>\n<p>Em entrevista concedida ao programa Primeira M\u00e3o, da r\u00e1dio Ouro Negro 100,5 FM, na \u00faltima quinta-feira(22), o vereador Thor de Ninha(PT), admitiu que tenta viabilizar seu nome para concorrer ao cargo. Ainda de acordo com ele, dentro do partido se avalia tamb\u00e9m os nomes do sindicalista Radiovaldo Costa, que disputou a prefeitura sem \u00eaxito em 2020, e do deputado federal Joseildo Ramos, que j\u00e1 governou o munic\u00edpio em 2 oportunidades.<\/p>\n<p>Indagado pela bancada do Primeira M\u00e3o formada por Chico Reis, Jos\u00e9 Gomes, Luciano Reis e Caio Pimenta se haveria possibilidade de uma composi\u00e7\u00e3o entre PT e o prefeito Joaquim Neto para escolha de uma chapa, Thor de Ninha disse que acha improv\u00e1vel, apesar de ambos fazerem parte da base de apoio ao Governo do Estado.<\/p>\n<p>Por News Infoco<\/p>\n<p>&nbsp;<\/p>\n<p>&nbsp;<\/p>\n<div class='share-to-whatsapp-wrapper'><div class='share-on-whsp'>Share on: <\/div><a data-text='Joseildo Ramos, Radiovaldo Costa e Thor de Ninha: As op\u00e7\u00f5es do PT de Alagoinhas para 2024' data-link='https:\/\/newsinfoco.com.br\/inicio\/joseildo-ramos-radiovaldo-costa-e-thor-de-ninha-as-opcoes-do-pt-de-alagoinhas-para-2024\/' class='whatsapp-button whatsapp-share'>WhatsApp<\/a><div class='clear '><\/div><\/div>","protected":false},"excerpt":{"rendered":"<p>No Brasil, com esse sistema politico que promove elei\u00e7\u00f5es a cada 2 anos, se termina um pleito e j\u00e1 se pensa no outro. E em Alagoinhas, n\u00e3o \u00e9 diferente. Faltando pouco mais de 1 ano e 8 meses para a escolha do sucessor do prefeito Joaquim Neto, os partidos e lideran\u00e7as politicas come\u00e7am a se [&hellip;]<\/p>\n","protected":false},"author":1,"featured_media":32276,"comment_status":"closed","ping_status":"closed","sticky":false,"template":"","format":"standard","meta":{"om_disable_all_campaigns":false,"rop_custom_images_group":[],"rop_custom_messages_group":[],"rop_publish_now":"initial","rop_publish_now_accounts":[],"rop_publish_now_history":[],"rop_publish_now_status":"pending","_exactmetrics_skip_tracking":false,"footnotes":""},"categories":[38,167],"tags":[],"class_list":["post-32275","post","type-post","status-publish","format-standard","has-post-thumbnail","hentry","category-alagoinhas-e-regiao","category-exclusivas"],"aioseo_notices":[],"aioseo_head":"\n\t\t<!-- All in One SEO 4.9.10 - aioseo.com -->\n\t<meta name=\"description\" content=\"No Brasil, com esse sistema politico que promove elei\u00e7\u00f5es a cada 2 anos, se termina um pleito e j\u00e1 se pensa no outro. E em Alagoinhas, n\u00e3o \u00e9 diferente. Faltando pouco mais de 1 ano e 8 meses para a escolha do sucessor do prefeito Joaquim Neto, os partidos e lideran\u00e7as politicas come\u00e7am a se\" \/>\n\t<meta name=\"robots\" content=\"max-image-preview:large\" \/>\n\t<meta name=\"author\" content=\"administrador\"\/>\n\t<link rel=\"canonical\" href=\"https:\/\/newsinfoco.com.br\/inicio\/joseildo-ramos-radiovaldo-costa-e-thor-de-ninha-as-opcoes-do-pt-de-alagoinhas-para-2024\/\" \/>\n\t<meta name=\"generator\" content=\"All in One SEO (AIOSEO) 4.9.10\" \/>\n\t\t<meta property=\"og:locale\" content=\"pt_BR\" \/>\n\t\t<meta property=\"og:site_name\" content=\"News In Foco - Editado por Caio Pimenta - O principal site de noticias de Alagoinhas e regi\u00e3o\" \/>\n\t\t<meta property=\"og:type\" content=\"article\" \/>\n\t\t<meta property=\"og:title\" content=\"Joseildo Ramos, Radiovaldo Costa e Thor de Ninha: As op\u00e7\u00f5es do PT de Alagoinhas para 2024 - News In Foco - Editado por Caio Pimenta\" \/>\n\t\t<meta property=\"og:description\" content=\"No Brasil, com esse sistema politico que promove elei\u00e7\u00f5es a cada 2 anos, se termina um pleito e j\u00e1 se pensa no outro. E em Alagoinhas, n\u00e3o \u00e9 diferente. Faltando pouco mais de 1 ano e 8 meses para a escolha do sucessor do prefeito Joaquim Neto, os partidos e lideran\u00e7as politicas come\u00e7am a se\" \/>\n\t\t<meta property=\"og:url\" content=\"https:\/\/newsinfoco.com.br\/inicio\/joseildo-ramos-radiovaldo-costa-e-thor-de-ninha-as-opcoes-do-pt-de-alagoinhas-para-2024\/\" \/>\n\t\t<meta property=\"article:published_time\" content=\"2022-12-26T13:45:16+00:00\" \/>\n\t\t<meta property=\"article:modified_time\" content=\"2022-12-26T14:04:35+00:00\" \/>\n\t\t<meta name=\"twitter:card\" content=\"summary_large_image\" \/>\n\t\t<meta name=\"twitter:title\" content=\"Joseildo Ramos, Radiovaldo Costa e Thor de Ninha: As op\u00e7\u00f5es do PT de Alagoinhas para 2024 - News In Foco - Editado por Caio Pimenta\" \/>\n\t\t<meta name=\"twitter:description\" content=\"No Brasil, com esse sistema politico que promove elei\u00e7\u00f5es a cada 2 anos, se termina um pleito e j\u00e1 se pensa no outro. E em Alagoinhas, n\u00e3o \u00e9 diferente. Faltando pouco mais de 1 ano e 8 meses para a escolha do sucessor do prefeito Joaquim Neto, os partidos e lideran\u00e7as politicas come\u00e7am a se\" \/>\n\t\t<script type=\"application\/ld+json\" class=\"aioseo-schema\">\n\t\t\t{\"@context\":\"https:\\\/\\\/schema.org\",\"@graph\":[{\"@type\":\"BlogPosting\",\"@id\":\"https:\\\/\\\/newsinfoco.com.br\\\/inicio\\\/joseildo-ramos-radiovaldo-costa-e-thor-de-ninha-as-opcoes-do-pt-de-alagoinhas-para-2024\\\/#blogposting\",\"name\":\"Joseildo Ramos, Radiovaldo Costa e Thor de Ninha: As op\\u00e7\\u00f5es do PT de Alagoinhas para 2024 - News In Foco - Editado por Caio Pimenta\",\"headline\":\"Joseildo Ramos, Radiovaldo Costa e Thor de Ninha: As op\\u00e7\\u00f5es do PT de Alagoinhas para 2024\",\"author\":{\"@id\":\"https:\\\/\\\/newsinfoco.com.br\\\/inicio\\\/author\\\/administrador\\\/#author\"},\"publisher\":{\"@id\":\"https:\\\/\\\/newsinfoco.com.br\\\/inicio\\\/#organization\"},\"image\":{\"@type\":\"ImageObject\",\"url\":\"https:\\\/\\\/newsinfoco.com.br\\\/inicio\\\/wp-content\\\/uploads\\\/2022\\\/12\\\/pt-eleicoes.jpg\",\"width\":800,\"height\":600},\"datePublished\":\"2022-12-26T10:45:16-03:00\",\"dateModified\":\"2022-12-26T11:04:35-03:00\",\"inLanguage\":\"pt-BR\",\"mainEntityOfPage\":{\"@id\":\"https:\\\/\\\/newsinfoco.com.br\\\/inicio\\\/joseildo-ramos-radiovaldo-costa-e-thor-de-ninha-as-opcoes-do-pt-de-alagoinhas-para-2024\\\/#webpage\"},\"isPartOf\":{\"@id\":\"https:\\\/\\\/newsinfoco.com.br\\\/inicio\\\/joseildo-ramos-radiovaldo-costa-e-thor-de-ninha-as-opcoes-do-pt-de-alagoinhas-para-2024\\\/#webpage\"},\"articleSection\":\"Alagoinhas e Regi\\u00e3o, Manchete\"},{\"@type\":\"BreadcrumbList\",\"@id\":\"https:\\\/\\\/newsinfoco.com.br\\\/inicio\\\/joseildo-ramos-radiovaldo-costa-e-thor-de-ninha-as-opcoes-do-pt-de-alagoinhas-para-2024\\\/#breadcrumblist\",\"itemListElement\":[{\"@type\":\"ListItem\",\"@id\":\"https:\\\/\\\/newsinfoco.com.br\\\/inicio#listItem\",\"position\":1,\"name\":\"In\\u00edcio\",\"item\":\"https:\\\/\\\/newsinfoco.com.br\\\/inicio\",\"nextItem\":{\"@type\":\"ListItem\",\"@id\":\"https:\\\/\\\/newsinfoco.com.br\\\/inicio\\\/category\\\/alagoinhas-e-regiao\\\/#listItem\",\"name\":\"Alagoinhas e Regi\\u00e3o\"}},{\"@type\":\"ListItem\",\"@id\":\"https:\\\/\\\/newsinfoco.com.br\\\/inicio\\\/category\\\/alagoinhas-e-regiao\\\/#listItem\",\"position\":2,\"name\":\"Alagoinhas e Regi\\u00e3o\",\"item\":\"https:\\\/\\\/newsinfoco.com.br\\\/inicio\\\/category\\\/alagoinhas-e-regiao\\\/\",\"nextItem\":{\"@type\":\"ListItem\",\"@id\":\"https:\\\/\\\/newsinfoco.com.br\\\/inicio\\\/joseildo-ramos-radiovaldo-costa-e-thor-de-ninha-as-opcoes-do-pt-de-alagoinhas-para-2024\\\/#listItem\",\"name\":\"Joseildo Ramos, Radiovaldo Costa e Thor de Ninha: As op\\u00e7\\u00f5es do PT de Alagoinhas para 2024\"},\"previousItem\":{\"@type\":\"ListItem\",\"@id\":\"https:\\\/\\\/newsinfoco.com.br\\\/inicio#listItem\",\"name\":\"In\\u00edcio\"}},{\"@type\":\"ListItem\",\"@id\":\"https:\\\/\\\/newsinfoco.com.br\\\/inicio\\\/joseildo-ramos-radiovaldo-costa-e-thor-de-ninha-as-opcoes-do-pt-de-alagoinhas-para-2024\\\/#listItem\",\"position\":3,\"name\":\"Joseildo Ramos, Radiovaldo Costa e Thor de Ninha: As op\\u00e7\\u00f5es do PT de Alagoinhas para 2024\",\"previousItem\":{\"@type\":\"ListItem\",\"@id\":\"https:\\\/\\\/newsinfoco.com.br\\\/inicio\\\/category\\\/alagoinhas-e-regiao\\\/#listItem\",\"name\":\"Alagoinhas e Regi\\u00e3o\"}}]},{\"@type\":\"Organization\",\"@id\":\"https:\\\/\\\/newsinfoco.com.br\\\/inicio\\\/#organization\",\"name\":\"News In Foco - Editado por Caio Pimenta\",\"description\":\"O principal site de noticias de Alagoinhas e regi\\u00e3o\",\"url\":\"https:\\\/\\\/newsinfoco.com.br\\\/inicio\\\/\"},{\"@type\":\"Person\",\"@id\":\"https:\\\/\\\/newsinfoco.com.br\\\/inicio\\\/author\\\/administrador\\\/#author\",\"url\":\"https:\\\/\\\/newsinfoco.com.br\\\/inicio\\\/author\\\/administrador\\\/\",\"name\":\"administrador\",\"image\":{\"@type\":\"ImageObject\",\"@id\":\"https:\\\/\\\/newsinfoco.com.br\\\/inicio\\\/joseildo-ramos-radiovaldo-costa-e-thor-de-ninha-as-opcoes-do-pt-de-alagoinhas-para-2024\\\/#authorImage\",\"url\":\"https:\\\/\\\/secure.gravatar.com\\\/avatar\\\/c17a617433de8c1dc9584bb79aab7563b46f5bb7e1728c9b17d9cc3ce6a08e49?s=96&d=mm&r=g\",\"width\":96,\"height\":96,\"caption\":\"administrador\"}},{\"@type\":\"WebPage\",\"@id\":\"https:\\\/\\\/newsinfoco.com.br\\\/inicio\\\/joseildo-ramos-radiovaldo-costa-e-thor-de-ninha-as-opcoes-do-pt-de-alagoinhas-para-2024\\\/#webpage\",\"url\":\"https:\\\/\\\/newsinfoco.com.br\\\/inicio\\\/joseildo-ramos-radiovaldo-costa-e-thor-de-ninha-as-opcoes-do-pt-de-alagoinhas-para-2024\\\/\",\"name\":\"Joseildo Ramos, Radiovaldo Costa e Thor de Ninha: As op\\u00e7\\u00f5es do PT de Alagoinhas para 2024 - News In Foco - Editado por Caio Pimenta\",\"description\":\"No Brasil, com esse sistema politico que promove elei\\u00e7\\u00f5es a cada 2 anos, se termina um pleito e j\\u00e1 se pensa no outro. E em Alagoinhas, n\\u00e3o \\u00e9 diferente. Faltando pouco mais de 1 ano e 8 meses para a escolha do sucessor do prefeito Joaquim Neto, os partidos e lideran\\u00e7as politicas come\\u00e7am a se\",\"inLanguage\":\"pt-BR\",\"isPartOf\":{\"@id\":\"https:\\\/\\\/newsinfoco.com.br\\\/inicio\\\/#website\"},\"breadcrumb\":{\"@id\":\"https:\\\/\\\/newsinfoco.com.br\\\/inicio\\\/joseildo-ramos-radiovaldo-costa-e-thor-de-ninha-as-opcoes-do-pt-de-alagoinhas-para-2024\\\/#breadcrumblist\"},\"author\":{\"@id\":\"https:\\\/\\\/newsinfoco.com.br\\\/inicio\\\/author\\\/administrador\\\/#author\"},\"creator\":{\"@id\":\"https:\\\/\\\/newsinfoco.com.br\\\/inicio\\\/author\\\/administrador\\\/#author\"},\"image\":{\"@type\":\"ImageObject\",\"url\":\"https:\\\/\\\/newsinfoco.com.br\\\/inicio\\\/wp-content\\\/uploads\\\/2022\\\/12\\\/pt-eleicoes.jpg\",\"@id\":\"https:\\\/\\\/newsinfoco.com.br\\\/inicio\\\/joseildo-ramos-radiovaldo-costa-e-thor-de-ninha-as-opcoes-do-pt-de-alagoinhas-para-2024\\\/#mainImage\",\"width\":800,\"height\":600},\"primaryImageOfPage\":{\"@id\":\"https:\\\/\\\/newsinfoco.com.br\\\/inicio\\\/joseildo-ramos-radiovaldo-costa-e-thor-de-ninha-as-opcoes-do-pt-de-alagoinhas-para-2024\\\/#mainImage\"},\"datePublished\":\"2022-12-26T10:45:16-03:00\",\"dateModified\":\"2022-12-26T11:04:35-03:00\"},{\"@type\":\"WebSite\",\"@id\":\"https:\\\/\\\/newsinfoco.com.br\\\/inicio\\\/#website\",\"url\":\"https:\\\/\\\/newsinfoco.com.br\\\/inicio\\\/\",\"name\":\"News In Foco - Editado por Caio Pimenta\",\"description\":\"O principal site de noticias de Alagoinhas e regi\\u00e3o\",\"inLanguage\":\"pt-BR\",\"publisher\":{\"@id\":\"https:\\\/\\\/newsinfoco.com.br\\\/inicio\\\/#organization\"}}]}\n\t\t<\/script>\n\t\t<!-- All in One SEO -->\n\n","aioseo_head_json":{"title":"Joseildo Ramos, Radiovaldo Costa e Thor de Ninha: As op\u00e7\u00f5es do PT de Alagoinhas para 2024 - News In Foco - Editado por Caio Pimenta","description":"No Brasil, com esse sistema politico que promove elei\u00e7\u00f5es a cada 2 anos, se termina um pleito e j\u00e1 se pensa no outro. E em Alagoinhas, n\u00e3o \u00e9 diferente. Faltando pouco mais de 1 ano e 8 meses para a escolha do sucessor do prefeito Joaquim Neto, os partidos e lideran\u00e7as politicas come\u00e7am a se","canonical_url":"https:\/\/newsinfoco.com.br\/inicio\/joseildo-ramos-radiovaldo-costa-e-thor-de-ninha-as-opcoes-do-pt-de-alagoinhas-para-2024\/","robots":"max-image-preview:large","keywords":"","webmasterTools":{"miscellaneous":""},"schema":{"@context":"https:\/\/schema.org","@graph":[{"@type":"BlogPosting","@id":"https:\/\/newsinfoco.com.br\/inicio\/joseildo-ramos-radiovaldo-costa-e-thor-de-ninha-as-opcoes-do-pt-de-alagoinhas-para-2024\/#blogposting","name":"Joseildo Ramos, Radiovaldo Costa e Thor de Ninha: As op\u00e7\u00f5es do PT de Alagoinhas para 2024 - News In Foco - Editado por Caio Pimenta","headline":"Joseildo Ramos, Radiovaldo Costa e Thor de Ninha: As op\u00e7\u00f5es do PT de Alagoinhas para 2024","author":{"@id":"https:\/\/newsinfoco.com.br\/inicio\/author\/administrador\/#author"},"publisher":{"@id":"https:\/\/newsinfoco.com.br\/inicio\/#organization"},"image":{"@type":"ImageObject","url":"https:\/\/newsinfoco.com.br\/inicio\/wp-content\/uploads\/2022\/12\/pt-eleicoes.jpg","width":800,"height":600},"datePublished":"2022-12-26T10:45:16-03:00","dateModified":"2022-12-26T11:04:35-03:00","inLanguage":"pt-BR","mainEntityOfPage":{"@id":"https:\/\/newsinfoco.com.br\/inicio\/joseildo-ramos-radiovaldo-costa-e-thor-de-ninha-as-opcoes-do-pt-de-alagoinhas-para-2024\/#webpage"},"isPartOf":{"@id":"https:\/\/newsinfoco.com.br\/inicio\/joseildo-ramos-radiovaldo-costa-e-thor-de-ninha-as-opcoes-do-pt-de-alagoinhas-para-2024\/#webpage"},"articleSection":"Alagoinhas e Regi\u00e3o, Manchete"},{"@type":"BreadcrumbList","@id":"https:\/\/newsinfoco.com.br\/inicio\/joseildo-ramos-radiovaldo-costa-e-thor-de-ninha-as-opcoes-do-pt-de-alagoinhas-para-2024\/#breadcrumblist","itemListElement":[{"@type":"ListItem","@id":"https:\/\/newsinfoco.com.br\/inicio#listItem","position":1,"name":"In\u00edcio","item":"https:\/\/newsinfoco.com.br\/inicio","nextItem":{"@type":"ListItem","@id":"https:\/\/newsinfoco.com.br\/inicio\/category\/alagoinhas-e-regiao\/#listItem","name":"Alagoinhas e Regi\u00e3o"}},{"@type":"ListItem","@id":"https:\/\/newsinfoco.com.br\/inicio\/category\/alagoinhas-e-regiao\/#listItem","position":2,"name":"Alagoinhas e Regi\u00e3o","item":"https:\/\/newsinfoco.com.br\/inicio\/category\/alagoinhas-e-regiao\/","nextItem":{"@type":"ListItem","@id":"https:\/\/newsinfoco.com.br\/inicio\/joseildo-ramos-radiovaldo-costa-e-thor-de-ninha-as-opcoes-do-pt-de-alagoinhas-para-2024\/#listItem","name":"Joseildo Ramos, Radiovaldo Costa e Thor de Ninha: As op\u00e7\u00f5es do PT de Alagoinhas para 2024"},"previousItem":{"@type":"ListItem","@id":"https:\/\/newsinfoco.com.br\/inicio#listItem","name":"In\u00edcio"}},{"@type":"ListItem","@id":"https:\/\/newsinfoco.com.br\/inicio\/joseildo-ramos-radiovaldo-costa-e-thor-de-ninha-as-opcoes-do-pt-de-alagoinhas-para-2024\/#listItem","position":3,"name":"Joseildo Ramos, Radiovaldo Costa e Thor de Ninha: As op\u00e7\u00f5es do PT de Alagoinhas para 2024","previousItem":{"@type":"ListItem","@id":"https:\/\/newsinfoco.com.br\/inicio\/category\/alagoinhas-e-regiao\/#listItem","name":"Alagoinhas e Regi\u00e3o"}}]},{"@type":"Organization","@id":"https:\/\/newsinfoco.com.br\/inicio\/#organization","name":"News In Foco - Editado por Caio Pimenta","description":"O principal site de noticias de Alagoinhas e regi\u00e3o","url":"https:\/\/newsinfoco.com.br\/inicio\/"},{"@type":"Person","@id":"https:\/\/newsinfoco.com.br\/inicio\/author\/administrador\/#author","url":"https:\/\/newsinfoco.com.br\/inicio\/author\/administrador\/","name":"administrador","image":{"@type":"ImageObject","@id":"https:\/\/newsinfoco.com.br\/inicio\/joseildo-ramos-radiovaldo-costa-e-thor-de-ninha-as-opcoes-do-pt-de-alagoinhas-para-2024\/#authorImage","url":"https:\/\/secure.gravatar.com\/avatar\/c17a617433de8c1dc9584bb79aab7563b46f5bb7e1728c9b17d9cc3ce6a08e49?s=96&d=mm&r=g","width":96,"height":96,"caption":"administrador"}},{"@type":"WebPage","@id":"https:\/\/newsinfoco.com.br\/inicio\/joseildo-ramos-radiovaldo-costa-e-thor-de-ninha-as-opcoes-do-pt-de-alagoinhas-para-2024\/#webpage","url":"https:\/\/newsinfoco.com.br\/inicio\/joseildo-ramos-radiovaldo-costa-e-thor-de-ninha-as-opcoes-do-pt-de-alagoinhas-para-2024\/","name":"Joseildo Ramos, Radiovaldo Costa e Thor de Ninha: As op\u00e7\u00f5es do PT de Alagoinhas para 2024 - News In Foco - Editado por Caio Pimenta","description":"No Brasil, com esse sistema politico que promove elei\u00e7\u00f5es a cada 2 anos, se termina um pleito e j\u00e1 se pensa no outro. E em Alagoinhas, n\u00e3o \u00e9 diferente. Faltando pouco mais de 1 ano e 8 meses para a escolha do sucessor do prefeito Joaquim Neto, os partidos e lideran\u00e7as politicas come\u00e7am a se","inLanguage":"pt-BR","isPartOf":{"@id":"https:\/\/newsinfoco.com.br\/inicio\/#website"},"breadcrumb":{"@id":"https:\/\/newsinfoco.com.br\/inicio\/joseildo-ramos-radiovaldo-costa-e-thor-de-ninha-as-opcoes-do-pt-de-alagoinhas-para-2024\/#breadcrumblist"},"author":{"@id":"https:\/\/newsinfoco.com.br\/inicio\/author\/administrador\/#author"},"creator":{"@id":"https:\/\/newsinfoco.com.br\/inicio\/author\/administrador\/#author"},"image":{"@type":"ImageObject","url":"https:\/\/newsinfoco.com.br\/inicio\/wp-content\/uploads\/2022\/12\/pt-eleicoes.jpg","@id":"https:\/\/newsinfoco.com.br\/inicio\/joseildo-ramos-radiovaldo-costa-e-thor-de-ninha-as-opcoes-do-pt-de-alagoinhas-para-2024\/#mainImage","width":800,"height":600},"primaryImageOfPage":{"@id":"https:\/\/newsinfoco.com.br\/inicio\/joseildo-ramos-radiovaldo-costa-e-thor-de-ninha-as-opcoes-do-pt-de-alagoinhas-para-2024\/#mainImage"},"datePublished":"2022-12-26T10:45:16-03:00","dateModified":"2022-12-26T11:04:35-03:00"},{"@type":"WebSite","@id":"https:\/\/newsinfoco.com.br\/inicio\/#website","url":"https:\/\/newsinfoco.com.br\/inicio\/","name":"News In Foco - Editado por Caio Pimenta","description":"O principal site de noticias de Alagoinhas e regi\u00e3o","inLanguage":"pt-BR","publisher":{"@id":"https:\/\/newsinfoco.com.br\/inicio\/#organization"}}]},"og:locale":"pt_BR","og:site_name":"News In Foco - Editado por Caio Pimenta - O principal site de noticias de Alagoinhas e regi\u00e3o","og:type":"article","og:title":"Joseildo Ramos, Radiovaldo Costa e Thor de Ninha: As op\u00e7\u00f5es do PT de Alagoinhas para 2024 - News In Foco - Editado por Caio Pimenta","og:description":"No Brasil, com esse sistema politico que promove elei\u00e7\u00f5es a cada 2 anos, se termina um pleito e j\u00e1 se pensa no outro. E em Alagoinhas, n\u00e3o \u00e9 diferente. Faltando pouco mais de 1 ano e 8 meses para a escolha do sucessor do prefeito Joaquim Neto, os partidos e lideran\u00e7as politicas come\u00e7am a se","og:url":"https:\/\/newsinfoco.com.br\/inicio\/joseildo-ramos-radiovaldo-costa-e-thor-de-ninha-as-opcoes-do-pt-de-alagoinhas-para-2024\/","article:published_time":"2022-12-26T13:45:16+00:00","article:modified_time":"2022-12-26T14:04:35+00:00","twitter:card":"summary_large_image","twitter:title":"Joseildo Ramos, Radiovaldo Costa e Thor de Ninha: As op\u00e7\u00f5es do PT de Alagoinhas para 2024 - News In Foco - Editado por Caio Pimenta","twitter:description":"No Brasil, com esse sistema politico que promove elei\u00e7\u00f5es a cada 2 anos, se termina um pleito e j\u00e1 se pensa no outro. E em Alagoinhas, n\u00e3o \u00e9 diferente. Faltando pouco mais de 1 ano e 8 meses para a escolha do sucessor do prefeito Joaquim Neto, os partidos e lideran\u00e7as politicas come\u00e7am a se"},"aioseo_meta_data":{"post_id":"32275","title":null,"description":null,"keywords":null,"keyphrases":null,"primary_term":null,"canonical_url":null,"og_title":null,"og_description":null,"og_object_type":"default","og_image_type":"default","og_image_url":null,"og_image_width":null,"og_image_height":null,"og_image_custom_url":null,"og_image_custom_fields":null,"og_video":null,"og_custom_url":null,"og_article_section":null,"og_article_tags":null,"twitter_use_og":false,"twitter_card":"default","twitter_image_type":"default","twitter_image_url":null,"twitter_image_custom_url":null,"twitter_image_custom_fields":null,"twitter_title":null,"twitter_description":null,"schema":{"blockGraphs":[],"customGraphs":[],"default":{"data":{"Article":[],"Course":[],"Dataset":[],"FAQPage":[],"Movie":[],"Person":[],"Product":[],"ProductReview":[],"Car":[],"Recipe":[],"Service":[],"SoftwareApplication":[],"WebPage":[]},"graphName":"","isEnabled":true},"graphs":[]},"schema_type":"default","schema_type_options":null,"pillar_content":false,"robots_default":true,"robots_noindex":false,"robots_noarchive":false,"robots_nosnippet":false,"robots_nofollow":false,"robots_noimageindex":false,"robots_noodp":false,"robots_notranslate":false,"robots_max_snippet":null,"robots_max_videopreview":null,"robots_max_imagepreview":"large","priority":null,"frequency":null,"local_seo":null,"breadcrumb_settings":null,"limit_modified_date":false,"ai":null,"created":"2023-06-12 22:31:33","updated":"2025-07-11 08:48:44","seo_analyzer_scan_date":null},"aioseo_breadcrumb":"<div class=\"aioseo-breadcrumbs\"><span class=\"aioseo-breadcrumb\">\n\t\t\t<a href=\"https:\/\/newsinfoco.com.br\/inicio\" title=\"In\u00edcio\">In\u00edcio<\/a>\n\t\t<\/span><span class=\"aioseo-breadcrumb-separator\">&raquo;<\/span><span class=\"aioseo-breadcrumb\">\n\t\t\t<a href=\"https:\/\/newsinfoco.com.br\/inicio\/category\/alagoinhas-e-regiao\/\" title=\"Alagoinhas e Regi\u00e3o\">Alagoinhas e Regi\u00e3o<\/a>\n\t\t<\/span><span class=\"aioseo-breadcrumb-separator\">&raquo;<\/span><span class=\"aioseo-breadcrumb\">\n\t\t\tJoseildo Ramos, Radiovaldo Costa e Thor de Ninha: As op\u00e7\u00f5es do PT de Alagoinhas para 2024\n\t\t<\/span><\/div>","aioseo_breadcrumb_json":[{"label":"In\u00edcio","link":"https:\/\/newsinfoco.com.br\/inicio"},{"label":"Alagoinhas e Regi\u00e3o","link":"https:\/\/newsinfoco.com.br\/inicio\/category\/alagoinhas-e-regiao\/"},{"label":"Joseildo Ramos, Radiovaldo Costa e Thor de Ninha: As op\u00e7\u00f5es do PT de Alagoinhas para 2024","link":"https:\/\/newsinfoco.com.br\/inicio\/joseildo-ramos-radiovaldo-costa-e-thor-de-ninha-as-opcoes-do-pt-de-alagoinhas-para-2024\/"}],"_links":{"self":[{"href":"https:\/\/newsinfoco.com.br\/inicio\/wp-json\/wp\/v2\/posts\/32275","targetHints":{"allow":["GET"]}}],"collection":[{"href":"https:\/\/newsinfoco.com.br\/inicio\/wp-json\/wp\/v2\/posts"}],"about":[{"href":"https:\/\/newsinfoco.com.br\/inicio\/wp-json\/wp\/v2\/types\/post"}],"author":[{"embeddable":true,"href":"https:\/\/newsinfoco.com.br\/inicio\/wp-json\/wp\/v2\/users\/1"}],"replies":[{"embeddable":true,"href":"https:\/\/newsinfoco.com.br\/inicio\/wp-json\/wp\/v2\/comments?post=32275"}],"version-history":[{"count":2,"href":"https:\/\/newsinfoco.com.br\/inicio\/wp-json\/wp\/v2\/posts\/32275\/revisions"}],"predecessor-version":[{"id":32278,"href":"https:\/\/newsinfoco.com.br\/inicio\/wp-json\/wp\/v2\/posts\/32275\/revisions\/32278"}],"wp:featuredmedia":[{"embeddable":true,"href":"https:\/\/newsinfoco.com.br\/inicio\/wp-json\/wp\/v2\/media\/32276"}],"wp:attachment":[{"href":"https:\/\/newsinfoco.com.br\/inicio\/wp-json\/wp\/v2\/media?parent=32275"}],"wp:term":[{"taxonomy":"category","embeddable":true,"href":"https:\/\/newsinfoco.com.br\/inicio\/wp-json\/wp\/v2\/categories?post=32275"},{"taxonomy":"post_tag","embeddable":true,"href":"https:\/\/newsinfoco.com.br\/inicio\/wp-json\/wp\/v2\/tags?post=32275"}],"curies":[{"name":"wp","href":"https:\/\/api.w.org\/{rel}","templated":true}]}}