{"id":32374,"date":"2023-01-19T20:03:39","date_gmt":"2023-01-19T23:03:39","guid":{"rendered":"https:\/\/newsinfoco.com.br\/inicio\/?p=32374"},"modified":"2023-01-19T20:03:39","modified_gmt":"2023-01-19T23:03:39","slug":"fortalecimento-da-autoestima-e-cuidado-com-a-saude-mental-no-janeiro-branco-delas","status":"publish","type":"post","link":"https:\/\/newsinfoco.com.br\/inicio\/fortalecimento-da-autoestima-e-cuidado-com-a-saude-mental-no-janeiro-branco-delas\/","title":{"rendered":"Fortalecimento da autoestima e cuidado com a sa\u00fade mental no Janeiro Branco Delas"},"content":{"rendered":"<p>A Campanha Janeiro Branco visa conscientizar a sociedade sobre a import\u00e2ncia dos cuidados\u00a0<span lang=\"pt-PT\">com a sa\u00fade mental, a fim de prevenir transtornos mentais, como depress\u00e3o, ansiedade, p\u00e2nico, entre outras. Tendo em vista que as rela\u00e7\u00f5es abusivas tamb\u00e9m causam preju\u00edzos psicol\u00f3gicos em suas v\u00edtimas, a Secretaria Municipal de Assist\u00eancia Social (SEMAS) realizou,\u00a0<\/span>nesta quarta-feira (18), o Janeiro Branco Delas, que aconteceu no Centro de Refer\u00eancia de Atendimento \u00e0 Mulher (CRAM), localizado no Centro Integrado de Assist\u00eancia Social (CIAS), pr\u00f3ximo ao terminal coletivo, no Centro da cidade.<\/p>\n<p>\u201cAl\u00e9m de viol\u00eancia f\u00edsica, as mulheres que s\u00e3o atendida pelo CRAM s\u00e3o v\u00edtimas de abusos psicol\u00f3gicos diversos, desde intimida\u00e7\u00e3o, humilha\u00e7\u00f5es e difama\u00e7\u00f5es feitas por homens abusadores, em rela\u00e7\u00f5es t\u00f3xicas, assunto que vem sendo cada vez mais abordado na sociedade, j\u00e1 que uma de suas consequ\u00eancias mais tr\u00e1gicas \u00e9 o feminic\u00eddio\u201d, declarou o secret\u00e1rio de Assist\u00eancia Social Rui Costa Brito.<\/p>\n<p><a class=\"group1 cboxElement\" href=\"https:\/\/www.alagoinhas.ba.gov.br\/wp-content\/uploads\/2023\/01\/WhatsApp-Image-2023-01-18-at-14.37.09.jpeg\"><img loading=\"lazy\" decoding=\"async\" class=\"aligncenter size-large wp-image-62971\" src=\"https:\/\/www.alagoinhas.ba.gov.br\/wp-content\/uploads\/2023\/01\/WhatsApp-Image-2023-01-18-at-14.37.09-1024x768.jpeg\" sizes=\"auto, (max-width: 800px) 100vw, 800px\" srcset=\"https:\/\/www.alagoinhas.ba.gov.br\/wp-content\/uploads\/2023\/01\/WhatsApp-Image-2023-01-18-at-14.37.09-1024x768.jpeg 1024w, https:\/\/www.alagoinhas.ba.gov.br\/wp-content\/uploads\/2023\/01\/WhatsApp-Image-2023-01-18-at-14.37.09-300x225.jpeg 300w, https:\/\/www.alagoinhas.ba.gov.br\/wp-content\/uploads\/2023\/01\/WhatsApp-Image-2023-01-18-at-14.37.09-768x576.jpeg 768w, https:\/\/www.alagoinhas.ba.gov.br\/wp-content\/uploads\/2023\/01\/WhatsApp-Image-2023-01-18-at-14.37.09-93x70.jpeg 93w, https:\/\/www.alagoinhas.ba.gov.br\/wp-content\/uploads\/2023\/01\/WhatsApp-Image-2023-01-18-at-14.37.09.jpeg 1280w\" alt=\"\" width=\"800\" height=\"600\" \/><\/a><\/p>\n<p>Um abra\u00e7o, um afeto e muitas palavras. Em roda de conversa e prosa, as mulheres assistidas participaram, junto com a equipe t\u00e9cnica do CRAM e em parceira com a Secretaria Municipal de Sa\u00fade (SESAU), de um rico momento, conduzido pela psic\u00f3loga Nedja dos Santos, que atende no CAPS. A a\u00e7\u00e3o faz parte da agenda da Coordena\u00e7\u00e3o de Pol\u00edticas para Mulheres do Munic\u00edpio.<\/p>\n<p><a class=\"group1 cboxElement\" href=\"https:\/\/www.alagoinhas.ba.gov.br\/wp-content\/uploads\/2023\/01\/WhatsApp-Image-2023-01-18-at-14.37.141.jpeg\"><img loading=\"lazy\" decoding=\"async\" class=\"aligncenter size-large wp-image-62972\" src=\"https:\/\/www.alagoinhas.ba.gov.br\/wp-content\/uploads\/2023\/01\/WhatsApp-Image-2023-01-18-at-14.37.141-1024x768.jpeg\" sizes=\"auto, (max-width: 800px) 100vw, 800px\" srcset=\"https:\/\/www.alagoinhas.ba.gov.br\/wp-content\/uploads\/2023\/01\/WhatsApp-Image-2023-01-18-at-14.37.141-1024x768.jpeg 1024w, https:\/\/www.alagoinhas.ba.gov.br\/wp-content\/uploads\/2023\/01\/WhatsApp-Image-2023-01-18-at-14.37.141-300x225.jpeg 300w, https:\/\/www.alagoinhas.ba.gov.br\/wp-content\/uploads\/2023\/01\/WhatsApp-Image-2023-01-18-at-14.37.141-768x576.jpeg 768w, https:\/\/www.alagoinhas.ba.gov.br\/wp-content\/uploads\/2023\/01\/WhatsApp-Image-2023-01-18-at-14.37.141-93x70.jpeg 93w, https:\/\/www.alagoinhas.ba.gov.br\/wp-content\/uploads\/2023\/01\/WhatsApp-Image-2023-01-18-at-14.37.141.jpeg 1280w\" alt=\"\" width=\"800\" height=\"600\" \/><\/a><\/p>\n<p>\u201cDialogamos sobre as quest\u00f5es sociais que afetam diretamente a sa\u00fade ps\u00edquica das mulheres nesta sociedade que, por vezes, \u00e9 mis\u00f3gina, machista e patriarcal. Entretanto, as mulheres que participaram do encontro deram as m\u00e3os, buscando estrat\u00e9gias, junto \u00e0 rede de Prote\u00e7\u00e3o \u00e0 Mulher, para construir pontes para a emancipa\u00e7\u00e3o feminina\u201d, declarou a psic\u00f3loga Nedja, ressaltando a necessidade de integrar as \u00e1reas e abranger ainda mais a\u00e7\u00f5es.<\/p>\n<p>\u201cFizemos uma parceria com a coordena\u00e7\u00e3o de Sa\u00fade Mental do Munic\u00edpio e estendemos as atividades para outras mulheres\u201d, informou a coordenadora do CRAM Naiane Cardoso. \u201cA gente percebe que muitas das nossas assistidas trazem demandas e tem uma certa resist\u00eancia tamb\u00e9m de procurar ajuda, por isso que a gente pediu tamb\u00e9m um suporte da assist\u00eancia da Sa\u00fade para desmistificar algumas coisas e proporcionar esse momento, com sorteios, din\u00e2micas, refor\u00e7ando a a autoestima e trabalhando essas quest\u00f5es durante a palestra sobre o cuidando com a sa\u00fade mental\u201d, complementou.<\/p>\n<p>O fluxo de atendimento para as mulheres que demandem ajuda psiqui\u00e1trica e psicol\u00f3gica tamb\u00e9m foi apresentado durante a tarde, em que a t\u00f4nica foi o fortalecimento da autoestima das mulheres, finalizando em ritmo de alegria com a m\u00edstica da dan\u00e7a e da zumba.<\/p>\n<p>SERVI\u00c7O<\/p>\n<p>Caps III, fone: (75) 3422-4019<\/p>\n<p>Loteamento Parque Floresta, S\/N \u2013 Centro<\/p>\n<p>Atendimento gratuito, com servi\u00e7os de Enfermagem, Atendimento em Grupo, Atendimento Psiqui\u00e1trico, Atendimento Psicol\u00f3gico, Atendimento Terapia Ocupacional, Oficina Terap\u00eautica e Grupo de fam\u00edlia.<\/p>\n<p>&nbsp;<\/p>\n<div class='share-to-whatsapp-wrapper'><div class='share-on-whsp'>Share on: <\/div><a data-text='Fortalecimento da autoestima e cuidado com a sa\u00fade mental no Janeiro Branco Delas' data-link='https:\/\/newsinfoco.com.br\/inicio\/fortalecimento-da-autoestima-e-cuidado-com-a-saude-mental-no-janeiro-branco-delas\/' class='whatsapp-button whatsapp-share'>WhatsApp<\/a><div class='clear '><\/div><\/div>","protected":false},"excerpt":{"rendered":"<p>A Campanha Janeiro Branco visa conscientizar a sociedade sobre a import\u00e2ncia dos cuidados\u00a0com a sa\u00fade mental, a fim de prevenir transtornos mentais, como depress\u00e3o, ansiedade, p\u00e2nico, entre outras. Tendo em vista que as rela\u00e7\u00f5es abusivas tamb\u00e9m causam preju\u00edzos psicol\u00f3gicos em suas v\u00edtimas, a Secretaria Municipal de Assist\u00eancia Social (SEMAS) realizou,\u00a0nesta quarta-feira (18), o Janeiro Branco [&hellip;]<\/p>\n","protected":false},"author":1,"featured_media":32375,"comment_status":"closed","ping_status":"closed","sticky":false,"template":"","format":"standard","meta":{"om_disable_all_campaigns":false,"rop_custom_images_group":[],"rop_custom_messages_group":[],"rop_publish_now":"initial","rop_publish_now_accounts":[],"rop_publish_now_history":[],"rop_publish_now_status":"pending","_exactmetrics_skip_tracking":false,"footnotes":""},"categories":[38,167],"tags":[],"class_list":["post-32374","post","type-post","status-publish","format-standard","has-post-thumbnail","hentry","category-alagoinhas-e-regiao","category-exclusivas"],"aioseo_notices":[],"aioseo_head":"\n\t\t<!-- All in One SEO 4.9.10 - aioseo.com -->\n\t<meta name=\"description\" content=\"A Campanha Janeiro Branco visa conscientizar a sociedade sobre a import\u00e2ncia dos cuidados com a sa\u00fade mental, a fim de prevenir transtornos mentais, como depress\u00e3o, ansiedade, p\u00e2nico, entre outras. Tendo em vista que as rela\u00e7\u00f5es abusivas tamb\u00e9m causam preju\u00edzos psicol\u00f3gicos em suas v\u00edtimas, a Secretaria Municipal de Assist\u00eancia Social (SEMAS) realizou, nesta quarta-feira (18), o Janeiro Branco\" \/>\n\t<meta name=\"robots\" content=\"max-image-preview:large\" \/>\n\t<meta name=\"author\" content=\"administrador\"\/>\n\t<link rel=\"canonical\" href=\"https:\/\/newsinfoco.com.br\/inicio\/fortalecimento-da-autoestima-e-cuidado-com-a-saude-mental-no-janeiro-branco-delas\/\" \/>\n\t<meta name=\"generator\" content=\"All in One SEO (AIOSEO) 4.9.10\" \/>\n\t\t<meta property=\"og:locale\" content=\"pt_BR\" \/>\n\t\t<meta property=\"og:site_name\" content=\"News In Foco - Editado por Caio Pimenta - O principal site de noticias de Alagoinhas e regi\u00e3o\" \/>\n\t\t<meta property=\"og:type\" content=\"article\" \/>\n\t\t<meta property=\"og:title\" content=\"Fortalecimento da autoestima e cuidado com a sa\u00fade mental no Janeiro Branco Delas - News In Foco - Editado por Caio Pimenta\" \/>\n\t\t<meta property=\"og:description\" content=\"A Campanha Janeiro Branco visa conscientizar a sociedade sobre a import\u00e2ncia dos cuidados com a sa\u00fade mental, a fim de prevenir transtornos mentais, como depress\u00e3o, ansiedade, p\u00e2nico, entre outras. Tendo em vista que as rela\u00e7\u00f5es abusivas tamb\u00e9m causam preju\u00edzos psicol\u00f3gicos em suas v\u00edtimas, a Secretaria Municipal de Assist\u00eancia Social (SEMAS) realizou, nesta quarta-feira (18), o Janeiro Branco\" \/>\n\t\t<meta property=\"og:url\" content=\"https:\/\/newsinfoco.com.br\/inicio\/fortalecimento-da-autoestima-e-cuidado-com-a-saude-mental-no-janeiro-branco-delas\/\" \/>\n\t\t<meta property=\"article:published_time\" content=\"2023-01-19T23:03:39+00:00\" \/>\n\t\t<meta property=\"article:modified_time\" content=\"2023-01-19T23:03:39+00:00\" \/>\n\t\t<meta name=\"twitter:card\" content=\"summary_large_image\" \/>\n\t\t<meta name=\"twitter:title\" content=\"Fortalecimento da autoestima e cuidado com a sa\u00fade mental no Janeiro Branco Delas - News In Foco - Editado por Caio Pimenta\" \/>\n\t\t<meta name=\"twitter:description\" content=\"A Campanha Janeiro Branco visa conscientizar a sociedade sobre a import\u00e2ncia dos cuidados com a sa\u00fade mental, a fim de prevenir transtornos mentais, como depress\u00e3o, ansiedade, p\u00e2nico, entre outras. Tendo em vista que as rela\u00e7\u00f5es abusivas tamb\u00e9m causam preju\u00edzos psicol\u00f3gicos em suas v\u00edtimas, a Secretaria Municipal de Assist\u00eancia Social (SEMAS) realizou, nesta quarta-feira (18), o Janeiro Branco\" \/>\n\t\t<script type=\"application\/ld+json\" class=\"aioseo-schema\">\n\t\t\t{\"@context\":\"https:\\\/\\\/schema.org\",\"@graph\":[{\"@type\":\"BlogPosting\",\"@id\":\"https:\\\/\\\/newsinfoco.com.br\\\/inicio\\\/fortalecimento-da-autoestima-e-cuidado-com-a-saude-mental-no-janeiro-branco-delas\\\/#blogposting\",\"name\":\"Fortalecimento da autoestima e cuidado com a sa\\u00fade mental no Janeiro Branco Delas - News In Foco - Editado por Caio Pimenta\",\"headline\":\"Fortalecimento da autoestima e cuidado com a sa\\u00fade mental no Janeiro Branco Delas\",\"author\":{\"@id\":\"https:\\\/\\\/newsinfoco.com.br\\\/inicio\\\/author\\\/administrador\\\/#author\"},\"publisher\":{\"@id\":\"https:\\\/\\\/newsinfoco.com.br\\\/inicio\\\/#organization\"},\"image\":{\"@type\":\"ImageObject\",\"url\":\"https:\\\/\\\/newsinfoco.com.br\\\/inicio\\\/wp-content\\\/uploads\\\/2023\\\/01\\\/WhatsApp-Image-2023-01-18-at-14.37.14-768x576-1.jpeg\",\"width\":768,\"height\":576},\"datePublished\":\"2023-01-19T20:03:39-03:00\",\"dateModified\":\"2023-01-19T20:03:39-03:00\",\"inLanguage\":\"pt-BR\",\"mainEntityOfPage\":{\"@id\":\"https:\\\/\\\/newsinfoco.com.br\\\/inicio\\\/fortalecimento-da-autoestima-e-cuidado-com-a-saude-mental-no-janeiro-branco-delas\\\/#webpage\"},\"isPartOf\":{\"@id\":\"https:\\\/\\\/newsinfoco.com.br\\\/inicio\\\/fortalecimento-da-autoestima-e-cuidado-com-a-saude-mental-no-janeiro-branco-delas\\\/#webpage\"},\"articleSection\":\"Alagoinhas e Regi\\u00e3o, Manchete\"},{\"@type\":\"BreadcrumbList\",\"@id\":\"https:\\\/\\\/newsinfoco.com.br\\\/inicio\\\/fortalecimento-da-autoestima-e-cuidado-com-a-saude-mental-no-janeiro-branco-delas\\\/#breadcrumblist\",\"itemListElement\":[{\"@type\":\"ListItem\",\"@id\":\"https:\\\/\\\/newsinfoco.com.br\\\/inicio#listItem\",\"position\":1,\"name\":\"In\\u00edcio\",\"item\":\"https:\\\/\\\/newsinfoco.com.br\\\/inicio\",\"nextItem\":{\"@type\":\"ListItem\",\"@id\":\"https:\\\/\\\/newsinfoco.com.br\\\/inicio\\\/category\\\/alagoinhas-e-regiao\\\/#listItem\",\"name\":\"Alagoinhas e Regi\\u00e3o\"}},{\"@type\":\"ListItem\",\"@id\":\"https:\\\/\\\/newsinfoco.com.br\\\/inicio\\\/category\\\/alagoinhas-e-regiao\\\/#listItem\",\"position\":2,\"name\":\"Alagoinhas e Regi\\u00e3o\",\"item\":\"https:\\\/\\\/newsinfoco.com.br\\\/inicio\\\/category\\\/alagoinhas-e-regiao\\\/\",\"nextItem\":{\"@type\":\"ListItem\",\"@id\":\"https:\\\/\\\/newsinfoco.com.br\\\/inicio\\\/fortalecimento-da-autoestima-e-cuidado-com-a-saude-mental-no-janeiro-branco-delas\\\/#listItem\",\"name\":\"Fortalecimento da autoestima e cuidado com a sa\\u00fade mental no Janeiro Branco Delas\"},\"previousItem\":{\"@type\":\"ListItem\",\"@id\":\"https:\\\/\\\/newsinfoco.com.br\\\/inicio#listItem\",\"name\":\"In\\u00edcio\"}},{\"@type\":\"ListItem\",\"@id\":\"https:\\\/\\\/newsinfoco.com.br\\\/inicio\\\/fortalecimento-da-autoestima-e-cuidado-com-a-saude-mental-no-janeiro-branco-delas\\\/#listItem\",\"position\":3,\"name\":\"Fortalecimento da autoestima e cuidado com a sa\\u00fade mental no Janeiro Branco Delas\",\"previousItem\":{\"@type\":\"ListItem\",\"@id\":\"https:\\\/\\\/newsinfoco.com.br\\\/inicio\\\/category\\\/alagoinhas-e-regiao\\\/#listItem\",\"name\":\"Alagoinhas e Regi\\u00e3o\"}}]},{\"@type\":\"Organization\",\"@id\":\"https:\\\/\\\/newsinfoco.com.br\\\/inicio\\\/#organization\",\"name\":\"News In Foco - Editado por Caio Pimenta\",\"description\":\"O principal site de noticias de Alagoinhas e regi\\u00e3o\",\"url\":\"https:\\\/\\\/newsinfoco.com.br\\\/inicio\\\/\"},{\"@type\":\"Person\",\"@id\":\"https:\\\/\\\/newsinfoco.com.br\\\/inicio\\\/author\\\/administrador\\\/#author\",\"url\":\"https:\\\/\\\/newsinfoco.com.br\\\/inicio\\\/author\\\/administrador\\\/\",\"name\":\"administrador\",\"image\":{\"@type\":\"ImageObject\",\"@id\":\"https:\\\/\\\/newsinfoco.com.br\\\/inicio\\\/fortalecimento-da-autoestima-e-cuidado-com-a-saude-mental-no-janeiro-branco-delas\\\/#authorImage\",\"url\":\"https:\\\/\\\/secure.gravatar.com\\\/avatar\\\/c17a617433de8c1dc9584bb79aab7563b46f5bb7e1728c9b17d9cc3ce6a08e49?s=96&d=mm&r=g\",\"width\":96,\"height\":96,\"caption\":\"administrador\"}},{\"@type\":\"WebPage\",\"@id\":\"https:\\\/\\\/newsinfoco.com.br\\\/inicio\\\/fortalecimento-da-autoestima-e-cuidado-com-a-saude-mental-no-janeiro-branco-delas\\\/#webpage\",\"url\":\"https:\\\/\\\/newsinfoco.com.br\\\/inicio\\\/fortalecimento-da-autoestima-e-cuidado-com-a-saude-mental-no-janeiro-branco-delas\\\/\",\"name\":\"Fortalecimento da autoestima e cuidado com a sa\\u00fade mental no Janeiro Branco Delas - News In Foco - Editado por Caio Pimenta\",\"description\":\"A Campanha Janeiro Branco visa conscientizar a sociedade sobre a import\\u00e2ncia dos cuidados com a sa\\u00fade mental, a fim de prevenir transtornos mentais, como depress\\u00e3o, ansiedade, p\\u00e2nico, entre outras. Tendo em vista que as rela\\u00e7\\u00f5es abusivas tamb\\u00e9m causam preju\\u00edzos psicol\\u00f3gicos em suas v\\u00edtimas, a Secretaria Municipal de Assist\\u00eancia Social (SEMAS) realizou, nesta quarta-feira (18), o Janeiro Branco\",\"inLanguage\":\"pt-BR\",\"isPartOf\":{\"@id\":\"https:\\\/\\\/newsinfoco.com.br\\\/inicio\\\/#website\"},\"breadcrumb\":{\"@id\":\"https:\\\/\\\/newsinfoco.com.br\\\/inicio\\\/fortalecimento-da-autoestima-e-cuidado-com-a-saude-mental-no-janeiro-branco-delas\\\/#breadcrumblist\"},\"author\":{\"@id\":\"https:\\\/\\\/newsinfoco.com.br\\\/inicio\\\/author\\\/administrador\\\/#author\"},\"creator\":{\"@id\":\"https:\\\/\\\/newsinfoco.com.br\\\/inicio\\\/author\\\/administrador\\\/#author\"},\"image\":{\"@type\":\"ImageObject\",\"url\":\"https:\\\/\\\/newsinfoco.com.br\\\/inicio\\\/wp-content\\\/uploads\\\/2023\\\/01\\\/WhatsApp-Image-2023-01-18-at-14.37.14-768x576-1.jpeg\",\"@id\":\"https:\\\/\\\/newsinfoco.com.br\\\/inicio\\\/fortalecimento-da-autoestima-e-cuidado-com-a-saude-mental-no-janeiro-branco-delas\\\/#mainImage\",\"width\":768,\"height\":576},\"primaryImageOfPage\":{\"@id\":\"https:\\\/\\\/newsinfoco.com.br\\\/inicio\\\/fortalecimento-da-autoestima-e-cuidado-com-a-saude-mental-no-janeiro-branco-delas\\\/#mainImage\"},\"datePublished\":\"2023-01-19T20:03:39-03:00\",\"dateModified\":\"2023-01-19T20:03:39-03:00\"},{\"@type\":\"WebSite\",\"@id\":\"https:\\\/\\\/newsinfoco.com.br\\\/inicio\\\/#website\",\"url\":\"https:\\\/\\\/newsinfoco.com.br\\\/inicio\\\/\",\"name\":\"News In Foco - Editado por Caio Pimenta\",\"description\":\"O principal site de noticias de Alagoinhas e regi\\u00e3o\",\"inLanguage\":\"pt-BR\",\"publisher\":{\"@id\":\"https:\\\/\\\/newsinfoco.com.br\\\/inicio\\\/#organization\"}}]}\n\t\t<\/script>\n\t\t<!-- All in One SEO -->\n\n","aioseo_head_json":{"title":"Fortalecimento da autoestima e cuidado com a sa\u00fade mental no Janeiro Branco Delas - News In Foco - Editado por Caio Pimenta","description":"A Campanha Janeiro Branco visa conscientizar a sociedade sobre a import\u00e2ncia dos cuidados com a sa\u00fade mental, a fim de prevenir transtornos mentais, como depress\u00e3o, ansiedade, p\u00e2nico, entre outras. Tendo em vista que as rela\u00e7\u00f5es abusivas tamb\u00e9m causam preju\u00edzos psicol\u00f3gicos em suas v\u00edtimas, a Secretaria Municipal de Assist\u00eancia Social (SEMAS) realizou, nesta quarta-feira (18), o Janeiro Branco","canonical_url":"https:\/\/newsinfoco.com.br\/inicio\/fortalecimento-da-autoestima-e-cuidado-com-a-saude-mental-no-janeiro-branco-delas\/","robots":"max-image-preview:large","keywords":"","webmasterTools":{"miscellaneous":""},"schema":{"@context":"https:\/\/schema.org","@graph":[{"@type":"BlogPosting","@id":"https:\/\/newsinfoco.com.br\/inicio\/fortalecimento-da-autoestima-e-cuidado-com-a-saude-mental-no-janeiro-branco-delas\/#blogposting","name":"Fortalecimento da autoestima e cuidado com a sa\u00fade mental no Janeiro Branco Delas - News In Foco - Editado por Caio Pimenta","headline":"Fortalecimento da autoestima e cuidado com a sa\u00fade mental no Janeiro Branco Delas","author":{"@id":"https:\/\/newsinfoco.com.br\/inicio\/author\/administrador\/#author"},"publisher":{"@id":"https:\/\/newsinfoco.com.br\/inicio\/#organization"},"image":{"@type":"ImageObject","url":"https:\/\/newsinfoco.com.br\/inicio\/wp-content\/uploads\/2023\/01\/WhatsApp-Image-2023-01-18-at-14.37.14-768x576-1.jpeg","width":768,"height":576},"datePublished":"2023-01-19T20:03:39-03:00","dateModified":"2023-01-19T20:03:39-03:00","inLanguage":"pt-BR","mainEntityOfPage":{"@id":"https:\/\/newsinfoco.com.br\/inicio\/fortalecimento-da-autoestima-e-cuidado-com-a-saude-mental-no-janeiro-branco-delas\/#webpage"},"isPartOf":{"@id":"https:\/\/newsinfoco.com.br\/inicio\/fortalecimento-da-autoestima-e-cuidado-com-a-saude-mental-no-janeiro-branco-delas\/#webpage"},"articleSection":"Alagoinhas e Regi\u00e3o, Manchete"},{"@type":"BreadcrumbList","@id":"https:\/\/newsinfoco.com.br\/inicio\/fortalecimento-da-autoestima-e-cuidado-com-a-saude-mental-no-janeiro-branco-delas\/#breadcrumblist","itemListElement":[{"@type":"ListItem","@id":"https:\/\/newsinfoco.com.br\/inicio#listItem","position":1,"name":"In\u00edcio","item":"https:\/\/newsinfoco.com.br\/inicio","nextItem":{"@type":"ListItem","@id":"https:\/\/newsinfoco.com.br\/inicio\/category\/alagoinhas-e-regiao\/#listItem","name":"Alagoinhas e Regi\u00e3o"}},{"@type":"ListItem","@id":"https:\/\/newsinfoco.com.br\/inicio\/category\/alagoinhas-e-regiao\/#listItem","position":2,"name":"Alagoinhas e Regi\u00e3o","item":"https:\/\/newsinfoco.com.br\/inicio\/category\/alagoinhas-e-regiao\/","nextItem":{"@type":"ListItem","@id":"https:\/\/newsinfoco.com.br\/inicio\/fortalecimento-da-autoestima-e-cuidado-com-a-saude-mental-no-janeiro-branco-delas\/#listItem","name":"Fortalecimento da autoestima e cuidado com a sa\u00fade mental no Janeiro Branco Delas"},"previousItem":{"@type":"ListItem","@id":"https:\/\/newsinfoco.com.br\/inicio#listItem","name":"In\u00edcio"}},{"@type":"ListItem","@id":"https:\/\/newsinfoco.com.br\/inicio\/fortalecimento-da-autoestima-e-cuidado-com-a-saude-mental-no-janeiro-branco-delas\/#listItem","position":3,"name":"Fortalecimento da autoestima e cuidado com a sa\u00fade mental no Janeiro Branco Delas","previousItem":{"@type":"ListItem","@id":"https:\/\/newsinfoco.com.br\/inicio\/category\/alagoinhas-e-regiao\/#listItem","name":"Alagoinhas e Regi\u00e3o"}}]},{"@type":"Organization","@id":"https:\/\/newsinfoco.com.br\/inicio\/#organization","name":"News In Foco - Editado por Caio Pimenta","description":"O principal site de noticias de Alagoinhas e regi\u00e3o","url":"https:\/\/newsinfoco.com.br\/inicio\/"},{"@type":"Person","@id":"https:\/\/newsinfoco.com.br\/inicio\/author\/administrador\/#author","url":"https:\/\/newsinfoco.com.br\/inicio\/author\/administrador\/","name":"administrador","image":{"@type":"ImageObject","@id":"https:\/\/newsinfoco.com.br\/inicio\/fortalecimento-da-autoestima-e-cuidado-com-a-saude-mental-no-janeiro-branco-delas\/#authorImage","url":"https:\/\/secure.gravatar.com\/avatar\/c17a617433de8c1dc9584bb79aab7563b46f5bb7e1728c9b17d9cc3ce6a08e49?s=96&d=mm&r=g","width":96,"height":96,"caption":"administrador"}},{"@type":"WebPage","@id":"https:\/\/newsinfoco.com.br\/inicio\/fortalecimento-da-autoestima-e-cuidado-com-a-saude-mental-no-janeiro-branco-delas\/#webpage","url":"https:\/\/newsinfoco.com.br\/inicio\/fortalecimento-da-autoestima-e-cuidado-com-a-saude-mental-no-janeiro-branco-delas\/","name":"Fortalecimento da autoestima e cuidado com a sa\u00fade mental no Janeiro Branco Delas - News In Foco - Editado por Caio Pimenta","description":"A Campanha Janeiro Branco visa conscientizar a sociedade sobre a import\u00e2ncia dos cuidados com a sa\u00fade mental, a fim de prevenir transtornos mentais, como depress\u00e3o, ansiedade, p\u00e2nico, entre outras. Tendo em vista que as rela\u00e7\u00f5es abusivas tamb\u00e9m causam preju\u00edzos psicol\u00f3gicos em suas v\u00edtimas, a Secretaria Municipal de Assist\u00eancia Social (SEMAS) realizou, nesta quarta-feira (18), o Janeiro Branco","inLanguage":"pt-BR","isPartOf":{"@id":"https:\/\/newsinfoco.com.br\/inicio\/#website"},"breadcrumb":{"@id":"https:\/\/newsinfoco.com.br\/inicio\/fortalecimento-da-autoestima-e-cuidado-com-a-saude-mental-no-janeiro-branco-delas\/#breadcrumblist"},"author":{"@id":"https:\/\/newsinfoco.com.br\/inicio\/author\/administrador\/#author"},"creator":{"@id":"https:\/\/newsinfoco.com.br\/inicio\/author\/administrador\/#author"},"image":{"@type":"ImageObject","url":"https:\/\/newsinfoco.com.br\/inicio\/wp-content\/uploads\/2023\/01\/WhatsApp-Image-2023-01-18-at-14.37.14-768x576-1.jpeg","@id":"https:\/\/newsinfoco.com.br\/inicio\/fortalecimento-da-autoestima-e-cuidado-com-a-saude-mental-no-janeiro-branco-delas\/#mainImage","width":768,"height":576},"primaryImageOfPage":{"@id":"https:\/\/newsinfoco.com.br\/inicio\/fortalecimento-da-autoestima-e-cuidado-com-a-saude-mental-no-janeiro-branco-delas\/#mainImage"},"datePublished":"2023-01-19T20:03:39-03:00","dateModified":"2023-01-19T20:03:39-03:00"},{"@type":"WebSite","@id":"https:\/\/newsinfoco.com.br\/inicio\/#website","url":"https:\/\/newsinfoco.com.br\/inicio\/","name":"News In Foco - Editado por Caio Pimenta","description":"O principal site de noticias de Alagoinhas e regi\u00e3o","inLanguage":"pt-BR","publisher":{"@id":"https:\/\/newsinfoco.com.br\/inicio\/#organization"}}]},"og:locale":"pt_BR","og:site_name":"News In Foco - Editado por Caio Pimenta - O principal site de noticias de Alagoinhas e regi\u00e3o","og:type":"article","og:title":"Fortalecimento da autoestima e cuidado com a sa\u00fade mental no Janeiro Branco Delas - News In Foco - Editado por Caio Pimenta","og:description":"A Campanha Janeiro Branco visa conscientizar a sociedade sobre a import\u00e2ncia dos cuidados com a sa\u00fade mental, a fim de prevenir transtornos mentais, como depress\u00e3o, ansiedade, p\u00e2nico, entre outras. Tendo em vista que as rela\u00e7\u00f5es abusivas tamb\u00e9m causam preju\u00edzos psicol\u00f3gicos em suas v\u00edtimas, a Secretaria Municipal de Assist\u00eancia Social (SEMAS) realizou, nesta quarta-feira (18), o Janeiro Branco","og:url":"https:\/\/newsinfoco.com.br\/inicio\/fortalecimento-da-autoestima-e-cuidado-com-a-saude-mental-no-janeiro-branco-delas\/","article:published_time":"2023-01-19T23:03:39+00:00","article:modified_time":"2023-01-19T23:03:39+00:00","twitter:card":"summary_large_image","twitter:title":"Fortalecimento da autoestima e cuidado com a sa\u00fade mental no Janeiro Branco Delas - News In Foco - Editado por Caio Pimenta","twitter:description":"A Campanha Janeiro Branco visa conscientizar a sociedade sobre a import\u00e2ncia dos cuidados com a sa\u00fade mental, a fim de prevenir transtornos mentais, como depress\u00e3o, ansiedade, p\u00e2nico, entre outras. Tendo em vista que as rela\u00e7\u00f5es abusivas tamb\u00e9m causam preju\u00edzos psicol\u00f3gicos em suas v\u00edtimas, a Secretaria Municipal de Assist\u00eancia Social (SEMAS) realizou, nesta quarta-feira (18), o Janeiro Branco"},"aioseo_meta_data":{"post_id":"32374","title":null,"description":null,"keywords":null,"keyphrases":null,"primary_term":null,"canonical_url":null,"og_title":null,"og_description":null,"og_object_type":"default","og_image_type":"default","og_image_url":null,"og_image_width":null,"og_image_height":null,"og_image_custom_url":null,"og_image_custom_fields":null,"og_video":null,"og_custom_url":null,"og_article_section":null,"og_article_tags":null,"twitter_use_og":false,"twitter_card":"default","twitter_image_type":"default","twitter_image_url":null,"twitter_image_custom_url":null,"twitter_image_custom_fields":null,"twitter_title":null,"twitter_description":null,"schema":{"blockGraphs":[],"customGraphs":[],"default":{"data":{"Article":[],"Course":[],"Dataset":[],"FAQPage":[],"Movie":[],"Person":[],"Product":[],"ProductReview":[],"Car":[],"Recipe":[],"Service":[],"SoftwareApplication":[],"WebPage":[]},"graphName":"","isEnabled":true},"graphs":[]},"schema_type":"default","schema_type_options":null,"pillar_content":false,"robots_default":true,"robots_noindex":false,"robots_noarchive":false,"robots_nosnippet":false,"robots_nofollow":false,"robots_noimageindex":false,"robots_noodp":false,"robots_notranslate":false,"robots_max_snippet":null,"robots_max_videopreview":null,"robots_max_imagepreview":"large","priority":null,"frequency":null,"local_seo":null,"breadcrumb_settings":null,"limit_modified_date":false,"ai":null,"created":"2023-06-12 22:34:48","updated":"2025-07-11 08:52:08","seo_analyzer_scan_date":null},"aioseo_breadcrumb":"<div class=\"aioseo-breadcrumbs\"><span class=\"aioseo-breadcrumb\">\n\t\t\t<a href=\"https:\/\/newsinfoco.com.br\/inicio\" title=\"In\u00edcio\">In\u00edcio<\/a>\n\t\t<\/span><span class=\"aioseo-breadcrumb-separator\">&raquo;<\/span><span class=\"aioseo-breadcrumb\">\n\t\t\t<a href=\"https:\/\/newsinfoco.com.br\/inicio\/category\/alagoinhas-e-regiao\/\" title=\"Alagoinhas e Regi\u00e3o\">Alagoinhas e Regi\u00e3o<\/a>\n\t\t<\/span><span class=\"aioseo-breadcrumb-separator\">&raquo;<\/span><span class=\"aioseo-breadcrumb\">\n\t\t\tFortalecimento da autoestima e cuidado com a sa\u00fade mental no Janeiro Branco Delas\n\t\t<\/span><\/div>","aioseo_breadcrumb_json":[{"label":"In\u00edcio","link":"https:\/\/newsinfoco.com.br\/inicio"},{"label":"Alagoinhas e Regi\u00e3o","link":"https:\/\/newsinfoco.com.br\/inicio\/category\/alagoinhas-e-regiao\/"},{"label":"Fortalecimento da autoestima e cuidado com a sa\u00fade mental no Janeiro Branco Delas","link":"https:\/\/newsinfoco.com.br\/inicio\/fortalecimento-da-autoestima-e-cuidado-com-a-saude-mental-no-janeiro-branco-delas\/"}],"_links":{"self":[{"href":"https:\/\/newsinfoco.com.br\/inicio\/wp-json\/wp\/v2\/posts\/32374","targetHints":{"allow":["GET"]}}],"collection":[{"href":"https:\/\/newsinfoco.com.br\/inicio\/wp-json\/wp\/v2\/posts"}],"about":[{"href":"https:\/\/newsinfoco.com.br\/inicio\/wp-json\/wp\/v2\/types\/post"}],"author":[{"embeddable":true,"href":"https:\/\/newsinfoco.com.br\/inicio\/wp-json\/wp\/v2\/users\/1"}],"replies":[{"embeddable":true,"href":"https:\/\/newsinfoco.com.br\/inicio\/wp-json\/wp\/v2\/comments?post=32374"}],"version-history":[{"count":1,"href":"https:\/\/newsinfoco.com.br\/inicio\/wp-json\/wp\/v2\/posts\/32374\/revisions"}],"predecessor-version":[{"id":32376,"href":"https:\/\/newsinfoco.com.br\/inicio\/wp-json\/wp\/v2\/posts\/32374\/revisions\/32376"}],"wp:featuredmedia":[{"embeddable":true,"href":"https:\/\/newsinfoco.com.br\/inicio\/wp-json\/wp\/v2\/media\/32375"}],"wp:attachment":[{"href":"https:\/\/newsinfoco.com.br\/inicio\/wp-json\/wp\/v2\/media?parent=32374"}],"wp:term":[{"taxonomy":"category","embeddable":true,"href":"https:\/\/newsinfoco.com.br\/inicio\/wp-json\/wp\/v2\/categories?post=32374"},{"taxonomy":"post_tag","embeddable":true,"href":"https:\/\/newsinfoco.com.br\/inicio\/wp-json\/wp\/v2\/tags?post=32374"}],"curies":[{"name":"wp","href":"https:\/\/api.w.org\/{rel}","templated":true}]}}