{"id":32382,"date":"2023-01-22T11:34:21","date_gmt":"2023-01-22T14:34:21","guid":{"rendered":"https:\/\/newsinfoco.com.br\/inicio\/?p=32382"},"modified":"2023-01-22T11:34:21","modified_gmt":"2023-01-22T14:34:21","slug":"calendario-de-pagamentos-do-programa-de-transferencia-de-renda-do-governo-federal-ja-esta-disponivel","status":"publish","type":"post","link":"https:\/\/newsinfoco.com.br\/inicio\/calendario-de-pagamentos-do-programa-de-transferencia-de-renda-do-governo-federal-ja-esta-disponivel\/","title":{"rendered":"Calend\u00e1rio de pagamentos do Programa de Transfer\u00eancia de Renda do Governo Federal j\u00e1 est\u00e1 dispon\u00edvel"},"content":{"rendered":"<p>Os pagamentos relativos ao m\u00eas de janeiro do Programa de Transfer\u00eancia de Renda do Governo Federal j\u00e1 come\u00e7aram a ser feitos, na \u00faltima quarta-feira (18). O valor m\u00ednimo \u00e9 de R$ 600,00 e o cart\u00e3o para saques continua sendo o do Aux\u00edlio Brasil.<\/p>\n<p>Para saber o dia em que o benef\u00edcio ficar\u00e1 dispon\u00edvel para saque ou cr\u00e9dito em conta banc\u00e1ria \u00e9 preciso observar o \u00faltimo d\u00edgito do N\u00famero de Identifica\u00e7\u00e3o Social (NIS), impresso no cart\u00e3o do titular.<\/p>\n<p>Confira o calend\u00e1rio:<\/p>\n<p><a class=\"group1 cboxElement\" href=\"https:\/\/www.alagoinhas.ba.gov.br\/wp-content\/uploads\/2023\/01\/IMG-20230120-WA0013.jpg\"><img loading=\"lazy\" decoding=\"async\" class=\"aligncenter size-large wp-image-62988\" src=\"https:\/\/www.alagoinhas.ba.gov.br\/wp-content\/uploads\/2023\/01\/IMG-20230120-WA0013-1024x1024.jpg\" sizes=\"auto, (max-width: 800px) 100vw, 800px\" srcset=\"https:\/\/www.alagoinhas.ba.gov.br\/wp-content\/uploads\/2023\/01\/IMG-20230120-WA0013-1024x1024.jpg 1024w, https:\/\/www.alagoinhas.ba.gov.br\/wp-content\/uploads\/2023\/01\/IMG-20230120-WA0013-300x300.jpg 300w, https:\/\/www.alagoinhas.ba.gov.br\/wp-content\/uploads\/2023\/01\/IMG-20230120-WA0013-768x768.jpg 768w, https:\/\/www.alagoinhas.ba.gov.br\/wp-content\/uploads\/2023\/01\/IMG-20230120-WA0013-70x70.jpg 70w, https:\/\/www.alagoinhas.ba.gov.br\/wp-content\/uploads\/2023\/01\/IMG-20230120-WA0013.jpg 1080w\" alt=\"\" width=\"800\" height=\"800\" \/><\/a><\/p>\n<p>&nbsp;<\/p>\n<div class='share-to-whatsapp-wrapper'><div class='share-on-whsp'>Share on: <\/div><a data-text='Calend\u00e1rio de pagamentos do Programa de Transfer\u00eancia de Renda do Governo Federal j\u00e1 est\u00e1 dispon\u00edvel' data-link='https:\/\/newsinfoco.com.br\/inicio\/calendario-de-pagamentos-do-programa-de-transferencia-de-renda-do-governo-federal-ja-esta-disponivel\/' class='whatsapp-button whatsapp-share'>WhatsApp<\/a><div class='clear '><\/div><\/div>","protected":false},"excerpt":{"rendered":"<p>Os pagamentos relativos ao m\u00eas de janeiro do Programa de Transfer\u00eancia de Renda do Governo Federal j\u00e1 come\u00e7aram a ser feitos, na \u00faltima quarta-feira (18). O valor m\u00ednimo \u00e9 de R$ 600,00 e o cart\u00e3o para saques continua sendo o do Aux\u00edlio Brasil. Para saber o dia em que o benef\u00edcio ficar\u00e1 dispon\u00edvel para saque [&hellip;]<\/p>\n","protected":false},"author":1,"featured_media":32384,"comment_status":"closed","ping_status":"closed","sticky":false,"template":"","format":"standard","meta":{"om_disable_all_campaigns":false,"rop_custom_images_group":[],"rop_custom_messages_group":[],"rop_publish_now":"initial","rop_publish_now_accounts":[],"rop_publish_now_history":[],"rop_publish_now_status":"pending","_exactmetrics_skip_tracking":false,"footnotes":""},"categories":[38,167],"tags":[],"class_list":["post-32382","post","type-post","status-publish","format-standard","has-post-thumbnail","hentry","category-alagoinhas-e-regiao","category-exclusivas"],"aioseo_notices":[],"aioseo_head":"\n\t\t<!-- All in One SEO 4.9.10 - aioseo.com -->\n\t<meta name=\"description\" content=\"Os pagamentos relativos ao m\u00eas de janeiro do Programa de Transfer\u00eancia de Renda do Governo Federal j\u00e1 come\u00e7aram a ser feitos, na \u00faltima quarta-feira (18). O valor m\u00ednimo \u00e9 de R$ 600,00 e o cart\u00e3o para saques continua sendo o do Aux\u00edlio Brasil. Para saber o dia em que o benef\u00edcio ficar\u00e1 dispon\u00edvel para saque\" \/>\n\t<meta name=\"robots\" content=\"max-image-preview:large\" \/>\n\t<meta name=\"author\" content=\"administrador\"\/>\n\t<link rel=\"canonical\" href=\"https:\/\/newsinfoco.com.br\/inicio\/calendario-de-pagamentos-do-programa-de-transferencia-de-renda-do-governo-federal-ja-esta-disponivel\/\" \/>\n\t<meta name=\"generator\" content=\"All in One SEO (AIOSEO) 4.9.10\" \/>\n\t\t<meta property=\"og:locale\" content=\"pt_BR\" \/>\n\t\t<meta property=\"og:site_name\" content=\"News In Foco - Editado por Caio Pimenta - O principal site de noticias de Alagoinhas e regi\u00e3o\" \/>\n\t\t<meta property=\"og:type\" content=\"article\" \/>\n\t\t<meta property=\"og:title\" content=\"Calend\u00e1rio de pagamentos do Programa de Transfer\u00eancia de Renda do Governo Federal j\u00e1 est\u00e1 dispon\u00edvel - News In Foco - Editado por Caio Pimenta\" \/>\n\t\t<meta property=\"og:description\" content=\"Os pagamentos relativos ao m\u00eas de janeiro do Programa de Transfer\u00eancia de Renda do Governo Federal j\u00e1 come\u00e7aram a ser feitos, na \u00faltima quarta-feira (18). O valor m\u00ednimo \u00e9 de R$ 600,00 e o cart\u00e3o para saques continua sendo o do Aux\u00edlio Brasil. Para saber o dia em que o benef\u00edcio ficar\u00e1 dispon\u00edvel para saque\" \/>\n\t\t<meta property=\"og:url\" content=\"https:\/\/newsinfoco.com.br\/inicio\/calendario-de-pagamentos-do-programa-de-transferencia-de-renda-do-governo-federal-ja-esta-disponivel\/\" \/>\n\t\t<meta property=\"article:published_time\" content=\"2023-01-22T14:34:21+00:00\" \/>\n\t\t<meta property=\"article:modified_time\" content=\"2023-01-22T14:34:21+00:00\" \/>\n\t\t<meta name=\"twitter:card\" content=\"summary_large_image\" \/>\n\t\t<meta name=\"twitter:title\" content=\"Calend\u00e1rio de pagamentos do Programa de Transfer\u00eancia de Renda do Governo Federal j\u00e1 est\u00e1 dispon\u00edvel - News In Foco - Editado por Caio Pimenta\" \/>\n\t\t<meta name=\"twitter:description\" content=\"Os pagamentos relativos ao m\u00eas de janeiro do Programa de Transfer\u00eancia de Renda do Governo Federal j\u00e1 come\u00e7aram a ser feitos, na \u00faltima quarta-feira (18). O valor m\u00ednimo \u00e9 de R$ 600,00 e o cart\u00e3o para saques continua sendo o do Aux\u00edlio Brasil. Para saber o dia em que o benef\u00edcio ficar\u00e1 dispon\u00edvel para saque\" \/>\n\t\t<script type=\"application\/ld+json\" class=\"aioseo-schema\">\n\t\t\t{\"@context\":\"https:\\\/\\\/schema.org\",\"@graph\":[{\"@type\":\"BlogPosting\",\"@id\":\"https:\\\/\\\/newsinfoco.com.br\\\/inicio\\\/calendario-de-pagamentos-do-programa-de-transferencia-de-renda-do-governo-federal-ja-esta-disponivel\\\/#blogposting\",\"name\":\"Calend\\u00e1rio de pagamentos do Programa de Transfer\\u00eancia de Renda do Governo Federal j\\u00e1 est\\u00e1 dispon\\u00edvel - News In Foco - Editado por Caio Pimenta\",\"headline\":\"Calend\\u00e1rio de pagamentos do Programa de Transfer\\u00eancia de Renda do Governo Federal j\\u00e1 est\\u00e1 dispon\\u00edvel\",\"author\":{\"@id\":\"https:\\\/\\\/newsinfoco.com.br\\\/inicio\\\/author\\\/administrador\\\/#author\"},\"publisher\":{\"@id\":\"https:\\\/\\\/newsinfoco.com.br\\\/inicio\\\/#organization\"},\"image\":{\"@type\":\"ImageObject\",\"url\":\"https:\\\/\\\/newsinfoco.com.br\\\/inicio\\\/wp-content\\\/uploads\\\/2023\\\/01\\\/IMG-20230120-WA0014-550x368-1.jpg\",\"width\":550,\"height\":368},\"datePublished\":\"2023-01-22T11:34:21-03:00\",\"dateModified\":\"2023-01-22T11:34:21-03:00\",\"inLanguage\":\"pt-BR\",\"mainEntityOfPage\":{\"@id\":\"https:\\\/\\\/newsinfoco.com.br\\\/inicio\\\/calendario-de-pagamentos-do-programa-de-transferencia-de-renda-do-governo-federal-ja-esta-disponivel\\\/#webpage\"},\"isPartOf\":{\"@id\":\"https:\\\/\\\/newsinfoco.com.br\\\/inicio\\\/calendario-de-pagamentos-do-programa-de-transferencia-de-renda-do-governo-federal-ja-esta-disponivel\\\/#webpage\"},\"articleSection\":\"Alagoinhas e Regi\\u00e3o, Manchete\"},{\"@type\":\"BreadcrumbList\",\"@id\":\"https:\\\/\\\/newsinfoco.com.br\\\/inicio\\\/calendario-de-pagamentos-do-programa-de-transferencia-de-renda-do-governo-federal-ja-esta-disponivel\\\/#breadcrumblist\",\"itemListElement\":[{\"@type\":\"ListItem\",\"@id\":\"https:\\\/\\\/newsinfoco.com.br\\\/inicio#listItem\",\"position\":1,\"name\":\"In\\u00edcio\",\"item\":\"https:\\\/\\\/newsinfoco.com.br\\\/inicio\",\"nextItem\":{\"@type\":\"ListItem\",\"@id\":\"https:\\\/\\\/newsinfoco.com.br\\\/inicio\\\/category\\\/alagoinhas-e-regiao\\\/#listItem\",\"name\":\"Alagoinhas e Regi\\u00e3o\"}},{\"@type\":\"ListItem\",\"@id\":\"https:\\\/\\\/newsinfoco.com.br\\\/inicio\\\/category\\\/alagoinhas-e-regiao\\\/#listItem\",\"position\":2,\"name\":\"Alagoinhas e Regi\\u00e3o\",\"item\":\"https:\\\/\\\/newsinfoco.com.br\\\/inicio\\\/category\\\/alagoinhas-e-regiao\\\/\",\"nextItem\":{\"@type\":\"ListItem\",\"@id\":\"https:\\\/\\\/newsinfoco.com.br\\\/inicio\\\/calendario-de-pagamentos-do-programa-de-transferencia-de-renda-do-governo-federal-ja-esta-disponivel\\\/#listItem\",\"name\":\"Calend\\u00e1rio de pagamentos do Programa de Transfer\\u00eancia de Renda do Governo Federal j\\u00e1 est\\u00e1 dispon\\u00edvel\"},\"previousItem\":{\"@type\":\"ListItem\",\"@id\":\"https:\\\/\\\/newsinfoco.com.br\\\/inicio#listItem\",\"name\":\"In\\u00edcio\"}},{\"@type\":\"ListItem\",\"@id\":\"https:\\\/\\\/newsinfoco.com.br\\\/inicio\\\/calendario-de-pagamentos-do-programa-de-transferencia-de-renda-do-governo-federal-ja-esta-disponivel\\\/#listItem\",\"position\":3,\"name\":\"Calend\\u00e1rio de pagamentos do Programa de Transfer\\u00eancia de Renda do Governo Federal j\\u00e1 est\\u00e1 dispon\\u00edvel\",\"previousItem\":{\"@type\":\"ListItem\",\"@id\":\"https:\\\/\\\/newsinfoco.com.br\\\/inicio\\\/category\\\/alagoinhas-e-regiao\\\/#listItem\",\"name\":\"Alagoinhas e Regi\\u00e3o\"}}]},{\"@type\":\"Organization\",\"@id\":\"https:\\\/\\\/newsinfoco.com.br\\\/inicio\\\/#organization\",\"name\":\"News In Foco - Editado por Caio Pimenta\",\"description\":\"O principal site de noticias de Alagoinhas e regi\\u00e3o\",\"url\":\"https:\\\/\\\/newsinfoco.com.br\\\/inicio\\\/\"},{\"@type\":\"Person\",\"@id\":\"https:\\\/\\\/newsinfoco.com.br\\\/inicio\\\/author\\\/administrador\\\/#author\",\"url\":\"https:\\\/\\\/newsinfoco.com.br\\\/inicio\\\/author\\\/administrador\\\/\",\"name\":\"administrador\",\"image\":{\"@type\":\"ImageObject\",\"@id\":\"https:\\\/\\\/newsinfoco.com.br\\\/inicio\\\/calendario-de-pagamentos-do-programa-de-transferencia-de-renda-do-governo-federal-ja-esta-disponivel\\\/#authorImage\",\"url\":\"https:\\\/\\\/secure.gravatar.com\\\/avatar\\\/c17a617433de8c1dc9584bb79aab7563b46f5bb7e1728c9b17d9cc3ce6a08e49?s=96&d=mm&r=g\",\"width\":96,\"height\":96,\"caption\":\"administrador\"}},{\"@type\":\"WebPage\",\"@id\":\"https:\\\/\\\/newsinfoco.com.br\\\/inicio\\\/calendario-de-pagamentos-do-programa-de-transferencia-de-renda-do-governo-federal-ja-esta-disponivel\\\/#webpage\",\"url\":\"https:\\\/\\\/newsinfoco.com.br\\\/inicio\\\/calendario-de-pagamentos-do-programa-de-transferencia-de-renda-do-governo-federal-ja-esta-disponivel\\\/\",\"name\":\"Calend\\u00e1rio de pagamentos do Programa de Transfer\\u00eancia de Renda do Governo Federal j\\u00e1 est\\u00e1 dispon\\u00edvel - News In Foco - Editado por Caio Pimenta\",\"description\":\"Os pagamentos relativos ao m\\u00eas de janeiro do Programa de Transfer\\u00eancia de Renda do Governo Federal j\\u00e1 come\\u00e7aram a ser feitos, na \\u00faltima quarta-feira (18). O valor m\\u00ednimo \\u00e9 de R$ 600,00 e o cart\\u00e3o para saques continua sendo o do Aux\\u00edlio Brasil. Para saber o dia em que o benef\\u00edcio ficar\\u00e1 dispon\\u00edvel para saque\",\"inLanguage\":\"pt-BR\",\"isPartOf\":{\"@id\":\"https:\\\/\\\/newsinfoco.com.br\\\/inicio\\\/#website\"},\"breadcrumb\":{\"@id\":\"https:\\\/\\\/newsinfoco.com.br\\\/inicio\\\/calendario-de-pagamentos-do-programa-de-transferencia-de-renda-do-governo-federal-ja-esta-disponivel\\\/#breadcrumblist\"},\"author\":{\"@id\":\"https:\\\/\\\/newsinfoco.com.br\\\/inicio\\\/author\\\/administrador\\\/#author\"},\"creator\":{\"@id\":\"https:\\\/\\\/newsinfoco.com.br\\\/inicio\\\/author\\\/administrador\\\/#author\"},\"image\":{\"@type\":\"ImageObject\",\"url\":\"https:\\\/\\\/newsinfoco.com.br\\\/inicio\\\/wp-content\\\/uploads\\\/2023\\\/01\\\/IMG-20230120-WA0014-550x368-1.jpg\",\"@id\":\"https:\\\/\\\/newsinfoco.com.br\\\/inicio\\\/calendario-de-pagamentos-do-programa-de-transferencia-de-renda-do-governo-federal-ja-esta-disponivel\\\/#mainImage\",\"width\":550,\"height\":368},\"primaryImageOfPage\":{\"@id\":\"https:\\\/\\\/newsinfoco.com.br\\\/inicio\\\/calendario-de-pagamentos-do-programa-de-transferencia-de-renda-do-governo-federal-ja-esta-disponivel\\\/#mainImage\"},\"datePublished\":\"2023-01-22T11:34:21-03:00\",\"dateModified\":\"2023-01-22T11:34:21-03:00\"},{\"@type\":\"WebSite\",\"@id\":\"https:\\\/\\\/newsinfoco.com.br\\\/inicio\\\/#website\",\"url\":\"https:\\\/\\\/newsinfoco.com.br\\\/inicio\\\/\",\"name\":\"News In Foco - Editado por Caio Pimenta\",\"description\":\"O principal site de noticias de Alagoinhas e regi\\u00e3o\",\"inLanguage\":\"pt-BR\",\"publisher\":{\"@id\":\"https:\\\/\\\/newsinfoco.com.br\\\/inicio\\\/#organization\"}}]}\n\t\t<\/script>\n\t\t<!-- All in One SEO -->\n\n","aioseo_head_json":{"title":"Calend\u00e1rio de pagamentos do Programa de Transfer\u00eancia de Renda do Governo Federal j\u00e1 est\u00e1 dispon\u00edvel - News In Foco - Editado por Caio Pimenta","description":"Os pagamentos relativos ao m\u00eas de janeiro do Programa de Transfer\u00eancia de Renda do Governo Federal j\u00e1 come\u00e7aram a ser feitos, na \u00faltima quarta-feira (18). O valor m\u00ednimo \u00e9 de R$ 600,00 e o cart\u00e3o para saques continua sendo o do Aux\u00edlio Brasil. Para saber o dia em que o benef\u00edcio ficar\u00e1 dispon\u00edvel para saque","canonical_url":"https:\/\/newsinfoco.com.br\/inicio\/calendario-de-pagamentos-do-programa-de-transferencia-de-renda-do-governo-federal-ja-esta-disponivel\/","robots":"max-image-preview:large","keywords":"","webmasterTools":{"miscellaneous":""},"schema":{"@context":"https:\/\/schema.org","@graph":[{"@type":"BlogPosting","@id":"https:\/\/newsinfoco.com.br\/inicio\/calendario-de-pagamentos-do-programa-de-transferencia-de-renda-do-governo-federal-ja-esta-disponivel\/#blogposting","name":"Calend\u00e1rio de pagamentos do Programa de Transfer\u00eancia de Renda do Governo Federal j\u00e1 est\u00e1 dispon\u00edvel - News In Foco - Editado por Caio Pimenta","headline":"Calend\u00e1rio de pagamentos do Programa de Transfer\u00eancia de Renda do Governo Federal j\u00e1 est\u00e1 dispon\u00edvel","author":{"@id":"https:\/\/newsinfoco.com.br\/inicio\/author\/administrador\/#author"},"publisher":{"@id":"https:\/\/newsinfoco.com.br\/inicio\/#organization"},"image":{"@type":"ImageObject","url":"https:\/\/newsinfoco.com.br\/inicio\/wp-content\/uploads\/2023\/01\/IMG-20230120-WA0014-550x368-1.jpg","width":550,"height":368},"datePublished":"2023-01-22T11:34:21-03:00","dateModified":"2023-01-22T11:34:21-03:00","inLanguage":"pt-BR","mainEntityOfPage":{"@id":"https:\/\/newsinfoco.com.br\/inicio\/calendario-de-pagamentos-do-programa-de-transferencia-de-renda-do-governo-federal-ja-esta-disponivel\/#webpage"},"isPartOf":{"@id":"https:\/\/newsinfoco.com.br\/inicio\/calendario-de-pagamentos-do-programa-de-transferencia-de-renda-do-governo-federal-ja-esta-disponivel\/#webpage"},"articleSection":"Alagoinhas e Regi\u00e3o, Manchete"},{"@type":"BreadcrumbList","@id":"https:\/\/newsinfoco.com.br\/inicio\/calendario-de-pagamentos-do-programa-de-transferencia-de-renda-do-governo-federal-ja-esta-disponivel\/#breadcrumblist","itemListElement":[{"@type":"ListItem","@id":"https:\/\/newsinfoco.com.br\/inicio#listItem","position":1,"name":"In\u00edcio","item":"https:\/\/newsinfoco.com.br\/inicio","nextItem":{"@type":"ListItem","@id":"https:\/\/newsinfoco.com.br\/inicio\/category\/alagoinhas-e-regiao\/#listItem","name":"Alagoinhas e Regi\u00e3o"}},{"@type":"ListItem","@id":"https:\/\/newsinfoco.com.br\/inicio\/category\/alagoinhas-e-regiao\/#listItem","position":2,"name":"Alagoinhas e Regi\u00e3o","item":"https:\/\/newsinfoco.com.br\/inicio\/category\/alagoinhas-e-regiao\/","nextItem":{"@type":"ListItem","@id":"https:\/\/newsinfoco.com.br\/inicio\/calendario-de-pagamentos-do-programa-de-transferencia-de-renda-do-governo-federal-ja-esta-disponivel\/#listItem","name":"Calend\u00e1rio de pagamentos do Programa de Transfer\u00eancia de Renda do Governo Federal j\u00e1 est\u00e1 dispon\u00edvel"},"previousItem":{"@type":"ListItem","@id":"https:\/\/newsinfoco.com.br\/inicio#listItem","name":"In\u00edcio"}},{"@type":"ListItem","@id":"https:\/\/newsinfoco.com.br\/inicio\/calendario-de-pagamentos-do-programa-de-transferencia-de-renda-do-governo-federal-ja-esta-disponivel\/#listItem","position":3,"name":"Calend\u00e1rio de pagamentos do Programa de Transfer\u00eancia de Renda do Governo Federal j\u00e1 est\u00e1 dispon\u00edvel","previousItem":{"@type":"ListItem","@id":"https:\/\/newsinfoco.com.br\/inicio\/category\/alagoinhas-e-regiao\/#listItem","name":"Alagoinhas e Regi\u00e3o"}}]},{"@type":"Organization","@id":"https:\/\/newsinfoco.com.br\/inicio\/#organization","name":"News In Foco - Editado por Caio Pimenta","description":"O principal site de noticias de Alagoinhas e regi\u00e3o","url":"https:\/\/newsinfoco.com.br\/inicio\/"},{"@type":"Person","@id":"https:\/\/newsinfoco.com.br\/inicio\/author\/administrador\/#author","url":"https:\/\/newsinfoco.com.br\/inicio\/author\/administrador\/","name":"administrador","image":{"@type":"ImageObject","@id":"https:\/\/newsinfoco.com.br\/inicio\/calendario-de-pagamentos-do-programa-de-transferencia-de-renda-do-governo-federal-ja-esta-disponivel\/#authorImage","url":"https:\/\/secure.gravatar.com\/avatar\/c17a617433de8c1dc9584bb79aab7563b46f5bb7e1728c9b17d9cc3ce6a08e49?s=96&d=mm&r=g","width":96,"height":96,"caption":"administrador"}},{"@type":"WebPage","@id":"https:\/\/newsinfoco.com.br\/inicio\/calendario-de-pagamentos-do-programa-de-transferencia-de-renda-do-governo-federal-ja-esta-disponivel\/#webpage","url":"https:\/\/newsinfoco.com.br\/inicio\/calendario-de-pagamentos-do-programa-de-transferencia-de-renda-do-governo-federal-ja-esta-disponivel\/","name":"Calend\u00e1rio de pagamentos do Programa de Transfer\u00eancia de Renda do Governo Federal j\u00e1 est\u00e1 dispon\u00edvel - News In Foco - Editado por Caio Pimenta","description":"Os pagamentos relativos ao m\u00eas de janeiro do Programa de Transfer\u00eancia de Renda do Governo Federal j\u00e1 come\u00e7aram a ser feitos, na \u00faltima quarta-feira (18). O valor m\u00ednimo \u00e9 de R$ 600,00 e o cart\u00e3o para saques continua sendo o do Aux\u00edlio Brasil. Para saber o dia em que o benef\u00edcio ficar\u00e1 dispon\u00edvel para saque","inLanguage":"pt-BR","isPartOf":{"@id":"https:\/\/newsinfoco.com.br\/inicio\/#website"},"breadcrumb":{"@id":"https:\/\/newsinfoco.com.br\/inicio\/calendario-de-pagamentos-do-programa-de-transferencia-de-renda-do-governo-federal-ja-esta-disponivel\/#breadcrumblist"},"author":{"@id":"https:\/\/newsinfoco.com.br\/inicio\/author\/administrador\/#author"},"creator":{"@id":"https:\/\/newsinfoco.com.br\/inicio\/author\/administrador\/#author"},"image":{"@type":"ImageObject","url":"https:\/\/newsinfoco.com.br\/inicio\/wp-content\/uploads\/2023\/01\/IMG-20230120-WA0014-550x368-1.jpg","@id":"https:\/\/newsinfoco.com.br\/inicio\/calendario-de-pagamentos-do-programa-de-transferencia-de-renda-do-governo-federal-ja-esta-disponivel\/#mainImage","width":550,"height":368},"primaryImageOfPage":{"@id":"https:\/\/newsinfoco.com.br\/inicio\/calendario-de-pagamentos-do-programa-de-transferencia-de-renda-do-governo-federal-ja-esta-disponivel\/#mainImage"},"datePublished":"2023-01-22T11:34:21-03:00","dateModified":"2023-01-22T11:34:21-03:00"},{"@type":"WebSite","@id":"https:\/\/newsinfoco.com.br\/inicio\/#website","url":"https:\/\/newsinfoco.com.br\/inicio\/","name":"News In Foco - Editado por Caio Pimenta","description":"O principal site de noticias de Alagoinhas e regi\u00e3o","inLanguage":"pt-BR","publisher":{"@id":"https:\/\/newsinfoco.com.br\/inicio\/#organization"}}]},"og:locale":"pt_BR","og:site_name":"News In Foco - Editado por Caio Pimenta - O principal site de noticias de Alagoinhas e regi\u00e3o","og:type":"article","og:title":"Calend\u00e1rio de pagamentos do Programa de Transfer\u00eancia de Renda do Governo Federal j\u00e1 est\u00e1 dispon\u00edvel - News In Foco - Editado por Caio Pimenta","og:description":"Os pagamentos relativos ao m\u00eas de janeiro do Programa de Transfer\u00eancia de Renda do Governo Federal j\u00e1 come\u00e7aram a ser feitos, na \u00faltima quarta-feira (18). O valor m\u00ednimo \u00e9 de R$ 600,00 e o cart\u00e3o para saques continua sendo o do Aux\u00edlio Brasil. Para saber o dia em que o benef\u00edcio ficar\u00e1 dispon\u00edvel para saque","og:url":"https:\/\/newsinfoco.com.br\/inicio\/calendario-de-pagamentos-do-programa-de-transferencia-de-renda-do-governo-federal-ja-esta-disponivel\/","article:published_time":"2023-01-22T14:34:21+00:00","article:modified_time":"2023-01-22T14:34:21+00:00","twitter:card":"summary_large_image","twitter:title":"Calend\u00e1rio de pagamentos do Programa de Transfer\u00eancia de Renda do Governo Federal j\u00e1 est\u00e1 dispon\u00edvel - News In Foco - Editado por Caio Pimenta","twitter:description":"Os pagamentos relativos ao m\u00eas de janeiro do Programa de Transfer\u00eancia de Renda do Governo Federal j\u00e1 come\u00e7aram a ser feitos, na \u00faltima quarta-feira (18). O valor m\u00ednimo \u00e9 de R$ 600,00 e o cart\u00e3o para saques continua sendo o do Aux\u00edlio Brasil. Para saber o dia em que o benef\u00edcio ficar\u00e1 dispon\u00edvel para saque"},"aioseo_meta_data":{"post_id":"32382","title":null,"description":null,"keywords":null,"keyphrases":null,"primary_term":null,"canonical_url":null,"og_title":null,"og_description":null,"og_object_type":"default","og_image_type":"default","og_image_url":null,"og_image_width":null,"og_image_height":null,"og_image_custom_url":null,"og_image_custom_fields":null,"og_video":null,"og_custom_url":null,"og_article_section":null,"og_article_tags":null,"twitter_use_og":false,"twitter_card":"default","twitter_image_type":"default","twitter_image_url":null,"twitter_image_custom_url":null,"twitter_image_custom_fields":null,"twitter_title":null,"twitter_description":null,"schema":{"blockGraphs":[],"customGraphs":[],"default":{"data":{"Article":[],"Course":[],"Dataset":[],"FAQPage":[],"Movie":[],"Person":[],"Product":[],"ProductReview":[],"Car":[],"Recipe":[],"Service":[],"SoftwareApplication":[],"WebPage":[]},"graphName":"","isEnabled":true},"graphs":[]},"schema_type":"default","schema_type_options":null,"pillar_content":false,"robots_default":true,"robots_noindex":false,"robots_noarchive":false,"robots_nosnippet":false,"robots_nofollow":false,"robots_noimageindex":false,"robots_noodp":false,"robots_notranslate":false,"robots_max_snippet":null,"robots_max_videopreview":null,"robots_max_imagepreview":"large","priority":null,"frequency":null,"local_seo":null,"breadcrumb_settings":null,"limit_modified_date":false,"ai":null,"created":"2023-06-12 22:34:48","updated":"2025-07-11 08:52:08","seo_analyzer_scan_date":null},"aioseo_breadcrumb":"<div class=\"aioseo-breadcrumbs\"><span class=\"aioseo-breadcrumb\">\n\t\t\t<a href=\"https:\/\/newsinfoco.com.br\/inicio\" title=\"In\u00edcio\">In\u00edcio<\/a>\n\t\t<\/span><span class=\"aioseo-breadcrumb-separator\">&raquo;<\/span><span class=\"aioseo-breadcrumb\">\n\t\t\t<a href=\"https:\/\/newsinfoco.com.br\/inicio\/category\/alagoinhas-e-regiao\/\" title=\"Alagoinhas e Regi\u00e3o\">Alagoinhas e Regi\u00e3o<\/a>\n\t\t<\/span><span class=\"aioseo-breadcrumb-separator\">&raquo;<\/span><span class=\"aioseo-breadcrumb\">\n\t\t\tCalend\u00e1rio de pagamentos do Programa de Transfer\u00eancia de Renda do Governo Federal j\u00e1 est\u00e1 dispon\u00edvel\n\t\t<\/span><\/div>","aioseo_breadcrumb_json":[{"label":"In\u00edcio","link":"https:\/\/newsinfoco.com.br\/inicio"},{"label":"Alagoinhas e Regi\u00e3o","link":"https:\/\/newsinfoco.com.br\/inicio\/category\/alagoinhas-e-regiao\/"},{"label":"Calend\u00e1rio de pagamentos do Programa de Transfer\u00eancia de Renda do Governo Federal j\u00e1 est\u00e1 dispon\u00edvel","link":"https:\/\/newsinfoco.com.br\/inicio\/calendario-de-pagamentos-do-programa-de-transferencia-de-renda-do-governo-federal-ja-esta-disponivel\/"}],"_links":{"self":[{"href":"https:\/\/newsinfoco.com.br\/inicio\/wp-json\/wp\/v2\/posts\/32382","targetHints":{"allow":["GET"]}}],"collection":[{"href":"https:\/\/newsinfoco.com.br\/inicio\/wp-json\/wp\/v2\/posts"}],"about":[{"href":"https:\/\/newsinfoco.com.br\/inicio\/wp-json\/wp\/v2\/types\/post"}],"author":[{"embeddable":true,"href":"https:\/\/newsinfoco.com.br\/inicio\/wp-json\/wp\/v2\/users\/1"}],"replies":[{"embeddable":true,"href":"https:\/\/newsinfoco.com.br\/inicio\/wp-json\/wp\/v2\/comments?post=32382"}],"version-history":[{"count":1,"href":"https:\/\/newsinfoco.com.br\/inicio\/wp-json\/wp\/v2\/posts\/32382\/revisions"}],"predecessor-version":[{"id":32385,"href":"https:\/\/newsinfoco.com.br\/inicio\/wp-json\/wp\/v2\/posts\/32382\/revisions\/32385"}],"wp:featuredmedia":[{"embeddable":true,"href":"https:\/\/newsinfoco.com.br\/inicio\/wp-json\/wp\/v2\/media\/32384"}],"wp:attachment":[{"href":"https:\/\/newsinfoco.com.br\/inicio\/wp-json\/wp\/v2\/media?parent=32382"}],"wp:term":[{"taxonomy":"category","embeddable":true,"href":"https:\/\/newsinfoco.com.br\/inicio\/wp-json\/wp\/v2\/categories?post=32382"},{"taxonomy":"post_tag","embeddable":true,"href":"https:\/\/newsinfoco.com.br\/inicio\/wp-json\/wp\/v2\/tags?post=32382"}],"curies":[{"name":"wp","href":"https:\/\/api.w.org\/{rel}","templated":true}]}}