{"id":3246,"date":"2018-04-29T10:34:03","date_gmt":"2018-04-29T13:34:03","guid":{"rendered":"http:\/\/newsinfoco.com.br\/?p=3246"},"modified":"2018-04-29T10:34:03","modified_gmt":"2018-04-29T13:34:03","slug":"prefeitura-de-alagoinhas-faz-cadastro-de-beneficiarios-do-programa-crianca-feliz","status":"publish","type":"post","link":"https:\/\/newsinfoco.com.br\/inicio\/prefeitura-de-alagoinhas-faz-cadastro-de-beneficiarios-do-programa-crianca-feliz\/","title":{"rendered":"Prefeitura de Alagoinhas faz cadastro de benefici\u00e1rios do Programa Crian\u00e7a Feliz"},"content":{"rendered":"<p style=\"text-align: justify;\"><span style=\"color: #000000;\">A Prefeitura de Alagoinhas, por meio da Secretaria Municipal de Assist\u00eancia Social (SEMAS), iniciou o processo de busca ativa para identifica\u00e7\u00e3o dos endere\u00e7os daqueles que devem se beneficiar do Programa Crian\u00e7a Feliz do Governo Federal. A equipe t\u00e9cnica do programa foi auxiliada por agentes comunit\u00e1rios para reunir os benefici\u00e1rios numa a\u00e7\u00e3o realizada na biblioteca do Centro de Refer\u00eancia de Assist\u00eancia Social (CRAS) \u2013 Pra\u00e7a do CEU.<\/span><\/p>\n<p style=\"text-align: justify;\"><span style=\"color: #000000;\">No encontro os participantes do Crian\u00e7a Feliz foram orientados a respeito do programa, foi distribu\u00eddo informativos para melhor compreens\u00e3o sobre a din\u00e2mica da assist\u00eancia e tamb\u00e9m o processo de cadastro e ades\u00e3o.<\/span><\/p><div class=\"newsi-conteudo_19\" id=\"newsi-601087891\"><a href=\"https:\/\/www.instagram.com\/prefeituraalagoinhas?igsh=YzgzdDJ1bWR3aWI4\" aria-label=\"SAVE_20251006_221555\"><img loading=\"lazy\" decoding=\"async\" src=\"https:\/\/newsinfoco.com.br\/inicio\/wp-content\/uploads\/2025\/10\/SAVE_20251006_221555-rotated.jpg\" alt=\"\"  srcset=\"https:\/\/newsinfoco.com.br\/inicio\/wp-content\/uploads\/2025\/10\/SAVE_20251006_221555-rotated.jpg 1140w, https:\/\/newsinfoco.com.br\/inicio\/wp-content\/uploads\/2025\/10\/SAVE_20251006_221555-300x52.jpg 300w, https:\/\/newsinfoco.com.br\/inicio\/wp-content\/uploads\/2025\/10\/SAVE_20251006_221555-1024x177.jpg 1024w, https:\/\/newsinfoco.com.br\/inicio\/wp-content\/uploads\/2025\/10\/SAVE_20251006_221555-768x133.jpg 768w, https:\/\/newsinfoco.com.br\/inicio\/wp-content\/uploads\/2025\/10\/SAVE_20251006_221555-600x104.jpg 600w, https:\/\/newsinfoco.com.br\/inicio\/wp-content\/uploads\/2025\/10\/SAVE_20251006_221555-696x120.jpg 696w, https:\/\/newsinfoco.com.br\/inicio\/wp-content\/uploads\/2025\/10\/SAVE_20251006_221555-1068x185.jpg 1068w\" sizes=\"(max-width: 1140px) 100vw, 1140px\" width=\"1140\" height=\"197\"   \/><\/a><\/div>\n<h6 style=\"text-align: right;\" align=\"right\"><span style=\"color: #999999;\">Fonte: SECOM CRAS Prefeitua<\/span><\/h6>\n<div class='share-to-whatsapp-wrapper'><div class='share-on-whsp'>Share on: <\/div><a data-text='Prefeitura de Alagoinhas faz cadastro de benefici\u00e1rios do Programa Crian\u00e7a Feliz' data-link='https:\/\/newsinfoco.com.br\/inicio\/prefeitura-de-alagoinhas-faz-cadastro-de-beneficiarios-do-programa-crianca-feliz\/' class='whatsapp-button whatsapp-share'>WhatsApp<\/a><div class='clear '><\/div><\/div>","protected":false},"excerpt":{"rendered":"<p>A Prefeitura de Alagoinhas, por meio da Secretaria Municipal de Assist\u00eancia Social (SEMAS), iniciou o processo de busca ativa para identifica\u00e7\u00e3o dos endere\u00e7os daqueles que devem se beneficiar do Programa Crian\u00e7a Feliz do Governo Federal. A equipe t\u00e9cnica do programa foi auxiliada por agentes comunit\u00e1rios para reunir os benefici\u00e1rios numa a\u00e7\u00e3o realizada na biblioteca do [&hellip;]<\/p>\n","protected":false},"author":1,"featured_media":3184,"comment_status":"open","ping_status":"open","sticky":false,"template":"","format":"standard","meta":{"om_disable_all_campaigns":false,"_exactmetrics_skip_tracking":false,"_exactmetrics_sitenote_active":false,"_exactmetrics_sitenote_note":"","_exactmetrics_sitenote_category":0,"footnotes":""},"categories":[38,30],"tags":[53,65,54],"class_list":["post-3246","post","type-post","status-publish","format-standard","has-post-thumbnail","hentry","category-alagoinhas-e-regiao","category-destaque","tag-alagoinhas","tag-cras","tag-prefeitura"],"aioseo_notices":[],"_links":{"self":[{"href":"https:\/\/newsinfoco.com.br\/inicio\/wp-json\/wp\/v2\/posts\/3246","targetHints":{"allow":["GET"]}}],"collection":[{"href":"https:\/\/newsinfoco.com.br\/inicio\/wp-json\/wp\/v2\/posts"}],"about":[{"href":"https:\/\/newsinfoco.com.br\/inicio\/wp-json\/wp\/v2\/types\/post"}],"author":[{"embeddable":true,"href":"https:\/\/newsinfoco.com.br\/inicio\/wp-json\/wp\/v2\/users\/1"}],"replies":[{"embeddable":true,"href":"https:\/\/newsinfoco.com.br\/inicio\/wp-json\/wp\/v2\/comments?post=3246"}],"version-history":[{"count":0,"href":"https:\/\/newsinfoco.com.br\/inicio\/wp-json\/wp\/v2\/posts\/3246\/revisions"}],"wp:featuredmedia":[{"embeddable":true,"href":"https:\/\/newsinfoco.com.br\/inicio\/wp-json\/wp\/v2\/media\/3184"}],"wp:attachment":[{"href":"https:\/\/newsinfoco.com.br\/inicio\/wp-json\/wp\/v2\/media?parent=3246"}],"wp:term":[{"taxonomy":"category","embeddable":true,"href":"https:\/\/newsinfoco.com.br\/inicio\/wp-json\/wp\/v2\/categories?post=3246"},{"taxonomy":"post_tag","embeddable":true,"href":"https:\/\/newsinfoco.com.br\/inicio\/wp-json\/wp\/v2\/tags?post=3246"}],"curies":[{"name":"wp","href":"https:\/\/api.w.org\/{rel}","templated":true}]}}