{"id":3248,"date":"2018-04-29T10:38:50","date_gmt":"2018-04-29T13:38:50","guid":{"rendered":"http:\/\/newsinfoco.com.br\/?p=3248"},"modified":"2018-04-29T10:38:50","modified_gmt":"2018-04-29T13:38:50","slug":"prefeitura-promove-3o-encontro-de-gestantes-com-o-tema-alimentacao-na-gestacao-no-cras-riacho-da-guia","status":"publish","type":"post","link":"https:\/\/newsinfoco.com.br\/inicio\/prefeitura-promove-3o-encontro-de-gestantes-com-o-tema-alimentacao-na-gestacao-no-cras-riacho-da-guia\/","title":{"rendered":"Prefeitura promove 3\u00ba Encontro de Gestantes com o tema \u201cAlimenta\u00e7\u00e3o na Gesta\u00e7\u00e3o\u201d, no CRAS Riacho da Guia"},"content":{"rendered":"<p style=\"text-align: justify;\"><span style=\"color: #000000;\">Mais um encontro do Grupo de Gestantes do Centro de Refer\u00eancia de Assist\u00eancia Social (CRAS) do Riacho da Guia foi realizado. O tema foi relacionado \u00e0 nutri\u00e7\u00e3o, com orienta\u00e7\u00f5es sobre a alimenta\u00e7\u00e3o adequada no per\u00edodo de gesta\u00e7\u00e3o. A palestrante, Sinara Barbosa explicou como funciona o processo de mudan\u00e7a na alimenta\u00e7\u00e3o e a import\u00e2ncia de comer corretamente. \u201cGestantes que se alimentam de forma adequada evitam riscos e tendem a ter menos complica\u00e7\u00f5es durante a gesta\u00e7\u00e3o e no parto\u201d, explica a nutricionista. \u00a0Na oportunidade, forem entregues as fotos para as gestantes que participaram do ensaio fotogr\u00e1fico oferecido gratuitamente pela Secretaria Municipal de Assist\u00eancia Social (SEMAS).<\/span><\/p>\n<h6 style=\"text-align: right;\"><span style=\"color: #999999;\">Fonte: SECOM SEMAS Prefeitura<\/span><\/h6>\n<h6 style=\"text-align: justify;\" align=\"right\"><span style=\"color: #999999;\">\u00a0<\/span><\/h6>\n<div class='share-to-whatsapp-wrapper'><div class='share-on-whsp'>Share on: <\/div><a data-text='Prefeitura promove 3\u00ba Encontro de Gestantes com o tema \u201cAlimenta\u00e7\u00e3o na Gesta\u00e7\u00e3o\u201d, no CRAS Riacho da Guia' data-link='https:\/\/newsinfoco.com.br\/inicio\/prefeitura-promove-3o-encontro-de-gestantes-com-o-tema-alimentacao-na-gestacao-no-cras-riacho-da-guia\/' class='whatsapp-button whatsapp-share'>WhatsApp<\/a><div class='clear '><\/div><\/div>","protected":false},"excerpt":{"rendered":"<p>Mais um encontro do Grupo de Gestantes do Centro de Refer\u00eancia de Assist\u00eancia Social (CRAS) do Riacho da Guia foi realizado. O tema foi relacionado \u00e0 nutri\u00e7\u00e3o, com orienta\u00e7\u00f5es sobre a alimenta\u00e7\u00e3o adequada no per\u00edodo de gesta\u00e7\u00e3o. A palestrante, Sinara Barbosa explicou como funciona o processo de mudan\u00e7a na alimenta\u00e7\u00e3o e a import\u00e2ncia de comer [&hellip;]<\/p>\n","protected":false},"author":1,"featured_media":294,"comment_status":"open","ping_status":"open","sticky":false,"template":"","format":"standard","meta":{"om_disable_all_campaigns":false,"_exactmetrics_skip_tracking":false,"_exactmetrics_sitenote_active":false,"_exactmetrics_sitenote_note":"","_exactmetrics_sitenote_category":0,"footnotes":""},"categories":[38,30],"tags":[53,54,59],"class_list":["post-3248","post","type-post","status-publish","format-standard","has-post-thumbnail","hentry","category-alagoinhas-e-regiao","category-destaque","tag-alagoinhas","tag-prefeitura","tag-semas"],"aioseo_notices":[],"_links":{"self":[{"href":"https:\/\/newsinfoco.com.br\/inicio\/wp-json\/wp\/v2\/posts\/3248","targetHints":{"allow":["GET"]}}],"collection":[{"href":"https:\/\/newsinfoco.com.br\/inicio\/wp-json\/wp\/v2\/posts"}],"about":[{"href":"https:\/\/newsinfoco.com.br\/inicio\/wp-json\/wp\/v2\/types\/post"}],"author":[{"embeddable":true,"href":"https:\/\/newsinfoco.com.br\/inicio\/wp-json\/wp\/v2\/users\/1"}],"replies":[{"embeddable":true,"href":"https:\/\/newsinfoco.com.br\/inicio\/wp-json\/wp\/v2\/comments?post=3248"}],"version-history":[{"count":0,"href":"https:\/\/newsinfoco.com.br\/inicio\/wp-json\/wp\/v2\/posts\/3248\/revisions"}],"wp:featuredmedia":[{"embeddable":true,"href":"https:\/\/newsinfoco.com.br\/inicio\/wp-json\/wp\/v2\/media\/294"}],"wp:attachment":[{"href":"https:\/\/newsinfoco.com.br\/inicio\/wp-json\/wp\/v2\/media?parent=3248"}],"wp:term":[{"taxonomy":"category","embeddable":true,"href":"https:\/\/newsinfoco.com.br\/inicio\/wp-json\/wp\/v2\/categories?post=3248"},{"taxonomy":"post_tag","embeddable":true,"href":"https:\/\/newsinfoco.com.br\/inicio\/wp-json\/wp\/v2\/tags?post=3248"}],"curies":[{"name":"wp","href":"https:\/\/api.w.org\/{rel}","templated":true}]}}