{"id":3254,"date":"2018-04-30T09:59:40","date_gmt":"2018-04-30T12:59:40","guid":{"rendered":"http:\/\/newsinfoco.com.br\/?p=3254"},"modified":"2018-04-30T09:59:40","modified_gmt":"2018-04-30T12:59:40","slug":"temer-adia-viagem-a-asia-com-avanco-das-investigacoes-de-decreto-dos-portos","status":"publish","type":"post","link":"https:\/\/newsinfoco.com.br\/inicio\/temer-adia-viagem-a-asia-com-avanco-das-investigacoes-de-decreto-dos-portos\/","title":{"rendered":"Temer adia viagem \u00e0 \u00c1sia com avan\u00e7o das investiga\u00e7\u00f5es de decreto dos portos"},"content":{"rendered":"<p class=\" \" style=\"text-align: justify;\"><span style=\"color: #000000;\">O presidente Michel Temer adiou a viagem que faria na pr\u00f3xima semana para o sudeste asi\u00e1tico pela segunda vez &#8211; na primeira, ele precisou adiar por recomenda\u00e7\u00e3o m\u00e9dica. A previs\u00e3o era de passagem por Singapura, Tail\u00e2ndia, Indon\u00e9sia e Vietn\u00e3, com embarque no dia 5 e retorno em 14 de maio.<\/span><\/p>\n<div id=\"ad_intext\" style=\"text-align: justify;\" data-google-query-id=\"CN3A74mG4toCFQr54QodVM8FuA\"><\/div>\n<p style=\"text-align: justify;\"><span style=\"color: #000000;\">A informa\u00e7\u00e3o foi confirmada pelo Pal\u00e1cio do Planalto e pelo Itamaraty no fim da tarde deste domingo (29). A justificativa, segundo o Itamaraty, \u00e9 que a viagem de\u00a0<strong>Temer<\/strong>\u00a0poderia prejudicar a pauta de vota\u00e7\u00f5es no Congresso Nacional.<\/span><\/p><div class=\"newsi-conteudo_19\" id=\"newsi-774891199\"><a href=\"https:\/\/www.instagram.com\/prefeituraalagoinhas?igsh=YzgzdDJ1bWR3aWI4\" aria-label=\"SAVE_20251006_221555\"><img loading=\"lazy\" decoding=\"async\" src=\"https:\/\/newsinfoco.com.br\/inicio\/wp-content\/uploads\/2025\/10\/SAVE_20251006_221555-rotated.jpg\" alt=\"\"  srcset=\"https:\/\/newsinfoco.com.br\/inicio\/wp-content\/uploads\/2025\/10\/SAVE_20251006_221555-rotated.jpg 1140w, https:\/\/newsinfoco.com.br\/inicio\/wp-content\/uploads\/2025\/10\/SAVE_20251006_221555-300x52.jpg 300w, https:\/\/newsinfoco.com.br\/inicio\/wp-content\/uploads\/2025\/10\/SAVE_20251006_221555-1024x177.jpg 1024w, https:\/\/newsinfoco.com.br\/inicio\/wp-content\/uploads\/2025\/10\/SAVE_20251006_221555-768x133.jpg 768w, https:\/\/newsinfoco.com.br\/inicio\/wp-content\/uploads\/2025\/10\/SAVE_20251006_221555-600x104.jpg 600w, https:\/\/newsinfoco.com.br\/inicio\/wp-content\/uploads\/2025\/10\/SAVE_20251006_221555-696x120.jpg 696w, https:\/\/newsinfoco.com.br\/inicio\/wp-content\/uploads\/2025\/10\/SAVE_20251006_221555-1068x185.jpg 1068w\" sizes=\"(max-width: 1140px) 100vw, 1140px\" width=\"1140\" height=\"197\"   \/><\/a><\/div>\n<p style=\"text-align: justify;\"><span style=\"color: #000000;\">\u201cTendo em vista o calend\u00e1rio eleitoral, a concentra\u00e7\u00e3o de vota\u00e7\u00f5es no Congresso, essenciais ao programa de reformas do governo, e a necessidade da aus\u00eancia simult\u00e2nea do pa\u00eds dos presidentes das duas Casas legislativas, durante o per\u00edodo da visita, por exig\u00eancia da lei eleitoral, a pauta de vota\u00e7\u00f5es no Congresso ficaria prejudicada\u201d, disse a chancelaria, em nota.<\/span><\/p>\n<p style=\"text-align: justify;\"><span style=\"color: #000000;\">No entanto, o adiamento da viagem ocorre no mesmo per\u00edodo que a\u00a0<strong>Pol\u00edcia Federal<\/strong>\u00a0pede que o inqu\u00e9rito que investiga o presidente seja prorrogado, conforme informou o jornal\u00a0<em>Folha de S.Paulo<\/em>\u00a0. A investiga\u00e7\u00e3o trata-se da edi\u00e7\u00e3o de um decreto que Temer teria favorecido uma empresa portu\u00e1ria. Ele \u00e9 suspeito de ter lavado dinheiro de propina por meio de pagamento de reformas nas casas de familiares.<\/span><\/p>\n<p style=\"text-align: justify;\"><span style=\"color: #000000;\">Al\u00e9m disso, na semana que vem\u00a0\u00a0<a style=\"color: #000000;\" href=\"http:\/\/ultimosegundo.ig.com.br\/politica\/2018-04-27\/filha-de-temer-depoimento.html\" target=\"_blank\" rel=\"noopener\">a filha do presidente, Maristela Temer, dever\u00e1 prestar depoimento<\/a>\u00a0sobre o caso que envolve o material para reforma de sua casa que foi pago por Maria Rita Fratezi, esposa do coronel Jo\u00e3o Baptista de Lima Filho.<\/span><\/p>\n<p style=\"text-align: justify;\"><span style=\"color: #000000;\">Por isso, a especula\u00e7\u00e3o \u00e9 que Temer tenha sido aconselhado a encurtar ou cancelar a viagem internacional, para poder ter melhores condi\u00e7\u00f5es de cuidar da estrat\u00e9gia de rea\u00e7\u00e3o jur\u00eddica.<\/span><\/p>\n<h3 style=\"text-align: justify;\"><span style=\"color: #000000;\">Justificativa do Planalto<\/span><\/h3>\n<p style=\"text-align: justify;\"><span style=\"color: #000000;\">O Itamaraty usa o fato de n\u00e3o ter um vice-presidente desde o impeachment da ex-presidente Dilma Rousseff como o motivo para o cancelamento do compromisso nos pr\u00f3ximos dias.<\/span><\/p>\n<p style=\"text-align: justify;\"><span style=\"color: #000000;\">Dessa forma, caberia ao presidente da C\u00e2mara, Rodrigo Maia, assumir o cargo. E na aus\u00eancia de Maia, a responsabilidade seria do presidente do Senado, Eun\u00edcio Oliveira. Mas tanto Maia quanto Eun\u00edcio se tornariam ineleg\u00edveis para as pr\u00f3ximas elei\u00e7\u00f5es caso assumissem. Diante disso, eles precisam deixar o pa\u00eds at\u00e9 o retorno de Temer.<\/span><\/p>\n<p style=\"text-align: justify;\"><span style=\"color: #000000;\">O governo diz querer evitar que uma eventual aus\u00eancia de Maia e Eun\u00edcio do pa\u00eds atrase vota\u00e7\u00f5es consideradas importantes. Dentre elas est\u00e3o a privatiza\u00e7\u00e3o da Eletrobras, a reonera\u00e7\u00e3o da folha e o cadastro positivo. Com o recesso parlamentar, de 17 de julho a 1\u00ba de agosto, e o per\u00edodo de campanha eleitoral, o governo teme n\u00e3o conseguir votar as medidas.<\/span><\/p>\n<p style=\"text-align: justify;\"><span style=\"color: #000000;\">Na \u00faltima viagem internacional do presidente, para o Peru, Maia foi para o Panam\u00e1 e Eun\u00edcio viajou para o Jap\u00e3o. Quem assumiu a presid\u00eancia da Rep\u00fablica interinamente foi a presidente do Supremo Tribunal Federal (STF), C\u00e1rmen L\u00facia.<\/span><\/p>\n<h3 style=\"text-align: justify;\"><span style=\"color: #000000;\">Adiamentos<\/span><\/h3>\n<p style=\"text-align: justify;\"><span style=\"color: #000000;\">\u00c9 a segunda vez que a viagem de Temer para a regi\u00e3o \u00e9 adiada. No in\u00edcio do ano havia a previs\u00e3o de uma visita a Timor Leste, Vietn\u00e3, Cingapura e Indon\u00e9sia, entre os dias 5 e 13 de janeiro. Mas em raz\u00e3o de uma cirurgia a que Temer precisou se submeter no final do ano passado para desobstru\u00e7\u00e3o, a agenda n\u00e3o ocorreu.<\/span><\/p>\n<p style=\"text-align: justify;\"><span style=\"color: #000000;\">Na viagem que ocorreria no in\u00edcio da pr\u00f3xima semana, estavam previstos encontros bilaterais \u2013 quando seria recebido por chefes de Estado \u2013 em todos os pa\u00edses. Al\u00e9m disso, Temer se encontraria com investidores na Tail\u00e2ndia e em Cingapura. J\u00e1 na Indon\u00e9sia e no Vietn\u00e3, estavam marcadas reuni\u00f5es para firmar acordos comerciais entre o Brasil e esses pa\u00edses.<\/span><\/p>\n<h6 style=\"text-align: right;\"><strong>Fonte:ig<\/strong><\/h6>\n<div class='share-to-whatsapp-wrapper'><div class='share-on-whsp'>Share on: <\/div><a data-text='Temer adia viagem \u00e0 \u00c1sia com avan\u00e7o das investiga\u00e7\u00f5es de decreto dos portos' data-link='https:\/\/newsinfoco.com.br\/inicio\/temer-adia-viagem-a-asia-com-avanco-das-investigacoes-de-decreto-dos-portos\/' class='whatsapp-button whatsapp-share'>WhatsApp<\/a><div class='clear '><\/div><\/div>","protected":false},"excerpt":{"rendered":"<p>O presidente Michel Temer adiou a viagem que faria na pr\u00f3xima semana para o sudeste asi\u00e1tico pela segunda vez &#8211; na primeira, ele precisou adiar por recomenda\u00e7\u00e3o m\u00e9dica. A previs\u00e3o era de passagem por Singapura, Tail\u00e2ndia, Indon\u00e9sia e Vietn\u00e3, com embarque no dia 5 e retorno em 14 de maio. A informa\u00e7\u00e3o foi confirmada pelo [&hellip;]<\/p>\n","protected":false},"author":1,"featured_media":3255,"comment_status":"open","ping_status":"open","sticky":false,"template":"","format":"standard","meta":{"om_disable_all_campaigns":false,"_exactmetrics_skip_tracking":false,"_exactmetrics_sitenote_active":false,"_exactmetrics_sitenote_note":"","_exactmetrics_sitenote_category":0,"footnotes":""},"categories":[21],"tags":[],"class_list":["post-3254","post","type-post","status-publish","format-standard","has-post-thumbnail","hentry","category-brasil"],"aioseo_notices":[],"_links":{"self":[{"href":"https:\/\/newsinfoco.com.br\/inicio\/wp-json\/wp\/v2\/posts\/3254","targetHints":{"allow":["GET"]}}],"collection":[{"href":"https:\/\/newsinfoco.com.br\/inicio\/wp-json\/wp\/v2\/posts"}],"about":[{"href":"https:\/\/newsinfoco.com.br\/inicio\/wp-json\/wp\/v2\/types\/post"}],"author":[{"embeddable":true,"href":"https:\/\/newsinfoco.com.br\/inicio\/wp-json\/wp\/v2\/users\/1"}],"replies":[{"embeddable":true,"href":"https:\/\/newsinfoco.com.br\/inicio\/wp-json\/wp\/v2\/comments?post=3254"}],"version-history":[{"count":0,"href":"https:\/\/newsinfoco.com.br\/inicio\/wp-json\/wp\/v2\/posts\/3254\/revisions"}],"wp:featuredmedia":[{"embeddable":true,"href":"https:\/\/newsinfoco.com.br\/inicio\/wp-json\/wp\/v2\/media\/3255"}],"wp:attachment":[{"href":"https:\/\/newsinfoco.com.br\/inicio\/wp-json\/wp\/v2\/media?parent=3254"}],"wp:term":[{"taxonomy":"category","embeddable":true,"href":"https:\/\/newsinfoco.com.br\/inicio\/wp-json\/wp\/v2\/categories?post=3254"},{"taxonomy":"post_tag","embeddable":true,"href":"https:\/\/newsinfoco.com.br\/inicio\/wp-json\/wp\/v2\/tags?post=3254"}],"curies":[{"name":"wp","href":"https:\/\/api.w.org\/{rel}","templated":true}]}}