{"id":32553,"date":"2023-01-22T20:00:50","date_gmt":"2023-01-22T23:00:50","guid":{"rendered":"https:\/\/newsinfoco.com.br\/inicio\/?p=32553"},"modified":"2023-01-22T20:01:22","modified_gmt":"2023-01-22T23:01:22","slug":"brasil-tem-media-de-131-mortes-por-covid-diz-conass","status":"publish","type":"post","link":"https:\/\/newsinfoco.com.br\/inicio\/brasil-tem-media-de-131-mortes-por-covid-diz-conass\/","title":{"rendered":"Brasil tem m\u00e9dia de 131 mortes por Covid, diz Conass"},"content":{"rendered":"<p>O Brasil registrou, nas \u00faltimas 24 horas,\u00a03 mortes por Covid e 552 novos casos, informou o Conselho Nacional de Secret\u00e1rios de Sa\u00fade (Conass) neste domingo.<\/p>\n<p>Com isso, o n\u00famero de v\u00edtimas fatais da doen\u00e7a no pa\u00eds desde o in\u00edcio da pandemia chegou a\u00a0696.257, e o total de casos aumentou\u00a0para\u00a036.718.053.<\/p>\n<p>A m\u00e9dia m\u00f3vel dos \u00faltimos 7 dias, de acordo com as secretarias estaduais, foi de\u00a0131 \u00f3bitos\u00a0e mais de\u00a012 mil novos casos diariamente.<\/p>\n<p>Oantagonista<\/p>\n<div class='share-to-whatsapp-wrapper'><div class='share-on-whsp'>Share on: <\/div><a data-text='Brasil tem m\u00e9dia de 131 mortes por Covid, diz Conass' data-link='https:\/\/newsinfoco.com.br\/inicio\/brasil-tem-media-de-131-mortes-por-covid-diz-conass\/' class='whatsapp-button whatsapp-share'>WhatsApp<\/a><div class='clear '><\/div><\/div>","protected":false},"excerpt":{"rendered":"<p>O Brasil registrou, nas \u00faltimas 24 horas,\u00a03 mortes por Covid e 552 novos casos, informou o Conselho Nacional de Secret\u00e1rios de Sa\u00fade (Conass) neste domingo. Com isso, o n\u00famero de v\u00edtimas fatais da doen\u00e7a no pa\u00eds desde o in\u00edcio da pandemia chegou a\u00a0696.257, e o total de casos aumentou\u00a0para\u00a036.718.053. A m\u00e9dia m\u00f3vel dos \u00faltimos 7 [&hellip;]<\/p>\n","protected":false},"author":1,"featured_media":26384,"comment_status":"closed","ping_status":"closed","sticky":false,"template":"","format":"standard","meta":{"om_disable_all_campaigns":false,"rop_custom_images_group":[],"rop_custom_messages_group":[],"rop_publish_now":"initial","rop_publish_now_accounts":[],"rop_publish_now_history":[],"rop_publish_now_status":"pending","_exactmetrics_skip_tracking":false,"footnotes":""},"categories":[21],"tags":[],"class_list":["post-32553","post","type-post","status-publish","format-standard","has-post-thumbnail","hentry","category-brasil"],"aioseo_notices":[],"aioseo_head":"\n\t\t<!-- All in One SEO 4.9.10 - aioseo.com -->\n\t<meta name=\"description\" content=\"O Brasil registrou, nas \u00faltimas 24 horas, 3 mortes por Covid e 552 novos casos, informou o Conselho Nacional de Secret\u00e1rios de Sa\u00fade (Conass) neste domingo. Com isso, o n\u00famero de v\u00edtimas fatais da doen\u00e7a no pa\u00eds desde o in\u00edcio da pandemia chegou a 696.257, e o total de casos aumentou para 36.718.053. A m\u00e9dia m\u00f3vel dos \u00faltimos 7\" \/>\n\t<meta name=\"robots\" content=\"max-image-preview:large\" \/>\n\t<meta name=\"author\" content=\"administrador\"\/>\n\t<link rel=\"canonical\" href=\"https:\/\/newsinfoco.com.br\/inicio\/brasil-tem-media-de-131-mortes-por-covid-diz-conass\/\" \/>\n\t<meta name=\"generator\" content=\"All in One SEO (AIOSEO) 4.9.10\" \/>\n\t\t<meta property=\"og:locale\" content=\"pt_BR\" \/>\n\t\t<meta property=\"og:site_name\" content=\"News In Foco - Editado por Caio Pimenta - O principal site de noticias de Alagoinhas e regi\u00e3o\" \/>\n\t\t<meta property=\"og:type\" content=\"article\" \/>\n\t\t<meta property=\"og:title\" content=\"Brasil tem m\u00e9dia de 131 mortes por Covid, diz Conass - News In Foco - Editado por Caio Pimenta\" \/>\n\t\t<meta property=\"og:description\" content=\"O Brasil registrou, nas \u00faltimas 24 horas, 3 mortes por Covid e 552 novos casos, informou o Conselho Nacional de Secret\u00e1rios de Sa\u00fade (Conass) neste domingo. Com isso, o n\u00famero de v\u00edtimas fatais da doen\u00e7a no pa\u00eds desde o in\u00edcio da pandemia chegou a 696.257, e o total de casos aumentou para 36.718.053. A m\u00e9dia m\u00f3vel dos \u00faltimos 7\" \/>\n\t\t<meta property=\"og:url\" content=\"https:\/\/newsinfoco.com.br\/inicio\/brasil-tem-media-de-131-mortes-por-covid-diz-conass\/\" \/>\n\t\t<meta property=\"article:published_time\" content=\"2023-01-22T23:00:50+00:00\" \/>\n\t\t<meta property=\"article:modified_time\" content=\"2023-01-22T23:01:22+00:00\" \/>\n\t\t<meta name=\"twitter:card\" content=\"summary_large_image\" \/>\n\t\t<meta name=\"twitter:title\" content=\"Brasil tem m\u00e9dia de 131 mortes por Covid, diz Conass - News In Foco - Editado por Caio Pimenta\" \/>\n\t\t<meta name=\"twitter:description\" content=\"O Brasil registrou, nas \u00faltimas 24 horas, 3 mortes por Covid e 552 novos casos, informou o Conselho Nacional de Secret\u00e1rios de Sa\u00fade (Conass) neste domingo. Com isso, o n\u00famero de v\u00edtimas fatais da doen\u00e7a no pa\u00eds desde o in\u00edcio da pandemia chegou a 696.257, e o total de casos aumentou para 36.718.053. A m\u00e9dia m\u00f3vel dos \u00faltimos 7\" \/>\n\t\t<script type=\"application\/ld+json\" class=\"aioseo-schema\">\n\t\t\t{\"@context\":\"https:\\\/\\\/schema.org\",\"@graph\":[{\"@type\":\"BlogPosting\",\"@id\":\"https:\\\/\\\/newsinfoco.com.br\\\/inicio\\\/brasil-tem-media-de-131-mortes-por-covid-diz-conass\\\/#blogposting\",\"name\":\"Brasil tem m\\u00e9dia de 131 mortes por Covid, diz Conass - News In Foco - Editado por Caio Pimenta\",\"headline\":\"Brasil tem m\\u00e9dia de 131 mortes por Covid, diz Conass\",\"author\":{\"@id\":\"https:\\\/\\\/newsinfoco.com.br\\\/inicio\\\/author\\\/administrador\\\/#author\"},\"publisher\":{\"@id\":\"https:\\\/\\\/newsinfoco.com.br\\\/inicio\\\/#organization\"},\"image\":{\"@type\":\"ImageObject\",\"url\":\"https:\\\/\\\/newsinfoco.com.br\\\/inicio\\\/wp-content\\\/uploads\\\/2021\\\/09\\\/lacen-coronavirus-covid-laboratorio.jpg\",\"width\":600,\"height\":420},\"datePublished\":\"2023-01-22T20:00:50-03:00\",\"dateModified\":\"2023-01-22T20:01:22-03:00\",\"inLanguage\":\"pt-BR\",\"mainEntityOfPage\":{\"@id\":\"https:\\\/\\\/newsinfoco.com.br\\\/inicio\\\/brasil-tem-media-de-131-mortes-por-covid-diz-conass\\\/#webpage\"},\"isPartOf\":{\"@id\":\"https:\\\/\\\/newsinfoco.com.br\\\/inicio\\\/brasil-tem-media-de-131-mortes-por-covid-diz-conass\\\/#webpage\"},\"articleSection\":\"Brasil\"},{\"@type\":\"BreadcrumbList\",\"@id\":\"https:\\\/\\\/newsinfoco.com.br\\\/inicio\\\/brasil-tem-media-de-131-mortes-por-covid-diz-conass\\\/#breadcrumblist\",\"itemListElement\":[{\"@type\":\"ListItem\",\"@id\":\"https:\\\/\\\/newsinfoco.com.br\\\/inicio#listItem\",\"position\":1,\"name\":\"In\\u00edcio\",\"item\":\"https:\\\/\\\/newsinfoco.com.br\\\/inicio\",\"nextItem\":{\"@type\":\"ListItem\",\"@id\":\"https:\\\/\\\/newsinfoco.com.br\\\/inicio\\\/category\\\/brasil\\\/#listItem\",\"name\":\"Brasil\"}},{\"@type\":\"ListItem\",\"@id\":\"https:\\\/\\\/newsinfoco.com.br\\\/inicio\\\/category\\\/brasil\\\/#listItem\",\"position\":2,\"name\":\"Brasil\",\"item\":\"https:\\\/\\\/newsinfoco.com.br\\\/inicio\\\/category\\\/brasil\\\/\",\"nextItem\":{\"@type\":\"ListItem\",\"@id\":\"https:\\\/\\\/newsinfoco.com.br\\\/inicio\\\/brasil-tem-media-de-131-mortes-por-covid-diz-conass\\\/#listItem\",\"name\":\"Brasil tem m\\u00e9dia de 131 mortes por Covid, diz Conass\"},\"previousItem\":{\"@type\":\"ListItem\",\"@id\":\"https:\\\/\\\/newsinfoco.com.br\\\/inicio#listItem\",\"name\":\"In\\u00edcio\"}},{\"@type\":\"ListItem\",\"@id\":\"https:\\\/\\\/newsinfoco.com.br\\\/inicio\\\/brasil-tem-media-de-131-mortes-por-covid-diz-conass\\\/#listItem\",\"position\":3,\"name\":\"Brasil tem m\\u00e9dia de 131 mortes por Covid, diz Conass\",\"previousItem\":{\"@type\":\"ListItem\",\"@id\":\"https:\\\/\\\/newsinfoco.com.br\\\/inicio\\\/category\\\/brasil\\\/#listItem\",\"name\":\"Brasil\"}}]},{\"@type\":\"Organization\",\"@id\":\"https:\\\/\\\/newsinfoco.com.br\\\/inicio\\\/#organization\",\"name\":\"News In Foco - Editado por Caio Pimenta\",\"description\":\"O principal site de noticias de Alagoinhas e regi\\u00e3o\",\"url\":\"https:\\\/\\\/newsinfoco.com.br\\\/inicio\\\/\"},{\"@type\":\"Person\",\"@id\":\"https:\\\/\\\/newsinfoco.com.br\\\/inicio\\\/author\\\/administrador\\\/#author\",\"url\":\"https:\\\/\\\/newsinfoco.com.br\\\/inicio\\\/author\\\/administrador\\\/\",\"name\":\"administrador\",\"image\":{\"@type\":\"ImageObject\",\"@id\":\"https:\\\/\\\/newsinfoco.com.br\\\/inicio\\\/brasil-tem-media-de-131-mortes-por-covid-diz-conass\\\/#authorImage\",\"url\":\"https:\\\/\\\/secure.gravatar.com\\\/avatar\\\/c17a617433de8c1dc9584bb79aab7563b46f5bb7e1728c9b17d9cc3ce6a08e49?s=96&d=mm&r=g\",\"width\":96,\"height\":96,\"caption\":\"administrador\"}},{\"@type\":\"WebPage\",\"@id\":\"https:\\\/\\\/newsinfoco.com.br\\\/inicio\\\/brasil-tem-media-de-131-mortes-por-covid-diz-conass\\\/#webpage\",\"url\":\"https:\\\/\\\/newsinfoco.com.br\\\/inicio\\\/brasil-tem-media-de-131-mortes-por-covid-diz-conass\\\/\",\"name\":\"Brasil tem m\\u00e9dia de 131 mortes por Covid, diz Conass - News In Foco - Editado por Caio Pimenta\",\"description\":\"O Brasil registrou, nas \\u00faltimas 24 horas, 3 mortes por Covid e 552 novos casos, informou o Conselho Nacional de Secret\\u00e1rios de Sa\\u00fade (Conass) neste domingo. Com isso, o n\\u00famero de v\\u00edtimas fatais da doen\\u00e7a no pa\\u00eds desde o in\\u00edcio da pandemia chegou a 696.257, e o total de casos aumentou para 36.718.053. A m\\u00e9dia m\\u00f3vel dos \\u00faltimos 7\",\"inLanguage\":\"pt-BR\",\"isPartOf\":{\"@id\":\"https:\\\/\\\/newsinfoco.com.br\\\/inicio\\\/#website\"},\"breadcrumb\":{\"@id\":\"https:\\\/\\\/newsinfoco.com.br\\\/inicio\\\/brasil-tem-media-de-131-mortes-por-covid-diz-conass\\\/#breadcrumblist\"},\"author\":{\"@id\":\"https:\\\/\\\/newsinfoco.com.br\\\/inicio\\\/author\\\/administrador\\\/#author\"},\"creator\":{\"@id\":\"https:\\\/\\\/newsinfoco.com.br\\\/inicio\\\/author\\\/administrador\\\/#author\"},\"image\":{\"@type\":\"ImageObject\",\"url\":\"https:\\\/\\\/newsinfoco.com.br\\\/inicio\\\/wp-content\\\/uploads\\\/2021\\\/09\\\/lacen-coronavirus-covid-laboratorio.jpg\",\"@id\":\"https:\\\/\\\/newsinfoco.com.br\\\/inicio\\\/brasil-tem-media-de-131-mortes-por-covid-diz-conass\\\/#mainImage\",\"width\":600,\"height\":420},\"primaryImageOfPage\":{\"@id\":\"https:\\\/\\\/newsinfoco.com.br\\\/inicio\\\/brasil-tem-media-de-131-mortes-por-covid-diz-conass\\\/#mainImage\"},\"datePublished\":\"2023-01-22T20:00:50-03:00\",\"dateModified\":\"2023-01-22T20:01:22-03:00\"},{\"@type\":\"WebSite\",\"@id\":\"https:\\\/\\\/newsinfoco.com.br\\\/inicio\\\/#website\",\"url\":\"https:\\\/\\\/newsinfoco.com.br\\\/inicio\\\/\",\"name\":\"News In Foco - Editado por Caio Pimenta\",\"description\":\"O principal site de noticias de Alagoinhas e regi\\u00e3o\",\"inLanguage\":\"pt-BR\",\"publisher\":{\"@id\":\"https:\\\/\\\/newsinfoco.com.br\\\/inicio\\\/#organization\"}}]}\n\t\t<\/script>\n\t\t<!-- All in One SEO -->\n\n","aioseo_head_json":{"title":"Brasil tem m\u00e9dia de 131 mortes por Covid, diz Conass - News In Foco - Editado por Caio Pimenta","description":"O Brasil registrou, nas \u00faltimas 24 horas, 3 mortes por Covid e 552 novos casos, informou o Conselho Nacional de Secret\u00e1rios de Sa\u00fade (Conass) neste domingo. Com isso, o n\u00famero de v\u00edtimas fatais da doen\u00e7a no pa\u00eds desde o in\u00edcio da pandemia chegou a 696.257, e o total de casos aumentou para 36.718.053. A m\u00e9dia m\u00f3vel dos \u00faltimos 7","canonical_url":"https:\/\/newsinfoco.com.br\/inicio\/brasil-tem-media-de-131-mortes-por-covid-diz-conass\/","robots":"max-image-preview:large","keywords":"","webmasterTools":{"miscellaneous":""},"schema":{"@context":"https:\/\/schema.org","@graph":[{"@type":"BlogPosting","@id":"https:\/\/newsinfoco.com.br\/inicio\/brasil-tem-media-de-131-mortes-por-covid-diz-conass\/#blogposting","name":"Brasil tem m\u00e9dia de 131 mortes por Covid, diz Conass - News In Foco - Editado por Caio Pimenta","headline":"Brasil tem m\u00e9dia de 131 mortes por Covid, diz Conass","author":{"@id":"https:\/\/newsinfoco.com.br\/inicio\/author\/administrador\/#author"},"publisher":{"@id":"https:\/\/newsinfoco.com.br\/inicio\/#organization"},"image":{"@type":"ImageObject","url":"https:\/\/newsinfoco.com.br\/inicio\/wp-content\/uploads\/2021\/09\/lacen-coronavirus-covid-laboratorio.jpg","width":600,"height":420},"datePublished":"2023-01-22T20:00:50-03:00","dateModified":"2023-01-22T20:01:22-03:00","inLanguage":"pt-BR","mainEntityOfPage":{"@id":"https:\/\/newsinfoco.com.br\/inicio\/brasil-tem-media-de-131-mortes-por-covid-diz-conass\/#webpage"},"isPartOf":{"@id":"https:\/\/newsinfoco.com.br\/inicio\/brasil-tem-media-de-131-mortes-por-covid-diz-conass\/#webpage"},"articleSection":"Brasil"},{"@type":"BreadcrumbList","@id":"https:\/\/newsinfoco.com.br\/inicio\/brasil-tem-media-de-131-mortes-por-covid-diz-conass\/#breadcrumblist","itemListElement":[{"@type":"ListItem","@id":"https:\/\/newsinfoco.com.br\/inicio#listItem","position":1,"name":"In\u00edcio","item":"https:\/\/newsinfoco.com.br\/inicio","nextItem":{"@type":"ListItem","@id":"https:\/\/newsinfoco.com.br\/inicio\/category\/brasil\/#listItem","name":"Brasil"}},{"@type":"ListItem","@id":"https:\/\/newsinfoco.com.br\/inicio\/category\/brasil\/#listItem","position":2,"name":"Brasil","item":"https:\/\/newsinfoco.com.br\/inicio\/category\/brasil\/","nextItem":{"@type":"ListItem","@id":"https:\/\/newsinfoco.com.br\/inicio\/brasil-tem-media-de-131-mortes-por-covid-diz-conass\/#listItem","name":"Brasil tem m\u00e9dia de 131 mortes por Covid, diz Conass"},"previousItem":{"@type":"ListItem","@id":"https:\/\/newsinfoco.com.br\/inicio#listItem","name":"In\u00edcio"}},{"@type":"ListItem","@id":"https:\/\/newsinfoco.com.br\/inicio\/brasil-tem-media-de-131-mortes-por-covid-diz-conass\/#listItem","position":3,"name":"Brasil tem m\u00e9dia de 131 mortes por Covid, diz Conass","previousItem":{"@type":"ListItem","@id":"https:\/\/newsinfoco.com.br\/inicio\/category\/brasil\/#listItem","name":"Brasil"}}]},{"@type":"Organization","@id":"https:\/\/newsinfoco.com.br\/inicio\/#organization","name":"News In Foco - Editado por Caio Pimenta","description":"O principal site de noticias de Alagoinhas e regi\u00e3o","url":"https:\/\/newsinfoco.com.br\/inicio\/"},{"@type":"Person","@id":"https:\/\/newsinfoco.com.br\/inicio\/author\/administrador\/#author","url":"https:\/\/newsinfoco.com.br\/inicio\/author\/administrador\/","name":"administrador","image":{"@type":"ImageObject","@id":"https:\/\/newsinfoco.com.br\/inicio\/brasil-tem-media-de-131-mortes-por-covid-diz-conass\/#authorImage","url":"https:\/\/secure.gravatar.com\/avatar\/c17a617433de8c1dc9584bb79aab7563b46f5bb7e1728c9b17d9cc3ce6a08e49?s=96&d=mm&r=g","width":96,"height":96,"caption":"administrador"}},{"@type":"WebPage","@id":"https:\/\/newsinfoco.com.br\/inicio\/brasil-tem-media-de-131-mortes-por-covid-diz-conass\/#webpage","url":"https:\/\/newsinfoco.com.br\/inicio\/brasil-tem-media-de-131-mortes-por-covid-diz-conass\/","name":"Brasil tem m\u00e9dia de 131 mortes por Covid, diz Conass - News In Foco - Editado por Caio Pimenta","description":"O Brasil registrou, nas \u00faltimas 24 horas, 3 mortes por Covid e 552 novos casos, informou o Conselho Nacional de Secret\u00e1rios de Sa\u00fade (Conass) neste domingo. Com isso, o n\u00famero de v\u00edtimas fatais da doen\u00e7a no pa\u00eds desde o in\u00edcio da pandemia chegou a 696.257, e o total de casos aumentou para 36.718.053. A m\u00e9dia m\u00f3vel dos \u00faltimos 7","inLanguage":"pt-BR","isPartOf":{"@id":"https:\/\/newsinfoco.com.br\/inicio\/#website"},"breadcrumb":{"@id":"https:\/\/newsinfoco.com.br\/inicio\/brasil-tem-media-de-131-mortes-por-covid-diz-conass\/#breadcrumblist"},"author":{"@id":"https:\/\/newsinfoco.com.br\/inicio\/author\/administrador\/#author"},"creator":{"@id":"https:\/\/newsinfoco.com.br\/inicio\/author\/administrador\/#author"},"image":{"@type":"ImageObject","url":"https:\/\/newsinfoco.com.br\/inicio\/wp-content\/uploads\/2021\/09\/lacen-coronavirus-covid-laboratorio.jpg","@id":"https:\/\/newsinfoco.com.br\/inicio\/brasil-tem-media-de-131-mortes-por-covid-diz-conass\/#mainImage","width":600,"height":420},"primaryImageOfPage":{"@id":"https:\/\/newsinfoco.com.br\/inicio\/brasil-tem-media-de-131-mortes-por-covid-diz-conass\/#mainImage"},"datePublished":"2023-01-22T20:00:50-03:00","dateModified":"2023-01-22T20:01:22-03:00"},{"@type":"WebSite","@id":"https:\/\/newsinfoco.com.br\/inicio\/#website","url":"https:\/\/newsinfoco.com.br\/inicio\/","name":"News In Foco - Editado por Caio Pimenta","description":"O principal site de noticias de Alagoinhas e regi\u00e3o","inLanguage":"pt-BR","publisher":{"@id":"https:\/\/newsinfoco.com.br\/inicio\/#organization"}}]},"og:locale":"pt_BR","og:site_name":"News In Foco - Editado por Caio Pimenta - O principal site de noticias de Alagoinhas e regi\u00e3o","og:type":"article","og:title":"Brasil tem m\u00e9dia de 131 mortes por Covid, diz Conass - News In Foco - Editado por Caio Pimenta","og:description":"O Brasil registrou, nas \u00faltimas 24 horas, 3 mortes por Covid e 552 novos casos, informou o Conselho Nacional de Secret\u00e1rios de Sa\u00fade (Conass) neste domingo. Com isso, o n\u00famero de v\u00edtimas fatais da doen\u00e7a no pa\u00eds desde o in\u00edcio da pandemia chegou a 696.257, e o total de casos aumentou para 36.718.053. A m\u00e9dia m\u00f3vel dos \u00faltimos 7","og:url":"https:\/\/newsinfoco.com.br\/inicio\/brasil-tem-media-de-131-mortes-por-covid-diz-conass\/","article:published_time":"2023-01-22T23:00:50+00:00","article:modified_time":"2023-01-22T23:01:22+00:00","twitter:card":"summary_large_image","twitter:title":"Brasil tem m\u00e9dia de 131 mortes por Covid, diz Conass - News In Foco - Editado por Caio Pimenta","twitter:description":"O Brasil registrou, nas \u00faltimas 24 horas, 3 mortes por Covid e 552 novos casos, informou o Conselho Nacional de Secret\u00e1rios de Sa\u00fade (Conass) neste domingo. Com isso, o n\u00famero de v\u00edtimas fatais da doen\u00e7a no pa\u00eds desde o in\u00edcio da pandemia chegou a 696.257, e o total de casos aumentou para 36.718.053. A m\u00e9dia m\u00f3vel dos \u00faltimos 7"},"aioseo_meta_data":{"post_id":"32553","title":null,"description":null,"keywords":null,"keyphrases":null,"primary_term":null,"canonical_url":null,"og_title":null,"og_description":null,"og_object_type":"default","og_image_type":"default","og_image_url":null,"og_image_width":null,"og_image_height":null,"og_image_custom_url":null,"og_image_custom_fields":null,"og_video":null,"og_custom_url":null,"og_article_section":null,"og_article_tags":null,"twitter_use_og":false,"twitter_card":"default","twitter_image_type":"default","twitter_image_url":null,"twitter_image_custom_url":null,"twitter_image_custom_fields":null,"twitter_title":null,"twitter_description":null,"schema":{"blockGraphs":[],"customGraphs":[],"default":{"data":{"Article":[],"Course":[],"Dataset":[],"FAQPage":[],"Movie":[],"Person":[],"Product":[],"ProductReview":[],"Car":[],"Recipe":[],"Service":[],"SoftwareApplication":[],"WebPage":[]},"graphName":"","isEnabled":true},"graphs":[]},"schema_type":"default","schema_type_options":null,"pillar_content":false,"robots_default":true,"robots_noindex":false,"robots_noarchive":false,"robots_nosnippet":false,"robots_nofollow":false,"robots_noimageindex":false,"robots_noodp":false,"robots_notranslate":false,"robots_max_snippet":null,"robots_max_videopreview":null,"robots_max_imagepreview":"large","priority":null,"frequency":null,"local_seo":null,"breadcrumb_settings":null,"limit_modified_date":false,"ai":null,"created":"2023-06-12 22:34:48","updated":"2025-07-11 08:52:08","seo_analyzer_scan_date":null},"aioseo_breadcrumb":"<div class=\"aioseo-breadcrumbs\"><span class=\"aioseo-breadcrumb\">\n\t\t\t<a href=\"https:\/\/newsinfoco.com.br\/inicio\" title=\"In\u00edcio\">In\u00edcio<\/a>\n\t\t<\/span><span class=\"aioseo-breadcrumb-separator\">&raquo;<\/span><span class=\"aioseo-breadcrumb\">\n\t\t\t<a href=\"https:\/\/newsinfoco.com.br\/inicio\/category\/brasil\/\" title=\"Brasil\">Brasil<\/a>\n\t\t<\/span><span class=\"aioseo-breadcrumb-separator\">&raquo;<\/span><span class=\"aioseo-breadcrumb\">\n\t\t\tBrasil tem m\u00e9dia de 131 mortes por Covid, diz Conass\n\t\t<\/span><\/div>","aioseo_breadcrumb_json":[{"label":"In\u00edcio","link":"https:\/\/newsinfoco.com.br\/inicio"},{"label":"Brasil","link":"https:\/\/newsinfoco.com.br\/inicio\/category\/brasil\/"},{"label":"Brasil tem m\u00e9dia de 131 mortes por Covid, diz Conass","link":"https:\/\/newsinfoco.com.br\/inicio\/brasil-tem-media-de-131-mortes-por-covid-diz-conass\/"}],"_links":{"self":[{"href":"https:\/\/newsinfoco.com.br\/inicio\/wp-json\/wp\/v2\/posts\/32553","targetHints":{"allow":["GET"]}}],"collection":[{"href":"https:\/\/newsinfoco.com.br\/inicio\/wp-json\/wp\/v2\/posts"}],"about":[{"href":"https:\/\/newsinfoco.com.br\/inicio\/wp-json\/wp\/v2\/types\/post"}],"author":[{"embeddable":true,"href":"https:\/\/newsinfoco.com.br\/inicio\/wp-json\/wp\/v2\/users\/1"}],"replies":[{"embeddable":true,"href":"https:\/\/newsinfoco.com.br\/inicio\/wp-json\/wp\/v2\/comments?post=32553"}],"version-history":[{"count":1,"href":"https:\/\/newsinfoco.com.br\/inicio\/wp-json\/wp\/v2\/posts\/32553\/revisions"}],"predecessor-version":[{"id":32554,"href":"https:\/\/newsinfoco.com.br\/inicio\/wp-json\/wp\/v2\/posts\/32553\/revisions\/32554"}],"wp:featuredmedia":[{"embeddable":true,"href":"https:\/\/newsinfoco.com.br\/inicio\/wp-json\/wp\/v2\/media\/26384"}],"wp:attachment":[{"href":"https:\/\/newsinfoco.com.br\/inicio\/wp-json\/wp\/v2\/media?parent=32553"}],"wp:term":[{"taxonomy":"category","embeddable":true,"href":"https:\/\/newsinfoco.com.br\/inicio\/wp-json\/wp\/v2\/categories?post=32553"},{"taxonomy":"post_tag","embeddable":true,"href":"https:\/\/newsinfoco.com.br\/inicio\/wp-json\/wp\/v2\/tags?post=32553"}],"curies":[{"name":"wp","href":"https:\/\/api.w.org\/{rel}","templated":true}]}}