{"id":32564,"date":"2023-01-22T20:18:44","date_gmt":"2023-01-22T23:18:44","guid":{"rendered":"https:\/\/newsinfoco.com.br\/inicio\/?p=32564"},"modified":"2023-01-22T20:18:44","modified_gmt":"2023-01-22T23:18:44","slug":"rui-veta-tecnico-do-governo-bolsonaro-como-numero-2-do-ministerio-de-minas-e-energia","status":"publish","type":"post","link":"https:\/\/newsinfoco.com.br\/inicio\/rui-veta-tecnico-do-governo-bolsonaro-como-numero-2-do-ministerio-de-minas-e-energia\/","title":{"rendered":"Rui veta t\u00e9cnico do governo Bolsonaro como n\u00famero 2 do Minist\u00e9rio de Minas e Energia"},"content":{"rendered":"<p>A Casa Civil vetou o nome de Bruno Eust\u00e1quio para secretaria-executiva do Minist\u00e9rio de Minas e Energia (MME), informa o jornal O Estado de S. Paulo. O veto vem dias ap\u00f3s o ministro da pasta, Alexandre Silveira (PSD), negar publicamente qualquer resist\u00eancia do Planalto ao nome.<\/p>\n<p>Na ocasi\u00e3o, Silveira disse que Eust\u00e1quio, que trabalhou na estrutura\u00e7\u00e3o da privatiza\u00e7\u00e3o da Eletrobras, era um \u201cgrande t\u00e9cnico\u201d e, portanto, um \u201cbom nome\u201d para a pasta. Segundo o Estad\u00e3o, a decis\u00e3o de barrar a indica\u00e7\u00e3o partiu do pr\u00f3prio ministro-chefe da Casa Civil, Rui Costa (PT), e de sua secret\u00e1ria-executiva, Miriam Belchior (PT). As resist\u00eancias vinham dificultando a forma\u00e7\u00e3o do segundo escal\u00e3o do MME.<\/p>\n<p>Eust\u00e1quio ocupou cargos de relev\u00e2ncia no governo do ex-presidente Jair Bolsonaro (PL). Foi secret\u00e1rio-executivo adjunto do pr\u00f3prio MME e, depois, migrou para a pasta da Infraestrutura, onde tamb\u00e9m foi secret\u00e1rio-executivo. Al\u00e9m de atuar na prepara\u00e7\u00e3o do processo de privatiza\u00e7\u00e3o da Eletrobras, foi membro do Conselho de Administra\u00e7\u00e3o da antiga estatal.<\/p>\n<p>Pelo hist\u00f3rico recente, a poss\u00edvel perman\u00eancia do t\u00e9cnico no alto escal\u00e3o do MME no novo governo do PT sofreu intensa resist\u00eancia do movimento sindical e de organiza\u00e7\u00f5es sociais voltadas ao setor el\u00e9trico nas \u00faltimas semanas.<\/p>\n<p>H\u00e1 10 dias, a \u201cPlataforma Oper\u00e1ria e Camponesa de \u00c1gua e Energia\u201d, coletivo que re\u00fane 43 entidades da sociedade da civil organizada como movimentos sociais, sindicatos e federa\u00e7\u00f5es, enviou carta ao ministro da Secretaria de Rela\u00e7\u00f5es Institucionais pedindo o veto a Eust\u00e1quio.<\/p>\n<p>O documento pontua que a confirma\u00e7\u00e3o da indica\u00e7\u00e3o causaria \u201cdecep\u00e7\u00e3o\u201d nos movimentos populares porque as \u201cconcep\u00e7\u00f5es e pr\u00e1tica pol\u00edticas\u201d de Eust\u00e1quio seriam contr\u00e1rias ao programa de governo eleito em outubro do ano passado.<\/p>\n<p>Silveira agora ter\u00e1 de buscar outro quadro para sua estrutura de comando. Na semana passada, quando elogiou Eust\u00e1quio, disse que havia outros dois nomes em an\u00e1lise, mas n\u00e3o citou nomes.<\/p>\n<p>&nbsp;<\/p>\n<p>Politicalivre<\/p>\n<div class='share-to-whatsapp-wrapper'><div class='share-on-whsp'>Share on: <\/div><a data-text='Rui veta t\u00e9cnico do governo Bolsonaro como n\u00famero 2 do Minist\u00e9rio de Minas e Energia' data-link='https:\/\/newsinfoco.com.br\/inicio\/rui-veta-tecnico-do-governo-bolsonaro-como-numero-2-do-ministerio-de-minas-e-energia\/' class='whatsapp-button whatsapp-share'>WhatsApp<\/a><div class='clear '><\/div><\/div>","protected":false},"excerpt":{"rendered":"<p>A Casa Civil vetou o nome de Bruno Eust\u00e1quio para secretaria-executiva do Minist\u00e9rio de Minas e Energia (MME), informa o jornal O Estado de S. Paulo. O veto vem dias ap\u00f3s o ministro da pasta, Alexandre Silveira (PSD), negar publicamente qualquer resist\u00eancia do Planalto ao nome. Na ocasi\u00e3o, Silveira disse que Eust\u00e1quio, que trabalhou na [&hellip;]<\/p>\n","protected":false},"author":1,"featured_media":29800,"comment_status":"closed","ping_status":"closed","sticky":false,"template":"","format":"standard","meta":{"om_disable_all_campaigns":false,"rop_custom_images_group":[],"rop_custom_messages_group":[],"rop_publish_now":"initial","rop_publish_now_accounts":[],"rop_publish_now_history":[],"rop_publish_now_status":"pending","_exactmetrics_skip_tracking":false,"footnotes":""},"categories":[21],"tags":[],"class_list":["post-32564","post","type-post","status-publish","format-standard","has-post-thumbnail","hentry","category-brasil"],"aioseo_notices":[],"aioseo_head":"\n\t\t<!-- All in One SEO 4.9.10 - aioseo.com -->\n\t<meta name=\"description\" content=\"A Casa Civil vetou o nome de Bruno Eust\u00e1quio para secretaria-executiva do Minist\u00e9rio de Minas e Energia (MME), informa o jornal O Estado de S. Paulo. O veto vem dias ap\u00f3s o ministro da pasta, Alexandre Silveira (PSD), negar publicamente qualquer resist\u00eancia do Planalto ao nome. Na ocasi\u00e3o, Silveira disse que Eust\u00e1quio, que trabalhou na\" \/>\n\t<meta name=\"robots\" content=\"max-image-preview:large\" \/>\n\t<meta name=\"author\" content=\"administrador\"\/>\n\t<link rel=\"canonical\" href=\"https:\/\/newsinfoco.com.br\/inicio\/rui-veta-tecnico-do-governo-bolsonaro-como-numero-2-do-ministerio-de-minas-e-energia\/\" \/>\n\t<meta name=\"generator\" content=\"All in One SEO (AIOSEO) 4.9.10\" \/>\n\t\t<meta property=\"og:locale\" content=\"pt_BR\" \/>\n\t\t<meta property=\"og:site_name\" content=\"News In Foco - Editado por Caio Pimenta - O principal site de noticias de Alagoinhas e regi\u00e3o\" \/>\n\t\t<meta property=\"og:type\" content=\"article\" \/>\n\t\t<meta property=\"og:title\" content=\"Rui veta t\u00e9cnico do governo Bolsonaro como n\u00famero 2 do Minist\u00e9rio de Minas e Energia - News In Foco - Editado por Caio Pimenta\" \/>\n\t\t<meta property=\"og:description\" content=\"A Casa Civil vetou o nome de Bruno Eust\u00e1quio para secretaria-executiva do Minist\u00e9rio de Minas e Energia (MME), informa o jornal O Estado de S. Paulo. O veto vem dias ap\u00f3s o ministro da pasta, Alexandre Silveira (PSD), negar publicamente qualquer resist\u00eancia do Planalto ao nome. Na ocasi\u00e3o, Silveira disse que Eust\u00e1quio, que trabalhou na\" \/>\n\t\t<meta property=\"og:url\" content=\"https:\/\/newsinfoco.com.br\/inicio\/rui-veta-tecnico-do-governo-bolsonaro-como-numero-2-do-ministerio-de-minas-e-energia\/\" \/>\n\t\t<meta property=\"article:published_time\" content=\"2023-01-22T23:18:44+00:00\" \/>\n\t\t<meta property=\"article:modified_time\" content=\"2023-01-22T23:18:44+00:00\" \/>\n\t\t<meta name=\"twitter:card\" content=\"summary_large_image\" \/>\n\t\t<meta name=\"twitter:title\" content=\"Rui veta t\u00e9cnico do governo Bolsonaro como n\u00famero 2 do Minist\u00e9rio de Minas e Energia - News In Foco - Editado por Caio Pimenta\" \/>\n\t\t<meta name=\"twitter:description\" content=\"A Casa Civil vetou o nome de Bruno Eust\u00e1quio para secretaria-executiva do Minist\u00e9rio de Minas e Energia (MME), informa o jornal O Estado de S. Paulo. O veto vem dias ap\u00f3s o ministro da pasta, Alexandre Silveira (PSD), negar publicamente qualquer resist\u00eancia do Planalto ao nome. Na ocasi\u00e3o, Silveira disse que Eust\u00e1quio, que trabalhou na\" \/>\n\t\t<script type=\"application\/ld+json\" class=\"aioseo-schema\">\n\t\t\t{\"@context\":\"https:\\\/\\\/schema.org\",\"@graph\":[{\"@type\":\"BlogPosting\",\"@id\":\"https:\\\/\\\/newsinfoco.com.br\\\/inicio\\\/rui-veta-tecnico-do-governo-bolsonaro-como-numero-2-do-ministerio-de-minas-e-energia\\\/#blogposting\",\"name\":\"Rui veta t\\u00e9cnico do governo Bolsonaro como n\\u00famero 2 do Minist\\u00e9rio de Minas e Energia - News In Foco - Editado por Caio Pimenta\",\"headline\":\"Rui veta t\\u00e9cnico do governo Bolsonaro como n\\u00famero 2 do Minist\\u00e9rio de Minas e Energia\",\"author\":{\"@id\":\"https:\\\/\\\/newsinfoco.com.br\\\/inicio\\\/author\\\/administrador\\\/#author\"},\"publisher\":{\"@id\":\"https:\\\/\\\/newsinfoco.com.br\\\/inicio\\\/#organization\"},\"image\":{\"@type\":\"ImageObject\",\"url\":\"https:\\\/\\\/newsinfoco.com.br\\\/inicio\\\/wp-content\\\/uploads\\\/2022\\\/04\\\/csm_rui_costa_reproducao_f4e9f6d75f.jpg\",\"width\":940,\"height\":442},\"datePublished\":\"2023-01-22T20:18:44-03:00\",\"dateModified\":\"2023-01-22T20:18:44-03:00\",\"inLanguage\":\"pt-BR\",\"mainEntityOfPage\":{\"@id\":\"https:\\\/\\\/newsinfoco.com.br\\\/inicio\\\/rui-veta-tecnico-do-governo-bolsonaro-como-numero-2-do-ministerio-de-minas-e-energia\\\/#webpage\"},\"isPartOf\":{\"@id\":\"https:\\\/\\\/newsinfoco.com.br\\\/inicio\\\/rui-veta-tecnico-do-governo-bolsonaro-como-numero-2-do-ministerio-de-minas-e-energia\\\/#webpage\"},\"articleSection\":\"Brasil\"},{\"@type\":\"BreadcrumbList\",\"@id\":\"https:\\\/\\\/newsinfoco.com.br\\\/inicio\\\/rui-veta-tecnico-do-governo-bolsonaro-como-numero-2-do-ministerio-de-minas-e-energia\\\/#breadcrumblist\",\"itemListElement\":[{\"@type\":\"ListItem\",\"@id\":\"https:\\\/\\\/newsinfoco.com.br\\\/inicio#listItem\",\"position\":1,\"name\":\"In\\u00edcio\",\"item\":\"https:\\\/\\\/newsinfoco.com.br\\\/inicio\",\"nextItem\":{\"@type\":\"ListItem\",\"@id\":\"https:\\\/\\\/newsinfoco.com.br\\\/inicio\\\/category\\\/brasil\\\/#listItem\",\"name\":\"Brasil\"}},{\"@type\":\"ListItem\",\"@id\":\"https:\\\/\\\/newsinfoco.com.br\\\/inicio\\\/category\\\/brasil\\\/#listItem\",\"position\":2,\"name\":\"Brasil\",\"item\":\"https:\\\/\\\/newsinfoco.com.br\\\/inicio\\\/category\\\/brasil\\\/\",\"nextItem\":{\"@type\":\"ListItem\",\"@id\":\"https:\\\/\\\/newsinfoco.com.br\\\/inicio\\\/rui-veta-tecnico-do-governo-bolsonaro-como-numero-2-do-ministerio-de-minas-e-energia\\\/#listItem\",\"name\":\"Rui veta t\\u00e9cnico do governo Bolsonaro como n\\u00famero 2 do Minist\\u00e9rio de Minas e Energia\"},\"previousItem\":{\"@type\":\"ListItem\",\"@id\":\"https:\\\/\\\/newsinfoco.com.br\\\/inicio#listItem\",\"name\":\"In\\u00edcio\"}},{\"@type\":\"ListItem\",\"@id\":\"https:\\\/\\\/newsinfoco.com.br\\\/inicio\\\/rui-veta-tecnico-do-governo-bolsonaro-como-numero-2-do-ministerio-de-minas-e-energia\\\/#listItem\",\"position\":3,\"name\":\"Rui veta t\\u00e9cnico do governo Bolsonaro como n\\u00famero 2 do Minist\\u00e9rio de Minas e Energia\",\"previousItem\":{\"@type\":\"ListItem\",\"@id\":\"https:\\\/\\\/newsinfoco.com.br\\\/inicio\\\/category\\\/brasil\\\/#listItem\",\"name\":\"Brasil\"}}]},{\"@type\":\"Organization\",\"@id\":\"https:\\\/\\\/newsinfoco.com.br\\\/inicio\\\/#organization\",\"name\":\"News In Foco - Editado por Caio Pimenta\",\"description\":\"O principal site de noticias de Alagoinhas e regi\\u00e3o\",\"url\":\"https:\\\/\\\/newsinfoco.com.br\\\/inicio\\\/\"},{\"@type\":\"Person\",\"@id\":\"https:\\\/\\\/newsinfoco.com.br\\\/inicio\\\/author\\\/administrador\\\/#author\",\"url\":\"https:\\\/\\\/newsinfoco.com.br\\\/inicio\\\/author\\\/administrador\\\/\",\"name\":\"administrador\",\"image\":{\"@type\":\"ImageObject\",\"@id\":\"https:\\\/\\\/newsinfoco.com.br\\\/inicio\\\/rui-veta-tecnico-do-governo-bolsonaro-como-numero-2-do-ministerio-de-minas-e-energia\\\/#authorImage\",\"url\":\"https:\\\/\\\/secure.gravatar.com\\\/avatar\\\/c17a617433de8c1dc9584bb79aab7563b46f5bb7e1728c9b17d9cc3ce6a08e49?s=96&d=mm&r=g\",\"width\":96,\"height\":96,\"caption\":\"administrador\"}},{\"@type\":\"WebPage\",\"@id\":\"https:\\\/\\\/newsinfoco.com.br\\\/inicio\\\/rui-veta-tecnico-do-governo-bolsonaro-como-numero-2-do-ministerio-de-minas-e-energia\\\/#webpage\",\"url\":\"https:\\\/\\\/newsinfoco.com.br\\\/inicio\\\/rui-veta-tecnico-do-governo-bolsonaro-como-numero-2-do-ministerio-de-minas-e-energia\\\/\",\"name\":\"Rui veta t\\u00e9cnico do governo Bolsonaro como n\\u00famero 2 do Minist\\u00e9rio de Minas e Energia - News In Foco - Editado por Caio Pimenta\",\"description\":\"A Casa Civil vetou o nome de Bruno Eust\\u00e1quio para secretaria-executiva do Minist\\u00e9rio de Minas e Energia (MME), informa o jornal O Estado de S. Paulo. O veto vem dias ap\\u00f3s o ministro da pasta, Alexandre Silveira (PSD), negar publicamente qualquer resist\\u00eancia do Planalto ao nome. Na ocasi\\u00e3o, Silveira disse que Eust\\u00e1quio, que trabalhou na\",\"inLanguage\":\"pt-BR\",\"isPartOf\":{\"@id\":\"https:\\\/\\\/newsinfoco.com.br\\\/inicio\\\/#website\"},\"breadcrumb\":{\"@id\":\"https:\\\/\\\/newsinfoco.com.br\\\/inicio\\\/rui-veta-tecnico-do-governo-bolsonaro-como-numero-2-do-ministerio-de-minas-e-energia\\\/#breadcrumblist\"},\"author\":{\"@id\":\"https:\\\/\\\/newsinfoco.com.br\\\/inicio\\\/author\\\/administrador\\\/#author\"},\"creator\":{\"@id\":\"https:\\\/\\\/newsinfoco.com.br\\\/inicio\\\/author\\\/administrador\\\/#author\"},\"image\":{\"@type\":\"ImageObject\",\"url\":\"https:\\\/\\\/newsinfoco.com.br\\\/inicio\\\/wp-content\\\/uploads\\\/2022\\\/04\\\/csm_rui_costa_reproducao_f4e9f6d75f.jpg\",\"@id\":\"https:\\\/\\\/newsinfoco.com.br\\\/inicio\\\/rui-veta-tecnico-do-governo-bolsonaro-como-numero-2-do-ministerio-de-minas-e-energia\\\/#mainImage\",\"width\":940,\"height\":442},\"primaryImageOfPage\":{\"@id\":\"https:\\\/\\\/newsinfoco.com.br\\\/inicio\\\/rui-veta-tecnico-do-governo-bolsonaro-como-numero-2-do-ministerio-de-minas-e-energia\\\/#mainImage\"},\"datePublished\":\"2023-01-22T20:18:44-03:00\",\"dateModified\":\"2023-01-22T20:18:44-03:00\"},{\"@type\":\"WebSite\",\"@id\":\"https:\\\/\\\/newsinfoco.com.br\\\/inicio\\\/#website\",\"url\":\"https:\\\/\\\/newsinfoco.com.br\\\/inicio\\\/\",\"name\":\"News In Foco - Editado por Caio Pimenta\",\"description\":\"O principal site de noticias de Alagoinhas e regi\\u00e3o\",\"inLanguage\":\"pt-BR\",\"publisher\":{\"@id\":\"https:\\\/\\\/newsinfoco.com.br\\\/inicio\\\/#organization\"}}]}\n\t\t<\/script>\n\t\t<!-- All in One SEO -->\n\n","aioseo_head_json":{"title":"Rui veta t\u00e9cnico do governo Bolsonaro como n\u00famero 2 do Minist\u00e9rio de Minas e Energia - News In Foco - Editado por Caio Pimenta","description":"A Casa Civil vetou o nome de Bruno Eust\u00e1quio para secretaria-executiva do Minist\u00e9rio de Minas e Energia (MME), informa o jornal O Estado de S. Paulo. O veto vem dias ap\u00f3s o ministro da pasta, Alexandre Silveira (PSD), negar publicamente qualquer resist\u00eancia do Planalto ao nome. Na ocasi\u00e3o, Silveira disse que Eust\u00e1quio, que trabalhou na","canonical_url":"https:\/\/newsinfoco.com.br\/inicio\/rui-veta-tecnico-do-governo-bolsonaro-como-numero-2-do-ministerio-de-minas-e-energia\/","robots":"max-image-preview:large","keywords":"","webmasterTools":{"miscellaneous":""},"schema":{"@context":"https:\/\/schema.org","@graph":[{"@type":"BlogPosting","@id":"https:\/\/newsinfoco.com.br\/inicio\/rui-veta-tecnico-do-governo-bolsonaro-como-numero-2-do-ministerio-de-minas-e-energia\/#blogposting","name":"Rui veta t\u00e9cnico do governo Bolsonaro como n\u00famero 2 do Minist\u00e9rio de Minas e Energia - News In Foco - Editado por Caio Pimenta","headline":"Rui veta t\u00e9cnico do governo Bolsonaro como n\u00famero 2 do Minist\u00e9rio de Minas e Energia","author":{"@id":"https:\/\/newsinfoco.com.br\/inicio\/author\/administrador\/#author"},"publisher":{"@id":"https:\/\/newsinfoco.com.br\/inicio\/#organization"},"image":{"@type":"ImageObject","url":"https:\/\/newsinfoco.com.br\/inicio\/wp-content\/uploads\/2022\/04\/csm_rui_costa_reproducao_f4e9f6d75f.jpg","width":940,"height":442},"datePublished":"2023-01-22T20:18:44-03:00","dateModified":"2023-01-22T20:18:44-03:00","inLanguage":"pt-BR","mainEntityOfPage":{"@id":"https:\/\/newsinfoco.com.br\/inicio\/rui-veta-tecnico-do-governo-bolsonaro-como-numero-2-do-ministerio-de-minas-e-energia\/#webpage"},"isPartOf":{"@id":"https:\/\/newsinfoco.com.br\/inicio\/rui-veta-tecnico-do-governo-bolsonaro-como-numero-2-do-ministerio-de-minas-e-energia\/#webpage"},"articleSection":"Brasil"},{"@type":"BreadcrumbList","@id":"https:\/\/newsinfoco.com.br\/inicio\/rui-veta-tecnico-do-governo-bolsonaro-como-numero-2-do-ministerio-de-minas-e-energia\/#breadcrumblist","itemListElement":[{"@type":"ListItem","@id":"https:\/\/newsinfoco.com.br\/inicio#listItem","position":1,"name":"In\u00edcio","item":"https:\/\/newsinfoco.com.br\/inicio","nextItem":{"@type":"ListItem","@id":"https:\/\/newsinfoco.com.br\/inicio\/category\/brasil\/#listItem","name":"Brasil"}},{"@type":"ListItem","@id":"https:\/\/newsinfoco.com.br\/inicio\/category\/brasil\/#listItem","position":2,"name":"Brasil","item":"https:\/\/newsinfoco.com.br\/inicio\/category\/brasil\/","nextItem":{"@type":"ListItem","@id":"https:\/\/newsinfoco.com.br\/inicio\/rui-veta-tecnico-do-governo-bolsonaro-como-numero-2-do-ministerio-de-minas-e-energia\/#listItem","name":"Rui veta t\u00e9cnico do governo Bolsonaro como n\u00famero 2 do Minist\u00e9rio de Minas e Energia"},"previousItem":{"@type":"ListItem","@id":"https:\/\/newsinfoco.com.br\/inicio#listItem","name":"In\u00edcio"}},{"@type":"ListItem","@id":"https:\/\/newsinfoco.com.br\/inicio\/rui-veta-tecnico-do-governo-bolsonaro-como-numero-2-do-ministerio-de-minas-e-energia\/#listItem","position":3,"name":"Rui veta t\u00e9cnico do governo Bolsonaro como n\u00famero 2 do Minist\u00e9rio de Minas e Energia","previousItem":{"@type":"ListItem","@id":"https:\/\/newsinfoco.com.br\/inicio\/category\/brasil\/#listItem","name":"Brasil"}}]},{"@type":"Organization","@id":"https:\/\/newsinfoco.com.br\/inicio\/#organization","name":"News In Foco - Editado por Caio Pimenta","description":"O principal site de noticias de Alagoinhas e regi\u00e3o","url":"https:\/\/newsinfoco.com.br\/inicio\/"},{"@type":"Person","@id":"https:\/\/newsinfoco.com.br\/inicio\/author\/administrador\/#author","url":"https:\/\/newsinfoco.com.br\/inicio\/author\/administrador\/","name":"administrador","image":{"@type":"ImageObject","@id":"https:\/\/newsinfoco.com.br\/inicio\/rui-veta-tecnico-do-governo-bolsonaro-como-numero-2-do-ministerio-de-minas-e-energia\/#authorImage","url":"https:\/\/secure.gravatar.com\/avatar\/c17a617433de8c1dc9584bb79aab7563b46f5bb7e1728c9b17d9cc3ce6a08e49?s=96&d=mm&r=g","width":96,"height":96,"caption":"administrador"}},{"@type":"WebPage","@id":"https:\/\/newsinfoco.com.br\/inicio\/rui-veta-tecnico-do-governo-bolsonaro-como-numero-2-do-ministerio-de-minas-e-energia\/#webpage","url":"https:\/\/newsinfoco.com.br\/inicio\/rui-veta-tecnico-do-governo-bolsonaro-como-numero-2-do-ministerio-de-minas-e-energia\/","name":"Rui veta t\u00e9cnico do governo Bolsonaro como n\u00famero 2 do Minist\u00e9rio de Minas e Energia - News In Foco - Editado por Caio Pimenta","description":"A Casa Civil vetou o nome de Bruno Eust\u00e1quio para secretaria-executiva do Minist\u00e9rio de Minas e Energia (MME), informa o jornal O Estado de S. Paulo. O veto vem dias ap\u00f3s o ministro da pasta, Alexandre Silveira (PSD), negar publicamente qualquer resist\u00eancia do Planalto ao nome. Na ocasi\u00e3o, Silveira disse que Eust\u00e1quio, que trabalhou na","inLanguage":"pt-BR","isPartOf":{"@id":"https:\/\/newsinfoco.com.br\/inicio\/#website"},"breadcrumb":{"@id":"https:\/\/newsinfoco.com.br\/inicio\/rui-veta-tecnico-do-governo-bolsonaro-como-numero-2-do-ministerio-de-minas-e-energia\/#breadcrumblist"},"author":{"@id":"https:\/\/newsinfoco.com.br\/inicio\/author\/administrador\/#author"},"creator":{"@id":"https:\/\/newsinfoco.com.br\/inicio\/author\/administrador\/#author"},"image":{"@type":"ImageObject","url":"https:\/\/newsinfoco.com.br\/inicio\/wp-content\/uploads\/2022\/04\/csm_rui_costa_reproducao_f4e9f6d75f.jpg","@id":"https:\/\/newsinfoco.com.br\/inicio\/rui-veta-tecnico-do-governo-bolsonaro-como-numero-2-do-ministerio-de-minas-e-energia\/#mainImage","width":940,"height":442},"primaryImageOfPage":{"@id":"https:\/\/newsinfoco.com.br\/inicio\/rui-veta-tecnico-do-governo-bolsonaro-como-numero-2-do-ministerio-de-minas-e-energia\/#mainImage"},"datePublished":"2023-01-22T20:18:44-03:00","dateModified":"2023-01-22T20:18:44-03:00"},{"@type":"WebSite","@id":"https:\/\/newsinfoco.com.br\/inicio\/#website","url":"https:\/\/newsinfoco.com.br\/inicio\/","name":"News In Foco - Editado por Caio Pimenta","description":"O principal site de noticias de Alagoinhas e regi\u00e3o","inLanguage":"pt-BR","publisher":{"@id":"https:\/\/newsinfoco.com.br\/inicio\/#organization"}}]},"og:locale":"pt_BR","og:site_name":"News In Foco - Editado por Caio Pimenta - O principal site de noticias de Alagoinhas e regi\u00e3o","og:type":"article","og:title":"Rui veta t\u00e9cnico do governo Bolsonaro como n\u00famero 2 do Minist\u00e9rio de Minas e Energia - News In Foco - Editado por Caio Pimenta","og:description":"A Casa Civil vetou o nome de Bruno Eust\u00e1quio para secretaria-executiva do Minist\u00e9rio de Minas e Energia (MME), informa o jornal O Estado de S. Paulo. O veto vem dias ap\u00f3s o ministro da pasta, Alexandre Silveira (PSD), negar publicamente qualquer resist\u00eancia do Planalto ao nome. Na ocasi\u00e3o, Silveira disse que Eust\u00e1quio, que trabalhou na","og:url":"https:\/\/newsinfoco.com.br\/inicio\/rui-veta-tecnico-do-governo-bolsonaro-como-numero-2-do-ministerio-de-minas-e-energia\/","article:published_time":"2023-01-22T23:18:44+00:00","article:modified_time":"2023-01-22T23:18:44+00:00","twitter:card":"summary_large_image","twitter:title":"Rui veta t\u00e9cnico do governo Bolsonaro como n\u00famero 2 do Minist\u00e9rio de Minas e Energia - News In Foco - Editado por Caio Pimenta","twitter:description":"A Casa Civil vetou o nome de Bruno Eust\u00e1quio para secretaria-executiva do Minist\u00e9rio de Minas e Energia (MME), informa o jornal O Estado de S. Paulo. O veto vem dias ap\u00f3s o ministro da pasta, Alexandre Silveira (PSD), negar publicamente qualquer resist\u00eancia do Planalto ao nome. Na ocasi\u00e3o, Silveira disse que Eust\u00e1quio, que trabalhou na"},"aioseo_meta_data":{"post_id":"32564","title":null,"description":null,"keywords":null,"keyphrases":null,"primary_term":null,"canonical_url":null,"og_title":null,"og_description":null,"og_object_type":"default","og_image_type":"default","og_image_url":null,"og_image_width":null,"og_image_height":null,"og_image_custom_url":null,"og_image_custom_fields":null,"og_video":null,"og_custom_url":null,"og_article_section":null,"og_article_tags":null,"twitter_use_og":false,"twitter_card":"default","twitter_image_type":"default","twitter_image_url":null,"twitter_image_custom_url":null,"twitter_image_custom_fields":null,"twitter_title":null,"twitter_description":null,"schema":{"blockGraphs":[],"customGraphs":[],"default":{"data":{"Article":[],"Course":[],"Dataset":[],"FAQPage":[],"Movie":[],"Person":[],"Product":[],"ProductReview":[],"Car":[],"Recipe":[],"Service":[],"SoftwareApplication":[],"WebPage":[]},"graphName":"","isEnabled":true},"graphs":[]},"schema_type":"default","schema_type_options":null,"pillar_content":false,"robots_default":true,"robots_noindex":false,"robots_noarchive":false,"robots_nosnippet":false,"robots_nofollow":false,"robots_noimageindex":false,"robots_noodp":false,"robots_notranslate":false,"robots_max_snippet":null,"robots_max_videopreview":null,"robots_max_imagepreview":"large","priority":null,"frequency":null,"local_seo":null,"breadcrumb_settings":null,"limit_modified_date":false,"ai":null,"created":"2023-06-12 22:35:45","updated":"2025-07-11 08:53:36","seo_analyzer_scan_date":null},"aioseo_breadcrumb":"<div class=\"aioseo-breadcrumbs\"><span class=\"aioseo-breadcrumb\">\n\t\t\t<a href=\"https:\/\/newsinfoco.com.br\/inicio\" title=\"In\u00edcio\">In\u00edcio<\/a>\n\t\t<\/span><span class=\"aioseo-breadcrumb-separator\">&raquo;<\/span><span class=\"aioseo-breadcrumb\">\n\t\t\t<a href=\"https:\/\/newsinfoco.com.br\/inicio\/category\/brasil\/\" title=\"Brasil\">Brasil<\/a>\n\t\t<\/span><span class=\"aioseo-breadcrumb-separator\">&raquo;<\/span><span class=\"aioseo-breadcrumb\">\n\t\t\tRui veta t\u00e9cnico do governo Bolsonaro como n\u00famero 2 do Minist\u00e9rio de Minas e Energia\n\t\t<\/span><\/div>","aioseo_breadcrumb_json":[{"label":"In\u00edcio","link":"https:\/\/newsinfoco.com.br\/inicio"},{"label":"Brasil","link":"https:\/\/newsinfoco.com.br\/inicio\/category\/brasil\/"},{"label":"Rui veta t\u00e9cnico do governo Bolsonaro como n\u00famero 2 do Minist\u00e9rio de Minas e Energia","link":"https:\/\/newsinfoco.com.br\/inicio\/rui-veta-tecnico-do-governo-bolsonaro-como-numero-2-do-ministerio-de-minas-e-energia\/"}],"_links":{"self":[{"href":"https:\/\/newsinfoco.com.br\/inicio\/wp-json\/wp\/v2\/posts\/32564","targetHints":{"allow":["GET"]}}],"collection":[{"href":"https:\/\/newsinfoco.com.br\/inicio\/wp-json\/wp\/v2\/posts"}],"about":[{"href":"https:\/\/newsinfoco.com.br\/inicio\/wp-json\/wp\/v2\/types\/post"}],"author":[{"embeddable":true,"href":"https:\/\/newsinfoco.com.br\/inicio\/wp-json\/wp\/v2\/users\/1"}],"replies":[{"embeddable":true,"href":"https:\/\/newsinfoco.com.br\/inicio\/wp-json\/wp\/v2\/comments?post=32564"}],"version-history":[{"count":1,"href":"https:\/\/newsinfoco.com.br\/inicio\/wp-json\/wp\/v2\/posts\/32564\/revisions"}],"predecessor-version":[{"id":32565,"href":"https:\/\/newsinfoco.com.br\/inicio\/wp-json\/wp\/v2\/posts\/32564\/revisions\/32565"}],"wp:featuredmedia":[{"embeddable":true,"href":"https:\/\/newsinfoco.com.br\/inicio\/wp-json\/wp\/v2\/media\/29800"}],"wp:attachment":[{"href":"https:\/\/newsinfoco.com.br\/inicio\/wp-json\/wp\/v2\/media?parent=32564"}],"wp:term":[{"taxonomy":"category","embeddable":true,"href":"https:\/\/newsinfoco.com.br\/inicio\/wp-json\/wp\/v2\/categories?post=32564"},{"taxonomy":"post_tag","embeddable":true,"href":"https:\/\/newsinfoco.com.br\/inicio\/wp-json\/wp\/v2\/tags?post=32564"}],"curies":[{"name":"wp","href":"https:\/\/api.w.org\/{rel}","templated":true}]}}