{"id":32572,"date":"2023-01-22T20:39:04","date_gmt":"2023-01-22T23:39:04","guid":{"rendered":"https:\/\/newsinfoco.com.br\/inicio\/?p=32572"},"modified":"2023-01-22T20:39:04","modified_gmt":"2023-01-22T23:39:04","slug":"crise-no-psdb-baiano-adolfo-viana-e-joao-gualberto-param-de-se-falar-diz-coluna","status":"publish","type":"post","link":"https:\/\/newsinfoco.com.br\/inicio\/crise-no-psdb-baiano-adolfo-viana-e-joao-gualberto-param-de-se-falar-diz-coluna\/","title":{"rendered":"Crise no PSDB Baiano: Adolfo Viana e Jo\u00e3o Gualberto param de se falar, diz coluna"},"content":{"rendered":"<p>O clima entre o presidente estadual do PSDB, Adolfo Viana, e o prefeito de Mata de S\u00e3o Jo\u00e3o, Jo\u00e3o Gualberto, n\u00e3o \u00e9 nada bom e os dois n\u00e3o est\u00e3o se falando.<\/p>\n<p>A informa\u00e7\u00e3o foi dada pela coluna Na Sombra do Poder, do Bnews. \u201cA rela\u00e7\u00e3o entre os dois naufragou nos \u00faltimos tempos, fragilizando ainda mais o poder dos tucanos na Bahia\u201d, diz a publica\u00e7\u00e3o, que n\u00e3o aprofunda no assunto.<\/p>\n<p>Jo\u00e3o Gualberto perdeu poder de fogo no PSDB baiano depois do resultado de ACM Neto (UB) em Mata de S\u00e3o Jo\u00e3o durante os dois turnos da elei\u00e7\u00e3o para governador \u2013 Jer\u00f4nimo Rodrigues (PT) venceu no munic\u00edpio. Desde ent\u00e3o, Gualberto virou alvo de fogo amigo dentro do PSDB.<\/p>\n<p>&nbsp;<\/p>\n<p>Politicaaovivo<\/p>\n<div class='share-to-whatsapp-wrapper'><div class='share-on-whsp'>Share on: <\/div><a data-text='Crise no PSDB Baiano: Adolfo Viana e Jo\u00e3o Gualberto param de se falar, diz coluna' data-link='https:\/\/newsinfoco.com.br\/inicio\/crise-no-psdb-baiano-adolfo-viana-e-joao-gualberto-param-de-se-falar-diz-coluna\/' class='whatsapp-button whatsapp-share'>WhatsApp<\/a><div class='clear '><\/div><\/div>","protected":false},"excerpt":{"rendered":"<p>O clima entre o presidente estadual do PSDB, Adolfo Viana, e o prefeito de Mata de S\u00e3o Jo\u00e3o, Jo\u00e3o Gualberto, n\u00e3o \u00e9 nada bom e os dois n\u00e3o est\u00e3o se falando. A informa\u00e7\u00e3o foi dada pela coluna Na Sombra do Poder, do Bnews. \u201cA rela\u00e7\u00e3o entre os dois naufragou nos \u00faltimos tempos, fragilizando ainda mais [&hellip;]<\/p>\n","protected":false},"author":1,"featured_media":32573,"comment_status":"closed","ping_status":"closed","sticky":false,"template":"","format":"standard","meta":{"om_disable_all_campaigns":false,"rop_custom_images_group":[],"rop_custom_messages_group":[],"rop_publish_now":"initial","rop_publish_now_accounts":[],"rop_publish_now_history":[],"rop_publish_now_status":"pending","_exactmetrics_skip_tracking":false,"footnotes":""},"categories":[40],"tags":[],"class_list":["post-32572","post","type-post","status-publish","format-standard","has-post-thumbnail","hentry","category-politica"],"aioseo_notices":[],"aioseo_head":"\n\t\t<!-- All in One SEO 4.9.10 - aioseo.com -->\n\t<meta name=\"description\" content=\"O clima entre o presidente estadual do PSDB, Adolfo Viana, e o prefeito de Mata de S\u00e3o Jo\u00e3o, Jo\u00e3o Gualberto, n\u00e3o \u00e9 nada bom e os dois n\u00e3o est\u00e3o se falando. A informa\u00e7\u00e3o foi dada pela coluna Na Sombra do Poder, do Bnews. \u201cA rela\u00e7\u00e3o entre os dois naufragou nos \u00faltimos tempos, fragilizando ainda mais\" \/>\n\t<meta name=\"robots\" content=\"max-image-preview:large\" \/>\n\t<meta name=\"author\" content=\"administrador\"\/>\n\t<link rel=\"canonical\" href=\"https:\/\/newsinfoco.com.br\/inicio\/crise-no-psdb-baiano-adolfo-viana-e-joao-gualberto-param-de-se-falar-diz-coluna\/\" \/>\n\t<meta name=\"generator\" content=\"All in One SEO (AIOSEO) 4.9.10\" \/>\n\t\t<meta property=\"og:locale\" content=\"pt_BR\" \/>\n\t\t<meta property=\"og:site_name\" content=\"News In Foco - Editado por Caio Pimenta - O principal site de noticias de Alagoinhas e regi\u00e3o\" \/>\n\t\t<meta property=\"og:type\" content=\"article\" \/>\n\t\t<meta property=\"og:title\" content=\"Crise no PSDB Baiano: Adolfo Viana e Jo\u00e3o Gualberto param de se falar, diz coluna - News In Foco - Editado por Caio Pimenta\" \/>\n\t\t<meta property=\"og:description\" content=\"O clima entre o presidente estadual do PSDB, Adolfo Viana, e o prefeito de Mata de S\u00e3o Jo\u00e3o, Jo\u00e3o Gualberto, n\u00e3o \u00e9 nada bom e os dois n\u00e3o est\u00e3o se falando. A informa\u00e7\u00e3o foi dada pela coluna Na Sombra do Poder, do Bnews. \u201cA rela\u00e7\u00e3o entre os dois naufragou nos \u00faltimos tempos, fragilizando ainda mais\" \/>\n\t\t<meta property=\"og:url\" content=\"https:\/\/newsinfoco.com.br\/inicio\/crise-no-psdb-baiano-adolfo-viana-e-joao-gualberto-param-de-se-falar-diz-coluna\/\" \/>\n\t\t<meta property=\"article:published_time\" content=\"2023-01-22T23:39:04+00:00\" \/>\n\t\t<meta property=\"article:modified_time\" content=\"2023-01-22T23:39:04+00:00\" \/>\n\t\t<meta name=\"twitter:card\" content=\"summary_large_image\" \/>\n\t\t<meta name=\"twitter:title\" content=\"Crise no PSDB Baiano: Adolfo Viana e Jo\u00e3o Gualberto param de se falar, diz coluna - News In Foco - Editado por Caio Pimenta\" \/>\n\t\t<meta name=\"twitter:description\" content=\"O clima entre o presidente estadual do PSDB, Adolfo Viana, e o prefeito de Mata de S\u00e3o Jo\u00e3o, Jo\u00e3o Gualberto, n\u00e3o \u00e9 nada bom e os dois n\u00e3o est\u00e3o se falando. A informa\u00e7\u00e3o foi dada pela coluna Na Sombra do Poder, do Bnews. \u201cA rela\u00e7\u00e3o entre os dois naufragou nos \u00faltimos tempos, fragilizando ainda mais\" \/>\n\t\t<script type=\"application\/ld+json\" class=\"aioseo-schema\">\n\t\t\t{\"@context\":\"https:\\\/\\\/schema.org\",\"@graph\":[{\"@type\":\"BlogPosting\",\"@id\":\"https:\\\/\\\/newsinfoco.com.br\\\/inicio\\\/crise-no-psdb-baiano-adolfo-viana-e-joao-gualberto-param-de-se-falar-diz-coluna\\\/#blogposting\",\"name\":\"Crise no PSDB Baiano: Adolfo Viana e Jo\\u00e3o Gualberto param de se falar, diz coluna - News In Foco - Editado por Caio Pimenta\",\"headline\":\"Crise no PSDB Baiano: Adolfo Viana e Jo\\u00e3o Gualberto param de se falar, diz coluna\",\"author\":{\"@id\":\"https:\\\/\\\/newsinfoco.com.br\\\/inicio\\\/author\\\/administrador\\\/#author\"},\"publisher\":{\"@id\":\"https:\\\/\\\/newsinfoco.com.br\\\/inicio\\\/#organization\"},\"image\":{\"@type\":\"ImageObject\",\"url\":\"https:\\\/\\\/newsinfoco.com.br\\\/inicio\\\/wp-content\\\/uploads\\\/2023\\\/01\\\/joaogualbertoadolfoviana.jpg\",\"width\":609,\"height\":411},\"datePublished\":\"2023-01-22T20:39:04-03:00\",\"dateModified\":\"2023-01-22T20:39:04-03:00\",\"inLanguage\":\"pt-BR\",\"mainEntityOfPage\":{\"@id\":\"https:\\\/\\\/newsinfoco.com.br\\\/inicio\\\/crise-no-psdb-baiano-adolfo-viana-e-joao-gualberto-param-de-se-falar-diz-coluna\\\/#webpage\"},\"isPartOf\":{\"@id\":\"https:\\\/\\\/newsinfoco.com.br\\\/inicio\\\/crise-no-psdb-baiano-adolfo-viana-e-joao-gualberto-param-de-se-falar-diz-coluna\\\/#webpage\"},\"articleSection\":\"Pol\\u00edtica\"},{\"@type\":\"BreadcrumbList\",\"@id\":\"https:\\\/\\\/newsinfoco.com.br\\\/inicio\\\/crise-no-psdb-baiano-adolfo-viana-e-joao-gualberto-param-de-se-falar-diz-coluna\\\/#breadcrumblist\",\"itemListElement\":[{\"@type\":\"ListItem\",\"@id\":\"https:\\\/\\\/newsinfoco.com.br\\\/inicio#listItem\",\"position\":1,\"name\":\"In\\u00edcio\",\"item\":\"https:\\\/\\\/newsinfoco.com.br\\\/inicio\",\"nextItem\":{\"@type\":\"ListItem\",\"@id\":\"https:\\\/\\\/newsinfoco.com.br\\\/inicio\\\/category\\\/politica\\\/#listItem\",\"name\":\"Pol\\u00edtica\"}},{\"@type\":\"ListItem\",\"@id\":\"https:\\\/\\\/newsinfoco.com.br\\\/inicio\\\/category\\\/politica\\\/#listItem\",\"position\":2,\"name\":\"Pol\\u00edtica\",\"item\":\"https:\\\/\\\/newsinfoco.com.br\\\/inicio\\\/category\\\/politica\\\/\",\"nextItem\":{\"@type\":\"ListItem\",\"@id\":\"https:\\\/\\\/newsinfoco.com.br\\\/inicio\\\/crise-no-psdb-baiano-adolfo-viana-e-joao-gualberto-param-de-se-falar-diz-coluna\\\/#listItem\",\"name\":\"Crise no PSDB Baiano: Adolfo Viana e Jo\\u00e3o Gualberto param de se falar, diz coluna\"},\"previousItem\":{\"@type\":\"ListItem\",\"@id\":\"https:\\\/\\\/newsinfoco.com.br\\\/inicio#listItem\",\"name\":\"In\\u00edcio\"}},{\"@type\":\"ListItem\",\"@id\":\"https:\\\/\\\/newsinfoco.com.br\\\/inicio\\\/crise-no-psdb-baiano-adolfo-viana-e-joao-gualberto-param-de-se-falar-diz-coluna\\\/#listItem\",\"position\":3,\"name\":\"Crise no PSDB Baiano: Adolfo Viana e Jo\\u00e3o Gualberto param de se falar, diz coluna\",\"previousItem\":{\"@type\":\"ListItem\",\"@id\":\"https:\\\/\\\/newsinfoco.com.br\\\/inicio\\\/category\\\/politica\\\/#listItem\",\"name\":\"Pol\\u00edtica\"}}]},{\"@type\":\"Organization\",\"@id\":\"https:\\\/\\\/newsinfoco.com.br\\\/inicio\\\/#organization\",\"name\":\"News In Foco - Editado por Caio Pimenta\",\"description\":\"O principal site de noticias de Alagoinhas e regi\\u00e3o\",\"url\":\"https:\\\/\\\/newsinfoco.com.br\\\/inicio\\\/\"},{\"@type\":\"Person\",\"@id\":\"https:\\\/\\\/newsinfoco.com.br\\\/inicio\\\/author\\\/administrador\\\/#author\",\"url\":\"https:\\\/\\\/newsinfoco.com.br\\\/inicio\\\/author\\\/administrador\\\/\",\"name\":\"administrador\",\"image\":{\"@type\":\"ImageObject\",\"@id\":\"https:\\\/\\\/newsinfoco.com.br\\\/inicio\\\/crise-no-psdb-baiano-adolfo-viana-e-joao-gualberto-param-de-se-falar-diz-coluna\\\/#authorImage\",\"url\":\"https:\\\/\\\/secure.gravatar.com\\\/avatar\\\/c17a617433de8c1dc9584bb79aab7563b46f5bb7e1728c9b17d9cc3ce6a08e49?s=96&d=mm&r=g\",\"width\":96,\"height\":96,\"caption\":\"administrador\"}},{\"@type\":\"WebPage\",\"@id\":\"https:\\\/\\\/newsinfoco.com.br\\\/inicio\\\/crise-no-psdb-baiano-adolfo-viana-e-joao-gualberto-param-de-se-falar-diz-coluna\\\/#webpage\",\"url\":\"https:\\\/\\\/newsinfoco.com.br\\\/inicio\\\/crise-no-psdb-baiano-adolfo-viana-e-joao-gualberto-param-de-se-falar-diz-coluna\\\/\",\"name\":\"Crise no PSDB Baiano: Adolfo Viana e Jo\\u00e3o Gualberto param de se falar, diz coluna - News In Foco - Editado por Caio Pimenta\",\"description\":\"O clima entre o presidente estadual do PSDB, Adolfo Viana, e o prefeito de Mata de S\\u00e3o Jo\\u00e3o, Jo\\u00e3o Gualberto, n\\u00e3o \\u00e9 nada bom e os dois n\\u00e3o est\\u00e3o se falando. A informa\\u00e7\\u00e3o foi dada pela coluna Na Sombra do Poder, do Bnews. \\u201cA rela\\u00e7\\u00e3o entre os dois naufragou nos \\u00faltimos tempos, fragilizando ainda mais\",\"inLanguage\":\"pt-BR\",\"isPartOf\":{\"@id\":\"https:\\\/\\\/newsinfoco.com.br\\\/inicio\\\/#website\"},\"breadcrumb\":{\"@id\":\"https:\\\/\\\/newsinfoco.com.br\\\/inicio\\\/crise-no-psdb-baiano-adolfo-viana-e-joao-gualberto-param-de-se-falar-diz-coluna\\\/#breadcrumblist\"},\"author\":{\"@id\":\"https:\\\/\\\/newsinfoco.com.br\\\/inicio\\\/author\\\/administrador\\\/#author\"},\"creator\":{\"@id\":\"https:\\\/\\\/newsinfoco.com.br\\\/inicio\\\/author\\\/administrador\\\/#author\"},\"image\":{\"@type\":\"ImageObject\",\"url\":\"https:\\\/\\\/newsinfoco.com.br\\\/inicio\\\/wp-content\\\/uploads\\\/2023\\\/01\\\/joaogualbertoadolfoviana.jpg\",\"@id\":\"https:\\\/\\\/newsinfoco.com.br\\\/inicio\\\/crise-no-psdb-baiano-adolfo-viana-e-joao-gualberto-param-de-se-falar-diz-coluna\\\/#mainImage\",\"width\":609,\"height\":411},\"primaryImageOfPage\":{\"@id\":\"https:\\\/\\\/newsinfoco.com.br\\\/inicio\\\/crise-no-psdb-baiano-adolfo-viana-e-joao-gualberto-param-de-se-falar-diz-coluna\\\/#mainImage\"},\"datePublished\":\"2023-01-22T20:39:04-03:00\",\"dateModified\":\"2023-01-22T20:39:04-03:00\"},{\"@type\":\"WebSite\",\"@id\":\"https:\\\/\\\/newsinfoco.com.br\\\/inicio\\\/#website\",\"url\":\"https:\\\/\\\/newsinfoco.com.br\\\/inicio\\\/\",\"name\":\"News In Foco - Editado por Caio Pimenta\",\"description\":\"O principal site de noticias de Alagoinhas e regi\\u00e3o\",\"inLanguage\":\"pt-BR\",\"publisher\":{\"@id\":\"https:\\\/\\\/newsinfoco.com.br\\\/inicio\\\/#organization\"}}]}\n\t\t<\/script>\n\t\t<!-- All in One SEO -->\n\n","aioseo_head_json":{"title":"Crise no PSDB Baiano: Adolfo Viana e Jo\u00e3o Gualberto param de se falar, diz coluna - News In Foco - Editado por Caio Pimenta","description":"O clima entre o presidente estadual do PSDB, Adolfo Viana, e o prefeito de Mata de S\u00e3o Jo\u00e3o, Jo\u00e3o Gualberto, n\u00e3o \u00e9 nada bom e os dois n\u00e3o est\u00e3o se falando. A informa\u00e7\u00e3o foi dada pela coluna Na Sombra do Poder, do Bnews. \u201cA rela\u00e7\u00e3o entre os dois naufragou nos \u00faltimos tempos, fragilizando ainda mais","canonical_url":"https:\/\/newsinfoco.com.br\/inicio\/crise-no-psdb-baiano-adolfo-viana-e-joao-gualberto-param-de-se-falar-diz-coluna\/","robots":"max-image-preview:large","keywords":"","webmasterTools":{"miscellaneous":""},"schema":{"@context":"https:\/\/schema.org","@graph":[{"@type":"BlogPosting","@id":"https:\/\/newsinfoco.com.br\/inicio\/crise-no-psdb-baiano-adolfo-viana-e-joao-gualberto-param-de-se-falar-diz-coluna\/#blogposting","name":"Crise no PSDB Baiano: Adolfo Viana e Jo\u00e3o Gualberto param de se falar, diz coluna - News In Foco - Editado por Caio Pimenta","headline":"Crise no PSDB Baiano: Adolfo Viana e Jo\u00e3o Gualberto param de se falar, diz coluna","author":{"@id":"https:\/\/newsinfoco.com.br\/inicio\/author\/administrador\/#author"},"publisher":{"@id":"https:\/\/newsinfoco.com.br\/inicio\/#organization"},"image":{"@type":"ImageObject","url":"https:\/\/newsinfoco.com.br\/inicio\/wp-content\/uploads\/2023\/01\/joaogualbertoadolfoviana.jpg","width":609,"height":411},"datePublished":"2023-01-22T20:39:04-03:00","dateModified":"2023-01-22T20:39:04-03:00","inLanguage":"pt-BR","mainEntityOfPage":{"@id":"https:\/\/newsinfoco.com.br\/inicio\/crise-no-psdb-baiano-adolfo-viana-e-joao-gualberto-param-de-se-falar-diz-coluna\/#webpage"},"isPartOf":{"@id":"https:\/\/newsinfoco.com.br\/inicio\/crise-no-psdb-baiano-adolfo-viana-e-joao-gualberto-param-de-se-falar-diz-coluna\/#webpage"},"articleSection":"Pol\u00edtica"},{"@type":"BreadcrumbList","@id":"https:\/\/newsinfoco.com.br\/inicio\/crise-no-psdb-baiano-adolfo-viana-e-joao-gualberto-param-de-se-falar-diz-coluna\/#breadcrumblist","itemListElement":[{"@type":"ListItem","@id":"https:\/\/newsinfoco.com.br\/inicio#listItem","position":1,"name":"In\u00edcio","item":"https:\/\/newsinfoco.com.br\/inicio","nextItem":{"@type":"ListItem","@id":"https:\/\/newsinfoco.com.br\/inicio\/category\/politica\/#listItem","name":"Pol\u00edtica"}},{"@type":"ListItem","@id":"https:\/\/newsinfoco.com.br\/inicio\/category\/politica\/#listItem","position":2,"name":"Pol\u00edtica","item":"https:\/\/newsinfoco.com.br\/inicio\/category\/politica\/","nextItem":{"@type":"ListItem","@id":"https:\/\/newsinfoco.com.br\/inicio\/crise-no-psdb-baiano-adolfo-viana-e-joao-gualberto-param-de-se-falar-diz-coluna\/#listItem","name":"Crise no PSDB Baiano: Adolfo Viana e Jo\u00e3o Gualberto param de se falar, diz coluna"},"previousItem":{"@type":"ListItem","@id":"https:\/\/newsinfoco.com.br\/inicio#listItem","name":"In\u00edcio"}},{"@type":"ListItem","@id":"https:\/\/newsinfoco.com.br\/inicio\/crise-no-psdb-baiano-adolfo-viana-e-joao-gualberto-param-de-se-falar-diz-coluna\/#listItem","position":3,"name":"Crise no PSDB Baiano: Adolfo Viana e Jo\u00e3o Gualberto param de se falar, diz coluna","previousItem":{"@type":"ListItem","@id":"https:\/\/newsinfoco.com.br\/inicio\/category\/politica\/#listItem","name":"Pol\u00edtica"}}]},{"@type":"Organization","@id":"https:\/\/newsinfoco.com.br\/inicio\/#organization","name":"News In Foco - Editado por Caio Pimenta","description":"O principal site de noticias de Alagoinhas e regi\u00e3o","url":"https:\/\/newsinfoco.com.br\/inicio\/"},{"@type":"Person","@id":"https:\/\/newsinfoco.com.br\/inicio\/author\/administrador\/#author","url":"https:\/\/newsinfoco.com.br\/inicio\/author\/administrador\/","name":"administrador","image":{"@type":"ImageObject","@id":"https:\/\/newsinfoco.com.br\/inicio\/crise-no-psdb-baiano-adolfo-viana-e-joao-gualberto-param-de-se-falar-diz-coluna\/#authorImage","url":"https:\/\/secure.gravatar.com\/avatar\/c17a617433de8c1dc9584bb79aab7563b46f5bb7e1728c9b17d9cc3ce6a08e49?s=96&d=mm&r=g","width":96,"height":96,"caption":"administrador"}},{"@type":"WebPage","@id":"https:\/\/newsinfoco.com.br\/inicio\/crise-no-psdb-baiano-adolfo-viana-e-joao-gualberto-param-de-se-falar-diz-coluna\/#webpage","url":"https:\/\/newsinfoco.com.br\/inicio\/crise-no-psdb-baiano-adolfo-viana-e-joao-gualberto-param-de-se-falar-diz-coluna\/","name":"Crise no PSDB Baiano: Adolfo Viana e Jo\u00e3o Gualberto param de se falar, diz coluna - News In Foco - Editado por Caio Pimenta","description":"O clima entre o presidente estadual do PSDB, Adolfo Viana, e o prefeito de Mata de S\u00e3o Jo\u00e3o, Jo\u00e3o Gualberto, n\u00e3o \u00e9 nada bom e os dois n\u00e3o est\u00e3o se falando. A informa\u00e7\u00e3o foi dada pela coluna Na Sombra do Poder, do Bnews. \u201cA rela\u00e7\u00e3o entre os dois naufragou nos \u00faltimos tempos, fragilizando ainda mais","inLanguage":"pt-BR","isPartOf":{"@id":"https:\/\/newsinfoco.com.br\/inicio\/#website"},"breadcrumb":{"@id":"https:\/\/newsinfoco.com.br\/inicio\/crise-no-psdb-baiano-adolfo-viana-e-joao-gualberto-param-de-se-falar-diz-coluna\/#breadcrumblist"},"author":{"@id":"https:\/\/newsinfoco.com.br\/inicio\/author\/administrador\/#author"},"creator":{"@id":"https:\/\/newsinfoco.com.br\/inicio\/author\/administrador\/#author"},"image":{"@type":"ImageObject","url":"https:\/\/newsinfoco.com.br\/inicio\/wp-content\/uploads\/2023\/01\/joaogualbertoadolfoviana.jpg","@id":"https:\/\/newsinfoco.com.br\/inicio\/crise-no-psdb-baiano-adolfo-viana-e-joao-gualberto-param-de-se-falar-diz-coluna\/#mainImage","width":609,"height":411},"primaryImageOfPage":{"@id":"https:\/\/newsinfoco.com.br\/inicio\/crise-no-psdb-baiano-adolfo-viana-e-joao-gualberto-param-de-se-falar-diz-coluna\/#mainImage"},"datePublished":"2023-01-22T20:39:04-03:00","dateModified":"2023-01-22T20:39:04-03:00"},{"@type":"WebSite","@id":"https:\/\/newsinfoco.com.br\/inicio\/#website","url":"https:\/\/newsinfoco.com.br\/inicio\/","name":"News In Foco - Editado por Caio Pimenta","description":"O principal site de noticias de Alagoinhas e regi\u00e3o","inLanguage":"pt-BR","publisher":{"@id":"https:\/\/newsinfoco.com.br\/inicio\/#organization"}}]},"og:locale":"pt_BR","og:site_name":"News In Foco - Editado por Caio Pimenta - O principal site de noticias de Alagoinhas e regi\u00e3o","og:type":"article","og:title":"Crise no PSDB Baiano: Adolfo Viana e Jo\u00e3o Gualberto param de se falar, diz coluna - News In Foco - Editado por Caio Pimenta","og:description":"O clima entre o presidente estadual do PSDB, Adolfo Viana, e o prefeito de Mata de S\u00e3o Jo\u00e3o, Jo\u00e3o Gualberto, n\u00e3o \u00e9 nada bom e os dois n\u00e3o est\u00e3o se falando. A informa\u00e7\u00e3o foi dada pela coluna Na Sombra do Poder, do Bnews. \u201cA rela\u00e7\u00e3o entre os dois naufragou nos \u00faltimos tempos, fragilizando ainda mais","og:url":"https:\/\/newsinfoco.com.br\/inicio\/crise-no-psdb-baiano-adolfo-viana-e-joao-gualberto-param-de-se-falar-diz-coluna\/","article:published_time":"2023-01-22T23:39:04+00:00","article:modified_time":"2023-01-22T23:39:04+00:00","twitter:card":"summary_large_image","twitter:title":"Crise no PSDB Baiano: Adolfo Viana e Jo\u00e3o Gualberto param de se falar, diz coluna - News In Foco - Editado por Caio Pimenta","twitter:description":"O clima entre o presidente estadual do PSDB, Adolfo Viana, e o prefeito de Mata de S\u00e3o Jo\u00e3o, Jo\u00e3o Gualberto, n\u00e3o \u00e9 nada bom e os dois n\u00e3o est\u00e3o se falando. A informa\u00e7\u00e3o foi dada pela coluna Na Sombra do Poder, do Bnews. \u201cA rela\u00e7\u00e3o entre os dois naufragou nos \u00faltimos tempos, fragilizando ainda mais"},"aioseo_meta_data":{"post_id":"32572","title":null,"description":null,"keywords":null,"keyphrases":null,"primary_term":null,"canonical_url":null,"og_title":null,"og_description":null,"og_object_type":"default","og_image_type":"default","og_image_url":null,"og_image_width":null,"og_image_height":null,"og_image_custom_url":null,"og_image_custom_fields":null,"og_video":null,"og_custom_url":null,"og_article_section":null,"og_article_tags":null,"twitter_use_og":false,"twitter_card":"default","twitter_image_type":"default","twitter_image_url":null,"twitter_image_custom_url":null,"twitter_image_custom_fields":null,"twitter_title":null,"twitter_description":null,"schema":{"blockGraphs":[],"customGraphs":[],"default":{"data":{"Article":[],"Course":[],"Dataset":[],"FAQPage":[],"Movie":[],"Person":[],"Product":[],"ProductReview":[],"Car":[],"Recipe":[],"Service":[],"SoftwareApplication":[],"WebPage":[]},"graphName":"","isEnabled":true},"graphs":[]},"schema_type":"default","schema_type_options":null,"pillar_content":false,"robots_default":true,"robots_noindex":false,"robots_noarchive":false,"robots_nosnippet":false,"robots_nofollow":false,"robots_noimageindex":false,"robots_noodp":false,"robots_notranslate":false,"robots_max_snippet":null,"robots_max_videopreview":null,"robots_max_imagepreview":"large","priority":null,"frequency":null,"local_seo":null,"breadcrumb_settings":null,"limit_modified_date":false,"ai":null,"created":"2023-06-12 22:35:45","updated":"2025-07-11 08:53:36","seo_analyzer_scan_date":null},"aioseo_breadcrumb":"<div class=\"aioseo-breadcrumbs\"><span class=\"aioseo-breadcrumb\">\n\t\t\t<a href=\"https:\/\/newsinfoco.com.br\/inicio\" title=\"In\u00edcio\">In\u00edcio<\/a>\n\t\t<\/span><span class=\"aioseo-breadcrumb-separator\">&raquo;<\/span><span class=\"aioseo-breadcrumb\">\n\t\t\t<a href=\"https:\/\/newsinfoco.com.br\/inicio\/category\/politica\/\" title=\"Pol\u00edtica\">Pol\u00edtica<\/a>\n\t\t<\/span><span class=\"aioseo-breadcrumb-separator\">&raquo;<\/span><span class=\"aioseo-breadcrumb\">\n\t\t\tCrise no PSDB Baiano: Adolfo Viana e Jo\u00e3o Gualberto param de se falar, diz coluna\n\t\t<\/span><\/div>","aioseo_breadcrumb_json":[{"label":"In\u00edcio","link":"https:\/\/newsinfoco.com.br\/inicio"},{"label":"Pol\u00edtica","link":"https:\/\/newsinfoco.com.br\/inicio\/category\/politica\/"},{"label":"Crise no PSDB Baiano: Adolfo Viana e Jo\u00e3o Gualberto param de se falar, diz coluna","link":"https:\/\/newsinfoco.com.br\/inicio\/crise-no-psdb-baiano-adolfo-viana-e-joao-gualberto-param-de-se-falar-diz-coluna\/"}],"_links":{"self":[{"href":"https:\/\/newsinfoco.com.br\/inicio\/wp-json\/wp\/v2\/posts\/32572","targetHints":{"allow":["GET"]}}],"collection":[{"href":"https:\/\/newsinfoco.com.br\/inicio\/wp-json\/wp\/v2\/posts"}],"about":[{"href":"https:\/\/newsinfoco.com.br\/inicio\/wp-json\/wp\/v2\/types\/post"}],"author":[{"embeddable":true,"href":"https:\/\/newsinfoco.com.br\/inicio\/wp-json\/wp\/v2\/users\/1"}],"replies":[{"embeddable":true,"href":"https:\/\/newsinfoco.com.br\/inicio\/wp-json\/wp\/v2\/comments?post=32572"}],"version-history":[{"count":1,"href":"https:\/\/newsinfoco.com.br\/inicio\/wp-json\/wp\/v2\/posts\/32572\/revisions"}],"predecessor-version":[{"id":32574,"href":"https:\/\/newsinfoco.com.br\/inicio\/wp-json\/wp\/v2\/posts\/32572\/revisions\/32574"}],"wp:featuredmedia":[{"embeddable":true,"href":"https:\/\/newsinfoco.com.br\/inicio\/wp-json\/wp\/v2\/media\/32573"}],"wp:attachment":[{"href":"https:\/\/newsinfoco.com.br\/inicio\/wp-json\/wp\/v2\/media?parent=32572"}],"wp:term":[{"taxonomy":"category","embeddable":true,"href":"https:\/\/newsinfoco.com.br\/inicio\/wp-json\/wp\/v2\/categories?post=32572"},{"taxonomy":"post_tag","embeddable":true,"href":"https:\/\/newsinfoco.com.br\/inicio\/wp-json\/wp\/v2\/tags?post=32572"}],"curies":[{"name":"wp","href":"https:\/\/api.w.org\/{rel}","templated":true}]}}