{"id":32575,"date":"2023-01-22T20:45:14","date_gmt":"2023-01-22T23:45:14","guid":{"rendered":"https:\/\/newsinfoco.com.br\/inicio\/?p=32575"},"modified":"2023-01-22T20:45:14","modified_gmt":"2023-01-22T23:45:14","slug":"as-criticas-do-new-york-times-a-alexandre-de-moraes","status":"publish","type":"post","link":"https:\/\/newsinfoco.com.br\/inicio\/as-criticas-do-new-york-times-a-alexandre-de-moraes\/","title":{"rendered":"As cr\u00edticas do New York Times a Alexandre de Moraes"},"content":{"rendered":"<p>O jornal norte-americano\u00a0<em>New York Times<\/em>\u00a0voltou a falar sobre o ministro Alexandre de Moraes, do Supremo Tribunal Federal (STF). Uma reportagem publicada neste domingo, 22, alerta para os perigos das \u201ct\u00e1ticas agressivas\u201d usadas pelo magistrado contra os conservadores.<\/p>\n<p>\u201cMoraes impulsionou investiga\u00e7\u00f5es e processos, bem como o silenciamento nas redes sociais, de qualquer pessoa considerada por ele uma amea\u00e7a \u00e0s institui\u00e7\u00f5es brasileiras\u201d,\u00a0diz o correspondente do jornal no Brasil, Jack Nicas. \u201cPara muitos da esquerda brasileira, isso fez dele o homem que salvou a jovem democracia brasileira.\u201d<\/p>\n<p>Nicas ressalta, contudo, que parte consider\u00e1vel da popula\u00e7\u00e3o brasileira tamb\u00e9m considera o ministro uma amea\u00e7a. \u201cA abordagem agressiva e a expans\u00e3o da autoridade de Moraes fizeram dele uma das pessoas mais poderosas do pa\u00eds, e tamb\u00e9m o colocaram no centro de um debate complicado no Brasil sobre at\u00e9 que ponto se pode ir para lutar contra a extrema direita\u201d, observou.<\/p>\n<p>O correspondente do\u00a0<em>New York Times\u00a0<\/em>lembra que Moraes j\u00e1 ordenou pris\u00f5es sem julgamento por amea\u00e7as publicadas nas redes sociais; liderou o voto que sentenciou o deputado federal Daniel Silveira (PTB-RJ) a quase nove anos de pris\u00e3o por amea\u00e7ar o STF; ordenou busca e apreens\u00e3o contra empres\u00e1rios com poucas evid\u00eancias de irregularidades; suspendeu o governador eleito Ibaneis Rocha (MDB); e bloqueou monocraticamente dezenas de contas e milhares de publica\u00e7\u00f5es nas redes sociais, sem transpar\u00eancia nem espa\u00e7o para recurso.<\/p>\n<p>\u201cNa sua ca\u00e7a em nome da justi\u00e7a depois das manifesta\u00e7\u00f5es deste m\u00eas, Moraes se tornou mais audacioso\u201d, escreveu Nicas. \u201cSuas ordens para banir vozes influentes on-line se proliferaram. Suas a\u00e7\u00f5es se encaixam em uma tend\u00eancia mais ampla da Suprema Corte de aumentar o pr\u00f3prio poder.\u201d<\/p>\n<p>&nbsp;<\/p>\n<p>Revista Oeste<\/p>\n<div class='share-to-whatsapp-wrapper'><div class='share-on-whsp'>Share on: <\/div><a data-text='As cr\u00edticas do New York Times a Alexandre de Moraes' data-link='https:\/\/newsinfoco.com.br\/inicio\/as-criticas-do-new-york-times-a-alexandre-de-moraes\/' class='whatsapp-button whatsapp-share'>WhatsApp<\/a><div class='clear '><\/div><\/div>","protected":false},"excerpt":{"rendered":"<p>O jornal norte-americano\u00a0New York Times\u00a0voltou a falar sobre o ministro Alexandre de Moraes, do Supremo Tribunal Federal (STF). Uma reportagem publicada neste domingo, 22, alerta para os perigos das \u201ct\u00e1ticas agressivas\u201d usadas pelo magistrado contra os conservadores. \u201cMoraes impulsionou investiga\u00e7\u00f5es e processos, bem como o silenciamento nas redes sociais, de qualquer pessoa considerada por ele [&hellip;]<\/p>\n","protected":false},"author":1,"featured_media":31740,"comment_status":"closed","ping_status":"closed","sticky":false,"template":"","format":"standard","meta":{"om_disable_all_campaigns":false,"rop_custom_images_group":[],"rop_custom_messages_group":[],"rop_publish_now":"initial","rop_publish_now_accounts":[],"rop_publish_now_history":[],"rop_publish_now_status":"pending","_exactmetrics_skip_tracking":false,"footnotes":""},"categories":[40],"tags":[],"class_list":["post-32575","post","type-post","status-publish","format-standard","has-post-thumbnail","hentry","category-politica"],"aioseo_notices":[],"aioseo_head":"\n\t\t<!-- All in One SEO 4.9.10 - aioseo.com -->\n\t<meta name=\"description\" content=\"O jornal norte-americano New York Times voltou a falar sobre o ministro Alexandre de Moraes, do Supremo Tribunal Federal (STF). Uma reportagem publicada neste domingo, 22, alerta para os perigos das \u201ct\u00e1ticas agressivas\u201d usadas pelo magistrado contra os conservadores. \u201cMoraes impulsionou investiga\u00e7\u00f5es e processos, bem como o silenciamento nas redes sociais, de qualquer pessoa considerada por ele\" \/>\n\t<meta name=\"robots\" content=\"max-image-preview:large\" \/>\n\t<meta name=\"author\" content=\"administrador\"\/>\n\t<link rel=\"canonical\" href=\"https:\/\/newsinfoco.com.br\/inicio\/as-criticas-do-new-york-times-a-alexandre-de-moraes\/\" \/>\n\t<meta name=\"generator\" content=\"All in One SEO (AIOSEO) 4.9.10\" \/>\n\t\t<meta property=\"og:locale\" content=\"pt_BR\" \/>\n\t\t<meta property=\"og:site_name\" content=\"News In Foco - Editado por Caio Pimenta - O principal site de noticias de Alagoinhas e regi\u00e3o\" \/>\n\t\t<meta property=\"og:type\" content=\"article\" \/>\n\t\t<meta property=\"og:title\" content=\"As cr\u00edticas do New York Times a Alexandre de Moraes - News In Foco - Editado por Caio Pimenta\" \/>\n\t\t<meta property=\"og:description\" content=\"O jornal norte-americano New York Times voltou a falar sobre o ministro Alexandre de Moraes, do Supremo Tribunal Federal (STF). Uma reportagem publicada neste domingo, 22, alerta para os perigos das \u201ct\u00e1ticas agressivas\u201d usadas pelo magistrado contra os conservadores. \u201cMoraes impulsionou investiga\u00e7\u00f5es e processos, bem como o silenciamento nas redes sociais, de qualquer pessoa considerada por ele\" \/>\n\t\t<meta property=\"og:url\" content=\"https:\/\/newsinfoco.com.br\/inicio\/as-criticas-do-new-york-times-a-alexandre-de-moraes\/\" \/>\n\t\t<meta property=\"article:published_time\" content=\"2023-01-22T23:45:14+00:00\" \/>\n\t\t<meta property=\"article:modified_time\" content=\"2023-01-22T23:45:14+00:00\" \/>\n\t\t<meta name=\"twitter:card\" content=\"summary_large_image\" \/>\n\t\t<meta name=\"twitter:title\" content=\"As cr\u00edticas do New York Times a Alexandre de Moraes - News In Foco - Editado por Caio Pimenta\" \/>\n\t\t<meta name=\"twitter:description\" content=\"O jornal norte-americano New York Times voltou a falar sobre o ministro Alexandre de Moraes, do Supremo Tribunal Federal (STF). Uma reportagem publicada neste domingo, 22, alerta para os perigos das \u201ct\u00e1ticas agressivas\u201d usadas pelo magistrado contra os conservadores. \u201cMoraes impulsionou investiga\u00e7\u00f5es e processos, bem como o silenciamento nas redes sociais, de qualquer pessoa considerada por ele\" \/>\n\t\t<script type=\"application\/ld+json\" class=\"aioseo-schema\">\n\t\t\t{\"@context\":\"https:\\\/\\\/schema.org\",\"@graph\":[{\"@type\":\"BlogPosting\",\"@id\":\"https:\\\/\\\/newsinfoco.com.br\\\/inicio\\\/as-criticas-do-new-york-times-a-alexandre-de-moraes\\\/#blogposting\",\"name\":\"As cr\\u00edticas do New York Times a Alexandre de Moraes - News In Foco - Editado por Caio Pimenta\",\"headline\":\"As cr\\u00edticas do New York Times a Alexandre de Moraes\",\"author\":{\"@id\":\"https:\\\/\\\/newsinfoco.com.br\\\/inicio\\\/author\\\/administrador\\\/#author\"},\"publisher\":{\"@id\":\"https:\\\/\\\/newsinfoco.com.br\\\/inicio\\\/#organization\"},\"image\":{\"@type\":\"ImageObject\",\"url\":\"https:\\\/\\\/newsinfoco.com.br\\\/inicio\\\/wp-content\\\/uploads\\\/2022\\\/10\\\/alexandre-de-moraes-foto-Nelson-Jr-SCO-STF-960x640-1.webp\",\"width\":960,\"height\":640},\"datePublished\":\"2023-01-22T20:45:14-03:00\",\"dateModified\":\"2023-01-22T20:45:14-03:00\",\"inLanguage\":\"pt-BR\",\"mainEntityOfPage\":{\"@id\":\"https:\\\/\\\/newsinfoco.com.br\\\/inicio\\\/as-criticas-do-new-york-times-a-alexandre-de-moraes\\\/#webpage\"},\"isPartOf\":{\"@id\":\"https:\\\/\\\/newsinfoco.com.br\\\/inicio\\\/as-criticas-do-new-york-times-a-alexandre-de-moraes\\\/#webpage\"},\"articleSection\":\"Pol\\u00edtica\"},{\"@type\":\"BreadcrumbList\",\"@id\":\"https:\\\/\\\/newsinfoco.com.br\\\/inicio\\\/as-criticas-do-new-york-times-a-alexandre-de-moraes\\\/#breadcrumblist\",\"itemListElement\":[{\"@type\":\"ListItem\",\"@id\":\"https:\\\/\\\/newsinfoco.com.br\\\/inicio#listItem\",\"position\":1,\"name\":\"In\\u00edcio\",\"item\":\"https:\\\/\\\/newsinfoco.com.br\\\/inicio\",\"nextItem\":{\"@type\":\"ListItem\",\"@id\":\"https:\\\/\\\/newsinfoco.com.br\\\/inicio\\\/category\\\/politica\\\/#listItem\",\"name\":\"Pol\\u00edtica\"}},{\"@type\":\"ListItem\",\"@id\":\"https:\\\/\\\/newsinfoco.com.br\\\/inicio\\\/category\\\/politica\\\/#listItem\",\"position\":2,\"name\":\"Pol\\u00edtica\",\"item\":\"https:\\\/\\\/newsinfoco.com.br\\\/inicio\\\/category\\\/politica\\\/\",\"nextItem\":{\"@type\":\"ListItem\",\"@id\":\"https:\\\/\\\/newsinfoco.com.br\\\/inicio\\\/as-criticas-do-new-york-times-a-alexandre-de-moraes\\\/#listItem\",\"name\":\"As cr\\u00edticas do New York Times a Alexandre de Moraes\"},\"previousItem\":{\"@type\":\"ListItem\",\"@id\":\"https:\\\/\\\/newsinfoco.com.br\\\/inicio#listItem\",\"name\":\"In\\u00edcio\"}},{\"@type\":\"ListItem\",\"@id\":\"https:\\\/\\\/newsinfoco.com.br\\\/inicio\\\/as-criticas-do-new-york-times-a-alexandre-de-moraes\\\/#listItem\",\"position\":3,\"name\":\"As cr\\u00edticas do New York Times a Alexandre de Moraes\",\"previousItem\":{\"@type\":\"ListItem\",\"@id\":\"https:\\\/\\\/newsinfoco.com.br\\\/inicio\\\/category\\\/politica\\\/#listItem\",\"name\":\"Pol\\u00edtica\"}}]},{\"@type\":\"Organization\",\"@id\":\"https:\\\/\\\/newsinfoco.com.br\\\/inicio\\\/#organization\",\"name\":\"News In Foco - Editado por Caio Pimenta\",\"description\":\"O principal site de noticias de Alagoinhas e regi\\u00e3o\",\"url\":\"https:\\\/\\\/newsinfoco.com.br\\\/inicio\\\/\"},{\"@type\":\"Person\",\"@id\":\"https:\\\/\\\/newsinfoco.com.br\\\/inicio\\\/author\\\/administrador\\\/#author\",\"url\":\"https:\\\/\\\/newsinfoco.com.br\\\/inicio\\\/author\\\/administrador\\\/\",\"name\":\"administrador\",\"image\":{\"@type\":\"ImageObject\",\"@id\":\"https:\\\/\\\/newsinfoco.com.br\\\/inicio\\\/as-criticas-do-new-york-times-a-alexandre-de-moraes\\\/#authorImage\",\"url\":\"https:\\\/\\\/secure.gravatar.com\\\/avatar\\\/c17a617433de8c1dc9584bb79aab7563b46f5bb7e1728c9b17d9cc3ce6a08e49?s=96&d=mm&r=g\",\"width\":96,\"height\":96,\"caption\":\"administrador\"}},{\"@type\":\"WebPage\",\"@id\":\"https:\\\/\\\/newsinfoco.com.br\\\/inicio\\\/as-criticas-do-new-york-times-a-alexandre-de-moraes\\\/#webpage\",\"url\":\"https:\\\/\\\/newsinfoco.com.br\\\/inicio\\\/as-criticas-do-new-york-times-a-alexandre-de-moraes\\\/\",\"name\":\"As cr\\u00edticas do New York Times a Alexandre de Moraes - News In Foco - Editado por Caio Pimenta\",\"description\":\"O jornal norte-americano New York Times voltou a falar sobre o ministro Alexandre de Moraes, do Supremo Tribunal Federal (STF). Uma reportagem publicada neste domingo, 22, alerta para os perigos das \\u201ct\\u00e1ticas agressivas\\u201d usadas pelo magistrado contra os conservadores. \\u201cMoraes impulsionou investiga\\u00e7\\u00f5es e processos, bem como o silenciamento nas redes sociais, de qualquer pessoa considerada por ele\",\"inLanguage\":\"pt-BR\",\"isPartOf\":{\"@id\":\"https:\\\/\\\/newsinfoco.com.br\\\/inicio\\\/#website\"},\"breadcrumb\":{\"@id\":\"https:\\\/\\\/newsinfoco.com.br\\\/inicio\\\/as-criticas-do-new-york-times-a-alexandre-de-moraes\\\/#breadcrumblist\"},\"author\":{\"@id\":\"https:\\\/\\\/newsinfoco.com.br\\\/inicio\\\/author\\\/administrador\\\/#author\"},\"creator\":{\"@id\":\"https:\\\/\\\/newsinfoco.com.br\\\/inicio\\\/author\\\/administrador\\\/#author\"},\"image\":{\"@type\":\"ImageObject\",\"url\":\"https:\\\/\\\/newsinfoco.com.br\\\/inicio\\\/wp-content\\\/uploads\\\/2022\\\/10\\\/alexandre-de-moraes-foto-Nelson-Jr-SCO-STF-960x640-1.webp\",\"@id\":\"https:\\\/\\\/newsinfoco.com.br\\\/inicio\\\/as-criticas-do-new-york-times-a-alexandre-de-moraes\\\/#mainImage\",\"width\":960,\"height\":640},\"primaryImageOfPage\":{\"@id\":\"https:\\\/\\\/newsinfoco.com.br\\\/inicio\\\/as-criticas-do-new-york-times-a-alexandre-de-moraes\\\/#mainImage\"},\"datePublished\":\"2023-01-22T20:45:14-03:00\",\"dateModified\":\"2023-01-22T20:45:14-03:00\"},{\"@type\":\"WebSite\",\"@id\":\"https:\\\/\\\/newsinfoco.com.br\\\/inicio\\\/#website\",\"url\":\"https:\\\/\\\/newsinfoco.com.br\\\/inicio\\\/\",\"name\":\"News In Foco - Editado por Caio Pimenta\",\"description\":\"O principal site de noticias de Alagoinhas e regi\\u00e3o\",\"inLanguage\":\"pt-BR\",\"publisher\":{\"@id\":\"https:\\\/\\\/newsinfoco.com.br\\\/inicio\\\/#organization\"}}]}\n\t\t<\/script>\n\t\t<!-- All in One SEO -->\n\n","aioseo_head_json":{"title":"As cr\u00edticas do New York Times a Alexandre de Moraes - News In Foco - Editado por Caio Pimenta","description":"O jornal norte-americano New York Times voltou a falar sobre o ministro Alexandre de Moraes, do Supremo Tribunal Federal (STF). Uma reportagem publicada neste domingo, 22, alerta para os perigos das \u201ct\u00e1ticas agressivas\u201d usadas pelo magistrado contra os conservadores. \u201cMoraes impulsionou investiga\u00e7\u00f5es e processos, bem como o silenciamento nas redes sociais, de qualquer pessoa considerada por ele","canonical_url":"https:\/\/newsinfoco.com.br\/inicio\/as-criticas-do-new-york-times-a-alexandre-de-moraes\/","robots":"max-image-preview:large","keywords":"","webmasterTools":{"miscellaneous":""},"schema":{"@context":"https:\/\/schema.org","@graph":[{"@type":"BlogPosting","@id":"https:\/\/newsinfoco.com.br\/inicio\/as-criticas-do-new-york-times-a-alexandre-de-moraes\/#blogposting","name":"As cr\u00edticas do New York Times a Alexandre de Moraes - News In Foco - Editado por Caio Pimenta","headline":"As cr\u00edticas do New York Times a Alexandre de Moraes","author":{"@id":"https:\/\/newsinfoco.com.br\/inicio\/author\/administrador\/#author"},"publisher":{"@id":"https:\/\/newsinfoco.com.br\/inicio\/#organization"},"image":{"@type":"ImageObject","url":"https:\/\/newsinfoco.com.br\/inicio\/wp-content\/uploads\/2022\/10\/alexandre-de-moraes-foto-Nelson-Jr-SCO-STF-960x640-1.webp","width":960,"height":640},"datePublished":"2023-01-22T20:45:14-03:00","dateModified":"2023-01-22T20:45:14-03:00","inLanguage":"pt-BR","mainEntityOfPage":{"@id":"https:\/\/newsinfoco.com.br\/inicio\/as-criticas-do-new-york-times-a-alexandre-de-moraes\/#webpage"},"isPartOf":{"@id":"https:\/\/newsinfoco.com.br\/inicio\/as-criticas-do-new-york-times-a-alexandre-de-moraes\/#webpage"},"articleSection":"Pol\u00edtica"},{"@type":"BreadcrumbList","@id":"https:\/\/newsinfoco.com.br\/inicio\/as-criticas-do-new-york-times-a-alexandre-de-moraes\/#breadcrumblist","itemListElement":[{"@type":"ListItem","@id":"https:\/\/newsinfoco.com.br\/inicio#listItem","position":1,"name":"In\u00edcio","item":"https:\/\/newsinfoco.com.br\/inicio","nextItem":{"@type":"ListItem","@id":"https:\/\/newsinfoco.com.br\/inicio\/category\/politica\/#listItem","name":"Pol\u00edtica"}},{"@type":"ListItem","@id":"https:\/\/newsinfoco.com.br\/inicio\/category\/politica\/#listItem","position":2,"name":"Pol\u00edtica","item":"https:\/\/newsinfoco.com.br\/inicio\/category\/politica\/","nextItem":{"@type":"ListItem","@id":"https:\/\/newsinfoco.com.br\/inicio\/as-criticas-do-new-york-times-a-alexandre-de-moraes\/#listItem","name":"As cr\u00edticas do New York Times a Alexandre de Moraes"},"previousItem":{"@type":"ListItem","@id":"https:\/\/newsinfoco.com.br\/inicio#listItem","name":"In\u00edcio"}},{"@type":"ListItem","@id":"https:\/\/newsinfoco.com.br\/inicio\/as-criticas-do-new-york-times-a-alexandre-de-moraes\/#listItem","position":3,"name":"As cr\u00edticas do New York Times a Alexandre de Moraes","previousItem":{"@type":"ListItem","@id":"https:\/\/newsinfoco.com.br\/inicio\/category\/politica\/#listItem","name":"Pol\u00edtica"}}]},{"@type":"Organization","@id":"https:\/\/newsinfoco.com.br\/inicio\/#organization","name":"News In Foco - Editado por Caio Pimenta","description":"O principal site de noticias de Alagoinhas e regi\u00e3o","url":"https:\/\/newsinfoco.com.br\/inicio\/"},{"@type":"Person","@id":"https:\/\/newsinfoco.com.br\/inicio\/author\/administrador\/#author","url":"https:\/\/newsinfoco.com.br\/inicio\/author\/administrador\/","name":"administrador","image":{"@type":"ImageObject","@id":"https:\/\/newsinfoco.com.br\/inicio\/as-criticas-do-new-york-times-a-alexandre-de-moraes\/#authorImage","url":"https:\/\/secure.gravatar.com\/avatar\/c17a617433de8c1dc9584bb79aab7563b46f5bb7e1728c9b17d9cc3ce6a08e49?s=96&d=mm&r=g","width":96,"height":96,"caption":"administrador"}},{"@type":"WebPage","@id":"https:\/\/newsinfoco.com.br\/inicio\/as-criticas-do-new-york-times-a-alexandre-de-moraes\/#webpage","url":"https:\/\/newsinfoco.com.br\/inicio\/as-criticas-do-new-york-times-a-alexandre-de-moraes\/","name":"As cr\u00edticas do New York Times a Alexandre de Moraes - News In Foco - Editado por Caio Pimenta","description":"O jornal norte-americano New York Times voltou a falar sobre o ministro Alexandre de Moraes, do Supremo Tribunal Federal (STF). Uma reportagem publicada neste domingo, 22, alerta para os perigos das \u201ct\u00e1ticas agressivas\u201d usadas pelo magistrado contra os conservadores. \u201cMoraes impulsionou investiga\u00e7\u00f5es e processos, bem como o silenciamento nas redes sociais, de qualquer pessoa considerada por ele","inLanguage":"pt-BR","isPartOf":{"@id":"https:\/\/newsinfoco.com.br\/inicio\/#website"},"breadcrumb":{"@id":"https:\/\/newsinfoco.com.br\/inicio\/as-criticas-do-new-york-times-a-alexandre-de-moraes\/#breadcrumblist"},"author":{"@id":"https:\/\/newsinfoco.com.br\/inicio\/author\/administrador\/#author"},"creator":{"@id":"https:\/\/newsinfoco.com.br\/inicio\/author\/administrador\/#author"},"image":{"@type":"ImageObject","url":"https:\/\/newsinfoco.com.br\/inicio\/wp-content\/uploads\/2022\/10\/alexandre-de-moraes-foto-Nelson-Jr-SCO-STF-960x640-1.webp","@id":"https:\/\/newsinfoco.com.br\/inicio\/as-criticas-do-new-york-times-a-alexandre-de-moraes\/#mainImage","width":960,"height":640},"primaryImageOfPage":{"@id":"https:\/\/newsinfoco.com.br\/inicio\/as-criticas-do-new-york-times-a-alexandre-de-moraes\/#mainImage"},"datePublished":"2023-01-22T20:45:14-03:00","dateModified":"2023-01-22T20:45:14-03:00"},{"@type":"WebSite","@id":"https:\/\/newsinfoco.com.br\/inicio\/#website","url":"https:\/\/newsinfoco.com.br\/inicio\/","name":"News In Foco - Editado por Caio Pimenta","description":"O principal site de noticias de Alagoinhas e regi\u00e3o","inLanguage":"pt-BR","publisher":{"@id":"https:\/\/newsinfoco.com.br\/inicio\/#organization"}}]},"og:locale":"pt_BR","og:site_name":"News In Foco - Editado por Caio Pimenta - O principal site de noticias de Alagoinhas e regi\u00e3o","og:type":"article","og:title":"As cr\u00edticas do New York Times a Alexandre de Moraes - News In Foco - Editado por Caio Pimenta","og:description":"O jornal norte-americano New York Times voltou a falar sobre o ministro Alexandre de Moraes, do Supremo Tribunal Federal (STF). Uma reportagem publicada neste domingo, 22, alerta para os perigos das \u201ct\u00e1ticas agressivas\u201d usadas pelo magistrado contra os conservadores. \u201cMoraes impulsionou investiga\u00e7\u00f5es e processos, bem como o silenciamento nas redes sociais, de qualquer pessoa considerada por ele","og:url":"https:\/\/newsinfoco.com.br\/inicio\/as-criticas-do-new-york-times-a-alexandre-de-moraes\/","article:published_time":"2023-01-22T23:45:14+00:00","article:modified_time":"2023-01-22T23:45:14+00:00","twitter:card":"summary_large_image","twitter:title":"As cr\u00edticas do New York Times a Alexandre de Moraes - News In Foco - Editado por Caio Pimenta","twitter:description":"O jornal norte-americano New York Times voltou a falar sobre o ministro Alexandre de Moraes, do Supremo Tribunal Federal (STF). Uma reportagem publicada neste domingo, 22, alerta para os perigos das \u201ct\u00e1ticas agressivas\u201d usadas pelo magistrado contra os conservadores. \u201cMoraes impulsionou investiga\u00e7\u00f5es e processos, bem como o silenciamento nas redes sociais, de qualquer pessoa considerada por ele"},"aioseo_meta_data":{"post_id":"32575","title":null,"description":null,"keywords":null,"keyphrases":null,"primary_term":null,"canonical_url":null,"og_title":null,"og_description":null,"og_object_type":"default","og_image_type":"default","og_image_url":null,"og_image_width":null,"og_image_height":null,"og_image_custom_url":null,"og_image_custom_fields":null,"og_video":null,"og_custom_url":null,"og_article_section":null,"og_article_tags":null,"twitter_use_og":false,"twitter_card":"default","twitter_image_type":"default","twitter_image_url":null,"twitter_image_custom_url":null,"twitter_image_custom_fields":null,"twitter_title":null,"twitter_description":null,"schema":{"blockGraphs":[],"customGraphs":[],"default":{"data":{"Article":[],"Course":[],"Dataset":[],"FAQPage":[],"Movie":[],"Person":[],"Product":[],"ProductReview":[],"Car":[],"Recipe":[],"Service":[],"SoftwareApplication":[],"WebPage":[]},"graphName":"","isEnabled":true},"graphs":[]},"schema_type":"default","schema_type_options":null,"pillar_content":false,"robots_default":true,"robots_noindex":false,"robots_noarchive":false,"robots_nosnippet":false,"robots_nofollow":false,"robots_noimageindex":false,"robots_noodp":false,"robots_notranslate":false,"robots_max_snippet":null,"robots_max_videopreview":null,"robots_max_imagepreview":"large","priority":null,"frequency":null,"local_seo":null,"breadcrumb_settings":null,"limit_modified_date":false,"ai":null,"created":"2023-06-12 22:35:45","updated":"2025-07-11 08:53:36","seo_analyzer_scan_date":null},"aioseo_breadcrumb":"<div class=\"aioseo-breadcrumbs\"><span class=\"aioseo-breadcrumb\">\n\t\t\t<a href=\"https:\/\/newsinfoco.com.br\/inicio\" title=\"In\u00edcio\">In\u00edcio<\/a>\n\t\t<\/span><span class=\"aioseo-breadcrumb-separator\">&raquo;<\/span><span class=\"aioseo-breadcrumb\">\n\t\t\t<a href=\"https:\/\/newsinfoco.com.br\/inicio\/category\/politica\/\" title=\"Pol\u00edtica\">Pol\u00edtica<\/a>\n\t\t<\/span><span class=\"aioseo-breadcrumb-separator\">&raquo;<\/span><span class=\"aioseo-breadcrumb\">\n\t\t\tAs cr\u00edticas do New York Times a Alexandre de Moraes\n\t\t<\/span><\/div>","aioseo_breadcrumb_json":[{"label":"In\u00edcio","link":"https:\/\/newsinfoco.com.br\/inicio"},{"label":"Pol\u00edtica","link":"https:\/\/newsinfoco.com.br\/inicio\/category\/politica\/"},{"label":"As cr\u00edticas do New York Times a Alexandre de Moraes","link":"https:\/\/newsinfoco.com.br\/inicio\/as-criticas-do-new-york-times-a-alexandre-de-moraes\/"}],"_links":{"self":[{"href":"https:\/\/newsinfoco.com.br\/inicio\/wp-json\/wp\/v2\/posts\/32575","targetHints":{"allow":["GET"]}}],"collection":[{"href":"https:\/\/newsinfoco.com.br\/inicio\/wp-json\/wp\/v2\/posts"}],"about":[{"href":"https:\/\/newsinfoco.com.br\/inicio\/wp-json\/wp\/v2\/types\/post"}],"author":[{"embeddable":true,"href":"https:\/\/newsinfoco.com.br\/inicio\/wp-json\/wp\/v2\/users\/1"}],"replies":[{"embeddable":true,"href":"https:\/\/newsinfoco.com.br\/inicio\/wp-json\/wp\/v2\/comments?post=32575"}],"version-history":[{"count":1,"href":"https:\/\/newsinfoco.com.br\/inicio\/wp-json\/wp\/v2\/posts\/32575\/revisions"}],"predecessor-version":[{"id":32576,"href":"https:\/\/newsinfoco.com.br\/inicio\/wp-json\/wp\/v2\/posts\/32575\/revisions\/32576"}],"wp:featuredmedia":[{"embeddable":true,"href":"https:\/\/newsinfoco.com.br\/inicio\/wp-json\/wp\/v2\/media\/31740"}],"wp:attachment":[{"href":"https:\/\/newsinfoco.com.br\/inicio\/wp-json\/wp\/v2\/media?parent=32575"}],"wp:term":[{"taxonomy":"category","embeddable":true,"href":"https:\/\/newsinfoco.com.br\/inicio\/wp-json\/wp\/v2\/categories?post=32575"},{"taxonomy":"post_tag","embeddable":true,"href":"https:\/\/newsinfoco.com.br\/inicio\/wp-json\/wp\/v2\/tags?post=32575"}],"curies":[{"name":"wp","href":"https:\/\/api.w.org\/{rel}","templated":true}]}}