{"id":3258,"date":"2018-04-30T10:04:40","date_gmt":"2018-04-30T13:04:40","guid":{"rendered":"http:\/\/newsinfoco.com.br\/?p=3258"},"modified":"2018-04-30T10:04:40","modified_gmt":"2018-04-30T13:04:40","slug":"a-um-dia-para-fim-do-prazo-4-milhoes-ainda-nao-declararam-imposto-de-renda","status":"publish","type":"post","link":"https:\/\/newsinfoco.com.br\/inicio\/a-um-dia-para-fim-do-prazo-4-milhoes-ainda-nao-declararam-imposto-de-renda\/","title":{"rendered":"A um dia para fim do prazo, 4 milh\u00f5es ainda n\u00e3o declararam Imposto de Renda"},"content":{"rendered":"<p class=\" \" style=\"text-align: justify;\"><span style=\"color: #000000;\">Faltando apenas um dia para o fim do prazo para entrega da declara\u00e7\u00e3o de Imposto de Renda, cerca de 4 milh\u00f5es de contribuintes ainda n\u00e3o acertaram as contas com o Fisco.<\/span><\/p>\n<p class=\" \" style=\"text-align: justify;\"><span style=\"color: #000000;\">At\u00e9 as 16h de deste domingo (29), a Receita Federal informou que recebeu 24.895.403 declara\u00e7\u00f5es do Imposto de Renda Pessoa F\u00edsica (IRPF). Por\u00e9m, a expectativa \u00e9 que 28,8 milh\u00f5es de documentos sejam enviados neste ano.<\/span><\/p><div class=\"newsi-conteudo_19\" id=\"newsi-4282918391\"><a href=\"https:\/\/www.instagram.com\/prefeituraalagoinhas?igsh=YzgzdDJ1bWR3aWI4\" aria-label=\"SAVE_20251006_221555\"><img loading=\"lazy\" decoding=\"async\" src=\"https:\/\/newsinfoco.com.br\/inicio\/wp-content\/uploads\/2025\/10\/SAVE_20251006_221555-rotated.jpg\" alt=\"\"  srcset=\"https:\/\/newsinfoco.com.br\/inicio\/wp-content\/uploads\/2025\/10\/SAVE_20251006_221555-rotated.jpg 1140w, https:\/\/newsinfoco.com.br\/inicio\/wp-content\/uploads\/2025\/10\/SAVE_20251006_221555-300x52.jpg 300w, https:\/\/newsinfoco.com.br\/inicio\/wp-content\/uploads\/2025\/10\/SAVE_20251006_221555-1024x177.jpg 1024w, https:\/\/newsinfoco.com.br\/inicio\/wp-content\/uploads\/2025\/10\/SAVE_20251006_221555-768x133.jpg 768w, https:\/\/newsinfoco.com.br\/inicio\/wp-content\/uploads\/2025\/10\/SAVE_20251006_221555-600x104.jpg 600w, https:\/\/newsinfoco.com.br\/inicio\/wp-content\/uploads\/2025\/10\/SAVE_20251006_221555-696x120.jpg 696w, https:\/\/newsinfoco.com.br\/inicio\/wp-content\/uploads\/2025\/10\/SAVE_20251006_221555-1068x185.jpg 1068w\" sizes=\"(max-width: 1140px) 100vw, 1140px\" width=\"1140\" height=\"197\"   \/><\/a><\/div>\n<p class=\" \" style=\"text-align: justify;\"><span style=\"color: #000000;\">A entrega da declara\u00e7\u00e3o come\u00e7ou a ser aceita em 1\u00ba de mar\u00e7o e vai at\u00e9 23h59 desta segunda-feira (30). Quem perder o prazo estar\u00e1 sujeito ao pagamento de multa de, no m\u00ednimo, R$ 165,74. O valor m\u00e1ximo a ser cobrado para quem n\u00e3o declara \u00e9 de 20% do imposto devido.<\/span><\/p>\n<p style=\"text-align: justify;\"><span style=\"color: #000000;\">O\u00a0<a style=\"color: #000000;\" href=\"http:\/\/economia.ig.com.br\/financas\/impostoderenda\/2018-02-26\/como-baixar-programa-imposto-de-renda.html\" target=\"_blank\" rel=\"noopener\">programa de preenchimento da declara\u00e7\u00e3o do Imposto de Renda da Pessoa F\u00edsica de 2018, ano base 2017<\/a>\u00a0, est\u00e1 dispon\u00edvel no site da Receita Federal. Somente nas \u00faltimas 24 horas, 984,5 mil contribuintes enviaram o documento.<\/span><\/p>\n<h3 style=\"text-align: justify;\"><span style=\"color: #000000;\">Quem deve declarar?<\/span><\/h3>\n<p style=\"text-align: justify;\"><span style=\"color: #000000;\">Est\u00e1 obrigado a declarar quem recebeu rendimentos tribut\u00e1veis, em 2017, em valores superiores a R$ 28.559,70. No caso da atividade rural, deve declarar quem teve receita bruta acima R$ 142.798,50.<\/span><\/p>\n<p style=\"text-align: justify;\"><span style=\"color: #000000;\">A declara\u00e7\u00e3o poder\u00e1 ser preenchida por meio do programa baixado no computador ou do aplicativo Meu Imposto de Renda para tablets e celulares. Por meio do aplicativo, \u00e9 poss\u00edvel ainda fazer retifica\u00e7\u00f5es depois do envio da declara\u00e7\u00e3o.<\/span><\/p>\n<p style=\"text-align: justify;\"><span style=\"color: #000000;\">Outra op\u00e7\u00e3o \u00e9 mediante acesso ao servi\u00e7o Meu Imposto de Renda, dispon\u00edvel no Centro Virtual de Atendimento (e-CAC), no site da Receita, com uso de certificado digital.<\/span><\/p>\n<p style=\"text-align: justify;\"><span style=\"color: #000000;\">Tamb\u00e9m est\u00e3o obrigadas a declarar as pessoas f\u00edsicas: residentes no Brasil que receberam rendimentos isentos, n\u00e3o tribut\u00e1veis ou tributados exclusivamente na fonte, cuja soma foi superior a R$ 40 mil; que obtiveram, em qualquer m\u00eas, ganho de capital na aliena\u00e7\u00e3o de bens e direitos, sujeito \u00e0 incid\u00eancia do imposto ou que realizaram opera\u00e7\u00f5es em bolsas de valores; que pretendem compensar preju\u00edzos com a atividade rural; que tiveram, em 31 de dezembro de 2017, a posse ou a propriedade de bens e direitos, inclusive terra nua, de valor total superior a R$ 300 mil; que\u00a0passaram \u00e0 condi\u00e7\u00e3o de residentes no Brasil em qualquer m\u00eas e assim se encontravam em 31 de dezembro; ou que optaram pela isen\u00e7\u00e3o do IR incidente sobre o ganho de capital com a venda de im\u00f3veis residenciais para a compra de outro im\u00f3vel no pa\u00eds, no prazo de 180 dias contados do contrato de venda.<\/span><\/p>\n<h3 style=\"text-align: justify;\"><span style=\"color: #000000;\">Dedu\u00e7\u00f5es<\/span><\/h3>\n<p style=\"text-align: justify;\"><span style=\"color: #000000;\">As dedu\u00e7\u00f5es por dependente est\u00e3o limitadas a R$ 2.275,08. As despesas com educa\u00e7\u00e3o t\u00eam limite individual anual de R$ 3.561,50. A dedu\u00e7\u00e3o de gastos com empregadas dom \u00e9sticas \u00e9 de R$ 1.171,84.<\/span><\/p>\n<h3 style=\"text-align: justify;\"><span style=\"color: #000000;\">Novidades deste ano<\/span><\/h3>\n<p style=\"text-align: justify;\"><span style=\"color: #000000;\">O painel inicial do sistema tem informa\u00e7\u00f5es das fichas que podem ser mais relevantes para o contribuinte durante o preenchimento da declara\u00e7\u00e3o.<\/span><\/p>\n<p style=\"text-align: justify;\"><span style=\"color: #000000;\">Neste ano, ser\u00e1 obrigat\u00f3ria a apresenta\u00e7\u00e3o do CPF para dependentes a partir de 8 anos, completados at\u00e9 o dia 31 de dezembro de 2017.<\/span><\/p>\n<p style=\"text-align: justify;\"><span style=\"color: #000000;\">Na declara\u00e7\u00e3o de bens, ser\u00e3o inclu\u00eddos campos para informa\u00e7\u00f5es complementares, como n\u00fameros e registros, localiza\u00e7\u00e3o e n\u00famero do Registro Nacional de Ve\u00edculo (Renavam).<\/span><\/p>\n<p style=\"text-align: justify;\"><span style=\"color: #000000;\">Tamb\u00e9m ser\u00e1 inclu\u00edda a informa\u00e7\u00e3o sobre a al\u00edquota efetiva utilizada no c\u00e1lculo da apura\u00e7\u00e3o do imposto.<\/span><\/p>\n<p style=\"text-align: justify;\"><span style=\"color: #000000;\">Outra mudan\u00e7a \u00e9 a possibilidade de impress\u00e3o do Documento de Arrecada\u00e7\u00e3o de Receitas Federais (Darf) para pagamento de todas as cotas do imposto, inclusive as que est\u00e3o em atraso.<\/span><\/p>\n<h6 style=\"text-align: right;\"><strong>Fonte:ig<\/strong><\/h6>\n<div class='share-to-whatsapp-wrapper'><div class='share-on-whsp'>Share on: <\/div><a data-text='A um dia para fim do prazo, 4 milh\u00f5es ainda n\u00e3o declararam Imposto de Renda' data-link='https:\/\/newsinfoco.com.br\/inicio\/a-um-dia-para-fim-do-prazo-4-milhoes-ainda-nao-declararam-imposto-de-renda\/' class='whatsapp-button whatsapp-share'>WhatsApp<\/a><div class='clear '><\/div><\/div>","protected":false},"excerpt":{"rendered":"<p>Faltando apenas um dia para o fim do prazo para entrega da declara\u00e7\u00e3o de Imposto de Renda, cerca de 4 milh\u00f5es de contribuintes ainda n\u00e3o acertaram as contas com o Fisco. At\u00e9 as 16h de deste domingo (29), a Receita Federal informou que recebeu 24.895.403 declara\u00e7\u00f5es do Imposto de Renda Pessoa F\u00edsica (IRPF). Por\u00e9m, a [&hellip;]<\/p>\n","protected":false},"author":1,"featured_media":3259,"comment_status":"open","ping_status":"open","sticky":false,"template":"","format":"standard","meta":{"om_disable_all_campaigns":false,"_exactmetrics_skip_tracking":false,"_exactmetrics_sitenote_active":false,"_exactmetrics_sitenote_note":"","_exactmetrics_sitenote_category":0,"footnotes":""},"categories":[21],"tags":[],"class_list":["post-3258","post","type-post","status-publish","format-standard","has-post-thumbnail","hentry","category-brasil"],"aioseo_notices":[],"_links":{"self":[{"href":"https:\/\/newsinfoco.com.br\/inicio\/wp-json\/wp\/v2\/posts\/3258","targetHints":{"allow":["GET"]}}],"collection":[{"href":"https:\/\/newsinfoco.com.br\/inicio\/wp-json\/wp\/v2\/posts"}],"about":[{"href":"https:\/\/newsinfoco.com.br\/inicio\/wp-json\/wp\/v2\/types\/post"}],"author":[{"embeddable":true,"href":"https:\/\/newsinfoco.com.br\/inicio\/wp-json\/wp\/v2\/users\/1"}],"replies":[{"embeddable":true,"href":"https:\/\/newsinfoco.com.br\/inicio\/wp-json\/wp\/v2\/comments?post=3258"}],"version-history":[{"count":0,"href":"https:\/\/newsinfoco.com.br\/inicio\/wp-json\/wp\/v2\/posts\/3258\/revisions"}],"wp:featuredmedia":[{"embeddable":true,"href":"https:\/\/newsinfoco.com.br\/inicio\/wp-json\/wp\/v2\/media\/3259"}],"wp:attachment":[{"href":"https:\/\/newsinfoco.com.br\/inicio\/wp-json\/wp\/v2\/media?parent=3258"}],"wp:term":[{"taxonomy":"category","embeddable":true,"href":"https:\/\/newsinfoco.com.br\/inicio\/wp-json\/wp\/v2\/categories?post=3258"},{"taxonomy":"post_tag","embeddable":true,"href":"https:\/\/newsinfoco.com.br\/inicio\/wp-json\/wp\/v2\/tags?post=3258"}],"curies":[{"name":"wp","href":"https:\/\/api.w.org\/{rel}","templated":true}]}}