{"id":32586,"date":"2023-01-22T21:01:32","date_gmt":"2023-01-23T00:01:32","guid":{"rendered":"https:\/\/newsinfoco.com.br\/inicio\/?p=32586"},"modified":"2023-01-22T21:01:32","modified_gmt":"2023-01-23T00:01:32","slug":"lula-responsabiliza-bolsonaro-por-situacao-dos-povos-yanomamis-crime-premeditado","status":"publish","type":"post","link":"https:\/\/newsinfoco.com.br\/inicio\/lula-responsabiliza-bolsonaro-por-situacao-dos-povos-yanomamis-crime-premeditado\/","title":{"rendered":"Lula responsabiliza Bolsonaro por situa\u00e7\u00e3o dos povos yanomamis: \u2018crime premeditado\u2019"},"content":{"rendered":"<p>Ap\u00f3s visitar aldeias dos povos yanomamis, em Roraima, o presidente Luiz In\u00e1cio Lula da Silva (PT) responsabilizou a gest\u00e3o do ex-presidente Jair Bolsonaro (PL) pela crise humanit\u00e1ria instalada na regi\u00e3o.\u00a0 O petista disse que viu um \u2018genoc\u00eddio\u2019 e um \u2018crime premeditado\u2019 cometido\u00a0 \u2018por um governo insens\u00edvel\u2019 contra os povos yanomamis.<\/p>\n<p>\u201cMais que uma crise humanit\u00e1ria, o que vi em Roraima foi um genoc\u00eddio. Um crime premeditado contra os Yanomami, cometido por um governo insens\u00edvel ao sofrimento do povo brasileiro.\u201d, escreveu o presidente nas redes sociais na manh\u00e3 deste domingo (22).<\/p>\n<p>O mandat\u00e1rio esteve em Boa Vista e acompanha a crise sanit\u00e1ria que atinge os ind\u00edgenas, v\u00edtimas de desnutri\u00e7\u00e3o e outras doen\u00e7as, como mal\u00e1ria e pneumonia.\u00a0A situa\u00e7\u00e3o j\u00e1 levou \u00e0 morte 570 crian\u00e7as nos \u00faltimos anos, sendo que 505 tinham menos de 1 ano.<\/p>\n<p>Hoje, cerca de 700 ind\u00edgenas est\u00e3o sendo atendidos na casa de apoio, a maioria crian\u00e7as com desnutri\u00e7\u00e3o grave.<\/p>\n<div class=\"twitter-tweet twitter-tweet-rendered\"><iframe id=\"twitter-widget-0\" class=\"\" title=\"Twitter Tweet\" src=\"https:\/\/platform.twitter.com\/embed\/Tweet.html?creatorScreenName=pontoBA&amp;dnt=false&amp;embedId=twitter-widget-0&amp;features=eyJ0ZndfdGltZWxpbmVfbGlzdCI6eyJidWNrZXQiOltdLCJ2ZXJzaW9uIjpudWxsfSwidGZ3X2ZvbGxvd2VyX2NvdW50X3N1bnNldCI6eyJidWNrZXQiOnRydWUsInZlcnNpb24iOm51bGx9LCJ0ZndfaG9yaXpvbl90aW1lbGluZV8xMjAzNCI6eyJidWNrZXQiOiJ0cmVhdG1lbnQiLCJ2ZXJzaW9uIjpudWxsfSwidGZ3X3R3ZWV0X2VkaXRfYmFja2VuZCI6eyJidWNrZXQiOiJvbiIsInZlcnNpb24iOm51bGx9LCJ0ZndfcmVmc3JjX3Nlc3Npb24iOnsiYnVja2V0Ijoib24iLCJ2ZXJzaW9uIjpudWxsfSwidGZ3X3Nob3dfYnVzaW5lc3NfdmVyaWZpZWRfYmFkZ2UiOnsiYnVja2V0Ijoib24iLCJ2ZXJzaW9uIjpudWxsfSwidGZ3X2NoaW5fcGlsbHNfMTQ3NDEiOnsiYnVja2V0IjoiY29sb3JfaWNvbnMiLCJ2ZXJzaW9uIjpudWxsfSwidGZ3X3R3ZWV0X3Jlc3VsdF9taWdyYXRpb25fMTM5NzkiOnsiYnVja2V0IjoidHdlZXRfcmVzdWx0IiwidmVyc2lvbiI6bnVsbH0sInRmd19taXhlZF9tZWRpYV8xNTg5NyI6eyJidWNrZXQiOiJ0cmVhdG1lbnQiLCJ2ZXJzaW9uIjpudWxsfSwidGZ3X3NlbnNpdGl2ZV9tZWRpYV9pbnRlcnN0aXRpYWxfMTM5NjMiOnsiYnVja2V0IjoiaW50ZXJzdGl0aWFsIiwidmVyc2lvbiI6bnVsbH0sInRmd19leHBlcmltZW50c19jb29raWVfZXhwaXJhdGlvbiI6eyJidWNrZXQiOjEyMDk2MDAsInZlcnNpb24iOm51bGx9LCJ0ZndfZHVwbGljYXRlX3NjcmliZXNfdG9fc2V0dGluZ3MiOnsiYnVja2V0Ijoib24iLCJ2ZXJzaW9uIjpudWxsfSwidGZ3X3ZpZGVvX2hsc19keW5hbWljX21hbmlmZXN0c18xNTA4MiI6eyJidWNrZXQiOiJ0cnVlX2JpdHJhdGUiLCJ2ZXJzaW9uIjpudWxsfSwidGZ3X3Nob3dfYmx1ZV92ZXJpZmllZF9iYWRnZSI6eyJidWNrZXQiOiJvbiIsInZlcnNpb24iOm51bGx9LCJ0ZndfbGVnYWN5X3RpbWVsaW5lX3N1bnNldCI6eyJidWNrZXQiOnRydWUsInZlcnNpb24iOm51bGx9LCJ0Zndfc2hvd19nb3ZfdmVyaWZpZWRfYmFkZ2UiOnsiYnVja2V0Ijoib24iLCJ2ZXJzaW9uIjpudWxsfSwidGZ3X3Nob3dfYnVzaW5lc3NfYWZmaWxpYXRlX2JhZGdlIjp7ImJ1Y2tldCI6Im9uIiwidmVyc2lvbiI6bnVsbH0sInRmd190d2VldF9lZGl0X2Zyb250ZW5kIjp7ImJ1Y2tldCI6Im9uIiwidmVyc2lvbiI6bnVsbH19&amp;frame=false&amp;hideCard=false&amp;hideThread=false&amp;id=1617121512506511368&amp;lang=pt&amp;origin=https%3A%2F%2Fbahia.ba%2Fpolitica%2Flula-responsabiliza-bolsonaro-por-situacao-dos-povos-yanomamis-crime-premeditado%2F&amp;sessionId=4189a0434848c5730cd89e5d2a316aa335a9b7af&amp;siteScreenName=pontoBA&amp;theme=light&amp;widgetsVersion=2b959255e8896%3A1673658205745&amp;width=550px\" frameborder=\"0\" scrolling=\"no\" allowfullscreen=\"allowfullscreen\" data-tweet-id=\"1617121512506511368\" data-mce-fragment=\"1\"><\/iframe><\/div>\n<div class='share-to-whatsapp-wrapper'><div class='share-on-whsp'>Share on: <\/div><a data-text='Lula responsabiliza Bolsonaro por situa\u00e7\u00e3o dos povos yanomamis: \u2018crime premeditado\u2019' data-link='https:\/\/newsinfoco.com.br\/inicio\/lula-responsabiliza-bolsonaro-por-situacao-dos-povos-yanomamis-crime-premeditado\/' class='whatsapp-button whatsapp-share'>WhatsApp<\/a><div class='clear '><\/div><\/div>","protected":false},"excerpt":{"rendered":"<p>Ap\u00f3s visitar aldeias dos povos yanomamis, em Roraima, o presidente Luiz In\u00e1cio Lula da Silva (PT) responsabilizou a gest\u00e3o do ex-presidente Jair Bolsonaro (PL) pela crise humanit\u00e1ria instalada na regi\u00e3o.\u00a0 O petista disse que viu um \u2018genoc\u00eddio\u2019 e um \u2018crime premeditado\u2019 cometido\u00a0 \u2018por um governo insens\u00edvel\u2019 contra os povos yanomamis. \u201cMais que uma crise humanit\u00e1ria, [&hellip;]<\/p>\n","protected":false},"author":1,"featured_media":32587,"comment_status":"closed","ping_status":"closed","sticky":false,"template":"","format":"standard","meta":{"om_disable_all_campaigns":false,"rop_custom_images_group":[],"rop_custom_messages_group":[],"rop_publish_now":"initial","rop_publish_now_accounts":[],"rop_publish_now_history":[],"rop_publish_now_status":"pending","_exactmetrics_skip_tracking":false,"footnotes":""},"categories":[167],"tags":[],"class_list":["post-32586","post","type-post","status-publish","format-standard","has-post-thumbnail","hentry","category-exclusivas"],"aioseo_notices":[],"aioseo_head":"\n\t\t<!-- All in One SEO 4.9.10 - aioseo.com -->\n\t<meta name=\"description\" content=\"Ap\u00f3s visitar aldeias dos povos yanomamis, em Roraima, o presidente Luiz In\u00e1cio Lula da Silva (PT) responsabilizou a gest\u00e3o do ex-presidente Jair Bolsonaro (PL) pela crise humanit\u00e1ria instalada na regi\u00e3o. O petista disse que viu um \u2018genoc\u00eddio\u2019 e um \u2018crime premeditado\u2019 cometido \u2018por um governo insens\u00edvel\u2019 contra os povos yanomamis. \u201cMais que uma crise humanit\u00e1ria,\" \/>\n\t<meta name=\"robots\" content=\"max-image-preview:large\" \/>\n\t<meta name=\"author\" content=\"administrador\"\/>\n\t<link rel=\"canonical\" href=\"https:\/\/newsinfoco.com.br\/inicio\/lula-responsabiliza-bolsonaro-por-situacao-dos-povos-yanomamis-crime-premeditado\/\" \/>\n\t<meta name=\"generator\" content=\"All in One SEO (AIOSEO) 4.9.10\" \/>\n\t\t<meta property=\"og:locale\" content=\"pt_BR\" \/>\n\t\t<meta property=\"og:site_name\" content=\"News In Foco - Editado por Caio Pimenta - O principal site de noticias de Alagoinhas e regi\u00e3o\" \/>\n\t\t<meta property=\"og:type\" content=\"article\" \/>\n\t\t<meta property=\"og:title\" content=\"Lula responsabiliza Bolsonaro por situa\u00e7\u00e3o dos povos yanomamis: \u2018crime premeditado\u2019 - News In Foco - Editado por Caio Pimenta\" \/>\n\t\t<meta property=\"og:description\" content=\"Ap\u00f3s visitar aldeias dos povos yanomamis, em Roraima, o presidente Luiz In\u00e1cio Lula da Silva (PT) responsabilizou a gest\u00e3o do ex-presidente Jair Bolsonaro (PL) pela crise humanit\u00e1ria instalada na regi\u00e3o. O petista disse que viu um \u2018genoc\u00eddio\u2019 e um \u2018crime premeditado\u2019 cometido \u2018por um governo insens\u00edvel\u2019 contra os povos yanomamis. \u201cMais que uma crise humanit\u00e1ria,\" \/>\n\t\t<meta property=\"og:url\" content=\"https:\/\/newsinfoco.com.br\/inicio\/lula-responsabiliza-bolsonaro-por-situacao-dos-povos-yanomamis-crime-premeditado\/\" \/>\n\t\t<meta property=\"article:published_time\" content=\"2023-01-23T00:01:32+00:00\" \/>\n\t\t<meta property=\"article:modified_time\" content=\"2023-01-23T00:01:32+00:00\" \/>\n\t\t<meta name=\"twitter:card\" content=\"summary_large_image\" \/>\n\t\t<meta name=\"twitter:title\" content=\"Lula responsabiliza Bolsonaro por situa\u00e7\u00e3o dos povos yanomamis: \u2018crime premeditado\u2019 - News In Foco - Editado por Caio Pimenta\" \/>\n\t\t<meta name=\"twitter:description\" content=\"Ap\u00f3s visitar aldeias dos povos yanomamis, em Roraima, o presidente Luiz In\u00e1cio Lula da Silva (PT) responsabilizou a gest\u00e3o do ex-presidente Jair Bolsonaro (PL) pela crise humanit\u00e1ria instalada na regi\u00e3o. O petista disse que viu um \u2018genoc\u00eddio\u2019 e um \u2018crime premeditado\u2019 cometido \u2018por um governo insens\u00edvel\u2019 contra os povos yanomamis. \u201cMais que uma crise humanit\u00e1ria,\" \/>\n\t\t<script type=\"application\/ld+json\" class=\"aioseo-schema\">\n\t\t\t{\"@context\":\"https:\\\/\\\/schema.org\",\"@graph\":[{\"@type\":\"BlogPosting\",\"@id\":\"https:\\\/\\\/newsinfoco.com.br\\\/inicio\\\/lula-responsabiliza-bolsonaro-por-situacao-dos-povos-yanomamis-crime-premeditado\\\/#blogposting\",\"name\":\"Lula responsabiliza Bolsonaro por situa\\u00e7\\u00e3o dos povos yanomamis: \\u2018crime premeditado\\u2019 - News In Foco - Editado por Caio Pimenta\",\"headline\":\"Lula responsabiliza Bolsonaro por situa\\u00e7\\u00e3o dos povos yanomamis: \\u2018crime premeditado\\u2019\",\"author\":{\"@id\":\"https:\\\/\\\/newsinfoco.com.br\\\/inicio\\\/author\\\/administrador\\\/#author\"},\"publisher\":{\"@id\":\"https:\\\/\\\/newsinfoco.com.br\\\/inicio\\\/#organization\"},\"image\":{\"@type\":\"ImageObject\",\"url\":\"https:\\\/\\\/newsinfoco.com.br\\\/inicio\\\/wp-content\\\/uploads\\\/2023\\\/01\\\/LULA-GARIMPO.jpg\",\"width\":600,\"height\":420},\"datePublished\":\"2023-01-22T21:01:32-03:00\",\"dateModified\":\"2023-01-22T21:01:32-03:00\",\"inLanguage\":\"pt-BR\",\"mainEntityOfPage\":{\"@id\":\"https:\\\/\\\/newsinfoco.com.br\\\/inicio\\\/lula-responsabiliza-bolsonaro-por-situacao-dos-povos-yanomamis-crime-premeditado\\\/#webpage\"},\"isPartOf\":{\"@id\":\"https:\\\/\\\/newsinfoco.com.br\\\/inicio\\\/lula-responsabiliza-bolsonaro-por-situacao-dos-povos-yanomamis-crime-premeditado\\\/#webpage\"},\"articleSection\":\"Manchete\"},{\"@type\":\"BreadcrumbList\",\"@id\":\"https:\\\/\\\/newsinfoco.com.br\\\/inicio\\\/lula-responsabiliza-bolsonaro-por-situacao-dos-povos-yanomamis-crime-premeditado\\\/#breadcrumblist\",\"itemListElement\":[{\"@type\":\"ListItem\",\"@id\":\"https:\\\/\\\/newsinfoco.com.br\\\/inicio#listItem\",\"position\":1,\"name\":\"In\\u00edcio\",\"item\":\"https:\\\/\\\/newsinfoco.com.br\\\/inicio\",\"nextItem\":{\"@type\":\"ListItem\",\"@id\":\"https:\\\/\\\/newsinfoco.com.br\\\/inicio\\\/category\\\/exclusivas\\\/#listItem\",\"name\":\"Manchete\"}},{\"@type\":\"ListItem\",\"@id\":\"https:\\\/\\\/newsinfoco.com.br\\\/inicio\\\/category\\\/exclusivas\\\/#listItem\",\"position\":2,\"name\":\"Manchete\",\"item\":\"https:\\\/\\\/newsinfoco.com.br\\\/inicio\\\/category\\\/exclusivas\\\/\",\"nextItem\":{\"@type\":\"ListItem\",\"@id\":\"https:\\\/\\\/newsinfoco.com.br\\\/inicio\\\/lula-responsabiliza-bolsonaro-por-situacao-dos-povos-yanomamis-crime-premeditado\\\/#listItem\",\"name\":\"Lula responsabiliza Bolsonaro por situa\\u00e7\\u00e3o dos povos yanomamis: \\u2018crime premeditado\\u2019\"},\"previousItem\":{\"@type\":\"ListItem\",\"@id\":\"https:\\\/\\\/newsinfoco.com.br\\\/inicio#listItem\",\"name\":\"In\\u00edcio\"}},{\"@type\":\"ListItem\",\"@id\":\"https:\\\/\\\/newsinfoco.com.br\\\/inicio\\\/lula-responsabiliza-bolsonaro-por-situacao-dos-povos-yanomamis-crime-premeditado\\\/#listItem\",\"position\":3,\"name\":\"Lula responsabiliza Bolsonaro por situa\\u00e7\\u00e3o dos povos yanomamis: \\u2018crime premeditado\\u2019\",\"previousItem\":{\"@type\":\"ListItem\",\"@id\":\"https:\\\/\\\/newsinfoco.com.br\\\/inicio\\\/category\\\/exclusivas\\\/#listItem\",\"name\":\"Manchete\"}}]},{\"@type\":\"Organization\",\"@id\":\"https:\\\/\\\/newsinfoco.com.br\\\/inicio\\\/#organization\",\"name\":\"News In Foco - Editado por Caio Pimenta\",\"description\":\"O principal site de noticias de Alagoinhas e regi\\u00e3o\",\"url\":\"https:\\\/\\\/newsinfoco.com.br\\\/inicio\\\/\"},{\"@type\":\"Person\",\"@id\":\"https:\\\/\\\/newsinfoco.com.br\\\/inicio\\\/author\\\/administrador\\\/#author\",\"url\":\"https:\\\/\\\/newsinfoco.com.br\\\/inicio\\\/author\\\/administrador\\\/\",\"name\":\"administrador\",\"image\":{\"@type\":\"ImageObject\",\"@id\":\"https:\\\/\\\/newsinfoco.com.br\\\/inicio\\\/lula-responsabiliza-bolsonaro-por-situacao-dos-povos-yanomamis-crime-premeditado\\\/#authorImage\",\"url\":\"https:\\\/\\\/secure.gravatar.com\\\/avatar\\\/c17a617433de8c1dc9584bb79aab7563b46f5bb7e1728c9b17d9cc3ce6a08e49?s=96&d=mm&r=g\",\"width\":96,\"height\":96,\"caption\":\"administrador\"}},{\"@type\":\"WebPage\",\"@id\":\"https:\\\/\\\/newsinfoco.com.br\\\/inicio\\\/lula-responsabiliza-bolsonaro-por-situacao-dos-povos-yanomamis-crime-premeditado\\\/#webpage\",\"url\":\"https:\\\/\\\/newsinfoco.com.br\\\/inicio\\\/lula-responsabiliza-bolsonaro-por-situacao-dos-povos-yanomamis-crime-premeditado\\\/\",\"name\":\"Lula responsabiliza Bolsonaro por situa\\u00e7\\u00e3o dos povos yanomamis: \\u2018crime premeditado\\u2019 - News In Foco - Editado por Caio Pimenta\",\"description\":\"Ap\\u00f3s visitar aldeias dos povos yanomamis, em Roraima, o presidente Luiz In\\u00e1cio Lula da Silva (PT) responsabilizou a gest\\u00e3o do ex-presidente Jair Bolsonaro (PL) pela crise humanit\\u00e1ria instalada na regi\\u00e3o. O petista disse que viu um \\u2018genoc\\u00eddio\\u2019 e um \\u2018crime premeditado\\u2019 cometido \\u2018por um governo insens\\u00edvel\\u2019 contra os povos yanomamis. \\u201cMais que uma crise humanit\\u00e1ria,\",\"inLanguage\":\"pt-BR\",\"isPartOf\":{\"@id\":\"https:\\\/\\\/newsinfoco.com.br\\\/inicio\\\/#website\"},\"breadcrumb\":{\"@id\":\"https:\\\/\\\/newsinfoco.com.br\\\/inicio\\\/lula-responsabiliza-bolsonaro-por-situacao-dos-povos-yanomamis-crime-premeditado\\\/#breadcrumblist\"},\"author\":{\"@id\":\"https:\\\/\\\/newsinfoco.com.br\\\/inicio\\\/author\\\/administrador\\\/#author\"},\"creator\":{\"@id\":\"https:\\\/\\\/newsinfoco.com.br\\\/inicio\\\/author\\\/administrador\\\/#author\"},\"image\":{\"@type\":\"ImageObject\",\"url\":\"https:\\\/\\\/newsinfoco.com.br\\\/inicio\\\/wp-content\\\/uploads\\\/2023\\\/01\\\/LULA-GARIMPO.jpg\",\"@id\":\"https:\\\/\\\/newsinfoco.com.br\\\/inicio\\\/lula-responsabiliza-bolsonaro-por-situacao-dos-povos-yanomamis-crime-premeditado\\\/#mainImage\",\"width\":600,\"height\":420},\"primaryImageOfPage\":{\"@id\":\"https:\\\/\\\/newsinfoco.com.br\\\/inicio\\\/lula-responsabiliza-bolsonaro-por-situacao-dos-povos-yanomamis-crime-premeditado\\\/#mainImage\"},\"datePublished\":\"2023-01-22T21:01:32-03:00\",\"dateModified\":\"2023-01-22T21:01:32-03:00\"},{\"@type\":\"WebSite\",\"@id\":\"https:\\\/\\\/newsinfoco.com.br\\\/inicio\\\/#website\",\"url\":\"https:\\\/\\\/newsinfoco.com.br\\\/inicio\\\/\",\"name\":\"News In Foco - Editado por Caio Pimenta\",\"description\":\"O principal site de noticias de Alagoinhas e regi\\u00e3o\",\"inLanguage\":\"pt-BR\",\"publisher\":{\"@id\":\"https:\\\/\\\/newsinfoco.com.br\\\/inicio\\\/#organization\"}}]}\n\t\t<\/script>\n\t\t<!-- All in One SEO -->\n\n","aioseo_head_json":{"title":"Lula responsabiliza Bolsonaro por situa\u00e7\u00e3o dos povos yanomamis: \u2018crime premeditado\u2019 - News In Foco - Editado por Caio Pimenta","description":"Ap\u00f3s visitar aldeias dos povos yanomamis, em Roraima, o presidente Luiz In\u00e1cio Lula da Silva (PT) responsabilizou a gest\u00e3o do ex-presidente Jair Bolsonaro (PL) pela crise humanit\u00e1ria instalada na regi\u00e3o. O petista disse que viu um \u2018genoc\u00eddio\u2019 e um \u2018crime premeditado\u2019 cometido \u2018por um governo insens\u00edvel\u2019 contra os povos yanomamis. \u201cMais que uma crise humanit\u00e1ria,","canonical_url":"https:\/\/newsinfoco.com.br\/inicio\/lula-responsabiliza-bolsonaro-por-situacao-dos-povos-yanomamis-crime-premeditado\/","robots":"max-image-preview:large","keywords":"","webmasterTools":{"miscellaneous":""},"schema":{"@context":"https:\/\/schema.org","@graph":[{"@type":"BlogPosting","@id":"https:\/\/newsinfoco.com.br\/inicio\/lula-responsabiliza-bolsonaro-por-situacao-dos-povos-yanomamis-crime-premeditado\/#blogposting","name":"Lula responsabiliza Bolsonaro por situa\u00e7\u00e3o dos povos yanomamis: \u2018crime premeditado\u2019 - News In Foco - Editado por Caio Pimenta","headline":"Lula responsabiliza Bolsonaro por situa\u00e7\u00e3o dos povos yanomamis: \u2018crime premeditado\u2019","author":{"@id":"https:\/\/newsinfoco.com.br\/inicio\/author\/administrador\/#author"},"publisher":{"@id":"https:\/\/newsinfoco.com.br\/inicio\/#organization"},"image":{"@type":"ImageObject","url":"https:\/\/newsinfoco.com.br\/inicio\/wp-content\/uploads\/2023\/01\/LULA-GARIMPO.jpg","width":600,"height":420},"datePublished":"2023-01-22T21:01:32-03:00","dateModified":"2023-01-22T21:01:32-03:00","inLanguage":"pt-BR","mainEntityOfPage":{"@id":"https:\/\/newsinfoco.com.br\/inicio\/lula-responsabiliza-bolsonaro-por-situacao-dos-povos-yanomamis-crime-premeditado\/#webpage"},"isPartOf":{"@id":"https:\/\/newsinfoco.com.br\/inicio\/lula-responsabiliza-bolsonaro-por-situacao-dos-povos-yanomamis-crime-premeditado\/#webpage"},"articleSection":"Manchete"},{"@type":"BreadcrumbList","@id":"https:\/\/newsinfoco.com.br\/inicio\/lula-responsabiliza-bolsonaro-por-situacao-dos-povos-yanomamis-crime-premeditado\/#breadcrumblist","itemListElement":[{"@type":"ListItem","@id":"https:\/\/newsinfoco.com.br\/inicio#listItem","position":1,"name":"In\u00edcio","item":"https:\/\/newsinfoco.com.br\/inicio","nextItem":{"@type":"ListItem","@id":"https:\/\/newsinfoco.com.br\/inicio\/category\/exclusivas\/#listItem","name":"Manchete"}},{"@type":"ListItem","@id":"https:\/\/newsinfoco.com.br\/inicio\/category\/exclusivas\/#listItem","position":2,"name":"Manchete","item":"https:\/\/newsinfoco.com.br\/inicio\/category\/exclusivas\/","nextItem":{"@type":"ListItem","@id":"https:\/\/newsinfoco.com.br\/inicio\/lula-responsabiliza-bolsonaro-por-situacao-dos-povos-yanomamis-crime-premeditado\/#listItem","name":"Lula responsabiliza Bolsonaro por situa\u00e7\u00e3o dos povos yanomamis: \u2018crime premeditado\u2019"},"previousItem":{"@type":"ListItem","@id":"https:\/\/newsinfoco.com.br\/inicio#listItem","name":"In\u00edcio"}},{"@type":"ListItem","@id":"https:\/\/newsinfoco.com.br\/inicio\/lula-responsabiliza-bolsonaro-por-situacao-dos-povos-yanomamis-crime-premeditado\/#listItem","position":3,"name":"Lula responsabiliza Bolsonaro por situa\u00e7\u00e3o dos povos yanomamis: \u2018crime premeditado\u2019","previousItem":{"@type":"ListItem","@id":"https:\/\/newsinfoco.com.br\/inicio\/category\/exclusivas\/#listItem","name":"Manchete"}}]},{"@type":"Organization","@id":"https:\/\/newsinfoco.com.br\/inicio\/#organization","name":"News In Foco - Editado por Caio Pimenta","description":"O principal site de noticias de Alagoinhas e regi\u00e3o","url":"https:\/\/newsinfoco.com.br\/inicio\/"},{"@type":"Person","@id":"https:\/\/newsinfoco.com.br\/inicio\/author\/administrador\/#author","url":"https:\/\/newsinfoco.com.br\/inicio\/author\/administrador\/","name":"administrador","image":{"@type":"ImageObject","@id":"https:\/\/newsinfoco.com.br\/inicio\/lula-responsabiliza-bolsonaro-por-situacao-dos-povos-yanomamis-crime-premeditado\/#authorImage","url":"https:\/\/secure.gravatar.com\/avatar\/c17a617433de8c1dc9584bb79aab7563b46f5bb7e1728c9b17d9cc3ce6a08e49?s=96&d=mm&r=g","width":96,"height":96,"caption":"administrador"}},{"@type":"WebPage","@id":"https:\/\/newsinfoco.com.br\/inicio\/lula-responsabiliza-bolsonaro-por-situacao-dos-povos-yanomamis-crime-premeditado\/#webpage","url":"https:\/\/newsinfoco.com.br\/inicio\/lula-responsabiliza-bolsonaro-por-situacao-dos-povos-yanomamis-crime-premeditado\/","name":"Lula responsabiliza Bolsonaro por situa\u00e7\u00e3o dos povos yanomamis: \u2018crime premeditado\u2019 - News In Foco - Editado por Caio Pimenta","description":"Ap\u00f3s visitar aldeias dos povos yanomamis, em Roraima, o presidente Luiz In\u00e1cio Lula da Silva (PT) responsabilizou a gest\u00e3o do ex-presidente Jair Bolsonaro (PL) pela crise humanit\u00e1ria instalada na regi\u00e3o. O petista disse que viu um \u2018genoc\u00eddio\u2019 e um \u2018crime premeditado\u2019 cometido \u2018por um governo insens\u00edvel\u2019 contra os povos yanomamis. \u201cMais que uma crise humanit\u00e1ria,","inLanguage":"pt-BR","isPartOf":{"@id":"https:\/\/newsinfoco.com.br\/inicio\/#website"},"breadcrumb":{"@id":"https:\/\/newsinfoco.com.br\/inicio\/lula-responsabiliza-bolsonaro-por-situacao-dos-povos-yanomamis-crime-premeditado\/#breadcrumblist"},"author":{"@id":"https:\/\/newsinfoco.com.br\/inicio\/author\/administrador\/#author"},"creator":{"@id":"https:\/\/newsinfoco.com.br\/inicio\/author\/administrador\/#author"},"image":{"@type":"ImageObject","url":"https:\/\/newsinfoco.com.br\/inicio\/wp-content\/uploads\/2023\/01\/LULA-GARIMPO.jpg","@id":"https:\/\/newsinfoco.com.br\/inicio\/lula-responsabiliza-bolsonaro-por-situacao-dos-povos-yanomamis-crime-premeditado\/#mainImage","width":600,"height":420},"primaryImageOfPage":{"@id":"https:\/\/newsinfoco.com.br\/inicio\/lula-responsabiliza-bolsonaro-por-situacao-dos-povos-yanomamis-crime-premeditado\/#mainImage"},"datePublished":"2023-01-22T21:01:32-03:00","dateModified":"2023-01-22T21:01:32-03:00"},{"@type":"WebSite","@id":"https:\/\/newsinfoco.com.br\/inicio\/#website","url":"https:\/\/newsinfoco.com.br\/inicio\/","name":"News In Foco - Editado por Caio Pimenta","description":"O principal site de noticias de Alagoinhas e regi\u00e3o","inLanguage":"pt-BR","publisher":{"@id":"https:\/\/newsinfoco.com.br\/inicio\/#organization"}}]},"og:locale":"pt_BR","og:site_name":"News In Foco - Editado por Caio Pimenta - O principal site de noticias de Alagoinhas e regi\u00e3o","og:type":"article","og:title":"Lula responsabiliza Bolsonaro por situa\u00e7\u00e3o dos povos yanomamis: \u2018crime premeditado\u2019 - News In Foco - Editado por Caio Pimenta","og:description":"Ap\u00f3s visitar aldeias dos povos yanomamis, em Roraima, o presidente Luiz In\u00e1cio Lula da Silva (PT) responsabilizou a gest\u00e3o do ex-presidente Jair Bolsonaro (PL) pela crise humanit\u00e1ria instalada na regi\u00e3o. O petista disse que viu um \u2018genoc\u00eddio\u2019 e um \u2018crime premeditado\u2019 cometido \u2018por um governo insens\u00edvel\u2019 contra os povos yanomamis. \u201cMais que uma crise humanit\u00e1ria,","og:url":"https:\/\/newsinfoco.com.br\/inicio\/lula-responsabiliza-bolsonaro-por-situacao-dos-povos-yanomamis-crime-premeditado\/","article:published_time":"2023-01-23T00:01:32+00:00","article:modified_time":"2023-01-23T00:01:32+00:00","twitter:card":"summary_large_image","twitter:title":"Lula responsabiliza Bolsonaro por situa\u00e7\u00e3o dos povos yanomamis: \u2018crime premeditado\u2019 - News In Foco - Editado por Caio Pimenta","twitter:description":"Ap\u00f3s visitar aldeias dos povos yanomamis, em Roraima, o presidente Luiz In\u00e1cio Lula da Silva (PT) responsabilizou a gest\u00e3o do ex-presidente Jair Bolsonaro (PL) pela crise humanit\u00e1ria instalada na regi\u00e3o. O petista disse que viu um \u2018genoc\u00eddio\u2019 e um \u2018crime premeditado\u2019 cometido \u2018por um governo insens\u00edvel\u2019 contra os povos yanomamis. \u201cMais que uma crise humanit\u00e1ria,"},"aioseo_meta_data":{"post_id":"32586","title":null,"description":null,"keywords":null,"keyphrases":null,"primary_term":null,"canonical_url":null,"og_title":null,"og_description":null,"og_object_type":"default","og_image_type":"default","og_image_url":null,"og_image_width":null,"og_image_height":null,"og_image_custom_url":null,"og_image_custom_fields":null,"og_video":null,"og_custom_url":null,"og_article_section":null,"og_article_tags":null,"twitter_use_og":false,"twitter_card":"default","twitter_image_type":"default","twitter_image_url":null,"twitter_image_custom_url":null,"twitter_image_custom_fields":null,"twitter_title":null,"twitter_description":null,"schema":{"blockGraphs":[],"customGraphs":[],"default":{"data":{"Article":[],"Course":[],"Dataset":[],"FAQPage":[],"Movie":[],"Person":[],"Product":[],"ProductReview":[],"Car":[],"Recipe":[],"Service":[],"SoftwareApplication":[],"WebPage":[]},"graphName":"","isEnabled":true},"graphs":[]},"schema_type":"default","schema_type_options":null,"pillar_content":false,"robots_default":true,"robots_noindex":false,"robots_noarchive":false,"robots_nosnippet":false,"robots_nofollow":false,"robots_noimageindex":false,"robots_noodp":false,"robots_notranslate":false,"robots_max_snippet":null,"robots_max_videopreview":null,"robots_max_imagepreview":"large","priority":null,"frequency":null,"local_seo":null,"breadcrumb_settings":null,"limit_modified_date":false,"ai":null,"created":"2023-06-12 22:36:34","updated":"2025-07-11 08:53:36","seo_analyzer_scan_date":null},"aioseo_breadcrumb":"<div class=\"aioseo-breadcrumbs\"><span class=\"aioseo-breadcrumb\">\n\t\t\t<a href=\"https:\/\/newsinfoco.com.br\/inicio\" title=\"In\u00edcio\">In\u00edcio<\/a>\n\t\t<\/span><span class=\"aioseo-breadcrumb-separator\">&raquo;<\/span><span class=\"aioseo-breadcrumb\">\n\t\t\t<a href=\"https:\/\/newsinfoco.com.br\/inicio\/category\/exclusivas\/\" title=\"Manchete\">Manchete<\/a>\n\t\t<\/span><span class=\"aioseo-breadcrumb-separator\">&raquo;<\/span><span class=\"aioseo-breadcrumb\">\n\t\t\tLula responsabiliza Bolsonaro por situa\u00e7\u00e3o dos povos yanomamis: \u2018crime premeditado\u2019\n\t\t<\/span><\/div>","aioseo_breadcrumb_json":[{"label":"In\u00edcio","link":"https:\/\/newsinfoco.com.br\/inicio"},{"label":"Manchete","link":"https:\/\/newsinfoco.com.br\/inicio\/category\/exclusivas\/"},{"label":"Lula responsabiliza Bolsonaro por situa\u00e7\u00e3o dos povos yanomamis: \u2018crime premeditado\u2019","link":"https:\/\/newsinfoco.com.br\/inicio\/lula-responsabiliza-bolsonaro-por-situacao-dos-povos-yanomamis-crime-premeditado\/"}],"_links":{"self":[{"href":"https:\/\/newsinfoco.com.br\/inicio\/wp-json\/wp\/v2\/posts\/32586","targetHints":{"allow":["GET"]}}],"collection":[{"href":"https:\/\/newsinfoco.com.br\/inicio\/wp-json\/wp\/v2\/posts"}],"about":[{"href":"https:\/\/newsinfoco.com.br\/inicio\/wp-json\/wp\/v2\/types\/post"}],"author":[{"embeddable":true,"href":"https:\/\/newsinfoco.com.br\/inicio\/wp-json\/wp\/v2\/users\/1"}],"replies":[{"embeddable":true,"href":"https:\/\/newsinfoco.com.br\/inicio\/wp-json\/wp\/v2\/comments?post=32586"}],"version-history":[{"count":1,"href":"https:\/\/newsinfoco.com.br\/inicio\/wp-json\/wp\/v2\/posts\/32586\/revisions"}],"predecessor-version":[{"id":32588,"href":"https:\/\/newsinfoco.com.br\/inicio\/wp-json\/wp\/v2\/posts\/32586\/revisions\/32588"}],"wp:featuredmedia":[{"embeddable":true,"href":"https:\/\/newsinfoco.com.br\/inicio\/wp-json\/wp\/v2\/media\/32587"}],"wp:attachment":[{"href":"https:\/\/newsinfoco.com.br\/inicio\/wp-json\/wp\/v2\/media?parent=32586"}],"wp:term":[{"taxonomy":"category","embeddable":true,"href":"https:\/\/newsinfoco.com.br\/inicio\/wp-json\/wp\/v2\/categories?post=32586"},{"taxonomy":"post_tag","embeddable":true,"href":"https:\/\/newsinfoco.com.br\/inicio\/wp-json\/wp\/v2\/tags?post=32586"}],"curies":[{"name":"wp","href":"https:\/\/api.w.org\/{rel}","templated":true}]}}