{"id":32605,"date":"2023-01-23T15:05:25","date_gmt":"2023-01-23T18:05:25","guid":{"rendered":"https:\/\/newsinfoco.com.br\/inicio\/?p=32605"},"modified":"2023-01-23T15:05:25","modified_gmt":"2023-01-23T18:05:25","slug":"ofensiva-diplomatica-de-lula-pode-mudar-muita-coisa-na-economia-mundial-diz-jornal-frances","status":"publish","type":"post","link":"https:\/\/newsinfoco.com.br\/inicio\/ofensiva-diplomatica-de-lula-pode-mudar-muita-coisa-na-economia-mundial-diz-jornal-frances\/","title":{"rendered":"Ofensiva diplom\u00e1tica de Lula pode mudar muita coisa na economia mundial , diz jornal franc\u00eas"},"content":{"rendered":"<p data-t=\"{&quot;n&quot;:&quot;blueLinks&quot;}\">A primeira viagem internacional do terceiro mandato do presidente Lula, desta segunda (23) at\u00e9 quarta-feira (25) \u00e0 Argentina e ao Uruguai, \u00e9 noticiada com destaque pela imprensa francesa. O jornal\u00a0<em>Les Echos<\/em>, principal di\u00e1rio econ\u00f4mico do pa\u00eds, fala em &#8220;ofensiva diplom\u00e1tica&#8221; do novo governo e informa que Brasil e Argentina decidiram iniciar discuss\u00f5es para a cria\u00e7\u00e3o de uma moeda comum destinada a contrabalan\u00e7ar o poder do d\u00f3lar.<\/p>\n<p data-t=\"{&quot;n&quot;:&quot;blueLinks&quot;}\">&#8220;A ideia \u00e9 potencialmente uma pedra no sapato do Tio Sam&#8221;, escreve\u00a0<em>Les Echos<\/em>\u00a0nesta segunda-feira\u00a0(23), acrescentando que o projeto n\u00e3o \u00e9 novo e j\u00e1 tinha sido evocado pelo ex-presidente argentino Carlos Menem, nos anos 1990. A moeda comum j\u00e1 tem nome \u2013 &#8220;sul&#8221; em portugu\u00eas, &#8220;sur&#8221; em castelhano \u2013, uma denomina\u00e7\u00e3o altamente simb\u00f3lica.<\/p>\n<p data-t=\"{&quot;n&quot;:&quot;blueLinks&quot;}\">O texto compara o projeto \u00e0 moeda \u00fanica europeia \u2013 &#8220;nada mais nada menos que um euro sul-americano&#8221;, nota o jornal franc\u00eas. Caso venha a se tornar realidade, &#8220;esta moeda poderia mudar muita coisa na economia mundial, uma vez que o d\u00f3lar \u00e9 a principal ferramenta de domina\u00e7\u00e3o dos Estados Unidos no continente&#8221;, explica o correspondente em S\u00e3o Paulo.<\/p>\n<p class=\"continue-read-break\" data-t=\"{&quot;n&quot;:&quot;blueLinks&quot;}\">A desdolariza\u00e7\u00e3o da economia mundial \u00e9 um processo lento, mas que est\u00e1 em curso, segundo o\u00a0<em>Les Echos<\/em>. As recentes san\u00e7\u00f5es americanas adotadas contra a R\u00fassia\u00a0devido \u00e0 invas\u00e3o da Ucr\u00e2nia congelaram as reservas cambiais em d\u00f3lar do Banco Central da R\u00fassia, mostrando a outros pa\u00edses que os Estados Unidos podem de uma hora para outra fazer o mesmo com outras na\u00e7\u00f5es, se sentirem seus interesses amea\u00e7ados, afirma o di\u00e1rio franc\u00eas.<\/p>\n<p data-t=\"{&quot;n&quot;:&quot;blueLinks&quot;}\">&#8220;O projeto de uni\u00e3o monet\u00e1ria \u00e9 mais um passo na dire\u00e7\u00e3o da fragmenta\u00e7\u00e3o do mundo e da organiza\u00e7\u00e3o de um contrapoder na Am\u00e9rica&#8221;, avalia\u00a0<em>Les Echos<\/em>, lembrando que Brasil e Argentina representam juntos 5% do PIB mundial. Trata-se de um peso menor do que os 15% da zona do euro, mas nem por isso negligenci\u00e1vel.<\/p>\n<p data-t=\"{&quot;n&quot;:&quot;blueLinks&quot;}\">Ao participar na ter\u00e7a-feira da c\u00fapula dos presidentes da Comunidade de Estados Latino-Americanos e Caribenhos (Celac),\u00a0Lula busca retomar rela\u00e7\u00f5es privilegiadas com outros pa\u00edses da regi\u00e3o, al\u00e9m das fronteiras do Mercosul, sublinha o ve\u00edculo. Analistas ouvidos na reportagem consideram que \u00e9 um retorno da diplomacia Sul-Sul, que sempre caracterizou a a\u00e7\u00e3o dos governos anteriores de Lula, para que o Brasil conserve uma influ\u00eancia na regi\u00e3o, em detrimento dos Estados Unidos e da Uni\u00e3o Europeia.<\/p>\n<p data-t=\"{&quot;n&quot;:&quot;blueLinks&quot;}\">No final do m\u00eas, Lula receber\u00e1 o chanceler alem\u00e3o, Olaf Scholz, em Bras\u00edlia, e depois deve prosseguir com sua ofensiva diplom\u00e1tica no resto do mundo, conclui\u00a0<em>Les Echos<\/em>.<\/p>\n<p data-t=\"{&quot;n&quot;:&quot;blueLinks&quot;}\">\n<p data-t=\"{&quot;n&quot;:&quot;blueLinks&quot;}\">RFI<\/p>\n<div class='share-to-whatsapp-wrapper'><div class='share-on-whsp'>Share on: <\/div><a data-text='Ofensiva diplom\u00e1tica de Lula pode mudar muita coisa na economia mundial , diz jornal franc\u00eas' data-link='https:\/\/newsinfoco.com.br\/inicio\/ofensiva-diplomatica-de-lula-pode-mudar-muita-coisa-na-economia-mundial-diz-jornal-frances\/' class='whatsapp-button whatsapp-share'>WhatsApp<\/a><div class='clear '><\/div><\/div>","protected":false},"excerpt":{"rendered":"<p>A primeira viagem internacional do terceiro mandato do presidente Lula, desta segunda (23) at\u00e9 quarta-feira (25) \u00e0 Argentina e ao Uruguai, \u00e9 noticiada com destaque pela imprensa francesa. O jornal\u00a0Les Echos, principal di\u00e1rio econ\u00f4mico do pa\u00eds, fala em &#8220;ofensiva diplom\u00e1tica&#8221; do novo governo e informa que Brasil e Argentina decidiram iniciar discuss\u00f5es para a cria\u00e7\u00e3o [&hellip;]<\/p>\n","protected":false},"author":1,"featured_media":32606,"comment_status":"closed","ping_status":"closed","sticky":false,"template":"","format":"standard","meta":{"om_disable_all_campaigns":false,"rop_custom_images_group":[],"rop_custom_messages_group":[],"rop_publish_now":"initial","rop_publish_now_accounts":[],"rop_publish_now_history":[],"rop_publish_now_status":"pending","_exactmetrics_skip_tracking":false,"footnotes":""},"categories":[21],"tags":[],"class_list":["post-32605","post","type-post","status-publish","format-standard","has-post-thumbnail","hentry","category-brasil"],"aioseo_notices":[],"aioseo_head":"\n\t\t<!-- All in One SEO 4.9.10 - aioseo.com -->\n\t<meta name=\"description\" content=\"A primeira viagem internacional do terceiro mandato do presidente Lula, desta segunda (23) at\u00e9 quarta-feira (25) \u00e0 Argentina e ao Uruguai, \u00e9 noticiada com destaque pela imprensa francesa. O jornal Les Echos, principal di\u00e1rio econ\u00f4mico do pa\u00eds, fala em &quot;ofensiva diplom\u00e1tica&quot; do novo governo e informa que Brasil e Argentina decidiram iniciar discuss\u00f5es para a cria\u00e7\u00e3o\" \/>\n\t<meta name=\"robots\" content=\"max-image-preview:large\" \/>\n\t<meta name=\"author\" content=\"administrador\"\/>\n\t<link rel=\"canonical\" href=\"https:\/\/newsinfoco.com.br\/inicio\/ofensiva-diplomatica-de-lula-pode-mudar-muita-coisa-na-economia-mundial-diz-jornal-frances\/\" \/>\n\t<meta name=\"generator\" content=\"All in One SEO (AIOSEO) 4.9.10\" \/>\n\t\t<meta property=\"og:locale\" content=\"pt_BR\" \/>\n\t\t<meta property=\"og:site_name\" content=\"News In Foco - Editado por Caio Pimenta - O principal site de noticias de Alagoinhas e regi\u00e3o\" \/>\n\t\t<meta property=\"og:type\" content=\"article\" \/>\n\t\t<meta property=\"og:title\" content=\"Ofensiva diplom\u00e1tica de Lula pode mudar muita coisa na economia mundial , diz jornal franc\u00eas - News In Foco - Editado por Caio Pimenta\" \/>\n\t\t<meta property=\"og:description\" content=\"A primeira viagem internacional do terceiro mandato do presidente Lula, desta segunda (23) at\u00e9 quarta-feira (25) \u00e0 Argentina e ao Uruguai, \u00e9 noticiada com destaque pela imprensa francesa. O jornal Les Echos, principal di\u00e1rio econ\u00f4mico do pa\u00eds, fala em &quot;ofensiva diplom\u00e1tica&quot; do novo governo e informa que Brasil e Argentina decidiram iniciar discuss\u00f5es para a cria\u00e7\u00e3o\" \/>\n\t\t<meta property=\"og:url\" content=\"https:\/\/newsinfoco.com.br\/inicio\/ofensiva-diplomatica-de-lula-pode-mudar-muita-coisa-na-economia-mundial-diz-jornal-frances\/\" \/>\n\t\t<meta property=\"article:published_time\" content=\"2023-01-23T18:05:25+00:00\" \/>\n\t\t<meta property=\"article:modified_time\" content=\"2023-01-23T18:05:25+00:00\" \/>\n\t\t<meta name=\"twitter:card\" content=\"summary_large_image\" \/>\n\t\t<meta name=\"twitter:title\" content=\"Ofensiva diplom\u00e1tica de Lula pode mudar muita coisa na economia mundial , diz jornal franc\u00eas - News In Foco - Editado por Caio Pimenta\" \/>\n\t\t<meta name=\"twitter:description\" content=\"A primeira viagem internacional do terceiro mandato do presidente Lula, desta segunda (23) at\u00e9 quarta-feira (25) \u00e0 Argentina e ao Uruguai, \u00e9 noticiada com destaque pela imprensa francesa. O jornal Les Echos, principal di\u00e1rio econ\u00f4mico do pa\u00eds, fala em &quot;ofensiva diplom\u00e1tica&quot; do novo governo e informa que Brasil e Argentina decidiram iniciar discuss\u00f5es para a cria\u00e7\u00e3o\" \/>\n\t\t<script type=\"application\/ld+json\" class=\"aioseo-schema\">\n\t\t\t{\"@context\":\"https:\\\/\\\/schema.org\",\"@graph\":[{\"@type\":\"BlogPosting\",\"@id\":\"https:\\\/\\\/newsinfoco.com.br\\\/inicio\\\/ofensiva-diplomatica-de-lula-pode-mudar-muita-coisa-na-economia-mundial-diz-jornal-frances\\\/#blogposting\",\"name\":\"Ofensiva diplom\\u00e1tica de Lula pode mudar muita coisa na economia mundial , diz jornal franc\\u00eas - News In Foco - Editado por Caio Pimenta\",\"headline\":\"Ofensiva diplom\\u00e1tica de Lula pode mudar muita coisa na economia mundial , diz jornal franc\\u00eas\",\"author\":{\"@id\":\"https:\\\/\\\/newsinfoco.com.br\\\/inicio\\\/author\\\/administrador\\\/#author\"},\"publisher\":{\"@id\":\"https:\\\/\\\/newsinfoco.com.br\\\/inicio\\\/#organization\"},\"image\":{\"@type\":\"ImageObject\",\"url\":\"https:\\\/\\\/newsinfoco.com.br\\\/inicio\\\/wp-content\\\/uploads\\\/2023\\\/01\\\/AA16DDol.jpeg\",\"width\":768,\"height\":432,\"caption\":\"\\u00a9 AFP - IRINA DAMBRAUSKAS\"},\"datePublished\":\"2023-01-23T15:05:25-03:00\",\"dateModified\":\"2023-01-23T15:05:25-03:00\",\"inLanguage\":\"pt-BR\",\"mainEntityOfPage\":{\"@id\":\"https:\\\/\\\/newsinfoco.com.br\\\/inicio\\\/ofensiva-diplomatica-de-lula-pode-mudar-muita-coisa-na-economia-mundial-diz-jornal-frances\\\/#webpage\"},\"isPartOf\":{\"@id\":\"https:\\\/\\\/newsinfoco.com.br\\\/inicio\\\/ofensiva-diplomatica-de-lula-pode-mudar-muita-coisa-na-economia-mundial-diz-jornal-frances\\\/#webpage\"},\"articleSection\":\"Brasil\"},{\"@type\":\"BreadcrumbList\",\"@id\":\"https:\\\/\\\/newsinfoco.com.br\\\/inicio\\\/ofensiva-diplomatica-de-lula-pode-mudar-muita-coisa-na-economia-mundial-diz-jornal-frances\\\/#breadcrumblist\",\"itemListElement\":[{\"@type\":\"ListItem\",\"@id\":\"https:\\\/\\\/newsinfoco.com.br\\\/inicio#listItem\",\"position\":1,\"name\":\"In\\u00edcio\",\"item\":\"https:\\\/\\\/newsinfoco.com.br\\\/inicio\",\"nextItem\":{\"@type\":\"ListItem\",\"@id\":\"https:\\\/\\\/newsinfoco.com.br\\\/inicio\\\/category\\\/brasil\\\/#listItem\",\"name\":\"Brasil\"}},{\"@type\":\"ListItem\",\"@id\":\"https:\\\/\\\/newsinfoco.com.br\\\/inicio\\\/category\\\/brasil\\\/#listItem\",\"position\":2,\"name\":\"Brasil\",\"item\":\"https:\\\/\\\/newsinfoco.com.br\\\/inicio\\\/category\\\/brasil\\\/\",\"nextItem\":{\"@type\":\"ListItem\",\"@id\":\"https:\\\/\\\/newsinfoco.com.br\\\/inicio\\\/ofensiva-diplomatica-de-lula-pode-mudar-muita-coisa-na-economia-mundial-diz-jornal-frances\\\/#listItem\",\"name\":\"Ofensiva diplom\\u00e1tica de Lula pode mudar muita coisa na economia mundial , diz jornal franc\\u00eas\"},\"previousItem\":{\"@type\":\"ListItem\",\"@id\":\"https:\\\/\\\/newsinfoco.com.br\\\/inicio#listItem\",\"name\":\"In\\u00edcio\"}},{\"@type\":\"ListItem\",\"@id\":\"https:\\\/\\\/newsinfoco.com.br\\\/inicio\\\/ofensiva-diplomatica-de-lula-pode-mudar-muita-coisa-na-economia-mundial-diz-jornal-frances\\\/#listItem\",\"position\":3,\"name\":\"Ofensiva diplom\\u00e1tica de Lula pode mudar muita coisa na economia mundial , diz jornal franc\\u00eas\",\"previousItem\":{\"@type\":\"ListItem\",\"@id\":\"https:\\\/\\\/newsinfoco.com.br\\\/inicio\\\/category\\\/brasil\\\/#listItem\",\"name\":\"Brasil\"}}]},{\"@type\":\"Organization\",\"@id\":\"https:\\\/\\\/newsinfoco.com.br\\\/inicio\\\/#organization\",\"name\":\"News In Foco - Editado por Caio Pimenta\",\"description\":\"O principal site de noticias de Alagoinhas e regi\\u00e3o\",\"url\":\"https:\\\/\\\/newsinfoco.com.br\\\/inicio\\\/\"},{\"@type\":\"Person\",\"@id\":\"https:\\\/\\\/newsinfoco.com.br\\\/inicio\\\/author\\\/administrador\\\/#author\",\"url\":\"https:\\\/\\\/newsinfoco.com.br\\\/inicio\\\/author\\\/administrador\\\/\",\"name\":\"administrador\",\"image\":{\"@type\":\"ImageObject\",\"@id\":\"https:\\\/\\\/newsinfoco.com.br\\\/inicio\\\/ofensiva-diplomatica-de-lula-pode-mudar-muita-coisa-na-economia-mundial-diz-jornal-frances\\\/#authorImage\",\"url\":\"https:\\\/\\\/secure.gravatar.com\\\/avatar\\\/c17a617433de8c1dc9584bb79aab7563b46f5bb7e1728c9b17d9cc3ce6a08e49?s=96&d=mm&r=g\",\"width\":96,\"height\":96,\"caption\":\"administrador\"}},{\"@type\":\"WebPage\",\"@id\":\"https:\\\/\\\/newsinfoco.com.br\\\/inicio\\\/ofensiva-diplomatica-de-lula-pode-mudar-muita-coisa-na-economia-mundial-diz-jornal-frances\\\/#webpage\",\"url\":\"https:\\\/\\\/newsinfoco.com.br\\\/inicio\\\/ofensiva-diplomatica-de-lula-pode-mudar-muita-coisa-na-economia-mundial-diz-jornal-frances\\\/\",\"name\":\"Ofensiva diplom\\u00e1tica de Lula pode mudar muita coisa na economia mundial , diz jornal franc\\u00eas - News In Foco - Editado por Caio Pimenta\",\"description\":\"A primeira viagem internacional do terceiro mandato do presidente Lula, desta segunda (23) at\\u00e9 quarta-feira (25) \\u00e0 Argentina e ao Uruguai, \\u00e9 noticiada com destaque pela imprensa francesa. O jornal Les Echos, principal di\\u00e1rio econ\\u00f4mico do pa\\u00eds, fala em \\\"ofensiva diplom\\u00e1tica\\\" do novo governo e informa que Brasil e Argentina decidiram iniciar discuss\\u00f5es para a cria\\u00e7\\u00e3o\",\"inLanguage\":\"pt-BR\",\"isPartOf\":{\"@id\":\"https:\\\/\\\/newsinfoco.com.br\\\/inicio\\\/#website\"},\"breadcrumb\":{\"@id\":\"https:\\\/\\\/newsinfoco.com.br\\\/inicio\\\/ofensiva-diplomatica-de-lula-pode-mudar-muita-coisa-na-economia-mundial-diz-jornal-frances\\\/#breadcrumblist\"},\"author\":{\"@id\":\"https:\\\/\\\/newsinfoco.com.br\\\/inicio\\\/author\\\/administrador\\\/#author\"},\"creator\":{\"@id\":\"https:\\\/\\\/newsinfoco.com.br\\\/inicio\\\/author\\\/administrador\\\/#author\"},\"image\":{\"@type\":\"ImageObject\",\"url\":\"https:\\\/\\\/newsinfoco.com.br\\\/inicio\\\/wp-content\\\/uploads\\\/2023\\\/01\\\/AA16DDol.jpeg\",\"@id\":\"https:\\\/\\\/newsinfoco.com.br\\\/inicio\\\/ofensiva-diplomatica-de-lula-pode-mudar-muita-coisa-na-economia-mundial-diz-jornal-frances\\\/#mainImage\",\"width\":768,\"height\":432,\"caption\":\"\\u00a9 AFP - IRINA DAMBRAUSKAS\"},\"primaryImageOfPage\":{\"@id\":\"https:\\\/\\\/newsinfoco.com.br\\\/inicio\\\/ofensiva-diplomatica-de-lula-pode-mudar-muita-coisa-na-economia-mundial-diz-jornal-frances\\\/#mainImage\"},\"datePublished\":\"2023-01-23T15:05:25-03:00\",\"dateModified\":\"2023-01-23T15:05:25-03:00\"},{\"@type\":\"WebSite\",\"@id\":\"https:\\\/\\\/newsinfoco.com.br\\\/inicio\\\/#website\",\"url\":\"https:\\\/\\\/newsinfoco.com.br\\\/inicio\\\/\",\"name\":\"News In Foco - Editado por Caio Pimenta\",\"description\":\"O principal site de noticias de Alagoinhas e regi\\u00e3o\",\"inLanguage\":\"pt-BR\",\"publisher\":{\"@id\":\"https:\\\/\\\/newsinfoco.com.br\\\/inicio\\\/#organization\"}}]}\n\t\t<\/script>\n\t\t<!-- All in One SEO -->\n\n","aioseo_head_json":{"title":"Ofensiva diplom\u00e1tica de Lula pode mudar muita coisa na economia mundial , diz jornal franc\u00eas - News In Foco - Editado por Caio Pimenta","description":"A primeira viagem internacional do terceiro mandato do presidente Lula, desta segunda (23) at\u00e9 quarta-feira (25) \u00e0 Argentina e ao Uruguai, \u00e9 noticiada com destaque pela imprensa francesa. O jornal Les Echos, principal di\u00e1rio econ\u00f4mico do pa\u00eds, fala em \"ofensiva diplom\u00e1tica\" do novo governo e informa que Brasil e Argentina decidiram iniciar discuss\u00f5es para a cria\u00e7\u00e3o","canonical_url":"https:\/\/newsinfoco.com.br\/inicio\/ofensiva-diplomatica-de-lula-pode-mudar-muita-coisa-na-economia-mundial-diz-jornal-frances\/","robots":"max-image-preview:large","keywords":"","webmasterTools":{"miscellaneous":""},"schema":{"@context":"https:\/\/schema.org","@graph":[{"@type":"BlogPosting","@id":"https:\/\/newsinfoco.com.br\/inicio\/ofensiva-diplomatica-de-lula-pode-mudar-muita-coisa-na-economia-mundial-diz-jornal-frances\/#blogposting","name":"Ofensiva diplom\u00e1tica de Lula pode mudar muita coisa na economia mundial , diz jornal franc\u00eas - News In Foco - Editado por Caio Pimenta","headline":"Ofensiva diplom\u00e1tica de Lula pode mudar muita coisa na economia mundial , diz jornal franc\u00eas","author":{"@id":"https:\/\/newsinfoco.com.br\/inicio\/author\/administrador\/#author"},"publisher":{"@id":"https:\/\/newsinfoco.com.br\/inicio\/#organization"},"image":{"@type":"ImageObject","url":"https:\/\/newsinfoco.com.br\/inicio\/wp-content\/uploads\/2023\/01\/AA16DDol.jpeg","width":768,"height":432,"caption":"\u00a9 AFP - IRINA DAMBRAUSKAS"},"datePublished":"2023-01-23T15:05:25-03:00","dateModified":"2023-01-23T15:05:25-03:00","inLanguage":"pt-BR","mainEntityOfPage":{"@id":"https:\/\/newsinfoco.com.br\/inicio\/ofensiva-diplomatica-de-lula-pode-mudar-muita-coisa-na-economia-mundial-diz-jornal-frances\/#webpage"},"isPartOf":{"@id":"https:\/\/newsinfoco.com.br\/inicio\/ofensiva-diplomatica-de-lula-pode-mudar-muita-coisa-na-economia-mundial-diz-jornal-frances\/#webpage"},"articleSection":"Brasil"},{"@type":"BreadcrumbList","@id":"https:\/\/newsinfoco.com.br\/inicio\/ofensiva-diplomatica-de-lula-pode-mudar-muita-coisa-na-economia-mundial-diz-jornal-frances\/#breadcrumblist","itemListElement":[{"@type":"ListItem","@id":"https:\/\/newsinfoco.com.br\/inicio#listItem","position":1,"name":"In\u00edcio","item":"https:\/\/newsinfoco.com.br\/inicio","nextItem":{"@type":"ListItem","@id":"https:\/\/newsinfoco.com.br\/inicio\/category\/brasil\/#listItem","name":"Brasil"}},{"@type":"ListItem","@id":"https:\/\/newsinfoco.com.br\/inicio\/category\/brasil\/#listItem","position":2,"name":"Brasil","item":"https:\/\/newsinfoco.com.br\/inicio\/category\/brasil\/","nextItem":{"@type":"ListItem","@id":"https:\/\/newsinfoco.com.br\/inicio\/ofensiva-diplomatica-de-lula-pode-mudar-muita-coisa-na-economia-mundial-diz-jornal-frances\/#listItem","name":"Ofensiva diplom\u00e1tica de Lula pode mudar muita coisa na economia mundial , diz jornal franc\u00eas"},"previousItem":{"@type":"ListItem","@id":"https:\/\/newsinfoco.com.br\/inicio#listItem","name":"In\u00edcio"}},{"@type":"ListItem","@id":"https:\/\/newsinfoco.com.br\/inicio\/ofensiva-diplomatica-de-lula-pode-mudar-muita-coisa-na-economia-mundial-diz-jornal-frances\/#listItem","position":3,"name":"Ofensiva diplom\u00e1tica de Lula pode mudar muita coisa na economia mundial , diz jornal franc\u00eas","previousItem":{"@type":"ListItem","@id":"https:\/\/newsinfoco.com.br\/inicio\/category\/brasil\/#listItem","name":"Brasil"}}]},{"@type":"Organization","@id":"https:\/\/newsinfoco.com.br\/inicio\/#organization","name":"News In Foco - Editado por Caio Pimenta","description":"O principal site de noticias de Alagoinhas e regi\u00e3o","url":"https:\/\/newsinfoco.com.br\/inicio\/"},{"@type":"Person","@id":"https:\/\/newsinfoco.com.br\/inicio\/author\/administrador\/#author","url":"https:\/\/newsinfoco.com.br\/inicio\/author\/administrador\/","name":"administrador","image":{"@type":"ImageObject","@id":"https:\/\/newsinfoco.com.br\/inicio\/ofensiva-diplomatica-de-lula-pode-mudar-muita-coisa-na-economia-mundial-diz-jornal-frances\/#authorImage","url":"https:\/\/secure.gravatar.com\/avatar\/c17a617433de8c1dc9584bb79aab7563b46f5bb7e1728c9b17d9cc3ce6a08e49?s=96&d=mm&r=g","width":96,"height":96,"caption":"administrador"}},{"@type":"WebPage","@id":"https:\/\/newsinfoco.com.br\/inicio\/ofensiva-diplomatica-de-lula-pode-mudar-muita-coisa-na-economia-mundial-diz-jornal-frances\/#webpage","url":"https:\/\/newsinfoco.com.br\/inicio\/ofensiva-diplomatica-de-lula-pode-mudar-muita-coisa-na-economia-mundial-diz-jornal-frances\/","name":"Ofensiva diplom\u00e1tica de Lula pode mudar muita coisa na economia mundial , diz jornal franc\u00eas - News In Foco - Editado por Caio Pimenta","description":"A primeira viagem internacional do terceiro mandato do presidente Lula, desta segunda (23) at\u00e9 quarta-feira (25) \u00e0 Argentina e ao Uruguai, \u00e9 noticiada com destaque pela imprensa francesa. O jornal Les Echos, principal di\u00e1rio econ\u00f4mico do pa\u00eds, fala em \"ofensiva diplom\u00e1tica\" do novo governo e informa que Brasil e Argentina decidiram iniciar discuss\u00f5es para a cria\u00e7\u00e3o","inLanguage":"pt-BR","isPartOf":{"@id":"https:\/\/newsinfoco.com.br\/inicio\/#website"},"breadcrumb":{"@id":"https:\/\/newsinfoco.com.br\/inicio\/ofensiva-diplomatica-de-lula-pode-mudar-muita-coisa-na-economia-mundial-diz-jornal-frances\/#breadcrumblist"},"author":{"@id":"https:\/\/newsinfoco.com.br\/inicio\/author\/administrador\/#author"},"creator":{"@id":"https:\/\/newsinfoco.com.br\/inicio\/author\/administrador\/#author"},"image":{"@type":"ImageObject","url":"https:\/\/newsinfoco.com.br\/inicio\/wp-content\/uploads\/2023\/01\/AA16DDol.jpeg","@id":"https:\/\/newsinfoco.com.br\/inicio\/ofensiva-diplomatica-de-lula-pode-mudar-muita-coisa-na-economia-mundial-diz-jornal-frances\/#mainImage","width":768,"height":432,"caption":"\u00a9 AFP - IRINA DAMBRAUSKAS"},"primaryImageOfPage":{"@id":"https:\/\/newsinfoco.com.br\/inicio\/ofensiva-diplomatica-de-lula-pode-mudar-muita-coisa-na-economia-mundial-diz-jornal-frances\/#mainImage"},"datePublished":"2023-01-23T15:05:25-03:00","dateModified":"2023-01-23T15:05:25-03:00"},{"@type":"WebSite","@id":"https:\/\/newsinfoco.com.br\/inicio\/#website","url":"https:\/\/newsinfoco.com.br\/inicio\/","name":"News In Foco - Editado por Caio Pimenta","description":"O principal site de noticias de Alagoinhas e regi\u00e3o","inLanguage":"pt-BR","publisher":{"@id":"https:\/\/newsinfoco.com.br\/inicio\/#organization"}}]},"og:locale":"pt_BR","og:site_name":"News In Foco - Editado por Caio Pimenta - O principal site de noticias de Alagoinhas e regi\u00e3o","og:type":"article","og:title":"Ofensiva diplom\u00e1tica de Lula pode mudar muita coisa na economia mundial , diz jornal franc\u00eas - News In Foco - Editado por Caio Pimenta","og:description":"A primeira viagem internacional do terceiro mandato do presidente Lula, desta segunda (23) at\u00e9 quarta-feira (25) \u00e0 Argentina e ao Uruguai, \u00e9 noticiada com destaque pela imprensa francesa. O jornal Les Echos, principal di\u00e1rio econ\u00f4mico do pa\u00eds, fala em &quot;ofensiva diplom\u00e1tica&quot; do novo governo e informa que Brasil e Argentina decidiram iniciar discuss\u00f5es para a cria\u00e7\u00e3o","og:url":"https:\/\/newsinfoco.com.br\/inicio\/ofensiva-diplomatica-de-lula-pode-mudar-muita-coisa-na-economia-mundial-diz-jornal-frances\/","article:published_time":"2023-01-23T18:05:25+00:00","article:modified_time":"2023-01-23T18:05:25+00:00","twitter:card":"summary_large_image","twitter:title":"Ofensiva diplom\u00e1tica de Lula pode mudar muita coisa na economia mundial , diz jornal franc\u00eas - News In Foco - Editado por Caio Pimenta","twitter:description":"A primeira viagem internacional do terceiro mandato do presidente Lula, desta segunda (23) at\u00e9 quarta-feira (25) \u00e0 Argentina e ao Uruguai, \u00e9 noticiada com destaque pela imprensa francesa. O jornal Les Echos, principal di\u00e1rio econ\u00f4mico do pa\u00eds, fala em &quot;ofensiva diplom\u00e1tica&quot; do novo governo e informa que Brasil e Argentina decidiram iniciar discuss\u00f5es para a cria\u00e7\u00e3o"},"aioseo_meta_data":{"post_id":"32605","title":null,"description":null,"keywords":null,"keyphrases":null,"primary_term":null,"canonical_url":null,"og_title":null,"og_description":null,"og_object_type":"default","og_image_type":"default","og_image_url":null,"og_image_width":null,"og_image_height":null,"og_image_custom_url":null,"og_image_custom_fields":null,"og_video":null,"og_custom_url":null,"og_article_section":null,"og_article_tags":null,"twitter_use_og":false,"twitter_card":"default","twitter_image_type":"default","twitter_image_url":null,"twitter_image_custom_url":null,"twitter_image_custom_fields":null,"twitter_title":null,"twitter_description":null,"schema":{"blockGraphs":[],"customGraphs":[],"default":{"data":{"Article":[],"Course":[],"Dataset":[],"FAQPage":[],"Movie":[],"Person":[],"Product":[],"ProductReview":[],"Car":[],"Recipe":[],"Service":[],"SoftwareApplication":[],"WebPage":[]},"graphName":"","isEnabled":true},"graphs":[]},"schema_type":"default","schema_type_options":null,"pillar_content":false,"robots_default":true,"robots_noindex":false,"robots_noarchive":false,"robots_nosnippet":false,"robots_nofollow":false,"robots_noimageindex":false,"robots_noodp":false,"robots_notranslate":false,"robots_max_snippet":null,"robots_max_videopreview":null,"robots_max_imagepreview":"large","priority":null,"frequency":null,"local_seo":null,"breadcrumb_settings":null,"limit_modified_date":false,"ai":null,"created":"2023-06-12 22:36:34","updated":"2025-07-11 08:54:50","seo_analyzer_scan_date":null},"aioseo_breadcrumb":"<div class=\"aioseo-breadcrumbs\"><span class=\"aioseo-breadcrumb\">\n\t\t\t<a href=\"https:\/\/newsinfoco.com.br\/inicio\" title=\"In\u00edcio\">In\u00edcio<\/a>\n\t\t<\/span><span class=\"aioseo-breadcrumb-separator\">&raquo;<\/span><span class=\"aioseo-breadcrumb\">\n\t\t\t<a href=\"https:\/\/newsinfoco.com.br\/inicio\/category\/brasil\/\" title=\"Brasil\">Brasil<\/a>\n\t\t<\/span><span class=\"aioseo-breadcrumb-separator\">&raquo;<\/span><span class=\"aioseo-breadcrumb\">\n\t\t\tOfensiva diplom\u00e1tica de Lula pode mudar muita coisa na economia mundial , diz jornal franc\u00eas\n\t\t<\/span><\/div>","aioseo_breadcrumb_json":[{"label":"In\u00edcio","link":"https:\/\/newsinfoco.com.br\/inicio"},{"label":"Brasil","link":"https:\/\/newsinfoco.com.br\/inicio\/category\/brasil\/"},{"label":"Ofensiva diplom\u00e1tica de Lula pode mudar muita coisa na economia mundial , diz jornal franc\u00eas","link":"https:\/\/newsinfoco.com.br\/inicio\/ofensiva-diplomatica-de-lula-pode-mudar-muita-coisa-na-economia-mundial-diz-jornal-frances\/"}],"_links":{"self":[{"href":"https:\/\/newsinfoco.com.br\/inicio\/wp-json\/wp\/v2\/posts\/32605","targetHints":{"allow":["GET"]}}],"collection":[{"href":"https:\/\/newsinfoco.com.br\/inicio\/wp-json\/wp\/v2\/posts"}],"about":[{"href":"https:\/\/newsinfoco.com.br\/inicio\/wp-json\/wp\/v2\/types\/post"}],"author":[{"embeddable":true,"href":"https:\/\/newsinfoco.com.br\/inicio\/wp-json\/wp\/v2\/users\/1"}],"replies":[{"embeddable":true,"href":"https:\/\/newsinfoco.com.br\/inicio\/wp-json\/wp\/v2\/comments?post=32605"}],"version-history":[{"count":1,"href":"https:\/\/newsinfoco.com.br\/inicio\/wp-json\/wp\/v2\/posts\/32605\/revisions"}],"predecessor-version":[{"id":32607,"href":"https:\/\/newsinfoco.com.br\/inicio\/wp-json\/wp\/v2\/posts\/32605\/revisions\/32607"}],"wp:featuredmedia":[{"embeddable":true,"href":"https:\/\/newsinfoco.com.br\/inicio\/wp-json\/wp\/v2\/media\/32606"}],"wp:attachment":[{"href":"https:\/\/newsinfoco.com.br\/inicio\/wp-json\/wp\/v2\/media?parent=32605"}],"wp:term":[{"taxonomy":"category","embeddable":true,"href":"https:\/\/newsinfoco.com.br\/inicio\/wp-json\/wp\/v2\/categories?post=32605"},{"taxonomy":"post_tag","embeddable":true,"href":"https:\/\/newsinfoco.com.br\/inicio\/wp-json\/wp\/v2\/tags?post=32605"}],"curies":[{"name":"wp","href":"https:\/\/api.w.org\/{rel}","templated":true}]}}