{"id":32617,"date":"2023-01-23T15:16:38","date_gmt":"2023-01-23T18:16:38","guid":{"rendered":"https:\/\/newsinfoco.com.br\/inicio\/?p=32617"},"modified":"2023-01-23T15:16:38","modified_gmt":"2023-01-23T18:16:38","slug":"educacao-matricula-on-line-nesta-segunda-e-terca-feira-sera-direcionada-para-qualquer-serie-do-ensino-medio-educacao-profissional-e-eja","status":"publish","type":"post","link":"https:\/\/newsinfoco.com.br\/inicio\/educacao-matricula-on-line-nesta-segunda-e-terca-feira-sera-direcionada-para-qualquer-serie-do-ensino-medio-educacao-profissional-e-eja\/","title":{"rendered":"Educa\u00e7\u00e3o: Matr\u00edcula on-line nesta segunda e ter\u00e7a-feira ser\u00e1 direcionada para qualquer s\u00e9rie do Ensino M\u00e9dio, Educa\u00e7\u00e3o Profissional e EJA"},"content":{"rendered":"<p>O processo de matr\u00edcula na rede estadual de ensino continua, nesta segunda e ter\u00e7a-feira (23 e 24), para estudante de qualquer s\u00e9rie do Ensino M\u00e9dio e suas modalidades, como Educa\u00e7\u00e3o Profissional e Tecnol\u00f3gica e Educa\u00e7\u00e3o de Jovens e Adultos (EJA). O procedimento \u00e9 simples e realizado pela internet, por meio de qualquer aparelho, a exemplo de tablets e celulares. Basta acessar o Portal da Educa\u00e7\u00e3o (www.educacao.ba.gov.br) e seguir as orienta\u00e7\u00f5es do pr\u00f3prio sistema. O estudante que n\u00e3o tem acesso \u00e0 internet poder\u00e1 fazer a matr\u00edcula diretamente na escola, mesmo que n\u00e3o seja a que deseja estudar.<\/p>\n<p>A secret\u00e1ria da Educa\u00e7\u00e3o do Estado, Ad\u00e9lia Pinheiro, fez um balan\u00e7o da primeira semana de matr\u00edcula. \u201cChegamos a uma nova etapa da matr\u00edcula on-line, mas a orienta\u00e7\u00e3o continua a mesma: fazer a inscri\u00e7\u00e3o on-line para economizar tempo e dinheiro. N\u00e3o precisa gastar com transporte, nem sair de casa, \u00e9 tudo muito simples e f\u00e1cil de fazer. A internet que a gente usa para enviar um meme no whatsapp ou curtir um v\u00eddeo no Instagram \u00e9 a mesma internet que garante uma vaga na rede estadual de ensino\u201d, pontuou a secret\u00e1ria, que assegurou vaga para todos os estudantes. \u201cNossa meta \u00e9 que ningu\u00e9m fique fora da escola, portanto eu conto com a participa\u00e7\u00e3o de todos e todas para fortalecer essa grande mobiliza\u00e7\u00e3o: todo mundo na escola\u201d.<\/p>\n<p>Nesta fase da matr\u00edcula, os estudantes do Ensino M\u00e9dio poder\u00e3o optar por algum curso t\u00e9cnico de n\u00edvel m\u00e9dio. S\u00e3o 44 cursos ofertados em 295 unidades escolares, como Centros Estaduais e Territoriais de Educa\u00e7\u00e3o (CEEPs e CETEPs), al\u00e9m das unidades compartilhadas em 220 munic\u00edpios baianos. Dentre os cursos ofertados est\u00e3o os de Enfermagem, Administra\u00e7\u00e3o, Inform\u00e1tica, Log\u00edstica, An\u00e1lises Cl\u00ednicas e Nutri\u00e7\u00e3o e Diet\u00e9tica.<\/p>\n<p>A partir do segundo ano, os estudantes dever\u00e3o escolher um dos itiner\u00e1rios formativos ofertados pelas unidades escolares. Constitu\u00eddos por um conjunto de estrat\u00e9gias com carga hor\u00e1ria pr\u00e9-definida, os itiner\u00e1rios possibilitam aos estudantes a prepara\u00e7\u00e3o para prosseguimento dos estudos e para o mundo do trabalho e, dentre estes itiner\u00e1rios, est\u00e1 a Educa\u00e7\u00e3o Profissional e Tecnol\u00f3gica. A SEC disponibilizou, no Canal do Youtube Educa\u00e7\u00e3oBahia1 e no Portal da Educa\u00e7\u00e3o, o passo a passo da matr\u00edcula on-line.<\/p>\n<p>&nbsp;<\/p>\n<p>Politicalivre<\/p>\n<div class='share-to-whatsapp-wrapper'><div class='share-on-whsp'>Share on: <\/div><a data-text='Educa\u00e7\u00e3o: Matr\u00edcula on-line nesta segunda e ter\u00e7a-feira ser\u00e1 direcionada para qualquer s\u00e9rie do Ensino M\u00e9dio, Educa\u00e7\u00e3o Profissional e EJA' data-link='https:\/\/newsinfoco.com.br\/inicio\/educacao-matricula-on-line-nesta-segunda-e-terca-feira-sera-direcionada-para-qualquer-serie-do-ensino-medio-educacao-profissional-e-eja\/' class='whatsapp-button whatsapp-share'>WhatsApp<\/a><div class='clear '><\/div><\/div>","protected":false},"excerpt":{"rendered":"<p>O processo de matr\u00edcula na rede estadual de ensino continua, nesta segunda e ter\u00e7a-feira (23 e 24), para estudante de qualquer s\u00e9rie do Ensino M\u00e9dio e suas modalidades, como Educa\u00e7\u00e3o Profissional e Tecnol\u00f3gica e Educa\u00e7\u00e3o de Jovens e Adultos (EJA). O procedimento \u00e9 simples e realizado pela internet, por meio de qualquer aparelho, a exemplo [&hellip;]<\/p>\n","protected":false},"author":1,"featured_media":5948,"comment_status":"closed","ping_status":"closed","sticky":false,"template":"","format":"standard","meta":{"om_disable_all_campaigns":false,"rop_custom_images_group":[],"rop_custom_messages_group":[],"rop_publish_now":"initial","rop_publish_now_accounts":[],"rop_publish_now_history":[],"rop_publish_now_status":"pending","_exactmetrics_skip_tracking":false,"footnotes":""},"categories":[19],"tags":[],"class_list":["post-32617","post","type-post","status-publish","format-standard","has-post-thumbnail","hentry","category-bahia"],"aioseo_notices":[],"aioseo_head":"\n\t\t<!-- All in One SEO 4.9.10 - aioseo.com -->\n\t<meta name=\"description\" content=\"O processo de matr\u00edcula na rede estadual de ensino continua, nesta segunda e ter\u00e7a-feira (23 e 24), para estudante de qualquer s\u00e9rie do Ensino M\u00e9dio e suas modalidades, como Educa\u00e7\u00e3o Profissional e Tecnol\u00f3gica e Educa\u00e7\u00e3o de Jovens e Adultos (EJA). O procedimento \u00e9 simples e realizado pela internet, por meio de qualquer aparelho, a exemplo\" \/>\n\t<meta name=\"robots\" content=\"max-image-preview:large\" \/>\n\t<meta name=\"author\" content=\"administrador\"\/>\n\t<link rel=\"canonical\" href=\"https:\/\/newsinfoco.com.br\/inicio\/educacao-matricula-on-line-nesta-segunda-e-terca-feira-sera-direcionada-para-qualquer-serie-do-ensino-medio-educacao-profissional-e-eja\/\" \/>\n\t<meta name=\"generator\" content=\"All in One SEO (AIOSEO) 4.9.10\" \/>\n\t\t<meta property=\"og:locale\" content=\"pt_BR\" \/>\n\t\t<meta property=\"og:site_name\" content=\"News In Foco - Editado por Caio Pimenta - O principal site de noticias de Alagoinhas e regi\u00e3o\" \/>\n\t\t<meta property=\"og:type\" content=\"article\" \/>\n\t\t<meta property=\"og:title\" content=\"Educa\u00e7\u00e3o: Matr\u00edcula on-line nesta segunda e ter\u00e7a-feira ser\u00e1 direcionada para qualquer s\u00e9rie do Ensino M\u00e9dio, Educa\u00e7\u00e3o Profissional e EJA - News In Foco - Editado por Caio Pimenta\" \/>\n\t\t<meta property=\"og:description\" content=\"O processo de matr\u00edcula na rede estadual de ensino continua, nesta segunda e ter\u00e7a-feira (23 e 24), para estudante de qualquer s\u00e9rie do Ensino M\u00e9dio e suas modalidades, como Educa\u00e7\u00e3o Profissional e Tecnol\u00f3gica e Educa\u00e7\u00e3o de Jovens e Adultos (EJA). O procedimento \u00e9 simples e realizado pela internet, por meio de qualquer aparelho, a exemplo\" \/>\n\t\t<meta property=\"og:url\" content=\"https:\/\/newsinfoco.com.br\/inicio\/educacao-matricula-on-line-nesta-segunda-e-terca-feira-sera-direcionada-para-qualquer-serie-do-ensino-medio-educacao-profissional-e-eja\/\" \/>\n\t\t<meta property=\"article:published_time\" content=\"2023-01-23T18:16:38+00:00\" \/>\n\t\t<meta property=\"article:modified_time\" content=\"2023-01-23T18:16:38+00:00\" \/>\n\t\t<meta name=\"twitter:card\" content=\"summary_large_image\" \/>\n\t\t<meta name=\"twitter:title\" content=\"Educa\u00e7\u00e3o: Matr\u00edcula on-line nesta segunda e ter\u00e7a-feira ser\u00e1 direcionada para qualquer s\u00e9rie do Ensino M\u00e9dio, Educa\u00e7\u00e3o Profissional e EJA - News In Foco - Editado por Caio Pimenta\" \/>\n\t\t<meta name=\"twitter:description\" content=\"O processo de matr\u00edcula na rede estadual de ensino continua, nesta segunda e ter\u00e7a-feira (23 e 24), para estudante de qualquer s\u00e9rie do Ensino M\u00e9dio e suas modalidades, como Educa\u00e7\u00e3o Profissional e Tecnol\u00f3gica e Educa\u00e7\u00e3o de Jovens e Adultos (EJA). O procedimento \u00e9 simples e realizado pela internet, por meio de qualquer aparelho, a exemplo\" \/>\n\t\t<script type=\"application\/ld+json\" class=\"aioseo-schema\">\n\t\t\t{\"@context\":\"https:\\\/\\\/schema.org\",\"@graph\":[{\"@type\":\"BlogPosting\",\"@id\":\"https:\\\/\\\/newsinfoco.com.br\\\/inicio\\\/educacao-matricula-on-line-nesta-segunda-e-terca-feira-sera-direcionada-para-qualquer-serie-do-ensino-medio-educacao-profissional-e-eja\\\/#blogposting\",\"name\":\"Educa\\u00e7\\u00e3o: Matr\\u00edcula on-line nesta segunda e ter\\u00e7a-feira ser\\u00e1 direcionada para qualquer s\\u00e9rie do Ensino M\\u00e9dio, Educa\\u00e7\\u00e3o Profissional e EJA - News In Foco - Editado por Caio Pimenta\",\"headline\":\"Educa\\u00e7\\u00e3o: Matr\\u00edcula on-line nesta segunda e ter\\u00e7a-feira ser\\u00e1 direcionada para qualquer s\\u00e9rie do Ensino M\\u00e9dio, Educa\\u00e7\\u00e3o Profissional e EJA\",\"author\":{\"@id\":\"https:\\\/\\\/newsinfoco.com.br\\\/inicio\\\/author\\\/administrador\\\/#author\"},\"publisher\":{\"@id\":\"https:\\\/\\\/newsinfoco.com.br\\\/inicio\\\/#organization\"},\"image\":{\"@type\":\"ImageObject\",\"url\":\"https:\\\/\\\/newsinfoco.com.br\\\/inicio\\\/wp-content\\\/uploads\\\/2018\\\/06\\\/59f5b29bee04f_estudantes15.jpg\",\"width\":653,\"height\":327},\"datePublished\":\"2023-01-23T15:16:38-03:00\",\"dateModified\":\"2023-01-23T15:16:38-03:00\",\"inLanguage\":\"pt-BR\",\"mainEntityOfPage\":{\"@id\":\"https:\\\/\\\/newsinfoco.com.br\\\/inicio\\\/educacao-matricula-on-line-nesta-segunda-e-terca-feira-sera-direcionada-para-qualquer-serie-do-ensino-medio-educacao-profissional-e-eja\\\/#webpage\"},\"isPartOf\":{\"@id\":\"https:\\\/\\\/newsinfoco.com.br\\\/inicio\\\/educacao-matricula-on-line-nesta-segunda-e-terca-feira-sera-direcionada-para-qualquer-serie-do-ensino-medio-educacao-profissional-e-eja\\\/#webpage\"},\"articleSection\":\"Bahia\"},{\"@type\":\"BreadcrumbList\",\"@id\":\"https:\\\/\\\/newsinfoco.com.br\\\/inicio\\\/educacao-matricula-on-line-nesta-segunda-e-terca-feira-sera-direcionada-para-qualquer-serie-do-ensino-medio-educacao-profissional-e-eja\\\/#breadcrumblist\",\"itemListElement\":[{\"@type\":\"ListItem\",\"@id\":\"https:\\\/\\\/newsinfoco.com.br\\\/inicio#listItem\",\"position\":1,\"name\":\"In\\u00edcio\",\"item\":\"https:\\\/\\\/newsinfoco.com.br\\\/inicio\",\"nextItem\":{\"@type\":\"ListItem\",\"@id\":\"https:\\\/\\\/newsinfoco.com.br\\\/inicio\\\/category\\\/bahia\\\/#listItem\",\"name\":\"Bahia\"}},{\"@type\":\"ListItem\",\"@id\":\"https:\\\/\\\/newsinfoco.com.br\\\/inicio\\\/category\\\/bahia\\\/#listItem\",\"position\":2,\"name\":\"Bahia\",\"item\":\"https:\\\/\\\/newsinfoco.com.br\\\/inicio\\\/category\\\/bahia\\\/\",\"nextItem\":{\"@type\":\"ListItem\",\"@id\":\"https:\\\/\\\/newsinfoco.com.br\\\/inicio\\\/educacao-matricula-on-line-nesta-segunda-e-terca-feira-sera-direcionada-para-qualquer-serie-do-ensino-medio-educacao-profissional-e-eja\\\/#listItem\",\"name\":\"Educa\\u00e7\\u00e3o: Matr\\u00edcula on-line nesta segunda e ter\\u00e7a-feira ser\\u00e1 direcionada para qualquer s\\u00e9rie do Ensino M\\u00e9dio, Educa\\u00e7\\u00e3o Profissional e EJA\"},\"previousItem\":{\"@type\":\"ListItem\",\"@id\":\"https:\\\/\\\/newsinfoco.com.br\\\/inicio#listItem\",\"name\":\"In\\u00edcio\"}},{\"@type\":\"ListItem\",\"@id\":\"https:\\\/\\\/newsinfoco.com.br\\\/inicio\\\/educacao-matricula-on-line-nesta-segunda-e-terca-feira-sera-direcionada-para-qualquer-serie-do-ensino-medio-educacao-profissional-e-eja\\\/#listItem\",\"position\":3,\"name\":\"Educa\\u00e7\\u00e3o: Matr\\u00edcula on-line nesta segunda e ter\\u00e7a-feira ser\\u00e1 direcionada para qualquer s\\u00e9rie do Ensino M\\u00e9dio, Educa\\u00e7\\u00e3o Profissional e EJA\",\"previousItem\":{\"@type\":\"ListItem\",\"@id\":\"https:\\\/\\\/newsinfoco.com.br\\\/inicio\\\/category\\\/bahia\\\/#listItem\",\"name\":\"Bahia\"}}]},{\"@type\":\"Organization\",\"@id\":\"https:\\\/\\\/newsinfoco.com.br\\\/inicio\\\/#organization\",\"name\":\"News In Foco - Editado por Caio Pimenta\",\"description\":\"O principal site de noticias de Alagoinhas e regi\\u00e3o\",\"url\":\"https:\\\/\\\/newsinfoco.com.br\\\/inicio\\\/\"},{\"@type\":\"Person\",\"@id\":\"https:\\\/\\\/newsinfoco.com.br\\\/inicio\\\/author\\\/administrador\\\/#author\",\"url\":\"https:\\\/\\\/newsinfoco.com.br\\\/inicio\\\/author\\\/administrador\\\/\",\"name\":\"administrador\",\"image\":{\"@type\":\"ImageObject\",\"@id\":\"https:\\\/\\\/newsinfoco.com.br\\\/inicio\\\/educacao-matricula-on-line-nesta-segunda-e-terca-feira-sera-direcionada-para-qualquer-serie-do-ensino-medio-educacao-profissional-e-eja\\\/#authorImage\",\"url\":\"https:\\\/\\\/secure.gravatar.com\\\/avatar\\\/c17a617433de8c1dc9584bb79aab7563b46f5bb7e1728c9b17d9cc3ce6a08e49?s=96&d=mm&r=g\",\"width\":96,\"height\":96,\"caption\":\"administrador\"}},{\"@type\":\"WebPage\",\"@id\":\"https:\\\/\\\/newsinfoco.com.br\\\/inicio\\\/educacao-matricula-on-line-nesta-segunda-e-terca-feira-sera-direcionada-para-qualquer-serie-do-ensino-medio-educacao-profissional-e-eja\\\/#webpage\",\"url\":\"https:\\\/\\\/newsinfoco.com.br\\\/inicio\\\/educacao-matricula-on-line-nesta-segunda-e-terca-feira-sera-direcionada-para-qualquer-serie-do-ensino-medio-educacao-profissional-e-eja\\\/\",\"name\":\"Educa\\u00e7\\u00e3o: Matr\\u00edcula on-line nesta segunda e ter\\u00e7a-feira ser\\u00e1 direcionada para qualquer s\\u00e9rie do Ensino M\\u00e9dio, Educa\\u00e7\\u00e3o Profissional e EJA - News In Foco - Editado por Caio Pimenta\",\"description\":\"O processo de matr\\u00edcula na rede estadual de ensino continua, nesta segunda e ter\\u00e7a-feira (23 e 24), para estudante de qualquer s\\u00e9rie do Ensino M\\u00e9dio e suas modalidades, como Educa\\u00e7\\u00e3o Profissional e Tecnol\\u00f3gica e Educa\\u00e7\\u00e3o de Jovens e Adultos (EJA). O procedimento \\u00e9 simples e realizado pela internet, por meio de qualquer aparelho, a exemplo\",\"inLanguage\":\"pt-BR\",\"isPartOf\":{\"@id\":\"https:\\\/\\\/newsinfoco.com.br\\\/inicio\\\/#website\"},\"breadcrumb\":{\"@id\":\"https:\\\/\\\/newsinfoco.com.br\\\/inicio\\\/educacao-matricula-on-line-nesta-segunda-e-terca-feira-sera-direcionada-para-qualquer-serie-do-ensino-medio-educacao-profissional-e-eja\\\/#breadcrumblist\"},\"author\":{\"@id\":\"https:\\\/\\\/newsinfoco.com.br\\\/inicio\\\/author\\\/administrador\\\/#author\"},\"creator\":{\"@id\":\"https:\\\/\\\/newsinfoco.com.br\\\/inicio\\\/author\\\/administrador\\\/#author\"},\"image\":{\"@type\":\"ImageObject\",\"url\":\"https:\\\/\\\/newsinfoco.com.br\\\/inicio\\\/wp-content\\\/uploads\\\/2018\\\/06\\\/59f5b29bee04f_estudantes15.jpg\",\"@id\":\"https:\\\/\\\/newsinfoco.com.br\\\/inicio\\\/educacao-matricula-on-line-nesta-segunda-e-terca-feira-sera-direcionada-para-qualquer-serie-do-ensino-medio-educacao-profissional-e-eja\\\/#mainImage\",\"width\":653,\"height\":327},\"primaryImageOfPage\":{\"@id\":\"https:\\\/\\\/newsinfoco.com.br\\\/inicio\\\/educacao-matricula-on-line-nesta-segunda-e-terca-feira-sera-direcionada-para-qualquer-serie-do-ensino-medio-educacao-profissional-e-eja\\\/#mainImage\"},\"datePublished\":\"2023-01-23T15:16:38-03:00\",\"dateModified\":\"2023-01-23T15:16:38-03:00\"},{\"@type\":\"WebSite\",\"@id\":\"https:\\\/\\\/newsinfoco.com.br\\\/inicio\\\/#website\",\"url\":\"https:\\\/\\\/newsinfoco.com.br\\\/inicio\\\/\",\"name\":\"News In Foco - Editado por Caio Pimenta\",\"description\":\"O principal site de noticias de Alagoinhas e regi\\u00e3o\",\"inLanguage\":\"pt-BR\",\"publisher\":{\"@id\":\"https:\\\/\\\/newsinfoco.com.br\\\/inicio\\\/#organization\"}}]}\n\t\t<\/script>\n\t\t<!-- All in One SEO -->\n\n","aioseo_head_json":{"title":"Educa\u00e7\u00e3o: Matr\u00edcula on-line nesta segunda e ter\u00e7a-feira ser\u00e1 direcionada para qualquer s\u00e9rie do Ensino M\u00e9dio, Educa\u00e7\u00e3o Profissional e EJA - News In Foco - Editado por Caio Pimenta","description":"O processo de matr\u00edcula na rede estadual de ensino continua, nesta segunda e ter\u00e7a-feira (23 e 24), para estudante de qualquer s\u00e9rie do Ensino M\u00e9dio e suas modalidades, como Educa\u00e7\u00e3o Profissional e Tecnol\u00f3gica e Educa\u00e7\u00e3o de Jovens e Adultos (EJA). O procedimento \u00e9 simples e realizado pela internet, por meio de qualquer aparelho, a exemplo","canonical_url":"https:\/\/newsinfoco.com.br\/inicio\/educacao-matricula-on-line-nesta-segunda-e-terca-feira-sera-direcionada-para-qualquer-serie-do-ensino-medio-educacao-profissional-e-eja\/","robots":"max-image-preview:large","keywords":"","webmasterTools":{"miscellaneous":""},"schema":{"@context":"https:\/\/schema.org","@graph":[{"@type":"BlogPosting","@id":"https:\/\/newsinfoco.com.br\/inicio\/educacao-matricula-on-line-nesta-segunda-e-terca-feira-sera-direcionada-para-qualquer-serie-do-ensino-medio-educacao-profissional-e-eja\/#blogposting","name":"Educa\u00e7\u00e3o: Matr\u00edcula on-line nesta segunda e ter\u00e7a-feira ser\u00e1 direcionada para qualquer s\u00e9rie do Ensino M\u00e9dio, Educa\u00e7\u00e3o Profissional e EJA - News In Foco - Editado por Caio Pimenta","headline":"Educa\u00e7\u00e3o: Matr\u00edcula on-line nesta segunda e ter\u00e7a-feira ser\u00e1 direcionada para qualquer s\u00e9rie do Ensino M\u00e9dio, Educa\u00e7\u00e3o Profissional e EJA","author":{"@id":"https:\/\/newsinfoco.com.br\/inicio\/author\/administrador\/#author"},"publisher":{"@id":"https:\/\/newsinfoco.com.br\/inicio\/#organization"},"image":{"@type":"ImageObject","url":"https:\/\/newsinfoco.com.br\/inicio\/wp-content\/uploads\/2018\/06\/59f5b29bee04f_estudantes15.jpg","width":653,"height":327},"datePublished":"2023-01-23T15:16:38-03:00","dateModified":"2023-01-23T15:16:38-03:00","inLanguage":"pt-BR","mainEntityOfPage":{"@id":"https:\/\/newsinfoco.com.br\/inicio\/educacao-matricula-on-line-nesta-segunda-e-terca-feira-sera-direcionada-para-qualquer-serie-do-ensino-medio-educacao-profissional-e-eja\/#webpage"},"isPartOf":{"@id":"https:\/\/newsinfoco.com.br\/inicio\/educacao-matricula-on-line-nesta-segunda-e-terca-feira-sera-direcionada-para-qualquer-serie-do-ensino-medio-educacao-profissional-e-eja\/#webpage"},"articleSection":"Bahia"},{"@type":"BreadcrumbList","@id":"https:\/\/newsinfoco.com.br\/inicio\/educacao-matricula-on-line-nesta-segunda-e-terca-feira-sera-direcionada-para-qualquer-serie-do-ensino-medio-educacao-profissional-e-eja\/#breadcrumblist","itemListElement":[{"@type":"ListItem","@id":"https:\/\/newsinfoco.com.br\/inicio#listItem","position":1,"name":"In\u00edcio","item":"https:\/\/newsinfoco.com.br\/inicio","nextItem":{"@type":"ListItem","@id":"https:\/\/newsinfoco.com.br\/inicio\/category\/bahia\/#listItem","name":"Bahia"}},{"@type":"ListItem","@id":"https:\/\/newsinfoco.com.br\/inicio\/category\/bahia\/#listItem","position":2,"name":"Bahia","item":"https:\/\/newsinfoco.com.br\/inicio\/category\/bahia\/","nextItem":{"@type":"ListItem","@id":"https:\/\/newsinfoco.com.br\/inicio\/educacao-matricula-on-line-nesta-segunda-e-terca-feira-sera-direcionada-para-qualquer-serie-do-ensino-medio-educacao-profissional-e-eja\/#listItem","name":"Educa\u00e7\u00e3o: Matr\u00edcula on-line nesta segunda e ter\u00e7a-feira ser\u00e1 direcionada para qualquer s\u00e9rie do Ensino M\u00e9dio, Educa\u00e7\u00e3o Profissional e EJA"},"previousItem":{"@type":"ListItem","@id":"https:\/\/newsinfoco.com.br\/inicio#listItem","name":"In\u00edcio"}},{"@type":"ListItem","@id":"https:\/\/newsinfoco.com.br\/inicio\/educacao-matricula-on-line-nesta-segunda-e-terca-feira-sera-direcionada-para-qualquer-serie-do-ensino-medio-educacao-profissional-e-eja\/#listItem","position":3,"name":"Educa\u00e7\u00e3o: Matr\u00edcula on-line nesta segunda e ter\u00e7a-feira ser\u00e1 direcionada para qualquer s\u00e9rie do Ensino M\u00e9dio, Educa\u00e7\u00e3o Profissional e EJA","previousItem":{"@type":"ListItem","@id":"https:\/\/newsinfoco.com.br\/inicio\/category\/bahia\/#listItem","name":"Bahia"}}]},{"@type":"Organization","@id":"https:\/\/newsinfoco.com.br\/inicio\/#organization","name":"News In Foco - Editado por Caio Pimenta","description":"O principal site de noticias de Alagoinhas e regi\u00e3o","url":"https:\/\/newsinfoco.com.br\/inicio\/"},{"@type":"Person","@id":"https:\/\/newsinfoco.com.br\/inicio\/author\/administrador\/#author","url":"https:\/\/newsinfoco.com.br\/inicio\/author\/administrador\/","name":"administrador","image":{"@type":"ImageObject","@id":"https:\/\/newsinfoco.com.br\/inicio\/educacao-matricula-on-line-nesta-segunda-e-terca-feira-sera-direcionada-para-qualquer-serie-do-ensino-medio-educacao-profissional-e-eja\/#authorImage","url":"https:\/\/secure.gravatar.com\/avatar\/c17a617433de8c1dc9584bb79aab7563b46f5bb7e1728c9b17d9cc3ce6a08e49?s=96&d=mm&r=g","width":96,"height":96,"caption":"administrador"}},{"@type":"WebPage","@id":"https:\/\/newsinfoco.com.br\/inicio\/educacao-matricula-on-line-nesta-segunda-e-terca-feira-sera-direcionada-para-qualquer-serie-do-ensino-medio-educacao-profissional-e-eja\/#webpage","url":"https:\/\/newsinfoco.com.br\/inicio\/educacao-matricula-on-line-nesta-segunda-e-terca-feira-sera-direcionada-para-qualquer-serie-do-ensino-medio-educacao-profissional-e-eja\/","name":"Educa\u00e7\u00e3o: Matr\u00edcula on-line nesta segunda e ter\u00e7a-feira ser\u00e1 direcionada para qualquer s\u00e9rie do Ensino M\u00e9dio, Educa\u00e7\u00e3o Profissional e EJA - News In Foco - Editado por Caio Pimenta","description":"O processo de matr\u00edcula na rede estadual de ensino continua, nesta segunda e ter\u00e7a-feira (23 e 24), para estudante de qualquer s\u00e9rie do Ensino M\u00e9dio e suas modalidades, como Educa\u00e7\u00e3o Profissional e Tecnol\u00f3gica e Educa\u00e7\u00e3o de Jovens e Adultos (EJA). O procedimento \u00e9 simples e realizado pela internet, por meio de qualquer aparelho, a exemplo","inLanguage":"pt-BR","isPartOf":{"@id":"https:\/\/newsinfoco.com.br\/inicio\/#website"},"breadcrumb":{"@id":"https:\/\/newsinfoco.com.br\/inicio\/educacao-matricula-on-line-nesta-segunda-e-terca-feira-sera-direcionada-para-qualquer-serie-do-ensino-medio-educacao-profissional-e-eja\/#breadcrumblist"},"author":{"@id":"https:\/\/newsinfoco.com.br\/inicio\/author\/administrador\/#author"},"creator":{"@id":"https:\/\/newsinfoco.com.br\/inicio\/author\/administrador\/#author"},"image":{"@type":"ImageObject","url":"https:\/\/newsinfoco.com.br\/inicio\/wp-content\/uploads\/2018\/06\/59f5b29bee04f_estudantes15.jpg","@id":"https:\/\/newsinfoco.com.br\/inicio\/educacao-matricula-on-line-nesta-segunda-e-terca-feira-sera-direcionada-para-qualquer-serie-do-ensino-medio-educacao-profissional-e-eja\/#mainImage","width":653,"height":327},"primaryImageOfPage":{"@id":"https:\/\/newsinfoco.com.br\/inicio\/educacao-matricula-on-line-nesta-segunda-e-terca-feira-sera-direcionada-para-qualquer-serie-do-ensino-medio-educacao-profissional-e-eja\/#mainImage"},"datePublished":"2023-01-23T15:16:38-03:00","dateModified":"2023-01-23T15:16:38-03:00"},{"@type":"WebSite","@id":"https:\/\/newsinfoco.com.br\/inicio\/#website","url":"https:\/\/newsinfoco.com.br\/inicio\/","name":"News In Foco - Editado por Caio Pimenta","description":"O principal site de noticias de Alagoinhas e regi\u00e3o","inLanguage":"pt-BR","publisher":{"@id":"https:\/\/newsinfoco.com.br\/inicio\/#organization"}}]},"og:locale":"pt_BR","og:site_name":"News In Foco - Editado por Caio Pimenta - O principal site de noticias de Alagoinhas e regi\u00e3o","og:type":"article","og:title":"Educa\u00e7\u00e3o: Matr\u00edcula on-line nesta segunda e ter\u00e7a-feira ser\u00e1 direcionada para qualquer s\u00e9rie do Ensino M\u00e9dio, Educa\u00e7\u00e3o Profissional e EJA - News In Foco - Editado por Caio Pimenta","og:description":"O processo de matr\u00edcula na rede estadual de ensino continua, nesta segunda e ter\u00e7a-feira (23 e 24), para estudante de qualquer s\u00e9rie do Ensino M\u00e9dio e suas modalidades, como Educa\u00e7\u00e3o Profissional e Tecnol\u00f3gica e Educa\u00e7\u00e3o de Jovens e Adultos (EJA). O procedimento \u00e9 simples e realizado pela internet, por meio de qualquer aparelho, a exemplo","og:url":"https:\/\/newsinfoco.com.br\/inicio\/educacao-matricula-on-line-nesta-segunda-e-terca-feira-sera-direcionada-para-qualquer-serie-do-ensino-medio-educacao-profissional-e-eja\/","article:published_time":"2023-01-23T18:16:38+00:00","article:modified_time":"2023-01-23T18:16:38+00:00","twitter:card":"summary_large_image","twitter:title":"Educa\u00e7\u00e3o: Matr\u00edcula on-line nesta segunda e ter\u00e7a-feira ser\u00e1 direcionada para qualquer s\u00e9rie do Ensino M\u00e9dio, Educa\u00e7\u00e3o Profissional e EJA - News In Foco - Editado por Caio Pimenta","twitter:description":"O processo de matr\u00edcula na rede estadual de ensino continua, nesta segunda e ter\u00e7a-feira (23 e 24), para estudante de qualquer s\u00e9rie do Ensino M\u00e9dio e suas modalidades, como Educa\u00e7\u00e3o Profissional e Tecnol\u00f3gica e Educa\u00e7\u00e3o de Jovens e Adultos (EJA). O procedimento \u00e9 simples e realizado pela internet, por meio de qualquer aparelho, a exemplo"},"aioseo_meta_data":{"post_id":"32617","title":null,"description":null,"keywords":null,"keyphrases":null,"primary_term":null,"canonical_url":null,"og_title":null,"og_description":null,"og_object_type":"default","og_image_type":"default","og_image_url":null,"og_image_width":null,"og_image_height":null,"og_image_custom_url":null,"og_image_custom_fields":null,"og_video":null,"og_custom_url":null,"og_article_section":null,"og_article_tags":null,"twitter_use_og":false,"twitter_card":"default","twitter_image_type":"default","twitter_image_url":null,"twitter_image_custom_url":null,"twitter_image_custom_fields":null,"twitter_title":null,"twitter_description":null,"schema":{"blockGraphs":[],"customGraphs":[],"default":{"data":{"Article":[],"Course":[],"Dataset":[],"FAQPage":[],"Movie":[],"Person":[],"Product":[],"ProductReview":[],"Car":[],"Recipe":[],"Service":[],"SoftwareApplication":[],"WebPage":[]},"graphName":"","isEnabled":true},"graphs":[]},"schema_type":"default","schema_type_options":null,"pillar_content":false,"robots_default":true,"robots_noindex":false,"robots_noarchive":false,"robots_nosnippet":false,"robots_nofollow":false,"robots_noimageindex":false,"robots_noodp":false,"robots_notranslate":false,"robots_max_snippet":null,"robots_max_videopreview":null,"robots_max_imagepreview":"large","priority":null,"frequency":null,"local_seo":null,"breadcrumb_settings":null,"limit_modified_date":false,"ai":null,"created":"2023-06-12 22:38:46","updated":"2025-07-11 08:54:50","seo_analyzer_scan_date":null},"aioseo_breadcrumb":"<div class=\"aioseo-breadcrumbs\"><span class=\"aioseo-breadcrumb\">\n\t\t\t<a href=\"https:\/\/newsinfoco.com.br\/inicio\" title=\"In\u00edcio\">In\u00edcio<\/a>\n\t\t<\/span><span class=\"aioseo-breadcrumb-separator\">&raquo;<\/span><span class=\"aioseo-breadcrumb\">\n\t\t\t<a href=\"https:\/\/newsinfoco.com.br\/inicio\/category\/bahia\/\" title=\"Bahia\">Bahia<\/a>\n\t\t<\/span><span class=\"aioseo-breadcrumb-separator\">&raquo;<\/span><span class=\"aioseo-breadcrumb\">\n\t\t\tEduca\u00e7\u00e3o: Matr\u00edcula on-line nesta segunda e ter\u00e7a-feira ser\u00e1 direcionada para qualquer s\u00e9rie do Ensino M\u00e9dio, Educa\u00e7\u00e3o Profissional e EJA\n\t\t<\/span><\/div>","aioseo_breadcrumb_json":[{"label":"In\u00edcio","link":"https:\/\/newsinfoco.com.br\/inicio"},{"label":"Bahia","link":"https:\/\/newsinfoco.com.br\/inicio\/category\/bahia\/"},{"label":"Educa\u00e7\u00e3o: Matr\u00edcula on-line nesta segunda e ter\u00e7a-feira ser\u00e1 direcionada para qualquer s\u00e9rie do Ensino M\u00e9dio, Educa\u00e7\u00e3o Profissional e EJA","link":"https:\/\/newsinfoco.com.br\/inicio\/educacao-matricula-on-line-nesta-segunda-e-terca-feira-sera-direcionada-para-qualquer-serie-do-ensino-medio-educacao-profissional-e-eja\/"}],"_links":{"self":[{"href":"https:\/\/newsinfoco.com.br\/inicio\/wp-json\/wp\/v2\/posts\/32617","targetHints":{"allow":["GET"]}}],"collection":[{"href":"https:\/\/newsinfoco.com.br\/inicio\/wp-json\/wp\/v2\/posts"}],"about":[{"href":"https:\/\/newsinfoco.com.br\/inicio\/wp-json\/wp\/v2\/types\/post"}],"author":[{"embeddable":true,"href":"https:\/\/newsinfoco.com.br\/inicio\/wp-json\/wp\/v2\/users\/1"}],"replies":[{"embeddable":true,"href":"https:\/\/newsinfoco.com.br\/inicio\/wp-json\/wp\/v2\/comments?post=32617"}],"version-history":[{"count":1,"href":"https:\/\/newsinfoco.com.br\/inicio\/wp-json\/wp\/v2\/posts\/32617\/revisions"}],"predecessor-version":[{"id":32618,"href":"https:\/\/newsinfoco.com.br\/inicio\/wp-json\/wp\/v2\/posts\/32617\/revisions\/32618"}],"wp:featuredmedia":[{"embeddable":true,"href":"https:\/\/newsinfoco.com.br\/inicio\/wp-json\/wp\/v2\/media\/5948"}],"wp:attachment":[{"href":"https:\/\/newsinfoco.com.br\/inicio\/wp-json\/wp\/v2\/media?parent=32617"}],"wp:term":[{"taxonomy":"category","embeddable":true,"href":"https:\/\/newsinfoco.com.br\/inicio\/wp-json\/wp\/v2\/categories?post=32617"},{"taxonomy":"post_tag","embeddable":true,"href":"https:\/\/newsinfoco.com.br\/inicio\/wp-json\/wp\/v2\/tags?post=32617"}],"curies":[{"name":"wp","href":"https:\/\/api.w.org\/{rel}","templated":true}]}}