{"id":3262,"date":"2018-04-30T10:11:18","date_gmt":"2018-04-30T13:11:18","guid":{"rendered":"http:\/\/newsinfoco.com.br\/?p=3262"},"modified":"2018-04-30T10:11:18","modified_gmt":"2018-04-30T13:11:18","slug":"sabia-que-hoje-e-o-dia-nacional-da-mulher-conheca-a-historia-por-tras-da-data","status":"publish","type":"post","link":"https:\/\/newsinfoco.com.br\/inicio\/sabia-que-hoje-e-o-dia-nacional-da-mulher-conheca-a-historia-por-tras-da-data\/","title":{"rendered":"Sabia que hoje \u00e9 o Dia Nacional da Mulher? Conhe\u00e7a a hist\u00f3ria por tr\u00e1s da data"},"content":{"rendered":"<div id=\"noticia\">\n<p style=\"text-align: justify;\"><span style=\"color: #000000;\">A luta das brasileiras por direitos \u00e9 antiga. Uma das principais reivindica\u00e7\u00f5es no s\u00e9culo 19, por exemplo, era o sufr\u00e1gio feminino: em 1891, o projeto de uma emenda constitucional que conferia o direito de voto \u00e0s mulheres foi rejeitado. Segundo D\u00e9bora Fran\u00e7olin, pesquisadora na \u00e1rea de democracia e desigualdades e mestranda em Ci\u00eancia Pol\u00edtica pela Universidade de Bras\u00edlia (UnB), esse \u201cprimeiro passo\u201d precedeu a organiza\u00e7\u00e3o do movimento sufragista brasileiro, que teve como uma de suas principais figuras a mineira Jer\u00f4nima Mesquita, hoje homenageada com o Dia Nacional da Mulher.<\/span><\/p>\n<div id=\"ad_mrec_intext\" class=\"publicidade advertising-box\" style=\"text-align: justify;\" data-google-query-id=\"CLrX1JKI4toCFZMqhwodn58OJA\"><\/div>\n<p style=\"text-align: justify;\"><span style=\"color: #000000;\">Mas voc\u00ea sabia da exist\u00eancia desta data? Diferente do que acontece no Dia Internacional da Mulher, com a ampla popularidade do oito de mar\u00e7o, o\u00a0<strong>Dia Nacional da Mulher<\/strong>\u00a0n\u00e3o \u00e9 t\u00e3o conhecido assim. Ele foi criado h\u00e1 38 anos, quando o ent\u00e3o presidente Jo\u00e3o Figueiredo sancionou a lei n\u00ba 6791\/2018 e estabeleceu que a data deveria ser comemorada dia 30 de abril com o objetivo de \u201cestimular a integra\u00e7\u00e3o da mulher no processo de desenvolvimento\u201d.<\/span><\/p><div class=\"newsi-conteudo_19\" id=\"newsi-1884566367\"><a href=\"https:\/\/www.instagram.com\/prefeituraalagoinhas?igsh=YzgzdDJ1bWR3aWI4\" aria-label=\"SAVE_20251006_221555\"><img loading=\"lazy\" decoding=\"async\" src=\"https:\/\/newsinfoco.com.br\/inicio\/wp-content\/uploads\/2025\/10\/SAVE_20251006_221555-rotated.jpg\" alt=\"\"  srcset=\"https:\/\/newsinfoco.com.br\/inicio\/wp-content\/uploads\/2025\/10\/SAVE_20251006_221555-rotated.jpg 1140w, https:\/\/newsinfoco.com.br\/inicio\/wp-content\/uploads\/2025\/10\/SAVE_20251006_221555-300x52.jpg 300w, https:\/\/newsinfoco.com.br\/inicio\/wp-content\/uploads\/2025\/10\/SAVE_20251006_221555-1024x177.jpg 1024w, https:\/\/newsinfoco.com.br\/inicio\/wp-content\/uploads\/2025\/10\/SAVE_20251006_221555-768x133.jpg 768w, https:\/\/newsinfoco.com.br\/inicio\/wp-content\/uploads\/2025\/10\/SAVE_20251006_221555-600x104.jpg 600w, https:\/\/newsinfoco.com.br\/inicio\/wp-content\/uploads\/2025\/10\/SAVE_20251006_221555-696x120.jpg 696w, https:\/\/newsinfoco.com.br\/inicio\/wp-content\/uploads\/2025\/10\/SAVE_20251006_221555-1068x185.jpg 1068w\" sizes=\"(max-width: 1140px) 100vw, 1140px\" width=\"1140\" height=\"197\"   \/><\/a><\/div>\n<p style=\"text-align: justify;\"><span style=\"color: #000000;\">A data, contudo, n\u00e3o foi uma escolha aleat\u00f3ria: ela \u00e9 uma homenagem ao anivers\u00e1rio de Jer\u00f4nima, nascida dia 30 de abril de 1880, que foi um dos grandes nomes da luta sufragista no Brasil.<\/span><\/p>\n<p style=\"text-align: justify;\"><span style=\"color: #000000;\">Natural da cidade de Leopoldina, na Zona da Mata de Minas Gerais, a enfermeira era a filha mais velha de uma fam\u00edlia aristocr\u00e1tica que, influenciada pelos trabalhos sociais de sua m\u00e3e, a Baronesa do Bonfim, trilhou um caminho semelhante.<\/span><\/p>\n<h3 style=\"text-align: justify;\"><span style=\"color: #000000;\">Federa\u00e7\u00e3o Brasileira para o Progresso Feminino<\/span><\/h3>\n<p style=\"text-align: justify;\"><span style=\"color: #000000;\">Ap\u00f3s atuar como volunt\u00e1ria da Cruz Vermelha na Fran\u00e7a e Su\u00ed\u00e7a durante a Primeira Guerra Mundial, Mesquita retornou ao Brasil e se engajou em projetos feministas junto de amigas como Bertha Lutz e Stella Guerra Duval. Em 1922, de acordo com Fran\u00e7olin, Lutz foi a respons\u00e1vel pela funda\u00e7\u00e3o da\u00a0<strong>Federa\u00e7\u00e3o Brasileira para o Progresso Feminino<\/strong>\u00a0, \u201ca qual defendia os direitos pol\u00edticos femininos e a igualdade de g\u00eanero\u201d, explica.<\/span><\/p>\n<p class=\" \" style=\"text-align: justify;\"><span style=\"color: #000000;\">A mineira participava ativamente da Federa\u00e7\u00e3o, que contava com o apoio da Baronesa do Bonfim e foi um dos principais movimentos feministas da \u00e9poca. A enfermeira tamb\u00e9m participou do Movimento Bandeirante brasileiro desde o princ\u00edpio, em 1919, sendo a primeira comandante-chefe nacional.<\/span><\/p>\n<div class=\"CHE25606 fl gd6\" style=\"text-align: justify;\"><span style=\"color: #000000;\">\u201c\u00a0Era quase um esc\u00e2ndalo um grupo de mulheres se uniformizar e se reunir para atuar em um Movimento&#8221;<\/span><\/div>\n<p class=\"  \" style=\"text-align: justify;\"><span style=\"color: #000000;\">Mesquita foi uma das que ajudou na cria\u00e7\u00e3o da Funda\u00e7\u00e3o Pr\u00f3-Matre, junto de Stella Guerra Duval. Al\u00e9m disso, atuou no\u00a0<strong>movimento sufragista de 1932<\/strong>\u00a0e participou da funda\u00e7\u00e3o do Conselho Nacional das Mulheres do Brasil, em 1947.\u00a0<\/span><\/p>\n<h3 style=\"text-align: justify;\"><span style=\"color: #000000;\">Manifesto Feminista<\/span><\/h3>\n<p style=\"text-align: justify;\"><span style=\"color: #000000;\">Em 1934, junto de Bertha Lutz e\u00a0 Maria Eug\u00eania Celso,\u00a0lan\u00e7ou o Manifesto Feminista, tamb\u00e9m chamado de Declara\u00e7\u00e3o dos Direitos da Mulher. Leia o material na \u00edntegra*:<\/span><\/p>\n<p style=\"text-align: justify;\"><span style=\"color: #000000;\"><em>\u201cAs mulheres, assim como os homens, nascem membros livres e independentes da esp\u00e9cie humana, dotados de faculdades equivalentes e igualmente chamados a exercer, sem peias, os seus direitos e deveres individuais, os sexos s\u00e3o interdependentes e devem, um ao outro, a sua coopera\u00e7\u00e3o. A supress\u00e3o dos direitos de um acarretar\u00e1, inevitavelmente, preju\u00edzos pra o outro, e, conseq\u00fcentemente, para a Na\u00e7\u00e3o.<\/em><\/span><\/p>\n<p style=\"text-align: justify;\"><span style=\"color: #000000;\"><em>Em todos os pa\u00edses e tempos, as leis, preconceitos e costumes tendentes a restringir a mulher, a limitar a sua instru\u00e7\u00e3o, a entravar o desenvolvimento das suas aptid\u00f5es naturais, a subordinar sua individualidade ao ju\u00edzo de uma personalidade alheia, foram baseados em teorias falsas, produzindo, na vida moderna, intenso desequil\u00edbrio social.<\/em><\/span><\/p>\n<p style=\"text-align: justify;\"><span style=\"color: #000000;\"><em>A autonomia constitui o direito fundamental de todo indiv\u00edduo adulto; a recusa desse direito \u00e0 mulher \u00e9 uma injusti\u00e7a social, legal e econ\u00f4mica que repercute desfavoravelmente na vida da coletividade, retardando o progresso geral; as no\u00e7\u00f5es que obrigam ao pagamento de impostos e \u00e0 obedi\u00eancia \u00e0 lei os cidad\u00e3os do sexo feminino sem lhes conceder, como aos do sexo masculino, o direito de intervir na elabora\u00e7\u00e3o dessas leis e vota\u00e7\u00e3o desses impostos, exercem uma tirania incompat\u00edvel com os governos baseados na justi\u00e7a.<\/em><\/span><\/p>\n<p style=\"text-align: justify;\"><span style=\"color: #000000;\"><em>Sendo o voto o \u00fanico meio leg\u00edtimo de defender aqueles direitos, a vida e a liberdade proclamados inalien\u00e1veis pela Declara\u00e7\u00e3o da Independ\u00eancia das Democracias Americanas e hoje reconhecidas por todas as na\u00e7\u00f5es civilizadas da Terra, \u00e0 mulher assiste o direito ao t\u00edtulo de eleitor.\u201d<\/em><\/span><\/p>\n<p style=\"text-align: justify;\"><span style=\"color: #000000;\">*Texto retirado do artigo &#8220;Feminismo e literatura no Brasil&#8221; escrito por Const\u00e2ncia Lima Duarte, Doutora em Literatura Brasileira pela Universidade de S\u00e3o Paulo (USP).\u00a0<\/span><\/p>\n<p style=\"text-align: justify;\"><span style=\"color: #000000;\"><a style=\"color: #000000;\" href=\"http:\/\/ultimosegundo.ig.com.br\/politica\/2017-11-03\/voto-feminino.html\" target=\"_blank\" rel=\"noopener\">Leia tamb\u00e9m:\u00a0Do outro lado da urna: a a\u00e7\u00e3o pol\u00edtica feminina 87 anos ap\u00f3s o direito ao voto<\/a>\u00a0<\/span><\/p>\n<p style=\"text-align: justify;\"><span style=\"color: #000000;\">A enfermeira morreu no Rio de Janeiro em 1972 e, alguns anos depois, um grupo de 300 mulheres se reuniu para sugerir a cria\u00e7\u00e3o do\u00a0\u00a0<strong>Dia Nacional da Mulher<\/strong>\u00a0em sua homenagem. De acordo com o site do Hospital Universit\u00e1rio Bettina Ferro de Souza, a escolha por Mesquita foi motivada pela &#8220;destacada atua\u00e7\u00e3o em prol da assist\u00eancia social, quest\u00f5es feministas e sufragismo&#8221;.<\/span><\/p>\n<\/div>\n<div id=\"paginacao\" data-gtm-vis-first-on-screen-214867_1118=\"17541\" data-gtm-vis-total-visible-time-214867_1118=\"100\" data-gtm-vis-has-fired-214867_1118=\"1\"><\/div>\n<h6 style=\"text-align: right;\"><strong>Fonte:ig<\/strong><\/h6>\n<div class='share-to-whatsapp-wrapper'><div class='share-on-whsp'>Share on: <\/div><a data-text='Sabia que hoje \u00e9 o Dia Nacional da Mulher? Conhe\u00e7a a hist\u00f3ria por tr\u00e1s da data' data-link='https:\/\/newsinfoco.com.br\/inicio\/sabia-que-hoje-e-o-dia-nacional-da-mulher-conheca-a-historia-por-tras-da-data\/' class='whatsapp-button whatsapp-share'>WhatsApp<\/a><div class='clear '><\/div><\/div>","protected":false},"excerpt":{"rendered":"<p>A luta das brasileiras por direitos \u00e9 antiga. Uma das principais reivindica\u00e7\u00f5es no s\u00e9culo 19, por exemplo, era o sufr\u00e1gio feminino: em 1891, o projeto de uma emenda constitucional que conferia o direito de voto \u00e0s mulheres foi rejeitado. Segundo D\u00e9bora Fran\u00e7olin, pesquisadora na \u00e1rea de democracia e desigualdades e mestranda em Ci\u00eancia Pol\u00edtica pela [&hellip;]<\/p>\n","protected":false},"author":1,"featured_media":3263,"comment_status":"open","ping_status":"open","sticky":false,"template":"","format":"standard","meta":{"om_disable_all_campaigns":false,"_exactmetrics_skip_tracking":false,"_exactmetrics_sitenote_active":false,"_exactmetrics_sitenote_note":"","_exactmetrics_sitenote_category":0,"footnotes":""},"categories":[29],"tags":[],"class_list":["post-3262","post","type-post","status-publish","format-standard","has-post-thumbnail","hentry","category-cultura"],"aioseo_notices":[],"_links":{"self":[{"href":"https:\/\/newsinfoco.com.br\/inicio\/wp-json\/wp\/v2\/posts\/3262","targetHints":{"allow":["GET"]}}],"collection":[{"href":"https:\/\/newsinfoco.com.br\/inicio\/wp-json\/wp\/v2\/posts"}],"about":[{"href":"https:\/\/newsinfoco.com.br\/inicio\/wp-json\/wp\/v2\/types\/post"}],"author":[{"embeddable":true,"href":"https:\/\/newsinfoco.com.br\/inicio\/wp-json\/wp\/v2\/users\/1"}],"replies":[{"embeddable":true,"href":"https:\/\/newsinfoco.com.br\/inicio\/wp-json\/wp\/v2\/comments?post=3262"}],"version-history":[{"count":0,"href":"https:\/\/newsinfoco.com.br\/inicio\/wp-json\/wp\/v2\/posts\/3262\/revisions"}],"wp:featuredmedia":[{"embeddable":true,"href":"https:\/\/newsinfoco.com.br\/inicio\/wp-json\/wp\/v2\/media\/3263"}],"wp:attachment":[{"href":"https:\/\/newsinfoco.com.br\/inicio\/wp-json\/wp\/v2\/media?parent=3262"}],"wp:term":[{"taxonomy":"category","embeddable":true,"href":"https:\/\/newsinfoco.com.br\/inicio\/wp-json\/wp\/v2\/categories?post=3262"},{"taxonomy":"post_tag","embeddable":true,"href":"https:\/\/newsinfoco.com.br\/inicio\/wp-json\/wp\/v2\/tags?post=3262"}],"curies":[{"name":"wp","href":"https:\/\/api.w.org\/{rel}","templated":true}]}}