{"id":32638,"date":"2023-01-24T16:27:47","date_gmt":"2023-01-24T19:27:47","guid":{"rendered":"https:\/\/newsinfoco.com.br\/inicio\/?p=32638"},"modified":"2023-01-24T16:27:47","modified_gmt":"2023-01-24T19:27:47","slug":"bahia-e-salvador-lideram-ranking-de-internacoes-de-criancas-de-ate-um-ano-por-desnutricao","status":"publish","type":"post","link":"https:\/\/newsinfoco.com.br\/inicio\/bahia-e-salvador-lideram-ranking-de-internacoes-de-criancas-de-ate-um-ano-por-desnutricao\/","title":{"rendered":"Bahia e Salvador lideram ranking de interna\u00e7\u00f5es de crian\u00e7as de at\u00e9 um ano por desnutri\u00e7\u00e3o"},"content":{"rendered":"<p>A Bahia lidera o ranking de estados com o maior quantitativo de crian\u00e7as de at\u00e9 um ano internadas por desnutri\u00e7\u00e3o na rede p\u00fablica de sa\u00fade no \u00faltimo ano. Isso \u00e9 o que mostra os dados divulgados pelo Observat\u00f3rio de Sa\u00fade na Inf\u00e2ncia (Observa Inf\u00e2ncia) nesta segunda-feira (23).<\/p>\n<p>Segundo a iniciativa, que \u00e9 uma parceria da Funda\u00e7\u00e3o Oswaldo Cruz (Fiocruz) com o Centro Universit\u00e1rio Arthur S\u00e1 Earp Neto (Unifase), de Petr\u00f3polis (RJ), em todo o Brasil, 2754 beb\u00eas foram parar em unidades hospitalares em decorr\u00eancia da defici\u00eancia de nutrientes essenciais ao funcionamento adequado do organismo.<\/p>\n<p>Deste somat\u00f3rio levantado, 480 pacientes s\u00e3o baianos. O n\u00famero \u00e9 maior que o registrado nas outras 26 unidades da federa\u00e7\u00e3o. Logo atr\u00e1s da Bahia, est\u00e3o, em hospitaliza\u00e7\u00f5es, o estado do Maranh\u00e3o (com 280 casos), S\u00e3o Paulo (com 223 casos) e Minas Gerais (com 205 casos).<\/p>\n<p>A pesquisa do Observa Inf\u00e2ncia considerou os dados constantes no Sistema de Informa\u00e7\u00f5es Hospitalares (SIH), base do Minist\u00e9rio da Sa\u00fade (MS).<\/p>\n<p>A Bahia tamb\u00e9m assume outra condi\u00e7\u00e3o de destaque negativo: Salvador, com 159 interna\u00e7\u00f5es identificadas por conta da condi\u00e7\u00e3o cl\u00ednica monitorada, aparece em primeiro lugar entre as demais capitais brasileiras.<\/p>\n<p>Abaixo da capital baiana est\u00e3o Bras\u00edlia (DF), com 65 crian\u00e7as internadas; S\u00e3o Paulo (SP), com 43 crian\u00e7as nessa condi\u00e7\u00e3o; e Goi\u00e2nia (GO), que atingiu a marca de 35 pacientes pedi\u00e1tricos em leitos de hospitais com pouco menos de um ano em decorr\u00eancia da desnutri\u00e7\u00e3o.<\/p>\n<p><strong>S\u00c9RIE HIST\u00d3RICA<\/strong><\/p>\n<div>\n<p>A parceria entre a Fiocruz e a Unifase monitorou os \u00edndices de interna\u00e7\u00e3o por desnutri\u00e7\u00e3o ao longo dos \u00faltimos 24 anos em todo o pa\u00eds. A s\u00e9rie hist\u00f3rica aponta que o extrato de 2022 \u00e9 o menor dos \u00faltimos cinco anos, uma vez que desde 2017 &#8211; quando houve 2568 interna\u00e7\u00f5es &#8211; a curva seguiu progrediu para um n\u00famero maior de crian\u00e7as de at\u00e9 um ano nessa condi\u00e7\u00e3o.<\/p>\n<p>O cen\u00e1rio baiano no decorrer dos quatro anos que antecederam, uma alta na curva de hospitaliza\u00e7\u00f5es, j\u00e1 que em 2018 foram 466 registros, em 2019 foram 470, 2020 foram 598 e em 2021 foram 618 &#8211; a sita\u00e7\u00e3o s\u00f3 n\u00e3o \u00e9 mais grave do que a vista entre os anos de 1998 e 2004, quando o levantamento revelou n\u00fameros acima de mil interna\u00e7\u00f5es.<\/p>\n<p>A cidade de Salvador teve, no mesmo per\u00edodo (2018 a 2021): 466, 470, 598 e 618 interna\u00e7\u00f5es, respectivamente.<\/p>\n<\/div>\n<p><strong>O QUE DIZEM AS AUTORIDADES?<\/strong><\/p>\n<p>A reportagem procurou a Secretaria Municipal da Sa\u00fade (SMS) de Salvador, que indicou n\u00e3o ser a capital baiana o munic\u00edpio de origem da maior parte das crian\u00e7as internadas. Segundo a pasta, de janeiro a novembro de 2022, do total de internamentos de crian\u00e7as com idade at\u00e9 1 ano apresentando quadros relacionados \u00e0 desnutri\u00e7\u00e3o, 54% eram residentes de cidades do interior.<\/p>\n<p>&#8220;A pasta adota as medidas na Aten\u00e7\u00e3o Prim\u00e1ria \u00e0 Sa\u00fade para redu\u00e7\u00e3o da morbimortalidade por desnutri\u00e7\u00e3o como o Programa Rede Cegonha para assegurar \u00e0s mulheres o direito ao planejamento reprodutivo e \u00e0s crian\u00e7as, o direito do nascimento seguro, ao crescimento e desenvolvimento saud\u00e1veis&#8221;, argumentou atrav\u00e9s de nota.<\/p>\n<p>De acordo com o \u00f3rg\u00e3o, h\u00e1 tamb\u00e9m a Estrat\u00e9gia Amamenta e Alimenta Brasil (EAAB), cuja finalidade \u00e9 a promo\u00e7\u00e3o da aten\u00e7\u00e3o \u00e0 sa\u00fade de crian\u00e7as de 0 a 2 anos de idade e a capacita\u00e7\u00e3o dos profissionais de sa\u00fade. S\u00e3o 15 unidades distribu\u00eddas pelos bairros, \u00a026 tutoras atuando nos territ\u00f3rios, al\u00e9m de outros profissionais realizando a forma\u00e7\u00e3o.<\/p>\n<p>Estes equipamentos, afirmou a gest\u00e3o, t\u00eam como &#8220;princ\u00edpio a educa\u00e7\u00e3o permanente em sa\u00fade buscando criar espa\u00e7os para o desenvolvimento de um processo de educa\u00e7\u00e3o, de forma\u00e7\u00e3o e de pr\u00e1ticas em sa\u00fade compartilhado coletivamente, de forma a potencializar a qualidade do cuidado e por meio de atividades proporcionar a troca de experi\u00eancias e a constru\u00e7\u00e3o do conhecimento a partir da realidade local&#8221;.<\/p>\n<p>Outras a\u00e7\u00f5es preventivas e de combate \u00e0 desnutri\u00e7\u00e3o foram mencionadas pela SMS, a exemplo do M\u00e9todo Canguru na Aten\u00e7\u00e3o Prim\u00e1ria &#8211; que est\u00e1 sendo implementado &#8211; e conta com tutoras atuando nas Unidades B\u00e1sicas, o acompanhamento do crescimento e desenvolvimento infantil atrav\u00e9s da puericultura, o programa Unidade Amiga da Primeira Inf\u00e2ncia (UAPI) e a execu\u00e7\u00e3o do Plano Municipal da Crian\u00e7a e Adolescente.<\/p>\n<p>A Secretaria da Sa\u00fade do Estado da Bahia (Sesab), entretanto, informou a assessoria de comunica\u00e7\u00e3o, por ser &#8220;uma consequ\u00eancia da inseguran\u00e7a alimentar&#8221;, a desnutri\u00e7\u00e3o n\u00e3o seria &#8220;um problema que tem a sa\u00fade como base&#8221; e deveria ser tratada pela Secretaria de Assist\u00eancia e Desenvolvimento Social do Estado da Bahia (Seades).<\/p>\n<p>No contexto do acompanhamento nutricional da popula\u00e7\u00e3o, explicou a Sesab, o cuidado \u00e9 uma responsabilidade da rede de aten\u00e7\u00e3o b\u00e1sica, gerida pelos munic\u00edpios.<\/p>\n<p>Perguntada acerca das poss\u00edveis pol\u00edticas p\u00fablicas para erradica\u00e7\u00e3o da desnutri\u00e7\u00e3o, a Seades n\u00e3o respondeu nenhum dos questionamentos at\u00e9 o fechamento desta mat\u00e9ria.<\/p>\n<p>&nbsp;<\/p>\n<p>Bahianoticias<\/p>\n<div class='share-to-whatsapp-wrapper'><div class='share-on-whsp'>Share on: <\/div><a data-text='Bahia e Salvador lideram ranking de interna\u00e7\u00f5es de crian\u00e7as de at\u00e9 um ano por desnutri\u00e7\u00e3o' data-link='https:\/\/newsinfoco.com.br\/inicio\/bahia-e-salvador-lideram-ranking-de-internacoes-de-criancas-de-ate-um-ano-por-desnutricao\/' class='whatsapp-button whatsapp-share'>WhatsApp<\/a><div class='clear '><\/div><\/div>","protected":false},"excerpt":{"rendered":"<p>A Bahia lidera o ranking de estados com o maior quantitativo de crian\u00e7as de at\u00e9 um ano internadas por desnutri\u00e7\u00e3o na rede p\u00fablica de sa\u00fade no \u00faltimo ano. Isso \u00e9 o que mostra os dados divulgados pelo Observat\u00f3rio de Sa\u00fade na Inf\u00e2ncia (Observa Inf\u00e2ncia) nesta segunda-feira (23). Segundo a iniciativa, que \u00e9 uma parceria da [&hellip;]<\/p>\n","protected":false},"author":1,"featured_media":22582,"comment_status":"closed","ping_status":"closed","sticky":false,"template":"","format":"standard","meta":{"om_disable_all_campaigns":false,"rop_custom_images_group":[],"rop_custom_messages_group":[],"rop_publish_now":"initial","rop_publish_now_accounts":[],"rop_publish_now_history":[],"rop_publish_now_status":"pending","_exactmetrics_skip_tracking":false,"footnotes":""},"categories":[19],"tags":[],"class_list":["post-32638","post","type-post","status-publish","format-standard","has-post-thumbnail","hentry","category-bahia"],"aioseo_notices":[],"aioseo_head":"\n\t\t<!-- All in One SEO 4.9.10 - aioseo.com -->\n\t<meta name=\"description\" content=\"A Bahia lidera o ranking de estados com o maior quantitativo de crian\u00e7as de at\u00e9 um ano internadas por desnutri\u00e7\u00e3o na rede p\u00fablica de sa\u00fade no \u00faltimo ano. Isso \u00e9 o que mostra os dados divulgados pelo Observat\u00f3rio de Sa\u00fade na Inf\u00e2ncia (Observa Inf\u00e2ncia) nesta segunda-feira (23). Segundo a iniciativa, que \u00e9 uma parceria da\" \/>\n\t<meta name=\"robots\" content=\"max-image-preview:large\" \/>\n\t<meta name=\"author\" content=\"administrador\"\/>\n\t<link rel=\"canonical\" href=\"https:\/\/newsinfoco.com.br\/inicio\/bahia-e-salvador-lideram-ranking-de-internacoes-de-criancas-de-ate-um-ano-por-desnutricao\/\" \/>\n\t<meta name=\"generator\" content=\"All in One SEO (AIOSEO) 4.9.10\" \/>\n\t\t<meta property=\"og:locale\" content=\"pt_BR\" \/>\n\t\t<meta property=\"og:site_name\" content=\"News In Foco - Editado por Caio Pimenta - O principal site de noticias de Alagoinhas e regi\u00e3o\" \/>\n\t\t<meta property=\"og:type\" content=\"article\" \/>\n\t\t<meta property=\"og:title\" content=\"Bahia e Salvador lideram ranking de interna\u00e7\u00f5es de crian\u00e7as de at\u00e9 um ano por desnutri\u00e7\u00e3o - News In Foco - Editado por Caio Pimenta\" \/>\n\t\t<meta property=\"og:description\" content=\"A Bahia lidera o ranking de estados com o maior quantitativo de crian\u00e7as de at\u00e9 um ano internadas por desnutri\u00e7\u00e3o na rede p\u00fablica de sa\u00fade no \u00faltimo ano. Isso \u00e9 o que mostra os dados divulgados pelo Observat\u00f3rio de Sa\u00fade na Inf\u00e2ncia (Observa Inf\u00e2ncia) nesta segunda-feira (23). Segundo a iniciativa, que \u00e9 uma parceria da\" \/>\n\t\t<meta property=\"og:url\" content=\"https:\/\/newsinfoco.com.br\/inicio\/bahia-e-salvador-lideram-ranking-de-internacoes-de-criancas-de-ate-um-ano-por-desnutricao\/\" \/>\n\t\t<meta property=\"article:published_time\" content=\"2023-01-24T19:27:47+00:00\" \/>\n\t\t<meta property=\"article:modified_time\" content=\"2023-01-24T19:27:47+00:00\" \/>\n\t\t<meta name=\"twitter:card\" content=\"summary_large_image\" \/>\n\t\t<meta name=\"twitter:title\" content=\"Bahia e Salvador lideram ranking de interna\u00e7\u00f5es de crian\u00e7as de at\u00e9 um ano por desnutri\u00e7\u00e3o - News In Foco - Editado por Caio Pimenta\" \/>\n\t\t<meta name=\"twitter:description\" content=\"A Bahia lidera o ranking de estados com o maior quantitativo de crian\u00e7as de at\u00e9 um ano internadas por desnutri\u00e7\u00e3o na rede p\u00fablica de sa\u00fade no \u00faltimo ano. Isso \u00e9 o que mostra os dados divulgados pelo Observat\u00f3rio de Sa\u00fade na Inf\u00e2ncia (Observa Inf\u00e2ncia) nesta segunda-feira (23). Segundo a iniciativa, que \u00e9 uma parceria da\" \/>\n\t\t<script type=\"application\/ld+json\" class=\"aioseo-schema\">\n\t\t\t{\"@context\":\"https:\\\/\\\/schema.org\",\"@graph\":[{\"@type\":\"BlogPosting\",\"@id\":\"https:\\\/\\\/newsinfoco.com.br\\\/inicio\\\/bahia-e-salvador-lideram-ranking-de-internacoes-de-criancas-de-ate-um-ano-por-desnutricao\\\/#blogposting\",\"name\":\"Bahia e Salvador lideram ranking de interna\\u00e7\\u00f5es de crian\\u00e7as de at\\u00e9 um ano por desnutri\\u00e7\\u00e3o - News In Foco - Editado por Caio Pimenta\",\"headline\":\"Bahia e Salvador lideram ranking de interna\\u00e7\\u00f5es de crian\\u00e7as de at\\u00e9 um ano por desnutri\\u00e7\\u00e3o\",\"author\":{\"@id\":\"https:\\\/\\\/newsinfoco.com.br\\\/inicio\\\/author\\\/administrador\\\/#author\"},\"publisher\":{\"@id\":\"https:\\\/\\\/newsinfoco.com.br\\\/inicio\\\/#organization\"},\"image\":{\"@type\":\"ImageObject\",\"url\":\"https:\\\/\\\/newsinfoco.com.br\\\/inicio\\\/wp-content\\\/uploads\\\/2020\\\/10\\\/leito-uti.jpg\",\"width\":1600,\"height\":752},\"datePublished\":\"2023-01-24T16:27:47-03:00\",\"dateModified\":\"2023-01-24T16:27:47-03:00\",\"inLanguage\":\"pt-BR\",\"mainEntityOfPage\":{\"@id\":\"https:\\\/\\\/newsinfoco.com.br\\\/inicio\\\/bahia-e-salvador-lideram-ranking-de-internacoes-de-criancas-de-ate-um-ano-por-desnutricao\\\/#webpage\"},\"isPartOf\":{\"@id\":\"https:\\\/\\\/newsinfoco.com.br\\\/inicio\\\/bahia-e-salvador-lideram-ranking-de-internacoes-de-criancas-de-ate-um-ano-por-desnutricao\\\/#webpage\"},\"articleSection\":\"Bahia\"},{\"@type\":\"BreadcrumbList\",\"@id\":\"https:\\\/\\\/newsinfoco.com.br\\\/inicio\\\/bahia-e-salvador-lideram-ranking-de-internacoes-de-criancas-de-ate-um-ano-por-desnutricao\\\/#breadcrumblist\",\"itemListElement\":[{\"@type\":\"ListItem\",\"@id\":\"https:\\\/\\\/newsinfoco.com.br\\\/inicio#listItem\",\"position\":1,\"name\":\"In\\u00edcio\",\"item\":\"https:\\\/\\\/newsinfoco.com.br\\\/inicio\",\"nextItem\":{\"@type\":\"ListItem\",\"@id\":\"https:\\\/\\\/newsinfoco.com.br\\\/inicio\\\/category\\\/bahia\\\/#listItem\",\"name\":\"Bahia\"}},{\"@type\":\"ListItem\",\"@id\":\"https:\\\/\\\/newsinfoco.com.br\\\/inicio\\\/category\\\/bahia\\\/#listItem\",\"position\":2,\"name\":\"Bahia\",\"item\":\"https:\\\/\\\/newsinfoco.com.br\\\/inicio\\\/category\\\/bahia\\\/\",\"nextItem\":{\"@type\":\"ListItem\",\"@id\":\"https:\\\/\\\/newsinfoco.com.br\\\/inicio\\\/bahia-e-salvador-lideram-ranking-de-internacoes-de-criancas-de-ate-um-ano-por-desnutricao\\\/#listItem\",\"name\":\"Bahia e Salvador lideram ranking de interna\\u00e7\\u00f5es de crian\\u00e7as de at\\u00e9 um ano por desnutri\\u00e7\\u00e3o\"},\"previousItem\":{\"@type\":\"ListItem\",\"@id\":\"https:\\\/\\\/newsinfoco.com.br\\\/inicio#listItem\",\"name\":\"In\\u00edcio\"}},{\"@type\":\"ListItem\",\"@id\":\"https:\\\/\\\/newsinfoco.com.br\\\/inicio\\\/bahia-e-salvador-lideram-ranking-de-internacoes-de-criancas-de-ate-um-ano-por-desnutricao\\\/#listItem\",\"position\":3,\"name\":\"Bahia e Salvador lideram ranking de interna\\u00e7\\u00f5es de crian\\u00e7as de at\\u00e9 um ano por desnutri\\u00e7\\u00e3o\",\"previousItem\":{\"@type\":\"ListItem\",\"@id\":\"https:\\\/\\\/newsinfoco.com.br\\\/inicio\\\/category\\\/bahia\\\/#listItem\",\"name\":\"Bahia\"}}]},{\"@type\":\"Organization\",\"@id\":\"https:\\\/\\\/newsinfoco.com.br\\\/inicio\\\/#organization\",\"name\":\"News In Foco - Editado por Caio Pimenta\",\"description\":\"O principal site de noticias de Alagoinhas e regi\\u00e3o\",\"url\":\"https:\\\/\\\/newsinfoco.com.br\\\/inicio\\\/\"},{\"@type\":\"Person\",\"@id\":\"https:\\\/\\\/newsinfoco.com.br\\\/inicio\\\/author\\\/administrador\\\/#author\",\"url\":\"https:\\\/\\\/newsinfoco.com.br\\\/inicio\\\/author\\\/administrador\\\/\",\"name\":\"administrador\",\"image\":{\"@type\":\"ImageObject\",\"@id\":\"https:\\\/\\\/newsinfoco.com.br\\\/inicio\\\/bahia-e-salvador-lideram-ranking-de-internacoes-de-criancas-de-ate-um-ano-por-desnutricao\\\/#authorImage\",\"url\":\"https:\\\/\\\/secure.gravatar.com\\\/avatar\\\/c17a617433de8c1dc9584bb79aab7563b46f5bb7e1728c9b17d9cc3ce6a08e49?s=96&d=mm&r=g\",\"width\":96,\"height\":96,\"caption\":\"administrador\"}},{\"@type\":\"WebPage\",\"@id\":\"https:\\\/\\\/newsinfoco.com.br\\\/inicio\\\/bahia-e-salvador-lideram-ranking-de-internacoes-de-criancas-de-ate-um-ano-por-desnutricao\\\/#webpage\",\"url\":\"https:\\\/\\\/newsinfoco.com.br\\\/inicio\\\/bahia-e-salvador-lideram-ranking-de-internacoes-de-criancas-de-ate-um-ano-por-desnutricao\\\/\",\"name\":\"Bahia e Salvador lideram ranking de interna\\u00e7\\u00f5es de crian\\u00e7as de at\\u00e9 um ano por desnutri\\u00e7\\u00e3o - News In Foco - Editado por Caio Pimenta\",\"description\":\"A Bahia lidera o ranking de estados com o maior quantitativo de crian\\u00e7as de at\\u00e9 um ano internadas por desnutri\\u00e7\\u00e3o na rede p\\u00fablica de sa\\u00fade no \\u00faltimo ano. Isso \\u00e9 o que mostra os dados divulgados pelo Observat\\u00f3rio de Sa\\u00fade na Inf\\u00e2ncia (Observa Inf\\u00e2ncia) nesta segunda-feira (23). Segundo a iniciativa, que \\u00e9 uma parceria da\",\"inLanguage\":\"pt-BR\",\"isPartOf\":{\"@id\":\"https:\\\/\\\/newsinfoco.com.br\\\/inicio\\\/#website\"},\"breadcrumb\":{\"@id\":\"https:\\\/\\\/newsinfoco.com.br\\\/inicio\\\/bahia-e-salvador-lideram-ranking-de-internacoes-de-criancas-de-ate-um-ano-por-desnutricao\\\/#breadcrumblist\"},\"author\":{\"@id\":\"https:\\\/\\\/newsinfoco.com.br\\\/inicio\\\/author\\\/administrador\\\/#author\"},\"creator\":{\"@id\":\"https:\\\/\\\/newsinfoco.com.br\\\/inicio\\\/author\\\/administrador\\\/#author\"},\"image\":{\"@type\":\"ImageObject\",\"url\":\"https:\\\/\\\/newsinfoco.com.br\\\/inicio\\\/wp-content\\\/uploads\\\/2020\\\/10\\\/leito-uti.jpg\",\"@id\":\"https:\\\/\\\/newsinfoco.com.br\\\/inicio\\\/bahia-e-salvador-lideram-ranking-de-internacoes-de-criancas-de-ate-um-ano-por-desnutricao\\\/#mainImage\",\"width\":1600,\"height\":752},\"primaryImageOfPage\":{\"@id\":\"https:\\\/\\\/newsinfoco.com.br\\\/inicio\\\/bahia-e-salvador-lideram-ranking-de-internacoes-de-criancas-de-ate-um-ano-por-desnutricao\\\/#mainImage\"},\"datePublished\":\"2023-01-24T16:27:47-03:00\",\"dateModified\":\"2023-01-24T16:27:47-03:00\"},{\"@type\":\"WebSite\",\"@id\":\"https:\\\/\\\/newsinfoco.com.br\\\/inicio\\\/#website\",\"url\":\"https:\\\/\\\/newsinfoco.com.br\\\/inicio\\\/\",\"name\":\"News In Foco - Editado por Caio Pimenta\",\"description\":\"O principal site de noticias de Alagoinhas e regi\\u00e3o\",\"inLanguage\":\"pt-BR\",\"publisher\":{\"@id\":\"https:\\\/\\\/newsinfoco.com.br\\\/inicio\\\/#organization\"}}]}\n\t\t<\/script>\n\t\t<!-- All in One SEO -->\n\n","aioseo_head_json":{"title":"Bahia e Salvador lideram ranking de interna\u00e7\u00f5es de crian\u00e7as de at\u00e9 um ano por desnutri\u00e7\u00e3o - News In Foco - Editado por Caio Pimenta","description":"A Bahia lidera o ranking de estados com o maior quantitativo de crian\u00e7as de at\u00e9 um ano internadas por desnutri\u00e7\u00e3o na rede p\u00fablica de sa\u00fade no \u00faltimo ano. Isso \u00e9 o que mostra os dados divulgados pelo Observat\u00f3rio de Sa\u00fade na Inf\u00e2ncia (Observa Inf\u00e2ncia) nesta segunda-feira (23). Segundo a iniciativa, que \u00e9 uma parceria da","canonical_url":"https:\/\/newsinfoco.com.br\/inicio\/bahia-e-salvador-lideram-ranking-de-internacoes-de-criancas-de-ate-um-ano-por-desnutricao\/","robots":"max-image-preview:large","keywords":"","webmasterTools":{"miscellaneous":""},"schema":{"@context":"https:\/\/schema.org","@graph":[{"@type":"BlogPosting","@id":"https:\/\/newsinfoco.com.br\/inicio\/bahia-e-salvador-lideram-ranking-de-internacoes-de-criancas-de-ate-um-ano-por-desnutricao\/#blogposting","name":"Bahia e Salvador lideram ranking de interna\u00e7\u00f5es de crian\u00e7as de at\u00e9 um ano por desnutri\u00e7\u00e3o - News In Foco - Editado por Caio Pimenta","headline":"Bahia e Salvador lideram ranking de interna\u00e7\u00f5es de crian\u00e7as de at\u00e9 um ano por desnutri\u00e7\u00e3o","author":{"@id":"https:\/\/newsinfoco.com.br\/inicio\/author\/administrador\/#author"},"publisher":{"@id":"https:\/\/newsinfoco.com.br\/inicio\/#organization"},"image":{"@type":"ImageObject","url":"https:\/\/newsinfoco.com.br\/inicio\/wp-content\/uploads\/2020\/10\/leito-uti.jpg","width":1600,"height":752},"datePublished":"2023-01-24T16:27:47-03:00","dateModified":"2023-01-24T16:27:47-03:00","inLanguage":"pt-BR","mainEntityOfPage":{"@id":"https:\/\/newsinfoco.com.br\/inicio\/bahia-e-salvador-lideram-ranking-de-internacoes-de-criancas-de-ate-um-ano-por-desnutricao\/#webpage"},"isPartOf":{"@id":"https:\/\/newsinfoco.com.br\/inicio\/bahia-e-salvador-lideram-ranking-de-internacoes-de-criancas-de-ate-um-ano-por-desnutricao\/#webpage"},"articleSection":"Bahia"},{"@type":"BreadcrumbList","@id":"https:\/\/newsinfoco.com.br\/inicio\/bahia-e-salvador-lideram-ranking-de-internacoes-de-criancas-de-ate-um-ano-por-desnutricao\/#breadcrumblist","itemListElement":[{"@type":"ListItem","@id":"https:\/\/newsinfoco.com.br\/inicio#listItem","position":1,"name":"In\u00edcio","item":"https:\/\/newsinfoco.com.br\/inicio","nextItem":{"@type":"ListItem","@id":"https:\/\/newsinfoco.com.br\/inicio\/category\/bahia\/#listItem","name":"Bahia"}},{"@type":"ListItem","@id":"https:\/\/newsinfoco.com.br\/inicio\/category\/bahia\/#listItem","position":2,"name":"Bahia","item":"https:\/\/newsinfoco.com.br\/inicio\/category\/bahia\/","nextItem":{"@type":"ListItem","@id":"https:\/\/newsinfoco.com.br\/inicio\/bahia-e-salvador-lideram-ranking-de-internacoes-de-criancas-de-ate-um-ano-por-desnutricao\/#listItem","name":"Bahia e Salvador lideram ranking de interna\u00e7\u00f5es de crian\u00e7as de at\u00e9 um ano por desnutri\u00e7\u00e3o"},"previousItem":{"@type":"ListItem","@id":"https:\/\/newsinfoco.com.br\/inicio#listItem","name":"In\u00edcio"}},{"@type":"ListItem","@id":"https:\/\/newsinfoco.com.br\/inicio\/bahia-e-salvador-lideram-ranking-de-internacoes-de-criancas-de-ate-um-ano-por-desnutricao\/#listItem","position":3,"name":"Bahia e Salvador lideram ranking de interna\u00e7\u00f5es de crian\u00e7as de at\u00e9 um ano por desnutri\u00e7\u00e3o","previousItem":{"@type":"ListItem","@id":"https:\/\/newsinfoco.com.br\/inicio\/category\/bahia\/#listItem","name":"Bahia"}}]},{"@type":"Organization","@id":"https:\/\/newsinfoco.com.br\/inicio\/#organization","name":"News In Foco - Editado por Caio Pimenta","description":"O principal site de noticias de Alagoinhas e regi\u00e3o","url":"https:\/\/newsinfoco.com.br\/inicio\/"},{"@type":"Person","@id":"https:\/\/newsinfoco.com.br\/inicio\/author\/administrador\/#author","url":"https:\/\/newsinfoco.com.br\/inicio\/author\/administrador\/","name":"administrador","image":{"@type":"ImageObject","@id":"https:\/\/newsinfoco.com.br\/inicio\/bahia-e-salvador-lideram-ranking-de-internacoes-de-criancas-de-ate-um-ano-por-desnutricao\/#authorImage","url":"https:\/\/secure.gravatar.com\/avatar\/c17a617433de8c1dc9584bb79aab7563b46f5bb7e1728c9b17d9cc3ce6a08e49?s=96&d=mm&r=g","width":96,"height":96,"caption":"administrador"}},{"@type":"WebPage","@id":"https:\/\/newsinfoco.com.br\/inicio\/bahia-e-salvador-lideram-ranking-de-internacoes-de-criancas-de-ate-um-ano-por-desnutricao\/#webpage","url":"https:\/\/newsinfoco.com.br\/inicio\/bahia-e-salvador-lideram-ranking-de-internacoes-de-criancas-de-ate-um-ano-por-desnutricao\/","name":"Bahia e Salvador lideram ranking de interna\u00e7\u00f5es de crian\u00e7as de at\u00e9 um ano por desnutri\u00e7\u00e3o - News In Foco - Editado por Caio Pimenta","description":"A Bahia lidera o ranking de estados com o maior quantitativo de crian\u00e7as de at\u00e9 um ano internadas por desnutri\u00e7\u00e3o na rede p\u00fablica de sa\u00fade no \u00faltimo ano. Isso \u00e9 o que mostra os dados divulgados pelo Observat\u00f3rio de Sa\u00fade na Inf\u00e2ncia (Observa Inf\u00e2ncia) nesta segunda-feira (23). Segundo a iniciativa, que \u00e9 uma parceria da","inLanguage":"pt-BR","isPartOf":{"@id":"https:\/\/newsinfoco.com.br\/inicio\/#website"},"breadcrumb":{"@id":"https:\/\/newsinfoco.com.br\/inicio\/bahia-e-salvador-lideram-ranking-de-internacoes-de-criancas-de-ate-um-ano-por-desnutricao\/#breadcrumblist"},"author":{"@id":"https:\/\/newsinfoco.com.br\/inicio\/author\/administrador\/#author"},"creator":{"@id":"https:\/\/newsinfoco.com.br\/inicio\/author\/administrador\/#author"},"image":{"@type":"ImageObject","url":"https:\/\/newsinfoco.com.br\/inicio\/wp-content\/uploads\/2020\/10\/leito-uti.jpg","@id":"https:\/\/newsinfoco.com.br\/inicio\/bahia-e-salvador-lideram-ranking-de-internacoes-de-criancas-de-ate-um-ano-por-desnutricao\/#mainImage","width":1600,"height":752},"primaryImageOfPage":{"@id":"https:\/\/newsinfoco.com.br\/inicio\/bahia-e-salvador-lideram-ranking-de-internacoes-de-criancas-de-ate-um-ano-por-desnutricao\/#mainImage"},"datePublished":"2023-01-24T16:27:47-03:00","dateModified":"2023-01-24T16:27:47-03:00"},{"@type":"WebSite","@id":"https:\/\/newsinfoco.com.br\/inicio\/#website","url":"https:\/\/newsinfoco.com.br\/inicio\/","name":"News In Foco - Editado por Caio Pimenta","description":"O principal site de noticias de Alagoinhas e regi\u00e3o","inLanguage":"pt-BR","publisher":{"@id":"https:\/\/newsinfoco.com.br\/inicio\/#organization"}}]},"og:locale":"pt_BR","og:site_name":"News In Foco - Editado por Caio Pimenta - O principal site de noticias de Alagoinhas e regi\u00e3o","og:type":"article","og:title":"Bahia e Salvador lideram ranking de interna\u00e7\u00f5es de crian\u00e7as de at\u00e9 um ano por desnutri\u00e7\u00e3o - News In Foco - Editado por Caio Pimenta","og:description":"A Bahia lidera o ranking de estados com o maior quantitativo de crian\u00e7as de at\u00e9 um ano internadas por desnutri\u00e7\u00e3o na rede p\u00fablica de sa\u00fade no \u00faltimo ano. Isso \u00e9 o que mostra os dados divulgados pelo Observat\u00f3rio de Sa\u00fade na Inf\u00e2ncia (Observa Inf\u00e2ncia) nesta segunda-feira (23). Segundo a iniciativa, que \u00e9 uma parceria da","og:url":"https:\/\/newsinfoco.com.br\/inicio\/bahia-e-salvador-lideram-ranking-de-internacoes-de-criancas-de-ate-um-ano-por-desnutricao\/","article:published_time":"2023-01-24T19:27:47+00:00","article:modified_time":"2023-01-24T19:27:47+00:00","twitter:card":"summary_large_image","twitter:title":"Bahia e Salvador lideram ranking de interna\u00e7\u00f5es de crian\u00e7as de at\u00e9 um ano por desnutri\u00e7\u00e3o - News In Foco - Editado por Caio Pimenta","twitter:description":"A Bahia lidera o ranking de estados com o maior quantitativo de crian\u00e7as de at\u00e9 um ano internadas por desnutri\u00e7\u00e3o na rede p\u00fablica de sa\u00fade no \u00faltimo ano. Isso \u00e9 o que mostra os dados divulgados pelo Observat\u00f3rio de Sa\u00fade na Inf\u00e2ncia (Observa Inf\u00e2ncia) nesta segunda-feira (23). Segundo a iniciativa, que \u00e9 uma parceria da"},"aioseo_meta_data":{"post_id":"32638","title":null,"description":null,"keywords":null,"keyphrases":null,"primary_term":null,"canonical_url":null,"og_title":null,"og_description":null,"og_object_type":"default","og_image_type":"default","og_image_url":null,"og_image_width":null,"og_image_height":null,"og_image_custom_url":null,"og_image_custom_fields":null,"og_video":null,"og_custom_url":null,"og_article_section":null,"og_article_tags":null,"twitter_use_og":false,"twitter_card":"default","twitter_image_type":"default","twitter_image_url":null,"twitter_image_custom_url":null,"twitter_image_custom_fields":null,"twitter_title":null,"twitter_description":null,"schema":{"blockGraphs":[],"customGraphs":[],"default":{"data":{"Article":[],"Course":[],"Dataset":[],"FAQPage":[],"Movie":[],"Person":[],"Product":[],"ProductReview":[],"Car":[],"Recipe":[],"Service":[],"SoftwareApplication":[],"WebPage":[]},"graphName":"","isEnabled":true},"graphs":[]},"schema_type":"default","schema_type_options":null,"pillar_content":false,"robots_default":true,"robots_noindex":false,"robots_noarchive":false,"robots_nosnippet":false,"robots_nofollow":false,"robots_noimageindex":false,"robots_noodp":false,"robots_notranslate":false,"robots_max_snippet":null,"robots_max_videopreview":null,"robots_max_imagepreview":"large","priority":null,"frequency":null,"local_seo":null,"breadcrumb_settings":null,"limit_modified_date":false,"ai":null,"created":"2023-06-12 22:38:46","updated":"2025-07-11 08:55:44","seo_analyzer_scan_date":null},"aioseo_breadcrumb":"<div class=\"aioseo-breadcrumbs\"><span class=\"aioseo-breadcrumb\">\n\t\t\t<a href=\"https:\/\/newsinfoco.com.br\/inicio\" title=\"In\u00edcio\">In\u00edcio<\/a>\n\t\t<\/span><span class=\"aioseo-breadcrumb-separator\">&raquo;<\/span><span class=\"aioseo-breadcrumb\">\n\t\t\t<a href=\"https:\/\/newsinfoco.com.br\/inicio\/category\/bahia\/\" title=\"Bahia\">Bahia<\/a>\n\t\t<\/span><span class=\"aioseo-breadcrumb-separator\">&raquo;<\/span><span class=\"aioseo-breadcrumb\">\n\t\t\tBahia e Salvador lideram ranking de interna\u00e7\u00f5es de crian\u00e7as de at\u00e9 um ano por desnutri\u00e7\u00e3o\n\t\t<\/span><\/div>","aioseo_breadcrumb_json":[{"label":"In\u00edcio","link":"https:\/\/newsinfoco.com.br\/inicio"},{"label":"Bahia","link":"https:\/\/newsinfoco.com.br\/inicio\/category\/bahia\/"},{"label":"Bahia e Salvador lideram ranking de interna\u00e7\u00f5es de crian\u00e7as de at\u00e9 um ano por desnutri\u00e7\u00e3o","link":"https:\/\/newsinfoco.com.br\/inicio\/bahia-e-salvador-lideram-ranking-de-internacoes-de-criancas-de-ate-um-ano-por-desnutricao\/"}],"_links":{"self":[{"href":"https:\/\/newsinfoco.com.br\/inicio\/wp-json\/wp\/v2\/posts\/32638","targetHints":{"allow":["GET"]}}],"collection":[{"href":"https:\/\/newsinfoco.com.br\/inicio\/wp-json\/wp\/v2\/posts"}],"about":[{"href":"https:\/\/newsinfoco.com.br\/inicio\/wp-json\/wp\/v2\/types\/post"}],"author":[{"embeddable":true,"href":"https:\/\/newsinfoco.com.br\/inicio\/wp-json\/wp\/v2\/users\/1"}],"replies":[{"embeddable":true,"href":"https:\/\/newsinfoco.com.br\/inicio\/wp-json\/wp\/v2\/comments?post=32638"}],"version-history":[{"count":1,"href":"https:\/\/newsinfoco.com.br\/inicio\/wp-json\/wp\/v2\/posts\/32638\/revisions"}],"predecessor-version":[{"id":32639,"href":"https:\/\/newsinfoco.com.br\/inicio\/wp-json\/wp\/v2\/posts\/32638\/revisions\/32639"}],"wp:featuredmedia":[{"embeddable":true,"href":"https:\/\/newsinfoco.com.br\/inicio\/wp-json\/wp\/v2\/media\/22582"}],"wp:attachment":[{"href":"https:\/\/newsinfoco.com.br\/inicio\/wp-json\/wp\/v2\/media?parent=32638"}],"wp:term":[{"taxonomy":"category","embeddable":true,"href":"https:\/\/newsinfoco.com.br\/inicio\/wp-json\/wp\/v2\/categories?post=32638"},{"taxonomy":"post_tag","embeddable":true,"href":"https:\/\/newsinfoco.com.br\/inicio\/wp-json\/wp\/v2\/tags?post=32638"}],"curies":[{"name":"wp","href":"https:\/\/api.w.org\/{rel}","templated":true}]}}