{"id":32647,"date":"2023-01-24T16:41:34","date_gmt":"2023-01-24T19:41:34","guid":{"rendered":"https:\/\/newsinfoco.com.br\/inicio\/?p=32647"},"modified":"2023-01-24T16:41:34","modified_gmt":"2023-01-24T19:41:34","slug":"publicado-o-gabarito-da-prova-para-os-candidatos-a-diretor-e-vice-de-escolas-municipais-de-alagoinhas","status":"publish","type":"post","link":"https:\/\/newsinfoco.com.br\/inicio\/publicado-o-gabarito-da-prova-para-os-candidatos-a-diretor-e-vice-de-escolas-municipais-de-alagoinhas\/","title":{"rendered":"Publicado o gabarito da prova para os candidatos a diretor e vice de escolas municipais de Alagoinhas"},"content":{"rendered":"<p class=\"p1\"><span class=\"s1\">O gabarito do processo seletivo dos candidatos para diretores e vice-diretores das escolas municipais de Alagoinhas foi publicado nesta segunda-feira (23) no Di\u00e1rio Oficial do munic\u00edpio\u00a0<a href=\"https:\/\/doem.org.br\/ba\/alagoinhas\/diarios\/previsualizar\/9jMXEzaW\">(click aqui)<\/a>. A prova faz parte da segunda etapa da sele\u00e7\u00e3o, onde os mesmos ser\u00e3o eleitos pela comunidade.<\/span><\/p>\n<p class=\"p1\"><span class=\"s1\">O pleito para concorrer aos cargos foi a prova escrita de conhecimentos espec\u00edficos, realizada no \u00faltimo domingo(22). Na primeira etapa houve curso de forma\u00e7\u00e3o com 60h, promovido pela Secretaria de Educa\u00e7\u00e3o. A pr\u00f3xima fase ser\u00e1 a entrega do Plano de Gest\u00e3o Escolar e, em caso de empate, an\u00e1lise de t\u00edtulos acad\u00eamicos. Ao final desse processo, os candidatos aptos formar\u00e3o suas chapas e se submeter\u00e3o a consulta \u00e0 comunidade escolar.<\/span><\/p>\n<p class=\"p1\"><span class=\"s1\">O processo seletivo, que j\u00e1 ocorre no munic\u00edpio de Alagoinhas desde 2013, segue a Lei 077 e acontece at\u00e9 o dia 30 de mar\u00e7o. \u201cEssa mudan\u00e7a na forma da sele\u00e7\u00e3o, em n\u00edvel nacional com o novo Fundo de Manuten\u00e7\u00e3o e Desenvolvimento da Educa\u00e7\u00e3o B\u00e1sica (FUNDEB), traz a presen\u00e7a do gestor preparado, do diretor ciente de sua fun\u00e7\u00e3o pedag\u00f3gica, administrativa e financeira e relacional, o que faz toda a diferen\u00e7a na escola. Ent\u00e3o, n\u00f3s s\u00f3 teremos bons resultados de aprendizagem se tivermos um gestor pautado nos conhecimentos e demandas presentes na contemporaneidade\u201d, explicou a subsecret\u00e1ria Keite Lima.<\/span><\/p>\n<p class=\"p1\"><span class=\"s1\">Para o secret\u00e1rio de Educa\u00e7\u00e3o, Gustavo Carmo, a\u00e7\u00f5es como essa vem refletindo na educa\u00e7\u00e3o do munic\u00edpio e a consequ\u00eancia \u00e9 uma melhora refletida nas notas do \u00cdndice de Desenvolvimento da Educa\u00e7\u00e3o B\u00e1sica (Ideb). \u201cA educa\u00e7\u00e3o \u00e9 prioridade do governo Joaquim Neto, e assim tem sido o comportamento, os investimentos e todo o planejamento feito para a melhoria das condi\u00e7\u00f5es da nossa rede municipal de educa\u00e7\u00e3o. Nesse momento, mais uma etapa que realizamos dentro do processo de escolha dos novos gestores escolares\u201d, afirmou.<\/span><\/p>\n<p class=\"p1\"><span class=\"s1\">A Secretaria Municipal de Educa\u00e7\u00e3o (SEDUC) informou ainda que para realiza\u00e7\u00e3o de todo o pleito eleitoral, foi constitu\u00edda uma comiss\u00e3o denominada Comiss\u00e3o Eleitoral, formada por representa\u00e7\u00f5es do Sindicato dos Servidores P\u00fablicos Municipais de Alagoinhas (SINPA), APLB-Sindicato, Conselho Municipal da Educa\u00e7\u00e3o e Secretaria Municipal, que tem a fun\u00e7\u00e3o de tornar o processo seletivo democr\u00e1tico, descentralizado e transparente.<\/span><\/p>\n<p class=\"p1\">Confira mais imagens:<\/p>\n<p class=\"p1\"><a class=\"group1 cboxElement\" href=\"https:\/\/www.alagoinhas.ba.gov.br\/wp-content\/uploads\/2023\/01\/EDE874FE-D68A-40D8-B961-38479954660A.jpeg\"><img loading=\"lazy\" decoding=\"async\" class=\"aligncenter size-large wp-image-63049\" src=\"https:\/\/www.alagoinhas.ba.gov.br\/wp-content\/uploads\/2023\/01\/EDE874FE-D68A-40D8-B961-38479954660A-1024x682.jpeg\" sizes=\"auto, (max-width: 800px) 100vw, 800px\" srcset=\"https:\/\/www.alagoinhas.ba.gov.br\/wp-content\/uploads\/2023\/01\/EDE874FE-D68A-40D8-B961-38479954660A-1024x682.jpeg 1024w, https:\/\/www.alagoinhas.ba.gov.br\/wp-content\/uploads\/2023\/01\/EDE874FE-D68A-40D8-B961-38479954660A-300x200.jpeg 300w, https:\/\/www.alagoinhas.ba.gov.br\/wp-content\/uploads\/2023\/01\/EDE874FE-D68A-40D8-B961-38479954660A-768x512.jpeg 768w, https:\/\/www.alagoinhas.ba.gov.br\/wp-content\/uploads\/2023\/01\/EDE874FE-D68A-40D8-B961-38479954660A-105x70.jpeg 105w, https:\/\/www.alagoinhas.ba.gov.br\/wp-content\/uploads\/2023\/01\/EDE874FE-D68A-40D8-B961-38479954660A.jpeg 1280w\" alt=\"\" width=\"800\" height=\"533\" \/><\/a><a class=\"group1 cboxElement\" href=\"https:\/\/www.alagoinhas.ba.gov.br\/wp-content\/uploads\/2023\/01\/B7ABF866-21F2-4013-9E9A-99519F712126.jpeg\"><img loading=\"lazy\" decoding=\"async\" class=\"aligncenter size-large wp-image-63050\" src=\"https:\/\/www.alagoinhas.ba.gov.br\/wp-content\/uploads\/2023\/01\/B7ABF866-21F2-4013-9E9A-99519F712126-1024x682.jpeg\" sizes=\"auto, (max-width: 800px) 100vw, 800px\" srcset=\"https:\/\/www.alagoinhas.ba.gov.br\/wp-content\/uploads\/2023\/01\/B7ABF866-21F2-4013-9E9A-99519F712126-1024x682.jpeg 1024w, https:\/\/www.alagoinhas.ba.gov.br\/wp-content\/uploads\/2023\/01\/B7ABF866-21F2-4013-9E9A-99519F712126-300x200.jpeg 300w, https:\/\/www.alagoinhas.ba.gov.br\/wp-content\/uploads\/2023\/01\/B7ABF866-21F2-4013-9E9A-99519F712126-768x512.jpeg 768w, https:\/\/www.alagoinhas.ba.gov.br\/wp-content\/uploads\/2023\/01\/B7ABF866-21F2-4013-9E9A-99519F712126-105x70.jpeg 105w, https:\/\/www.alagoinhas.ba.gov.br\/wp-content\/uploads\/2023\/01\/B7ABF866-21F2-4013-9E9A-99519F712126.jpeg 1280w\" alt=\"\" width=\"800\" height=\"533\" \/><\/a><a class=\"group1 cboxElement\" href=\"https:\/\/www.alagoinhas.ba.gov.br\/wp-content\/uploads\/2023\/01\/9235A8F1-1939-4338-850F-7CF44896A6A9.jpeg\"><img loading=\"lazy\" decoding=\"async\" class=\"aligncenter size-large wp-image-63051\" src=\"https:\/\/www.alagoinhas.ba.gov.br\/wp-content\/uploads\/2023\/01\/9235A8F1-1939-4338-850F-7CF44896A6A9-1024x682.jpeg\" sizes=\"auto, (max-width: 800px) 100vw, 800px\" srcset=\"https:\/\/www.alagoinhas.ba.gov.br\/wp-content\/uploads\/2023\/01\/9235A8F1-1939-4338-850F-7CF44896A6A9-1024x682.jpeg 1024w, https:\/\/www.alagoinhas.ba.gov.br\/wp-content\/uploads\/2023\/01\/9235A8F1-1939-4338-850F-7CF44896A6A9-300x200.jpeg 300w, https:\/\/www.alagoinhas.ba.gov.br\/wp-content\/uploads\/2023\/01\/9235A8F1-1939-4338-850F-7CF44896A6A9-768x512.jpeg 768w, https:\/\/www.alagoinhas.ba.gov.br\/wp-content\/uploads\/2023\/01\/9235A8F1-1939-4338-850F-7CF44896A6A9-105x70.jpeg 105w, https:\/\/www.alagoinhas.ba.gov.br\/wp-content\/uploads\/2023\/01\/9235A8F1-1939-4338-850F-7CF44896A6A9.jpeg 1280w\" alt=\"\" width=\"800\" height=\"533\" \/><\/a><a class=\"group1 cboxElement\" href=\"https:\/\/www.alagoinhas.ba.gov.br\/wp-content\/uploads\/2023\/01\/38B4B61C-E0F5-4D5C-9D8F-F7E8DEC20E3C.jpeg\"><img loading=\"lazy\" decoding=\"async\" class=\"aligncenter size-large wp-image-63052\" src=\"https:\/\/www.alagoinhas.ba.gov.br\/wp-content\/uploads\/2023\/01\/38B4B61C-E0F5-4D5C-9D8F-F7E8DEC20E3C-1024x682.jpeg\" sizes=\"auto, (max-width: 800px) 100vw, 800px\" srcset=\"https:\/\/www.alagoinhas.ba.gov.br\/wp-content\/uploads\/2023\/01\/38B4B61C-E0F5-4D5C-9D8F-F7E8DEC20E3C-1024x682.jpeg 1024w, https:\/\/www.alagoinhas.ba.gov.br\/wp-content\/uploads\/2023\/01\/38B4B61C-E0F5-4D5C-9D8F-F7E8DEC20E3C-300x200.jpeg 300w, https:\/\/www.alagoinhas.ba.gov.br\/wp-content\/uploads\/2023\/01\/38B4B61C-E0F5-4D5C-9D8F-F7E8DEC20E3C-768x512.jpeg 768w, https:\/\/www.alagoinhas.ba.gov.br\/wp-content\/uploads\/2023\/01\/38B4B61C-E0F5-4D5C-9D8F-F7E8DEC20E3C-105x70.jpeg 105w, https:\/\/www.alagoinhas.ba.gov.br\/wp-content\/uploads\/2023\/01\/38B4B61C-E0F5-4D5C-9D8F-F7E8DEC20E3C.jpeg 1280w\" alt=\"\" width=\"800\" height=\"533\" \/><\/a><a class=\"group1 cboxElement\" href=\"https:\/\/www.alagoinhas.ba.gov.br\/wp-content\/uploads\/2023\/01\/203BF01E-337A-43C0-9A52-7CEE4B8DBA8D.jpeg\"><img loading=\"lazy\" decoding=\"async\" class=\"aligncenter size-large wp-image-63053\" src=\"https:\/\/www.alagoinhas.ba.gov.br\/wp-content\/uploads\/2023\/01\/203BF01E-337A-43C0-9A52-7CEE4B8DBA8D-1024x682.jpeg\" sizes=\"auto, (max-width: 800px) 100vw, 800px\" srcset=\"https:\/\/www.alagoinhas.ba.gov.br\/wp-content\/uploads\/2023\/01\/203BF01E-337A-43C0-9A52-7CEE4B8DBA8D-1024x682.jpeg 1024w, https:\/\/www.alagoinhas.ba.gov.br\/wp-content\/uploads\/2023\/01\/203BF01E-337A-43C0-9A52-7CEE4B8DBA8D-300x200.jpeg 300w, https:\/\/www.alagoinhas.ba.gov.br\/wp-content\/uploads\/2023\/01\/203BF01E-337A-43C0-9A52-7CEE4B8DBA8D-768x512.jpeg 768w, https:\/\/www.alagoinhas.ba.gov.br\/wp-content\/uploads\/2023\/01\/203BF01E-337A-43C0-9A52-7CEE4B8DBA8D-105x70.jpeg 105w, https:\/\/www.alagoinhas.ba.gov.br\/wp-content\/uploads\/2023\/01\/203BF01E-337A-43C0-9A52-7CEE4B8DBA8D.jpeg 1280w\" alt=\"\" width=\"800\" height=\"533\" \/><\/a><a class=\"group1 cboxElement\" href=\"https:\/\/www.alagoinhas.ba.gov.br\/wp-content\/uploads\/2023\/01\/4EE37F6F-0D02-48B2-BD23-0BFC81F325F5.jpeg\"><img loading=\"lazy\" decoding=\"async\" class=\"aligncenter size-large wp-image-63054\" src=\"https:\/\/www.alagoinhas.ba.gov.br\/wp-content\/uploads\/2023\/01\/4EE37F6F-0D02-48B2-BD23-0BFC81F325F5-1024x682.jpeg\" sizes=\"auto, (max-width: 800px) 100vw, 800px\" srcset=\"https:\/\/www.alagoinhas.ba.gov.br\/wp-content\/uploads\/2023\/01\/4EE37F6F-0D02-48B2-BD23-0BFC81F325F5-1024x682.jpeg 1024w, https:\/\/www.alagoinhas.ba.gov.br\/wp-content\/uploads\/2023\/01\/4EE37F6F-0D02-48B2-BD23-0BFC81F325F5-300x200.jpeg 300w, https:\/\/www.alagoinhas.ba.gov.br\/wp-content\/uploads\/2023\/01\/4EE37F6F-0D02-48B2-BD23-0BFC81F325F5-768x512.jpeg 768w, https:\/\/www.alagoinhas.ba.gov.br\/wp-content\/uploads\/2023\/01\/4EE37F6F-0D02-48B2-BD23-0BFC81F325F5-105x70.jpeg 105w, https:\/\/www.alagoinhas.ba.gov.br\/wp-content\/uploads\/2023\/01\/4EE37F6F-0D02-48B2-BD23-0BFC81F325F5.jpeg 1280w\" alt=\"\" width=\"800\" height=\"533\" \/><\/a><a class=\"group1 cboxElement\" href=\"https:\/\/www.alagoinhas.ba.gov.br\/wp-content\/uploads\/2023\/01\/AC08C4D7-C4FF-4F7A-A042-2512BE554D81.jpeg\"><img loading=\"lazy\" decoding=\"async\" class=\"aligncenter size-large wp-image-63055\" src=\"https:\/\/www.alagoinhas.ba.gov.br\/wp-content\/uploads\/2023\/01\/AC08C4D7-C4FF-4F7A-A042-2512BE554D81-1024x682.jpeg\" sizes=\"auto, (max-width: 800px) 100vw, 800px\" srcset=\"https:\/\/www.alagoinhas.ba.gov.br\/wp-content\/uploads\/2023\/01\/AC08C4D7-C4FF-4F7A-A042-2512BE554D81-1024x682.jpeg 1024w, https:\/\/www.alagoinhas.ba.gov.br\/wp-content\/uploads\/2023\/01\/AC08C4D7-C4FF-4F7A-A042-2512BE554D81-300x200.jpeg 300w, https:\/\/www.alagoinhas.ba.gov.br\/wp-content\/uploads\/2023\/01\/AC08C4D7-C4FF-4F7A-A042-2512BE554D81-768x512.jpeg 768w, https:\/\/www.alagoinhas.ba.gov.br\/wp-content\/uploads\/2023\/01\/AC08C4D7-C4FF-4F7A-A042-2512BE554D81-105x70.jpeg 105w, https:\/\/www.alagoinhas.ba.gov.br\/wp-content\/uploads\/2023\/01\/AC08C4D7-C4FF-4F7A-A042-2512BE554D81.jpeg 1280w\" alt=\"\" width=\"800\" height=\"533\" \/><\/a><a class=\"group1 cboxElement\" href=\"https:\/\/www.alagoinhas.ba.gov.br\/wp-content\/uploads\/2023\/01\/0CF9AF77-D4CF-4744-830A-F35F8AB04B2B.jpeg\"><img loading=\"lazy\" decoding=\"async\" class=\"aligncenter size-large wp-image-63056\" src=\"https:\/\/www.alagoinhas.ba.gov.br\/wp-content\/uploads\/2023\/01\/0CF9AF77-D4CF-4744-830A-F35F8AB04B2B-1024x682.jpeg\" sizes=\"auto, (max-width: 800px) 100vw, 800px\" srcset=\"https:\/\/www.alagoinhas.ba.gov.br\/wp-content\/uploads\/2023\/01\/0CF9AF77-D4CF-4744-830A-F35F8AB04B2B-1024x682.jpeg 1024w, https:\/\/www.alagoinhas.ba.gov.br\/wp-content\/uploads\/2023\/01\/0CF9AF77-D4CF-4744-830A-F35F8AB04B2B-300x200.jpeg 300w, https:\/\/www.alagoinhas.ba.gov.br\/wp-content\/uploads\/2023\/01\/0CF9AF77-D4CF-4744-830A-F35F8AB04B2B-768x512.jpeg 768w, https:\/\/www.alagoinhas.ba.gov.br\/wp-content\/uploads\/2023\/01\/0CF9AF77-D4CF-4744-830A-F35F8AB04B2B-105x70.jpeg 105w, https:\/\/www.alagoinhas.ba.gov.br\/wp-content\/uploads\/2023\/01\/0CF9AF77-D4CF-4744-830A-F35F8AB04B2B.jpeg 1280w\" alt=\"\" width=\"800\" height=\"533\" \/><\/a><a class=\"group1 cboxElement\" href=\"https:\/\/www.alagoinhas.ba.gov.br\/wp-content\/uploads\/2023\/01\/D39D5C2E-FECD-46B2-8D63-1B721455A941.jpeg\"><img loading=\"lazy\" decoding=\"async\" class=\"aligncenter size-large wp-image-63057\" src=\"https:\/\/www.alagoinhas.ba.gov.br\/wp-content\/uploads\/2023\/01\/D39D5C2E-FECD-46B2-8D63-1B721455A941-1024x682.jpeg\" sizes=\"auto, (max-width: 800px) 100vw, 800px\" srcset=\"https:\/\/www.alagoinhas.ba.gov.br\/wp-content\/uploads\/2023\/01\/D39D5C2E-FECD-46B2-8D63-1B721455A941-1024x682.jpeg 1024w, https:\/\/www.alagoinhas.ba.gov.br\/wp-content\/uploads\/2023\/01\/D39D5C2E-FECD-46B2-8D63-1B721455A941-300x200.jpeg 300w, https:\/\/www.alagoinhas.ba.gov.br\/wp-content\/uploads\/2023\/01\/D39D5C2E-FECD-46B2-8D63-1B721455A941-768x512.jpeg 768w, https:\/\/www.alagoinhas.ba.gov.br\/wp-content\/uploads\/2023\/01\/D39D5C2E-FECD-46B2-8D63-1B721455A941-105x70.jpeg 105w, https:\/\/www.alagoinhas.ba.gov.br\/wp-content\/uploads\/2023\/01\/D39D5C2E-FECD-46B2-8D63-1B721455A941.jpeg 1280w\" alt=\"\" width=\"800\" height=\"533\" \/><\/a><\/p>\n<p class=\"p1\">Foto: Roberto Fonseca \/ SECOM<\/p>\n<div class='share-to-whatsapp-wrapper'><div class='share-on-whsp'>Share on: <\/div><a data-text='Publicado o gabarito da prova para os candidatos a diretor e vice de escolas municipais de Alagoinhas' data-link='https:\/\/newsinfoco.com.br\/inicio\/publicado-o-gabarito-da-prova-para-os-candidatos-a-diretor-e-vice-de-escolas-municipais-de-alagoinhas\/' class='whatsapp-button whatsapp-share'>WhatsApp<\/a><div class='clear '><\/div><\/div>","protected":false},"excerpt":{"rendered":"<p>O gabarito do processo seletivo dos candidatos para diretores e vice-diretores das escolas municipais de Alagoinhas foi publicado nesta segunda-feira (23) no Di\u00e1rio Oficial do munic\u00edpio\u00a0(click aqui). A prova faz parte da segunda etapa da sele\u00e7\u00e3o, onde os mesmos ser\u00e3o eleitos pela comunidade. O pleito para concorrer aos cargos foi a prova escrita de conhecimentos [&hellip;]<\/p>\n","protected":false},"author":1,"featured_media":32648,"comment_status":"closed","ping_status":"closed","sticky":false,"template":"","format":"standard","meta":{"om_disable_all_campaigns":false,"rop_custom_images_group":[],"rop_custom_messages_group":[],"rop_publish_now":"initial","rop_publish_now_accounts":[],"rop_publish_now_history":[],"rop_publish_now_status":"pending","_exactmetrics_skip_tracking":false,"footnotes":""},"categories":[38,167],"tags":[],"class_list":["post-32647","post","type-post","status-publish","format-standard","has-post-thumbnail","hentry","category-alagoinhas-e-regiao","category-exclusivas"],"aioseo_notices":[],"aioseo_head":"\n\t\t<!-- All in One SEO 4.9.10 - aioseo.com -->\n\t<meta name=\"description\" content=\"O gabarito do processo seletivo dos candidatos para diretores e vice-diretores das escolas municipais de Alagoinhas foi publicado nesta segunda-feira (23) no Di\u00e1rio Oficial do munic\u00edpio (click aqui). A prova faz parte da segunda etapa da sele\u00e7\u00e3o, onde os mesmos ser\u00e3o eleitos pela comunidade. O pleito para concorrer aos cargos foi a prova escrita de conhecimentos\" \/>\n\t<meta name=\"robots\" content=\"max-image-preview:large\" \/>\n\t<meta name=\"author\" content=\"administrador\"\/>\n\t<link rel=\"canonical\" href=\"https:\/\/newsinfoco.com.br\/inicio\/publicado-o-gabarito-da-prova-para-os-candidatos-a-diretor-e-vice-de-escolas-municipais-de-alagoinhas\/\" \/>\n\t<meta name=\"generator\" content=\"All in One SEO (AIOSEO) 4.9.10\" \/>\n\t\t<meta property=\"og:locale\" content=\"pt_BR\" \/>\n\t\t<meta property=\"og:site_name\" content=\"News In Foco - Editado por Caio Pimenta - O principal site de noticias de Alagoinhas e regi\u00e3o\" \/>\n\t\t<meta property=\"og:type\" content=\"article\" \/>\n\t\t<meta property=\"og:title\" content=\"Publicado o gabarito da prova para os candidatos a diretor e vice de escolas municipais de Alagoinhas - News In Foco - Editado por Caio Pimenta\" \/>\n\t\t<meta property=\"og:description\" content=\"O gabarito do processo seletivo dos candidatos para diretores e vice-diretores das escolas municipais de Alagoinhas foi publicado nesta segunda-feira (23) no Di\u00e1rio Oficial do munic\u00edpio (click aqui). A prova faz parte da segunda etapa da sele\u00e7\u00e3o, onde os mesmos ser\u00e3o eleitos pela comunidade. O pleito para concorrer aos cargos foi a prova escrita de conhecimentos\" \/>\n\t\t<meta property=\"og:url\" content=\"https:\/\/newsinfoco.com.br\/inicio\/publicado-o-gabarito-da-prova-para-os-candidatos-a-diretor-e-vice-de-escolas-municipais-de-alagoinhas\/\" \/>\n\t\t<meta property=\"article:published_time\" content=\"2023-01-24T19:41:34+00:00\" \/>\n\t\t<meta property=\"article:modified_time\" content=\"2023-01-24T19:41:34+00:00\" \/>\n\t\t<meta name=\"twitter:card\" content=\"summary_large_image\" \/>\n\t\t<meta name=\"twitter:title\" content=\"Publicado o gabarito da prova para os candidatos a diretor e vice de escolas municipais de Alagoinhas - News In Foco - Editado por Caio Pimenta\" \/>\n\t\t<meta name=\"twitter:description\" content=\"O gabarito do processo seletivo dos candidatos para diretores e vice-diretores das escolas municipais de Alagoinhas foi publicado nesta segunda-feira (23) no Di\u00e1rio Oficial do munic\u00edpio (click aqui). A prova faz parte da segunda etapa da sele\u00e7\u00e3o, onde os mesmos ser\u00e3o eleitos pela comunidade. O pleito para concorrer aos cargos foi a prova escrita de conhecimentos\" \/>\n\t\t<script type=\"application\/ld+json\" class=\"aioseo-schema\">\n\t\t\t{\"@context\":\"https:\\\/\\\/schema.org\",\"@graph\":[{\"@type\":\"BlogPosting\",\"@id\":\"https:\\\/\\\/newsinfoco.com.br\\\/inicio\\\/publicado-o-gabarito-da-prova-para-os-candidatos-a-diretor-e-vice-de-escolas-municipais-de-alagoinhas\\\/#blogposting\",\"name\":\"Publicado o gabarito da prova para os candidatos a diretor e vice de escolas municipais de Alagoinhas - News In Foco - Editado por Caio Pimenta\",\"headline\":\"Publicado o gabarito da prova para os candidatos a diretor e vice de escolas municipais de Alagoinhas\",\"author\":{\"@id\":\"https:\\\/\\\/newsinfoco.com.br\\\/inicio\\\/author\\\/administrador\\\/#author\"},\"publisher\":{\"@id\":\"https:\\\/\\\/newsinfoco.com.br\\\/inicio\\\/#organization\"},\"image\":{\"@type\":\"ImageObject\",\"url\":\"https:\\\/\\\/newsinfoco.com.br\\\/inicio\\\/wp-content\\\/uploads\\\/2023\\\/01\\\/9D50E027-B835-4CDB-BD0C-018ED052257E-768x512-1.jpeg\",\"width\":768,\"height\":512},\"datePublished\":\"2023-01-24T16:41:34-03:00\",\"dateModified\":\"2023-01-24T16:41:34-03:00\",\"inLanguage\":\"pt-BR\",\"mainEntityOfPage\":{\"@id\":\"https:\\\/\\\/newsinfoco.com.br\\\/inicio\\\/publicado-o-gabarito-da-prova-para-os-candidatos-a-diretor-e-vice-de-escolas-municipais-de-alagoinhas\\\/#webpage\"},\"isPartOf\":{\"@id\":\"https:\\\/\\\/newsinfoco.com.br\\\/inicio\\\/publicado-o-gabarito-da-prova-para-os-candidatos-a-diretor-e-vice-de-escolas-municipais-de-alagoinhas\\\/#webpage\"},\"articleSection\":\"Alagoinhas e Regi\\u00e3o, Manchete\"},{\"@type\":\"BreadcrumbList\",\"@id\":\"https:\\\/\\\/newsinfoco.com.br\\\/inicio\\\/publicado-o-gabarito-da-prova-para-os-candidatos-a-diretor-e-vice-de-escolas-municipais-de-alagoinhas\\\/#breadcrumblist\",\"itemListElement\":[{\"@type\":\"ListItem\",\"@id\":\"https:\\\/\\\/newsinfoco.com.br\\\/inicio#listItem\",\"position\":1,\"name\":\"In\\u00edcio\",\"item\":\"https:\\\/\\\/newsinfoco.com.br\\\/inicio\",\"nextItem\":{\"@type\":\"ListItem\",\"@id\":\"https:\\\/\\\/newsinfoco.com.br\\\/inicio\\\/category\\\/alagoinhas-e-regiao\\\/#listItem\",\"name\":\"Alagoinhas e Regi\\u00e3o\"}},{\"@type\":\"ListItem\",\"@id\":\"https:\\\/\\\/newsinfoco.com.br\\\/inicio\\\/category\\\/alagoinhas-e-regiao\\\/#listItem\",\"position\":2,\"name\":\"Alagoinhas e Regi\\u00e3o\",\"item\":\"https:\\\/\\\/newsinfoco.com.br\\\/inicio\\\/category\\\/alagoinhas-e-regiao\\\/\",\"nextItem\":{\"@type\":\"ListItem\",\"@id\":\"https:\\\/\\\/newsinfoco.com.br\\\/inicio\\\/publicado-o-gabarito-da-prova-para-os-candidatos-a-diretor-e-vice-de-escolas-municipais-de-alagoinhas\\\/#listItem\",\"name\":\"Publicado o gabarito da prova para os candidatos a diretor e vice de escolas municipais de Alagoinhas\"},\"previousItem\":{\"@type\":\"ListItem\",\"@id\":\"https:\\\/\\\/newsinfoco.com.br\\\/inicio#listItem\",\"name\":\"In\\u00edcio\"}},{\"@type\":\"ListItem\",\"@id\":\"https:\\\/\\\/newsinfoco.com.br\\\/inicio\\\/publicado-o-gabarito-da-prova-para-os-candidatos-a-diretor-e-vice-de-escolas-municipais-de-alagoinhas\\\/#listItem\",\"position\":3,\"name\":\"Publicado o gabarito da prova para os candidatos a diretor e vice de escolas municipais de Alagoinhas\",\"previousItem\":{\"@type\":\"ListItem\",\"@id\":\"https:\\\/\\\/newsinfoco.com.br\\\/inicio\\\/category\\\/alagoinhas-e-regiao\\\/#listItem\",\"name\":\"Alagoinhas e Regi\\u00e3o\"}}]},{\"@type\":\"Organization\",\"@id\":\"https:\\\/\\\/newsinfoco.com.br\\\/inicio\\\/#organization\",\"name\":\"News In Foco - Editado por Caio Pimenta\",\"description\":\"O principal site de noticias de Alagoinhas e regi\\u00e3o\",\"url\":\"https:\\\/\\\/newsinfoco.com.br\\\/inicio\\\/\"},{\"@type\":\"Person\",\"@id\":\"https:\\\/\\\/newsinfoco.com.br\\\/inicio\\\/author\\\/administrador\\\/#author\",\"url\":\"https:\\\/\\\/newsinfoco.com.br\\\/inicio\\\/author\\\/administrador\\\/\",\"name\":\"administrador\",\"image\":{\"@type\":\"ImageObject\",\"@id\":\"https:\\\/\\\/newsinfoco.com.br\\\/inicio\\\/publicado-o-gabarito-da-prova-para-os-candidatos-a-diretor-e-vice-de-escolas-municipais-de-alagoinhas\\\/#authorImage\",\"url\":\"https:\\\/\\\/secure.gravatar.com\\\/avatar\\\/c17a617433de8c1dc9584bb79aab7563b46f5bb7e1728c9b17d9cc3ce6a08e49?s=96&d=mm&r=g\",\"width\":96,\"height\":96,\"caption\":\"administrador\"}},{\"@type\":\"WebPage\",\"@id\":\"https:\\\/\\\/newsinfoco.com.br\\\/inicio\\\/publicado-o-gabarito-da-prova-para-os-candidatos-a-diretor-e-vice-de-escolas-municipais-de-alagoinhas\\\/#webpage\",\"url\":\"https:\\\/\\\/newsinfoco.com.br\\\/inicio\\\/publicado-o-gabarito-da-prova-para-os-candidatos-a-diretor-e-vice-de-escolas-municipais-de-alagoinhas\\\/\",\"name\":\"Publicado o gabarito da prova para os candidatos a diretor e vice de escolas municipais de Alagoinhas - News In Foco - Editado por Caio Pimenta\",\"description\":\"O gabarito do processo seletivo dos candidatos para diretores e vice-diretores das escolas municipais de Alagoinhas foi publicado nesta segunda-feira (23) no Di\\u00e1rio Oficial do munic\\u00edpio (click aqui). A prova faz parte da segunda etapa da sele\\u00e7\\u00e3o, onde os mesmos ser\\u00e3o eleitos pela comunidade. O pleito para concorrer aos cargos foi a prova escrita de conhecimentos\",\"inLanguage\":\"pt-BR\",\"isPartOf\":{\"@id\":\"https:\\\/\\\/newsinfoco.com.br\\\/inicio\\\/#website\"},\"breadcrumb\":{\"@id\":\"https:\\\/\\\/newsinfoco.com.br\\\/inicio\\\/publicado-o-gabarito-da-prova-para-os-candidatos-a-diretor-e-vice-de-escolas-municipais-de-alagoinhas\\\/#breadcrumblist\"},\"author\":{\"@id\":\"https:\\\/\\\/newsinfoco.com.br\\\/inicio\\\/author\\\/administrador\\\/#author\"},\"creator\":{\"@id\":\"https:\\\/\\\/newsinfoco.com.br\\\/inicio\\\/author\\\/administrador\\\/#author\"},\"image\":{\"@type\":\"ImageObject\",\"url\":\"https:\\\/\\\/newsinfoco.com.br\\\/inicio\\\/wp-content\\\/uploads\\\/2023\\\/01\\\/9D50E027-B835-4CDB-BD0C-018ED052257E-768x512-1.jpeg\",\"@id\":\"https:\\\/\\\/newsinfoco.com.br\\\/inicio\\\/publicado-o-gabarito-da-prova-para-os-candidatos-a-diretor-e-vice-de-escolas-municipais-de-alagoinhas\\\/#mainImage\",\"width\":768,\"height\":512},\"primaryImageOfPage\":{\"@id\":\"https:\\\/\\\/newsinfoco.com.br\\\/inicio\\\/publicado-o-gabarito-da-prova-para-os-candidatos-a-diretor-e-vice-de-escolas-municipais-de-alagoinhas\\\/#mainImage\"},\"datePublished\":\"2023-01-24T16:41:34-03:00\",\"dateModified\":\"2023-01-24T16:41:34-03:00\"},{\"@type\":\"WebSite\",\"@id\":\"https:\\\/\\\/newsinfoco.com.br\\\/inicio\\\/#website\",\"url\":\"https:\\\/\\\/newsinfoco.com.br\\\/inicio\\\/\",\"name\":\"News In Foco - Editado por Caio Pimenta\",\"description\":\"O principal site de noticias de Alagoinhas e regi\\u00e3o\",\"inLanguage\":\"pt-BR\",\"publisher\":{\"@id\":\"https:\\\/\\\/newsinfoco.com.br\\\/inicio\\\/#organization\"}}]}\n\t\t<\/script>\n\t\t<!-- All in One SEO -->\n\n","aioseo_head_json":{"title":"Publicado o gabarito da prova para os candidatos a diretor e vice de escolas municipais de Alagoinhas - News In Foco - Editado por Caio Pimenta","description":"O gabarito do processo seletivo dos candidatos para diretores e vice-diretores das escolas municipais de Alagoinhas foi publicado nesta segunda-feira (23) no Di\u00e1rio Oficial do munic\u00edpio (click aqui). A prova faz parte da segunda etapa da sele\u00e7\u00e3o, onde os mesmos ser\u00e3o eleitos pela comunidade. O pleito para concorrer aos cargos foi a prova escrita de conhecimentos","canonical_url":"https:\/\/newsinfoco.com.br\/inicio\/publicado-o-gabarito-da-prova-para-os-candidatos-a-diretor-e-vice-de-escolas-municipais-de-alagoinhas\/","robots":"max-image-preview:large","keywords":"","webmasterTools":{"miscellaneous":""},"schema":{"@context":"https:\/\/schema.org","@graph":[{"@type":"BlogPosting","@id":"https:\/\/newsinfoco.com.br\/inicio\/publicado-o-gabarito-da-prova-para-os-candidatos-a-diretor-e-vice-de-escolas-municipais-de-alagoinhas\/#blogposting","name":"Publicado o gabarito da prova para os candidatos a diretor e vice de escolas municipais de Alagoinhas - News In Foco - Editado por Caio Pimenta","headline":"Publicado o gabarito da prova para os candidatos a diretor e vice de escolas municipais de Alagoinhas","author":{"@id":"https:\/\/newsinfoco.com.br\/inicio\/author\/administrador\/#author"},"publisher":{"@id":"https:\/\/newsinfoco.com.br\/inicio\/#organization"},"image":{"@type":"ImageObject","url":"https:\/\/newsinfoco.com.br\/inicio\/wp-content\/uploads\/2023\/01\/9D50E027-B835-4CDB-BD0C-018ED052257E-768x512-1.jpeg","width":768,"height":512},"datePublished":"2023-01-24T16:41:34-03:00","dateModified":"2023-01-24T16:41:34-03:00","inLanguage":"pt-BR","mainEntityOfPage":{"@id":"https:\/\/newsinfoco.com.br\/inicio\/publicado-o-gabarito-da-prova-para-os-candidatos-a-diretor-e-vice-de-escolas-municipais-de-alagoinhas\/#webpage"},"isPartOf":{"@id":"https:\/\/newsinfoco.com.br\/inicio\/publicado-o-gabarito-da-prova-para-os-candidatos-a-diretor-e-vice-de-escolas-municipais-de-alagoinhas\/#webpage"},"articleSection":"Alagoinhas e Regi\u00e3o, Manchete"},{"@type":"BreadcrumbList","@id":"https:\/\/newsinfoco.com.br\/inicio\/publicado-o-gabarito-da-prova-para-os-candidatos-a-diretor-e-vice-de-escolas-municipais-de-alagoinhas\/#breadcrumblist","itemListElement":[{"@type":"ListItem","@id":"https:\/\/newsinfoco.com.br\/inicio#listItem","position":1,"name":"In\u00edcio","item":"https:\/\/newsinfoco.com.br\/inicio","nextItem":{"@type":"ListItem","@id":"https:\/\/newsinfoco.com.br\/inicio\/category\/alagoinhas-e-regiao\/#listItem","name":"Alagoinhas e Regi\u00e3o"}},{"@type":"ListItem","@id":"https:\/\/newsinfoco.com.br\/inicio\/category\/alagoinhas-e-regiao\/#listItem","position":2,"name":"Alagoinhas e Regi\u00e3o","item":"https:\/\/newsinfoco.com.br\/inicio\/category\/alagoinhas-e-regiao\/","nextItem":{"@type":"ListItem","@id":"https:\/\/newsinfoco.com.br\/inicio\/publicado-o-gabarito-da-prova-para-os-candidatos-a-diretor-e-vice-de-escolas-municipais-de-alagoinhas\/#listItem","name":"Publicado o gabarito da prova para os candidatos a diretor e vice de escolas municipais de Alagoinhas"},"previousItem":{"@type":"ListItem","@id":"https:\/\/newsinfoco.com.br\/inicio#listItem","name":"In\u00edcio"}},{"@type":"ListItem","@id":"https:\/\/newsinfoco.com.br\/inicio\/publicado-o-gabarito-da-prova-para-os-candidatos-a-diretor-e-vice-de-escolas-municipais-de-alagoinhas\/#listItem","position":3,"name":"Publicado o gabarito da prova para os candidatos a diretor e vice de escolas municipais de Alagoinhas","previousItem":{"@type":"ListItem","@id":"https:\/\/newsinfoco.com.br\/inicio\/category\/alagoinhas-e-regiao\/#listItem","name":"Alagoinhas e Regi\u00e3o"}}]},{"@type":"Organization","@id":"https:\/\/newsinfoco.com.br\/inicio\/#organization","name":"News In Foco - Editado por Caio Pimenta","description":"O principal site de noticias de Alagoinhas e regi\u00e3o","url":"https:\/\/newsinfoco.com.br\/inicio\/"},{"@type":"Person","@id":"https:\/\/newsinfoco.com.br\/inicio\/author\/administrador\/#author","url":"https:\/\/newsinfoco.com.br\/inicio\/author\/administrador\/","name":"administrador","image":{"@type":"ImageObject","@id":"https:\/\/newsinfoco.com.br\/inicio\/publicado-o-gabarito-da-prova-para-os-candidatos-a-diretor-e-vice-de-escolas-municipais-de-alagoinhas\/#authorImage","url":"https:\/\/secure.gravatar.com\/avatar\/c17a617433de8c1dc9584bb79aab7563b46f5bb7e1728c9b17d9cc3ce6a08e49?s=96&d=mm&r=g","width":96,"height":96,"caption":"administrador"}},{"@type":"WebPage","@id":"https:\/\/newsinfoco.com.br\/inicio\/publicado-o-gabarito-da-prova-para-os-candidatos-a-diretor-e-vice-de-escolas-municipais-de-alagoinhas\/#webpage","url":"https:\/\/newsinfoco.com.br\/inicio\/publicado-o-gabarito-da-prova-para-os-candidatos-a-diretor-e-vice-de-escolas-municipais-de-alagoinhas\/","name":"Publicado o gabarito da prova para os candidatos a diretor e vice de escolas municipais de Alagoinhas - News In Foco - Editado por Caio Pimenta","description":"O gabarito do processo seletivo dos candidatos para diretores e vice-diretores das escolas municipais de Alagoinhas foi publicado nesta segunda-feira (23) no Di\u00e1rio Oficial do munic\u00edpio (click aqui). A prova faz parte da segunda etapa da sele\u00e7\u00e3o, onde os mesmos ser\u00e3o eleitos pela comunidade. O pleito para concorrer aos cargos foi a prova escrita de conhecimentos","inLanguage":"pt-BR","isPartOf":{"@id":"https:\/\/newsinfoco.com.br\/inicio\/#website"},"breadcrumb":{"@id":"https:\/\/newsinfoco.com.br\/inicio\/publicado-o-gabarito-da-prova-para-os-candidatos-a-diretor-e-vice-de-escolas-municipais-de-alagoinhas\/#breadcrumblist"},"author":{"@id":"https:\/\/newsinfoco.com.br\/inicio\/author\/administrador\/#author"},"creator":{"@id":"https:\/\/newsinfoco.com.br\/inicio\/author\/administrador\/#author"},"image":{"@type":"ImageObject","url":"https:\/\/newsinfoco.com.br\/inicio\/wp-content\/uploads\/2023\/01\/9D50E027-B835-4CDB-BD0C-018ED052257E-768x512-1.jpeg","@id":"https:\/\/newsinfoco.com.br\/inicio\/publicado-o-gabarito-da-prova-para-os-candidatos-a-diretor-e-vice-de-escolas-municipais-de-alagoinhas\/#mainImage","width":768,"height":512},"primaryImageOfPage":{"@id":"https:\/\/newsinfoco.com.br\/inicio\/publicado-o-gabarito-da-prova-para-os-candidatos-a-diretor-e-vice-de-escolas-municipais-de-alagoinhas\/#mainImage"},"datePublished":"2023-01-24T16:41:34-03:00","dateModified":"2023-01-24T16:41:34-03:00"},{"@type":"WebSite","@id":"https:\/\/newsinfoco.com.br\/inicio\/#website","url":"https:\/\/newsinfoco.com.br\/inicio\/","name":"News In Foco - Editado por Caio Pimenta","description":"O principal site de noticias de Alagoinhas e regi\u00e3o","inLanguage":"pt-BR","publisher":{"@id":"https:\/\/newsinfoco.com.br\/inicio\/#organization"}}]},"og:locale":"pt_BR","og:site_name":"News In Foco - Editado por Caio Pimenta - O principal site de noticias de Alagoinhas e regi\u00e3o","og:type":"article","og:title":"Publicado o gabarito da prova para os candidatos a diretor e vice de escolas municipais de Alagoinhas - News In Foco - Editado por Caio Pimenta","og:description":"O gabarito do processo seletivo dos candidatos para diretores e vice-diretores das escolas municipais de Alagoinhas foi publicado nesta segunda-feira (23) no Di\u00e1rio Oficial do munic\u00edpio (click aqui). A prova faz parte da segunda etapa da sele\u00e7\u00e3o, onde os mesmos ser\u00e3o eleitos pela comunidade. O pleito para concorrer aos cargos foi a prova escrita de conhecimentos","og:url":"https:\/\/newsinfoco.com.br\/inicio\/publicado-o-gabarito-da-prova-para-os-candidatos-a-diretor-e-vice-de-escolas-municipais-de-alagoinhas\/","article:published_time":"2023-01-24T19:41:34+00:00","article:modified_time":"2023-01-24T19:41:34+00:00","twitter:card":"summary_large_image","twitter:title":"Publicado o gabarito da prova para os candidatos a diretor e vice de escolas municipais de Alagoinhas - News In Foco - Editado por Caio Pimenta","twitter:description":"O gabarito do processo seletivo dos candidatos para diretores e vice-diretores das escolas municipais de Alagoinhas foi publicado nesta segunda-feira (23) no Di\u00e1rio Oficial do munic\u00edpio (click aqui). A prova faz parte da segunda etapa da sele\u00e7\u00e3o, onde os mesmos ser\u00e3o eleitos pela comunidade. O pleito para concorrer aos cargos foi a prova escrita de conhecimentos"},"aioseo_meta_data":{"post_id":"32647","title":null,"description":null,"keywords":null,"keyphrases":null,"primary_term":null,"canonical_url":null,"og_title":null,"og_description":null,"og_object_type":"default","og_image_type":"default","og_image_url":null,"og_image_width":null,"og_image_height":null,"og_image_custom_url":null,"og_image_custom_fields":null,"og_video":null,"og_custom_url":null,"og_article_section":null,"og_article_tags":null,"twitter_use_og":false,"twitter_card":"default","twitter_image_type":"default","twitter_image_url":null,"twitter_image_custom_url":null,"twitter_image_custom_fields":null,"twitter_title":null,"twitter_description":null,"schema":{"blockGraphs":[],"customGraphs":[],"default":{"data":{"Article":[],"Course":[],"Dataset":[],"FAQPage":[],"Movie":[],"Person":[],"Product":[],"ProductReview":[],"Car":[],"Recipe":[],"Service":[],"SoftwareApplication":[],"WebPage":[]},"graphName":"","isEnabled":true},"graphs":[]},"schema_type":"default","schema_type_options":null,"pillar_content":false,"robots_default":true,"robots_noindex":false,"robots_noarchive":false,"robots_nosnippet":false,"robots_nofollow":false,"robots_noimageindex":false,"robots_noodp":false,"robots_notranslate":false,"robots_max_snippet":null,"robots_max_videopreview":null,"robots_max_imagepreview":"large","priority":null,"frequency":null,"local_seo":null,"breadcrumb_settings":null,"limit_modified_date":false,"ai":null,"created":"2023-06-12 22:39:48","updated":"2025-07-11 08:56:49","seo_analyzer_scan_date":null},"aioseo_breadcrumb":"<div class=\"aioseo-breadcrumbs\"><span class=\"aioseo-breadcrumb\">\n\t\t\t<a href=\"https:\/\/newsinfoco.com.br\/inicio\" title=\"In\u00edcio\">In\u00edcio<\/a>\n\t\t<\/span><span class=\"aioseo-breadcrumb-separator\">&raquo;<\/span><span class=\"aioseo-breadcrumb\">\n\t\t\t<a href=\"https:\/\/newsinfoco.com.br\/inicio\/category\/alagoinhas-e-regiao\/\" title=\"Alagoinhas e Regi\u00e3o\">Alagoinhas e Regi\u00e3o<\/a>\n\t\t<\/span><span class=\"aioseo-breadcrumb-separator\">&raquo;<\/span><span class=\"aioseo-breadcrumb\">\n\t\t\tPublicado o gabarito da prova para os candidatos a diretor e vice de escolas municipais de Alagoinhas\n\t\t<\/span><\/div>","aioseo_breadcrumb_json":[{"label":"In\u00edcio","link":"https:\/\/newsinfoco.com.br\/inicio"},{"label":"Alagoinhas e Regi\u00e3o","link":"https:\/\/newsinfoco.com.br\/inicio\/category\/alagoinhas-e-regiao\/"},{"label":"Publicado o gabarito da prova para os candidatos a diretor e vice de escolas municipais de Alagoinhas","link":"https:\/\/newsinfoco.com.br\/inicio\/publicado-o-gabarito-da-prova-para-os-candidatos-a-diretor-e-vice-de-escolas-municipais-de-alagoinhas\/"}],"_links":{"self":[{"href":"https:\/\/newsinfoco.com.br\/inicio\/wp-json\/wp\/v2\/posts\/32647","targetHints":{"allow":["GET"]}}],"collection":[{"href":"https:\/\/newsinfoco.com.br\/inicio\/wp-json\/wp\/v2\/posts"}],"about":[{"href":"https:\/\/newsinfoco.com.br\/inicio\/wp-json\/wp\/v2\/types\/post"}],"author":[{"embeddable":true,"href":"https:\/\/newsinfoco.com.br\/inicio\/wp-json\/wp\/v2\/users\/1"}],"replies":[{"embeddable":true,"href":"https:\/\/newsinfoco.com.br\/inicio\/wp-json\/wp\/v2\/comments?post=32647"}],"version-history":[{"count":1,"href":"https:\/\/newsinfoco.com.br\/inicio\/wp-json\/wp\/v2\/posts\/32647\/revisions"}],"predecessor-version":[{"id":32649,"href":"https:\/\/newsinfoco.com.br\/inicio\/wp-json\/wp\/v2\/posts\/32647\/revisions\/32649"}],"wp:featuredmedia":[{"embeddable":true,"href":"https:\/\/newsinfoco.com.br\/inicio\/wp-json\/wp\/v2\/media\/32648"}],"wp:attachment":[{"href":"https:\/\/newsinfoco.com.br\/inicio\/wp-json\/wp\/v2\/media?parent=32647"}],"wp:term":[{"taxonomy":"category","embeddable":true,"href":"https:\/\/newsinfoco.com.br\/inicio\/wp-json\/wp\/v2\/categories?post=32647"},{"taxonomy":"post_tag","embeddable":true,"href":"https:\/\/newsinfoco.com.br\/inicio\/wp-json\/wp\/v2\/tags?post=32647"}],"curies":[{"name":"wp","href":"https:\/\/api.w.org\/{rel}","templated":true}]}}