{"id":3286,"date":"2018-05-01T11:08:50","date_gmt":"2018-05-01T14:08:50","guid":{"rendered":"http:\/\/newsinfoco.com.br\/?p=3286"},"modified":"2018-05-01T11:08:50","modified_gmt":"2018-05-01T14:08:50","slug":"dia-do-trabalhador-e-marcado-por-protesto-e-musica-na-barra","status":"publish","type":"post","link":"https:\/\/newsinfoco.com.br\/inicio\/dia-do-trabalhador-e-marcado-por-protesto-e-musica-na-barra\/","title":{"rendered":"DIA DO TRABALHADOR \u00c9 MARCADO POR PROTESTO E M\u00daSICA NA BARRA"},"content":{"rendered":"<p style=\"text-align: justify;\"><span style=\"color: #000000;\">O Dia do Trabalho, nesta ter\u00e7a-feira (1\u00ba), ser\u00e1 comemorado com mobiliza\u00e7\u00e3o das centrais sindicais e com participa\u00e7\u00e3o de artistas, no Farol da Barra, em Salvador.<\/span><\/p>\n<p style=\"text-align: justify;\"><span style=\"color: #000000;\">O evento tem in\u00edcio marcado \u00e0s 13h. Na ocasi\u00e3o, ser\u00e3o discutidas a reforma trabalhista, os direitos dos trabalhadores, a pris\u00e3o de Lula e os \u00edndices de desemprego. Outras 10 cidades baianas tamb\u00e9m receber\u00e3o atos de trabalhadores.<\/span><\/p><div class=\"newsi-conteudo_19\" id=\"newsi-1966836742\"><a href=\"https:\/\/www.instagram.com\/prefeituraalagoinhas?igsh=YzgzdDJ1bWR3aWI4\" aria-label=\"SAVE_20251006_221555\"><img loading=\"lazy\" decoding=\"async\" src=\"https:\/\/newsinfoco.com.br\/inicio\/wp-content\/uploads\/2025\/10\/SAVE_20251006_221555-rotated.jpg\" alt=\"\"  srcset=\"https:\/\/newsinfoco.com.br\/inicio\/wp-content\/uploads\/2025\/10\/SAVE_20251006_221555-rotated.jpg 1140w, https:\/\/newsinfoco.com.br\/inicio\/wp-content\/uploads\/2025\/10\/SAVE_20251006_221555-300x52.jpg 300w, https:\/\/newsinfoco.com.br\/inicio\/wp-content\/uploads\/2025\/10\/SAVE_20251006_221555-1024x177.jpg 1024w, https:\/\/newsinfoco.com.br\/inicio\/wp-content\/uploads\/2025\/10\/SAVE_20251006_221555-768x133.jpg 768w, https:\/\/newsinfoco.com.br\/inicio\/wp-content\/uploads\/2025\/10\/SAVE_20251006_221555-600x104.jpg 600w, https:\/\/newsinfoco.com.br\/inicio\/wp-content\/uploads\/2025\/10\/SAVE_20251006_221555-696x120.jpg 696w, https:\/\/newsinfoco.com.br\/inicio\/wp-content\/uploads\/2025\/10\/SAVE_20251006_221555-1068x185.jpg 1068w\" sizes=\"(max-width: 1140px) 100vw, 1140px\" width=\"1140\" height=\"197\"   \/><\/a><\/div>\n<p style=\"text-align: justify;\"><span style=\"color: #000000;\">A partir das 16h, pelo menos 18 m\u00fasicos participar\u00e3o da programa\u00e7\u00e3o, organizada pela Central \u00danica dos Trabalhadores (CUT).. Entre eles, M\u00e1rcia Castro, Bando de Teatro Olodum, Lazzo Matumbi, Chico Gomes e Ivan Huol.<\/span><\/p>\n<p style=\"text-align: justify;\"><span style=\"color: #000000;\">Em nota, o presidente da organiza\u00e7\u00e3o, Cedro Silva, afirmou que o momento pol\u00edtico deixar\u00e1 a classe trabalhadora \u201cfortalecida\u201d. \u201cVamos lutar de forma forte para que essas tentativas contra a classe trabalhadoras s\u00f3 nos deem energia para lutar ainda mais e conquistar a amplia\u00e7\u00e3o de direitos para todos\u201d, destaca.<\/span><\/p>\n<p>&nbsp;<\/p>\n<h6 style=\"text-align: right;\">Fonte:Bahiaeconomica<\/h6>\n<div class='share-to-whatsapp-wrapper'><div class='share-on-whsp'>Share on: <\/div><a data-text='DIA DO TRABALHADOR \u00c9 MARCADO POR PROTESTO E M\u00daSICA NA BARRA' data-link='https:\/\/newsinfoco.com.br\/inicio\/dia-do-trabalhador-e-marcado-por-protesto-e-musica-na-barra\/' class='whatsapp-button whatsapp-share'>WhatsApp<\/a><div class='clear '><\/div><\/div>","protected":false},"excerpt":{"rendered":"<p>O Dia do Trabalho, nesta ter\u00e7a-feira (1\u00ba), ser\u00e1 comemorado com mobiliza\u00e7\u00e3o das centrais sindicais e com participa\u00e7\u00e3o de artistas, no Farol da Barra, em Salvador. O evento tem in\u00edcio marcado \u00e0s 13h. Na ocasi\u00e3o, ser\u00e3o discutidas a reforma trabalhista, os direitos dos trabalhadores, a pris\u00e3o de Lula e os \u00edndices de desemprego. Outras 10 cidades [&hellip;]<\/p>\n","protected":false},"author":1,"featured_media":3287,"comment_status":"open","ping_status":"open","sticky":false,"template":"","format":"standard","meta":{"om_disable_all_campaigns":false,"_exactmetrics_skip_tracking":false,"_exactmetrics_sitenote_active":false,"_exactmetrics_sitenote_note":"","_exactmetrics_sitenote_category":0,"footnotes":""},"categories":[19],"tags":[],"class_list":["post-3286","post","type-post","status-publish","format-standard","has-post-thumbnail","hentry","category-bahia"],"aioseo_notices":[],"_links":{"self":[{"href":"https:\/\/newsinfoco.com.br\/inicio\/wp-json\/wp\/v2\/posts\/3286","targetHints":{"allow":["GET"]}}],"collection":[{"href":"https:\/\/newsinfoco.com.br\/inicio\/wp-json\/wp\/v2\/posts"}],"about":[{"href":"https:\/\/newsinfoco.com.br\/inicio\/wp-json\/wp\/v2\/types\/post"}],"author":[{"embeddable":true,"href":"https:\/\/newsinfoco.com.br\/inicio\/wp-json\/wp\/v2\/users\/1"}],"replies":[{"embeddable":true,"href":"https:\/\/newsinfoco.com.br\/inicio\/wp-json\/wp\/v2\/comments?post=3286"}],"version-history":[{"count":0,"href":"https:\/\/newsinfoco.com.br\/inicio\/wp-json\/wp\/v2\/posts\/3286\/revisions"}],"wp:featuredmedia":[{"embeddable":true,"href":"https:\/\/newsinfoco.com.br\/inicio\/wp-json\/wp\/v2\/media\/3287"}],"wp:attachment":[{"href":"https:\/\/newsinfoco.com.br\/inicio\/wp-json\/wp\/v2\/media?parent=3286"}],"wp:term":[{"taxonomy":"category","embeddable":true,"href":"https:\/\/newsinfoco.com.br\/inicio\/wp-json\/wp\/v2\/categories?post=3286"},{"taxonomy":"post_tag","embeddable":true,"href":"https:\/\/newsinfoco.com.br\/inicio\/wp-json\/wp\/v2\/tags?post=3286"}],"curies":[{"name":"wp","href":"https:\/\/api.w.org\/{rel}","templated":true}]}}