{"id":3289,"date":"2018-05-01T11:17:35","date_gmt":"2018-05-01T14:17:35","guid":{"rendered":"http:\/\/newsinfoco.com.br\/?p=3289"},"modified":"2018-05-01T11:17:35","modified_gmt":"2018-05-01T14:17:35","slug":"ufba-participa-da-pesquisa-de-perfil-dos-estudantes-das-universidades-federais","status":"publish","type":"post","link":"https:\/\/newsinfoco.com.br\/inicio\/ufba-participa-da-pesquisa-de-perfil-dos-estudantes-das-universidades-federais\/","title":{"rendered":"UFBA participa da pesquisa de perfil dos estudantes das universidades federais"},"content":{"rendered":"<p style=\"text-align: justify;\"><span style=\"color: #000000;\">A Universidade Federal da Bahia d\u00e1 in\u00edcio, neste m\u00eas de abril, \u00e0 sua participa\u00e7\u00e3o em um importante projeto nacional que tem como objetivo aumentar a compreens\u00e3o de como vivem os estudantes e suas fam\u00edlias. A V Pesquisa do Perfil Socioecon\u00f4mico dos Estudantes das Universidades Federais, promovida pela Associa\u00e7\u00e3o Nacional dos Dirigentes das Institui\u00e7\u00f5es Federais de Ensino Superior (Andifes), junto com o F\u00f3rum Nacional de Pr\u00f3-Reitores de Assist\u00eancia Estudantil (Fonaprace), fornecer\u00e1 subs\u00eddios para pol\u00edticas p\u00fablicas de assist\u00eancia estudantil.<\/span><\/p>\n<p style=\"text-align: justify;\"><span style=\"color: #000000;\">O coordenador do Fonaprace, professor Jo\u00e3o de Deus Mendes ressalta que \u201ca V pesquisa \u00e9 resultado do aperfei\u00e7oamento das anteriores e servir\u00e1 de base para redefini\u00e7\u00e3o de pol\u00edticas de assist\u00eancia estudantis nas IFES e, sobretudo, como base de dados relevante para pesquisas, bem como instrumentaliza\u00e7\u00e3o na defesa da universidade p\u00fablica, gratuita, de qualidade e que preconize a assist\u00eancia estudantil como pol\u00edtica de garantia da perman\u00eancia e \u00eaxito desses discentes. \u201d<\/span><\/p><div class=\"newsi-conteudo_19\" id=\"newsi-3058042324\"><a href=\"https:\/\/www.instagram.com\/prefeituraalagoinhas?igsh=YzgzdDJ1bWR3aWI4\" aria-label=\"SAVE_20251006_221555\"><img loading=\"lazy\" decoding=\"async\" src=\"https:\/\/newsinfoco.com.br\/inicio\/wp-content\/uploads\/2025\/10\/SAVE_20251006_221555-rotated.jpg\" alt=\"\"  srcset=\"https:\/\/newsinfoco.com.br\/inicio\/wp-content\/uploads\/2025\/10\/SAVE_20251006_221555-rotated.jpg 1140w, https:\/\/newsinfoco.com.br\/inicio\/wp-content\/uploads\/2025\/10\/SAVE_20251006_221555-300x52.jpg 300w, https:\/\/newsinfoco.com.br\/inicio\/wp-content\/uploads\/2025\/10\/SAVE_20251006_221555-1024x177.jpg 1024w, https:\/\/newsinfoco.com.br\/inicio\/wp-content\/uploads\/2025\/10\/SAVE_20251006_221555-768x133.jpg 768w, https:\/\/newsinfoco.com.br\/inicio\/wp-content\/uploads\/2025\/10\/SAVE_20251006_221555-600x104.jpg 600w, https:\/\/newsinfoco.com.br\/inicio\/wp-content\/uploads\/2025\/10\/SAVE_20251006_221555-696x120.jpg 696w, https:\/\/newsinfoco.com.br\/inicio\/wp-content\/uploads\/2025\/10\/SAVE_20251006_221555-1068x185.jpg 1068w\" sizes=\"(max-width: 1140px) 100vw, 1140px\" width=\"1140\" height=\"197\"   \/><\/a><\/div>\n<p style=\"text-align: justify;\"><span style=\"color: #000000;\">Na UFBA, a pesquisa ir\u00e1 de 02 de abril a 30 de junho e, ressalta a pr\u00f3-reitora de a\u00e7\u00f5es afirmativas e assist\u00eancia estudantil C\u00e1ssia Maciel, o estudo \u201c\u00e9 fundamental para conhecermos melhor as demandas por Assist\u00eancia Estudantil e planejar nossas a\u00e7\u00f5es de Perman\u00eancia na UFBA\u201d. \u201cContamos com sua participa\u00e7\u00e3o. Fiquem atentos aos meios de comunica\u00e7\u00e3o da UFBA e aos totens de preenchimento da pesquisa dispon\u00edveis nos campi\u201d, enfatizou ela, dirigindo-se aos estudantes.<\/span><\/p>\n<p style=\"text-align: justify;\"><span style=\"color: #000000;\">Dever\u00e3o participar todos os alunos de gradua\u00e7\u00e3o da UFBA (Salvador e V Conquista). O acesso ao question\u00e1rio se d\u00e1 atrav\u00e9s do link\u00a0<a style=\"color: #000000;\" href=\"http:\/\/www.perfil.ufu.br\/\">www.perfil.ufu.br<\/a>, e o participante dever\u00e1 informar o CPF e n\u00famero de matr\u00edcula. O tempo previsto para o preenchimento do question\u00e1rio \u00e9 de 05 a 08 minutos. A Proae, que est\u00e1 coordenando a participa\u00e7\u00e3o da UFBA, colocar\u00e1 monitores nos campi, que poder\u00e3o tirar d\u00favidas e orientar sobre o preenchimento do question\u00e1rio. Computadores ser\u00e3o disponibilizados na sede da pr\u00f3-reitoria, na Federa\u00e7\u00e3o, e no posto do campus de Ondina, pr\u00f3ximo ao PAF 5.<\/span><\/p>\n<p style=\"text-align: justify;\"><span style=\"color: #000000;\">Esta quinta edi\u00e7\u00e3o da Pesquisa do Perfil Socioecon\u00f4mico dos Estudantes das Universidades Federais, diferentemente das anteriores onde apenas uma amostra respondia ao question\u00e1rio, ser\u00e3o entrevistados todos os estudantes que ingressarem nas institui\u00e7\u00f5es federais de ensino superior do pa\u00eds. De acordo com a coordenadora nacional da pesquisa, professora Patr\u00edcia Vieira Tr\u00f3pia, a consulta contribui para a melhoria da universidade, assim como para a defesa do seu \u201ccar\u00e1ter p\u00fablico, gratuito, de qualidade e inclusivo\u201d.<\/span><\/p>\n<p style=\"text-align: justify;\"><span style=\"color: #000000;\">Os dados s\u00e3o fundamentais por gerarem subs\u00eddios para pol\u00edticas p\u00fablicas e diagn\u00f3stico de como est\u00e1 constitu\u00eddo o corpo discente das universidades, com a finalidade de auxiliar nas demandas de assist\u00eancia estudantil. Os indicadores gerados pela pesquisa tamb\u00e9m auxiliam no aumento da efici\u00eancia da gest\u00e3o dos recursos p\u00fablicos destinados \u00e0s universidades federais.<\/span><\/p>\n<p style=\"text-align: justify;\"><span style=\"color: #000000;\">Estudos anteriores, tamb\u00e9m realizados pela Andifes, mostram a evolu\u00e7\u00e3o do perfil dos graduandos, considerando os processos seletivos massivos, como o ENEM, a cria\u00e7\u00e3o de mais de 300 campi no interior do Pa\u00eds e a Lei de Cotas, criada em 2013, e que garantiu o ingresso de 32% dos estudantes que comp\u00f5em o corpo discente das 63 universidades federais brasileiras. O n\u00famero de alunos negros quase triplicou de 2003 a 2014. Juntos, negros e pardos j\u00e1 representavam, h\u00e1 tr\u00eas anos, 47,5% do total de estudantes das universidades federais do Brasil.<\/span><\/p>\n<p style=\"text-align: justify;\"><span style=\"color: #000000;\">Os outros levantamentos feitos pela associa\u00e7\u00e3o mostram, ainda, que dois ter\u00e7os dos universit\u00e1rios t\u00eam origem em fam\u00edlias com renda m\u00e9dia de 1,5 sal\u00e1rio m\u00ednimo. Os dados desmistificam a ideia de que os alunos de universidades p\u00fablicas pertencem \u00e0s camadas sociais com rendas altas.<\/span><\/p>\n<p>&nbsp;<\/p>\n<h6 style=\"text-align: right;\"><span style=\"color: #999999;\">Fonte:Ufba<\/span><\/h6>\n<div class='share-to-whatsapp-wrapper'><div class='share-on-whsp'>Share on: <\/div><a data-text='UFBA participa da pesquisa de perfil dos estudantes das universidades federais' data-link='https:\/\/newsinfoco.com.br\/inicio\/ufba-participa-da-pesquisa-de-perfil-dos-estudantes-das-universidades-federais\/' class='whatsapp-button whatsapp-share'>WhatsApp<\/a><div class='clear '><\/div><\/div>","protected":false},"excerpt":{"rendered":"<p>A Universidade Federal da Bahia d\u00e1 in\u00edcio, neste m\u00eas de abril, \u00e0 sua participa\u00e7\u00e3o em um importante projeto nacional que tem como objetivo aumentar a compreens\u00e3o de como vivem os estudantes e suas fam\u00edlias. A V Pesquisa do Perfil Socioecon\u00f4mico dos Estudantes das Universidades Federais, promovida pela Associa\u00e7\u00e3o Nacional dos Dirigentes das Institui\u00e7\u00f5es Federais de [&hellip;]<\/p>\n","protected":false},"author":1,"featured_media":3290,"comment_status":"open","ping_status":"open","sticky":false,"template":"","format":"standard","meta":{"om_disable_all_campaigns":false,"_exactmetrics_skip_tracking":false,"_exactmetrics_sitenote_active":false,"_exactmetrics_sitenote_note":"","_exactmetrics_sitenote_category":0,"footnotes":""},"categories":[32],"tags":[],"class_list":["post-3289","post","type-post","status-publish","format-standard","has-post-thumbnail","hentry","category-educacao"],"aioseo_notices":[],"_links":{"self":[{"href":"https:\/\/newsinfoco.com.br\/inicio\/wp-json\/wp\/v2\/posts\/3289","targetHints":{"allow":["GET"]}}],"collection":[{"href":"https:\/\/newsinfoco.com.br\/inicio\/wp-json\/wp\/v2\/posts"}],"about":[{"href":"https:\/\/newsinfoco.com.br\/inicio\/wp-json\/wp\/v2\/types\/post"}],"author":[{"embeddable":true,"href":"https:\/\/newsinfoco.com.br\/inicio\/wp-json\/wp\/v2\/users\/1"}],"replies":[{"embeddable":true,"href":"https:\/\/newsinfoco.com.br\/inicio\/wp-json\/wp\/v2\/comments?post=3289"}],"version-history":[{"count":0,"href":"https:\/\/newsinfoco.com.br\/inicio\/wp-json\/wp\/v2\/posts\/3289\/revisions"}],"wp:featuredmedia":[{"embeddable":true,"href":"https:\/\/newsinfoco.com.br\/inicio\/wp-json\/wp\/v2\/media\/3290"}],"wp:attachment":[{"href":"https:\/\/newsinfoco.com.br\/inicio\/wp-json\/wp\/v2\/media?parent=3289"}],"wp:term":[{"taxonomy":"category","embeddable":true,"href":"https:\/\/newsinfoco.com.br\/inicio\/wp-json\/wp\/v2\/categories?post=3289"},{"taxonomy":"post_tag","embeddable":true,"href":"https:\/\/newsinfoco.com.br\/inicio\/wp-json\/wp\/v2\/tags?post=3289"}],"curies":[{"name":"wp","href":"https:\/\/api.w.org\/{rel}","templated":true}]}}