{"id":3292,"date":"2018-05-01T11:27:12","date_gmt":"2018-05-01T14:27:12","guid":{"rendered":"http:\/\/newsinfoco.com.br\/?p=3292"},"modified":"2018-05-01T11:27:12","modified_gmt":"2018-05-01T14:27:12","slug":"esplanada-vereador-chama-a-atencao-para-a-situacao-de-abandono-que-se-encontra-a-comunidade-do-mulungu","status":"publish","type":"post","link":"https:\/\/newsinfoco.com.br\/inicio\/esplanada-vereador-chama-a-atencao-para-a-situacao-de-abandono-que-se-encontra-a-comunidade-do-mulungu\/","title":{"rendered":"ESPLANADA: Vereador chama a aten\u00e7\u00e3o para a situa\u00e7\u00e3o de abandono que se encontra a Comunidade do Mulungu"},"content":{"rendered":"<h5 style=\"text-align: justify;\"><span style=\"color: #000000;\">15 meses de gest\u00e3o e a popularidade do Prefeito Franco de Aldemir (PRB) no que se refere \u00e0 administra\u00e7\u00e3o p\u00fablica n\u00e3o \u00e9 das melhores. A gest\u00e3o ainda n\u00e3o colocou o trem nos trilhos e vem ao longo dos meses com uma atua\u00e7\u00e3o bem abaixo da expectativa da popula\u00e7\u00e3o da Sede, Assentamentos, Regi\u00e3o da Praia e do S\u00e3o Jos\u00e9.<\/span><\/h5>\n<h5 style=\"text-align: justify;\"><span style=\"color: #000000;\">O vereador Marcos do Mulungu (Podemos) e representante da comunidade do Mulungu, faz duras cr\u00edticas a falta de aten\u00e7\u00e3o do governo a essa importante comunidade.<\/span><\/h5>\n<h5 style=\"text-align: justify;\"><span style=\"color: #000000;\">\u201cIlumina\u00e7\u00e3o p\u00fablica, conseguimos a extens\u00e3o de rede el\u00e9trica rural atrav\u00e9s do Programa Luz para Todos, para 07 ruas da comunidade, e essa obra foi iniciada em 2016\/17 e at\u00e9 hoje a prefeitura n\u00e3o veio instalar os bra\u00e7os e l\u00e2mpadas, ou seja, as ruas continuam no escuro. A precariedade do transporte escolar, que por diversas vezes deixou de levar os alunos, alegando falta de pagamento. O transporte escolar que era feito todo o trajeto para levar os alunos para a escola da comunidade no per\u00edodo da manh\u00e3, n\u00e3o funcionou em 2017 e ainda n\u00e3o vem funcionando em 2018. Estamos falando de alunos entre 4 a 10 anos de idade e tem aluno com necessidade especial (cadeirante). Existe um alto \u00edndice de reprova\u00e7\u00e3o escolar, devido \u00e0 falta de transporte regular e merenda. \u00a0Iniciou \u00e0s aulas com a escola cheia de mato e n\u00e3o tem m\u00e9dico no posto de sa\u00fade. A ambul\u00e2ncia da comunidade foi retirada. Al\u00e9m da dificuldade das pessoas em marcar consultas com especialistas, pois n\u00e3o tem nenhum atendendo pela prefeitura a exemplo de obstetra, cardiologista entre outros e falta medicamentos na farm\u00e1cia b\u00e1sica\u201d Afirmou Marcos do Mulungu.<\/span><\/h5>\n<h5 style=\"text-align: justify;\"><span style=\"color: #000000;\">O vereador ainda disse que ficou massa asf\u00e1ltica para a prefeitura fazer os quebra-molas e eles n\u00e3o fizeram.<\/span><\/h5>\n<h5 style=\"text-align: justify;\"><span style=\"color: #000000;\">Se na sede a popula\u00e7\u00e3o j\u00e1 sente o impacto da falta dos servi\u00e7os b\u00e1sicos como eram ofertados no Centro de Especialidades e nos PSFs, imagine quem mora nessas regi\u00f5es e que precisam de atendimento m\u00e9dico adequado, transporte e merenda escolar.<\/span><\/h5>\n<h5 style=\"text-align: justify;\"><span style=\"color: #000000;\">Marcos do Mulungu est\u00e1 no seu segundo mandato de vereador e reside na comunidade do Mulungu.<\/span><\/h5>\n<p>&nbsp;<\/p>\n<h6 style=\"text-align: right;\">Fonte:Esplanadagora<\/h6>\n<div class='share-to-whatsapp-wrapper'><div class='share-on-whsp'>Share on: <\/div><a data-text='ESPLANADA: Vereador chama a aten\u00e7\u00e3o para a situa\u00e7\u00e3o de abandono que se encontra a Comunidade do Mulungu' data-link='https:\/\/newsinfoco.com.br\/inicio\/esplanada-vereador-chama-a-atencao-para-a-situacao-de-abandono-que-se-encontra-a-comunidade-do-mulungu\/' class='whatsapp-button whatsapp-share'>WhatsApp<\/a><div class='clear '><\/div><\/div>","protected":false},"excerpt":{"rendered":"<p>15 meses de gest\u00e3o e a popularidade do Prefeito Franco de Aldemir (PRB) no que se refere \u00e0 administra\u00e7\u00e3o p\u00fablica n\u00e3o \u00e9 das melhores. A gest\u00e3o ainda n\u00e3o colocou o trem nos trilhos e vem ao longo dos meses com uma atua\u00e7\u00e3o bem abaixo da expectativa da popula\u00e7\u00e3o da Sede, Assentamentos, Regi\u00e3o da Praia e [&hellip;]<\/p>\n","protected":false},"author":1,"featured_media":3293,"comment_status":"open","ping_status":"open","sticky":false,"template":"","format":"standard","meta":{"om_disable_all_campaigns":false,"_exactmetrics_skip_tracking":false,"_exactmetrics_sitenote_active":false,"_exactmetrics_sitenote_note":"","_exactmetrics_sitenote_category":0,"footnotes":""},"categories":[38],"tags":[],"class_list":["post-3292","post","type-post","status-publish","format-standard","has-post-thumbnail","hentry","category-alagoinhas-e-regiao"],"aioseo_notices":[],"_links":{"self":[{"href":"https:\/\/newsinfoco.com.br\/inicio\/wp-json\/wp\/v2\/posts\/3292","targetHints":{"allow":["GET"]}}],"collection":[{"href":"https:\/\/newsinfoco.com.br\/inicio\/wp-json\/wp\/v2\/posts"}],"about":[{"href":"https:\/\/newsinfoco.com.br\/inicio\/wp-json\/wp\/v2\/types\/post"}],"author":[{"embeddable":true,"href":"https:\/\/newsinfoco.com.br\/inicio\/wp-json\/wp\/v2\/users\/1"}],"replies":[{"embeddable":true,"href":"https:\/\/newsinfoco.com.br\/inicio\/wp-json\/wp\/v2\/comments?post=3292"}],"version-history":[{"count":0,"href":"https:\/\/newsinfoco.com.br\/inicio\/wp-json\/wp\/v2\/posts\/3292\/revisions"}],"wp:featuredmedia":[{"embeddable":true,"href":"https:\/\/newsinfoco.com.br\/inicio\/wp-json\/wp\/v2\/media\/3293"}],"wp:attachment":[{"href":"https:\/\/newsinfoco.com.br\/inicio\/wp-json\/wp\/v2\/media?parent=3292"}],"wp:term":[{"taxonomy":"category","embeddable":true,"href":"https:\/\/newsinfoco.com.br\/inicio\/wp-json\/wp\/v2\/categories?post=3292"},{"taxonomy":"post_tag","embeddable":true,"href":"https:\/\/newsinfoco.com.br\/inicio\/wp-json\/wp\/v2\/tags?post=3292"}],"curies":[{"name":"wp","href":"https:\/\/api.w.org\/{rel}","templated":true}]}}